{"id":65937,"date":"2020-05-24T11:43:10","date_gmt":"2020-05-24T14:43:10","guid":{"rendered":"https:\/\/www.suno.com.br\/noticias\/?p=65937"},"modified":"2020-05-24T11:45:15","modified_gmt":"2020-05-24T14:45:15","slug":"argentina-retoma-negociacoes-credores","status":"publish","type":"post","link":"https:\/\/www.suno.com.br\/noticias\/argentina-retoma-negociacoes-credores\/","title":{"rendered":"Argentina retoma renegocia\u00e7\u00f5es com credores ap\u00f3s 9\u00ba default"},"content":{"rendered":"<p>Um grande grupo credor da <strong>Argentina<\/strong> comunicou no \u00faltimo s\u00e1bado (23) que estava comprometido com sua proposta de <a href=\"https:\/\/www.suno.com.br\/artigos\/reestruturacao-de-divida\/\">reestrutura\u00e7\u00e3o da d\u00edvida<\/a> de US$ 65 bilh\u00f5es (cerca de R$ 359,45 bilh\u00f5es) e que foi convidado a assinar um acordo de confidencialidade pelo governo do pa\u00eds.<\/p>\t<div class=\"wrapper-featured-image\">\n\t\t<figure class=\"spotlightImg\">\n\n\t\t\t<picture>\n\t\t\t\t<source media=\"(max-width: 768px)\" srcset=\"https:\/\/files.sunoresearch.com.br\/n\/uploads\/2020\/02\/30354747-argentina-400x200.webp\">\n\t\t\t\t<img loading=\"lazy\" decoding=\"async\" class=\"newsContent__article__imgCapa lazyloadDisabled newsContent__article__imgCapa--noCaption\" src=\"https:\/\/files.sunoresearch.com.br\/n\/uploads\/2020\/02\/30354747-argentina-jpg.webp\" width=\"800\" height=\"450\" alt=\"Argentina retoma renegocia\u00e7\u00f5es com credores ap\u00f3s 9\u00ba default\" fetchpriority=high \/>\n\t\t\t<\/picture>\n\n\t\t\t<figcaption class=\"wp-caption-text wp-caption-text--hide\">Guzm\u00e1n diz que Argentina buscar\u00e1 novo plano com o FMI<\/figcaption>\n\t\t<\/figure>\n\t<\/div>\n\n\n\n<p>O <strong>Exchange Bondholder Group<\/strong> informou, por meio de comunicado, que sua contraproposta apresentada no dia 15 de maio garante \u201cum al\u00edvio significativo da d\u00edvida para a Argentina e, sem d\u00favida, fornece uma estrutura de d\u00edvida sustent\u00e1vel para a Argentina em rela\u00e7\u00e3o aos t\u00edtulos&#8221;. O grupo representa 18 institui\u00e7\u00f5es de investimento e corresponde a 15% dos Exchange Bonds do pa\u00eds vizinho.<\/p>\n<p><a href=\"https:\/\/lp.suno.com.br\/suno-one\/\">Veja tamb\u00e9m: Garanta acesso ao Suno One, a central de informa\u00e7\u00f5es para quem quer aprender a investir. Acesse gratuitamente clicando aqui<\/a><\/p>\n<p>As autoridades argentinas est\u00e3o avaliando contrapropostas de suas principais credores, ap\u00f3s sua oferta de reestrutura\u00e7\u00e3o d\u00edvida externa ser amplamente rejeitada.<\/p>\n<p>O pa\u00eds marcou seu nono <a href=\"https:\/\/www.suno.com.br\/artigos\/moratoria\/\">default soberano<\/a> na \u00faltima sexta-feira (22), depois de descumprir o prazo para o pagamento de US$ 500 milh\u00f5es em juros de d\u00edvida j\u00e1 atrasados.<\/p>\n<h2>Negocia\u00e7\u00f5es entre Argentina e credores continuam<\/h2>\n<p>O ministro da Economia argentino Mart\u00edn Guzm\u00e1n, declarou no dia 15 de maio que o pa\u00eds tenciona obter um acordo reestrutura\u00e7\u00e3o da d\u00edvida que seja capaz de pagar e que as negocia\u00e7\u00f5es com credores continuam. Nesse sentido, uma fonte familiarizada com o assunto afirmou \u00e0 ag\u00eancia &#8220;Reuters&#8221; na \u00faltima sexta-feira que as negocia\u00e7\u00f5es poderiam chegar a um avan\u00e7o \u201cem quest\u00e3o de dias\u201d.<\/p>\n<p>O Exchange Bondholder Group tamb\u00e9m informou que seus representantes e outros grupos de credores foram abordados pela Argetina sobre o acordo de confidencialidade \u201cpara contemplar negocia\u00e7\u00f5es com o Minist\u00e9rio da Economia\u201d. Al\u00e9m disso, pelo menos um outro grupo de credores assinou o acordo de confidencialidade, conforme afirmou uma fonte \u00e0 ag\u00eancia.<\/p>\n<p><a href=\"https:\/\/www.suno.com.br\/noticias\/argentina-da-calote-de-us-500-milhoes-em-juros-da-divida\/\">Saiba mais: Argentina d\u00e1 calote de US$ 500 milh\u00f5es em juros da d\u00edvida<\/a><\/p>\n<p>O ministro da Economia declarou que as negocia\u00e7\u00f5es est\u00e3o em um caminho positivo, n\u00e3o obstante a &#8220;dist\u00e2ncia importante&#8221; que ainda existe para chegar a um acordo entre o governo da <strong>Argentina<\/strong> e os credores.<\/p>\n\n","protected":false},"excerpt":{"rendered":"<p>Um grande grupo credor da Argentina comunicou no \u00faltimo s\u00e1bado (23) que estava comprometido com sua proposta de reestrutura\u00e7\u00e3o da d\u00edvida de US$ 65 bilh\u00f5es (cerca de R$ 359,45 bilh\u00f5es) e que foi convidado a assinar um acordo de confidencialidade pelo governo do pa\u00eds. Guzm\u00e1n diz que Argentina buscar\u00e1 novo plano com o FMI O [&hellip;]<\/p>\n","protected":false},"author":35,"featured_media":54203,"comment_status":"closed","ping_status":"closed","sticky":false,"template":"","format":"standard","meta":[],"categories":[63],"tags":[699],"suno_strategy":[],"class_list":["post-65937","post","type-post","status-publish","format-standard","has-post-thumbnail","hentry","category-internacional","tag-argentina"],"yoast_head":"<!-- This site is optimized with the Yoast SEO plugin v24.4 - https:\/\/yoast.com\/wordpress\/plugins\/seo\/ -->\n<title>Argentina retoma renegocia\u00e7\u00f5es com credores ap\u00f3s 9\u00ba default<\/title>\n<meta name=\"description\" content=\"Grande grupo credor da Argentina afirmou estar comprometido com sua oferta e que foi convidado a assinar um acordo. Clique para saber mais\" \/>\n<meta name=\"robots\" content=\"index, follow, max-snippet:-1, max-image-preview:large, max-video-preview:-1\" \/>\n<link rel=\"canonical\" href=\"https:\/\/www.suno.com.br\/noticias\/argentina-retoma-negociacoes-credores\/\" \/>\n<meta property=\"og:locale\" content=\"pt_BR\" \/>\n<meta property=\"og:type\" content=\"article\" \/>\n<meta property=\"og:title\" content=\"Argentina retoma renegocia\u00e7\u00f5es com credores ap\u00f3s 9\u00ba default\" \/>\n<meta property=\"og:description\" content=\"Grande grupo credor da Argentina afirmou estar comprometido com sua oferta e que foi convidado a assinar um acordo. Clique para saber mais\" \/>\n<meta property=\"og:url\" content=\"https:\/\/www.suno.com.br\/noticias\/argentina-retoma-negociacoes-credores\/\" \/>\n<meta property=\"og:site_name\" content=\"Suno Not\u00edcias\" \/>\n<meta property=\"article:publisher\" content=\"https:\/\/facebook.com\/sunoresearch\" \/>\n<meta property=\"og:image\" content=\"https:\/\/files.sunoresearch.com.br\/n\/uploads\/2020\/02\/30354747-argentina.jpg\" \/>\n\t<meta property=\"og:image:width\" content=\"499\" \/>\n\t<meta property=\"og:image:height\" content=\"333\" \/>\n\t<meta property=\"og:image:type\" content=\"image\/jpeg\" \/>\n<meta name=\"author\" content=\"Arthur Guimar\u00e3es\" \/>\n<meta name=\"twitter:card\" content=\"summary_large_image\" \/>\n<meta name=\"twitter:creator\" content=\"@sunoresearch\" \/>\n<meta name=\"twitter:site\" content=\"@sunoresearch\" \/>\n<meta name=\"twitter:label1\" content=\"Escrito por\" \/>\n\t<meta name=\"twitter:data1\" content=\"Arthur Guimar\u00e3es\" \/>\n\t<meta name=\"twitter:label2\" content=\"Est. tempo de leitura\" \/>\n\t<meta name=\"twitter:data2\" content=\"2 minutos\" \/>\n<script type=\"application\/ld+json\" class=\"yoast-schema-graph\">{\"@context\":\"https:\/\/schema.org\",\"@graph\":[{\"@type\":\"NewsArticle\",\"@id\":\"https:\/\/www.suno.com.br\/noticias\/argentina-retoma-negociacoes-credores\/#article\",\"isPartOf\":{\"@id\":\"https:\/\/www.suno.com.br\/noticias\/argentina-retoma-negociacoes-credores\/\"},\"author\":{\"name\":\"Arthur Guimar\u00e3es\",\"@id\":\"https:\/\/www.suno.com.br\/noticias\/#\/schema\/person\/053a750a709a263919a20f976caae91c\"},\"headline\":\"Argentina retoma renegocia\u00e7\u00f5es com credores ap\u00f3s 9\u00ba default\",\"datePublished\":\"2020-05-24T14:43:10+00:00\",\"dateModified\":\"2020-05-24T14:45:15+00:00\",\"mainEntityOfPage\":{\"@id\":\"https:\/\/www.suno.com.br\/noticias\/argentina-retoma-negociacoes-credores\/\"},\"wordCount\":391,\"publisher\":{\"@id\":\"https:\/\/www.suno.com.br\/noticias\/#organization\"},\"image\":{\"@id\":\"https:\/\/www.suno.com.br\/noticias\/argentina-retoma-negociacoes-credores\/#primaryimage\"},\"thumbnailUrl\":\"https:\/\/files.sunoresearch.com.br\/n\/uploads\/2020\/02\/30354747-argentina-jpg.webp\",\"keywords\":[\"Argentina\"],\"articleSection\":[\"Internacional\"],\"inLanguage\":\"pt-BR\"},{\"@type\":\"WebPage\",\"@id\":\"https:\/\/www.suno.com.br\/noticias\/argentina-retoma-negociacoes-credores\/\",\"url\":\"https:\/\/www.suno.com.br\/noticias\/argentina-retoma-negociacoes-credores\/\",\"name\":\"Argentina retoma renegocia\u00e7\u00f5es com credores ap\u00f3s 9\u00ba default\",\"isPartOf\":{\"@id\":\"https:\/\/www.suno.com.br\/noticias\/#website\"},\"primaryImageOfPage\":{\"@id\":\"https:\/\/www.suno.com.br\/noticias\/argentina-retoma-negociacoes-credores\/#primaryimage\"},\"image\":{\"@id\":\"https:\/\/www.suno.com.br\/noticias\/argentina-retoma-negociacoes-credores\/#primaryimage\"},\"thumbnailUrl\":\"https:\/\/files.sunoresearch.com.br\/n\/uploads\/2020\/02\/30354747-argentina-jpg.webp\",\"datePublished\":\"2020-05-24T14:43:10+00:00\",\"dateModified\":\"2020-05-24T14:45:15+00:00\",\"description\":\"Grande grupo credor da Argentina afirmou estar comprometido com sua oferta e que foi convidado a assinar um acordo. Clique para saber mais\",\"breadcrumb\":{\"@id\":\"https:\/\/www.suno.com.br\/noticias\/argentina-retoma-negociacoes-credores\/#breadcrumb\"},\"inLanguage\":\"pt-BR\",\"potentialAction\":[{\"@type\":\"ReadAction\",\"target\":[\"https:\/\/www.suno.com.br\/noticias\/argentina-retoma-negociacoes-credores\/\"]}]},{\"@type\":\"ImageObject\",\"inLanguage\":\"pt-BR\",\"@id\":\"https:\/\/www.suno.com.br\/noticias\/argentina-retoma-negociacoes-credores\/#primaryimage\",\"url\":\"https:\/\/files.sunoresearch.com.br\/n\/uploads\/2020\/02\/30354747-argentina-jpg.webp\",\"contentUrl\":\"https:\/\/files.sunoresearch.com.br\/n\/uploads\/2020\/02\/30354747-argentina-jpg.webp\",\"width\":499,\"height\":333,\"caption\":\"Guzm\u00e1n diz que Argentina buscar\u00e1 novo plano com o FMI\"},{\"@type\":\"BreadcrumbList\",\"@id\":\"https:\/\/www.suno.com.br\/noticias\/argentina-retoma-negociacoes-credores\/#breadcrumb\",\"itemListElement\":[{\"@type\":\"ListItem\",\"position\":1,\"name\":\"Not\u00edcias\",\"item\":\"https:\/\/www.suno.com.br\/noticias\/\"},{\"@type\":\"ListItem\",\"position\":2,\"name\":\"Internacional\",\"item\":\"https:\/\/www.suno.com.br\/noticias\/internacional\/\"},{\"@type\":\"ListItem\",\"position\":3,\"name\":\"Argentina retoma renegocia\u00e7\u00f5es com credores ap\u00f3s 9\u00ba default\"}]},{\"@type\":\"WebSite\",\"@id\":\"https:\/\/www.suno.com.br\/noticias\/#website\",\"url\":\"https:\/\/www.suno.com.br\/noticias\/\",\"name\":\"Suno Not\u00edcias\",\"description\":\"Seu portal de informa\u00e7\u00e3o sobre o mundo dos investimentos\",\"publisher\":{\"@id\":\"https:\/\/www.suno.com.br\/noticias\/#organization\"},\"potentialAction\":[{\"@type\":\"SearchAction\",\"target\":{\"@type\":\"EntryPoint\",\"urlTemplate\":\"https:\/\/www.suno.com.br\/noticias\/?s={search_term_string}\"},\"query-input\":{\"@type\":\"PropertyValueSpecification\",\"valueRequired\":true,\"valueName\":\"search_term_string\"}}],\"inLanguage\":\"pt-BR\"},{\"@type\":\"Organization\",\"@id\":\"https:\/\/www.suno.com.br\/noticias\/#organization\",\"name\":\"Suno Not\u00edcias\",\"url\":\"https:\/\/www.suno.com.br\/noticias\/\",\"logo\":{\"@type\":\"ImageObject\",\"inLanguage\":\"pt-BR\",\"@id\":\"https:\/\/www.suno.com.br\/noticias\/#\/schema\/logo\/image\/\",\"url\":\"https:\/\/files.sunoresearch.com.br\/n\/uploads\/2021\/09\/suno-logo.png\",\"contentUrl\":\"https:\/\/files.sunoresearch.com.br\/n\/uploads\/2021\/09\/suno-logo.png\",\"width\":180,\"height\":180,\"caption\":\"Suno Not\u00edcias\"},\"image\":{\"@id\":\"https:\/\/www.suno.com.br\/noticias\/#\/schema\/logo\/image\/\"},\"sameAs\":[\"https:\/\/facebook.com\/sunoresearch\",\"https:\/\/x.com\/sunoresearch\",\"https:\/\/www.instagram.com\/suno\",\"https:\/\/www.linkedin.com\/company\/suno-research\/\",\"https:\/\/www.youtube.com\/c\/sunoresearch\"]},{\"@type\":\"Person\",\"@id\":\"https:\/\/www.suno.com.br\/noticias\/#\/schema\/person\/053a750a709a263919a20f976caae91c\",\"name\":\"Arthur Guimar\u00e3es\",\"image\":{\"@type\":\"ImageObject\",\"inLanguage\":\"pt-BR\",\"@id\":\"https:\/\/www.suno.com.br\/noticias\/#\/schema\/person\/image\/\",\"url\":\"https:\/\/secure.gravatar.com\/avatar\/1affd86a11209ae09eb6dd3bcad3e96c?s=96&r=g\",\"contentUrl\":\"https:\/\/secure.gravatar.com\/avatar\/1affd86a11209ae09eb6dd3bcad3e96c?s=96&r=g\",\"caption\":\"Arthur Guimar\u00e3es\"},\"description\":\"Arthur Guimar\u00e3es escreve sobre pol\u00edtica, economia e neg\u00f3cios para o portal de not\u00edcias da Suno Research. Atualmente, \u00e9 estudante de jornalismo pela Faculdade C\u00e1sper L\u00edbero.\",\"url\":\"https:\/\/www.suno.com.br\/noticias\/author\/arthur-guimaraes\/\"}]}<\/script>\n<!-- \/ Yoast SEO plugin. -->","yoast_head_json":{"title":"Argentina retoma renegocia\u00e7\u00f5es com credores ap\u00f3s 9\u00ba default","description":"Grande grupo credor da Argentina afirmou estar comprometido com sua oferta e que foi convidado a assinar um acordo. Clique para saber mais","robots":{"index":"index","follow":"follow","max-snippet":"max-snippet:-1","max-image-preview":"max-image-preview:large","max-video-preview":"max-video-preview:-1"},"canonical":"https:\/\/www.suno.com.br\/noticias\/argentina-retoma-negociacoes-credores\/","og_locale":"pt_BR","og_type":"article","og_title":"Argentina retoma renegocia\u00e7\u00f5es com credores ap\u00f3s 9\u00ba default","og_description":"Grande grupo credor da Argentina afirmou estar comprometido com sua oferta e que foi convidado a assinar um acordo. Clique para saber mais","og_url":"https:\/\/www.suno.com.br\/noticias\/argentina-retoma-negociacoes-credores\/","og_site_name":"Suno Not\u00edcias","article_publisher":"https:\/\/facebook.com\/sunoresearch","og_image":[{"width":499,"height":333,"url":"https:\/\/files.sunoresearch.com.br\/n\/uploads\/2020\/02\/30354747-argentina.jpg","type":"image\/jpeg"}],"author":"Arthur Guimar\u00e3es","twitter_card":"summary_large_image","twitter_creator":"@sunoresearch","twitter_site":"@sunoresearch","twitter_misc":{"Escrito por":"Arthur Guimar\u00e3es","Est. tempo de leitura":"2 minutos"},"schema":{"@context":"https:\/\/schema.org","@graph":[{"@type":"NewsArticle","@id":"https:\/\/www.suno.com.br\/noticias\/argentina-retoma-negociacoes-credores\/#article","isPartOf":{"@id":"https:\/\/www.suno.com.br\/noticias\/argentina-retoma-negociacoes-credores\/"},"author":{"name":"Arthur Guimar\u00e3es","@id":"https:\/\/www.suno.com.br\/noticias\/#\/schema\/person\/053a750a709a263919a20f976caae91c"},"headline":"Argentina retoma renegocia\u00e7\u00f5es com credores ap\u00f3s 9\u00ba default","datePublished":"2020-05-24T14:43:10+00:00","dateModified":"2020-05-24T14:45:15+00:00","mainEntityOfPage":{"@id":"https:\/\/www.suno.com.br\/noticias\/argentina-retoma-negociacoes-credores\/"},"wordCount":391,"publisher":{"@id":"https:\/\/www.suno.com.br\/noticias\/#organization"},"image":{"@id":"https:\/\/www.suno.com.br\/noticias\/argentina-retoma-negociacoes-credores\/#primaryimage"},"thumbnailUrl":"https:\/\/files.sunoresearch.com.br\/n\/uploads\/2020\/02\/30354747-argentina-jpg.webp","keywords":["Argentina"],"articleSection":["Internacional"],"inLanguage":"pt-BR"},{"@type":"WebPage","@id":"https:\/\/www.suno.com.br\/noticias\/argentina-retoma-negociacoes-credores\/","url":"https:\/\/www.suno.com.br\/noticias\/argentina-retoma-negociacoes-credores\/","name":"Argentina retoma renegocia\u00e7\u00f5es com credores ap\u00f3s 9\u00ba default","isPartOf":{"@id":"https:\/\/www.suno.com.br\/noticias\/#website"},"primaryImageOfPage":{"@id":"https:\/\/www.suno.com.br\/noticias\/argentina-retoma-negociacoes-credores\/#primaryimage"},"image":{"@id":"https:\/\/www.suno.com.br\/noticias\/argentina-retoma-negociacoes-credores\/#primaryimage"},"thumbnailUrl":"https:\/\/files.sunoresearch.com.br\/n\/uploads\/2020\/02\/30354747-argentina-jpg.webp","datePublished":"2020-05-24T14:43:10+00:00","dateModified":"2020-05-24T14:45:15+00:00","description":"Grande grupo credor da Argentina afirmou estar comprometido com sua oferta e que foi convidado a assinar um acordo. Clique para saber mais","breadcrumb":{"@id":"https:\/\/www.suno.com.br\/noticias\/argentina-retoma-negociacoes-credores\/#breadcrumb"},"inLanguage":"pt-BR","potentialAction":[{"@type":"ReadAction","target":["https:\/\/www.suno.com.br\/noticias\/argentina-retoma-negociacoes-credores\/"]}]},{"@type":"ImageObject","inLanguage":"pt-BR","@id":"https:\/\/www.suno.com.br\/noticias\/argentina-retoma-negociacoes-credores\/#primaryimage","url":"https:\/\/files.sunoresearch.com.br\/n\/uploads\/2020\/02\/30354747-argentina-jpg.webp","contentUrl":"https:\/\/files.sunoresearch.com.br\/n\/uploads\/2020\/02\/30354747-argentina-jpg.webp","width":499,"height":333,"caption":"Guzm\u00e1n diz que Argentina buscar\u00e1 novo plano com o FMI"},{"@type":"BreadcrumbList","@id":"https:\/\/www.suno.com.br\/noticias\/argentina-retoma-negociacoes-credores\/#breadcrumb","itemListElement":[{"@type":"ListItem","position":1,"name":"Not\u00edcias","item":"https:\/\/www.suno.com.br\/noticias\/"},{"@type":"ListItem","position":2,"name":"Internacional","item":"https:\/\/www.suno.com.br\/noticias\/internacional\/"},{"@type":"ListItem","position":3,"name":"Argentina retoma renegocia\u00e7\u00f5es com credores ap\u00f3s 9\u00ba default"}]},{"@type":"WebSite","@id":"https:\/\/www.suno.com.br\/noticias\/#website","url":"https:\/\/www.suno.com.br\/noticias\/","name":"Suno Not\u00edcias","description":"Seu portal de informa\u00e7\u00e3o sobre o mundo dos investimentos","publisher":{"@id":"https:\/\/www.suno.com.br\/noticias\/#organization"},"potentialAction":[{"@type":"SearchAction","target":{"@type":"EntryPoint","urlTemplate":"https:\/\/www.suno.com.br\/noticias\/?s={search_term_string}"},"query-input":{"@type":"PropertyValueSpecification","valueRequired":true,"valueName":"search_term_string"}}],"inLanguage":"pt-BR"},{"@type":"Organization","@id":"https:\/\/www.suno.com.br\/noticias\/#organization","name":"Suno Not\u00edcias","url":"https:\/\/www.suno.com.br\/noticias\/","logo":{"@type":"ImageObject","inLanguage":"pt-BR","@id":"https:\/\/www.suno.com.br\/noticias\/#\/schema\/logo\/image\/","url":"https:\/\/files.sunoresearch.com.br\/n\/uploads\/2021\/09\/suno-logo.png","contentUrl":"https:\/\/files.sunoresearch.com.br\/n\/uploads\/2021\/09\/suno-logo.png","width":180,"height":180,"caption":"Suno Not\u00edcias"},"image":{"@id":"https:\/\/www.suno.com.br\/noticias\/#\/schema\/logo\/image\/"},"sameAs":["https:\/\/facebook.com\/sunoresearch","https:\/\/x.com\/sunoresearch","https:\/\/www.instagram.com\/suno","https:\/\/www.linkedin.com\/company\/suno-research\/","https:\/\/www.youtube.com\/c\/sunoresearch"]},{"@type":"Person","@id":"https:\/\/www.suno.com.br\/noticias\/#\/schema\/person\/053a750a709a263919a20f976caae91c","name":"Arthur Guimar\u00e3es","image":{"@type":"ImageObject","inLanguage":"pt-BR","@id":"https:\/\/www.suno.com.br\/noticias\/#\/schema\/person\/image\/","url":"https:\/\/secure.gravatar.com\/avatar\/1affd86a11209ae09eb6dd3bcad3e96c?s=96&r=g","contentUrl":"https:\/\/secure.gravatar.com\/avatar\/1affd86a11209ae09eb6dd3bcad3e96c?s=96&r=g","caption":"Arthur Guimar\u00e3es"},"description":"Arthur Guimar\u00e3es escreve sobre pol\u00edtica, economia e neg\u00f3cios para o portal de not\u00edcias da Suno Research. Atualmente, \u00e9 estudante de jornalismo pela Faculdade C\u00e1sper L\u00edbero.","url":"https:\/\/www.suno.com.br\/noticias\/author\/arthur-guimaraes\/"}]}},"default_loop_html":"<div class=\"cardsPage__listCard__boxs\"><div class=\"cardsPage__listCard__boxs__img\"><a href=\"https:\/\/www.suno.com.br\/noticias\/argentina-retoma-negociacoes-credores\/\"><img class=\"mask\" src=\"https:\/\/www.suno.com.br\/noticias\/wp-content\/themes\/suno\/resources\/images\/spotlight\/spotlight1img\/bg-mask.png\" alt=\"Image Mask\"\/><img src=\"https:\/\/files.sunoresearch.com.br\/n\/uploads\/2020\/02\/30354747-argentina-400x200.webp\" alt=\"Argentina retoma renegocia\u00e7\u00f5es com credores ap\u00f3s 9\u00ba default\"\/><\/a><span class=\"spotlightCategory\"><a href=\"https:\/\/www.suno.com.br\/noticias\/internacional\/\">Internacional<\/a><\/span><\/div><div class=\"cardsPage__listCard__boxs__content\"><a href=\"https:\/\/www.suno.com.br\/noticias\/argentina-retoma-negociacoes-credores\/\"><h2 class=\"content__title\">Argentina retoma renegocia\u00e7\u00f5es com credores ap\u00f3s 9\u00ba default<\/h2><\/a><div class=\"newsContent__article__meta\"><div class=\"newsContent__article__meta__authorBox\"><a href=\"https:\/\/www.suno.com.br\/noticias\/author\/arthur-guimaraes\/\" class=\"authorBox__avatar noMobi\"><img src=\"https:\/\/files.sunoresearch.com.br\/n\/uploads\/2020\/02\/dfb40897-eu-150x150.webp\" alt=\"Arthur Guimar\u00e3es\"><\/a><div class=\"authorBox__name\"><span>por\n\t\t\t<a href=\"https:\/\/www.suno.com.br\/noticias\/author\/arthur-guimaraes\/\"><span itemprop=\"author\">Arthur Guimar\u00e3es<\/span><\/a><\/span><time datetime=\"2020-05-24T11:43:10-03:00\" itemprop=\"datePublished\">24\/05\/2020 11:43<\/time><\/div><\/div><\/div><\/div><\/div>","single_layout":"posts","amp_enabled":true,"_links":{"self":[{"href":"https:\/\/www.suno.com.br\/noticias\/wp-json\/wp\/v2\/posts\/65937"}],"collection":[{"href":"https:\/\/www.suno.com.br\/noticias\/wp-json\/wp\/v2\/posts"}],"about":[{"href":"https:\/\/www.suno.com.br\/noticias\/wp-json\/wp\/v2\/types\/post"}],"author":[{"embeddable":true,"href":"https:\/\/www.suno.com.br\/noticias\/wp-json\/wp\/v2\/users\/35"}],"replies":[{"embeddable":true,"href":"https:\/\/www.suno.com.br\/noticias\/wp-json\/wp\/v2\/comments?post=65937"}],"version-history":[{"count":0,"href":"https:\/\/www.suno.com.br\/noticias\/wp-json\/wp\/v2\/posts\/65937\/revisions"}],"wp:featuredmedia":[{"embeddable":true,"href":"https:\/\/www.suno.com.br\/noticias\/wp-json\/wp\/v2\/media\/54203"}],"wp:attachment":[{"href":"https:\/\/www.suno.com.br\/noticias\/wp-json\/wp\/v2\/media?parent=65937"}],"wp:term":[{"taxonomy":"category","embeddable":true,"href":"https:\/\/www.suno.com.br\/noticias\/wp-json\/wp\/v2\/categories?post=65937"},{"taxonomy":"post_tag","embeddable":true,"href":"https:\/\/www.suno.com.br\/noticias\/wp-json\/wp\/v2\/tags?post=65937"},{"taxonomy":"suno_strategy","embeddable":true,"href":"https:\/\/www.suno.com.br\/noticias\/wp-json\/wp\/v2\/suno_strategy?post=65937"}],"curies":[{"name":"wp","href":"https:\/\/api.w.org\/{rel}","templated":true}]}}