{"id":6592,"date":"2018-11-21T16:26:03","date_gmt":"2018-11-21T18:26:03","guid":{"rendered":"https:\/\/www.suno.com.br\/noticias\/?p=6592"},"modified":"2018-11-21T16:25:01","modified_gmt":"2018-11-21T18:25:01","slug":"empregos-formais-alta-outubro","status":"publish","type":"post","link":"https:\/\/www.suno.com.br\/noticias\/empregos-formais-alta-outubro\/","title":{"rendered":"Empregos formais tem alta de 57 mil em outubro, segundo Caged"},"content":{"rendered":"<p>O Cadastro Geral de Empregados e Desempregados (Caged) divulgou nesta quarta-feira, 21 de novembro, que foram criadas novas 57.733 mil vagas de empregos formais no m\u00eas de outubro.<\/p>\t<div class=\"wrapper-featured-image\">\n\t\t<figure class=\"spotlightImg\">\n\n\t\t\t<picture>\n\t\t\t\t<source media=\"(max-width: 768px)\" srcset=\"https:\/\/files.sunoresearch.com.br\/n\/uploads\/2018\/11\/1f29b067-empregos-formais-400x200.webp\">\n\t\t\t\t<img loading=\"lazy\" decoding=\"async\" class=\"newsContent__article__imgCapa lazyloadDisabled newsContent__article__imgCapa--noCaption\" src=\"https:\/\/files.sunoresearch.com.br\/n\/uploads\/2018\/11\/1f29b067-empregos-formais-800x450.webp\" width=\"800\" height=\"450\" alt=\"Empregos formais tem alta de 57 mil em outubro, segundo Caged\" fetchpriority=high \/>\n\t\t\t<\/picture>\n\n\t\t\t<figcaption class=\"wp-caption-text wp-caption-text--hide\">Brasil cria 196.966 novos empregos formais em abril<\/figcaption>\n\t\t<\/figure>\n\t<\/div>\n\n\n<p>Todavia o n\u00famero de <strong>empregos formais<\/strong> criados est\u00e1 abaixo das previs\u00f5es feitas anteriormente pelo mercado.<\/p>\n<p>A expectativa era de que fossem cridas 73 mil vagas no per\u00edodo, enquanto em agosto e setembro este n\u00famero chegou a 110 mil e 137 mil respectivamente.<\/p>\n<p>Na compara\u00e7\u00e3o com outubro de 2017 tamb\u00e9m foi apresentado queda. Sendo que 76,6 mil vagas de vagas formais foram criadas no per\u00edodo, enquanto nos tr\u00eas anos anteriores este n\u00famero foi negativo.<\/p>\n<p>O setor de servi\u00e7os foi quem apresentou o maior n\u00famero de vagas criadas, com 28.759, seguido de ind\u00fastria de transforma\u00e7\u00e3o, com 7.048, e constru\u00e7\u00e3o civil, 560.<\/p>\n<p>O presidente Michel Temer havia anunciado o n\u00famero um pouco antes em sua conta pessoal do Twitter.<\/p>\n<p>\u201cRecebi a informa\u00e7\u00e3o de que criamos mais de 57 mil novas vagas de <strong>empregos formais<\/strong> em outubro. No acumulado do ano, s\u00e3o mais de 790 mil, um crescimento de 2,09%. Isso significa que o Brasil est\u00e1 no rumo certo\u201d, escreveu Temer em sua conta no microblogging.<\/p>\n","protected":false},"excerpt":{"rendered":"<p>O Cadastro Geral de Empregados e Desempregados (Caged) divulgou nesta quarta-feira, 21 de novembro, que foram criadas novas 57.733 mil vagas de empregos formais no m\u00eas de outubro. Brasil cria 196.966 novos empregos formais em abril Todavia o n\u00famero de empregos formais criados est\u00e1 abaixo das previs\u00f5es feitas anteriormente pelo mercado. A expectativa era de [&hellip;]<\/p>\n","protected":false},"author":7,"featured_media":6593,"comment_status":"closed","ping_status":"closed","sticky":false,"template":"","format":"standard","meta":[],"categories":[62],"tags":[740],"suno_strategy":[],"class_list":["post-6592","post","type-post","status-publish","format-standard","has-post-thumbnail","hentry","category-economia","tag-economia"],"yoast_head":"<!-- This site is optimized with the Yoast SEO plugin v24.4 - https:\/\/yoast.com\/wordpress\/plugins\/seo\/ -->\n<title>Empregos formais tem alta de 57 mil em outubro, segundo Caged<\/title>\n<meta name=\"description\" content=\"Todavia o n\u00famero de empregos formais criados no per\u00edodo est\u00e1 abaixo da previs\u00e3o do mercado. Clique para saber mais.\" \/>\n<meta name=\"robots\" content=\"index, follow, max-snippet:-1, max-image-preview:large, max-video-preview:-1\" \/>\n<link rel=\"canonical\" href=\"https:\/\/www.suno.com.br\/noticias\/empregos-formais-alta-outubro\/\" \/>\n<meta property=\"og:locale\" content=\"pt_BR\" \/>\n<meta property=\"og:type\" content=\"article\" \/>\n<meta property=\"og:title\" content=\"Empregos formais tem alta de 57 mil em outubro, segundo Caged\" \/>\n<meta property=\"og:description\" content=\"Todavia o n\u00famero de empregos formais criados no per\u00edodo est\u00e1 abaixo da previs\u00e3o do mercado. Clique para saber mais.\" \/>\n<meta property=\"og:url\" content=\"https:\/\/www.suno.com.br\/noticias\/empregos-formais-alta-outubro\/\" \/>\n<meta property=\"og:site_name\" content=\"Suno Not\u00edcias\" \/>\n<meta property=\"article:publisher\" content=\"https:\/\/facebook.com\/sunoresearch\" \/>\n<meta property=\"article:author\" content=\"https:\/\/www.linkedin.com\/in\/mateus-vasconcellos-4b3542123\/\" \/>\n<meta property=\"og:image\" content=\"https:\/\/files.sunoresearch.com.br\/n\/uploads\/2018\/11\/1f29b067-empregos-formais.jpg\" \/>\n\t<meta property=\"og:image:width\" content=\"2505\" \/>\n\t<meta property=\"og:image:height\" content=\"1772\" \/>\n\t<meta property=\"og:image:type\" content=\"image\/jpeg\" \/>\n<meta name=\"author\" content=\"Mateus Vasconcellos\" \/>\n<meta name=\"twitter:card\" content=\"summary_large_image\" \/>\n<meta name=\"twitter:creator\" content=\"@sunoresearch\" \/>\n<meta name=\"twitter:site\" content=\"@sunoresearch\" \/>\n<meta name=\"twitter:label1\" content=\"Escrito por\" \/>\n\t<meta name=\"twitter:data1\" content=\"Mateus Vasconcellos\" \/>\n\t<meta name=\"twitter:label2\" content=\"Est. tempo de leitura\" \/>\n\t<meta name=\"twitter:data2\" content=\"1 minuto\" \/>\n<script type=\"application\/ld+json\" class=\"yoast-schema-graph\">{\"@context\":\"https:\/\/schema.org\",\"@graph\":[{\"@type\":\"NewsArticle\",\"@id\":\"https:\/\/www.suno.com.br\/noticias\/empregos-formais-alta-outubro\/#article\",\"isPartOf\":{\"@id\":\"https:\/\/www.suno.com.br\/noticias\/empregos-formais-alta-outubro\/\"},\"author\":{\"name\":\"Mateus Vasconcellos\",\"@id\":\"https:\/\/www.suno.com.br\/noticias\/#\/schema\/person\/ff5cc30ec6c0b55b6d3f3cfc4378b74e\"},\"headline\":\"Empregos formais tem alta de 57 mil em outubro, segundo Caged\",\"datePublished\":\"2018-11-21T18:26:03+00:00\",\"mainEntityOfPage\":{\"@id\":\"https:\/\/www.suno.com.br\/noticias\/empregos-formais-alta-outubro\/\"},\"wordCount\":205,\"publisher\":{\"@id\":\"https:\/\/www.suno.com.br\/noticias\/#organization\"},\"image\":{\"@id\":\"https:\/\/www.suno.com.br\/noticias\/empregos-formais-alta-outubro\/#primaryimage\"},\"thumbnailUrl\":\"https:\/\/files.sunoresearch.com.br\/n\/uploads\/2018\/11\/1f29b067-empregos-formais-jpg.webp\",\"keywords\":[\"Economia\"],\"articleSection\":[\"Economia\"],\"inLanguage\":\"pt-BR\"},{\"@type\":\"WebPage\",\"@id\":\"https:\/\/www.suno.com.br\/noticias\/empregos-formais-alta-outubro\/\",\"url\":\"https:\/\/www.suno.com.br\/noticias\/empregos-formais-alta-outubro\/\",\"name\":\"Empregos formais tem alta de 57 mil em outubro, segundo Caged\",\"isPartOf\":{\"@id\":\"https:\/\/www.suno.com.br\/noticias\/#website\"},\"primaryImageOfPage\":{\"@id\":\"https:\/\/www.suno.com.br\/noticias\/empregos-formais-alta-outubro\/#primaryimage\"},\"image\":{\"@id\":\"https:\/\/www.suno.com.br\/noticias\/empregos-formais-alta-outubro\/#primaryimage\"},\"thumbnailUrl\":\"https:\/\/files.sunoresearch.com.br\/n\/uploads\/2018\/11\/1f29b067-empregos-formais-jpg.webp\",\"datePublished\":\"2018-11-21T18:26:03+00:00\",\"description\":\"Todavia o n\u00famero de empregos formais criados no per\u00edodo est\u00e1 abaixo da previs\u00e3o do mercado. Clique para saber mais.\",\"breadcrumb\":{\"@id\":\"https:\/\/www.suno.com.br\/noticias\/empregos-formais-alta-outubro\/#breadcrumb\"},\"inLanguage\":\"pt-BR\",\"potentialAction\":[{\"@type\":\"ReadAction\",\"target\":[\"https:\/\/www.suno.com.br\/noticias\/empregos-formais-alta-outubro\/\"]}]},{\"@type\":\"ImageObject\",\"inLanguage\":\"pt-BR\",\"@id\":\"https:\/\/www.suno.com.br\/noticias\/empregos-formais-alta-outubro\/#primaryimage\",\"url\":\"https:\/\/files.sunoresearch.com.br\/n\/uploads\/2018\/11\/1f29b067-empregos-formais-jpg.webp\",\"contentUrl\":\"https:\/\/files.sunoresearch.com.br\/n\/uploads\/2018\/11\/1f29b067-empregos-formais-jpg.webp\",\"width\":2505,\"height\":1772,\"caption\":\"Brasil cria 196.966 novos empregos formais em abril\"},{\"@type\":\"BreadcrumbList\",\"@id\":\"https:\/\/www.suno.com.br\/noticias\/empregos-formais-alta-outubro\/#breadcrumb\",\"itemListElement\":[{\"@type\":\"ListItem\",\"position\":1,\"name\":\"Not\u00edcias\",\"item\":\"https:\/\/www.suno.com.br\/noticias\/\"},{\"@type\":\"ListItem\",\"position\":2,\"name\":\"Economia\",\"item\":\"https:\/\/www.suno.com.br\/noticias\/economia\/\"},{\"@type\":\"ListItem\",\"position\":3,\"name\":\"Empregos formais tem alta de 57 mil em outubro, segundo Caged\"}]},{\"@type\":\"WebSite\",\"@id\":\"https:\/\/www.suno.com.br\/noticias\/#website\",\"url\":\"https:\/\/www.suno.com.br\/noticias\/\",\"name\":\"Suno Not\u00edcias\",\"description\":\"Seu portal de informa\u00e7\u00e3o sobre o mundo dos investimentos\",\"publisher\":{\"@id\":\"https:\/\/www.suno.com.br\/noticias\/#organization\"},\"potentialAction\":[{\"@type\":\"SearchAction\",\"target\":{\"@type\":\"EntryPoint\",\"urlTemplate\":\"https:\/\/www.suno.com.br\/noticias\/?s={search_term_string}\"},\"query-input\":{\"@type\":\"PropertyValueSpecification\",\"valueRequired\":true,\"valueName\":\"search_term_string\"}}],\"inLanguage\":\"pt-BR\"},{\"@type\":\"Organization\",\"@id\":\"https:\/\/www.suno.com.br\/noticias\/#organization\",\"name\":\"Suno Not\u00edcias\",\"url\":\"https:\/\/www.suno.com.br\/noticias\/\",\"logo\":{\"@type\":\"ImageObject\",\"inLanguage\":\"pt-BR\",\"@id\":\"https:\/\/www.suno.com.br\/noticias\/#\/schema\/logo\/image\/\",\"url\":\"https:\/\/files.sunoresearch.com.br\/n\/uploads\/2021\/09\/suno-logo.png\",\"contentUrl\":\"https:\/\/files.sunoresearch.com.br\/n\/uploads\/2021\/09\/suno-logo.png\",\"width\":180,\"height\":180,\"caption\":\"Suno Not\u00edcias\"},\"image\":{\"@id\":\"https:\/\/www.suno.com.br\/noticias\/#\/schema\/logo\/image\/\"},\"sameAs\":[\"https:\/\/facebook.com\/sunoresearch\",\"https:\/\/x.com\/sunoresearch\",\"https:\/\/www.instagram.com\/suno\",\"https:\/\/www.linkedin.com\/company\/suno-research\/\",\"https:\/\/www.youtube.com\/c\/sunoresearch\"]},{\"@type\":\"Person\",\"@id\":\"https:\/\/www.suno.com.br\/noticias\/#\/schema\/person\/ff5cc30ec6c0b55b6d3f3cfc4378b74e\",\"name\":\"Mateus Vasconcellos\",\"image\":{\"@type\":\"ImageObject\",\"inLanguage\":\"pt-BR\",\"@id\":\"https:\/\/www.suno.com.br\/noticias\/#\/schema\/person\/image\/\",\"url\":\"https:\/\/secure.gravatar.com\/avatar\/8d725238a0ef7530bdf58578a222f948?s=96&r=g\",\"contentUrl\":\"https:\/\/secure.gravatar.com\/avatar\/8d725238a0ef7530bdf58578a222f948?s=96&r=g\",\"caption\":\"Mateus Vasconcellos\"},\"description\":\"Formado em jornalismo pela Universidade Presbiteriana Mackenzie, Mateus Vasconcellos escreve sobre o mercado financeiro para o portal de not\u00edcias da Suno Research. Antes da Suno, teve passagem pelo Observat\u00f3rio do Terceiro Setor e \u00e9 vencedor do 7\u00b0 Pr\u00eamio Jovem Jornalista Fernando Pacheco Jord\u00e3o.\",\"sameAs\":[\"https:\/\/www.suno.com.br\",\"https:\/\/www.linkedin.com\/in\/mateus-vasconcellos-4b3542123\/\"],\"url\":\"https:\/\/www.suno.com.br\/noticias\/author\/mateus-vasconcellos\/\"}]}<\/script>\n<!-- \/ Yoast SEO plugin. -->","yoast_head_json":{"title":"Empregos formais tem alta de 57 mil em outubro, segundo Caged","description":"Todavia o n\u00famero de empregos formais criados no per\u00edodo est\u00e1 abaixo da previs\u00e3o do mercado. Clique para saber mais.","robots":{"index":"index","follow":"follow","max-snippet":"max-snippet:-1","max-image-preview":"max-image-preview:large","max-video-preview":"max-video-preview:-1"},"canonical":"https:\/\/www.suno.com.br\/noticias\/empregos-formais-alta-outubro\/","og_locale":"pt_BR","og_type":"article","og_title":"Empregos formais tem alta de 57 mil em outubro, segundo Caged","og_description":"Todavia o n\u00famero de empregos formais criados no per\u00edodo est\u00e1 abaixo da previs\u00e3o do mercado. Clique para saber mais.","og_url":"https:\/\/www.suno.com.br\/noticias\/empregos-formais-alta-outubro\/","og_site_name":"Suno Not\u00edcias","article_publisher":"https:\/\/facebook.com\/sunoresearch","article_author":"https:\/\/www.linkedin.com\/in\/mateus-vasconcellos-4b3542123\/","og_image":[{"width":2505,"height":1772,"url":"https:\/\/files.sunoresearch.com.br\/n\/uploads\/2018\/11\/1f29b067-empregos-formais.jpg","type":"image\/jpeg"}],"author":"Mateus Vasconcellos","twitter_card":"summary_large_image","twitter_creator":"@sunoresearch","twitter_site":"@sunoresearch","twitter_misc":{"Escrito por":"Mateus Vasconcellos","Est. tempo de leitura":"1 minuto"},"schema":{"@context":"https:\/\/schema.org","@graph":[{"@type":"NewsArticle","@id":"https:\/\/www.suno.com.br\/noticias\/empregos-formais-alta-outubro\/#article","isPartOf":{"@id":"https:\/\/www.suno.com.br\/noticias\/empregos-formais-alta-outubro\/"},"author":{"name":"Mateus Vasconcellos","@id":"https:\/\/www.suno.com.br\/noticias\/#\/schema\/person\/ff5cc30ec6c0b55b6d3f3cfc4378b74e"},"headline":"Empregos formais tem alta de 57 mil em outubro, segundo Caged","datePublished":"2018-11-21T18:26:03+00:00","mainEntityOfPage":{"@id":"https:\/\/www.suno.com.br\/noticias\/empregos-formais-alta-outubro\/"},"wordCount":205,"publisher":{"@id":"https:\/\/www.suno.com.br\/noticias\/#organization"},"image":{"@id":"https:\/\/www.suno.com.br\/noticias\/empregos-formais-alta-outubro\/#primaryimage"},"thumbnailUrl":"https:\/\/files.sunoresearch.com.br\/n\/uploads\/2018\/11\/1f29b067-empregos-formais-jpg.webp","keywords":["Economia"],"articleSection":["Economia"],"inLanguage":"pt-BR"},{"@type":"WebPage","@id":"https:\/\/www.suno.com.br\/noticias\/empregos-formais-alta-outubro\/","url":"https:\/\/www.suno.com.br\/noticias\/empregos-formais-alta-outubro\/","name":"Empregos formais tem alta de 57 mil em outubro, segundo Caged","isPartOf":{"@id":"https:\/\/www.suno.com.br\/noticias\/#website"},"primaryImageOfPage":{"@id":"https:\/\/www.suno.com.br\/noticias\/empregos-formais-alta-outubro\/#primaryimage"},"image":{"@id":"https:\/\/www.suno.com.br\/noticias\/empregos-formais-alta-outubro\/#primaryimage"},"thumbnailUrl":"https:\/\/files.sunoresearch.com.br\/n\/uploads\/2018\/11\/1f29b067-empregos-formais-jpg.webp","datePublished":"2018-11-21T18:26:03+00:00","description":"Todavia o n\u00famero de empregos formais criados no per\u00edodo est\u00e1 abaixo da previs\u00e3o do mercado. Clique para saber mais.","breadcrumb":{"@id":"https:\/\/www.suno.com.br\/noticias\/empregos-formais-alta-outubro\/#breadcrumb"},"inLanguage":"pt-BR","potentialAction":[{"@type":"ReadAction","target":["https:\/\/www.suno.com.br\/noticias\/empregos-formais-alta-outubro\/"]}]},{"@type":"ImageObject","inLanguage":"pt-BR","@id":"https:\/\/www.suno.com.br\/noticias\/empregos-formais-alta-outubro\/#primaryimage","url":"https:\/\/files.sunoresearch.com.br\/n\/uploads\/2018\/11\/1f29b067-empregos-formais-jpg.webp","contentUrl":"https:\/\/files.sunoresearch.com.br\/n\/uploads\/2018\/11\/1f29b067-empregos-formais-jpg.webp","width":2505,"height":1772,"caption":"Brasil cria 196.966 novos empregos formais em abril"},{"@type":"BreadcrumbList","@id":"https:\/\/www.suno.com.br\/noticias\/empregos-formais-alta-outubro\/#breadcrumb","itemListElement":[{"@type":"ListItem","position":1,"name":"Not\u00edcias","item":"https:\/\/www.suno.com.br\/noticias\/"},{"@type":"ListItem","position":2,"name":"Economia","item":"https:\/\/www.suno.com.br\/noticias\/economia\/"},{"@type":"ListItem","position":3,"name":"Empregos formais tem alta de 57 mil em outubro, segundo Caged"}]},{"@type":"WebSite","@id":"https:\/\/www.suno.com.br\/noticias\/#website","url":"https:\/\/www.suno.com.br\/noticias\/","name":"Suno Not\u00edcias","description":"Seu portal de informa\u00e7\u00e3o sobre o mundo dos investimentos","publisher":{"@id":"https:\/\/www.suno.com.br\/noticias\/#organization"},"potentialAction":[{"@type":"SearchAction","target":{"@type":"EntryPoint","urlTemplate":"https:\/\/www.suno.com.br\/noticias\/?s={search_term_string}"},"query-input":{"@type":"PropertyValueSpecification","valueRequired":true,"valueName":"search_term_string"}}],"inLanguage":"pt-BR"},{"@type":"Organization","@id":"https:\/\/www.suno.com.br\/noticias\/#organization","name":"Suno Not\u00edcias","url":"https:\/\/www.suno.com.br\/noticias\/","logo":{"@type":"ImageObject","inLanguage":"pt-BR","@id":"https:\/\/www.suno.com.br\/noticias\/#\/schema\/logo\/image\/","url":"https:\/\/files.sunoresearch.com.br\/n\/uploads\/2021\/09\/suno-logo.png","contentUrl":"https:\/\/files.sunoresearch.com.br\/n\/uploads\/2021\/09\/suno-logo.png","width":180,"height":180,"caption":"Suno Not\u00edcias"},"image":{"@id":"https:\/\/www.suno.com.br\/noticias\/#\/schema\/logo\/image\/"},"sameAs":["https:\/\/facebook.com\/sunoresearch","https:\/\/x.com\/sunoresearch","https:\/\/www.instagram.com\/suno","https:\/\/www.linkedin.com\/company\/suno-research\/","https:\/\/www.youtube.com\/c\/sunoresearch"]},{"@type":"Person","@id":"https:\/\/www.suno.com.br\/noticias\/#\/schema\/person\/ff5cc30ec6c0b55b6d3f3cfc4378b74e","name":"Mateus Vasconcellos","image":{"@type":"ImageObject","inLanguage":"pt-BR","@id":"https:\/\/www.suno.com.br\/noticias\/#\/schema\/person\/image\/","url":"https:\/\/secure.gravatar.com\/avatar\/8d725238a0ef7530bdf58578a222f948?s=96&r=g","contentUrl":"https:\/\/secure.gravatar.com\/avatar\/8d725238a0ef7530bdf58578a222f948?s=96&r=g","caption":"Mateus Vasconcellos"},"description":"Formado em jornalismo pela Universidade Presbiteriana Mackenzie, Mateus Vasconcellos escreve sobre o mercado financeiro para o portal de not\u00edcias da Suno Research. Antes da Suno, teve passagem pelo Observat\u00f3rio do Terceiro Setor e \u00e9 vencedor do 7\u00b0 Pr\u00eamio Jovem Jornalista Fernando Pacheco Jord\u00e3o.","sameAs":["https:\/\/www.suno.com.br","https:\/\/www.linkedin.com\/in\/mateus-vasconcellos-4b3542123\/"],"url":"https:\/\/www.suno.com.br\/noticias\/author\/mateus-vasconcellos\/"}]}},"default_loop_html":"<div class=\"cardsPage__listCard__boxs\"><div class=\"cardsPage__listCard__boxs__img\"><a href=\"https:\/\/www.suno.com.br\/noticias\/empregos-formais-alta-outubro\/\"><img class=\"mask\" src=\"https:\/\/www.suno.com.br\/noticias\/wp-content\/themes\/suno\/resources\/images\/spotlight\/spotlight1img\/bg-mask.png\" alt=\"Image Mask\"\/><img src=\"https:\/\/files.sunoresearch.com.br\/n\/uploads\/2018\/11\/1f29b067-empregos-formais-400x200.webp\" alt=\"Empregos formais tem alta de 57 mil em outubro, segundo Caged\"\/><\/a><span class=\"spotlightCategory\"><a href=\"https:\/\/www.suno.com.br\/noticias\/economia\/\">Economia<\/a><\/span><\/div><div class=\"cardsPage__listCard__boxs__content\"><a href=\"https:\/\/www.suno.com.br\/noticias\/empregos-formais-alta-outubro\/\"><h2 class=\"content__title\">Empregos formais tem alta de 57 mil em outubro, segundo Caged<\/h2><\/a><div class=\"newsContent__article__meta\"><div class=\"newsContent__article__meta__authorBox\"><a href=\"https:\/\/www.suno.com.br\/noticias\/author\/mateus-vasconcellos\/\" class=\"authorBox__avatar noMobi\"><img src=\"https:\/\/secure.gravatar.com\/avatar\/8d725238a0ef7530bdf58578a222f948?s=96&#038;r=g\" alt=\"Mateus Vasconcellos\"><\/a><div class=\"authorBox__name\"><span>por\n\t\t\t<a href=\"https:\/\/www.suno.com.br\/noticias\/author\/mateus-vasconcellos\/\"><span itemprop=\"author\">Mateus Vasconcellos<\/span><\/a><\/span><time datetime=\"2018-11-21T16:26:03-02:00\" itemprop=\"datePublished\">21\/11\/2018 16:26<\/time><\/div><\/div><\/div><\/div><\/div>","single_layout":"posts","amp_enabled":true,"_links":{"self":[{"href":"https:\/\/www.suno.com.br\/noticias\/wp-json\/wp\/v2\/posts\/6592"}],"collection":[{"href":"https:\/\/www.suno.com.br\/noticias\/wp-json\/wp\/v2\/posts"}],"about":[{"href":"https:\/\/www.suno.com.br\/noticias\/wp-json\/wp\/v2\/types\/post"}],"author":[{"embeddable":true,"href":"https:\/\/www.suno.com.br\/noticias\/wp-json\/wp\/v2\/users\/7"}],"replies":[{"embeddable":true,"href":"https:\/\/www.suno.com.br\/noticias\/wp-json\/wp\/v2\/comments?post=6592"}],"version-history":[{"count":0,"href":"https:\/\/www.suno.com.br\/noticias\/wp-json\/wp\/v2\/posts\/6592\/revisions"}],"wp:featuredmedia":[{"embeddable":true,"href":"https:\/\/www.suno.com.br\/noticias\/wp-json\/wp\/v2\/media\/6593"}],"wp:attachment":[{"href":"https:\/\/www.suno.com.br\/noticias\/wp-json\/wp\/v2\/media?parent=6592"}],"wp:term":[{"taxonomy":"category","embeddable":true,"href":"https:\/\/www.suno.com.br\/noticias\/wp-json\/wp\/v2\/categories?post=6592"},{"taxonomy":"post_tag","embeddable":true,"href":"https:\/\/www.suno.com.br\/noticias\/wp-json\/wp\/v2\/tags?post=6592"},{"taxonomy":"suno_strategy","embeddable":true,"href":"https:\/\/www.suno.com.br\/noticias\/wp-json\/wp\/v2\/suno_strategy?post=6592"}],"curies":[{"name":"wp","href":"https:\/\/api.w.org\/{rel}","templated":true}]}}