{"id":65893,"date":"2020-05-22T19:27:50","date_gmt":"2020-05-22T22:27:50","guid":{"rendered":"https:\/\/www.suno.com.br\/noticias\/?p=65893"},"modified":"2020-05-22T19:27:50","modified_gmt":"2020-05-22T22:27:50","slug":"bc-a-partir-de-determinado-ponto-e-necessario-cautela-em-cortes-da-selic","status":"publish","type":"post","link":"https:\/\/www.suno.com.br\/noticias\/bc-a-partir-de-determinado-ponto-e-necessario-cautela-em-cortes-da-selic\/","title":{"rendered":"BC: &#8216;a partir de determinado ponto&#8217; \u00e9 necess\u00e1rio cautela em cortes da Selic"},"content":{"rendered":"<p>O diretor de Pol\u00edtica Econ\u00f4mica do <a href=\"https:\/\/www.suno.com.br\/artigos\/bacen\/\">Banco Central (<strong>BC<\/strong>)<\/a> , F\u00e1bio Kanczuk, afirmou durante uma live do <a href=\"https:\/\/www.suno.com.br\/noticias\/tags\/ubs\/\">UBS<\/a>, nessa sexta-feira (22) que &#8220;no \u00faltimo <a href=\"https:\/\/www.suno.com.br\/artigos\/copom\/\">Copom (Comit\u00ea de Pol\u00edtica Monet\u00e1ria)<\/a>, fazia sentido est\u00edmulo maior do que o corte (da <a href=\"https:\/\/www.suno.com.br\/artigos\/taxa-selic\/\">Selic<\/a>) de 0,75 p.p, mas temos que botar a estabilidade financeira na conta. A principal mensagem do Copom \u00e9 que, a partir de um ponto, tenho que testar limites de forma mais suave&#8221;.<\/p>\t<div class=\"wrapper-featured-image\">\n\t\t<figure class=\"spotlightImg\">\n\n\t\t\t<picture>\n\t\t\t\t<source media=\"(max-width: 768px)\" srcset=\"https:\/\/files.sunoresearch.com.br\/n\/uploads\/2018\/08\/01de987d-banco-central-400x200.webp\">\n\t\t\t\t<img loading=\"lazy\" decoding=\"async\" class=\"newsContent__article__imgCapa lazyloadDisabled newsContent__article__imgCapa--noCaption\" src=\"https:\/\/files.sunoresearch.com.br\/n\/uploads\/2018\/08\/01de987d-banco-central-800x450.webp\" width=\"800\" height=\"450\" alt=\"BC: &#8216;a partir de determinado ponto&#8217; \u00e9 necess\u00e1rio cautela em cortes da Selic\" fetchpriority=high \/>\n\t\t\t<\/picture>\n\n\t\t\t<figcaption class=\"wp-caption-text wp-caption-text--hide\">BC: a partir de determinado ponto \u00e9 necess\u00e1rio cautela em cortes da Selic<\/figcaption>\n\t\t<\/figure>\n\t<\/div>\n\n\n\n<p>O diretor de Pol\u00edtica Econ\u00f4mica do BC ainda salientou que existem riscos em questionar se os juros, a partir de certo ponto, geram malef\u00edcios para a economia. &#8220;No caso do Brasil, pensamos que, se for baixando juros, continua tendo efeito de <a href=\"https:\/\/www.suno.com.br\/artigos\/inflacao\/\">elevar infla\u00e7\u00e3o<\/a> via c\u00e2mbio&#8221;.<\/p>\n<p>Embora, segundo Kanczuk, cada membro do Comit\u00ea apresente uma opini\u00e3o em rela\u00e7\u00e3o ao limite para<strong><a href=\"https:\/\/www.suno.com.br\/artigos\/taxa-de-juros\/\"> taxa de juros<\/a><\/strong> no Brasil, ele declarou que todos est\u00e3o unidos pensando do mesmo modo.<\/p>\n<p><a href=\"https:\/\/lp.suno.com.br\/suno-one\/\">Garanta acesso ao Suno One, a central de informa\u00e7\u00f5es para quem quer aprender a investir. Acesse gratuitamente clicando aqui.<\/a><\/p>\n<p>Al\u00e9m disso ele indicou que a institui\u00e7\u00e3o est\u00e1 monitorando a estabilidade das empresas em rela\u00e7\u00e3o ao c\u00e2mbio, e n\u00e3o est\u00e1 vendo problemas, &#8220;parece \u00f3timo&#8221;, refor\u00e7ou.<\/p>\n<p>Contudo, o diretor informou que o limite para a redu\u00e7\u00e3o da <strong>Selic<\/strong> dependem de contas que variam de acordo com a oscila\u00e7\u00e3o do mercado. Entretanto, Kanczuk disse que o Comit\u00ea continua entendendo que &#8220;juro ser\u00e1 efetivo para gerar infla\u00e7\u00e3o, mas h\u00e1 risco via c\u00e2mbio. O apetite do Comit\u00ea para avan\u00e7ar nesse caminho \u00e9 muito menor&#8221;.<\/p>\n<p>Kanczuk destacou que essa seria a primeira vez que o &#8220;limite de &#8216;lower bound&#8217; (menor limite) \u00e9 cruzado no Brasil&#8221;, frente a isso, o diretor destacou que \u00e9 necess\u00e1rio ter cautela.<\/p>\n<p><a class=\"LinkSuggestion__Link-sc-1mdih4x-2 jZPuuT\" href=\"https:\/\/www.suno.com.br\/noticias\/banco-central-corta-selic-18032020\/\" target=\"_blank\" rel=\"noopener noreferrer\">Saiba mais: Banco Central corta Selic de 0,50 pontos para 3,75%<\/a><\/p>\n<p>Por fim, ele destacou que &#8220;temos que fazer uma conta de juro neutro que incorpore quest\u00e3o fiscal. De um lado vemos o fiscal e questionamento de reformas elevar juros neutro. De outro lado, temos consenso de que pandemia ser\u00e1 altamente inflacion\u00e1ria. \u00c9 um balan\u00e7o&#8221;.<\/p>\n<h2>BC descarta &#8216;quantitative easing&#8217; e pode intervir no d\u00f3lar<\/h2>\n<p>Fabio Kanczuk, tamb\u00e9m afirmou nesta sexta-feira que a autarquia n\u00e3o pensa em &#8220;<a href=\"https:\/\/www.suno.com.br\/artigos\/quantitative-easing\/\">quantitative easing<\/a>&#8221; como uma pol\u00edtica monet\u00e1ria para o atual momento. O BC, por outro lado, diz estar preparado para intervir no c\u00e2mbio. As informa\u00e7\u00f5es s\u00e3o da ag\u00eancia &#8220;Reuters&#8221;.<\/p>\n<p>Kanczuk disse que a autoriza\u00e7\u00e3o concedida pelo Congresso para que o <strong>BC<\/strong> compre t\u00edtulos p\u00fablicos ser\u00e1 utilizada de forma moderada. O executivo tamb\u00e9m afirmou que a autarquia entende que h\u00e1 outras formas mais eficientes de agir por meio da curva de juros e salientou que o &#8220;quantitative easing&#8221; n\u00e3o ser\u00e1 usado como ferramenta de pol\u00edtica monet\u00e1ria.<\/p>\n\n","protected":false},"excerpt":{"rendered":"<p>O diretor de Pol\u00edtica Econ\u00f4mica do Banco Central (BC) , F\u00e1bio Kanczuk, afirmou durante uma live do UBS, nessa sexta-feira (22) que &#8220;no \u00faltimo Copom (Comit\u00ea de Pol\u00edtica Monet\u00e1ria), fazia sentido est\u00edmulo maior do que o corte (da Selic) de 0,75 p.p, mas temos que botar a estabilidade financeira na conta. A principal mensagem do [&hellip;]<\/p>\n","protected":false},"author":39,"featured_media":2971,"comment_status":"closed","ping_status":"closed","sticky":false,"template":"","format":"standard","meta":[],"categories":[62],"tags":[1842,290],"suno_strategy":[],"class_list":["post-65893","post","type-post","status-publish","format-standard","has-post-thumbnail","hentry","category-economia","tag-banco-central-bc","tag-taxa-selic"],"yoast_head":"<!-- This site is optimized with the Yoast SEO plugin v24.4 - https:\/\/yoast.com\/wordpress\/plugins\/seo\/ -->\n<title>BC: &#039;a partir de determinado ponto&#039; \u00e9 necess\u00e1rio cautela em cortes da Selic<\/title>\n<meta name=\"description\" content=\"O BC informou que &quot;a partir de um ponto, tenho que testar limites (de cortes da Selic) de forma mais suave&quot;. Clique aqui para saber mais.\" \/>\n<meta name=\"robots\" content=\"index, follow, max-snippet:-1, max-image-preview:large, max-video-preview:-1\" \/>\n<link rel=\"canonical\" href=\"https:\/\/www.suno.com.br\/noticias\/bc-a-partir-de-determinado-ponto-e-necessario-cautela-em-cortes-da-selic\/\" \/>\n<meta property=\"og:locale\" content=\"pt_BR\" \/>\n<meta property=\"og:type\" content=\"article\" \/>\n<meta property=\"og:title\" content=\"BC: &#039;a partir de determinado ponto&#039; \u00e9 necess\u00e1rio cautela em cortes da Selic\" \/>\n<meta property=\"og:description\" content=\"O BC informou que &quot;a partir de um ponto, tenho que testar limites (de cortes da Selic) de forma mais suave&quot;. Clique aqui para saber mais.\" \/>\n<meta property=\"og:url\" content=\"https:\/\/www.suno.com.br\/noticias\/bc-a-partir-de-determinado-ponto-e-necessario-cautela-em-cortes-da-selic\/\" \/>\n<meta property=\"og:site_name\" content=\"Suno Not\u00edcias\" \/>\n<meta property=\"article:publisher\" content=\"https:\/\/facebook.com\/sunoresearch\" \/>\n<meta property=\"og:image\" content=\"https:\/\/files.sunoresearch.com.br\/n\/uploads\/2018\/08\/01de987d-banco-central.jpg\" \/>\n\t<meta property=\"og:image:width\" content=\"1140\" \/>\n\t<meta property=\"og:image:height\" content=\"760\" \/>\n\t<meta property=\"og:image:type\" content=\"image\/jpeg\" \/>\n<meta name=\"author\" content=\"Laura Moutinho\" \/>\n<meta name=\"twitter:card\" content=\"summary_large_image\" \/>\n<meta name=\"twitter:creator\" content=\"@sunoresearch\" \/>\n<meta name=\"twitter:site\" content=\"@sunoresearch\" \/>\n<meta name=\"twitter:label1\" content=\"Escrito por\" \/>\n\t<meta name=\"twitter:data1\" content=\"Laura Moutinho\" \/>\n\t<meta name=\"twitter:label2\" content=\"Est. tempo de leitura\" \/>\n\t<meta name=\"twitter:data2\" content=\"2 minutos\" \/>\n<script type=\"application\/ld+json\" class=\"yoast-schema-graph\">{\"@context\":\"https:\/\/schema.org\",\"@graph\":[{\"@type\":\"NewsArticle\",\"@id\":\"https:\/\/www.suno.com.br\/noticias\/bc-a-partir-de-determinado-ponto-e-necessario-cautela-em-cortes-da-selic\/#article\",\"isPartOf\":{\"@id\":\"https:\/\/www.suno.com.br\/noticias\/bc-a-partir-de-determinado-ponto-e-necessario-cautela-em-cortes-da-selic\/\"},\"author\":{\"name\":\"Laura Moutinho\",\"@id\":\"https:\/\/www.suno.com.br\/noticias\/#\/schema\/person\/3df0d2808748b74496efe5dbeaef2c72\"},\"headline\":\"BC: &#8216;a partir de determinado ponto&#8217; \u00e9 necess\u00e1rio cautela em cortes da Selic\",\"datePublished\":\"2020-05-22T22:27:50+00:00\",\"mainEntityOfPage\":{\"@id\":\"https:\/\/www.suno.com.br\/noticias\/bc-a-partir-de-determinado-ponto-e-necessario-cautela-em-cortes-da-selic\/\"},\"wordCount\":494,\"publisher\":{\"@id\":\"https:\/\/www.suno.com.br\/noticias\/#organization\"},\"image\":{\"@id\":\"https:\/\/www.suno.com.br\/noticias\/bc-a-partir-de-determinado-ponto-e-necessario-cautela-em-cortes-da-selic\/#primaryimage\"},\"thumbnailUrl\":\"https:\/\/files.sunoresearch.com.br\/n\/uploads\/2018\/08\/01de987d-banco-central-jpg.webp\",\"keywords\":[\"Banco Central (BC)\",\"Taxa Selic\"],\"articleSection\":[\"Economia\"],\"inLanguage\":\"pt-BR\"},{\"@type\":\"WebPage\",\"@id\":\"https:\/\/www.suno.com.br\/noticias\/bc-a-partir-de-determinado-ponto-e-necessario-cautela-em-cortes-da-selic\/\",\"url\":\"https:\/\/www.suno.com.br\/noticias\/bc-a-partir-de-determinado-ponto-e-necessario-cautela-em-cortes-da-selic\/\",\"name\":\"BC: 'a partir de determinado ponto' \u00e9 necess\u00e1rio cautela em cortes da Selic\",\"isPartOf\":{\"@id\":\"https:\/\/www.suno.com.br\/noticias\/#website\"},\"primaryImageOfPage\":{\"@id\":\"https:\/\/www.suno.com.br\/noticias\/bc-a-partir-de-determinado-ponto-e-necessario-cautela-em-cortes-da-selic\/#primaryimage\"},\"image\":{\"@id\":\"https:\/\/www.suno.com.br\/noticias\/bc-a-partir-de-determinado-ponto-e-necessario-cautela-em-cortes-da-selic\/#primaryimage\"},\"thumbnailUrl\":\"https:\/\/files.sunoresearch.com.br\/n\/uploads\/2018\/08\/01de987d-banco-central-jpg.webp\",\"datePublished\":\"2020-05-22T22:27:50+00:00\",\"description\":\"O BC informou que \\\"a partir de um ponto, tenho que testar limites (de cortes da Selic) de forma mais suave\\\". Clique aqui para saber mais.\",\"breadcrumb\":{\"@id\":\"https:\/\/www.suno.com.br\/noticias\/bc-a-partir-de-determinado-ponto-e-necessario-cautela-em-cortes-da-selic\/#breadcrumb\"},\"inLanguage\":\"pt-BR\",\"potentialAction\":[{\"@type\":\"ReadAction\",\"target\":[\"https:\/\/www.suno.com.br\/noticias\/bc-a-partir-de-determinado-ponto-e-necessario-cautela-em-cortes-da-selic\/\"]}]},{\"@type\":\"ImageObject\",\"inLanguage\":\"pt-BR\",\"@id\":\"https:\/\/www.suno.com.br\/noticias\/bc-a-partir-de-determinado-ponto-e-necessario-cautela-em-cortes-da-selic\/#primaryimage\",\"url\":\"https:\/\/files.sunoresearch.com.br\/n\/uploads\/2018\/08\/01de987d-banco-central-jpg.webp\",\"contentUrl\":\"https:\/\/files.sunoresearch.com.br\/n\/uploads\/2018\/08\/01de987d-banco-central-jpg.webp\",\"width\":1140,\"height\":760,\"caption\":\"BC: a partir de determinado ponto \u00e9 necess\u00e1rio cautela em cortes da Selic\"},{\"@type\":\"BreadcrumbList\",\"@id\":\"https:\/\/www.suno.com.br\/noticias\/bc-a-partir-de-determinado-ponto-e-necessario-cautela-em-cortes-da-selic\/#breadcrumb\",\"itemListElement\":[{\"@type\":\"ListItem\",\"position\":1,\"name\":\"Not\u00edcias\",\"item\":\"https:\/\/www.suno.com.br\/noticias\/\"},{\"@type\":\"ListItem\",\"position\":2,\"name\":\"Economia\",\"item\":\"https:\/\/www.suno.com.br\/noticias\/economia\/\"},{\"@type\":\"ListItem\",\"position\":3,\"name\":\"BC: &#8216;a partir de determinado ponto&#8217; \u00e9 necess\u00e1rio cautela em cortes da Selic\"}]},{\"@type\":\"WebSite\",\"@id\":\"https:\/\/www.suno.com.br\/noticias\/#website\",\"url\":\"https:\/\/www.suno.com.br\/noticias\/\",\"name\":\"Suno Not\u00edcias\",\"description\":\"Seu portal de informa\u00e7\u00e3o sobre o mundo dos investimentos\",\"publisher\":{\"@id\":\"https:\/\/www.suno.com.br\/noticias\/#organization\"},\"potentialAction\":[{\"@type\":\"SearchAction\",\"target\":{\"@type\":\"EntryPoint\",\"urlTemplate\":\"https:\/\/www.suno.com.br\/noticias\/?s={search_term_string}\"},\"query-input\":{\"@type\":\"PropertyValueSpecification\",\"valueRequired\":true,\"valueName\":\"search_term_string\"}}],\"inLanguage\":\"pt-BR\"},{\"@type\":\"Organization\",\"@id\":\"https:\/\/www.suno.com.br\/noticias\/#organization\",\"name\":\"Suno Not\u00edcias\",\"url\":\"https:\/\/www.suno.com.br\/noticias\/\",\"logo\":{\"@type\":\"ImageObject\",\"inLanguage\":\"pt-BR\",\"@id\":\"https:\/\/www.suno.com.br\/noticias\/#\/schema\/logo\/image\/\",\"url\":\"https:\/\/files.sunoresearch.com.br\/n\/uploads\/2021\/09\/suno-logo.png\",\"contentUrl\":\"https:\/\/files.sunoresearch.com.br\/n\/uploads\/2021\/09\/suno-logo.png\",\"width\":180,\"height\":180,\"caption\":\"Suno Not\u00edcias\"},\"image\":{\"@id\":\"https:\/\/www.suno.com.br\/noticias\/#\/schema\/logo\/image\/\"},\"sameAs\":[\"https:\/\/facebook.com\/sunoresearch\",\"https:\/\/x.com\/sunoresearch\",\"https:\/\/www.instagram.com\/suno\",\"https:\/\/www.linkedin.com\/company\/suno-research\/\",\"https:\/\/www.youtube.com\/c\/sunoresearch\"]},{\"@type\":\"Person\",\"@id\":\"https:\/\/www.suno.com.br\/noticias\/#\/schema\/person\/3df0d2808748b74496efe5dbeaef2c72\",\"name\":\"Laura Moutinho\",\"image\":{\"@type\":\"ImageObject\",\"inLanguage\":\"pt-BR\",\"@id\":\"https:\/\/www.suno.com.br\/noticias\/#\/schema\/person\/image\/\",\"url\":\"https:\/\/secure.gravatar.com\/avatar\/7571c7c8ca3a6fca5e41384ece5557ff?s=96&r=g\",\"contentUrl\":\"https:\/\/secure.gravatar.com\/avatar\/7571c7c8ca3a6fca5e41384ece5557ff?s=96&r=g\",\"caption\":\"Laura Moutinho\"},\"description\":\"Estagi\u00e1ria na Suno Not\u00edcias, escreve not\u00edcias que afetam o mercado financeiro. Estuda administra\u00e7\u00e3o na Universidade Presbiteriana Mackenzie.\",\"url\":\"https:\/\/www.suno.com.br\/noticias\/author\/laura-moutinho\/\"}]}<\/script>\n<!-- \/ Yoast SEO plugin. -->","yoast_head_json":{"title":"BC: 'a partir de determinado ponto' \u00e9 necess\u00e1rio cautela em cortes da Selic","description":"O BC informou que \"a partir de um ponto, tenho que testar limites (de cortes da Selic) de forma mais suave\". Clique aqui para saber mais.","robots":{"index":"index","follow":"follow","max-snippet":"max-snippet:-1","max-image-preview":"max-image-preview:large","max-video-preview":"max-video-preview:-1"},"canonical":"https:\/\/www.suno.com.br\/noticias\/bc-a-partir-de-determinado-ponto-e-necessario-cautela-em-cortes-da-selic\/","og_locale":"pt_BR","og_type":"article","og_title":"BC: 'a partir de determinado ponto' \u00e9 necess\u00e1rio cautela em cortes da Selic","og_description":"O BC informou que \"a partir de um ponto, tenho que testar limites (de cortes da Selic) de forma mais suave\". Clique aqui para saber mais.","og_url":"https:\/\/www.suno.com.br\/noticias\/bc-a-partir-de-determinado-ponto-e-necessario-cautela-em-cortes-da-selic\/","og_site_name":"Suno Not\u00edcias","article_publisher":"https:\/\/facebook.com\/sunoresearch","og_image":[{"width":1140,"height":760,"url":"https:\/\/files.sunoresearch.com.br\/n\/uploads\/2018\/08\/01de987d-banco-central.jpg","type":"image\/jpeg"}],"author":"Laura Moutinho","twitter_card":"summary_large_image","twitter_creator":"@sunoresearch","twitter_site":"@sunoresearch","twitter_misc":{"Escrito por":"Laura Moutinho","Est. tempo de leitura":"2 minutos"},"schema":{"@context":"https:\/\/schema.org","@graph":[{"@type":"NewsArticle","@id":"https:\/\/www.suno.com.br\/noticias\/bc-a-partir-de-determinado-ponto-e-necessario-cautela-em-cortes-da-selic\/#article","isPartOf":{"@id":"https:\/\/www.suno.com.br\/noticias\/bc-a-partir-de-determinado-ponto-e-necessario-cautela-em-cortes-da-selic\/"},"author":{"name":"Laura Moutinho","@id":"https:\/\/www.suno.com.br\/noticias\/#\/schema\/person\/3df0d2808748b74496efe5dbeaef2c72"},"headline":"BC: &#8216;a partir de determinado ponto&#8217; \u00e9 necess\u00e1rio cautela em cortes da Selic","datePublished":"2020-05-22T22:27:50+00:00","mainEntityOfPage":{"@id":"https:\/\/www.suno.com.br\/noticias\/bc-a-partir-de-determinado-ponto-e-necessario-cautela-em-cortes-da-selic\/"},"wordCount":494,"publisher":{"@id":"https:\/\/www.suno.com.br\/noticias\/#organization"},"image":{"@id":"https:\/\/www.suno.com.br\/noticias\/bc-a-partir-de-determinado-ponto-e-necessario-cautela-em-cortes-da-selic\/#primaryimage"},"thumbnailUrl":"https:\/\/files.sunoresearch.com.br\/n\/uploads\/2018\/08\/01de987d-banco-central-jpg.webp","keywords":["Banco Central (BC)","Taxa Selic"],"articleSection":["Economia"],"inLanguage":"pt-BR"},{"@type":"WebPage","@id":"https:\/\/www.suno.com.br\/noticias\/bc-a-partir-de-determinado-ponto-e-necessario-cautela-em-cortes-da-selic\/","url":"https:\/\/www.suno.com.br\/noticias\/bc-a-partir-de-determinado-ponto-e-necessario-cautela-em-cortes-da-selic\/","name":"BC: 'a partir de determinado ponto' \u00e9 necess\u00e1rio cautela em cortes da Selic","isPartOf":{"@id":"https:\/\/www.suno.com.br\/noticias\/#website"},"primaryImageOfPage":{"@id":"https:\/\/www.suno.com.br\/noticias\/bc-a-partir-de-determinado-ponto-e-necessario-cautela-em-cortes-da-selic\/#primaryimage"},"image":{"@id":"https:\/\/www.suno.com.br\/noticias\/bc-a-partir-de-determinado-ponto-e-necessario-cautela-em-cortes-da-selic\/#primaryimage"},"thumbnailUrl":"https:\/\/files.sunoresearch.com.br\/n\/uploads\/2018\/08\/01de987d-banco-central-jpg.webp","datePublished":"2020-05-22T22:27:50+00:00","description":"O BC informou que \"a partir de um ponto, tenho que testar limites (de cortes da Selic) de forma mais suave\". Clique aqui para saber mais.","breadcrumb":{"@id":"https:\/\/www.suno.com.br\/noticias\/bc-a-partir-de-determinado-ponto-e-necessario-cautela-em-cortes-da-selic\/#breadcrumb"},"inLanguage":"pt-BR","potentialAction":[{"@type":"ReadAction","target":["https:\/\/www.suno.com.br\/noticias\/bc-a-partir-de-determinado-ponto-e-necessario-cautela-em-cortes-da-selic\/"]}]},{"@type":"ImageObject","inLanguage":"pt-BR","@id":"https:\/\/www.suno.com.br\/noticias\/bc-a-partir-de-determinado-ponto-e-necessario-cautela-em-cortes-da-selic\/#primaryimage","url":"https:\/\/files.sunoresearch.com.br\/n\/uploads\/2018\/08\/01de987d-banco-central-jpg.webp","contentUrl":"https:\/\/files.sunoresearch.com.br\/n\/uploads\/2018\/08\/01de987d-banco-central-jpg.webp","width":1140,"height":760,"caption":"BC: a partir de determinado ponto \u00e9 necess\u00e1rio cautela em cortes da Selic"},{"@type":"BreadcrumbList","@id":"https:\/\/www.suno.com.br\/noticias\/bc-a-partir-de-determinado-ponto-e-necessario-cautela-em-cortes-da-selic\/#breadcrumb","itemListElement":[{"@type":"ListItem","position":1,"name":"Not\u00edcias","item":"https:\/\/www.suno.com.br\/noticias\/"},{"@type":"ListItem","position":2,"name":"Economia","item":"https:\/\/www.suno.com.br\/noticias\/economia\/"},{"@type":"ListItem","position":3,"name":"BC: &#8216;a partir de determinado ponto&#8217; \u00e9 necess\u00e1rio cautela em cortes da Selic"}]},{"@type":"WebSite","@id":"https:\/\/www.suno.com.br\/noticias\/#website","url":"https:\/\/www.suno.com.br\/noticias\/","name":"Suno Not\u00edcias","description":"Seu portal de informa\u00e7\u00e3o sobre o mundo dos investimentos","publisher":{"@id":"https:\/\/www.suno.com.br\/noticias\/#organization"},"potentialAction":[{"@type":"SearchAction","target":{"@type":"EntryPoint","urlTemplate":"https:\/\/www.suno.com.br\/noticias\/?s={search_term_string}"},"query-input":{"@type":"PropertyValueSpecification","valueRequired":true,"valueName":"search_term_string"}}],"inLanguage":"pt-BR"},{"@type":"Organization","@id":"https:\/\/www.suno.com.br\/noticias\/#organization","name":"Suno Not\u00edcias","url":"https:\/\/www.suno.com.br\/noticias\/","logo":{"@type":"ImageObject","inLanguage":"pt-BR","@id":"https:\/\/www.suno.com.br\/noticias\/#\/schema\/logo\/image\/","url":"https:\/\/files.sunoresearch.com.br\/n\/uploads\/2021\/09\/suno-logo.png","contentUrl":"https:\/\/files.sunoresearch.com.br\/n\/uploads\/2021\/09\/suno-logo.png","width":180,"height":180,"caption":"Suno Not\u00edcias"},"image":{"@id":"https:\/\/www.suno.com.br\/noticias\/#\/schema\/logo\/image\/"},"sameAs":["https:\/\/facebook.com\/sunoresearch","https:\/\/x.com\/sunoresearch","https:\/\/www.instagram.com\/suno","https:\/\/www.linkedin.com\/company\/suno-research\/","https:\/\/www.youtube.com\/c\/sunoresearch"]},{"@type":"Person","@id":"https:\/\/www.suno.com.br\/noticias\/#\/schema\/person\/3df0d2808748b74496efe5dbeaef2c72","name":"Laura Moutinho","image":{"@type":"ImageObject","inLanguage":"pt-BR","@id":"https:\/\/www.suno.com.br\/noticias\/#\/schema\/person\/image\/","url":"https:\/\/secure.gravatar.com\/avatar\/7571c7c8ca3a6fca5e41384ece5557ff?s=96&r=g","contentUrl":"https:\/\/secure.gravatar.com\/avatar\/7571c7c8ca3a6fca5e41384ece5557ff?s=96&r=g","caption":"Laura Moutinho"},"description":"Estagi\u00e1ria na Suno Not\u00edcias, escreve not\u00edcias que afetam o mercado financeiro. Estuda administra\u00e7\u00e3o na Universidade Presbiteriana Mackenzie.","url":"https:\/\/www.suno.com.br\/noticias\/author\/laura-moutinho\/"}]}},"default_loop_html":"<div class=\"cardsPage__listCard__boxs\"><div class=\"cardsPage__listCard__boxs__img\"><a href=\"https:\/\/www.suno.com.br\/noticias\/bc-a-partir-de-determinado-ponto-e-necessario-cautela-em-cortes-da-selic\/\"><img class=\"mask\" src=\"https:\/\/www.suno.com.br\/noticias\/wp-content\/themes\/suno\/resources\/images\/spotlight\/spotlight1img\/bg-mask.png\" alt=\"Image Mask\"\/><img src=\"https:\/\/files.sunoresearch.com.br\/n\/uploads\/2018\/08\/01de987d-banco-central-400x200.webp\" alt=\"BC: &#8216;a partir de determinado ponto&#8217; \u00e9 necess\u00e1rio cautela em cortes da Selic\"\/><\/a><span class=\"spotlightCategory\"><a href=\"https:\/\/www.suno.com.br\/noticias\/economia\/\">Economia<\/a><\/span><\/div><div class=\"cardsPage__listCard__boxs__content\"><a href=\"https:\/\/www.suno.com.br\/noticias\/bc-a-partir-de-determinado-ponto-e-necessario-cautela-em-cortes-da-selic\/\"><h2 class=\"content__title\">BC: &#8216;a partir de determinado ponto&#8217; \u00e9 necess\u00e1rio cautela em cortes da Selic<\/h2><\/a><div class=\"newsContent__article__meta\"><div class=\"newsContent__article__meta__authorBox\"><a href=\"https:\/\/www.suno.com.br\/noticias\/author\/laura-moutinho\/\" class=\"authorBox__avatar noMobi\"><img src=\"https:\/\/files.sunoresearch.com.br\/n\/uploads\/2020\/08\/531ff69d-whatsapp-image-2020-08-03-at-14.54.38-150x150.webp\" alt=\"Laura Moutinho\"><\/a><div class=\"authorBox__name\"><span>por\n\t\t\t<a href=\"https:\/\/www.suno.com.br\/noticias\/author\/laura-moutinho\/\"><span itemprop=\"author\">Laura Moutinho<\/span><\/a><\/span><time datetime=\"2020-05-22T19:27:50-03:00\" itemprop=\"datePublished\">22\/05\/2020 19:27<\/time><\/div><\/div><\/div><\/div><\/div>","single_layout":"posts","amp_enabled":true,"_links":{"self":[{"href":"https:\/\/www.suno.com.br\/noticias\/wp-json\/wp\/v2\/posts\/65893"}],"collection":[{"href":"https:\/\/www.suno.com.br\/noticias\/wp-json\/wp\/v2\/posts"}],"about":[{"href":"https:\/\/www.suno.com.br\/noticias\/wp-json\/wp\/v2\/types\/post"}],"author":[{"embeddable":true,"href":"https:\/\/www.suno.com.br\/noticias\/wp-json\/wp\/v2\/users\/39"}],"replies":[{"embeddable":true,"href":"https:\/\/www.suno.com.br\/noticias\/wp-json\/wp\/v2\/comments?post=65893"}],"version-history":[{"count":0,"href":"https:\/\/www.suno.com.br\/noticias\/wp-json\/wp\/v2\/posts\/65893\/revisions"}],"wp:featuredmedia":[{"embeddable":true,"href":"https:\/\/www.suno.com.br\/noticias\/wp-json\/wp\/v2\/media\/2971"}],"wp:attachment":[{"href":"https:\/\/www.suno.com.br\/noticias\/wp-json\/wp\/v2\/media?parent=65893"}],"wp:term":[{"taxonomy":"category","embeddable":true,"href":"https:\/\/www.suno.com.br\/noticias\/wp-json\/wp\/v2\/categories?post=65893"},{"taxonomy":"post_tag","embeddable":true,"href":"https:\/\/www.suno.com.br\/noticias\/wp-json\/wp\/v2\/tags?post=65893"},{"taxonomy":"suno_strategy","embeddable":true,"href":"https:\/\/www.suno.com.br\/noticias\/wp-json\/wp\/v2\/suno_strategy?post=65893"}],"curies":[{"name":"wp","href":"https:\/\/api.w.org\/{rel}","templated":true}]}}