{"id":65864,"date":"2020-05-22T15:16:41","date_gmt":"2020-05-22T18:16:41","guid":{"rendered":"https:\/\/www.suno.com.br\/noticias\/?p=65864"},"modified":"2020-05-22T15:16:41","modified_gmt":"2020-05-22T18:16:41","slug":"bce-ata-afrouxar-politica-monetaria-novamente-junho","status":"publish","type":"post","link":"https:\/\/www.suno.com.br\/noticias\/bce-ata-afrouxar-politica-monetaria-novamente-junho\/","title":{"rendered":"BCE indica, em ata, que pode afrouxar a pol\u00edtica monet\u00e1ria novamente em junho"},"content":{"rendered":"<p>O <a href=\"https:\/\/www.suno.com.br\/artigos\/bce\/\">Banco Central Europeu<\/a> (<strong>BCE<\/strong>), em ata da reuni\u00e3o de abril divulgada nesta sexta-feira (22), afirmou que est\u00e1 \u201ctotalmente preparado\u201d para afrouxar a <a href=\"https:\/\/www.suno.com.br\/artigos\/politica-monetaria\/\">pol\u00edtica monet\u00e1ria<\/a> novamente a partir de junho. O objetivo \u00e9 dar mais est\u00edmulo \u00e0 economia, que j\u00e1 est\u00e1 sentindo o choque em suas atividades devido \u00e0 pandemia de <a href=\"https:\/\/www.suno.com.br\/noticias\/tags\/covid-19\/\">coronav\u00edrus (Covid-19)<\/a>. As informa\u00e7\u00f5es fora publicadas pela ag\u00eancia &#8220;Reuters&#8221;.<\/p>\t<div class=\"wrapper-featured-image\">\n\t\t<figure class=\"spotlightImg\">\n\n\t\t\t<picture>\n\t\t\t\t<source media=\"(max-width: 768px)\" srcset=\"https:\/\/files.sunoresearch.com.br\/n\/uploads\/2019\/09\/22a9a642-bce-400x200.webp\">\n\t\t\t\t<img loading=\"lazy\" decoding=\"async\" class=\"newsContent__article__imgCapa lazyloadDisabled newsContent__article__imgCapa--noCaption\" src=\"https:\/\/files.sunoresearch.com.br\/n\/uploads\/2019\/09\/22a9a642-bce-800x450.webp\" width=\"800\" height=\"450\" alt=\"BCE indica, em ata, que pode afrouxar a pol\u00edtica monet\u00e1ria novamente em junho\" fetchpriority=high \/>\n\t\t\t<\/picture>\n\n\t\t\t<figcaption class=\"wp-caption-text wp-caption-text--hide\">BCE <\/figcaption>\n\t\t<\/figure>\n\t<\/div>\n\n\n\n<p>O BCE divulgou, recentemente, diversas medidas que ser\u00e3o tomadas para diminuir a recess\u00e3o econ\u00f4mica decorrente dos efeitos da pandemia de coronav\u00edrus. Entre elas est\u00e1 a compra de 1,1 trilh\u00e3o de euros em t\u00edtulos e empr\u00e9stimos a taxas profundamente negativas. As autoridades de pol\u00edtica monet\u00e1ria, entretanto, est\u00e3o com receio e estimam que isso n\u00e3o ser\u00e1 o suficiente.<\/p>\n<p><a href=\"https:\/\/lp.suno.com.br\/suno-one\/\">Garanta acesso gratuito \u00e0 eBooks, Minicursos, Artigos e Video Aulas com um \u00fanico cadastro. Clique para saber mais.<\/a><\/p>\n<p>\u201cEle [o Conselho do BCE] estava totalmente preparado para aumentar o tamanho do Programa de Compra de Emerg\u00eancias Pand\u00eamicas (PEPP) e ajustar sua composi\u00e7\u00e3o, e potencialmente seus outros instrumentos, se, \u00e0 luz das informa\u00e7\u00f5es disponibilizadas antes da reuni\u00e3o de junho, julgasse que a escala do est\u00edmulo estava aqu\u00e9m do necess\u00e1rio\u201d, comunicou o BCE.<\/p>\n<p>No dia 4 de junho, as autoridades ir\u00e3o se reunir para fazer novas decis\u00f5es a respeito da pol\u00edtica monet\u00e1ria que influenciar\u00e1 os pa\u00edses da Zona do Euro. Mesmo com o adiamento do ajuste de compras de t\u00edtulos em abril, por parte das autoridades, a ata provavelmente estimular\u00e1 especula\u00e7\u00f5es da medida na pr\u00f3xima reuni\u00e3o.<\/p>\n<h2>O que \u00e9 o PEPP criado pelo BCE?<\/h2>\n<p>O PEPP \u00e9 o Programa de Compra de Emerg\u00eancia Pand\u00eamica do BCE. Ou seja, consiste em uma medida de pol\u00edtica monet\u00e1ria n\u00e3o padronizada iniciada em mar\u00e7o deste ano para combater os s\u00e9rios riscos ao mecanismo de transmiss\u00e3o da pol\u00edtica monet\u00e1ria e as perspectivas para a \u00e1rea do euro representadas pela pandemia do novo coronav\u00edrus.<\/p>\n<p><a href=\"https:\/\/www.suno.com.br\/noticias\/inflacao-da-zona-do-euro-desacelera-03-em-abril-a-menor-em-4-anos\/\">Veja tamb\u00e9m: Infla\u00e7\u00e3o da zona do euro desacelera 0,3% em abril, a menor em 4 anos<\/a><\/p>\n<p>&#8220;O PEPP \u00e9 um programa tempor\u00e1rio de compra de ativos de t\u00edtulos do setor p\u00fablico e privado, que possui um envelope total de 750 bilh\u00f5es de euros. Todas as categorias de ativos eleg\u00edveis no programa de compra de ativos (APP) existente tamb\u00e9m s\u00e3o eleg\u00edveis no novo programa&#8221;, informa o <strong>BCE<\/strong> em seu site.<\/p>\n\n","protected":false},"excerpt":{"rendered":"<p>O Banco Central Europeu (BCE), em ata da reuni\u00e3o de abril divulgada nesta sexta-feira (22), afirmou que est\u00e1 \u201ctotalmente preparado\u201d para afrouxar a pol\u00edtica monet\u00e1ria novamente a partir de junho. O objetivo \u00e9 dar mais est\u00edmulo \u00e0 economia, que j\u00e1 est\u00e1 sentindo o choque em suas atividades devido \u00e0 pandemia de coronav\u00edrus (Covid-19). As informa\u00e7\u00f5es [&hellip;]<\/p>\n","protected":false},"author":19,"featured_media":37310,"comment_status":"closed","ping_status":"closed","sticky":false,"template":"","format":"standard","meta":[],"categories":[63],"tags":[863],"suno_strategy":[],"class_list":["post-65864","post","type-post","status-publish","format-standard","has-post-thumbnail","hentry","category-internacional","tag-banco-central-europeu-bce"],"yoast_head":"<!-- This site is optimized with the Yoast SEO plugin v24.4 - https:\/\/yoast.com\/wordpress\/plugins\/seo\/ -->\n<title>BCE indica em ata que pode afrouxar a pol\u00edtica monet\u00e1ria novamente<\/title>\n<meta name=\"description\" content=\"O Banco Central Europeu (BCE) afirmou que est\u00e1 \u201ctotalmente preparado\u201d para afrouxar a pol\u00edtica monet\u00e1ria novamente a partir de junho.\" \/>\n<meta name=\"robots\" content=\"index, follow, max-snippet:-1, max-image-preview:large, max-video-preview:-1\" \/>\n<link rel=\"canonical\" href=\"https:\/\/www.suno.com.br\/noticias\/bce-ata-afrouxar-politica-monetaria-novamente-junho\/\" \/>\n<meta property=\"og:locale\" content=\"pt_BR\" \/>\n<meta property=\"og:type\" content=\"article\" \/>\n<meta property=\"og:title\" content=\"BCE indica em ata que pode afrouxar a pol\u00edtica monet\u00e1ria novamente\" \/>\n<meta property=\"og:description\" content=\"O Banco Central Europeu (BCE) afirmou que est\u00e1 \u201ctotalmente preparado\u201d para afrouxar a pol\u00edtica monet\u00e1ria novamente a partir de junho.\" \/>\n<meta property=\"og:url\" content=\"https:\/\/www.suno.com.br\/noticias\/bce-ata-afrouxar-politica-monetaria-novamente-junho\/\" \/>\n<meta property=\"og:site_name\" content=\"Suno Not\u00edcias\" \/>\n<meta property=\"article:publisher\" content=\"https:\/\/facebook.com\/sunoresearch\" \/>\n<meta property=\"og:image\" content=\"https:\/\/files.sunoresearch.com.br\/n\/uploads\/2019\/09\/22a9a642-bce-1024x614.jpg\" \/>\n\t<meta property=\"og:image:width\" content=\"1024\" \/>\n\t<meta property=\"og:image:height\" content=\"614\" \/>\n\t<meta property=\"og:image:type\" content=\"image\/jpeg\" \/>\n<meta name=\"author\" content=\"Juliano Passaro\" \/>\n<meta name=\"twitter:card\" content=\"summary_large_image\" \/>\n<meta name=\"twitter:creator\" content=\"@sunoresearch\" \/>\n<meta name=\"twitter:site\" content=\"@sunoresearch\" \/>\n<meta name=\"twitter:label1\" content=\"Escrito por\" \/>\n\t<meta name=\"twitter:data1\" content=\"Juliano Passaro\" \/>\n\t<meta name=\"twitter:label2\" content=\"Est. tempo de leitura\" \/>\n\t<meta name=\"twitter:data2\" content=\"2 minutos\" \/>\n<script type=\"application\/ld+json\" class=\"yoast-schema-graph\">{\"@context\":\"https:\/\/schema.org\",\"@graph\":[{\"@type\":\"NewsArticle\",\"@id\":\"https:\/\/www.suno.com.br\/noticias\/bce-ata-afrouxar-politica-monetaria-novamente-junho\/#article\",\"isPartOf\":{\"@id\":\"https:\/\/www.suno.com.br\/noticias\/bce-ata-afrouxar-politica-monetaria-novamente-junho\/\"},\"author\":{\"name\":\"Juliano Passaro\",\"@id\":\"https:\/\/www.suno.com.br\/noticias\/#\/schema\/person\/1db762f78ffd8919a648a63e425953e3\"},\"headline\":\"BCE indica, em ata, que pode afrouxar a pol\u00edtica monet\u00e1ria novamente em junho\",\"datePublished\":\"2020-05-22T18:16:41+00:00\",\"mainEntityOfPage\":{\"@id\":\"https:\/\/www.suno.com.br\/noticias\/bce-ata-afrouxar-politica-monetaria-novamente-junho\/\"},\"wordCount\":436,\"publisher\":{\"@id\":\"https:\/\/www.suno.com.br\/noticias\/#organization\"},\"image\":{\"@id\":\"https:\/\/www.suno.com.br\/noticias\/bce-ata-afrouxar-politica-monetaria-novamente-junho\/#primaryimage\"},\"thumbnailUrl\":\"https:\/\/files.sunoresearch.com.br\/n\/uploads\/2019\/09\/22a9a642-bce-jpg.webp\",\"keywords\":[\"Banco Central Europeu (BCE)\"],\"articleSection\":[\"Internacional\"],\"inLanguage\":\"pt-BR\"},{\"@type\":\"WebPage\",\"@id\":\"https:\/\/www.suno.com.br\/noticias\/bce-ata-afrouxar-politica-monetaria-novamente-junho\/\",\"url\":\"https:\/\/www.suno.com.br\/noticias\/bce-ata-afrouxar-politica-monetaria-novamente-junho\/\",\"name\":\"BCE indica em ata que pode afrouxar a pol\u00edtica monet\u00e1ria novamente\",\"isPartOf\":{\"@id\":\"https:\/\/www.suno.com.br\/noticias\/#website\"},\"primaryImageOfPage\":{\"@id\":\"https:\/\/www.suno.com.br\/noticias\/bce-ata-afrouxar-politica-monetaria-novamente-junho\/#primaryimage\"},\"image\":{\"@id\":\"https:\/\/www.suno.com.br\/noticias\/bce-ata-afrouxar-politica-monetaria-novamente-junho\/#primaryimage\"},\"thumbnailUrl\":\"https:\/\/files.sunoresearch.com.br\/n\/uploads\/2019\/09\/22a9a642-bce-jpg.webp\",\"datePublished\":\"2020-05-22T18:16:41+00:00\",\"description\":\"O Banco Central Europeu (BCE) afirmou que est\u00e1 \u201ctotalmente preparado\u201d para afrouxar a pol\u00edtica monet\u00e1ria novamente a partir de junho.\",\"breadcrumb\":{\"@id\":\"https:\/\/www.suno.com.br\/noticias\/bce-ata-afrouxar-politica-monetaria-novamente-junho\/#breadcrumb\"},\"inLanguage\":\"pt-BR\",\"potentialAction\":[{\"@type\":\"ReadAction\",\"target\":[\"https:\/\/www.suno.com.br\/noticias\/bce-ata-afrouxar-politica-monetaria-novamente-junho\/\"]}]},{\"@type\":\"ImageObject\",\"inLanguage\":\"pt-BR\",\"@id\":\"https:\/\/www.suno.com.br\/noticias\/bce-ata-afrouxar-politica-monetaria-novamente-junho\/#primaryimage\",\"url\":\"https:\/\/files.sunoresearch.com.br\/n\/uploads\/2019\/09\/22a9a642-bce-jpg.webp\",\"contentUrl\":\"https:\/\/files.sunoresearch.com.br\/n\/uploads\/2019\/09\/22a9a642-bce-jpg.webp\",\"width\":2560,\"height\":1536,\"caption\":\"BCE\"},{\"@type\":\"BreadcrumbList\",\"@id\":\"https:\/\/www.suno.com.br\/noticias\/bce-ata-afrouxar-politica-monetaria-novamente-junho\/#breadcrumb\",\"itemListElement\":[{\"@type\":\"ListItem\",\"position\":1,\"name\":\"Not\u00edcias\",\"item\":\"https:\/\/www.suno.com.br\/noticias\/\"},{\"@type\":\"ListItem\",\"position\":2,\"name\":\"Internacional\",\"item\":\"https:\/\/www.suno.com.br\/noticias\/internacional\/\"},{\"@type\":\"ListItem\",\"position\":3,\"name\":\"BCE indica, em ata, que pode afrouxar a pol\u00edtica monet\u00e1ria novamente em junho\"}]},{\"@type\":\"WebSite\",\"@id\":\"https:\/\/www.suno.com.br\/noticias\/#website\",\"url\":\"https:\/\/www.suno.com.br\/noticias\/\",\"name\":\"Suno Not\u00edcias\",\"description\":\"Seu portal de informa\u00e7\u00e3o sobre o mundo dos investimentos\",\"publisher\":{\"@id\":\"https:\/\/www.suno.com.br\/noticias\/#organization\"},\"potentialAction\":[{\"@type\":\"SearchAction\",\"target\":{\"@type\":\"EntryPoint\",\"urlTemplate\":\"https:\/\/www.suno.com.br\/noticias\/?s={search_term_string}\"},\"query-input\":{\"@type\":\"PropertyValueSpecification\",\"valueRequired\":true,\"valueName\":\"search_term_string\"}}],\"inLanguage\":\"pt-BR\"},{\"@type\":\"Organization\",\"@id\":\"https:\/\/www.suno.com.br\/noticias\/#organization\",\"name\":\"Suno Not\u00edcias\",\"url\":\"https:\/\/www.suno.com.br\/noticias\/\",\"logo\":{\"@type\":\"ImageObject\",\"inLanguage\":\"pt-BR\",\"@id\":\"https:\/\/www.suno.com.br\/noticias\/#\/schema\/logo\/image\/\",\"url\":\"https:\/\/files.sunoresearch.com.br\/n\/uploads\/2021\/09\/suno-logo.png\",\"contentUrl\":\"https:\/\/files.sunoresearch.com.br\/n\/uploads\/2021\/09\/suno-logo.png\",\"width\":180,\"height\":180,\"caption\":\"Suno Not\u00edcias\"},\"image\":{\"@id\":\"https:\/\/www.suno.com.br\/noticias\/#\/schema\/logo\/image\/\"},\"sameAs\":[\"https:\/\/facebook.com\/sunoresearch\",\"https:\/\/x.com\/sunoresearch\",\"https:\/\/www.instagram.com\/suno\",\"https:\/\/www.linkedin.com\/company\/suno-research\/\",\"https:\/\/www.youtube.com\/c\/sunoresearch\"]},{\"@type\":\"Person\",\"@id\":\"https:\/\/www.suno.com.br\/noticias\/#\/schema\/person\/1db762f78ffd8919a648a63e425953e3\",\"name\":\"Juliano Passaro\",\"image\":{\"@type\":\"ImageObject\",\"inLanguage\":\"pt-BR\",\"@id\":\"https:\/\/www.suno.com.br\/noticias\/#\/schema\/person\/image\/\",\"url\":\"https:\/\/secure.gravatar.com\/avatar\/743d4df28eebf6dcc46b4ad03c319e92?s=96&r=g\",\"contentUrl\":\"https:\/\/secure.gravatar.com\/avatar\/743d4df28eebf6dcc46b4ad03c319e92?s=96&r=g\",\"caption\":\"Juliano Passaro\"},\"description\":\"Juliano Passaro escreve sobre pol\u00edtica, economia e neg\u00f3cios para o portal da Suno Research. Antes da Suno, trabalhou no Portal da Band. \u00c9 formado em jornalismo pela Universidade Presbiteriana Mackenzie.\",\"url\":\"https:\/\/www.suno.com.br\/noticias\/author\/juliano\/\"}]}<\/script>\n<!-- \/ Yoast SEO plugin. -->","yoast_head_json":{"title":"BCE indica em ata que pode afrouxar a pol\u00edtica monet\u00e1ria novamente","description":"O Banco Central Europeu (BCE) afirmou que est\u00e1 \u201ctotalmente preparado\u201d para afrouxar a pol\u00edtica monet\u00e1ria novamente a partir de junho.","robots":{"index":"index","follow":"follow","max-snippet":"max-snippet:-1","max-image-preview":"max-image-preview:large","max-video-preview":"max-video-preview:-1"},"canonical":"https:\/\/www.suno.com.br\/noticias\/bce-ata-afrouxar-politica-monetaria-novamente-junho\/","og_locale":"pt_BR","og_type":"article","og_title":"BCE indica em ata que pode afrouxar a pol\u00edtica monet\u00e1ria novamente","og_description":"O Banco Central Europeu (BCE) afirmou que est\u00e1 \u201ctotalmente preparado\u201d para afrouxar a pol\u00edtica monet\u00e1ria novamente a partir de junho.","og_url":"https:\/\/www.suno.com.br\/noticias\/bce-ata-afrouxar-politica-monetaria-novamente-junho\/","og_site_name":"Suno Not\u00edcias","article_publisher":"https:\/\/facebook.com\/sunoresearch","og_image":[{"width":1024,"height":614,"url":"https:\/\/files.sunoresearch.com.br\/n\/uploads\/2019\/09\/22a9a642-bce-1024x614.jpg","type":"image\/jpeg"}],"author":"Juliano Passaro","twitter_card":"summary_large_image","twitter_creator":"@sunoresearch","twitter_site":"@sunoresearch","twitter_misc":{"Escrito por":"Juliano Passaro","Est. tempo de leitura":"2 minutos"},"schema":{"@context":"https:\/\/schema.org","@graph":[{"@type":"NewsArticle","@id":"https:\/\/www.suno.com.br\/noticias\/bce-ata-afrouxar-politica-monetaria-novamente-junho\/#article","isPartOf":{"@id":"https:\/\/www.suno.com.br\/noticias\/bce-ata-afrouxar-politica-monetaria-novamente-junho\/"},"author":{"name":"Juliano Passaro","@id":"https:\/\/www.suno.com.br\/noticias\/#\/schema\/person\/1db762f78ffd8919a648a63e425953e3"},"headline":"BCE indica, em ata, que pode afrouxar a pol\u00edtica monet\u00e1ria novamente em junho","datePublished":"2020-05-22T18:16:41+00:00","mainEntityOfPage":{"@id":"https:\/\/www.suno.com.br\/noticias\/bce-ata-afrouxar-politica-monetaria-novamente-junho\/"},"wordCount":436,"publisher":{"@id":"https:\/\/www.suno.com.br\/noticias\/#organization"},"image":{"@id":"https:\/\/www.suno.com.br\/noticias\/bce-ata-afrouxar-politica-monetaria-novamente-junho\/#primaryimage"},"thumbnailUrl":"https:\/\/files.sunoresearch.com.br\/n\/uploads\/2019\/09\/22a9a642-bce-jpg.webp","keywords":["Banco Central Europeu (BCE)"],"articleSection":["Internacional"],"inLanguage":"pt-BR"},{"@type":"WebPage","@id":"https:\/\/www.suno.com.br\/noticias\/bce-ata-afrouxar-politica-monetaria-novamente-junho\/","url":"https:\/\/www.suno.com.br\/noticias\/bce-ata-afrouxar-politica-monetaria-novamente-junho\/","name":"BCE indica em ata que pode afrouxar a pol\u00edtica monet\u00e1ria novamente","isPartOf":{"@id":"https:\/\/www.suno.com.br\/noticias\/#website"},"primaryImageOfPage":{"@id":"https:\/\/www.suno.com.br\/noticias\/bce-ata-afrouxar-politica-monetaria-novamente-junho\/#primaryimage"},"image":{"@id":"https:\/\/www.suno.com.br\/noticias\/bce-ata-afrouxar-politica-monetaria-novamente-junho\/#primaryimage"},"thumbnailUrl":"https:\/\/files.sunoresearch.com.br\/n\/uploads\/2019\/09\/22a9a642-bce-jpg.webp","datePublished":"2020-05-22T18:16:41+00:00","description":"O Banco Central Europeu (BCE) afirmou que est\u00e1 \u201ctotalmente preparado\u201d para afrouxar a pol\u00edtica monet\u00e1ria novamente a partir de junho.","breadcrumb":{"@id":"https:\/\/www.suno.com.br\/noticias\/bce-ata-afrouxar-politica-monetaria-novamente-junho\/#breadcrumb"},"inLanguage":"pt-BR","potentialAction":[{"@type":"ReadAction","target":["https:\/\/www.suno.com.br\/noticias\/bce-ata-afrouxar-politica-monetaria-novamente-junho\/"]}]},{"@type":"ImageObject","inLanguage":"pt-BR","@id":"https:\/\/www.suno.com.br\/noticias\/bce-ata-afrouxar-politica-monetaria-novamente-junho\/#primaryimage","url":"https:\/\/files.sunoresearch.com.br\/n\/uploads\/2019\/09\/22a9a642-bce-jpg.webp","contentUrl":"https:\/\/files.sunoresearch.com.br\/n\/uploads\/2019\/09\/22a9a642-bce-jpg.webp","width":2560,"height":1536,"caption":"BCE"},{"@type":"BreadcrumbList","@id":"https:\/\/www.suno.com.br\/noticias\/bce-ata-afrouxar-politica-monetaria-novamente-junho\/#breadcrumb","itemListElement":[{"@type":"ListItem","position":1,"name":"Not\u00edcias","item":"https:\/\/www.suno.com.br\/noticias\/"},{"@type":"ListItem","position":2,"name":"Internacional","item":"https:\/\/www.suno.com.br\/noticias\/internacional\/"},{"@type":"ListItem","position":3,"name":"BCE indica, em ata, que pode afrouxar a pol\u00edtica monet\u00e1ria novamente em junho"}]},{"@type":"WebSite","@id":"https:\/\/www.suno.com.br\/noticias\/#website","url":"https:\/\/www.suno.com.br\/noticias\/","name":"Suno Not\u00edcias","description":"Seu portal de informa\u00e7\u00e3o sobre o mundo dos investimentos","publisher":{"@id":"https:\/\/www.suno.com.br\/noticias\/#organization"},"potentialAction":[{"@type":"SearchAction","target":{"@type":"EntryPoint","urlTemplate":"https:\/\/www.suno.com.br\/noticias\/?s={search_term_string}"},"query-input":{"@type":"PropertyValueSpecification","valueRequired":true,"valueName":"search_term_string"}}],"inLanguage":"pt-BR"},{"@type":"Organization","@id":"https:\/\/www.suno.com.br\/noticias\/#organization","name":"Suno Not\u00edcias","url":"https:\/\/www.suno.com.br\/noticias\/","logo":{"@type":"ImageObject","inLanguage":"pt-BR","@id":"https:\/\/www.suno.com.br\/noticias\/#\/schema\/logo\/image\/","url":"https:\/\/files.sunoresearch.com.br\/n\/uploads\/2021\/09\/suno-logo.png","contentUrl":"https:\/\/files.sunoresearch.com.br\/n\/uploads\/2021\/09\/suno-logo.png","width":180,"height":180,"caption":"Suno Not\u00edcias"},"image":{"@id":"https:\/\/www.suno.com.br\/noticias\/#\/schema\/logo\/image\/"},"sameAs":["https:\/\/facebook.com\/sunoresearch","https:\/\/x.com\/sunoresearch","https:\/\/www.instagram.com\/suno","https:\/\/www.linkedin.com\/company\/suno-research\/","https:\/\/www.youtube.com\/c\/sunoresearch"]},{"@type":"Person","@id":"https:\/\/www.suno.com.br\/noticias\/#\/schema\/person\/1db762f78ffd8919a648a63e425953e3","name":"Juliano Passaro","image":{"@type":"ImageObject","inLanguage":"pt-BR","@id":"https:\/\/www.suno.com.br\/noticias\/#\/schema\/person\/image\/","url":"https:\/\/secure.gravatar.com\/avatar\/743d4df28eebf6dcc46b4ad03c319e92?s=96&r=g","contentUrl":"https:\/\/secure.gravatar.com\/avatar\/743d4df28eebf6dcc46b4ad03c319e92?s=96&r=g","caption":"Juliano Passaro"},"description":"Juliano Passaro escreve sobre pol\u00edtica, economia e neg\u00f3cios para o portal da Suno Research. Antes da Suno, trabalhou no Portal da Band. \u00c9 formado em jornalismo pela Universidade Presbiteriana Mackenzie.","url":"https:\/\/www.suno.com.br\/noticias\/author\/juliano\/"}]}},"default_loop_html":"<div class=\"cardsPage__listCard__boxs\"><div class=\"cardsPage__listCard__boxs__img\"><a href=\"https:\/\/www.suno.com.br\/noticias\/bce-ata-afrouxar-politica-monetaria-novamente-junho\/\"><img class=\"mask\" src=\"https:\/\/www.suno.com.br\/noticias\/wp-content\/themes\/suno\/resources\/images\/spotlight\/spotlight1img\/bg-mask.png\" alt=\"Image Mask\"\/><img src=\"https:\/\/files.sunoresearch.com.br\/n\/uploads\/2019\/09\/22a9a642-bce-400x200.webp\" alt=\"BCE indica, em ata, que pode afrouxar a pol\u00edtica monet\u00e1ria novamente em junho\"\/><\/a><span class=\"spotlightCategory\"><a href=\"https:\/\/www.suno.com.br\/noticias\/internacional\/\">Internacional<\/a><\/span><\/div><div class=\"cardsPage__listCard__boxs__content\"><a href=\"https:\/\/www.suno.com.br\/noticias\/bce-ata-afrouxar-politica-monetaria-novamente-junho\/\"><h2 class=\"content__title\">BCE indica, em ata, que pode afrouxar a pol\u00edtica monet\u00e1ria novamente em junho<\/h2><\/a><div class=\"newsContent__article__meta\"><div class=\"newsContent__article__meta__authorBox\"><a href=\"https:\/\/www.suno.com.br\/noticias\/author\/juliano\/\" class=\"authorBox__avatar noMobi\"><img src=\"https:\/\/files.sunoresearch.com.br\/n\/uploads\/2019\/06\/7cc3efea-whatsapp-image-2019-07-18-at-21.59.33-e1563499821209-150x150.webp\" alt=\"Juliano Passaro\"><\/a><div class=\"authorBox__name\"><span>por\n\t\t\t<a href=\"https:\/\/www.suno.com.br\/noticias\/author\/juliano\/\"><span itemprop=\"author\">Juliano Passaro<\/span><\/a><\/span><time datetime=\"2020-05-22T15:16:41-03:00\" itemprop=\"datePublished\">22\/05\/2020 15:16<\/time><\/div><\/div><\/div><\/div><\/div>","single_layout":"posts","amp_enabled":true,"_links":{"self":[{"href":"https:\/\/www.suno.com.br\/noticias\/wp-json\/wp\/v2\/posts\/65864"}],"collection":[{"href":"https:\/\/www.suno.com.br\/noticias\/wp-json\/wp\/v2\/posts"}],"about":[{"href":"https:\/\/www.suno.com.br\/noticias\/wp-json\/wp\/v2\/types\/post"}],"author":[{"embeddable":true,"href":"https:\/\/www.suno.com.br\/noticias\/wp-json\/wp\/v2\/users\/19"}],"replies":[{"embeddable":true,"href":"https:\/\/www.suno.com.br\/noticias\/wp-json\/wp\/v2\/comments?post=65864"}],"version-history":[{"count":0,"href":"https:\/\/www.suno.com.br\/noticias\/wp-json\/wp\/v2\/posts\/65864\/revisions"}],"wp:featuredmedia":[{"embeddable":true,"href":"https:\/\/www.suno.com.br\/noticias\/wp-json\/wp\/v2\/media\/37310"}],"wp:attachment":[{"href":"https:\/\/www.suno.com.br\/noticias\/wp-json\/wp\/v2\/media?parent=65864"}],"wp:term":[{"taxonomy":"category","embeddable":true,"href":"https:\/\/www.suno.com.br\/noticias\/wp-json\/wp\/v2\/categories?post=65864"},{"taxonomy":"post_tag","embeddable":true,"href":"https:\/\/www.suno.com.br\/noticias\/wp-json\/wp\/v2\/tags?post=65864"},{"taxonomy":"suno_strategy","embeddable":true,"href":"https:\/\/www.suno.com.br\/noticias\/wp-json\/wp\/v2\/suno_strategy?post=65864"}],"curies":[{"name":"wp","href":"https:\/\/api.w.org\/{rel}","templated":true}]}}