{"id":65842,"date":"2020-05-22T12:34:53","date_gmt":"2020-05-22T15:34:53","guid":{"rendered":"https:\/\/www.suno.com.br\/noticias\/?p=65842"},"modified":"2020-05-22T13:24:53","modified_gmt":"2020-05-22T16:24:53","slug":"celso-de-mello-envia-a-pgr-pedido-de-apreensao-do-celular-de-bolsonaro","status":"publish","type":"post","link":"https:\/\/www.suno.com.br\/noticias\/celso-de-mello-envia-a-pgr-pedido-de-apreensao-do-celular-de-bolsonaro\/","title":{"rendered":"Celso de Mello envia \u00e0 PGR pedido de apreens\u00e3o do celular de Bolsonaro"},"content":{"rendered":"<p>O ministro do Supremo Tribunal Federal (STF), Celso de Mello, enviou \u00e0 Procuradoria-Geral da Rep\u00fablica (PGR) tr\u00eas not\u00edcias-crime contra o presidente da Rep\u00fablica <strong>Jair Bolsonaro<\/strong>.<\/p>\t<div class=\"wrapper-featured-image\">\n\t\t<figure class=\"spotlightImg\">\n\n\t\t\t<picture>\n\t\t\t\t<source media=\"(max-width: 768px)\" srcset=\"https:\/\/files.sunoresearch.com.br\/n\/uploads\/2020\/05\/4867af7d-bolsonaro-celula-400x200.webp\">\n\t\t\t\t<img loading=\"lazy\" decoding=\"async\" class=\"newsContent__article__imgCapa lazyloadDisabled newsContent__article__imgCapa--noCaption\" src=\"https:\/\/files.sunoresearch.com.br\/n\/uploads\/2020\/05\/4867af7d-bolsonaro-celula-800x450.webp\" width=\"800\" height=\"450\" alt=\"Celso de Mello envia \u00e0 PGR pedido de apreens\u00e3o do celular de Bolsonaro\" fetchpriority=high \/>\n\t\t\t<\/picture>\n\n\t\t\t<figcaption class=\"wp-caption-text wp-caption-text--hide\">bolsonaro<\/figcaption>\n\t\t<\/figure>\n\t<\/div>\n\n\n\n<p>As not\u00edcias-crime, apresentadas pelos partidos PDT, PSB e PV, solicitam novos desdobramentos na investiga\u00e7\u00e3o sobre a suposta interfer\u00eancia de Bolsonaro na Pol\u00edcia Federal (PF). Dentre as medidas, est\u00e3o os pedidos de depoimento e de apreens\u00e3o do celular do mandat\u00e1rio e de seu filho, o senador Carlos Bolsonaro (Republicanos-RJ).<\/p>\n<p><a href=\"https:\/\/lp.suno.com.br\/suno-one\/\">Garanta acesso gratuito \u00e0 eBooks, Minicursos, Artigos e Video Aulas com um \u00fanico cadastro. Clique para saber mais.<\/a><\/p>\n<p>&#8220;A indisponibilidade da pretens\u00e3o investigat\u00f3ria do Estado impede, pois, que os \u00f3rg\u00e3os p\u00fablicos competentes ignorem aquilo que se aponta na &#8216;notitia criminis&#8217;, motivo pelo qual se torna imprescind\u00edvel a apura\u00e7\u00e3o dos fatos delatados, quaisquer que possam ser as pessoas alegadamente envolvidas, ainda que se trate de algu\u00e9m investido de autoridade na hierarquia da Rep\u00fablica, independentemente do Poder (Legislativo, Executivo, ou Judici\u00e1rio) a que tal agente se ache vinculado&#8221;, escreveu Mello.<\/p>\n<p>Portanto, agora, o pedido est\u00e1 sob analise da PGR, chefiada por Augusto Aras. A\u00a0 procuradoria investiga os fatos narrados pelo ex-ministro da Justi\u00e7a, S\u00e9rgio Moro.<\/p>\n<h2>V\u00eddeo de Bolsonaro<\/h2>\n<p>Outra decis\u00e3o do ministro do STF envolvendo o presidente \u00e9 sobre a divulga\u00e7\u00e3o do v\u00eddeo da reuni\u00e3o ministerial do dia 22 de abril. Segundo Moro, nele \u00e9 poss\u00edvel ver que o presidente relaciona a troca da superintend\u00eancia da PF \u00e0 prote\u00e7\u00e3o de sua fam\u00edlia.<\/p>\n<p>A expectativa \u00e9 que Mello decida sobre a disponibiliza\u00e7\u00e3o p\u00fablica do v\u00eddeo nesta sexta at\u00e9 as 17h. A defesa de Moro pediu a divulga\u00e7\u00e3o integral do conte\u00fado enquanto Bolsonaro defende que s\u00f3 partes relacionadas ao processo sejam divulgadas..<\/p>\n<p>O presidente negou ter feito refer\u00eancia literal \u00e0 Policia Federal no v\u00eddeo da reuni\u00e3o. A vers\u00e3o de Bolsonaro, no entanto, foi contraditada pelo ministro Luiz Eduardo Ramos, que prestou depoimento \u00e0 PF. &#8220;Ramos se equivocou. Mas como \u00e9 reuni\u00e3o, eu tenho o v\u00eddeo. O Ramos, se ele falou isso, se equivocou&#8221;, disse o presidente na semana passada, no Pal\u00e1cio da Alvorada.<\/p>\n<p>&#8220;V\u00e3o cair do cavalo sobre o v\u00eddeo. Eu n\u00e3o falo &#8216;Pol\u00edcia Federal&#8217;, n\u00e3o existe a palavra federal em todo o v\u00eddeo. N\u00e3o existe a palavra Superintend\u00eancia. N\u00e3o existe a palavra investiga\u00e7\u00e3o sobre filhos&#8221;, completou.<\/p>\n<p><a href=\"https:\/\/www.suno.com.br\/noticias\/jair-bolsonaro-brasil-iminencia-reabrir-comercio\/\">Veja Tamb\u00e9m: Bolsonaro: Brasil est\u00e1 na imin\u00eancia de reabrir o com\u00e9rcio<\/a><\/p>\n<p>Na \u00faltima quinta-feira (21), o presidente disse que a divulga\u00e7\u00e3o completa seria &#8220;constrangimento&#8221;. &#8220;V\u00e3o perder amanh\u00e3, estou adiantando a decis\u00e3o do ministro Celso de Mello. N\u00e3o tem nada, nenhum ind\u00edcio, de que porventura eu interferi na Pol\u00edcia Federal naquelas duas horas de fita. Mas eu s\u00f3 pe\u00e7o, n\u00e3o divulguem a fita toda&#8221;, pediu <strong>Jair<\/strong> <strong>Bolsonaro<\/strong>.<\/p>\n\n","protected":false},"excerpt":{"rendered":"<p>O ministro do Supremo Tribunal Federal (STF), Celso de Mello, enviou \u00e0 Procuradoria-Geral da Rep\u00fablica (PGR) tr\u00eas not\u00edcias-crime contra o presidente da Rep\u00fablica Jair Bolsonaro. bolsonaro As not\u00edcias-crime, apresentadas pelos partidos PDT, PSB e PV, solicitam novos desdobramentos na investiga\u00e7\u00e3o sobre a suposta interfer\u00eancia de Bolsonaro na Pol\u00edcia Federal (PF). Dentre as medidas, est\u00e3o os [&hellip;]<\/p>\n","protected":false},"author":15,"featured_media":65845,"comment_status":"closed","ping_status":"closed","sticky":false,"template":"","format":"standard","meta":[],"categories":[61],"tags":[719,1018],"suno_strategy":[],"class_list":["post-65842","post","type-post","status-publish","format-standard","has-post-thumbnail","hentry","category-politica","tag-jair-bolsonaro","tag-sergio-moro"],"yoast_head":"<!-- This site is optimized with the Yoast SEO plugin v24.4 - https:\/\/yoast.com\/wordpress\/plugins\/seo\/ -->\n<title>Celso de Mello envia \u00e0 PGR pedido de apreens\u00e3o do celular de Bolsonaro<\/title>\n<meta name=\"description\" content=\"O ministro STF enviou \u00e0 PGR tr\u00eas not\u00edcias-crime contra o presidente da Rep\u00fablica, Jair Bolsonaro. Clique e leia a mat\u00e9ria completa\" \/>\n<meta name=\"robots\" content=\"index, follow, max-snippet:-1, max-image-preview:large, max-video-preview:-1\" \/>\n<link rel=\"canonical\" href=\"https:\/\/www.suno.com.br\/noticias\/celso-de-mello-envia-a-pgr-pedido-de-apreensao-do-celular-de-bolsonaro\/\" \/>\n<meta property=\"og:locale\" content=\"pt_BR\" \/>\n<meta property=\"og:type\" content=\"article\" \/>\n<meta property=\"og:title\" content=\"Celso de Mello envia \u00e0 PGR pedido de apreens\u00e3o do celular de Bolsonaro\" \/>\n<meta property=\"og:description\" content=\"O ministro STF enviou \u00e0 PGR tr\u00eas not\u00edcias-crime contra o presidente da Rep\u00fablica, Jair Bolsonaro. Clique e leia a mat\u00e9ria completa\" \/>\n<meta property=\"og:url\" content=\"https:\/\/www.suno.com.br\/noticias\/celso-de-mello-envia-a-pgr-pedido-de-apreensao-do-celular-de-bolsonaro\/\" \/>\n<meta property=\"og:site_name\" content=\"Suno Not\u00edcias\" \/>\n<meta property=\"article:publisher\" content=\"https:\/\/facebook.com\/sunoresearch\" \/>\n<meta property=\"og:image\" content=\"https:\/\/files.sunoresearch.com.br\/n\/uploads\/2020\/05\/4867af7d-bolsonaro-celula.jpg\" \/>\n\t<meta property=\"og:image:width\" content=\"1170\" \/>\n\t<meta property=\"og:image:height\" content=\"700\" \/>\n\t<meta property=\"og:image:type\" content=\"image\/jpeg\" \/>\n<meta name=\"author\" content=\"Poliana Santos\" \/>\n<meta name=\"twitter:card\" content=\"summary_large_image\" \/>\n<meta name=\"twitter:creator\" content=\"@sunoresearch\" \/>\n<meta name=\"twitter:site\" content=\"@sunoresearch\" \/>\n<meta name=\"twitter:label1\" content=\"Escrito por\" \/>\n\t<meta name=\"twitter:data1\" content=\"Poliana Santos\" \/>\n\t<meta name=\"twitter:label2\" content=\"Est. tempo de leitura\" \/>\n\t<meta name=\"twitter:data2\" content=\"2 minutos\" \/>\n<script type=\"application\/ld+json\" class=\"yoast-schema-graph\">{\"@context\":\"https:\/\/schema.org\",\"@graph\":[{\"@type\":\"NewsArticle\",\"@id\":\"https:\/\/www.suno.com.br\/noticias\/celso-de-mello-envia-a-pgr-pedido-de-apreensao-do-celular-de-bolsonaro\/#article\",\"isPartOf\":{\"@id\":\"https:\/\/www.suno.com.br\/noticias\/celso-de-mello-envia-a-pgr-pedido-de-apreensao-do-celular-de-bolsonaro\/\"},\"author\":{\"name\":\"Poliana Santos\",\"@id\":\"https:\/\/www.suno.com.br\/noticias\/#\/schema\/person\/02ec1f752758247878a2bf4abee1aeda\"},\"headline\":\"Celso de Mello envia \u00e0 PGR pedido de apreens\u00e3o do celular de Bolsonaro\",\"datePublished\":\"2020-05-22T15:34:53+00:00\",\"dateModified\":\"2020-05-22T16:24:53+00:00\",\"mainEntityOfPage\":{\"@id\":\"https:\/\/www.suno.com.br\/noticias\/celso-de-mello-envia-a-pgr-pedido-de-apreensao-do-celular-de-bolsonaro\/\"},\"wordCount\":506,\"publisher\":{\"@id\":\"https:\/\/www.suno.com.br\/noticias\/#organization\"},\"image\":{\"@id\":\"https:\/\/www.suno.com.br\/noticias\/celso-de-mello-envia-a-pgr-pedido-de-apreensao-do-celular-de-bolsonaro\/#primaryimage\"},\"thumbnailUrl\":\"https:\/\/files.sunoresearch.com.br\/n\/uploads\/2020\/05\/4867af7d-bolsonaro-celula-jpg.webp\",\"keywords\":[\"Jair Bolsonaro\",\"Sergio Moro\"],\"articleSection\":[\"Pol\u00edtica\"],\"inLanguage\":\"pt-BR\"},{\"@type\":\"WebPage\",\"@id\":\"https:\/\/www.suno.com.br\/noticias\/celso-de-mello-envia-a-pgr-pedido-de-apreensao-do-celular-de-bolsonaro\/\",\"url\":\"https:\/\/www.suno.com.br\/noticias\/celso-de-mello-envia-a-pgr-pedido-de-apreensao-do-celular-de-bolsonaro\/\",\"name\":\"Celso de Mello envia \u00e0 PGR pedido de apreens\u00e3o do celular de Bolsonaro\",\"isPartOf\":{\"@id\":\"https:\/\/www.suno.com.br\/noticias\/#website\"},\"primaryImageOfPage\":{\"@id\":\"https:\/\/www.suno.com.br\/noticias\/celso-de-mello-envia-a-pgr-pedido-de-apreensao-do-celular-de-bolsonaro\/#primaryimage\"},\"image\":{\"@id\":\"https:\/\/www.suno.com.br\/noticias\/celso-de-mello-envia-a-pgr-pedido-de-apreensao-do-celular-de-bolsonaro\/#primaryimage\"},\"thumbnailUrl\":\"https:\/\/files.sunoresearch.com.br\/n\/uploads\/2020\/05\/4867af7d-bolsonaro-celula-jpg.webp\",\"datePublished\":\"2020-05-22T15:34:53+00:00\",\"dateModified\":\"2020-05-22T16:24:53+00:00\",\"description\":\"O ministro STF enviou \u00e0 PGR tr\u00eas not\u00edcias-crime contra o presidente da Rep\u00fablica, Jair Bolsonaro. Clique e leia a mat\u00e9ria completa\",\"breadcrumb\":{\"@id\":\"https:\/\/www.suno.com.br\/noticias\/celso-de-mello-envia-a-pgr-pedido-de-apreensao-do-celular-de-bolsonaro\/#breadcrumb\"},\"inLanguage\":\"pt-BR\",\"potentialAction\":[{\"@type\":\"ReadAction\",\"target\":[\"https:\/\/www.suno.com.br\/noticias\/celso-de-mello-envia-a-pgr-pedido-de-apreensao-do-celular-de-bolsonaro\/\"]}]},{\"@type\":\"ImageObject\",\"inLanguage\":\"pt-BR\",\"@id\":\"https:\/\/www.suno.com.br\/noticias\/celso-de-mello-envia-a-pgr-pedido-de-apreensao-do-celular-de-bolsonaro\/#primaryimage\",\"url\":\"https:\/\/files.sunoresearch.com.br\/n\/uploads\/2020\/05\/4867af7d-bolsonaro-celula-jpg.webp\",\"contentUrl\":\"https:\/\/files.sunoresearch.com.br\/n\/uploads\/2020\/05\/4867af7d-bolsonaro-celula-jpg.webp\",\"width\":1170,\"height\":700,\"caption\":\"bolsonaro\"},{\"@type\":\"BreadcrumbList\",\"@id\":\"https:\/\/www.suno.com.br\/noticias\/celso-de-mello-envia-a-pgr-pedido-de-apreensao-do-celular-de-bolsonaro\/#breadcrumb\",\"itemListElement\":[{\"@type\":\"ListItem\",\"position\":1,\"name\":\"Not\u00edcias\",\"item\":\"https:\/\/www.suno.com.br\/noticias\/\"},{\"@type\":\"ListItem\",\"position\":2,\"name\":\"Pol\u00edtica\",\"item\":\"https:\/\/www.suno.com.br\/noticias\/politica\/\"},{\"@type\":\"ListItem\",\"position\":3,\"name\":\"Celso de Mello envia \u00e0 PGR pedido de apreens\u00e3o do celular de Bolsonaro\"}]},{\"@type\":\"WebSite\",\"@id\":\"https:\/\/www.suno.com.br\/noticias\/#website\",\"url\":\"https:\/\/www.suno.com.br\/noticias\/\",\"name\":\"Suno Not\u00edcias\",\"description\":\"Seu portal de informa\u00e7\u00e3o sobre o mundo dos investimentos\",\"publisher\":{\"@id\":\"https:\/\/www.suno.com.br\/noticias\/#organization\"},\"potentialAction\":[{\"@type\":\"SearchAction\",\"target\":{\"@type\":\"EntryPoint\",\"urlTemplate\":\"https:\/\/www.suno.com.br\/noticias\/?s={search_term_string}\"},\"query-input\":{\"@type\":\"PropertyValueSpecification\",\"valueRequired\":true,\"valueName\":\"search_term_string\"}}],\"inLanguage\":\"pt-BR\"},{\"@type\":\"Organization\",\"@id\":\"https:\/\/www.suno.com.br\/noticias\/#organization\",\"name\":\"Suno Not\u00edcias\",\"url\":\"https:\/\/www.suno.com.br\/noticias\/\",\"logo\":{\"@type\":\"ImageObject\",\"inLanguage\":\"pt-BR\",\"@id\":\"https:\/\/www.suno.com.br\/noticias\/#\/schema\/logo\/image\/\",\"url\":\"https:\/\/files.sunoresearch.com.br\/n\/uploads\/2021\/09\/suno-logo.png\",\"contentUrl\":\"https:\/\/files.sunoresearch.com.br\/n\/uploads\/2021\/09\/suno-logo.png\",\"width\":180,\"height\":180,\"caption\":\"Suno Not\u00edcias\"},\"image\":{\"@id\":\"https:\/\/www.suno.com.br\/noticias\/#\/schema\/logo\/image\/\"},\"sameAs\":[\"https:\/\/facebook.com\/sunoresearch\",\"https:\/\/x.com\/sunoresearch\",\"https:\/\/www.instagram.com\/suno\",\"https:\/\/www.linkedin.com\/company\/suno-research\/\",\"https:\/\/www.youtube.com\/c\/sunoresearch\"]},{\"@type\":\"Person\",\"@id\":\"https:\/\/www.suno.com.br\/noticias\/#\/schema\/person\/02ec1f752758247878a2bf4abee1aeda\",\"name\":\"Poliana Santos\",\"image\":{\"@type\":\"ImageObject\",\"inLanguage\":\"pt-BR\",\"@id\":\"https:\/\/www.suno.com.br\/noticias\/#\/schema\/person\/image\/\",\"url\":\"https:\/\/secure.gravatar.com\/avatar\/0645bd32f23d87b2130f2b2dff1d3f8d?s=96&r=g\",\"contentUrl\":\"https:\/\/secure.gravatar.com\/avatar\/0645bd32f23d87b2130f2b2dff1d3f8d?s=96&r=g\",\"caption\":\"Poliana Santos\"},\"description\":\"Rep\u00f3rter no Suno Not\u00edcias, com cobertura em mercado financeiro, economia, finan\u00e7as pessoais, renda fixa e varejo. Jornalista formada pela Faculdade C\u00e1sper L\u00edbero e possui passagem na R\u00e1dio Gazeta AM com a produ\u00e7\u00e3o de conte\u00fado sobre economia, pol\u00edtica, sa\u00fade, moda e m\u00fasica. Possui certificado de conclus\u00e3o do curso de An\u00e1lise de Balan\u00e7os pela Funda\u00e7\u00e3o Bradesco, Agenda Brasil pela FAAP, Educa\u00e7\u00e3o Pol\u00edtica por Alexandre Garcia e do Tesouro Direto e Mercado de A\u00e7\u00f5es pela B3.\",\"url\":\"https:\/\/www.suno.com.br\/noticias\/author\/poliana-santos\/\"}]}<\/script>\n<!-- \/ Yoast SEO plugin. -->","yoast_head_json":{"title":"Celso de Mello envia \u00e0 PGR pedido de apreens\u00e3o do celular de Bolsonaro","description":"O ministro STF enviou \u00e0 PGR tr\u00eas not\u00edcias-crime contra o presidente da Rep\u00fablica, Jair Bolsonaro. Clique e leia a mat\u00e9ria completa","robots":{"index":"index","follow":"follow","max-snippet":"max-snippet:-1","max-image-preview":"max-image-preview:large","max-video-preview":"max-video-preview:-1"},"canonical":"https:\/\/www.suno.com.br\/noticias\/celso-de-mello-envia-a-pgr-pedido-de-apreensao-do-celular-de-bolsonaro\/","og_locale":"pt_BR","og_type":"article","og_title":"Celso de Mello envia \u00e0 PGR pedido de apreens\u00e3o do celular de Bolsonaro","og_description":"O ministro STF enviou \u00e0 PGR tr\u00eas not\u00edcias-crime contra o presidente da Rep\u00fablica, Jair Bolsonaro. Clique e leia a mat\u00e9ria completa","og_url":"https:\/\/www.suno.com.br\/noticias\/celso-de-mello-envia-a-pgr-pedido-de-apreensao-do-celular-de-bolsonaro\/","og_site_name":"Suno Not\u00edcias","article_publisher":"https:\/\/facebook.com\/sunoresearch","og_image":[{"width":1170,"height":700,"url":"https:\/\/files.sunoresearch.com.br\/n\/uploads\/2020\/05\/4867af7d-bolsonaro-celula.jpg","type":"image\/jpeg"}],"author":"Poliana Santos","twitter_card":"summary_large_image","twitter_creator":"@sunoresearch","twitter_site":"@sunoresearch","twitter_misc":{"Escrito por":"Poliana Santos","Est. tempo de leitura":"2 minutos"},"schema":{"@context":"https:\/\/schema.org","@graph":[{"@type":"NewsArticle","@id":"https:\/\/www.suno.com.br\/noticias\/celso-de-mello-envia-a-pgr-pedido-de-apreensao-do-celular-de-bolsonaro\/#article","isPartOf":{"@id":"https:\/\/www.suno.com.br\/noticias\/celso-de-mello-envia-a-pgr-pedido-de-apreensao-do-celular-de-bolsonaro\/"},"author":{"name":"Poliana Santos","@id":"https:\/\/www.suno.com.br\/noticias\/#\/schema\/person\/02ec1f752758247878a2bf4abee1aeda"},"headline":"Celso de Mello envia \u00e0 PGR pedido de apreens\u00e3o do celular de Bolsonaro","datePublished":"2020-05-22T15:34:53+00:00","dateModified":"2020-05-22T16:24:53+00:00","mainEntityOfPage":{"@id":"https:\/\/www.suno.com.br\/noticias\/celso-de-mello-envia-a-pgr-pedido-de-apreensao-do-celular-de-bolsonaro\/"},"wordCount":506,"publisher":{"@id":"https:\/\/www.suno.com.br\/noticias\/#organization"},"image":{"@id":"https:\/\/www.suno.com.br\/noticias\/celso-de-mello-envia-a-pgr-pedido-de-apreensao-do-celular-de-bolsonaro\/#primaryimage"},"thumbnailUrl":"https:\/\/files.sunoresearch.com.br\/n\/uploads\/2020\/05\/4867af7d-bolsonaro-celula-jpg.webp","keywords":["Jair Bolsonaro","Sergio Moro"],"articleSection":["Pol\u00edtica"],"inLanguage":"pt-BR"},{"@type":"WebPage","@id":"https:\/\/www.suno.com.br\/noticias\/celso-de-mello-envia-a-pgr-pedido-de-apreensao-do-celular-de-bolsonaro\/","url":"https:\/\/www.suno.com.br\/noticias\/celso-de-mello-envia-a-pgr-pedido-de-apreensao-do-celular-de-bolsonaro\/","name":"Celso de Mello envia \u00e0 PGR pedido de apreens\u00e3o do celular de Bolsonaro","isPartOf":{"@id":"https:\/\/www.suno.com.br\/noticias\/#website"},"primaryImageOfPage":{"@id":"https:\/\/www.suno.com.br\/noticias\/celso-de-mello-envia-a-pgr-pedido-de-apreensao-do-celular-de-bolsonaro\/#primaryimage"},"image":{"@id":"https:\/\/www.suno.com.br\/noticias\/celso-de-mello-envia-a-pgr-pedido-de-apreensao-do-celular-de-bolsonaro\/#primaryimage"},"thumbnailUrl":"https:\/\/files.sunoresearch.com.br\/n\/uploads\/2020\/05\/4867af7d-bolsonaro-celula-jpg.webp","datePublished":"2020-05-22T15:34:53+00:00","dateModified":"2020-05-22T16:24:53+00:00","description":"O ministro STF enviou \u00e0 PGR tr\u00eas not\u00edcias-crime contra o presidente da Rep\u00fablica, Jair Bolsonaro. Clique e leia a mat\u00e9ria completa","breadcrumb":{"@id":"https:\/\/www.suno.com.br\/noticias\/celso-de-mello-envia-a-pgr-pedido-de-apreensao-do-celular-de-bolsonaro\/#breadcrumb"},"inLanguage":"pt-BR","potentialAction":[{"@type":"ReadAction","target":["https:\/\/www.suno.com.br\/noticias\/celso-de-mello-envia-a-pgr-pedido-de-apreensao-do-celular-de-bolsonaro\/"]}]},{"@type":"ImageObject","inLanguage":"pt-BR","@id":"https:\/\/www.suno.com.br\/noticias\/celso-de-mello-envia-a-pgr-pedido-de-apreensao-do-celular-de-bolsonaro\/#primaryimage","url":"https:\/\/files.sunoresearch.com.br\/n\/uploads\/2020\/05\/4867af7d-bolsonaro-celula-jpg.webp","contentUrl":"https:\/\/files.sunoresearch.com.br\/n\/uploads\/2020\/05\/4867af7d-bolsonaro-celula-jpg.webp","width":1170,"height":700,"caption":"bolsonaro"},{"@type":"BreadcrumbList","@id":"https:\/\/www.suno.com.br\/noticias\/celso-de-mello-envia-a-pgr-pedido-de-apreensao-do-celular-de-bolsonaro\/#breadcrumb","itemListElement":[{"@type":"ListItem","position":1,"name":"Not\u00edcias","item":"https:\/\/www.suno.com.br\/noticias\/"},{"@type":"ListItem","position":2,"name":"Pol\u00edtica","item":"https:\/\/www.suno.com.br\/noticias\/politica\/"},{"@type":"ListItem","position":3,"name":"Celso de Mello envia \u00e0 PGR pedido de apreens\u00e3o do celular de Bolsonaro"}]},{"@type":"WebSite","@id":"https:\/\/www.suno.com.br\/noticias\/#website","url":"https:\/\/www.suno.com.br\/noticias\/","name":"Suno Not\u00edcias","description":"Seu portal de informa\u00e7\u00e3o sobre o mundo dos investimentos","publisher":{"@id":"https:\/\/www.suno.com.br\/noticias\/#organization"},"potentialAction":[{"@type":"SearchAction","target":{"@type":"EntryPoint","urlTemplate":"https:\/\/www.suno.com.br\/noticias\/?s={search_term_string}"},"query-input":{"@type":"PropertyValueSpecification","valueRequired":true,"valueName":"search_term_string"}}],"inLanguage":"pt-BR"},{"@type":"Organization","@id":"https:\/\/www.suno.com.br\/noticias\/#organization","name":"Suno Not\u00edcias","url":"https:\/\/www.suno.com.br\/noticias\/","logo":{"@type":"ImageObject","inLanguage":"pt-BR","@id":"https:\/\/www.suno.com.br\/noticias\/#\/schema\/logo\/image\/","url":"https:\/\/files.sunoresearch.com.br\/n\/uploads\/2021\/09\/suno-logo.png","contentUrl":"https:\/\/files.sunoresearch.com.br\/n\/uploads\/2021\/09\/suno-logo.png","width":180,"height":180,"caption":"Suno Not\u00edcias"},"image":{"@id":"https:\/\/www.suno.com.br\/noticias\/#\/schema\/logo\/image\/"},"sameAs":["https:\/\/facebook.com\/sunoresearch","https:\/\/x.com\/sunoresearch","https:\/\/www.instagram.com\/suno","https:\/\/www.linkedin.com\/company\/suno-research\/","https:\/\/www.youtube.com\/c\/sunoresearch"]},{"@type":"Person","@id":"https:\/\/www.suno.com.br\/noticias\/#\/schema\/person\/02ec1f752758247878a2bf4abee1aeda","name":"Poliana Santos","image":{"@type":"ImageObject","inLanguage":"pt-BR","@id":"https:\/\/www.suno.com.br\/noticias\/#\/schema\/person\/image\/","url":"https:\/\/secure.gravatar.com\/avatar\/0645bd32f23d87b2130f2b2dff1d3f8d?s=96&r=g","contentUrl":"https:\/\/secure.gravatar.com\/avatar\/0645bd32f23d87b2130f2b2dff1d3f8d?s=96&r=g","caption":"Poliana Santos"},"description":"Rep\u00f3rter no Suno Not\u00edcias, com cobertura em mercado financeiro, economia, finan\u00e7as pessoais, renda fixa e varejo. Jornalista formada pela Faculdade C\u00e1sper L\u00edbero e possui passagem na R\u00e1dio Gazeta AM com a produ\u00e7\u00e3o de conte\u00fado sobre economia, pol\u00edtica, sa\u00fade, moda e m\u00fasica. Possui certificado de conclus\u00e3o do curso de An\u00e1lise de Balan\u00e7os pela Funda\u00e7\u00e3o Bradesco, Agenda Brasil pela FAAP, Educa\u00e7\u00e3o Pol\u00edtica por Alexandre Garcia e do Tesouro Direto e Mercado de A\u00e7\u00f5es pela B3.","url":"https:\/\/www.suno.com.br\/noticias\/author\/poliana-santos\/"}]}},"default_loop_html":"<div class=\"cardsPage__listCard__boxs\"><div class=\"cardsPage__listCard__boxs__img\"><a href=\"https:\/\/www.suno.com.br\/noticias\/celso-de-mello-envia-a-pgr-pedido-de-apreensao-do-celular-de-bolsonaro\/\"><img class=\"mask\" src=\"https:\/\/www.suno.com.br\/noticias\/wp-content\/themes\/suno\/resources\/images\/spotlight\/spotlight1img\/bg-mask.png\" alt=\"Image Mask\"\/><img src=\"https:\/\/files.sunoresearch.com.br\/n\/uploads\/2020\/05\/4867af7d-bolsonaro-celula-400x200.webp\" alt=\"Celso de Mello envia \u00e0 PGR pedido de apreens\u00e3o do celular de Bolsonaro\"\/><\/a><span class=\"spotlightCategory\"><a href=\"https:\/\/www.suno.com.br\/noticias\/politica\/\">Pol\u00edtica<\/a><\/span><\/div><div class=\"cardsPage__listCard__boxs__content\"><a href=\"https:\/\/www.suno.com.br\/noticias\/celso-de-mello-envia-a-pgr-pedido-de-apreensao-do-celular-de-bolsonaro\/\"><h2 class=\"content__title\">Celso de Mello envia \u00e0 PGR pedido de apreens\u00e3o do celular de Bolsonaro<\/h2><\/a><div class=\"newsContent__article__meta\"><div class=\"newsContent__article__meta__authorBox\"><a href=\"https:\/\/www.suno.com.br\/noticias\/author\/poliana-santos\/\" class=\"authorBox__avatar noMobi\"><img src=\"https:\/\/files.sunoresearch.com.br\/n\/uploads\/2020\/08\/7ef34026-whatsapp-image-2020-08-03-at-12.37.57-150x150.webp\" alt=\"Poliana Santos\"><\/a><div class=\"authorBox__name\"><span>por\n\t\t\t<a href=\"https:\/\/www.suno.com.br\/noticias\/author\/poliana-santos\/\"><span itemprop=\"author\">Poliana Santos<\/span><\/a><\/span><time datetime=\"2020-05-22T12:34:53-03:00\" itemprop=\"datePublished\">22\/05\/2020 12:34<\/time><\/div><\/div><\/div><\/div><\/div>","single_layout":"posts","amp_enabled":true,"_links":{"self":[{"href":"https:\/\/www.suno.com.br\/noticias\/wp-json\/wp\/v2\/posts\/65842"}],"collection":[{"href":"https:\/\/www.suno.com.br\/noticias\/wp-json\/wp\/v2\/posts"}],"about":[{"href":"https:\/\/www.suno.com.br\/noticias\/wp-json\/wp\/v2\/types\/post"}],"author":[{"embeddable":true,"href":"https:\/\/www.suno.com.br\/noticias\/wp-json\/wp\/v2\/users\/15"}],"replies":[{"embeddable":true,"href":"https:\/\/www.suno.com.br\/noticias\/wp-json\/wp\/v2\/comments?post=65842"}],"version-history":[{"count":0,"href":"https:\/\/www.suno.com.br\/noticias\/wp-json\/wp\/v2\/posts\/65842\/revisions"}],"wp:featuredmedia":[{"embeddable":true,"href":"https:\/\/www.suno.com.br\/noticias\/wp-json\/wp\/v2\/media\/65845"}],"wp:attachment":[{"href":"https:\/\/www.suno.com.br\/noticias\/wp-json\/wp\/v2\/media?parent=65842"}],"wp:term":[{"taxonomy":"category","embeddable":true,"href":"https:\/\/www.suno.com.br\/noticias\/wp-json\/wp\/v2\/categories?post=65842"},{"taxonomy":"post_tag","embeddable":true,"href":"https:\/\/www.suno.com.br\/noticias\/wp-json\/wp\/v2\/tags?post=65842"},{"taxonomy":"suno_strategy","embeddable":true,"href":"https:\/\/www.suno.com.br\/noticias\/wp-json\/wp\/v2\/suno_strategy?post=65842"}],"curies":[{"name":"wp","href":"https:\/\/api.w.org\/{rel}","templated":true}]}}