{"id":65785,"date":"2020-05-21T21:05:37","date_gmt":"2020-05-22T00:05:37","guid":{"rendered":"https:\/\/www.suno.com.br\/noticias\/?p=65785"},"modified":"2020-05-21T21:05:37","modified_gmt":"2020-05-22T00:05:37","slug":"grendene-grnd3-adia-novamente-reabertura-parcial-de-fabricas","status":"publish","type":"post","link":"https:\/\/www.suno.com.br\/noticias\/grendene-grnd3-adia-novamente-reabertura-parcial-de-fabricas\/","title":{"rendered":"Grendene (GRND3) adia, novamente, reabertura parcial de f\u00e1bricas"},"content":{"rendered":"<p>A <a href=\"https:\/\/www.suno.com.br\/acoes\/grnd3\/\"><strong>Grendene<\/strong> (GRND3)<\/a> informou nessa quinta-feira (21) que adiar\u00e1, mais uma vez, para o dia 1 de junho a retomada parcial das atividades em suas f\u00e1bricas em Fortaleza, Crato e Sobral, no Cear\u00e1, ap\u00f3s o governo do estado publicar um decreto estendendo as medidas restritivas para combater o novo <a href=\"https:\/\/www.suno.com.br\/noticias\/tags\/coronavirus\/\">coronav\u00edrus (Covid-19).\u00a0<\/a><\/p>\t<div class=\"wrapper-featured-image\">\n\t\t<figure class=\"spotlightImg\">\n\n\t\t\t<picture>\n\t\t\t\t<source media=\"(max-width: 768px)\" srcset=\"https:\/\/files.sunoresearch.com.br\/n\/uploads\/2019\/08\/98b5ab2f-grendene-400x200.webp\">\n\t\t\t\t<img loading=\"lazy\" decoding=\"async\" class=\"newsContent__article__imgCapa lazyloadDisabled newsContent__article__imgCapa--noCaption\" src=\"https:\/\/files.sunoresearch.com.br\/n\/uploads\/2019\/08\/98b5ab2f-grendene-800x450.webp\" width=\"800\" height=\"450\" alt=\"Grendene (GRND3) adia, novamente, reabertura parcial de f\u00e1bricas\" fetchpriority=high \/>\n\t\t\t<\/picture>\n\n\t\t\t<figcaption class=\"wp-caption-text wp-caption-text--hide\">Grendene (divulga\u00e7\u00e3o)<\/figcaption>\n\t\t<\/figure>\n\t<\/div>\n\n\n\n<p>As atividades da Grendene foram paralisadas por causa da pandemia de <strong>coronav\u00edrus<\/strong>. Entretanto, o plano inicial da companhia era retomar as atividades no final de abril, como n\u00e3o foi poss\u00edvel, a fabricante de cal\u00e7ados teve que postergar a volta de seus funcion\u00e1rios para o dia 25 de maio e agora adiou mais uma vez.<\/p>\n<p>Al\u00e9m disso, a companhia salientou que a retomada das atividades ocorrer\u00e1 gradualmente, ao passo que seus funcion\u00e1rios ter\u00e3o uma redu\u00e7\u00e3o de 70% na carga hor\u00e1ria, bem como no sal\u00e1rio.<\/p>\n<p><a href=\"https:\/\/lp.suno.com.br\/suno-one\/\">Garanta acesso gratuito \u00e0 eBooks, Minicursos, Artigos e Video Aulas com um \u00fanico cadastro. Clique para saber mais.<\/a><\/p>\n<p>A empresa ainda indicou que usar\u00e1 o banco de horas dos empregados para dispens\u00e1-los entre os dias 25 a 31 de maio.<\/p>\n<h2>Resultados da Grendene no 1T20<\/h2>\n<p>A companhia registrou <a href=\"https:\/\/www.suno.com.br\/artigos\/lucro-liquido\/\">lucro l\u00edquido<\/a> de R$ 29,7 milh\u00f5es no primeiro trimestre de 2020. Esse valor \u00e9 equivalente a uma queda de 61,1% em compara\u00e7\u00e3o com o mesmo per\u00edodo no ano anterior.<\/p>\n<p>Por sua vez, o lucro bruto totalizou R$ 153,3 milh\u00f5es, representando uma\u00a0 queda de 12,1% em rela\u00e7\u00e3o com janeiro a mar\u00e7o de 2019. A<a href=\"https:\/\/www.suno.com.br\/artigos\/o-que-receita-liquida\/\"> receita l\u00edquida<\/a> da fabricante de cal\u00e7ados contabilizou R$ 372,2 milh\u00f5es, baixa de 12,1%.O <a href=\"https:\/\/www.suno.com.br\/artigos\/ebitda-ajustado\/\">Ebitda (lucro antes de juros, impostos, deprecia\u00e7\u00e3o e amortiza\u00e7\u00e3o)<\/a> teve queda de 21% e ficou em R$ 60,8 milh\u00f5es.<\/p>\n<p><a class=\"LinkSuggestion__Link-sc-1mdih4x-2 jZPuuT\" href=\"https:\/\/www.suno.com.br\/noticias\/grendene-concede-ferias-coletivas-causa-pandemia-coronavirus\/\" target=\"_blank\" rel=\"noopener noreferrer\">Veja tamb\u00e9m: Grendene concede f\u00e9rias coletivas por causa da pandemia de coronav\u00edrus<\/a><\/p>\n<p>&#8220;Com o agravamento da <a href=\"https:\/\/www.suno.com.br\/noticias\/coronavirus\/\">doen\u00e7a<\/a> e o isolamento social imposto, deixamos de faturar nos \u00faltimos dias de mar\u00e7o, per\u00edodo em que se concentra a maior parcela do nosso faturamento mensal&#8221;, informou a <strong>Grendene<\/strong> no relat\u00f3rio.\u00a0A despesa operacional registrou queda de 18,2%, para R$ 113,5 milh\u00f5es.<\/p>\n\n","protected":false},"excerpt":{"rendered":"<p>A Grendene (GRND3) informou nessa quinta-feira (21) que adiar\u00e1, mais uma vez, para o dia 1 de junho a retomada parcial das atividades em suas f\u00e1bricas em Fortaleza, Crato e Sobral, no Cear\u00e1, ap\u00f3s o governo do estado publicar um decreto estendendo as medidas restritivas para combater o novo coronav\u00edrus (Covid-19).\u00a0 Grendene (divulga\u00e7\u00e3o) As atividades [&hellip;]<\/p>\n","protected":false},"author":39,"featured_media":32920,"comment_status":"closed","ping_status":"closed","sticky":false,"template":"","format":"standard","meta":[],"categories":[64],"tags":[2487,5255,493],"suno_strategy":[],"class_list":["post-65785","post","type-post","status-publish","format-standard","has-post-thumbnail","hentry","category-negocios","tag-coronavirus","tag-covid-19","tag-grendene-grnd3"],"yoast_head":"<!-- This site is optimized with the Yoast SEO plugin v24.4 - https:\/\/yoast.com\/wordpress\/plugins\/seo\/ -->\n<title>Grendene (GRND3) adia, novamente, reabertura parcial de f\u00e1bricas<\/title>\n<meta name=\"description\" content=\"A Grendene (GRND3) adiar\u00e1, novamenta, para o dia 1 de junho a retomada parcial das atividades em suas f\u00e1bricas. Clique aqui para saber mais.\" \/>\n<meta name=\"robots\" content=\"index, follow, max-snippet:-1, max-image-preview:large, max-video-preview:-1\" \/>\n<link rel=\"canonical\" href=\"https:\/\/www.suno.com.br\/noticias\/grendene-grnd3-adia-novamente-reabertura-parcial-de-fabricas\/\" \/>\n<meta property=\"og:locale\" content=\"pt_BR\" \/>\n<meta property=\"og:type\" content=\"article\" \/>\n<meta property=\"og:title\" content=\"Grendene (GRND3) adia, novamente, reabertura parcial de f\u00e1bricas\" \/>\n<meta property=\"og:description\" content=\"A Grendene (GRND3) adiar\u00e1, novamenta, para o dia 1 de junho a retomada parcial das atividades em suas f\u00e1bricas. Clique aqui para saber mais.\" \/>\n<meta property=\"og:url\" content=\"https:\/\/www.suno.com.br\/noticias\/grendene-grnd3-adia-novamente-reabertura-parcial-de-fabricas\/\" \/>\n<meta property=\"og:site_name\" content=\"Suno Not\u00edcias\" \/>\n<meta property=\"article:publisher\" content=\"https:\/\/facebook.com\/sunoresearch\" \/>\n<meta property=\"og:image\" content=\"https:\/\/files.sunoresearch.com.br\/n\/uploads\/2019\/08\/98b5ab2f-grendene.jpg\" \/>\n\t<meta property=\"og:image:width\" content=\"1360\" \/>\n\t<meta property=\"og:image:height\" content=\"750\" \/>\n\t<meta property=\"og:image:type\" content=\"image\/jpeg\" \/>\n<meta name=\"author\" content=\"Laura Moutinho\" \/>\n<meta name=\"twitter:card\" content=\"summary_large_image\" \/>\n<meta name=\"twitter:creator\" content=\"@sunoresearch\" \/>\n<meta name=\"twitter:site\" content=\"@sunoresearch\" \/>\n<meta name=\"twitter:label1\" content=\"Escrito por\" \/>\n\t<meta name=\"twitter:data1\" content=\"Laura Moutinho\" \/>\n\t<meta name=\"twitter:label2\" content=\"Est. tempo de leitura\" \/>\n\t<meta name=\"twitter:data2\" content=\"2 minutos\" \/>\n<script type=\"application\/ld+json\" class=\"yoast-schema-graph\">{\"@context\":\"https:\/\/schema.org\",\"@graph\":[{\"@type\":\"NewsArticle\",\"@id\":\"https:\/\/www.suno.com.br\/noticias\/grendene-grnd3-adia-novamente-reabertura-parcial-de-fabricas\/#article\",\"isPartOf\":{\"@id\":\"https:\/\/www.suno.com.br\/noticias\/grendene-grnd3-adia-novamente-reabertura-parcial-de-fabricas\/\"},\"author\":{\"name\":\"Laura Moutinho\",\"@id\":\"https:\/\/www.suno.com.br\/noticias\/#\/schema\/person\/3df0d2808748b74496efe5dbeaef2c72\"},\"headline\":\"Grendene (GRND3) adia, novamente, reabertura parcial de f\u00e1bricas\",\"datePublished\":\"2020-05-22T00:05:37+00:00\",\"mainEntityOfPage\":{\"@id\":\"https:\/\/www.suno.com.br\/noticias\/grendene-grnd3-adia-novamente-reabertura-parcial-de-fabricas\/\"},\"wordCount\":359,\"publisher\":{\"@id\":\"https:\/\/www.suno.com.br\/noticias\/#organization\"},\"image\":{\"@id\":\"https:\/\/www.suno.com.br\/noticias\/grendene-grnd3-adia-novamente-reabertura-parcial-de-fabricas\/#primaryimage\"},\"thumbnailUrl\":\"https:\/\/files.sunoresearch.com.br\/n\/uploads\/2019\/08\/98b5ab2f-grendene.jpg\",\"keywords\":[\"coronav\u00edrus\",\"covid-19\",\"Grendene (GRND3)\"],\"articleSection\":[\"Neg\u00f3cios\"],\"inLanguage\":\"pt-BR\"},{\"@type\":\"WebPage\",\"@id\":\"https:\/\/www.suno.com.br\/noticias\/grendene-grnd3-adia-novamente-reabertura-parcial-de-fabricas\/\",\"url\":\"https:\/\/www.suno.com.br\/noticias\/grendene-grnd3-adia-novamente-reabertura-parcial-de-fabricas\/\",\"name\":\"Grendene (GRND3) adia, novamente, reabertura parcial de f\u00e1bricas\",\"isPartOf\":{\"@id\":\"https:\/\/www.suno.com.br\/noticias\/#website\"},\"primaryImageOfPage\":{\"@id\":\"https:\/\/www.suno.com.br\/noticias\/grendene-grnd3-adia-novamente-reabertura-parcial-de-fabricas\/#primaryimage\"},\"image\":{\"@id\":\"https:\/\/www.suno.com.br\/noticias\/grendene-grnd3-adia-novamente-reabertura-parcial-de-fabricas\/#primaryimage\"},\"thumbnailUrl\":\"https:\/\/files.sunoresearch.com.br\/n\/uploads\/2019\/08\/98b5ab2f-grendene.jpg\",\"datePublished\":\"2020-05-22T00:05:37+00:00\",\"description\":\"A Grendene (GRND3) adiar\u00e1, novamenta, para o dia 1 de junho a retomada parcial das atividades em suas f\u00e1bricas. Clique aqui para saber mais.\",\"breadcrumb\":{\"@id\":\"https:\/\/www.suno.com.br\/noticias\/grendene-grnd3-adia-novamente-reabertura-parcial-de-fabricas\/#breadcrumb\"},\"inLanguage\":\"pt-BR\",\"potentialAction\":[{\"@type\":\"ReadAction\",\"target\":[\"https:\/\/www.suno.com.br\/noticias\/grendene-grnd3-adia-novamente-reabertura-parcial-de-fabricas\/\"]}]},{\"@type\":\"ImageObject\",\"inLanguage\":\"pt-BR\",\"@id\":\"https:\/\/www.suno.com.br\/noticias\/grendene-grnd3-adia-novamente-reabertura-parcial-de-fabricas\/#primaryimage\",\"url\":\"https:\/\/files.sunoresearch.com.br\/n\/uploads\/2019\/08\/98b5ab2f-grendene.jpg\",\"contentUrl\":\"https:\/\/files.sunoresearch.com.br\/n\/uploads\/2019\/08\/98b5ab2f-grendene.jpg\",\"width\":1360,\"height\":750,\"caption\":\"Grendene (divulga\u00e7\u00e3o)\"},{\"@type\":\"BreadcrumbList\",\"@id\":\"https:\/\/www.suno.com.br\/noticias\/grendene-grnd3-adia-novamente-reabertura-parcial-de-fabricas\/#breadcrumb\",\"itemListElement\":[{\"@type\":\"ListItem\",\"position\":1,\"name\":\"Not\u00edcias\",\"item\":\"https:\/\/www.suno.com.br\/noticias\/\"},{\"@type\":\"ListItem\",\"position\":2,\"name\":\"Neg\u00f3cios\",\"item\":\"https:\/\/www.suno.com.br\/noticias\/negocios\/\"},{\"@type\":\"ListItem\",\"position\":3,\"name\":\"Grendene (GRND3) adia, novamente, reabertura parcial de f\u00e1bricas\"}]},{\"@type\":\"WebSite\",\"@id\":\"https:\/\/www.suno.com.br\/noticias\/#website\",\"url\":\"https:\/\/www.suno.com.br\/noticias\/\",\"name\":\"Suno Not\u00edcias\",\"description\":\"Seu portal de informa\u00e7\u00e3o sobre o mundo dos investimentos\",\"publisher\":{\"@id\":\"https:\/\/www.suno.com.br\/noticias\/#organization\"},\"potentialAction\":[{\"@type\":\"SearchAction\",\"target\":{\"@type\":\"EntryPoint\",\"urlTemplate\":\"https:\/\/www.suno.com.br\/noticias\/?s={search_term_string}\"},\"query-input\":{\"@type\":\"PropertyValueSpecification\",\"valueRequired\":true,\"valueName\":\"search_term_string\"}}],\"inLanguage\":\"pt-BR\"},{\"@type\":\"Organization\",\"@id\":\"https:\/\/www.suno.com.br\/noticias\/#organization\",\"name\":\"Suno Not\u00edcias\",\"url\":\"https:\/\/www.suno.com.br\/noticias\/\",\"logo\":{\"@type\":\"ImageObject\",\"inLanguage\":\"pt-BR\",\"@id\":\"https:\/\/www.suno.com.br\/noticias\/#\/schema\/logo\/image\/\",\"url\":\"https:\/\/files.sunoresearch.com.br\/n\/uploads\/2021\/09\/suno-logo.png\",\"contentUrl\":\"https:\/\/files.sunoresearch.com.br\/n\/uploads\/2021\/09\/suno-logo.png\",\"width\":180,\"height\":180,\"caption\":\"Suno Not\u00edcias\"},\"image\":{\"@id\":\"https:\/\/www.suno.com.br\/noticias\/#\/schema\/logo\/image\/\"},\"sameAs\":[\"https:\/\/facebook.com\/sunoresearch\",\"https:\/\/x.com\/sunoresearch\",\"https:\/\/www.instagram.com\/suno\",\"https:\/\/www.linkedin.com\/company\/suno-research\/\",\"https:\/\/www.youtube.com\/c\/sunoresearch\"]},{\"@type\":\"Person\",\"@id\":\"https:\/\/www.suno.com.br\/noticias\/#\/schema\/person\/3df0d2808748b74496efe5dbeaef2c72\",\"name\":\"Laura Moutinho\",\"image\":{\"@type\":\"ImageObject\",\"inLanguage\":\"pt-BR\",\"@id\":\"https:\/\/www.suno.com.br\/noticias\/#\/schema\/person\/image\/\",\"url\":\"https:\/\/secure.gravatar.com\/avatar\/7571c7c8ca3a6fca5e41384ece5557ff?s=96&r=g\",\"contentUrl\":\"https:\/\/secure.gravatar.com\/avatar\/7571c7c8ca3a6fca5e41384ece5557ff?s=96&r=g\",\"caption\":\"Laura Moutinho\"},\"description\":\"Estagi\u00e1ria na Suno Not\u00edcias, escreve not\u00edcias que afetam o mercado financeiro. Estuda administra\u00e7\u00e3o na Universidade Presbiteriana Mackenzie.\",\"url\":\"https:\/\/www.suno.com.br\/noticias\/author\/laura-moutinho\/\"}]}<\/script>\n<!-- \/ Yoast SEO plugin. -->","yoast_head_json":{"title":"Grendene (GRND3) adia, novamente, reabertura parcial de f\u00e1bricas","description":"A Grendene (GRND3) adiar\u00e1, novamenta, para o dia 1 de junho a retomada parcial das atividades em suas f\u00e1bricas. Clique aqui para saber mais.","robots":{"index":"index","follow":"follow","max-snippet":"max-snippet:-1","max-image-preview":"max-image-preview:large","max-video-preview":"max-video-preview:-1"},"canonical":"https:\/\/www.suno.com.br\/noticias\/grendene-grnd3-adia-novamente-reabertura-parcial-de-fabricas\/","og_locale":"pt_BR","og_type":"article","og_title":"Grendene (GRND3) adia, novamente, reabertura parcial de f\u00e1bricas","og_description":"A Grendene (GRND3) adiar\u00e1, novamenta, para o dia 1 de junho a retomada parcial das atividades em suas f\u00e1bricas. Clique aqui para saber mais.","og_url":"https:\/\/www.suno.com.br\/noticias\/grendene-grnd3-adia-novamente-reabertura-parcial-de-fabricas\/","og_site_name":"Suno Not\u00edcias","article_publisher":"https:\/\/facebook.com\/sunoresearch","og_image":[{"width":1360,"height":750,"url":"https:\/\/files.sunoresearch.com.br\/n\/uploads\/2019\/08\/98b5ab2f-grendene.jpg","type":"image\/jpeg"}],"author":"Laura Moutinho","twitter_card":"summary_large_image","twitter_creator":"@sunoresearch","twitter_site":"@sunoresearch","twitter_misc":{"Escrito por":"Laura Moutinho","Est. tempo de leitura":"2 minutos"},"schema":{"@context":"https:\/\/schema.org","@graph":[{"@type":"NewsArticle","@id":"https:\/\/www.suno.com.br\/noticias\/grendene-grnd3-adia-novamente-reabertura-parcial-de-fabricas\/#article","isPartOf":{"@id":"https:\/\/www.suno.com.br\/noticias\/grendene-grnd3-adia-novamente-reabertura-parcial-de-fabricas\/"},"author":{"name":"Laura Moutinho","@id":"https:\/\/www.suno.com.br\/noticias\/#\/schema\/person\/3df0d2808748b74496efe5dbeaef2c72"},"headline":"Grendene (GRND3) adia, novamente, reabertura parcial de f\u00e1bricas","datePublished":"2020-05-22T00:05:37+00:00","mainEntityOfPage":{"@id":"https:\/\/www.suno.com.br\/noticias\/grendene-grnd3-adia-novamente-reabertura-parcial-de-fabricas\/"},"wordCount":359,"publisher":{"@id":"https:\/\/www.suno.com.br\/noticias\/#organization"},"image":{"@id":"https:\/\/www.suno.com.br\/noticias\/grendene-grnd3-adia-novamente-reabertura-parcial-de-fabricas\/#primaryimage"},"thumbnailUrl":"https:\/\/files.sunoresearch.com.br\/n\/uploads\/2019\/08\/98b5ab2f-grendene.jpg","keywords":["coronav\u00edrus","covid-19","Grendene (GRND3)"],"articleSection":["Neg\u00f3cios"],"inLanguage":"pt-BR"},{"@type":"WebPage","@id":"https:\/\/www.suno.com.br\/noticias\/grendene-grnd3-adia-novamente-reabertura-parcial-de-fabricas\/","url":"https:\/\/www.suno.com.br\/noticias\/grendene-grnd3-adia-novamente-reabertura-parcial-de-fabricas\/","name":"Grendene (GRND3) adia, novamente, reabertura parcial de f\u00e1bricas","isPartOf":{"@id":"https:\/\/www.suno.com.br\/noticias\/#website"},"primaryImageOfPage":{"@id":"https:\/\/www.suno.com.br\/noticias\/grendene-grnd3-adia-novamente-reabertura-parcial-de-fabricas\/#primaryimage"},"image":{"@id":"https:\/\/www.suno.com.br\/noticias\/grendene-grnd3-adia-novamente-reabertura-parcial-de-fabricas\/#primaryimage"},"thumbnailUrl":"https:\/\/files.sunoresearch.com.br\/n\/uploads\/2019\/08\/98b5ab2f-grendene.jpg","datePublished":"2020-05-22T00:05:37+00:00","description":"A Grendene (GRND3) adiar\u00e1, novamenta, para o dia 1 de junho a retomada parcial das atividades em suas f\u00e1bricas. Clique aqui para saber mais.","breadcrumb":{"@id":"https:\/\/www.suno.com.br\/noticias\/grendene-grnd3-adia-novamente-reabertura-parcial-de-fabricas\/#breadcrumb"},"inLanguage":"pt-BR","potentialAction":[{"@type":"ReadAction","target":["https:\/\/www.suno.com.br\/noticias\/grendene-grnd3-adia-novamente-reabertura-parcial-de-fabricas\/"]}]},{"@type":"ImageObject","inLanguage":"pt-BR","@id":"https:\/\/www.suno.com.br\/noticias\/grendene-grnd3-adia-novamente-reabertura-parcial-de-fabricas\/#primaryimage","url":"https:\/\/files.sunoresearch.com.br\/n\/uploads\/2019\/08\/98b5ab2f-grendene.jpg","contentUrl":"https:\/\/files.sunoresearch.com.br\/n\/uploads\/2019\/08\/98b5ab2f-grendene.jpg","width":1360,"height":750,"caption":"Grendene (divulga\u00e7\u00e3o)"},{"@type":"BreadcrumbList","@id":"https:\/\/www.suno.com.br\/noticias\/grendene-grnd3-adia-novamente-reabertura-parcial-de-fabricas\/#breadcrumb","itemListElement":[{"@type":"ListItem","position":1,"name":"Not\u00edcias","item":"https:\/\/www.suno.com.br\/noticias\/"},{"@type":"ListItem","position":2,"name":"Neg\u00f3cios","item":"https:\/\/www.suno.com.br\/noticias\/negocios\/"},{"@type":"ListItem","position":3,"name":"Grendene (GRND3) adia, novamente, reabertura parcial de f\u00e1bricas"}]},{"@type":"WebSite","@id":"https:\/\/www.suno.com.br\/noticias\/#website","url":"https:\/\/www.suno.com.br\/noticias\/","name":"Suno Not\u00edcias","description":"Seu portal de informa\u00e7\u00e3o sobre o mundo dos investimentos","publisher":{"@id":"https:\/\/www.suno.com.br\/noticias\/#organization"},"potentialAction":[{"@type":"SearchAction","target":{"@type":"EntryPoint","urlTemplate":"https:\/\/www.suno.com.br\/noticias\/?s={search_term_string}"},"query-input":{"@type":"PropertyValueSpecification","valueRequired":true,"valueName":"search_term_string"}}],"inLanguage":"pt-BR"},{"@type":"Organization","@id":"https:\/\/www.suno.com.br\/noticias\/#organization","name":"Suno Not\u00edcias","url":"https:\/\/www.suno.com.br\/noticias\/","logo":{"@type":"ImageObject","inLanguage":"pt-BR","@id":"https:\/\/www.suno.com.br\/noticias\/#\/schema\/logo\/image\/","url":"https:\/\/files.sunoresearch.com.br\/n\/uploads\/2021\/09\/suno-logo.png","contentUrl":"https:\/\/files.sunoresearch.com.br\/n\/uploads\/2021\/09\/suno-logo.png","width":180,"height":180,"caption":"Suno Not\u00edcias"},"image":{"@id":"https:\/\/www.suno.com.br\/noticias\/#\/schema\/logo\/image\/"},"sameAs":["https:\/\/facebook.com\/sunoresearch","https:\/\/x.com\/sunoresearch","https:\/\/www.instagram.com\/suno","https:\/\/www.linkedin.com\/company\/suno-research\/","https:\/\/www.youtube.com\/c\/sunoresearch"]},{"@type":"Person","@id":"https:\/\/www.suno.com.br\/noticias\/#\/schema\/person\/3df0d2808748b74496efe5dbeaef2c72","name":"Laura Moutinho","image":{"@type":"ImageObject","inLanguage":"pt-BR","@id":"https:\/\/www.suno.com.br\/noticias\/#\/schema\/person\/image\/","url":"https:\/\/secure.gravatar.com\/avatar\/7571c7c8ca3a6fca5e41384ece5557ff?s=96&r=g","contentUrl":"https:\/\/secure.gravatar.com\/avatar\/7571c7c8ca3a6fca5e41384ece5557ff?s=96&r=g","caption":"Laura Moutinho"},"description":"Estagi\u00e1ria na Suno Not\u00edcias, escreve not\u00edcias que afetam o mercado financeiro. Estuda administra\u00e7\u00e3o na Universidade Presbiteriana Mackenzie.","url":"https:\/\/www.suno.com.br\/noticias\/author\/laura-moutinho\/"}]}},"default_loop_html":"<div class=\"cardsPage__listCard__boxs\"><div class=\"cardsPage__listCard__boxs__img\"><a href=\"https:\/\/www.suno.com.br\/noticias\/grendene-grnd3-adia-novamente-reabertura-parcial-de-fabricas\/\"><img class=\"mask\" src=\"https:\/\/www.suno.com.br\/noticias\/wp-content\/themes\/suno\/resources\/images\/spotlight\/spotlight1img\/bg-mask.png\" alt=\"Image Mask\"\/><img src=\"https:\/\/files.sunoresearch.com.br\/n\/uploads\/2019\/08\/98b5ab2f-grendene-400x200.webp\" alt=\"Grendene (GRND3) adia, novamente, reabertura parcial de f\u00e1bricas\"\/><\/a><span class=\"spotlightCategory\"><a href=\"https:\/\/www.suno.com.br\/noticias\/negocios\/\">Neg\u00f3cios<\/a><\/span><\/div><div class=\"cardsPage__listCard__boxs__content\"><a href=\"https:\/\/www.suno.com.br\/noticias\/grendene-grnd3-adia-novamente-reabertura-parcial-de-fabricas\/\"><h2 class=\"content__title\">Grendene (GRND3) adia, novamente, reabertura parcial de f\u00e1bricas<\/h2><\/a><div class=\"newsContent__article__meta\"><div class=\"newsContent__article__meta__authorBox\"><a href=\"https:\/\/www.suno.com.br\/noticias\/author\/laura-moutinho\/\" class=\"authorBox__avatar noMobi\"><img src=\"https:\/\/files.sunoresearch.com.br\/n\/uploads\/2020\/08\/531ff69d-whatsapp-image-2020-08-03-at-14.54.38-150x150.webp\" alt=\"Laura Moutinho\"><\/a><div class=\"authorBox__name\"><span>por\n\t\t\t<a href=\"https:\/\/www.suno.com.br\/noticias\/author\/laura-moutinho\/\"><span itemprop=\"author\">Laura Moutinho<\/span><\/a><\/span><time datetime=\"2020-05-21T21:05:37-03:00\" itemprop=\"datePublished\">21\/05\/2020 21:05<\/time><\/div><\/div><\/div><\/div><\/div>","single_layout":"posts","amp_enabled":true,"_links":{"self":[{"href":"https:\/\/www.suno.com.br\/noticias\/wp-json\/wp\/v2\/posts\/65785"}],"collection":[{"href":"https:\/\/www.suno.com.br\/noticias\/wp-json\/wp\/v2\/posts"}],"about":[{"href":"https:\/\/www.suno.com.br\/noticias\/wp-json\/wp\/v2\/types\/post"}],"author":[{"embeddable":true,"href":"https:\/\/www.suno.com.br\/noticias\/wp-json\/wp\/v2\/users\/39"}],"replies":[{"embeddable":true,"href":"https:\/\/www.suno.com.br\/noticias\/wp-json\/wp\/v2\/comments?post=65785"}],"version-history":[{"count":0,"href":"https:\/\/www.suno.com.br\/noticias\/wp-json\/wp\/v2\/posts\/65785\/revisions"}],"wp:featuredmedia":[{"embeddable":true,"href":"https:\/\/www.suno.com.br\/noticias\/wp-json\/wp\/v2\/media\/32920"}],"wp:attachment":[{"href":"https:\/\/www.suno.com.br\/noticias\/wp-json\/wp\/v2\/media?parent=65785"}],"wp:term":[{"taxonomy":"category","embeddable":true,"href":"https:\/\/www.suno.com.br\/noticias\/wp-json\/wp\/v2\/categories?post=65785"},{"taxonomy":"post_tag","embeddable":true,"href":"https:\/\/www.suno.com.br\/noticias\/wp-json\/wp\/v2\/tags?post=65785"},{"taxonomy":"suno_strategy","embeddable":true,"href":"https:\/\/www.suno.com.br\/noticias\/wp-json\/wp\/v2\/suno_strategy?post=65785"}],"curies":[{"name":"wp","href":"https:\/\/api.w.org\/{rel}","templated":true}]}}