{"id":65783,"date":"2020-05-21T21:13:39","date_gmt":"2020-05-22T00:13:39","guid":{"rendered":"https:\/\/www.suno.com.br\/noticias\/?p=65783"},"modified":"2020-05-21T21:13:39","modified_gmt":"2020-05-22T00:13:39","slug":"jair-bolsonaro-brasil-iminencia-reabrir-comercio","status":"publish","type":"post","link":"https:\/\/www.suno.com.br\/noticias\/jair-bolsonaro-brasil-iminencia-reabrir-comercio\/","title":{"rendered":"Bolsonaro: Brasil est\u00e1 na imin\u00eancia de reabrir o com\u00e9rcio"},"content":{"rendered":"<p>O presidente da Rep\u00fablica, <strong>Jair Bolsonaro,<\/strong> afirmou nesta quinta-feira (21) que o Brasil est\u00e1 na imin\u00eancia da reabertura do com\u00e9rcio para voltar a estimular atividade econ\u00f4mica.<\/p>\t<div class=\"wrapper-featured-image\">\n\t\t<figure class=\"spotlightImg\">\n\n\t\t\t<picture>\n\t\t\t\t<source media=\"(max-width: 768px)\" srcset=\"https:\/\/files.sunoresearch.com.br\/n\/uploads\/2019\/08\/072778e5-antcrz_abr_31071919619df-400x200.webp\">\n\t\t\t\t<img loading=\"lazy\" decoding=\"async\" class=\"newsContent__article__imgCapa lazyloadDisabled newsContent__article__imgCapa--noCaption\" src=\"https:\/\/files.sunoresearch.com.br\/n\/uploads\/2019\/08\/072778e5-antcrz_abr_31071919619df-800x450.webp\" width=\"800\" height=\"450\" alt=\"Bolsonaro: Brasil est\u00e1 na imin\u00eancia de reabrir o com\u00e9rcio\" fetchpriority=high \/>\n\t\t\t<\/picture>\n\n\t\t\t<figcaption class=\"wp-caption-text wp-caption-text--hide\">Bolsonaro comenta sobre a variante omicron<\/figcaption>\n\t\t<\/figure>\n\t<\/div>\n\n\n\n<p>Bolsonaro declarou, em conversa com apoiadores na entrada do Pal\u00e1cio da Alvorada, que havia falado com o prefeito do Rio de Janeiro, Marcelo Crivella, mais cedo. O chefe do Executivo pontuou que os estados e munic\u00edpios est\u00e3o caminhando para a <strong>reabertura<\/strong> econ\u00f4mica.<\/p>\n<p>\u201cA gente est\u00e1 na imin\u00eancia de abrir, com responsabilidade, \u00e9 l\u00f3gico, o com\u00e9rcio, para que a mis\u00e9ria n\u00e3o se fa\u00e7a valer no Brasil, porque uma pessoa desempregada n\u00e3o tem sa\u00fade\u201d, comunicou o presidente.<\/p>\n<p>Bolsonaro ainda afirmou que teve uma reuni\u00e3o &#8220;muito boa&#8221; com os governadores na parte da manh\u00e3. O presidente recebeu o apoio dos 27 estados para o veto \u00e0 possibilidade de reajuste salarial para categorias de servidores p\u00fablicos.<\/p>\n<p><a href=\"https:\/\/lp.suno.com.br\/suno-one\/\">Veja tamb\u00e9m: Garanta acesso gratuito \u00e0 eBooks, Minicursos, Artigos e Video Aulas com um \u00fanico cadastro. Clique para saber mais<\/a><\/p>\n<p>Bolsonaro tamb\u00e9m anunciou que pretende sancionar, o mais breve poss\u00edvel, um aux\u00edlio de R$ 60 bilh\u00f5es para os estados e munic\u00edpios.<\/p>\n<h2>Bolsonaro sob forte press\u00e3o<\/h2>\n<p>Desde o in\u00edcio da epidemia do novo coronav\u00edrus no Brasil, o presidente tem se colocado em posi\u00e7\u00e3o oposta a seguida pelos <strong>governadores<\/strong> sobre o isolamento social. Enquanto estes decretaram medidas de restri\u00e7\u00e3o \u00e0 circula\u00e7\u00e3o, Bolsonaro alega que os impactos econ\u00f4micos s\u00e3o piores do que os efeitos da doen\u00e7a.<\/p>\n<p>O chefe do Executivo contestava as medidas e defendia o isolamento vertical, quando somente pessoas dentro do grupo de risco e aquelas que apresentam alguma complica\u00e7\u00e3o fazem a quarentena. Os governadores, pelo contr\u00e1rio, apostam no isolamento horizontal, que determina a restri\u00e7\u00e3o de circula\u00e7\u00e3o para todos os grupos.<\/p>\n<p><a href=\"https:\/\/www.suno.com.br\/noticias\/coronavoucher-segundo-bolsonaro-prorrogacao-e-assunto-para-guedes\/\">Saiba mais: Coronavoucher: Segundo Bolsonaro, prorroga\u00e7\u00e3o \u00e9 assunto para Guedes<\/a><\/p>\n<p>O presidente vinha trocando nas \u00faltimas semanas ataques, principalmente, com o governador de S\u00e3o Paulo, <a href=\"https:\/\/www.suno.com.br\/tudo-sobre\/joao-doria\/\">Jo\u00e3o Doria<\/a> (PSDB). No m\u00eas de mar\u00e7o, os dois governantes tiveram uma discuss\u00e3o em videoconfer\u00eancia, enquanto disputavam sobre qual seria a melhor maneira de gerir a crise. Na reuni\u00e3o desta quinta-feira, por\u00e9m, ambos trocaram cordialidades e fizeram um apelo para o trabalho em conjunto.<\/p>\n<p>No entanto, embora <strong>Bolsonaro<\/strong> tencione a reabertura das atividades econ\u00f4micas, o Supremo Tribunal Federal (STF) determinou no m\u00eas anterior que a decis\u00e3o de reabrir o com\u00e9rcio e flexibilizar as medidas de isolamento social cabem aos governadores e prefeitos.<\/p>\n\n","protected":false},"excerpt":{"rendered":"<p>O presidente da Rep\u00fablica, Jair Bolsonaro, afirmou nesta quinta-feira (21) que o Brasil est\u00e1 na imin\u00eancia da reabertura do com\u00e9rcio para voltar a estimular atividade econ\u00f4mica. Bolsonaro comenta sobre a variante omicron Bolsonaro declarou, em conversa com apoiadores na entrada do Pal\u00e1cio da Alvorada, que havia falado com o prefeito do Rio de Janeiro, Marcelo [&hellip;]<\/p>\n","protected":false},"author":35,"featured_media":32872,"comment_status":"closed","ping_status":"closed","sticky":false,"template":"","format":"standard","meta":[],"categories":[62],"tags":[2487,719],"suno_strategy":[],"class_list":["post-65783","post","type-post","status-publish","format-standard","has-post-thumbnail","hentry","category-economia","tag-coronavirus","tag-jair-bolsonaro"],"yoast_head":"<!-- This site is optimized with the Yoast SEO plugin v24.4 - https:\/\/yoast.com\/wordpress\/plugins\/seo\/ -->\n<title>Bolsonaro: Brasil est\u00e1 na imin\u00eancia de reabrir o com\u00e9rcio<\/title>\n<meta name=\"description\" content=\"O presidente Bolsonaro afirmou que o Brasil est\u00e1 na imin\u00eancia da reabertura do com\u00e9rcio para estimular a economia. Clique para saber mais\" \/>\n<meta name=\"robots\" content=\"index, follow, max-snippet:-1, max-image-preview:large, max-video-preview:-1\" \/>\n<link rel=\"canonical\" href=\"https:\/\/www.suno.com.br\/noticias\/jair-bolsonaro-brasil-iminencia-reabrir-comercio\/\" \/>\n<meta property=\"og:locale\" content=\"pt_BR\" \/>\n<meta property=\"og:type\" content=\"article\" \/>\n<meta property=\"og:title\" content=\"Bolsonaro: Brasil est\u00e1 na imin\u00eancia de reabrir o com\u00e9rcio\" \/>\n<meta property=\"og:description\" content=\"O presidente Bolsonaro afirmou que o Brasil est\u00e1 na imin\u00eancia da reabertura do com\u00e9rcio para estimular a economia. Clique para saber mais\" \/>\n<meta property=\"og:url\" content=\"https:\/\/www.suno.com.br\/noticias\/jair-bolsonaro-brasil-iminencia-reabrir-comercio\/\" \/>\n<meta property=\"og:site_name\" content=\"Suno Not\u00edcias\" \/>\n<meta property=\"article:publisher\" content=\"https:\/\/facebook.com\/sunoresearch\" \/>\n<meta property=\"og:image\" content=\"https:\/\/files.sunoresearch.com.br\/n\/uploads\/2019\/08\/072778e5-antcrz_abr_31071919619df.jpg\" \/>\n\t<meta property=\"og:image:width\" content=\"1140\" \/>\n\t<meta property=\"og:image:height\" content=\"760\" \/>\n\t<meta property=\"og:image:type\" content=\"image\/jpeg\" \/>\n<meta name=\"author\" content=\"Arthur Guimar\u00e3es\" \/>\n<meta name=\"twitter:card\" content=\"summary_large_image\" \/>\n<meta name=\"twitter:creator\" content=\"@sunoresearch\" \/>\n<meta name=\"twitter:site\" content=\"@sunoresearch\" \/>\n<meta name=\"twitter:label1\" content=\"Escrito por\" \/>\n\t<meta name=\"twitter:data1\" content=\"Arthur Guimar\u00e3es\" \/>\n\t<meta name=\"twitter:label2\" content=\"Est. tempo de leitura\" \/>\n\t<meta name=\"twitter:data2\" content=\"2 minutos\" \/>\n<script type=\"application\/ld+json\" class=\"yoast-schema-graph\">{\"@context\":\"https:\/\/schema.org\",\"@graph\":[{\"@type\":\"NewsArticle\",\"@id\":\"https:\/\/www.suno.com.br\/noticias\/jair-bolsonaro-brasil-iminencia-reabrir-comercio\/#article\",\"isPartOf\":{\"@id\":\"https:\/\/www.suno.com.br\/noticias\/jair-bolsonaro-brasil-iminencia-reabrir-comercio\/\"},\"author\":{\"name\":\"Arthur Guimar\u00e3es\",\"@id\":\"https:\/\/www.suno.com.br\/noticias\/#\/schema\/person\/053a750a709a263919a20f976caae91c\"},\"headline\":\"Bolsonaro: Brasil est\u00e1 na imin\u00eancia de reabrir o com\u00e9rcio\",\"datePublished\":\"2020-05-22T00:13:39+00:00\",\"mainEntityOfPage\":{\"@id\":\"https:\/\/www.suno.com.br\/noticias\/jair-bolsonaro-brasil-iminencia-reabrir-comercio\/\"},\"wordCount\":446,\"publisher\":{\"@id\":\"https:\/\/www.suno.com.br\/noticias\/#organization\"},\"image\":{\"@id\":\"https:\/\/www.suno.com.br\/noticias\/jair-bolsonaro-brasil-iminencia-reabrir-comercio\/#primaryimage\"},\"thumbnailUrl\":\"https:\/\/files.sunoresearch.com.br\/n\/uploads\/2019\/08\/072778e5-antcrz_abr_31071919619df-jpg.webp\",\"keywords\":[\"coronav\u00edrus\",\"Jair Bolsonaro\"],\"articleSection\":[\"Economia\"],\"inLanguage\":\"pt-BR\"},{\"@type\":\"WebPage\",\"@id\":\"https:\/\/www.suno.com.br\/noticias\/jair-bolsonaro-brasil-iminencia-reabrir-comercio\/\",\"url\":\"https:\/\/www.suno.com.br\/noticias\/jair-bolsonaro-brasil-iminencia-reabrir-comercio\/\",\"name\":\"Bolsonaro: Brasil est\u00e1 na imin\u00eancia de reabrir o com\u00e9rcio\",\"isPartOf\":{\"@id\":\"https:\/\/www.suno.com.br\/noticias\/#website\"},\"primaryImageOfPage\":{\"@id\":\"https:\/\/www.suno.com.br\/noticias\/jair-bolsonaro-brasil-iminencia-reabrir-comercio\/#primaryimage\"},\"image\":{\"@id\":\"https:\/\/www.suno.com.br\/noticias\/jair-bolsonaro-brasil-iminencia-reabrir-comercio\/#primaryimage\"},\"thumbnailUrl\":\"https:\/\/files.sunoresearch.com.br\/n\/uploads\/2019\/08\/072778e5-antcrz_abr_31071919619df-jpg.webp\",\"datePublished\":\"2020-05-22T00:13:39+00:00\",\"description\":\"O presidente Bolsonaro afirmou que o Brasil est\u00e1 na imin\u00eancia da reabertura do com\u00e9rcio para estimular a economia. Clique para saber mais\",\"breadcrumb\":{\"@id\":\"https:\/\/www.suno.com.br\/noticias\/jair-bolsonaro-brasil-iminencia-reabrir-comercio\/#breadcrumb\"},\"inLanguage\":\"pt-BR\",\"potentialAction\":[{\"@type\":\"ReadAction\",\"target\":[\"https:\/\/www.suno.com.br\/noticias\/jair-bolsonaro-brasil-iminencia-reabrir-comercio\/\"]}]},{\"@type\":\"ImageObject\",\"inLanguage\":\"pt-BR\",\"@id\":\"https:\/\/www.suno.com.br\/noticias\/jair-bolsonaro-brasil-iminencia-reabrir-comercio\/#primaryimage\",\"url\":\"https:\/\/files.sunoresearch.com.br\/n\/uploads\/2019\/08\/072778e5-antcrz_abr_31071919619df-jpg.webp\",\"contentUrl\":\"https:\/\/files.sunoresearch.com.br\/n\/uploads\/2019\/08\/072778e5-antcrz_abr_31071919619df-jpg.webp\",\"width\":1140,\"height\":760,\"caption\":\"Bolsonaro comenta sobre a variante omicron\"},{\"@type\":\"BreadcrumbList\",\"@id\":\"https:\/\/www.suno.com.br\/noticias\/jair-bolsonaro-brasil-iminencia-reabrir-comercio\/#breadcrumb\",\"itemListElement\":[{\"@type\":\"ListItem\",\"position\":1,\"name\":\"Not\u00edcias\",\"item\":\"https:\/\/www.suno.com.br\/noticias\/\"},{\"@type\":\"ListItem\",\"position\":2,\"name\":\"Economia\",\"item\":\"https:\/\/www.suno.com.br\/noticias\/economia\/\"},{\"@type\":\"ListItem\",\"position\":3,\"name\":\"Bolsonaro: Brasil est\u00e1 na imin\u00eancia de reabrir o com\u00e9rcio\"}]},{\"@type\":\"WebSite\",\"@id\":\"https:\/\/www.suno.com.br\/noticias\/#website\",\"url\":\"https:\/\/www.suno.com.br\/noticias\/\",\"name\":\"Suno Not\u00edcias\",\"description\":\"Seu portal de informa\u00e7\u00e3o sobre o mundo dos investimentos\",\"publisher\":{\"@id\":\"https:\/\/www.suno.com.br\/noticias\/#organization\"},\"potentialAction\":[{\"@type\":\"SearchAction\",\"target\":{\"@type\":\"EntryPoint\",\"urlTemplate\":\"https:\/\/www.suno.com.br\/noticias\/?s={search_term_string}\"},\"query-input\":{\"@type\":\"PropertyValueSpecification\",\"valueRequired\":true,\"valueName\":\"search_term_string\"}}],\"inLanguage\":\"pt-BR\"},{\"@type\":\"Organization\",\"@id\":\"https:\/\/www.suno.com.br\/noticias\/#organization\",\"name\":\"Suno Not\u00edcias\",\"url\":\"https:\/\/www.suno.com.br\/noticias\/\",\"logo\":{\"@type\":\"ImageObject\",\"inLanguage\":\"pt-BR\",\"@id\":\"https:\/\/www.suno.com.br\/noticias\/#\/schema\/logo\/image\/\",\"url\":\"https:\/\/files.sunoresearch.com.br\/n\/uploads\/2021\/09\/suno-logo.png\",\"contentUrl\":\"https:\/\/files.sunoresearch.com.br\/n\/uploads\/2021\/09\/suno-logo.png\",\"width\":180,\"height\":180,\"caption\":\"Suno Not\u00edcias\"},\"image\":{\"@id\":\"https:\/\/www.suno.com.br\/noticias\/#\/schema\/logo\/image\/\"},\"sameAs\":[\"https:\/\/facebook.com\/sunoresearch\",\"https:\/\/x.com\/sunoresearch\",\"https:\/\/www.instagram.com\/suno\",\"https:\/\/www.linkedin.com\/company\/suno-research\/\",\"https:\/\/www.youtube.com\/c\/sunoresearch\"]},{\"@type\":\"Person\",\"@id\":\"https:\/\/www.suno.com.br\/noticias\/#\/schema\/person\/053a750a709a263919a20f976caae91c\",\"name\":\"Arthur Guimar\u00e3es\",\"image\":{\"@type\":\"ImageObject\",\"inLanguage\":\"pt-BR\",\"@id\":\"https:\/\/www.suno.com.br\/noticias\/#\/schema\/person\/image\/\",\"url\":\"https:\/\/secure.gravatar.com\/avatar\/1affd86a11209ae09eb6dd3bcad3e96c?s=96&r=g\",\"contentUrl\":\"https:\/\/secure.gravatar.com\/avatar\/1affd86a11209ae09eb6dd3bcad3e96c?s=96&r=g\",\"caption\":\"Arthur Guimar\u00e3es\"},\"description\":\"Arthur Guimar\u00e3es escreve sobre pol\u00edtica, economia e neg\u00f3cios para o portal de not\u00edcias da Suno Research. Atualmente, \u00e9 estudante de jornalismo pela Faculdade C\u00e1sper L\u00edbero.\",\"url\":\"https:\/\/www.suno.com.br\/noticias\/author\/arthur-guimaraes\/\"}]}<\/script>\n<!-- \/ Yoast SEO plugin. -->","yoast_head_json":{"title":"Bolsonaro: Brasil est\u00e1 na imin\u00eancia de reabrir o com\u00e9rcio","description":"O presidente Bolsonaro afirmou que o Brasil est\u00e1 na imin\u00eancia da reabertura do com\u00e9rcio para estimular a economia. Clique para saber mais","robots":{"index":"index","follow":"follow","max-snippet":"max-snippet:-1","max-image-preview":"max-image-preview:large","max-video-preview":"max-video-preview:-1"},"canonical":"https:\/\/www.suno.com.br\/noticias\/jair-bolsonaro-brasil-iminencia-reabrir-comercio\/","og_locale":"pt_BR","og_type":"article","og_title":"Bolsonaro: Brasil est\u00e1 na imin\u00eancia de reabrir o com\u00e9rcio","og_description":"O presidente Bolsonaro afirmou que o Brasil est\u00e1 na imin\u00eancia da reabertura do com\u00e9rcio para estimular a economia. Clique para saber mais","og_url":"https:\/\/www.suno.com.br\/noticias\/jair-bolsonaro-brasil-iminencia-reabrir-comercio\/","og_site_name":"Suno Not\u00edcias","article_publisher":"https:\/\/facebook.com\/sunoresearch","og_image":[{"width":1140,"height":760,"url":"https:\/\/files.sunoresearch.com.br\/n\/uploads\/2019\/08\/072778e5-antcrz_abr_31071919619df.jpg","type":"image\/jpeg"}],"author":"Arthur Guimar\u00e3es","twitter_card":"summary_large_image","twitter_creator":"@sunoresearch","twitter_site":"@sunoresearch","twitter_misc":{"Escrito por":"Arthur Guimar\u00e3es","Est. tempo de leitura":"2 minutos"},"schema":{"@context":"https:\/\/schema.org","@graph":[{"@type":"NewsArticle","@id":"https:\/\/www.suno.com.br\/noticias\/jair-bolsonaro-brasil-iminencia-reabrir-comercio\/#article","isPartOf":{"@id":"https:\/\/www.suno.com.br\/noticias\/jair-bolsonaro-brasil-iminencia-reabrir-comercio\/"},"author":{"name":"Arthur Guimar\u00e3es","@id":"https:\/\/www.suno.com.br\/noticias\/#\/schema\/person\/053a750a709a263919a20f976caae91c"},"headline":"Bolsonaro: Brasil est\u00e1 na imin\u00eancia de reabrir o com\u00e9rcio","datePublished":"2020-05-22T00:13:39+00:00","mainEntityOfPage":{"@id":"https:\/\/www.suno.com.br\/noticias\/jair-bolsonaro-brasil-iminencia-reabrir-comercio\/"},"wordCount":446,"publisher":{"@id":"https:\/\/www.suno.com.br\/noticias\/#organization"},"image":{"@id":"https:\/\/www.suno.com.br\/noticias\/jair-bolsonaro-brasil-iminencia-reabrir-comercio\/#primaryimage"},"thumbnailUrl":"https:\/\/files.sunoresearch.com.br\/n\/uploads\/2019\/08\/072778e5-antcrz_abr_31071919619df-jpg.webp","keywords":["coronav\u00edrus","Jair Bolsonaro"],"articleSection":["Economia"],"inLanguage":"pt-BR"},{"@type":"WebPage","@id":"https:\/\/www.suno.com.br\/noticias\/jair-bolsonaro-brasil-iminencia-reabrir-comercio\/","url":"https:\/\/www.suno.com.br\/noticias\/jair-bolsonaro-brasil-iminencia-reabrir-comercio\/","name":"Bolsonaro: Brasil est\u00e1 na imin\u00eancia de reabrir o com\u00e9rcio","isPartOf":{"@id":"https:\/\/www.suno.com.br\/noticias\/#website"},"primaryImageOfPage":{"@id":"https:\/\/www.suno.com.br\/noticias\/jair-bolsonaro-brasil-iminencia-reabrir-comercio\/#primaryimage"},"image":{"@id":"https:\/\/www.suno.com.br\/noticias\/jair-bolsonaro-brasil-iminencia-reabrir-comercio\/#primaryimage"},"thumbnailUrl":"https:\/\/files.sunoresearch.com.br\/n\/uploads\/2019\/08\/072778e5-antcrz_abr_31071919619df-jpg.webp","datePublished":"2020-05-22T00:13:39+00:00","description":"O presidente Bolsonaro afirmou que o Brasil est\u00e1 na imin\u00eancia da reabertura do com\u00e9rcio para estimular a economia. Clique para saber mais","breadcrumb":{"@id":"https:\/\/www.suno.com.br\/noticias\/jair-bolsonaro-brasil-iminencia-reabrir-comercio\/#breadcrumb"},"inLanguage":"pt-BR","potentialAction":[{"@type":"ReadAction","target":["https:\/\/www.suno.com.br\/noticias\/jair-bolsonaro-brasil-iminencia-reabrir-comercio\/"]}]},{"@type":"ImageObject","inLanguage":"pt-BR","@id":"https:\/\/www.suno.com.br\/noticias\/jair-bolsonaro-brasil-iminencia-reabrir-comercio\/#primaryimage","url":"https:\/\/files.sunoresearch.com.br\/n\/uploads\/2019\/08\/072778e5-antcrz_abr_31071919619df-jpg.webp","contentUrl":"https:\/\/files.sunoresearch.com.br\/n\/uploads\/2019\/08\/072778e5-antcrz_abr_31071919619df-jpg.webp","width":1140,"height":760,"caption":"Bolsonaro comenta sobre a variante omicron"},{"@type":"BreadcrumbList","@id":"https:\/\/www.suno.com.br\/noticias\/jair-bolsonaro-brasil-iminencia-reabrir-comercio\/#breadcrumb","itemListElement":[{"@type":"ListItem","position":1,"name":"Not\u00edcias","item":"https:\/\/www.suno.com.br\/noticias\/"},{"@type":"ListItem","position":2,"name":"Economia","item":"https:\/\/www.suno.com.br\/noticias\/economia\/"},{"@type":"ListItem","position":3,"name":"Bolsonaro: Brasil est\u00e1 na imin\u00eancia de reabrir o com\u00e9rcio"}]},{"@type":"WebSite","@id":"https:\/\/www.suno.com.br\/noticias\/#website","url":"https:\/\/www.suno.com.br\/noticias\/","name":"Suno Not\u00edcias","description":"Seu portal de informa\u00e7\u00e3o sobre o mundo dos investimentos","publisher":{"@id":"https:\/\/www.suno.com.br\/noticias\/#organization"},"potentialAction":[{"@type":"SearchAction","target":{"@type":"EntryPoint","urlTemplate":"https:\/\/www.suno.com.br\/noticias\/?s={search_term_string}"},"query-input":{"@type":"PropertyValueSpecification","valueRequired":true,"valueName":"search_term_string"}}],"inLanguage":"pt-BR"},{"@type":"Organization","@id":"https:\/\/www.suno.com.br\/noticias\/#organization","name":"Suno Not\u00edcias","url":"https:\/\/www.suno.com.br\/noticias\/","logo":{"@type":"ImageObject","inLanguage":"pt-BR","@id":"https:\/\/www.suno.com.br\/noticias\/#\/schema\/logo\/image\/","url":"https:\/\/files.sunoresearch.com.br\/n\/uploads\/2021\/09\/suno-logo.png","contentUrl":"https:\/\/files.sunoresearch.com.br\/n\/uploads\/2021\/09\/suno-logo.png","width":180,"height":180,"caption":"Suno Not\u00edcias"},"image":{"@id":"https:\/\/www.suno.com.br\/noticias\/#\/schema\/logo\/image\/"},"sameAs":["https:\/\/facebook.com\/sunoresearch","https:\/\/x.com\/sunoresearch","https:\/\/www.instagram.com\/suno","https:\/\/www.linkedin.com\/company\/suno-research\/","https:\/\/www.youtube.com\/c\/sunoresearch"]},{"@type":"Person","@id":"https:\/\/www.suno.com.br\/noticias\/#\/schema\/person\/053a750a709a263919a20f976caae91c","name":"Arthur Guimar\u00e3es","image":{"@type":"ImageObject","inLanguage":"pt-BR","@id":"https:\/\/www.suno.com.br\/noticias\/#\/schema\/person\/image\/","url":"https:\/\/secure.gravatar.com\/avatar\/1affd86a11209ae09eb6dd3bcad3e96c?s=96&r=g","contentUrl":"https:\/\/secure.gravatar.com\/avatar\/1affd86a11209ae09eb6dd3bcad3e96c?s=96&r=g","caption":"Arthur Guimar\u00e3es"},"description":"Arthur Guimar\u00e3es escreve sobre pol\u00edtica, economia e neg\u00f3cios para o portal de not\u00edcias da Suno Research. Atualmente, \u00e9 estudante de jornalismo pela Faculdade C\u00e1sper L\u00edbero.","url":"https:\/\/www.suno.com.br\/noticias\/author\/arthur-guimaraes\/"}]}},"default_loop_html":"<div class=\"cardsPage__listCard__boxs\"><div class=\"cardsPage__listCard__boxs__img\"><a href=\"https:\/\/www.suno.com.br\/noticias\/jair-bolsonaro-brasil-iminencia-reabrir-comercio\/\"><img class=\"mask\" src=\"https:\/\/www.suno.com.br\/noticias\/wp-content\/themes\/suno\/resources\/images\/spotlight\/spotlight1img\/bg-mask.png\" alt=\"Image Mask\"\/><img src=\"https:\/\/files.sunoresearch.com.br\/n\/uploads\/2019\/08\/072778e5-antcrz_abr_31071919619df-400x200.webp\" alt=\"Bolsonaro: Brasil est\u00e1 na imin\u00eancia de reabrir o com\u00e9rcio\"\/><\/a><span class=\"spotlightCategory\"><a href=\"https:\/\/www.suno.com.br\/noticias\/economia\/\">Economia<\/a><\/span><\/div><div class=\"cardsPage__listCard__boxs__content\"><a href=\"https:\/\/www.suno.com.br\/noticias\/jair-bolsonaro-brasil-iminencia-reabrir-comercio\/\"><h2 class=\"content__title\">Bolsonaro: Brasil est\u00e1 na imin\u00eancia de reabrir o com\u00e9rcio<\/h2><\/a><div class=\"newsContent__article__meta\"><div class=\"newsContent__article__meta__authorBox\"><a href=\"https:\/\/www.suno.com.br\/noticias\/author\/arthur-guimaraes\/\" class=\"authorBox__avatar noMobi\"><img src=\"https:\/\/files.sunoresearch.com.br\/n\/uploads\/2020\/02\/dfb40897-eu-150x150.webp\" alt=\"Arthur Guimar\u00e3es\"><\/a><div class=\"authorBox__name\"><span>por\n\t\t\t<a href=\"https:\/\/www.suno.com.br\/noticias\/author\/arthur-guimaraes\/\"><span itemprop=\"author\">Arthur Guimar\u00e3es<\/span><\/a><\/span><time datetime=\"2020-05-21T21:13:39-03:00\" itemprop=\"datePublished\">21\/05\/2020 21:13<\/time><\/div><\/div><\/div><\/div><\/div>","single_layout":"posts","amp_enabled":true,"_links":{"self":[{"href":"https:\/\/www.suno.com.br\/noticias\/wp-json\/wp\/v2\/posts\/65783"}],"collection":[{"href":"https:\/\/www.suno.com.br\/noticias\/wp-json\/wp\/v2\/posts"}],"about":[{"href":"https:\/\/www.suno.com.br\/noticias\/wp-json\/wp\/v2\/types\/post"}],"author":[{"embeddable":true,"href":"https:\/\/www.suno.com.br\/noticias\/wp-json\/wp\/v2\/users\/35"}],"replies":[{"embeddable":true,"href":"https:\/\/www.suno.com.br\/noticias\/wp-json\/wp\/v2\/comments?post=65783"}],"version-history":[{"count":0,"href":"https:\/\/www.suno.com.br\/noticias\/wp-json\/wp\/v2\/posts\/65783\/revisions"}],"wp:featuredmedia":[{"embeddable":true,"href":"https:\/\/www.suno.com.br\/noticias\/wp-json\/wp\/v2\/media\/32872"}],"wp:attachment":[{"href":"https:\/\/www.suno.com.br\/noticias\/wp-json\/wp\/v2\/media?parent=65783"}],"wp:term":[{"taxonomy":"category","embeddable":true,"href":"https:\/\/www.suno.com.br\/noticias\/wp-json\/wp\/v2\/categories?post=65783"},{"taxonomy":"post_tag","embeddable":true,"href":"https:\/\/www.suno.com.br\/noticias\/wp-json\/wp\/v2\/tags?post=65783"},{"taxonomy":"suno_strategy","embeddable":true,"href":"https:\/\/www.suno.com.br\/noticias\/wp-json\/wp\/v2\/suno_strategy?post=65783"}],"curies":[{"name":"wp","href":"https:\/\/api.w.org\/{rel}","templated":true}]}}