{"id":65778,"date":"2020-05-21T20:22:12","date_gmt":"2020-05-21T23:22:12","guid":{"rendered":"https:\/\/www.suno.com.br\/noticias\/?p=65778"},"modified":"2020-05-21T20:22:12","modified_gmt":"2020-05-21T23:22:12","slug":"pedidos-de-seguro-desemprego-aumentam-76-2-porcento-em-maio","status":"publish","type":"post","link":"https:\/\/www.suno.com.br\/noticias\/pedidos-de-seguro-desemprego-aumentam-76-2-porcento-em-maio\/","title":{"rendered":"Seguro-desemprego: pedidos aumentam 76,2% em maio"},"content":{"rendered":"<p>A Secretaria do Trabalho do Minist\u00e9rio da Economia informou nessa quinta-feira (21) que na primeira quinzena de maio, o n\u00famero de pedidos de <strong>seguro-desemprego<\/strong> chegou a 504.313, enquanto no mesmo per\u00edodo do ano passado atingiu 286.272, ou seja, houve um aumento de 76,2%. Esse aumento ocorre em meio a <a href=\"https:\/\/www.suno.com.br\/artigos\/crise-economica-oportunidade-ou-ameaca\/\">crise econ\u00f4mica<\/a> causada pela pandemia de <a href=\"https:\/\/www.suno.com.br\/noticias\/tags\/coronavirus\/\">coronav\u00edrus (Covid-19).<\/a><\/p>\t<div class=\"wrapper-featured-image\">\n\t\t<figure class=\"spotlightImg\">\n\n\t\t\t<picture>\n\t\t\t\t<source media=\"(max-width: 768px)\" srcset=\"https:\/\/files.sunoresearch.com.br\/n\/uploads\/2018\/12\/9db08560-emprego-400x200.webp\">\n\t\t\t\t<img loading=\"lazy\" decoding=\"async\" class=\"newsContent__article__imgCapa lazyloadDisabled newsContent__article__imgCapa--noCaption\" src=\"https:\/\/files.sunoresearch.com.br\/n\/uploads\/2018\/12\/9db08560-emprego-800x450.webp\" width=\"800\" height=\"450\" alt=\"Seguro-desemprego: pedidos aumentam 76,2% em maio\" fetchpriority=high \/>\n\t\t\t<\/picture>\n\n\t\t\t<figcaption class=\"wp-caption-text wp-caption-text--hide\">Pedidos de seguro desemprego refletem o desempenho da economia<\/figcaption>\n\t\t<\/figure>\n\t<\/div>\n\n\n\n<p>Na primeira quinzena de abril o n\u00famero de pedidos do aux\u00edlio-desemprego ficou em 480.848, o que significa que foi 4,8% menor do que nos primeiros quinze dias nesse m\u00eas.<\/p>\n<p><a href=\"https:\/\/lp.suno.com.br\/suno-one\/\">Garanta acesso ao Suno One, a central de informa\u00e7\u00f5es para quem quer aprender a investir. Acesse gratuitamente clicando aqui.<\/a><\/p>\n<p>De acordo com o Minist\u00e9rio da Economia, os tr\u00eas estados brasileiros que apresentaram os maiores n\u00fameros de pedidos do benef\u00edcio foram:<\/p>\n<ul>\n<li>S\u00e3o Paulo, com 149.289 solicita\u00e7\u00f5es;<\/li>\n<li>Minas Gerais, com 53.105;<\/li>\n<li>Rio de Janeiro, com 42.693.<\/li>\n<\/ul>\n<p>Al\u00e9m disso, no acumulado do ano at\u00e9 a primeira quinzena desse m\u00eas, foi registado um total de 2,841 milh\u00f5es de pedidos. Na mesma \u00e9poca de 2019, o n\u00famero ficou em 2,592. A varia\u00e7\u00e3o representa um acr\u00e9scimo de 9,6% no total de requerimentos do benef\u00edcio.<\/p>\n<h2>250 mil solicita\u00e7\u00f5es ainda devem ser feitas<\/h2>\n<p>A Secretaria do Trabalho avaliou que at\u00e9 250 mil requerimentos ainda devem ser feitos nos meses seguintes. Al\u00e9m disso o pedido pode ser feito digitalmente e os trabalhadores formais com direito ao benef\u00edcio tem at\u00e9 120 dias para solicit\u00e1-lo.<\/p>\n<p>Entretanto, cerca de 113.446 pedidos foram feitos presencialmente na primeira metade de maio, ao passo que na segunda metade de abril esse n\u00famero ficou em 71.503. De acordo com o decreto 10.329 de 28 de abril, as atividades de processamento de aux\u00edlio-desemprego s\u00e3o consideradas essenciais e por isso podem realizar atendimento presencial durante a pandemia de coronav\u00edrus.<\/p>\n<p>Contudo, o n\u00famero de requerimentos online tamb\u00e9m aumentou na primeira metade de maio e representou 77,5% do total de pedidos. Ao todo foram contabilizadas 390.867 solicita\u00e7\u00f5es.<\/p>\n<h2>EUA registram 2,4 milh\u00f5es de pedidos de seguro-desemprego<\/h2>\n<p>O n\u00famero de solicita\u00e7\u00f5es do aux\u00edlio-desemprego nos <strong>EUA <\/strong>foi de 2,44 milh\u00f5es na semana encerrada em 15 de maio. Os dados foram divulgados pelo Departamento do Trabalho americano nesta quinta-feira. O pedido deste tipo de aux\u00edlio disparou nas \u00faltimas semanas, em raz\u00e3o do impacto do coronav\u00edrus.<\/p>\n<p><a class=\"LinkSuggestion__Link-sc-1mdih4x-2 jZPuuT\" href=\"https:\/\/www.suno.com.br\/noticias\/desemprego-nos-eua-setor-privado-fecha-20-mi-de-vagas-em-abril\/\" target=\"_blank\" rel=\"noopener noreferrer\">Veja tamb\u00e9m: Desemprego nos EUA: setor privado fechou 20 mi de vagas em abril<\/a><\/p>\n<p>O total de pedidos de<strong> seguro-desemprego<\/strong> dos EUA apresentou uma desacelera\u00e7\u00e3o em compara\u00e7\u00e3o com o n\u00famero registrado nas semanas anteriores. E veio em linha com as previs\u00f5es dos analistas da Bloomberg.<\/p>\n\n","protected":false},"excerpt":{"rendered":"<p>A Secretaria do Trabalho do Minist\u00e9rio da Economia informou nessa quinta-feira (21) que na primeira quinzena de maio, o n\u00famero de pedidos de seguro-desemprego chegou a 504.313, enquanto no mesmo per\u00edodo do ano passado atingiu 286.272, ou seja, houve um aumento de 76,2%. Esse aumento ocorre em meio a crise econ\u00f4mica causada pela pandemia de [&hellip;]<\/p>\n","protected":false},"author":39,"featured_media":9653,"comment_status":"closed","ping_status":"closed","sticky":false,"template":"","format":"standard","meta":[],"categories":[62],"tags":[2487,1296,909,2274],"suno_strategy":[],"class_list":["post-65778","post","type-post","status-publish","format-standard","has-post-thumbnail","hentry","category-economia","tag-coronavirus","tag-desemprego","tag-ministerio-da-economia","tag-seguro-desemprego"],"yoast_head":"<!-- This site is optimized with the Yoast SEO plugin v24.4 - https:\/\/yoast.com\/wordpress\/plugins\/seo\/ -->\n<title>Seguro-desemprego: pedidos aumentam 76,2% em maio<\/title>\n<meta name=\"description\" content=\"O n\u00famero de pedidos de seguro-desemprego na primeira quinzena de maio registrou uma alta de 76,2% ante a abril. Clique aqui para saber mais.\" \/>\n<meta name=\"robots\" content=\"index, follow, max-snippet:-1, max-image-preview:large, max-video-preview:-1\" \/>\n<link rel=\"canonical\" href=\"https:\/\/www.suno.com.br\/noticias\/pedidos-de-seguro-desemprego-aumentam-76-2-porcento-em-maio\/\" \/>\n<meta property=\"og:locale\" content=\"pt_BR\" \/>\n<meta property=\"og:type\" content=\"article\" \/>\n<meta property=\"og:title\" content=\"Seguro-desemprego: pedidos aumentam 76,2% em maio\" \/>\n<meta property=\"og:description\" content=\"O n\u00famero de pedidos de seguro-desemprego na primeira quinzena de maio registrou uma alta de 76,2% ante a abril. Clique aqui para saber mais.\" \/>\n<meta property=\"og:url\" content=\"https:\/\/www.suno.com.br\/noticias\/pedidos-de-seguro-desemprego-aumentam-76-2-porcento-em-maio\/\" \/>\n<meta property=\"og:site_name\" content=\"Suno Not\u00edcias\" \/>\n<meta property=\"article:publisher\" content=\"https:\/\/facebook.com\/sunoresearch\" \/>\n<meta property=\"og:image\" content=\"https:\/\/files.sunoresearch.com.br\/n\/uploads\/2018\/12\/9db08560-emprego.jpg\" \/>\n\t<meta property=\"og:image:width\" content=\"1140\" \/>\n\t<meta property=\"og:image:height\" content=\"760\" \/>\n\t<meta property=\"og:image:type\" content=\"image\/jpeg\" \/>\n<meta name=\"author\" content=\"Laura Moutinho\" \/>\n<meta name=\"twitter:card\" content=\"summary_large_image\" \/>\n<meta name=\"twitter:creator\" content=\"@sunoresearch\" \/>\n<meta name=\"twitter:site\" content=\"@sunoresearch\" \/>\n<meta name=\"twitter:label1\" content=\"Escrito por\" \/>\n\t<meta name=\"twitter:data1\" content=\"Laura Moutinho\" \/>\n\t<meta name=\"twitter:label2\" content=\"Est. tempo de leitura\" \/>\n\t<meta name=\"twitter:data2\" content=\"2 minutos\" \/>\n<script type=\"application\/ld+json\" class=\"yoast-schema-graph\">{\"@context\":\"https:\/\/schema.org\",\"@graph\":[{\"@type\":\"NewsArticle\",\"@id\":\"https:\/\/www.suno.com.br\/noticias\/pedidos-de-seguro-desemprego-aumentam-76-2-porcento-em-maio\/#article\",\"isPartOf\":{\"@id\":\"https:\/\/www.suno.com.br\/noticias\/pedidos-de-seguro-desemprego-aumentam-76-2-porcento-em-maio\/\"},\"author\":{\"name\":\"Laura Moutinho\",\"@id\":\"https:\/\/www.suno.com.br\/noticias\/#\/schema\/person\/3df0d2808748b74496efe5dbeaef2c72\"},\"headline\":\"Seguro-desemprego: pedidos aumentam 76,2% em maio\",\"datePublished\":\"2020-05-21T23:22:12+00:00\",\"mainEntityOfPage\":{\"@id\":\"https:\/\/www.suno.com.br\/noticias\/pedidos-de-seguro-desemprego-aumentam-76-2-porcento-em-maio\/\"},\"wordCount\":445,\"publisher\":{\"@id\":\"https:\/\/www.suno.com.br\/noticias\/#organization\"},\"image\":{\"@id\":\"https:\/\/www.suno.com.br\/noticias\/pedidos-de-seguro-desemprego-aumentam-76-2-porcento-em-maio\/#primaryimage\"},\"thumbnailUrl\":\"https:\/\/files.sunoresearch.com.br\/n\/uploads\/2018\/12\/9db08560-emprego-jpg.webp\",\"keywords\":[\"coronav\u00edrus\",\"Desemprego\",\"Minist\u00e9rio da Economia\",\"seguro desemprego\"],\"articleSection\":[\"Economia\"],\"inLanguage\":\"pt-BR\"},{\"@type\":\"WebPage\",\"@id\":\"https:\/\/www.suno.com.br\/noticias\/pedidos-de-seguro-desemprego-aumentam-76-2-porcento-em-maio\/\",\"url\":\"https:\/\/www.suno.com.br\/noticias\/pedidos-de-seguro-desemprego-aumentam-76-2-porcento-em-maio\/\",\"name\":\"Seguro-desemprego: pedidos aumentam 76,2% em maio\",\"isPartOf\":{\"@id\":\"https:\/\/www.suno.com.br\/noticias\/#website\"},\"primaryImageOfPage\":{\"@id\":\"https:\/\/www.suno.com.br\/noticias\/pedidos-de-seguro-desemprego-aumentam-76-2-porcento-em-maio\/#primaryimage\"},\"image\":{\"@id\":\"https:\/\/www.suno.com.br\/noticias\/pedidos-de-seguro-desemprego-aumentam-76-2-porcento-em-maio\/#primaryimage\"},\"thumbnailUrl\":\"https:\/\/files.sunoresearch.com.br\/n\/uploads\/2018\/12\/9db08560-emprego-jpg.webp\",\"datePublished\":\"2020-05-21T23:22:12+00:00\",\"description\":\"O n\u00famero de pedidos de seguro-desemprego na primeira quinzena de maio registrou uma alta de 76,2% ante a abril. Clique aqui para saber mais.\",\"breadcrumb\":{\"@id\":\"https:\/\/www.suno.com.br\/noticias\/pedidos-de-seguro-desemprego-aumentam-76-2-porcento-em-maio\/#breadcrumb\"},\"inLanguage\":\"pt-BR\",\"potentialAction\":[{\"@type\":\"ReadAction\",\"target\":[\"https:\/\/www.suno.com.br\/noticias\/pedidos-de-seguro-desemprego-aumentam-76-2-porcento-em-maio\/\"]}]},{\"@type\":\"ImageObject\",\"inLanguage\":\"pt-BR\",\"@id\":\"https:\/\/www.suno.com.br\/noticias\/pedidos-de-seguro-desemprego-aumentam-76-2-porcento-em-maio\/#primaryimage\",\"url\":\"https:\/\/files.sunoresearch.com.br\/n\/uploads\/2018\/12\/9db08560-emprego-jpg.webp\",\"contentUrl\":\"https:\/\/files.sunoresearch.com.br\/n\/uploads\/2018\/12\/9db08560-emprego-jpg.webp\",\"width\":1140,\"height\":760,\"caption\":\"Pedidos de seguro desemprego refletem o desempenho da economia\"},{\"@type\":\"BreadcrumbList\",\"@id\":\"https:\/\/www.suno.com.br\/noticias\/pedidos-de-seguro-desemprego-aumentam-76-2-porcento-em-maio\/#breadcrumb\",\"itemListElement\":[{\"@type\":\"ListItem\",\"position\":1,\"name\":\"Not\u00edcias\",\"item\":\"https:\/\/www.suno.com.br\/noticias\/\"},{\"@type\":\"ListItem\",\"position\":2,\"name\":\"Economia\",\"item\":\"https:\/\/www.suno.com.br\/noticias\/economia\/\"},{\"@type\":\"ListItem\",\"position\":3,\"name\":\"Seguro-desemprego: pedidos aumentam 76,2% em maio\"}]},{\"@type\":\"WebSite\",\"@id\":\"https:\/\/www.suno.com.br\/noticias\/#website\",\"url\":\"https:\/\/www.suno.com.br\/noticias\/\",\"name\":\"Suno Not\u00edcias\",\"description\":\"Seu portal de informa\u00e7\u00e3o sobre o mundo dos investimentos\",\"publisher\":{\"@id\":\"https:\/\/www.suno.com.br\/noticias\/#organization\"},\"potentialAction\":[{\"@type\":\"SearchAction\",\"target\":{\"@type\":\"EntryPoint\",\"urlTemplate\":\"https:\/\/www.suno.com.br\/noticias\/?s={search_term_string}\"},\"query-input\":{\"@type\":\"PropertyValueSpecification\",\"valueRequired\":true,\"valueName\":\"search_term_string\"}}],\"inLanguage\":\"pt-BR\"},{\"@type\":\"Organization\",\"@id\":\"https:\/\/www.suno.com.br\/noticias\/#organization\",\"name\":\"Suno Not\u00edcias\",\"url\":\"https:\/\/www.suno.com.br\/noticias\/\",\"logo\":{\"@type\":\"ImageObject\",\"inLanguage\":\"pt-BR\",\"@id\":\"https:\/\/www.suno.com.br\/noticias\/#\/schema\/logo\/image\/\",\"url\":\"https:\/\/files.sunoresearch.com.br\/n\/uploads\/2021\/09\/suno-logo.png\",\"contentUrl\":\"https:\/\/files.sunoresearch.com.br\/n\/uploads\/2021\/09\/suno-logo.png\",\"width\":180,\"height\":180,\"caption\":\"Suno Not\u00edcias\"},\"image\":{\"@id\":\"https:\/\/www.suno.com.br\/noticias\/#\/schema\/logo\/image\/\"},\"sameAs\":[\"https:\/\/facebook.com\/sunoresearch\",\"https:\/\/x.com\/sunoresearch\",\"https:\/\/www.instagram.com\/suno\",\"https:\/\/www.linkedin.com\/company\/suno-research\/\",\"https:\/\/www.youtube.com\/c\/sunoresearch\"]},{\"@type\":\"Person\",\"@id\":\"https:\/\/www.suno.com.br\/noticias\/#\/schema\/person\/3df0d2808748b74496efe5dbeaef2c72\",\"name\":\"Laura Moutinho\",\"image\":{\"@type\":\"ImageObject\",\"inLanguage\":\"pt-BR\",\"@id\":\"https:\/\/www.suno.com.br\/noticias\/#\/schema\/person\/image\/\",\"url\":\"https:\/\/secure.gravatar.com\/avatar\/7571c7c8ca3a6fca5e41384ece5557ff?s=96&r=g\",\"contentUrl\":\"https:\/\/secure.gravatar.com\/avatar\/7571c7c8ca3a6fca5e41384ece5557ff?s=96&r=g\",\"caption\":\"Laura Moutinho\"},\"description\":\"Estagi\u00e1ria na Suno Not\u00edcias, escreve not\u00edcias que afetam o mercado financeiro. Estuda administra\u00e7\u00e3o na Universidade Presbiteriana Mackenzie.\",\"url\":\"https:\/\/www.suno.com.br\/noticias\/author\/laura-moutinho\/\"}]}<\/script>\n<!-- \/ Yoast SEO plugin. -->","yoast_head_json":{"title":"Seguro-desemprego: pedidos aumentam 76,2% em maio","description":"O n\u00famero de pedidos de seguro-desemprego na primeira quinzena de maio registrou uma alta de 76,2% ante a abril. Clique aqui para saber mais.","robots":{"index":"index","follow":"follow","max-snippet":"max-snippet:-1","max-image-preview":"max-image-preview:large","max-video-preview":"max-video-preview:-1"},"canonical":"https:\/\/www.suno.com.br\/noticias\/pedidos-de-seguro-desemprego-aumentam-76-2-porcento-em-maio\/","og_locale":"pt_BR","og_type":"article","og_title":"Seguro-desemprego: pedidos aumentam 76,2% em maio","og_description":"O n\u00famero de pedidos de seguro-desemprego na primeira quinzena de maio registrou uma alta de 76,2% ante a abril. Clique aqui para saber mais.","og_url":"https:\/\/www.suno.com.br\/noticias\/pedidos-de-seguro-desemprego-aumentam-76-2-porcento-em-maio\/","og_site_name":"Suno Not\u00edcias","article_publisher":"https:\/\/facebook.com\/sunoresearch","og_image":[{"width":1140,"height":760,"url":"https:\/\/files.sunoresearch.com.br\/n\/uploads\/2018\/12\/9db08560-emprego.jpg","type":"image\/jpeg"}],"author":"Laura Moutinho","twitter_card":"summary_large_image","twitter_creator":"@sunoresearch","twitter_site":"@sunoresearch","twitter_misc":{"Escrito por":"Laura Moutinho","Est. tempo de leitura":"2 minutos"},"schema":{"@context":"https:\/\/schema.org","@graph":[{"@type":"NewsArticle","@id":"https:\/\/www.suno.com.br\/noticias\/pedidos-de-seguro-desemprego-aumentam-76-2-porcento-em-maio\/#article","isPartOf":{"@id":"https:\/\/www.suno.com.br\/noticias\/pedidos-de-seguro-desemprego-aumentam-76-2-porcento-em-maio\/"},"author":{"name":"Laura Moutinho","@id":"https:\/\/www.suno.com.br\/noticias\/#\/schema\/person\/3df0d2808748b74496efe5dbeaef2c72"},"headline":"Seguro-desemprego: pedidos aumentam 76,2% em maio","datePublished":"2020-05-21T23:22:12+00:00","mainEntityOfPage":{"@id":"https:\/\/www.suno.com.br\/noticias\/pedidos-de-seguro-desemprego-aumentam-76-2-porcento-em-maio\/"},"wordCount":445,"publisher":{"@id":"https:\/\/www.suno.com.br\/noticias\/#organization"},"image":{"@id":"https:\/\/www.suno.com.br\/noticias\/pedidos-de-seguro-desemprego-aumentam-76-2-porcento-em-maio\/#primaryimage"},"thumbnailUrl":"https:\/\/files.sunoresearch.com.br\/n\/uploads\/2018\/12\/9db08560-emprego-jpg.webp","keywords":["coronav\u00edrus","Desemprego","Minist\u00e9rio da Economia","seguro desemprego"],"articleSection":["Economia"],"inLanguage":"pt-BR"},{"@type":"WebPage","@id":"https:\/\/www.suno.com.br\/noticias\/pedidos-de-seguro-desemprego-aumentam-76-2-porcento-em-maio\/","url":"https:\/\/www.suno.com.br\/noticias\/pedidos-de-seguro-desemprego-aumentam-76-2-porcento-em-maio\/","name":"Seguro-desemprego: pedidos aumentam 76,2% em maio","isPartOf":{"@id":"https:\/\/www.suno.com.br\/noticias\/#website"},"primaryImageOfPage":{"@id":"https:\/\/www.suno.com.br\/noticias\/pedidos-de-seguro-desemprego-aumentam-76-2-porcento-em-maio\/#primaryimage"},"image":{"@id":"https:\/\/www.suno.com.br\/noticias\/pedidos-de-seguro-desemprego-aumentam-76-2-porcento-em-maio\/#primaryimage"},"thumbnailUrl":"https:\/\/files.sunoresearch.com.br\/n\/uploads\/2018\/12\/9db08560-emprego-jpg.webp","datePublished":"2020-05-21T23:22:12+00:00","description":"O n\u00famero de pedidos de seguro-desemprego na primeira quinzena de maio registrou uma alta de 76,2% ante a abril. Clique aqui para saber mais.","breadcrumb":{"@id":"https:\/\/www.suno.com.br\/noticias\/pedidos-de-seguro-desemprego-aumentam-76-2-porcento-em-maio\/#breadcrumb"},"inLanguage":"pt-BR","potentialAction":[{"@type":"ReadAction","target":["https:\/\/www.suno.com.br\/noticias\/pedidos-de-seguro-desemprego-aumentam-76-2-porcento-em-maio\/"]}]},{"@type":"ImageObject","inLanguage":"pt-BR","@id":"https:\/\/www.suno.com.br\/noticias\/pedidos-de-seguro-desemprego-aumentam-76-2-porcento-em-maio\/#primaryimage","url":"https:\/\/files.sunoresearch.com.br\/n\/uploads\/2018\/12\/9db08560-emprego-jpg.webp","contentUrl":"https:\/\/files.sunoresearch.com.br\/n\/uploads\/2018\/12\/9db08560-emprego-jpg.webp","width":1140,"height":760,"caption":"Pedidos de seguro desemprego refletem o desempenho da economia"},{"@type":"BreadcrumbList","@id":"https:\/\/www.suno.com.br\/noticias\/pedidos-de-seguro-desemprego-aumentam-76-2-porcento-em-maio\/#breadcrumb","itemListElement":[{"@type":"ListItem","position":1,"name":"Not\u00edcias","item":"https:\/\/www.suno.com.br\/noticias\/"},{"@type":"ListItem","position":2,"name":"Economia","item":"https:\/\/www.suno.com.br\/noticias\/economia\/"},{"@type":"ListItem","position":3,"name":"Seguro-desemprego: pedidos aumentam 76,2% em maio"}]},{"@type":"WebSite","@id":"https:\/\/www.suno.com.br\/noticias\/#website","url":"https:\/\/www.suno.com.br\/noticias\/","name":"Suno Not\u00edcias","description":"Seu portal de informa\u00e7\u00e3o sobre o mundo dos investimentos","publisher":{"@id":"https:\/\/www.suno.com.br\/noticias\/#organization"},"potentialAction":[{"@type":"SearchAction","target":{"@type":"EntryPoint","urlTemplate":"https:\/\/www.suno.com.br\/noticias\/?s={search_term_string}"},"query-input":{"@type":"PropertyValueSpecification","valueRequired":true,"valueName":"search_term_string"}}],"inLanguage":"pt-BR"},{"@type":"Organization","@id":"https:\/\/www.suno.com.br\/noticias\/#organization","name":"Suno Not\u00edcias","url":"https:\/\/www.suno.com.br\/noticias\/","logo":{"@type":"ImageObject","inLanguage":"pt-BR","@id":"https:\/\/www.suno.com.br\/noticias\/#\/schema\/logo\/image\/","url":"https:\/\/files.sunoresearch.com.br\/n\/uploads\/2021\/09\/suno-logo.png","contentUrl":"https:\/\/files.sunoresearch.com.br\/n\/uploads\/2021\/09\/suno-logo.png","width":180,"height":180,"caption":"Suno Not\u00edcias"},"image":{"@id":"https:\/\/www.suno.com.br\/noticias\/#\/schema\/logo\/image\/"},"sameAs":["https:\/\/facebook.com\/sunoresearch","https:\/\/x.com\/sunoresearch","https:\/\/www.instagram.com\/suno","https:\/\/www.linkedin.com\/company\/suno-research\/","https:\/\/www.youtube.com\/c\/sunoresearch"]},{"@type":"Person","@id":"https:\/\/www.suno.com.br\/noticias\/#\/schema\/person\/3df0d2808748b74496efe5dbeaef2c72","name":"Laura Moutinho","image":{"@type":"ImageObject","inLanguage":"pt-BR","@id":"https:\/\/www.suno.com.br\/noticias\/#\/schema\/person\/image\/","url":"https:\/\/secure.gravatar.com\/avatar\/7571c7c8ca3a6fca5e41384ece5557ff?s=96&r=g","contentUrl":"https:\/\/secure.gravatar.com\/avatar\/7571c7c8ca3a6fca5e41384ece5557ff?s=96&r=g","caption":"Laura Moutinho"},"description":"Estagi\u00e1ria na Suno Not\u00edcias, escreve not\u00edcias que afetam o mercado financeiro. Estuda administra\u00e7\u00e3o na Universidade Presbiteriana Mackenzie.","url":"https:\/\/www.suno.com.br\/noticias\/author\/laura-moutinho\/"}]}},"default_loop_html":"<div class=\"cardsPage__listCard__boxs\"><div class=\"cardsPage__listCard__boxs__img\"><a href=\"https:\/\/www.suno.com.br\/noticias\/pedidos-de-seguro-desemprego-aumentam-76-2-porcento-em-maio\/\"><img class=\"mask\" src=\"https:\/\/www.suno.com.br\/noticias\/wp-content\/themes\/suno\/resources\/images\/spotlight\/spotlight1img\/bg-mask.png\" alt=\"Image Mask\"\/><img src=\"https:\/\/files.sunoresearch.com.br\/n\/uploads\/2018\/12\/9db08560-emprego-400x200.webp\" alt=\"Seguro-desemprego: pedidos aumentam 76,2% em maio\"\/><\/a><span class=\"spotlightCategory\"><a href=\"https:\/\/www.suno.com.br\/noticias\/economia\/\">Economia<\/a><\/span><\/div><div class=\"cardsPage__listCard__boxs__content\"><a href=\"https:\/\/www.suno.com.br\/noticias\/pedidos-de-seguro-desemprego-aumentam-76-2-porcento-em-maio\/\"><h2 class=\"content__title\">Seguro-desemprego: pedidos aumentam 76,2% em maio<\/h2><\/a><div class=\"newsContent__article__meta\"><div class=\"newsContent__article__meta__authorBox\"><a href=\"https:\/\/www.suno.com.br\/noticias\/author\/laura-moutinho\/\" class=\"authorBox__avatar noMobi\"><img src=\"https:\/\/files.sunoresearch.com.br\/n\/uploads\/2020\/08\/531ff69d-whatsapp-image-2020-08-03-at-14.54.38-150x150.webp\" alt=\"Laura Moutinho\"><\/a><div class=\"authorBox__name\"><span>por\n\t\t\t<a href=\"https:\/\/www.suno.com.br\/noticias\/author\/laura-moutinho\/\"><span itemprop=\"author\">Laura Moutinho<\/span><\/a><\/span><time datetime=\"2020-05-21T20:22:12-03:00\" itemprop=\"datePublished\">21\/05\/2020 20:22<\/time><\/div><\/div><\/div><\/div><\/div>","single_layout":"posts","amp_enabled":true,"_links":{"self":[{"href":"https:\/\/www.suno.com.br\/noticias\/wp-json\/wp\/v2\/posts\/65778"}],"collection":[{"href":"https:\/\/www.suno.com.br\/noticias\/wp-json\/wp\/v2\/posts"}],"about":[{"href":"https:\/\/www.suno.com.br\/noticias\/wp-json\/wp\/v2\/types\/post"}],"author":[{"embeddable":true,"href":"https:\/\/www.suno.com.br\/noticias\/wp-json\/wp\/v2\/users\/39"}],"replies":[{"embeddable":true,"href":"https:\/\/www.suno.com.br\/noticias\/wp-json\/wp\/v2\/comments?post=65778"}],"version-history":[{"count":0,"href":"https:\/\/www.suno.com.br\/noticias\/wp-json\/wp\/v2\/posts\/65778\/revisions"}],"wp:featuredmedia":[{"embeddable":true,"href":"https:\/\/www.suno.com.br\/noticias\/wp-json\/wp\/v2\/media\/9653"}],"wp:attachment":[{"href":"https:\/\/www.suno.com.br\/noticias\/wp-json\/wp\/v2\/media?parent=65778"}],"wp:term":[{"taxonomy":"category","embeddable":true,"href":"https:\/\/www.suno.com.br\/noticias\/wp-json\/wp\/v2\/categories?post=65778"},{"taxonomy":"post_tag","embeddable":true,"href":"https:\/\/www.suno.com.br\/noticias\/wp-json\/wp\/v2\/tags?post=65778"},{"taxonomy":"suno_strategy","embeddable":true,"href":"https:\/\/www.suno.com.br\/noticias\/wp-json\/wp\/v2\/suno_strategy?post=65778"}],"curies":[{"name":"wp","href":"https:\/\/api.w.org\/{rel}","templated":true}]}}