{"id":65685,"date":"2020-05-21T10:08:56","date_gmt":"2020-05-21T13:08:56","guid":{"rendered":"https:\/\/www.suno.com.br\/noticias\/?p=65685"},"modified":"2021-06-11T14:39:30","modified_gmt":"2021-06-11T17:39:30","slug":"oi-oibr3-aguarda-propostas-operacao-movel","status":"publish","type":"post","link":"https:\/\/www.suno.com.br\/noticias\/oi-oibr3-aguarda-propostas-operacao-movel\/","title":{"rendered":"Oi (OIBR3) aguarda propostas por opera\u00e7\u00e3o m\u00f3vel at\u00e9 julho, diz jornal"},"content":{"rendered":"<p>A <a href=\"https:\/\/www.suno.com.br\/acoes\/oibr3\/\"><strong>Oi<\/strong> (OIBR3)<\/a> aguarda por propostas vinculantes por sua opera\u00e7\u00e3o de telefonia m\u00f3vel at\u00e9 julho deste ano. Segundo o jornal &#8220;Valor Econ\u00f4mico&#8221;, a companhia trabalha com um cronograma de recebimento dessas ofertas para negocia\u00e7\u00e3o no per\u00edodo.<\/p>\t<div class=\"wrapper-featured-image\">\n\t\t<figure class=\"spotlightImg\">\n\n\t\t\t<picture>\n\t\t\t\t<source media=\"(max-width: 768px)\" srcset=\"https:\/\/files.sunoresearch.com.br\/n\/uploads\/2019\/08\/391f8501-oi-400x200.webp\">\n\t\t\t\t<img loading=\"lazy\" decoding=\"async\" class=\"newsContent__article__imgCapa lazyloadDisabled newsContent__article__imgCapa--noCaption\" src=\"https:\/\/files.sunoresearch.com.br\/n\/uploads\/2019\/08\/391f8501-oi-800x450.webp\" width=\"800\" height=\"450\" alt=\"Oi (OIBR3) aguarda propostas por opera\u00e7\u00e3o m\u00f3vel at\u00e9 julho, diz jornal\" fetchpriority=high \/>\n\t\t\t<\/picture>\n\n\t\t\t<figcaption class=\"wp-caption-text wp-caption-text--hide\">Enel faz proposta de R$ 11,5 bilh\u00f5es por rede de fibra da Oi<\/figcaption>\n\t\t<\/figure>\n\t<\/div>\n\n\n\n<p>Por mais que a pandemia do <a href=\"https:\/\/www.suno.com.br\/noticias\/?s=coronavirus\">novo <strong>coronav\u00edrus<\/strong> (Covid-19)<\/a> tenha impactado economicamente o Pa\u00eds, o processo de venda da opera\u00e7\u00e3o da Oi n\u00e3o teve qualquer modifica\u00e7\u00e3o. Al\u00e9m disso, o processo de venda corre sem estabelecer exclusividade a nenhum dos poss\u00edveis compradores.<\/p>\n<p><a href=\"https:\/\/lp.suno.com.br\/suno-one\/\">Garanta acesso gratuito \u00e0 eBooks, Minicursos, Artigos e Video Aulas com um \u00fanico cadastro. Clique para saber mais!<\/a><\/p>\n<p>De acordo com a apura\u00e7\u00e3o do jornal, &#8220;as propostas vinculantes devem ser feitas no in\u00edcio do terceiro trimestre. No atual ritmo, talvez ainda no fim do segundo trimestre, mas a companhia n\u00e3o est\u00e1 contando com esse prazo\u201d. A Oi j\u00e1 teria informado o prazo aos interessados.<\/p>\n<p><iframe loading=\"lazy\" src=\"https:\/\/www.youtube.com\/embed\/ExHIdTON_f0\" width=\"560\" height=\"315\" frameborder=\"0\" allowfullscreen=\"allowfullscreen\"><\/iframe><br \/>\nA <a href=\"https:\/\/www.suno.com.br\/acoes\/timp3\/\"><strong>TIM<\/strong> (TIMP3)<\/a> e a <a href=\"https:\/\/www.suno.com.br\/acoes\/vivt3\/\"><strong>Telef\u00f4nica<\/strong> (VIVT3)<\/a> j\u00e1 demonstraram interesse, por meio de um cons\u00f3rcio, e mostram-se serem os favoritos no processo. Individualmente, a Claro j\u00e1 iniciou sua dilig\u00eancia na companhia. As demonstra\u00e7\u00f5es de interesse na opera\u00e7\u00e3o m\u00f3vel da companhia tem sido feitas \u00e0 dist\u00e2ncia.<\/p>\n<p>O valor especulado para o neg\u00f3cio fica entre R$ 14 bilh\u00f5es e R$ 19 bilh\u00f5es. \u201c\u00c9 claro que a companhia espera um n\u00famero mais pr\u00f3ximo de R$ 20 bilh\u00f5es, mas isso ainda depende da finaliza\u00e7\u00e3o das dilig\u00eancias e do formato das propostas vinculantes\u201d, disse uma fonte ligada ao assunto.<\/p>\n<h2>Oi mostra-se receosa<\/h2>\n<p>A venda do bra\u00e7o da Oi \u00e9 o principal caminho no plano de reestrutura\u00e7\u00e3o da companhia. O processo, que tem o <strong>Bank of America<\/strong> (<a href=\"https:\/\/www.suno.com.br\/artigos\/nyse\/\">NYSE<\/a>: BAC) como assessor financeiro para na venda dos ativos, j\u00e1 recebeu o forte interesse da parceria entre TIM e Telef\u00f4nica.<\/p>\n<p>No entanto, a Oi possui o receio de uma interfer\u00eancia do <a href=\"https:\/\/www.suno.com.br\/artigos\/cade\/\">Conselho Administrativo de Defesa Econ\u00f4mica (<strong>Cade<\/strong>)<\/a> no neg\u00f3cio.<\/p>\n<p><a href=\"https:\/\/www.suno.com.br\/noticias\/oi-oibr3-marco-geracao-caixa-operacional-negativo-r-295-mi\/\">Confira: Oi encerra mar\u00e7o com gera\u00e7\u00e3o de caixa operacional negativa em R$ 295 mi<\/a><\/p>\n<p><a href=\"https:\/\/www.suno.com.br\/noticias\/oi-oibr3-cade-tim-vivo\/\">O <strong>SUNO Not\u00edcias<\/strong> apurou que equipes de advogados especializados em fus\u00f5es e aquisi\u00e7\u00f5es<\/a> t\u00eam se debru\u00e7ado h\u00e1 dias para analisar as possibilidades de veto do \u00f3rg\u00e3o. Por isso, as empresas devem fatiar a compra da Oi M\u00f3vel, em algo em torno de 70% para a TIM, e 30% para a Telef\u00f4nica, para n\u00e3o concentrar o mercado de telefonia m\u00f3vel.<\/p>\n<p>Segundo o <a href=\"https:\/\/www.suno.com.br\/noticias\/oi-tim-telefonica-interesse-compra\/\">fato relevante divulgado no dia 10 de mar\u00e7o<\/a>, a TIM e a Telef\u00f4nica ficariam com uma parcela da opera\u00e7\u00e3o, caso o neg\u00f3cio fosse fechado. Al\u00e9m disso, o documento indica como \u201ca transa\u00e7\u00e3o, se concretizada, criar\u00e1 valor a nossos acionistas e clientes atrav\u00e9s de maior crescimento, gera\u00e7\u00e3o de efici\u00eancias operacionais e melhorias na qualidade do servi\u00e7o&#8221;.<\/p>\n<p>A <strong>Oi<\/strong> est\u00e1 em <a href=\"https:\/\/www.suno.com.br\/artigos\/recuperacao-judicial\/\">recupera\u00e7\u00e3o judicial<\/a> desde junho de 2016 vem trabalhando para vender o m\u00e1ximo de ativos n\u00e3o estrat\u00e9gicos poss\u00edveis para refor\u00e7ar seu caixa.<\/p>\n\n","protected":false},"excerpt":{"rendered":"<p>A Oi (OIBR3) aguarda por propostas vinculantes por sua opera\u00e7\u00e3o de telefonia m\u00f3vel at\u00e9 julho deste ano. Segundo o jornal &#8220;Valor Econ\u00f4mico&#8221;, a companhia trabalha com um cronograma de recebimento dessas ofertas para negocia\u00e7\u00e3o no per\u00edodo. Enel faz proposta de R$ 11,5 bilh\u00f5es por rede de fibra da Oi Por mais que a pandemia do [&hellip;]<\/p>\n","protected":false},"author":24,"featured_media":35803,"comment_status":"closed","ping_status":"closed","sticky":false,"template":"","format":"standard","meta":[],"categories":[64],"tags":[584,314],"suno_strategy":[],"class_list":["post-65685","post","type-post","status-publish","format-standard","has-post-thumbnail","hentry","category-negocios","tag-oi-oibr3-oibr4","tag-recuperacao-judicial"],"yoast_head":"<!-- This site is optimized with the Yoast SEO plugin v24.4 - https:\/\/yoast.com\/wordpress\/plugins\/seo\/ -->\n<title>Oi (OIBR3) aguarda propostas por opera\u00e7\u00e3o m\u00f3vel at\u00e9 julho, diz jornal<\/title>\n<meta name=\"description\" content=\"A Oi (OIBR3) aguarda por propostas vinculantes por sua opera\u00e7\u00e3o de telefonia m\u00f3vel at\u00e9 julho deste ano. Clique e saiba mais.\" \/>\n<meta name=\"robots\" content=\"index, follow, max-snippet:-1, max-image-preview:large, max-video-preview:-1\" \/>\n<link rel=\"canonical\" href=\"https:\/\/www.suno.com.br\/noticias\/oi-oibr3-aguarda-propostas-operacao-movel\/\" \/>\n<meta property=\"og:locale\" content=\"pt_BR\" \/>\n<meta property=\"og:type\" content=\"article\" \/>\n<meta property=\"og:title\" content=\"Oi (OIBR3) aguarda propostas por opera\u00e7\u00e3o m\u00f3vel at\u00e9 julho, diz jornal\" \/>\n<meta property=\"og:description\" content=\"A Oi (OIBR3) aguarda por propostas vinculantes por sua opera\u00e7\u00e3o de telefonia m\u00f3vel at\u00e9 julho deste ano. Clique e saiba mais.\" \/>\n<meta property=\"og:url\" content=\"https:\/\/www.suno.com.br\/noticias\/oi-oibr3-aguarda-propostas-operacao-movel\/\" \/>\n<meta property=\"og:site_name\" content=\"Suno Not\u00edcias\" \/>\n<meta property=\"article:publisher\" content=\"https:\/\/facebook.com\/sunoresearch\" \/>\n<meta property=\"og:image\" content=\"https:\/\/files.sunoresearch.com.br\/n\/uploads\/2019\/08\/391f8501-oi.jpg\" \/>\n\t<meta property=\"og:image:width\" content=\"3342\" \/>\n\t<meta property=\"og:image:height\" content=\"2231\" \/>\n\t<meta property=\"og:image:type\" content=\"image\/jpeg\" \/>\n<meta name=\"author\" content=\"Jader Lazarini\" \/>\n<meta name=\"twitter:card\" content=\"summary_large_image\" \/>\n<meta name=\"twitter:creator\" content=\"@sunoresearch\" \/>\n<meta name=\"twitter:site\" content=\"@sunoresearch\" \/>\n<meta name=\"twitter:label1\" content=\"Escrito por\" \/>\n\t<meta name=\"twitter:data1\" content=\"Jader Lazarini\" \/>\n\t<meta name=\"twitter:label2\" content=\"Est. tempo de leitura\" \/>\n\t<meta name=\"twitter:data2\" content=\"3 minutos\" \/>\n<script type=\"application\/ld+json\" class=\"yoast-schema-graph\">{\"@context\":\"https:\/\/schema.org\",\"@graph\":[{\"@type\":\"NewsArticle\",\"@id\":\"https:\/\/www.suno.com.br\/noticias\/oi-oibr3-aguarda-propostas-operacao-movel\/#article\",\"isPartOf\":{\"@id\":\"https:\/\/www.suno.com.br\/noticias\/oi-oibr3-aguarda-propostas-operacao-movel\/\"},\"author\":{\"name\":\"Jader Lazarini\",\"@id\":\"https:\/\/www.suno.com.br\/noticias\/#\/schema\/person\/918d79de1f0281f01599b93f9ea6e23f\"},\"headline\":\"Oi (OIBR3) aguarda propostas por opera\u00e7\u00e3o m\u00f3vel at\u00e9 julho, diz jornal\",\"datePublished\":\"2020-05-21T13:08:56+00:00\",\"dateModified\":\"2021-06-11T17:39:30+00:00\",\"mainEntityOfPage\":{\"@id\":\"https:\/\/www.suno.com.br\/noticias\/oi-oibr3-aguarda-propostas-operacao-movel\/\"},\"wordCount\":530,\"publisher\":{\"@id\":\"https:\/\/www.suno.com.br\/noticias\/#organization\"},\"image\":{\"@id\":\"https:\/\/www.suno.com.br\/noticias\/oi-oibr3-aguarda-propostas-operacao-movel\/#primaryimage\"},\"thumbnailUrl\":\"https:\/\/files.sunoresearch.com.br\/n\/uploads\/2019\/08\/391f8501-oi-scaled.webp\",\"keywords\":[\"Oi (OIBR3\/OIBR4)\",\"recupera\u00e7\u00e3o judicial\"],\"articleSection\":[\"Neg\u00f3cios\"],\"inLanguage\":\"pt-BR\"},{\"@type\":\"WebPage\",\"@id\":\"https:\/\/www.suno.com.br\/noticias\/oi-oibr3-aguarda-propostas-operacao-movel\/\",\"url\":\"https:\/\/www.suno.com.br\/noticias\/oi-oibr3-aguarda-propostas-operacao-movel\/\",\"name\":\"Oi (OIBR3) aguarda propostas por opera\u00e7\u00e3o m\u00f3vel at\u00e9 julho, diz jornal\",\"isPartOf\":{\"@id\":\"https:\/\/www.suno.com.br\/noticias\/#website\"},\"primaryImageOfPage\":{\"@id\":\"https:\/\/www.suno.com.br\/noticias\/oi-oibr3-aguarda-propostas-operacao-movel\/#primaryimage\"},\"image\":{\"@id\":\"https:\/\/www.suno.com.br\/noticias\/oi-oibr3-aguarda-propostas-operacao-movel\/#primaryimage\"},\"thumbnailUrl\":\"https:\/\/files.sunoresearch.com.br\/n\/uploads\/2019\/08\/391f8501-oi-scaled.webp\",\"datePublished\":\"2020-05-21T13:08:56+00:00\",\"dateModified\":\"2021-06-11T17:39:30+00:00\",\"description\":\"A Oi (OIBR3) aguarda por propostas vinculantes por sua opera\u00e7\u00e3o de telefonia m\u00f3vel at\u00e9 julho deste ano. Clique e saiba mais.\",\"breadcrumb\":{\"@id\":\"https:\/\/www.suno.com.br\/noticias\/oi-oibr3-aguarda-propostas-operacao-movel\/#breadcrumb\"},\"inLanguage\":\"pt-BR\",\"potentialAction\":[{\"@type\":\"ReadAction\",\"target\":[\"https:\/\/www.suno.com.br\/noticias\/oi-oibr3-aguarda-propostas-operacao-movel\/\"]}]},{\"@type\":\"ImageObject\",\"inLanguage\":\"pt-BR\",\"@id\":\"https:\/\/www.suno.com.br\/noticias\/oi-oibr3-aguarda-propostas-operacao-movel\/#primaryimage\",\"url\":\"https:\/\/files.sunoresearch.com.br\/n\/uploads\/2019\/08\/391f8501-oi-scaled.webp\",\"contentUrl\":\"https:\/\/files.sunoresearch.com.br\/n\/uploads\/2019\/08\/391f8501-oi-scaled.webp\",\"width\":2560,\"height\":1709,\"caption\":\"Enel faz proposta de R$ 11,5 bilh\u00f5es por rede de fibra da Oi\"},{\"@type\":\"BreadcrumbList\",\"@id\":\"https:\/\/www.suno.com.br\/noticias\/oi-oibr3-aguarda-propostas-operacao-movel\/#breadcrumb\",\"itemListElement\":[{\"@type\":\"ListItem\",\"position\":1,\"name\":\"Not\u00edcias\",\"item\":\"https:\/\/www.suno.com.br\/noticias\/\"},{\"@type\":\"ListItem\",\"position\":2,\"name\":\"Neg\u00f3cios\",\"item\":\"https:\/\/www.suno.com.br\/noticias\/negocios\/\"},{\"@type\":\"ListItem\",\"position\":3,\"name\":\"Oi (OIBR3) aguarda propostas por opera\u00e7\u00e3o m\u00f3vel at\u00e9 julho, diz jornal\"}]},{\"@type\":\"WebSite\",\"@id\":\"https:\/\/www.suno.com.br\/noticias\/#website\",\"url\":\"https:\/\/www.suno.com.br\/noticias\/\",\"name\":\"Suno Not\u00edcias\",\"description\":\"Seu portal de informa\u00e7\u00e3o sobre o mundo dos investimentos\",\"publisher\":{\"@id\":\"https:\/\/www.suno.com.br\/noticias\/#organization\"},\"potentialAction\":[{\"@type\":\"SearchAction\",\"target\":{\"@type\":\"EntryPoint\",\"urlTemplate\":\"https:\/\/www.suno.com.br\/noticias\/?s={search_term_string}\"},\"query-input\":{\"@type\":\"PropertyValueSpecification\",\"valueRequired\":true,\"valueName\":\"search_term_string\"}}],\"inLanguage\":\"pt-BR\"},{\"@type\":\"Organization\",\"@id\":\"https:\/\/www.suno.com.br\/noticias\/#organization\",\"name\":\"Suno Not\u00edcias\",\"url\":\"https:\/\/www.suno.com.br\/noticias\/\",\"logo\":{\"@type\":\"ImageObject\",\"inLanguage\":\"pt-BR\",\"@id\":\"https:\/\/www.suno.com.br\/noticias\/#\/schema\/logo\/image\/\",\"url\":\"https:\/\/files.sunoresearch.com.br\/n\/uploads\/2021\/09\/suno-logo.png\",\"contentUrl\":\"https:\/\/files.sunoresearch.com.br\/n\/uploads\/2021\/09\/suno-logo.png\",\"width\":180,\"height\":180,\"caption\":\"Suno Not\u00edcias\"},\"image\":{\"@id\":\"https:\/\/www.suno.com.br\/noticias\/#\/schema\/logo\/image\/\"},\"sameAs\":[\"https:\/\/facebook.com\/sunoresearch\",\"https:\/\/x.com\/sunoresearch\",\"https:\/\/www.instagram.com\/suno\",\"https:\/\/www.linkedin.com\/company\/suno-research\/\",\"https:\/\/www.youtube.com\/c\/sunoresearch\"]},{\"@type\":\"Person\",\"@id\":\"https:\/\/www.suno.com.br\/noticias\/#\/schema\/person\/918d79de1f0281f01599b93f9ea6e23f\",\"name\":\"Jader Lazarini\",\"image\":{\"@type\":\"ImageObject\",\"inLanguage\":\"pt-BR\",\"@id\":\"https:\/\/www.suno.com.br\/noticias\/#\/schema\/person\/image\/\",\"url\":\"https:\/\/secure.gravatar.com\/avatar\/3c1ad8caa51589841baeb923fcddea97?s=96&r=g\",\"contentUrl\":\"https:\/\/secure.gravatar.com\/avatar\/3c1ad8caa51589841baeb923fcddea97?s=96&r=g\",\"caption\":\"Jader Lazarini\"},\"description\":\"Jader Lazarini escreve sobre investimentos, finan\u00e7as, economia e neg\u00f3cios. \u00c9 bacharel em Rela\u00e7\u00f5es Internacionais e analista CNPI (2619).\",\"url\":\"https:\/\/www.suno.com.br\/noticias\/author\/jader-lazarini\/\"}]}<\/script>\n<!-- \/ Yoast SEO plugin. -->","yoast_head_json":{"title":"Oi (OIBR3) aguarda propostas por opera\u00e7\u00e3o m\u00f3vel at\u00e9 julho, diz jornal","description":"A Oi (OIBR3) aguarda por propostas vinculantes por sua opera\u00e7\u00e3o de telefonia m\u00f3vel at\u00e9 julho deste ano. Clique e saiba mais.","robots":{"index":"index","follow":"follow","max-snippet":"max-snippet:-1","max-image-preview":"max-image-preview:large","max-video-preview":"max-video-preview:-1"},"canonical":"https:\/\/www.suno.com.br\/noticias\/oi-oibr3-aguarda-propostas-operacao-movel\/","og_locale":"pt_BR","og_type":"article","og_title":"Oi (OIBR3) aguarda propostas por opera\u00e7\u00e3o m\u00f3vel at\u00e9 julho, diz jornal","og_description":"A Oi (OIBR3) aguarda por propostas vinculantes por sua opera\u00e7\u00e3o de telefonia m\u00f3vel at\u00e9 julho deste ano. Clique e saiba mais.","og_url":"https:\/\/www.suno.com.br\/noticias\/oi-oibr3-aguarda-propostas-operacao-movel\/","og_site_name":"Suno Not\u00edcias","article_publisher":"https:\/\/facebook.com\/sunoresearch","og_image":[{"width":3342,"height":2231,"url":"https:\/\/files.sunoresearch.com.br\/n\/uploads\/2019\/08\/391f8501-oi.jpg","type":"image\/jpeg"}],"author":"Jader Lazarini","twitter_card":"summary_large_image","twitter_creator":"@sunoresearch","twitter_site":"@sunoresearch","twitter_misc":{"Escrito por":"Jader Lazarini","Est. tempo de leitura":"3 minutos"},"schema":{"@context":"https:\/\/schema.org","@graph":[{"@type":"NewsArticle","@id":"https:\/\/www.suno.com.br\/noticias\/oi-oibr3-aguarda-propostas-operacao-movel\/#article","isPartOf":{"@id":"https:\/\/www.suno.com.br\/noticias\/oi-oibr3-aguarda-propostas-operacao-movel\/"},"author":{"name":"Jader Lazarini","@id":"https:\/\/www.suno.com.br\/noticias\/#\/schema\/person\/918d79de1f0281f01599b93f9ea6e23f"},"headline":"Oi (OIBR3) aguarda propostas por opera\u00e7\u00e3o m\u00f3vel at\u00e9 julho, diz jornal","datePublished":"2020-05-21T13:08:56+00:00","dateModified":"2021-06-11T17:39:30+00:00","mainEntityOfPage":{"@id":"https:\/\/www.suno.com.br\/noticias\/oi-oibr3-aguarda-propostas-operacao-movel\/"},"wordCount":530,"publisher":{"@id":"https:\/\/www.suno.com.br\/noticias\/#organization"},"image":{"@id":"https:\/\/www.suno.com.br\/noticias\/oi-oibr3-aguarda-propostas-operacao-movel\/#primaryimage"},"thumbnailUrl":"https:\/\/files.sunoresearch.com.br\/n\/uploads\/2019\/08\/391f8501-oi-scaled.webp","keywords":["Oi (OIBR3\/OIBR4)","recupera\u00e7\u00e3o judicial"],"articleSection":["Neg\u00f3cios"],"inLanguage":"pt-BR"},{"@type":"WebPage","@id":"https:\/\/www.suno.com.br\/noticias\/oi-oibr3-aguarda-propostas-operacao-movel\/","url":"https:\/\/www.suno.com.br\/noticias\/oi-oibr3-aguarda-propostas-operacao-movel\/","name":"Oi (OIBR3) aguarda propostas por opera\u00e7\u00e3o m\u00f3vel at\u00e9 julho, diz jornal","isPartOf":{"@id":"https:\/\/www.suno.com.br\/noticias\/#website"},"primaryImageOfPage":{"@id":"https:\/\/www.suno.com.br\/noticias\/oi-oibr3-aguarda-propostas-operacao-movel\/#primaryimage"},"image":{"@id":"https:\/\/www.suno.com.br\/noticias\/oi-oibr3-aguarda-propostas-operacao-movel\/#primaryimage"},"thumbnailUrl":"https:\/\/files.sunoresearch.com.br\/n\/uploads\/2019\/08\/391f8501-oi-scaled.webp","datePublished":"2020-05-21T13:08:56+00:00","dateModified":"2021-06-11T17:39:30+00:00","description":"A Oi (OIBR3) aguarda por propostas vinculantes por sua opera\u00e7\u00e3o de telefonia m\u00f3vel at\u00e9 julho deste ano. Clique e saiba mais.","breadcrumb":{"@id":"https:\/\/www.suno.com.br\/noticias\/oi-oibr3-aguarda-propostas-operacao-movel\/#breadcrumb"},"inLanguage":"pt-BR","potentialAction":[{"@type":"ReadAction","target":["https:\/\/www.suno.com.br\/noticias\/oi-oibr3-aguarda-propostas-operacao-movel\/"]}]},{"@type":"ImageObject","inLanguage":"pt-BR","@id":"https:\/\/www.suno.com.br\/noticias\/oi-oibr3-aguarda-propostas-operacao-movel\/#primaryimage","url":"https:\/\/files.sunoresearch.com.br\/n\/uploads\/2019\/08\/391f8501-oi-scaled.webp","contentUrl":"https:\/\/files.sunoresearch.com.br\/n\/uploads\/2019\/08\/391f8501-oi-scaled.webp","width":2560,"height":1709,"caption":"Enel faz proposta de R$ 11,5 bilh\u00f5es por rede de fibra da Oi"},{"@type":"BreadcrumbList","@id":"https:\/\/www.suno.com.br\/noticias\/oi-oibr3-aguarda-propostas-operacao-movel\/#breadcrumb","itemListElement":[{"@type":"ListItem","position":1,"name":"Not\u00edcias","item":"https:\/\/www.suno.com.br\/noticias\/"},{"@type":"ListItem","position":2,"name":"Neg\u00f3cios","item":"https:\/\/www.suno.com.br\/noticias\/negocios\/"},{"@type":"ListItem","position":3,"name":"Oi (OIBR3) aguarda propostas por opera\u00e7\u00e3o m\u00f3vel at\u00e9 julho, diz jornal"}]},{"@type":"WebSite","@id":"https:\/\/www.suno.com.br\/noticias\/#website","url":"https:\/\/www.suno.com.br\/noticias\/","name":"Suno Not\u00edcias","description":"Seu portal de informa\u00e7\u00e3o sobre o mundo dos investimentos","publisher":{"@id":"https:\/\/www.suno.com.br\/noticias\/#organization"},"potentialAction":[{"@type":"SearchAction","target":{"@type":"EntryPoint","urlTemplate":"https:\/\/www.suno.com.br\/noticias\/?s={search_term_string}"},"query-input":{"@type":"PropertyValueSpecification","valueRequired":true,"valueName":"search_term_string"}}],"inLanguage":"pt-BR"},{"@type":"Organization","@id":"https:\/\/www.suno.com.br\/noticias\/#organization","name":"Suno Not\u00edcias","url":"https:\/\/www.suno.com.br\/noticias\/","logo":{"@type":"ImageObject","inLanguage":"pt-BR","@id":"https:\/\/www.suno.com.br\/noticias\/#\/schema\/logo\/image\/","url":"https:\/\/files.sunoresearch.com.br\/n\/uploads\/2021\/09\/suno-logo.png","contentUrl":"https:\/\/files.sunoresearch.com.br\/n\/uploads\/2021\/09\/suno-logo.png","width":180,"height":180,"caption":"Suno Not\u00edcias"},"image":{"@id":"https:\/\/www.suno.com.br\/noticias\/#\/schema\/logo\/image\/"},"sameAs":["https:\/\/facebook.com\/sunoresearch","https:\/\/x.com\/sunoresearch","https:\/\/www.instagram.com\/suno","https:\/\/www.linkedin.com\/company\/suno-research\/","https:\/\/www.youtube.com\/c\/sunoresearch"]},{"@type":"Person","@id":"https:\/\/www.suno.com.br\/noticias\/#\/schema\/person\/918d79de1f0281f01599b93f9ea6e23f","name":"Jader Lazarini","image":{"@type":"ImageObject","inLanguage":"pt-BR","@id":"https:\/\/www.suno.com.br\/noticias\/#\/schema\/person\/image\/","url":"https:\/\/secure.gravatar.com\/avatar\/3c1ad8caa51589841baeb923fcddea97?s=96&r=g","contentUrl":"https:\/\/secure.gravatar.com\/avatar\/3c1ad8caa51589841baeb923fcddea97?s=96&r=g","caption":"Jader Lazarini"},"description":"Jader Lazarini escreve sobre investimentos, finan\u00e7as, economia e neg\u00f3cios. \u00c9 bacharel em Rela\u00e7\u00f5es Internacionais e analista CNPI (2619).","url":"https:\/\/www.suno.com.br\/noticias\/author\/jader-lazarini\/"}]}},"default_loop_html":"<div class=\"cardsPage__listCard__boxs\"><div class=\"cardsPage__listCard__boxs__img\"><a href=\"https:\/\/www.suno.com.br\/noticias\/oi-oibr3-aguarda-propostas-operacao-movel\/\"><img class=\"mask\" src=\"https:\/\/www.suno.com.br\/noticias\/wp-content\/themes\/suno\/resources\/images\/spotlight\/spotlight1img\/bg-mask.png\" alt=\"Image Mask\"\/><img src=\"https:\/\/files.sunoresearch.com.br\/n\/uploads\/2019\/08\/391f8501-oi-400x200.webp\" alt=\"Oi (OIBR3) aguarda propostas por opera\u00e7\u00e3o m\u00f3vel at\u00e9 julho, diz jornal\"\/><\/a><span class=\"spotlightCategory\"><a href=\"https:\/\/www.suno.com.br\/noticias\/negocios\/\">Neg\u00f3cios<\/a><\/span><\/div><div class=\"cardsPage__listCard__boxs__content\"><a href=\"https:\/\/www.suno.com.br\/noticias\/oi-oibr3-aguarda-propostas-operacao-movel\/\"><h2 class=\"content__title\">Oi (OIBR3) aguarda propostas por opera\u00e7\u00e3o m\u00f3vel at\u00e9 julho, diz jornal<\/h2><\/a><div class=\"newsContent__article__meta\"><div class=\"newsContent__article__meta__authorBox\"><a href=\"https:\/\/www.suno.com.br\/noticias\/author\/jader-lazarini\/\" class=\"authorBox__avatar noMobi\"><img src=\"https:\/\/files.sunoresearch.com.br\/n\/uploads\/2021\/01\/178e6598-foto-perfil-2-150x150.jpg\" alt=\"Jader Lazarini\"><\/a><div class=\"authorBox__name\"><span>por\n\t\t\t<a href=\"https:\/\/www.suno.com.br\/noticias\/author\/jader-lazarini\/\"><span itemprop=\"author\">Jader Lazarini<\/span><\/a><\/span><time datetime=\"2020-05-21T10:08:56-03:00\" itemprop=\"datePublished\">21\/05\/2020 10:08<\/time><\/div><\/div><\/div><\/div><\/div>","single_layout":"posts","amp_enabled":true,"_links":{"self":[{"href":"https:\/\/www.suno.com.br\/noticias\/wp-json\/wp\/v2\/posts\/65685"}],"collection":[{"href":"https:\/\/www.suno.com.br\/noticias\/wp-json\/wp\/v2\/posts"}],"about":[{"href":"https:\/\/www.suno.com.br\/noticias\/wp-json\/wp\/v2\/types\/post"}],"author":[{"embeddable":true,"href":"https:\/\/www.suno.com.br\/noticias\/wp-json\/wp\/v2\/users\/24"}],"replies":[{"embeddable":true,"href":"https:\/\/www.suno.com.br\/noticias\/wp-json\/wp\/v2\/comments?post=65685"}],"version-history":[{"count":1,"href":"https:\/\/www.suno.com.br\/noticias\/wp-json\/wp\/v2\/posts\/65685\/revisions"}],"predecessor-version":[{"id":156388,"href":"https:\/\/www.suno.com.br\/noticias\/wp-json\/wp\/v2\/posts\/65685\/revisions\/156388"}],"wp:featuredmedia":[{"embeddable":true,"href":"https:\/\/www.suno.com.br\/noticias\/wp-json\/wp\/v2\/media\/35803"}],"wp:attachment":[{"href":"https:\/\/www.suno.com.br\/noticias\/wp-json\/wp\/v2\/media?parent=65685"}],"wp:term":[{"taxonomy":"category","embeddable":true,"href":"https:\/\/www.suno.com.br\/noticias\/wp-json\/wp\/v2\/categories?post=65685"},{"taxonomy":"post_tag","embeddable":true,"href":"https:\/\/www.suno.com.br\/noticias\/wp-json\/wp\/v2\/tags?post=65685"},{"taxonomy":"suno_strategy","embeddable":true,"href":"https:\/\/www.suno.com.br\/noticias\/wp-json\/wp\/v2\/suno_strategy?post=65685"}],"curies":[{"name":"wp","href":"https:\/\/api.w.org\/{rel}","templated":true}]}}