{"id":65673,"date":"2020-05-21T09:06:38","date_gmt":"2020-05-21T12:06:38","guid":{"rendered":"https:\/\/www.suno.com.br\/noticias\/?p=65673"},"modified":"2020-05-21T09:06:38","modified_gmt":"2020-05-21T12:06:38","slug":"inflacao-da-zona-do-euro-desacelera-03-em-abril-a-menor-em-4-anos","status":"publish","type":"post","link":"https:\/\/www.suno.com.br\/noticias\/inflacao-da-zona-do-euro-desacelera-03-em-abril-a-menor-em-4-anos\/","title":{"rendered":"Infla\u00e7\u00e3o da zona do euro desacelera 0,3% em abril, a menor em 4 anos"},"content":{"rendered":"<p>A infla\u00e7\u00e3o anual da <strong><a href=\"https:\/\/www.suno.com.br\/artigos\/zona-do-euro\/\">zona do euro<\/a><\/strong> subiu 0,3% em abril, trata-se do n\u00edvel mais baixo em quatro anos. Esse valor representa uma desacelera\u00e7\u00e3o quando comparado com o aumento de 0,7%, em mar\u00e7o. Os dados foram divulgados pela ag\u00eancia de estat\u00edsticas da Uni\u00e3o Europeia, a Eurostat, na \u00faltima quarta-feira (20).<\/p>\t<div class=\"wrapper-featured-image\">\n\t\t<figure class=\"spotlightImg\">\n\n\t\t\t<picture>\n\t\t\t\t<source media=\"(max-width: 768px)\" srcset=\"https:\/\/files.sunoresearch.com.br\/n\/uploads\/2019\/01\/9d0c4404-economia-400x200.webp\">\n\t\t\t\t<img loading=\"lazy\" decoding=\"async\" class=\"newsContent__article__imgCapa lazyloadDisabled newsContent__article__imgCapa--noCaption\" src=\"https:\/\/files.sunoresearch.com.br\/n\/uploads\/2019\/01\/9d0c4404-economia-jpg.webp\" width=\"800\" height=\"450\" alt=\"Infla\u00e7\u00e3o da zona do euro desacelera 0,3% em abril, a menor em 4 anos\" fetchpriority=high \/>\n\t\t\t<\/picture>\n\n\t\t\t<figcaption class=\"wp-caption-text wp-caption-text--hide\">zona do euro<\/figcaption>\n\t\t<\/figure>\n\t<\/div>\n\n\n\n<p>A ag\u00eancia estimava uma alta de 0,4% dos pre\u00e7os do consumidor da zona do euro, assim como os analistas ouvidos pelo &#8220;The Wall Street Journal&#8221;. A infla\u00e7\u00e3o demonstrou a tend\u00eancia de desacelera\u00e7\u00e3o desde o in\u00edcio do ano em raz\u00e3o da pandemia do novo coronav\u00edrus (covid-19).<\/p>\n<p><a href=\"https:\/\/lp.suno.com.br\/suno-one\/\">Suno One: O primeiro passo para alcan\u00e7ar a sua independ\u00eancia financeira<\/a><\/p>\n<p>A infla\u00e7\u00e3o de abril foi provocada por uma queda nos pre\u00e7os de energia, que ca\u00edram 9,7% no m\u00eas em compara\u00e7\u00e3o com o mesmo per\u00edodo no ano anterior.\u00a0 Al\u00e9m disso, a guerra de pre\u00e7os do petr\u00f3leo entre a R\u00fassia e Ar\u00e1bia Saudita tamb\u00e9m influenciaram.<\/p>\n<h2>PIB da zona do euro recua 3,8% no 1T20, pior resultado desde 1995<\/h2>\n<p>O <a href=\"https:\/\/www.suno.com.br\/artigos\/pib-produto-interno-bruto\/\">Produto Interno Bruto (PIB)<\/a> da zona do euro caiu 3,8% no primeiro trimestre deste ano em rela\u00e7\u00e3o aos \u00faltimos tr\u00eas meses de 2019. Segundo Eurostat , esse \u00e9 a pior retra\u00e7\u00e3o da economia da Europa em rela\u00e7\u00e3o a um trimestre anterior desde 1995.<\/p>\n<p>O PIB da <a href=\"https:\/\/www.suno.com.br\/artigos\/zona-do-euro\/\">zona do euro<\/a> est\u00e1 sendo fortemente impactada pela pandemia do novo coronav\u00edrus. O dado anualizado demonstra uma forte queda de 14,4% nesta base de compara\u00e7\u00e3o. Especialistas ouvidos pela plataforma financeira FactSet esperavam uma queda menor, de 3%. Em rela\u00e7\u00e3o ao primeiro trimestre do ano passado, a economia da zona do euro caiu 3,3%.<\/p>\n<p>Al\u00e9m disso, a <em>Eurostat<\/em> tamb\u00e9m disse que o desemprego do bloco subiu para 7,4% no \u00faltimo m\u00eas, ante 7,3% em fevereiro. H\u00e1 um ano, a taxa era de 6,6%. A infla\u00e7\u00e3o, por sua vez, caiu 0,4% neste m\u00eas ap\u00f3s ter subido 0,7% em mar\u00e7o.<\/p>\n<p><a href=\"https:\/\/www.suno.com.br\/noticias\/coronavirus-atividade-de-servicos-na-zona-do-euro-cai\/\">Veja Tamb\u00e9m: Coronav\u00edrus: atividade de servi\u00e7os na zona do euro cai \u00e0 m\u00ednima hist\u00f3rica<\/a><\/p>\n<p>O \u00cdndice Gerente de Compras (PMI, na sigla em ingl\u00eas) do setor de servi\u00e7os da<strong> zona do euro<\/strong> caiu para 26,4 pontos em mar\u00e7o, o m\u00ednimo da s\u00e9rie hist\u00f3rica, impactado pelo <a href=\"https:\/\/www.suno.com.br\/noticias\/?s=coronav%C3%ADrus\">avan\u00e7o do coronav\u00edrus<\/a>. As informa\u00e7\u00f5es foram divulgadas pelo IHS Markit no in\u00edcio deste m\u00eas.<\/p>\n\n","protected":false},"excerpt":{"rendered":"<p>A infla\u00e7\u00e3o anual da zona do euro subiu 0,3% em abril, trata-se do n\u00edvel mais baixo em quatro anos. Esse valor representa uma desacelera\u00e7\u00e3o quando comparado com o aumento de 0,7%, em mar\u00e7o. Os dados foram divulgados pela ag\u00eancia de estat\u00edsticas da Uni\u00e3o Europeia, a Eurostat, na \u00faltima quarta-feira (20). zona do euro A ag\u00eancia [&hellip;]<\/p>\n","protected":false},"author":15,"featured_media":13688,"comment_status":"closed","ping_status":"closed","sticky":false,"template":"","format":"standard","meta":[],"categories":[63],"tags":[850,991],"suno_strategy":[],"class_list":["post-65673","post","type-post","status-publish","format-standard","has-post-thumbnail","hentry","category-internacional","tag-inflacao","tag-zona-do-euro"],"yoast_head":"<!-- This site is optimized with the Yoast SEO plugin v24.4 - https:\/\/yoast.com\/wordpress\/plugins\/seo\/ -->\n<title>Infla\u00e7\u00e3o da zona do euro desacelera 0,3% em abril, a menor em 4 anos<\/title>\n<meta name=\"description\" content=\"A infla\u00e7\u00e3o anual da zona do euro subiu 0,3%, trata-se do n\u00edvel mais baixo em quatro anos. Para saber mais \u00e9 s\u00f3 clicar aqui\" \/>\n<meta name=\"robots\" content=\"index, follow, max-snippet:-1, max-image-preview:large, max-video-preview:-1\" \/>\n<link rel=\"canonical\" href=\"https:\/\/www.suno.com.br\/noticias\/inflacao-da-zona-do-euro-desacelera-03-em-abril-a-menor-em-4-anos\/\" \/>\n<meta property=\"og:locale\" content=\"pt_BR\" \/>\n<meta property=\"og:type\" content=\"article\" \/>\n<meta property=\"og:title\" content=\"Infla\u00e7\u00e3o da zona do euro desacelera 0,3% em abril, a menor em 4 anos\" \/>\n<meta property=\"og:description\" content=\"A infla\u00e7\u00e3o anual da zona do euro subiu 0,3%, trata-se do n\u00edvel mais baixo em quatro anos. Para saber mais \u00e9 s\u00f3 clicar aqui\" \/>\n<meta property=\"og:url\" content=\"https:\/\/www.suno.com.br\/noticias\/inflacao-da-zona-do-euro-desacelera-03-em-abril-a-menor-em-4-anos\/\" \/>\n<meta property=\"og:site_name\" content=\"Suno Not\u00edcias\" \/>\n<meta property=\"article:publisher\" content=\"https:\/\/facebook.com\/sunoresearch\" \/>\n<meta property=\"og:image\" content=\"https:\/\/files.sunoresearch.com.br\/n\/uploads\/2019\/01\/9d0c4404-economia.jpg\" \/>\n\t<meta property=\"og:image:width\" content=\"633\" \/>\n\t<meta property=\"og:image:height\" content=\"475\" \/>\n\t<meta property=\"og:image:type\" content=\"image\/jpeg\" \/>\n<meta name=\"author\" content=\"Poliana Santos\" \/>\n<meta name=\"twitter:card\" content=\"summary_large_image\" \/>\n<meta name=\"twitter:creator\" content=\"@sunoresearch\" \/>\n<meta name=\"twitter:site\" content=\"@sunoresearch\" \/>\n<meta name=\"twitter:label1\" content=\"Escrito por\" \/>\n\t<meta name=\"twitter:data1\" content=\"Poliana Santos\" \/>\n\t<meta name=\"twitter:label2\" content=\"Est. tempo de leitura\" \/>\n\t<meta name=\"twitter:data2\" content=\"2 minutos\" \/>\n<script type=\"application\/ld+json\" class=\"yoast-schema-graph\">{\"@context\":\"https:\/\/schema.org\",\"@graph\":[{\"@type\":\"NewsArticle\",\"@id\":\"https:\/\/www.suno.com.br\/noticias\/inflacao-da-zona-do-euro-desacelera-03-em-abril-a-menor-em-4-anos\/#article\",\"isPartOf\":{\"@id\":\"https:\/\/www.suno.com.br\/noticias\/inflacao-da-zona-do-euro-desacelera-03-em-abril-a-menor-em-4-anos\/\"},\"author\":{\"name\":\"Poliana Santos\",\"@id\":\"https:\/\/www.suno.com.br\/noticias\/#\/schema\/person\/02ec1f752758247878a2bf4abee1aeda\"},\"headline\":\"Infla\u00e7\u00e3o da zona do euro desacelera 0,3% em abril, a menor em 4 anos\",\"datePublished\":\"2020-05-21T12:06:38+00:00\",\"mainEntityOfPage\":{\"@id\":\"https:\/\/www.suno.com.br\/noticias\/inflacao-da-zona-do-euro-desacelera-03-em-abril-a-menor-em-4-anos\/\"},\"wordCount\":423,\"publisher\":{\"@id\":\"https:\/\/www.suno.com.br\/noticias\/#organization\"},\"image\":{\"@id\":\"https:\/\/www.suno.com.br\/noticias\/inflacao-da-zona-do-euro-desacelera-03-em-abril-a-menor-em-4-anos\/#primaryimage\"},\"thumbnailUrl\":\"https:\/\/files.sunoresearch.com.br\/n\/uploads\/2019\/01\/9d0c4404-economia-jpg.webp\",\"keywords\":[\"infla\u00e7\u00e3o\",\"zona do euro\"],\"articleSection\":[\"Internacional\"],\"inLanguage\":\"pt-BR\"},{\"@type\":\"WebPage\",\"@id\":\"https:\/\/www.suno.com.br\/noticias\/inflacao-da-zona-do-euro-desacelera-03-em-abril-a-menor-em-4-anos\/\",\"url\":\"https:\/\/www.suno.com.br\/noticias\/inflacao-da-zona-do-euro-desacelera-03-em-abril-a-menor-em-4-anos\/\",\"name\":\"Infla\u00e7\u00e3o da zona do euro desacelera 0,3% em abril, a menor em 4 anos\",\"isPartOf\":{\"@id\":\"https:\/\/www.suno.com.br\/noticias\/#website\"},\"primaryImageOfPage\":{\"@id\":\"https:\/\/www.suno.com.br\/noticias\/inflacao-da-zona-do-euro-desacelera-03-em-abril-a-menor-em-4-anos\/#primaryimage\"},\"image\":{\"@id\":\"https:\/\/www.suno.com.br\/noticias\/inflacao-da-zona-do-euro-desacelera-03-em-abril-a-menor-em-4-anos\/#primaryimage\"},\"thumbnailUrl\":\"https:\/\/files.sunoresearch.com.br\/n\/uploads\/2019\/01\/9d0c4404-economia-jpg.webp\",\"datePublished\":\"2020-05-21T12:06:38+00:00\",\"description\":\"A infla\u00e7\u00e3o anual da zona do euro subiu 0,3%, trata-se do n\u00edvel mais baixo em quatro anos. Para saber mais \u00e9 s\u00f3 clicar aqui\",\"breadcrumb\":{\"@id\":\"https:\/\/www.suno.com.br\/noticias\/inflacao-da-zona-do-euro-desacelera-03-em-abril-a-menor-em-4-anos\/#breadcrumb\"},\"inLanguage\":\"pt-BR\",\"potentialAction\":[{\"@type\":\"ReadAction\",\"target\":[\"https:\/\/www.suno.com.br\/noticias\/inflacao-da-zona-do-euro-desacelera-03-em-abril-a-menor-em-4-anos\/\"]}]},{\"@type\":\"ImageObject\",\"inLanguage\":\"pt-BR\",\"@id\":\"https:\/\/www.suno.com.br\/noticias\/inflacao-da-zona-do-euro-desacelera-03-em-abril-a-menor-em-4-anos\/#primaryimage\",\"url\":\"https:\/\/files.sunoresearch.com.br\/n\/uploads\/2019\/01\/9d0c4404-economia-jpg.webp\",\"contentUrl\":\"https:\/\/files.sunoresearch.com.br\/n\/uploads\/2019\/01\/9d0c4404-economia-jpg.webp\",\"width\":633,\"height\":475,\"caption\":\"zona do euro\"},{\"@type\":\"BreadcrumbList\",\"@id\":\"https:\/\/www.suno.com.br\/noticias\/inflacao-da-zona-do-euro-desacelera-03-em-abril-a-menor-em-4-anos\/#breadcrumb\",\"itemListElement\":[{\"@type\":\"ListItem\",\"position\":1,\"name\":\"Not\u00edcias\",\"item\":\"https:\/\/www.suno.com.br\/noticias\/\"},{\"@type\":\"ListItem\",\"position\":2,\"name\":\"Internacional\",\"item\":\"https:\/\/www.suno.com.br\/noticias\/internacional\/\"},{\"@type\":\"ListItem\",\"position\":3,\"name\":\"Infla\u00e7\u00e3o da zona do euro desacelera 0,3% em abril, a menor em 4 anos\"}]},{\"@type\":\"WebSite\",\"@id\":\"https:\/\/www.suno.com.br\/noticias\/#website\",\"url\":\"https:\/\/www.suno.com.br\/noticias\/\",\"name\":\"Suno Not\u00edcias\",\"description\":\"Seu portal de informa\u00e7\u00e3o sobre o mundo dos investimentos\",\"publisher\":{\"@id\":\"https:\/\/www.suno.com.br\/noticias\/#organization\"},\"potentialAction\":[{\"@type\":\"SearchAction\",\"target\":{\"@type\":\"EntryPoint\",\"urlTemplate\":\"https:\/\/www.suno.com.br\/noticias\/?s={search_term_string}\"},\"query-input\":{\"@type\":\"PropertyValueSpecification\",\"valueRequired\":true,\"valueName\":\"search_term_string\"}}],\"inLanguage\":\"pt-BR\"},{\"@type\":\"Organization\",\"@id\":\"https:\/\/www.suno.com.br\/noticias\/#organization\",\"name\":\"Suno Not\u00edcias\",\"url\":\"https:\/\/www.suno.com.br\/noticias\/\",\"logo\":{\"@type\":\"ImageObject\",\"inLanguage\":\"pt-BR\",\"@id\":\"https:\/\/www.suno.com.br\/noticias\/#\/schema\/logo\/image\/\",\"url\":\"https:\/\/files.sunoresearch.com.br\/n\/uploads\/2021\/09\/suno-logo.png\",\"contentUrl\":\"https:\/\/files.sunoresearch.com.br\/n\/uploads\/2021\/09\/suno-logo.png\",\"width\":180,\"height\":180,\"caption\":\"Suno Not\u00edcias\"},\"image\":{\"@id\":\"https:\/\/www.suno.com.br\/noticias\/#\/schema\/logo\/image\/\"},\"sameAs\":[\"https:\/\/facebook.com\/sunoresearch\",\"https:\/\/x.com\/sunoresearch\",\"https:\/\/www.instagram.com\/suno\",\"https:\/\/www.linkedin.com\/company\/suno-research\/\",\"https:\/\/www.youtube.com\/c\/sunoresearch\"]},{\"@type\":\"Person\",\"@id\":\"https:\/\/www.suno.com.br\/noticias\/#\/schema\/person\/02ec1f752758247878a2bf4abee1aeda\",\"name\":\"Poliana Santos\",\"image\":{\"@type\":\"ImageObject\",\"inLanguage\":\"pt-BR\",\"@id\":\"https:\/\/www.suno.com.br\/noticias\/#\/schema\/person\/image\/\",\"url\":\"https:\/\/secure.gravatar.com\/avatar\/0645bd32f23d87b2130f2b2dff1d3f8d?s=96&r=g\",\"contentUrl\":\"https:\/\/secure.gravatar.com\/avatar\/0645bd32f23d87b2130f2b2dff1d3f8d?s=96&r=g\",\"caption\":\"Poliana Santos\"},\"description\":\"Rep\u00f3rter no Suno Not\u00edcias, com cobertura em mercado financeiro, economia, finan\u00e7as pessoais, renda fixa e varejo. Jornalista formada pela Faculdade C\u00e1sper L\u00edbero e possui passagem na R\u00e1dio Gazeta AM com a produ\u00e7\u00e3o de conte\u00fado sobre economia, pol\u00edtica, sa\u00fade, moda e m\u00fasica. Possui certificado de conclus\u00e3o do curso de An\u00e1lise de Balan\u00e7os pela Funda\u00e7\u00e3o Bradesco, Agenda Brasil pela FAAP, Educa\u00e7\u00e3o Pol\u00edtica por Alexandre Garcia e do Tesouro Direto e Mercado de A\u00e7\u00f5es pela B3.\",\"url\":\"https:\/\/www.suno.com.br\/noticias\/author\/poliana-santos\/\"}]}<\/script>\n<!-- \/ Yoast SEO plugin. -->","yoast_head_json":{"title":"Infla\u00e7\u00e3o da zona do euro desacelera 0,3% em abril, a menor em 4 anos","description":"A infla\u00e7\u00e3o anual da zona do euro subiu 0,3%, trata-se do n\u00edvel mais baixo em quatro anos. Para saber mais \u00e9 s\u00f3 clicar aqui","robots":{"index":"index","follow":"follow","max-snippet":"max-snippet:-1","max-image-preview":"max-image-preview:large","max-video-preview":"max-video-preview:-1"},"canonical":"https:\/\/www.suno.com.br\/noticias\/inflacao-da-zona-do-euro-desacelera-03-em-abril-a-menor-em-4-anos\/","og_locale":"pt_BR","og_type":"article","og_title":"Infla\u00e7\u00e3o da zona do euro desacelera 0,3% em abril, a menor em 4 anos","og_description":"A infla\u00e7\u00e3o anual da zona do euro subiu 0,3%, trata-se do n\u00edvel mais baixo em quatro anos. Para saber mais \u00e9 s\u00f3 clicar aqui","og_url":"https:\/\/www.suno.com.br\/noticias\/inflacao-da-zona-do-euro-desacelera-03-em-abril-a-menor-em-4-anos\/","og_site_name":"Suno Not\u00edcias","article_publisher":"https:\/\/facebook.com\/sunoresearch","og_image":[{"width":633,"height":475,"url":"https:\/\/files.sunoresearch.com.br\/n\/uploads\/2019\/01\/9d0c4404-economia.jpg","type":"image\/jpeg"}],"author":"Poliana Santos","twitter_card":"summary_large_image","twitter_creator":"@sunoresearch","twitter_site":"@sunoresearch","twitter_misc":{"Escrito por":"Poliana Santos","Est. tempo de leitura":"2 minutos"},"schema":{"@context":"https:\/\/schema.org","@graph":[{"@type":"NewsArticle","@id":"https:\/\/www.suno.com.br\/noticias\/inflacao-da-zona-do-euro-desacelera-03-em-abril-a-menor-em-4-anos\/#article","isPartOf":{"@id":"https:\/\/www.suno.com.br\/noticias\/inflacao-da-zona-do-euro-desacelera-03-em-abril-a-menor-em-4-anos\/"},"author":{"name":"Poliana Santos","@id":"https:\/\/www.suno.com.br\/noticias\/#\/schema\/person\/02ec1f752758247878a2bf4abee1aeda"},"headline":"Infla\u00e7\u00e3o da zona do euro desacelera 0,3% em abril, a menor em 4 anos","datePublished":"2020-05-21T12:06:38+00:00","mainEntityOfPage":{"@id":"https:\/\/www.suno.com.br\/noticias\/inflacao-da-zona-do-euro-desacelera-03-em-abril-a-menor-em-4-anos\/"},"wordCount":423,"publisher":{"@id":"https:\/\/www.suno.com.br\/noticias\/#organization"},"image":{"@id":"https:\/\/www.suno.com.br\/noticias\/inflacao-da-zona-do-euro-desacelera-03-em-abril-a-menor-em-4-anos\/#primaryimage"},"thumbnailUrl":"https:\/\/files.sunoresearch.com.br\/n\/uploads\/2019\/01\/9d0c4404-economia-jpg.webp","keywords":["infla\u00e7\u00e3o","zona do euro"],"articleSection":["Internacional"],"inLanguage":"pt-BR"},{"@type":"WebPage","@id":"https:\/\/www.suno.com.br\/noticias\/inflacao-da-zona-do-euro-desacelera-03-em-abril-a-menor-em-4-anos\/","url":"https:\/\/www.suno.com.br\/noticias\/inflacao-da-zona-do-euro-desacelera-03-em-abril-a-menor-em-4-anos\/","name":"Infla\u00e7\u00e3o da zona do euro desacelera 0,3% em abril, a menor em 4 anos","isPartOf":{"@id":"https:\/\/www.suno.com.br\/noticias\/#website"},"primaryImageOfPage":{"@id":"https:\/\/www.suno.com.br\/noticias\/inflacao-da-zona-do-euro-desacelera-03-em-abril-a-menor-em-4-anos\/#primaryimage"},"image":{"@id":"https:\/\/www.suno.com.br\/noticias\/inflacao-da-zona-do-euro-desacelera-03-em-abril-a-menor-em-4-anos\/#primaryimage"},"thumbnailUrl":"https:\/\/files.sunoresearch.com.br\/n\/uploads\/2019\/01\/9d0c4404-economia-jpg.webp","datePublished":"2020-05-21T12:06:38+00:00","description":"A infla\u00e7\u00e3o anual da zona do euro subiu 0,3%, trata-se do n\u00edvel mais baixo em quatro anos. Para saber mais \u00e9 s\u00f3 clicar aqui","breadcrumb":{"@id":"https:\/\/www.suno.com.br\/noticias\/inflacao-da-zona-do-euro-desacelera-03-em-abril-a-menor-em-4-anos\/#breadcrumb"},"inLanguage":"pt-BR","potentialAction":[{"@type":"ReadAction","target":["https:\/\/www.suno.com.br\/noticias\/inflacao-da-zona-do-euro-desacelera-03-em-abril-a-menor-em-4-anos\/"]}]},{"@type":"ImageObject","inLanguage":"pt-BR","@id":"https:\/\/www.suno.com.br\/noticias\/inflacao-da-zona-do-euro-desacelera-03-em-abril-a-menor-em-4-anos\/#primaryimage","url":"https:\/\/files.sunoresearch.com.br\/n\/uploads\/2019\/01\/9d0c4404-economia-jpg.webp","contentUrl":"https:\/\/files.sunoresearch.com.br\/n\/uploads\/2019\/01\/9d0c4404-economia-jpg.webp","width":633,"height":475,"caption":"zona do euro"},{"@type":"BreadcrumbList","@id":"https:\/\/www.suno.com.br\/noticias\/inflacao-da-zona-do-euro-desacelera-03-em-abril-a-menor-em-4-anos\/#breadcrumb","itemListElement":[{"@type":"ListItem","position":1,"name":"Not\u00edcias","item":"https:\/\/www.suno.com.br\/noticias\/"},{"@type":"ListItem","position":2,"name":"Internacional","item":"https:\/\/www.suno.com.br\/noticias\/internacional\/"},{"@type":"ListItem","position":3,"name":"Infla\u00e7\u00e3o da zona do euro desacelera 0,3% em abril, a menor em 4 anos"}]},{"@type":"WebSite","@id":"https:\/\/www.suno.com.br\/noticias\/#website","url":"https:\/\/www.suno.com.br\/noticias\/","name":"Suno Not\u00edcias","description":"Seu portal de informa\u00e7\u00e3o sobre o mundo dos investimentos","publisher":{"@id":"https:\/\/www.suno.com.br\/noticias\/#organization"},"potentialAction":[{"@type":"SearchAction","target":{"@type":"EntryPoint","urlTemplate":"https:\/\/www.suno.com.br\/noticias\/?s={search_term_string}"},"query-input":{"@type":"PropertyValueSpecification","valueRequired":true,"valueName":"search_term_string"}}],"inLanguage":"pt-BR"},{"@type":"Organization","@id":"https:\/\/www.suno.com.br\/noticias\/#organization","name":"Suno Not\u00edcias","url":"https:\/\/www.suno.com.br\/noticias\/","logo":{"@type":"ImageObject","inLanguage":"pt-BR","@id":"https:\/\/www.suno.com.br\/noticias\/#\/schema\/logo\/image\/","url":"https:\/\/files.sunoresearch.com.br\/n\/uploads\/2021\/09\/suno-logo.png","contentUrl":"https:\/\/files.sunoresearch.com.br\/n\/uploads\/2021\/09\/suno-logo.png","width":180,"height":180,"caption":"Suno Not\u00edcias"},"image":{"@id":"https:\/\/www.suno.com.br\/noticias\/#\/schema\/logo\/image\/"},"sameAs":["https:\/\/facebook.com\/sunoresearch","https:\/\/x.com\/sunoresearch","https:\/\/www.instagram.com\/suno","https:\/\/www.linkedin.com\/company\/suno-research\/","https:\/\/www.youtube.com\/c\/sunoresearch"]},{"@type":"Person","@id":"https:\/\/www.suno.com.br\/noticias\/#\/schema\/person\/02ec1f752758247878a2bf4abee1aeda","name":"Poliana Santos","image":{"@type":"ImageObject","inLanguage":"pt-BR","@id":"https:\/\/www.suno.com.br\/noticias\/#\/schema\/person\/image\/","url":"https:\/\/secure.gravatar.com\/avatar\/0645bd32f23d87b2130f2b2dff1d3f8d?s=96&r=g","contentUrl":"https:\/\/secure.gravatar.com\/avatar\/0645bd32f23d87b2130f2b2dff1d3f8d?s=96&r=g","caption":"Poliana Santos"},"description":"Rep\u00f3rter no Suno Not\u00edcias, com cobertura em mercado financeiro, economia, finan\u00e7as pessoais, renda fixa e varejo. Jornalista formada pela Faculdade C\u00e1sper L\u00edbero e possui passagem na R\u00e1dio Gazeta AM com a produ\u00e7\u00e3o de conte\u00fado sobre economia, pol\u00edtica, sa\u00fade, moda e m\u00fasica. Possui certificado de conclus\u00e3o do curso de An\u00e1lise de Balan\u00e7os pela Funda\u00e7\u00e3o Bradesco, Agenda Brasil pela FAAP, Educa\u00e7\u00e3o Pol\u00edtica por Alexandre Garcia e do Tesouro Direto e Mercado de A\u00e7\u00f5es pela B3.","url":"https:\/\/www.suno.com.br\/noticias\/author\/poliana-santos\/"}]}},"default_loop_html":"<div class=\"cardsPage__listCard__boxs\"><div class=\"cardsPage__listCard__boxs__img\"><a href=\"https:\/\/www.suno.com.br\/noticias\/inflacao-da-zona-do-euro-desacelera-03-em-abril-a-menor-em-4-anos\/\"><img class=\"mask\" src=\"https:\/\/www.suno.com.br\/noticias\/wp-content\/themes\/suno\/resources\/images\/spotlight\/spotlight1img\/bg-mask.png\" alt=\"Image Mask\"\/><img src=\"https:\/\/files.sunoresearch.com.br\/n\/uploads\/2019\/01\/9d0c4404-economia-400x200.webp\" alt=\"Infla\u00e7\u00e3o da zona do euro desacelera 0,3% em abril, a menor em 4 anos\"\/><\/a><span class=\"spotlightCategory\"><a href=\"https:\/\/www.suno.com.br\/noticias\/internacional\/\">Internacional<\/a><\/span><\/div><div class=\"cardsPage__listCard__boxs__content\"><a href=\"https:\/\/www.suno.com.br\/noticias\/inflacao-da-zona-do-euro-desacelera-03-em-abril-a-menor-em-4-anos\/\"><h2 class=\"content__title\">Infla\u00e7\u00e3o da zona do euro desacelera 0,3% em abril, a menor em 4 anos<\/h2><\/a><div class=\"newsContent__article__meta\"><div class=\"newsContent__article__meta__authorBox\"><a href=\"https:\/\/www.suno.com.br\/noticias\/author\/poliana-santos\/\" class=\"authorBox__avatar noMobi\"><img src=\"https:\/\/files.sunoresearch.com.br\/n\/uploads\/2020\/08\/7ef34026-whatsapp-image-2020-08-03-at-12.37.57-150x150.webp\" alt=\"Poliana Santos\"><\/a><div class=\"authorBox__name\"><span>por\n\t\t\t<a href=\"https:\/\/www.suno.com.br\/noticias\/author\/poliana-santos\/\"><span itemprop=\"author\">Poliana Santos<\/span><\/a><\/span><time datetime=\"2020-05-21T09:06:38-03:00\" itemprop=\"datePublished\">21\/05\/2020 09:06<\/time><\/div><\/div><\/div><\/div><\/div>","single_layout":"posts","amp_enabled":true,"_links":{"self":[{"href":"https:\/\/www.suno.com.br\/noticias\/wp-json\/wp\/v2\/posts\/65673"}],"collection":[{"href":"https:\/\/www.suno.com.br\/noticias\/wp-json\/wp\/v2\/posts"}],"about":[{"href":"https:\/\/www.suno.com.br\/noticias\/wp-json\/wp\/v2\/types\/post"}],"author":[{"embeddable":true,"href":"https:\/\/www.suno.com.br\/noticias\/wp-json\/wp\/v2\/users\/15"}],"replies":[{"embeddable":true,"href":"https:\/\/www.suno.com.br\/noticias\/wp-json\/wp\/v2\/comments?post=65673"}],"version-history":[{"count":0,"href":"https:\/\/www.suno.com.br\/noticias\/wp-json\/wp\/v2\/posts\/65673\/revisions"}],"wp:featuredmedia":[{"embeddable":true,"href":"https:\/\/www.suno.com.br\/noticias\/wp-json\/wp\/v2\/media\/13688"}],"wp:attachment":[{"href":"https:\/\/www.suno.com.br\/noticias\/wp-json\/wp\/v2\/media?parent=65673"}],"wp:term":[{"taxonomy":"category","embeddable":true,"href":"https:\/\/www.suno.com.br\/noticias\/wp-json\/wp\/v2\/categories?post=65673"},{"taxonomy":"post_tag","embeddable":true,"href":"https:\/\/www.suno.com.br\/noticias\/wp-json\/wp\/v2\/tags?post=65673"},{"taxonomy":"suno_strategy","embeddable":true,"href":"https:\/\/www.suno.com.br\/noticias\/wp-json\/wp\/v2\/suno_strategy?post=65673"}],"curies":[{"name":"wp","href":"https:\/\/api.w.org\/{rel}","templated":true}]}}