{"id":65485,"date":"2020-05-20T09:55:48","date_gmt":"2020-05-20T12:55:48","guid":{"rendered":"https:\/\/www.suno.com.br\/noticias\/?p=65485"},"modified":"2020-05-20T19:19:18","modified_gmt":"2020-05-20T22:19:18","slug":"azul-azul4-anuncia-aumento-de-voos-e-destinos-em-junho","status":"publish","type":"post","link":"https:\/\/www.suno.com.br\/noticias\/azul-azul4-anuncia-aumento-de-voos-e-destinos-em-junho\/","title":{"rendered":"Azul (AZUL4) anuncia aumento de voos e destinos em junho"},"content":{"rendered":"<p>A <a href=\"https:\/\/www.suno.com.br\/acoes\/azul4\/\"><strong>Azul<\/strong> (AZUL4)<\/a> anunciou nesta quarta-feira (20) que aumentar\u00e1 o n\u00famero de voos em junho para 168 decolagens di\u00e1rias. Em maio, a m\u00e9dia foi de 115 por dia.<\/p>\t<div class=\"wrapper-featured-image\">\n\t\t<figure class=\"spotlightImg\">\n\n\t\t\t<picture>\n\t\t\t\t<source media=\"(max-width: 768px)\" srcset=\"https:\/\/files.sunoresearch.com.br\/n\/uploads\/2019\/08\/7693077b-azul-400x200.webp\">\n\t\t\t\t<img loading=\"lazy\" decoding=\"async\" class=\"newsContent__article__imgCapa lazyloadDisabled newsContent__article__imgCapa--noCaption\" src=\"https:\/\/files.sunoresearch.com.br\/n\/uploads\/2019\/08\/7693077b-azul-800x450.webp\" width=\"800\" height=\"450\" alt=\"Azul (AZUL4) anuncia aumento de voos e destinos em junho\" fetchpriority=high \/>\n\t\t\t<\/picture>\n\n\t\t\t<figcaption class=\"wp-caption-text wp-caption-text--hide\">Destaques de empresas<\/figcaption>\n\t\t<\/figure>\n\t<\/div>\n\n\n\n<p>Al\u00e9m disso, a companhia a\u00e9rea comunicou que ir\u00e1 voar para 57 destinos dom\u00e9sticos em junho ante 38 cidades em maio, e 25 em abril. Apesar da capacidade ser 80% menor, quando comparado com o mesmo per\u00edodo no ano passado, &#8220;estamos vendo uma retomada gradual da demanda desde o in\u00edcio da pandemia&#8221;, informou a Azul.<\/p>\n<p><iframe loading=\"lazy\" src=\"https:\/\/www.youtube.com\/embed\/uPiXhbBGHEQ\" width=\"560\" height=\"315\" frameborder=\"0\" allowfullscreen=\"allowfullscreen\"><\/iframe><br \/>\n&#8220;Vamos monitorar o mercado e expandir nossa malha na medida em que as restri\u00e7\u00f5es \u00e0s viagens no Brasil forem diminuindo e a demanda voltar, especialmente no estado de S\u00e3o Paulo, que dever\u00e1 ter restri\u00e7\u00f5es reduzidas a partir da primeira semana de junho&#8221;, disse o vice-presidente de receitas da companhia, Abhi Shah.<\/p>\n<p><a href=\"https:\/\/lp.suno.com.br\/suno-one\/\">Garanta acesso ao Suno One, a central de informa\u00e7\u00f5es para quem quer aprender a investir. Acesse gratuitamente clicando aqui<\/a><\/p>\n<p>&#8220;Com a flexibilidade de nossa frota e a conectividade de nossa malha, conseguiremos maximizar a captura da demanda durante este per\u00edodo, e ao mesmo tempo minimizar nosso custo por viagem. Temos aeronaves de 9 a 214 assentos, que nos permitem customizar nossa malha de acordo com evolu\u00e7\u00e3o da demanda&#8221;, concluiu Shah.<\/p>\n<h2>Azul tem rating rebaixado pela S&amp;P<\/h2>\n<p>A <a href=\"https:\/\/www.suno.com.br\/artigos\/grau-de-investimento\/\">ag\u00eancia de risco <\/a><a href=\"https:\/\/www.suno.com.br\/artigos\/agencias-de-rating\/\">Standard &amp; Poor&#8217;s (S&amp;P)<\/a> rebaixou a classifica\u00e7\u00e3o da Azul de &#8220;B&#8221; para &#8220;CCC+&#8221;.<\/p>\n<p>De acordo com a ag\u00eancia, essa perspectiva de rating negativa \u00e9 devido a contra\u00e7\u00e3o na demanda que fez com que a Azul tenha 40% de sua frota em terra at\u00e9 final de 2020. Portanto, segundo a S&amp;P, &#8220;isso reduzir\u00e1 os fluxos de caixa e a liquidez da empresa&#8221;.<\/p>\n<p><span style=\"font-size: 1.1429rem;\">A nova classifica\u00e7\u00e3o da empresa coloca a companhia a\u00e9rea em um investimento de risco substancial.<\/span><\/p>\n<p><a href=\"https:\/\/www.suno.com.br\/noticias\/azul-azul4-prejuizo-liquido-1t20\/\">Saiba\u00a0 Mais: Azul (AZUL4) registra preju\u00edzo l\u00edquido de R$ 6,13 bilh\u00f5es no 1T20<\/a><\/p>\n<p>A S&amp;P informou tamb\u00e9m que a companhia possui pagamentos significativos de arrendamentos operacionais no curto prazo. Dessa forma, requer discuss\u00f5es sobre o gerenciamento da frota para permitir o cumprimento de obriga\u00e7\u00f5es.<\/p>\n<p>A classifica\u00e7\u00e3o negativa da <strong>Azul<\/strong> demonstra um poss\u00edvel rebaixamento adicional no pr\u00f3ximos 6 a 12 meses.<\/p>\n\n","protected":false},"excerpt":{"rendered":"<p>A Azul (AZUL4) anunciou nesta quarta-feira (20) que aumentar\u00e1 o n\u00famero de voos em junho para 168 decolagens di\u00e1rias. Em maio, a m\u00e9dia foi de 115 por dia. Destaques de empresas Al\u00e9m disso, a companhia a\u00e9rea comunicou que ir\u00e1 voar para 57 destinos dom\u00e9sticos em junho ante 38 cidades em maio, e 25 em abril. [&hellip;]<\/p>\n","protected":false},"author":15,"featured_media":35528,"comment_status":"closed","ping_status":"closed","sticky":false,"template":"","format":"standard","meta":[],"categories":[64],"tags":[106932],"suno_strategy":[],"class_list":["post-65485","post","type-post","status-publish","format-standard","has-post-thumbnail","hentry","category-negocios","tag-azul-azul4"],"yoast_head":"<!-- This site is optimized with the Yoast SEO plugin v24.4 - https:\/\/yoast.com\/wordpress\/plugins\/seo\/ -->\n<title>Azul (AZUL4) anuncia aumento de voos e destinos em junho<\/title>\n<meta name=\"description\" content=\"A Azul (AZUL4) anunciou nesta quarta-feira (20) que aumentar\u00e1 o n\u00famero de voos em junho para 168 decolagens di\u00e1rias. Clique aqui\" \/>\n<meta name=\"robots\" content=\"index, follow, max-snippet:-1, max-image-preview:large, max-video-preview:-1\" \/>\n<link rel=\"canonical\" href=\"https:\/\/www.suno.com.br\/noticias\/azul-azul4-anuncia-aumento-de-voos-e-destinos-em-junho\/\" \/>\n<meta property=\"og:locale\" content=\"pt_BR\" \/>\n<meta property=\"og:type\" content=\"article\" \/>\n<meta property=\"og:title\" content=\"Azul (AZUL4) anuncia aumento de voos e destinos em junho\" \/>\n<meta property=\"og:description\" content=\"A Azul (AZUL4) anunciou nesta quarta-feira (20) que aumentar\u00e1 o n\u00famero de voos em junho para 168 decolagens di\u00e1rias. Clique aqui\" \/>\n<meta property=\"og:url\" content=\"https:\/\/www.suno.com.br\/noticias\/azul-azul4-anuncia-aumento-de-voos-e-destinos-em-junho\/\" \/>\n<meta property=\"og:site_name\" content=\"Suno Not\u00edcias\" \/>\n<meta property=\"article:publisher\" content=\"https:\/\/facebook.com\/sunoresearch\" \/>\n<meta property=\"og:image\" content=\"https:\/\/files.sunoresearch.com.br\/n\/uploads\/2019\/08\/7693077b-azul.jpg\" \/>\n\t<meta property=\"og:image:width\" content=\"984\" \/>\n\t<meta property=\"og:image:height\" content=\"654\" \/>\n\t<meta property=\"og:image:type\" content=\"image\/jpeg\" \/>\n<meta name=\"author\" content=\"Poliana Santos\" \/>\n<meta name=\"twitter:card\" content=\"summary_large_image\" \/>\n<meta name=\"twitter:creator\" content=\"@sunoresearch\" \/>\n<meta name=\"twitter:site\" content=\"@sunoresearch\" \/>\n<meta name=\"twitter:label1\" content=\"Escrito por\" \/>\n\t<meta name=\"twitter:data1\" content=\"Poliana Santos\" \/>\n\t<meta name=\"twitter:label2\" content=\"Est. tempo de leitura\" \/>\n\t<meta name=\"twitter:data2\" content=\"2 minutos\" \/>\n<script type=\"application\/ld+json\" class=\"yoast-schema-graph\">{\"@context\":\"https:\/\/schema.org\",\"@graph\":[{\"@type\":\"NewsArticle\",\"@id\":\"https:\/\/www.suno.com.br\/noticias\/azul-azul4-anuncia-aumento-de-voos-e-destinos-em-junho\/#article\",\"isPartOf\":{\"@id\":\"https:\/\/www.suno.com.br\/noticias\/azul-azul4-anuncia-aumento-de-voos-e-destinos-em-junho\/\"},\"author\":{\"name\":\"Poliana Santos\",\"@id\":\"https:\/\/www.suno.com.br\/noticias\/#\/schema\/person\/02ec1f752758247878a2bf4abee1aeda\"},\"headline\":\"Azul (AZUL4) anuncia aumento de voos e destinos em junho\",\"datePublished\":\"2020-05-20T12:55:48+00:00\",\"dateModified\":\"2020-05-20T22:19:18+00:00\",\"mainEntityOfPage\":{\"@id\":\"https:\/\/www.suno.com.br\/noticias\/azul-azul4-anuncia-aumento-de-voos-e-destinos-em-junho\/\"},\"wordCount\":390,\"publisher\":{\"@id\":\"https:\/\/www.suno.com.br\/noticias\/#organization\"},\"image\":{\"@id\":\"https:\/\/www.suno.com.br\/noticias\/azul-azul4-anuncia-aumento-de-voos-e-destinos-em-junho\/#primaryimage\"},\"thumbnailUrl\":\"https:\/\/files.sunoresearch.com.br\/n\/uploads\/2019\/08\/7693077b-azul-jpg.webp\",\"keywords\":[\"Azul (AZUL4)\"],\"articleSection\":[\"Neg\u00f3cios\"],\"inLanguage\":\"pt-BR\"},{\"@type\":\"WebPage\",\"@id\":\"https:\/\/www.suno.com.br\/noticias\/azul-azul4-anuncia-aumento-de-voos-e-destinos-em-junho\/\",\"url\":\"https:\/\/www.suno.com.br\/noticias\/azul-azul4-anuncia-aumento-de-voos-e-destinos-em-junho\/\",\"name\":\"Azul (AZUL4) anuncia aumento de voos e destinos em junho\",\"isPartOf\":{\"@id\":\"https:\/\/www.suno.com.br\/noticias\/#website\"},\"primaryImageOfPage\":{\"@id\":\"https:\/\/www.suno.com.br\/noticias\/azul-azul4-anuncia-aumento-de-voos-e-destinos-em-junho\/#primaryimage\"},\"image\":{\"@id\":\"https:\/\/www.suno.com.br\/noticias\/azul-azul4-anuncia-aumento-de-voos-e-destinos-em-junho\/#primaryimage\"},\"thumbnailUrl\":\"https:\/\/files.sunoresearch.com.br\/n\/uploads\/2019\/08\/7693077b-azul-jpg.webp\",\"datePublished\":\"2020-05-20T12:55:48+00:00\",\"dateModified\":\"2020-05-20T22:19:18+00:00\",\"description\":\"A Azul (AZUL4) anunciou nesta quarta-feira (20) que aumentar\u00e1 o n\u00famero de voos em junho para 168 decolagens di\u00e1rias. Clique aqui\",\"breadcrumb\":{\"@id\":\"https:\/\/www.suno.com.br\/noticias\/azul-azul4-anuncia-aumento-de-voos-e-destinos-em-junho\/#breadcrumb\"},\"inLanguage\":\"pt-BR\",\"potentialAction\":[{\"@type\":\"ReadAction\",\"target\":[\"https:\/\/www.suno.com.br\/noticias\/azul-azul4-anuncia-aumento-de-voos-e-destinos-em-junho\/\"]}]},{\"@type\":\"ImageObject\",\"inLanguage\":\"pt-BR\",\"@id\":\"https:\/\/www.suno.com.br\/noticias\/azul-azul4-anuncia-aumento-de-voos-e-destinos-em-junho\/#primaryimage\",\"url\":\"https:\/\/files.sunoresearch.com.br\/n\/uploads\/2019\/08\/7693077b-azul-jpg.webp\",\"contentUrl\":\"https:\/\/files.sunoresearch.com.br\/n\/uploads\/2019\/08\/7693077b-azul-jpg.webp\",\"width\":984,\"height\":654,\"caption\":\"Destaques de empresas\"},{\"@type\":\"BreadcrumbList\",\"@id\":\"https:\/\/www.suno.com.br\/noticias\/azul-azul4-anuncia-aumento-de-voos-e-destinos-em-junho\/#breadcrumb\",\"itemListElement\":[{\"@type\":\"ListItem\",\"position\":1,\"name\":\"Not\u00edcias\",\"item\":\"https:\/\/www.suno.com.br\/noticias\/\"},{\"@type\":\"ListItem\",\"position\":2,\"name\":\"Neg\u00f3cios\",\"item\":\"https:\/\/www.suno.com.br\/noticias\/negocios\/\"},{\"@type\":\"ListItem\",\"position\":3,\"name\":\"Azul (AZUL4) anuncia aumento de voos e destinos em junho\"}]},{\"@type\":\"WebSite\",\"@id\":\"https:\/\/www.suno.com.br\/noticias\/#website\",\"url\":\"https:\/\/www.suno.com.br\/noticias\/\",\"name\":\"Suno Not\u00edcias\",\"description\":\"Seu portal de informa\u00e7\u00e3o sobre o mundo dos investimentos\",\"publisher\":{\"@id\":\"https:\/\/www.suno.com.br\/noticias\/#organization\"},\"potentialAction\":[{\"@type\":\"SearchAction\",\"target\":{\"@type\":\"EntryPoint\",\"urlTemplate\":\"https:\/\/www.suno.com.br\/noticias\/?s={search_term_string}\"},\"query-input\":{\"@type\":\"PropertyValueSpecification\",\"valueRequired\":true,\"valueName\":\"search_term_string\"}}],\"inLanguage\":\"pt-BR\"},{\"@type\":\"Organization\",\"@id\":\"https:\/\/www.suno.com.br\/noticias\/#organization\",\"name\":\"Suno Not\u00edcias\",\"url\":\"https:\/\/www.suno.com.br\/noticias\/\",\"logo\":{\"@type\":\"ImageObject\",\"inLanguage\":\"pt-BR\",\"@id\":\"https:\/\/www.suno.com.br\/noticias\/#\/schema\/logo\/image\/\",\"url\":\"https:\/\/files.sunoresearch.com.br\/n\/uploads\/2021\/09\/suno-logo.png\",\"contentUrl\":\"https:\/\/files.sunoresearch.com.br\/n\/uploads\/2021\/09\/suno-logo.png\",\"width\":180,\"height\":180,\"caption\":\"Suno Not\u00edcias\"},\"image\":{\"@id\":\"https:\/\/www.suno.com.br\/noticias\/#\/schema\/logo\/image\/\"},\"sameAs\":[\"https:\/\/facebook.com\/sunoresearch\",\"https:\/\/x.com\/sunoresearch\",\"https:\/\/www.instagram.com\/suno\",\"https:\/\/www.linkedin.com\/company\/suno-research\/\",\"https:\/\/www.youtube.com\/c\/sunoresearch\"]},{\"@type\":\"Person\",\"@id\":\"https:\/\/www.suno.com.br\/noticias\/#\/schema\/person\/02ec1f752758247878a2bf4abee1aeda\",\"name\":\"Poliana Santos\",\"image\":{\"@type\":\"ImageObject\",\"inLanguage\":\"pt-BR\",\"@id\":\"https:\/\/www.suno.com.br\/noticias\/#\/schema\/person\/image\/\",\"url\":\"https:\/\/secure.gravatar.com\/avatar\/0645bd32f23d87b2130f2b2dff1d3f8d?s=96&r=g\",\"contentUrl\":\"https:\/\/secure.gravatar.com\/avatar\/0645bd32f23d87b2130f2b2dff1d3f8d?s=96&r=g\",\"caption\":\"Poliana Santos\"},\"description\":\"Rep\u00f3rter no Suno Not\u00edcias, com cobertura em mercado financeiro, economia, finan\u00e7as pessoais, renda fixa e varejo. Jornalista formada pela Faculdade C\u00e1sper L\u00edbero e possui passagem na R\u00e1dio Gazeta AM com a produ\u00e7\u00e3o de conte\u00fado sobre economia, pol\u00edtica, sa\u00fade, moda e m\u00fasica. Possui certificado de conclus\u00e3o do curso de An\u00e1lise de Balan\u00e7os pela Funda\u00e7\u00e3o Bradesco, Agenda Brasil pela FAAP, Educa\u00e7\u00e3o Pol\u00edtica por Alexandre Garcia e do Tesouro Direto e Mercado de A\u00e7\u00f5es pela B3.\",\"url\":\"https:\/\/www.suno.com.br\/noticias\/author\/poliana-santos\/\"}]}<\/script>\n<!-- \/ Yoast SEO plugin. -->","yoast_head_json":{"title":"Azul (AZUL4) anuncia aumento de voos e destinos em junho","description":"A Azul (AZUL4) anunciou nesta quarta-feira (20) que aumentar\u00e1 o n\u00famero de voos em junho para 168 decolagens di\u00e1rias. Clique aqui","robots":{"index":"index","follow":"follow","max-snippet":"max-snippet:-1","max-image-preview":"max-image-preview:large","max-video-preview":"max-video-preview:-1"},"canonical":"https:\/\/www.suno.com.br\/noticias\/azul-azul4-anuncia-aumento-de-voos-e-destinos-em-junho\/","og_locale":"pt_BR","og_type":"article","og_title":"Azul (AZUL4) anuncia aumento de voos e destinos em junho","og_description":"A Azul (AZUL4) anunciou nesta quarta-feira (20) que aumentar\u00e1 o n\u00famero de voos em junho para 168 decolagens di\u00e1rias. Clique aqui","og_url":"https:\/\/www.suno.com.br\/noticias\/azul-azul4-anuncia-aumento-de-voos-e-destinos-em-junho\/","og_site_name":"Suno Not\u00edcias","article_publisher":"https:\/\/facebook.com\/sunoresearch","og_image":[{"width":984,"height":654,"url":"https:\/\/files.sunoresearch.com.br\/n\/uploads\/2019\/08\/7693077b-azul.jpg","type":"image\/jpeg"}],"author":"Poliana Santos","twitter_card":"summary_large_image","twitter_creator":"@sunoresearch","twitter_site":"@sunoresearch","twitter_misc":{"Escrito por":"Poliana Santos","Est. tempo de leitura":"2 minutos"},"schema":{"@context":"https:\/\/schema.org","@graph":[{"@type":"NewsArticle","@id":"https:\/\/www.suno.com.br\/noticias\/azul-azul4-anuncia-aumento-de-voos-e-destinos-em-junho\/#article","isPartOf":{"@id":"https:\/\/www.suno.com.br\/noticias\/azul-azul4-anuncia-aumento-de-voos-e-destinos-em-junho\/"},"author":{"name":"Poliana Santos","@id":"https:\/\/www.suno.com.br\/noticias\/#\/schema\/person\/02ec1f752758247878a2bf4abee1aeda"},"headline":"Azul (AZUL4) anuncia aumento de voos e destinos em junho","datePublished":"2020-05-20T12:55:48+00:00","dateModified":"2020-05-20T22:19:18+00:00","mainEntityOfPage":{"@id":"https:\/\/www.suno.com.br\/noticias\/azul-azul4-anuncia-aumento-de-voos-e-destinos-em-junho\/"},"wordCount":390,"publisher":{"@id":"https:\/\/www.suno.com.br\/noticias\/#organization"},"image":{"@id":"https:\/\/www.suno.com.br\/noticias\/azul-azul4-anuncia-aumento-de-voos-e-destinos-em-junho\/#primaryimage"},"thumbnailUrl":"https:\/\/files.sunoresearch.com.br\/n\/uploads\/2019\/08\/7693077b-azul-jpg.webp","keywords":["Azul (AZUL4)"],"articleSection":["Neg\u00f3cios"],"inLanguage":"pt-BR"},{"@type":"WebPage","@id":"https:\/\/www.suno.com.br\/noticias\/azul-azul4-anuncia-aumento-de-voos-e-destinos-em-junho\/","url":"https:\/\/www.suno.com.br\/noticias\/azul-azul4-anuncia-aumento-de-voos-e-destinos-em-junho\/","name":"Azul (AZUL4) anuncia aumento de voos e destinos em junho","isPartOf":{"@id":"https:\/\/www.suno.com.br\/noticias\/#website"},"primaryImageOfPage":{"@id":"https:\/\/www.suno.com.br\/noticias\/azul-azul4-anuncia-aumento-de-voos-e-destinos-em-junho\/#primaryimage"},"image":{"@id":"https:\/\/www.suno.com.br\/noticias\/azul-azul4-anuncia-aumento-de-voos-e-destinos-em-junho\/#primaryimage"},"thumbnailUrl":"https:\/\/files.sunoresearch.com.br\/n\/uploads\/2019\/08\/7693077b-azul-jpg.webp","datePublished":"2020-05-20T12:55:48+00:00","dateModified":"2020-05-20T22:19:18+00:00","description":"A Azul (AZUL4) anunciou nesta quarta-feira (20) que aumentar\u00e1 o n\u00famero de voos em junho para 168 decolagens di\u00e1rias. Clique aqui","breadcrumb":{"@id":"https:\/\/www.suno.com.br\/noticias\/azul-azul4-anuncia-aumento-de-voos-e-destinos-em-junho\/#breadcrumb"},"inLanguage":"pt-BR","potentialAction":[{"@type":"ReadAction","target":["https:\/\/www.suno.com.br\/noticias\/azul-azul4-anuncia-aumento-de-voos-e-destinos-em-junho\/"]}]},{"@type":"ImageObject","inLanguage":"pt-BR","@id":"https:\/\/www.suno.com.br\/noticias\/azul-azul4-anuncia-aumento-de-voos-e-destinos-em-junho\/#primaryimage","url":"https:\/\/files.sunoresearch.com.br\/n\/uploads\/2019\/08\/7693077b-azul-jpg.webp","contentUrl":"https:\/\/files.sunoresearch.com.br\/n\/uploads\/2019\/08\/7693077b-azul-jpg.webp","width":984,"height":654,"caption":"Destaques de empresas"},{"@type":"BreadcrumbList","@id":"https:\/\/www.suno.com.br\/noticias\/azul-azul4-anuncia-aumento-de-voos-e-destinos-em-junho\/#breadcrumb","itemListElement":[{"@type":"ListItem","position":1,"name":"Not\u00edcias","item":"https:\/\/www.suno.com.br\/noticias\/"},{"@type":"ListItem","position":2,"name":"Neg\u00f3cios","item":"https:\/\/www.suno.com.br\/noticias\/negocios\/"},{"@type":"ListItem","position":3,"name":"Azul (AZUL4) anuncia aumento de voos e destinos em junho"}]},{"@type":"WebSite","@id":"https:\/\/www.suno.com.br\/noticias\/#website","url":"https:\/\/www.suno.com.br\/noticias\/","name":"Suno Not\u00edcias","description":"Seu portal de informa\u00e7\u00e3o sobre o mundo dos investimentos","publisher":{"@id":"https:\/\/www.suno.com.br\/noticias\/#organization"},"potentialAction":[{"@type":"SearchAction","target":{"@type":"EntryPoint","urlTemplate":"https:\/\/www.suno.com.br\/noticias\/?s={search_term_string}"},"query-input":{"@type":"PropertyValueSpecification","valueRequired":true,"valueName":"search_term_string"}}],"inLanguage":"pt-BR"},{"@type":"Organization","@id":"https:\/\/www.suno.com.br\/noticias\/#organization","name":"Suno Not\u00edcias","url":"https:\/\/www.suno.com.br\/noticias\/","logo":{"@type":"ImageObject","inLanguage":"pt-BR","@id":"https:\/\/www.suno.com.br\/noticias\/#\/schema\/logo\/image\/","url":"https:\/\/files.sunoresearch.com.br\/n\/uploads\/2021\/09\/suno-logo.png","contentUrl":"https:\/\/files.sunoresearch.com.br\/n\/uploads\/2021\/09\/suno-logo.png","width":180,"height":180,"caption":"Suno Not\u00edcias"},"image":{"@id":"https:\/\/www.suno.com.br\/noticias\/#\/schema\/logo\/image\/"},"sameAs":["https:\/\/facebook.com\/sunoresearch","https:\/\/x.com\/sunoresearch","https:\/\/www.instagram.com\/suno","https:\/\/www.linkedin.com\/company\/suno-research\/","https:\/\/www.youtube.com\/c\/sunoresearch"]},{"@type":"Person","@id":"https:\/\/www.suno.com.br\/noticias\/#\/schema\/person\/02ec1f752758247878a2bf4abee1aeda","name":"Poliana Santos","image":{"@type":"ImageObject","inLanguage":"pt-BR","@id":"https:\/\/www.suno.com.br\/noticias\/#\/schema\/person\/image\/","url":"https:\/\/secure.gravatar.com\/avatar\/0645bd32f23d87b2130f2b2dff1d3f8d?s=96&r=g","contentUrl":"https:\/\/secure.gravatar.com\/avatar\/0645bd32f23d87b2130f2b2dff1d3f8d?s=96&r=g","caption":"Poliana Santos"},"description":"Rep\u00f3rter no Suno Not\u00edcias, com cobertura em mercado financeiro, economia, finan\u00e7as pessoais, renda fixa e varejo. Jornalista formada pela Faculdade C\u00e1sper L\u00edbero e possui passagem na R\u00e1dio Gazeta AM com a produ\u00e7\u00e3o de conte\u00fado sobre economia, pol\u00edtica, sa\u00fade, moda e m\u00fasica. Possui certificado de conclus\u00e3o do curso de An\u00e1lise de Balan\u00e7os pela Funda\u00e7\u00e3o Bradesco, Agenda Brasil pela FAAP, Educa\u00e7\u00e3o Pol\u00edtica por Alexandre Garcia e do Tesouro Direto e Mercado de A\u00e7\u00f5es pela B3.","url":"https:\/\/www.suno.com.br\/noticias\/author\/poliana-santos\/"}]}},"default_loop_html":"<div class=\"cardsPage__listCard__boxs\"><div class=\"cardsPage__listCard__boxs__img\"><a href=\"https:\/\/www.suno.com.br\/noticias\/azul-azul4-anuncia-aumento-de-voos-e-destinos-em-junho\/\"><img class=\"mask\" src=\"https:\/\/www.suno.com.br\/noticias\/wp-content\/themes\/suno\/resources\/images\/spotlight\/spotlight1img\/bg-mask.png\" alt=\"Image Mask\"\/><img src=\"https:\/\/files.sunoresearch.com.br\/n\/uploads\/2019\/08\/7693077b-azul-400x200.webp\" alt=\"Azul (AZUL4) anuncia aumento de voos e destinos em junho\"\/><\/a><span class=\"spotlightCategory\"><a href=\"https:\/\/www.suno.com.br\/noticias\/negocios\/\">Neg\u00f3cios<\/a><\/span><\/div><div class=\"cardsPage__listCard__boxs__content\"><a href=\"https:\/\/www.suno.com.br\/noticias\/azul-azul4-anuncia-aumento-de-voos-e-destinos-em-junho\/\"><h2 class=\"content__title\">Azul (AZUL4) anuncia aumento de voos e destinos em junho<\/h2><\/a><div class=\"newsContent__article__meta\"><div class=\"newsContent__article__meta__authorBox\"><a href=\"https:\/\/www.suno.com.br\/noticias\/author\/poliana-santos\/\" class=\"authorBox__avatar noMobi\"><img src=\"https:\/\/files.sunoresearch.com.br\/n\/uploads\/2020\/08\/7ef34026-whatsapp-image-2020-08-03-at-12.37.57-150x150.webp\" alt=\"Poliana Santos\"><\/a><div class=\"authorBox__name\"><span>por\n\t\t\t<a href=\"https:\/\/www.suno.com.br\/noticias\/author\/poliana-santos\/\"><span itemprop=\"author\">Poliana Santos<\/span><\/a><\/span><time datetime=\"2020-05-20T09:55:48-03:00\" itemprop=\"datePublished\">20\/05\/2020 09:55<\/time><\/div><\/div><\/div><\/div><\/div>","single_layout":"posts","amp_enabled":true,"_links":{"self":[{"href":"https:\/\/www.suno.com.br\/noticias\/wp-json\/wp\/v2\/posts\/65485"}],"collection":[{"href":"https:\/\/www.suno.com.br\/noticias\/wp-json\/wp\/v2\/posts"}],"about":[{"href":"https:\/\/www.suno.com.br\/noticias\/wp-json\/wp\/v2\/types\/post"}],"author":[{"embeddable":true,"href":"https:\/\/www.suno.com.br\/noticias\/wp-json\/wp\/v2\/users\/15"}],"replies":[{"embeddable":true,"href":"https:\/\/www.suno.com.br\/noticias\/wp-json\/wp\/v2\/comments?post=65485"}],"version-history":[{"count":0,"href":"https:\/\/www.suno.com.br\/noticias\/wp-json\/wp\/v2\/posts\/65485\/revisions"}],"wp:featuredmedia":[{"embeddable":true,"href":"https:\/\/www.suno.com.br\/noticias\/wp-json\/wp\/v2\/media\/35528"}],"wp:attachment":[{"href":"https:\/\/www.suno.com.br\/noticias\/wp-json\/wp\/v2\/media?parent=65485"}],"wp:term":[{"taxonomy":"category","embeddable":true,"href":"https:\/\/www.suno.com.br\/noticias\/wp-json\/wp\/v2\/categories?post=65485"},{"taxonomy":"post_tag","embeddable":true,"href":"https:\/\/www.suno.com.br\/noticias\/wp-json\/wp\/v2\/tags?post=65485"},{"taxonomy":"suno_strategy","embeddable":true,"href":"https:\/\/www.suno.com.br\/noticias\/wp-json\/wp\/v2\/suno_strategy?post=65485"}],"curies":[{"name":"wp","href":"https:\/\/api.w.org\/{rel}","templated":true}]}}