{"id":65441,"date":"2020-05-19T21:10:44","date_gmt":"2020-05-20T00:10:44","guid":{"rendered":"https:\/\/www.suno.com.br\/noticias\/?p=65441"},"modified":"2020-05-19T21:10:44","modified_gmt":"2020-05-20T00:10:44","slug":"coronavirus-trump-considera-a-possibilidade-de-vetar-voos-com-o-brasil","status":"publish","type":"post","link":"https:\/\/www.suno.com.br\/noticias\/coronavirus-trump-considera-a-possibilidade-de-vetar-voos-com-o-brasil\/","title":{"rendered":"Coronav\u00edrus: Trump considera a possibilidade de vetar voos com o Brasil"},"content":{"rendered":"<p>O presidente dos Estados Unidos, <a href=\"https:\/\/www.suno.com.br\/tudo-sobre\/donald-trump\/\">Donald <strong>Trump<\/strong><\/a>, informou nessa ter\u00e7a-feira (19) durante uma coletiva com rep\u00f3rteres que considera a possibilidade de vetar voos com o Brasil, por causa do cen\u00e1rio da pandemia de coronav\u00edrus (Covid-19) no pa\u00eds sul-americano. O presidente ainda salientou &#8220;n\u00f3s consideramos isso. Esperamos que n\u00e3o tenhamos um problema&#8221;.<\/p>\t<div class=\"wrapper-featured-image\">\n\t\t<figure class=\"spotlightImg\">\n\n\t\t\t<picture>\n\t\t\t\t<source media=\"(max-width: 768px)\" srcset=\"https:\/\/files.sunoresearch.com.br\/n\/uploads\/2019\/08\/2a7fe21e-trump-400x200.webp\">\n\t\t\t\t<img loading=\"lazy\" decoding=\"async\" class=\"newsContent__article__imgCapa lazyloadDisabled newsContent__article__imgCapa--noCaption\" src=\"https:\/\/files.sunoresearch.com.br\/n\/uploads\/2019\/08\/2a7fe21e-trump-800x450.webp\" width=\"800\" height=\"450\" alt=\"Coronav\u00edrus: Trump considera a possibilidade de vetar voos com o Brasil\" fetchpriority=high \/>\n\t\t\t<\/picture>\n\n\t\t\t<figcaption class=\"wp-caption-text wp-caption-text--hide\">Coronav\u00edrus: Trump considera a possibilidade de vetar voos com o Brasil<\/figcaption>\n\t\t<\/figure>\n\t<\/div>\n\n\n\n<p>Segundo Trump, &#8220;o <strong>Brasil<\/strong> est\u00e1 tendo alguns problemas, sem d\u00favida&#8221;, destacou ele se referindo ao novo v\u00edrus, &#8220;n\u00e3o quero pessoas vindo aqui e contaminando nosso povo&#8221;, completou o mandat\u00e1rio.<\/p>\n<p>Al\u00e9m disso, o mandat\u00e1rio declarou que a Fl\u00f3rida tem aumentado a aplica\u00e7\u00e3o de testes da doen\u00e7a. O estado \u00e9 um dos mais visitados pelos brasileiros.<\/p>\n<p><a href=\"https:\/\/lp.suno.com.br\/suno-one\/\">Garanta acesso ao Suno One, a central de informa\u00e7\u00f5es para quem quer aprender a investir. Acesse gratuitamente clicando aqui.<\/a><\/p>\n<p>Entretanto, no dia 28 de abril, o presidente dos EUA\u00a0perguntou ao governador da Fl\u00f3rida, <strong>Ron De Sanctis<\/strong>, se ele pretendia suspender a chegada de voos do Pa\u00eds, com o intuito de mitigar a dissemina\u00e7\u00e3o do <strong>coronav\u00edrus<\/strong> no territ\u00f3rio norte-americano. O governador afirmou que &#8220;n\u00e3o necessariamente&#8221;.<\/p>\n<p>At\u00e9 o momento, o <a href=\"https:\/\/www.suno.com.br\/tudo-sobre\/donald-trump\/\">governo de <strong>Trump<\/strong><\/a> n\u00e3o restringiu a chegada de brasileiros, como fez com residentes da <a href=\"https:\/\/www.suno.com.br\/artigos\/uniao-europeia\/\">Uni\u00e3o Europeia (UE)<\/a> ainda em meados de mar\u00e7o. No entanto, recomenda que viagens n\u00e3o essenciais sejam evitadas, e que os que retornarem do Brasil fiquem em casa por duas semanas.<\/p>\n<p>J\u00e1 em rela\u00e7\u00e3o ao elevado n\u00famero de pessoas infectadas com o novo <strong>coronav\u00edrus<\/strong> nos <strong>EUA<\/strong>, o presidente declarou durante a coletiva, que &#8220;por um lado positivo&#8221;, isso significa que os testes aplicados s\u00e3o &#8220;muito bons&#8221; e que o pa\u00eds est\u00e1 realizando muitos testes.<\/p>\n<p><a class=\"LinkSuggestion__Link-sc-1mdih4x-2 jZPuuT\" href=\"https:\/\/www.suno.com.br\/noticias\/trump-diz-que-governadores-podem-reabrir-a-economia-no-dia-1-de-marco\/\" target=\"_blank\" rel=\"noopener noreferrer\">Veja tamb\u00e9m: Trump diz que governadores podem reabrir a economia no dia 1 de maio<\/a><\/p>\n<p>Contudo, o presidente ainda declarou que o pa\u00eds tem auxiliado o Brasil, enviando respiradores para serem usados no tratamento de pessoas infectadas com o novo v\u00edrus.<\/p>\n<h2>Trump diz que Brasil vive surto de coronav\u00edrus<\/h2>\n<p>No \u00faltimo dia 28 de abril, o presidente dos Estados Unidos afirmou que o Brasil tem um surto da pandemia do novo <strong>coronav\u00edrus<\/strong>. A declara\u00e7\u00e3o foi realizada na Casa Branca.<\/p>\n<p><a class=\"LinkSuggestion__Link-sc-1mdih4x-2 jZPuuT\" href=\"https:\/\/www.suno.com.br\/noticias\/trump-oms-marionete-chinesa\/\" target=\"_blank\" rel=\"noopener noreferrer\">Saiba mais: Trump diz que OMS \u00e9 marionete chinesa e destaca aportes financeiros<\/a><\/p>\n<p>&#8220;O Brasil tem praticamente um surto, como voc\u00eas sabem, eles tamb\u00e9m foram de uma maneira diferente de outros pa\u00edses na Am\u00e9rica do Sul, se voc\u00ea olhar os gr\u00e1ficos voc\u00ea vai ver o que aconteceu infelizmente com o Brasil. Ent\u00e3o estamos olhando muito de perto e em coordena\u00e7\u00e3o com outros governadores&#8221;, afirmou <strong>Trump<\/strong>.<\/p>\n\n","protected":false},"excerpt":{"rendered":"<p>O presidente dos Estados Unidos, Donald Trump, informou nessa ter\u00e7a-feira (19) durante uma coletiva com rep\u00f3rteres que considera a possibilidade de vetar voos com o Brasil, por causa do cen\u00e1rio da pandemia de coronav\u00edrus (Covid-19) no pa\u00eds sul-americano. O presidente ainda salientou &#8220;n\u00f3s consideramos isso. Esperamos que n\u00e3o tenhamos um problema&#8221;. Coronav\u00edrus: Trump considera a [&hellip;]<\/p>\n","protected":false},"author":39,"featured_media":35972,"comment_status":"closed","ping_status":"closed","sticky":false,"template":"","format":"standard","meta":[],"categories":[63],"tags":[2487,5255,724],"suno_strategy":[],"class_list":["post-65441","post","type-post","status-publish","format-standard","has-post-thumbnail","hentry","category-internacional","tag-coronavirus","tag-covid-19","tag-donald-trump"],"yoast_head":"<!-- This site is optimized with the Yoast SEO plugin v24.4 - https:\/\/yoast.com\/wordpress\/plugins\/seo\/ -->\n<title>Coronav\u00edrus: Trump considera a possibilidade de vetar voos com o Brasil<\/title>\n<meta name=\"description\" content=\"Donald Trump considera vetar voos com o Brasil, por causa do cen\u00e1rio da pandemia de coronav\u00edrus no pa\u00eds. Clique aqui para saber mais.\" \/>\n<meta name=\"robots\" content=\"index, follow, max-snippet:-1, max-image-preview:large, max-video-preview:-1\" \/>\n<link rel=\"canonical\" href=\"https:\/\/www.suno.com.br\/noticias\/coronavirus-trump-considera-a-possibilidade-de-vetar-voos-com-o-brasil\/\" \/>\n<meta property=\"og:locale\" content=\"pt_BR\" \/>\n<meta property=\"og:type\" content=\"article\" \/>\n<meta property=\"og:title\" content=\"Coronav\u00edrus: Trump considera a possibilidade de vetar voos com o Brasil\" \/>\n<meta property=\"og:description\" content=\"Donald Trump considera vetar voos com o Brasil, por causa do cen\u00e1rio da pandemia de coronav\u00edrus no pa\u00eds. Clique aqui para saber mais.\" \/>\n<meta property=\"og:url\" content=\"https:\/\/www.suno.com.br\/noticias\/coronavirus-trump-considera-a-possibilidade-de-vetar-voos-com-o-brasil\/\" \/>\n<meta property=\"og:site_name\" content=\"Suno Not\u00edcias\" \/>\n<meta property=\"article:publisher\" content=\"https:\/\/facebook.com\/sunoresearch\" \/>\n<meta property=\"og:image\" content=\"https:\/\/files.sunoresearch.com.br\/n\/uploads\/2019\/08\/2a7fe21e-trump.jpg\" \/>\n\t<meta property=\"og:image:width\" content=\"1140\" \/>\n\t<meta property=\"og:image:height\" content=\"760\" \/>\n\t<meta property=\"og:image:type\" content=\"image\/jpeg\" \/>\n<meta name=\"author\" content=\"Laura Moutinho\" \/>\n<meta name=\"twitter:card\" content=\"summary_large_image\" \/>\n<meta name=\"twitter:creator\" content=\"@sunoresearch\" \/>\n<meta name=\"twitter:site\" content=\"@sunoresearch\" \/>\n<meta name=\"twitter:label1\" content=\"Escrito por\" \/>\n\t<meta name=\"twitter:data1\" content=\"Laura Moutinho\" \/>\n\t<meta name=\"twitter:label2\" content=\"Est. tempo de leitura\" \/>\n\t<meta name=\"twitter:data2\" content=\"2 minutos\" \/>\n<script type=\"application\/ld+json\" class=\"yoast-schema-graph\">{\"@context\":\"https:\/\/schema.org\",\"@graph\":[{\"@type\":\"NewsArticle\",\"@id\":\"https:\/\/www.suno.com.br\/noticias\/coronavirus-trump-considera-a-possibilidade-de-vetar-voos-com-o-brasil\/#article\",\"isPartOf\":{\"@id\":\"https:\/\/www.suno.com.br\/noticias\/coronavirus-trump-considera-a-possibilidade-de-vetar-voos-com-o-brasil\/\"},\"author\":{\"name\":\"Laura Moutinho\",\"@id\":\"https:\/\/www.suno.com.br\/noticias\/#\/schema\/person\/3df0d2808748b74496efe5dbeaef2c72\"},\"headline\":\"Coronav\u00edrus: Trump considera a possibilidade de vetar voos com o Brasil\",\"datePublished\":\"2020-05-20T00:10:44+00:00\",\"mainEntityOfPage\":{\"@id\":\"https:\/\/www.suno.com.br\/noticias\/coronavirus-trump-considera-a-possibilidade-de-vetar-voos-com-o-brasil\/\"},\"wordCount\":464,\"publisher\":{\"@id\":\"https:\/\/www.suno.com.br\/noticias\/#organization\"},\"image\":{\"@id\":\"https:\/\/www.suno.com.br\/noticias\/coronavirus-trump-considera-a-possibilidade-de-vetar-voos-com-o-brasil\/#primaryimage\"},\"thumbnailUrl\":\"https:\/\/files.sunoresearch.com.br\/n\/uploads\/2019\/08\/2a7fe21e-trump-jpg.webp\",\"keywords\":[\"coronav\u00edrus\",\"covid-19\",\"Donald Trump\"],\"articleSection\":[\"Internacional\"],\"inLanguage\":\"pt-BR\"},{\"@type\":\"WebPage\",\"@id\":\"https:\/\/www.suno.com.br\/noticias\/coronavirus-trump-considera-a-possibilidade-de-vetar-voos-com-o-brasil\/\",\"url\":\"https:\/\/www.suno.com.br\/noticias\/coronavirus-trump-considera-a-possibilidade-de-vetar-voos-com-o-brasil\/\",\"name\":\"Coronav\u00edrus: Trump considera a possibilidade de vetar voos com o Brasil\",\"isPartOf\":{\"@id\":\"https:\/\/www.suno.com.br\/noticias\/#website\"},\"primaryImageOfPage\":{\"@id\":\"https:\/\/www.suno.com.br\/noticias\/coronavirus-trump-considera-a-possibilidade-de-vetar-voos-com-o-brasil\/#primaryimage\"},\"image\":{\"@id\":\"https:\/\/www.suno.com.br\/noticias\/coronavirus-trump-considera-a-possibilidade-de-vetar-voos-com-o-brasil\/#primaryimage\"},\"thumbnailUrl\":\"https:\/\/files.sunoresearch.com.br\/n\/uploads\/2019\/08\/2a7fe21e-trump-jpg.webp\",\"datePublished\":\"2020-05-20T00:10:44+00:00\",\"description\":\"Donald Trump considera vetar voos com o Brasil, por causa do cen\u00e1rio da pandemia de coronav\u00edrus no pa\u00eds. Clique aqui para saber mais.\",\"breadcrumb\":{\"@id\":\"https:\/\/www.suno.com.br\/noticias\/coronavirus-trump-considera-a-possibilidade-de-vetar-voos-com-o-brasil\/#breadcrumb\"},\"inLanguage\":\"pt-BR\",\"potentialAction\":[{\"@type\":\"ReadAction\",\"target\":[\"https:\/\/www.suno.com.br\/noticias\/coronavirus-trump-considera-a-possibilidade-de-vetar-voos-com-o-brasil\/\"]}]},{\"@type\":\"ImageObject\",\"inLanguage\":\"pt-BR\",\"@id\":\"https:\/\/www.suno.com.br\/noticias\/coronavirus-trump-considera-a-possibilidade-de-vetar-voos-com-o-brasil\/#primaryimage\",\"url\":\"https:\/\/files.sunoresearch.com.br\/n\/uploads\/2019\/08\/2a7fe21e-trump-jpg.webp\",\"contentUrl\":\"https:\/\/files.sunoresearch.com.br\/n\/uploads\/2019\/08\/2a7fe21e-trump-jpg.webp\",\"width\":1140,\"height\":760,\"caption\":\"Coronav\u00edrus: Trump considera a possibilidade de vetar voos com o Brasil\"},{\"@type\":\"BreadcrumbList\",\"@id\":\"https:\/\/www.suno.com.br\/noticias\/coronavirus-trump-considera-a-possibilidade-de-vetar-voos-com-o-brasil\/#breadcrumb\",\"itemListElement\":[{\"@type\":\"ListItem\",\"position\":1,\"name\":\"Not\u00edcias\",\"item\":\"https:\/\/www.suno.com.br\/noticias\/\"},{\"@type\":\"ListItem\",\"position\":2,\"name\":\"Internacional\",\"item\":\"https:\/\/www.suno.com.br\/noticias\/internacional\/\"},{\"@type\":\"ListItem\",\"position\":3,\"name\":\"Coronav\u00edrus: Trump considera a possibilidade de vetar voos com o Brasil\"}]},{\"@type\":\"WebSite\",\"@id\":\"https:\/\/www.suno.com.br\/noticias\/#website\",\"url\":\"https:\/\/www.suno.com.br\/noticias\/\",\"name\":\"Suno Not\u00edcias\",\"description\":\"Seu portal de informa\u00e7\u00e3o sobre o mundo dos investimentos\",\"publisher\":{\"@id\":\"https:\/\/www.suno.com.br\/noticias\/#organization\"},\"potentialAction\":[{\"@type\":\"SearchAction\",\"target\":{\"@type\":\"EntryPoint\",\"urlTemplate\":\"https:\/\/www.suno.com.br\/noticias\/?s={search_term_string}\"},\"query-input\":{\"@type\":\"PropertyValueSpecification\",\"valueRequired\":true,\"valueName\":\"search_term_string\"}}],\"inLanguage\":\"pt-BR\"},{\"@type\":\"Organization\",\"@id\":\"https:\/\/www.suno.com.br\/noticias\/#organization\",\"name\":\"Suno Not\u00edcias\",\"url\":\"https:\/\/www.suno.com.br\/noticias\/\",\"logo\":{\"@type\":\"ImageObject\",\"inLanguage\":\"pt-BR\",\"@id\":\"https:\/\/www.suno.com.br\/noticias\/#\/schema\/logo\/image\/\",\"url\":\"https:\/\/files.sunoresearch.com.br\/n\/uploads\/2021\/09\/suno-logo.png\",\"contentUrl\":\"https:\/\/files.sunoresearch.com.br\/n\/uploads\/2021\/09\/suno-logo.png\",\"width\":180,\"height\":180,\"caption\":\"Suno Not\u00edcias\"},\"image\":{\"@id\":\"https:\/\/www.suno.com.br\/noticias\/#\/schema\/logo\/image\/\"},\"sameAs\":[\"https:\/\/facebook.com\/sunoresearch\",\"https:\/\/x.com\/sunoresearch\",\"https:\/\/www.instagram.com\/suno\",\"https:\/\/www.linkedin.com\/company\/suno-research\/\",\"https:\/\/www.youtube.com\/c\/sunoresearch\"]},{\"@type\":\"Person\",\"@id\":\"https:\/\/www.suno.com.br\/noticias\/#\/schema\/person\/3df0d2808748b74496efe5dbeaef2c72\",\"name\":\"Laura Moutinho\",\"image\":{\"@type\":\"ImageObject\",\"inLanguage\":\"pt-BR\",\"@id\":\"https:\/\/www.suno.com.br\/noticias\/#\/schema\/person\/image\/\",\"url\":\"https:\/\/secure.gravatar.com\/avatar\/7571c7c8ca3a6fca5e41384ece5557ff?s=96&r=g\",\"contentUrl\":\"https:\/\/secure.gravatar.com\/avatar\/7571c7c8ca3a6fca5e41384ece5557ff?s=96&r=g\",\"caption\":\"Laura Moutinho\"},\"description\":\"Estagi\u00e1ria na Suno Not\u00edcias, escreve not\u00edcias que afetam o mercado financeiro. Estuda administra\u00e7\u00e3o na Universidade Presbiteriana Mackenzie.\",\"url\":\"https:\/\/www.suno.com.br\/noticias\/author\/laura-moutinho\/\"}]}<\/script>\n<!-- \/ Yoast SEO plugin. -->","yoast_head_json":{"title":"Coronav\u00edrus: Trump considera a possibilidade de vetar voos com o Brasil","description":"Donald Trump considera vetar voos com o Brasil, por causa do cen\u00e1rio da pandemia de coronav\u00edrus no pa\u00eds. Clique aqui para saber mais.","robots":{"index":"index","follow":"follow","max-snippet":"max-snippet:-1","max-image-preview":"max-image-preview:large","max-video-preview":"max-video-preview:-1"},"canonical":"https:\/\/www.suno.com.br\/noticias\/coronavirus-trump-considera-a-possibilidade-de-vetar-voos-com-o-brasil\/","og_locale":"pt_BR","og_type":"article","og_title":"Coronav\u00edrus: Trump considera a possibilidade de vetar voos com o Brasil","og_description":"Donald Trump considera vetar voos com o Brasil, por causa do cen\u00e1rio da pandemia de coronav\u00edrus no pa\u00eds. Clique aqui para saber mais.","og_url":"https:\/\/www.suno.com.br\/noticias\/coronavirus-trump-considera-a-possibilidade-de-vetar-voos-com-o-brasil\/","og_site_name":"Suno Not\u00edcias","article_publisher":"https:\/\/facebook.com\/sunoresearch","og_image":[{"width":1140,"height":760,"url":"https:\/\/files.sunoresearch.com.br\/n\/uploads\/2019\/08\/2a7fe21e-trump.jpg","type":"image\/jpeg"}],"author":"Laura Moutinho","twitter_card":"summary_large_image","twitter_creator":"@sunoresearch","twitter_site":"@sunoresearch","twitter_misc":{"Escrito por":"Laura Moutinho","Est. tempo de leitura":"2 minutos"},"schema":{"@context":"https:\/\/schema.org","@graph":[{"@type":"NewsArticle","@id":"https:\/\/www.suno.com.br\/noticias\/coronavirus-trump-considera-a-possibilidade-de-vetar-voos-com-o-brasil\/#article","isPartOf":{"@id":"https:\/\/www.suno.com.br\/noticias\/coronavirus-trump-considera-a-possibilidade-de-vetar-voos-com-o-brasil\/"},"author":{"name":"Laura Moutinho","@id":"https:\/\/www.suno.com.br\/noticias\/#\/schema\/person\/3df0d2808748b74496efe5dbeaef2c72"},"headline":"Coronav\u00edrus: Trump considera a possibilidade de vetar voos com o Brasil","datePublished":"2020-05-20T00:10:44+00:00","mainEntityOfPage":{"@id":"https:\/\/www.suno.com.br\/noticias\/coronavirus-trump-considera-a-possibilidade-de-vetar-voos-com-o-brasil\/"},"wordCount":464,"publisher":{"@id":"https:\/\/www.suno.com.br\/noticias\/#organization"},"image":{"@id":"https:\/\/www.suno.com.br\/noticias\/coronavirus-trump-considera-a-possibilidade-de-vetar-voos-com-o-brasil\/#primaryimage"},"thumbnailUrl":"https:\/\/files.sunoresearch.com.br\/n\/uploads\/2019\/08\/2a7fe21e-trump-jpg.webp","keywords":["coronav\u00edrus","covid-19","Donald Trump"],"articleSection":["Internacional"],"inLanguage":"pt-BR"},{"@type":"WebPage","@id":"https:\/\/www.suno.com.br\/noticias\/coronavirus-trump-considera-a-possibilidade-de-vetar-voos-com-o-brasil\/","url":"https:\/\/www.suno.com.br\/noticias\/coronavirus-trump-considera-a-possibilidade-de-vetar-voos-com-o-brasil\/","name":"Coronav\u00edrus: Trump considera a possibilidade de vetar voos com o Brasil","isPartOf":{"@id":"https:\/\/www.suno.com.br\/noticias\/#website"},"primaryImageOfPage":{"@id":"https:\/\/www.suno.com.br\/noticias\/coronavirus-trump-considera-a-possibilidade-de-vetar-voos-com-o-brasil\/#primaryimage"},"image":{"@id":"https:\/\/www.suno.com.br\/noticias\/coronavirus-trump-considera-a-possibilidade-de-vetar-voos-com-o-brasil\/#primaryimage"},"thumbnailUrl":"https:\/\/files.sunoresearch.com.br\/n\/uploads\/2019\/08\/2a7fe21e-trump-jpg.webp","datePublished":"2020-05-20T00:10:44+00:00","description":"Donald Trump considera vetar voos com o Brasil, por causa do cen\u00e1rio da pandemia de coronav\u00edrus no pa\u00eds. Clique aqui para saber mais.","breadcrumb":{"@id":"https:\/\/www.suno.com.br\/noticias\/coronavirus-trump-considera-a-possibilidade-de-vetar-voos-com-o-brasil\/#breadcrumb"},"inLanguage":"pt-BR","potentialAction":[{"@type":"ReadAction","target":["https:\/\/www.suno.com.br\/noticias\/coronavirus-trump-considera-a-possibilidade-de-vetar-voos-com-o-brasil\/"]}]},{"@type":"ImageObject","inLanguage":"pt-BR","@id":"https:\/\/www.suno.com.br\/noticias\/coronavirus-trump-considera-a-possibilidade-de-vetar-voos-com-o-brasil\/#primaryimage","url":"https:\/\/files.sunoresearch.com.br\/n\/uploads\/2019\/08\/2a7fe21e-trump-jpg.webp","contentUrl":"https:\/\/files.sunoresearch.com.br\/n\/uploads\/2019\/08\/2a7fe21e-trump-jpg.webp","width":1140,"height":760,"caption":"Coronav\u00edrus: Trump considera a possibilidade de vetar voos com o Brasil"},{"@type":"BreadcrumbList","@id":"https:\/\/www.suno.com.br\/noticias\/coronavirus-trump-considera-a-possibilidade-de-vetar-voos-com-o-brasil\/#breadcrumb","itemListElement":[{"@type":"ListItem","position":1,"name":"Not\u00edcias","item":"https:\/\/www.suno.com.br\/noticias\/"},{"@type":"ListItem","position":2,"name":"Internacional","item":"https:\/\/www.suno.com.br\/noticias\/internacional\/"},{"@type":"ListItem","position":3,"name":"Coronav\u00edrus: Trump considera a possibilidade de vetar voos com o Brasil"}]},{"@type":"WebSite","@id":"https:\/\/www.suno.com.br\/noticias\/#website","url":"https:\/\/www.suno.com.br\/noticias\/","name":"Suno Not\u00edcias","description":"Seu portal de informa\u00e7\u00e3o sobre o mundo dos investimentos","publisher":{"@id":"https:\/\/www.suno.com.br\/noticias\/#organization"},"potentialAction":[{"@type":"SearchAction","target":{"@type":"EntryPoint","urlTemplate":"https:\/\/www.suno.com.br\/noticias\/?s={search_term_string}"},"query-input":{"@type":"PropertyValueSpecification","valueRequired":true,"valueName":"search_term_string"}}],"inLanguage":"pt-BR"},{"@type":"Organization","@id":"https:\/\/www.suno.com.br\/noticias\/#organization","name":"Suno Not\u00edcias","url":"https:\/\/www.suno.com.br\/noticias\/","logo":{"@type":"ImageObject","inLanguage":"pt-BR","@id":"https:\/\/www.suno.com.br\/noticias\/#\/schema\/logo\/image\/","url":"https:\/\/files.sunoresearch.com.br\/n\/uploads\/2021\/09\/suno-logo.png","contentUrl":"https:\/\/files.sunoresearch.com.br\/n\/uploads\/2021\/09\/suno-logo.png","width":180,"height":180,"caption":"Suno Not\u00edcias"},"image":{"@id":"https:\/\/www.suno.com.br\/noticias\/#\/schema\/logo\/image\/"},"sameAs":["https:\/\/facebook.com\/sunoresearch","https:\/\/x.com\/sunoresearch","https:\/\/www.instagram.com\/suno","https:\/\/www.linkedin.com\/company\/suno-research\/","https:\/\/www.youtube.com\/c\/sunoresearch"]},{"@type":"Person","@id":"https:\/\/www.suno.com.br\/noticias\/#\/schema\/person\/3df0d2808748b74496efe5dbeaef2c72","name":"Laura Moutinho","image":{"@type":"ImageObject","inLanguage":"pt-BR","@id":"https:\/\/www.suno.com.br\/noticias\/#\/schema\/person\/image\/","url":"https:\/\/secure.gravatar.com\/avatar\/7571c7c8ca3a6fca5e41384ece5557ff?s=96&r=g","contentUrl":"https:\/\/secure.gravatar.com\/avatar\/7571c7c8ca3a6fca5e41384ece5557ff?s=96&r=g","caption":"Laura Moutinho"},"description":"Estagi\u00e1ria na Suno Not\u00edcias, escreve not\u00edcias que afetam o mercado financeiro. Estuda administra\u00e7\u00e3o na Universidade Presbiteriana Mackenzie.","url":"https:\/\/www.suno.com.br\/noticias\/author\/laura-moutinho\/"}]}},"default_loop_html":"<div class=\"cardsPage__listCard__boxs\"><div class=\"cardsPage__listCard__boxs__img\"><a href=\"https:\/\/www.suno.com.br\/noticias\/coronavirus-trump-considera-a-possibilidade-de-vetar-voos-com-o-brasil\/\"><img class=\"mask\" src=\"https:\/\/www.suno.com.br\/noticias\/wp-content\/themes\/suno\/resources\/images\/spotlight\/spotlight1img\/bg-mask.png\" alt=\"Image Mask\"\/><img src=\"https:\/\/files.sunoresearch.com.br\/n\/uploads\/2019\/08\/2a7fe21e-trump-400x200.webp\" alt=\"Coronav\u00edrus: Trump considera a possibilidade de vetar voos com o Brasil\"\/><\/a><span class=\"spotlightCategory\"><a href=\"https:\/\/www.suno.com.br\/noticias\/internacional\/\">Internacional<\/a><\/span><\/div><div class=\"cardsPage__listCard__boxs__content\"><a href=\"https:\/\/www.suno.com.br\/noticias\/coronavirus-trump-considera-a-possibilidade-de-vetar-voos-com-o-brasil\/\"><h2 class=\"content__title\">Coronav\u00edrus: Trump considera a possibilidade de vetar voos com o Brasil<\/h2><\/a><div class=\"newsContent__article__meta\"><div class=\"newsContent__article__meta__authorBox\"><a href=\"https:\/\/www.suno.com.br\/noticias\/author\/laura-moutinho\/\" class=\"authorBox__avatar noMobi\"><img src=\"https:\/\/files.sunoresearch.com.br\/n\/uploads\/2020\/08\/531ff69d-whatsapp-image-2020-08-03-at-14.54.38-150x150.webp\" alt=\"Laura Moutinho\"><\/a><div class=\"authorBox__name\"><span>por\n\t\t\t<a href=\"https:\/\/www.suno.com.br\/noticias\/author\/laura-moutinho\/\"><span itemprop=\"author\">Laura Moutinho<\/span><\/a><\/span><time datetime=\"2020-05-19T21:10:44-03:00\" itemprop=\"datePublished\">19\/05\/2020 21:10<\/time><\/div><\/div><\/div><\/div><\/div>","single_layout":"posts","amp_enabled":true,"_links":{"self":[{"href":"https:\/\/www.suno.com.br\/noticias\/wp-json\/wp\/v2\/posts\/65441"}],"collection":[{"href":"https:\/\/www.suno.com.br\/noticias\/wp-json\/wp\/v2\/posts"}],"about":[{"href":"https:\/\/www.suno.com.br\/noticias\/wp-json\/wp\/v2\/types\/post"}],"author":[{"embeddable":true,"href":"https:\/\/www.suno.com.br\/noticias\/wp-json\/wp\/v2\/users\/39"}],"replies":[{"embeddable":true,"href":"https:\/\/www.suno.com.br\/noticias\/wp-json\/wp\/v2\/comments?post=65441"}],"version-history":[{"count":0,"href":"https:\/\/www.suno.com.br\/noticias\/wp-json\/wp\/v2\/posts\/65441\/revisions"}],"wp:featuredmedia":[{"embeddable":true,"href":"https:\/\/www.suno.com.br\/noticias\/wp-json\/wp\/v2\/media\/35972"}],"wp:attachment":[{"href":"https:\/\/www.suno.com.br\/noticias\/wp-json\/wp\/v2\/media?parent=65441"}],"wp:term":[{"taxonomy":"category","embeddable":true,"href":"https:\/\/www.suno.com.br\/noticias\/wp-json\/wp\/v2\/categories?post=65441"},{"taxonomy":"post_tag","embeddable":true,"href":"https:\/\/www.suno.com.br\/noticias\/wp-json\/wp\/v2\/tags?post=65441"},{"taxonomy":"suno_strategy","embeddable":true,"href":"https:\/\/www.suno.com.br\/noticias\/wp-json\/wp\/v2\/suno_strategy?post=65441"}],"curies":[{"name":"wp","href":"https:\/\/api.w.org\/{rel}","templated":true}]}}