{"id":65288,"date":"2020-05-20T09:00:24","date_gmt":"2020-05-20T12:00:24","guid":{"rendered":"https:\/\/www.suno.com.br\/noticias\/?p=65288"},"modified":"2020-05-20T09:37:17","modified_gmt":"2020-05-20T12:37:17","slug":"educacao-x-coronavirus-anima-anim3-e-ser-seer3-podem-sair-na-frente","status":"publish","type":"post","link":"https:\/\/www.suno.com.br\/noticias\/educacao-x-coronavirus-anima-anim3-e-ser-seer3-podem-sair-na-frente\/","title":{"rendered":"Educa\u00e7\u00e3o x coronav\u00edrus: Anima (ANIM3) e Ser (SEER3) podem sair na frente"},"content":{"rendered":"<p>Uma das mudan\u00e7as mais profundas que a crise do <a href=\"https:\/\/www.suno.com.br\/noticias\/tags\/coronavirus\/\">coronav\u00edrus (covid-19<\/a>) deve trazer \u00e0 sociedade talvez seja a forma como a <strong>educa\u00e7\u00e3o<\/strong> ser\u00e1 regida.<\/p>\t<div class=\"wrapper-featured-image\">\n\t\t<figure class=\"spotlightImg\">\n\n\t\t\t<picture>\n\t\t\t\t<source media=\"(max-width: 768px)\" srcset=\"https:\/\/files.sunoresearch.com.br\/n\/uploads\/2020\/01\/599b96fb-anima-educa\u00e7ao-400x200.webp\">\n\t\t\t\t<img loading=\"lazy\" decoding=\"async\" class=\"newsContent__article__imgCapa lazyloadDisabled newsContent__article__imgCapa--noCaption\" src=\"https:\/\/files.sunoresearch.com.br\/n\/uploads\/2020\/01\/599b96fb-anima-educa\u00e7ao-jpg.webp\" width=\"800\" height=\"450\" alt=\"Educa\u00e7\u00e3o x coronav\u00edrus: Anima (ANIM3) e Ser (SEER3) podem sair na frente\" fetchpriority=high \/>\n\t\t\t<\/picture>\n\n\t\t\t<figcaption class=\"wp-caption-text wp-caption-text--hide\">\u00c2nima (ANIM3) anuncia ao mercado a compra da UNISUL <\/figcaption>\n\t\t<\/figure>\n\t<\/div>\n\n\n\n<p>O novo coronav\u00edrus acelerou, em semanas, mudan\u00e7as que o setor e a sociedade demoravam a aceitar, como a Educa\u00e7\u00e3o a Dist\u00e2ncia (EAD).<\/p>\n<p>Por outro lado, uma crescente press\u00e3o por redu\u00e7\u00e3o das mensalidades se torna desafios aos gestores, principalmente em um momento de inadimpl\u00eancia tamb\u00e9m em alta.<\/p>\n<p>O caso pr\u00e1tico de como o setor deve ser afetado por essa combina\u00e7\u00e3o \u00e9 o da Universidade C\u00e2ndido Mendes (UCAM), que entrou com um pedido de recupera\u00e7\u00e3o judicial na semana passada.<\/p>\n<p>De acordo com a universidade, a empresa atingiu o limite da sua capacidade &#8220;diante da pandemia do coronav\u00edrus e do cen\u00e1rio econ\u00f4mico de recess\u00e3o dos \u00faltimos anos&#8221;.<\/p>\n<p>Para Rodrigo Weinberg, analista da Suno Research, com a UCAM j\u00e1 endividada, o cen\u00e1rio se mostrou mortal \u00e0 empresa.<\/p>\n<p>&#8220;A empresa tinha uma d\u00edvida de R$ 400 milh\u00f5es e a inadimpl\u00eancia chegou a 40%. Isso pressiona o fluxo de caixa de uma forma que fica invi\u00e1vel manter a opera\u00e7\u00e3o&#8221;, disse ele.<\/p>\n<h2>EAD e caixa devem ser diferenciais<\/h2>\n<p>Portanto, em um cen\u00e1rio mais complexo e competitivo, as companhias que n\u00e3o tinham condi\u00e7\u00f5es para oferecer EAD e caixa, para aguentar o tranco da inadimpl\u00eancia, devem largar atr\u00e1s no setor p\u00f3s-covid, segundo analistas ouvidos pelo <strong>SUNO Not\u00edcias<\/strong>.<\/p>\n<p>&#8220;A principal v\u00edtima s\u00e3o as institui\u00e7\u00f5es muito endividadas, que trabalham com pouco caixa, e n\u00e3o tinham um EAD pronto&#8221;, disse Weinberg.<\/p>\n<p>Al\u00e9m disso, o recorte de quem depende mais do ensino infantil deve ser prejudicial \u00e0s empresas em caso de a crise econ\u00f4mica persistir pois se enquadra como um gasto que pode ser cortado.<\/p>\n<p>&#8220;Mensalidade \u00e9 receita fundamental dessas institui\u00e7\u00f5es e isso n\u00e3o deve mudar. O \u00edndice de cancelamento e inadimpl\u00eancia tende a ser maior no ensino infantil, dado que a depender da idade, as crian\u00e7as n\u00e3o s\u00e3o obrigadas a irem \u00e0 escola&#8221;, afirmou Weinberg.<\/p>\n<p>Al\u00e9m do EAD, um caixa refor\u00e7ado se mostra de extrema import\u00e2ncia. Com movimentos espont\u00e2neos por redu\u00e7\u00e3o das mensalidades, o setor ainda enfrenta a possibilidade de os governos e entidades se movimentarem para determinar a obrigatoriedade da redu\u00e7\u00e3o.<\/p>\n<p>Uma proposta do deputado Rodrigo Gambale (PSL-SP), por exemplo, determina redu\u00e7\u00e3o m\u00ednima de 30% no valor das mensalidades durante o per\u00edodo de quarentena. J\u00e1 o Procon-SP determinou as escolas\u00a0de S\u00e3o Paulo ofere\u00e7am descontos nas mensalidades dos estudantes matriculados.<\/p>\n<p>Assim, a principal fonte de receita do setor ainda pode ser afetada por medidas do poder p\u00fablico e, caso queira sobreviver e se destacar no mercado, a companhia precisar\u00e1 ter recursos para investir e ir \u00e0s compras logo.<\/p>\n<h2>Anima e Ser podem se destacar no setor de educa\u00e7\u00e3o<\/h2>\n<p>Nessa corrida em meio ao caos das mudan\u00e7as repentinas, os especialistas ouvidos pelo <strong>SUNO Not\u00edcias<\/strong> afirmam que ao menos duas empresas se destacam: Anima (<a href=\"https:\/\/www.suno.com.br\/acoes\/anim3\/\">ANIM3<\/a>) e Ser Educacional (<a href=\"https:\/\/www.suno.com.br\/acoes\/seer3\/\">SEER3<\/a>).<\/p>\n<p>De acordo com Rafael Almeida, analista da Safari Capital, a Anima conseguiu implementar o EAD de forma r\u00e1pida e isso d\u00e1 vantagem a ela no setor. Al\u00e9m disso, pelo tamanho atual, conseguiria adquirir concorrentes em dificuldade.<\/p>\n<p>&#8220;Ainda est\u00e1 cedo para entender o impacto, mas voc\u00ea j\u00e1 v\u00ea a Anima com um discurso forte por conseguir manter a opera\u00e7\u00e3o de p\u00e9 e a adequa\u00e7\u00e3o de um modelo h\u00edbrido, com EAD e presencial&#8221;, disse.<\/p>\n<p>Segundo Almeida, a Est\u00e1cio (<a href=\"https:\/\/www.suno.com.br\/acoes\/yduq3\/\">YDUQ3<\/a>), por exemplo, j\u00e1 fez grandes aquisi\u00e7\u00f5es e precisa agora consolidar as novas empresas antes de partir para abocanhar mais mercado.<\/p>\n<p><a href=\"https:\/\/www.suno.com.br\/noticias\/cogna-holding-da-kroton-apresenta-queda-lucro-liquido\/\">Veja tamb\u00e9m: Cogna, holding da Kroton, apresenta queda de 94% no lucro l\u00edquido<\/a><\/p>\n<p>&#8220;Acho que uma das coisas que vi era nessa agenda de M&amp;A, a Anima teria um leque maior. A Est\u00e1cio j\u00e1 tem compras grandes para digerir, ent\u00e3o antes tem que fazer isso antes de comprar outras coisas&#8221;, afirmou.<\/p>\n<p>Portanto, as empresas em dificuldade devem acabar sendo compradas por grupos maiores, com recursos em caixa, ent\u00e3o h\u00e1 um cen\u00e1rio mais favor\u00e1vel para M&amp;A.<\/p>\n<p>Al\u00e9m da Anima, a Ser Educacional, portanto, possui caixa para aquisi\u00e7\u00f5es de concorrentes que passarem por dificuldades em meio a crise, de acordo com\u00a0Rodrigo Weinberg, analista da Suno Research.<\/p>\n<p>&#8220;\u00c9 o caso da Ser Educacional, que tem R$ 600 milh\u00f5es captados mais R$ 300 milh\u00f5es de receb\u00edveis, e um passivo de R$ 400 milh\u00f5es&#8221;, disse em rela\u00e7\u00e3o ao setor de <strong>educa\u00e7\u00e3o<\/strong>.<\/p>\n\n","protected":false},"excerpt":{"rendered":"<p>Uma das mudan\u00e7as mais profundas que a crise do coronav\u00edrus (covid-19) deve trazer \u00e0 sociedade talvez seja a forma como a educa\u00e7\u00e3o ser\u00e1 regida. \u00c2nima (ANIM3) anuncia ao mercado a compra da UNISUL O novo coronav\u00edrus acelerou, em semanas, mudan\u00e7as que o setor e a sociedade demoravam a aceitar, como a Educa\u00e7\u00e3o a Dist\u00e2ncia (EAD). [&hellip;]<\/p>\n","protected":false},"author":27,"featured_media":50254,"comment_status":"closed","ping_status":"closed","sticky":false,"template":"","format":"standard","meta":[],"categories":[64],"tags":[361,2487,5255,632],"suno_strategy":[],"class_list":["post-65288","post","type-post","status-publish","format-standard","has-post-thumbnail","hentry","category-negocios","tag-anima-anim3","tag-coronavirus","tag-covid-19","tag-ser-educacional-seer3"],"yoast_head":"<!-- This site is optimized with the Yoast SEO plugin v24.4 - https:\/\/yoast.com\/wordpress\/plugins\/seo\/ -->\n<title>Educa\u00e7\u00e3o: Anima (ANIM3) e Ser (SEER3) podem sair na frente de crise<\/title>\n<meta name=\"description\" content=\"Setor da educa\u00e7\u00e3o deve ser afetado pela crise do coronav\u00edrus, mas alguns players devem sair na frente. Clique aqui para ler mais.\" \/>\n<meta name=\"robots\" content=\"index, follow, max-snippet:-1, max-image-preview:large, max-video-preview:-1\" \/>\n<link rel=\"canonical\" href=\"https:\/\/www.suno.com.br\/noticias\/educacao-x-coronavirus-anima-anim3-e-ser-seer3-podem-sair-na-frente\/\" \/>\n<meta property=\"og:locale\" content=\"pt_BR\" \/>\n<meta property=\"og:type\" content=\"article\" \/>\n<meta property=\"og:title\" content=\"Educa\u00e7\u00e3o: Anima (ANIM3) e Ser (SEER3) podem sair na frente de crise\" \/>\n<meta property=\"og:description\" content=\"Setor da educa\u00e7\u00e3o deve ser afetado pela crise do coronav\u00edrus, mas alguns players devem sair na frente. Clique aqui para ler mais.\" \/>\n<meta property=\"og:url\" content=\"https:\/\/www.suno.com.br\/noticias\/educacao-x-coronavirus-anima-anim3-e-ser-seer3-podem-sair-na-frente\/\" \/>\n<meta property=\"og:site_name\" content=\"Suno Not\u00edcias\" \/>\n<meta property=\"article:publisher\" content=\"https:\/\/facebook.com\/sunoresearch\" \/>\n<meta property=\"og:image\" content=\"https:\/\/files.sunoresearch.com.br\/n\/uploads\/2020\/01\/599b96fb-anima-educa\u00e7ao.jpg\" \/>\n\t<meta property=\"og:image:width\" content=\"529\" \/>\n\t<meta property=\"og:image:height\" content=\"297\" \/>\n\t<meta property=\"og:image:type\" content=\"image\/jpeg\" \/>\n<meta name=\"author\" content=\"Vinicius Pereira\" \/>\n<meta name=\"twitter:card\" content=\"summary_large_image\" \/>\n<meta name=\"twitter:creator\" content=\"@https:\/\/twitter.com\/viniciuspjornal\" \/>\n<meta name=\"twitter:site\" content=\"@sunoresearch\" \/>\n<meta name=\"twitter:label1\" content=\"Escrito por\" \/>\n\t<meta name=\"twitter:data1\" content=\"Vinicius Pereira\" \/>\n\t<meta name=\"twitter:label2\" content=\"Est. tempo de leitura\" \/>\n\t<meta name=\"twitter:data2\" content=\"4 minutos\" \/>\n<script type=\"application\/ld+json\" class=\"yoast-schema-graph\">{\"@context\":\"https:\/\/schema.org\",\"@graph\":[{\"@type\":\"NewsArticle\",\"@id\":\"https:\/\/www.suno.com.br\/noticias\/educacao-x-coronavirus-anima-anim3-e-ser-seer3-podem-sair-na-frente\/#article\",\"isPartOf\":{\"@id\":\"https:\/\/www.suno.com.br\/noticias\/educacao-x-coronavirus-anima-anim3-e-ser-seer3-podem-sair-na-frente\/\"},\"author\":{\"name\":\"Vinicius Pereira\",\"@id\":\"https:\/\/www.suno.com.br\/noticias\/#\/schema\/person\/a20761b96e4df7eb57f1f9e41be1dbf3\"},\"headline\":\"Educa\u00e7\u00e3o x coronav\u00edrus: Anima (ANIM3) e Ser (SEER3) podem sair na frente\",\"datePublished\":\"2020-05-20T12:00:24+00:00\",\"dateModified\":\"2020-05-20T12:37:17+00:00\",\"mainEntityOfPage\":{\"@id\":\"https:\/\/www.suno.com.br\/noticias\/educacao-x-coronavirus-anima-anim3-e-ser-seer3-podem-sair-na-frente\/\"},\"wordCount\":798,\"publisher\":{\"@id\":\"https:\/\/www.suno.com.br\/noticias\/#organization\"},\"image\":{\"@id\":\"https:\/\/www.suno.com.br\/noticias\/educacao-x-coronavirus-anima-anim3-e-ser-seer3-podem-sair-na-frente\/#primaryimage\"},\"thumbnailUrl\":\"https:\/\/files.sunoresearch.com.br\/n\/uploads\/2020\/01\/599b96fb-anima-educa\u00e7ao-jpg.webp\",\"keywords\":[\"Anima (ANIM3)\",\"coronav\u00edrus\",\"covid-19\",\"Ser Educacional (SEER3)\"],\"articleSection\":[\"Neg\u00f3cios\"],\"inLanguage\":\"pt-BR\"},{\"@type\":\"WebPage\",\"@id\":\"https:\/\/www.suno.com.br\/noticias\/educacao-x-coronavirus-anima-anim3-e-ser-seer3-podem-sair-na-frente\/\",\"url\":\"https:\/\/www.suno.com.br\/noticias\/educacao-x-coronavirus-anima-anim3-e-ser-seer3-podem-sair-na-frente\/\",\"name\":\"Educa\u00e7\u00e3o: Anima (ANIM3) e Ser (SEER3) podem sair na frente de crise\",\"isPartOf\":{\"@id\":\"https:\/\/www.suno.com.br\/noticias\/#website\"},\"primaryImageOfPage\":{\"@id\":\"https:\/\/www.suno.com.br\/noticias\/educacao-x-coronavirus-anima-anim3-e-ser-seer3-podem-sair-na-frente\/#primaryimage\"},\"image\":{\"@id\":\"https:\/\/www.suno.com.br\/noticias\/educacao-x-coronavirus-anima-anim3-e-ser-seer3-podem-sair-na-frente\/#primaryimage\"},\"thumbnailUrl\":\"https:\/\/files.sunoresearch.com.br\/n\/uploads\/2020\/01\/599b96fb-anima-educa\u00e7ao-jpg.webp\",\"datePublished\":\"2020-05-20T12:00:24+00:00\",\"dateModified\":\"2020-05-20T12:37:17+00:00\",\"description\":\"Setor da educa\u00e7\u00e3o deve ser afetado pela crise do coronav\u00edrus, mas alguns players devem sair na frente. Clique aqui para ler mais.\",\"breadcrumb\":{\"@id\":\"https:\/\/www.suno.com.br\/noticias\/educacao-x-coronavirus-anima-anim3-e-ser-seer3-podem-sair-na-frente\/#breadcrumb\"},\"inLanguage\":\"pt-BR\",\"potentialAction\":[{\"@type\":\"ReadAction\",\"target\":[\"https:\/\/www.suno.com.br\/noticias\/educacao-x-coronavirus-anima-anim3-e-ser-seer3-podem-sair-na-frente\/\"]}]},{\"@type\":\"ImageObject\",\"inLanguage\":\"pt-BR\",\"@id\":\"https:\/\/www.suno.com.br\/noticias\/educacao-x-coronavirus-anima-anim3-e-ser-seer3-podem-sair-na-frente\/#primaryimage\",\"url\":\"https:\/\/files.sunoresearch.com.br\/n\/uploads\/2020\/01\/599b96fb-anima-educa\u00e7ao-jpg.webp\",\"contentUrl\":\"https:\/\/files.sunoresearch.com.br\/n\/uploads\/2020\/01\/599b96fb-anima-educa\u00e7ao-jpg.webp\",\"width\":529,\"height\":297,\"caption\":\"\u00c2nima (ANIM3) anuncia ao mercado a compra da UNISUL\"},{\"@type\":\"BreadcrumbList\",\"@id\":\"https:\/\/www.suno.com.br\/noticias\/educacao-x-coronavirus-anima-anim3-e-ser-seer3-podem-sair-na-frente\/#breadcrumb\",\"itemListElement\":[{\"@type\":\"ListItem\",\"position\":1,\"name\":\"Not\u00edcias\",\"item\":\"https:\/\/www.suno.com.br\/noticias\/\"},{\"@type\":\"ListItem\",\"position\":2,\"name\":\"Neg\u00f3cios\",\"item\":\"https:\/\/www.suno.com.br\/noticias\/negocios\/\"},{\"@type\":\"ListItem\",\"position\":3,\"name\":\"Educa\u00e7\u00e3o x coronav\u00edrus: Anima (ANIM3) e Ser (SEER3) podem sair na frente\"}]},{\"@type\":\"WebSite\",\"@id\":\"https:\/\/www.suno.com.br\/noticias\/#website\",\"url\":\"https:\/\/www.suno.com.br\/noticias\/\",\"name\":\"Suno Not\u00edcias\",\"description\":\"Seu portal de informa\u00e7\u00e3o sobre o mundo dos investimentos\",\"publisher\":{\"@id\":\"https:\/\/www.suno.com.br\/noticias\/#organization\"},\"potentialAction\":[{\"@type\":\"SearchAction\",\"target\":{\"@type\":\"EntryPoint\",\"urlTemplate\":\"https:\/\/www.suno.com.br\/noticias\/?s={search_term_string}\"},\"query-input\":{\"@type\":\"PropertyValueSpecification\",\"valueRequired\":true,\"valueName\":\"search_term_string\"}}],\"inLanguage\":\"pt-BR\"},{\"@type\":\"Organization\",\"@id\":\"https:\/\/www.suno.com.br\/noticias\/#organization\",\"name\":\"Suno Not\u00edcias\",\"url\":\"https:\/\/www.suno.com.br\/noticias\/\",\"logo\":{\"@type\":\"ImageObject\",\"inLanguage\":\"pt-BR\",\"@id\":\"https:\/\/www.suno.com.br\/noticias\/#\/schema\/logo\/image\/\",\"url\":\"https:\/\/files.sunoresearch.com.br\/n\/uploads\/2021\/09\/suno-logo.png\",\"contentUrl\":\"https:\/\/files.sunoresearch.com.br\/n\/uploads\/2021\/09\/suno-logo.png\",\"width\":180,\"height\":180,\"caption\":\"Suno Not\u00edcias\"},\"image\":{\"@id\":\"https:\/\/www.suno.com.br\/noticias\/#\/schema\/logo\/image\/\"},\"sameAs\":[\"https:\/\/facebook.com\/sunoresearch\",\"https:\/\/x.com\/sunoresearch\",\"https:\/\/www.instagram.com\/suno\",\"https:\/\/www.linkedin.com\/company\/suno-research\/\",\"https:\/\/www.youtube.com\/c\/sunoresearch\"]},{\"@type\":\"Person\",\"@id\":\"https:\/\/www.suno.com.br\/noticias\/#\/schema\/person\/a20761b96e4df7eb57f1f9e41be1dbf3\",\"name\":\"Vinicius Pereira\",\"image\":{\"@type\":\"ImageObject\",\"inLanguage\":\"pt-BR\",\"@id\":\"https:\/\/www.suno.com.br\/noticias\/#\/schema\/person\/image\/\",\"url\":\"https:\/\/secure.gravatar.com\/avatar\/783866b933198f5cc4c5d03fcc8b1301?s=96&r=g\",\"contentUrl\":\"https:\/\/secure.gravatar.com\/avatar\/783866b933198f5cc4c5d03fcc8b1301?s=96&r=g\",\"caption\":\"Vinicius Pereira\"},\"description\":\"Vinicius Pereira foi rep\u00f3rter de economia da Folha de S.Paulo, stringer do jornal no Canad\u00e1 e colaborador de VEJA. J\u00e1 escreveu tamb\u00e9m para BBC Brasil, The Intercept Brasil e UOL. Tem MBA em Informa\u00e7\u00f5es Econ\u00f4mico-Financeiras e Mercado de Capitais pela FIA\/B3.\",\"sameAs\":[\"https:\/\/x.com\/https:\/\/twitter.com\/viniciuspjornal\"],\"url\":\"https:\/\/www.suno.com.br\/noticias\/author\/vinicius-pereira\/\"}]}<\/script>\n<!-- \/ Yoast SEO plugin. -->","yoast_head_json":{"title":"Educa\u00e7\u00e3o: Anima (ANIM3) e Ser (SEER3) podem sair na frente de crise","description":"Setor da educa\u00e7\u00e3o deve ser afetado pela crise do coronav\u00edrus, mas alguns players devem sair na frente. Clique aqui para ler mais.","robots":{"index":"index","follow":"follow","max-snippet":"max-snippet:-1","max-image-preview":"max-image-preview:large","max-video-preview":"max-video-preview:-1"},"canonical":"https:\/\/www.suno.com.br\/noticias\/educacao-x-coronavirus-anima-anim3-e-ser-seer3-podem-sair-na-frente\/","og_locale":"pt_BR","og_type":"article","og_title":"Educa\u00e7\u00e3o: Anima (ANIM3) e Ser (SEER3) podem sair na frente de crise","og_description":"Setor da educa\u00e7\u00e3o deve ser afetado pela crise do coronav\u00edrus, mas alguns players devem sair na frente. Clique aqui para ler mais.","og_url":"https:\/\/www.suno.com.br\/noticias\/educacao-x-coronavirus-anima-anim3-e-ser-seer3-podem-sair-na-frente\/","og_site_name":"Suno Not\u00edcias","article_publisher":"https:\/\/facebook.com\/sunoresearch","og_image":[{"width":529,"height":297,"url":"https:\/\/files.sunoresearch.com.br\/n\/uploads\/2020\/01\/599b96fb-anima-educa\u00e7ao.jpg","type":"image\/jpeg"}],"author":"Vinicius Pereira","twitter_card":"summary_large_image","twitter_creator":"@https:\/\/twitter.com\/viniciuspjornal","twitter_site":"@sunoresearch","twitter_misc":{"Escrito por":"Vinicius Pereira","Est. tempo de leitura":"4 minutos"},"schema":{"@context":"https:\/\/schema.org","@graph":[{"@type":"NewsArticle","@id":"https:\/\/www.suno.com.br\/noticias\/educacao-x-coronavirus-anima-anim3-e-ser-seer3-podem-sair-na-frente\/#article","isPartOf":{"@id":"https:\/\/www.suno.com.br\/noticias\/educacao-x-coronavirus-anima-anim3-e-ser-seer3-podem-sair-na-frente\/"},"author":{"name":"Vinicius Pereira","@id":"https:\/\/www.suno.com.br\/noticias\/#\/schema\/person\/a20761b96e4df7eb57f1f9e41be1dbf3"},"headline":"Educa\u00e7\u00e3o x coronav\u00edrus: Anima (ANIM3) e Ser (SEER3) podem sair na frente","datePublished":"2020-05-20T12:00:24+00:00","dateModified":"2020-05-20T12:37:17+00:00","mainEntityOfPage":{"@id":"https:\/\/www.suno.com.br\/noticias\/educacao-x-coronavirus-anima-anim3-e-ser-seer3-podem-sair-na-frente\/"},"wordCount":798,"publisher":{"@id":"https:\/\/www.suno.com.br\/noticias\/#organization"},"image":{"@id":"https:\/\/www.suno.com.br\/noticias\/educacao-x-coronavirus-anima-anim3-e-ser-seer3-podem-sair-na-frente\/#primaryimage"},"thumbnailUrl":"https:\/\/files.sunoresearch.com.br\/n\/uploads\/2020\/01\/599b96fb-anima-educa\u00e7ao-jpg.webp","keywords":["Anima (ANIM3)","coronav\u00edrus","covid-19","Ser Educacional (SEER3)"],"articleSection":["Neg\u00f3cios"],"inLanguage":"pt-BR"},{"@type":"WebPage","@id":"https:\/\/www.suno.com.br\/noticias\/educacao-x-coronavirus-anima-anim3-e-ser-seer3-podem-sair-na-frente\/","url":"https:\/\/www.suno.com.br\/noticias\/educacao-x-coronavirus-anima-anim3-e-ser-seer3-podem-sair-na-frente\/","name":"Educa\u00e7\u00e3o: Anima (ANIM3) e Ser (SEER3) podem sair na frente de crise","isPartOf":{"@id":"https:\/\/www.suno.com.br\/noticias\/#website"},"primaryImageOfPage":{"@id":"https:\/\/www.suno.com.br\/noticias\/educacao-x-coronavirus-anima-anim3-e-ser-seer3-podem-sair-na-frente\/#primaryimage"},"image":{"@id":"https:\/\/www.suno.com.br\/noticias\/educacao-x-coronavirus-anima-anim3-e-ser-seer3-podem-sair-na-frente\/#primaryimage"},"thumbnailUrl":"https:\/\/files.sunoresearch.com.br\/n\/uploads\/2020\/01\/599b96fb-anima-educa\u00e7ao-jpg.webp","datePublished":"2020-05-20T12:00:24+00:00","dateModified":"2020-05-20T12:37:17+00:00","description":"Setor da educa\u00e7\u00e3o deve ser afetado pela crise do coronav\u00edrus, mas alguns players devem sair na frente. Clique aqui para ler mais.","breadcrumb":{"@id":"https:\/\/www.suno.com.br\/noticias\/educacao-x-coronavirus-anima-anim3-e-ser-seer3-podem-sair-na-frente\/#breadcrumb"},"inLanguage":"pt-BR","potentialAction":[{"@type":"ReadAction","target":["https:\/\/www.suno.com.br\/noticias\/educacao-x-coronavirus-anima-anim3-e-ser-seer3-podem-sair-na-frente\/"]}]},{"@type":"ImageObject","inLanguage":"pt-BR","@id":"https:\/\/www.suno.com.br\/noticias\/educacao-x-coronavirus-anima-anim3-e-ser-seer3-podem-sair-na-frente\/#primaryimage","url":"https:\/\/files.sunoresearch.com.br\/n\/uploads\/2020\/01\/599b96fb-anima-educa\u00e7ao-jpg.webp","contentUrl":"https:\/\/files.sunoresearch.com.br\/n\/uploads\/2020\/01\/599b96fb-anima-educa\u00e7ao-jpg.webp","width":529,"height":297,"caption":"\u00c2nima (ANIM3) anuncia ao mercado a compra da UNISUL"},{"@type":"BreadcrumbList","@id":"https:\/\/www.suno.com.br\/noticias\/educacao-x-coronavirus-anima-anim3-e-ser-seer3-podem-sair-na-frente\/#breadcrumb","itemListElement":[{"@type":"ListItem","position":1,"name":"Not\u00edcias","item":"https:\/\/www.suno.com.br\/noticias\/"},{"@type":"ListItem","position":2,"name":"Neg\u00f3cios","item":"https:\/\/www.suno.com.br\/noticias\/negocios\/"},{"@type":"ListItem","position":3,"name":"Educa\u00e7\u00e3o x coronav\u00edrus: Anima (ANIM3) e Ser (SEER3) podem sair na frente"}]},{"@type":"WebSite","@id":"https:\/\/www.suno.com.br\/noticias\/#website","url":"https:\/\/www.suno.com.br\/noticias\/","name":"Suno Not\u00edcias","description":"Seu portal de informa\u00e7\u00e3o sobre o mundo dos investimentos","publisher":{"@id":"https:\/\/www.suno.com.br\/noticias\/#organization"},"potentialAction":[{"@type":"SearchAction","target":{"@type":"EntryPoint","urlTemplate":"https:\/\/www.suno.com.br\/noticias\/?s={search_term_string}"},"query-input":{"@type":"PropertyValueSpecification","valueRequired":true,"valueName":"search_term_string"}}],"inLanguage":"pt-BR"},{"@type":"Organization","@id":"https:\/\/www.suno.com.br\/noticias\/#organization","name":"Suno Not\u00edcias","url":"https:\/\/www.suno.com.br\/noticias\/","logo":{"@type":"ImageObject","inLanguage":"pt-BR","@id":"https:\/\/www.suno.com.br\/noticias\/#\/schema\/logo\/image\/","url":"https:\/\/files.sunoresearch.com.br\/n\/uploads\/2021\/09\/suno-logo.png","contentUrl":"https:\/\/files.sunoresearch.com.br\/n\/uploads\/2021\/09\/suno-logo.png","width":180,"height":180,"caption":"Suno Not\u00edcias"},"image":{"@id":"https:\/\/www.suno.com.br\/noticias\/#\/schema\/logo\/image\/"},"sameAs":["https:\/\/facebook.com\/sunoresearch","https:\/\/x.com\/sunoresearch","https:\/\/www.instagram.com\/suno","https:\/\/www.linkedin.com\/company\/suno-research\/","https:\/\/www.youtube.com\/c\/sunoresearch"]},{"@type":"Person","@id":"https:\/\/www.suno.com.br\/noticias\/#\/schema\/person\/a20761b96e4df7eb57f1f9e41be1dbf3","name":"Vinicius Pereira","image":{"@type":"ImageObject","inLanguage":"pt-BR","@id":"https:\/\/www.suno.com.br\/noticias\/#\/schema\/person\/image\/","url":"https:\/\/secure.gravatar.com\/avatar\/783866b933198f5cc4c5d03fcc8b1301?s=96&r=g","contentUrl":"https:\/\/secure.gravatar.com\/avatar\/783866b933198f5cc4c5d03fcc8b1301?s=96&r=g","caption":"Vinicius Pereira"},"description":"Vinicius Pereira foi rep\u00f3rter de economia da Folha de S.Paulo, stringer do jornal no Canad\u00e1 e colaborador de VEJA. J\u00e1 escreveu tamb\u00e9m para BBC Brasil, The Intercept Brasil e UOL. Tem MBA em Informa\u00e7\u00f5es Econ\u00f4mico-Financeiras e Mercado de Capitais pela FIA\/B3.","sameAs":["https:\/\/x.com\/https:\/\/twitter.com\/viniciuspjornal"],"url":"https:\/\/www.suno.com.br\/noticias\/author\/vinicius-pereira\/"}]}},"default_loop_html":"<div class=\"cardsPage__listCard__boxs\"><div class=\"cardsPage__listCard__boxs__img\"><a href=\"https:\/\/www.suno.com.br\/noticias\/educacao-x-coronavirus-anima-anim3-e-ser-seer3-podem-sair-na-frente\/\"><img class=\"mask\" src=\"https:\/\/www.suno.com.br\/noticias\/wp-content\/themes\/suno\/resources\/images\/spotlight\/spotlight1img\/bg-mask.png\" alt=\"Image Mask\"\/><img src=\"https:\/\/files.sunoresearch.com.br\/n\/uploads\/2020\/01\/599b96fb-anima-educa\u00e7ao-400x200.webp\" alt=\"Educa\u00e7\u00e3o x coronav\u00edrus: Anima (ANIM3) e Ser (SEER3) podem sair na frente\"\/><\/a><span class=\"spotlightCategory\"><a href=\"https:\/\/www.suno.com.br\/noticias\/negocios\/\">Neg\u00f3cios<\/a><\/span><\/div><div class=\"cardsPage__listCard__boxs__content\"><a href=\"https:\/\/www.suno.com.br\/noticias\/educacao-x-coronavirus-anima-anim3-e-ser-seer3-podem-sair-na-frente\/\"><h2 class=\"content__title\">Educa\u00e7\u00e3o x coronav\u00edrus: Anima (ANIM3) e Ser (SEER3) podem sair na frente<\/h2><\/a><div class=\"newsContent__article__meta\"><div class=\"newsContent__article__meta__authorBox\"><a href=\"https:\/\/www.suno.com.br\/noticias\/author\/vinicius-pereira\/\" class=\"authorBox__avatar noMobi\"><img src=\"https:\/\/files.sunoresearch.com.br\/n\/uploads\/2020\/08\/77510613-whatsapp-image-2020-08-03-at-13.40.40-150x150.webp\" alt=\"Vinicius Pereira\"><\/a><div class=\"authorBox__name\"><span>por\n\t\t\t<a href=\"https:\/\/www.suno.com.br\/noticias\/author\/vinicius-pereira\/\"><span itemprop=\"author\">Vinicius Pereira<\/span><\/a><\/span><time datetime=\"2020-05-20T09:00:24-03:00\" itemprop=\"datePublished\">20\/05\/2020 09:00<\/time><\/div><\/div><\/div><\/div><\/div>","single_layout":"posts","amp_enabled":true,"_links":{"self":[{"href":"https:\/\/www.suno.com.br\/noticias\/wp-json\/wp\/v2\/posts\/65288"}],"collection":[{"href":"https:\/\/www.suno.com.br\/noticias\/wp-json\/wp\/v2\/posts"}],"about":[{"href":"https:\/\/www.suno.com.br\/noticias\/wp-json\/wp\/v2\/types\/post"}],"author":[{"embeddable":true,"href":"https:\/\/www.suno.com.br\/noticias\/wp-json\/wp\/v2\/users\/27"}],"replies":[{"embeddable":true,"href":"https:\/\/www.suno.com.br\/noticias\/wp-json\/wp\/v2\/comments?post=65288"}],"version-history":[{"count":0,"href":"https:\/\/www.suno.com.br\/noticias\/wp-json\/wp\/v2\/posts\/65288\/revisions"}],"wp:featuredmedia":[{"embeddable":true,"href":"https:\/\/www.suno.com.br\/noticias\/wp-json\/wp\/v2\/media\/50254"}],"wp:attachment":[{"href":"https:\/\/www.suno.com.br\/noticias\/wp-json\/wp\/v2\/media?parent=65288"}],"wp:term":[{"taxonomy":"category","embeddable":true,"href":"https:\/\/www.suno.com.br\/noticias\/wp-json\/wp\/v2\/categories?post=65288"},{"taxonomy":"post_tag","embeddable":true,"href":"https:\/\/www.suno.com.br\/noticias\/wp-json\/wp\/v2\/tags?post=65288"},{"taxonomy":"suno_strategy","embeddable":true,"href":"https:\/\/www.suno.com.br\/noticias\/wp-json\/wp\/v2\/suno_strategy?post=65288"}],"curies":[{"name":"wp","href":"https:\/\/api.w.org\/{rel}","templated":true}]}}