{"id":65184,"date":"2020-05-18T14:29:15","date_gmt":"2020-05-18T17:29:15","guid":{"rendered":"https:\/\/www.suno.com.br\/noticias\/?p=65184"},"modified":"2020-05-18T16:38:58","modified_gmt":"2020-05-18T19:38:58","slug":"uber-demitira-3000-colaboradores-fechara-45-escritorios","status":"publish","type":"post","link":"https:\/\/www.suno.com.br\/noticias\/uber-demitira-3000-colaboradores-fechara-45-escritorios\/","title":{"rendered":"Uber demitir\u00e1 mais 3000 colaboradores e fechar\u00e1 45 escrit\u00f3rios"},"content":{"rendered":"<p>A <strong>Uber<\/strong> Technologies Inc. informou nesta segunda-feira (18) que ir\u00e1 demitir mais 3 mil colaboradores e fechar\u00e1 45 escrit\u00f3rios para cortar custos, devido a crise provocada pela pandemia de coronav\u00edrus. Vale destacar que os motoristas, por n\u00e3o serem classificados como funcion\u00e1rios, n\u00e3o est\u00e3o inclu\u00eddos nas demiss\u00f5es. A informa\u00e7\u00e3o foi divulgada pelo jornal &#8220;The Wall Street Journal&#8221;.<\/p>\t<div class=\"wrapper-featured-image\">\n\t\t<figure class=\"spotlightImg\">\n\n\t\t\t<picture>\n\t\t\t\t<source media=\"(max-width: 768px)\" srcset=\"https:\/\/files.sunoresearch.com.br\/n\/uploads\/2019\/05\/b3d43ff2-uber-400x200.webp\">\n\t\t\t\t<img loading=\"lazy\" decoding=\"async\" class=\"newsContent__article__imgCapa lazyloadDisabled newsContent__article__imgCapa--noCaption\" src=\"https:\/\/files.sunoresearch.com.br\/n\/uploads\/2019\/05\/b3d43ff2-uber-800x450.webp\" width=\"800\" height=\"450\" alt=\"Uber demitir\u00e1 mais 3000 colaboradores e fechar\u00e1 45 escrit\u00f3rios\" fetchpriority=high \/>\n\t\t\t<\/picture>\n\n\t\t\t<figcaption class=\"wp-caption-text wp-caption-text--hide\">Uber <\/figcaption>\n\t\t<\/figure>\n\t<\/div>\n\n\n\n<p>Os funcion\u00e1rios da Uber que trabalham nos Estados Unidos ser\u00e3o os mais afetados pelos cortes nos empregos, de acordo com fontes pr\u00f3ximas ao assunto. A empresa anunciou, por exemplo, que fechar\u00e1 um de seus escrit\u00f3rios, no centro de S\u00e3o Francisco, que emprega 500 funcion\u00e1rios.<\/p>\n<p><a href=\"https:\/\/www.suno.com.br\/noticias\/uber-por-que-empresa-nao-gera-lucro\/\">Saiba mais: Uber: Por que o modelo de neg\u00f3cios da empresa n\u00e3o gera lucro?<\/a><\/p>\n<p>As medidas de isolamento, por conta do coronav\u00edrus, impostas em diversos pa\u00edses em que a Uber atua, afetaram fortemente as opera\u00e7\u00f5es dos servi\u00e7os de &#8220;carona&#8221; da companhia. O principal neg\u00f3cio da empresa registrou uma queda de 80% em compara\u00e7\u00e3o ao mesmo mesmo per\u00edodo do ano anterior.<\/p>\n<p><a href=\"https:\/\/lp.suno.com.br\/suno-one\/\">Suno One: O primeiro passo para alcan\u00e7ar a sua independ\u00eancia financeira<\/a><\/p>\n<p>Por outro lado, o servi\u00e7o de entrega de alimentos da companhia, denominado <strong>Uber Eats<\/strong>, tem se destacado durante essa pandemia. Entretanto, n\u00e3o \u00e9 o suficiente para cobrir os preju\u00edzos das outras frentes. &#8220;O neg\u00f3cio hoje n\u00e3o chega perto de cobrir nossas despesas&#8221;, disse Dara.<\/p>\n<p>&#8220;Estamos vendo alguns sinais de recupera\u00e7\u00e3o, mas ela sai de um buraco profundo, com visibilidade limitada de velocidade e forma&#8221;, afirmou Dara Khosrowshahi em nota aos funcion\u00e1rios.<\/p>\n<h2>Corte de 3700 empregos realizado pela Uber na \u00faltima semana<\/h2>\n<p>Na \u00faltima semana, a <b>Uber <\/b>havia anunciado o corte de empregos de aproximadamente 3700 colaboradores para diminuir seus custos, devido a crise decorrente da pandemia de <a href=\"https:\/\/www.suno.com.br\/noticias\/tags\/covid-19\/\">coronav\u00edrus (Covid-19)<\/a> que atingiu diretamente os neg\u00f3cios da companhia. Os cortes noticiados hoje s\u00e3o adicionais aos desse an\u00fancio, segundo o WSJ.<\/p>\n<p>A companhia, sediada em San Francisco, na Calif\u00f3rnia, ter\u00e1 que pagar cerca de US$ 20 milh\u00f5es em indeniza\u00e7\u00f5es com os cortes realizados,. A informa\u00e7\u00e3o foi divulgada em um relat\u00f3rio enviado a <a href=\"https:\/\/www.suno.com.br\/artigos\/sec\/\">Securities and Exchange Commission (SEC)<\/a> pela <strong>Uber<\/strong>.<\/p>\n\n","protected":false},"excerpt":{"rendered":"<p>A Uber Technologies Inc. informou nesta segunda-feira (18) que ir\u00e1 demitir mais 3 mil colaboradores e fechar\u00e1 45 escrit\u00f3rios para cortar custos, devido a crise provocada pela pandemia de coronav\u00edrus. Vale destacar que os motoristas, por n\u00e3o serem classificados como funcion\u00e1rios, n\u00e3o est\u00e3o inclu\u00eddos nas demiss\u00f5es. A informa\u00e7\u00e3o foi divulgada pelo jornal &#8220;The Wall Street [&hellip;]<\/p>\n","protected":false},"author":19,"featured_media":24308,"comment_status":"closed","ping_status":"closed","sticky":false,"template":"","format":"standard","meta":[],"categories":[64],"tags":[954],"suno_strategy":[],"class_list":["post-65184","post","type-post","status-publish","format-standard","has-post-thumbnail","hentry","category-negocios","tag-uber-u1be34"],"yoast_head":"<!-- This site is optimized with the Yoast SEO plugin v24.4 - https:\/\/yoast.com\/wordpress\/plugins\/seo\/ -->\n<title>Uber demitir\u00e1 mais 3000 colaboradores e fechar\u00e1 45 escrit\u00f3rios<\/title>\n<meta name=\"description\" content=\"A Uber informou que demitir\u00e1 mais 3 mil colaboradores para cortar custos, devido a crise provocada pela pandemia de coronav\u00edrus. Saiba mais.\" \/>\n<meta name=\"robots\" content=\"index, follow, max-snippet:-1, max-image-preview:large, max-video-preview:-1\" \/>\n<link rel=\"canonical\" href=\"https:\/\/www.suno.com.br\/noticias\/uber-demitira-3000-colaboradores-fechara-45-escritorios\/\" \/>\n<meta property=\"og:locale\" content=\"pt_BR\" \/>\n<meta property=\"og:type\" content=\"article\" \/>\n<meta property=\"og:title\" content=\"Uber demitir\u00e1 mais 3000 colaboradores e fechar\u00e1 45 escrit\u00f3rios\" \/>\n<meta property=\"og:description\" content=\"A Uber informou que demitir\u00e1 mais 3 mil colaboradores para cortar custos, devido a crise provocada pela pandemia de coronav\u00edrus. Saiba mais.\" \/>\n<meta property=\"og:url\" content=\"https:\/\/www.suno.com.br\/noticias\/uber-demitira-3000-colaboradores-fechara-45-escritorios\/\" \/>\n<meta property=\"og:site_name\" content=\"Suno Not\u00edcias\" \/>\n<meta property=\"article:publisher\" content=\"https:\/\/facebook.com\/sunoresearch\" \/>\n<meta property=\"og:image\" content=\"https:\/\/files.sunoresearch.com.br\/n\/uploads\/2019\/05\/b3d43ff2-uber.png\" \/>\n\t<meta property=\"og:image:width\" content=\"1291\" \/>\n\t<meta property=\"og:image:height\" content=\"685\" \/>\n\t<meta property=\"og:image:type\" content=\"image\/png\" \/>\n<meta name=\"author\" content=\"Juliano Passaro\" \/>\n<meta name=\"twitter:card\" content=\"summary_large_image\" \/>\n<meta name=\"twitter:creator\" content=\"@sunoresearch\" \/>\n<meta name=\"twitter:site\" content=\"@sunoresearch\" \/>\n<meta name=\"twitter:label1\" content=\"Escrito por\" \/>\n\t<meta name=\"twitter:data1\" content=\"Juliano Passaro\" \/>\n\t<meta name=\"twitter:label2\" content=\"Est. tempo de leitura\" \/>\n\t<meta name=\"twitter:data2\" content=\"2 minutos\" \/>\n<script type=\"application\/ld+json\" class=\"yoast-schema-graph\">{\"@context\":\"https:\/\/schema.org\",\"@graph\":[{\"@type\":\"NewsArticle\",\"@id\":\"https:\/\/www.suno.com.br\/noticias\/uber-demitira-3000-colaboradores-fechara-45-escritorios\/#article\",\"isPartOf\":{\"@id\":\"https:\/\/www.suno.com.br\/noticias\/uber-demitira-3000-colaboradores-fechara-45-escritorios\/\"},\"author\":{\"name\":\"Juliano Passaro\",\"@id\":\"https:\/\/www.suno.com.br\/noticias\/#\/schema\/person\/1db762f78ffd8919a648a63e425953e3\"},\"headline\":\"Uber demitir\u00e1 mais 3000 colaboradores e fechar\u00e1 45 escrit\u00f3rios\",\"datePublished\":\"2020-05-18T17:29:15+00:00\",\"dateModified\":\"2020-05-18T19:38:58+00:00\",\"mainEntityOfPage\":{\"@id\":\"https:\/\/www.suno.com.br\/noticias\/uber-demitira-3000-colaboradores-fechara-45-escritorios\/\"},\"wordCount\":386,\"publisher\":{\"@id\":\"https:\/\/www.suno.com.br\/noticias\/#organization\"},\"image\":{\"@id\":\"https:\/\/www.suno.com.br\/noticias\/uber-demitira-3000-colaboradores-fechara-45-escritorios\/#primaryimage\"},\"thumbnailUrl\":\"https:\/\/files.sunoresearch.com.br\/n\/uploads\/2019\/05\/b3d43ff2-uber-png.webp\",\"keywords\":[\"Uber (U1BE34)\"],\"articleSection\":[\"Neg\u00f3cios\"],\"inLanguage\":\"pt-BR\"},{\"@type\":\"WebPage\",\"@id\":\"https:\/\/www.suno.com.br\/noticias\/uber-demitira-3000-colaboradores-fechara-45-escritorios\/\",\"url\":\"https:\/\/www.suno.com.br\/noticias\/uber-demitira-3000-colaboradores-fechara-45-escritorios\/\",\"name\":\"Uber demitir\u00e1 mais 3000 colaboradores e fechar\u00e1 45 escrit\u00f3rios\",\"isPartOf\":{\"@id\":\"https:\/\/www.suno.com.br\/noticias\/#website\"},\"primaryImageOfPage\":{\"@id\":\"https:\/\/www.suno.com.br\/noticias\/uber-demitira-3000-colaboradores-fechara-45-escritorios\/#primaryimage\"},\"image\":{\"@id\":\"https:\/\/www.suno.com.br\/noticias\/uber-demitira-3000-colaboradores-fechara-45-escritorios\/#primaryimage\"},\"thumbnailUrl\":\"https:\/\/files.sunoresearch.com.br\/n\/uploads\/2019\/05\/b3d43ff2-uber-png.webp\",\"datePublished\":\"2020-05-18T17:29:15+00:00\",\"dateModified\":\"2020-05-18T19:38:58+00:00\",\"description\":\"A Uber informou que demitir\u00e1 mais 3 mil colaboradores para cortar custos, devido a crise provocada pela pandemia de coronav\u00edrus. Saiba mais.\",\"breadcrumb\":{\"@id\":\"https:\/\/www.suno.com.br\/noticias\/uber-demitira-3000-colaboradores-fechara-45-escritorios\/#breadcrumb\"},\"inLanguage\":\"pt-BR\",\"potentialAction\":[{\"@type\":\"ReadAction\",\"target\":[\"https:\/\/www.suno.com.br\/noticias\/uber-demitira-3000-colaboradores-fechara-45-escritorios\/\"]}]},{\"@type\":\"ImageObject\",\"inLanguage\":\"pt-BR\",\"@id\":\"https:\/\/www.suno.com.br\/noticias\/uber-demitira-3000-colaboradores-fechara-45-escritorios\/#primaryimage\",\"url\":\"https:\/\/files.sunoresearch.com.br\/n\/uploads\/2019\/05\/b3d43ff2-uber-png.webp\",\"contentUrl\":\"https:\/\/files.sunoresearch.com.br\/n\/uploads\/2019\/05\/b3d43ff2-uber-png.webp\",\"width\":1291,\"height\":685,\"caption\":\"Uber\"},{\"@type\":\"BreadcrumbList\",\"@id\":\"https:\/\/www.suno.com.br\/noticias\/uber-demitira-3000-colaboradores-fechara-45-escritorios\/#breadcrumb\",\"itemListElement\":[{\"@type\":\"ListItem\",\"position\":1,\"name\":\"Not\u00edcias\",\"item\":\"https:\/\/www.suno.com.br\/noticias\/\"},{\"@type\":\"ListItem\",\"position\":2,\"name\":\"Neg\u00f3cios\",\"item\":\"https:\/\/www.suno.com.br\/noticias\/negocios\/\"},{\"@type\":\"ListItem\",\"position\":3,\"name\":\"Uber demitir\u00e1 mais 3000 colaboradores e fechar\u00e1 45 escrit\u00f3rios\"}]},{\"@type\":\"WebSite\",\"@id\":\"https:\/\/www.suno.com.br\/noticias\/#website\",\"url\":\"https:\/\/www.suno.com.br\/noticias\/\",\"name\":\"Suno Not\u00edcias\",\"description\":\"Seu portal de informa\u00e7\u00e3o sobre o mundo dos investimentos\",\"publisher\":{\"@id\":\"https:\/\/www.suno.com.br\/noticias\/#organization\"},\"potentialAction\":[{\"@type\":\"SearchAction\",\"target\":{\"@type\":\"EntryPoint\",\"urlTemplate\":\"https:\/\/www.suno.com.br\/noticias\/?s={search_term_string}\"},\"query-input\":{\"@type\":\"PropertyValueSpecification\",\"valueRequired\":true,\"valueName\":\"search_term_string\"}}],\"inLanguage\":\"pt-BR\"},{\"@type\":\"Organization\",\"@id\":\"https:\/\/www.suno.com.br\/noticias\/#organization\",\"name\":\"Suno Not\u00edcias\",\"url\":\"https:\/\/www.suno.com.br\/noticias\/\",\"logo\":{\"@type\":\"ImageObject\",\"inLanguage\":\"pt-BR\",\"@id\":\"https:\/\/www.suno.com.br\/noticias\/#\/schema\/logo\/image\/\",\"url\":\"https:\/\/files.sunoresearch.com.br\/n\/uploads\/2021\/09\/suno-logo.png\",\"contentUrl\":\"https:\/\/files.sunoresearch.com.br\/n\/uploads\/2021\/09\/suno-logo.png\",\"width\":180,\"height\":180,\"caption\":\"Suno Not\u00edcias\"},\"image\":{\"@id\":\"https:\/\/www.suno.com.br\/noticias\/#\/schema\/logo\/image\/\"},\"sameAs\":[\"https:\/\/facebook.com\/sunoresearch\",\"https:\/\/x.com\/sunoresearch\",\"https:\/\/www.instagram.com\/suno\",\"https:\/\/www.linkedin.com\/company\/suno-research\/\",\"https:\/\/www.youtube.com\/c\/sunoresearch\"]},{\"@type\":\"Person\",\"@id\":\"https:\/\/www.suno.com.br\/noticias\/#\/schema\/person\/1db762f78ffd8919a648a63e425953e3\",\"name\":\"Juliano Passaro\",\"image\":{\"@type\":\"ImageObject\",\"inLanguage\":\"pt-BR\",\"@id\":\"https:\/\/www.suno.com.br\/noticias\/#\/schema\/person\/image\/\",\"url\":\"https:\/\/secure.gravatar.com\/avatar\/743d4df28eebf6dcc46b4ad03c319e92?s=96&r=g\",\"contentUrl\":\"https:\/\/secure.gravatar.com\/avatar\/743d4df28eebf6dcc46b4ad03c319e92?s=96&r=g\",\"caption\":\"Juliano Passaro\"},\"description\":\"Juliano Passaro escreve sobre pol\u00edtica, economia e neg\u00f3cios para o portal da Suno Research. Antes da Suno, trabalhou no Portal da Band. \u00c9 formado em jornalismo pela Universidade Presbiteriana Mackenzie.\",\"url\":\"https:\/\/www.suno.com.br\/noticias\/author\/juliano\/\"}]}<\/script>\n<!-- \/ Yoast SEO plugin. -->","yoast_head_json":{"title":"Uber demitir\u00e1 mais 3000 colaboradores e fechar\u00e1 45 escrit\u00f3rios","description":"A Uber informou que demitir\u00e1 mais 3 mil colaboradores para cortar custos, devido a crise provocada pela pandemia de coronav\u00edrus. Saiba mais.","robots":{"index":"index","follow":"follow","max-snippet":"max-snippet:-1","max-image-preview":"max-image-preview:large","max-video-preview":"max-video-preview:-1"},"canonical":"https:\/\/www.suno.com.br\/noticias\/uber-demitira-3000-colaboradores-fechara-45-escritorios\/","og_locale":"pt_BR","og_type":"article","og_title":"Uber demitir\u00e1 mais 3000 colaboradores e fechar\u00e1 45 escrit\u00f3rios","og_description":"A Uber informou que demitir\u00e1 mais 3 mil colaboradores para cortar custos, devido a crise provocada pela pandemia de coronav\u00edrus. Saiba mais.","og_url":"https:\/\/www.suno.com.br\/noticias\/uber-demitira-3000-colaboradores-fechara-45-escritorios\/","og_site_name":"Suno Not\u00edcias","article_publisher":"https:\/\/facebook.com\/sunoresearch","og_image":[{"width":1291,"height":685,"url":"https:\/\/files.sunoresearch.com.br\/n\/uploads\/2019\/05\/b3d43ff2-uber.png","type":"image\/png"}],"author":"Juliano Passaro","twitter_card":"summary_large_image","twitter_creator":"@sunoresearch","twitter_site":"@sunoresearch","twitter_misc":{"Escrito por":"Juliano Passaro","Est. tempo de leitura":"2 minutos"},"schema":{"@context":"https:\/\/schema.org","@graph":[{"@type":"NewsArticle","@id":"https:\/\/www.suno.com.br\/noticias\/uber-demitira-3000-colaboradores-fechara-45-escritorios\/#article","isPartOf":{"@id":"https:\/\/www.suno.com.br\/noticias\/uber-demitira-3000-colaboradores-fechara-45-escritorios\/"},"author":{"name":"Juliano Passaro","@id":"https:\/\/www.suno.com.br\/noticias\/#\/schema\/person\/1db762f78ffd8919a648a63e425953e3"},"headline":"Uber demitir\u00e1 mais 3000 colaboradores e fechar\u00e1 45 escrit\u00f3rios","datePublished":"2020-05-18T17:29:15+00:00","dateModified":"2020-05-18T19:38:58+00:00","mainEntityOfPage":{"@id":"https:\/\/www.suno.com.br\/noticias\/uber-demitira-3000-colaboradores-fechara-45-escritorios\/"},"wordCount":386,"publisher":{"@id":"https:\/\/www.suno.com.br\/noticias\/#organization"},"image":{"@id":"https:\/\/www.suno.com.br\/noticias\/uber-demitira-3000-colaboradores-fechara-45-escritorios\/#primaryimage"},"thumbnailUrl":"https:\/\/files.sunoresearch.com.br\/n\/uploads\/2019\/05\/b3d43ff2-uber-png.webp","keywords":["Uber (U1BE34)"],"articleSection":["Neg\u00f3cios"],"inLanguage":"pt-BR"},{"@type":"WebPage","@id":"https:\/\/www.suno.com.br\/noticias\/uber-demitira-3000-colaboradores-fechara-45-escritorios\/","url":"https:\/\/www.suno.com.br\/noticias\/uber-demitira-3000-colaboradores-fechara-45-escritorios\/","name":"Uber demitir\u00e1 mais 3000 colaboradores e fechar\u00e1 45 escrit\u00f3rios","isPartOf":{"@id":"https:\/\/www.suno.com.br\/noticias\/#website"},"primaryImageOfPage":{"@id":"https:\/\/www.suno.com.br\/noticias\/uber-demitira-3000-colaboradores-fechara-45-escritorios\/#primaryimage"},"image":{"@id":"https:\/\/www.suno.com.br\/noticias\/uber-demitira-3000-colaboradores-fechara-45-escritorios\/#primaryimage"},"thumbnailUrl":"https:\/\/files.sunoresearch.com.br\/n\/uploads\/2019\/05\/b3d43ff2-uber-png.webp","datePublished":"2020-05-18T17:29:15+00:00","dateModified":"2020-05-18T19:38:58+00:00","description":"A Uber informou que demitir\u00e1 mais 3 mil colaboradores para cortar custos, devido a crise provocada pela pandemia de coronav\u00edrus. Saiba mais.","breadcrumb":{"@id":"https:\/\/www.suno.com.br\/noticias\/uber-demitira-3000-colaboradores-fechara-45-escritorios\/#breadcrumb"},"inLanguage":"pt-BR","potentialAction":[{"@type":"ReadAction","target":["https:\/\/www.suno.com.br\/noticias\/uber-demitira-3000-colaboradores-fechara-45-escritorios\/"]}]},{"@type":"ImageObject","inLanguage":"pt-BR","@id":"https:\/\/www.suno.com.br\/noticias\/uber-demitira-3000-colaboradores-fechara-45-escritorios\/#primaryimage","url":"https:\/\/files.sunoresearch.com.br\/n\/uploads\/2019\/05\/b3d43ff2-uber-png.webp","contentUrl":"https:\/\/files.sunoresearch.com.br\/n\/uploads\/2019\/05\/b3d43ff2-uber-png.webp","width":1291,"height":685,"caption":"Uber"},{"@type":"BreadcrumbList","@id":"https:\/\/www.suno.com.br\/noticias\/uber-demitira-3000-colaboradores-fechara-45-escritorios\/#breadcrumb","itemListElement":[{"@type":"ListItem","position":1,"name":"Not\u00edcias","item":"https:\/\/www.suno.com.br\/noticias\/"},{"@type":"ListItem","position":2,"name":"Neg\u00f3cios","item":"https:\/\/www.suno.com.br\/noticias\/negocios\/"},{"@type":"ListItem","position":3,"name":"Uber demitir\u00e1 mais 3000 colaboradores e fechar\u00e1 45 escrit\u00f3rios"}]},{"@type":"WebSite","@id":"https:\/\/www.suno.com.br\/noticias\/#website","url":"https:\/\/www.suno.com.br\/noticias\/","name":"Suno Not\u00edcias","description":"Seu portal de informa\u00e7\u00e3o sobre o mundo dos investimentos","publisher":{"@id":"https:\/\/www.suno.com.br\/noticias\/#organization"},"potentialAction":[{"@type":"SearchAction","target":{"@type":"EntryPoint","urlTemplate":"https:\/\/www.suno.com.br\/noticias\/?s={search_term_string}"},"query-input":{"@type":"PropertyValueSpecification","valueRequired":true,"valueName":"search_term_string"}}],"inLanguage":"pt-BR"},{"@type":"Organization","@id":"https:\/\/www.suno.com.br\/noticias\/#organization","name":"Suno Not\u00edcias","url":"https:\/\/www.suno.com.br\/noticias\/","logo":{"@type":"ImageObject","inLanguage":"pt-BR","@id":"https:\/\/www.suno.com.br\/noticias\/#\/schema\/logo\/image\/","url":"https:\/\/files.sunoresearch.com.br\/n\/uploads\/2021\/09\/suno-logo.png","contentUrl":"https:\/\/files.sunoresearch.com.br\/n\/uploads\/2021\/09\/suno-logo.png","width":180,"height":180,"caption":"Suno Not\u00edcias"},"image":{"@id":"https:\/\/www.suno.com.br\/noticias\/#\/schema\/logo\/image\/"},"sameAs":["https:\/\/facebook.com\/sunoresearch","https:\/\/x.com\/sunoresearch","https:\/\/www.instagram.com\/suno","https:\/\/www.linkedin.com\/company\/suno-research\/","https:\/\/www.youtube.com\/c\/sunoresearch"]},{"@type":"Person","@id":"https:\/\/www.suno.com.br\/noticias\/#\/schema\/person\/1db762f78ffd8919a648a63e425953e3","name":"Juliano Passaro","image":{"@type":"ImageObject","inLanguage":"pt-BR","@id":"https:\/\/www.suno.com.br\/noticias\/#\/schema\/person\/image\/","url":"https:\/\/secure.gravatar.com\/avatar\/743d4df28eebf6dcc46b4ad03c319e92?s=96&r=g","contentUrl":"https:\/\/secure.gravatar.com\/avatar\/743d4df28eebf6dcc46b4ad03c319e92?s=96&r=g","caption":"Juliano Passaro"},"description":"Juliano Passaro escreve sobre pol\u00edtica, economia e neg\u00f3cios para o portal da Suno Research. Antes da Suno, trabalhou no Portal da Band. \u00c9 formado em jornalismo pela Universidade Presbiteriana Mackenzie.","url":"https:\/\/www.suno.com.br\/noticias\/author\/juliano\/"}]}},"default_loop_html":"<div class=\"cardsPage__listCard__boxs\"><div class=\"cardsPage__listCard__boxs__img\"><a href=\"https:\/\/www.suno.com.br\/noticias\/uber-demitira-3000-colaboradores-fechara-45-escritorios\/\"><img class=\"mask\" src=\"https:\/\/www.suno.com.br\/noticias\/wp-content\/themes\/suno\/resources\/images\/spotlight\/spotlight1img\/bg-mask.png\" alt=\"Image Mask\"\/><img src=\"https:\/\/files.sunoresearch.com.br\/n\/uploads\/2019\/05\/b3d43ff2-uber-400x200.webp\" alt=\"Uber demitir\u00e1 mais 3000 colaboradores e fechar\u00e1 45 escrit\u00f3rios\"\/><\/a><span class=\"spotlightCategory\"><a href=\"https:\/\/www.suno.com.br\/noticias\/negocios\/\">Neg\u00f3cios<\/a><\/span><\/div><div class=\"cardsPage__listCard__boxs__content\"><a href=\"https:\/\/www.suno.com.br\/noticias\/uber-demitira-3000-colaboradores-fechara-45-escritorios\/\"><h2 class=\"content__title\">Uber demitir\u00e1 mais 3000 colaboradores e fechar\u00e1 45 escrit\u00f3rios<\/h2><\/a><div class=\"newsContent__article__meta\"><div class=\"newsContent__article__meta__authorBox\"><a href=\"https:\/\/www.suno.com.br\/noticias\/author\/juliano\/\" class=\"authorBox__avatar noMobi\"><img src=\"https:\/\/files.sunoresearch.com.br\/n\/uploads\/2019\/06\/7cc3efea-whatsapp-image-2019-07-18-at-21.59.33-e1563499821209-150x150.webp\" alt=\"Juliano Passaro\"><\/a><div class=\"authorBox__name\"><span>por\n\t\t\t<a href=\"https:\/\/www.suno.com.br\/noticias\/author\/juliano\/\"><span itemprop=\"author\">Juliano Passaro<\/span><\/a><\/span><time datetime=\"2020-05-18T14:29:15-03:00\" itemprop=\"datePublished\">18\/05\/2020 14:29<\/time><\/div><\/div><\/div><\/div><\/div>","single_layout":"posts","amp_enabled":true,"_links":{"self":[{"href":"https:\/\/www.suno.com.br\/noticias\/wp-json\/wp\/v2\/posts\/65184"}],"collection":[{"href":"https:\/\/www.suno.com.br\/noticias\/wp-json\/wp\/v2\/posts"}],"about":[{"href":"https:\/\/www.suno.com.br\/noticias\/wp-json\/wp\/v2\/types\/post"}],"author":[{"embeddable":true,"href":"https:\/\/www.suno.com.br\/noticias\/wp-json\/wp\/v2\/users\/19"}],"replies":[{"embeddable":true,"href":"https:\/\/www.suno.com.br\/noticias\/wp-json\/wp\/v2\/comments?post=65184"}],"version-history":[{"count":0,"href":"https:\/\/www.suno.com.br\/noticias\/wp-json\/wp\/v2\/posts\/65184\/revisions"}],"wp:featuredmedia":[{"embeddable":true,"href":"https:\/\/www.suno.com.br\/noticias\/wp-json\/wp\/v2\/media\/24308"}],"wp:attachment":[{"href":"https:\/\/www.suno.com.br\/noticias\/wp-json\/wp\/v2\/media?parent=65184"}],"wp:term":[{"taxonomy":"category","embeddable":true,"href":"https:\/\/www.suno.com.br\/noticias\/wp-json\/wp\/v2\/categories?post=65184"},{"taxonomy":"post_tag","embeddable":true,"href":"https:\/\/www.suno.com.br\/noticias\/wp-json\/wp\/v2\/tags?post=65184"},{"taxonomy":"suno_strategy","embeddable":true,"href":"https:\/\/www.suno.com.br\/noticias\/wp-json\/wp\/v2\/suno_strategy?post=65184"}],"curies":[{"name":"wp","href":"https:\/\/api.w.org\/{rel}","templated":true}]}}