{"id":65152,"date":"2020-05-18T10:56:47","date_gmt":"2020-05-18T13:56:47","guid":{"rendered":"https:\/\/www.suno.com.br\/noticias\/?p=65152"},"modified":"2021-02-17T22:28:22","modified_gmt":"2021-02-18T01:28:22","slug":"mirae-troca-magalu-mglu3-por-via-varejo-vvar3-em-carteira-semanal","status":"publish","type":"post","link":"https:\/\/www.suno.com.br\/noticias\/mirae-troca-magalu-mglu3-por-via-varejo-vvar3-em-carteira-semanal\/","title":{"rendered":"Mirae troca Magalu (MGLU3) por Via Varejo (VVAR3) em carteira semanal"},"content":{"rendered":"<p>A Mirae Asset realizou duas altera\u00e7\u00f5es na <strong>carteira semanal recomendada<\/strong> divulgada nesta segunda-feira (18). A gestora trocou os pap\u00e9is das empresas Magazine Luiza (<a href=\"https:\/\/www.suno.com.br\/acoes\/mglu3\/\">MGLU3<\/a>),\u00a0 JBS (<a href=\"https:\/\/www.suno.com.br\/acoes\/jbss3\/\">JBSS3<\/a>) e P\u00e3o de A\u00e7\u00facar (<a href=\"https:\/\/www.suno.com.br\/acoes\/pcar3\/\">PCAR3<\/a>) por Via Varejo (<a href=\"https:\/\/www.suno.com.br\/acoes\/vvar3\/\">VVAR3<\/a>), Banco do Brasil (<a href=\"https:\/\/www.suno.com.br\/acoes\/bbas3\/\">BBSA3<\/a>) e Minerva (<a href=\"https:\/\/www.suno.com.br\/acoes\/beef3\/\">BEEF3<\/a>).<\/p>\t<div class=\"wrapper-featured-image\">\n\t\t<figure class=\"spotlightImg\">\n\n\t\t\t<picture>\n\t\t\t\t<source media=\"(max-width: 768px)\" srcset=\"https:\/\/files.sunoresearch.com.br\/n\/uploads\/2019\/07\/b9a19225-a\u00e7\u00f5es-400x200.webp\">\n\t\t\t\t<img loading=\"lazy\" decoding=\"async\" class=\"newsContent__article__imgCapa lazyloadDisabled newsContent__article__imgCapa--noCaption\" src=\"https:\/\/files.sunoresearch.com.br\/n\/uploads\/2019\/07\/b9a19225-a\u00e7\u00f5es-800x450.webp\" width=\"800\" height=\"450\" alt=\"Mirae troca Magalu (MGLU3) por Via Varejo (VVAR3) em carteira semanal\" fetchpriority=high \/>\n\t\t\t<\/picture>\n\n\t\t\t<figcaption class=\"wp-caption-text wp-caption-text--hide\">Mirae trocou tr\u00eas a\u00e7\u00f5es de sua carteira recomendada de dezembro<\/figcaption>\n\t\t<\/figure>\n\t<\/div>\n\n\n\n<p>De acordo com a Mirae, as trocas t\u00eam rela\u00e7\u00e3o com a divulga\u00e7\u00e3o de resultados das empresas, que deve mexer com o mercado, principalmente em meio a crise causada pelo <a href=\"https:\/\/www.suno.com.br\/noticias\/tags\/coronavirus\/\">coronav\u00edrus (covid-19)<\/a>.<\/p>\n<p><a href=\"https:\/\/lp.suno.com.br\/suno-one\/\">Garanta acesso gratuito \u00e0 eBooks, Minicursos, Artigos e Video Aulas com um \u00fanico cadastro. Clique para saber mais.<\/a><\/p>\n<p>&#8220;A pr\u00f3xima semana ser\u00e1 importante do lado da agenda econ\u00f4mica, mas lembramos de que os dados econ\u00f4micos de atividades de mar\u00e7o e abril estar\u00e3o fortemente contaminados pelo covid-19, ou seja, a pandemia&#8221;, disse a gestora, em nota.<\/p>\n<p>A Mirae tamb\u00e9m manteve a an\u00e1lise em uma perspectiva mais cuidadosa dado os ru\u00eddos pol\u00edticos no Pa\u00eds e os impactos, ainda desconhecidos, da crise do coronav\u00edrus (covid-19).<\/p>\n<p>&#8220;Continuamos vivendo em um per\u00edodo de grandes incertezas, o que tende a gerar volatilidade no mercado acion\u00e1rio e cambial&#8221;, afirmou a empresa.<\/p>\n<h2>Mirae prefere Via Varejo e Minerva para semana<\/h2>\n<p>A gestora afirmou que o setor de prote\u00ednas deve se recuperar da crise e do fechamento de plantas no exterior e isso deve auxiliar a Minerva.<\/p>\n<p>&#8220;Continuamos otimistas com o setor e com a empresa, esperando que os<br \/>\npre\u00e7os de venda permane\u00e7am elevados e at\u00e9 mesmo press\u00e3o, decorrente dos fechamentos de algumas plantas de alguns concorrentes no exterior. Esperamos ao longo do ano, incluindo o 2T19, aumento na demanda por carnes e por produto da Minerva&#8221;, disse a gestora, em nota.<\/p>\n<p>J\u00e1 em rela\u00e7\u00e3o a Via Varejo, a Mirae afirma que o resultado apresentado pela dona das Casas Bahia, Ponto Frio e Extra.com foi positivo.<\/p>\n<p>&#8220;No geral, o resultado operacional foi s\u00f3lido e ficou acima da expectativa,<br \/>\nmostrando que a empresa vem adotando praticas corretas e esperamos melhora no 2T20 e ao longo de 2020, principalmente nas vendas do e-commerce. Esperamos retomada das vendas f\u00edsicas a partir do 3T20&#8221;, disse, em nota a <strong>Mirae<\/strong>.<\/p>\n\n","protected":false},"excerpt":{"rendered":"<p>A Mirae Asset realizou duas altera\u00e7\u00f5es na carteira semanal recomendada divulgada nesta segunda-feira (18). A gestora trocou os pap\u00e9is das empresas Magazine Luiza (MGLU3),\u00a0 JBS (JBSS3) e P\u00e3o de A\u00e7\u00facar (PCAR3) por Via Varejo (VVAR3), Banco do Brasil (BBSA3) e Minerva (BEEF3). Mirae trocou tr\u00eas a\u00e7\u00f5es de sua carteira recomendada de dezembro De acordo com [&hellip;]<\/p>\n","protected":false},"author":27,"featured_media":30219,"comment_status":"closed","ping_status":"closed","sticky":false,"template":"","format":"standard","meta":[],"categories":[60],"tags":[2165,2402,1964,563,2396,106935],"suno_strategy":[],"class_list":["post-65152","post","type-post","status-publish","format-standard","has-post-thumbnail","hentry","category-mercado","tag-asset","tag-gestoras-de-recursos","tag-grupo-pao-de-acucar-pcar3-pcar4","tag-minerva-beef11-beef3","tag-mirae","tag-via-viia3"],"yoast_head":"<!-- This site is optimized with the Yoast SEO plugin v24.4 - https:\/\/yoast.com\/wordpress\/plugins\/seo\/ -->\n<title>Mirae troca Magalu (MGLU3) por Via Varejo (VVAR3) em carteira semanal<\/title>\n<meta name=\"description\" content=\"A Mirae Asset divulgou nesta segunda-feira (18) as novas a\u00e7\u00f5es de sua carteira recomendada semanal. Clique aqui para ler mais.\" \/>\n<meta name=\"robots\" content=\"index, follow, max-snippet:-1, max-image-preview:large, max-video-preview:-1\" \/>\n<link rel=\"canonical\" href=\"https:\/\/www.suno.com.br\/noticias\/mirae-troca-magalu-mglu3-por-via-varejo-vvar3-em-carteira-semanal\/\" \/>\n<meta property=\"og:locale\" content=\"pt_BR\" \/>\n<meta property=\"og:type\" content=\"article\" \/>\n<meta property=\"og:title\" content=\"Mirae troca Magalu (MGLU3) por Via Varejo (VVAR3) em carteira semanal\" \/>\n<meta property=\"og:description\" content=\"A Mirae Asset divulgou nesta segunda-feira (18) as novas a\u00e7\u00f5es de sua carteira recomendada semanal. Clique aqui para ler mais.\" \/>\n<meta property=\"og:url\" content=\"https:\/\/www.suno.com.br\/noticias\/mirae-troca-magalu-mglu3-por-via-varejo-vvar3-em-carteira-semanal\/\" \/>\n<meta property=\"og:site_name\" content=\"Suno Not\u00edcias\" \/>\n<meta property=\"article:publisher\" content=\"https:\/\/facebook.com\/sunoresearch\" \/>\n<meta property=\"og:image\" content=\"https:\/\/files.sunoresearch.com.br\/n\/uploads\/2019\/07\/b9a19225-a\u00e7\u00f5es.jpg\" \/>\n\t<meta property=\"og:image:width\" content=\"1024\" \/>\n\t<meta property=\"og:image:height\" content=\"575\" \/>\n\t<meta property=\"og:image:type\" content=\"image\/jpeg\" \/>\n<meta name=\"author\" content=\"Vinicius Pereira\" \/>\n<meta name=\"twitter:card\" content=\"summary_large_image\" \/>\n<meta name=\"twitter:creator\" content=\"@https:\/\/twitter.com\/viniciuspjornal\" \/>\n<meta name=\"twitter:site\" content=\"@sunoresearch\" \/>\n<meta name=\"twitter:label1\" content=\"Escrito por\" \/>\n\t<meta name=\"twitter:data1\" content=\"Vinicius Pereira\" \/>\n\t<meta name=\"twitter:label2\" content=\"Est. tempo de leitura\" \/>\n\t<meta name=\"twitter:data2\" content=\"2 minutos\" \/>\n<script type=\"application\/ld+json\" class=\"yoast-schema-graph\">{\"@context\":\"https:\/\/schema.org\",\"@graph\":[{\"@type\":\"NewsArticle\",\"@id\":\"https:\/\/www.suno.com.br\/noticias\/mirae-troca-magalu-mglu3-por-via-varejo-vvar3-em-carteira-semanal\/#article\",\"isPartOf\":{\"@id\":\"https:\/\/www.suno.com.br\/noticias\/mirae-troca-magalu-mglu3-por-via-varejo-vvar3-em-carteira-semanal\/\"},\"author\":{\"name\":\"Vinicius Pereira\",\"@id\":\"https:\/\/www.suno.com.br\/noticias\/#\/schema\/person\/a20761b96e4df7eb57f1f9e41be1dbf3\"},\"headline\":\"Mirae troca Magalu (MGLU3) por Via Varejo (VVAR3) em carteira semanal\",\"datePublished\":\"2020-05-18T13:56:47+00:00\",\"dateModified\":\"2021-02-18T01:28:22+00:00\",\"mainEntityOfPage\":{\"@id\":\"https:\/\/www.suno.com.br\/noticias\/mirae-troca-magalu-mglu3-por-via-varejo-vvar3-em-carteira-semanal\/\"},\"wordCount\":384,\"publisher\":{\"@id\":\"https:\/\/www.suno.com.br\/noticias\/#organization\"},\"image\":{\"@id\":\"https:\/\/www.suno.com.br\/noticias\/mirae-troca-magalu-mglu3-por-via-varejo-vvar3-em-carteira-semanal\/#primaryimage\"},\"thumbnailUrl\":\"https:\/\/files.sunoresearch.com.br\/n\/uploads\/2019\/07\/b9a19225-a\u00e7\u00f5es-jpg.webp\",\"keywords\":[\"Asset\",\"Gestoras de Recursos\",\"Grupo P\u00e3o de A\u00e7\u00facar (PCAR3\/PCAR4)\",\"Minerva (BEEF11\/BEEF3)\",\"Mirae\",\"Via (VIIA3)\"],\"articleSection\":[\"Mercado\"],\"inLanguage\":\"pt-BR\"},{\"@type\":\"WebPage\",\"@id\":\"https:\/\/www.suno.com.br\/noticias\/mirae-troca-magalu-mglu3-por-via-varejo-vvar3-em-carteira-semanal\/\",\"url\":\"https:\/\/www.suno.com.br\/noticias\/mirae-troca-magalu-mglu3-por-via-varejo-vvar3-em-carteira-semanal\/\",\"name\":\"Mirae troca Magalu (MGLU3) por Via Varejo (VVAR3) em carteira semanal\",\"isPartOf\":{\"@id\":\"https:\/\/www.suno.com.br\/noticias\/#website\"},\"primaryImageOfPage\":{\"@id\":\"https:\/\/www.suno.com.br\/noticias\/mirae-troca-magalu-mglu3-por-via-varejo-vvar3-em-carteira-semanal\/#primaryimage\"},\"image\":{\"@id\":\"https:\/\/www.suno.com.br\/noticias\/mirae-troca-magalu-mglu3-por-via-varejo-vvar3-em-carteira-semanal\/#primaryimage\"},\"thumbnailUrl\":\"https:\/\/files.sunoresearch.com.br\/n\/uploads\/2019\/07\/b9a19225-a\u00e7\u00f5es-jpg.webp\",\"datePublished\":\"2020-05-18T13:56:47+00:00\",\"dateModified\":\"2021-02-18T01:28:22+00:00\",\"description\":\"A Mirae Asset divulgou nesta segunda-feira (18) as novas a\u00e7\u00f5es de sua carteira recomendada semanal. Clique aqui para ler mais.\",\"breadcrumb\":{\"@id\":\"https:\/\/www.suno.com.br\/noticias\/mirae-troca-magalu-mglu3-por-via-varejo-vvar3-em-carteira-semanal\/#breadcrumb\"},\"inLanguage\":\"pt-BR\",\"potentialAction\":[{\"@type\":\"ReadAction\",\"target\":[\"https:\/\/www.suno.com.br\/noticias\/mirae-troca-magalu-mglu3-por-via-varejo-vvar3-em-carteira-semanal\/\"]}]},{\"@type\":\"ImageObject\",\"inLanguage\":\"pt-BR\",\"@id\":\"https:\/\/www.suno.com.br\/noticias\/mirae-troca-magalu-mglu3-por-via-varejo-vvar3-em-carteira-semanal\/#primaryimage\",\"url\":\"https:\/\/files.sunoresearch.com.br\/n\/uploads\/2019\/07\/b9a19225-a\u00e7\u00f5es-jpg.webp\",\"contentUrl\":\"https:\/\/files.sunoresearch.com.br\/n\/uploads\/2019\/07\/b9a19225-a\u00e7\u00f5es-jpg.webp\",\"width\":1024,\"height\":575,\"caption\":\"Mirae trocou tr\u00eas a\u00e7\u00f5es de sua carteira recomendada de dezembro\"},{\"@type\":\"BreadcrumbList\",\"@id\":\"https:\/\/www.suno.com.br\/noticias\/mirae-troca-magalu-mglu3-por-via-varejo-vvar3-em-carteira-semanal\/#breadcrumb\",\"itemListElement\":[{\"@type\":\"ListItem\",\"position\":1,\"name\":\"Not\u00edcias\",\"item\":\"https:\/\/www.suno.com.br\/noticias\/\"},{\"@type\":\"ListItem\",\"position\":2,\"name\":\"Mercado\",\"item\":\"https:\/\/www.suno.com.br\/noticias\/mercado\/\"},{\"@type\":\"ListItem\",\"position\":3,\"name\":\"Mirae troca Magalu (MGLU3) por Via Varejo (VVAR3) em carteira semanal\"}]},{\"@type\":\"WebSite\",\"@id\":\"https:\/\/www.suno.com.br\/noticias\/#website\",\"url\":\"https:\/\/www.suno.com.br\/noticias\/\",\"name\":\"Suno Not\u00edcias\",\"description\":\"Seu portal de informa\u00e7\u00e3o sobre o mundo dos investimentos\",\"publisher\":{\"@id\":\"https:\/\/www.suno.com.br\/noticias\/#organization\"},\"potentialAction\":[{\"@type\":\"SearchAction\",\"target\":{\"@type\":\"EntryPoint\",\"urlTemplate\":\"https:\/\/www.suno.com.br\/noticias\/?s={search_term_string}\"},\"query-input\":{\"@type\":\"PropertyValueSpecification\",\"valueRequired\":true,\"valueName\":\"search_term_string\"}}],\"inLanguage\":\"pt-BR\"},{\"@type\":\"Organization\",\"@id\":\"https:\/\/www.suno.com.br\/noticias\/#organization\",\"name\":\"Suno Not\u00edcias\",\"url\":\"https:\/\/www.suno.com.br\/noticias\/\",\"logo\":{\"@type\":\"ImageObject\",\"inLanguage\":\"pt-BR\",\"@id\":\"https:\/\/www.suno.com.br\/noticias\/#\/schema\/logo\/image\/\",\"url\":\"https:\/\/files.sunoresearch.com.br\/n\/uploads\/2021\/09\/suno-logo.png\",\"contentUrl\":\"https:\/\/files.sunoresearch.com.br\/n\/uploads\/2021\/09\/suno-logo.png\",\"width\":180,\"height\":180,\"caption\":\"Suno Not\u00edcias\"},\"image\":{\"@id\":\"https:\/\/www.suno.com.br\/noticias\/#\/schema\/logo\/image\/\"},\"sameAs\":[\"https:\/\/facebook.com\/sunoresearch\",\"https:\/\/x.com\/sunoresearch\",\"https:\/\/www.instagram.com\/suno\",\"https:\/\/www.linkedin.com\/company\/suno-research\/\",\"https:\/\/www.youtube.com\/c\/sunoresearch\"]},{\"@type\":\"Person\",\"@id\":\"https:\/\/www.suno.com.br\/noticias\/#\/schema\/person\/a20761b96e4df7eb57f1f9e41be1dbf3\",\"name\":\"Vinicius Pereira\",\"image\":{\"@type\":\"ImageObject\",\"inLanguage\":\"pt-BR\",\"@id\":\"https:\/\/www.suno.com.br\/noticias\/#\/schema\/person\/image\/\",\"url\":\"https:\/\/secure.gravatar.com\/avatar\/783866b933198f5cc4c5d03fcc8b1301?s=96&r=g\",\"contentUrl\":\"https:\/\/secure.gravatar.com\/avatar\/783866b933198f5cc4c5d03fcc8b1301?s=96&r=g\",\"caption\":\"Vinicius Pereira\"},\"description\":\"Vinicius Pereira foi rep\u00f3rter de economia da Folha de S.Paulo, stringer do jornal no Canad\u00e1 e colaborador de VEJA. J\u00e1 escreveu tamb\u00e9m para BBC Brasil, The Intercept Brasil e UOL. Tem MBA em Informa\u00e7\u00f5es Econ\u00f4mico-Financeiras e Mercado de Capitais pela FIA\/B3.\",\"sameAs\":[\"https:\/\/x.com\/https:\/\/twitter.com\/viniciuspjornal\"],\"url\":\"https:\/\/www.suno.com.br\/noticias\/author\/vinicius-pereira\/\"}]}<\/script>\n<!-- \/ Yoast SEO plugin. -->","yoast_head_json":{"title":"Mirae troca Magalu (MGLU3) por Via Varejo (VVAR3) em carteira semanal","description":"A Mirae Asset divulgou nesta segunda-feira (18) as novas a\u00e7\u00f5es de sua carteira recomendada semanal. Clique aqui para ler mais.","robots":{"index":"index","follow":"follow","max-snippet":"max-snippet:-1","max-image-preview":"max-image-preview:large","max-video-preview":"max-video-preview:-1"},"canonical":"https:\/\/www.suno.com.br\/noticias\/mirae-troca-magalu-mglu3-por-via-varejo-vvar3-em-carteira-semanal\/","og_locale":"pt_BR","og_type":"article","og_title":"Mirae troca Magalu (MGLU3) por Via Varejo (VVAR3) em carteira semanal","og_description":"A Mirae Asset divulgou nesta segunda-feira (18) as novas a\u00e7\u00f5es de sua carteira recomendada semanal. Clique aqui para ler mais.","og_url":"https:\/\/www.suno.com.br\/noticias\/mirae-troca-magalu-mglu3-por-via-varejo-vvar3-em-carteira-semanal\/","og_site_name":"Suno Not\u00edcias","article_publisher":"https:\/\/facebook.com\/sunoresearch","og_image":[{"width":1024,"height":575,"url":"https:\/\/files.sunoresearch.com.br\/n\/uploads\/2019\/07\/b9a19225-a\u00e7\u00f5es.jpg","type":"image\/jpeg"}],"author":"Vinicius Pereira","twitter_card":"summary_large_image","twitter_creator":"@https:\/\/twitter.com\/viniciuspjornal","twitter_site":"@sunoresearch","twitter_misc":{"Escrito por":"Vinicius Pereira","Est. tempo de leitura":"2 minutos"},"schema":{"@context":"https:\/\/schema.org","@graph":[{"@type":"NewsArticle","@id":"https:\/\/www.suno.com.br\/noticias\/mirae-troca-magalu-mglu3-por-via-varejo-vvar3-em-carteira-semanal\/#article","isPartOf":{"@id":"https:\/\/www.suno.com.br\/noticias\/mirae-troca-magalu-mglu3-por-via-varejo-vvar3-em-carteira-semanal\/"},"author":{"name":"Vinicius Pereira","@id":"https:\/\/www.suno.com.br\/noticias\/#\/schema\/person\/a20761b96e4df7eb57f1f9e41be1dbf3"},"headline":"Mirae troca Magalu (MGLU3) por Via Varejo (VVAR3) em carteira semanal","datePublished":"2020-05-18T13:56:47+00:00","dateModified":"2021-02-18T01:28:22+00:00","mainEntityOfPage":{"@id":"https:\/\/www.suno.com.br\/noticias\/mirae-troca-magalu-mglu3-por-via-varejo-vvar3-em-carteira-semanal\/"},"wordCount":384,"publisher":{"@id":"https:\/\/www.suno.com.br\/noticias\/#organization"},"image":{"@id":"https:\/\/www.suno.com.br\/noticias\/mirae-troca-magalu-mglu3-por-via-varejo-vvar3-em-carteira-semanal\/#primaryimage"},"thumbnailUrl":"https:\/\/files.sunoresearch.com.br\/n\/uploads\/2019\/07\/b9a19225-a\u00e7\u00f5es-jpg.webp","keywords":["Asset","Gestoras de Recursos","Grupo P\u00e3o de A\u00e7\u00facar (PCAR3\/PCAR4)","Minerva (BEEF11\/BEEF3)","Mirae","Via (VIIA3)"],"articleSection":["Mercado"],"inLanguage":"pt-BR"},{"@type":"WebPage","@id":"https:\/\/www.suno.com.br\/noticias\/mirae-troca-magalu-mglu3-por-via-varejo-vvar3-em-carteira-semanal\/","url":"https:\/\/www.suno.com.br\/noticias\/mirae-troca-magalu-mglu3-por-via-varejo-vvar3-em-carteira-semanal\/","name":"Mirae troca Magalu (MGLU3) por Via Varejo (VVAR3) em carteira semanal","isPartOf":{"@id":"https:\/\/www.suno.com.br\/noticias\/#website"},"primaryImageOfPage":{"@id":"https:\/\/www.suno.com.br\/noticias\/mirae-troca-magalu-mglu3-por-via-varejo-vvar3-em-carteira-semanal\/#primaryimage"},"image":{"@id":"https:\/\/www.suno.com.br\/noticias\/mirae-troca-magalu-mglu3-por-via-varejo-vvar3-em-carteira-semanal\/#primaryimage"},"thumbnailUrl":"https:\/\/files.sunoresearch.com.br\/n\/uploads\/2019\/07\/b9a19225-a\u00e7\u00f5es-jpg.webp","datePublished":"2020-05-18T13:56:47+00:00","dateModified":"2021-02-18T01:28:22+00:00","description":"A Mirae Asset divulgou nesta segunda-feira (18) as novas a\u00e7\u00f5es de sua carteira recomendada semanal. Clique aqui para ler mais.","breadcrumb":{"@id":"https:\/\/www.suno.com.br\/noticias\/mirae-troca-magalu-mglu3-por-via-varejo-vvar3-em-carteira-semanal\/#breadcrumb"},"inLanguage":"pt-BR","potentialAction":[{"@type":"ReadAction","target":["https:\/\/www.suno.com.br\/noticias\/mirae-troca-magalu-mglu3-por-via-varejo-vvar3-em-carteira-semanal\/"]}]},{"@type":"ImageObject","inLanguage":"pt-BR","@id":"https:\/\/www.suno.com.br\/noticias\/mirae-troca-magalu-mglu3-por-via-varejo-vvar3-em-carteira-semanal\/#primaryimage","url":"https:\/\/files.sunoresearch.com.br\/n\/uploads\/2019\/07\/b9a19225-a\u00e7\u00f5es-jpg.webp","contentUrl":"https:\/\/files.sunoresearch.com.br\/n\/uploads\/2019\/07\/b9a19225-a\u00e7\u00f5es-jpg.webp","width":1024,"height":575,"caption":"Mirae trocou tr\u00eas a\u00e7\u00f5es de sua carteira recomendada de dezembro"},{"@type":"BreadcrumbList","@id":"https:\/\/www.suno.com.br\/noticias\/mirae-troca-magalu-mglu3-por-via-varejo-vvar3-em-carteira-semanal\/#breadcrumb","itemListElement":[{"@type":"ListItem","position":1,"name":"Not\u00edcias","item":"https:\/\/www.suno.com.br\/noticias\/"},{"@type":"ListItem","position":2,"name":"Mercado","item":"https:\/\/www.suno.com.br\/noticias\/mercado\/"},{"@type":"ListItem","position":3,"name":"Mirae troca Magalu (MGLU3) por Via Varejo (VVAR3) em carteira semanal"}]},{"@type":"WebSite","@id":"https:\/\/www.suno.com.br\/noticias\/#website","url":"https:\/\/www.suno.com.br\/noticias\/","name":"Suno Not\u00edcias","description":"Seu portal de informa\u00e7\u00e3o sobre o mundo dos investimentos","publisher":{"@id":"https:\/\/www.suno.com.br\/noticias\/#organization"},"potentialAction":[{"@type":"SearchAction","target":{"@type":"EntryPoint","urlTemplate":"https:\/\/www.suno.com.br\/noticias\/?s={search_term_string}"},"query-input":{"@type":"PropertyValueSpecification","valueRequired":true,"valueName":"search_term_string"}}],"inLanguage":"pt-BR"},{"@type":"Organization","@id":"https:\/\/www.suno.com.br\/noticias\/#organization","name":"Suno Not\u00edcias","url":"https:\/\/www.suno.com.br\/noticias\/","logo":{"@type":"ImageObject","inLanguage":"pt-BR","@id":"https:\/\/www.suno.com.br\/noticias\/#\/schema\/logo\/image\/","url":"https:\/\/files.sunoresearch.com.br\/n\/uploads\/2021\/09\/suno-logo.png","contentUrl":"https:\/\/files.sunoresearch.com.br\/n\/uploads\/2021\/09\/suno-logo.png","width":180,"height":180,"caption":"Suno Not\u00edcias"},"image":{"@id":"https:\/\/www.suno.com.br\/noticias\/#\/schema\/logo\/image\/"},"sameAs":["https:\/\/facebook.com\/sunoresearch","https:\/\/x.com\/sunoresearch","https:\/\/www.instagram.com\/suno","https:\/\/www.linkedin.com\/company\/suno-research\/","https:\/\/www.youtube.com\/c\/sunoresearch"]},{"@type":"Person","@id":"https:\/\/www.suno.com.br\/noticias\/#\/schema\/person\/a20761b96e4df7eb57f1f9e41be1dbf3","name":"Vinicius Pereira","image":{"@type":"ImageObject","inLanguage":"pt-BR","@id":"https:\/\/www.suno.com.br\/noticias\/#\/schema\/person\/image\/","url":"https:\/\/secure.gravatar.com\/avatar\/783866b933198f5cc4c5d03fcc8b1301?s=96&r=g","contentUrl":"https:\/\/secure.gravatar.com\/avatar\/783866b933198f5cc4c5d03fcc8b1301?s=96&r=g","caption":"Vinicius Pereira"},"description":"Vinicius Pereira foi rep\u00f3rter de economia da Folha de S.Paulo, stringer do jornal no Canad\u00e1 e colaborador de VEJA. J\u00e1 escreveu tamb\u00e9m para BBC Brasil, The Intercept Brasil e UOL. Tem MBA em Informa\u00e7\u00f5es Econ\u00f4mico-Financeiras e Mercado de Capitais pela FIA\/B3.","sameAs":["https:\/\/x.com\/https:\/\/twitter.com\/viniciuspjornal"],"url":"https:\/\/www.suno.com.br\/noticias\/author\/vinicius-pereira\/"}]}},"default_loop_html":"<div class=\"cardsPage__listCard__boxs\"><div class=\"cardsPage__listCard__boxs__img\"><a href=\"https:\/\/www.suno.com.br\/noticias\/mirae-troca-magalu-mglu3-por-via-varejo-vvar3-em-carteira-semanal\/\"><img class=\"mask\" src=\"https:\/\/www.suno.com.br\/noticias\/wp-content\/themes\/suno\/resources\/images\/spotlight\/spotlight1img\/bg-mask.png\" alt=\"Image Mask\"\/><img src=\"https:\/\/files.sunoresearch.com.br\/n\/uploads\/2019\/07\/b9a19225-a\u00e7\u00f5es-400x200.webp\" alt=\"Mirae troca Magalu (MGLU3) por Via Varejo (VVAR3) em carteira semanal\"\/><\/a><span class=\"spotlightCategory\"><a href=\"https:\/\/www.suno.com.br\/noticias\/mercado\/\">Mercado<\/a><\/span><\/div><div class=\"cardsPage__listCard__boxs__content\"><a href=\"https:\/\/www.suno.com.br\/noticias\/mirae-troca-magalu-mglu3-por-via-varejo-vvar3-em-carteira-semanal\/\"><h2 class=\"content__title\">Mirae troca Magalu (MGLU3) por Via Varejo (VVAR3) em carteira semanal<\/h2><\/a><div class=\"newsContent__article__meta\"><div class=\"newsContent__article__meta__authorBox\"><a href=\"https:\/\/www.suno.com.br\/noticias\/author\/vinicius-pereira\/\" class=\"authorBox__avatar noMobi\"><img src=\"https:\/\/files.sunoresearch.com.br\/n\/uploads\/2020\/08\/77510613-whatsapp-image-2020-08-03-at-13.40.40-150x150.webp\" alt=\"Vinicius Pereira\"><\/a><div class=\"authorBox__name\"><span>por\n\t\t\t<a href=\"https:\/\/www.suno.com.br\/noticias\/author\/vinicius-pereira\/\"><span itemprop=\"author\">Vinicius Pereira<\/span><\/a><\/span><time datetime=\"2020-05-18T10:56:47-03:00\" itemprop=\"datePublished\">18\/05\/2020 10:56<\/time><\/div><\/div><\/div><\/div><\/div>","single_layout":"posts","amp_enabled":true,"_links":{"self":[{"href":"https:\/\/www.suno.com.br\/noticias\/wp-json\/wp\/v2\/posts\/65152"}],"collection":[{"href":"https:\/\/www.suno.com.br\/noticias\/wp-json\/wp\/v2\/posts"}],"about":[{"href":"https:\/\/www.suno.com.br\/noticias\/wp-json\/wp\/v2\/types\/post"}],"author":[{"embeddable":true,"href":"https:\/\/www.suno.com.br\/noticias\/wp-json\/wp\/v2\/users\/27"}],"replies":[{"embeddable":true,"href":"https:\/\/www.suno.com.br\/noticias\/wp-json\/wp\/v2\/comments?post=65152"}],"version-history":[{"count":0,"href":"https:\/\/www.suno.com.br\/noticias\/wp-json\/wp\/v2\/posts\/65152\/revisions"}],"wp:featuredmedia":[{"embeddable":true,"href":"https:\/\/www.suno.com.br\/noticias\/wp-json\/wp\/v2\/media\/30219"}],"wp:attachment":[{"href":"https:\/\/www.suno.com.br\/noticias\/wp-json\/wp\/v2\/media?parent=65152"}],"wp:term":[{"taxonomy":"category","embeddable":true,"href":"https:\/\/www.suno.com.br\/noticias\/wp-json\/wp\/v2\/categories?post=65152"},{"taxonomy":"post_tag","embeddable":true,"href":"https:\/\/www.suno.com.br\/noticias\/wp-json\/wp\/v2\/tags?post=65152"},{"taxonomy":"suno_strategy","embeddable":true,"href":"https:\/\/www.suno.com.br\/noticias\/wp-json\/wp\/v2\/suno_strategy?post=65152"}],"curies":[{"name":"wp","href":"https:\/\/api.w.org\/{rel}","templated":true}]}}