{"id":65135,"date":"2020-05-18T09:33:09","date_gmt":"2020-05-18T12:33:09","guid":{"rendered":"https:\/\/www.suno.com.br\/noticias\/?p=65135"},"modified":"2020-05-18T09:33:09","modified_gmt":"2020-05-18T12:33:09","slug":"dolar-economia-fed-moodys-ministerio-18052020","status":"publish","type":"post","link":"https:\/\/www.suno.com.br\/noticias\/dolar-economia-fed-moodys-ministerio-18052020\/","title":{"rendered":"D\u00f3lar abre a semana em queda; reabertura econ\u00f4mica no radar"},"content":{"rendered":"<p>O <strong>d\u00f3lar<\/strong> abriu em queda nesta segunda-feira (18). Os mercados est\u00e3o atentos aos planos de recupera\u00e7\u00e3o e reabertura econ\u00f4mica na Europa e nos Estados Unidos.<\/p>\t<div class=\"wrapper-featured-image\">\n\t\t<figure class=\"spotlightImg\">\n\n\t\t\t<picture>\n\t\t\t\t<source media=\"(max-width: 768px)\" srcset=\"https:\/\/files.sunoresearch.com.br\/n\/uploads\/2018\/09\/05c56ec4-dolar-400x200.webp\">\n\t\t\t\t<img loading=\"lazy\" decoding=\"async\" class=\"newsContent__article__imgCapa lazyloadDisabled newsContent__article__imgCapa--noCaption\" src=\"https:\/\/files.sunoresearch.com.br\/n\/uploads\/2018\/09\/05c56ec4-dolar-800x450.webp\" width=\"800\" height=\"450\" alt=\"D\u00f3lar abre a semana em queda; reabertura econ\u00f4mica no radar\" fetchpriority=high \/>\n\t\t\t<\/picture>\n\n\t\t\t<figcaption class=\"wp-caption-text wp-caption-text--hide\">D\u00f3lar encerra em queda de 0,935%, cotado em R$ 5,1583<\/figcaption>\n\t\t<\/figure>\n\t<\/div>\n\n\n\n<p>Por volta das 9h20, o <a href=\"https:\/\/www.suno.com.br\/artigos\/dolar\/\">d\u00f3lar operava<\/a> em baixa de 0,825%, sendo negociado a R$ 5,791. Nesta segunda-feira, o Boletim Focus cortou, mais uma vez, sua previs\u00e3o para a economia, para uma queda de 5,12%.<\/p>\n<p><a href=\"https:\/\/lp.suno.com.br\/suno-one\/\">Garanta acesso gratuito \u00e0 eBooks, Minicursos, Artigos e Video Aulas com um \u00fanico cadastro. Clique para saber mais.<\/a><\/p>\n<p>Ademais, os investidores est\u00e3o de olho nas perspectivas de rating e grau de investimento para o Pa\u00eds. Segundo a Moody&#8217;s, o Brasil possui uma nota de cr\u00e9dito soberano &#8216;Ba2&#8217;.<\/p>\n<h2>Recupera\u00e7\u00e3o econ\u00f4mica<\/h2>\n<p>O presidente do <a href=\"https:\/\/www.suno.com.br\/artigos\/fed\/\">Federal Reserve (<strong>Fed<\/strong>)<\/a>, <a href=\"https:\/\/www.suno.com.br\/tudo-sobre\/jerome-powell\/\">Jerome Powell<\/a>, afirmou no \u00faltimo domingo (17) que uma recupera\u00e7\u00e3o total da economia dos Estados Unidos depende, principalmente, da volta da confian\u00e7a da popula\u00e7\u00e3o. Dessa forma, para que isso aconte\u00e7a, uma vacina contra o novo <a href=\"https:\/\/www.suno.com.br\/noticias\/tags\/covid-19\/\">coronav\u00edrus (Covid-19)<\/a> deveria ser anunciada.<\/p>\n<p>Na \u00faltima semana, por\u00e9m, o laborat\u00f3rio norte-americano Sorrento Therapeutics (<a href=\"https:\/\/www.suno.com.br\/artigos\/nasdaq\/\">NASDAQ<\/a>: SRNE) anunciou que um anticorpo desenvolvido pela companhia foi capaz de evitar a contamina\u00e7\u00e3o de c\u00e9lulas pela doen\u00e7a que assola o planeta.<\/p>\n<p>&#8220;Queremos enfatizar que existe uma cura. Existe uma solu\u00e7\u00e3o que funciona 100%&#8221;, disse Henry Ji, referindo-se ao anticorpo STI-1499, desenvolvido por sua empresa. Ap\u00f3s o an\u00fancio, as a\u00e7\u00f5es do laborat\u00f3rio subiram 158% em apenas um dia.<\/p>\n<p>O chairman do Fed tamb\u00e9m afirmou, entrevista \u00e0 CBS, que uma recupera\u00e7\u00e3o gradual da economia dos EUA poder\u00e1 se estender at\u00e9 o final de 2021. \u201cA economia se recuperar\u00e1. Pode demorar um pouco, pode estender-se at\u00e9 o final do pr\u00f3ximo ano. Realmente n\u00e3o sabemos\u201d.<\/p>\n<h2>Focus volta a cortar previs\u00e3o do PIB<\/h2>\n<p>Os especialistas do mercado financeiro, respons\u00e1veis pela elabora\u00e7\u00e3o do<strong> <a href=\"https:\/\/www.suno.com.br\/artigos\/relatorio-focus\/\">Boletim Focus<\/a><\/strong>, cortaram nesta segunda-feira (18), mais uma vez, suas previs\u00f5es para o <a href=\"https:\/\/www.suno.com.br\/artigos\/pib-produto-interno-bruto\/\">Produto Interno Bruto (PIB)<\/a> deste ano. Para eles, a economia do Brasil ir\u00e1 cair 5,12% neste ano.<\/p>\n<p>Na primeira divulga\u00e7\u00e3o de 2020, no dia 6 de janeiro, a previs\u00e3o era de um avan\u00e7o de 2,30% na economia. Os especialistas, todavia, n\u00e3o contavam com uma crise gerada pela pandemia do <a href=\"https:\/\/www.suno.com.br\/noticias\/tags\/coronavirus\/\">novo <strong>coronav\u00edrus<\/strong> (Covid-19)<\/a>. Para 2021, os analistas do mercado financeiro estimam que a economia ir\u00e1 crescer 3,20%.<\/p>\n<p><a href=\"https:\/\/www.suno.com.br\/noticias\/donald-trump-cidadaos-eua-voltar-trabalho\/\">Confira: Donald Trump afirma que cidad\u00e3os dos EUA t\u00eam de voltar ao trabalho<\/a><\/p>\n<p>Al\u00e9m disso, o relat\u00f3rio divulgado pelo <a href=\"https:\/\/www.suno.com.br\/artigos\/bacen\/\">Banco Central (BC)<\/a> estima que a <a href=\"https:\/\/www.suno.com.br\/artigos\/taxa-selic\/\">taxa b\u00e1sica de juros da economia (<strong>Selic<\/strong>)<\/a> cair\u00e1 para 2,25% at\u00e9 o final deste ano, frente a uma estimativa de 2,50% da \u00faltima semana.<\/p>\n<p>De acordo com a ata da \u00faltima reuni\u00e3o do <a href=\"https:\/\/www.suno.com.br\/artigos\/copom\/\">Comit\u00ea de Pol\u00edtica Monet\u00e1ria (<strong>Copom<\/strong>)<\/a>, divulgada pelo BC na \u00faltima ter\u00e7a-feira (12), poder\u00e1 haver mais um corte na Selic na pr\u00f3xima reuni\u00e3o. Segundo informa\u00e7\u00f5es da ata, este corte poder\u00e1 ser de at\u00e9 0,75 ponto percentual.<\/p>\n<h2>Moody&#8217;s atribui nota &#8216;est\u00e1vel&#8217; ao Brasil<\/h2>\n<p>A ag\u00eancia de classifica\u00e7\u00e3o de risco <strong>Moody&#8217;s<\/strong> informou na noite da \u00faltima sexta-feira (15) que manteve em &#8220;est\u00e1vel&#8221; a perspectiva para o <a href=\"https:\/\/www.suno.com.br\/artigos\/rating\/\">rating<\/a> do Brasil, al\u00e9m de atribuir a nota de cr\u00e9dito soberano do Pa\u00eds em &#8216;Ba2&#8217;.<\/p>\n<p>Dessa forma, segundo a Moody&#8217;s, o Brasil possui uma melhor perspectiva que pa\u00edses europeus. Entretanto, ainda fica dois n\u00edveis abaixo de ser considerado <a href=\"https:\/\/www.suno.com.br\/artigos\/grau-de-investimento\/\">grau de investimento<\/a>.<\/p>\n<p>Outra ag\u00eancia de classifica\u00e7\u00e3o de risco, a Fitch, no in\u00edcio deste m\u00eas, tamb\u00e9m revisou a perspectiva para a nota de cr\u00e9dito soberano do Brasil, e rebaixou de &#8220;est\u00e1vel&#8221; para &#8220;negativa&#8221;, mantendo o rating em &#8220;BB&#8221;.<\/p>\n<p><a href=\"https:\/\/www.suno.com.br\/noticias\/camara-dos-eua-aprova-pacote-de-us-3-tri-para-combate-da-pandemia\/\">Saiba mais: C\u00e2mara dos EUA aprova pacote de US$ 3 tri para combate da pandemia<\/a><\/p>\n<p>Por sua vez, a S&amp;P rebaixou para para &#8220;negativa&#8221; a perspectiva para o rating brasileiro, que ficou em &#8220;BB&#8221;. A revis\u00e3o ocorreu em abril desse ano. Antes, a perspectiva era &#8220;est\u00e1vel&#8221;.<\/p>\n<p>As revis\u00f5es das ag\u00eancias ocorreram frente a queda nas expectativas para a economia do pa\u00eds, al\u00e9m do conturbado cen\u00e1rio pol\u00edtico e a piora na crise de sa\u00fade ocasionada pelo coronav\u00edrus.<\/p>\n<h2>\u00daltima cota\u00e7\u00e3o do d\u00f3lar<\/h2>\n<p>Na sess\u00e3o da \u00faltima sexta-feira, o <a href=\"https:\/\/www.suno.com.br\/noticias\/dolar-fechamneto-recorde-13052020\/\"><strong>d\u00f3lar<\/strong><\/a> encerrou as negocia\u00e7\u00f5es com uma alta de 0,326%, cotado em R$ 5,8392.<\/p>\n\n","protected":false},"excerpt":{"rendered":"<p>O d\u00f3lar abriu em queda nesta segunda-feira (18). Os mercados est\u00e3o atentos aos planos de recupera\u00e7\u00e3o e reabertura econ\u00f4mica na Europa e nos Estados Unidos. D\u00f3lar encerra em queda de 0,935%, cotado em R$ 5,1583 Por volta das 9h20, o d\u00f3lar operava em baixa de 0,825%, sendo negociado a R$ 5,791. Nesta segunda-feira, o Boletim [&hellip;]<\/p>\n","protected":false},"author":24,"featured_media":4517,"comment_status":"closed","ping_status":"closed","sticky":false,"template":"","format":"standard","meta":[],"categories":[60],"tags":[326,740,776,2735,963],"suno_strategy":[],"class_list":["post-65135","post","type-post","status-publish","format-standard","has-post-thumbnail","hentry","category-mercado","tag-dolar","tag-economia","tag-federal-reseve-fed","tag-ministerio-da-saude","tag-moodys"],"yoast_head":"<!-- This site is optimized with the Yoast SEO plugin v24.4 - https:\/\/yoast.com\/wordpress\/plugins\/seo\/ -->\n<title>D\u00f3lar abre a semana em queda; reabertura econ\u00f4mica no radar<\/title>\n<meta name=\"description\" content=\"O d\u00f3lar abriu em queda nesta segunda-feira (18). Os mercados est\u00e3o atentos aos planos de recupera\u00e7\u00e3o e reabertura econ\u00f4mica. Saiba mais.\" \/>\n<meta name=\"robots\" content=\"index, follow, max-snippet:-1, max-image-preview:large, max-video-preview:-1\" \/>\n<link rel=\"canonical\" href=\"https:\/\/www.suno.com.br\/noticias\/dolar-economia-fed-moodys-ministerio-18052020\/\" \/>\n<meta property=\"og:locale\" content=\"pt_BR\" \/>\n<meta property=\"og:type\" content=\"article\" \/>\n<meta property=\"og:title\" content=\"D\u00f3lar abre a semana em queda; reabertura econ\u00f4mica no radar\" \/>\n<meta property=\"og:description\" content=\"O d\u00f3lar abriu em queda nesta segunda-feira (18). Os mercados est\u00e3o atentos aos planos de recupera\u00e7\u00e3o e reabertura econ\u00f4mica. Saiba mais.\" \/>\n<meta property=\"og:url\" content=\"https:\/\/www.suno.com.br\/noticias\/dolar-economia-fed-moodys-ministerio-18052020\/\" \/>\n<meta property=\"og:site_name\" content=\"Suno Not\u00edcias\" \/>\n<meta property=\"article:publisher\" content=\"https:\/\/facebook.com\/sunoresearch\" \/>\n<meta property=\"og:image\" content=\"https:\/\/files.sunoresearch.com.br\/n\/uploads\/2018\/09\/05c56ec4-dolar.jpg\" \/>\n\t<meta property=\"og:image:width\" content=\"1920\" \/>\n\t<meta property=\"og:image:height\" content=\"1357\" \/>\n\t<meta property=\"og:image:type\" content=\"image\/jpeg\" \/>\n<meta name=\"author\" content=\"Jader Lazarini\" \/>\n<meta name=\"twitter:card\" content=\"summary_large_image\" \/>\n<meta name=\"twitter:creator\" content=\"@sunoresearch\" \/>\n<meta name=\"twitter:site\" content=\"@sunoresearch\" \/>\n<meta name=\"twitter:label1\" content=\"Escrito por\" \/>\n\t<meta name=\"twitter:data1\" content=\"Jader Lazarini\" \/>\n\t<meta name=\"twitter:label2\" content=\"Est. tempo de leitura\" \/>\n\t<meta name=\"twitter:data2\" content=\"4 minutos\" \/>\n<script type=\"application\/ld+json\" class=\"yoast-schema-graph\">{\"@context\":\"https:\/\/schema.org\",\"@graph\":[{\"@type\":\"NewsArticle\",\"@id\":\"https:\/\/www.suno.com.br\/noticias\/dolar-economia-fed-moodys-ministerio-18052020\/#article\",\"isPartOf\":{\"@id\":\"https:\/\/www.suno.com.br\/noticias\/dolar-economia-fed-moodys-ministerio-18052020\/\"},\"author\":{\"name\":\"Jader Lazarini\",\"@id\":\"https:\/\/www.suno.com.br\/noticias\/#\/schema\/person\/918d79de1f0281f01599b93f9ea6e23f\"},\"headline\":\"D\u00f3lar abre a semana em queda; reabertura econ\u00f4mica no radar\",\"datePublished\":\"2020-05-18T12:33:09+00:00\",\"mainEntityOfPage\":{\"@id\":\"https:\/\/www.suno.com.br\/noticias\/dolar-economia-fed-moodys-ministerio-18052020\/\"},\"wordCount\":742,\"publisher\":{\"@id\":\"https:\/\/www.suno.com.br\/noticias\/#organization\"},\"image\":{\"@id\":\"https:\/\/www.suno.com.br\/noticias\/dolar-economia-fed-moodys-ministerio-18052020\/#primaryimage\"},\"thumbnailUrl\":\"https:\/\/files.sunoresearch.com.br\/n\/uploads\/2018\/09\/05c56ec4-dolar-jpg.webp\",\"keywords\":[\"d\u00f3lar\",\"Economia\",\"Federal Reserve (FED)\",\"Minist\u00e9rio da Sa\u00fade\",\"Moody's\"],\"articleSection\":[\"Mercado\"],\"inLanguage\":\"pt-BR\"},{\"@type\":\"WebPage\",\"@id\":\"https:\/\/www.suno.com.br\/noticias\/dolar-economia-fed-moodys-ministerio-18052020\/\",\"url\":\"https:\/\/www.suno.com.br\/noticias\/dolar-economia-fed-moodys-ministerio-18052020\/\",\"name\":\"D\u00f3lar abre a semana em queda; reabertura econ\u00f4mica no radar\",\"isPartOf\":{\"@id\":\"https:\/\/www.suno.com.br\/noticias\/#website\"},\"primaryImageOfPage\":{\"@id\":\"https:\/\/www.suno.com.br\/noticias\/dolar-economia-fed-moodys-ministerio-18052020\/#primaryimage\"},\"image\":{\"@id\":\"https:\/\/www.suno.com.br\/noticias\/dolar-economia-fed-moodys-ministerio-18052020\/#primaryimage\"},\"thumbnailUrl\":\"https:\/\/files.sunoresearch.com.br\/n\/uploads\/2018\/09\/05c56ec4-dolar-jpg.webp\",\"datePublished\":\"2020-05-18T12:33:09+00:00\",\"description\":\"O d\u00f3lar abriu em queda nesta segunda-feira (18). Os mercados est\u00e3o atentos aos planos de recupera\u00e7\u00e3o e reabertura econ\u00f4mica. Saiba mais.\",\"breadcrumb\":{\"@id\":\"https:\/\/www.suno.com.br\/noticias\/dolar-economia-fed-moodys-ministerio-18052020\/#breadcrumb\"},\"inLanguage\":\"pt-BR\",\"potentialAction\":[{\"@type\":\"ReadAction\",\"target\":[\"https:\/\/www.suno.com.br\/noticias\/dolar-economia-fed-moodys-ministerio-18052020\/\"]}]},{\"@type\":\"ImageObject\",\"inLanguage\":\"pt-BR\",\"@id\":\"https:\/\/www.suno.com.br\/noticias\/dolar-economia-fed-moodys-ministerio-18052020\/#primaryimage\",\"url\":\"https:\/\/files.sunoresearch.com.br\/n\/uploads\/2018\/09\/05c56ec4-dolar-jpg.webp\",\"contentUrl\":\"https:\/\/files.sunoresearch.com.br\/n\/uploads\/2018\/09\/05c56ec4-dolar-jpg.webp\",\"width\":1920,\"height\":1357,\"caption\":\"D\u00f3lar encerra em queda de 0,935%, cotado em R$ 5,1583\"},{\"@type\":\"BreadcrumbList\",\"@id\":\"https:\/\/www.suno.com.br\/noticias\/dolar-economia-fed-moodys-ministerio-18052020\/#breadcrumb\",\"itemListElement\":[{\"@type\":\"ListItem\",\"position\":1,\"name\":\"Not\u00edcias\",\"item\":\"https:\/\/www.suno.com.br\/noticias\/\"},{\"@type\":\"ListItem\",\"position\":2,\"name\":\"Mercado\",\"item\":\"https:\/\/www.suno.com.br\/noticias\/mercado\/\"},{\"@type\":\"ListItem\",\"position\":3,\"name\":\"D\u00f3lar abre a semana em queda; reabertura econ\u00f4mica no radar\"}]},{\"@type\":\"WebSite\",\"@id\":\"https:\/\/www.suno.com.br\/noticias\/#website\",\"url\":\"https:\/\/www.suno.com.br\/noticias\/\",\"name\":\"Suno Not\u00edcias\",\"description\":\"Seu portal de informa\u00e7\u00e3o sobre o mundo dos investimentos\",\"publisher\":{\"@id\":\"https:\/\/www.suno.com.br\/noticias\/#organization\"},\"potentialAction\":[{\"@type\":\"SearchAction\",\"target\":{\"@type\":\"EntryPoint\",\"urlTemplate\":\"https:\/\/www.suno.com.br\/noticias\/?s={search_term_string}\"},\"query-input\":{\"@type\":\"PropertyValueSpecification\",\"valueRequired\":true,\"valueName\":\"search_term_string\"}}],\"inLanguage\":\"pt-BR\"},{\"@type\":\"Organization\",\"@id\":\"https:\/\/www.suno.com.br\/noticias\/#organization\",\"name\":\"Suno Not\u00edcias\",\"url\":\"https:\/\/www.suno.com.br\/noticias\/\",\"logo\":{\"@type\":\"ImageObject\",\"inLanguage\":\"pt-BR\",\"@id\":\"https:\/\/www.suno.com.br\/noticias\/#\/schema\/logo\/image\/\",\"url\":\"https:\/\/files.sunoresearch.com.br\/n\/uploads\/2021\/09\/suno-logo.png\",\"contentUrl\":\"https:\/\/files.sunoresearch.com.br\/n\/uploads\/2021\/09\/suno-logo.png\",\"width\":180,\"height\":180,\"caption\":\"Suno Not\u00edcias\"},\"image\":{\"@id\":\"https:\/\/www.suno.com.br\/noticias\/#\/schema\/logo\/image\/\"},\"sameAs\":[\"https:\/\/facebook.com\/sunoresearch\",\"https:\/\/x.com\/sunoresearch\",\"https:\/\/www.instagram.com\/suno\",\"https:\/\/www.linkedin.com\/company\/suno-research\/\",\"https:\/\/www.youtube.com\/c\/sunoresearch\"]},{\"@type\":\"Person\",\"@id\":\"https:\/\/www.suno.com.br\/noticias\/#\/schema\/person\/918d79de1f0281f01599b93f9ea6e23f\",\"name\":\"Jader Lazarini\",\"image\":{\"@type\":\"ImageObject\",\"inLanguage\":\"pt-BR\",\"@id\":\"https:\/\/www.suno.com.br\/noticias\/#\/schema\/person\/image\/\",\"url\":\"https:\/\/secure.gravatar.com\/avatar\/3c1ad8caa51589841baeb923fcddea97?s=96&r=g\",\"contentUrl\":\"https:\/\/secure.gravatar.com\/avatar\/3c1ad8caa51589841baeb923fcddea97?s=96&r=g\",\"caption\":\"Jader Lazarini\"},\"description\":\"Jader Lazarini escreve sobre investimentos, finan\u00e7as, economia e neg\u00f3cios. \u00c9 bacharel em Rela\u00e7\u00f5es Internacionais e analista CNPI (2619).\",\"url\":\"https:\/\/www.suno.com.br\/noticias\/author\/jader-lazarini\/\"}]}<\/script>\n<!-- \/ Yoast SEO plugin. -->","yoast_head_json":{"title":"D\u00f3lar abre a semana em queda; reabertura econ\u00f4mica no radar","description":"O d\u00f3lar abriu em queda nesta segunda-feira (18). Os mercados est\u00e3o atentos aos planos de recupera\u00e7\u00e3o e reabertura econ\u00f4mica. Saiba mais.","robots":{"index":"index","follow":"follow","max-snippet":"max-snippet:-1","max-image-preview":"max-image-preview:large","max-video-preview":"max-video-preview:-1"},"canonical":"https:\/\/www.suno.com.br\/noticias\/dolar-economia-fed-moodys-ministerio-18052020\/","og_locale":"pt_BR","og_type":"article","og_title":"D\u00f3lar abre a semana em queda; reabertura econ\u00f4mica no radar","og_description":"O d\u00f3lar abriu em queda nesta segunda-feira (18). Os mercados est\u00e3o atentos aos planos de recupera\u00e7\u00e3o e reabertura econ\u00f4mica. Saiba mais.","og_url":"https:\/\/www.suno.com.br\/noticias\/dolar-economia-fed-moodys-ministerio-18052020\/","og_site_name":"Suno Not\u00edcias","article_publisher":"https:\/\/facebook.com\/sunoresearch","og_image":[{"width":1920,"height":1357,"url":"https:\/\/files.sunoresearch.com.br\/n\/uploads\/2018\/09\/05c56ec4-dolar.jpg","type":"image\/jpeg"}],"author":"Jader Lazarini","twitter_card":"summary_large_image","twitter_creator":"@sunoresearch","twitter_site":"@sunoresearch","twitter_misc":{"Escrito por":"Jader Lazarini","Est. tempo de leitura":"4 minutos"},"schema":{"@context":"https:\/\/schema.org","@graph":[{"@type":"NewsArticle","@id":"https:\/\/www.suno.com.br\/noticias\/dolar-economia-fed-moodys-ministerio-18052020\/#article","isPartOf":{"@id":"https:\/\/www.suno.com.br\/noticias\/dolar-economia-fed-moodys-ministerio-18052020\/"},"author":{"name":"Jader Lazarini","@id":"https:\/\/www.suno.com.br\/noticias\/#\/schema\/person\/918d79de1f0281f01599b93f9ea6e23f"},"headline":"D\u00f3lar abre a semana em queda; reabertura econ\u00f4mica no radar","datePublished":"2020-05-18T12:33:09+00:00","mainEntityOfPage":{"@id":"https:\/\/www.suno.com.br\/noticias\/dolar-economia-fed-moodys-ministerio-18052020\/"},"wordCount":742,"publisher":{"@id":"https:\/\/www.suno.com.br\/noticias\/#organization"},"image":{"@id":"https:\/\/www.suno.com.br\/noticias\/dolar-economia-fed-moodys-ministerio-18052020\/#primaryimage"},"thumbnailUrl":"https:\/\/files.sunoresearch.com.br\/n\/uploads\/2018\/09\/05c56ec4-dolar-jpg.webp","keywords":["d\u00f3lar","Economia","Federal Reserve (FED)","Minist\u00e9rio da Sa\u00fade","Moody's"],"articleSection":["Mercado"],"inLanguage":"pt-BR"},{"@type":"WebPage","@id":"https:\/\/www.suno.com.br\/noticias\/dolar-economia-fed-moodys-ministerio-18052020\/","url":"https:\/\/www.suno.com.br\/noticias\/dolar-economia-fed-moodys-ministerio-18052020\/","name":"D\u00f3lar abre a semana em queda; reabertura econ\u00f4mica no radar","isPartOf":{"@id":"https:\/\/www.suno.com.br\/noticias\/#website"},"primaryImageOfPage":{"@id":"https:\/\/www.suno.com.br\/noticias\/dolar-economia-fed-moodys-ministerio-18052020\/#primaryimage"},"image":{"@id":"https:\/\/www.suno.com.br\/noticias\/dolar-economia-fed-moodys-ministerio-18052020\/#primaryimage"},"thumbnailUrl":"https:\/\/files.sunoresearch.com.br\/n\/uploads\/2018\/09\/05c56ec4-dolar-jpg.webp","datePublished":"2020-05-18T12:33:09+00:00","description":"O d\u00f3lar abriu em queda nesta segunda-feira (18). Os mercados est\u00e3o atentos aos planos de recupera\u00e7\u00e3o e reabertura econ\u00f4mica. Saiba mais.","breadcrumb":{"@id":"https:\/\/www.suno.com.br\/noticias\/dolar-economia-fed-moodys-ministerio-18052020\/#breadcrumb"},"inLanguage":"pt-BR","potentialAction":[{"@type":"ReadAction","target":["https:\/\/www.suno.com.br\/noticias\/dolar-economia-fed-moodys-ministerio-18052020\/"]}]},{"@type":"ImageObject","inLanguage":"pt-BR","@id":"https:\/\/www.suno.com.br\/noticias\/dolar-economia-fed-moodys-ministerio-18052020\/#primaryimage","url":"https:\/\/files.sunoresearch.com.br\/n\/uploads\/2018\/09\/05c56ec4-dolar-jpg.webp","contentUrl":"https:\/\/files.sunoresearch.com.br\/n\/uploads\/2018\/09\/05c56ec4-dolar-jpg.webp","width":1920,"height":1357,"caption":"D\u00f3lar encerra em queda de 0,935%, cotado em R$ 5,1583"},{"@type":"BreadcrumbList","@id":"https:\/\/www.suno.com.br\/noticias\/dolar-economia-fed-moodys-ministerio-18052020\/#breadcrumb","itemListElement":[{"@type":"ListItem","position":1,"name":"Not\u00edcias","item":"https:\/\/www.suno.com.br\/noticias\/"},{"@type":"ListItem","position":2,"name":"Mercado","item":"https:\/\/www.suno.com.br\/noticias\/mercado\/"},{"@type":"ListItem","position":3,"name":"D\u00f3lar abre a semana em queda; reabertura econ\u00f4mica no radar"}]},{"@type":"WebSite","@id":"https:\/\/www.suno.com.br\/noticias\/#website","url":"https:\/\/www.suno.com.br\/noticias\/","name":"Suno Not\u00edcias","description":"Seu portal de informa\u00e7\u00e3o sobre o mundo dos investimentos","publisher":{"@id":"https:\/\/www.suno.com.br\/noticias\/#organization"},"potentialAction":[{"@type":"SearchAction","target":{"@type":"EntryPoint","urlTemplate":"https:\/\/www.suno.com.br\/noticias\/?s={search_term_string}"},"query-input":{"@type":"PropertyValueSpecification","valueRequired":true,"valueName":"search_term_string"}}],"inLanguage":"pt-BR"},{"@type":"Organization","@id":"https:\/\/www.suno.com.br\/noticias\/#organization","name":"Suno Not\u00edcias","url":"https:\/\/www.suno.com.br\/noticias\/","logo":{"@type":"ImageObject","inLanguage":"pt-BR","@id":"https:\/\/www.suno.com.br\/noticias\/#\/schema\/logo\/image\/","url":"https:\/\/files.sunoresearch.com.br\/n\/uploads\/2021\/09\/suno-logo.png","contentUrl":"https:\/\/files.sunoresearch.com.br\/n\/uploads\/2021\/09\/suno-logo.png","width":180,"height":180,"caption":"Suno Not\u00edcias"},"image":{"@id":"https:\/\/www.suno.com.br\/noticias\/#\/schema\/logo\/image\/"},"sameAs":["https:\/\/facebook.com\/sunoresearch","https:\/\/x.com\/sunoresearch","https:\/\/www.instagram.com\/suno","https:\/\/www.linkedin.com\/company\/suno-research\/","https:\/\/www.youtube.com\/c\/sunoresearch"]},{"@type":"Person","@id":"https:\/\/www.suno.com.br\/noticias\/#\/schema\/person\/918d79de1f0281f01599b93f9ea6e23f","name":"Jader Lazarini","image":{"@type":"ImageObject","inLanguage":"pt-BR","@id":"https:\/\/www.suno.com.br\/noticias\/#\/schema\/person\/image\/","url":"https:\/\/secure.gravatar.com\/avatar\/3c1ad8caa51589841baeb923fcddea97?s=96&r=g","contentUrl":"https:\/\/secure.gravatar.com\/avatar\/3c1ad8caa51589841baeb923fcddea97?s=96&r=g","caption":"Jader Lazarini"},"description":"Jader Lazarini escreve sobre investimentos, finan\u00e7as, economia e neg\u00f3cios. \u00c9 bacharel em Rela\u00e7\u00f5es Internacionais e analista CNPI (2619).","url":"https:\/\/www.suno.com.br\/noticias\/author\/jader-lazarini\/"}]}},"default_loop_html":"<div class=\"cardsPage__listCard__boxs\"><div class=\"cardsPage__listCard__boxs__img\"><a href=\"https:\/\/www.suno.com.br\/noticias\/dolar-economia-fed-moodys-ministerio-18052020\/\"><img class=\"mask\" src=\"https:\/\/www.suno.com.br\/noticias\/wp-content\/themes\/suno\/resources\/images\/spotlight\/spotlight1img\/bg-mask.png\" alt=\"Image Mask\"\/><img src=\"https:\/\/files.sunoresearch.com.br\/n\/uploads\/2018\/09\/05c56ec4-dolar-400x200.webp\" alt=\"D\u00f3lar abre a semana em queda; reabertura econ\u00f4mica no radar\"\/><\/a><span class=\"spotlightCategory\"><a href=\"https:\/\/www.suno.com.br\/noticias\/mercado\/\">Mercado<\/a><\/span><\/div><div class=\"cardsPage__listCard__boxs__content\"><a href=\"https:\/\/www.suno.com.br\/noticias\/dolar-economia-fed-moodys-ministerio-18052020\/\"><h2 class=\"content__title\">D\u00f3lar abre a semana em queda; reabertura econ\u00f4mica no radar<\/h2><\/a><div class=\"newsContent__article__meta\"><div class=\"newsContent__article__meta__authorBox\"><a href=\"https:\/\/www.suno.com.br\/noticias\/author\/jader-lazarini\/\" class=\"authorBox__avatar noMobi\"><img src=\"https:\/\/files.sunoresearch.com.br\/n\/uploads\/2021\/01\/178e6598-foto-perfil-2-150x150.jpg\" alt=\"Jader Lazarini\"><\/a><div class=\"authorBox__name\"><span>por\n\t\t\t<a href=\"https:\/\/www.suno.com.br\/noticias\/author\/jader-lazarini\/\"><span itemprop=\"author\">Jader Lazarini<\/span><\/a><\/span><time datetime=\"2020-05-18T09:33:09-03:00\" itemprop=\"datePublished\">18\/05\/2020 09:33<\/time><\/div><\/div><\/div><\/div><\/div>","single_layout":"posts","amp_enabled":true,"_links":{"self":[{"href":"https:\/\/www.suno.com.br\/noticias\/wp-json\/wp\/v2\/posts\/65135"}],"collection":[{"href":"https:\/\/www.suno.com.br\/noticias\/wp-json\/wp\/v2\/posts"}],"about":[{"href":"https:\/\/www.suno.com.br\/noticias\/wp-json\/wp\/v2\/types\/post"}],"author":[{"embeddable":true,"href":"https:\/\/www.suno.com.br\/noticias\/wp-json\/wp\/v2\/users\/24"}],"replies":[{"embeddable":true,"href":"https:\/\/www.suno.com.br\/noticias\/wp-json\/wp\/v2\/comments?post=65135"}],"version-history":[{"count":0,"href":"https:\/\/www.suno.com.br\/noticias\/wp-json\/wp\/v2\/posts\/65135\/revisions"}],"wp:featuredmedia":[{"embeddable":true,"href":"https:\/\/www.suno.com.br\/noticias\/wp-json\/wp\/v2\/media\/4517"}],"wp:attachment":[{"href":"https:\/\/www.suno.com.br\/noticias\/wp-json\/wp\/v2\/media?parent=65135"}],"wp:term":[{"taxonomy":"category","embeddable":true,"href":"https:\/\/www.suno.com.br\/noticias\/wp-json\/wp\/v2\/categories?post=65135"},{"taxonomy":"post_tag","embeddable":true,"href":"https:\/\/www.suno.com.br\/noticias\/wp-json\/wp\/v2\/tags?post=65135"},{"taxonomy":"suno_strategy","embeddable":true,"href":"https:\/\/www.suno.com.br\/noticias\/wp-json\/wp\/v2\/suno_strategy?post=65135"}],"curies":[{"name":"wp","href":"https:\/\/api.w.org\/{rel}","templated":true}]}}