{"id":65105,"date":"2020-05-17T14:53:49","date_gmt":"2020-05-17T17:53:49","guid":{"rendered":"https:\/\/www.suno.com.br\/noticias\/?p=65105"},"modified":"2020-05-17T14:53:49","modified_gmt":"2020-05-17T17:53:49","slug":"donald-trump-cidadaos-eua-voltar-trabalho","status":"publish","type":"post","link":"https:\/\/www.suno.com.br\/noticias\/donald-trump-cidadaos-eua-voltar-trabalho\/","title":{"rendered":"Donald Trump afirma que cidad\u00e3os dos EUA t\u00eam de voltar ao trabalho"},"content":{"rendered":"<p>O presidente dos Estados Unidos, <strong>Donald Trump<\/strong>, disse, em entrevista ao Fox Business, neste domingo (17), que os EUA precisam retomar suas atividades para movimentar a economia. &#8220;Muitas pessoas est\u00e3o morrendo por causa da quarentena. Elas n\u00e3o podem sair e est\u00e3o perdendo seus empregos. Eu acho que n\u00f3s temos que voltar ao trabalho\u201d&#8221;, disse o mandat\u00e1rio norte-americano.<\/p>\t<div class=\"wrapper-featured-image\">\n\t\t<figure class=\"spotlightImg\">\n\n\t\t\t<picture>\n\t\t\t\t<source media=\"(max-width: 768px)\" srcset=\"https:\/\/files.sunoresearch.com.br\/n\/uploads\/2020\/03\/a0c48b23-7baa82a2-trump-e1583873701423-400x200.webp\">\n\t\t\t\t<img loading=\"lazy\" decoding=\"async\" class=\"newsContent__article__imgCapa lazyloadDisabled newsContent__article__imgCapa--noCaption\" src=\"https:\/\/files.sunoresearch.com.br\/n\/uploads\/2020\/03\/a0c48b23-7baa82a2-trump-e1583873701423-800x450.webp\" width=\"800\" height=\"450\" alt=\"Donald Trump afirma que cidad\u00e3os dos EUA t\u00eam de voltar ao trabalho\" fetchpriority=high \/>\n\t\t\t<\/picture>\n\n\t\t\t<figcaption class=\"wp-caption-text wp-caption-text--hide\">A Agenda do Dia desta sexta-feira (8) destaca o discurso de Donald Trump, al\u00e9m de dados econ\u00f4micos e corporativos. <\/figcaption>\n\t\t<\/figure>\n\t<\/div>\n\n\n\n<p>Donald Trump tamb\u00e9m afirmou que acredita que uma vacina para o Covid-19 ser\u00e1 desenvolvida at\u00e9 o final do ano. Al\u00e9m disso, o presidente dos EUA tamb\u00e9m disse que este momento de crise \u00e9 bom para o d\u00f3lar estar fortalecido em rela\u00e7\u00e3o a outras moedas e que o pa\u00eds norte-americano ir\u00e1 refor\u00e7ar a produ\u00e7\u00e3o industrial nos pr\u00f3ximos anos. \u201cDevemos fazer tudo nos Estados Unidos\u201c, afirmou Trump.<\/p>\n<p><a href=\"https:\/\/lp.suno.com.br\/suno-one\/\">Garanta acesso gratuito \u00e0 eBooks, Minicursos, Artigos e Video Aulas com um \u00fanico cadastro. Clique para saber mais.<\/a><\/p>\n<p>Outra fala de Trump foi em rela\u00e7\u00e3o a reabertura de centros educacionais. \u201cN\u00f3s precisamos reabrir nossas escolas o mais r\u00e1pido poss\u00edvel\u201d, afirmou o presidente dos EUA.<\/p>\n<h2>Donald Trump amea\u00e7a cortar rela\u00e7\u00f5es com a China<\/h2>\n<p>O presidente dos Estados Unidos amea\u00e7ou, na \u00faltima quinta-feira (14), romper as rela\u00e7\u00f5es com a China e afirmou que n\u00e3o ir\u00e1 falar com o presidente chin\u00eas Xi Jinping.<\/p>\n<p>As tens\u00f5es internacionais entre as duas maiores potencias do mundo tiveram in\u00edcio ap\u00f3s o presidente norte-americano culpar a <strong>China<\/strong> pela pandemia do novo coronav\u00edrus.<\/p>\n<p>&#8220;Tenho uma rela\u00e7\u00e3o muito boa, mas agora n\u00e3o quero falar com ele&#8221;, disse Trump \u00e0 Fox Business. O governante norte-americano ainda afirmou estar &#8220;muito decepcionado&#8221; com a gest\u00e3o da pandemia por parte do governo chin\u00eas.<\/p>\n<p><a href=\"https:\/\/www.suno.com.br\/noticias\/trump-oms-marionete-chinesa\/\">Veja tamb\u00e9m: Trump diz que OMS \u00e9 marionete chinesa e destaca aportes financeiros<\/a><\/p>\n<p>Quando questionado se os Estados Unidos poderia adotar medidas contra a pot\u00eancia asi\u00e1tica, <strong>Donald Trump<\/strong> preferiu n\u00e3o dar mais detalhes. Entretanto, afirmou que &#8220;h\u00e1 muitas coisas que poderia fazer&#8221;. &#8220;Poder\u00edamos fazer coisas. Poder\u00edamos cortar todas as rela\u00e7\u00f5es&#8221;, acrescentou o mandat\u00e1rio.<\/p>\n\n","protected":false},"excerpt":{"rendered":"<p>O presidente dos Estados Unidos, Donald Trump, disse, em entrevista ao Fox Business, neste domingo (17), que os EUA precisam retomar suas atividades para movimentar a economia. &#8220;Muitas pessoas est\u00e3o morrendo por causa da quarentena. Elas n\u00e3o podem sair e est\u00e3o perdendo seus empregos. Eu acho que n\u00f3s temos que voltar ao trabalho\u201d&#8221;, disse o [&hellip;]<\/p>\n","protected":false},"author":19,"featured_media":57156,"comment_status":"closed","ping_status":"closed","sticky":false,"template":"","format":"standard","meta":[],"categories":[63],"tags":[711,2487,724],"suno_strategy":[],"class_list":["post-65105","post","type-post","status-publish","format-standard","has-post-thumbnail","hentry","category-internacional","tag-china","tag-coronavirus","tag-donald-trump"],"yoast_head":"<!-- This site is optimized with the Yoast SEO plugin v24.4 - https:\/\/yoast.com\/wordpress\/plugins\/seo\/ -->\n<title>Donald Trump afirma que cidad\u00e3os dos EUA t\u00eam de voltar ao trabalho<\/title>\n<meta name=\"description\" content=\"O presidente dos Estados Unidos, Donald Trump, disse que os EUA precisam retomar suas atividades para movimentar a economia.\" \/>\n<meta name=\"robots\" content=\"index, follow, max-snippet:-1, max-image-preview:large, max-video-preview:-1\" \/>\n<link rel=\"canonical\" href=\"https:\/\/www.suno.com.br\/noticias\/donald-trump-cidadaos-eua-voltar-trabalho\/\" \/>\n<meta property=\"og:locale\" content=\"pt_BR\" \/>\n<meta property=\"og:type\" content=\"article\" \/>\n<meta property=\"og:title\" content=\"Donald Trump afirma que cidad\u00e3os dos EUA t\u00eam de voltar ao trabalho\" \/>\n<meta property=\"og:description\" content=\"O presidente dos Estados Unidos, Donald Trump, disse que os EUA precisam retomar suas atividades para movimentar a economia.\" \/>\n<meta property=\"og:url\" content=\"https:\/\/www.suno.com.br\/noticias\/donald-trump-cidadaos-eua-voltar-trabalho\/\" \/>\n<meta property=\"og:site_name\" content=\"Suno Not\u00edcias\" \/>\n<meta property=\"article:publisher\" content=\"https:\/\/facebook.com\/sunoresearch\" \/>\n<meta property=\"og:image\" content=\"https:\/\/files.sunoresearch.com.br\/n\/uploads\/2020\/03\/a0c48b23-7baa82a2-trump-e1583873701423.jpg\" \/>\n\t<meta property=\"og:image:width\" content=\"1188\" \/>\n\t<meta property=\"og:image:height\" content=\"669\" \/>\n\t<meta property=\"og:image:type\" content=\"image\/jpeg\" \/>\n<meta name=\"author\" content=\"Juliano Passaro\" \/>\n<meta name=\"twitter:card\" content=\"summary_large_image\" \/>\n<meta name=\"twitter:creator\" content=\"@sunoresearch\" \/>\n<meta name=\"twitter:site\" content=\"@sunoresearch\" \/>\n<meta name=\"twitter:label1\" content=\"Escrito por\" \/>\n\t<meta name=\"twitter:data1\" content=\"Juliano Passaro\" \/>\n\t<meta name=\"twitter:label2\" content=\"Est. tempo de leitura\" \/>\n\t<meta name=\"twitter:data2\" content=\"2 minutos\" \/>\n<script type=\"application\/ld+json\" class=\"yoast-schema-graph\">{\"@context\":\"https:\/\/schema.org\",\"@graph\":[{\"@type\":\"NewsArticle\",\"@id\":\"https:\/\/www.suno.com.br\/noticias\/donald-trump-cidadaos-eua-voltar-trabalho\/#article\",\"isPartOf\":{\"@id\":\"https:\/\/www.suno.com.br\/noticias\/donald-trump-cidadaos-eua-voltar-trabalho\/\"},\"author\":{\"name\":\"Juliano Passaro\",\"@id\":\"https:\/\/www.suno.com.br\/noticias\/#\/schema\/person\/1db762f78ffd8919a648a63e425953e3\"},\"headline\":\"Donald Trump afirma que cidad\u00e3os dos EUA t\u00eam de voltar ao trabalho\",\"datePublished\":\"2020-05-17T17:53:49+00:00\",\"mainEntityOfPage\":{\"@id\":\"https:\/\/www.suno.com.br\/noticias\/donald-trump-cidadaos-eua-voltar-trabalho\/\"},\"wordCount\":370,\"publisher\":{\"@id\":\"https:\/\/www.suno.com.br\/noticias\/#organization\"},\"image\":{\"@id\":\"https:\/\/www.suno.com.br\/noticias\/donald-trump-cidadaos-eua-voltar-trabalho\/#primaryimage\"},\"thumbnailUrl\":\"https:\/\/files.sunoresearch.com.br\/n\/uploads\/2020\/03\/a0c48b23-7baa82a2-trump-e1583873701423-jpg.webp\",\"keywords\":[\"China\",\"coronav\u00edrus\",\"Donald Trump\"],\"articleSection\":[\"Internacional\"],\"inLanguage\":\"pt-BR\"},{\"@type\":\"WebPage\",\"@id\":\"https:\/\/www.suno.com.br\/noticias\/donald-trump-cidadaos-eua-voltar-trabalho\/\",\"url\":\"https:\/\/www.suno.com.br\/noticias\/donald-trump-cidadaos-eua-voltar-trabalho\/\",\"name\":\"Donald Trump afirma que cidad\u00e3os dos EUA t\u00eam de voltar ao trabalho\",\"isPartOf\":{\"@id\":\"https:\/\/www.suno.com.br\/noticias\/#website\"},\"primaryImageOfPage\":{\"@id\":\"https:\/\/www.suno.com.br\/noticias\/donald-trump-cidadaos-eua-voltar-trabalho\/#primaryimage\"},\"image\":{\"@id\":\"https:\/\/www.suno.com.br\/noticias\/donald-trump-cidadaos-eua-voltar-trabalho\/#primaryimage\"},\"thumbnailUrl\":\"https:\/\/files.sunoresearch.com.br\/n\/uploads\/2020\/03\/a0c48b23-7baa82a2-trump-e1583873701423-jpg.webp\",\"datePublished\":\"2020-05-17T17:53:49+00:00\",\"description\":\"O presidente dos Estados Unidos, Donald Trump, disse que os EUA precisam retomar suas atividades para movimentar a economia.\",\"breadcrumb\":{\"@id\":\"https:\/\/www.suno.com.br\/noticias\/donald-trump-cidadaos-eua-voltar-trabalho\/#breadcrumb\"},\"inLanguage\":\"pt-BR\",\"potentialAction\":[{\"@type\":\"ReadAction\",\"target\":[\"https:\/\/www.suno.com.br\/noticias\/donald-trump-cidadaos-eua-voltar-trabalho\/\"]}]},{\"@type\":\"ImageObject\",\"inLanguage\":\"pt-BR\",\"@id\":\"https:\/\/www.suno.com.br\/noticias\/donald-trump-cidadaos-eua-voltar-trabalho\/#primaryimage\",\"url\":\"https:\/\/files.sunoresearch.com.br\/n\/uploads\/2020\/03\/a0c48b23-7baa82a2-trump-e1583873701423-jpg.webp\",\"contentUrl\":\"https:\/\/files.sunoresearch.com.br\/n\/uploads\/2020\/03\/a0c48b23-7baa82a2-trump-e1583873701423-jpg.webp\",\"width\":1188,\"height\":669,\"caption\":\"A Agenda do Dia desta sexta-feira (8) destaca o discurso de Donald Trump, al\u00e9m de dados econ\u00f4micos e corporativos.\"},{\"@type\":\"BreadcrumbList\",\"@id\":\"https:\/\/www.suno.com.br\/noticias\/donald-trump-cidadaos-eua-voltar-trabalho\/#breadcrumb\",\"itemListElement\":[{\"@type\":\"ListItem\",\"position\":1,\"name\":\"Not\u00edcias\",\"item\":\"https:\/\/www.suno.com.br\/noticias\/\"},{\"@type\":\"ListItem\",\"position\":2,\"name\":\"Internacional\",\"item\":\"https:\/\/www.suno.com.br\/noticias\/internacional\/\"},{\"@type\":\"ListItem\",\"position\":3,\"name\":\"Donald Trump afirma que cidad\u00e3os dos EUA t\u00eam de voltar ao trabalho\"}]},{\"@type\":\"WebSite\",\"@id\":\"https:\/\/www.suno.com.br\/noticias\/#website\",\"url\":\"https:\/\/www.suno.com.br\/noticias\/\",\"name\":\"Suno Not\u00edcias\",\"description\":\"Seu portal de informa\u00e7\u00e3o sobre o mundo dos investimentos\",\"publisher\":{\"@id\":\"https:\/\/www.suno.com.br\/noticias\/#organization\"},\"potentialAction\":[{\"@type\":\"SearchAction\",\"target\":{\"@type\":\"EntryPoint\",\"urlTemplate\":\"https:\/\/www.suno.com.br\/noticias\/?s={search_term_string}\"},\"query-input\":{\"@type\":\"PropertyValueSpecification\",\"valueRequired\":true,\"valueName\":\"search_term_string\"}}],\"inLanguage\":\"pt-BR\"},{\"@type\":\"Organization\",\"@id\":\"https:\/\/www.suno.com.br\/noticias\/#organization\",\"name\":\"Suno Not\u00edcias\",\"url\":\"https:\/\/www.suno.com.br\/noticias\/\",\"logo\":{\"@type\":\"ImageObject\",\"inLanguage\":\"pt-BR\",\"@id\":\"https:\/\/www.suno.com.br\/noticias\/#\/schema\/logo\/image\/\",\"url\":\"https:\/\/files.sunoresearch.com.br\/n\/uploads\/2021\/09\/suno-logo.png\",\"contentUrl\":\"https:\/\/files.sunoresearch.com.br\/n\/uploads\/2021\/09\/suno-logo.png\",\"width\":180,\"height\":180,\"caption\":\"Suno Not\u00edcias\"},\"image\":{\"@id\":\"https:\/\/www.suno.com.br\/noticias\/#\/schema\/logo\/image\/\"},\"sameAs\":[\"https:\/\/facebook.com\/sunoresearch\",\"https:\/\/x.com\/sunoresearch\",\"https:\/\/www.instagram.com\/suno\",\"https:\/\/www.linkedin.com\/company\/suno-research\/\",\"https:\/\/www.youtube.com\/c\/sunoresearch\"]},{\"@type\":\"Person\",\"@id\":\"https:\/\/www.suno.com.br\/noticias\/#\/schema\/person\/1db762f78ffd8919a648a63e425953e3\",\"name\":\"Juliano Passaro\",\"image\":{\"@type\":\"ImageObject\",\"inLanguage\":\"pt-BR\",\"@id\":\"https:\/\/www.suno.com.br\/noticias\/#\/schema\/person\/image\/\",\"url\":\"https:\/\/secure.gravatar.com\/avatar\/743d4df28eebf6dcc46b4ad03c319e92?s=96&r=g\",\"contentUrl\":\"https:\/\/secure.gravatar.com\/avatar\/743d4df28eebf6dcc46b4ad03c319e92?s=96&r=g\",\"caption\":\"Juliano Passaro\"},\"description\":\"Juliano Passaro escreve sobre pol\u00edtica, economia e neg\u00f3cios para o portal da Suno Research. Antes da Suno, trabalhou no Portal da Band. \u00c9 formado em jornalismo pela Universidade Presbiteriana Mackenzie.\",\"url\":\"https:\/\/www.suno.com.br\/noticias\/author\/juliano\/\"}]}<\/script>\n<!-- \/ Yoast SEO plugin. -->","yoast_head_json":{"title":"Donald Trump afirma que cidad\u00e3os dos EUA t\u00eam de voltar ao trabalho","description":"O presidente dos Estados Unidos, Donald Trump, disse que os EUA precisam retomar suas atividades para movimentar a economia.","robots":{"index":"index","follow":"follow","max-snippet":"max-snippet:-1","max-image-preview":"max-image-preview:large","max-video-preview":"max-video-preview:-1"},"canonical":"https:\/\/www.suno.com.br\/noticias\/donald-trump-cidadaos-eua-voltar-trabalho\/","og_locale":"pt_BR","og_type":"article","og_title":"Donald Trump afirma que cidad\u00e3os dos EUA t\u00eam de voltar ao trabalho","og_description":"O presidente dos Estados Unidos, Donald Trump, disse que os EUA precisam retomar suas atividades para movimentar a economia.","og_url":"https:\/\/www.suno.com.br\/noticias\/donald-trump-cidadaos-eua-voltar-trabalho\/","og_site_name":"Suno Not\u00edcias","article_publisher":"https:\/\/facebook.com\/sunoresearch","og_image":[{"width":1188,"height":669,"url":"https:\/\/files.sunoresearch.com.br\/n\/uploads\/2020\/03\/a0c48b23-7baa82a2-trump-e1583873701423.jpg","type":"image\/jpeg"}],"author":"Juliano Passaro","twitter_card":"summary_large_image","twitter_creator":"@sunoresearch","twitter_site":"@sunoresearch","twitter_misc":{"Escrito por":"Juliano Passaro","Est. tempo de leitura":"2 minutos"},"schema":{"@context":"https:\/\/schema.org","@graph":[{"@type":"NewsArticle","@id":"https:\/\/www.suno.com.br\/noticias\/donald-trump-cidadaos-eua-voltar-trabalho\/#article","isPartOf":{"@id":"https:\/\/www.suno.com.br\/noticias\/donald-trump-cidadaos-eua-voltar-trabalho\/"},"author":{"name":"Juliano Passaro","@id":"https:\/\/www.suno.com.br\/noticias\/#\/schema\/person\/1db762f78ffd8919a648a63e425953e3"},"headline":"Donald Trump afirma que cidad\u00e3os dos EUA t\u00eam de voltar ao trabalho","datePublished":"2020-05-17T17:53:49+00:00","mainEntityOfPage":{"@id":"https:\/\/www.suno.com.br\/noticias\/donald-trump-cidadaos-eua-voltar-trabalho\/"},"wordCount":370,"publisher":{"@id":"https:\/\/www.suno.com.br\/noticias\/#organization"},"image":{"@id":"https:\/\/www.suno.com.br\/noticias\/donald-trump-cidadaos-eua-voltar-trabalho\/#primaryimage"},"thumbnailUrl":"https:\/\/files.sunoresearch.com.br\/n\/uploads\/2020\/03\/a0c48b23-7baa82a2-trump-e1583873701423-jpg.webp","keywords":["China","coronav\u00edrus","Donald Trump"],"articleSection":["Internacional"],"inLanguage":"pt-BR"},{"@type":"WebPage","@id":"https:\/\/www.suno.com.br\/noticias\/donald-trump-cidadaos-eua-voltar-trabalho\/","url":"https:\/\/www.suno.com.br\/noticias\/donald-trump-cidadaos-eua-voltar-trabalho\/","name":"Donald Trump afirma que cidad\u00e3os dos EUA t\u00eam de voltar ao trabalho","isPartOf":{"@id":"https:\/\/www.suno.com.br\/noticias\/#website"},"primaryImageOfPage":{"@id":"https:\/\/www.suno.com.br\/noticias\/donald-trump-cidadaos-eua-voltar-trabalho\/#primaryimage"},"image":{"@id":"https:\/\/www.suno.com.br\/noticias\/donald-trump-cidadaos-eua-voltar-trabalho\/#primaryimage"},"thumbnailUrl":"https:\/\/files.sunoresearch.com.br\/n\/uploads\/2020\/03\/a0c48b23-7baa82a2-trump-e1583873701423-jpg.webp","datePublished":"2020-05-17T17:53:49+00:00","description":"O presidente dos Estados Unidos, Donald Trump, disse que os EUA precisam retomar suas atividades para movimentar a economia.","breadcrumb":{"@id":"https:\/\/www.suno.com.br\/noticias\/donald-trump-cidadaos-eua-voltar-trabalho\/#breadcrumb"},"inLanguage":"pt-BR","potentialAction":[{"@type":"ReadAction","target":["https:\/\/www.suno.com.br\/noticias\/donald-trump-cidadaos-eua-voltar-trabalho\/"]}]},{"@type":"ImageObject","inLanguage":"pt-BR","@id":"https:\/\/www.suno.com.br\/noticias\/donald-trump-cidadaos-eua-voltar-trabalho\/#primaryimage","url":"https:\/\/files.sunoresearch.com.br\/n\/uploads\/2020\/03\/a0c48b23-7baa82a2-trump-e1583873701423-jpg.webp","contentUrl":"https:\/\/files.sunoresearch.com.br\/n\/uploads\/2020\/03\/a0c48b23-7baa82a2-trump-e1583873701423-jpg.webp","width":1188,"height":669,"caption":"A Agenda do Dia desta sexta-feira (8) destaca o discurso de Donald Trump, al\u00e9m de dados econ\u00f4micos e corporativos."},{"@type":"BreadcrumbList","@id":"https:\/\/www.suno.com.br\/noticias\/donald-trump-cidadaos-eua-voltar-trabalho\/#breadcrumb","itemListElement":[{"@type":"ListItem","position":1,"name":"Not\u00edcias","item":"https:\/\/www.suno.com.br\/noticias\/"},{"@type":"ListItem","position":2,"name":"Internacional","item":"https:\/\/www.suno.com.br\/noticias\/internacional\/"},{"@type":"ListItem","position":3,"name":"Donald Trump afirma que cidad\u00e3os dos EUA t\u00eam de voltar ao trabalho"}]},{"@type":"WebSite","@id":"https:\/\/www.suno.com.br\/noticias\/#website","url":"https:\/\/www.suno.com.br\/noticias\/","name":"Suno Not\u00edcias","description":"Seu portal de informa\u00e7\u00e3o sobre o mundo dos investimentos","publisher":{"@id":"https:\/\/www.suno.com.br\/noticias\/#organization"},"potentialAction":[{"@type":"SearchAction","target":{"@type":"EntryPoint","urlTemplate":"https:\/\/www.suno.com.br\/noticias\/?s={search_term_string}"},"query-input":{"@type":"PropertyValueSpecification","valueRequired":true,"valueName":"search_term_string"}}],"inLanguage":"pt-BR"},{"@type":"Organization","@id":"https:\/\/www.suno.com.br\/noticias\/#organization","name":"Suno Not\u00edcias","url":"https:\/\/www.suno.com.br\/noticias\/","logo":{"@type":"ImageObject","inLanguage":"pt-BR","@id":"https:\/\/www.suno.com.br\/noticias\/#\/schema\/logo\/image\/","url":"https:\/\/files.sunoresearch.com.br\/n\/uploads\/2021\/09\/suno-logo.png","contentUrl":"https:\/\/files.sunoresearch.com.br\/n\/uploads\/2021\/09\/suno-logo.png","width":180,"height":180,"caption":"Suno Not\u00edcias"},"image":{"@id":"https:\/\/www.suno.com.br\/noticias\/#\/schema\/logo\/image\/"},"sameAs":["https:\/\/facebook.com\/sunoresearch","https:\/\/x.com\/sunoresearch","https:\/\/www.instagram.com\/suno","https:\/\/www.linkedin.com\/company\/suno-research\/","https:\/\/www.youtube.com\/c\/sunoresearch"]},{"@type":"Person","@id":"https:\/\/www.suno.com.br\/noticias\/#\/schema\/person\/1db762f78ffd8919a648a63e425953e3","name":"Juliano Passaro","image":{"@type":"ImageObject","inLanguage":"pt-BR","@id":"https:\/\/www.suno.com.br\/noticias\/#\/schema\/person\/image\/","url":"https:\/\/secure.gravatar.com\/avatar\/743d4df28eebf6dcc46b4ad03c319e92?s=96&r=g","contentUrl":"https:\/\/secure.gravatar.com\/avatar\/743d4df28eebf6dcc46b4ad03c319e92?s=96&r=g","caption":"Juliano Passaro"},"description":"Juliano Passaro escreve sobre pol\u00edtica, economia e neg\u00f3cios para o portal da Suno Research. Antes da Suno, trabalhou no Portal da Band. \u00c9 formado em jornalismo pela Universidade Presbiteriana Mackenzie.","url":"https:\/\/www.suno.com.br\/noticias\/author\/juliano\/"}]}},"default_loop_html":"<div class=\"cardsPage__listCard__boxs\"><div class=\"cardsPage__listCard__boxs__img\"><a href=\"https:\/\/www.suno.com.br\/noticias\/donald-trump-cidadaos-eua-voltar-trabalho\/\"><img class=\"mask\" src=\"https:\/\/www.suno.com.br\/noticias\/wp-content\/themes\/suno\/resources\/images\/spotlight\/spotlight1img\/bg-mask.png\" alt=\"Image Mask\"\/><img src=\"https:\/\/files.sunoresearch.com.br\/n\/uploads\/2020\/03\/a0c48b23-7baa82a2-trump-e1583873701423-400x200.webp\" alt=\"Donald Trump afirma que cidad\u00e3os dos EUA t\u00eam de voltar ao trabalho\"\/><\/a><span class=\"spotlightCategory\"><a href=\"https:\/\/www.suno.com.br\/noticias\/internacional\/\">Internacional<\/a><\/span><\/div><div class=\"cardsPage__listCard__boxs__content\"><a href=\"https:\/\/www.suno.com.br\/noticias\/donald-trump-cidadaos-eua-voltar-trabalho\/\"><h2 class=\"content__title\">Donald Trump afirma que cidad\u00e3os dos EUA t\u00eam de voltar ao trabalho<\/h2><\/a><div class=\"newsContent__article__meta\"><div class=\"newsContent__article__meta__authorBox\"><a href=\"https:\/\/www.suno.com.br\/noticias\/author\/juliano\/\" class=\"authorBox__avatar noMobi\"><img src=\"https:\/\/files.sunoresearch.com.br\/n\/uploads\/2019\/06\/7cc3efea-whatsapp-image-2019-07-18-at-21.59.33-e1563499821209-150x150.webp\" alt=\"Juliano Passaro\"><\/a><div class=\"authorBox__name\"><span>por\n\t\t\t<a href=\"https:\/\/www.suno.com.br\/noticias\/author\/juliano\/\"><span itemprop=\"author\">Juliano Passaro<\/span><\/a><\/span><time datetime=\"2020-05-17T14:53:49-03:00\" itemprop=\"datePublished\">17\/05\/2020 14:53<\/time><\/div><\/div><\/div><\/div><\/div>","single_layout":"posts","amp_enabled":true,"_links":{"self":[{"href":"https:\/\/www.suno.com.br\/noticias\/wp-json\/wp\/v2\/posts\/65105"}],"collection":[{"href":"https:\/\/www.suno.com.br\/noticias\/wp-json\/wp\/v2\/posts"}],"about":[{"href":"https:\/\/www.suno.com.br\/noticias\/wp-json\/wp\/v2\/types\/post"}],"author":[{"embeddable":true,"href":"https:\/\/www.suno.com.br\/noticias\/wp-json\/wp\/v2\/users\/19"}],"replies":[{"embeddable":true,"href":"https:\/\/www.suno.com.br\/noticias\/wp-json\/wp\/v2\/comments?post=65105"}],"version-history":[{"count":0,"href":"https:\/\/www.suno.com.br\/noticias\/wp-json\/wp\/v2\/posts\/65105\/revisions"}],"wp:featuredmedia":[{"embeddable":true,"href":"https:\/\/www.suno.com.br\/noticias\/wp-json\/wp\/v2\/media\/57156"}],"wp:attachment":[{"href":"https:\/\/www.suno.com.br\/noticias\/wp-json\/wp\/v2\/media?parent=65105"}],"wp:term":[{"taxonomy":"category","embeddable":true,"href":"https:\/\/www.suno.com.br\/noticias\/wp-json\/wp\/v2\/categories?post=65105"},{"taxonomy":"post_tag","embeddable":true,"href":"https:\/\/www.suno.com.br\/noticias\/wp-json\/wp\/v2\/tags?post=65105"},{"taxonomy":"suno_strategy","embeddable":true,"href":"https:\/\/www.suno.com.br\/noticias\/wp-json\/wp\/v2\/suno_strategy?post=65105"}],"curies":[{"name":"wp","href":"https:\/\/api.w.org\/{rel}","templated":true}]}}