{"id":65079,"date":"2020-05-16T11:44:07","date_gmt":"2020-05-16T14:44:07","guid":{"rendered":"https:\/\/www.suno.com.br\/noticias\/?p=65079"},"modified":"2020-05-16T11:44:07","modified_gmt":"2020-05-16T14:44:07","slug":"camara-dos-eua-aprova-pacote-de-us-3-tri-para-combate-da-pandemia","status":"publish","type":"post","link":"https:\/\/www.suno.com.br\/noticias\/camara-dos-eua-aprova-pacote-de-us-3-tri-para-combate-da-pandemia\/","title":{"rendered":"C\u00e2mara dos EUA aprova pacote de US$ 3 tri para combate da pandemia"},"content":{"rendered":"<p>A C\u00e2mara dos Representantes dos <strong>EUA<\/strong> aprovou na \u00faltima sexta-feira (15) um pacote de US$ 3 trilh\u00f5es para o combate da<a href=\"https:\/\/www.suno.com.br\/noticias\/?s=coronav%C3%ADrus\"> pandemia do novo coronav\u00edrus (covid-19)<\/a>.<\/p>\t<div class=\"wrapper-featured-image\">\n\t\t<figure class=\"spotlightImg\">\n\n\t\t\t<picture>\n\t\t\t\t<source media=\"(max-width: 768px)\" srcset=\"https:\/\/files.sunoresearch.com.br\/n\/uploads\/2018\/10\/3e615991-eua-1-400x200.webp\">\n\t\t\t\t<img loading=\"lazy\" decoding=\"async\" class=\"newsContent__article__imgCapa lazyloadDisabled newsContent__article__imgCapa--noCaption\" src=\"https:\/\/files.sunoresearch.com.br\/n\/uploads\/2018\/10\/3e615991-eua-1-800x450.webp\" width=\"800\" height=\"450\" alt=\"C\u00e2mara dos EUA aprova pacote de US$ 3 tri para combate da pandemia\" fetchpriority=high \/>\n\t\t\t<\/picture>\n\n\t\t\t<figcaption class=\"wp-caption-text wp-caption-text--hide\">Bandeira dos EUA (foto: divulga\u00e7\u00e3o)<\/figcaption>\n\t\t<\/figure>\n\t<\/div>\n\n\n\n<p>No programa est\u00e1 previsto cerca de US$ 1 trilh\u00e3o para governos estaduais e o repasse de US$ 1,2 mil para os estadunidenses que se encontram com dificuldades. &#8220;N\u00e3o agir agora seria irrespons\u00e1vel apenas do ponto de vista humanit\u00e1rio, seria irrespons\u00e1vel porque vai custar mais&#8221;, disse a presidente da C\u00e2mara dos EUA, Nancy Pelosi.<\/p>\n<p><a href=\"https:\/\/lp.suno.com.br\/suno-one\/\">Garanta acesso gratuito \u00e0 eBooks, Minicursos, Artigos e Video Aulas com um \u00fanico cadastro. Clique para saber mais!<\/a><\/p>\n<p>O texto foi aprovado com 208 votos a favor e 199 contra, sendo que 14 democratas se opuseram, alguns n\u00e3o queriam apoiar medidas pol\u00eamicas, como o apoio a neg\u00f3cios relacionados \u00e0 maconha.<\/p>\n<p>Todos os republicanos foram contr\u00e1rios ao pacote. Por isso, a previs\u00e3o \u00e9 de que o texto seja vetado no Senado, onde a maioria \u00e9 republicana. &#8220;Estar\u00e1 morto quando chegar aqui&#8221;, disse o senador Lindsey Graham.<\/p>\n<p>O projeto inclui pagamentos diretos de at\u00e9 US$ 6 mil por fam\u00edlia. Aproximadamente 36,5 milh\u00f5es de norte-americanos perderam emprego na pandemia<\/p>\n<p>&#8220;Aprovar esta lei para dar \u00e0s fam\u00edlias o apoio de que precisam. Trata-se do povo americano. Eles s\u00e3o nossas fam\u00edlias. Eles sofrem, precisam de ajuda, temos os meios e a possibilidade de fazer isso&#8221;, completou Pelosi.<\/p>\n<h2>EUA registram 2,9 milh\u00f5es de pedidos de seguro-desemprego<\/h2>\n<p>O n\u00famero de solicita\u00e7\u00f5es do seguro-desemprego nos EUA foi de 2,98 milh\u00f5es na semana encerrada em 8 de maio. Os dados foram divulgados pelo Departamento do Trabalho americano na \u00faltima quinta-feira (14). O pedido deste tipo de aux\u00edlio disparou nas \u00faltimas semanas, em raz\u00e3o do impacto do coronav\u00edrus.<\/p>\n<p><a href=\"https:\/\/www.suno.com.br\/noticias\/vendas-no-varejo-dos-eua-caem-164-em-abril-maior-queda-da-serie-historica\/\">Veja Tamb\u00e9m:\u00a0Vendas no varejo dos EUA caem 16,4% em abril, maior queda da s\u00e9rie hist\u00f3rica<\/a><\/p>\n<p>O total de pedidos de seguro-desemprego apresentou uma desacelera\u00e7\u00e3o em compara\u00e7\u00e3o com o n\u00famero registrado nas semanas anteriores. No entanto, ficou levemente acima da expectativa dos analistas da Bloomberg, que apontavam para 2,5 milh\u00f5es de pedidos.<\/p>\n<p>Na semana anterior, os pedidos totalizaram nos <strong>EUA<\/strong> 3,17 milh\u00f5es. Em oito semanas, o total de pedidos de aux\u00edlio-desemprego foi de 35,98 milh\u00f5es. O recorde foi atingindo na primeira semana de abril, com 6,6 milh\u00f5es de requisi\u00e7\u00f5es.<\/p>\n\n","protected":false},"excerpt":{"rendered":"<p>A C\u00e2mara dos Representantes dos EUA aprovou na \u00faltima sexta-feira (15) um pacote de US$ 3 trilh\u00f5es para o combate da pandemia do novo coronav\u00edrus (covid-19). Bandeira dos EUA (foto: divulga\u00e7\u00e3o) No programa est\u00e1 previsto cerca de US$ 1 trilh\u00e3o para governos estaduais e o repasse de US$ 1,2 mil para os estadunidenses que se [&hellip;]<\/p>\n","protected":false},"author":15,"featured_media":5631,"comment_status":"closed","ping_status":"closed","sticky":false,"template":"","format":"standard","meta":[],"categories":[63],"tags":[2487,793,2748],"suno_strategy":[],"class_list":["post-65079","post","type-post","status-publish","format-standard","has-post-thumbnail","hentry","category-internacional","tag-coronavirus","tag-estados-unidos-eua","tag-pandemia"],"yoast_head":"<!-- This site is optimized with the Yoast SEO plugin v24.4 - https:\/\/yoast.com\/wordpress\/plugins\/seo\/ -->\n<title>C\u00e2mara dos EUA aprova US$ 3 trilh\u00f5es para combate da pandemia<\/title>\n<meta name=\"description\" content=\"A C\u00e2mara dos EUA aprovou um pacote de US$ 3 trilh\u00f5es para o combate da pandemia do novo coronav\u00edrus (covid-19). Clique aqui e saiba mais\" \/>\n<meta name=\"robots\" content=\"index, follow, max-snippet:-1, max-image-preview:large, max-video-preview:-1\" \/>\n<link rel=\"canonical\" href=\"https:\/\/www.suno.com.br\/noticias\/camara-dos-eua-aprova-pacote-de-us-3-tri-para-combate-da-pandemia\/\" \/>\n<meta property=\"og:locale\" content=\"pt_BR\" \/>\n<meta property=\"og:type\" content=\"article\" \/>\n<meta property=\"og:title\" content=\"C\u00e2mara dos EUA aprova US$ 3 trilh\u00f5es para combate da pandemia\" \/>\n<meta property=\"og:description\" content=\"A C\u00e2mara dos EUA aprovou um pacote de US$ 3 trilh\u00f5es para o combate da pandemia do novo coronav\u00edrus (covid-19). Clique aqui e saiba mais\" \/>\n<meta property=\"og:url\" content=\"https:\/\/www.suno.com.br\/noticias\/camara-dos-eua-aprova-pacote-de-us-3-tri-para-combate-da-pandemia\/\" \/>\n<meta property=\"og:site_name\" content=\"Suno Not\u00edcias\" \/>\n<meta property=\"article:publisher\" content=\"https:\/\/facebook.com\/sunoresearch\" \/>\n<meta property=\"og:image\" content=\"https:\/\/files.sunoresearch.com.br\/n\/uploads\/2018\/10\/3e615991-eua-1.jpg\" \/>\n\t<meta property=\"og:image:width\" content=\"1920\" \/>\n\t<meta property=\"og:image:height\" content=\"1280\" \/>\n\t<meta property=\"og:image:type\" content=\"image\/jpeg\" \/>\n<meta name=\"author\" content=\"Poliana Santos\" \/>\n<meta name=\"twitter:card\" content=\"summary_large_image\" \/>\n<meta name=\"twitter:creator\" content=\"@sunoresearch\" \/>\n<meta name=\"twitter:site\" content=\"@sunoresearch\" \/>\n<meta name=\"twitter:label1\" content=\"Escrito por\" \/>\n\t<meta name=\"twitter:data1\" content=\"Poliana Santos\" \/>\n\t<meta name=\"twitter:label2\" content=\"Est. tempo de leitura\" \/>\n\t<meta name=\"twitter:data2\" content=\"2 minutos\" \/>\n<script type=\"application\/ld+json\" class=\"yoast-schema-graph\">{\"@context\":\"https:\/\/schema.org\",\"@graph\":[{\"@type\":\"NewsArticle\",\"@id\":\"https:\/\/www.suno.com.br\/noticias\/camara-dos-eua-aprova-pacote-de-us-3-tri-para-combate-da-pandemia\/#article\",\"isPartOf\":{\"@id\":\"https:\/\/www.suno.com.br\/noticias\/camara-dos-eua-aprova-pacote-de-us-3-tri-para-combate-da-pandemia\/\"},\"author\":{\"name\":\"Poliana Santos\",\"@id\":\"https:\/\/www.suno.com.br\/noticias\/#\/schema\/person\/02ec1f752758247878a2bf4abee1aeda\"},\"headline\":\"C\u00e2mara dos EUA aprova pacote de US$ 3 tri para combate da pandemia\",\"datePublished\":\"2020-05-16T14:44:07+00:00\",\"mainEntityOfPage\":{\"@id\":\"https:\/\/www.suno.com.br\/noticias\/camara-dos-eua-aprova-pacote-de-us-3-tri-para-combate-da-pandemia\/\"},\"wordCount\":403,\"publisher\":{\"@id\":\"https:\/\/www.suno.com.br\/noticias\/#organization\"},\"image\":{\"@id\":\"https:\/\/www.suno.com.br\/noticias\/camara-dos-eua-aprova-pacote-de-us-3-tri-para-combate-da-pandemia\/#primaryimage\"},\"thumbnailUrl\":\"https:\/\/files.sunoresearch.com.br\/n\/uploads\/2018\/10\/3e615991-eua-1-jpg.webp\",\"keywords\":[\"coronav\u00edrus\",\"Estados Unidos (EUA)\",\"pandemia\"],\"articleSection\":[\"Internacional\"],\"inLanguage\":\"pt-BR\"},{\"@type\":\"WebPage\",\"@id\":\"https:\/\/www.suno.com.br\/noticias\/camara-dos-eua-aprova-pacote-de-us-3-tri-para-combate-da-pandemia\/\",\"url\":\"https:\/\/www.suno.com.br\/noticias\/camara-dos-eua-aprova-pacote-de-us-3-tri-para-combate-da-pandemia\/\",\"name\":\"C\u00e2mara dos EUA aprova US$ 3 trilh\u00f5es para combate da pandemia\",\"isPartOf\":{\"@id\":\"https:\/\/www.suno.com.br\/noticias\/#website\"},\"primaryImageOfPage\":{\"@id\":\"https:\/\/www.suno.com.br\/noticias\/camara-dos-eua-aprova-pacote-de-us-3-tri-para-combate-da-pandemia\/#primaryimage\"},\"image\":{\"@id\":\"https:\/\/www.suno.com.br\/noticias\/camara-dos-eua-aprova-pacote-de-us-3-tri-para-combate-da-pandemia\/#primaryimage\"},\"thumbnailUrl\":\"https:\/\/files.sunoresearch.com.br\/n\/uploads\/2018\/10\/3e615991-eua-1-jpg.webp\",\"datePublished\":\"2020-05-16T14:44:07+00:00\",\"description\":\"A C\u00e2mara dos EUA aprovou um pacote de US$ 3 trilh\u00f5es para o combate da pandemia do novo coronav\u00edrus (covid-19). Clique aqui e saiba mais\",\"breadcrumb\":{\"@id\":\"https:\/\/www.suno.com.br\/noticias\/camara-dos-eua-aprova-pacote-de-us-3-tri-para-combate-da-pandemia\/#breadcrumb\"},\"inLanguage\":\"pt-BR\",\"potentialAction\":[{\"@type\":\"ReadAction\",\"target\":[\"https:\/\/www.suno.com.br\/noticias\/camara-dos-eua-aprova-pacote-de-us-3-tri-para-combate-da-pandemia\/\"]}]},{\"@type\":\"ImageObject\",\"inLanguage\":\"pt-BR\",\"@id\":\"https:\/\/www.suno.com.br\/noticias\/camara-dos-eua-aprova-pacote-de-us-3-tri-para-combate-da-pandemia\/#primaryimage\",\"url\":\"https:\/\/files.sunoresearch.com.br\/n\/uploads\/2018\/10\/3e615991-eua-1-jpg.webp\",\"contentUrl\":\"https:\/\/files.sunoresearch.com.br\/n\/uploads\/2018\/10\/3e615991-eua-1-jpg.webp\",\"width\":1920,\"height\":1280,\"caption\":\"Bandeira dos EUA (foto: divulga\u00e7\u00e3o)\"},{\"@type\":\"BreadcrumbList\",\"@id\":\"https:\/\/www.suno.com.br\/noticias\/camara-dos-eua-aprova-pacote-de-us-3-tri-para-combate-da-pandemia\/#breadcrumb\",\"itemListElement\":[{\"@type\":\"ListItem\",\"position\":1,\"name\":\"Not\u00edcias\",\"item\":\"https:\/\/www.suno.com.br\/noticias\/\"},{\"@type\":\"ListItem\",\"position\":2,\"name\":\"Internacional\",\"item\":\"https:\/\/www.suno.com.br\/noticias\/internacional\/\"},{\"@type\":\"ListItem\",\"position\":3,\"name\":\"C\u00e2mara dos EUA aprova pacote de US$ 3 tri para combate da pandemia\"}]},{\"@type\":\"WebSite\",\"@id\":\"https:\/\/www.suno.com.br\/noticias\/#website\",\"url\":\"https:\/\/www.suno.com.br\/noticias\/\",\"name\":\"Suno Not\u00edcias\",\"description\":\"Seu portal de informa\u00e7\u00e3o sobre o mundo dos investimentos\",\"publisher\":{\"@id\":\"https:\/\/www.suno.com.br\/noticias\/#organization\"},\"potentialAction\":[{\"@type\":\"SearchAction\",\"target\":{\"@type\":\"EntryPoint\",\"urlTemplate\":\"https:\/\/www.suno.com.br\/noticias\/?s={search_term_string}\"},\"query-input\":{\"@type\":\"PropertyValueSpecification\",\"valueRequired\":true,\"valueName\":\"search_term_string\"}}],\"inLanguage\":\"pt-BR\"},{\"@type\":\"Organization\",\"@id\":\"https:\/\/www.suno.com.br\/noticias\/#organization\",\"name\":\"Suno Not\u00edcias\",\"url\":\"https:\/\/www.suno.com.br\/noticias\/\",\"logo\":{\"@type\":\"ImageObject\",\"inLanguage\":\"pt-BR\",\"@id\":\"https:\/\/www.suno.com.br\/noticias\/#\/schema\/logo\/image\/\",\"url\":\"https:\/\/files.sunoresearch.com.br\/n\/uploads\/2021\/09\/suno-logo.png\",\"contentUrl\":\"https:\/\/files.sunoresearch.com.br\/n\/uploads\/2021\/09\/suno-logo.png\",\"width\":180,\"height\":180,\"caption\":\"Suno Not\u00edcias\"},\"image\":{\"@id\":\"https:\/\/www.suno.com.br\/noticias\/#\/schema\/logo\/image\/\"},\"sameAs\":[\"https:\/\/facebook.com\/sunoresearch\",\"https:\/\/x.com\/sunoresearch\",\"https:\/\/www.instagram.com\/suno\",\"https:\/\/www.linkedin.com\/company\/suno-research\/\",\"https:\/\/www.youtube.com\/c\/sunoresearch\"]},{\"@type\":\"Person\",\"@id\":\"https:\/\/www.suno.com.br\/noticias\/#\/schema\/person\/02ec1f752758247878a2bf4abee1aeda\",\"name\":\"Poliana Santos\",\"image\":{\"@type\":\"ImageObject\",\"inLanguage\":\"pt-BR\",\"@id\":\"https:\/\/www.suno.com.br\/noticias\/#\/schema\/person\/image\/\",\"url\":\"https:\/\/secure.gravatar.com\/avatar\/0645bd32f23d87b2130f2b2dff1d3f8d?s=96&r=g\",\"contentUrl\":\"https:\/\/secure.gravatar.com\/avatar\/0645bd32f23d87b2130f2b2dff1d3f8d?s=96&r=g\",\"caption\":\"Poliana Santos\"},\"description\":\"Rep\u00f3rter no Suno Not\u00edcias, com cobertura em mercado financeiro, economia, finan\u00e7as pessoais, renda fixa e varejo. Jornalista formada pela Faculdade C\u00e1sper L\u00edbero e possui passagem na R\u00e1dio Gazeta AM com a produ\u00e7\u00e3o de conte\u00fado sobre economia, pol\u00edtica, sa\u00fade, moda e m\u00fasica. Possui certificado de conclus\u00e3o do curso de An\u00e1lise de Balan\u00e7os pela Funda\u00e7\u00e3o Bradesco, Agenda Brasil pela FAAP, Educa\u00e7\u00e3o Pol\u00edtica por Alexandre Garcia e do Tesouro Direto e Mercado de A\u00e7\u00f5es pela B3.\",\"url\":\"https:\/\/www.suno.com.br\/noticias\/author\/poliana-santos\/\"}]}<\/script>\n<!-- \/ Yoast SEO plugin. -->","yoast_head_json":{"title":"C\u00e2mara dos EUA aprova US$ 3 trilh\u00f5es para combate da pandemia","description":"A C\u00e2mara dos EUA aprovou um pacote de US$ 3 trilh\u00f5es para o combate da pandemia do novo coronav\u00edrus (covid-19). Clique aqui e saiba mais","robots":{"index":"index","follow":"follow","max-snippet":"max-snippet:-1","max-image-preview":"max-image-preview:large","max-video-preview":"max-video-preview:-1"},"canonical":"https:\/\/www.suno.com.br\/noticias\/camara-dos-eua-aprova-pacote-de-us-3-tri-para-combate-da-pandemia\/","og_locale":"pt_BR","og_type":"article","og_title":"C\u00e2mara dos EUA aprova US$ 3 trilh\u00f5es para combate da pandemia","og_description":"A C\u00e2mara dos EUA aprovou um pacote de US$ 3 trilh\u00f5es para o combate da pandemia do novo coronav\u00edrus (covid-19). Clique aqui e saiba mais","og_url":"https:\/\/www.suno.com.br\/noticias\/camara-dos-eua-aprova-pacote-de-us-3-tri-para-combate-da-pandemia\/","og_site_name":"Suno Not\u00edcias","article_publisher":"https:\/\/facebook.com\/sunoresearch","og_image":[{"width":1920,"height":1280,"url":"https:\/\/files.sunoresearch.com.br\/n\/uploads\/2018\/10\/3e615991-eua-1.jpg","type":"image\/jpeg"}],"author":"Poliana Santos","twitter_card":"summary_large_image","twitter_creator":"@sunoresearch","twitter_site":"@sunoresearch","twitter_misc":{"Escrito por":"Poliana Santos","Est. tempo de leitura":"2 minutos"},"schema":{"@context":"https:\/\/schema.org","@graph":[{"@type":"NewsArticle","@id":"https:\/\/www.suno.com.br\/noticias\/camara-dos-eua-aprova-pacote-de-us-3-tri-para-combate-da-pandemia\/#article","isPartOf":{"@id":"https:\/\/www.suno.com.br\/noticias\/camara-dos-eua-aprova-pacote-de-us-3-tri-para-combate-da-pandemia\/"},"author":{"name":"Poliana Santos","@id":"https:\/\/www.suno.com.br\/noticias\/#\/schema\/person\/02ec1f752758247878a2bf4abee1aeda"},"headline":"C\u00e2mara dos EUA aprova pacote de US$ 3 tri para combate da pandemia","datePublished":"2020-05-16T14:44:07+00:00","mainEntityOfPage":{"@id":"https:\/\/www.suno.com.br\/noticias\/camara-dos-eua-aprova-pacote-de-us-3-tri-para-combate-da-pandemia\/"},"wordCount":403,"publisher":{"@id":"https:\/\/www.suno.com.br\/noticias\/#organization"},"image":{"@id":"https:\/\/www.suno.com.br\/noticias\/camara-dos-eua-aprova-pacote-de-us-3-tri-para-combate-da-pandemia\/#primaryimage"},"thumbnailUrl":"https:\/\/files.sunoresearch.com.br\/n\/uploads\/2018\/10\/3e615991-eua-1-jpg.webp","keywords":["coronav\u00edrus","Estados Unidos (EUA)","pandemia"],"articleSection":["Internacional"],"inLanguage":"pt-BR"},{"@type":"WebPage","@id":"https:\/\/www.suno.com.br\/noticias\/camara-dos-eua-aprova-pacote-de-us-3-tri-para-combate-da-pandemia\/","url":"https:\/\/www.suno.com.br\/noticias\/camara-dos-eua-aprova-pacote-de-us-3-tri-para-combate-da-pandemia\/","name":"C\u00e2mara dos EUA aprova US$ 3 trilh\u00f5es para combate da pandemia","isPartOf":{"@id":"https:\/\/www.suno.com.br\/noticias\/#website"},"primaryImageOfPage":{"@id":"https:\/\/www.suno.com.br\/noticias\/camara-dos-eua-aprova-pacote-de-us-3-tri-para-combate-da-pandemia\/#primaryimage"},"image":{"@id":"https:\/\/www.suno.com.br\/noticias\/camara-dos-eua-aprova-pacote-de-us-3-tri-para-combate-da-pandemia\/#primaryimage"},"thumbnailUrl":"https:\/\/files.sunoresearch.com.br\/n\/uploads\/2018\/10\/3e615991-eua-1-jpg.webp","datePublished":"2020-05-16T14:44:07+00:00","description":"A C\u00e2mara dos EUA aprovou um pacote de US$ 3 trilh\u00f5es para o combate da pandemia do novo coronav\u00edrus (covid-19). Clique aqui e saiba mais","breadcrumb":{"@id":"https:\/\/www.suno.com.br\/noticias\/camara-dos-eua-aprova-pacote-de-us-3-tri-para-combate-da-pandemia\/#breadcrumb"},"inLanguage":"pt-BR","potentialAction":[{"@type":"ReadAction","target":["https:\/\/www.suno.com.br\/noticias\/camara-dos-eua-aprova-pacote-de-us-3-tri-para-combate-da-pandemia\/"]}]},{"@type":"ImageObject","inLanguage":"pt-BR","@id":"https:\/\/www.suno.com.br\/noticias\/camara-dos-eua-aprova-pacote-de-us-3-tri-para-combate-da-pandemia\/#primaryimage","url":"https:\/\/files.sunoresearch.com.br\/n\/uploads\/2018\/10\/3e615991-eua-1-jpg.webp","contentUrl":"https:\/\/files.sunoresearch.com.br\/n\/uploads\/2018\/10\/3e615991-eua-1-jpg.webp","width":1920,"height":1280,"caption":"Bandeira dos EUA (foto: divulga\u00e7\u00e3o)"},{"@type":"BreadcrumbList","@id":"https:\/\/www.suno.com.br\/noticias\/camara-dos-eua-aprova-pacote-de-us-3-tri-para-combate-da-pandemia\/#breadcrumb","itemListElement":[{"@type":"ListItem","position":1,"name":"Not\u00edcias","item":"https:\/\/www.suno.com.br\/noticias\/"},{"@type":"ListItem","position":2,"name":"Internacional","item":"https:\/\/www.suno.com.br\/noticias\/internacional\/"},{"@type":"ListItem","position":3,"name":"C\u00e2mara dos EUA aprova pacote de US$ 3 tri para combate da pandemia"}]},{"@type":"WebSite","@id":"https:\/\/www.suno.com.br\/noticias\/#website","url":"https:\/\/www.suno.com.br\/noticias\/","name":"Suno Not\u00edcias","description":"Seu portal de informa\u00e7\u00e3o sobre o mundo dos investimentos","publisher":{"@id":"https:\/\/www.suno.com.br\/noticias\/#organization"},"potentialAction":[{"@type":"SearchAction","target":{"@type":"EntryPoint","urlTemplate":"https:\/\/www.suno.com.br\/noticias\/?s={search_term_string}"},"query-input":{"@type":"PropertyValueSpecification","valueRequired":true,"valueName":"search_term_string"}}],"inLanguage":"pt-BR"},{"@type":"Organization","@id":"https:\/\/www.suno.com.br\/noticias\/#organization","name":"Suno Not\u00edcias","url":"https:\/\/www.suno.com.br\/noticias\/","logo":{"@type":"ImageObject","inLanguage":"pt-BR","@id":"https:\/\/www.suno.com.br\/noticias\/#\/schema\/logo\/image\/","url":"https:\/\/files.sunoresearch.com.br\/n\/uploads\/2021\/09\/suno-logo.png","contentUrl":"https:\/\/files.sunoresearch.com.br\/n\/uploads\/2021\/09\/suno-logo.png","width":180,"height":180,"caption":"Suno Not\u00edcias"},"image":{"@id":"https:\/\/www.suno.com.br\/noticias\/#\/schema\/logo\/image\/"},"sameAs":["https:\/\/facebook.com\/sunoresearch","https:\/\/x.com\/sunoresearch","https:\/\/www.instagram.com\/suno","https:\/\/www.linkedin.com\/company\/suno-research\/","https:\/\/www.youtube.com\/c\/sunoresearch"]},{"@type":"Person","@id":"https:\/\/www.suno.com.br\/noticias\/#\/schema\/person\/02ec1f752758247878a2bf4abee1aeda","name":"Poliana Santos","image":{"@type":"ImageObject","inLanguage":"pt-BR","@id":"https:\/\/www.suno.com.br\/noticias\/#\/schema\/person\/image\/","url":"https:\/\/secure.gravatar.com\/avatar\/0645bd32f23d87b2130f2b2dff1d3f8d?s=96&r=g","contentUrl":"https:\/\/secure.gravatar.com\/avatar\/0645bd32f23d87b2130f2b2dff1d3f8d?s=96&r=g","caption":"Poliana Santos"},"description":"Rep\u00f3rter no Suno Not\u00edcias, com cobertura em mercado financeiro, economia, finan\u00e7as pessoais, renda fixa e varejo. Jornalista formada pela Faculdade C\u00e1sper L\u00edbero e possui passagem na R\u00e1dio Gazeta AM com a produ\u00e7\u00e3o de conte\u00fado sobre economia, pol\u00edtica, sa\u00fade, moda e m\u00fasica. Possui certificado de conclus\u00e3o do curso de An\u00e1lise de Balan\u00e7os pela Funda\u00e7\u00e3o Bradesco, Agenda Brasil pela FAAP, Educa\u00e7\u00e3o Pol\u00edtica por Alexandre Garcia e do Tesouro Direto e Mercado de A\u00e7\u00f5es pela B3.","url":"https:\/\/www.suno.com.br\/noticias\/author\/poliana-santos\/"}]}},"default_loop_html":"<div class=\"cardsPage__listCard__boxs\"><div class=\"cardsPage__listCard__boxs__img\"><a href=\"https:\/\/www.suno.com.br\/noticias\/camara-dos-eua-aprova-pacote-de-us-3-tri-para-combate-da-pandemia\/\"><img class=\"mask\" src=\"https:\/\/www.suno.com.br\/noticias\/wp-content\/themes\/suno\/resources\/images\/spotlight\/spotlight1img\/bg-mask.png\" alt=\"Image Mask\"\/><img src=\"https:\/\/files.sunoresearch.com.br\/n\/uploads\/2018\/10\/3e615991-eua-1-400x200.webp\" alt=\"C\u00e2mara dos EUA aprova pacote de US$ 3 tri para combate da pandemia\"\/><\/a><span class=\"spotlightCategory\"><a href=\"https:\/\/www.suno.com.br\/noticias\/internacional\/\">Internacional<\/a><\/span><\/div><div class=\"cardsPage__listCard__boxs__content\"><a href=\"https:\/\/www.suno.com.br\/noticias\/camara-dos-eua-aprova-pacote-de-us-3-tri-para-combate-da-pandemia\/\"><h2 class=\"content__title\">C\u00e2mara dos EUA aprova pacote de US$ 3 tri para combate da pandemia<\/h2><\/a><div class=\"newsContent__article__meta\"><div class=\"newsContent__article__meta__authorBox\"><a href=\"https:\/\/www.suno.com.br\/noticias\/author\/poliana-santos\/\" class=\"authorBox__avatar noMobi\"><img src=\"https:\/\/files.sunoresearch.com.br\/n\/uploads\/2020\/08\/7ef34026-whatsapp-image-2020-08-03-at-12.37.57-150x150.webp\" alt=\"Poliana Santos\"><\/a><div class=\"authorBox__name\"><span>por\n\t\t\t<a href=\"https:\/\/www.suno.com.br\/noticias\/author\/poliana-santos\/\"><span itemprop=\"author\">Poliana Santos<\/span><\/a><\/span><time datetime=\"2020-05-16T11:44:07-03:00\" itemprop=\"datePublished\">16\/05\/2020 11:44<\/time><\/div><\/div><\/div><\/div><\/div>","single_layout":"posts","amp_enabled":true,"_links":{"self":[{"href":"https:\/\/www.suno.com.br\/noticias\/wp-json\/wp\/v2\/posts\/65079"}],"collection":[{"href":"https:\/\/www.suno.com.br\/noticias\/wp-json\/wp\/v2\/posts"}],"about":[{"href":"https:\/\/www.suno.com.br\/noticias\/wp-json\/wp\/v2\/types\/post"}],"author":[{"embeddable":true,"href":"https:\/\/www.suno.com.br\/noticias\/wp-json\/wp\/v2\/users\/15"}],"replies":[{"embeddable":true,"href":"https:\/\/www.suno.com.br\/noticias\/wp-json\/wp\/v2\/comments?post=65079"}],"version-history":[{"count":0,"href":"https:\/\/www.suno.com.br\/noticias\/wp-json\/wp\/v2\/posts\/65079\/revisions"}],"wp:featuredmedia":[{"embeddable":true,"href":"https:\/\/www.suno.com.br\/noticias\/wp-json\/wp\/v2\/media\/5631"}],"wp:attachment":[{"href":"https:\/\/www.suno.com.br\/noticias\/wp-json\/wp\/v2\/media?parent=65079"}],"wp:term":[{"taxonomy":"category","embeddable":true,"href":"https:\/\/www.suno.com.br\/noticias\/wp-json\/wp\/v2\/categories?post=65079"},{"taxonomy":"post_tag","embeddable":true,"href":"https:\/\/www.suno.com.br\/noticias\/wp-json\/wp\/v2\/tags?post=65079"},{"taxonomy":"suno_strategy","embeddable":true,"href":"https:\/\/www.suno.com.br\/noticias\/wp-json\/wp\/v2\/suno_strategy?post=65079"}],"curies":[{"name":"wp","href":"https:\/\/api.w.org\/{rel}","templated":true}]}}