{"id":65016,"date":"2020-05-17T18:40:10","date_gmt":"2020-05-17T21:40:10","guid":{"rendered":"https:\/\/www.suno.com.br\/noticias\/?p=65016"},"modified":"2020-05-18T13:04:28","modified_gmt":"2020-05-18T16:04:28","slug":"uber-por-que-empresa-nao-gera-lucro","status":"publish","type":"post","link":"https:\/\/www.suno.com.br\/noticias\/uber-por-que-empresa-nao-gera-lucro\/","title":{"rendered":"Uber: Por que o modelo de neg\u00f3cios da empresa n\u00e3o gera lucro?"},"content":{"rendered":"<p>Sediada na Calif\u00f3rnia e fundada em 2009, por Travis Kalanick e Garret Camp, a <strong>Uber (<a href=\"https:\/\/www.suno.com.br\/artigos\/nyse\/\">NYSE<\/a>: UBER)<\/strong> come\u00e7ou com uma proposta de &#8220;t\u00e1xi de luxo&#8221; e, com o passar do tempo, mudou suas diretrizes oferecendo seu servi\u00e7o a pre\u00e7os mais populares do que o do t\u00e1xi tradicional. O que intriga o mercado, entretanto, \u00e9 que o modelo de neg\u00f3cios da companhia, para muitos especialistas, n\u00e3o se sustenta.<\/p>\t<div class=\"wrapper-featured-image\">\n\t\t<figure class=\"spotlightImg\">\n\n\t\t\t<picture>\n\t\t\t\t<source media=\"(max-width: 768px)\" srcset=\"https:\/\/files.sunoresearch.com.br\/n\/uploads\/2019\/11\/fb9ebac3-uber-400x200.webp\">\n\t\t\t\t<img loading=\"lazy\" decoding=\"async\" class=\"newsContent__article__imgCapa lazyloadDisabled newsContent__article__imgCapa--noCaption\" src=\"https:\/\/files.sunoresearch.com.br\/n\/uploads\/2019\/11\/fb9ebac3-uber-800x450.webp\" width=\"800\" height=\"450\" alt=\"Uber: Por que o modelo de neg\u00f3cios da empresa n\u00e3o gera lucro?\" fetchpriority=high \/>\n\t\t\t<\/picture>\n\n\t\t\t<figcaption class=\"wp-caption-text wp-caption-text--hide\">Uber<\/figcaption>\n\t\t<\/figure>\n\t<\/div>\n\n\n\n<p>A Uber chegou ao Brasil em 2014, come\u00e7ando com opera\u00e7\u00f5es na cidade do Rio de Janeiro. A empresa atua hoje em mais de 900 cidades de 60 pa\u00edses. A empresa, desde sua funda\u00e7\u00e3o, utiliza uma esp\u00e9cie de &#8220;capitalismo consciente&#8221; como ideal. Esse modelo visa gerar valor para a sociedade e n\u00e3o somente lucro para a companhia. Apesar de ser algo muito bom no papel, a ideia, na pr\u00e1tica, n\u00e3o tem dado muito certo. Isso porque a companhia vem reportando diversos resultados negativos ao longo dos anos.<\/p>\n<div>\n<div id=\"5e600b2b5e5c7d489cb6d706\" class=\"op-interactive\" data-url=\"https:\/\/sunoresearch289.outgrow.us\/5e600b2b5e5c7d489cb6d706?vHeight=1\" data-width=\"100%\"><\/div>\n<p>&nbsp;<\/p>\n<div>\n<div id=\"5e600b2b5e5c7d489cb6d706\" class=\"op-interactive\" data-url=\"https:\/\/sunoresearch289.outgrow.us\/5e600b2b5e5c7d489cb6d706?vHeight=1\" data-width=\"100%\"><\/div>\n<p><script src='\/\/dyv6f9ner1ir9.cloudfront.net\/assets\/js\/nloader.js'><\/script><script>initIframe('5e600b2b5e5c7d489cb6d706');<\/script><\/p>\n<\/div>\n<\/div>\n<p>Para o professor em controladoria e finan\u00e7as da ESPM, Adriano Gomes, a Uber \u00e9 uma empresa &#8220;concebida e gerida com vis\u00e3o de um mundo diferente, mas com as refer\u00eancias do passado&#8221;. Tal modelo faz com que a companhia n\u00e3o alcance resultados positivos, apesar de vender bastante.<\/p>\n<p>&#8220;[A Uber] \u00e9 uma das empresas pioneiras no processo de &#8216;economia digital&#8217;, mas constru\u00edda, na largada, sob premissas e conceitos de &#8216;economia anal\u00f3gica'&#8221;, disse Gomes em entrevista ao Suno Not\u00edcias.<\/p>\n<p>&#8220;Isso sugere que, no momento da elabora\u00e7\u00e3o do plano e proje\u00e7\u00f5es, se tenha vislumbrado o cen\u00e1rio cl\u00e1ssico da <a href=\"https:\/\/www.suno.com.br\/artigos\/alavancagem-operacional\/\">alavancagem operacional<\/a>, ou seja, a estabiliza\u00e7\u00e3o dos gastos fixos e aumento brutal da <a href=\"https:\/\/www.suno.com.br\/artigos\/receita-total\/\">receita<\/a>&#8220;, acrescentou o professor.<\/p>\n<p><a href=\"https:\/\/lp.suno.com.br\/suno-one\/\">Garanta acesso gratuito \u00e0 eBooks, Minicursos, Artigos e Video Aulas com um \u00fanico cadastro. Clique para saber mais.<\/a><\/p>\n<p>Em fevereiro deste ano, o presidente da Uber, Dara Khosrowshahi, afirmou que a empresa havia encerrado a sua &#8220;era do crescimento a todo custo&#8221;. Ou seja, em outras palavras, a busca por <a href=\"https:\/\/www.suno.com.br\/artigos\/lucro-liquido\/\">lucro<\/a> e a diminui\u00e7\u00e3o do <a href=\"https:\/\/www.suno.com.br\/artigos\/prejuizos-acumulados\/\">preju\u00edzo<\/a> aconteceria neste ano. Entretanto, assim como todas as empresas, a Uber n\u00e3o esperava que uma crise gerada por uma pandemia acometeria ainda mais seus neg\u00f3cios.<\/p>\n<p>De acordo com Gomes, a parte final da ideia inicial da Uber [de aumento brutal da receita] funcionou, j\u00e1 que a companhia<em>, <\/em>do in\u00edcio de 2016 a 2019<em>,<\/em> est\u00e1 aumentando suas vendas a uma taxa aproximada de 54,4% anuais<em>. <\/em>Entretanto, o professor destaca que &#8220;provavelmente, o que n\u00e3o se previa, era o enorme gasto da opera\u00e7\u00e3o para sustentar um n\u00edvel de atividade desta envergadura&#8221;.<\/p>\n<h2>Preju\u00edzo da Uber no primeiro trimestre de 2020<\/h2>\n<p>O preju\u00edzo da Uber cresceu 190% no primeiro trimestre de 2020. A empresa registrou um resultado negativo de US$ 2,936 bilh\u00f5es (cerca de R$ 17 bilh\u00f5es) entre janeiro e mar\u00e7o deste ano, contra um resultado negativo de US$ 1,012 bilh\u00e3o no mesmo intervalo do ano passado. O aplicativo de transporte divulgou seu resultado trimestral no dia 7 de abril.<\/p>\n<p>O <a href=\"https:\/\/www.suno.com.br\/artigos\/ceo\/\">CEO<\/a> da Uber afirmou que os efeitos da pandemia de coronav\u00edrus atingiram fortemente a companhia neste ano. \u201cEnquanto nosso neg\u00f3cio de corridas foi duramente atingido pela pandemia em curso, tomamos medidas r\u00e1pidas para preservar a for\u00e7a de nosso balan\u00e7o, focar recursos adicionais no Uber Eats e nos preparar para qualquer cen\u00e1rio de recupera\u00e7\u00e3o\u201d, disse Dara Khosrowshahi.<\/p>\n<p>Em 2019, entretanto, a empresa\u00a0apresentou um <a href=\"https:\/\/www.suno.com.br\/artigos\/prejuizos-acumulados\/\"><strong>preju\u00edzo l\u00edquido<\/strong><\/a> de US$ 8,51 bilh\u00f5es em 2019. O CEO da Uber chegou a dizer, por meio de um comunicado, na divulga\u00e7\u00e3o do resultado de 2019, que a empresa alterou uma previs\u00e3o de crescimento do <a href=\"https:\/\/www.suno.com.br\/artigos\/ebitda\/\"><strong>Ebitda<\/strong> (lucro antes de juros, impostos, deprecia\u00e7\u00e3o e amortiza\u00e7\u00e3o)<\/a>, que seria para 2021, para o quarto trimestre deste ano, o que animou o mercado.<\/p>\n<p>Entretanto, em janeiro, ainda n\u00e3o havia informa\u00e7\u00f5es sobre o coronav\u00edrus, que abalou as proje\u00e7\u00f5es da empresa para este ano. &#8220;N\u00e3o somente a Uber como todas as empresas far\u00e3o uma reviravolta em sua forma de se comunicar com seus clientes e prospects e os produtos e servi\u00e7os ser\u00e3o cada vez mais rarefeitos. Isso implica, obrigatoriamente, na forma\u00e7\u00e3o de uma equipe de gest\u00e3o profundamente ligada nas atividades, a elimina\u00e7\u00e3o de postos de gest\u00e3o intermedi\u00e1rios, que em geral n\u00e3o contribuem em nada para a melhoria dos resultados, e sua submiss\u00e3o total \u00e0s necessidades do cliente, sem mais espa\u00e7os para &#8216;ideias brilhantes&#8217; sem contato com a realidade&#8221;, analisou o professor de finan\u00e7as da ESPM.<\/p>\n<h2>Demiss\u00f5es em meio \u00e0 crise gerada pela pandemia e concorr\u00eancia com a 99<\/h2>\n<p>A Uber Technologies cortou o emprego de aproximadamente 3700 colaboradores para diminuir seus custos, devido a crise ocasionada pela pandemia de coronav\u00edrus. A informa\u00e7\u00e3o foi divulgada no dia 6 de maio.<\/p>\n<p>Por outro lado, a 99 T\u00e1xi foi na contram\u00e3o da Uber e afirmou que n\u00e3o iria demitir funcion\u00e1rios por conta da crise de coronav\u00edrus. O diretor-geral da empresa, Mi Yang, disse que a 99 \u00e9 respons\u00e1vel pela renda de 700 mil motoristas do aplicativo no Brasil, al\u00e9m de contribuir para a mobilidade urbana de diversas cidades.<\/p>\n<p>Yang salientou ainda que a 99 assumiu esse compromisso por ter um neg\u00f3cio s\u00f3lido. &#8220;Temos um neg\u00f3cio s\u00f3lido, com fundamentos que continuam fortes, especialmente no mercado da China, onde se recuperou mais de 60% do volume de corridas pr\u00e9-pandemia. Seguiremos trabalhando com muita energia e efici\u00eancia, como sempre fizemos, e precisamos continuar com a barra elevada para manter o alto desempenho do nosso time. Fiquem seguros&#8221;, disse o diretor-geral da 99.<\/p>\n<h2>Entenda como tem sido a rela\u00e7\u00e3o de receita e despesas da Uber<\/h2>\n<p>O professor de finan\u00e7as da ESPM explicou que em 2016, para cada US$ 1 de receita, a Uber gastava com despesas (fora o custo), US$ 1,79. &#8220;O desempenho foi melhorando com esse valor caindo para US$ 1,51 (2017) US$ 0,97 (2018) e ano passado subiu novamente para US$ 1,58. Isso sem contar com os custos relacionado ao ato de produzir a receita de modo direto que em 2019 representaram 67,2% de tudo que foi produzido na empresa&#8221;, explicou Gomes.<\/p>\n<p>A <strong>Uber<\/strong>, entretanto, tem procurado se adaptar ao cen\u00e1rio atual. Em meio a perdas de ferramentas, como a da &#8220;Uber Juntos&#8221;, por conta da pandemia, a companhia lan\u00e7ou, recentemente, o Uber Flash, que consiste em uma nova funcionalidade da empresa, que permite o envio de objetos e artigos pessoais para qualquer endere\u00e7o dentro de suas cidades e pa\u00edses de atua\u00e7\u00e3o.<\/p>\n\n","protected":false},"excerpt":{"rendered":"<p>Sediada na Calif\u00f3rnia e fundada em 2009, por Travis Kalanick e Garret Camp, a Uber (NYSE: UBER) come\u00e7ou com uma proposta de &#8220;t\u00e1xi de luxo&#8221; e, com o passar do tempo, mudou suas diretrizes oferecendo seu servi\u00e7o a pre\u00e7os mais populares do que o do t\u00e1xi tradicional. O que intriga o mercado, entretanto, \u00e9 que [&hellip;]<\/p>\n","protected":false},"author":19,"featured_media":43655,"comment_status":"closed","ping_status":"closed","sticky":false,"template":"","format":"standard","meta":[],"categories":[64],"tags":[1604,2487,954],"suno_strategy":[],"class_list":["post-65016","post","type-post","status-publish","format-standard","has-post-thumbnail","hentry","category-negocios","tag-1604","tag-coronavirus","tag-uber-u1be34"],"yoast_head":"<!-- This site is optimized with the Yoast SEO plugin v24.4 - https:\/\/yoast.com\/wordpress\/plugins\/seo\/ -->\n<title>Uber: Por que o modelo de neg\u00f3cios da empresa n\u00e3o gera lucro?<\/title>\n<meta name=\"description\" content=\"De empresa inovadora \u00e0 companhia que n\u00e3o gera lucro. Entenda como funciona os neg\u00f3cios da Uber. Clique aqui e saiba mais.\" \/>\n<meta name=\"robots\" content=\"index, follow, max-snippet:-1, max-image-preview:large, max-video-preview:-1\" \/>\n<link rel=\"canonical\" href=\"https:\/\/www.suno.com.br\/noticias\/uber-por-que-empresa-nao-gera-lucro\/\" \/>\n<meta property=\"og:locale\" content=\"pt_BR\" \/>\n<meta property=\"og:type\" content=\"article\" \/>\n<meta property=\"og:title\" content=\"Uber: Por que o modelo de neg\u00f3cios da empresa n\u00e3o gera lucro?\" \/>\n<meta property=\"og:description\" content=\"De empresa inovadora \u00e0 companhia que n\u00e3o gera lucro. Entenda como funciona os neg\u00f3cios da Uber. Clique aqui e saiba mais.\" \/>\n<meta property=\"og:url\" content=\"https:\/\/www.suno.com.br\/noticias\/uber-por-que-empresa-nao-gera-lucro\/\" \/>\n<meta property=\"og:site_name\" content=\"Suno Not\u00edcias\" \/>\n<meta property=\"article:publisher\" content=\"https:\/\/facebook.com\/sunoresearch\" \/>\n<meta property=\"og:image\" content=\"https:\/\/files.sunoresearch.com.br\/n\/uploads\/2019\/11\/fb9ebac3-uber.jpg\" \/>\n\t<meta property=\"og:image:width\" content=\"1024\" \/>\n\t<meta property=\"og:image:height\" content=\"576\" \/>\n\t<meta property=\"og:image:type\" content=\"image\/jpeg\" \/>\n<meta name=\"author\" content=\"Juliano Passaro\" \/>\n<meta name=\"twitter:card\" content=\"summary_large_image\" \/>\n<meta name=\"twitter:creator\" content=\"@sunoresearch\" \/>\n<meta name=\"twitter:site\" content=\"@sunoresearch\" \/>\n<meta name=\"twitter:label1\" content=\"Escrito por\" \/>\n\t<meta name=\"twitter:data1\" content=\"Juliano Passaro\" \/>\n\t<meta name=\"twitter:label2\" content=\"Est. tempo de leitura\" \/>\n\t<meta name=\"twitter:data2\" content=\"5 minutos\" \/>\n<script type=\"application\/ld+json\" class=\"yoast-schema-graph\">{\"@context\":\"https:\/\/schema.org\",\"@graph\":[{\"@type\":\"NewsArticle\",\"@id\":\"https:\/\/www.suno.com.br\/noticias\/uber-por-que-empresa-nao-gera-lucro\/#article\",\"isPartOf\":{\"@id\":\"https:\/\/www.suno.com.br\/noticias\/uber-por-que-empresa-nao-gera-lucro\/\"},\"author\":{\"name\":\"Juliano Passaro\",\"@id\":\"https:\/\/www.suno.com.br\/noticias\/#\/schema\/person\/1db762f78ffd8919a648a63e425953e3\"},\"headline\":\"Uber: Por que o modelo de neg\u00f3cios da empresa n\u00e3o gera lucro?\",\"datePublished\":\"2020-05-17T21:40:10+00:00\",\"dateModified\":\"2020-05-18T16:04:28+00:00\",\"mainEntityOfPage\":{\"@id\":\"https:\/\/www.suno.com.br\/noticias\/uber-por-que-empresa-nao-gera-lucro\/\"},\"wordCount\":1107,\"publisher\":{\"@id\":\"https:\/\/www.suno.com.br\/noticias\/#organization\"},\"image\":{\"@id\":\"https:\/\/www.suno.com.br\/noticias\/uber-por-que-empresa-nao-gera-lucro\/#primaryimage\"},\"thumbnailUrl\":\"https:\/\/files.sunoresearch.com.br\/n\/uploads\/2019\/11\/fb9ebac3-uber-jpg.webp\",\"keywords\":[\"99\",\"coronav\u00edrus\",\"Uber (U1BE34)\"],\"articleSection\":[\"Neg\u00f3cios\"],\"inLanguage\":\"pt-BR\"},{\"@type\":\"WebPage\",\"@id\":\"https:\/\/www.suno.com.br\/noticias\/uber-por-que-empresa-nao-gera-lucro\/\",\"url\":\"https:\/\/www.suno.com.br\/noticias\/uber-por-que-empresa-nao-gera-lucro\/\",\"name\":\"Uber: Por que o modelo de neg\u00f3cios da empresa n\u00e3o gera lucro?\",\"isPartOf\":{\"@id\":\"https:\/\/www.suno.com.br\/noticias\/#website\"},\"primaryImageOfPage\":{\"@id\":\"https:\/\/www.suno.com.br\/noticias\/uber-por-que-empresa-nao-gera-lucro\/#primaryimage\"},\"image\":{\"@id\":\"https:\/\/www.suno.com.br\/noticias\/uber-por-que-empresa-nao-gera-lucro\/#primaryimage\"},\"thumbnailUrl\":\"https:\/\/files.sunoresearch.com.br\/n\/uploads\/2019\/11\/fb9ebac3-uber-jpg.webp\",\"datePublished\":\"2020-05-17T21:40:10+00:00\",\"dateModified\":\"2020-05-18T16:04:28+00:00\",\"description\":\"De empresa inovadora \u00e0 companhia que n\u00e3o gera lucro. Entenda como funciona os neg\u00f3cios da Uber. Clique aqui e saiba mais.\",\"breadcrumb\":{\"@id\":\"https:\/\/www.suno.com.br\/noticias\/uber-por-que-empresa-nao-gera-lucro\/#breadcrumb\"},\"inLanguage\":\"pt-BR\",\"potentialAction\":[{\"@type\":\"ReadAction\",\"target\":[\"https:\/\/www.suno.com.br\/noticias\/uber-por-que-empresa-nao-gera-lucro\/\"]}]},{\"@type\":\"ImageObject\",\"inLanguage\":\"pt-BR\",\"@id\":\"https:\/\/www.suno.com.br\/noticias\/uber-por-que-empresa-nao-gera-lucro\/#primaryimage\",\"url\":\"https:\/\/files.sunoresearch.com.br\/n\/uploads\/2019\/11\/fb9ebac3-uber-jpg.webp\",\"contentUrl\":\"https:\/\/files.sunoresearch.com.br\/n\/uploads\/2019\/11\/fb9ebac3-uber-jpg.webp\",\"width\":1024,\"height\":576,\"caption\":\"Uber\"},{\"@type\":\"BreadcrumbList\",\"@id\":\"https:\/\/www.suno.com.br\/noticias\/uber-por-que-empresa-nao-gera-lucro\/#breadcrumb\",\"itemListElement\":[{\"@type\":\"ListItem\",\"position\":1,\"name\":\"Not\u00edcias\",\"item\":\"https:\/\/www.suno.com.br\/noticias\/\"},{\"@type\":\"ListItem\",\"position\":2,\"name\":\"Neg\u00f3cios\",\"item\":\"https:\/\/www.suno.com.br\/noticias\/negocios\/\"},{\"@type\":\"ListItem\",\"position\":3,\"name\":\"Uber: Por que o modelo de neg\u00f3cios da empresa n\u00e3o gera lucro?\"}]},{\"@type\":\"WebSite\",\"@id\":\"https:\/\/www.suno.com.br\/noticias\/#website\",\"url\":\"https:\/\/www.suno.com.br\/noticias\/\",\"name\":\"Suno Not\u00edcias\",\"description\":\"Seu portal de informa\u00e7\u00e3o sobre o mundo dos investimentos\",\"publisher\":{\"@id\":\"https:\/\/www.suno.com.br\/noticias\/#organization\"},\"potentialAction\":[{\"@type\":\"SearchAction\",\"target\":{\"@type\":\"EntryPoint\",\"urlTemplate\":\"https:\/\/www.suno.com.br\/noticias\/?s={search_term_string}\"},\"query-input\":{\"@type\":\"PropertyValueSpecification\",\"valueRequired\":true,\"valueName\":\"search_term_string\"}}],\"inLanguage\":\"pt-BR\"},{\"@type\":\"Organization\",\"@id\":\"https:\/\/www.suno.com.br\/noticias\/#organization\",\"name\":\"Suno Not\u00edcias\",\"url\":\"https:\/\/www.suno.com.br\/noticias\/\",\"logo\":{\"@type\":\"ImageObject\",\"inLanguage\":\"pt-BR\",\"@id\":\"https:\/\/www.suno.com.br\/noticias\/#\/schema\/logo\/image\/\",\"url\":\"https:\/\/files.sunoresearch.com.br\/n\/uploads\/2021\/09\/suno-logo.png\",\"contentUrl\":\"https:\/\/files.sunoresearch.com.br\/n\/uploads\/2021\/09\/suno-logo.png\",\"width\":180,\"height\":180,\"caption\":\"Suno Not\u00edcias\"},\"image\":{\"@id\":\"https:\/\/www.suno.com.br\/noticias\/#\/schema\/logo\/image\/\"},\"sameAs\":[\"https:\/\/facebook.com\/sunoresearch\",\"https:\/\/x.com\/sunoresearch\",\"https:\/\/www.instagram.com\/suno\",\"https:\/\/www.linkedin.com\/company\/suno-research\/\",\"https:\/\/www.youtube.com\/c\/sunoresearch\"]},{\"@type\":\"Person\",\"@id\":\"https:\/\/www.suno.com.br\/noticias\/#\/schema\/person\/1db762f78ffd8919a648a63e425953e3\",\"name\":\"Juliano Passaro\",\"image\":{\"@type\":\"ImageObject\",\"inLanguage\":\"pt-BR\",\"@id\":\"https:\/\/www.suno.com.br\/noticias\/#\/schema\/person\/image\/\",\"url\":\"https:\/\/secure.gravatar.com\/avatar\/743d4df28eebf6dcc46b4ad03c319e92?s=96&r=g\",\"contentUrl\":\"https:\/\/secure.gravatar.com\/avatar\/743d4df28eebf6dcc46b4ad03c319e92?s=96&r=g\",\"caption\":\"Juliano Passaro\"},\"description\":\"Juliano Passaro escreve sobre pol\u00edtica, economia e neg\u00f3cios para o portal da Suno Research. Antes da Suno, trabalhou no Portal da Band. \u00c9 formado em jornalismo pela Universidade Presbiteriana Mackenzie.\",\"url\":\"https:\/\/www.suno.com.br\/noticias\/author\/juliano\/\"}]}<\/script>\n<!-- \/ Yoast SEO plugin. -->","yoast_head_json":{"title":"Uber: Por que o modelo de neg\u00f3cios da empresa n\u00e3o gera lucro?","description":"De empresa inovadora \u00e0 companhia que n\u00e3o gera lucro. Entenda como funciona os neg\u00f3cios da Uber. Clique aqui e saiba mais.","robots":{"index":"index","follow":"follow","max-snippet":"max-snippet:-1","max-image-preview":"max-image-preview:large","max-video-preview":"max-video-preview:-1"},"canonical":"https:\/\/www.suno.com.br\/noticias\/uber-por-que-empresa-nao-gera-lucro\/","og_locale":"pt_BR","og_type":"article","og_title":"Uber: Por que o modelo de neg\u00f3cios da empresa n\u00e3o gera lucro?","og_description":"De empresa inovadora \u00e0 companhia que n\u00e3o gera lucro. Entenda como funciona os neg\u00f3cios da Uber. Clique aqui e saiba mais.","og_url":"https:\/\/www.suno.com.br\/noticias\/uber-por-que-empresa-nao-gera-lucro\/","og_site_name":"Suno Not\u00edcias","article_publisher":"https:\/\/facebook.com\/sunoresearch","og_image":[{"width":1024,"height":576,"url":"https:\/\/files.sunoresearch.com.br\/n\/uploads\/2019\/11\/fb9ebac3-uber.jpg","type":"image\/jpeg"}],"author":"Juliano Passaro","twitter_card":"summary_large_image","twitter_creator":"@sunoresearch","twitter_site":"@sunoresearch","twitter_misc":{"Escrito por":"Juliano Passaro","Est. tempo de leitura":"5 minutos"},"schema":{"@context":"https:\/\/schema.org","@graph":[{"@type":"NewsArticle","@id":"https:\/\/www.suno.com.br\/noticias\/uber-por-que-empresa-nao-gera-lucro\/#article","isPartOf":{"@id":"https:\/\/www.suno.com.br\/noticias\/uber-por-que-empresa-nao-gera-lucro\/"},"author":{"name":"Juliano Passaro","@id":"https:\/\/www.suno.com.br\/noticias\/#\/schema\/person\/1db762f78ffd8919a648a63e425953e3"},"headline":"Uber: Por que o modelo de neg\u00f3cios da empresa n\u00e3o gera lucro?","datePublished":"2020-05-17T21:40:10+00:00","dateModified":"2020-05-18T16:04:28+00:00","mainEntityOfPage":{"@id":"https:\/\/www.suno.com.br\/noticias\/uber-por-que-empresa-nao-gera-lucro\/"},"wordCount":1107,"publisher":{"@id":"https:\/\/www.suno.com.br\/noticias\/#organization"},"image":{"@id":"https:\/\/www.suno.com.br\/noticias\/uber-por-que-empresa-nao-gera-lucro\/#primaryimage"},"thumbnailUrl":"https:\/\/files.sunoresearch.com.br\/n\/uploads\/2019\/11\/fb9ebac3-uber-jpg.webp","keywords":["99","coronav\u00edrus","Uber (U1BE34)"],"articleSection":["Neg\u00f3cios"],"inLanguage":"pt-BR"},{"@type":"WebPage","@id":"https:\/\/www.suno.com.br\/noticias\/uber-por-que-empresa-nao-gera-lucro\/","url":"https:\/\/www.suno.com.br\/noticias\/uber-por-que-empresa-nao-gera-lucro\/","name":"Uber: Por que o modelo de neg\u00f3cios da empresa n\u00e3o gera lucro?","isPartOf":{"@id":"https:\/\/www.suno.com.br\/noticias\/#website"},"primaryImageOfPage":{"@id":"https:\/\/www.suno.com.br\/noticias\/uber-por-que-empresa-nao-gera-lucro\/#primaryimage"},"image":{"@id":"https:\/\/www.suno.com.br\/noticias\/uber-por-que-empresa-nao-gera-lucro\/#primaryimage"},"thumbnailUrl":"https:\/\/files.sunoresearch.com.br\/n\/uploads\/2019\/11\/fb9ebac3-uber-jpg.webp","datePublished":"2020-05-17T21:40:10+00:00","dateModified":"2020-05-18T16:04:28+00:00","description":"De empresa inovadora \u00e0 companhia que n\u00e3o gera lucro. Entenda como funciona os neg\u00f3cios da Uber. Clique aqui e saiba mais.","breadcrumb":{"@id":"https:\/\/www.suno.com.br\/noticias\/uber-por-que-empresa-nao-gera-lucro\/#breadcrumb"},"inLanguage":"pt-BR","potentialAction":[{"@type":"ReadAction","target":["https:\/\/www.suno.com.br\/noticias\/uber-por-que-empresa-nao-gera-lucro\/"]}]},{"@type":"ImageObject","inLanguage":"pt-BR","@id":"https:\/\/www.suno.com.br\/noticias\/uber-por-que-empresa-nao-gera-lucro\/#primaryimage","url":"https:\/\/files.sunoresearch.com.br\/n\/uploads\/2019\/11\/fb9ebac3-uber-jpg.webp","contentUrl":"https:\/\/files.sunoresearch.com.br\/n\/uploads\/2019\/11\/fb9ebac3-uber-jpg.webp","width":1024,"height":576,"caption":"Uber"},{"@type":"BreadcrumbList","@id":"https:\/\/www.suno.com.br\/noticias\/uber-por-que-empresa-nao-gera-lucro\/#breadcrumb","itemListElement":[{"@type":"ListItem","position":1,"name":"Not\u00edcias","item":"https:\/\/www.suno.com.br\/noticias\/"},{"@type":"ListItem","position":2,"name":"Neg\u00f3cios","item":"https:\/\/www.suno.com.br\/noticias\/negocios\/"},{"@type":"ListItem","position":3,"name":"Uber: Por que o modelo de neg\u00f3cios da empresa n\u00e3o gera lucro?"}]},{"@type":"WebSite","@id":"https:\/\/www.suno.com.br\/noticias\/#website","url":"https:\/\/www.suno.com.br\/noticias\/","name":"Suno Not\u00edcias","description":"Seu portal de informa\u00e7\u00e3o sobre o mundo dos investimentos","publisher":{"@id":"https:\/\/www.suno.com.br\/noticias\/#organization"},"potentialAction":[{"@type":"SearchAction","target":{"@type":"EntryPoint","urlTemplate":"https:\/\/www.suno.com.br\/noticias\/?s={search_term_string}"},"query-input":{"@type":"PropertyValueSpecification","valueRequired":true,"valueName":"search_term_string"}}],"inLanguage":"pt-BR"},{"@type":"Organization","@id":"https:\/\/www.suno.com.br\/noticias\/#organization","name":"Suno Not\u00edcias","url":"https:\/\/www.suno.com.br\/noticias\/","logo":{"@type":"ImageObject","inLanguage":"pt-BR","@id":"https:\/\/www.suno.com.br\/noticias\/#\/schema\/logo\/image\/","url":"https:\/\/files.sunoresearch.com.br\/n\/uploads\/2021\/09\/suno-logo.png","contentUrl":"https:\/\/files.sunoresearch.com.br\/n\/uploads\/2021\/09\/suno-logo.png","width":180,"height":180,"caption":"Suno Not\u00edcias"},"image":{"@id":"https:\/\/www.suno.com.br\/noticias\/#\/schema\/logo\/image\/"},"sameAs":["https:\/\/facebook.com\/sunoresearch","https:\/\/x.com\/sunoresearch","https:\/\/www.instagram.com\/suno","https:\/\/www.linkedin.com\/company\/suno-research\/","https:\/\/www.youtube.com\/c\/sunoresearch"]},{"@type":"Person","@id":"https:\/\/www.suno.com.br\/noticias\/#\/schema\/person\/1db762f78ffd8919a648a63e425953e3","name":"Juliano Passaro","image":{"@type":"ImageObject","inLanguage":"pt-BR","@id":"https:\/\/www.suno.com.br\/noticias\/#\/schema\/person\/image\/","url":"https:\/\/secure.gravatar.com\/avatar\/743d4df28eebf6dcc46b4ad03c319e92?s=96&r=g","contentUrl":"https:\/\/secure.gravatar.com\/avatar\/743d4df28eebf6dcc46b4ad03c319e92?s=96&r=g","caption":"Juliano Passaro"},"description":"Juliano Passaro escreve sobre pol\u00edtica, economia e neg\u00f3cios para o portal da Suno Research. Antes da Suno, trabalhou no Portal da Band. \u00c9 formado em jornalismo pela Universidade Presbiteriana Mackenzie.","url":"https:\/\/www.suno.com.br\/noticias\/author\/juliano\/"}]}},"default_loop_html":"<div class=\"cardsPage__listCard__boxs\"><div class=\"cardsPage__listCard__boxs__img\"><a href=\"https:\/\/www.suno.com.br\/noticias\/uber-por-que-empresa-nao-gera-lucro\/\"><img class=\"mask\" src=\"https:\/\/www.suno.com.br\/noticias\/wp-content\/themes\/suno\/resources\/images\/spotlight\/spotlight1img\/bg-mask.png\" alt=\"Image Mask\"\/><img src=\"https:\/\/files.sunoresearch.com.br\/n\/uploads\/2019\/11\/fb9ebac3-uber-400x200.webp\" alt=\"Uber: Por que o modelo de neg\u00f3cios da empresa n\u00e3o gera lucro?\"\/><\/a><span class=\"spotlightCategory\"><a href=\"https:\/\/www.suno.com.br\/noticias\/negocios\/\">Neg\u00f3cios<\/a><\/span><\/div><div class=\"cardsPage__listCard__boxs__content\"><a href=\"https:\/\/www.suno.com.br\/noticias\/uber-por-que-empresa-nao-gera-lucro\/\"><h2 class=\"content__title\">Uber: Por que o modelo de neg\u00f3cios da empresa n\u00e3o gera lucro?<\/h2><\/a><div class=\"newsContent__article__meta\"><div class=\"newsContent__article__meta__authorBox\"><a href=\"https:\/\/www.suno.com.br\/noticias\/author\/juliano\/\" class=\"authorBox__avatar noMobi\"><img src=\"https:\/\/files.sunoresearch.com.br\/n\/uploads\/2019\/06\/7cc3efea-whatsapp-image-2019-07-18-at-21.59.33-e1563499821209-150x150.webp\" alt=\"Juliano Passaro\"><\/a><div class=\"authorBox__name\"><span>por\n\t\t\t<a href=\"https:\/\/www.suno.com.br\/noticias\/author\/juliano\/\"><span itemprop=\"author\">Juliano Passaro<\/span><\/a><\/span><time datetime=\"2020-05-17T18:40:10-03:00\" itemprop=\"datePublished\">17\/05\/2020 18:40<\/time><\/div><\/div><\/div><\/div><\/div>","single_layout":"posts","amp_enabled":true,"_links":{"self":[{"href":"https:\/\/www.suno.com.br\/noticias\/wp-json\/wp\/v2\/posts\/65016"}],"collection":[{"href":"https:\/\/www.suno.com.br\/noticias\/wp-json\/wp\/v2\/posts"}],"about":[{"href":"https:\/\/www.suno.com.br\/noticias\/wp-json\/wp\/v2\/types\/post"}],"author":[{"embeddable":true,"href":"https:\/\/www.suno.com.br\/noticias\/wp-json\/wp\/v2\/users\/19"}],"replies":[{"embeddable":true,"href":"https:\/\/www.suno.com.br\/noticias\/wp-json\/wp\/v2\/comments?post=65016"}],"version-history":[{"count":0,"href":"https:\/\/www.suno.com.br\/noticias\/wp-json\/wp\/v2\/posts\/65016\/revisions"}],"wp:featuredmedia":[{"embeddable":true,"href":"https:\/\/www.suno.com.br\/noticias\/wp-json\/wp\/v2\/media\/43655"}],"wp:attachment":[{"href":"https:\/\/www.suno.com.br\/noticias\/wp-json\/wp\/v2\/media?parent=65016"}],"wp:term":[{"taxonomy":"category","embeddable":true,"href":"https:\/\/www.suno.com.br\/noticias\/wp-json\/wp\/v2\/categories?post=65016"},{"taxonomy":"post_tag","embeddable":true,"href":"https:\/\/www.suno.com.br\/noticias\/wp-json\/wp\/v2\/tags?post=65016"},{"taxonomy":"suno_strategy","embeddable":true,"href":"https:\/\/www.suno.com.br\/noticias\/wp-json\/wp\/v2\/suno_strategy?post=65016"}],"curies":[{"name":"wp","href":"https:\/\/api.w.org\/{rel}","templated":true}]}}