{"id":650139,"date":"2026-04-30T19:55:12","date_gmt":"2026-04-30T22:55:12","guid":{"rendered":"https:\/\/www.suno.com.br\/noticias\/ifix-sobe-007-mantem-39-mil-pontos\/"},"modified":"2026-04-30T19:55:12","modified_gmt":"2026-04-30T22:55:12","slug":"ifix-sobe-007-mantem-39-mil-pontos","status":"publish","type":"post","link":"https:\/\/www.suno.com.br\/noticias\/ifix-sobe-007-mantem-39-mil-pontos\/","title":{"rendered":"IFIX fecha em leve alta e sustenta 3,9 mil pontos antes do feriado"},"content":{"rendered":"<p>O <strong>IFIX<\/strong> encerrou a quinta-feira (30) aos 3.929,91 pontos, com alta de 2,79 pontos, equivalente a 0,07% sobre o fechamento anterior. O movimento consolidou um preg\u00e3o de vi\u00e9s positivo, ainda que com volatilidade moderada ao longo do dia. Na m\u00e1xima, o \u00edndice alcan\u00e7ou 3.935,63 pontos; na m\u00ednima, tocou 3.926,87 pontos, refletindo um mercado seletivo e atento aos fluxos de fim de m\u00eas.<\/p>\t<div class=\"wrapper-featured-image\">\n\t\t<figure class=\"spotlightImg\">\n\n\t\t\t<picture>\n\t\t\t\t<source media=\"(max-width: 768px)\" srcset=\"https:\/\/files.sunoresearch.com.br\/n\/uploads\/2026\/04\/close-de-m-os-revisa-1_02-4-400x200.webp\">\n\t\t\t\t<img loading=\"lazy\" decoding=\"async\" class=\"newsContent__article__imgCapa lazyloadDisabled \" src=\"https:\/\/files.sunoresearch.com.br\/n\/uploads\/2026\/04\/close-de-m-os-revisa-1_02-4-800x450.webp\" width=\"800\" height=\"450\" alt=\"IFIX fecha em leve alta e sustenta 3,9 mil pontos antes do feriado\" fetchpriority=high \/>\n\t\t\t<\/picture>\n\n\t\t\t<figcaption class=\"wp-caption-text wp-caption-text--show\">Imagem gerada por IA<\/figcaption>\n\t\t<\/figure>\n\t<\/div>\n\n\n<p>O desempenho marcou a \u00faltima negocia\u00e7\u00e3o antes do recesso de 1\u00ba de maio, quando a B3 n\u00e3o opera. Mesmo tendo devolvido parte dos ganhos intradi\u00e1rios no leil\u00e3o de fechamento, o indicador manteve resultado favor\u00e1vel, refor\u00e7ando a resili\u00eancia da classe de ativos.<\/p>\n\n\t<p>\n\t\t<a href=\"https:\/\/lp2.suno.com.br\/onde-investir-2026\/?utm_campaign=_SNC390A0FD0_ao&#038;utm_source=suno-not\u00edcias&#038;utm_medium=banner.noticias\" target=\"_blank\" data-element=\"shortcode-suno-banner\" title=\"Banner SUNO, clique e saiba mais\">\n\t\t\t<picture>\n\t\t\t\t<source media=\"(max-width: 500px)\" srcset=\"https:\/\/files.sunoresearch.com.br\/gaia\/uploads\/2026\/01\/Banner-Materias-01-Mbl_-400x300-1.png\">\n\t\t\t\t<img class=\"newsContent__article__imgCapa newsContent__article__imgCapa--banner\"\n\t\t\t\t\tsrc=\"https:\/\/files.sunoresearch.com.br\/gaia\/uploads\/2026\/01\/Banner-Materias-01-Dkp_-1420x240-1.png\"\n\t\t\t\t\tdata-promo-id=\"651623\"\t\t\t\t\t\t\t\t\t\twidth='1420' height='240'\t\t\t\t\talt=\"https:\/\/files.sunoresearch.com.br\/gaia\/uploads\/2026\/01\/Banner-Materias-01-Dkp_-1420x240-1.png\"\n\t\t\t\t>\n\t\t\t<\/picture>\n\t\t<\/a>\n\t<\/p>\n\n\n\n\n<p>Em semana encurtada pelo feriado, o balan\u00e7o foi fechado na quinta. Frente ao per\u00edodo anterior, quando havia terminado a 3.935,55 pontos, o <strong>IFIX<\/strong> recuou 5,64 pontos (-0,14%). A leve corre\u00e7\u00e3o n\u00e3o alterou a leitura de tend\u00eancia de <a class=\"suno-keyword\" href=\"https:\/\/www.suno.com.br\/artigos\/curto-prazo\/\" target=\"_blank\" rel=\"noopener\" data-force=\"no\" data-priority=\"1\">curto prazo<\/a>, com o \u00edndice estacionado na faixa dos 3,9 mil pontos.<\/p>\n<ul>\n<li>\n<h3>Fundos mais negociados<\/h3>\n<\/li>\n<li>\n<p>Entre os pap\u00e9is de maior liquidez, o <strong>GARE11<\/strong> avan\u00e7ou 0,84%, movimentando 1,78 milh\u00e3o de cotas, enquanto o <strong>MXRF11<\/strong> subiu 0,71% com 1,30 milh\u00e3o de cotas. O <strong>GRCI11<\/strong> registrou alta de 0,88% e giro de 1,11 milh\u00e3o. J\u00e1 o <strong>CPTS11<\/strong> ganhou 0,38% com 856,78 mil cotas, e o <strong>VGHF11<\/strong> recuou 0,87% com 697,16 mil cotas transacionadas.<\/p>\n<\/li>\n<li>\n<h3>Maiores altas do preg\u00e3o<\/h3>\n<\/li>\n<li>\n<p>No campo positivo, o <strong>VGRI11<\/strong> liderou com valoriza\u00e7\u00e3o de 2,42%, fechando a R$ 6,76. Na sequ\u00eancia, o <strong>VINO11<\/strong> avan\u00e7ou 2,00%, encerrando a R$ 5,11. Os movimentos refletiram busca pontual por descontos e rota\u00e7\u00e3o t\u00e1tica em segmentos espec\u00edficos.<\/p>\n<\/li>\n<\/ul>\n\n\t<p>\n\t\t<a href=\"https:\/\/lp2.suno.com.br\/lm\/minicurso-construindo-um-portfolio-milionario\/?utm_campaign=_SNC35CF3834_ao&#038;utm_source=suno-not\u00edcias&#038;utm_medium=banner.noticias\" target=\"_blank\" data-element=\"shortcode-suno-banner\" title=\"Banner SUNO, clique e saiba mais\">\n\t\t\t<picture>\n\t\t\t\t<source media=\"(max-width: 500px)\" srcset=\"https:\/\/files.sunoresearch.com.br\/gaia\/uploads\/2026\/01\/MB-PS-HOME-DE-ARTIGOS-400x300-ID_01_x1.jpg\">\n\t\t\t\t<img class=\"newsContent__article__imgCapa newsContent__article__imgCapa--banner\"\n\t\t\t\t\tsrc=\"https:\/\/files.sunoresearch.com.br\/gaia\/uploads\/2026\/01\/DT-PS-HOME-DE-ARTIGOS-1420x240-ID_01_x1.jpg\"\n\t\t\t\t\tdata-promo-id=\"651626\"\t\t\t\t\t\t\t\t\t\twidth='1420' height='240'\t\t\t\t\talt=\"https:\/\/files.sunoresearch.com.br\/gaia\/uploads\/2026\/01\/DT-PS-HOME-DE-ARTIGOS-1420x240-ID_01_x1.jpg\"\n\t\t\t\t>\n\t\t\t<\/picture>\n\t\t<\/a>\n\t<\/p>\n\n\n\n\n<ul>\n<li>\n<h3>Maiores quedas do dia<\/h3>\n<\/li>\n<li>\n<p>Entre as baixas, o <a class=\"suno-keyword\" href=\"https:\/\/www.suno.com.br\/fundos-imobiliarios\/mfii11\/\" target=\"_blank\" rel=\"noopener\" data-force=\"no\" data-priority=\"2\"><strong>MFII11<\/strong><\/a> caiu 6,02%, fechando a R$ 65,60, enquanto o <strong>RZTR11<\/strong> recuou 4,29%, a R$ 90,32. A press\u00e3o vendedora concentrou-se em ativos com maior sensibilidade a revis\u00f5es de portf\u00f3lio e fluxo de not\u00edcias setoriais.<\/p>\n<\/li>\n<\/ul>\n<p>Com a proximidade do pico recente e a manuten\u00e7\u00e3o do patamar dos 3,9 mil pontos, o <strong>\u00edndice de <a class=\"suno-keyword\" href=\"https:\/\/www.suno.com.br\/fundos-imobiliarios\/\" target=\"_blank\" rel=\"noopener\" data-force=\"no\" data-priority=\"2\">fundos imobili\u00e1rios<\/a><\/strong> da <strong>B3<\/strong> segue dependente das expectativas para juros e infla\u00e7\u00e3o. Para a pr\u00f3xima semana, o mercado monitora sinais de <a class=\"suno-keyword\" href=\"https:\/\/www.suno.com.br\/artigos\/politica-monetaria\/\" target=\"_blank\" rel=\"noopener\" data-force=\"no\" data-priority=\"1\">pol\u00edtica monet\u00e1ria<\/a> e impactos sobre cap rates e distribui\u00e7\u00f5es.<\/p>\n<p>Em s\u00edntese, o <strong>IFIX<\/strong> confirmou um fechamento positivo antes do feriado, com liquidez concentrada em nomes tradicionais e varia\u00e7\u00f5es pontuais entre vencedores e perdedores do dia.<\/p>","protected":false},"excerpt":{"rendered":"<p>O IFIX encerrou a quinta-feira (30) aos 3.929,91 pontos, com alta de 2,79 pontos, equivalente a 0,07% sobre o fechamento anterior. O movimento consolidou um preg\u00e3o de vi\u00e9s positivo, ainda que com volatilidade moderada ao longo do dia. Na m\u00e1xima, o \u00edndice alcan\u00e7ou 3.935,63 pontos; na m\u00ednima, tocou 3.926,87 pontos, refletindo um mercado seletivo e &hellip; Continued<\/p>\n","protected":false},"author":43,"featured_media":650140,"comment_status":"closed","ping_status":"closed","sticky":false,"template":"","format":"standard","meta":[],"categories":[66],"tags":[315,2689],"suno_strategy":[],"class_list":["post-650139","post","type-post","status-publish","format-standard","has-post-thumbnail","hentry","category-fiis","tag-fundos-imobiliarios-fiis","tag-ifix"],"yoast_head":"<!-- This site is optimized with the Yoast SEO plugin v24.4 - https:\/\/yoast.com\/wordpress\/plugins\/seo\/ -->\n<title>IFIX sobe 0,07% e mant\u00e9m 3,9 mil pontos<\/title>\n<meta name=\"description\" content=\"IFIX sobe 0,07% e fecha a 3.929,91 pontos antes do feriado. Veja liquidez, maiores altas e quedas do preg\u00e3o.\" \/>\n<meta name=\"robots\" content=\"index, follow, max-snippet:-1, max-image-preview:large, max-video-preview:-1\" \/>\n<link rel=\"canonical\" href=\"https:\/\/www.suno.com.br\/noticias\/ifix-sobe-007-mantem-39-mil-pontos\/\" \/>\n<meta property=\"og:locale\" content=\"pt_BR\" \/>\n<meta property=\"og:type\" content=\"article\" \/>\n<meta property=\"og:title\" content=\"IFIX sobe 0,07% e mant\u00e9m 3,9 mil pontos\" \/>\n<meta property=\"og:description\" content=\"IFIX sobe 0,07% e fecha a 3.929,91 pontos antes do feriado. Veja liquidez, maiores altas e quedas do preg\u00e3o.\" \/>\n<meta property=\"og:url\" content=\"https:\/\/www.suno.com.br\/noticias\/ifix-sobe-007-mantem-39-mil-pontos\/\" \/>\n<meta property=\"og:site_name\" content=\"Suno Not\u00edcias\" \/>\n<meta property=\"article:publisher\" content=\"https:\/\/facebook.com\/sunoresearch\" \/>\n<meta property=\"article:author\" content=\"https:\/\/www.facebook.com\/sunonoticias\/\" \/>\n<meta property=\"og:image\" content=\"http:\/\/files.sunoresearch.com.br\/n\/uploads\/2026\/04\/close-de-m-os-revisa-1_02-4.webp\" \/>\n\t<meta property=\"og:image:width\" content=\"1365\" \/>\n\t<meta property=\"og:image:height\" content=\"768\" \/>\n\t<meta property=\"og:image:type\" content=\"image\/webp\" \/>\n<meta name=\"author\" content=\"Reda\u00e7\u00e3o Suno Not\u00edcias\" \/>\n<meta name=\"twitter:card\" content=\"summary_large_image\" \/>\n<meta name=\"twitter:creator\" content=\"@https:\/\/twitter.com\/sunoresearch\" \/>\n<meta name=\"twitter:site\" content=\"@sunoresearch\" \/>\n<meta name=\"twitter:label1\" content=\"Escrito por\" \/>\n\t<meta name=\"twitter:data1\" content=\"Reda\u00e7\u00e3o Suno Not\u00edcias\" \/>\n\t<meta name=\"twitter:label2\" content=\"Est. tempo de leitura\" \/>\n\t<meta name=\"twitter:data2\" content=\"2 minutos\" \/>\n<script type=\"application\/ld+json\" class=\"yoast-schema-graph\">{\"@context\":\"https:\/\/schema.org\",\"@graph\":[{\"@type\":\"NewsArticle\",\"@id\":\"https:\/\/www.suno.com.br\/noticias\/ifix-sobe-007-mantem-39-mil-pontos\/#article\",\"isPartOf\":{\"@id\":\"https:\/\/www.suno.com.br\/noticias\/ifix-sobe-007-mantem-39-mil-pontos\/\"},\"author\":{\"name\":\"Reda\u00e7\u00e3o Suno Not\u00edcias\",\"@id\":\"https:\/\/www.suno.com.br\/noticias\/#\/schema\/person\/c1b1bd3727fa852bd045e9dbff3673ea\"},\"headline\":\"IFIX fecha em leve alta e sustenta 3,9 mil pontos antes do feriado\",\"datePublished\":\"2026-04-30T22:55:12+00:00\",\"mainEntityOfPage\":{\"@id\":\"https:\/\/www.suno.com.br\/noticias\/ifix-sobe-007-mantem-39-mil-pontos\/\"},\"wordCount\":402,\"publisher\":{\"@id\":\"https:\/\/www.suno.com.br\/noticias\/#organization\"},\"image\":{\"@id\":\"https:\/\/www.suno.com.br\/noticias\/ifix-sobe-007-mantem-39-mil-pontos\/#primaryimage\"},\"thumbnailUrl\":\"https:\/\/files.sunoresearch.com.br\/n\/uploads\/2026\/04\/close-de-m-os-revisa-1_02-4.webp\",\"keywords\":[\"Fundos Imobili\u00e1rios (FIIs)\",\"IFIX\"],\"articleSection\":[\"FIIs\"],\"inLanguage\":\"pt-BR\"},{\"@type\":\"WebPage\",\"@id\":\"https:\/\/www.suno.com.br\/noticias\/ifix-sobe-007-mantem-39-mil-pontos\/\",\"url\":\"https:\/\/www.suno.com.br\/noticias\/ifix-sobe-007-mantem-39-mil-pontos\/\",\"name\":\"IFIX sobe 0,07% e mant\u00e9m 3,9 mil pontos\",\"isPartOf\":{\"@id\":\"https:\/\/www.suno.com.br\/noticias\/#website\"},\"primaryImageOfPage\":{\"@id\":\"https:\/\/www.suno.com.br\/noticias\/ifix-sobe-007-mantem-39-mil-pontos\/#primaryimage\"},\"image\":{\"@id\":\"https:\/\/www.suno.com.br\/noticias\/ifix-sobe-007-mantem-39-mil-pontos\/#primaryimage\"},\"thumbnailUrl\":\"https:\/\/files.sunoresearch.com.br\/n\/uploads\/2026\/04\/close-de-m-os-revisa-1_02-4.webp\",\"datePublished\":\"2026-04-30T22:55:12+00:00\",\"description\":\"IFIX sobe 0,07% e fecha a 3.929,91 pontos antes do feriado. Veja liquidez, maiores altas e quedas do preg\u00e3o.\",\"breadcrumb\":{\"@id\":\"https:\/\/www.suno.com.br\/noticias\/ifix-sobe-007-mantem-39-mil-pontos\/#breadcrumb\"},\"inLanguage\":\"pt-BR\",\"potentialAction\":[{\"@type\":\"ReadAction\",\"target\":[\"https:\/\/www.suno.com.br\/noticias\/ifix-sobe-007-mantem-39-mil-pontos\/\"]}]},{\"@type\":\"ImageObject\",\"inLanguage\":\"pt-BR\",\"@id\":\"https:\/\/www.suno.com.br\/noticias\/ifix-sobe-007-mantem-39-mil-pontos\/#primaryimage\",\"url\":\"https:\/\/files.sunoresearch.com.br\/n\/uploads\/2026\/04\/close-de-m-os-revisa-1_02-4.webp\",\"contentUrl\":\"https:\/\/files.sunoresearch.com.br\/n\/uploads\/2026\/04\/close-de-m-os-revisa-1_02-4.webp\",\"width\":1365,\"height\":768,\"caption\":\"Imagem gerada por IA\"},{\"@type\":\"BreadcrumbList\",\"@id\":\"https:\/\/www.suno.com.br\/noticias\/ifix-sobe-007-mantem-39-mil-pontos\/#breadcrumb\",\"itemListElement\":[{\"@type\":\"ListItem\",\"position\":1,\"name\":\"Not\u00edcias\",\"item\":\"https:\/\/www.suno.com.br\/noticias\/\"},{\"@type\":\"ListItem\",\"position\":2,\"name\":\"Neg\u00f3cios\",\"item\":\"https:\/\/www.suno.com.br\/noticias\/negocios\/\"},{\"@type\":\"ListItem\",\"position\":3,\"name\":\"IFIX fecha em leve alta e sustenta 3,9 mil pontos antes do feriado\"}]},{\"@type\":\"WebSite\",\"@id\":\"https:\/\/www.suno.com.br\/noticias\/#website\",\"url\":\"https:\/\/www.suno.com.br\/noticias\/\",\"name\":\"Suno Not\u00edcias\",\"description\":\"Seu portal de informa\u00e7\u00e3o sobre o mundo dos investimentos\",\"publisher\":{\"@id\":\"https:\/\/www.suno.com.br\/noticias\/#organization\"},\"potentialAction\":[{\"@type\":\"SearchAction\",\"target\":{\"@type\":\"EntryPoint\",\"urlTemplate\":\"https:\/\/www.suno.com.br\/noticias\/?s={search_term_string}\"},\"query-input\":{\"@type\":\"PropertyValueSpecification\",\"valueRequired\":true,\"valueName\":\"search_term_string\"}}],\"inLanguage\":\"pt-BR\"},{\"@type\":\"Organization\",\"@id\":\"https:\/\/www.suno.com.br\/noticias\/#organization\",\"name\":\"Suno Not\u00edcias\",\"url\":\"https:\/\/www.suno.com.br\/noticias\/\",\"logo\":{\"@type\":\"ImageObject\",\"inLanguage\":\"pt-BR\",\"@id\":\"https:\/\/www.suno.com.br\/noticias\/#\/schema\/logo\/image\/\",\"url\":\"https:\/\/files.sunoresearch.com.br\/n\/uploads\/2021\/09\/suno-logo.png\",\"contentUrl\":\"https:\/\/files.sunoresearch.com.br\/n\/uploads\/2021\/09\/suno-logo.png\",\"width\":180,\"height\":180,\"caption\":\"Suno Not\u00edcias\"},\"image\":{\"@id\":\"https:\/\/www.suno.com.br\/noticias\/#\/schema\/logo\/image\/\"},\"sameAs\":[\"https:\/\/facebook.com\/sunoresearch\",\"https:\/\/x.com\/sunoresearch\",\"https:\/\/www.instagram.com\/suno\",\"https:\/\/www.linkedin.com\/company\/suno-research\/\",\"https:\/\/www.youtube.com\/c\/sunoresearch\"]},{\"@type\":\"Person\",\"@id\":\"https:\/\/www.suno.com.br\/noticias\/#\/schema\/person\/c1b1bd3727fa852bd045e9dbff3673ea\",\"name\":\"Reda\u00e7\u00e3o Suno Not\u00edcias\",\"image\":{\"@type\":\"ImageObject\",\"inLanguage\":\"pt-BR\",\"@id\":\"https:\/\/www.suno.com.br\/noticias\/#\/schema\/person\/image\/\",\"url\":\"https:\/\/secure.gravatar.com\/avatar\/b8104b9b5a71985d5238ee59fbe418af?s=96&r=g\",\"contentUrl\":\"https:\/\/secure.gravatar.com\/avatar\/b8104b9b5a71985d5238ee59fbe418af?s=96&r=g\",\"caption\":\"Reda\u00e7\u00e3o Suno Not\u00edcias\"},\"description\":\"O Suno Not\u00edcias \u00e9 um portal de informa\u00e7\u00f5es sobre Mercado Financeiro, Pol\u00edtica, Neg\u00f3cios, Economia e Finan\u00e7as Pessoais.\",\"sameAs\":[\"https:\/\/www.suno.com.br\/noticias\",\"https:\/\/www.facebook.com\/sunonoticias\/\",\"https:\/\/www.instagram.com\/sunonoticias\/\",\"https:\/\/x.com\/https:\/\/twitter.com\/sunoresearch\",\"https:\/\/www.youtube.com\/sunonoticias\"],\"url\":\"https:\/\/www.suno.com.br\/noticias\/author\/redacao-suno\/\"}]}<\/script>\n<!-- \/ Yoast SEO plugin. -->","yoast_head_json":{"title":"IFIX sobe 0,07% e mant\u00e9m 3,9 mil pontos","description":"IFIX sobe 0,07% e fecha a 3.929,91 pontos antes do feriado. Veja liquidez, maiores altas e quedas do preg\u00e3o.","robots":{"index":"index","follow":"follow","max-snippet":"max-snippet:-1","max-image-preview":"max-image-preview:large","max-video-preview":"max-video-preview:-1"},"canonical":"https:\/\/www.suno.com.br\/noticias\/ifix-sobe-007-mantem-39-mil-pontos\/","og_locale":"pt_BR","og_type":"article","og_title":"IFIX sobe 0,07% e mant\u00e9m 3,9 mil pontos","og_description":"IFIX sobe 0,07% e fecha a 3.929,91 pontos antes do feriado. Veja liquidez, maiores altas e quedas do preg\u00e3o.","og_url":"https:\/\/www.suno.com.br\/noticias\/ifix-sobe-007-mantem-39-mil-pontos\/","og_site_name":"Suno Not\u00edcias","article_publisher":"https:\/\/facebook.com\/sunoresearch","article_author":"https:\/\/www.facebook.com\/sunonoticias\/","og_image":[{"width":1365,"height":768,"url":"http:\/\/files.sunoresearch.com.br\/n\/uploads\/2026\/04\/close-de-m-os-revisa-1_02-4.webp","type":"image\/webp"}],"author":"Reda\u00e7\u00e3o Suno Not\u00edcias","twitter_card":"summary_large_image","twitter_creator":"@https:\/\/twitter.com\/sunoresearch","twitter_site":"@sunoresearch","twitter_misc":{"Escrito por":"Reda\u00e7\u00e3o Suno Not\u00edcias","Est. tempo de leitura":"2 minutos"},"schema":{"@context":"https:\/\/schema.org","@graph":[{"@type":"NewsArticle","@id":"https:\/\/www.suno.com.br\/noticias\/ifix-sobe-007-mantem-39-mil-pontos\/#article","isPartOf":{"@id":"https:\/\/www.suno.com.br\/noticias\/ifix-sobe-007-mantem-39-mil-pontos\/"},"author":{"name":"Reda\u00e7\u00e3o Suno Not\u00edcias","@id":"https:\/\/www.suno.com.br\/noticias\/#\/schema\/person\/c1b1bd3727fa852bd045e9dbff3673ea"},"headline":"IFIX fecha em leve alta e sustenta 3,9 mil pontos antes do feriado","datePublished":"2026-04-30T22:55:12+00:00","mainEntityOfPage":{"@id":"https:\/\/www.suno.com.br\/noticias\/ifix-sobe-007-mantem-39-mil-pontos\/"},"wordCount":402,"publisher":{"@id":"https:\/\/www.suno.com.br\/noticias\/#organization"},"image":{"@id":"https:\/\/www.suno.com.br\/noticias\/ifix-sobe-007-mantem-39-mil-pontos\/#primaryimage"},"thumbnailUrl":"https:\/\/files.sunoresearch.com.br\/n\/uploads\/2026\/04\/close-de-m-os-revisa-1_02-4.webp","keywords":["Fundos Imobili\u00e1rios (FIIs)","IFIX"],"articleSection":["FIIs"],"inLanguage":"pt-BR"},{"@type":"WebPage","@id":"https:\/\/www.suno.com.br\/noticias\/ifix-sobe-007-mantem-39-mil-pontos\/","url":"https:\/\/www.suno.com.br\/noticias\/ifix-sobe-007-mantem-39-mil-pontos\/","name":"IFIX sobe 0,07% e mant\u00e9m 3,9 mil pontos","isPartOf":{"@id":"https:\/\/www.suno.com.br\/noticias\/#website"},"primaryImageOfPage":{"@id":"https:\/\/www.suno.com.br\/noticias\/ifix-sobe-007-mantem-39-mil-pontos\/#primaryimage"},"image":{"@id":"https:\/\/www.suno.com.br\/noticias\/ifix-sobe-007-mantem-39-mil-pontos\/#primaryimage"},"thumbnailUrl":"https:\/\/files.sunoresearch.com.br\/n\/uploads\/2026\/04\/close-de-m-os-revisa-1_02-4.webp","datePublished":"2026-04-30T22:55:12+00:00","description":"IFIX sobe 0,07% e fecha a 3.929,91 pontos antes do feriado. Veja liquidez, maiores altas e quedas do preg\u00e3o.","breadcrumb":{"@id":"https:\/\/www.suno.com.br\/noticias\/ifix-sobe-007-mantem-39-mil-pontos\/#breadcrumb"},"inLanguage":"pt-BR","potentialAction":[{"@type":"ReadAction","target":["https:\/\/www.suno.com.br\/noticias\/ifix-sobe-007-mantem-39-mil-pontos\/"]}]},{"@type":"ImageObject","inLanguage":"pt-BR","@id":"https:\/\/www.suno.com.br\/noticias\/ifix-sobe-007-mantem-39-mil-pontos\/#primaryimage","url":"https:\/\/files.sunoresearch.com.br\/n\/uploads\/2026\/04\/close-de-m-os-revisa-1_02-4.webp","contentUrl":"https:\/\/files.sunoresearch.com.br\/n\/uploads\/2026\/04\/close-de-m-os-revisa-1_02-4.webp","width":1365,"height":768,"caption":"Imagem gerada por IA"},{"@type":"BreadcrumbList","@id":"https:\/\/www.suno.com.br\/noticias\/ifix-sobe-007-mantem-39-mil-pontos\/#breadcrumb","itemListElement":[{"@type":"ListItem","position":1,"name":"Not\u00edcias","item":"https:\/\/www.suno.com.br\/noticias\/"},{"@type":"ListItem","position":2,"name":"Neg\u00f3cios","item":"https:\/\/www.suno.com.br\/noticias\/negocios\/"},{"@type":"ListItem","position":3,"name":"IFIX fecha em leve alta e sustenta 3,9 mil pontos antes do feriado"}]},{"@type":"WebSite","@id":"https:\/\/www.suno.com.br\/noticias\/#website","url":"https:\/\/www.suno.com.br\/noticias\/","name":"Suno Not\u00edcias","description":"Seu portal de informa\u00e7\u00e3o sobre o mundo dos investimentos","publisher":{"@id":"https:\/\/www.suno.com.br\/noticias\/#organization"},"potentialAction":[{"@type":"SearchAction","target":{"@type":"EntryPoint","urlTemplate":"https:\/\/www.suno.com.br\/noticias\/?s={search_term_string}"},"query-input":{"@type":"PropertyValueSpecification","valueRequired":true,"valueName":"search_term_string"}}],"inLanguage":"pt-BR"},{"@type":"Organization","@id":"https:\/\/www.suno.com.br\/noticias\/#organization","name":"Suno Not\u00edcias","url":"https:\/\/www.suno.com.br\/noticias\/","logo":{"@type":"ImageObject","inLanguage":"pt-BR","@id":"https:\/\/www.suno.com.br\/noticias\/#\/schema\/logo\/image\/","url":"https:\/\/files.sunoresearch.com.br\/n\/uploads\/2021\/09\/suno-logo.png","contentUrl":"https:\/\/files.sunoresearch.com.br\/n\/uploads\/2021\/09\/suno-logo.png","width":180,"height":180,"caption":"Suno Not\u00edcias"},"image":{"@id":"https:\/\/www.suno.com.br\/noticias\/#\/schema\/logo\/image\/"},"sameAs":["https:\/\/facebook.com\/sunoresearch","https:\/\/x.com\/sunoresearch","https:\/\/www.instagram.com\/suno","https:\/\/www.linkedin.com\/company\/suno-research\/","https:\/\/www.youtube.com\/c\/sunoresearch"]},{"@type":"Person","@id":"https:\/\/www.suno.com.br\/noticias\/#\/schema\/person\/c1b1bd3727fa852bd045e9dbff3673ea","name":"Reda\u00e7\u00e3o Suno Not\u00edcias","image":{"@type":"ImageObject","inLanguage":"pt-BR","@id":"https:\/\/www.suno.com.br\/noticias\/#\/schema\/person\/image\/","url":"https:\/\/secure.gravatar.com\/avatar\/b8104b9b5a71985d5238ee59fbe418af?s=96&r=g","contentUrl":"https:\/\/secure.gravatar.com\/avatar\/b8104b9b5a71985d5238ee59fbe418af?s=96&r=g","caption":"Reda\u00e7\u00e3o Suno Not\u00edcias"},"description":"O Suno Not\u00edcias \u00e9 um portal de informa\u00e7\u00f5es sobre Mercado Financeiro, Pol\u00edtica, Neg\u00f3cios, Economia e Finan\u00e7as Pessoais.","sameAs":["https:\/\/www.suno.com.br\/noticias","https:\/\/www.facebook.com\/sunonoticias\/","https:\/\/www.instagram.com\/sunonoticias\/","https:\/\/x.com\/https:\/\/twitter.com\/sunoresearch","https:\/\/www.youtube.com\/sunonoticias"],"url":"https:\/\/www.suno.com.br\/noticias\/author\/redacao-suno\/"}]}},"default_loop_html":"<div class=\"cardsPage__listCard__boxs\"><div class=\"cardsPage__listCard__boxs__img\"><a href=\"https:\/\/www.suno.com.br\/noticias\/ifix-sobe-007-mantem-39-mil-pontos\/\"><img class=\"mask\" src=\"https:\/\/www.suno.com.br\/noticias\/wp-content\/themes\/suno\/resources\/images\/spotlight\/spotlight1img\/bg-mask.png\" alt=\"Image Mask\"\/><img src=\"https:\/\/files.sunoresearch.com.br\/n\/uploads\/2026\/04\/close-de-m-os-revisa-1_02-4-400x200.webp\" alt=\"IFIX fecha em leve alta e sustenta 3,9 mil pontos antes do feriado\"\/><\/a><span class=\"spotlightCategory\"><a href=\"https:\/\/www.suno.com.br\/noticias\/fiis\/\">FIIs<\/a><\/span><\/div><div class=\"cardsPage__listCard__boxs__content\"><a href=\"https:\/\/www.suno.com.br\/noticias\/ifix-sobe-007-mantem-39-mil-pontos\/\"><h2 class=\"content__title\">IFIX fecha em leve alta e sustenta 3,9 mil pontos antes do feriado<\/h2><\/a><div class=\"newsContent__article__meta\"><div class=\"newsContent__article__meta__authorBox\"><a href=\"https:\/\/www.suno.com.br\/noticias\/author\/redacao-suno\/\" class=\"authorBox__avatar noMobi\"><img src=\"https:\/\/files.sunoresearch.com.br\/n\/uploads\/2020\/08\/0ace682d-redacao-1-150x150.webp\" alt=\"Reda\u00e7\u00e3o Suno Not\u00edcias\"><\/a><div class=\"authorBox__name\"><span>por\n\t\t\t<a href=\"https:\/\/www.suno.com.br\/noticias\/author\/redacao-suno\/\"><span itemprop=\"author\">Reda\u00e7\u00e3o Suno Not\u00edcias<\/span><\/a><\/span><time datetime=\"2026-04-30T19:55:12-03:00\" itemprop=\"datePublished\">30\/04\/2026 19:55<\/time><\/div><\/div><\/div><\/div><\/div>","single_layout":"posts","amp_enabled":true,"_links":{"self":[{"href":"https:\/\/www.suno.com.br\/noticias\/wp-json\/wp\/v2\/posts\/650139"}],"collection":[{"href":"https:\/\/www.suno.com.br\/noticias\/wp-json\/wp\/v2\/posts"}],"about":[{"href":"https:\/\/www.suno.com.br\/noticias\/wp-json\/wp\/v2\/types\/post"}],"author":[{"embeddable":true,"href":"https:\/\/www.suno.com.br\/noticias\/wp-json\/wp\/v2\/users\/43"}],"replies":[{"embeddable":true,"href":"https:\/\/www.suno.com.br\/noticias\/wp-json\/wp\/v2\/comments?post=650139"}],"version-history":[{"count":0,"href":"https:\/\/www.suno.com.br\/noticias\/wp-json\/wp\/v2\/posts\/650139\/revisions"}],"wp:featuredmedia":[{"embeddable":true,"href":"https:\/\/www.suno.com.br\/noticias\/wp-json\/wp\/v2\/media\/650140"}],"wp:attachment":[{"href":"https:\/\/www.suno.com.br\/noticias\/wp-json\/wp\/v2\/media?parent=650139"}],"wp:term":[{"taxonomy":"category","embeddable":true,"href":"https:\/\/www.suno.com.br\/noticias\/wp-json\/wp\/v2\/categories?post=650139"},{"taxonomy":"post_tag","embeddable":true,"href":"https:\/\/www.suno.com.br\/noticias\/wp-json\/wp\/v2\/tags?post=650139"},{"taxonomy":"suno_strategy","embeddable":true,"href":"https:\/\/www.suno.com.br\/noticias\/wp-json\/wp\/v2\/suno_strategy?post=650139"}],"curies":[{"name":"wp","href":"https:\/\/api.w.org\/{rel}","templated":true}]}}