{"id":65011,"date":"2020-05-15T16:13:41","date_gmt":"2020-05-15T19:13:41","guid":{"rendered":"https:\/\/www.suno.com.br\/noticias\/?p=65011"},"modified":"2020-05-15T16:13:41","modified_gmt":"2020-05-15T19:13:41","slug":"suzano-suzb3-e-dificil-prever-oferta-e-demanda-de-celulose","status":"publish","type":"post","link":"https:\/\/www.suno.com.br\/noticias\/suzano-suzb3-e-dificil-prever-oferta-e-demanda-de-celulose\/","title":{"rendered":"Suzano (SUZB3): \u00e9 dif\u00edcil prever oferta e demanda de celulose"},"content":{"rendered":"<p>O presidente da <a href=\"https:\/\/www.suno.com.br\/acoes\/suzb3\/\"><strong>Suzano<\/strong> (SUZB3)<\/a>, Walter Schalka, informou que \u00e9 muito dif\u00edcil prever como ficar\u00e1 a rela\u00e7\u00e3o entre oferta e demanda da celulose ap\u00f3s a pandemia de coronav\u00edrus (Covid-19). A informa\u00e7\u00e3o foi divulgada nessa sexta-feira (15) pelo &#8220;Valor&#8221;.<\/p>\t<div class=\"wrapper-featured-image\">\n\t\t<figure class=\"spotlightImg\">\n\n\t\t\t<picture>\n\t\t\t\t<source media=\"(max-width: 768px)\" srcset=\"https:\/\/files.sunoresearch.com.br\/n\/uploads\/2020\/02\/b5ef26e8-suzano-400x200.webp\">\n\t\t\t\t<img loading=\"lazy\" decoding=\"async\" class=\"newsContent__article__imgCapa lazyloadDisabled newsContent__article__imgCapa--noCaption\" src=\"https:\/\/files.sunoresearch.com.br\/n\/uploads\/2020\/02\/b5ef26e8-suzano-jpg.webp\" width=\"800\" height=\"450\" alt=\"Suzano (SUZB3): \u00e9 dif\u00edcil prever oferta e demanda de celulose\" fetchpriority=high \/>\n\t\t\t<\/picture>\n\n\t\t\t<figcaption class=\"wp-caption-text wp-caption-text--hide\">Suzano: venda de ativos \u00e9 visto como acertada por  BTG<\/figcaption>\n\t\t<\/figure>\n\t<\/div>\n\n\n\n<p>De acordo com a Suzano, o novo coronav\u00edrus , afetou significativamente o aumento da <a href=\"https:\/\/www.suno.com.br\/artigos\/oferta-demanda\/\">demanda<\/a> por celulose devido ao aquecimento do segmento de pap\u00e9is sanit\u00e1rios. Entretanto, a doen\u00e7a reduziu a demanda por pap\u00e9is usados para escrita ou impress\u00e3o.<\/p>\n<p><a href=\"https:\/\/lp.suno.com.br\/suno-one\/\">Na Suno One voc\u00ea aprende como fazer o seu dinheiro para trabalhar para voc\u00ea. Cadastre-se agora<\/a><\/p>\n<p>Contudo, Schalka informou que deve haver uma mudan\u00e7a na demanda ap\u00f3s a pandemia. Segundo ele nos pa\u00edses onde as medidas de isolamento social est\u00e3o sendo afrouxadas, o consumo dos pap\u00e9is destinados a escrita e impress\u00e3o voltaram a crescer.<\/p>\n<p>O executivo completou dizendo que &#8220;parece haver uma corre\u00e7\u00e3o direta entre consumo de papel de imprimir e escrever e medidas de fechamento ou isolamento social por causa da Covid-19&#8221;.<\/p>\n<p>Al\u00e9m disso, o diretor de finan\u00e7as e rela\u00e7\u00f5es com investidores da empresa, Marcelo Bacci adicionou que &#8220;a demanda de tissue (pap\u00e9is para fins sanit\u00e1rios&#8221; e a menor disponibilidade de fibra reciclada mais que compensaram a retra\u00e7\u00e3o no segmento de imprimir e escrever&#8221;.<\/p>\n<h2>Suzano estende parada comercial<\/h2>\n<p>O diretor de papel da empresa, Leonardo Grimaldi informou que a companhia pretende prolongar, at\u00e9 junho, a interrup\u00e7\u00e3o comercial nas f\u00e1bricas de Mucuri, na Bahia, e em Rio Verde, em S\u00e3o Paulo. As f\u00e1bricas s\u00e3o o respons\u00e1veis pela produ\u00e7\u00e3o de papel para impress\u00e3o e escrita, modalidades que apresentaram queda na demanda durante a pandemia.<\/p>\n<p>Segundo Grimaldi, os primeiros efeitos da doen\u00e7a no segmento de &#8220;imprimir e escrever&#8221;, come\u00e7aram a ser sentidos em mar\u00e7o. O diretor de papel da companhia acrescentou que os estoques subiram muito e assim decidiram para a produ\u00e7\u00e3o de papel nas duas f\u00e1bricas em maio.<\/p>\n<p><a class=\"LinkSuggestion__Link-sc-1mdih4x-2 jZPuuT\" href=\"https:\/\/www.suno.com.br\/noticias\/suzano-suzb3-eleva-preco-celulose\/\" target=\"_blank\" rel=\"noopener noreferrer\">Saiba mais: Suzano (SUZB3) eleva pre\u00e7o da celulose na Am\u00e9rica do Norte e Europa<\/a><\/p>\n<p>A <strong>Suzano<\/strong> registrou que a venda de celulose no primeiro trimestre de 2020 caiu 65%, contra o mesmo per\u00edodo de 2019, para 2,86 milh\u00f5es de toneladas. O<a href=\"https:\/\/www.suno.com.br\/artigos\/preco-medio\/\"> pre\u00e7o m\u00e9dio<\/a> da commodity caiu 34% no primeiro trimestre, para US$ 469 por tonelada (cerca de R$ 2.724,89).<\/p>\n\n","protected":false},"excerpt":{"rendered":"<p>O presidente da Suzano (SUZB3), Walter Schalka, informou que \u00e9 muito dif\u00edcil prever como ficar\u00e1 a rela\u00e7\u00e3o entre oferta e demanda da celulose ap\u00f3s a pandemia de coronav\u00edrus (Covid-19). A informa\u00e7\u00e3o foi divulgada nessa sexta-feira (15) pelo &#8220;Valor&#8221;. Suzano: venda de ativos \u00e9 visto como acertada por BTG De acordo com a Suzano, o novo [&hellip;]<\/p>\n","protected":false},"author":39,"featured_media":52847,"comment_status":"closed","ping_status":"closed","sticky":false,"template":"","format":"standard","meta":[],"categories":[64],"tags":[1499,648],"suno_strategy":[],"class_list":["post-65011","post","type-post","status-publish","format-standard","has-post-thumbnail","hentry","category-negocios","tag-celulose","tag-suzano-suzb3"],"yoast_head":"<!-- This site is optimized with the Yoast SEO plugin v24.4 - https:\/\/yoast.com\/wordpress\/plugins\/seo\/ -->\n<title>Suzano (SUZB3): \u00e9 dif\u00edcil prever oferta e demanda de celulose<\/title>\n<meta name=\"description\" content=\"Presidente da Suzano (SUZB3), diz que \u00e9 dif\u00edcil prever rela\u00e7\u00e3o entre oferta e demanda da celulose ap\u00f3s pandemia. Clique aqui para saber mais\" \/>\n<meta name=\"robots\" content=\"index, follow, max-snippet:-1, max-image-preview:large, max-video-preview:-1\" \/>\n<link rel=\"canonical\" href=\"https:\/\/www.suno.com.br\/noticias\/suzano-suzb3-e-dificil-prever-oferta-e-demanda-de-celulose\/\" \/>\n<meta property=\"og:locale\" content=\"pt_BR\" \/>\n<meta property=\"og:type\" content=\"article\" \/>\n<meta property=\"og:title\" content=\"Suzano (SUZB3): \u00e9 dif\u00edcil prever oferta e demanda de celulose\" \/>\n<meta property=\"og:description\" content=\"Presidente da Suzano (SUZB3), diz que \u00e9 dif\u00edcil prever rela\u00e7\u00e3o entre oferta e demanda da celulose ap\u00f3s pandemia. Clique aqui para saber mais\" \/>\n<meta property=\"og:url\" content=\"https:\/\/www.suno.com.br\/noticias\/suzano-suzb3-e-dificil-prever-oferta-e-demanda-de-celulose\/\" \/>\n<meta property=\"og:site_name\" content=\"Suno Not\u00edcias\" \/>\n<meta property=\"article:publisher\" content=\"https:\/\/facebook.com\/sunoresearch\" \/>\n<meta property=\"og:image\" content=\"https:\/\/files.sunoresearch.com.br\/n\/uploads\/2020\/02\/b5ef26e8-suzano.jpg\" \/>\n\t<meta property=\"og:image:width\" content=\"600\" \/>\n\t<meta property=\"og:image:height\" content=\"412\" \/>\n\t<meta property=\"og:image:type\" content=\"image\/jpeg\" \/>\n<meta name=\"author\" content=\"Laura Moutinho\" \/>\n<meta name=\"twitter:card\" content=\"summary_large_image\" \/>\n<meta name=\"twitter:creator\" content=\"@sunoresearch\" \/>\n<meta name=\"twitter:site\" content=\"@sunoresearch\" \/>\n<meta name=\"twitter:label1\" content=\"Escrito por\" \/>\n\t<meta name=\"twitter:data1\" content=\"Laura Moutinho\" \/>\n\t<meta name=\"twitter:label2\" content=\"Est. tempo de leitura\" \/>\n\t<meta name=\"twitter:data2\" content=\"2 minutos\" \/>\n<script type=\"application\/ld+json\" class=\"yoast-schema-graph\">{\"@context\":\"https:\/\/schema.org\",\"@graph\":[{\"@type\":\"NewsArticle\",\"@id\":\"https:\/\/www.suno.com.br\/noticias\/suzano-suzb3-e-dificil-prever-oferta-e-demanda-de-celulose\/#article\",\"isPartOf\":{\"@id\":\"https:\/\/www.suno.com.br\/noticias\/suzano-suzb3-e-dificil-prever-oferta-e-demanda-de-celulose\/\"},\"author\":{\"name\":\"Laura Moutinho\",\"@id\":\"https:\/\/www.suno.com.br\/noticias\/#\/schema\/person\/3df0d2808748b74496efe5dbeaef2c72\"},\"headline\":\"Suzano (SUZB3): \u00e9 dif\u00edcil prever oferta e demanda de celulose\",\"datePublished\":\"2020-05-15T19:13:41+00:00\",\"mainEntityOfPage\":{\"@id\":\"https:\/\/www.suno.com.br\/noticias\/suzano-suzb3-e-dificil-prever-oferta-e-demanda-de-celulose\/\"},\"wordCount\":413,\"publisher\":{\"@id\":\"https:\/\/www.suno.com.br\/noticias\/#organization\"},\"image\":{\"@id\":\"https:\/\/www.suno.com.br\/noticias\/suzano-suzb3-e-dificil-prever-oferta-e-demanda-de-celulose\/#primaryimage\"},\"thumbnailUrl\":\"https:\/\/files.sunoresearch.com.br\/n\/uploads\/2020\/02\/b5ef26e8-suzano-jpg.webp\",\"keywords\":[\"celulose\",\"Suzano (SUZB3)\"],\"articleSection\":[\"Neg\u00f3cios\"],\"inLanguage\":\"pt-BR\"},{\"@type\":\"WebPage\",\"@id\":\"https:\/\/www.suno.com.br\/noticias\/suzano-suzb3-e-dificil-prever-oferta-e-demanda-de-celulose\/\",\"url\":\"https:\/\/www.suno.com.br\/noticias\/suzano-suzb3-e-dificil-prever-oferta-e-demanda-de-celulose\/\",\"name\":\"Suzano (SUZB3): \u00e9 dif\u00edcil prever oferta e demanda de celulose\",\"isPartOf\":{\"@id\":\"https:\/\/www.suno.com.br\/noticias\/#website\"},\"primaryImageOfPage\":{\"@id\":\"https:\/\/www.suno.com.br\/noticias\/suzano-suzb3-e-dificil-prever-oferta-e-demanda-de-celulose\/#primaryimage\"},\"image\":{\"@id\":\"https:\/\/www.suno.com.br\/noticias\/suzano-suzb3-e-dificil-prever-oferta-e-demanda-de-celulose\/#primaryimage\"},\"thumbnailUrl\":\"https:\/\/files.sunoresearch.com.br\/n\/uploads\/2020\/02\/b5ef26e8-suzano-jpg.webp\",\"datePublished\":\"2020-05-15T19:13:41+00:00\",\"description\":\"Presidente da Suzano (SUZB3), diz que \u00e9 dif\u00edcil prever rela\u00e7\u00e3o entre oferta e demanda da celulose ap\u00f3s pandemia. Clique aqui para saber mais\",\"breadcrumb\":{\"@id\":\"https:\/\/www.suno.com.br\/noticias\/suzano-suzb3-e-dificil-prever-oferta-e-demanda-de-celulose\/#breadcrumb\"},\"inLanguage\":\"pt-BR\",\"potentialAction\":[{\"@type\":\"ReadAction\",\"target\":[\"https:\/\/www.suno.com.br\/noticias\/suzano-suzb3-e-dificil-prever-oferta-e-demanda-de-celulose\/\"]}]},{\"@type\":\"ImageObject\",\"inLanguage\":\"pt-BR\",\"@id\":\"https:\/\/www.suno.com.br\/noticias\/suzano-suzb3-e-dificil-prever-oferta-e-demanda-de-celulose\/#primaryimage\",\"url\":\"https:\/\/files.sunoresearch.com.br\/n\/uploads\/2020\/02\/b5ef26e8-suzano-jpg.webp\",\"contentUrl\":\"https:\/\/files.sunoresearch.com.br\/n\/uploads\/2020\/02\/b5ef26e8-suzano-jpg.webp\",\"width\":600,\"height\":412,\"caption\":\"Suzano: venda de ativos \u00e9 visto como acertada por BTG\"},{\"@type\":\"BreadcrumbList\",\"@id\":\"https:\/\/www.suno.com.br\/noticias\/suzano-suzb3-e-dificil-prever-oferta-e-demanda-de-celulose\/#breadcrumb\",\"itemListElement\":[{\"@type\":\"ListItem\",\"position\":1,\"name\":\"Not\u00edcias\",\"item\":\"https:\/\/www.suno.com.br\/noticias\/\"},{\"@type\":\"ListItem\",\"position\":2,\"name\":\"Neg\u00f3cios\",\"item\":\"https:\/\/www.suno.com.br\/noticias\/negocios\/\"},{\"@type\":\"ListItem\",\"position\":3,\"name\":\"Suzano (SUZB3): \u00e9 dif\u00edcil prever oferta e demanda de celulose\"}]},{\"@type\":\"WebSite\",\"@id\":\"https:\/\/www.suno.com.br\/noticias\/#website\",\"url\":\"https:\/\/www.suno.com.br\/noticias\/\",\"name\":\"Suno Not\u00edcias\",\"description\":\"Seu portal de informa\u00e7\u00e3o sobre o mundo dos investimentos\",\"publisher\":{\"@id\":\"https:\/\/www.suno.com.br\/noticias\/#organization\"},\"potentialAction\":[{\"@type\":\"SearchAction\",\"target\":{\"@type\":\"EntryPoint\",\"urlTemplate\":\"https:\/\/www.suno.com.br\/noticias\/?s={search_term_string}\"},\"query-input\":{\"@type\":\"PropertyValueSpecification\",\"valueRequired\":true,\"valueName\":\"search_term_string\"}}],\"inLanguage\":\"pt-BR\"},{\"@type\":\"Organization\",\"@id\":\"https:\/\/www.suno.com.br\/noticias\/#organization\",\"name\":\"Suno Not\u00edcias\",\"url\":\"https:\/\/www.suno.com.br\/noticias\/\",\"logo\":{\"@type\":\"ImageObject\",\"inLanguage\":\"pt-BR\",\"@id\":\"https:\/\/www.suno.com.br\/noticias\/#\/schema\/logo\/image\/\",\"url\":\"https:\/\/files.sunoresearch.com.br\/n\/uploads\/2021\/09\/suno-logo.png\",\"contentUrl\":\"https:\/\/files.sunoresearch.com.br\/n\/uploads\/2021\/09\/suno-logo.png\",\"width\":180,\"height\":180,\"caption\":\"Suno Not\u00edcias\"},\"image\":{\"@id\":\"https:\/\/www.suno.com.br\/noticias\/#\/schema\/logo\/image\/\"},\"sameAs\":[\"https:\/\/facebook.com\/sunoresearch\",\"https:\/\/x.com\/sunoresearch\",\"https:\/\/www.instagram.com\/suno\",\"https:\/\/www.linkedin.com\/company\/suno-research\/\",\"https:\/\/www.youtube.com\/c\/sunoresearch\"]},{\"@type\":\"Person\",\"@id\":\"https:\/\/www.suno.com.br\/noticias\/#\/schema\/person\/3df0d2808748b74496efe5dbeaef2c72\",\"name\":\"Laura Moutinho\",\"image\":{\"@type\":\"ImageObject\",\"inLanguage\":\"pt-BR\",\"@id\":\"https:\/\/www.suno.com.br\/noticias\/#\/schema\/person\/image\/\",\"url\":\"https:\/\/secure.gravatar.com\/avatar\/7571c7c8ca3a6fca5e41384ece5557ff?s=96&r=g\",\"contentUrl\":\"https:\/\/secure.gravatar.com\/avatar\/7571c7c8ca3a6fca5e41384ece5557ff?s=96&r=g\",\"caption\":\"Laura Moutinho\"},\"description\":\"Estagi\u00e1ria na Suno Not\u00edcias, escreve not\u00edcias que afetam o mercado financeiro. Estuda administra\u00e7\u00e3o na Universidade Presbiteriana Mackenzie.\",\"url\":\"https:\/\/www.suno.com.br\/noticias\/author\/laura-moutinho\/\"}]}<\/script>\n<!-- \/ Yoast SEO plugin. -->","yoast_head_json":{"title":"Suzano (SUZB3): \u00e9 dif\u00edcil prever oferta e demanda de celulose","description":"Presidente da Suzano (SUZB3), diz que \u00e9 dif\u00edcil prever rela\u00e7\u00e3o entre oferta e demanda da celulose ap\u00f3s pandemia. Clique aqui para saber mais","robots":{"index":"index","follow":"follow","max-snippet":"max-snippet:-1","max-image-preview":"max-image-preview:large","max-video-preview":"max-video-preview:-1"},"canonical":"https:\/\/www.suno.com.br\/noticias\/suzano-suzb3-e-dificil-prever-oferta-e-demanda-de-celulose\/","og_locale":"pt_BR","og_type":"article","og_title":"Suzano (SUZB3): \u00e9 dif\u00edcil prever oferta e demanda de celulose","og_description":"Presidente da Suzano (SUZB3), diz que \u00e9 dif\u00edcil prever rela\u00e7\u00e3o entre oferta e demanda da celulose ap\u00f3s pandemia. Clique aqui para saber mais","og_url":"https:\/\/www.suno.com.br\/noticias\/suzano-suzb3-e-dificil-prever-oferta-e-demanda-de-celulose\/","og_site_name":"Suno Not\u00edcias","article_publisher":"https:\/\/facebook.com\/sunoresearch","og_image":[{"width":600,"height":412,"url":"https:\/\/files.sunoresearch.com.br\/n\/uploads\/2020\/02\/b5ef26e8-suzano.jpg","type":"image\/jpeg"}],"author":"Laura Moutinho","twitter_card":"summary_large_image","twitter_creator":"@sunoresearch","twitter_site":"@sunoresearch","twitter_misc":{"Escrito por":"Laura Moutinho","Est. tempo de leitura":"2 minutos"},"schema":{"@context":"https:\/\/schema.org","@graph":[{"@type":"NewsArticle","@id":"https:\/\/www.suno.com.br\/noticias\/suzano-suzb3-e-dificil-prever-oferta-e-demanda-de-celulose\/#article","isPartOf":{"@id":"https:\/\/www.suno.com.br\/noticias\/suzano-suzb3-e-dificil-prever-oferta-e-demanda-de-celulose\/"},"author":{"name":"Laura Moutinho","@id":"https:\/\/www.suno.com.br\/noticias\/#\/schema\/person\/3df0d2808748b74496efe5dbeaef2c72"},"headline":"Suzano (SUZB3): \u00e9 dif\u00edcil prever oferta e demanda de celulose","datePublished":"2020-05-15T19:13:41+00:00","mainEntityOfPage":{"@id":"https:\/\/www.suno.com.br\/noticias\/suzano-suzb3-e-dificil-prever-oferta-e-demanda-de-celulose\/"},"wordCount":413,"publisher":{"@id":"https:\/\/www.suno.com.br\/noticias\/#organization"},"image":{"@id":"https:\/\/www.suno.com.br\/noticias\/suzano-suzb3-e-dificil-prever-oferta-e-demanda-de-celulose\/#primaryimage"},"thumbnailUrl":"https:\/\/files.sunoresearch.com.br\/n\/uploads\/2020\/02\/b5ef26e8-suzano-jpg.webp","keywords":["celulose","Suzano (SUZB3)"],"articleSection":["Neg\u00f3cios"],"inLanguage":"pt-BR"},{"@type":"WebPage","@id":"https:\/\/www.suno.com.br\/noticias\/suzano-suzb3-e-dificil-prever-oferta-e-demanda-de-celulose\/","url":"https:\/\/www.suno.com.br\/noticias\/suzano-suzb3-e-dificil-prever-oferta-e-demanda-de-celulose\/","name":"Suzano (SUZB3): \u00e9 dif\u00edcil prever oferta e demanda de celulose","isPartOf":{"@id":"https:\/\/www.suno.com.br\/noticias\/#website"},"primaryImageOfPage":{"@id":"https:\/\/www.suno.com.br\/noticias\/suzano-suzb3-e-dificil-prever-oferta-e-demanda-de-celulose\/#primaryimage"},"image":{"@id":"https:\/\/www.suno.com.br\/noticias\/suzano-suzb3-e-dificil-prever-oferta-e-demanda-de-celulose\/#primaryimage"},"thumbnailUrl":"https:\/\/files.sunoresearch.com.br\/n\/uploads\/2020\/02\/b5ef26e8-suzano-jpg.webp","datePublished":"2020-05-15T19:13:41+00:00","description":"Presidente da Suzano (SUZB3), diz que \u00e9 dif\u00edcil prever rela\u00e7\u00e3o entre oferta e demanda da celulose ap\u00f3s pandemia. Clique aqui para saber mais","breadcrumb":{"@id":"https:\/\/www.suno.com.br\/noticias\/suzano-suzb3-e-dificil-prever-oferta-e-demanda-de-celulose\/#breadcrumb"},"inLanguage":"pt-BR","potentialAction":[{"@type":"ReadAction","target":["https:\/\/www.suno.com.br\/noticias\/suzano-suzb3-e-dificil-prever-oferta-e-demanda-de-celulose\/"]}]},{"@type":"ImageObject","inLanguage":"pt-BR","@id":"https:\/\/www.suno.com.br\/noticias\/suzano-suzb3-e-dificil-prever-oferta-e-demanda-de-celulose\/#primaryimage","url":"https:\/\/files.sunoresearch.com.br\/n\/uploads\/2020\/02\/b5ef26e8-suzano-jpg.webp","contentUrl":"https:\/\/files.sunoresearch.com.br\/n\/uploads\/2020\/02\/b5ef26e8-suzano-jpg.webp","width":600,"height":412,"caption":"Suzano: venda de ativos \u00e9 visto como acertada por BTG"},{"@type":"BreadcrumbList","@id":"https:\/\/www.suno.com.br\/noticias\/suzano-suzb3-e-dificil-prever-oferta-e-demanda-de-celulose\/#breadcrumb","itemListElement":[{"@type":"ListItem","position":1,"name":"Not\u00edcias","item":"https:\/\/www.suno.com.br\/noticias\/"},{"@type":"ListItem","position":2,"name":"Neg\u00f3cios","item":"https:\/\/www.suno.com.br\/noticias\/negocios\/"},{"@type":"ListItem","position":3,"name":"Suzano (SUZB3): \u00e9 dif\u00edcil prever oferta e demanda de celulose"}]},{"@type":"WebSite","@id":"https:\/\/www.suno.com.br\/noticias\/#website","url":"https:\/\/www.suno.com.br\/noticias\/","name":"Suno Not\u00edcias","description":"Seu portal de informa\u00e7\u00e3o sobre o mundo dos investimentos","publisher":{"@id":"https:\/\/www.suno.com.br\/noticias\/#organization"},"potentialAction":[{"@type":"SearchAction","target":{"@type":"EntryPoint","urlTemplate":"https:\/\/www.suno.com.br\/noticias\/?s={search_term_string}"},"query-input":{"@type":"PropertyValueSpecification","valueRequired":true,"valueName":"search_term_string"}}],"inLanguage":"pt-BR"},{"@type":"Organization","@id":"https:\/\/www.suno.com.br\/noticias\/#organization","name":"Suno Not\u00edcias","url":"https:\/\/www.suno.com.br\/noticias\/","logo":{"@type":"ImageObject","inLanguage":"pt-BR","@id":"https:\/\/www.suno.com.br\/noticias\/#\/schema\/logo\/image\/","url":"https:\/\/files.sunoresearch.com.br\/n\/uploads\/2021\/09\/suno-logo.png","contentUrl":"https:\/\/files.sunoresearch.com.br\/n\/uploads\/2021\/09\/suno-logo.png","width":180,"height":180,"caption":"Suno Not\u00edcias"},"image":{"@id":"https:\/\/www.suno.com.br\/noticias\/#\/schema\/logo\/image\/"},"sameAs":["https:\/\/facebook.com\/sunoresearch","https:\/\/x.com\/sunoresearch","https:\/\/www.instagram.com\/suno","https:\/\/www.linkedin.com\/company\/suno-research\/","https:\/\/www.youtube.com\/c\/sunoresearch"]},{"@type":"Person","@id":"https:\/\/www.suno.com.br\/noticias\/#\/schema\/person\/3df0d2808748b74496efe5dbeaef2c72","name":"Laura Moutinho","image":{"@type":"ImageObject","inLanguage":"pt-BR","@id":"https:\/\/www.suno.com.br\/noticias\/#\/schema\/person\/image\/","url":"https:\/\/secure.gravatar.com\/avatar\/7571c7c8ca3a6fca5e41384ece5557ff?s=96&r=g","contentUrl":"https:\/\/secure.gravatar.com\/avatar\/7571c7c8ca3a6fca5e41384ece5557ff?s=96&r=g","caption":"Laura Moutinho"},"description":"Estagi\u00e1ria na Suno Not\u00edcias, escreve not\u00edcias que afetam o mercado financeiro. Estuda administra\u00e7\u00e3o na Universidade Presbiteriana Mackenzie.","url":"https:\/\/www.suno.com.br\/noticias\/author\/laura-moutinho\/"}]}},"default_loop_html":"<div class=\"cardsPage__listCard__boxs\"><div class=\"cardsPage__listCard__boxs__img\"><a href=\"https:\/\/www.suno.com.br\/noticias\/suzano-suzb3-e-dificil-prever-oferta-e-demanda-de-celulose\/\"><img class=\"mask\" src=\"https:\/\/www.suno.com.br\/noticias\/wp-content\/themes\/suno\/resources\/images\/spotlight\/spotlight1img\/bg-mask.png\" alt=\"Image Mask\"\/><img src=\"https:\/\/files.sunoresearch.com.br\/n\/uploads\/2020\/02\/b5ef26e8-suzano-400x200.webp\" alt=\"Suzano (SUZB3): \u00e9 dif\u00edcil prever oferta e demanda de celulose\"\/><\/a><span class=\"spotlightCategory\"><a href=\"https:\/\/www.suno.com.br\/noticias\/negocios\/\">Neg\u00f3cios<\/a><\/span><\/div><div class=\"cardsPage__listCard__boxs__content\"><a href=\"https:\/\/www.suno.com.br\/noticias\/suzano-suzb3-e-dificil-prever-oferta-e-demanda-de-celulose\/\"><h2 class=\"content__title\">Suzano (SUZB3): \u00e9 dif\u00edcil prever oferta e demanda de celulose<\/h2><\/a><div class=\"newsContent__article__meta\"><div class=\"newsContent__article__meta__authorBox\"><a href=\"https:\/\/www.suno.com.br\/noticias\/author\/laura-moutinho\/\" class=\"authorBox__avatar noMobi\"><img src=\"https:\/\/files.sunoresearch.com.br\/n\/uploads\/2020\/08\/531ff69d-whatsapp-image-2020-08-03-at-14.54.38-150x150.webp\" alt=\"Laura Moutinho\"><\/a><div class=\"authorBox__name\"><span>por\n\t\t\t<a href=\"https:\/\/www.suno.com.br\/noticias\/author\/laura-moutinho\/\"><span itemprop=\"author\">Laura Moutinho<\/span><\/a><\/span><time datetime=\"2020-05-15T16:13:41-03:00\" itemprop=\"datePublished\">15\/05\/2020 16:13<\/time><\/div><\/div><\/div><\/div><\/div>","single_layout":"posts","amp_enabled":true,"_links":{"self":[{"href":"https:\/\/www.suno.com.br\/noticias\/wp-json\/wp\/v2\/posts\/65011"}],"collection":[{"href":"https:\/\/www.suno.com.br\/noticias\/wp-json\/wp\/v2\/posts"}],"about":[{"href":"https:\/\/www.suno.com.br\/noticias\/wp-json\/wp\/v2\/types\/post"}],"author":[{"embeddable":true,"href":"https:\/\/www.suno.com.br\/noticias\/wp-json\/wp\/v2\/users\/39"}],"replies":[{"embeddable":true,"href":"https:\/\/www.suno.com.br\/noticias\/wp-json\/wp\/v2\/comments?post=65011"}],"version-history":[{"count":0,"href":"https:\/\/www.suno.com.br\/noticias\/wp-json\/wp\/v2\/posts\/65011\/revisions"}],"wp:featuredmedia":[{"embeddable":true,"href":"https:\/\/www.suno.com.br\/noticias\/wp-json\/wp\/v2\/media\/52847"}],"wp:attachment":[{"href":"https:\/\/www.suno.com.br\/noticias\/wp-json\/wp\/v2\/media?parent=65011"}],"wp:term":[{"taxonomy":"category","embeddable":true,"href":"https:\/\/www.suno.com.br\/noticias\/wp-json\/wp\/v2\/categories?post=65011"},{"taxonomy":"post_tag","embeddable":true,"href":"https:\/\/www.suno.com.br\/noticias\/wp-json\/wp\/v2\/tags?post=65011"},{"taxonomy":"suno_strategy","embeddable":true,"href":"https:\/\/www.suno.com.br\/noticias\/wp-json\/wp\/v2\/suno_strategy?post=65011"}],"curies":[{"name":"wp","href":"https:\/\/api.w.org\/{rel}","templated":true}]}}