{"id":650108,"date":"2026-05-01T10:18:00","date_gmt":"2026-05-01T13:18:00","guid":{"rendered":"https:\/\/www.suno.com.br\/noticias\/?p=650108"},"modified":"2026-04-30T18:21:28","modified_gmt":"2026-04-30T21:21:28","slug":"hapvida-hapv3-conselho-succession-governanca-mt","status":"publish","type":"post","link":"https:\/\/www.suno.com.br\/noticias\/hapvida-hapv3-conselho-succession-governanca-mt\/","title":{"rendered":"Hapvida (HAPV3) troca comando e refor\u00e7a conselho; mudan\u00e7a marca novo ciclo na companhia"},"content":{"rendered":"<p>A <strong>Hapvida (HAPV3)<\/strong> deu mais um passo relevante em seu processo de reorganiza\u00e7\u00e3o ao aprovar, em assembleia nesta quinta-feira (30), a elei\u00e7\u00e3o de um novo <a class=\"suno-keyword\" target=\"_blank\" data-force=\"no\" data-priority=\"1\" href=\"https:\/\/www.suno.com.br\/artigos\/conselho-administracao\/\" rel=\"noopener\">Conselho de Administra\u00e7\u00e3o<\/a> e consolidar a transi\u00e7\u00e3o no comando executivo da companhia.<\/p>\t<div class=\"wrapper-featured-image\">\n\t\t<figure class=\"spotlightImg\">\n\n\t\t\t<picture>\n\t\t\t\t<source media=\"(max-width: 768px)\" srcset=\"https:\/\/files.sunoresearch.com.br\/n\/uploads\/2019\/06\/cropped-88b4afc3-29570692_1770338736321211_6492773938567174737_n-e1560165712553-400x200.png\">\n\t\t\t\t<img loading=\"lazy\" decoding=\"async\" class=\"newsContent__article__imgCapa lazyloadDisabled \" src=\"https:\/\/files.sunoresearch.com.br\/n\/uploads\/2019\/06\/cropped-88b4afc3-29570692_1770338736321211_6492773938567174737_n-e1560165712553.png\" width=\"800\" height=\"450\" alt=\"Hapvida (HAPV3) troca comando e refor\u00e7a conselho; mudan\u00e7a marca novo ciclo na companhia\" fetchpriority=high \/>\n\t\t\t<\/picture>\n\n\t\t\t<figcaption class=\"wp-caption-text wp-caption-text--show\">Hapvida (HAPV3). Foto: Reprodu\u00e7\u00e3o.<\/figcaption>\n\t\t<\/figure>\n\t<\/div>\n\n\n\n\n\n\t<p>\n\t\t<a href=\"https:\/\/lp.suno.com.br\/planilha-da-vida-financeira\/\" target=\"_blank\" data-element=\"shortcode-suno-banner\" title=\"Banner SUNO, clique e saiba mais\">\n\t\t\t<picture>\n\t\t\t\t<source media=\"(max-width: 500px)\" srcset=\"https:\/\/files.sunoresearch.com.br\/n\/uploads\/2023\/04\/400x300-Planilha-vida-financeira-true.png\">\n\t\t\t\t<img class=\"newsContent__article__imgCapa newsContent__article__imgCapa--banner\"\n\t\t\t\t\tsrc=\"https:\/\/files.sunoresearch.com.br\/n\/uploads\/2023\/04\/1420x240-Planilha-vida-financeira-true.png\"\n\t\t\t\t\tdata-promo-id=\"106682\"\t\t\t\t\t\t\t\t\t\twidth='1420' height='240'\t\t\t\t\talt=\"https:\/\/files.sunoresearch.com.br\/n\/uploads\/2023\/04\/1420x240-Planilha-vida-financeira-true.png\"\n\t\t\t\t>\n\t\t\t<\/picture>\n\t\t<\/a>\n\t<\/p>\n\n\n\n\n\n<p>A movimenta\u00e7\u00e3o ocorre em meio ao plano de retomada operacional e refor\u00e7a a estrat\u00e9gia de fortalecer a governan\u00e7a, em um momento considerado decisivo para a execu\u00e7\u00e3o das prioridades da empresa.<\/p>\n\n\n\n<h2 class=\"wp-block-heading\">Novo conselho mistura continuidade e press\u00e3o de minorit\u00e1rios<\/h2>\n\n\n\n<p>O novo Conselho de Administra\u00e7\u00e3o ter\u00e1 mandato at\u00e9 2028 e ser\u00e1 composto por dez membros, incluindo nomes ligados ao grupo controlador e representantes apoiados por acionistas minorit\u00e1rios.<\/p>\n\n\n\n<p>Dos conselheiros eleitos, sete faziam parte da proposta original da administra\u00e7\u00e3o, enquanto tr\u00eas foram indicados com apoio de minorit\u00e1rios, movimento que sinaliza maior participa\u00e7\u00e3o desses investidores nas decis\u00f5es estrat\u00e9gicas da companhia.<\/p>\n\n\n\n<p>Na leitura da Hapvida, essa composi\u00e7\u00e3o representa um equil\u00edbrio entre continuidade da agenda e incorpora\u00e7\u00e3o de novas vis\u00f5es, em linha com a busca por uma governan\u00e7a mais plural.<\/p>\n\n\n\n<p>\u201cA Companhia entende que o debate qualificado \u00e9 parte essencial da vida de uma companhia aberta e contribui para decis\u00f5es mais robustas\u201d, destacou a empresa em comunicado.<\/p>\n\n\n\n<h2 class=\"wp-block-heading\">Sa\u00edda do CEO e mudan\u00e7a no topo marcam transi\u00e7\u00e3o<\/h2>\n\n\n\n<p>A assembleia tamb\u00e9m formalizou uma mudan\u00e7a importante no comando da companhia.<\/p>\n\n\n\n<p>Jorge Pinheiro deixou o cargo de <a class=\"suno-keyword\" target=\"_blank\" data-force=\"no\" data-priority=\"2\" href=\"https:\/\/www.suno.com.br\/artigos\/ceo\/\" rel=\"noopener\">diretor-presidente<\/a> (CEO) e assumiu a presid\u00eancia do Conselho de Administra\u00e7\u00e3o, enquanto Luccas Augusto Adib passa a liderar a opera\u00e7\u00e3o como novo CEO.<\/p>\n\n\n\t<p>\n\t\t<a href=\"https:\/\/lp.suno.com.br\/planilha-da-vida-financeira\/\" target=\"_blank\" data-element=\"shortcode-suno-banner\" title=\"Banner SUNO, clique e saiba mais\">\n\t\t\t<picture>\n\t\t\t\t<source media=\"(max-width: 500px)\" srcset=\"https:\/\/files.sunoresearch.com.br\/n\/uploads\/2023\/04\/400x300-Planilha-vida-financeira-true.png\">\n\t\t\t\t<img class=\"newsContent__article__imgCapa newsContent__article__imgCapa--banner\"\n\t\t\t\t\tsrc=\"https:\/\/files.sunoresearch.com.br\/n\/uploads\/2023\/04\/1420x240-Planilha-vida-financeira-true.png\"\n\t\t\t\t\tdata-promo-id=\"383123\"\t\t\t\t\t\t\t\t\t\twidth='1420' height='240'\t\t\t\t\talt=\"https:\/\/files.sunoresearch.com.br\/n\/uploads\/2023\/04\/1420x240-Planilha-vida-financeira-true.png\"\n\t\t\t\t>\n\t\t\t<\/picture>\n\t\t<\/a>\n\t<\/p>\n\n\n\n\n\n<p>A transi\u00e7\u00e3o j\u00e1 vinha sendo preparada desde 2024 e faz parte de um processo sucess\u00f3rio mais amplo, com foco em garantir continuidade estrat\u00e9gica e execu\u00e7\u00e3o do plano de transforma\u00e7\u00e3o.<\/p>\n\n\n\n<p>\u201cO novo Conselho combina continuidade, experi\u00eancia e novas contribui\u00e7\u00f5es, em um momento decisivo de colabora\u00e7\u00e3o para a execu\u00e7\u00e3o do plano de retomada operacional da Companhia\u201d, afirmou Jorge Pinheiro.<\/p>\n\n\n\n<h2 class=\"wp-block-heading\">Governan\u00e7a e execu\u00e7\u00e3o ganham protagonismo<\/h2>\n\n\n\n<p>A mudan\u00e7a ocorre em paralelo a uma agenda interna de ajustes operacionais e financeiros.<\/p>\n\n\n\n<p>Nos \u00faltimos meses, a Hapvida vem revisando processos, refor\u00e7ando a disciplina na aloca\u00e7\u00e3o de capital e buscando melhorar indicadores de efici\u00eancia e qualidade, em resposta aos desafios enfrentados ap\u00f3s a integra\u00e7\u00e3o com a NotreDame Interm\u00e9dica. Nesse contexto, o novo Conselho deve ter papel central no acompanhamento dessas iniciativas, al\u00e9m de avaliar oportunidades de gera\u00e7\u00e3o de valor no <a class=\"suno-keyword\" data-force=\"no\" data-priority=\"1\" href=\"https:\/\/www.suno.com.br\/artigos\/longo-prazo\/\" target=\"_blank\" rel=\"noopener\">longo prazo<\/a>.<\/p>\n\n\n\n<h2 class=\"wp-block-heading\">Mercado acompanha execu\u00e7\u00e3o do plano de retomada<\/h2>\n\n\n\n<p>Para o investidor, o movimento refor\u00e7a que a companhia entra em uma nova fase, mais voltada \u00e0 execu\u00e7\u00e3o do que \u00e0 reestrutura\u00e7\u00e3o.<\/p>\n\n\n\n<p>A combina\u00e7\u00e3o entre nova lideran\u00e7a executiva, refor\u00e7o de governan\u00e7a e participa\u00e7\u00e3o mais ativa de minorit\u00e1rios tende a ser acompanhada de perto pelo mercado, especialmente em um momento em que a companhia busca recuperar margens e rentabilidade.<\/p>\n\n\n\n<p>\u201cA Hapvida inicia este novo ciclo com um Conselho altamente qualificado e uma administra\u00e7\u00e3o renovada, alicer\u00e7ada em uma abordagem pragm\u00e1tica, t\u00e9cnica e orientada ao cliente\u201d, concluiu o presidente do Conselho, refor\u00e7ando o in\u00edcio de uma nova etapa para a <strong>Hapvida (HAPV3)<\/strong>.<\/p>\n\n\n\n\n\t<p>\n\t\t<a href=\"https:\/\/lp.suno.com.br\/ebook-como-analisar-uma-acao\/\" target=\"_blank\" data-element=\"shortcode-suno-banner\" title=\"Banner SUNO, clique e saiba mais\">\n\t\t\t<picture>\n\t\t\t\t<source media=\"(max-width: 500px)\" srcset=\"https:\/\/files.sunoresearch.com.br\/n\/uploads\/2023\/03\/Ebook-Acoes-Mobile.jpg\">\n\t\t\t\t<img class=\"newsContent__article__imgCapa newsContent__article__imgCapa--banner\"\n\t\t\t\t\tsrc=\"https:\/\/files.sunoresearch.com.br\/n\/uploads\/2023\/03\/Ebook-Acoes-Desktop.jpg\"\n\t\t\t\t\tdata-promo-id=\"378302\"\t\t\t\t\t\t\t\t\t\twidth='1420' height='286'\t\t\t\t\talt=\"https:\/\/files.sunoresearch.com.br\/n\/uploads\/2023\/03\/Ebook-Acoes-Desktop.jpg\"\n\t\t\t\t>\n\t\t\t<\/picture>\n\t\t<\/a>\n\t<\/p>\n\n\n","protected":false},"excerpt":{"rendered":"<p>A Hapvida (HAPV3) deu mais um passo relevante em seu processo de reorganiza\u00e7\u00e3o ao aprovar, em assembleia nesta quinta-feira (30), a elei\u00e7\u00e3o de um novo Conselho de Administra\u00e7\u00e3o e consolidar a transi\u00e7\u00e3o no comando executivo da companhia. Hapvida (HAPV3). Foto: Reprodu\u00e7\u00e3o. A movimenta\u00e7\u00e3o ocorre em meio ao plano de retomada operacional e refor\u00e7a a estrat\u00e9gia [&hellip;]<\/p>\n","protected":false},"author":402,"featured_media":374348,"comment_status":"closed","ping_status":"closed","sticky":false,"template":"","format":"standard","meta":[],"categories":[1],"tags":[497],"suno_strategy":[],"class_list":["post-650108","post","type-post","status-publish","format-standard","has-post-thumbnail","hentry","category-uncategorized","tag-hapvida-hapv3"],"yoast_head":"<!-- This site is optimized with the Yoast SEO plugin v24.4 - https:\/\/yoast.com\/wordpress\/plugins\/seo\/ -->\n<title>Hapvida (HAPV3) troca conselho e conclui sucess\u00e3o<\/title>\n<meta name=\"description\" content=\"Hapvida (HAPV3) elege novo conselho e conclui sucess\u00e3o com troca de CEO; movimento marca nova fase de governan\u00e7a e execu\u00e7\u00e3o.\" \/>\n<meta name=\"robots\" content=\"index, follow, max-snippet:-1, max-image-preview:large, max-video-preview:-1\" \/>\n<link rel=\"canonical\" href=\"https:\/\/www.suno.com.br\/noticias\/hapvida-hapv3-conselho-succession-governanca-mt\/\" \/>\n<meta property=\"og:locale\" content=\"pt_BR\" \/>\n<meta property=\"og:type\" content=\"article\" \/>\n<meta property=\"og:title\" content=\"Hapvida (HAPV3) troca conselho e conclui sucess\u00e3o\" \/>\n<meta property=\"og:description\" content=\"Hapvida (HAPV3) elege novo conselho e conclui sucess\u00e3o com troca de CEO; movimento marca nova fase de governan\u00e7a e execu\u00e7\u00e3o.\" \/>\n<meta property=\"og:url\" content=\"https:\/\/www.suno.com.br\/noticias\/hapvida-hapv3-conselho-succession-governanca-mt\/\" \/>\n<meta property=\"og:site_name\" content=\"Suno Not\u00edcias\" \/>\n<meta property=\"article:publisher\" content=\"https:\/\/facebook.com\/sunoresearch\" \/>\n<meta property=\"og:image\" content=\"http:\/\/files.sunoresearch.com.br\/n\/uploads\/2019\/06\/cropped-88b4afc3-29570692_1770338736321211_6492773938567174737_n-e1560165712553.png\" \/>\n\t<meta property=\"og:image:width\" content=\"640\" \/>\n\t<meta property=\"og:image:height\" content=\"853\" \/>\n\t<meta property=\"og:image:type\" content=\"image\/png\" \/>\n<meta name=\"author\" content=\"Ma\u00edra Telles\" \/>\n<meta name=\"twitter:card\" content=\"summary_large_image\" \/>\n<meta name=\"twitter:creator\" content=\"@sunoresearch\" \/>\n<meta name=\"twitter:site\" content=\"@sunoresearch\" \/>\n<meta name=\"twitter:label1\" content=\"Escrito por\" \/>\n\t<meta name=\"twitter:data1\" content=\"Ma\u00edra Telles\" \/>\n\t<meta name=\"twitter:label2\" content=\"Est. tempo de leitura\" \/>\n\t<meta name=\"twitter:data2\" content=\"3 minutos\" \/>\n<script type=\"application\/ld+json\" class=\"yoast-schema-graph\">{\"@context\":\"https:\/\/schema.org\",\"@graph\":[{\"@type\":\"NewsArticle\",\"@id\":\"https:\/\/www.suno.com.br\/noticias\/hapvida-hapv3-conselho-succession-governanca-mt\/#article\",\"isPartOf\":{\"@id\":\"https:\/\/www.suno.com.br\/noticias\/hapvida-hapv3-conselho-succession-governanca-mt\/\"},\"author\":{\"name\":\"Ma\u00edra Telles\",\"@id\":\"https:\/\/www.suno.com.br\/noticias\/#\/schema\/person\/0a8b51292bb96ee5f104094c0907eaef\"},\"headline\":\"Hapvida (HAPV3) troca comando e refor\u00e7a conselho; mudan\u00e7a marca novo ciclo na companhia\",\"datePublished\":\"2026-05-01T13:18:00+00:00\",\"mainEntityOfPage\":{\"@id\":\"https:\/\/www.suno.com.br\/noticias\/hapvida-hapv3-conselho-succession-governanca-mt\/\"},\"wordCount\":564,\"publisher\":{\"@id\":\"https:\/\/www.suno.com.br\/noticias\/#organization\"},\"image\":{\"@id\":\"https:\/\/www.suno.com.br\/noticias\/hapvida-hapv3-conselho-succession-governanca-mt\/#primaryimage\"},\"thumbnailUrl\":\"https:\/\/files.sunoresearch.com.br\/n\/uploads\/2019\/06\/cropped-88b4afc3-29570692_1770338736321211_6492773938567174737_n-e1560165712553.png\",\"keywords\":[\"Hapvida (HAPV3)\"],\"articleSection\":[\"Mercado Financeiro\"],\"inLanguage\":\"pt-BR\"},{\"@type\":\"WebPage\",\"@id\":\"https:\/\/www.suno.com.br\/noticias\/hapvida-hapv3-conselho-succession-governanca-mt\/\",\"url\":\"https:\/\/www.suno.com.br\/noticias\/hapvida-hapv3-conselho-succession-governanca-mt\/\",\"name\":\"Hapvida (HAPV3) troca conselho e conclui sucess\u00e3o\",\"isPartOf\":{\"@id\":\"https:\/\/www.suno.com.br\/noticias\/#website\"},\"primaryImageOfPage\":{\"@id\":\"https:\/\/www.suno.com.br\/noticias\/hapvida-hapv3-conselho-succession-governanca-mt\/#primaryimage\"},\"image\":{\"@id\":\"https:\/\/www.suno.com.br\/noticias\/hapvida-hapv3-conselho-succession-governanca-mt\/#primaryimage\"},\"thumbnailUrl\":\"https:\/\/files.sunoresearch.com.br\/n\/uploads\/2019\/06\/cropped-88b4afc3-29570692_1770338736321211_6492773938567174737_n-e1560165712553.png\",\"datePublished\":\"2026-05-01T13:18:00+00:00\",\"description\":\"Hapvida (HAPV3) elege novo conselho e conclui sucess\u00e3o com troca de CEO; movimento marca nova fase de governan\u00e7a e execu\u00e7\u00e3o.\",\"breadcrumb\":{\"@id\":\"https:\/\/www.suno.com.br\/noticias\/hapvida-hapv3-conselho-succession-governanca-mt\/#breadcrumb\"},\"inLanguage\":\"pt-BR\",\"potentialAction\":[{\"@type\":\"ReadAction\",\"target\":[\"https:\/\/www.suno.com.br\/noticias\/hapvida-hapv3-conselho-succession-governanca-mt\/\"]}]},{\"@type\":\"ImageObject\",\"inLanguage\":\"pt-BR\",\"@id\":\"https:\/\/www.suno.com.br\/noticias\/hapvida-hapv3-conselho-succession-governanca-mt\/#primaryimage\",\"url\":\"https:\/\/files.sunoresearch.com.br\/n\/uploads\/2019\/06\/cropped-88b4afc3-29570692_1770338736321211_6492773938567174737_n-e1560165712553.png\",\"contentUrl\":\"https:\/\/files.sunoresearch.com.br\/n\/uploads\/2019\/06\/cropped-88b4afc3-29570692_1770338736321211_6492773938567174737_n-e1560165712553.png\",\"width\":640,\"height\":853,\"caption\":\"Hapvida (HAPV3). Foto: Reprodu\u00e7\u00e3o.\"},{\"@type\":\"BreadcrumbList\",\"@id\":\"https:\/\/www.suno.com.br\/noticias\/hapvida-hapv3-conselho-succession-governanca-mt\/#breadcrumb\",\"itemListElement\":[{\"@type\":\"ListItem\",\"position\":1,\"name\":\"Not\u00edcias\",\"item\":\"https:\/\/www.suno.com.br\/noticias\/\"},{\"@type\":\"ListItem\",\"position\":2,\"name\":\"Mercado Financeiro\",\"item\":\"https:\/\/www.suno.com.br\/noticias\/uncategorized\/\"},{\"@type\":\"ListItem\",\"position\":3,\"name\":\"Hapvida (HAPV3) troca comando e refor\u00e7a conselho; mudan\u00e7a marca novo ciclo na companhia\"}]},{\"@type\":\"WebSite\",\"@id\":\"https:\/\/www.suno.com.br\/noticias\/#website\",\"url\":\"https:\/\/www.suno.com.br\/noticias\/\",\"name\":\"Suno Not\u00edcias\",\"description\":\"Seu portal de informa\u00e7\u00e3o sobre o mundo dos investimentos\",\"publisher\":{\"@id\":\"https:\/\/www.suno.com.br\/noticias\/#organization\"},\"potentialAction\":[{\"@type\":\"SearchAction\",\"target\":{\"@type\":\"EntryPoint\",\"urlTemplate\":\"https:\/\/www.suno.com.br\/noticias\/?s={search_term_string}\"},\"query-input\":{\"@type\":\"PropertyValueSpecification\",\"valueRequired\":true,\"valueName\":\"search_term_string\"}}],\"inLanguage\":\"pt-BR\"},{\"@type\":\"Organization\",\"@id\":\"https:\/\/www.suno.com.br\/noticias\/#organization\",\"name\":\"Suno Not\u00edcias\",\"url\":\"https:\/\/www.suno.com.br\/noticias\/\",\"logo\":{\"@type\":\"ImageObject\",\"inLanguage\":\"pt-BR\",\"@id\":\"https:\/\/www.suno.com.br\/noticias\/#\/schema\/logo\/image\/\",\"url\":\"https:\/\/files.sunoresearch.com.br\/n\/uploads\/2021\/09\/suno-logo.png\",\"contentUrl\":\"https:\/\/files.sunoresearch.com.br\/n\/uploads\/2021\/09\/suno-logo.png\",\"width\":180,\"height\":180,\"caption\":\"Suno Not\u00edcias\"},\"image\":{\"@id\":\"https:\/\/www.suno.com.br\/noticias\/#\/schema\/logo\/image\/\"},\"sameAs\":[\"https:\/\/facebook.com\/sunoresearch\",\"https:\/\/x.com\/sunoresearch\",\"https:\/\/www.instagram.com\/suno\",\"https:\/\/www.linkedin.com\/company\/suno-research\/\",\"https:\/\/www.youtube.com\/c\/sunoresearch\"]},{\"@type\":\"Person\",\"@id\":\"https:\/\/www.suno.com.br\/noticias\/#\/schema\/person\/0a8b51292bb96ee5f104094c0907eaef\",\"name\":\"Ma\u00edra Telles\",\"image\":{\"@type\":\"ImageObject\",\"inLanguage\":\"pt-BR\",\"@id\":\"https:\/\/www.suno.com.br\/noticias\/#\/schema\/person\/image\/\",\"url\":\"https:\/\/secure.gravatar.com\/avatar\/8d13691eab6abc1d1050b62a4c2a6116?s=96&r=g\",\"contentUrl\":\"https:\/\/secure.gravatar.com\/avatar\/8d13691eab6abc1d1050b62a4c2a6116?s=96&r=g\",\"caption\":\"Ma\u00edra Telles\"},\"description\":\"Jornalista com passagem por reda\u00e7\u00f5es como ESPN, especializa\u00e7\u00e3o em marketing digital e em gest\u00e3o de crise. Com foco no mercado financeiro e no setor agropecu\u00e1rio, desenvolve conte\u00fados estrat\u00e9gicos e especializados para m\u00faltiplas plataformas, unindo an\u00e1lise de investimentos e neg\u00f3cios\",\"url\":\"https:\/\/www.suno.com.br\/noticias\/author\/mairaftellesgmail-com\/\"}]}<\/script>\n<!-- \/ Yoast SEO plugin. -->","yoast_head_json":{"title":"Hapvida (HAPV3) troca conselho e conclui sucess\u00e3o","description":"Hapvida (HAPV3) elege novo conselho e conclui sucess\u00e3o com troca de CEO; movimento marca nova fase de governan\u00e7a e execu\u00e7\u00e3o.","robots":{"index":"index","follow":"follow","max-snippet":"max-snippet:-1","max-image-preview":"max-image-preview:large","max-video-preview":"max-video-preview:-1"},"canonical":"https:\/\/www.suno.com.br\/noticias\/hapvida-hapv3-conselho-succession-governanca-mt\/","og_locale":"pt_BR","og_type":"article","og_title":"Hapvida (HAPV3) troca conselho e conclui sucess\u00e3o","og_description":"Hapvida (HAPV3) elege novo conselho e conclui sucess\u00e3o com troca de CEO; movimento marca nova fase de governan\u00e7a e execu\u00e7\u00e3o.","og_url":"https:\/\/www.suno.com.br\/noticias\/hapvida-hapv3-conselho-succession-governanca-mt\/","og_site_name":"Suno Not\u00edcias","article_publisher":"https:\/\/facebook.com\/sunoresearch","og_image":[{"width":640,"height":853,"url":"http:\/\/files.sunoresearch.com.br\/n\/uploads\/2019\/06\/cropped-88b4afc3-29570692_1770338736321211_6492773938567174737_n-e1560165712553.png","type":"image\/png"}],"author":"Ma\u00edra Telles","twitter_card":"summary_large_image","twitter_creator":"@sunoresearch","twitter_site":"@sunoresearch","twitter_misc":{"Escrito por":"Ma\u00edra Telles","Est. tempo de leitura":"3 minutos"},"schema":{"@context":"https:\/\/schema.org","@graph":[{"@type":"NewsArticle","@id":"https:\/\/www.suno.com.br\/noticias\/hapvida-hapv3-conselho-succession-governanca-mt\/#article","isPartOf":{"@id":"https:\/\/www.suno.com.br\/noticias\/hapvida-hapv3-conselho-succession-governanca-mt\/"},"author":{"name":"Ma\u00edra Telles","@id":"https:\/\/www.suno.com.br\/noticias\/#\/schema\/person\/0a8b51292bb96ee5f104094c0907eaef"},"headline":"Hapvida (HAPV3) troca comando e refor\u00e7a conselho; mudan\u00e7a marca novo ciclo na companhia","datePublished":"2026-05-01T13:18:00+00:00","mainEntityOfPage":{"@id":"https:\/\/www.suno.com.br\/noticias\/hapvida-hapv3-conselho-succession-governanca-mt\/"},"wordCount":564,"publisher":{"@id":"https:\/\/www.suno.com.br\/noticias\/#organization"},"image":{"@id":"https:\/\/www.suno.com.br\/noticias\/hapvida-hapv3-conselho-succession-governanca-mt\/#primaryimage"},"thumbnailUrl":"https:\/\/files.sunoresearch.com.br\/n\/uploads\/2019\/06\/cropped-88b4afc3-29570692_1770338736321211_6492773938567174737_n-e1560165712553.png","keywords":["Hapvida (HAPV3)"],"articleSection":["Mercado Financeiro"],"inLanguage":"pt-BR"},{"@type":"WebPage","@id":"https:\/\/www.suno.com.br\/noticias\/hapvida-hapv3-conselho-succession-governanca-mt\/","url":"https:\/\/www.suno.com.br\/noticias\/hapvida-hapv3-conselho-succession-governanca-mt\/","name":"Hapvida (HAPV3) troca conselho e conclui sucess\u00e3o","isPartOf":{"@id":"https:\/\/www.suno.com.br\/noticias\/#website"},"primaryImageOfPage":{"@id":"https:\/\/www.suno.com.br\/noticias\/hapvida-hapv3-conselho-succession-governanca-mt\/#primaryimage"},"image":{"@id":"https:\/\/www.suno.com.br\/noticias\/hapvida-hapv3-conselho-succession-governanca-mt\/#primaryimage"},"thumbnailUrl":"https:\/\/files.sunoresearch.com.br\/n\/uploads\/2019\/06\/cropped-88b4afc3-29570692_1770338736321211_6492773938567174737_n-e1560165712553.png","datePublished":"2026-05-01T13:18:00+00:00","description":"Hapvida (HAPV3) elege novo conselho e conclui sucess\u00e3o com troca de CEO; movimento marca nova fase de governan\u00e7a e execu\u00e7\u00e3o.","breadcrumb":{"@id":"https:\/\/www.suno.com.br\/noticias\/hapvida-hapv3-conselho-succession-governanca-mt\/#breadcrumb"},"inLanguage":"pt-BR","potentialAction":[{"@type":"ReadAction","target":["https:\/\/www.suno.com.br\/noticias\/hapvida-hapv3-conselho-succession-governanca-mt\/"]}]},{"@type":"ImageObject","inLanguage":"pt-BR","@id":"https:\/\/www.suno.com.br\/noticias\/hapvida-hapv3-conselho-succession-governanca-mt\/#primaryimage","url":"https:\/\/files.sunoresearch.com.br\/n\/uploads\/2019\/06\/cropped-88b4afc3-29570692_1770338736321211_6492773938567174737_n-e1560165712553.png","contentUrl":"https:\/\/files.sunoresearch.com.br\/n\/uploads\/2019\/06\/cropped-88b4afc3-29570692_1770338736321211_6492773938567174737_n-e1560165712553.png","width":640,"height":853,"caption":"Hapvida (HAPV3). Foto: Reprodu\u00e7\u00e3o."},{"@type":"BreadcrumbList","@id":"https:\/\/www.suno.com.br\/noticias\/hapvida-hapv3-conselho-succession-governanca-mt\/#breadcrumb","itemListElement":[{"@type":"ListItem","position":1,"name":"Not\u00edcias","item":"https:\/\/www.suno.com.br\/noticias\/"},{"@type":"ListItem","position":2,"name":"Mercado Financeiro","item":"https:\/\/www.suno.com.br\/noticias\/uncategorized\/"},{"@type":"ListItem","position":3,"name":"Hapvida (HAPV3) troca comando e refor\u00e7a conselho; mudan\u00e7a marca novo ciclo na companhia"}]},{"@type":"WebSite","@id":"https:\/\/www.suno.com.br\/noticias\/#website","url":"https:\/\/www.suno.com.br\/noticias\/","name":"Suno Not\u00edcias","description":"Seu portal de informa\u00e7\u00e3o sobre o mundo dos investimentos","publisher":{"@id":"https:\/\/www.suno.com.br\/noticias\/#organization"},"potentialAction":[{"@type":"SearchAction","target":{"@type":"EntryPoint","urlTemplate":"https:\/\/www.suno.com.br\/noticias\/?s={search_term_string}"},"query-input":{"@type":"PropertyValueSpecification","valueRequired":true,"valueName":"search_term_string"}}],"inLanguage":"pt-BR"},{"@type":"Organization","@id":"https:\/\/www.suno.com.br\/noticias\/#organization","name":"Suno Not\u00edcias","url":"https:\/\/www.suno.com.br\/noticias\/","logo":{"@type":"ImageObject","inLanguage":"pt-BR","@id":"https:\/\/www.suno.com.br\/noticias\/#\/schema\/logo\/image\/","url":"https:\/\/files.sunoresearch.com.br\/n\/uploads\/2021\/09\/suno-logo.png","contentUrl":"https:\/\/files.sunoresearch.com.br\/n\/uploads\/2021\/09\/suno-logo.png","width":180,"height":180,"caption":"Suno Not\u00edcias"},"image":{"@id":"https:\/\/www.suno.com.br\/noticias\/#\/schema\/logo\/image\/"},"sameAs":["https:\/\/facebook.com\/sunoresearch","https:\/\/x.com\/sunoresearch","https:\/\/www.instagram.com\/suno","https:\/\/www.linkedin.com\/company\/suno-research\/","https:\/\/www.youtube.com\/c\/sunoresearch"]},{"@type":"Person","@id":"https:\/\/www.suno.com.br\/noticias\/#\/schema\/person\/0a8b51292bb96ee5f104094c0907eaef","name":"Ma\u00edra Telles","image":{"@type":"ImageObject","inLanguage":"pt-BR","@id":"https:\/\/www.suno.com.br\/noticias\/#\/schema\/person\/image\/","url":"https:\/\/secure.gravatar.com\/avatar\/8d13691eab6abc1d1050b62a4c2a6116?s=96&r=g","contentUrl":"https:\/\/secure.gravatar.com\/avatar\/8d13691eab6abc1d1050b62a4c2a6116?s=96&r=g","caption":"Ma\u00edra Telles"},"description":"Jornalista com passagem por reda\u00e7\u00f5es como ESPN, especializa\u00e7\u00e3o em marketing digital e em gest\u00e3o de crise. Com foco no mercado financeiro e no setor agropecu\u00e1rio, desenvolve conte\u00fados estrat\u00e9gicos e especializados para m\u00faltiplas plataformas, unindo an\u00e1lise de investimentos e neg\u00f3cios","url":"https:\/\/www.suno.com.br\/noticias\/author\/mairaftellesgmail-com\/"}]}},"default_loop_html":"<div class=\"cardsPage__listCard__boxs\"><div class=\"cardsPage__listCard__boxs__img\"><a href=\"https:\/\/www.suno.com.br\/noticias\/hapvida-hapv3-conselho-succession-governanca-mt\/\"><img class=\"mask\" src=\"https:\/\/www.suno.com.br\/noticias\/wp-content\/themes\/suno\/resources\/images\/spotlight\/spotlight1img\/bg-mask.png\" alt=\"Image Mask\"\/><img src=\"https:\/\/files.sunoresearch.com.br\/n\/uploads\/2019\/06\/cropped-88b4afc3-29570692_1770338736321211_6492773938567174737_n-e1560165712553-400x200.png\" alt=\"Hapvida (HAPV3) troca comando e refor\u00e7a conselho; mudan\u00e7a marca novo ciclo na companhia\"\/><\/a><span class=\"spotlightCategory\"><a href=\"https:\/\/www.suno.com.br\/noticias\/uncategorized\/\">Mercado Financeiro<\/a><\/span><\/div><div class=\"cardsPage__listCard__boxs__content\"><a href=\"https:\/\/www.suno.com.br\/noticias\/hapvida-hapv3-conselho-succession-governanca-mt\/\"><h2 class=\"content__title\">Hapvida (HAPV3) troca comando e refor\u00e7a conselho; mudan\u00e7a marca novo ciclo na companhia<\/h2><\/a><div class=\"newsContent__article__meta\"><div class=\"newsContent__article__meta__authorBox\"><a href=\"https:\/\/www.suno.com.br\/noticias\/author\/mairaftellesgmail-com\/\" class=\"authorBox__avatar noMobi\"><img src=\"https:\/\/secure.gravatar.com\/avatar\/8d13691eab6abc1d1050b62a4c2a6116?s=96&#038;r=g\" alt=\"Ma\u00edra Telles\"><\/a><div class=\"authorBox__name\"><span>por\n\t\t\t<a href=\"https:\/\/www.suno.com.br\/noticias\/author\/mairaftellesgmail-com\/\"><span itemprop=\"author\">Ma\u00edra Telles<\/span><\/a><\/span><time datetime=\"2026-05-01T10:18:00-03:00\" itemprop=\"datePublished\">01\/05\/2026 10:18<\/time><\/div><\/div><\/div><\/div><\/div>","single_layout":"posts","amp_enabled":true,"_links":{"self":[{"href":"https:\/\/www.suno.com.br\/noticias\/wp-json\/wp\/v2\/posts\/650108"}],"collection":[{"href":"https:\/\/www.suno.com.br\/noticias\/wp-json\/wp\/v2\/posts"}],"about":[{"href":"https:\/\/www.suno.com.br\/noticias\/wp-json\/wp\/v2\/types\/post"}],"author":[{"embeddable":true,"href":"https:\/\/www.suno.com.br\/noticias\/wp-json\/wp\/v2\/users\/402"}],"replies":[{"embeddable":true,"href":"https:\/\/www.suno.com.br\/noticias\/wp-json\/wp\/v2\/comments?post=650108"}],"version-history":[{"count":1,"href":"https:\/\/www.suno.com.br\/noticias\/wp-json\/wp\/v2\/posts\/650108\/revisions"}],"predecessor-version":[{"id":650109,"href":"https:\/\/www.suno.com.br\/noticias\/wp-json\/wp\/v2\/posts\/650108\/revisions\/650109"}],"wp:featuredmedia":[{"embeddable":true,"href":"https:\/\/www.suno.com.br\/noticias\/wp-json\/wp\/v2\/media\/374348"}],"wp:attachment":[{"href":"https:\/\/www.suno.com.br\/noticias\/wp-json\/wp\/v2\/media?parent=650108"}],"wp:term":[{"taxonomy":"category","embeddable":true,"href":"https:\/\/www.suno.com.br\/noticias\/wp-json\/wp\/v2\/categories?post=650108"},{"taxonomy":"post_tag","embeddable":true,"href":"https:\/\/www.suno.com.br\/noticias\/wp-json\/wp\/v2\/tags?post=650108"},{"taxonomy":"suno_strategy","embeddable":true,"href":"https:\/\/www.suno.com.br\/noticias\/wp-json\/wp\/v2\/suno_strategy?post=650108"}],"curies":[{"name":"wp","href":"https:\/\/api.w.org\/{rel}","templated":true}]}}