{"id":650102,"date":"2026-04-30T18:48:22","date_gmt":"2026-04-30T21:48:22","guid":{"rendered":"https:\/\/www.suno.com.br\/noticias\/?p=650102"},"modified":"2026-04-30T18:48:39","modified_gmt":"2026-04-30T21:48:39","slug":"ibovespa-hoje-sobe-fechamento-abril-estavel-mt","status":"publish","type":"post","link":"https:\/\/www.suno.com.br\/noticias\/ibovespa-hoje-sobe-fechamento-abril-estavel-mt\/","title":{"rendered":"Ibovespa reage no fim, sobe 1,39% e evita m\u00eas negativo \u201cpor pouco\u201d"},"content":{"rendered":"<p>Nesta quinta-feira, 30 de abril, o <strong>Ibovespa<\/strong> conseguiu reagir no \u00faltimo preg\u00e3o do m\u00eas, subiu 1,39% e fechou aos 187.317,64 pontos, interrompendo uma sequ\u00eancia recente de perdas \u2014 mas sem conseguir evitar um abril praticamente zerado ap\u00f3s semanas de corre\u00e7\u00e3o.<\/p>\t<div class=\"wrapper-featured-image\">\n\t\t<figure class=\"spotlightImg\">\n\n\t\t\t<picture>\n\t\t\t\t<source media=\"(max-width: 768px)\" srcset=\"https:\/\/files.sunoresearch.com.br\/n\/uploads\/2024\/04\/iStock-1085475296-400x200.jpg\">\n\t\t\t\t<img loading=\"lazy\" decoding=\"async\" class=\"newsContent__article__imgCapa lazyloadDisabled \" src=\"https:\/\/files.sunoresearch.com.br\/n\/uploads\/2024\/04\/iStock-1085475296-800x450.jpg\" width=\"800\" height=\"450\" alt=\"Ibovespa reage no fim, sobe 1,39% e evita m\u00eas negativo \u201cpor pouco\u201d\" fetchpriority=high \/>\n\t\t\t<\/picture>\n\n\t\t\t<figcaption class=\"wp-caption-text wp-caption-text--show\">Ibovespa. Foto: iStock<\/figcaption>\n\t\t<\/figure>\n\t<\/div>\n\n\n\n\n\n\t<p>\n\t\t<a href=\"https:\/\/lp.suno.com.br\/planilha-da-vida-financeira\/\" target=\"_blank\" data-element=\"shortcode-suno-banner\" title=\"Banner SUNO, clique e saiba mais\">\n\t\t\t<picture>\n\t\t\t\t<source media=\"(max-width: 500px)\" srcset=\"https:\/\/files.sunoresearch.com.br\/n\/uploads\/2023\/04\/400x300-Planilha-vida-financeira-true.png\">\n\t\t\t\t<img class=\"newsContent__article__imgCapa newsContent__article__imgCapa--banner\"\n\t\t\t\t\tsrc=\"https:\/\/files.sunoresearch.com.br\/n\/uploads\/2023\/04\/1420x240-Planilha-vida-financeira-true.png\"\n\t\t\t\t\tdata-promo-id=\"383123\"\t\t\t\t\t\t\t\t\t\twidth='1420' height='240'\t\t\t\t\talt=\"https:\/\/files.sunoresearch.com.br\/n\/uploads\/2023\/04\/1420x240-Planilha-vida-financeira-true.png\"\n\t\t\t\t>\n\t\t\t<\/picture>\n\t\t<\/a>\n\t<\/p>\n\n\n\n\n\n<p>O movimento veio na esteira de um exterior mais favor\u00e1vel, permitindo ao \u00edndice recuperar parte das perdas acumuladas desde o recorde hist\u00f3rico de 14 de abril. Ainda assim, o ganho do dia apenas compensou parcialmente a realiza\u00e7\u00e3o de lucros da segunda quinzena, deixando o saldo mensal em leve queda de 0,08%.<\/p>\n\n\n\n<h2 class=\"wp-block-heading\">Ibovespa fecha abril no zero ap\u00f3s rali e corre\u00e7\u00e3o<\/h2>\n\n\n\n<p>O desempenho do m\u00eas reflete dois momentos bem distintos: uma primeira quinzena marcada por recordes hist\u00f3ricos e uma segunda dominada por ajustes.<\/p>\n\n\n\n<p>Depois de atingir quase 199 mil pontos no intradia e 198,6 mil no fechamento no dia 14, o \u00edndice passou por uma sequ\u00eancia de 10 preg\u00f5es praticamente negativos, com apenas uma leve alta no per\u00edodo.<\/p>\n\n\n\n<p>Na semana, o Ibovespa acumulou queda de 1,80%, ampliando o movimento de realiza\u00e7\u00e3o observado ap\u00f3s o rali anterior. No ano, ainda sustenta avan\u00e7o de 16,26%.<\/p>\n\n\n\n<p>Al\u00e9m do cen\u00e1rio externo, o investidor come\u00e7ou a dividir a aten\u00e7\u00e3o com fatores dom\u00e9sticos, como a temporada de resultados e ru\u00eddos pol\u00edticos recentes, que refor\u00e7aram a percep\u00e7\u00e3o de fragilidade no ambiente local.<\/p>\n\n\n\n<h2 class=\"wp-block-heading\">Maiores altas e baixas do Ibovespa<\/h2>\n\n\n\n<p>O \u00faltimo preg\u00e3o do m\u00eas teve predom\u00ednio de ganhos, com poucas a\u00e7\u00f5es no campo negativo.<\/p>\n\n\n\n<p><strong>Maiores altas:<\/strong><\/p>\n\n\n\n<ul class=\"wp-block-list\">\n<li>Hapvida: +5,45%<\/li>\n\n\n\n<li>CPFL: +4,38%<\/li>\n\n\n\n<li>Axia: +4,03%<\/li>\n<\/ul>\n\n\n\n<p><strong>Maiores baixas:<\/strong><\/p>\n\n\n\n<ul class=\"wp-block-list\">\n<li>Suzano: -2,18%<\/li>\n\n\n\n<li>Hypera: -0,88%<\/li>\n\n\n\n<li>Klabin: -0,74%<\/li>\n\n\n\n<li>Iguatemi: -0,11%<\/li>\n<\/ul>\n\n\n\n<p>O movimento mais positivo foi sustentado por recupera\u00e7\u00e3o ampla entre setores, ap\u00f3s dias de press\u00e3o mais intensa sobre as <a class=\"suno-keyword\" target=\"_blank\" data-force=\"no\" data-priority=\"1\" href=\"https:\/\/www.suno.com.br\/artigos\/acoes-blue-chips\/\" rel=\"noopener\">blue chips<\/a>.<\/p>\n\n\n\t<p>\n\t\t<a href=\"https:\/\/lp.suno.com.br\/planilha-da-vida-financeira\/\" target=\"_blank\" data-element=\"shortcode-suno-banner\" title=\"Banner SUNO, clique e saiba mais\">\n\t\t\t<picture>\n\t\t\t\t<source media=\"(max-width: 500px)\" srcset=\"https:\/\/files.sunoresearch.com.br\/n\/uploads\/2023\/04\/400x300-Planilha-vida-financeira-true.png\">\n\t\t\t\t<img class=\"newsContent__article__imgCapa newsContent__article__imgCapa--banner\"\n\t\t\t\t\tsrc=\"https:\/\/files.sunoresearch.com.br\/n\/uploads\/2023\/04\/1420x240-Planilha-vida-financeira-true.png\"\n\t\t\t\t\tdata-promo-id=\"106682\"\t\t\t\t\t\t\t\t\t\twidth='1420' height='240'\t\t\t\t\talt=\"https:\/\/files.sunoresearch.com.br\/n\/uploads\/2023\/04\/1420x240-Planilha-vida-financeira-true.png\"\n\t\t\t\t>\n\t\t\t<\/picture>\n\t\t<\/a>\n\t<\/p>\n\n\n\n\n\n<h2 class=\"wp-block-heading\">Cota\u00e7\u00e3o do d\u00f3lar hoje<\/h2>\n\n\n\n<p>O d\u00f3lar acompanhou o ambiente mais favor\u00e1vel e recuou com for\u00e7a frente ao real.<\/p>\n\n\n\n<p>A moeda americana fechou em queda de 0,98%, cotada a R$ 4,9527, refletindo fluxo estrangeiro ainda positivo para o Brasil, mesmo com ajustes recentes na aloca\u00e7\u00e3o.<\/p>\n\n\n\n<p>No exterior, as bolsas fecharam em alta, dando suporte ao apetite por risco:<\/p>\n\n\n\n<ul class=\"wp-block-list\">\n<li>Dow Jones: +0,85% (38.742 pontos)<\/li>\n\n\n\n<li>S&amp;P 500: +1,02% (5.123 pontos)<\/li>\n\n\n\n<li>Nasdaq: +1,28% (15.915 pontos)<\/li>\n<\/ul>\n\n\n\n<p>O cen\u00e1rio global ainda segue sens\u00edvel \u00e0 geopol\u00edtica, especialmente ao conflito no Oriente M\u00e9dio, que mant\u00e9m o petr\u00f3leo acima de US$ 100 e influencia diretamente infla\u00e7\u00e3o e juros.<\/p>\n\n\n\n<h2 class=\"wp-block-heading\">Fluxo estrangeiro e cen\u00e1rio externo seguem no radar<\/h2>\n\n\n\n<p>O fluxo internacional continua sendo pe\u00e7a-chave para a din\u00e2mica da bolsa brasileira. Segundo Stephan Kautz, da EQI Investimentos, o Brasil segue sendo visto como um \u201cganhador relativo\u201d no cen\u00e1rio global, especialmente por ser exportador de petr\u00f3leo, o que favorece contas externas e fiscais.<\/p>\n\n\n\n<p>Ao mesmo tempo, h\u00e1 sinais de que parte desse capital pode estar migrando parcialmente para <a class=\"suno-keyword\" target=\"_blank\" data-force=\"no\" data-priority=\"2\" href=\"https:\/\/www.suno.com.br\/guias\/investimento-renda-fixa\/\" rel=\"noopener\">renda fixa<\/a>, o que ajuda a explicar a perda de for\u00e7a recente da bolsa.<\/p>\n\n\n\n<p>Mesmo com algum al\u00edvio pontual no fim da semana, o ambiente ainda \u00e9 de incerteza, com o Estreito de Ormuz bloqueado e sem solu\u00e7\u00e3o clara para o conflito. Esse pano de fundo segue limitando o apetite por risco e mantendo o <strong>Ibovespa<\/strong> em um movimento mais lateral ap\u00f3s os recordes recentes.<\/p>\n\n\n\n<p class=\"newsProviderSignature\">Com Estad\u00e3o Conte\u00fado<\/p>\n\n\n\n\n\t<p>\n\t\t<a href=\"https:\/\/lp.suno.com.br\/ebook-como-analisar-uma-acao\/\" target=\"_blank\" data-element=\"shortcode-suno-banner\" title=\"Banner SUNO, clique e saiba mais\">\n\t\t\t<picture>\n\t\t\t\t<source media=\"(max-width: 500px)\" srcset=\"https:\/\/files.sunoresearch.com.br\/n\/uploads\/2023\/03\/Ebook-Acoes-Mobile.jpg\">\n\t\t\t\t<img class=\"newsContent__article__imgCapa newsContent__article__imgCapa--banner\"\n\t\t\t\t\tsrc=\"https:\/\/files.sunoresearch.com.br\/n\/uploads\/2023\/03\/Ebook-Acoes-Desktop.jpg\"\n\t\t\t\t\tdata-promo-id=\"378302\"\t\t\t\t\t\t\t\t\t\twidth='1420' height='286'\t\t\t\t\talt=\"https:\/\/files.sunoresearch.com.br\/n\/uploads\/2023\/03\/Ebook-Acoes-Desktop.jpg\"\n\t\t\t\t>\n\t\t\t<\/picture>\n\t\t<\/a>\n\t<\/p>\n\n\n","protected":false},"excerpt":{"rendered":"<p>Nesta quinta-feira, 30 de abril, o Ibovespa conseguiu reagir no \u00faltimo preg\u00e3o do m\u00eas, subiu 1,39% e fechou aos 187.317,64 pontos, interrompendo uma sequ\u00eancia recente de perdas \u2014 mas sem conseguir evitar um abril praticamente zerado ap\u00f3s semanas de corre\u00e7\u00e3o. Ibovespa. Foto: iStock O movimento veio na esteira de um exterior mais favor\u00e1vel, permitindo ao [&hellip;]<\/p>\n","protected":false},"author":402,"featured_media":539484,"comment_status":"closed","ping_status":"closed","sticky":false,"template":"","format":"standard","meta":[],"categories":[60],"tags":[721,106949],"suno_strategy":[],"class_list":["post-650102","post","type-post","status-publish","format-standard","has-post-thumbnail","hentry","category-mercado","tag-ibovespa","tag-ibovespa-fechamento"],"yoast_head":"<!-- This site is optimized with the Yoast SEO plugin v24.4 - https:\/\/yoast.com\/wordpress\/plugins\/seo\/ -->\n<title>Ibovespa sobe no \u00faltimo preg\u00e3o, mas fecha abril est\u00e1vel<\/title>\n<meta name=\"description\" content=\"Ibovespa sobe no \u00faltimo preg\u00e3o do m\u00eas, mas fecha abril praticamente est\u00e1vel, ap\u00f3s forte corre\u00e7\u00e3o nas semanas recentes\" \/>\n<meta name=\"robots\" content=\"index, follow, max-snippet:-1, max-image-preview:large, max-video-preview:-1\" \/>\n<link rel=\"canonical\" href=\"https:\/\/www.suno.com.br\/noticias\/ibovespa-hoje-sobe-fechamento-abril-estavel-mt\/\" \/>\n<meta property=\"og:locale\" content=\"pt_BR\" \/>\n<meta property=\"og:type\" content=\"article\" \/>\n<meta property=\"og:title\" content=\"Ibovespa sobe no \u00faltimo preg\u00e3o, mas fecha abril est\u00e1vel\" \/>\n<meta property=\"og:description\" content=\"Ibovespa sobe no \u00faltimo preg\u00e3o do m\u00eas, mas fecha abril praticamente est\u00e1vel, ap\u00f3s forte corre\u00e7\u00e3o nas semanas recentes\" \/>\n<meta property=\"og:url\" content=\"https:\/\/www.suno.com.br\/noticias\/ibovespa-hoje-sobe-fechamento-abril-estavel-mt\/\" \/>\n<meta property=\"og:site_name\" content=\"Suno Not\u00edcias\" \/>\n<meta property=\"article:publisher\" content=\"https:\/\/facebook.com\/sunoresearch\" \/>\n<meta property=\"og:image\" content=\"https:\/\/files.sunoresearch.com.br\/n\/uploads\/2024\/04\/iStock-1085475296.jpg\" \/>\n\t<meta property=\"og:image:width\" content=\"1271\" \/>\n\t<meta property=\"og:image:height\" content=\"825\" \/>\n\t<meta property=\"og:image:type\" content=\"image\/jpeg\" \/>\n<meta name=\"author\" content=\"Ma\u00edra Telles\" \/>\n<meta name=\"twitter:card\" content=\"summary_large_image\" \/>\n<meta name=\"twitter:creator\" content=\"@sunoresearch\" \/>\n<meta name=\"twitter:site\" content=\"@sunoresearch\" \/>\n<meta name=\"twitter:label1\" content=\"Escrito por\" \/>\n\t<meta name=\"twitter:data1\" content=\"Ma\u00edra Telles\" \/>\n\t<meta name=\"twitter:label2\" content=\"Est. tempo de leitura\" \/>\n\t<meta name=\"twitter:data2\" content=\"4 minutos\" \/>\n<script type=\"application\/ld+json\" class=\"yoast-schema-graph\">{\"@context\":\"https:\/\/schema.org\",\"@graph\":[{\"@type\":\"NewsArticle\",\"@id\":\"https:\/\/www.suno.com.br\/noticias\/ibovespa-hoje-sobe-fechamento-abril-estavel-mt\/#article\",\"isPartOf\":{\"@id\":\"https:\/\/www.suno.com.br\/noticias\/ibovespa-hoje-sobe-fechamento-abril-estavel-mt\/\"},\"author\":{\"name\":\"Ma\u00edra Telles\",\"@id\":\"https:\/\/www.suno.com.br\/noticias\/#\/schema\/person\/0a8b51292bb96ee5f104094c0907eaef\"},\"headline\":\"Ibovespa reage no fim, sobe 1,39% e evita m\u00eas negativo \u201cpor pouco\u201d\",\"datePublished\":\"2026-04-30T21:48:22+00:00\",\"dateModified\":\"2026-04-30T21:48:39+00:00\",\"mainEntityOfPage\":{\"@id\":\"https:\/\/www.suno.com.br\/noticias\/ibovespa-hoje-sobe-fechamento-abril-estavel-mt\/\"},\"wordCount\":561,\"publisher\":{\"@id\":\"https:\/\/www.suno.com.br\/noticias\/#organization\"},\"image\":{\"@id\":\"https:\/\/www.suno.com.br\/noticias\/ibovespa-hoje-sobe-fechamento-abril-estavel-mt\/#primaryimage\"},\"thumbnailUrl\":\"https:\/\/files.sunoresearch.com.br\/n\/uploads\/2024\/04\/iStock-1085475296.jpg\",\"keywords\":[\"Ibovespa\",\"Ibovespa fechamento\"],\"articleSection\":[\"Mercado\"],\"inLanguage\":\"pt-BR\"},{\"@type\":\"WebPage\",\"@id\":\"https:\/\/www.suno.com.br\/noticias\/ibovespa-hoje-sobe-fechamento-abril-estavel-mt\/\",\"url\":\"https:\/\/www.suno.com.br\/noticias\/ibovespa-hoje-sobe-fechamento-abril-estavel-mt\/\",\"name\":\"Ibovespa sobe no \u00faltimo preg\u00e3o, mas fecha abril est\u00e1vel\",\"isPartOf\":{\"@id\":\"https:\/\/www.suno.com.br\/noticias\/#website\"},\"primaryImageOfPage\":{\"@id\":\"https:\/\/www.suno.com.br\/noticias\/ibovespa-hoje-sobe-fechamento-abril-estavel-mt\/#primaryimage\"},\"image\":{\"@id\":\"https:\/\/www.suno.com.br\/noticias\/ibovespa-hoje-sobe-fechamento-abril-estavel-mt\/#primaryimage\"},\"thumbnailUrl\":\"https:\/\/files.sunoresearch.com.br\/n\/uploads\/2024\/04\/iStock-1085475296.jpg\",\"datePublished\":\"2026-04-30T21:48:22+00:00\",\"dateModified\":\"2026-04-30T21:48:39+00:00\",\"description\":\"Ibovespa sobe no \u00faltimo preg\u00e3o do m\u00eas, mas fecha abril praticamente est\u00e1vel, ap\u00f3s forte corre\u00e7\u00e3o nas semanas recentes\",\"breadcrumb\":{\"@id\":\"https:\/\/www.suno.com.br\/noticias\/ibovespa-hoje-sobe-fechamento-abril-estavel-mt\/#breadcrumb\"},\"inLanguage\":\"pt-BR\",\"potentialAction\":[{\"@type\":\"ReadAction\",\"target\":[\"https:\/\/www.suno.com.br\/noticias\/ibovespa-hoje-sobe-fechamento-abril-estavel-mt\/\"]}]},{\"@type\":\"ImageObject\",\"inLanguage\":\"pt-BR\",\"@id\":\"https:\/\/www.suno.com.br\/noticias\/ibovespa-hoje-sobe-fechamento-abril-estavel-mt\/#primaryimage\",\"url\":\"https:\/\/files.sunoresearch.com.br\/n\/uploads\/2024\/04\/iStock-1085475296.jpg\",\"contentUrl\":\"https:\/\/files.sunoresearch.com.br\/n\/uploads\/2024\/04\/iStock-1085475296.jpg\",\"width\":1271,\"height\":825,\"caption\":\"Ibovespa. Foto: iStock\"},{\"@type\":\"BreadcrumbList\",\"@id\":\"https:\/\/www.suno.com.br\/noticias\/ibovespa-hoje-sobe-fechamento-abril-estavel-mt\/#breadcrumb\",\"itemListElement\":[{\"@type\":\"ListItem\",\"position\":1,\"name\":\"Not\u00edcias\",\"item\":\"https:\/\/www.suno.com.br\/noticias\/\"},{\"@type\":\"ListItem\",\"position\":2,\"name\":\"Mercado\",\"item\":\"https:\/\/www.suno.com.br\/noticias\/mercado\/\"},{\"@type\":\"ListItem\",\"position\":3,\"name\":\"Ibovespa reage no fim, sobe 1,39% e evita m\u00eas negativo \u201cpor pouco\u201d\"}]},{\"@type\":\"WebSite\",\"@id\":\"https:\/\/www.suno.com.br\/noticias\/#website\",\"url\":\"https:\/\/www.suno.com.br\/noticias\/\",\"name\":\"Suno Not\u00edcias\",\"description\":\"Seu portal de informa\u00e7\u00e3o sobre o mundo dos investimentos\",\"publisher\":{\"@id\":\"https:\/\/www.suno.com.br\/noticias\/#organization\"},\"potentialAction\":[{\"@type\":\"SearchAction\",\"target\":{\"@type\":\"EntryPoint\",\"urlTemplate\":\"https:\/\/www.suno.com.br\/noticias\/?s={search_term_string}\"},\"query-input\":{\"@type\":\"PropertyValueSpecification\",\"valueRequired\":true,\"valueName\":\"search_term_string\"}}],\"inLanguage\":\"pt-BR\"},{\"@type\":\"Organization\",\"@id\":\"https:\/\/www.suno.com.br\/noticias\/#organization\",\"name\":\"Suno Not\u00edcias\",\"url\":\"https:\/\/www.suno.com.br\/noticias\/\",\"logo\":{\"@type\":\"ImageObject\",\"inLanguage\":\"pt-BR\",\"@id\":\"https:\/\/www.suno.com.br\/noticias\/#\/schema\/logo\/image\/\",\"url\":\"https:\/\/files.sunoresearch.com.br\/n\/uploads\/2021\/09\/suno-logo.png\",\"contentUrl\":\"https:\/\/files.sunoresearch.com.br\/n\/uploads\/2021\/09\/suno-logo.png\",\"width\":180,\"height\":180,\"caption\":\"Suno Not\u00edcias\"},\"image\":{\"@id\":\"https:\/\/www.suno.com.br\/noticias\/#\/schema\/logo\/image\/\"},\"sameAs\":[\"https:\/\/facebook.com\/sunoresearch\",\"https:\/\/x.com\/sunoresearch\",\"https:\/\/www.instagram.com\/suno\",\"https:\/\/www.linkedin.com\/company\/suno-research\/\",\"https:\/\/www.youtube.com\/c\/sunoresearch\"]},{\"@type\":\"Person\",\"@id\":\"https:\/\/www.suno.com.br\/noticias\/#\/schema\/person\/0a8b51292bb96ee5f104094c0907eaef\",\"name\":\"Ma\u00edra Telles\",\"image\":{\"@type\":\"ImageObject\",\"inLanguage\":\"pt-BR\",\"@id\":\"https:\/\/www.suno.com.br\/noticias\/#\/schema\/person\/image\/\",\"url\":\"https:\/\/secure.gravatar.com\/avatar\/8d13691eab6abc1d1050b62a4c2a6116?s=96&r=g\",\"contentUrl\":\"https:\/\/secure.gravatar.com\/avatar\/8d13691eab6abc1d1050b62a4c2a6116?s=96&r=g\",\"caption\":\"Ma\u00edra Telles\"},\"description\":\"Jornalista com passagem por reda\u00e7\u00f5es como ESPN, especializa\u00e7\u00e3o em marketing digital e em gest\u00e3o de crise. Com foco no mercado financeiro e no setor agropecu\u00e1rio, desenvolve conte\u00fados estrat\u00e9gicos e especializados para m\u00faltiplas plataformas, unindo an\u00e1lise de investimentos e neg\u00f3cios\",\"url\":\"https:\/\/www.suno.com.br\/noticias\/author\/mairaftellesgmail-com\/\"}]}<\/script>\n<!-- \/ Yoast SEO plugin. -->","yoast_head_json":{"title":"Ibovespa sobe no \u00faltimo preg\u00e3o, mas fecha abril est\u00e1vel","description":"Ibovespa sobe no \u00faltimo preg\u00e3o do m\u00eas, mas fecha abril praticamente est\u00e1vel, ap\u00f3s forte corre\u00e7\u00e3o nas semanas recentes","robots":{"index":"index","follow":"follow","max-snippet":"max-snippet:-1","max-image-preview":"max-image-preview:large","max-video-preview":"max-video-preview:-1"},"canonical":"https:\/\/www.suno.com.br\/noticias\/ibovespa-hoje-sobe-fechamento-abril-estavel-mt\/","og_locale":"pt_BR","og_type":"article","og_title":"Ibovespa sobe no \u00faltimo preg\u00e3o, mas fecha abril est\u00e1vel","og_description":"Ibovespa sobe no \u00faltimo preg\u00e3o do m\u00eas, mas fecha abril praticamente est\u00e1vel, ap\u00f3s forte corre\u00e7\u00e3o nas semanas recentes","og_url":"https:\/\/www.suno.com.br\/noticias\/ibovespa-hoje-sobe-fechamento-abril-estavel-mt\/","og_site_name":"Suno Not\u00edcias","article_publisher":"https:\/\/facebook.com\/sunoresearch","og_image":[{"width":1271,"height":825,"url":"https:\/\/files.sunoresearch.com.br\/n\/uploads\/2024\/04\/iStock-1085475296.jpg","type":"image\/jpeg"}],"author":"Ma\u00edra Telles","twitter_card":"summary_large_image","twitter_creator":"@sunoresearch","twitter_site":"@sunoresearch","twitter_misc":{"Escrito por":"Ma\u00edra Telles","Est. tempo de leitura":"4 minutos"},"schema":{"@context":"https:\/\/schema.org","@graph":[{"@type":"NewsArticle","@id":"https:\/\/www.suno.com.br\/noticias\/ibovespa-hoje-sobe-fechamento-abril-estavel-mt\/#article","isPartOf":{"@id":"https:\/\/www.suno.com.br\/noticias\/ibovespa-hoje-sobe-fechamento-abril-estavel-mt\/"},"author":{"name":"Ma\u00edra Telles","@id":"https:\/\/www.suno.com.br\/noticias\/#\/schema\/person\/0a8b51292bb96ee5f104094c0907eaef"},"headline":"Ibovespa reage no fim, sobe 1,39% e evita m\u00eas negativo \u201cpor pouco\u201d","datePublished":"2026-04-30T21:48:22+00:00","dateModified":"2026-04-30T21:48:39+00:00","mainEntityOfPage":{"@id":"https:\/\/www.suno.com.br\/noticias\/ibovespa-hoje-sobe-fechamento-abril-estavel-mt\/"},"wordCount":561,"publisher":{"@id":"https:\/\/www.suno.com.br\/noticias\/#organization"},"image":{"@id":"https:\/\/www.suno.com.br\/noticias\/ibovespa-hoje-sobe-fechamento-abril-estavel-mt\/#primaryimage"},"thumbnailUrl":"https:\/\/files.sunoresearch.com.br\/n\/uploads\/2024\/04\/iStock-1085475296.jpg","keywords":["Ibovespa","Ibovespa fechamento"],"articleSection":["Mercado"],"inLanguage":"pt-BR"},{"@type":"WebPage","@id":"https:\/\/www.suno.com.br\/noticias\/ibovespa-hoje-sobe-fechamento-abril-estavel-mt\/","url":"https:\/\/www.suno.com.br\/noticias\/ibovespa-hoje-sobe-fechamento-abril-estavel-mt\/","name":"Ibovespa sobe no \u00faltimo preg\u00e3o, mas fecha abril est\u00e1vel","isPartOf":{"@id":"https:\/\/www.suno.com.br\/noticias\/#website"},"primaryImageOfPage":{"@id":"https:\/\/www.suno.com.br\/noticias\/ibovespa-hoje-sobe-fechamento-abril-estavel-mt\/#primaryimage"},"image":{"@id":"https:\/\/www.suno.com.br\/noticias\/ibovespa-hoje-sobe-fechamento-abril-estavel-mt\/#primaryimage"},"thumbnailUrl":"https:\/\/files.sunoresearch.com.br\/n\/uploads\/2024\/04\/iStock-1085475296.jpg","datePublished":"2026-04-30T21:48:22+00:00","dateModified":"2026-04-30T21:48:39+00:00","description":"Ibovespa sobe no \u00faltimo preg\u00e3o do m\u00eas, mas fecha abril praticamente est\u00e1vel, ap\u00f3s forte corre\u00e7\u00e3o nas semanas recentes","breadcrumb":{"@id":"https:\/\/www.suno.com.br\/noticias\/ibovespa-hoje-sobe-fechamento-abril-estavel-mt\/#breadcrumb"},"inLanguage":"pt-BR","potentialAction":[{"@type":"ReadAction","target":["https:\/\/www.suno.com.br\/noticias\/ibovespa-hoje-sobe-fechamento-abril-estavel-mt\/"]}]},{"@type":"ImageObject","inLanguage":"pt-BR","@id":"https:\/\/www.suno.com.br\/noticias\/ibovespa-hoje-sobe-fechamento-abril-estavel-mt\/#primaryimage","url":"https:\/\/files.sunoresearch.com.br\/n\/uploads\/2024\/04\/iStock-1085475296.jpg","contentUrl":"https:\/\/files.sunoresearch.com.br\/n\/uploads\/2024\/04\/iStock-1085475296.jpg","width":1271,"height":825,"caption":"Ibovespa. Foto: iStock"},{"@type":"BreadcrumbList","@id":"https:\/\/www.suno.com.br\/noticias\/ibovespa-hoje-sobe-fechamento-abril-estavel-mt\/#breadcrumb","itemListElement":[{"@type":"ListItem","position":1,"name":"Not\u00edcias","item":"https:\/\/www.suno.com.br\/noticias\/"},{"@type":"ListItem","position":2,"name":"Mercado","item":"https:\/\/www.suno.com.br\/noticias\/mercado\/"},{"@type":"ListItem","position":3,"name":"Ibovespa reage no fim, sobe 1,39% e evita m\u00eas negativo \u201cpor pouco\u201d"}]},{"@type":"WebSite","@id":"https:\/\/www.suno.com.br\/noticias\/#website","url":"https:\/\/www.suno.com.br\/noticias\/","name":"Suno Not\u00edcias","description":"Seu portal de informa\u00e7\u00e3o sobre o mundo dos investimentos","publisher":{"@id":"https:\/\/www.suno.com.br\/noticias\/#organization"},"potentialAction":[{"@type":"SearchAction","target":{"@type":"EntryPoint","urlTemplate":"https:\/\/www.suno.com.br\/noticias\/?s={search_term_string}"},"query-input":{"@type":"PropertyValueSpecification","valueRequired":true,"valueName":"search_term_string"}}],"inLanguage":"pt-BR"},{"@type":"Organization","@id":"https:\/\/www.suno.com.br\/noticias\/#organization","name":"Suno Not\u00edcias","url":"https:\/\/www.suno.com.br\/noticias\/","logo":{"@type":"ImageObject","inLanguage":"pt-BR","@id":"https:\/\/www.suno.com.br\/noticias\/#\/schema\/logo\/image\/","url":"https:\/\/files.sunoresearch.com.br\/n\/uploads\/2021\/09\/suno-logo.png","contentUrl":"https:\/\/files.sunoresearch.com.br\/n\/uploads\/2021\/09\/suno-logo.png","width":180,"height":180,"caption":"Suno Not\u00edcias"},"image":{"@id":"https:\/\/www.suno.com.br\/noticias\/#\/schema\/logo\/image\/"},"sameAs":["https:\/\/facebook.com\/sunoresearch","https:\/\/x.com\/sunoresearch","https:\/\/www.instagram.com\/suno","https:\/\/www.linkedin.com\/company\/suno-research\/","https:\/\/www.youtube.com\/c\/sunoresearch"]},{"@type":"Person","@id":"https:\/\/www.suno.com.br\/noticias\/#\/schema\/person\/0a8b51292bb96ee5f104094c0907eaef","name":"Ma\u00edra Telles","image":{"@type":"ImageObject","inLanguage":"pt-BR","@id":"https:\/\/www.suno.com.br\/noticias\/#\/schema\/person\/image\/","url":"https:\/\/secure.gravatar.com\/avatar\/8d13691eab6abc1d1050b62a4c2a6116?s=96&r=g","contentUrl":"https:\/\/secure.gravatar.com\/avatar\/8d13691eab6abc1d1050b62a4c2a6116?s=96&r=g","caption":"Ma\u00edra Telles"},"description":"Jornalista com passagem por reda\u00e7\u00f5es como ESPN, especializa\u00e7\u00e3o em marketing digital e em gest\u00e3o de crise. Com foco no mercado financeiro e no setor agropecu\u00e1rio, desenvolve conte\u00fados estrat\u00e9gicos e especializados para m\u00faltiplas plataformas, unindo an\u00e1lise de investimentos e neg\u00f3cios","url":"https:\/\/www.suno.com.br\/noticias\/author\/mairaftellesgmail-com\/"}]}},"default_loop_html":"<div class=\"cardsPage__listCard__boxs\"><div class=\"cardsPage__listCard__boxs__img\"><a href=\"https:\/\/www.suno.com.br\/noticias\/ibovespa-hoje-sobe-fechamento-abril-estavel-mt\/\"><img class=\"mask\" src=\"https:\/\/www.suno.com.br\/noticias\/wp-content\/themes\/suno\/resources\/images\/spotlight\/spotlight1img\/bg-mask.png\" alt=\"Image Mask\"\/><img src=\"https:\/\/files.sunoresearch.com.br\/n\/uploads\/2024\/04\/iStock-1085475296-400x200.jpg\" alt=\"Ibovespa reage no fim, sobe 1,39% e evita m\u00eas negativo \u201cpor pouco\u201d\"\/><\/a><span class=\"spotlightCategory\"><a href=\"https:\/\/www.suno.com.br\/noticias\/mercado\/\">Mercado<\/a><\/span><\/div><div class=\"cardsPage__listCard__boxs__content\"><a href=\"https:\/\/www.suno.com.br\/noticias\/ibovespa-hoje-sobe-fechamento-abril-estavel-mt\/\"><h2 class=\"content__title\">Ibovespa reage no fim, sobe 1,39% e evita m\u00eas negativo \u201cpor pouco\u201d<\/h2><\/a><div class=\"newsContent__article__meta\"><div class=\"newsContent__article__meta__authorBox\"><a href=\"https:\/\/www.suno.com.br\/noticias\/author\/mairaftellesgmail-com\/\" class=\"authorBox__avatar noMobi\"><img src=\"https:\/\/secure.gravatar.com\/avatar\/8d13691eab6abc1d1050b62a4c2a6116?s=96&#038;r=g\" alt=\"Ma\u00edra Telles\"><\/a><div class=\"authorBox__name\"><span>por\n\t\t\t<a href=\"https:\/\/www.suno.com.br\/noticias\/author\/mairaftellesgmail-com\/\"><span itemprop=\"author\">Ma\u00edra Telles<\/span><\/a><\/span><time datetime=\"2026-04-30T18:48:22-03:00\" itemprop=\"datePublished\">30\/04\/2026 18:48<\/time><\/div><\/div><\/div><\/div><\/div>","single_layout":"posts","amp_enabled":true,"_links":{"self":[{"href":"https:\/\/www.suno.com.br\/noticias\/wp-json\/wp\/v2\/posts\/650102"}],"collection":[{"href":"https:\/\/www.suno.com.br\/noticias\/wp-json\/wp\/v2\/posts"}],"about":[{"href":"https:\/\/www.suno.com.br\/noticias\/wp-json\/wp\/v2\/types\/post"}],"author":[{"embeddable":true,"href":"https:\/\/www.suno.com.br\/noticias\/wp-json\/wp\/v2\/users\/402"}],"replies":[{"embeddable":true,"href":"https:\/\/www.suno.com.br\/noticias\/wp-json\/wp\/v2\/comments?post=650102"}],"version-history":[{"count":1,"href":"https:\/\/www.suno.com.br\/noticias\/wp-json\/wp\/v2\/posts\/650102\/revisions"}],"predecessor-version":[{"id":650119,"href":"https:\/\/www.suno.com.br\/noticias\/wp-json\/wp\/v2\/posts\/650102\/revisions\/650119"}],"wp:featuredmedia":[{"embeddable":true,"href":"https:\/\/www.suno.com.br\/noticias\/wp-json\/wp\/v2\/media\/539484"}],"wp:attachment":[{"href":"https:\/\/www.suno.com.br\/noticias\/wp-json\/wp\/v2\/media?parent=650102"}],"wp:term":[{"taxonomy":"category","embeddable":true,"href":"https:\/\/www.suno.com.br\/noticias\/wp-json\/wp\/v2\/categories?post=650102"},{"taxonomy":"post_tag","embeddable":true,"href":"https:\/\/www.suno.com.br\/noticias\/wp-json\/wp\/v2\/tags?post=650102"},{"taxonomy":"suno_strategy","embeddable":true,"href":"https:\/\/www.suno.com.br\/noticias\/wp-json\/wp\/v2\/suno_strategy?post=650102"}],"curies":[{"name":"wp","href":"https:\/\/api.w.org\/{rel}","templated":true}]}}