{"id":649795,"date":"2026-04-28T21:05:05","date_gmt":"2026-04-29T00:05:05","guid":{"rendered":"https:\/\/www.suno.com.br\/noticias\/lajes-corporativas-sp-1t26\/"},"modified":"2026-04-28T21:05:05","modified_gmt":"2026-04-29T00:05:05","slug":"lajes-corporativas-sp-1t26","status":"publish","type":"post","link":"https:\/\/www.suno.com.br\/noticias\/lajes-corporativas-sp-1t26\/","title":{"rendered":"Faria Lima puxa alta de pre\u00e7os e vac\u00e2ncia cai no 1T26"},"content":{"rendered":"<p>O segmento de <a class=\"suno-keyword\" target=\"_blank\" data-force=\"no\" data-priority=\"1\" href=\"https:\/\/www.suno.com.br\/artigos\/lajes-corporativas\/\" rel=\"noopener\"><strong>lajes corporativas<\/strong><\/a> premium em S\u00e3o Paulo registrou avan\u00e7o s\u00f3lido entre janeiro e mar\u00e7o de 2026, com maior demanda, alta nos pre\u00e7os de loca\u00e7\u00e3o e queda da desocupa\u00e7\u00e3o, segundo o BTG Pactual. O movimento foi sustentado por absor\u00e7\u00e3o consistente mesmo diante da entrega de nova oferta, indicando tra\u00e7\u00e3o do mercado em ativos de padr\u00e3o elevado. A din\u00e2mica refor\u00e7a a prefer\u00eancia por edif\u00edcios recentes, bem localizados e com especifica\u00e7\u00f5es t\u00e9cnicas superiores.<\/p>\t<div class=\"wrapper-featured-image\">\n\t\t<figure class=\"spotlightImg\">\n\n\t\t\t<picture>\n\t\t\t\t<source media=\"(max-width: 768px)\" srcset=\"https:\/\/files.sunoresearch.com.br\/n\/uploads\/2026\/04\/close-de-tela-de-not-1_01_novo-2-400x200.webp\">\n\t\t\t\t<img loading=\"lazy\" decoding=\"async\" class=\"newsContent__article__imgCapa lazyloadDisabled \" src=\"https:\/\/files.sunoresearch.com.br\/n\/uploads\/2026\/04\/close-de-tela-de-not-1_01_novo-2-800x450.webp\" width=\"800\" height=\"450\" alt=\"Faria Lima puxa alta de pre\u00e7os e vac\u00e2ncia cai no 1T26\" fetchpriority=high \/>\n\t\t\t<\/picture>\n\n\t\t\t<figcaption class=\"wp-caption-text wp-caption-text--show\">Imagem gerada por IA<\/figcaption>\n\t\t<\/figure>\n\t<\/div>\n\n\n<p>A <strong>Avenida Faria Lima<\/strong> consolidou-se como refer\u00eancia de valor, com pedidos acima de R$ 300\/m\u00b2. A combina\u00e7\u00e3o de estoque limitado e procura qualificada elevou o patamar de pre\u00e7os, pressionando a disponibilidade e reduzindo a negocia\u00e7\u00e3o em im\u00f3veis de menor qualidade. Esse comportamento destaca a resili\u00eancia do eixo financeiro da cidade.<\/p>\n\n\t<p>\n\t\t<a href=\"https:\/\/lp2.suno.com.br\/onde-investir-2026\/?utm_campaign=_SNC390A0FD0_ao&#038;utm_source=suno-not\u00edcias&#038;utm_medium=banner.noticias\" target=\"_blank\" data-element=\"shortcode-suno-banner\" title=\"Banner SUNO, clique e saiba mais\">\n\t\t\t<picture>\n\t\t\t\t<source media=\"(max-width: 500px)\" srcset=\"https:\/\/files.sunoresearch.com.br\/gaia\/uploads\/2026\/01\/Banner-Materias-01-Mbl_-400x300-1.png\">\n\t\t\t\t<img class=\"newsContent__article__imgCapa newsContent__article__imgCapa--banner\"\n\t\t\t\t\tsrc=\"https:\/\/files.sunoresearch.com.br\/gaia\/uploads\/2026\/01\/Banner-Materias-01-Dkp_-1420x240-1.png\"\n\t\t\t\t\tdata-promo-id=\"651623\"\t\t\t\t\t\t\t\t\t\twidth='1420' height='240'\t\t\t\t\talt=\"https:\/\/files.sunoresearch.com.br\/gaia\/uploads\/2026\/01\/Banner-Materias-01-Dkp_-1420x240-1.png\"\n\t\t\t\t>\n\t\t\t<\/picture>\n\t\t<\/a>\n\t<\/p>\n\n\n\n\n<h2>Desocupa\u00e7\u00e3o geral do segmento caiu para 13,4%<\/h2>\n<p>A taxa de desocupa\u00e7\u00e3o geral do segmento caiu para 13,4% no 1\u00ba trimestre, redu\u00e7\u00e3o de 1,1 p.p. frente ao per\u00edodo anterior, mesmo com a incorpora\u00e7\u00e3o de cerca de 26 mil m\u00b2. O resultado sinaliza capacidade de absor\u00e7\u00e3o e seletividade dos ocupantes. Regi\u00f5es como <strong>Pinheiros<\/strong> e o corredor <strong>Rebou\u00e7as<\/strong> mantiveram liquidez, assim como a <strong>Avenida Chucri Zaidan<\/strong>, que segue atraindo empresas em busca de lajes eficientes.<\/p>\n<p>O BTG tamb\u00e9m aponta continuidade do movimento de flight-to-price, no qual companhias migram para \u00e1reas perif\u00e9ricas com custos mais competitivos. Esse ajuste redistribui demanda e abre espa\u00e7o para negocia\u00e7\u00f5es t\u00e1ticas, sobretudo em empreendimentos fora dos eixos mais caros.<\/p>\n\n\t<p>\n\t\t<a href=\"https:\/\/lp2.suno.com.br\/lm\/minicurso-construindo-um-portfolio-milionario\/?utm_campaign=_SNC35CF3834_ao&#038;utm_source=suno-not\u00edcias&#038;utm_medium=banner.noticias\" target=\"_blank\" data-element=\"shortcode-suno-banner\" title=\"Banner SUNO, clique e saiba mais\">\n\t\t\t<picture>\n\t\t\t\t<source media=\"(max-width: 500px)\" srcset=\"https:\/\/files.sunoresearch.com.br\/gaia\/uploads\/2026\/01\/MB-PS-HOME-DE-ARTIGOS-400x300-ID_01_x1.jpg\">\n\t\t\t\t<img class=\"newsContent__article__imgCapa newsContent__article__imgCapa--banner\"\n\t\t\t\t\tsrc=\"https:\/\/files.sunoresearch.com.br\/gaia\/uploads\/2026\/01\/DT-PS-HOME-DE-ARTIGOS-1420x240-ID_01_x1.jpg\"\n\t\t\t\t\tdata-promo-id=\"651626\"\t\t\t\t\t\t\t\t\t\twidth='1420' height='240'\t\t\t\t\talt=\"https:\/\/files.sunoresearch.com.br\/gaia\/uploads\/2026\/01\/DT-PS-HOME-DE-ARTIGOS-1420x240-ID_01_x1.jpg\"\n\t\t\t\t>\n\t\t\t<\/picture>\n\t\t<\/a>\n\t<\/p>\n\n\n\n\n<h2>Pre\u00e7os sobem na Faria Lima; Vila Ol\u00edmpia perde f\u00f4lego<\/h2>\n<p>Enquanto a Faria Lima reafirma a lideran\u00e7a, a <strong>Vila Ol\u00edmpia<\/strong> apresenta trajet\u00f3ria oposta, com proje\u00e7\u00e3o de alta na <a class=\"suno-keyword\" href=\"https:\/\/www.suno.com.br\/artigos\/taxa-de-vacancia\/\" target=\"_blank\" rel=\"noopener\" data-force=\"no\" data-priority=\"1\"><strong>taxa de vac\u00e2ncia<\/strong><\/a> nos pr\u00f3ximos trimestres. Devolu\u00e7\u00f5es j\u00e1 mapeadas e menor perspectiva de absor\u00e7\u00e3o imediata devem pressionar indicadores locais, sem, contudo, alterar o equil\u00edbrio do mercado paulistano como um todo, conforme o <strong>BTG Pactual<\/strong>.<\/p>\n<p>A perspectiva para 2026 permanece construtiva: demanda est\u00e1vel, escassez de grandes \u00e1reas e novas entregas pr\u00e9-locadas tendem a sustentar reajustes de aluguel. Entre os <strong>FIIs de escrit\u00f3rios<\/strong>, destacam-se <strong>PVBI11<\/strong>, <strong>HGRE11<\/strong>, <strong>VINO11<\/strong> e <strong>BRCR11<\/strong>, cuja performance depende de portf\u00f3lio, contratos, localiza\u00e7\u00e3o e gest\u00e3o. No agregado, o quadro favorece ativos core e bem posicionados no mapa corporativo de S\u00e3o Paulo, refor\u00e7ando o apelo das <strong>lajes corporativas<\/strong> de alto padr\u00e3o.<\/p>","protected":false},"excerpt":{"rendered":"<p>O segmento de lajes corporativas premium em S\u00e3o Paulo registrou avan\u00e7o s\u00f3lido entre janeiro e mar\u00e7o de 2026, com maior demanda, alta nos pre\u00e7os de loca\u00e7\u00e3o e queda da desocupa\u00e7\u00e3o, segundo o BTG Pactual. O movimento foi sustentado por absor\u00e7\u00e3o consistente mesmo diante da entrega de nova oferta, indicando tra\u00e7\u00e3o do mercado em ativos de &hellip; Continued<\/p>\n","protected":false},"author":43,"featured_media":649796,"comment_status":"closed","ping_status":"closed","sticky":false,"template":"","format":"standard","meta":[],"categories":[66],"tags":[315],"suno_strategy":[],"class_list":["post-649795","post","type-post","status-publish","format-standard","has-post-thumbnail","hentry","category-fiis","tag-fundos-imobiliarios-fiis"],"yoast_head":"<!-- This site is optimized with the Yoast SEO plugin v24.4 - https:\/\/yoast.com\/wordpress\/plugins\/seo\/ -->\n<title>Lajes corporativas em SP sobem no 1T26<\/title>\n<meta name=\"description\" content=\"Lajes corporativas em SP sobem nos alugu\u00e9is e reduzem vac\u00e2ncia no 1T26; Faria Lima supera R$ 300\/m\u00b2 e Vila Ol\u00edmpia projeta alta de desocupa\u00e7\u00e3o.\" \/>\n<meta name=\"robots\" content=\"index, follow, max-snippet:-1, max-image-preview:large, max-video-preview:-1\" \/>\n<link rel=\"canonical\" href=\"https:\/\/www.suno.com.br\/noticias\/lajes-corporativas-sp-1t26\/\" \/>\n<meta property=\"og:locale\" content=\"pt_BR\" \/>\n<meta property=\"og:type\" content=\"article\" \/>\n<meta property=\"og:title\" content=\"Lajes corporativas em SP sobem no 1T26\" \/>\n<meta property=\"og:description\" content=\"Lajes corporativas em SP sobem nos alugu\u00e9is e reduzem vac\u00e2ncia no 1T26; Faria Lima supera R$ 300\/m\u00b2 e Vila Ol\u00edmpia projeta alta de desocupa\u00e7\u00e3o.\" \/>\n<meta property=\"og:url\" content=\"https:\/\/www.suno.com.br\/noticias\/lajes-corporativas-sp-1t26\/\" \/>\n<meta property=\"og:site_name\" content=\"Suno Not\u00edcias\" \/>\n<meta property=\"article:publisher\" content=\"https:\/\/facebook.com\/sunoresearch\" \/>\n<meta property=\"article:author\" content=\"https:\/\/www.facebook.com\/sunonoticias\/\" \/>\n<meta property=\"og:image\" content=\"http:\/\/files.sunoresearch.com.br\/n\/uploads\/2026\/04\/close-de-tela-de-not-1_01_novo-2.webp\" \/>\n\t<meta property=\"og:image:width\" content=\"800\" \/>\n\t<meta property=\"og:image:height\" content=\"500\" \/>\n\t<meta property=\"og:image:type\" content=\"image\/webp\" \/>\n<meta name=\"author\" content=\"Reda\u00e7\u00e3o Suno Not\u00edcias\" \/>\n<meta name=\"twitter:card\" content=\"summary_large_image\" \/>\n<meta name=\"twitter:creator\" content=\"@https:\/\/twitter.com\/sunoresearch\" \/>\n<meta name=\"twitter:site\" content=\"@sunoresearch\" \/>\n<meta name=\"twitter:label1\" content=\"Escrito por\" \/>\n\t<meta name=\"twitter:data1\" content=\"Reda\u00e7\u00e3o Suno Not\u00edcias\" \/>\n\t<meta name=\"twitter:label2\" content=\"Est. tempo de leitura\" \/>\n\t<meta name=\"twitter:data2\" content=\"2 minutos\" \/>\n<script type=\"application\/ld+json\" class=\"yoast-schema-graph\">{\"@context\":\"https:\/\/schema.org\",\"@graph\":[{\"@type\":\"NewsArticle\",\"@id\":\"https:\/\/www.suno.com.br\/noticias\/lajes-corporativas-sp-1t26\/#article\",\"isPartOf\":{\"@id\":\"https:\/\/www.suno.com.br\/noticias\/lajes-corporativas-sp-1t26\/\"},\"author\":{\"name\":\"Reda\u00e7\u00e3o Suno Not\u00edcias\",\"@id\":\"https:\/\/www.suno.com.br\/noticias\/#\/schema\/person\/c1b1bd3727fa852bd045e9dbff3673ea\"},\"headline\":\"Faria Lima puxa alta de pre\u00e7os e vac\u00e2ncia cai no 1T26\",\"datePublished\":\"2026-04-29T00:05:05+00:00\",\"mainEntityOfPage\":{\"@id\":\"https:\/\/www.suno.com.br\/noticias\/lajes-corporativas-sp-1t26\/\"},\"wordCount\":433,\"publisher\":{\"@id\":\"https:\/\/www.suno.com.br\/noticias\/#organization\"},\"image\":{\"@id\":\"https:\/\/www.suno.com.br\/noticias\/lajes-corporativas-sp-1t26\/#primaryimage\"},\"thumbnailUrl\":\"https:\/\/files.sunoresearch.com.br\/n\/uploads\/2026\/04\/close-de-tela-de-not-1_01_novo-2.webp\",\"keywords\":[\"Fundos Imobili\u00e1rios (FIIs)\"],\"articleSection\":[\"FIIs\"],\"inLanguage\":\"pt-BR\"},{\"@type\":\"WebPage\",\"@id\":\"https:\/\/www.suno.com.br\/noticias\/lajes-corporativas-sp-1t26\/\",\"url\":\"https:\/\/www.suno.com.br\/noticias\/lajes-corporativas-sp-1t26\/\",\"name\":\"Lajes corporativas em SP sobem no 1T26\",\"isPartOf\":{\"@id\":\"https:\/\/www.suno.com.br\/noticias\/#website\"},\"primaryImageOfPage\":{\"@id\":\"https:\/\/www.suno.com.br\/noticias\/lajes-corporativas-sp-1t26\/#primaryimage\"},\"image\":{\"@id\":\"https:\/\/www.suno.com.br\/noticias\/lajes-corporativas-sp-1t26\/#primaryimage\"},\"thumbnailUrl\":\"https:\/\/files.sunoresearch.com.br\/n\/uploads\/2026\/04\/close-de-tela-de-not-1_01_novo-2.webp\",\"datePublished\":\"2026-04-29T00:05:05+00:00\",\"description\":\"Lajes corporativas em SP sobem nos alugu\u00e9is e reduzem vac\u00e2ncia no 1T26; Faria Lima supera R$ 300\/m\u00b2 e Vila Ol\u00edmpia projeta alta de desocupa\u00e7\u00e3o.\",\"breadcrumb\":{\"@id\":\"https:\/\/www.suno.com.br\/noticias\/lajes-corporativas-sp-1t26\/#breadcrumb\"},\"inLanguage\":\"pt-BR\",\"potentialAction\":[{\"@type\":\"ReadAction\",\"target\":[\"https:\/\/www.suno.com.br\/noticias\/lajes-corporativas-sp-1t26\/\"]}]},{\"@type\":\"ImageObject\",\"inLanguage\":\"pt-BR\",\"@id\":\"https:\/\/www.suno.com.br\/noticias\/lajes-corporativas-sp-1t26\/#primaryimage\",\"url\":\"https:\/\/files.sunoresearch.com.br\/n\/uploads\/2026\/04\/close-de-tela-de-not-1_01_novo-2.webp\",\"contentUrl\":\"https:\/\/files.sunoresearch.com.br\/n\/uploads\/2026\/04\/close-de-tela-de-not-1_01_novo-2.webp\",\"width\":800,\"height\":500,\"caption\":\"Imagem gerada por IA\"},{\"@type\":\"BreadcrumbList\",\"@id\":\"https:\/\/www.suno.com.br\/noticias\/lajes-corporativas-sp-1t26\/#breadcrumb\",\"itemListElement\":[{\"@type\":\"ListItem\",\"position\":1,\"name\":\"Not\u00edcias\",\"item\":\"https:\/\/www.suno.com.br\/noticias\/\"},{\"@type\":\"ListItem\",\"position\":2,\"name\":\"Neg\u00f3cios\",\"item\":\"https:\/\/www.suno.com.br\/noticias\/negocios\/\"},{\"@type\":\"ListItem\",\"position\":3,\"name\":\"Faria Lima puxa alta de pre\u00e7os e vac\u00e2ncia cai no 1T26\"}]},{\"@type\":\"WebSite\",\"@id\":\"https:\/\/www.suno.com.br\/noticias\/#website\",\"url\":\"https:\/\/www.suno.com.br\/noticias\/\",\"name\":\"Suno Not\u00edcias\",\"description\":\"Seu portal de informa\u00e7\u00e3o sobre o mundo dos investimentos\",\"publisher\":{\"@id\":\"https:\/\/www.suno.com.br\/noticias\/#organization\"},\"potentialAction\":[{\"@type\":\"SearchAction\",\"target\":{\"@type\":\"EntryPoint\",\"urlTemplate\":\"https:\/\/www.suno.com.br\/noticias\/?s={search_term_string}\"},\"query-input\":{\"@type\":\"PropertyValueSpecification\",\"valueRequired\":true,\"valueName\":\"search_term_string\"}}],\"inLanguage\":\"pt-BR\"},{\"@type\":\"Organization\",\"@id\":\"https:\/\/www.suno.com.br\/noticias\/#organization\",\"name\":\"Suno Not\u00edcias\",\"url\":\"https:\/\/www.suno.com.br\/noticias\/\",\"logo\":{\"@type\":\"ImageObject\",\"inLanguage\":\"pt-BR\",\"@id\":\"https:\/\/www.suno.com.br\/noticias\/#\/schema\/logo\/image\/\",\"url\":\"https:\/\/files.sunoresearch.com.br\/n\/uploads\/2021\/09\/suno-logo.png\",\"contentUrl\":\"https:\/\/files.sunoresearch.com.br\/n\/uploads\/2021\/09\/suno-logo.png\",\"width\":180,\"height\":180,\"caption\":\"Suno Not\u00edcias\"},\"image\":{\"@id\":\"https:\/\/www.suno.com.br\/noticias\/#\/schema\/logo\/image\/\"},\"sameAs\":[\"https:\/\/facebook.com\/sunoresearch\",\"https:\/\/x.com\/sunoresearch\",\"https:\/\/www.instagram.com\/suno\",\"https:\/\/www.linkedin.com\/company\/suno-research\/\",\"https:\/\/www.youtube.com\/c\/sunoresearch\"]},{\"@type\":\"Person\",\"@id\":\"https:\/\/www.suno.com.br\/noticias\/#\/schema\/person\/c1b1bd3727fa852bd045e9dbff3673ea\",\"name\":\"Reda\u00e7\u00e3o Suno Not\u00edcias\",\"image\":{\"@type\":\"ImageObject\",\"inLanguage\":\"pt-BR\",\"@id\":\"https:\/\/www.suno.com.br\/noticias\/#\/schema\/person\/image\/\",\"url\":\"https:\/\/secure.gravatar.com\/avatar\/b8104b9b5a71985d5238ee59fbe418af?s=96&r=g\",\"contentUrl\":\"https:\/\/secure.gravatar.com\/avatar\/b8104b9b5a71985d5238ee59fbe418af?s=96&r=g\",\"caption\":\"Reda\u00e7\u00e3o Suno Not\u00edcias\"},\"description\":\"O Suno Not\u00edcias \u00e9 um portal de informa\u00e7\u00f5es sobre Mercado Financeiro, Pol\u00edtica, Neg\u00f3cios, Economia e Finan\u00e7as Pessoais.\",\"sameAs\":[\"https:\/\/www.suno.com.br\/noticias\",\"https:\/\/www.facebook.com\/sunonoticias\/\",\"https:\/\/www.instagram.com\/sunonoticias\/\",\"https:\/\/x.com\/https:\/\/twitter.com\/sunoresearch\",\"https:\/\/www.youtube.com\/sunonoticias\"],\"url\":\"https:\/\/www.suno.com.br\/noticias\/author\/redacao-suno\/\"}]}<\/script>\n<!-- \/ Yoast SEO plugin. -->","yoast_head_json":{"title":"Lajes corporativas em SP sobem no 1T26","description":"Lajes corporativas em SP sobem nos alugu\u00e9is e reduzem vac\u00e2ncia no 1T26; Faria Lima supera R$ 300\/m\u00b2 e Vila Ol\u00edmpia projeta alta de desocupa\u00e7\u00e3o.","robots":{"index":"index","follow":"follow","max-snippet":"max-snippet:-1","max-image-preview":"max-image-preview:large","max-video-preview":"max-video-preview:-1"},"canonical":"https:\/\/www.suno.com.br\/noticias\/lajes-corporativas-sp-1t26\/","og_locale":"pt_BR","og_type":"article","og_title":"Lajes corporativas em SP sobem no 1T26","og_description":"Lajes corporativas em SP sobem nos alugu\u00e9is e reduzem vac\u00e2ncia no 1T26; Faria Lima supera R$ 300\/m\u00b2 e Vila Ol\u00edmpia projeta alta de desocupa\u00e7\u00e3o.","og_url":"https:\/\/www.suno.com.br\/noticias\/lajes-corporativas-sp-1t26\/","og_site_name":"Suno Not\u00edcias","article_publisher":"https:\/\/facebook.com\/sunoresearch","article_author":"https:\/\/www.facebook.com\/sunonoticias\/","og_image":[{"width":800,"height":500,"url":"http:\/\/files.sunoresearch.com.br\/n\/uploads\/2026\/04\/close-de-tela-de-not-1_01_novo-2.webp","type":"image\/webp"}],"author":"Reda\u00e7\u00e3o Suno Not\u00edcias","twitter_card":"summary_large_image","twitter_creator":"@https:\/\/twitter.com\/sunoresearch","twitter_site":"@sunoresearch","twitter_misc":{"Escrito por":"Reda\u00e7\u00e3o Suno Not\u00edcias","Est. tempo de leitura":"2 minutos"},"schema":{"@context":"https:\/\/schema.org","@graph":[{"@type":"NewsArticle","@id":"https:\/\/www.suno.com.br\/noticias\/lajes-corporativas-sp-1t26\/#article","isPartOf":{"@id":"https:\/\/www.suno.com.br\/noticias\/lajes-corporativas-sp-1t26\/"},"author":{"name":"Reda\u00e7\u00e3o Suno Not\u00edcias","@id":"https:\/\/www.suno.com.br\/noticias\/#\/schema\/person\/c1b1bd3727fa852bd045e9dbff3673ea"},"headline":"Faria Lima puxa alta de pre\u00e7os e vac\u00e2ncia cai no 1T26","datePublished":"2026-04-29T00:05:05+00:00","mainEntityOfPage":{"@id":"https:\/\/www.suno.com.br\/noticias\/lajes-corporativas-sp-1t26\/"},"wordCount":433,"publisher":{"@id":"https:\/\/www.suno.com.br\/noticias\/#organization"},"image":{"@id":"https:\/\/www.suno.com.br\/noticias\/lajes-corporativas-sp-1t26\/#primaryimage"},"thumbnailUrl":"https:\/\/files.sunoresearch.com.br\/n\/uploads\/2026\/04\/close-de-tela-de-not-1_01_novo-2.webp","keywords":["Fundos Imobili\u00e1rios (FIIs)"],"articleSection":["FIIs"],"inLanguage":"pt-BR"},{"@type":"WebPage","@id":"https:\/\/www.suno.com.br\/noticias\/lajes-corporativas-sp-1t26\/","url":"https:\/\/www.suno.com.br\/noticias\/lajes-corporativas-sp-1t26\/","name":"Lajes corporativas em SP sobem no 1T26","isPartOf":{"@id":"https:\/\/www.suno.com.br\/noticias\/#website"},"primaryImageOfPage":{"@id":"https:\/\/www.suno.com.br\/noticias\/lajes-corporativas-sp-1t26\/#primaryimage"},"image":{"@id":"https:\/\/www.suno.com.br\/noticias\/lajes-corporativas-sp-1t26\/#primaryimage"},"thumbnailUrl":"https:\/\/files.sunoresearch.com.br\/n\/uploads\/2026\/04\/close-de-tela-de-not-1_01_novo-2.webp","datePublished":"2026-04-29T00:05:05+00:00","description":"Lajes corporativas em SP sobem nos alugu\u00e9is e reduzem vac\u00e2ncia no 1T26; Faria Lima supera R$ 300\/m\u00b2 e Vila Ol\u00edmpia projeta alta de desocupa\u00e7\u00e3o.","breadcrumb":{"@id":"https:\/\/www.suno.com.br\/noticias\/lajes-corporativas-sp-1t26\/#breadcrumb"},"inLanguage":"pt-BR","potentialAction":[{"@type":"ReadAction","target":["https:\/\/www.suno.com.br\/noticias\/lajes-corporativas-sp-1t26\/"]}]},{"@type":"ImageObject","inLanguage":"pt-BR","@id":"https:\/\/www.suno.com.br\/noticias\/lajes-corporativas-sp-1t26\/#primaryimage","url":"https:\/\/files.sunoresearch.com.br\/n\/uploads\/2026\/04\/close-de-tela-de-not-1_01_novo-2.webp","contentUrl":"https:\/\/files.sunoresearch.com.br\/n\/uploads\/2026\/04\/close-de-tela-de-not-1_01_novo-2.webp","width":800,"height":500,"caption":"Imagem gerada por IA"},{"@type":"BreadcrumbList","@id":"https:\/\/www.suno.com.br\/noticias\/lajes-corporativas-sp-1t26\/#breadcrumb","itemListElement":[{"@type":"ListItem","position":1,"name":"Not\u00edcias","item":"https:\/\/www.suno.com.br\/noticias\/"},{"@type":"ListItem","position":2,"name":"Neg\u00f3cios","item":"https:\/\/www.suno.com.br\/noticias\/negocios\/"},{"@type":"ListItem","position":3,"name":"Faria Lima puxa alta de pre\u00e7os e vac\u00e2ncia cai no 1T26"}]},{"@type":"WebSite","@id":"https:\/\/www.suno.com.br\/noticias\/#website","url":"https:\/\/www.suno.com.br\/noticias\/","name":"Suno Not\u00edcias","description":"Seu portal de informa\u00e7\u00e3o sobre o mundo dos investimentos","publisher":{"@id":"https:\/\/www.suno.com.br\/noticias\/#organization"},"potentialAction":[{"@type":"SearchAction","target":{"@type":"EntryPoint","urlTemplate":"https:\/\/www.suno.com.br\/noticias\/?s={search_term_string}"},"query-input":{"@type":"PropertyValueSpecification","valueRequired":true,"valueName":"search_term_string"}}],"inLanguage":"pt-BR"},{"@type":"Organization","@id":"https:\/\/www.suno.com.br\/noticias\/#organization","name":"Suno Not\u00edcias","url":"https:\/\/www.suno.com.br\/noticias\/","logo":{"@type":"ImageObject","inLanguage":"pt-BR","@id":"https:\/\/www.suno.com.br\/noticias\/#\/schema\/logo\/image\/","url":"https:\/\/files.sunoresearch.com.br\/n\/uploads\/2021\/09\/suno-logo.png","contentUrl":"https:\/\/files.sunoresearch.com.br\/n\/uploads\/2021\/09\/suno-logo.png","width":180,"height":180,"caption":"Suno Not\u00edcias"},"image":{"@id":"https:\/\/www.suno.com.br\/noticias\/#\/schema\/logo\/image\/"},"sameAs":["https:\/\/facebook.com\/sunoresearch","https:\/\/x.com\/sunoresearch","https:\/\/www.instagram.com\/suno","https:\/\/www.linkedin.com\/company\/suno-research\/","https:\/\/www.youtube.com\/c\/sunoresearch"]},{"@type":"Person","@id":"https:\/\/www.suno.com.br\/noticias\/#\/schema\/person\/c1b1bd3727fa852bd045e9dbff3673ea","name":"Reda\u00e7\u00e3o Suno Not\u00edcias","image":{"@type":"ImageObject","inLanguage":"pt-BR","@id":"https:\/\/www.suno.com.br\/noticias\/#\/schema\/person\/image\/","url":"https:\/\/secure.gravatar.com\/avatar\/b8104b9b5a71985d5238ee59fbe418af?s=96&r=g","contentUrl":"https:\/\/secure.gravatar.com\/avatar\/b8104b9b5a71985d5238ee59fbe418af?s=96&r=g","caption":"Reda\u00e7\u00e3o Suno Not\u00edcias"},"description":"O Suno Not\u00edcias \u00e9 um portal de informa\u00e7\u00f5es sobre Mercado Financeiro, Pol\u00edtica, Neg\u00f3cios, Economia e Finan\u00e7as Pessoais.","sameAs":["https:\/\/www.suno.com.br\/noticias","https:\/\/www.facebook.com\/sunonoticias\/","https:\/\/www.instagram.com\/sunonoticias\/","https:\/\/x.com\/https:\/\/twitter.com\/sunoresearch","https:\/\/www.youtube.com\/sunonoticias"],"url":"https:\/\/www.suno.com.br\/noticias\/author\/redacao-suno\/"}]}},"default_loop_html":"<div class=\"cardsPage__listCard__boxs\"><div class=\"cardsPage__listCard__boxs__img\"><a href=\"https:\/\/www.suno.com.br\/noticias\/lajes-corporativas-sp-1t26\/\"><img class=\"mask\" src=\"https:\/\/www.suno.com.br\/noticias\/wp-content\/themes\/suno\/resources\/images\/spotlight\/spotlight1img\/bg-mask.png\" alt=\"Image Mask\"\/><img src=\"https:\/\/files.sunoresearch.com.br\/n\/uploads\/2026\/04\/close-de-tela-de-not-1_01_novo-2-400x200.webp\" alt=\"Faria Lima puxa alta de pre\u00e7os e vac\u00e2ncia cai no 1T26\"\/><\/a><span class=\"spotlightCategory\"><a href=\"https:\/\/www.suno.com.br\/noticias\/fiis\/\">FIIs<\/a><\/span><\/div><div class=\"cardsPage__listCard__boxs__content\"><a href=\"https:\/\/www.suno.com.br\/noticias\/lajes-corporativas-sp-1t26\/\"><h2 class=\"content__title\">Faria Lima puxa alta de pre\u00e7os e vac\u00e2ncia cai no 1T26<\/h2><\/a><div class=\"newsContent__article__meta\"><div class=\"newsContent__article__meta__authorBox\"><a href=\"https:\/\/www.suno.com.br\/noticias\/author\/redacao-suno\/\" class=\"authorBox__avatar noMobi\"><img src=\"https:\/\/files.sunoresearch.com.br\/n\/uploads\/2020\/08\/0ace682d-redacao-1-150x150.webp\" alt=\"Reda\u00e7\u00e3o Suno Not\u00edcias\"><\/a><div class=\"authorBox__name\"><span>por\n\t\t\t<a href=\"https:\/\/www.suno.com.br\/noticias\/author\/redacao-suno\/\"><span itemprop=\"author\">Reda\u00e7\u00e3o Suno Not\u00edcias<\/span><\/a><\/span><time datetime=\"2026-04-28T21:05:05-03:00\" itemprop=\"datePublished\">28\/04\/2026 21:05<\/time><\/div><\/div><\/div><\/div><\/div>","single_layout":"posts","amp_enabled":true,"_links":{"self":[{"href":"https:\/\/www.suno.com.br\/noticias\/wp-json\/wp\/v2\/posts\/649795"}],"collection":[{"href":"https:\/\/www.suno.com.br\/noticias\/wp-json\/wp\/v2\/posts"}],"about":[{"href":"https:\/\/www.suno.com.br\/noticias\/wp-json\/wp\/v2\/types\/post"}],"author":[{"embeddable":true,"href":"https:\/\/www.suno.com.br\/noticias\/wp-json\/wp\/v2\/users\/43"}],"replies":[{"embeddable":true,"href":"https:\/\/www.suno.com.br\/noticias\/wp-json\/wp\/v2\/comments?post=649795"}],"version-history":[{"count":0,"href":"https:\/\/www.suno.com.br\/noticias\/wp-json\/wp\/v2\/posts\/649795\/revisions"}],"wp:featuredmedia":[{"embeddable":true,"href":"https:\/\/www.suno.com.br\/noticias\/wp-json\/wp\/v2\/media\/649796"}],"wp:attachment":[{"href":"https:\/\/www.suno.com.br\/noticias\/wp-json\/wp\/v2\/media?parent=649795"}],"wp:term":[{"taxonomy":"category","embeddable":true,"href":"https:\/\/www.suno.com.br\/noticias\/wp-json\/wp\/v2\/categories?post=649795"},{"taxonomy":"post_tag","embeddable":true,"href":"https:\/\/www.suno.com.br\/noticias\/wp-json\/wp\/v2\/tags?post=649795"},{"taxonomy":"suno_strategy","embeddable":true,"href":"https:\/\/www.suno.com.br\/noticias\/wp-json\/wp\/v2\/suno_strategy?post=649795"}],"curies":[{"name":"wp","href":"https:\/\/api.w.org\/{rel}","templated":true}]}}