{"id":649727,"date":"2026-04-28T14:45:04","date_gmt":"2026-04-28T17:45:04","guid":{"rendered":""},"modified":"2026-04-28T14:45:04","modified_gmt":"2026-04-28T17:45:04","slug":"assai-asai3-recua-mais-5-apos-queda-lucro-1t26-go","status":"publish","type":"post","link":"https:\/\/www.suno.com.br\/noticias\/assai-asai3-recua-mais-5-apos-queda-lucro-1t26-go\/","title":{"rendered":"Assa\u00ed (ASAI3) recua mais de 6% ap\u00f3s queda no lucro do 1T26; veja detalhes"},"content":{"rendered":"<p>As a\u00e7\u00f5es do <strong>Assa\u00ed<\/strong> (ASAI3) est\u00e3o derretendo nesta ter\u00e7a-feira (28), ap\u00f3s a divulga\u00e7\u00e3o dos resultados do primeiro trimestre de 2026 da companhia. Por volta das 14h, os pap\u00e9is caem 6,47%, a R$ 8,96.\u00a0<\/p>\t<div class=\"wrapper-featured-image\">\n\t\t<figure class=\"spotlightImg\">\n\n\t\t\t<picture>\n\t\t\t\t<source media=\"(max-width: 768px)\" srcset=\"https:\/\/files.sunoresearch.com.br\/n\/uploads\/2026\/04\/Assai-ASAI3-Oferta-de-Acoes-400x200.webp\">\n\t\t\t\t<img loading=\"lazy\" decoding=\"async\" class=\"newsContent__article__imgCapa lazyloadDisabled \" src=\"https:\/\/files.sunoresearch.com.br\/n\/uploads\/2026\/04\/Assai-ASAI3-Oferta-de-Acoes-800x450.webp\" width=\"800\" height=\"450\" alt=\"Assa\u00ed (ASAI3) recua mais de 6% ap\u00f3s queda no lucro do 1T26; veja detalhes\" fetchpriority=high \/>\n\t\t\t<\/picture>\n\n\t\t\t<figcaption class=\"wp-caption-text wp-caption-text--show\">Foto: Divulga\u00e7\u00e3o<\/figcaption>\n\t\t<\/figure>\n\t<\/div>\n\n\n\n\n\n\n<p>A forte varia\u00e7\u00e3o negativa das a\u00e7\u00f5es da varejista acontece ap\u00f3s uma queda de 46,7% no <a class=\"suno-keyword\" target=\"_blank\" data-force=\"no\" data-priority=\"1\" href=\"https:\/\/www.suno.com.br\/artigos\/lucro-liquido\/\" rel=\"noopener\">lucro l\u00edquido<\/a> da empresa nos tr\u00eas primeiros meses de 2026, para R$ 86 milh\u00f5es. Segundo o Assa\u00ed, o resultado foi impactado por efeitos relacionados a cr\u00e9ditos tribut\u00e1rios de PIS\/Cofins.&nbsp;<\/p>\n\n\n\n<p>Por outro lado, o lucro l\u00edquido recorrente da companhia, que desconsidera itens n\u00e3o recorrentes, subiu 7% na compara\u00e7\u00e3o anual, para R$ 174 milh\u00f5es.&nbsp;<\/p>\n\n\n\t<p>\n\t\t<a href=\"https:\/\/lp2.suno.com.br\/onde-investir-2026\/?utm_campaign=_SNC390A0FD0_ao&#038;utm_source=suno-not\u00edcias&#038;utm_medium=banner.noticias\" target=\"_blank\" data-element=\"shortcode-suno-banner\" title=\"Banner SUNO, clique e saiba mais\">\n\t\t\t<picture>\n\t\t\t\t<source media=\"(max-width: 500px)\" srcset=\"https:\/\/files.sunoresearch.com.br\/gaia\/uploads\/2026\/01\/Banner-Materias-01-Mbl_-400x300-1.png\">\n\t\t\t\t<img class=\"newsContent__article__imgCapa newsContent__article__imgCapa--banner\"\n\t\t\t\t\tsrc=\"https:\/\/files.sunoresearch.com.br\/gaia\/uploads\/2026\/01\/Banner-Materias-01-Dkp_-1420x240-1.png\"\n\t\t\t\t\tdata-promo-id=\"651623\"\t\t\t\t\t\t\t\t\t\twidth='1420' height='240'\t\t\t\t\talt=\"https:\/\/files.sunoresearch.com.br\/gaia\/uploads\/2026\/01\/Banner-Materias-01-Dkp_-1420x240-1.png\"\n\t\t\t\t>\n\t\t\t<\/picture>\n\t\t<\/a>\n\t<\/p>\n\n\n\n\n\n\n\n<p>A receita l\u00edquida da empresa ficou em R$ 18,6 bilh\u00f5es no primeiro trimestre, com um avan\u00e7o de 0,5% ante o ano anterior.&nbsp;<\/p>\n\n\n\n<h2 class=\"wp-block-heading\">Vendas fracas e press\u00e3o financeira explicam rea\u00e7\u00e3o negativa<\/h2>\n\n\n\n<p>Apesar dos n\u00fameros pr\u00f3ximos do esperado pelo mercado, o desempenho operacional mais fraco e a press\u00e3o do resultado financeiro pesaram na leitura do mercado sobre os <strong>resultados do Assa\u00ed<\/strong>. As vendas em mesmas lojas recuaram 0,9% no per\u00edodo.<\/p>\n\n\n\n<p>A companhia atribuiu parte desse desempenho \u00e0 defla\u00e7\u00e3o em itens b\u00e1sicos, como alimentos, o que reduz o valor m\u00e9dio das compras, al\u00e9m do elevado n\u00edvel de endividamento das fam\u00edlias, que limita o consumo.<\/p>\n\n\n\t<p>\n\t\t<a href=\"https:\/\/lp2.suno.com.br\/lm\/minicurso-construindo-um-portfolio-milionario\/?utm_campaign=_SNC35CF3834_ao&#038;utm_source=suno-not\u00edcias&#038;utm_medium=banner.noticias\" target=\"_blank\" data-element=\"shortcode-suno-banner\" title=\"Banner SUNO, clique e saiba mais\">\n\t\t\t<picture>\n\t\t\t\t<source media=\"(max-width: 500px)\" srcset=\"https:\/\/files.sunoresearch.com.br\/gaia\/uploads\/2026\/01\/MB-PS-HOME-DE-ARTIGOS-400x300-ID_01_x1.jpg\">\n\t\t\t\t<img class=\"newsContent__article__imgCapa newsContent__article__imgCapa--banner\"\n\t\t\t\t\tsrc=\"https:\/\/files.sunoresearch.com.br\/gaia\/uploads\/2026\/01\/DT-PS-HOME-DE-ARTIGOS-1420x240-ID_01_x1.jpg\"\n\t\t\t\t\tdata-promo-id=\"651626\"\t\t\t\t\t\t\t\t\t\twidth='1420' height='240'\t\t\t\t\talt=\"https:\/\/files.sunoresearch.com.br\/gaia\/uploads\/2026\/01\/DT-PS-HOME-DE-ARTIGOS-1420x240-ID_01_x1.jpg\"\n\t\t\t\t>\n\t\t\t<\/picture>\n\t\t<\/a>\n\t<\/p>\n\n\n\n\n\n\n\n<p>Ainda assim, o EBITDA (lucro antes de juros, impostos, amortiza\u00e7\u00e3o e deprecia\u00e7\u00e3o) ajustado somou R$ 1 bilh\u00e3o no trimestre, leve alta de 0,3% na compara\u00e7\u00e3o anual, com margem de 5,5%, est\u00e1vel em rela\u00e7\u00e3o ao mesmo per\u00edodo de 2025. A <a class=\"suno-keyword\" target=\"_blank\" data-force=\"no\" data-priority=\"1\" href=\"https:\/\/www.suno.com.br\/artigos\/margem-bruta-entenda-sua-importancia\/\" rel=\"noopener\">margem bruta<\/a>, por sua vez, avan\u00e7ou 0,3 ponto porcentual, para 16,7%.<\/p>\n\n\n\n<p>O resultado financeiro l\u00edquido foi negativo em R$ 564 milh\u00f5es no trimestre, pressionado pelo n\u00edvel elevado dos juros. Ao fim de mar\u00e7o, a <a class=\"suno-keyword\" target=\"_blank\" data-force=\"no\" data-priority=\"1\" href=\"https:\/\/www.suno.com.br\/artigos\/divida-liquida\/\" rel=\"noopener\">d\u00edvida l\u00edquida<\/a> da companhia somava R$ 11,5 bilh\u00f5es.<\/p>\n\n\n\n<p>Apesar disso, a alavancagem do <strong>Assa\u00ed (ASAI3)<\/strong> recuou para 2,52 vezes, ante 3,15 vezes um ano antes, atingindo o menor patamar desde o fim de 2021, o que indica um ponto positivo, mas ainda insuficiente para compensar o cen\u00e1rio de crescimento mais fraco e custos financeiros elevados no <a class=\"suno-keyword\" target=\"_blank\" data-force=\"no\" data-priority=\"1\" href=\"https:\/\/www.suno.com.br\/artigos\/curto-prazo\/\" rel=\"noopener\">curto prazo<\/a>.<\/p>\n","protected":false},"excerpt":{"rendered":"<p>As a\u00e7\u00f5es do Assa\u00ed (ASAI3) est\u00e3o derretendo nesta ter\u00e7a-feira (28), ap\u00f3s a divulga\u00e7\u00e3o dos resultados do primeiro trimestre de 2026 da companhia. Por volta das 14h, os pap\u00e9is caem 6,47%, a R$ 8,96.\u00a0 A forte varia\u00e7\u00e3o negativa das a\u00e7\u00f5es da varejista acontece ap\u00f3s uma queda de 46,7% no lucro l\u00edquido da empresa nos tr\u00eas primeiros &hellip; Continued<\/p>\n","protected":false},"author":404,"featured_media":649728,"comment_status":"closed","ping_status":"closed","sticky":false,"template":"","format":"standard","meta":[],"categories":[64],"tags":[1187],"suno_strategy":[],"class_list":["post-649727","post","type-post","status-publish","format-standard","has-post-thumbnail","hentry","category-negocios","tag-assai-asai3"],"yoast_head":"<!-- This site is optimized with the Yoast SEO plugin v24.4 - https:\/\/yoast.com\/wordpress\/plugins\/seo\/ -->\n<title>Assa\u00ed (ASAI3) recua mais de 5% ap\u00f3s queda no lucro do 1T26<\/title>\n<meta name=\"description\" content=\"As a\u00e7\u00f5es do Assa\u00ed (ASAI3) est\u00e3o derretendo nesta ter\u00e7a-feira (28), ap\u00f3s a divulga\u00e7\u00e3o dos resultados do primeiro trimestre de 2026. Leia mais.\" \/>\n<meta name=\"robots\" content=\"index, follow, max-snippet:-1, max-image-preview:large, max-video-preview:-1\" \/>\n<link rel=\"canonical\" href=\"https:\/\/www.suno.com.br\/noticias\/assai-asai3-recua-mais-5-apos-queda-lucro-1t26-go\/\" \/>\n<meta property=\"og:locale\" content=\"pt_BR\" \/>\n<meta property=\"og:type\" content=\"article\" \/>\n<meta property=\"og:title\" content=\"Assa\u00ed (ASAI3) recua mais de 5% ap\u00f3s queda no lucro do 1T26\" \/>\n<meta property=\"og:description\" content=\"As a\u00e7\u00f5es do Assa\u00ed (ASAI3) est\u00e3o derretendo nesta ter\u00e7a-feira (28), ap\u00f3s a divulga\u00e7\u00e3o dos resultados do primeiro trimestre de 2026. Leia mais.\" \/>\n<meta property=\"og:url\" content=\"https:\/\/www.suno.com.br\/noticias\/assai-asai3-recua-mais-5-apos-queda-lucro-1t26-go\/\" \/>\n<meta property=\"og:site_name\" content=\"Suno Not\u00edcias\" \/>\n<meta property=\"article:publisher\" content=\"https:\/\/facebook.com\/sunoresearch\" \/>\n<meta property=\"og:image\" content=\"http:\/\/files.sunoresearch.com.br\/n\/uploads\/2026\/04\/Assai-ASAI3-Oferta-de-Acoes-jpg.webp\" \/>\n\t<meta property=\"og:image:width\" content=\"1200\" \/>\n\t<meta property=\"og:image:height\" content=\"800\" \/>\n\t<meta property=\"og:image:type\" content=\"image\/jpeg\" \/>\n<meta name=\"author\" content=\"Giovanna Oliveira\" \/>\n<meta name=\"twitter:card\" content=\"summary_large_image\" \/>\n<meta name=\"twitter:creator\" content=\"@sunoresearch\" \/>\n<meta name=\"twitter:site\" content=\"@sunoresearch\" \/>\n<meta name=\"twitter:label1\" content=\"Escrito por\" \/>\n\t<meta name=\"twitter:data1\" content=\"Giovanna Oliveira\" \/>\n\t<meta name=\"twitter:label2\" content=\"Est. tempo de leitura\" \/>\n\t<meta name=\"twitter:data2\" content=\"2 minutos\" \/>\n<script type=\"application\/ld+json\" class=\"yoast-schema-graph\">{\"@context\":\"https:\/\/schema.org\",\"@graph\":[{\"@type\":\"NewsArticle\",\"@id\":\"https:\/\/www.suno.com.br\/noticias\/assai-asai3-recua-mais-5-apos-queda-lucro-1t26-go\/#article\",\"isPartOf\":{\"@id\":\"https:\/\/www.suno.com.br\/noticias\/assai-asai3-recua-mais-5-apos-queda-lucro-1t26-go\/\"},\"author\":{\"name\":\"Giovanna Oliveira\",\"@id\":\"https:\/\/www.suno.com.br\/noticias\/#\/schema\/person\/506bb13f624e6983050ae5bf648c7a54\"},\"headline\":\"Assa\u00ed (ASAI3) recua mais de 6% ap\u00f3s queda no lucro do 1T26; veja detalhes\",\"datePublished\":\"2026-04-28T17:45:04+00:00\",\"mainEntityOfPage\":{\"@id\":\"https:\/\/www.suno.com.br\/noticias\/assai-asai3-recua-mais-5-apos-queda-lucro-1t26-go\/\"},\"wordCount\":385,\"publisher\":{\"@id\":\"https:\/\/www.suno.com.br\/noticias\/#organization\"},\"image\":{\"@id\":\"https:\/\/www.suno.com.br\/noticias\/assai-asai3-recua-mais-5-apos-queda-lucro-1t26-go\/#primaryimage\"},\"thumbnailUrl\":\"https:\/\/files.sunoresearch.com.br\/n\/uploads\/2026\/04\/Assai-ASAI3-Oferta-de-Acoes-jpg.webp\",\"keywords\":[\"Assa\u00ed (ASAI3)\"],\"articleSection\":[\"Neg\u00f3cios\"],\"inLanguage\":\"pt-BR\"},{\"@type\":\"WebPage\",\"@id\":\"https:\/\/www.suno.com.br\/noticias\/assai-asai3-recua-mais-5-apos-queda-lucro-1t26-go\/\",\"url\":\"https:\/\/www.suno.com.br\/noticias\/assai-asai3-recua-mais-5-apos-queda-lucro-1t26-go\/\",\"name\":\"Assa\u00ed (ASAI3) recua mais de 5% ap\u00f3s queda no lucro do 1T26\",\"isPartOf\":{\"@id\":\"https:\/\/www.suno.com.br\/noticias\/#website\"},\"primaryImageOfPage\":{\"@id\":\"https:\/\/www.suno.com.br\/noticias\/assai-asai3-recua-mais-5-apos-queda-lucro-1t26-go\/#primaryimage\"},\"image\":{\"@id\":\"https:\/\/www.suno.com.br\/noticias\/assai-asai3-recua-mais-5-apos-queda-lucro-1t26-go\/#primaryimage\"},\"thumbnailUrl\":\"https:\/\/files.sunoresearch.com.br\/n\/uploads\/2026\/04\/Assai-ASAI3-Oferta-de-Acoes-jpg.webp\",\"datePublished\":\"2026-04-28T17:45:04+00:00\",\"description\":\"As a\u00e7\u00f5es do Assa\u00ed (ASAI3) est\u00e3o derretendo nesta ter\u00e7a-feira (28), ap\u00f3s a divulga\u00e7\u00e3o dos resultados do primeiro trimestre de 2026. Leia mais.\",\"breadcrumb\":{\"@id\":\"https:\/\/www.suno.com.br\/noticias\/assai-asai3-recua-mais-5-apos-queda-lucro-1t26-go\/#breadcrumb\"},\"inLanguage\":\"pt-BR\",\"potentialAction\":[{\"@type\":\"ReadAction\",\"target\":[\"https:\/\/www.suno.com.br\/noticias\/assai-asai3-recua-mais-5-apos-queda-lucro-1t26-go\/\"]}]},{\"@type\":\"ImageObject\",\"inLanguage\":\"pt-BR\",\"@id\":\"https:\/\/www.suno.com.br\/noticias\/assai-asai3-recua-mais-5-apos-queda-lucro-1t26-go\/#primaryimage\",\"url\":\"https:\/\/files.sunoresearch.com.br\/n\/uploads\/2026\/04\/Assai-ASAI3-Oferta-de-Acoes-jpg.webp\",\"contentUrl\":\"https:\/\/files.sunoresearch.com.br\/n\/uploads\/2026\/04\/Assai-ASAI3-Oferta-de-Acoes-jpg.webp\",\"width\":1200,\"height\":800,\"caption\":\"Foto: Divulga\u00e7\u00e3o\"},{\"@type\":\"BreadcrumbList\",\"@id\":\"https:\/\/www.suno.com.br\/noticias\/assai-asai3-recua-mais-5-apos-queda-lucro-1t26-go\/#breadcrumb\",\"itemListElement\":[{\"@type\":\"ListItem\",\"position\":1,\"name\":\"Not\u00edcias\",\"item\":\"https:\/\/www.suno.com.br\/noticias\/\"},{\"@type\":\"ListItem\",\"position\":2,\"name\":\"Neg\u00f3cios\",\"item\":\"https:\/\/www.suno.com.br\/noticias\/negocios\/\"},{\"@type\":\"ListItem\",\"position\":3,\"name\":\"Assa\u00ed (ASAI3) recua mais de 6% ap\u00f3s queda no lucro do 1T26; veja detalhes\"}]},{\"@type\":\"WebSite\",\"@id\":\"https:\/\/www.suno.com.br\/noticias\/#website\",\"url\":\"https:\/\/www.suno.com.br\/noticias\/\",\"name\":\"Suno Not\u00edcias\",\"description\":\"Seu portal de informa\u00e7\u00e3o sobre o mundo dos investimentos\",\"publisher\":{\"@id\":\"https:\/\/www.suno.com.br\/noticias\/#organization\"},\"potentialAction\":[{\"@type\":\"SearchAction\",\"target\":{\"@type\":\"EntryPoint\",\"urlTemplate\":\"https:\/\/www.suno.com.br\/noticias\/?s={search_term_string}\"},\"query-input\":{\"@type\":\"PropertyValueSpecification\",\"valueRequired\":true,\"valueName\":\"search_term_string\"}}],\"inLanguage\":\"pt-BR\"},{\"@type\":\"Organization\",\"@id\":\"https:\/\/www.suno.com.br\/noticias\/#organization\",\"name\":\"Suno Not\u00edcias\",\"url\":\"https:\/\/www.suno.com.br\/noticias\/\",\"logo\":{\"@type\":\"ImageObject\",\"inLanguage\":\"pt-BR\",\"@id\":\"https:\/\/www.suno.com.br\/noticias\/#\/schema\/logo\/image\/\",\"url\":\"https:\/\/files.sunoresearch.com.br\/n\/uploads\/2021\/09\/suno-logo.png\",\"contentUrl\":\"https:\/\/files.sunoresearch.com.br\/n\/uploads\/2021\/09\/suno-logo.png\",\"width\":180,\"height\":180,\"caption\":\"Suno Not\u00edcias\"},\"image\":{\"@id\":\"https:\/\/www.suno.com.br\/noticias\/#\/schema\/logo\/image\/\"},\"sameAs\":[\"https:\/\/facebook.com\/sunoresearch\",\"https:\/\/x.com\/sunoresearch\",\"https:\/\/www.instagram.com\/suno\",\"https:\/\/www.linkedin.com\/company\/suno-research\/\",\"https:\/\/www.youtube.com\/c\/sunoresearch\"]},{\"@type\":\"Person\",\"@id\":\"https:\/\/www.suno.com.br\/noticias\/#\/schema\/person\/506bb13f624e6983050ae5bf648c7a54\",\"name\":\"Giovanna Oliveira\",\"image\":{\"@type\":\"ImageObject\",\"inLanguage\":\"pt-BR\",\"@id\":\"https:\/\/www.suno.com.br\/noticias\/#\/schema\/person\/image\/\",\"url\":\"https:\/\/secure.gravatar.com\/avatar\/8d180e5cea232a9bb3af521589b133fa?s=96&r=g\",\"contentUrl\":\"https:\/\/secure.gravatar.com\/avatar\/8d180e5cea232a9bb3af521589b133fa?s=96&r=g\",\"caption\":\"Giovanna Oliveira\"},\"description\":\"Jornalista com mais de sete anos de experi\u00eancia na cobertura de finan\u00e7as e economia. P\u00f3s-graduada em Neg\u00f3cios e Inova\u00e7\u00e3o (ESPM-SP) e mestranda em Finan\u00e7as (UADE Business School\u2013Buenos Aires).\",\"url\":\"https:\/\/www.suno.com.br\/noticias\/author\/giovannalmd-oliveiragmail-com\/\"}]}<\/script>\n<!-- \/ Yoast SEO plugin. -->","yoast_head_json":{"title":"Assa\u00ed (ASAI3) recua mais de 5% ap\u00f3s queda no lucro do 1T26","description":"As a\u00e7\u00f5es do Assa\u00ed (ASAI3) est\u00e3o derretendo nesta ter\u00e7a-feira (28), ap\u00f3s a divulga\u00e7\u00e3o dos resultados do primeiro trimestre de 2026. Leia mais.","robots":{"index":"index","follow":"follow","max-snippet":"max-snippet:-1","max-image-preview":"max-image-preview:large","max-video-preview":"max-video-preview:-1"},"canonical":"https:\/\/www.suno.com.br\/noticias\/assai-asai3-recua-mais-5-apos-queda-lucro-1t26-go\/","og_locale":"pt_BR","og_type":"article","og_title":"Assa\u00ed (ASAI3) recua mais de 5% ap\u00f3s queda no lucro do 1T26","og_description":"As a\u00e7\u00f5es do Assa\u00ed (ASAI3) est\u00e3o derretendo nesta ter\u00e7a-feira (28), ap\u00f3s a divulga\u00e7\u00e3o dos resultados do primeiro trimestre de 2026. Leia mais.","og_url":"https:\/\/www.suno.com.br\/noticias\/assai-asai3-recua-mais-5-apos-queda-lucro-1t26-go\/","og_site_name":"Suno Not\u00edcias","article_publisher":"https:\/\/facebook.com\/sunoresearch","og_image":[{"width":1200,"height":800,"url":"http:\/\/files.sunoresearch.com.br\/n\/uploads\/2026\/04\/Assai-ASAI3-Oferta-de-Acoes-jpg.webp","type":"image\/jpeg"}],"author":"Giovanna Oliveira","twitter_card":"summary_large_image","twitter_creator":"@sunoresearch","twitter_site":"@sunoresearch","twitter_misc":{"Escrito por":"Giovanna Oliveira","Est. tempo de leitura":"2 minutos"},"schema":{"@context":"https:\/\/schema.org","@graph":[{"@type":"NewsArticle","@id":"https:\/\/www.suno.com.br\/noticias\/assai-asai3-recua-mais-5-apos-queda-lucro-1t26-go\/#article","isPartOf":{"@id":"https:\/\/www.suno.com.br\/noticias\/assai-asai3-recua-mais-5-apos-queda-lucro-1t26-go\/"},"author":{"name":"Giovanna Oliveira","@id":"https:\/\/www.suno.com.br\/noticias\/#\/schema\/person\/506bb13f624e6983050ae5bf648c7a54"},"headline":"Assa\u00ed (ASAI3) recua mais de 6% ap\u00f3s queda no lucro do 1T26; veja detalhes","datePublished":"2026-04-28T17:45:04+00:00","mainEntityOfPage":{"@id":"https:\/\/www.suno.com.br\/noticias\/assai-asai3-recua-mais-5-apos-queda-lucro-1t26-go\/"},"wordCount":385,"publisher":{"@id":"https:\/\/www.suno.com.br\/noticias\/#organization"},"image":{"@id":"https:\/\/www.suno.com.br\/noticias\/assai-asai3-recua-mais-5-apos-queda-lucro-1t26-go\/#primaryimage"},"thumbnailUrl":"https:\/\/files.sunoresearch.com.br\/n\/uploads\/2026\/04\/Assai-ASAI3-Oferta-de-Acoes-jpg.webp","keywords":["Assa\u00ed (ASAI3)"],"articleSection":["Neg\u00f3cios"],"inLanguage":"pt-BR"},{"@type":"WebPage","@id":"https:\/\/www.suno.com.br\/noticias\/assai-asai3-recua-mais-5-apos-queda-lucro-1t26-go\/","url":"https:\/\/www.suno.com.br\/noticias\/assai-asai3-recua-mais-5-apos-queda-lucro-1t26-go\/","name":"Assa\u00ed (ASAI3) recua mais de 5% ap\u00f3s queda no lucro do 1T26","isPartOf":{"@id":"https:\/\/www.suno.com.br\/noticias\/#website"},"primaryImageOfPage":{"@id":"https:\/\/www.suno.com.br\/noticias\/assai-asai3-recua-mais-5-apos-queda-lucro-1t26-go\/#primaryimage"},"image":{"@id":"https:\/\/www.suno.com.br\/noticias\/assai-asai3-recua-mais-5-apos-queda-lucro-1t26-go\/#primaryimage"},"thumbnailUrl":"https:\/\/files.sunoresearch.com.br\/n\/uploads\/2026\/04\/Assai-ASAI3-Oferta-de-Acoes-jpg.webp","datePublished":"2026-04-28T17:45:04+00:00","description":"As a\u00e7\u00f5es do Assa\u00ed (ASAI3) est\u00e3o derretendo nesta ter\u00e7a-feira (28), ap\u00f3s a divulga\u00e7\u00e3o dos resultados do primeiro trimestre de 2026. Leia mais.","breadcrumb":{"@id":"https:\/\/www.suno.com.br\/noticias\/assai-asai3-recua-mais-5-apos-queda-lucro-1t26-go\/#breadcrumb"},"inLanguage":"pt-BR","potentialAction":[{"@type":"ReadAction","target":["https:\/\/www.suno.com.br\/noticias\/assai-asai3-recua-mais-5-apos-queda-lucro-1t26-go\/"]}]},{"@type":"ImageObject","inLanguage":"pt-BR","@id":"https:\/\/www.suno.com.br\/noticias\/assai-asai3-recua-mais-5-apos-queda-lucro-1t26-go\/#primaryimage","url":"https:\/\/files.sunoresearch.com.br\/n\/uploads\/2026\/04\/Assai-ASAI3-Oferta-de-Acoes-jpg.webp","contentUrl":"https:\/\/files.sunoresearch.com.br\/n\/uploads\/2026\/04\/Assai-ASAI3-Oferta-de-Acoes-jpg.webp","width":1200,"height":800,"caption":"Foto: Divulga\u00e7\u00e3o"},{"@type":"BreadcrumbList","@id":"https:\/\/www.suno.com.br\/noticias\/assai-asai3-recua-mais-5-apos-queda-lucro-1t26-go\/#breadcrumb","itemListElement":[{"@type":"ListItem","position":1,"name":"Not\u00edcias","item":"https:\/\/www.suno.com.br\/noticias\/"},{"@type":"ListItem","position":2,"name":"Neg\u00f3cios","item":"https:\/\/www.suno.com.br\/noticias\/negocios\/"},{"@type":"ListItem","position":3,"name":"Assa\u00ed (ASAI3) recua mais de 6% ap\u00f3s queda no lucro do 1T26; veja detalhes"}]},{"@type":"WebSite","@id":"https:\/\/www.suno.com.br\/noticias\/#website","url":"https:\/\/www.suno.com.br\/noticias\/","name":"Suno Not\u00edcias","description":"Seu portal de informa\u00e7\u00e3o sobre o mundo dos investimentos","publisher":{"@id":"https:\/\/www.suno.com.br\/noticias\/#organization"},"potentialAction":[{"@type":"SearchAction","target":{"@type":"EntryPoint","urlTemplate":"https:\/\/www.suno.com.br\/noticias\/?s={search_term_string}"},"query-input":{"@type":"PropertyValueSpecification","valueRequired":true,"valueName":"search_term_string"}}],"inLanguage":"pt-BR"},{"@type":"Organization","@id":"https:\/\/www.suno.com.br\/noticias\/#organization","name":"Suno Not\u00edcias","url":"https:\/\/www.suno.com.br\/noticias\/","logo":{"@type":"ImageObject","inLanguage":"pt-BR","@id":"https:\/\/www.suno.com.br\/noticias\/#\/schema\/logo\/image\/","url":"https:\/\/files.sunoresearch.com.br\/n\/uploads\/2021\/09\/suno-logo.png","contentUrl":"https:\/\/files.sunoresearch.com.br\/n\/uploads\/2021\/09\/suno-logo.png","width":180,"height":180,"caption":"Suno Not\u00edcias"},"image":{"@id":"https:\/\/www.suno.com.br\/noticias\/#\/schema\/logo\/image\/"},"sameAs":["https:\/\/facebook.com\/sunoresearch","https:\/\/x.com\/sunoresearch","https:\/\/www.instagram.com\/suno","https:\/\/www.linkedin.com\/company\/suno-research\/","https:\/\/www.youtube.com\/c\/sunoresearch"]},{"@type":"Person","@id":"https:\/\/www.suno.com.br\/noticias\/#\/schema\/person\/506bb13f624e6983050ae5bf648c7a54","name":"Giovanna Oliveira","image":{"@type":"ImageObject","inLanguage":"pt-BR","@id":"https:\/\/www.suno.com.br\/noticias\/#\/schema\/person\/image\/","url":"https:\/\/secure.gravatar.com\/avatar\/8d180e5cea232a9bb3af521589b133fa?s=96&r=g","contentUrl":"https:\/\/secure.gravatar.com\/avatar\/8d180e5cea232a9bb3af521589b133fa?s=96&r=g","caption":"Giovanna Oliveira"},"description":"Jornalista com mais de sete anos de experi\u00eancia na cobertura de finan\u00e7as e economia. P\u00f3s-graduada em Neg\u00f3cios e Inova\u00e7\u00e3o (ESPM-SP) e mestranda em Finan\u00e7as (UADE Business School\u2013Buenos Aires).","url":"https:\/\/www.suno.com.br\/noticias\/author\/giovannalmd-oliveiragmail-com\/"}]}},"default_loop_html":"<div class=\"cardsPage__listCard__boxs\"><div class=\"cardsPage__listCard__boxs__img\"><a href=\"https:\/\/www.suno.com.br\/noticias\/assai-asai3-recua-mais-5-apos-queda-lucro-1t26-go\/\"><img class=\"mask\" src=\"https:\/\/www.suno.com.br\/noticias\/wp-content\/themes\/suno\/resources\/images\/spotlight\/spotlight1img\/bg-mask.png\" alt=\"Image Mask\"\/><img src=\"https:\/\/files.sunoresearch.com.br\/n\/uploads\/2026\/04\/Assai-ASAI3-Oferta-de-Acoes-400x200.webp\" alt=\"Assa\u00ed (ASAI3) recua mais de 6% ap\u00f3s queda no lucro do 1T26; veja detalhes\"\/><\/a><span class=\"spotlightCategory\"><a href=\"https:\/\/www.suno.com.br\/noticias\/negocios\/\">Neg\u00f3cios<\/a><\/span><\/div><div class=\"cardsPage__listCard__boxs__content\"><a href=\"https:\/\/www.suno.com.br\/noticias\/assai-asai3-recua-mais-5-apos-queda-lucro-1t26-go\/\"><h2 class=\"content__title\">Assa\u00ed (ASAI3) recua mais de 6% ap\u00f3s queda no lucro do 1T26; veja detalhes<\/h2><\/a><div class=\"newsContent__article__meta\"><div class=\"newsContent__article__meta__authorBox\"><a href=\"https:\/\/www.suno.com.br\/noticias\/author\/giovannalmd-oliveiragmail-com\/\" class=\"authorBox__avatar noMobi\"><img src=\"https:\/\/secure.gravatar.com\/avatar\/8d180e5cea232a9bb3af521589b133fa?s=96&#038;r=g\" alt=\"Giovanna Oliveira\"><\/a><div class=\"authorBox__name\"><span>por\n\t\t\t<a href=\"https:\/\/www.suno.com.br\/noticias\/author\/giovannalmd-oliveiragmail-com\/\"><span itemprop=\"author\">Giovanna Oliveira<\/span><\/a><\/span><time datetime=\"2026-04-28T14:45:04-03:00\" itemprop=\"datePublished\">28\/04\/2026 14:45<\/time><\/div><\/div><\/div><\/div><\/div>","single_layout":"posts","amp_enabled":true,"_links":{"self":[{"href":"https:\/\/www.suno.com.br\/noticias\/wp-json\/wp\/v2\/posts\/649727"}],"collection":[{"href":"https:\/\/www.suno.com.br\/noticias\/wp-json\/wp\/v2\/posts"}],"about":[{"href":"https:\/\/www.suno.com.br\/noticias\/wp-json\/wp\/v2\/types\/post"}],"author":[{"embeddable":true,"href":"https:\/\/www.suno.com.br\/noticias\/wp-json\/wp\/v2\/users\/404"}],"replies":[{"embeddable":true,"href":"https:\/\/www.suno.com.br\/noticias\/wp-json\/wp\/v2\/comments?post=649727"}],"version-history":[{"count":0,"href":"https:\/\/www.suno.com.br\/noticias\/wp-json\/wp\/v2\/posts\/649727\/revisions"}],"wp:featuredmedia":[{"embeddable":true,"href":"https:\/\/www.suno.com.br\/noticias\/wp-json\/wp\/v2\/media\/649728"}],"wp:attachment":[{"href":"https:\/\/www.suno.com.br\/noticias\/wp-json\/wp\/v2\/media?parent=649727"}],"wp:term":[{"taxonomy":"category","embeddable":true,"href":"https:\/\/www.suno.com.br\/noticias\/wp-json\/wp\/v2\/categories?post=649727"},{"taxonomy":"post_tag","embeddable":true,"href":"https:\/\/www.suno.com.br\/noticias\/wp-json\/wp\/v2\/tags?post=649727"},{"taxonomy":"suno_strategy","embeddable":true,"href":"https:\/\/www.suno.com.br\/noticias\/wp-json\/wp\/v2\/suno_strategy?post=649727"}],"curies":[{"name":"wp","href":"https:\/\/api.w.org\/{rel}","templated":true}]}}