{"id":649628,"date":"2026-04-27T19:00:43","date_gmt":"2026-04-27T22:00:43","guid":{"rendered":"https:\/\/www.suno.com.br\/noticias\/?p=649628"},"modified":"2026-04-27T19:00:45","modified_gmt":"2026-04-27T22:00:45","slug":"cogna-cogn3-anuncia-28-milhoes-dividendos-go","status":"publish","type":"post","link":"https:\/\/www.suno.com.br\/noticias\/cogna-cogn3-anuncia-28-milhoes-dividendos-go\/","title":{"rendered":"Cogna (COGN3) anuncia R$ 28,5 milh\u00f5es em dividendos; veja quem tem direito\u00a0"},"content":{"rendered":"<p>A <strong>Cogna<\/strong> (<a class=\"suno-keyword\" target=\"_blank\" data-force=\"yes\" data-priority=\"2\" href=\"https:\/\/www.suno.com.br\/analitica\/acoes\/cogn3\/\" rel=\"noopener\">COGN3<\/a>) anunciou na noite desta segunda-feira (27) o pagamento de R$ 28,56 milh\u00f5es em <a class=\"suno-keyword\" target=\"_blank\" data-force=\"no\" data-priority=\"1\" href=\"https:\/\/www.suno.com.br\/guias\/dividendos\/\" rel=\"noopener\">dividendos<\/a>. O valor corresponde a R$ 0,01425813933 por a\u00e7\u00e3o ordin\u00e1ria da companhia.&nbsp;<\/p>\t<div class=\"wrapper-featured-image\">\n\t\t<figure class=\"spotlightImg\">\n\n\t\t\t<picture>\n\t\t\t\t<source media=\"(max-width: 768px)\" srcset=\"https:\/\/files.sunoresearch.com.br\/n\/uploads\/2022\/06\/Cogna-COGN3-perdeu-participacao-de-mercado-no-setor-educacional-diz-relatorio-do-BTG-Pactual-1-400x200.jpg\">\n\t\t\t\t<img loading=\"lazy\" decoding=\"async\" class=\"newsContent__article__imgCapa lazyloadDisabled \" src=\"https:\/\/files.sunoresearch.com.br\/n\/uploads\/2022\/06\/Cogna-COGN3-perdeu-participacao-de-mercado-no-setor-educacional-diz-relatorio-do-BTG-Pactual-1-800x450.jpg\" width=\"800\" height=\"450\" alt=\"Cogna (COGN3) anuncia R$ 28,5 milh\u00f5es em dividendos; veja quem tem direito\u00a0\" fetchpriority=high \/>\n\t\t\t<\/picture>\n\n\t\t\t<figcaption class=\"wp-caption-text wp-caption-text--show\">Cogna. Foto: Pixabay<\/figcaption>\n\t\t<\/figure>\n\t<\/div>\n\n\n\n\n\n\t<p>\n\t\t<a href=\"https:\/\/lp.suno.com.br\/planilha-da-vida-financeira\/\" target=\"_blank\" data-element=\"shortcode-suno-banner\" title=\"Banner SUNO, clique e saiba mais\">\n\t\t\t<picture>\n\t\t\t\t<source media=\"(max-width: 500px)\" srcset=\"https:\/\/files.sunoresearch.com.br\/n\/uploads\/2023\/04\/400x300-Planilha-vida-financeira-true.png\">\n\t\t\t\t<img class=\"newsContent__article__imgCapa newsContent__article__imgCapa--banner\"\n\t\t\t\t\tsrc=\"https:\/\/files.sunoresearch.com.br\/n\/uploads\/2023\/04\/1420x240-Planilha-vida-financeira-true.png\"\n\t\t\t\t\tdata-promo-id=\"106682\"\t\t\t\t\t\t\t\t\t\twidth='1420' height='240'\t\t\t\t\talt=\"https:\/\/files.sunoresearch.com.br\/n\/uploads\/2023\/04\/1420x240-Planilha-vida-financeira-true.png\"\n\t\t\t\t>\n\t\t\t<\/picture>\n\t\t<\/a>\n\t<\/p>\n\n\n\n\n\n\n\n<p>Os dividendos, referentes ao <a class=\"suno-keyword\" target=\"_blank\" data-force=\"no\" data-priority=\"1\" href=\"https:\/\/www.suno.com.br\/artigos\/exercicio-social\/\" rel=\"noopener\">exerc\u00edcio social<\/a> encerrado em 31 de dezembro de 2025, ser\u00e3o pagos em uma parcela \u00fanica no dia 29 de maio de 2026.<\/p>\n\n\n\n<h2 class=\"wp-block-heading\">Quem tem direito aos dividendos da <a class=\"suno-keyword\" target=\"_blank\" data-force=\"yes\" data-priority=\"2\" href=\"https:\/\/www.suno.com.br\/analitica\/acoes\/COGN3\/\" rel=\"noopener\">Cogna (COGN3)<\/a>?<\/h2>\n\n\n\n<p>Os <strong>dividendos da Cogna <\/strong>ser\u00e3o pagos aos acionistas posicionados na companhia at\u00e9 esta segunda-feira, 27 de abril de 2026. A partir do dia 28, as a\u00e7\u00f5es passam a ser negociadas como \u201cex-dividendos\u201d.&nbsp;<\/p>\n\n\n\n<p>\u201cNa data do pagamento dos dividendos, a Companhia creditar\u00e1 os dividendos devidos a cada acionista, segundo o n\u00famero de <a class=\"suno-keyword\" target=\"_blank\" data-force=\"no\" data-priority=\"1\" href=\"https:\/\/www.suno.com.br\/artigos\/o-que-sao-acoes-ordinarias-preferenciais-e-units\/\" rel=\"noopener\">a\u00e7\u00f5es ordin\u00e1rias<\/a> de sua titularidade na data-base de 27 de abril de 2026 (inclusive)\u201d, diz o comunicado divulgado pela companhia.&nbsp;<\/p>\n\n\n\n<p>No comunicado, a <strong>Cogna<\/strong> ressaltou ainda que os dividendos, que s\u00e3o referentes ao ano passado, s\u00e3o isentos de Imposto de Renda.<\/p>\n\n\n\t<p>\n\t\t<a href=\"https:\/\/lp.suno.com.br\/planilha-da-vida-financeira\/\" target=\"_blank\" data-element=\"shortcode-suno-banner\" title=\"Banner SUNO, clique e saiba mais\">\n\t\t\t<picture>\n\t\t\t\t<source media=\"(max-width: 500px)\" srcset=\"https:\/\/files.sunoresearch.com.br\/n\/uploads\/2023\/04\/400x300-Planilha-vida-financeira-true.png\">\n\t\t\t\t<img class=\"newsContent__article__imgCapa newsContent__article__imgCapa--banner\"\n\t\t\t\t\tsrc=\"https:\/\/files.sunoresearch.com.br\/n\/uploads\/2023\/04\/1420x240-Planilha-vida-financeira-true.png\"\n\t\t\t\t\tdata-promo-id=\"383123\"\t\t\t\t\t\t\t\t\t\twidth='1420' height='240'\t\t\t\t\talt=\"https:\/\/files.sunoresearch.com.br\/n\/uploads\/2023\/04\/1420x240-Planilha-vida-financeira-true.png\"\n\t\t\t\t>\n\t\t\t<\/picture>\n\t\t<\/a>\n\t<\/p>\n\n\n","protected":false},"excerpt":{"rendered":"<p>A Cogna (COGN3) anunciou na noite desta segunda-feira (27) o pagamento de R$ 28,56 milh\u00f5es em dividendos. O valor corresponde a R$ 0,01425813933 por a\u00e7\u00e3o ordin\u00e1ria da companhia.&nbsp; Cogna. Foto: Pixabay Os dividendos, referentes ao exerc\u00edcio social encerrado em 31 de dezembro de 2025, ser\u00e3o pagos em uma parcela \u00fanica no dia 29 de maio [&hellip;]<\/p>\n","protected":false},"author":404,"featured_media":271177,"comment_status":"closed","ping_status":"closed","sticky":false,"template":"","format":"standard","meta":[],"categories":[64],"tags":[2257],"suno_strategy":[],"class_list":["post-649628","post","type-post","status-publish","format-standard","has-post-thumbnail","hentry","category-negocios","tag-cogna-cogn3"],"yoast_head":"<!-- This site is optimized with the Yoast SEO plugin v24.4 - https:\/\/yoast.com\/wordpress\/plugins\/seo\/ -->\n<title>Cogna (COGN3) anuncia R$ 28,5 milh\u00f5es em dividendos<\/title>\n<meta name=\"description\" content=\"A Cogna (COGN3) anunciou na noite desta segunda-feira (27) o pagamento de R$ 28,56 milh\u00f5es em dividendos. Leia mais.\" \/>\n<meta name=\"robots\" content=\"index, follow, max-snippet:-1, max-image-preview:large, max-video-preview:-1\" \/>\n<link rel=\"canonical\" href=\"https:\/\/www.suno.com.br\/noticias\/cogna-cogn3-anuncia-28-milhoes-dividendos-go\/\" \/>\n<meta property=\"og:locale\" content=\"pt_BR\" \/>\n<meta property=\"og:type\" content=\"article\" \/>\n<meta property=\"og:title\" content=\"Cogna (COGN3) anuncia R$ 28,5 milh\u00f5es em dividendos\" \/>\n<meta property=\"og:description\" content=\"A Cogna (COGN3) anunciou na noite desta segunda-feira (27) o pagamento de R$ 28,56 milh\u00f5es em dividendos. Leia mais.\" \/>\n<meta property=\"og:url\" content=\"https:\/\/www.suno.com.br\/noticias\/cogna-cogn3-anuncia-28-milhoes-dividendos-go\/\" \/>\n<meta property=\"og:site_name\" content=\"Suno Not\u00edcias\" \/>\n<meta property=\"article:publisher\" content=\"https:\/\/facebook.com\/sunoresearch\" \/>\n<meta property=\"og:image\" content=\"https:\/\/files.sunoresearch.com.br\/n\/uploads\/2022\/06\/Cogna-COGN3-perdeu-participacao-de-mercado-no-setor-educacional-diz-relatorio-do-BTG-Pactual-1.jpg\" \/>\n\t<meta property=\"og:image:width\" content=\"1200\" \/>\n\t<meta property=\"og:image:height\" content=\"800\" \/>\n\t<meta property=\"og:image:type\" content=\"image\/jpeg\" \/>\n<meta name=\"author\" content=\"Giovanna Oliveira\" \/>\n<meta name=\"twitter:card\" content=\"summary_large_image\" \/>\n<meta name=\"twitter:creator\" content=\"@sunoresearch\" \/>\n<meta name=\"twitter:site\" content=\"@sunoresearch\" \/>\n<meta name=\"twitter:label1\" content=\"Escrito por\" \/>\n\t<meta name=\"twitter:data1\" content=\"Giovanna Oliveira\" \/>\n\t<meta name=\"twitter:label2\" content=\"Est. tempo de leitura\" \/>\n\t<meta name=\"twitter:data2\" content=\"2 minutos\" \/>\n<script type=\"application\/ld+json\" class=\"yoast-schema-graph\">{\"@context\":\"https:\/\/schema.org\",\"@graph\":[{\"@type\":\"NewsArticle\",\"@id\":\"https:\/\/www.suno.com.br\/noticias\/cogna-cogn3-anuncia-28-milhoes-dividendos-go\/#article\",\"isPartOf\":{\"@id\":\"https:\/\/www.suno.com.br\/noticias\/cogna-cogn3-anuncia-28-milhoes-dividendos-go\/\"},\"author\":{\"name\":\"Giovanna Oliveira\",\"@id\":\"https:\/\/www.suno.com.br\/noticias\/#\/schema\/person\/506bb13f624e6983050ae5bf648c7a54\"},\"headline\":\"Cogna (COGN3) anuncia R$ 28,5 milh\u00f5es em dividendos; veja quem tem direito\u00a0\",\"datePublished\":\"2026-04-27T22:00:43+00:00\",\"dateModified\":\"2026-04-27T22:00:45+00:00\",\"mainEntityOfPage\":{\"@id\":\"https:\/\/www.suno.com.br\/noticias\/cogna-cogn3-anuncia-28-milhoes-dividendos-go\/\"},\"wordCount\":175,\"publisher\":{\"@id\":\"https:\/\/www.suno.com.br\/noticias\/#organization\"},\"image\":{\"@id\":\"https:\/\/www.suno.com.br\/noticias\/cogna-cogn3-anuncia-28-milhoes-dividendos-go\/#primaryimage\"},\"thumbnailUrl\":\"https:\/\/files.sunoresearch.com.br\/n\/uploads\/2022\/06\/Cogna-COGN3-perdeu-participacao-de-mercado-no-setor-educacional-diz-relatorio-do-BTG-Pactual-1.jpg\",\"keywords\":[\"Cogna (COGN3)\"],\"articleSection\":[\"Neg\u00f3cios\"],\"inLanguage\":\"pt-BR\"},{\"@type\":\"WebPage\",\"@id\":\"https:\/\/www.suno.com.br\/noticias\/cogna-cogn3-anuncia-28-milhoes-dividendos-go\/\",\"url\":\"https:\/\/www.suno.com.br\/noticias\/cogna-cogn3-anuncia-28-milhoes-dividendos-go\/\",\"name\":\"Cogna (COGN3) anuncia R$ 28,5 milh\u00f5es em dividendos\",\"isPartOf\":{\"@id\":\"https:\/\/www.suno.com.br\/noticias\/#website\"},\"primaryImageOfPage\":{\"@id\":\"https:\/\/www.suno.com.br\/noticias\/cogna-cogn3-anuncia-28-milhoes-dividendos-go\/#primaryimage\"},\"image\":{\"@id\":\"https:\/\/www.suno.com.br\/noticias\/cogna-cogn3-anuncia-28-milhoes-dividendos-go\/#primaryimage\"},\"thumbnailUrl\":\"https:\/\/files.sunoresearch.com.br\/n\/uploads\/2022\/06\/Cogna-COGN3-perdeu-participacao-de-mercado-no-setor-educacional-diz-relatorio-do-BTG-Pactual-1.jpg\",\"datePublished\":\"2026-04-27T22:00:43+00:00\",\"dateModified\":\"2026-04-27T22:00:45+00:00\",\"description\":\"A Cogna (COGN3) anunciou na noite desta segunda-feira (27) o pagamento de R$ 28,56 milh\u00f5es em dividendos. Leia mais.\",\"breadcrumb\":{\"@id\":\"https:\/\/www.suno.com.br\/noticias\/cogna-cogn3-anuncia-28-milhoes-dividendos-go\/#breadcrumb\"},\"inLanguage\":\"pt-BR\",\"potentialAction\":[{\"@type\":\"ReadAction\",\"target\":[\"https:\/\/www.suno.com.br\/noticias\/cogna-cogn3-anuncia-28-milhoes-dividendos-go\/\"]}]},{\"@type\":\"ImageObject\",\"inLanguage\":\"pt-BR\",\"@id\":\"https:\/\/www.suno.com.br\/noticias\/cogna-cogn3-anuncia-28-milhoes-dividendos-go\/#primaryimage\",\"url\":\"https:\/\/files.sunoresearch.com.br\/n\/uploads\/2022\/06\/Cogna-COGN3-perdeu-participacao-de-mercado-no-setor-educacional-diz-relatorio-do-BTG-Pactual-1.jpg\",\"contentUrl\":\"https:\/\/files.sunoresearch.com.br\/n\/uploads\/2022\/06\/Cogna-COGN3-perdeu-participacao-de-mercado-no-setor-educacional-diz-relatorio-do-BTG-Pactual-1.jpg\",\"width\":1200,\"height\":800,\"caption\":\"Cogna. Foto: Pixabay\"},{\"@type\":\"BreadcrumbList\",\"@id\":\"https:\/\/www.suno.com.br\/noticias\/cogna-cogn3-anuncia-28-milhoes-dividendos-go\/#breadcrumb\",\"itemListElement\":[{\"@type\":\"ListItem\",\"position\":1,\"name\":\"Not\u00edcias\",\"item\":\"https:\/\/www.suno.com.br\/noticias\/\"},{\"@type\":\"ListItem\",\"position\":2,\"name\":\"Neg\u00f3cios\",\"item\":\"https:\/\/www.suno.com.br\/noticias\/negocios\/\"},{\"@type\":\"ListItem\",\"position\":3,\"name\":\"Cogna (COGN3) anuncia R$ 28,5 milh\u00f5es em dividendos; veja quem tem direito\u00a0\"}]},{\"@type\":\"WebSite\",\"@id\":\"https:\/\/www.suno.com.br\/noticias\/#website\",\"url\":\"https:\/\/www.suno.com.br\/noticias\/\",\"name\":\"Suno Not\u00edcias\",\"description\":\"Seu portal de informa\u00e7\u00e3o sobre o mundo dos investimentos\",\"publisher\":{\"@id\":\"https:\/\/www.suno.com.br\/noticias\/#organization\"},\"potentialAction\":[{\"@type\":\"SearchAction\",\"target\":{\"@type\":\"EntryPoint\",\"urlTemplate\":\"https:\/\/www.suno.com.br\/noticias\/?s={search_term_string}\"},\"query-input\":{\"@type\":\"PropertyValueSpecification\",\"valueRequired\":true,\"valueName\":\"search_term_string\"}}],\"inLanguage\":\"pt-BR\"},{\"@type\":\"Organization\",\"@id\":\"https:\/\/www.suno.com.br\/noticias\/#organization\",\"name\":\"Suno Not\u00edcias\",\"url\":\"https:\/\/www.suno.com.br\/noticias\/\",\"logo\":{\"@type\":\"ImageObject\",\"inLanguage\":\"pt-BR\",\"@id\":\"https:\/\/www.suno.com.br\/noticias\/#\/schema\/logo\/image\/\",\"url\":\"https:\/\/files.sunoresearch.com.br\/n\/uploads\/2021\/09\/suno-logo.png\",\"contentUrl\":\"https:\/\/files.sunoresearch.com.br\/n\/uploads\/2021\/09\/suno-logo.png\",\"width\":180,\"height\":180,\"caption\":\"Suno Not\u00edcias\"},\"image\":{\"@id\":\"https:\/\/www.suno.com.br\/noticias\/#\/schema\/logo\/image\/\"},\"sameAs\":[\"https:\/\/facebook.com\/sunoresearch\",\"https:\/\/x.com\/sunoresearch\",\"https:\/\/www.instagram.com\/suno\",\"https:\/\/www.linkedin.com\/company\/suno-research\/\",\"https:\/\/www.youtube.com\/c\/sunoresearch\"]},{\"@type\":\"Person\",\"@id\":\"https:\/\/www.suno.com.br\/noticias\/#\/schema\/person\/506bb13f624e6983050ae5bf648c7a54\",\"name\":\"Giovanna Oliveira\",\"image\":{\"@type\":\"ImageObject\",\"inLanguage\":\"pt-BR\",\"@id\":\"https:\/\/www.suno.com.br\/noticias\/#\/schema\/person\/image\/\",\"url\":\"https:\/\/secure.gravatar.com\/avatar\/8d180e5cea232a9bb3af521589b133fa?s=96&r=g\",\"contentUrl\":\"https:\/\/secure.gravatar.com\/avatar\/8d180e5cea232a9bb3af521589b133fa?s=96&r=g\",\"caption\":\"Giovanna Oliveira\"},\"description\":\"Jornalista com mais de sete anos de experi\u00eancia na cobertura de finan\u00e7as e economia. P\u00f3s-graduada em Neg\u00f3cios e Inova\u00e7\u00e3o (ESPM-SP) e mestranda em Finan\u00e7as (UADE Business School\u2013Buenos Aires).\",\"url\":\"https:\/\/www.suno.com.br\/noticias\/author\/giovannalmd-oliveiragmail-com\/\"}]}<\/script>\n<!-- \/ Yoast SEO plugin. -->","yoast_head_json":{"title":"Cogna (COGN3) anuncia R$ 28,5 milh\u00f5es em dividendos","description":"A Cogna (COGN3) anunciou na noite desta segunda-feira (27) o pagamento de R$ 28,56 milh\u00f5es em dividendos. Leia mais.","robots":{"index":"index","follow":"follow","max-snippet":"max-snippet:-1","max-image-preview":"max-image-preview:large","max-video-preview":"max-video-preview:-1"},"canonical":"https:\/\/www.suno.com.br\/noticias\/cogna-cogn3-anuncia-28-milhoes-dividendos-go\/","og_locale":"pt_BR","og_type":"article","og_title":"Cogna (COGN3) anuncia R$ 28,5 milh\u00f5es em dividendos","og_description":"A Cogna (COGN3) anunciou na noite desta segunda-feira (27) o pagamento de R$ 28,56 milh\u00f5es em dividendos. Leia mais.","og_url":"https:\/\/www.suno.com.br\/noticias\/cogna-cogn3-anuncia-28-milhoes-dividendos-go\/","og_site_name":"Suno Not\u00edcias","article_publisher":"https:\/\/facebook.com\/sunoresearch","og_image":[{"width":1200,"height":800,"url":"https:\/\/files.sunoresearch.com.br\/n\/uploads\/2022\/06\/Cogna-COGN3-perdeu-participacao-de-mercado-no-setor-educacional-diz-relatorio-do-BTG-Pactual-1.jpg","type":"image\/jpeg"}],"author":"Giovanna Oliveira","twitter_card":"summary_large_image","twitter_creator":"@sunoresearch","twitter_site":"@sunoresearch","twitter_misc":{"Escrito por":"Giovanna Oliveira","Est. tempo de leitura":"2 minutos"},"schema":{"@context":"https:\/\/schema.org","@graph":[{"@type":"NewsArticle","@id":"https:\/\/www.suno.com.br\/noticias\/cogna-cogn3-anuncia-28-milhoes-dividendos-go\/#article","isPartOf":{"@id":"https:\/\/www.suno.com.br\/noticias\/cogna-cogn3-anuncia-28-milhoes-dividendos-go\/"},"author":{"name":"Giovanna Oliveira","@id":"https:\/\/www.suno.com.br\/noticias\/#\/schema\/person\/506bb13f624e6983050ae5bf648c7a54"},"headline":"Cogna (COGN3) anuncia R$ 28,5 milh\u00f5es em dividendos; veja quem tem direito\u00a0","datePublished":"2026-04-27T22:00:43+00:00","dateModified":"2026-04-27T22:00:45+00:00","mainEntityOfPage":{"@id":"https:\/\/www.suno.com.br\/noticias\/cogna-cogn3-anuncia-28-milhoes-dividendos-go\/"},"wordCount":175,"publisher":{"@id":"https:\/\/www.suno.com.br\/noticias\/#organization"},"image":{"@id":"https:\/\/www.suno.com.br\/noticias\/cogna-cogn3-anuncia-28-milhoes-dividendos-go\/#primaryimage"},"thumbnailUrl":"https:\/\/files.sunoresearch.com.br\/n\/uploads\/2022\/06\/Cogna-COGN3-perdeu-participacao-de-mercado-no-setor-educacional-diz-relatorio-do-BTG-Pactual-1.jpg","keywords":["Cogna (COGN3)"],"articleSection":["Neg\u00f3cios"],"inLanguage":"pt-BR"},{"@type":"WebPage","@id":"https:\/\/www.suno.com.br\/noticias\/cogna-cogn3-anuncia-28-milhoes-dividendos-go\/","url":"https:\/\/www.suno.com.br\/noticias\/cogna-cogn3-anuncia-28-milhoes-dividendos-go\/","name":"Cogna (COGN3) anuncia R$ 28,5 milh\u00f5es em dividendos","isPartOf":{"@id":"https:\/\/www.suno.com.br\/noticias\/#website"},"primaryImageOfPage":{"@id":"https:\/\/www.suno.com.br\/noticias\/cogna-cogn3-anuncia-28-milhoes-dividendos-go\/#primaryimage"},"image":{"@id":"https:\/\/www.suno.com.br\/noticias\/cogna-cogn3-anuncia-28-milhoes-dividendos-go\/#primaryimage"},"thumbnailUrl":"https:\/\/files.sunoresearch.com.br\/n\/uploads\/2022\/06\/Cogna-COGN3-perdeu-participacao-de-mercado-no-setor-educacional-diz-relatorio-do-BTG-Pactual-1.jpg","datePublished":"2026-04-27T22:00:43+00:00","dateModified":"2026-04-27T22:00:45+00:00","description":"A Cogna (COGN3) anunciou na noite desta segunda-feira (27) o pagamento de R$ 28,56 milh\u00f5es em dividendos. Leia mais.","breadcrumb":{"@id":"https:\/\/www.suno.com.br\/noticias\/cogna-cogn3-anuncia-28-milhoes-dividendos-go\/#breadcrumb"},"inLanguage":"pt-BR","potentialAction":[{"@type":"ReadAction","target":["https:\/\/www.suno.com.br\/noticias\/cogna-cogn3-anuncia-28-milhoes-dividendos-go\/"]}]},{"@type":"ImageObject","inLanguage":"pt-BR","@id":"https:\/\/www.suno.com.br\/noticias\/cogna-cogn3-anuncia-28-milhoes-dividendos-go\/#primaryimage","url":"https:\/\/files.sunoresearch.com.br\/n\/uploads\/2022\/06\/Cogna-COGN3-perdeu-participacao-de-mercado-no-setor-educacional-diz-relatorio-do-BTG-Pactual-1.jpg","contentUrl":"https:\/\/files.sunoresearch.com.br\/n\/uploads\/2022\/06\/Cogna-COGN3-perdeu-participacao-de-mercado-no-setor-educacional-diz-relatorio-do-BTG-Pactual-1.jpg","width":1200,"height":800,"caption":"Cogna. Foto: Pixabay"},{"@type":"BreadcrumbList","@id":"https:\/\/www.suno.com.br\/noticias\/cogna-cogn3-anuncia-28-milhoes-dividendos-go\/#breadcrumb","itemListElement":[{"@type":"ListItem","position":1,"name":"Not\u00edcias","item":"https:\/\/www.suno.com.br\/noticias\/"},{"@type":"ListItem","position":2,"name":"Neg\u00f3cios","item":"https:\/\/www.suno.com.br\/noticias\/negocios\/"},{"@type":"ListItem","position":3,"name":"Cogna (COGN3) anuncia R$ 28,5 milh\u00f5es em dividendos; veja quem tem direito\u00a0"}]},{"@type":"WebSite","@id":"https:\/\/www.suno.com.br\/noticias\/#website","url":"https:\/\/www.suno.com.br\/noticias\/","name":"Suno Not\u00edcias","description":"Seu portal de informa\u00e7\u00e3o sobre o mundo dos investimentos","publisher":{"@id":"https:\/\/www.suno.com.br\/noticias\/#organization"},"potentialAction":[{"@type":"SearchAction","target":{"@type":"EntryPoint","urlTemplate":"https:\/\/www.suno.com.br\/noticias\/?s={search_term_string}"},"query-input":{"@type":"PropertyValueSpecification","valueRequired":true,"valueName":"search_term_string"}}],"inLanguage":"pt-BR"},{"@type":"Organization","@id":"https:\/\/www.suno.com.br\/noticias\/#organization","name":"Suno Not\u00edcias","url":"https:\/\/www.suno.com.br\/noticias\/","logo":{"@type":"ImageObject","inLanguage":"pt-BR","@id":"https:\/\/www.suno.com.br\/noticias\/#\/schema\/logo\/image\/","url":"https:\/\/files.sunoresearch.com.br\/n\/uploads\/2021\/09\/suno-logo.png","contentUrl":"https:\/\/files.sunoresearch.com.br\/n\/uploads\/2021\/09\/suno-logo.png","width":180,"height":180,"caption":"Suno Not\u00edcias"},"image":{"@id":"https:\/\/www.suno.com.br\/noticias\/#\/schema\/logo\/image\/"},"sameAs":["https:\/\/facebook.com\/sunoresearch","https:\/\/x.com\/sunoresearch","https:\/\/www.instagram.com\/suno","https:\/\/www.linkedin.com\/company\/suno-research\/","https:\/\/www.youtube.com\/c\/sunoresearch"]},{"@type":"Person","@id":"https:\/\/www.suno.com.br\/noticias\/#\/schema\/person\/506bb13f624e6983050ae5bf648c7a54","name":"Giovanna Oliveira","image":{"@type":"ImageObject","inLanguage":"pt-BR","@id":"https:\/\/www.suno.com.br\/noticias\/#\/schema\/person\/image\/","url":"https:\/\/secure.gravatar.com\/avatar\/8d180e5cea232a9bb3af521589b133fa?s=96&r=g","contentUrl":"https:\/\/secure.gravatar.com\/avatar\/8d180e5cea232a9bb3af521589b133fa?s=96&r=g","caption":"Giovanna Oliveira"},"description":"Jornalista com mais de sete anos de experi\u00eancia na cobertura de finan\u00e7as e economia. P\u00f3s-graduada em Neg\u00f3cios e Inova\u00e7\u00e3o (ESPM-SP) e mestranda em Finan\u00e7as (UADE Business School\u2013Buenos Aires).","url":"https:\/\/www.suno.com.br\/noticias\/author\/giovannalmd-oliveiragmail-com\/"}]}},"default_loop_html":"<div class=\"cardsPage__listCard__boxs\"><div class=\"cardsPage__listCard__boxs__img\"><a href=\"https:\/\/www.suno.com.br\/noticias\/cogna-cogn3-anuncia-28-milhoes-dividendos-go\/\"><img class=\"mask\" src=\"https:\/\/www.suno.com.br\/noticias\/wp-content\/themes\/suno\/resources\/images\/spotlight\/spotlight1img\/bg-mask.png\" alt=\"Image Mask\"\/><img src=\"https:\/\/files.sunoresearch.com.br\/n\/uploads\/2022\/06\/Cogna-COGN3-perdeu-participacao-de-mercado-no-setor-educacional-diz-relatorio-do-BTG-Pactual-1-400x200.jpg\" alt=\"Cogna (COGN3) anuncia R$ 28,5 milh\u00f5es em dividendos; veja quem tem direito\u00a0\"\/><\/a><span class=\"spotlightCategory\"><a href=\"https:\/\/www.suno.com.br\/noticias\/negocios\/\">Neg\u00f3cios<\/a><\/span><\/div><div class=\"cardsPage__listCard__boxs__content\"><a href=\"https:\/\/www.suno.com.br\/noticias\/cogna-cogn3-anuncia-28-milhoes-dividendos-go\/\"><h2 class=\"content__title\">Cogna (COGN3) anuncia R$ 28,5 milh\u00f5es em dividendos; veja quem tem direito\u00a0<\/h2><\/a><div class=\"newsContent__article__meta\"><div class=\"newsContent__article__meta__authorBox\"><a href=\"https:\/\/www.suno.com.br\/noticias\/author\/giovannalmd-oliveiragmail-com\/\" class=\"authorBox__avatar noMobi\"><img src=\"https:\/\/secure.gravatar.com\/avatar\/8d180e5cea232a9bb3af521589b133fa?s=96&#038;r=g\" alt=\"Giovanna Oliveira\"><\/a><div class=\"authorBox__name\"><span>por\n\t\t\t<a href=\"https:\/\/www.suno.com.br\/noticias\/author\/giovannalmd-oliveiragmail-com\/\"><span itemprop=\"author\">Giovanna Oliveira<\/span><\/a><\/span><time datetime=\"2026-04-27T19:00:43-03:00\" itemprop=\"datePublished\">27\/04\/2026 19:00<\/time><\/div><\/div><\/div><\/div><\/div>","single_layout":"posts","amp_enabled":true,"_links":{"self":[{"href":"https:\/\/www.suno.com.br\/noticias\/wp-json\/wp\/v2\/posts\/649628"}],"collection":[{"href":"https:\/\/www.suno.com.br\/noticias\/wp-json\/wp\/v2\/posts"}],"about":[{"href":"https:\/\/www.suno.com.br\/noticias\/wp-json\/wp\/v2\/types\/post"}],"author":[{"embeddable":true,"href":"https:\/\/www.suno.com.br\/noticias\/wp-json\/wp\/v2\/users\/404"}],"replies":[{"embeddable":true,"href":"https:\/\/www.suno.com.br\/noticias\/wp-json\/wp\/v2\/comments?post=649628"}],"version-history":[{"count":2,"href":"https:\/\/www.suno.com.br\/noticias\/wp-json\/wp\/v2\/posts\/649628\/revisions"}],"predecessor-version":[{"id":649633,"href":"https:\/\/www.suno.com.br\/noticias\/wp-json\/wp\/v2\/posts\/649628\/revisions\/649633"}],"wp:featuredmedia":[{"embeddable":true,"href":"https:\/\/www.suno.com.br\/noticias\/wp-json\/wp\/v2\/media\/271177"}],"wp:attachment":[{"href":"https:\/\/www.suno.com.br\/noticias\/wp-json\/wp\/v2\/media?parent=649628"}],"wp:term":[{"taxonomy":"category","embeddable":true,"href":"https:\/\/www.suno.com.br\/noticias\/wp-json\/wp\/v2\/categories?post=649628"},{"taxonomy":"post_tag","embeddable":true,"href":"https:\/\/www.suno.com.br\/noticias\/wp-json\/wp\/v2\/tags?post=649628"},{"taxonomy":"suno_strategy","embeddable":true,"href":"https:\/\/www.suno.com.br\/noticias\/wp-json\/wp\/v2\/suno_strategy?post=649628"}],"curies":[{"name":"wp","href":"https:\/\/api.w.org\/{rel}","templated":true}]}}