{"id":649615,"date":"2026-04-27T17:55:09","date_gmt":"2026-04-27T20:55:09","guid":{"rendered":"https:\/\/www.suno.com.br\/noticias\/auren-aure3-cemig-cmig4-destaques-no-1t26-bba-go\/"},"modified":"2026-04-27T17:55:09","modified_gmt":"2026-04-27T20:55:09","slug":"auren-aure3-cemig-cmig4-destaques-no-1t26-bba-go","status":"publish","type":"post","link":"https:\/\/www.suno.com.br\/noticias\/auren-aure3-cemig-cmig4-destaques-no-1t26-bba-go\/","title":{"rendered":"Auren (AURE3) e Cemig (CMIG4) devem ser destaques negativos no 1T26, diz BBA"},"content":{"rendered":"<p>A Auren (AURE3) e a <a class=\"suno-keyword\" target=\"_blank\" data-force=\"no\" data-priority=\"2\" href=\"https:\/\/www.suno.com.br\/analitica\/acoes\/CMIG4\/\" rel=\"noopener\"><strong>Cemig (CMIG4)<\/strong><\/a> devem ficar entre os principais destaques negativos do setor el\u00e9trico brasileiro no primeiro trimestre de 2026, segundo proje\u00e7\u00f5es do Ita\u00fa BBA. De acordo com o banco, ambas as companhias tendem a apresentar desempenho inferior ao de seus pares, em meio a um cen\u00e1rio mais desafiador para gera\u00e7\u00e3o e comercializa\u00e7\u00e3o de energia.<\/p>\t<div class=\"wrapper-featured-image\">\n\t\t<figure class=\"spotlightImg\">\n\n\t\t\t<picture>\n\t\t\t\t<source media=\"(max-width: 768px)\" srcset=\"https:\/\/files.sunoresearch.com.br\/n\/uploads\/2026\/04\/rachel-woock-XgIXi5Ya8RY-unsplash-scaled-1-400x200.webp\">\n\t\t\t\t<img loading=\"lazy\" decoding=\"async\" class=\"newsContent__article__imgCapa lazyloadDisabled \" src=\"https:\/\/files.sunoresearch.com.br\/n\/uploads\/2026\/04\/rachel-woock-XgIXi5Ya8RY-unsplash-scaled-1-800x450.webp\" width=\"800\" height=\"450\" alt=\"Auren (AURE3) e Cemig (CMIG4) devem ser destaques negativos no 1T26, diz BBA\" fetchpriority=high \/>\n\t\t\t<\/picture>\n\n\t\t\t<figcaption class=\"wp-caption-text wp-caption-text--show\">Cemig (CMIG4). Foto: Unsplash.<\/figcaption>\n\t\t<\/figure>\n\t<\/div>\n\n\n\n\n\n\n<p>\u201cCom base em nossas proje\u00e7\u00f5es, <strong>Auren<\/strong> e <strong>Cemig<\/strong> devem ter desempenho inferior ao grupo neste trimestre\u201d, afirma o relat\u00f3rio. A expectativa reflete, principalmente, o impacto de condi\u00e7\u00f5es hidrol\u00f3gicas menos favor\u00e1veis, al\u00e9m de distor\u00e7\u00f5es relevantes nos pre\u00e7os entre os submercados.<\/p>\n\n\n\t<p>\n\t\t<a href=\"https:\/\/lp2.suno.com.br\/onde-investir-2026\/?utm_campaign=_SNC390A0FD0_ao&#038;utm_source=suno-not\u00edcias&#038;utm_medium=banner.noticias\" target=\"_blank\" data-element=\"shortcode-suno-banner\" title=\"Banner SUNO, clique e saiba mais\">\n\t\t\t<picture>\n\t\t\t\t<source media=\"(max-width: 500px)\" srcset=\"https:\/\/files.sunoresearch.com.br\/gaia\/uploads\/2026\/01\/Banner-Materias-01-Mbl_-400x300-1.png\">\n\t\t\t\t<img class=\"newsContent__article__imgCapa newsContent__article__imgCapa--banner\"\n\t\t\t\t\tsrc=\"https:\/\/files.sunoresearch.com.br\/gaia\/uploads\/2026\/01\/Banner-Materias-01-Dkp_-1420x240-1.png\"\n\t\t\t\t\tdata-promo-id=\"651623\"\t\t\t\t\t\t\t\t\t\twidth='1420' height='240'\t\t\t\t\talt=\"https:\/\/files.sunoresearch.com.br\/gaia\/uploads\/2026\/01\/Banner-Materias-01-Dkp_-1420x240-1.png\"\n\t\t\t\t>\n\t\t\t<\/picture>\n\t\t<\/a>\n\t<\/p>\n\n\n\n\n\n\n\n<p>No caso da Auren, o Ita\u00fa BBA projeta uma queda expressiva no resultado operacional, com EBITDA estimado em R$ 840 milh\u00f5es, recuo de 30,3% na compara\u00e7\u00e3o anual. O desempenho deve ser pressionado pela menor disponibilidade de vento, redu\u00e7\u00e3o na gera\u00e7\u00e3o h\u00eddrica e efeitos negativos dos spreads regionais de energia.<\/p>\n\n\n\n<p>J\u00e1 a Cemig deve apresentar um trimestre mais fraco tanto na distribui\u00e7\u00e3o quanto na gera\u00e7\u00e3o. A companhia ainda enfrenta um ambiente de demanda mais fraca, al\u00e9m de press\u00f5es no segmento de comercializa\u00e7\u00e3o, em meio a pre\u00e7os mais elevados de energia. O banco projeta crescimento modesto de EBITDA, de 1,2% na base anual, com queda de 12,9% no <a class=\"suno-keyword\" target=\"_blank\" data-force=\"no\" data-priority=\"1\" href=\"https:\/\/www.suno.com.br\/artigos\/lucro-liquido\/\" rel=\"noopener\">lucro l\u00edquido<\/a>.<\/p>\n\n\n\n<h2 class=\"wp-block-heading\">BBA v\u00ea resultados mistos entre geradoras e transmiss\u00e3o<\/h2>\n\n\n\n<p>Para al\u00e9m dos destaques negativos, o Ita\u00fa BBA projeta um trimestre heterog\u00eaneo entre as empresas do setor, com nomes mais expostos a transmiss\u00e3o e ativos regulados apresentando maior for\u00e7a.<\/p>\n\n\n\t<p>\n\t\t<a href=\"https:\/\/lp2.suno.com.br\/lm\/minicurso-construindo-um-portfolio-milionario\/?utm_campaign=_SNC35CF3834_ao&#038;utm_source=suno-not\u00edcias&#038;utm_medium=banner.noticias\" target=\"_blank\" data-element=\"shortcode-suno-banner\" title=\"Banner SUNO, clique e saiba mais\">\n\t\t\t<picture>\n\t\t\t\t<source media=\"(max-width: 500px)\" srcset=\"https:\/\/files.sunoresearch.com.br\/gaia\/uploads\/2026\/01\/MB-PS-HOME-DE-ARTIGOS-400x300-ID_01_x1.jpg\">\n\t\t\t\t<img class=\"newsContent__article__imgCapa newsContent__article__imgCapa--banner\"\n\t\t\t\t\tsrc=\"https:\/\/files.sunoresearch.com.br\/gaia\/uploads\/2026\/01\/DT-PS-HOME-DE-ARTIGOS-1420x240-ID_01_x1.jpg\"\n\t\t\t\t\tdata-promo-id=\"651626\"\t\t\t\t\t\t\t\t\t\twidth='1420' height='240'\t\t\t\t\talt=\"https:\/\/files.sunoresearch.com.br\/gaia\/uploads\/2026\/01\/DT-PS-HOME-DE-ARTIGOS-1420x240-ID_01_x1.jpg\"\n\t\t\t\t>\n\t\t\t<\/picture>\n\t\t<\/a>\n\t<\/p>\n\n\n\n\n\n\n\n<p>Entre os destaques positivos, a <strong>Copel<\/strong> (CPLE3) deve apresentar crescimento, com EBITDA estimado em R$ 1,73 bilh\u00e3o, alta de 15,1% na compara\u00e7\u00e3o anual. Segundo o banco, spreads mais amplos entre submercados e melhores resultados em gera\u00e7\u00e3o devem compensar os impactos negativos do curtailment.<\/p>\n\n\n\n<p>Outro nome com expectativa de avan\u00e7o \u00e9 a <strong>Engie<\/strong> (EGIE3), que deve registrar EBITDA de R$ 1,9 bilh\u00e3o, crescimento de 16,2% na base anual. O desempenho deve ser sustentado pelo aumento de novos projetos e aquisi\u00e7\u00f5es recentes, al\u00e9m de um cen\u00e1rio menos adverso na comercializa\u00e7\u00e3o de energia.<\/p>\n\n\n\t<p>\n\t\t<a href=\"https:\/\/lp.suno.com.br\/ebook-como-analisar-uma-acao\/?utm_campaign=_SNC390A0FD0_ao&#038;utm_source=suno-not\u00edcias&#038;utm_medium=banner.noticias\" target=\"_blank\" data-element=\"shortcode-suno-banner\" title=\"Banner SUNO, clique e saiba mais\">\n\t\t\t<picture>\n\t\t\t\t<source media=\"(max-width: 500px)\" srcset=\"https:\/\/files.sunoresearch.com.br\/gaia\/uploads\/2026\/01\/Ebook-Acoes-Mobile.webp\">\n\t\t\t\t<img class=\"newsContent__article__imgCapa newsContent__article__imgCapa--banner\"\n\t\t\t\t\tsrc=\"https:\/\/files.sunoresearch.com.br\/gaia\/uploads\/2026\/01\/Ebook-Acoes-Desktop.webp\"\n\t\t\t\t\tdata-promo-id=\"651105\"\t\t\t\t\t\t\t\t\t\twidth='1420' height='286'\t\t\t\t\talt=\"https:\/\/files.sunoresearch.com.br\/gaia\/uploads\/2026\/01\/Ebook-Acoes-Desktop.webp\"\n\t\t\t\t>\n\t\t\t<\/picture>\n\t\t<\/a>\n\t<\/p>\n\n\n\n\n\n\n\n<p>No segmento de transmiss\u00e3o, os resultados tamb\u00e9m devem vir mais consistentes. A <strong>ISA Energia<\/strong> (ISAE4) \u00e9 projetada com EBITDA de R$ 999 milh\u00f5es, alta de 8,3%, impulsionada pela entrada em opera\u00e7\u00e3o de novos projetos e controle de custos. J\u00e1 a <strong>Taesa<\/strong> (<a class=\"suno-keyword\" target=\"_blank\" data-force=\"no\" data-priority=\"2\" href=\"https:\/\/www.suno.com.br\/analitica\/acoes\/taee11\/\" rel=\"noopener\">TAEE11<\/a>) deve reportar EBITDA de R$ 559 milh\u00f5es, avan\u00e7o de 9,7%, mantendo ainda uma pol\u00edtica robusta de distribui\u00e7\u00e3o de <a class=\"suno-keyword\" target=\"_blank\" data-force=\"no\" data-priority=\"1\" href=\"https:\/\/www.suno.com.br\/guias\/dividendos\/\" rel=\"noopener\">dividendos<\/a>.<\/p>\n\n\n\n<p>Por outro lado, a <strong>Eneva<\/strong> (ENEV3) deve enfrentar um trimestre mais fraco, com EBITDA estimado em R$ 1,23 bilh\u00e3o, queda de 19,6% na compara\u00e7\u00e3o anual. O resultado deve ser impactado pela menor contribui\u00e7\u00e3o de ativos e efeitos do curtailment sobre a gera\u00e7\u00e3o renov\u00e1vel, apesar de algum suporte vindo do trading de g\u00e1s natural.<\/p>\n\n\n\n<p>No caso da <strong>Copasa<\/strong> (CSMG3), o banco projeta um desempenho mais est\u00e1vel, com EBITDA de R$ 803 milh\u00f5es, leve queda de 1,2% na base anual. Ainda assim, o foco dos investidores deve seguir voltado para o avan\u00e7o do processo de privatiza\u00e7\u00e3o da companhia, mais do que para os n\u00fameros do trimestre.<\/p>\n","protected":false},"excerpt":{"rendered":"<p>A Auren (AURE3) e a Cemig (CMIG4) devem ficar entre os principais destaques negativos do setor el\u00e9trico brasileiro no primeiro trimestre de 2026, segundo proje\u00e7\u00f5es do Ita\u00fa BBA. De acordo com o banco, ambas as companhias tendem a apresentar desempenho inferior ao de seus pares, em meio a um cen\u00e1rio mais desafiador para gera\u00e7\u00e3o e &hellip; Continued<\/p>\n","protected":false},"author":404,"featured_media":649616,"comment_status":"closed","ping_status":"closed","sticky":false,"template":"","format":"standard","meta":[],"categories":[64],"tags":[106963],"suno_strategy":[],"class_list":["post-649615","post","type-post","status-publish","format-standard","has-post-thumbnail","hentry","category-negocios","tag-auren-aure3"],"yoast_head":"<!-- This site is optimized with the Yoast SEO plugin v24.4 - https:\/\/yoast.com\/wordpress\/plugins\/seo\/ -->\n<title>Auren (AURE3) e Cemig (CMIG4) devem ser destaques negativos, diz BBA<\/title>\n<meta name=\"description\" content=\"A Auren (AURE3) e a Cemig (CMIG4) devem ficar entre os destaques negativos do setor el\u00e9trico brasileiro no primeiro trimestre. Leia mais.\" \/>\n<meta name=\"robots\" content=\"index, follow, max-snippet:-1, max-image-preview:large, max-video-preview:-1\" \/>\n<link rel=\"canonical\" href=\"https:\/\/www.suno.com.br\/noticias\/auren-aure3-cemig-cmig4-destaques-no-1t26-bba-go\/\" \/>\n<meta property=\"og:locale\" content=\"pt_BR\" \/>\n<meta property=\"og:type\" content=\"article\" \/>\n<meta property=\"og:title\" content=\"Auren (AURE3) e Cemig (CMIG4) devem ser destaques negativos, diz BBA\" \/>\n<meta property=\"og:description\" content=\"A Auren (AURE3) e a Cemig (CMIG4) devem ficar entre os destaques negativos do setor el\u00e9trico brasileiro no primeiro trimestre. Leia mais.\" \/>\n<meta property=\"og:url\" content=\"https:\/\/www.suno.com.br\/noticias\/auren-aure3-cemig-cmig4-destaques-no-1t26-bba-go\/\" \/>\n<meta property=\"og:site_name\" content=\"Suno Not\u00edcias\" \/>\n<meta property=\"article:publisher\" content=\"https:\/\/facebook.com\/sunoresearch\" \/>\n<meta property=\"og:image\" content=\"http:\/\/files.sunoresearch.com.br\/n\/uploads\/2026\/04\/rachel-woock-XgIXi5Ya8RY-unsplash-scaled-1-jpg.webp\" \/>\n\t<meta property=\"og:image:width\" content=\"2560\" \/>\n\t<meta property=\"og:image:height\" content=\"1707\" \/>\n\t<meta property=\"og:image:type\" content=\"image\/jpeg\" \/>\n<meta name=\"author\" content=\"Giovanna Oliveira\" \/>\n<meta name=\"twitter:card\" content=\"summary_large_image\" \/>\n<meta name=\"twitter:creator\" content=\"@sunoresearch\" \/>\n<meta name=\"twitter:site\" content=\"@sunoresearch\" \/>\n<meta name=\"twitter:label1\" content=\"Escrito por\" \/>\n\t<meta name=\"twitter:data1\" content=\"Giovanna Oliveira\" \/>\n\t<meta name=\"twitter:label2\" content=\"Est. tempo de leitura\" \/>\n\t<meta name=\"twitter:data2\" content=\"3 minutos\" \/>\n<script type=\"application\/ld+json\" class=\"yoast-schema-graph\">{\"@context\":\"https:\/\/schema.org\",\"@graph\":[{\"@type\":\"NewsArticle\",\"@id\":\"https:\/\/www.suno.com.br\/noticias\/auren-aure3-cemig-cmig4-destaques-no-1t26-bba-go\/#article\",\"isPartOf\":{\"@id\":\"https:\/\/www.suno.com.br\/noticias\/auren-aure3-cemig-cmig4-destaques-no-1t26-bba-go\/\"},\"author\":{\"name\":\"Giovanna Oliveira\",\"@id\":\"https:\/\/www.suno.com.br\/noticias\/#\/schema\/person\/506bb13f624e6983050ae5bf648c7a54\"},\"headline\":\"Auren (AURE3) e Cemig (CMIG4) devem ser destaques negativos no 1T26, diz BBA\",\"datePublished\":\"2026-04-27T20:55:09+00:00\",\"mainEntityOfPage\":{\"@id\":\"https:\/\/www.suno.com.br\/noticias\/auren-aure3-cemig-cmig4-destaques-no-1t26-bba-go\/\"},\"wordCount\":564,\"publisher\":{\"@id\":\"https:\/\/www.suno.com.br\/noticias\/#organization\"},\"image\":{\"@id\":\"https:\/\/www.suno.com.br\/noticias\/auren-aure3-cemig-cmig4-destaques-no-1t26-bba-go\/#primaryimage\"},\"thumbnailUrl\":\"https:\/\/files.sunoresearch.com.br\/n\/uploads\/2026\/04\/rachel-woock-XgIXi5Ya8RY-unsplash-scaled-1-jpg.webp\",\"keywords\":[\"Auren (AURE3)\"],\"articleSection\":[\"Neg\u00f3cios\"],\"inLanguage\":\"pt-BR\"},{\"@type\":\"WebPage\",\"@id\":\"https:\/\/www.suno.com.br\/noticias\/auren-aure3-cemig-cmig4-destaques-no-1t26-bba-go\/\",\"url\":\"https:\/\/www.suno.com.br\/noticias\/auren-aure3-cemig-cmig4-destaques-no-1t26-bba-go\/\",\"name\":\"Auren (AURE3) e Cemig (CMIG4) devem ser destaques negativos, diz BBA\",\"isPartOf\":{\"@id\":\"https:\/\/www.suno.com.br\/noticias\/#website\"},\"primaryImageOfPage\":{\"@id\":\"https:\/\/www.suno.com.br\/noticias\/auren-aure3-cemig-cmig4-destaques-no-1t26-bba-go\/#primaryimage\"},\"image\":{\"@id\":\"https:\/\/www.suno.com.br\/noticias\/auren-aure3-cemig-cmig4-destaques-no-1t26-bba-go\/#primaryimage\"},\"thumbnailUrl\":\"https:\/\/files.sunoresearch.com.br\/n\/uploads\/2026\/04\/rachel-woock-XgIXi5Ya8RY-unsplash-scaled-1-jpg.webp\",\"datePublished\":\"2026-04-27T20:55:09+00:00\",\"description\":\"A Auren (AURE3) e a Cemig (CMIG4) devem ficar entre os destaques negativos do setor el\u00e9trico brasileiro no primeiro trimestre. Leia mais.\",\"breadcrumb\":{\"@id\":\"https:\/\/www.suno.com.br\/noticias\/auren-aure3-cemig-cmig4-destaques-no-1t26-bba-go\/#breadcrumb\"},\"inLanguage\":\"pt-BR\",\"potentialAction\":[{\"@type\":\"ReadAction\",\"target\":[\"https:\/\/www.suno.com.br\/noticias\/auren-aure3-cemig-cmig4-destaques-no-1t26-bba-go\/\"]}]},{\"@type\":\"ImageObject\",\"inLanguage\":\"pt-BR\",\"@id\":\"https:\/\/www.suno.com.br\/noticias\/auren-aure3-cemig-cmig4-destaques-no-1t26-bba-go\/#primaryimage\",\"url\":\"https:\/\/files.sunoresearch.com.br\/n\/uploads\/2026\/04\/rachel-woock-XgIXi5Ya8RY-unsplash-scaled-1-jpg.webp\",\"contentUrl\":\"https:\/\/files.sunoresearch.com.br\/n\/uploads\/2026\/04\/rachel-woock-XgIXi5Ya8RY-unsplash-scaled-1-jpg.webp\",\"width\":2560,\"height\":1707,\"caption\":\"Cemig (CMIG4). Foto: Unsplash.\"},{\"@type\":\"BreadcrumbList\",\"@id\":\"https:\/\/www.suno.com.br\/noticias\/auren-aure3-cemig-cmig4-destaques-no-1t26-bba-go\/#breadcrumb\",\"itemListElement\":[{\"@type\":\"ListItem\",\"position\":1,\"name\":\"Not\u00edcias\",\"item\":\"https:\/\/www.suno.com.br\/noticias\/\"},{\"@type\":\"ListItem\",\"position\":2,\"name\":\"Neg\u00f3cios\",\"item\":\"https:\/\/www.suno.com.br\/noticias\/negocios\/\"},{\"@type\":\"ListItem\",\"position\":3,\"name\":\"Auren (AURE3) e Cemig (CMIG4) devem ser destaques negativos no 1T26, diz BBA\"}]},{\"@type\":\"WebSite\",\"@id\":\"https:\/\/www.suno.com.br\/noticias\/#website\",\"url\":\"https:\/\/www.suno.com.br\/noticias\/\",\"name\":\"Suno Not\u00edcias\",\"description\":\"Seu portal de informa\u00e7\u00e3o sobre o mundo dos investimentos\",\"publisher\":{\"@id\":\"https:\/\/www.suno.com.br\/noticias\/#organization\"},\"potentialAction\":[{\"@type\":\"SearchAction\",\"target\":{\"@type\":\"EntryPoint\",\"urlTemplate\":\"https:\/\/www.suno.com.br\/noticias\/?s={search_term_string}\"},\"query-input\":{\"@type\":\"PropertyValueSpecification\",\"valueRequired\":true,\"valueName\":\"search_term_string\"}}],\"inLanguage\":\"pt-BR\"},{\"@type\":\"Organization\",\"@id\":\"https:\/\/www.suno.com.br\/noticias\/#organization\",\"name\":\"Suno Not\u00edcias\",\"url\":\"https:\/\/www.suno.com.br\/noticias\/\",\"logo\":{\"@type\":\"ImageObject\",\"inLanguage\":\"pt-BR\",\"@id\":\"https:\/\/www.suno.com.br\/noticias\/#\/schema\/logo\/image\/\",\"url\":\"https:\/\/files.sunoresearch.com.br\/n\/uploads\/2021\/09\/suno-logo.png\",\"contentUrl\":\"https:\/\/files.sunoresearch.com.br\/n\/uploads\/2021\/09\/suno-logo.png\",\"width\":180,\"height\":180,\"caption\":\"Suno Not\u00edcias\"},\"image\":{\"@id\":\"https:\/\/www.suno.com.br\/noticias\/#\/schema\/logo\/image\/\"},\"sameAs\":[\"https:\/\/facebook.com\/sunoresearch\",\"https:\/\/x.com\/sunoresearch\",\"https:\/\/www.instagram.com\/suno\",\"https:\/\/www.linkedin.com\/company\/suno-research\/\",\"https:\/\/www.youtube.com\/c\/sunoresearch\"]},{\"@type\":\"Person\",\"@id\":\"https:\/\/www.suno.com.br\/noticias\/#\/schema\/person\/506bb13f624e6983050ae5bf648c7a54\",\"name\":\"Giovanna Oliveira\",\"image\":{\"@type\":\"ImageObject\",\"inLanguage\":\"pt-BR\",\"@id\":\"https:\/\/www.suno.com.br\/noticias\/#\/schema\/person\/image\/\",\"url\":\"https:\/\/secure.gravatar.com\/avatar\/8d180e5cea232a9bb3af521589b133fa?s=96&r=g\",\"contentUrl\":\"https:\/\/secure.gravatar.com\/avatar\/8d180e5cea232a9bb3af521589b133fa?s=96&r=g\",\"caption\":\"Giovanna Oliveira\"},\"description\":\"Jornalista com mais de sete anos de experi\u00eancia na cobertura de finan\u00e7as e economia. P\u00f3s-graduada em Neg\u00f3cios e Inova\u00e7\u00e3o (ESPM-SP) e mestranda em Finan\u00e7as (UADE Business School\u2013Buenos Aires).\",\"url\":\"https:\/\/www.suno.com.br\/noticias\/author\/giovannalmd-oliveiragmail-com\/\"}]}<\/script>\n<!-- \/ Yoast SEO plugin. -->","yoast_head_json":{"title":"Auren (AURE3) e Cemig (CMIG4) devem ser destaques negativos, diz BBA","description":"A Auren (AURE3) e a Cemig (CMIG4) devem ficar entre os destaques negativos do setor el\u00e9trico brasileiro no primeiro trimestre. Leia mais.","robots":{"index":"index","follow":"follow","max-snippet":"max-snippet:-1","max-image-preview":"max-image-preview:large","max-video-preview":"max-video-preview:-1"},"canonical":"https:\/\/www.suno.com.br\/noticias\/auren-aure3-cemig-cmig4-destaques-no-1t26-bba-go\/","og_locale":"pt_BR","og_type":"article","og_title":"Auren (AURE3) e Cemig (CMIG4) devem ser destaques negativos, diz BBA","og_description":"A Auren (AURE3) e a Cemig (CMIG4) devem ficar entre os destaques negativos do setor el\u00e9trico brasileiro no primeiro trimestre. Leia mais.","og_url":"https:\/\/www.suno.com.br\/noticias\/auren-aure3-cemig-cmig4-destaques-no-1t26-bba-go\/","og_site_name":"Suno Not\u00edcias","article_publisher":"https:\/\/facebook.com\/sunoresearch","og_image":[{"width":2560,"height":1707,"url":"http:\/\/files.sunoresearch.com.br\/n\/uploads\/2026\/04\/rachel-woock-XgIXi5Ya8RY-unsplash-scaled-1-jpg.webp","type":"image\/jpeg"}],"author":"Giovanna Oliveira","twitter_card":"summary_large_image","twitter_creator":"@sunoresearch","twitter_site":"@sunoresearch","twitter_misc":{"Escrito por":"Giovanna Oliveira","Est. tempo de leitura":"3 minutos"},"schema":{"@context":"https:\/\/schema.org","@graph":[{"@type":"NewsArticle","@id":"https:\/\/www.suno.com.br\/noticias\/auren-aure3-cemig-cmig4-destaques-no-1t26-bba-go\/#article","isPartOf":{"@id":"https:\/\/www.suno.com.br\/noticias\/auren-aure3-cemig-cmig4-destaques-no-1t26-bba-go\/"},"author":{"name":"Giovanna Oliveira","@id":"https:\/\/www.suno.com.br\/noticias\/#\/schema\/person\/506bb13f624e6983050ae5bf648c7a54"},"headline":"Auren (AURE3) e Cemig (CMIG4) devem ser destaques negativos no 1T26, diz BBA","datePublished":"2026-04-27T20:55:09+00:00","mainEntityOfPage":{"@id":"https:\/\/www.suno.com.br\/noticias\/auren-aure3-cemig-cmig4-destaques-no-1t26-bba-go\/"},"wordCount":564,"publisher":{"@id":"https:\/\/www.suno.com.br\/noticias\/#organization"},"image":{"@id":"https:\/\/www.suno.com.br\/noticias\/auren-aure3-cemig-cmig4-destaques-no-1t26-bba-go\/#primaryimage"},"thumbnailUrl":"https:\/\/files.sunoresearch.com.br\/n\/uploads\/2026\/04\/rachel-woock-XgIXi5Ya8RY-unsplash-scaled-1-jpg.webp","keywords":["Auren (AURE3)"],"articleSection":["Neg\u00f3cios"],"inLanguage":"pt-BR"},{"@type":"WebPage","@id":"https:\/\/www.suno.com.br\/noticias\/auren-aure3-cemig-cmig4-destaques-no-1t26-bba-go\/","url":"https:\/\/www.suno.com.br\/noticias\/auren-aure3-cemig-cmig4-destaques-no-1t26-bba-go\/","name":"Auren (AURE3) e Cemig (CMIG4) devem ser destaques negativos, diz BBA","isPartOf":{"@id":"https:\/\/www.suno.com.br\/noticias\/#website"},"primaryImageOfPage":{"@id":"https:\/\/www.suno.com.br\/noticias\/auren-aure3-cemig-cmig4-destaques-no-1t26-bba-go\/#primaryimage"},"image":{"@id":"https:\/\/www.suno.com.br\/noticias\/auren-aure3-cemig-cmig4-destaques-no-1t26-bba-go\/#primaryimage"},"thumbnailUrl":"https:\/\/files.sunoresearch.com.br\/n\/uploads\/2026\/04\/rachel-woock-XgIXi5Ya8RY-unsplash-scaled-1-jpg.webp","datePublished":"2026-04-27T20:55:09+00:00","description":"A Auren (AURE3) e a Cemig (CMIG4) devem ficar entre os destaques negativos do setor el\u00e9trico brasileiro no primeiro trimestre. Leia mais.","breadcrumb":{"@id":"https:\/\/www.suno.com.br\/noticias\/auren-aure3-cemig-cmig4-destaques-no-1t26-bba-go\/#breadcrumb"},"inLanguage":"pt-BR","potentialAction":[{"@type":"ReadAction","target":["https:\/\/www.suno.com.br\/noticias\/auren-aure3-cemig-cmig4-destaques-no-1t26-bba-go\/"]}]},{"@type":"ImageObject","inLanguage":"pt-BR","@id":"https:\/\/www.suno.com.br\/noticias\/auren-aure3-cemig-cmig4-destaques-no-1t26-bba-go\/#primaryimage","url":"https:\/\/files.sunoresearch.com.br\/n\/uploads\/2026\/04\/rachel-woock-XgIXi5Ya8RY-unsplash-scaled-1-jpg.webp","contentUrl":"https:\/\/files.sunoresearch.com.br\/n\/uploads\/2026\/04\/rachel-woock-XgIXi5Ya8RY-unsplash-scaled-1-jpg.webp","width":2560,"height":1707,"caption":"Cemig (CMIG4). Foto: Unsplash."},{"@type":"BreadcrumbList","@id":"https:\/\/www.suno.com.br\/noticias\/auren-aure3-cemig-cmig4-destaques-no-1t26-bba-go\/#breadcrumb","itemListElement":[{"@type":"ListItem","position":1,"name":"Not\u00edcias","item":"https:\/\/www.suno.com.br\/noticias\/"},{"@type":"ListItem","position":2,"name":"Neg\u00f3cios","item":"https:\/\/www.suno.com.br\/noticias\/negocios\/"},{"@type":"ListItem","position":3,"name":"Auren (AURE3) e Cemig (CMIG4) devem ser destaques negativos no 1T26, diz BBA"}]},{"@type":"WebSite","@id":"https:\/\/www.suno.com.br\/noticias\/#website","url":"https:\/\/www.suno.com.br\/noticias\/","name":"Suno Not\u00edcias","description":"Seu portal de informa\u00e7\u00e3o sobre o mundo dos investimentos","publisher":{"@id":"https:\/\/www.suno.com.br\/noticias\/#organization"},"potentialAction":[{"@type":"SearchAction","target":{"@type":"EntryPoint","urlTemplate":"https:\/\/www.suno.com.br\/noticias\/?s={search_term_string}"},"query-input":{"@type":"PropertyValueSpecification","valueRequired":true,"valueName":"search_term_string"}}],"inLanguage":"pt-BR"},{"@type":"Organization","@id":"https:\/\/www.suno.com.br\/noticias\/#organization","name":"Suno Not\u00edcias","url":"https:\/\/www.suno.com.br\/noticias\/","logo":{"@type":"ImageObject","inLanguage":"pt-BR","@id":"https:\/\/www.suno.com.br\/noticias\/#\/schema\/logo\/image\/","url":"https:\/\/files.sunoresearch.com.br\/n\/uploads\/2021\/09\/suno-logo.png","contentUrl":"https:\/\/files.sunoresearch.com.br\/n\/uploads\/2021\/09\/suno-logo.png","width":180,"height":180,"caption":"Suno Not\u00edcias"},"image":{"@id":"https:\/\/www.suno.com.br\/noticias\/#\/schema\/logo\/image\/"},"sameAs":["https:\/\/facebook.com\/sunoresearch","https:\/\/x.com\/sunoresearch","https:\/\/www.instagram.com\/suno","https:\/\/www.linkedin.com\/company\/suno-research\/","https:\/\/www.youtube.com\/c\/sunoresearch"]},{"@type":"Person","@id":"https:\/\/www.suno.com.br\/noticias\/#\/schema\/person\/506bb13f624e6983050ae5bf648c7a54","name":"Giovanna Oliveira","image":{"@type":"ImageObject","inLanguage":"pt-BR","@id":"https:\/\/www.suno.com.br\/noticias\/#\/schema\/person\/image\/","url":"https:\/\/secure.gravatar.com\/avatar\/8d180e5cea232a9bb3af521589b133fa?s=96&r=g","contentUrl":"https:\/\/secure.gravatar.com\/avatar\/8d180e5cea232a9bb3af521589b133fa?s=96&r=g","caption":"Giovanna Oliveira"},"description":"Jornalista com mais de sete anos de experi\u00eancia na cobertura de finan\u00e7as e economia. P\u00f3s-graduada em Neg\u00f3cios e Inova\u00e7\u00e3o (ESPM-SP) e mestranda em Finan\u00e7as (UADE Business School\u2013Buenos Aires).","url":"https:\/\/www.suno.com.br\/noticias\/author\/giovannalmd-oliveiragmail-com\/"}]}},"default_loop_html":"<div class=\"cardsPage__listCard__boxs\"><div class=\"cardsPage__listCard__boxs__img\"><a href=\"https:\/\/www.suno.com.br\/noticias\/auren-aure3-cemig-cmig4-destaques-no-1t26-bba-go\/\"><img class=\"mask\" src=\"https:\/\/www.suno.com.br\/noticias\/wp-content\/themes\/suno\/resources\/images\/spotlight\/spotlight1img\/bg-mask.png\" alt=\"Image Mask\"\/><img src=\"https:\/\/files.sunoresearch.com.br\/n\/uploads\/2026\/04\/rachel-woock-XgIXi5Ya8RY-unsplash-scaled-1-400x200.webp\" alt=\"Auren (AURE3) e Cemig (CMIG4) devem ser destaques negativos no 1T26, diz BBA\"\/><\/a><span class=\"spotlightCategory\"><a href=\"https:\/\/www.suno.com.br\/noticias\/negocios\/\">Neg\u00f3cios<\/a><\/span><\/div><div class=\"cardsPage__listCard__boxs__content\"><a href=\"https:\/\/www.suno.com.br\/noticias\/auren-aure3-cemig-cmig4-destaques-no-1t26-bba-go\/\"><h2 class=\"content__title\">Auren (AURE3) e Cemig (CMIG4) devem ser destaques negativos no 1T26, diz BBA<\/h2><\/a><div class=\"newsContent__article__meta\"><div class=\"newsContent__article__meta__authorBox\"><a href=\"https:\/\/www.suno.com.br\/noticias\/author\/giovannalmd-oliveiragmail-com\/\" class=\"authorBox__avatar noMobi\"><img src=\"https:\/\/secure.gravatar.com\/avatar\/8d180e5cea232a9bb3af521589b133fa?s=96&#038;r=g\" alt=\"Giovanna Oliveira\"><\/a><div class=\"authorBox__name\"><span>por\n\t\t\t<a href=\"https:\/\/www.suno.com.br\/noticias\/author\/giovannalmd-oliveiragmail-com\/\"><span itemprop=\"author\">Giovanna Oliveira<\/span><\/a><\/span><time datetime=\"2026-04-27T17:55:09-03:00\" itemprop=\"datePublished\">27\/04\/2026 17:55<\/time><\/div><\/div><\/div><\/div><\/div>","single_layout":"posts","amp_enabled":true,"_links":{"self":[{"href":"https:\/\/www.suno.com.br\/noticias\/wp-json\/wp\/v2\/posts\/649615"}],"collection":[{"href":"https:\/\/www.suno.com.br\/noticias\/wp-json\/wp\/v2\/posts"}],"about":[{"href":"https:\/\/www.suno.com.br\/noticias\/wp-json\/wp\/v2\/types\/post"}],"author":[{"embeddable":true,"href":"https:\/\/www.suno.com.br\/noticias\/wp-json\/wp\/v2\/users\/404"}],"replies":[{"embeddable":true,"href":"https:\/\/www.suno.com.br\/noticias\/wp-json\/wp\/v2\/comments?post=649615"}],"version-history":[{"count":0,"href":"https:\/\/www.suno.com.br\/noticias\/wp-json\/wp\/v2\/posts\/649615\/revisions"}],"wp:featuredmedia":[{"embeddable":true,"href":"https:\/\/www.suno.com.br\/noticias\/wp-json\/wp\/v2\/media\/649616"}],"wp:attachment":[{"href":"https:\/\/www.suno.com.br\/noticias\/wp-json\/wp\/v2\/media?parent=649615"}],"wp:term":[{"taxonomy":"category","embeddable":true,"href":"https:\/\/www.suno.com.br\/noticias\/wp-json\/wp\/v2\/categories?post=649615"},{"taxonomy":"post_tag","embeddable":true,"href":"https:\/\/www.suno.com.br\/noticias\/wp-json\/wp\/v2\/tags?post=649615"},{"taxonomy":"suno_strategy","embeddable":true,"href":"https:\/\/www.suno.com.br\/noticias\/wp-json\/wp\/v2\/suno_strategy?post=649615"}],"curies":[{"name":"wp","href":"https:\/\/api.w.org\/{rel}","templated":true}]}}