{"id":649600,"date":"2026-04-27T16:45:08","date_gmt":"2026-04-27T19:45:08","guid":{"rendered":"https:\/\/www.suno.com.br\/noticias\/taxa-selic-mercado-ve-corte-de-25-bp-semana-go\/"},"modified":"2026-04-27T16:45:08","modified_gmt":"2026-04-27T19:45:08","slug":"taxa-selic-mercado-ve-corte-de-25-bp-semana-go","status":"publish","type":"post","link":"https:\/\/www.suno.com.br\/noticias\/taxa-selic-mercado-ve-corte-de-25-bp-semana-go\/","title":{"rendered":"Taxa Selic: mercado v\u00ea corte de 0,25 p.p nesta semana, para 14,5% ao ano"},"content":{"rendered":"<p>O Comit\u00ea de <a class=\"suno-keyword\" target=\"_blank\" data-force=\"no\" data-priority=\"1\" href=\"https:\/\/www.suno.com.br\/artigos\/politica-monetaria\/\" rel=\"noopener\">Pol\u00edtica Monet\u00e1ria<\/a> do Banco Central (Copom) realiza, nesta quarta-feira (29), sua terceira reuni\u00e3o de pol\u00edtica monet\u00e1ria de 2026, em meio \u00e0 expectativa de continuidade no ciclo de cortes de juros. Ap\u00f3s iniciar o ano com a <strong>taxa Selic<\/strong> em 15% ao ano, maior n\u00edvel desde 2006, o mercado projeta agora uma nova redu\u00e7\u00e3o de 0,25 ponto percentual, o que levaria a taxa para 14,50% ao ano.<\/p>\t<div class=\"wrapper-featured-image\">\n\t\t<figure class=\"spotlightImg\">\n\n\t\t\t<picture>\n\t\t\t\t<source media=\"(max-width: 768px)\" srcset=\"https:\/\/files.sunoresearch.com.br\/n\/uploads\/2026\/04\/iStock-1489161417-1-400x200.webp\">\n\t\t\t\t<img loading=\"lazy\" decoding=\"async\" class=\"newsContent__article__imgCapa lazyloadDisabled \" src=\"https:\/\/files.sunoresearch.com.br\/n\/uploads\/2026\/04\/iStock-1489161417-1-800x450.webp\" width=\"800\" height=\"450\" alt=\"Taxa Selic: mercado v\u00ea corte de 0,25 p.p nesta semana, para 14,5% ao ano\" fetchpriority=high \/>\n\t\t\t<\/picture>\n\n\t\t\t<figcaption class=\"wp-caption-text wp-caption-text--show\">Taxa Selic. Foto: iStock.<\/figcaption>\n\t\t<\/figure>\n\t<\/div>\n\n\n\n\n\n\n<p>Na primeira reuni\u00e3o do ano, em janeiro, o <strong>Banco Central<\/strong> manteve os juros inalterados. J\u00e1 em mar\u00e7o, houve o primeiro corte em quase dois anos, com a Selic sendo reduzida de 15% para 14,75% ao ano.<\/p>\n\n\n\t<p>\n\t\t<a href=\"https:\/\/lp2.suno.com.br\/onde-investir-2026\/?utm_campaign=_SNC390A0FD0_ao&#038;utm_source=suno-not\u00edcias&#038;utm_medium=banner.noticias\" target=\"_blank\" data-element=\"shortcode-suno-banner\" title=\"Banner SUNO, clique e saiba mais\">\n\t\t\t<picture>\n\t\t\t\t<source media=\"(max-width: 500px)\" srcset=\"https:\/\/files.sunoresearch.com.br\/gaia\/uploads\/2026\/01\/Banner-Materias-01-Mbl_-400x300-1.png\">\n\t\t\t\t<img class=\"newsContent__article__imgCapa newsContent__article__imgCapa--banner\"\n\t\t\t\t\tsrc=\"https:\/\/files.sunoresearch.com.br\/gaia\/uploads\/2026\/01\/Banner-Materias-01-Dkp_-1420x240-1.png\"\n\t\t\t\t\tdata-promo-id=\"651623\"\t\t\t\t\t\t\t\t\t\twidth='1420' height='240'\t\t\t\t\talt=\"https:\/\/files.sunoresearch.com.br\/gaia\/uploads\/2026\/01\/Banner-Materias-01-Dkp_-1420x240-1.png\"\n\t\t\t\t>\n\t\t\t<\/picture>\n\t\t<\/a>\n\t<\/p>\n\n\n\n\n\n\n\n<h2 class=\"wp-block-heading\">Mercado espera novo corte da taxa Selic<\/h2>\n\n\n\n<p>A expectativa de mais um corte de 25 pontos-base \u00e9 compartilhada por diferentes <a class=\"suno-keyword\" target=\"_blank\" data-force=\"no\" data-priority=\"1\" href=\"https:\/\/www.suno.com.br\/artigos\/instituicoes-financeiras\/\" rel=\"noopener\">institui\u00e7\u00f5es financeiras<\/a>. Para o Banco Daycoval, o Banco Central deve seguir com o processo gradual de flexibiliza\u00e7\u00e3o monet\u00e1ria, apesar de um cen\u00e1rio ainda desafiador.<\/p>\n\n\n\n<p>\u201cNo Brasil, os principais eventos da semana ser\u00e3o as divulga\u00e7\u00f5es dos dados de infla\u00e7\u00e3o, mercado de trabalho e decis\u00e3o de juros. Nossa expectativa \u00e9 que banco central (BC) reduz novamente a taxa de juros em -0,25%, levando a taxa Selic para 14,50%. Apesar da manuten\u00e7\u00e3o do cen\u00e1rio externo desafiador e alta recente tanto da infla\u00e7\u00e3o dom\u00e9stica quanto das expectativas de infla\u00e7\u00e3o, o BC deve continuar calibrando o n\u00edvel de juros\u201d, destacou o banco.<\/p>\n\n\n\t<p>\n\t\t<a href=\"https:\/\/lp2.suno.com.br\/lm\/minicurso-construindo-um-portfolio-milionario\/?utm_campaign=_SNC35CF3834_ao&#038;utm_source=suno-not\u00edcias&#038;utm_medium=banner.noticias\" target=\"_blank\" data-element=\"shortcode-suno-banner\" title=\"Banner SUNO, clique e saiba mais\">\n\t\t\t<picture>\n\t\t\t\t<source media=\"(max-width: 500px)\" srcset=\"https:\/\/files.sunoresearch.com.br\/gaia\/uploads\/2026\/01\/MB-PS-HOME-DE-ARTIGOS-400x300-ID_01_x1.jpg\">\n\t\t\t\t<img class=\"newsContent__article__imgCapa newsContent__article__imgCapa--banner\"\n\t\t\t\t\tsrc=\"https:\/\/files.sunoresearch.com.br\/gaia\/uploads\/2026\/01\/DT-PS-HOME-DE-ARTIGOS-1420x240-ID_01_x1.jpg\"\n\t\t\t\t\tdata-promo-id=\"651626\"\t\t\t\t\t\t\t\t\t\twidth='1420' height='240'\t\t\t\t\talt=\"https:\/\/files.sunoresearch.com.br\/gaia\/uploads\/2026\/01\/DT-PS-HOME-DE-ARTIGOS-1420x240-ID_01_x1.jpg\"\n\t\t\t\t>\n\t\t\t<\/picture>\n\t\t<\/a>\n\t<\/p>\n\n\n\n\n\n\n\n<p>A proje\u00e7\u00e3o \u00e9 a mesma dos analistas do Ita\u00fa Unibanco. No relat\u00f3rio de pesquisa macroecon\u00f4mica desta segunda-feira, o banco destaca que o Copom deve realizar um novo corte de 0,25 ponto percentual nos juros, sem realizar mudan\u00e7as significativas de comunica\u00e7\u00e3o. <\/p>\n\n\n\n<p>&#8220;O comit\u00ea deve enfatizar serenidade e cautela na condu\u00e7\u00e3o da pol\u00edtica monet\u00e1ria, adicionando que os passos futuros do processo de calibra\u00e7\u00e3o seguir\u00e3o guiados pela evolu\u00e7\u00e3o dos dados e pela avalia\u00e7\u00e3o cont\u00ednua do balan\u00e7o de riscos, al\u00e9m de incorporar novas informa\u00e7\u00f5es que aumentem a clareza sobre a profundidade e extens\u00e3o no tempo dos conflitos no Oriente M\u00e9dio&#8221;, diz a an\u00e1lise. <\/p>\n\n\n\n<p>Segundo o <a class=\"suno-keyword\" target=\"_blank\" data-force=\"no\" data-priority=\"2\" href=\"https:\/\/www.suno.com.br\/artigos\/boletim-focus\/\" rel=\"noopener\">Boletim Focus<\/a> desta segunda-feira, as proje\u00e7\u00f5es para a <strong>taxa Selic<\/strong> ao fim de 2026 foram mantidas em 13%, acima dos 12,50% estimados h\u00e1 um m\u00eas. Para 2027, a expectativa segue em 11,0%, enquanto as estimativas para 2028 e 2029 permanecem em 10,0% e 9,75%, respectivamente.<\/p>\n","protected":false},"excerpt":{"rendered":"<p>O Comit\u00ea de Pol\u00edtica Monet\u00e1ria do Banco Central (Copom) realiza, nesta quarta-feira (29), sua terceira reuni\u00e3o de pol\u00edtica monet\u00e1ria de 2026, em meio \u00e0 expectativa de continuidade no ciclo de cortes de juros. Ap\u00f3s iniciar o ano com a taxa Selic em 15% ao ano, maior n\u00edvel desde 2006, o mercado projeta agora uma nova &hellip; Continued<\/p>\n","protected":false},"author":404,"featured_media":649601,"comment_status":"closed","ping_status":"closed","sticky":false,"template":"","format":"standard","meta":[],"categories":[62],"tags":[290],"suno_strategy":[],"class_list":["post-649600","post","type-post","status-publish","format-standard","has-post-thumbnail","hentry","category-economia","tag-taxa-selic"],"yoast_head":"<!-- This site is optimized with the Yoast SEO plugin v24.4 - https:\/\/yoast.com\/wordpress\/plugins\/seo\/ -->\n<title>Taxa Selic: mercado v\u00ea corte de 0,25 p.p nesta semana<\/title>\n<meta name=\"description\" content=\"Ap\u00f3s iniciar o ano com a taxa Selic em 15% ao ano, maior n\u00edvel desde 2006, o mercado projeta agora uma nova redu\u00e7\u00e3o de 0,25 p.p. Leia mais.\" \/>\n<meta name=\"robots\" content=\"index, follow, max-snippet:-1, max-image-preview:large, max-video-preview:-1\" \/>\n<link rel=\"canonical\" href=\"https:\/\/www.suno.com.br\/noticias\/taxa-selic-mercado-ve-corte-de-25-bp-semana-go\/\" \/>\n<meta property=\"og:locale\" content=\"pt_BR\" \/>\n<meta property=\"og:type\" content=\"article\" \/>\n<meta property=\"og:title\" content=\"Taxa Selic: mercado v\u00ea corte de 0,25 p.p nesta semana\" \/>\n<meta property=\"og:description\" content=\"Ap\u00f3s iniciar o ano com a taxa Selic em 15% ao ano, maior n\u00edvel desde 2006, o mercado projeta agora uma nova redu\u00e7\u00e3o de 0,25 p.p. Leia mais.\" \/>\n<meta property=\"og:url\" content=\"https:\/\/www.suno.com.br\/noticias\/taxa-selic-mercado-ve-corte-de-25-bp-semana-go\/\" \/>\n<meta property=\"og:site_name\" content=\"Suno Not\u00edcias\" \/>\n<meta property=\"article:publisher\" content=\"https:\/\/facebook.com\/sunoresearch\" \/>\n<meta property=\"og:image\" content=\"http:\/\/files.sunoresearch.com.br\/n\/uploads\/2026\/04\/iStock-1489161417-1-jpg.webp\" \/>\n\t<meta property=\"og:image:width\" content=\"2187\" \/>\n\t<meta property=\"og:image:height\" content=\"1370\" \/>\n\t<meta property=\"og:image:type\" content=\"image\/jpeg\" \/>\n<meta name=\"author\" content=\"Giovanna Oliveira\" \/>\n<meta name=\"twitter:card\" content=\"summary_large_image\" \/>\n<meta name=\"twitter:creator\" content=\"@sunoresearch\" \/>\n<meta name=\"twitter:site\" content=\"@sunoresearch\" \/>\n<meta name=\"twitter:label1\" content=\"Escrito por\" \/>\n\t<meta name=\"twitter:data1\" content=\"Giovanna Oliveira\" \/>\n\t<meta name=\"twitter:label2\" content=\"Est. tempo de leitura\" \/>\n\t<meta name=\"twitter:data2\" content=\"2 minutos\" \/>\n<script type=\"application\/ld+json\" class=\"yoast-schema-graph\">{\"@context\":\"https:\/\/schema.org\",\"@graph\":[{\"@type\":\"NewsArticle\",\"@id\":\"https:\/\/www.suno.com.br\/noticias\/taxa-selic-mercado-ve-corte-de-25-bp-semana-go\/#article\",\"isPartOf\":{\"@id\":\"https:\/\/www.suno.com.br\/noticias\/taxa-selic-mercado-ve-corte-de-25-bp-semana-go\/\"},\"author\":{\"name\":\"Giovanna Oliveira\",\"@id\":\"https:\/\/www.suno.com.br\/noticias\/#\/schema\/person\/506bb13f624e6983050ae5bf648c7a54\"},\"headline\":\"Taxa Selic: mercado v\u00ea corte de 0,25 p.p nesta semana, para 14,5% ao ano\",\"datePublished\":\"2026-04-27T19:45:08+00:00\",\"mainEntityOfPage\":{\"@id\":\"https:\/\/www.suno.com.br\/noticias\/taxa-selic-mercado-ve-corte-de-25-bp-semana-go\/\"},\"wordCount\":412,\"publisher\":{\"@id\":\"https:\/\/www.suno.com.br\/noticias\/#organization\"},\"image\":{\"@id\":\"https:\/\/www.suno.com.br\/noticias\/taxa-selic-mercado-ve-corte-de-25-bp-semana-go\/#primaryimage\"},\"thumbnailUrl\":\"https:\/\/files.sunoresearch.com.br\/n\/uploads\/2026\/04\/iStock-1489161417-1-jpg.webp\",\"keywords\":[\"Taxa Selic\"],\"articleSection\":[\"Economia\"],\"inLanguage\":\"pt-BR\"},{\"@type\":\"WebPage\",\"@id\":\"https:\/\/www.suno.com.br\/noticias\/taxa-selic-mercado-ve-corte-de-25-bp-semana-go\/\",\"url\":\"https:\/\/www.suno.com.br\/noticias\/taxa-selic-mercado-ve-corte-de-25-bp-semana-go\/\",\"name\":\"Taxa Selic: mercado v\u00ea corte de 0,25 p.p nesta semana\",\"isPartOf\":{\"@id\":\"https:\/\/www.suno.com.br\/noticias\/#website\"},\"primaryImageOfPage\":{\"@id\":\"https:\/\/www.suno.com.br\/noticias\/taxa-selic-mercado-ve-corte-de-25-bp-semana-go\/#primaryimage\"},\"image\":{\"@id\":\"https:\/\/www.suno.com.br\/noticias\/taxa-selic-mercado-ve-corte-de-25-bp-semana-go\/#primaryimage\"},\"thumbnailUrl\":\"https:\/\/files.sunoresearch.com.br\/n\/uploads\/2026\/04\/iStock-1489161417-1-jpg.webp\",\"datePublished\":\"2026-04-27T19:45:08+00:00\",\"description\":\"Ap\u00f3s iniciar o ano com a taxa Selic em 15% ao ano, maior n\u00edvel desde 2006, o mercado projeta agora uma nova redu\u00e7\u00e3o de 0,25 p.p. Leia mais.\",\"breadcrumb\":{\"@id\":\"https:\/\/www.suno.com.br\/noticias\/taxa-selic-mercado-ve-corte-de-25-bp-semana-go\/#breadcrumb\"},\"inLanguage\":\"pt-BR\",\"potentialAction\":[{\"@type\":\"ReadAction\",\"target\":[\"https:\/\/www.suno.com.br\/noticias\/taxa-selic-mercado-ve-corte-de-25-bp-semana-go\/\"]}]},{\"@type\":\"ImageObject\",\"inLanguage\":\"pt-BR\",\"@id\":\"https:\/\/www.suno.com.br\/noticias\/taxa-selic-mercado-ve-corte-de-25-bp-semana-go\/#primaryimage\",\"url\":\"https:\/\/files.sunoresearch.com.br\/n\/uploads\/2026\/04\/iStock-1489161417-1-jpg.webp\",\"contentUrl\":\"https:\/\/files.sunoresearch.com.br\/n\/uploads\/2026\/04\/iStock-1489161417-1-jpg.webp\",\"width\":2187,\"height\":1370,\"caption\":\"Taxa Selic. Foto: iStock.\"},{\"@type\":\"BreadcrumbList\",\"@id\":\"https:\/\/www.suno.com.br\/noticias\/taxa-selic-mercado-ve-corte-de-25-bp-semana-go\/#breadcrumb\",\"itemListElement\":[{\"@type\":\"ListItem\",\"position\":1,\"name\":\"Not\u00edcias\",\"item\":\"https:\/\/www.suno.com.br\/noticias\/\"},{\"@type\":\"ListItem\",\"position\":2,\"name\":\"Neg\u00f3cios\",\"item\":\"https:\/\/www.suno.com.br\/noticias\/negocios\/\"},{\"@type\":\"ListItem\",\"position\":3,\"name\":\"Taxa Selic: mercado v\u00ea corte de 0,25 p.p nesta semana, para 14,5% ao ano\"}]},{\"@type\":\"WebSite\",\"@id\":\"https:\/\/www.suno.com.br\/noticias\/#website\",\"url\":\"https:\/\/www.suno.com.br\/noticias\/\",\"name\":\"Suno Not\u00edcias\",\"description\":\"Seu portal de informa\u00e7\u00e3o sobre o mundo dos investimentos\",\"publisher\":{\"@id\":\"https:\/\/www.suno.com.br\/noticias\/#organization\"},\"potentialAction\":[{\"@type\":\"SearchAction\",\"target\":{\"@type\":\"EntryPoint\",\"urlTemplate\":\"https:\/\/www.suno.com.br\/noticias\/?s={search_term_string}\"},\"query-input\":{\"@type\":\"PropertyValueSpecification\",\"valueRequired\":true,\"valueName\":\"search_term_string\"}}],\"inLanguage\":\"pt-BR\"},{\"@type\":\"Organization\",\"@id\":\"https:\/\/www.suno.com.br\/noticias\/#organization\",\"name\":\"Suno Not\u00edcias\",\"url\":\"https:\/\/www.suno.com.br\/noticias\/\",\"logo\":{\"@type\":\"ImageObject\",\"inLanguage\":\"pt-BR\",\"@id\":\"https:\/\/www.suno.com.br\/noticias\/#\/schema\/logo\/image\/\",\"url\":\"https:\/\/files.sunoresearch.com.br\/n\/uploads\/2021\/09\/suno-logo.png\",\"contentUrl\":\"https:\/\/files.sunoresearch.com.br\/n\/uploads\/2021\/09\/suno-logo.png\",\"width\":180,\"height\":180,\"caption\":\"Suno Not\u00edcias\"},\"image\":{\"@id\":\"https:\/\/www.suno.com.br\/noticias\/#\/schema\/logo\/image\/\"},\"sameAs\":[\"https:\/\/facebook.com\/sunoresearch\",\"https:\/\/x.com\/sunoresearch\",\"https:\/\/www.instagram.com\/suno\",\"https:\/\/www.linkedin.com\/company\/suno-research\/\",\"https:\/\/www.youtube.com\/c\/sunoresearch\"]},{\"@type\":\"Person\",\"@id\":\"https:\/\/www.suno.com.br\/noticias\/#\/schema\/person\/506bb13f624e6983050ae5bf648c7a54\",\"name\":\"Giovanna Oliveira\",\"image\":{\"@type\":\"ImageObject\",\"inLanguage\":\"pt-BR\",\"@id\":\"https:\/\/www.suno.com.br\/noticias\/#\/schema\/person\/image\/\",\"url\":\"https:\/\/secure.gravatar.com\/avatar\/8d180e5cea232a9bb3af521589b133fa?s=96&r=g\",\"contentUrl\":\"https:\/\/secure.gravatar.com\/avatar\/8d180e5cea232a9bb3af521589b133fa?s=96&r=g\",\"caption\":\"Giovanna Oliveira\"},\"description\":\"Jornalista com mais de sete anos de experi\u00eancia na cobertura de finan\u00e7as e economia. P\u00f3s-graduada em Neg\u00f3cios e Inova\u00e7\u00e3o (ESPM-SP) e mestranda em Finan\u00e7as (UADE Business School\u2013Buenos Aires).\",\"url\":\"https:\/\/www.suno.com.br\/noticias\/author\/giovannalmd-oliveiragmail-com\/\"}]}<\/script>\n<!-- \/ Yoast SEO plugin. -->","yoast_head_json":{"title":"Taxa Selic: mercado v\u00ea corte de 0,25 p.p nesta semana","description":"Ap\u00f3s iniciar o ano com a taxa Selic em 15% ao ano, maior n\u00edvel desde 2006, o mercado projeta agora uma nova redu\u00e7\u00e3o de 0,25 p.p. Leia mais.","robots":{"index":"index","follow":"follow","max-snippet":"max-snippet:-1","max-image-preview":"max-image-preview:large","max-video-preview":"max-video-preview:-1"},"canonical":"https:\/\/www.suno.com.br\/noticias\/taxa-selic-mercado-ve-corte-de-25-bp-semana-go\/","og_locale":"pt_BR","og_type":"article","og_title":"Taxa Selic: mercado v\u00ea corte de 0,25 p.p nesta semana","og_description":"Ap\u00f3s iniciar o ano com a taxa Selic em 15% ao ano, maior n\u00edvel desde 2006, o mercado projeta agora uma nova redu\u00e7\u00e3o de 0,25 p.p. Leia mais.","og_url":"https:\/\/www.suno.com.br\/noticias\/taxa-selic-mercado-ve-corte-de-25-bp-semana-go\/","og_site_name":"Suno Not\u00edcias","article_publisher":"https:\/\/facebook.com\/sunoresearch","og_image":[{"width":2187,"height":1370,"url":"http:\/\/files.sunoresearch.com.br\/n\/uploads\/2026\/04\/iStock-1489161417-1-jpg.webp","type":"image\/jpeg"}],"author":"Giovanna Oliveira","twitter_card":"summary_large_image","twitter_creator":"@sunoresearch","twitter_site":"@sunoresearch","twitter_misc":{"Escrito por":"Giovanna Oliveira","Est. tempo de leitura":"2 minutos"},"schema":{"@context":"https:\/\/schema.org","@graph":[{"@type":"NewsArticle","@id":"https:\/\/www.suno.com.br\/noticias\/taxa-selic-mercado-ve-corte-de-25-bp-semana-go\/#article","isPartOf":{"@id":"https:\/\/www.suno.com.br\/noticias\/taxa-selic-mercado-ve-corte-de-25-bp-semana-go\/"},"author":{"name":"Giovanna Oliveira","@id":"https:\/\/www.suno.com.br\/noticias\/#\/schema\/person\/506bb13f624e6983050ae5bf648c7a54"},"headline":"Taxa Selic: mercado v\u00ea corte de 0,25 p.p nesta semana, para 14,5% ao ano","datePublished":"2026-04-27T19:45:08+00:00","mainEntityOfPage":{"@id":"https:\/\/www.suno.com.br\/noticias\/taxa-selic-mercado-ve-corte-de-25-bp-semana-go\/"},"wordCount":412,"publisher":{"@id":"https:\/\/www.suno.com.br\/noticias\/#organization"},"image":{"@id":"https:\/\/www.suno.com.br\/noticias\/taxa-selic-mercado-ve-corte-de-25-bp-semana-go\/#primaryimage"},"thumbnailUrl":"https:\/\/files.sunoresearch.com.br\/n\/uploads\/2026\/04\/iStock-1489161417-1-jpg.webp","keywords":["Taxa Selic"],"articleSection":["Economia"],"inLanguage":"pt-BR"},{"@type":"WebPage","@id":"https:\/\/www.suno.com.br\/noticias\/taxa-selic-mercado-ve-corte-de-25-bp-semana-go\/","url":"https:\/\/www.suno.com.br\/noticias\/taxa-selic-mercado-ve-corte-de-25-bp-semana-go\/","name":"Taxa Selic: mercado v\u00ea corte de 0,25 p.p nesta semana","isPartOf":{"@id":"https:\/\/www.suno.com.br\/noticias\/#website"},"primaryImageOfPage":{"@id":"https:\/\/www.suno.com.br\/noticias\/taxa-selic-mercado-ve-corte-de-25-bp-semana-go\/#primaryimage"},"image":{"@id":"https:\/\/www.suno.com.br\/noticias\/taxa-selic-mercado-ve-corte-de-25-bp-semana-go\/#primaryimage"},"thumbnailUrl":"https:\/\/files.sunoresearch.com.br\/n\/uploads\/2026\/04\/iStock-1489161417-1-jpg.webp","datePublished":"2026-04-27T19:45:08+00:00","description":"Ap\u00f3s iniciar o ano com a taxa Selic em 15% ao ano, maior n\u00edvel desde 2006, o mercado projeta agora uma nova redu\u00e7\u00e3o de 0,25 p.p. Leia mais.","breadcrumb":{"@id":"https:\/\/www.suno.com.br\/noticias\/taxa-selic-mercado-ve-corte-de-25-bp-semana-go\/#breadcrumb"},"inLanguage":"pt-BR","potentialAction":[{"@type":"ReadAction","target":["https:\/\/www.suno.com.br\/noticias\/taxa-selic-mercado-ve-corte-de-25-bp-semana-go\/"]}]},{"@type":"ImageObject","inLanguage":"pt-BR","@id":"https:\/\/www.suno.com.br\/noticias\/taxa-selic-mercado-ve-corte-de-25-bp-semana-go\/#primaryimage","url":"https:\/\/files.sunoresearch.com.br\/n\/uploads\/2026\/04\/iStock-1489161417-1-jpg.webp","contentUrl":"https:\/\/files.sunoresearch.com.br\/n\/uploads\/2026\/04\/iStock-1489161417-1-jpg.webp","width":2187,"height":1370,"caption":"Taxa Selic. Foto: iStock."},{"@type":"BreadcrumbList","@id":"https:\/\/www.suno.com.br\/noticias\/taxa-selic-mercado-ve-corte-de-25-bp-semana-go\/#breadcrumb","itemListElement":[{"@type":"ListItem","position":1,"name":"Not\u00edcias","item":"https:\/\/www.suno.com.br\/noticias\/"},{"@type":"ListItem","position":2,"name":"Neg\u00f3cios","item":"https:\/\/www.suno.com.br\/noticias\/negocios\/"},{"@type":"ListItem","position":3,"name":"Taxa Selic: mercado v\u00ea corte de 0,25 p.p nesta semana, para 14,5% ao ano"}]},{"@type":"WebSite","@id":"https:\/\/www.suno.com.br\/noticias\/#website","url":"https:\/\/www.suno.com.br\/noticias\/","name":"Suno Not\u00edcias","description":"Seu portal de informa\u00e7\u00e3o sobre o mundo dos investimentos","publisher":{"@id":"https:\/\/www.suno.com.br\/noticias\/#organization"},"potentialAction":[{"@type":"SearchAction","target":{"@type":"EntryPoint","urlTemplate":"https:\/\/www.suno.com.br\/noticias\/?s={search_term_string}"},"query-input":{"@type":"PropertyValueSpecification","valueRequired":true,"valueName":"search_term_string"}}],"inLanguage":"pt-BR"},{"@type":"Organization","@id":"https:\/\/www.suno.com.br\/noticias\/#organization","name":"Suno Not\u00edcias","url":"https:\/\/www.suno.com.br\/noticias\/","logo":{"@type":"ImageObject","inLanguage":"pt-BR","@id":"https:\/\/www.suno.com.br\/noticias\/#\/schema\/logo\/image\/","url":"https:\/\/files.sunoresearch.com.br\/n\/uploads\/2021\/09\/suno-logo.png","contentUrl":"https:\/\/files.sunoresearch.com.br\/n\/uploads\/2021\/09\/suno-logo.png","width":180,"height":180,"caption":"Suno Not\u00edcias"},"image":{"@id":"https:\/\/www.suno.com.br\/noticias\/#\/schema\/logo\/image\/"},"sameAs":["https:\/\/facebook.com\/sunoresearch","https:\/\/x.com\/sunoresearch","https:\/\/www.instagram.com\/suno","https:\/\/www.linkedin.com\/company\/suno-research\/","https:\/\/www.youtube.com\/c\/sunoresearch"]},{"@type":"Person","@id":"https:\/\/www.suno.com.br\/noticias\/#\/schema\/person\/506bb13f624e6983050ae5bf648c7a54","name":"Giovanna Oliveira","image":{"@type":"ImageObject","inLanguage":"pt-BR","@id":"https:\/\/www.suno.com.br\/noticias\/#\/schema\/person\/image\/","url":"https:\/\/secure.gravatar.com\/avatar\/8d180e5cea232a9bb3af521589b133fa?s=96&r=g","contentUrl":"https:\/\/secure.gravatar.com\/avatar\/8d180e5cea232a9bb3af521589b133fa?s=96&r=g","caption":"Giovanna Oliveira"},"description":"Jornalista com mais de sete anos de experi\u00eancia na cobertura de finan\u00e7as e economia. P\u00f3s-graduada em Neg\u00f3cios e Inova\u00e7\u00e3o (ESPM-SP) e mestranda em Finan\u00e7as (UADE Business School\u2013Buenos Aires).","url":"https:\/\/www.suno.com.br\/noticias\/author\/giovannalmd-oliveiragmail-com\/"}]}},"default_loop_html":"<div class=\"cardsPage__listCard__boxs\"><div class=\"cardsPage__listCard__boxs__img\"><a href=\"https:\/\/www.suno.com.br\/noticias\/taxa-selic-mercado-ve-corte-de-25-bp-semana-go\/\"><img class=\"mask\" src=\"https:\/\/www.suno.com.br\/noticias\/wp-content\/themes\/suno\/resources\/images\/spotlight\/spotlight1img\/bg-mask.png\" alt=\"Image Mask\"\/><img src=\"https:\/\/files.sunoresearch.com.br\/n\/uploads\/2026\/04\/iStock-1489161417-1-400x200.webp\" alt=\"Taxa Selic: mercado v\u00ea corte de 0,25 p.p nesta semana, para 14,5% ao ano\"\/><\/a><span class=\"spotlightCategory\"><a href=\"https:\/\/www.suno.com.br\/noticias\/economia\/\">Economia<\/a><\/span><\/div><div class=\"cardsPage__listCard__boxs__content\"><a href=\"https:\/\/www.suno.com.br\/noticias\/taxa-selic-mercado-ve-corte-de-25-bp-semana-go\/\"><h2 class=\"content__title\">Taxa Selic: mercado v\u00ea corte de 0,25 p.p nesta semana, para 14,5% ao ano<\/h2><\/a><div class=\"newsContent__article__meta\"><div class=\"newsContent__article__meta__authorBox\"><a href=\"https:\/\/www.suno.com.br\/noticias\/author\/giovannalmd-oliveiragmail-com\/\" class=\"authorBox__avatar noMobi\"><img src=\"https:\/\/secure.gravatar.com\/avatar\/8d180e5cea232a9bb3af521589b133fa?s=96&#038;r=g\" alt=\"Giovanna Oliveira\"><\/a><div class=\"authorBox__name\"><span>por\n\t\t\t<a href=\"https:\/\/www.suno.com.br\/noticias\/author\/giovannalmd-oliveiragmail-com\/\"><span itemprop=\"author\">Giovanna Oliveira<\/span><\/a><\/span><time datetime=\"2026-04-27T16:45:08-03:00\" itemprop=\"datePublished\">27\/04\/2026 16:45<\/time><\/div><\/div><\/div><\/div><\/div>","single_layout":"posts","amp_enabled":true,"_links":{"self":[{"href":"https:\/\/www.suno.com.br\/noticias\/wp-json\/wp\/v2\/posts\/649600"}],"collection":[{"href":"https:\/\/www.suno.com.br\/noticias\/wp-json\/wp\/v2\/posts"}],"about":[{"href":"https:\/\/www.suno.com.br\/noticias\/wp-json\/wp\/v2\/types\/post"}],"author":[{"embeddable":true,"href":"https:\/\/www.suno.com.br\/noticias\/wp-json\/wp\/v2\/users\/404"}],"replies":[{"embeddable":true,"href":"https:\/\/www.suno.com.br\/noticias\/wp-json\/wp\/v2\/comments?post=649600"}],"version-history":[{"count":0,"href":"https:\/\/www.suno.com.br\/noticias\/wp-json\/wp\/v2\/posts\/649600\/revisions"}],"wp:featuredmedia":[{"embeddable":true,"href":"https:\/\/www.suno.com.br\/noticias\/wp-json\/wp\/v2\/media\/649601"}],"wp:attachment":[{"href":"https:\/\/www.suno.com.br\/noticias\/wp-json\/wp\/v2\/media?parent=649600"}],"wp:term":[{"taxonomy":"category","embeddable":true,"href":"https:\/\/www.suno.com.br\/noticias\/wp-json\/wp\/v2\/categories?post=649600"},{"taxonomy":"post_tag","embeddable":true,"href":"https:\/\/www.suno.com.br\/noticias\/wp-json\/wp\/v2\/tags?post=649600"},{"taxonomy":"suno_strategy","embeddable":true,"href":"https:\/\/www.suno.com.br\/noticias\/wp-json\/wp\/v2\/suno_strategy?post=649600"}],"curies":[{"name":"wp","href":"https:\/\/api.w.org\/{rel}","templated":true}]}}