{"id":649554,"date":"2026-04-27T11:15:05","date_gmt":"2026-04-27T14:15:05","guid":{"rendered":"https:\/\/www.suno.com.br\/noticias\/boletim-focus-27-04-2026-ipca-selic-mt\/"},"modified":"2026-04-27T11:15:05","modified_gmt":"2026-04-27T14:15:05","slug":"boletim-focus-27-04-2026-ipca-selic-mt","status":"publish","type":"post","link":"https:\/\/www.suno.com.br\/noticias\/boletim-focus-27-04-2026-ipca-selic-mt\/","title":{"rendered":"Focus liga alerta na infla\u00e7\u00e3o \u00e0s v\u00e9speras do Copom; veja o que mudou nas proje\u00e7\u00f5es"},"content":{"rendered":"<p>O <strong>Focus<\/strong> divulgado nesta segunda-feira (27) trouxe novas revis\u00f5es nas expectativas do mercado para a economia brasileira, com destaque para a infla\u00e7\u00e3o de 2026, que voltou a subir, enquanto a proje\u00e7\u00e3o da <a class=\"suno-keyword\" target=\"_blank\" data-force=\"no\" data-priority=\"3\" href=\"https:\/\/www.suno.com.br\/artigos\/taxa-selic\/\" rel=\"noopener\">taxa Selic<\/a> foi mantida em 13,0% ao ano. O relat\u00f3rio chega na semana da decis\u00e3o do Comit\u00ea de <a class=\"suno-keyword\" target=\"_blank\" data-force=\"no\" data-priority=\"1\" href=\"https:\/\/www.suno.com.br\/artigos\/politica-monetaria\/\" rel=\"noopener\">Pol\u00edtica Monet\u00e1ria<\/a> (Copom), marcada para quarta-feira (29), e refor\u00e7a o cen\u00e1rio de press\u00e3o inflacion\u00e1ria acompanhado de juros ainda elevados.<\/p>\t<div class=\"wrapper-featured-image\">\n\t\t<figure class=\"spotlightImg\">\n\n\t\t\t<picture>\n\t\t\t\t<source media=\"(max-width: 768px)\" srcset=\"https:\/\/files.sunoresearch.com.br\/n\/uploads\/2026\/04\/9ae4626b-boletim-focus-2-jpg-400x200.webp\">\n\t\t\t\t<img loading=\"lazy\" decoding=\"async\" class=\"newsContent__article__imgCapa lazyloadDisabled \" src=\"https:\/\/files.sunoresearch.com.br\/n\/uploads\/2026\/04\/9ae4626b-boletim-focus-2-jpg-800x450.webp\" width=\"800\" height=\"450\" alt=\"Focus liga alerta na infla\u00e7\u00e3o \u00e0s v\u00e9speras do Copom; veja o que mudou nas proje\u00e7\u00f5es\" fetchpriority=high \/>\n\t\t\t<\/picture>\n\n\t\t\t<figcaption class=\"wp-caption-text wp-caption-text--show\">Boletim Focus<\/figcaption>\n\t\t<\/figure>\n\t<\/div>\n\n\n\n\n\n\n<h2 class=\"wp-block-heading\"><strong>Infla\u00e7\u00e3o segue em alta no Focus<\/strong><\/h2>\n\n\n\n<p>A mediana das proje\u00e7\u00f5es para o IPCA de 2026 subiu pela s\u00e9tima semana consecutiva, passando de 4,80% para 4,86%, ampliando a dist\u00e2ncia em rela\u00e7\u00e3o ao teto da <a class=\"suno-keyword\" target=\"_blank\" data-force=\"no\" data-priority=\"1\" href=\"https:\/\/www.suno.com.br\/artigos\/meta-de-inflacao\/\" rel=\"noopener\">meta de infla\u00e7\u00e3o<\/a>, de 4,50%. Entre as estimativas mais recentes, atualizadas nos \u00faltimos cinco dias \u00fateis, o avan\u00e7o foi de 4,85% para 4,89%.<\/p>\n\n\n\n<p>Para 2027, a expectativa tamb\u00e9m apresentou leve alta, de 3,99% para 4,00%, acumulando a quinta eleva\u00e7\u00e3o seguida. J\u00e1 para os anos seguintes, as proje\u00e7\u00f5es permanecem mais est\u00e1veis: 3,61% em 2028 e 3,50% em 2029.<\/p>\n\n\n\t<p>\n\t\t<a href=\"https:\/\/lp2.suno.com.br\/onde-investir-2026\/?utm_campaign=_SNC390A0FD0_ao&#038;utm_source=suno-not\u00edcias&#038;utm_medium=banner.noticias\" target=\"_blank\" data-element=\"shortcode-suno-banner\" title=\"Banner SUNO, clique e saiba mais\">\n\t\t\t<picture>\n\t\t\t\t<source media=\"(max-width: 500px)\" srcset=\"https:\/\/files.sunoresearch.com.br\/gaia\/uploads\/2026\/01\/Banner-Materias-01-Mbl_-400x300-1.png\">\n\t\t\t\t<img class=\"newsContent__article__imgCapa newsContent__article__imgCapa--banner\"\n\t\t\t\t\tsrc=\"https:\/\/files.sunoresearch.com.br\/gaia\/uploads\/2026\/01\/Banner-Materias-01-Dkp_-1420x240-1.png\"\n\t\t\t\t\tdata-promo-id=\"651623\"\t\t\t\t\t\t\t\t\t\twidth='1420' height='240'\t\t\t\t\talt=\"https:\/\/files.sunoresearch.com.br\/gaia\/uploads\/2026\/01\/Banner-Materias-01-Dkp_-1420x240-1.png\"\n\t\t\t\t>\n\t\t\t<\/picture>\n\t\t<\/a>\n\t<\/p>\n\n\n\n\n\n\n\n<p>O Banco Central trabalha com meta cont\u00ednua de infla\u00e7\u00e3o de 3%, com intervalo de toler\u00e2ncia de 1,5 ponto percentual para cima ou para baixo, considerando o IPCA acumulado em 12 meses.<\/p>\n\n\n\n<h3 class=\"wp-block-heading\"><strong>Focus mant\u00e9m Selic e traz ajustes em c\u00e2mbio e PIB<\/strong><\/h3>\n\n\n\n<p>No campo dos juros, o <strong>Focus<\/strong> manteve a expectativa para a Selic em 13,0% ao ano ao fim de 2026, repetindo o n\u00edvel da semana anterior, mas acima dos 12,50% projetados h\u00e1 um m\u00eas. Para 2027, a proje\u00e7\u00e3o tamb\u00e9m permaneceu em 11,0%, enquanto as estimativas para 2028 e 2029 ficaram em 10,0% e 9,75%, respectivamente.<\/p>\n\n\n\n<p>Na \u00faltima reuni\u00e3o, realizada em mar\u00e7o, o Copom reduziu a <a class=\"suno-keyword\" target=\"_blank\" data-force=\"no\" data-priority=\"1\" href=\"https:\/\/www.suno.com.br\/artigos\/taxa-de-juros\/\" rel=\"noopener\">taxa b\u00e1sica de juros<\/a> em 0,25 ponto percentual, de 15% para 14,75% ao ano, marcando o primeiro corte em quase dois anos.<\/p>\n\n\n\t<p>\n\t\t<a href=\"https:\/\/lp2.suno.com.br\/lm\/minicurso-construindo-um-portfolio-milionario\/?utm_campaign=_SNC35CF3834_ao&#038;utm_source=suno-not\u00edcias&#038;utm_medium=banner.noticias\" target=\"_blank\" data-element=\"shortcode-suno-banner\" title=\"Banner SUNO, clique e saiba mais\">\n\t\t\t<picture>\n\t\t\t\t<source media=\"(max-width: 500px)\" srcset=\"https:\/\/files.sunoresearch.com.br\/gaia\/uploads\/2026\/01\/MB-PS-HOME-DE-ARTIGOS-400x300-ID_01_x1.jpg\">\n\t\t\t\t<img class=\"newsContent__article__imgCapa newsContent__article__imgCapa--banner\"\n\t\t\t\t\tsrc=\"https:\/\/files.sunoresearch.com.br\/gaia\/uploads\/2026\/01\/DT-PS-HOME-DE-ARTIGOS-1420x240-ID_01_x1.jpg\"\n\t\t\t\t\tdata-promo-id=\"651626\"\t\t\t\t\t\t\t\t\t\twidth='1420' height='240'\t\t\t\t\talt=\"https:\/\/files.sunoresearch.com.br\/gaia\/uploads\/2026\/01\/DT-PS-HOME-DE-ARTIGOS-1420x240-ID_01_x1.jpg\"\n\t\t\t\t>\n\t\t\t<\/picture>\n\t\t<\/a>\n\t<\/p>\n\n\n\n\n\n\n\n<p>No c\u00e2mbio, a proje\u00e7\u00e3o para o d\u00f3lar em 2026 recuou de R$ 5,30 para R$ 5,25. J\u00e1 a estimativa para o crescimento do Produto Interno Bruto (PIB) permaneceu em 1,85% para o mesmo ano, indicando estabilidade nas expectativas para a atividade econ\u00f4mica.<\/p>\n\n\n\n<p>Com esses dados, o <strong>Focus<\/strong> desta semana consolida as proje\u00e7\u00f5es mais recentes do mercado para infla\u00e7\u00e3o, juros, c\u00e2mbio e crescimento econ\u00f4mico, em um momento de aten\u00e7\u00e3o para a pol\u00edtica monet\u00e1ria.<\/p>\n\n\n\n<p><\/p>\n","protected":false},"excerpt":{"rendered":"<p>O Focus divulgado nesta segunda-feira (27) trouxe novas revis\u00f5es nas expectativas do mercado para a economia brasileira, com destaque para a infla\u00e7\u00e3o de 2026, que voltou a subir, enquanto a proje\u00e7\u00e3o da taxa Selic foi mantida em 13,0% ao ano. O relat\u00f3rio chega na semana da decis\u00e3o do Comit\u00ea de Pol\u00edtica Monet\u00e1ria (Copom), marcada para &hellip; Continued<\/p>\n","protected":false},"author":402,"featured_media":649556,"comment_status":"closed","ping_status":"closed","sticky":false,"template":"","format":"standard","meta":[],"categories":[62],"tags":[834],"suno_strategy":[],"class_list":["post-649554","post","type-post","status-publish","format-standard","has-post-thumbnail","hentry","category-economia","tag-boletim-focus"],"yoast_head":"<!-- This site is optimized with the Yoast SEO plugin v24.4 - https:\/\/yoast.com\/wordpress\/plugins\/seo\/ -->\n<title>Focus eleva IPCA para 4,86% e mant\u00e9m Selic em 13%<\/title>\n<meta name=\"description\" content=\"Focus eleva IPCA para 4,86% e mant\u00e9m Selic em 13% para 2026. Relat\u00f3rio sai antes do Copom e atualiza proje\u00e7\u00f5es do mercado.\" \/>\n<meta name=\"robots\" content=\"index, follow, max-snippet:-1, max-image-preview:large, max-video-preview:-1\" \/>\n<link rel=\"canonical\" href=\"https:\/\/www.suno.com.br\/noticias\/boletim-focus-27-04-2026-ipca-selic-mt\/\" \/>\n<meta property=\"og:locale\" content=\"pt_BR\" \/>\n<meta property=\"og:type\" content=\"article\" \/>\n<meta property=\"og:title\" content=\"Focus eleva IPCA para 4,86% e mant\u00e9m Selic em 13%\" \/>\n<meta property=\"og:description\" content=\"Focus eleva IPCA para 4,86% e mant\u00e9m Selic em 13% para 2026. Relat\u00f3rio sai antes do Copom e atualiza proje\u00e7\u00f5es do mercado.\" \/>\n<meta property=\"og:url\" content=\"https:\/\/www.suno.com.br\/noticias\/boletim-focus-27-04-2026-ipca-selic-mt\/\" \/>\n<meta property=\"og:site_name\" content=\"Suno Not\u00edcias\" \/>\n<meta property=\"article:publisher\" content=\"https:\/\/facebook.com\/sunoresearch\" \/>\n<meta property=\"og:image\" content=\"http:\/\/files.sunoresearch.com.br\/n\/uploads\/2026\/04\/9ae4626b-boletim-focus-2-jpg.webp\" \/>\n\t<meta property=\"og:image:width\" content=\"1920\" \/>\n\t<meta property=\"og:image:height\" content=\"1275\" \/>\n\t<meta property=\"og:image:type\" content=\"image\/webp\" \/>\n<meta name=\"author\" content=\"Ma\u00edra Telles\" \/>\n<meta name=\"twitter:card\" content=\"summary_large_image\" \/>\n<meta name=\"twitter:creator\" content=\"@sunoresearch\" \/>\n<meta name=\"twitter:site\" content=\"@sunoresearch\" \/>\n<meta name=\"twitter:label1\" content=\"Escrito por\" \/>\n\t<meta name=\"twitter:data1\" content=\"Ma\u00edra Telles\" \/>\n\t<meta name=\"twitter:label2\" content=\"Est. tempo de leitura\" \/>\n\t<meta name=\"twitter:data2\" content=\"2 minutos\" \/>\n<script type=\"application\/ld+json\" class=\"yoast-schema-graph\">{\"@context\":\"https:\/\/schema.org\",\"@graph\":[{\"@type\":\"NewsArticle\",\"@id\":\"https:\/\/www.suno.com.br\/noticias\/boletim-focus-27-04-2026-ipca-selic-mt\/#article\",\"isPartOf\":{\"@id\":\"https:\/\/www.suno.com.br\/noticias\/boletim-focus-27-04-2026-ipca-selic-mt\/\"},\"author\":{\"name\":\"Ma\u00edra Telles\",\"@id\":\"https:\/\/www.suno.com.br\/noticias\/#\/schema\/person\/0a8b51292bb96ee5f104094c0907eaef\"},\"headline\":\"Focus liga alerta na infla\u00e7\u00e3o \u00e0s v\u00e9speras do Copom; veja o que mudou nas proje\u00e7\u00f5es\",\"datePublished\":\"2026-04-27T14:15:05+00:00\",\"mainEntityOfPage\":{\"@id\":\"https:\/\/www.suno.com.br\/noticias\/boletim-focus-27-04-2026-ipca-selic-mt\/\"},\"wordCount\":396,\"publisher\":{\"@id\":\"https:\/\/www.suno.com.br\/noticias\/#organization\"},\"image\":{\"@id\":\"https:\/\/www.suno.com.br\/noticias\/boletim-focus-27-04-2026-ipca-selic-mt\/#primaryimage\"},\"thumbnailUrl\":\"https:\/\/files.sunoresearch.com.br\/n\/uploads\/2026\/04\/9ae4626b-boletim-focus-2-jpg.webp\",\"keywords\":[\"Boletim Focus\"],\"articleSection\":[\"Economia\"],\"inLanguage\":\"pt-BR\"},{\"@type\":\"WebPage\",\"@id\":\"https:\/\/www.suno.com.br\/noticias\/boletim-focus-27-04-2026-ipca-selic-mt\/\",\"url\":\"https:\/\/www.suno.com.br\/noticias\/boletim-focus-27-04-2026-ipca-selic-mt\/\",\"name\":\"Focus eleva IPCA para 4,86% e mant\u00e9m Selic em 13%\",\"isPartOf\":{\"@id\":\"https:\/\/www.suno.com.br\/noticias\/#website\"},\"primaryImageOfPage\":{\"@id\":\"https:\/\/www.suno.com.br\/noticias\/boletim-focus-27-04-2026-ipca-selic-mt\/#primaryimage\"},\"image\":{\"@id\":\"https:\/\/www.suno.com.br\/noticias\/boletim-focus-27-04-2026-ipca-selic-mt\/#primaryimage\"},\"thumbnailUrl\":\"https:\/\/files.sunoresearch.com.br\/n\/uploads\/2026\/04\/9ae4626b-boletim-focus-2-jpg.webp\",\"datePublished\":\"2026-04-27T14:15:05+00:00\",\"description\":\"Focus eleva IPCA para 4,86% e mant\u00e9m Selic em 13% para 2026. Relat\u00f3rio sai antes do Copom e atualiza proje\u00e7\u00f5es do mercado.\",\"breadcrumb\":{\"@id\":\"https:\/\/www.suno.com.br\/noticias\/boletim-focus-27-04-2026-ipca-selic-mt\/#breadcrumb\"},\"inLanguage\":\"pt-BR\",\"potentialAction\":[{\"@type\":\"ReadAction\",\"target\":[\"https:\/\/www.suno.com.br\/noticias\/boletim-focus-27-04-2026-ipca-selic-mt\/\"]}]},{\"@type\":\"ImageObject\",\"inLanguage\":\"pt-BR\",\"@id\":\"https:\/\/www.suno.com.br\/noticias\/boletim-focus-27-04-2026-ipca-selic-mt\/#primaryimage\",\"url\":\"https:\/\/files.sunoresearch.com.br\/n\/uploads\/2026\/04\/9ae4626b-boletim-focus-2-jpg.webp\",\"contentUrl\":\"https:\/\/files.sunoresearch.com.br\/n\/uploads\/2026\/04\/9ae4626b-boletim-focus-2-jpg.webp\",\"width\":1920,\"height\":1275,\"caption\":\"Boletim Focus\"},{\"@type\":\"BreadcrumbList\",\"@id\":\"https:\/\/www.suno.com.br\/noticias\/boletim-focus-27-04-2026-ipca-selic-mt\/#breadcrumb\",\"itemListElement\":[{\"@type\":\"ListItem\",\"position\":1,\"name\":\"Not\u00edcias\",\"item\":\"https:\/\/www.suno.com.br\/noticias\/\"},{\"@type\":\"ListItem\",\"position\":2,\"name\":\"Neg\u00f3cios\",\"item\":\"https:\/\/www.suno.com.br\/noticias\/negocios\/\"},{\"@type\":\"ListItem\",\"position\":3,\"name\":\"Focus liga alerta na infla\u00e7\u00e3o \u00e0s v\u00e9speras do Copom; veja o que mudou nas proje\u00e7\u00f5es\"}]},{\"@type\":\"WebSite\",\"@id\":\"https:\/\/www.suno.com.br\/noticias\/#website\",\"url\":\"https:\/\/www.suno.com.br\/noticias\/\",\"name\":\"Suno Not\u00edcias\",\"description\":\"Seu portal de informa\u00e7\u00e3o sobre o mundo dos investimentos\",\"publisher\":{\"@id\":\"https:\/\/www.suno.com.br\/noticias\/#organization\"},\"potentialAction\":[{\"@type\":\"SearchAction\",\"target\":{\"@type\":\"EntryPoint\",\"urlTemplate\":\"https:\/\/www.suno.com.br\/noticias\/?s={search_term_string}\"},\"query-input\":{\"@type\":\"PropertyValueSpecification\",\"valueRequired\":true,\"valueName\":\"search_term_string\"}}],\"inLanguage\":\"pt-BR\"},{\"@type\":\"Organization\",\"@id\":\"https:\/\/www.suno.com.br\/noticias\/#organization\",\"name\":\"Suno Not\u00edcias\",\"url\":\"https:\/\/www.suno.com.br\/noticias\/\",\"logo\":{\"@type\":\"ImageObject\",\"inLanguage\":\"pt-BR\",\"@id\":\"https:\/\/www.suno.com.br\/noticias\/#\/schema\/logo\/image\/\",\"url\":\"https:\/\/files.sunoresearch.com.br\/n\/uploads\/2021\/09\/suno-logo.png\",\"contentUrl\":\"https:\/\/files.sunoresearch.com.br\/n\/uploads\/2021\/09\/suno-logo.png\",\"width\":180,\"height\":180,\"caption\":\"Suno Not\u00edcias\"},\"image\":{\"@id\":\"https:\/\/www.suno.com.br\/noticias\/#\/schema\/logo\/image\/\"},\"sameAs\":[\"https:\/\/facebook.com\/sunoresearch\",\"https:\/\/x.com\/sunoresearch\",\"https:\/\/www.instagram.com\/suno\",\"https:\/\/www.linkedin.com\/company\/suno-research\/\",\"https:\/\/www.youtube.com\/c\/sunoresearch\"]},{\"@type\":\"Person\",\"@id\":\"https:\/\/www.suno.com.br\/noticias\/#\/schema\/person\/0a8b51292bb96ee5f104094c0907eaef\",\"name\":\"Ma\u00edra Telles\",\"image\":{\"@type\":\"ImageObject\",\"inLanguage\":\"pt-BR\",\"@id\":\"https:\/\/www.suno.com.br\/noticias\/#\/schema\/person\/image\/\",\"url\":\"https:\/\/secure.gravatar.com\/avatar\/8d13691eab6abc1d1050b62a4c2a6116?s=96&r=g\",\"contentUrl\":\"https:\/\/secure.gravatar.com\/avatar\/8d13691eab6abc1d1050b62a4c2a6116?s=96&r=g\",\"caption\":\"Ma\u00edra Telles\"},\"description\":\"Jornalista com passagem por reda\u00e7\u00f5es como ESPN, especializa\u00e7\u00e3o em marketing digital e em gest\u00e3o de crise. Com foco no mercado financeiro e no setor agropecu\u00e1rio, desenvolve conte\u00fados estrat\u00e9gicos e especializados para m\u00faltiplas plataformas, unindo an\u00e1lise de investimentos e neg\u00f3cios\",\"url\":\"https:\/\/www.suno.com.br\/noticias\/author\/mairaftellesgmail-com\/\"}]}<\/script>\n<!-- \/ Yoast SEO plugin. -->","yoast_head_json":{"title":"Focus eleva IPCA para 4,86% e mant\u00e9m Selic em 13%","description":"Focus eleva IPCA para 4,86% e mant\u00e9m Selic em 13% para 2026. Relat\u00f3rio sai antes do Copom e atualiza proje\u00e7\u00f5es do mercado.","robots":{"index":"index","follow":"follow","max-snippet":"max-snippet:-1","max-image-preview":"max-image-preview:large","max-video-preview":"max-video-preview:-1"},"canonical":"https:\/\/www.suno.com.br\/noticias\/boletim-focus-27-04-2026-ipca-selic-mt\/","og_locale":"pt_BR","og_type":"article","og_title":"Focus eleva IPCA para 4,86% e mant\u00e9m Selic em 13%","og_description":"Focus eleva IPCA para 4,86% e mant\u00e9m Selic em 13% para 2026. Relat\u00f3rio sai antes do Copom e atualiza proje\u00e7\u00f5es do mercado.","og_url":"https:\/\/www.suno.com.br\/noticias\/boletim-focus-27-04-2026-ipca-selic-mt\/","og_site_name":"Suno Not\u00edcias","article_publisher":"https:\/\/facebook.com\/sunoresearch","og_image":[{"width":1920,"height":1275,"url":"http:\/\/files.sunoresearch.com.br\/n\/uploads\/2026\/04\/9ae4626b-boletim-focus-2-jpg.webp","type":"image\/webp"}],"author":"Ma\u00edra Telles","twitter_card":"summary_large_image","twitter_creator":"@sunoresearch","twitter_site":"@sunoresearch","twitter_misc":{"Escrito por":"Ma\u00edra Telles","Est. tempo de leitura":"2 minutos"},"schema":{"@context":"https:\/\/schema.org","@graph":[{"@type":"NewsArticle","@id":"https:\/\/www.suno.com.br\/noticias\/boletim-focus-27-04-2026-ipca-selic-mt\/#article","isPartOf":{"@id":"https:\/\/www.suno.com.br\/noticias\/boletim-focus-27-04-2026-ipca-selic-mt\/"},"author":{"name":"Ma\u00edra Telles","@id":"https:\/\/www.suno.com.br\/noticias\/#\/schema\/person\/0a8b51292bb96ee5f104094c0907eaef"},"headline":"Focus liga alerta na infla\u00e7\u00e3o \u00e0s v\u00e9speras do Copom; veja o que mudou nas proje\u00e7\u00f5es","datePublished":"2026-04-27T14:15:05+00:00","mainEntityOfPage":{"@id":"https:\/\/www.suno.com.br\/noticias\/boletim-focus-27-04-2026-ipca-selic-mt\/"},"wordCount":396,"publisher":{"@id":"https:\/\/www.suno.com.br\/noticias\/#organization"},"image":{"@id":"https:\/\/www.suno.com.br\/noticias\/boletim-focus-27-04-2026-ipca-selic-mt\/#primaryimage"},"thumbnailUrl":"https:\/\/files.sunoresearch.com.br\/n\/uploads\/2026\/04\/9ae4626b-boletim-focus-2-jpg.webp","keywords":["Boletim Focus"],"articleSection":["Economia"],"inLanguage":"pt-BR"},{"@type":"WebPage","@id":"https:\/\/www.suno.com.br\/noticias\/boletim-focus-27-04-2026-ipca-selic-mt\/","url":"https:\/\/www.suno.com.br\/noticias\/boletim-focus-27-04-2026-ipca-selic-mt\/","name":"Focus eleva IPCA para 4,86% e mant\u00e9m Selic em 13%","isPartOf":{"@id":"https:\/\/www.suno.com.br\/noticias\/#website"},"primaryImageOfPage":{"@id":"https:\/\/www.suno.com.br\/noticias\/boletim-focus-27-04-2026-ipca-selic-mt\/#primaryimage"},"image":{"@id":"https:\/\/www.suno.com.br\/noticias\/boletim-focus-27-04-2026-ipca-selic-mt\/#primaryimage"},"thumbnailUrl":"https:\/\/files.sunoresearch.com.br\/n\/uploads\/2026\/04\/9ae4626b-boletim-focus-2-jpg.webp","datePublished":"2026-04-27T14:15:05+00:00","description":"Focus eleva IPCA para 4,86% e mant\u00e9m Selic em 13% para 2026. Relat\u00f3rio sai antes do Copom e atualiza proje\u00e7\u00f5es do mercado.","breadcrumb":{"@id":"https:\/\/www.suno.com.br\/noticias\/boletim-focus-27-04-2026-ipca-selic-mt\/#breadcrumb"},"inLanguage":"pt-BR","potentialAction":[{"@type":"ReadAction","target":["https:\/\/www.suno.com.br\/noticias\/boletim-focus-27-04-2026-ipca-selic-mt\/"]}]},{"@type":"ImageObject","inLanguage":"pt-BR","@id":"https:\/\/www.suno.com.br\/noticias\/boletim-focus-27-04-2026-ipca-selic-mt\/#primaryimage","url":"https:\/\/files.sunoresearch.com.br\/n\/uploads\/2026\/04\/9ae4626b-boletim-focus-2-jpg.webp","contentUrl":"https:\/\/files.sunoresearch.com.br\/n\/uploads\/2026\/04\/9ae4626b-boletim-focus-2-jpg.webp","width":1920,"height":1275,"caption":"Boletim Focus"},{"@type":"BreadcrumbList","@id":"https:\/\/www.suno.com.br\/noticias\/boletim-focus-27-04-2026-ipca-selic-mt\/#breadcrumb","itemListElement":[{"@type":"ListItem","position":1,"name":"Not\u00edcias","item":"https:\/\/www.suno.com.br\/noticias\/"},{"@type":"ListItem","position":2,"name":"Neg\u00f3cios","item":"https:\/\/www.suno.com.br\/noticias\/negocios\/"},{"@type":"ListItem","position":3,"name":"Focus liga alerta na infla\u00e7\u00e3o \u00e0s v\u00e9speras do Copom; veja o que mudou nas proje\u00e7\u00f5es"}]},{"@type":"WebSite","@id":"https:\/\/www.suno.com.br\/noticias\/#website","url":"https:\/\/www.suno.com.br\/noticias\/","name":"Suno Not\u00edcias","description":"Seu portal de informa\u00e7\u00e3o sobre o mundo dos investimentos","publisher":{"@id":"https:\/\/www.suno.com.br\/noticias\/#organization"},"potentialAction":[{"@type":"SearchAction","target":{"@type":"EntryPoint","urlTemplate":"https:\/\/www.suno.com.br\/noticias\/?s={search_term_string}"},"query-input":{"@type":"PropertyValueSpecification","valueRequired":true,"valueName":"search_term_string"}}],"inLanguage":"pt-BR"},{"@type":"Organization","@id":"https:\/\/www.suno.com.br\/noticias\/#organization","name":"Suno Not\u00edcias","url":"https:\/\/www.suno.com.br\/noticias\/","logo":{"@type":"ImageObject","inLanguage":"pt-BR","@id":"https:\/\/www.suno.com.br\/noticias\/#\/schema\/logo\/image\/","url":"https:\/\/files.sunoresearch.com.br\/n\/uploads\/2021\/09\/suno-logo.png","contentUrl":"https:\/\/files.sunoresearch.com.br\/n\/uploads\/2021\/09\/suno-logo.png","width":180,"height":180,"caption":"Suno Not\u00edcias"},"image":{"@id":"https:\/\/www.suno.com.br\/noticias\/#\/schema\/logo\/image\/"},"sameAs":["https:\/\/facebook.com\/sunoresearch","https:\/\/x.com\/sunoresearch","https:\/\/www.instagram.com\/suno","https:\/\/www.linkedin.com\/company\/suno-research\/","https:\/\/www.youtube.com\/c\/sunoresearch"]},{"@type":"Person","@id":"https:\/\/www.suno.com.br\/noticias\/#\/schema\/person\/0a8b51292bb96ee5f104094c0907eaef","name":"Ma\u00edra Telles","image":{"@type":"ImageObject","inLanguage":"pt-BR","@id":"https:\/\/www.suno.com.br\/noticias\/#\/schema\/person\/image\/","url":"https:\/\/secure.gravatar.com\/avatar\/8d13691eab6abc1d1050b62a4c2a6116?s=96&r=g","contentUrl":"https:\/\/secure.gravatar.com\/avatar\/8d13691eab6abc1d1050b62a4c2a6116?s=96&r=g","caption":"Ma\u00edra Telles"},"description":"Jornalista com passagem por reda\u00e7\u00f5es como ESPN, especializa\u00e7\u00e3o em marketing digital e em gest\u00e3o de crise. Com foco no mercado financeiro e no setor agropecu\u00e1rio, desenvolve conte\u00fados estrat\u00e9gicos e especializados para m\u00faltiplas plataformas, unindo an\u00e1lise de investimentos e neg\u00f3cios","url":"https:\/\/www.suno.com.br\/noticias\/author\/mairaftellesgmail-com\/"}]}},"default_loop_html":"<div class=\"cardsPage__listCard__boxs\"><div class=\"cardsPage__listCard__boxs__img\"><a href=\"https:\/\/www.suno.com.br\/noticias\/boletim-focus-27-04-2026-ipca-selic-mt\/\"><img class=\"mask\" src=\"https:\/\/www.suno.com.br\/noticias\/wp-content\/themes\/suno\/resources\/images\/spotlight\/spotlight1img\/bg-mask.png\" alt=\"Image Mask\"\/><img src=\"https:\/\/files.sunoresearch.com.br\/n\/uploads\/2026\/04\/9ae4626b-boletim-focus-2-jpg-400x200.webp\" alt=\"Focus liga alerta na infla\u00e7\u00e3o \u00e0s v\u00e9speras do Copom; veja o que mudou nas proje\u00e7\u00f5es\"\/><\/a><span class=\"spotlightCategory\"><a href=\"https:\/\/www.suno.com.br\/noticias\/economia\/\">Economia<\/a><\/span><\/div><div class=\"cardsPage__listCard__boxs__content\"><a href=\"https:\/\/www.suno.com.br\/noticias\/boletim-focus-27-04-2026-ipca-selic-mt\/\"><h2 class=\"content__title\">Focus liga alerta na infla\u00e7\u00e3o \u00e0s v\u00e9speras do Copom; veja o que mudou nas proje\u00e7\u00f5es<\/h2><\/a><div class=\"newsContent__article__meta\"><div class=\"newsContent__article__meta__authorBox\"><a href=\"https:\/\/www.suno.com.br\/noticias\/author\/mairaftellesgmail-com\/\" class=\"authorBox__avatar noMobi\"><img src=\"https:\/\/secure.gravatar.com\/avatar\/8d13691eab6abc1d1050b62a4c2a6116?s=96&#038;r=g\" alt=\"Ma\u00edra Telles\"><\/a><div class=\"authorBox__name\"><span>por\n\t\t\t<a href=\"https:\/\/www.suno.com.br\/noticias\/author\/mairaftellesgmail-com\/\"><span itemprop=\"author\">Ma\u00edra Telles<\/span><\/a><\/span><time datetime=\"2026-04-27T11:15:05-03:00\" itemprop=\"datePublished\">27\/04\/2026 11:15<\/time><\/div><\/div><\/div><\/div><\/div>","single_layout":"posts","amp_enabled":true,"_links":{"self":[{"href":"https:\/\/www.suno.com.br\/noticias\/wp-json\/wp\/v2\/posts\/649554"}],"collection":[{"href":"https:\/\/www.suno.com.br\/noticias\/wp-json\/wp\/v2\/posts"}],"about":[{"href":"https:\/\/www.suno.com.br\/noticias\/wp-json\/wp\/v2\/types\/post"}],"author":[{"embeddable":true,"href":"https:\/\/www.suno.com.br\/noticias\/wp-json\/wp\/v2\/users\/402"}],"replies":[{"embeddable":true,"href":"https:\/\/www.suno.com.br\/noticias\/wp-json\/wp\/v2\/comments?post=649554"}],"version-history":[{"count":0,"href":"https:\/\/www.suno.com.br\/noticias\/wp-json\/wp\/v2\/posts\/649554\/revisions"}],"wp:featuredmedia":[{"embeddable":true,"href":"https:\/\/www.suno.com.br\/noticias\/wp-json\/wp\/v2\/media\/649556"}],"wp:attachment":[{"href":"https:\/\/www.suno.com.br\/noticias\/wp-json\/wp\/v2\/media?parent=649554"}],"wp:term":[{"taxonomy":"category","embeddable":true,"href":"https:\/\/www.suno.com.br\/noticias\/wp-json\/wp\/v2\/categories?post=649554"},{"taxonomy":"post_tag","embeddable":true,"href":"https:\/\/www.suno.com.br\/noticias\/wp-json\/wp\/v2\/tags?post=649554"},{"taxonomy":"suno_strategy","embeddable":true,"href":"https:\/\/www.suno.com.br\/noticias\/wp-json\/wp\/v2\/suno_strategy?post=649554"}],"curies":[{"name":"wp","href":"https:\/\/api.w.org\/{rel}","templated":true}]}}