{"id":649548,"date":"2026-04-27T10:25:10","date_gmt":"2026-04-27T13:25:10","guid":{"rendered":"https:\/\/www.suno.com.br\/noticias\/agenda-da-semana-ipca15-copom-fed-mt\/"},"modified":"2026-04-27T10:25:10","modified_gmt":"2026-04-27T13:25:10","slug":"agenda-da-semana-ipca15-copom-fed-mt","status":"publish","type":"post","link":"https:\/\/www.suno.com.br\/noticias\/agenda-da-semana-ipca15-copom-fed-mt\/","title":{"rendered":"Agenda da semana: IPCA-15, Copom e Fed dominam per\u00edodo curto com feriado"},"content":{"rendered":"<p>A semana come\u00e7a mais curta, mas longe de ser tranquila. Com o feriado de 1\u00ba de maio na sexta-feira, os mercados ter\u00e3o menos sess\u00f5es de negocia\u00e7\u00e3o, o que tende a concentrar ainda mais a aten\u00e7\u00e3o nos <a class=\"suno-keyword\" target=\"_blank\" data-force=\"no\" data-priority=\"1\" href=\"https:\/\/www.suno.com.br\/artigos\/indicadores-economicos\/\" rel=\"noopener\">indicadores econ\u00f4micos<\/a> e decis\u00f5es de pol\u00edtica monet\u00e1ria entre segunda e quinta-feira.<\/p>\t<div class=\"wrapper-featured-image\">\n\t\t<figure class=\"spotlightImg\">\n\n\t\t\t<picture>\n\t\t\t\t<source media=\"(max-width: 768px)\" srcset=\"https:\/\/files.sunoresearch.com.br\/n\/uploads\/2026\/04\/sergeitokmakov-stock-trading-6525084-scaled-1-400x200.webp\">\n\t\t\t\t<img loading=\"lazy\" decoding=\"async\" class=\"newsContent__article__imgCapa lazyloadDisabled \" src=\"https:\/\/files.sunoresearch.com.br\/n\/uploads\/2026\/04\/sergeitokmakov-stock-trading-6525084-scaled-1-800x450.webp\" width=\"800\" height=\"450\" alt=\"Agenda da semana: IPCA-15, Copom e Fed dominam per\u00edodo curto com feriado\" fetchpriority=high \/>\n\t\t\t<\/picture>\n\n\t\t\t<figcaption class=\"wp-caption-text wp-caption-text--show\">Agenda da semana concentra infla\u00e7\u00e3o e decis\u00f5es de juros<\/figcaption>\n\t\t<\/figure>\n\t<\/div>\n\n\n\n\n\n\n<p>Depois de uma semana anterior tamb\u00e9m reduzida, o investidor encara agora um per\u00edodo com agenda carregada, em que infla\u00e7\u00e3o e juros devem guiar o comportamento dos ativos, tanto no Brasil quanto no exterior.<\/p>\n\n\n\n<ul class=\"wp-block-list\">\n<li class=\"has-medium-font-size\"><strong>Segunda-feira (27) abre com Focus e dados do Banco Central<\/strong><\/li>\n<\/ul>\n\n\n\n<p>A segunda-feira, 27 de abril, come\u00e7a com a divulga\u00e7\u00e3o do Relat\u00f3rio Focus, que re\u00fane as proje\u00e7\u00f5es do mercado para infla\u00e7\u00e3o, Selic, c\u00e2mbio e crescimento econ\u00f4mico.<\/p>\n\n\n\n<p>No mesmo dia, o Banco Central publica estat\u00edsticas monet\u00e1rias e de cr\u00e9dito, al\u00e9m de dados do mercado aberto, oferecendo uma leitura atualizada das condi\u00e7\u00f5es financeiras da economia<\/p>\n\n\n\n<ul class=\"wp-block-list\">\n<li class=\"has-medium-font-size\"><strong>Ter\u00e7a-feira (28) traz pr\u00e9via da infla\u00e7\u00e3o<\/strong><\/li>\n<\/ul>\n\n\n\t<p>\n\t\t<a href=\"https:\/\/lp2.suno.com.br\/onde-investir-2026\/?utm_campaign=_SNC390A0FD0_ao&#038;utm_source=suno-not\u00edcias&#038;utm_medium=banner.noticias\" target=\"_blank\" data-element=\"shortcode-suno-banner\" title=\"Banner SUNO, clique e saiba mais\">\n\t\t\t<picture>\n\t\t\t\t<source media=\"(max-width: 500px)\" srcset=\"https:\/\/files.sunoresearch.com.br\/gaia\/uploads\/2026\/01\/Banner-Materias-01-Mbl_-400x300-1.png\">\n\t\t\t\t<img class=\"newsContent__article__imgCapa newsContent__article__imgCapa--banner\"\n\t\t\t\t\tsrc=\"https:\/\/files.sunoresearch.com.br\/gaia\/uploads\/2026\/01\/Banner-Materias-01-Dkp_-1420x240-1.png\"\n\t\t\t\t\tdata-promo-id=\"651623\"\t\t\t\t\t\t\t\t\t\twidth='1420' height='240'\t\t\t\t\talt=\"https:\/\/files.sunoresearch.com.br\/gaia\/uploads\/2026\/01\/Banner-Materias-01-Dkp_-1420x240-1.png\"\n\t\t\t\t>\n\t\t\t<\/picture>\n\t\t<\/a>\n\t<\/p>\n\n\n\n\n\n\n\n<p>Na ter\u00e7a-feira, 28, o principal destaque \u00e9 o IPCA-15, a pr\u00e9via da <a class=\"suno-keyword\" target=\"_blank\" data-force=\"no\" data-priority=\"2\" href=\"https:\/\/www.suno.com.br\/artigos\/inflacao\/\" rel=\"noopener\">infla\u00e7\u00e3o oficial<\/a>.<\/p>\n\n\n\n<p>O indicador \u00e9 acompanhado de perto pelo mercado por antecipar tend\u00eancias do IPCA cheio e influenciar diretamente as expectativas para os pr\u00f3ximos passos da pol\u00edtica monet\u00e1ria.<\/p>\n\n\n\n<p>Tamb\u00e9m na ter\u00e7a tem in\u00edcio a reuni\u00e3o do Comit\u00ea de Pol\u00edtica Monet\u00e1ria, que segue at\u00e9 o dia seguinte.<\/p>\n\n\n\n<ul class=\"wp-block-list\">\n<li class=\"has-medium-font-size\"><strong>Quarta-feira (29) concentra decis\u00f5es de juros<\/strong><\/li>\n<\/ul>\n\n\n\n<p>A quarta-feira, 29, \u00e9 o ponto central da semana.<\/p>\n\n\n\n<p>No Brasil, o Copom anuncia a nova taxa Selic ap\u00f3s o <a class=\"suno-keyword\" target=\"_blank\" data-force=\"no\" data-priority=\"1\" href=\"https:\/\/www.suno.com.br\/artigos\/fechamento-do-mercado\/\" rel=\"noopener\">fechamento do mercado<\/a>. Nos Estados Unidos, o Federal Reserve tamb\u00e9m divulga sua decis\u00e3o de juros no mesmo dia, o que amplia o impacto global sobre os mercados.<\/p>\n\n\n\n<p>De acordo com o calend\u00e1rio oficial do Banco Central, a reuni\u00e3o ocorre entre os dias 28 e 29 de abril<\/p>\n\n\n\t<p>\n\t\t<a href=\"https:\/\/lp2.suno.com.br\/lm\/minicurso-construindo-um-portfolio-milionario\/?utm_campaign=_SNC35CF3834_ao&#038;utm_source=suno-not\u00edcias&#038;utm_medium=banner.noticias\" target=\"_blank\" data-element=\"shortcode-suno-banner\" title=\"Banner SUNO, clique e saiba mais\">\n\t\t\t<picture>\n\t\t\t\t<source media=\"(max-width: 500px)\" srcset=\"https:\/\/files.sunoresearch.com.br\/gaia\/uploads\/2026\/01\/MB-PS-HOME-DE-ARTIGOS-400x300-ID_01_x1.jpg\">\n\t\t\t\t<img class=\"newsContent__article__imgCapa newsContent__article__imgCapa--banner\"\n\t\t\t\t\tsrc=\"https:\/\/files.sunoresearch.com.br\/gaia\/uploads\/2026\/01\/DT-PS-HOME-DE-ARTIGOS-1420x240-ID_01_x1.jpg\"\n\t\t\t\t\tdata-promo-id=\"651626\"\t\t\t\t\t\t\t\t\t\twidth='1420' height='240'\t\t\t\t\talt=\"https:\/\/files.sunoresearch.com.br\/gaia\/uploads\/2026\/01\/DT-PS-HOME-DE-ARTIGOS-1420x240-ID_01_x1.jpg\"\n\t\t\t\t>\n\t\t\t<\/picture>\n\t\t<\/a>\n\t<\/p>\n\n\n\n\n\n\n\n<p>Al\u00e9m disso, tamb\u00e9m s\u00e3o divulgados indicadores econ\u00f4micos selecionados ao longo do dia.<\/p>\n\n\n\n<ul class=\"wp-block-list has-medium-font-size\">\n<li><strong>Quinta-feira (30) fecha a semana com dados fiscais<\/strong><\/li>\n<\/ul>\n\n\n\n<p>Na quinta-feira, 30 de abril, a agenda segue relevante, mesmo sendo a v\u00e9spera do feriado.<\/p>\n\n\n\n<p>O mercado acompanha dados fiscais, como o patrim\u00f4nio financeiro do governo geral e estat\u00edsticas fiscais referentes a mar\u00e7o, al\u00e9m de outros indicadores econ\u00f4micos<\/p>\n\n\n\n<p>No exterior, saem dados importantes, como o PIB dos Estados Unidos e indicadores do <a class=\"suno-keyword\" target=\"_blank\" data-force=\"no\" data-priority=\"2\" href=\"https:\/\/www.suno.com.br\/artigos\/mercado-de-trabalho\/\" rel=\"noopener\">mercado de trabalho<\/a>, que ajudam a calibrar as expectativas para a economia global.<\/p>\n\n\n\n<blockquote class=\"wp-block-quote is-layout-flow wp-block-quote-is-layout-flow\">\n<p>Com um preg\u00e3o a menos por conta do feriado, a <strong>agenda<\/strong> da semana tende a ganhar ainda mais peso na forma\u00e7\u00e3o das expectativas do mercado, concentrando em poucos dias indicadores relevantes para investidores acompanharem os pr\u00f3ximos passos da economia.<\/p>\n<\/blockquote>\n","protected":false},"excerpt":{"rendered":"<p>A semana come\u00e7a mais curta, mas longe de ser tranquila. Com o feriado de 1\u00ba de maio na sexta-feira, os mercados ter\u00e3o menos sess\u00f5es de negocia\u00e7\u00e3o, o que tende a concentrar ainda mais a aten\u00e7\u00e3o nos indicadores econ\u00f4micos e decis\u00f5es de pol\u00edtica monet\u00e1ria entre segunda e quinta-feira. Depois de uma semana anterior tamb\u00e9m reduzida, o &hellip; Continued<\/p>\n","protected":false},"author":402,"featured_media":649549,"comment_status":"closed","ping_status":"closed","sticky":false,"template":"","format":"standard","meta":[],"categories":[64],"tags":[],"suno_strategy":[],"class_list":["post-649548","post","type-post","status-publish","format-standard","has-post-thumbnail","hentry","category-negocios"],"yoast_head":"<!-- This site is optimized with the Yoast SEO plugin v24.4 - https:\/\/yoast.com\/wordpress\/plugins\/seo\/ -->\n<title>Agenda da semana: IPCA-15, Copom e Fed no radar<\/title>\n<meta name=\"description\" content=\"Agenda da semana traz IPCA-15, Copom e Fed em per\u00edodo curto com feriado de 1\u00ba de maio (sexta-feira); veja datas.\" \/>\n<meta name=\"robots\" content=\"index, follow, max-snippet:-1, max-image-preview:large, max-video-preview:-1\" \/>\n<link rel=\"canonical\" href=\"https:\/\/www.suno.com.br\/noticias\/agenda-da-semana-ipca15-copom-fed-mt\/\" \/>\n<meta property=\"og:locale\" content=\"pt_BR\" \/>\n<meta property=\"og:type\" content=\"article\" \/>\n<meta property=\"og:title\" content=\"Agenda da semana: IPCA-15, Copom e Fed no radar\" \/>\n<meta property=\"og:description\" content=\"Agenda da semana traz IPCA-15, Copom e Fed em per\u00edodo curto com feriado de 1\u00ba de maio (sexta-feira); veja datas.\" \/>\n<meta property=\"og:url\" content=\"https:\/\/www.suno.com.br\/noticias\/agenda-da-semana-ipca15-copom-fed-mt\/\" \/>\n<meta property=\"og:site_name\" content=\"Suno Not\u00edcias\" \/>\n<meta property=\"article:publisher\" content=\"https:\/\/facebook.com\/sunoresearch\" \/>\n<meta property=\"og:image\" content=\"http:\/\/files.sunoresearch.com.br\/n\/uploads\/2026\/04\/sergeitokmakov-stock-trading-6525084-scaled-1-jpg.webp\" \/>\n\t<meta property=\"og:image:width\" content=\"2560\" \/>\n\t<meta property=\"og:image:height\" content=\"1707\" \/>\n\t<meta property=\"og:image:type\" content=\"image\/jpeg\" \/>\n<meta name=\"author\" content=\"Ma\u00edra Telles\" \/>\n<meta name=\"twitter:card\" content=\"summary_large_image\" \/>\n<meta name=\"twitter:creator\" content=\"@sunoresearch\" \/>\n<meta name=\"twitter:site\" content=\"@sunoresearch\" \/>\n<meta name=\"twitter:label1\" content=\"Escrito por\" \/>\n\t<meta name=\"twitter:data1\" content=\"Ma\u00edra Telles\" \/>\n\t<meta name=\"twitter:label2\" content=\"Est. tempo de leitura\" \/>\n\t<meta name=\"twitter:data2\" content=\"2 minutos\" \/>\n<script type=\"application\/ld+json\" class=\"yoast-schema-graph\">{\"@context\":\"https:\/\/schema.org\",\"@graph\":[{\"@type\":\"NewsArticle\",\"@id\":\"https:\/\/www.suno.com.br\/noticias\/agenda-da-semana-ipca15-copom-fed-mt\/#article\",\"isPartOf\":{\"@id\":\"https:\/\/www.suno.com.br\/noticias\/agenda-da-semana-ipca15-copom-fed-mt\/\"},\"author\":{\"name\":\"Ma\u00edra Telles\",\"@id\":\"https:\/\/www.suno.com.br\/noticias\/#\/schema\/person\/0a8b51292bb96ee5f104094c0907eaef\"},\"headline\":\"Agenda da semana: IPCA-15, Copom e Fed dominam per\u00edodo curto com feriado\",\"datePublished\":\"2026-04-27T13:25:10+00:00\",\"mainEntityOfPage\":{\"@id\":\"https:\/\/www.suno.com.br\/noticias\/agenda-da-semana-ipca15-copom-fed-mt\/\"},\"wordCount\":472,\"publisher\":{\"@id\":\"https:\/\/www.suno.com.br\/noticias\/#organization\"},\"image\":{\"@id\":\"https:\/\/www.suno.com.br\/noticias\/agenda-da-semana-ipca15-copom-fed-mt\/#primaryimage\"},\"thumbnailUrl\":\"https:\/\/files.sunoresearch.com.br\/n\/uploads\/2026\/04\/sergeitokmakov-stock-trading-6525084-scaled-1-jpg.webp\",\"articleSection\":[\"Neg\u00f3cios\"],\"inLanguage\":\"pt-BR\"},{\"@type\":\"WebPage\",\"@id\":\"https:\/\/www.suno.com.br\/noticias\/agenda-da-semana-ipca15-copom-fed-mt\/\",\"url\":\"https:\/\/www.suno.com.br\/noticias\/agenda-da-semana-ipca15-copom-fed-mt\/\",\"name\":\"Agenda da semana: IPCA-15, Copom e Fed no radar\",\"isPartOf\":{\"@id\":\"https:\/\/www.suno.com.br\/noticias\/#website\"},\"primaryImageOfPage\":{\"@id\":\"https:\/\/www.suno.com.br\/noticias\/agenda-da-semana-ipca15-copom-fed-mt\/#primaryimage\"},\"image\":{\"@id\":\"https:\/\/www.suno.com.br\/noticias\/agenda-da-semana-ipca15-copom-fed-mt\/#primaryimage\"},\"thumbnailUrl\":\"https:\/\/files.sunoresearch.com.br\/n\/uploads\/2026\/04\/sergeitokmakov-stock-trading-6525084-scaled-1-jpg.webp\",\"datePublished\":\"2026-04-27T13:25:10+00:00\",\"description\":\"Agenda da semana traz IPCA-15, Copom e Fed em per\u00edodo curto com feriado de 1\u00ba de maio (sexta-feira); veja datas.\",\"breadcrumb\":{\"@id\":\"https:\/\/www.suno.com.br\/noticias\/agenda-da-semana-ipca15-copom-fed-mt\/#breadcrumb\"},\"inLanguage\":\"pt-BR\",\"potentialAction\":[{\"@type\":\"ReadAction\",\"target\":[\"https:\/\/www.suno.com.br\/noticias\/agenda-da-semana-ipca15-copom-fed-mt\/\"]}]},{\"@type\":\"ImageObject\",\"inLanguage\":\"pt-BR\",\"@id\":\"https:\/\/www.suno.com.br\/noticias\/agenda-da-semana-ipca15-copom-fed-mt\/#primaryimage\",\"url\":\"https:\/\/files.sunoresearch.com.br\/n\/uploads\/2026\/04\/sergeitokmakov-stock-trading-6525084-scaled-1-jpg.webp\",\"contentUrl\":\"https:\/\/files.sunoresearch.com.br\/n\/uploads\/2026\/04\/sergeitokmakov-stock-trading-6525084-scaled-1-jpg.webp\",\"width\":2560,\"height\":1707,\"caption\":\"Agenda da semana concentra infla\u00e7\u00e3o e decis\u00f5es de juros\"},{\"@type\":\"BreadcrumbList\",\"@id\":\"https:\/\/www.suno.com.br\/noticias\/agenda-da-semana-ipca15-copom-fed-mt\/#breadcrumb\",\"itemListElement\":[{\"@type\":\"ListItem\",\"position\":1,\"name\":\"Not\u00edcias\",\"item\":\"https:\/\/www.suno.com.br\/noticias\/\"},{\"@type\":\"ListItem\",\"position\":2,\"name\":\"Neg\u00f3cios\",\"item\":\"https:\/\/www.suno.com.br\/noticias\/negocios\/\"},{\"@type\":\"ListItem\",\"position\":3,\"name\":\"Agenda da semana: IPCA-15, Copom e Fed dominam per\u00edodo curto com feriado\"}]},{\"@type\":\"WebSite\",\"@id\":\"https:\/\/www.suno.com.br\/noticias\/#website\",\"url\":\"https:\/\/www.suno.com.br\/noticias\/\",\"name\":\"Suno Not\u00edcias\",\"description\":\"Seu portal de informa\u00e7\u00e3o sobre o mundo dos investimentos\",\"publisher\":{\"@id\":\"https:\/\/www.suno.com.br\/noticias\/#organization\"},\"potentialAction\":[{\"@type\":\"SearchAction\",\"target\":{\"@type\":\"EntryPoint\",\"urlTemplate\":\"https:\/\/www.suno.com.br\/noticias\/?s={search_term_string}\"},\"query-input\":{\"@type\":\"PropertyValueSpecification\",\"valueRequired\":true,\"valueName\":\"search_term_string\"}}],\"inLanguage\":\"pt-BR\"},{\"@type\":\"Organization\",\"@id\":\"https:\/\/www.suno.com.br\/noticias\/#organization\",\"name\":\"Suno Not\u00edcias\",\"url\":\"https:\/\/www.suno.com.br\/noticias\/\",\"logo\":{\"@type\":\"ImageObject\",\"inLanguage\":\"pt-BR\",\"@id\":\"https:\/\/www.suno.com.br\/noticias\/#\/schema\/logo\/image\/\",\"url\":\"https:\/\/files.sunoresearch.com.br\/n\/uploads\/2021\/09\/suno-logo.png\",\"contentUrl\":\"https:\/\/files.sunoresearch.com.br\/n\/uploads\/2021\/09\/suno-logo.png\",\"width\":180,\"height\":180,\"caption\":\"Suno Not\u00edcias\"},\"image\":{\"@id\":\"https:\/\/www.suno.com.br\/noticias\/#\/schema\/logo\/image\/\"},\"sameAs\":[\"https:\/\/facebook.com\/sunoresearch\",\"https:\/\/x.com\/sunoresearch\",\"https:\/\/www.instagram.com\/suno\",\"https:\/\/www.linkedin.com\/company\/suno-research\/\",\"https:\/\/www.youtube.com\/c\/sunoresearch\"]},{\"@type\":\"Person\",\"@id\":\"https:\/\/www.suno.com.br\/noticias\/#\/schema\/person\/0a8b51292bb96ee5f104094c0907eaef\",\"name\":\"Ma\u00edra Telles\",\"image\":{\"@type\":\"ImageObject\",\"inLanguage\":\"pt-BR\",\"@id\":\"https:\/\/www.suno.com.br\/noticias\/#\/schema\/person\/image\/\",\"url\":\"https:\/\/secure.gravatar.com\/avatar\/8d13691eab6abc1d1050b62a4c2a6116?s=96&r=g\",\"contentUrl\":\"https:\/\/secure.gravatar.com\/avatar\/8d13691eab6abc1d1050b62a4c2a6116?s=96&r=g\",\"caption\":\"Ma\u00edra Telles\"},\"description\":\"Jornalista com passagem por reda\u00e7\u00f5es como ESPN, especializa\u00e7\u00e3o em marketing digital e em gest\u00e3o de crise. Com foco no mercado financeiro e no setor agropecu\u00e1rio, desenvolve conte\u00fados estrat\u00e9gicos e especializados para m\u00faltiplas plataformas, unindo an\u00e1lise de investimentos e neg\u00f3cios\",\"url\":\"https:\/\/www.suno.com.br\/noticias\/author\/mairaftellesgmail-com\/\"}]}<\/script>\n<!-- \/ Yoast SEO plugin. -->","yoast_head_json":{"title":"Agenda da semana: IPCA-15, Copom e Fed no radar","description":"Agenda da semana traz IPCA-15, Copom e Fed em per\u00edodo curto com feriado de 1\u00ba de maio (sexta-feira); veja datas.","robots":{"index":"index","follow":"follow","max-snippet":"max-snippet:-1","max-image-preview":"max-image-preview:large","max-video-preview":"max-video-preview:-1"},"canonical":"https:\/\/www.suno.com.br\/noticias\/agenda-da-semana-ipca15-copom-fed-mt\/","og_locale":"pt_BR","og_type":"article","og_title":"Agenda da semana: IPCA-15, Copom e Fed no radar","og_description":"Agenda da semana traz IPCA-15, Copom e Fed em per\u00edodo curto com feriado de 1\u00ba de maio (sexta-feira); veja datas.","og_url":"https:\/\/www.suno.com.br\/noticias\/agenda-da-semana-ipca15-copom-fed-mt\/","og_site_name":"Suno Not\u00edcias","article_publisher":"https:\/\/facebook.com\/sunoresearch","og_image":[{"width":2560,"height":1707,"url":"http:\/\/files.sunoresearch.com.br\/n\/uploads\/2026\/04\/sergeitokmakov-stock-trading-6525084-scaled-1-jpg.webp","type":"image\/jpeg"}],"author":"Ma\u00edra Telles","twitter_card":"summary_large_image","twitter_creator":"@sunoresearch","twitter_site":"@sunoresearch","twitter_misc":{"Escrito por":"Ma\u00edra Telles","Est. tempo de leitura":"2 minutos"},"schema":{"@context":"https:\/\/schema.org","@graph":[{"@type":"NewsArticle","@id":"https:\/\/www.suno.com.br\/noticias\/agenda-da-semana-ipca15-copom-fed-mt\/#article","isPartOf":{"@id":"https:\/\/www.suno.com.br\/noticias\/agenda-da-semana-ipca15-copom-fed-mt\/"},"author":{"name":"Ma\u00edra Telles","@id":"https:\/\/www.suno.com.br\/noticias\/#\/schema\/person\/0a8b51292bb96ee5f104094c0907eaef"},"headline":"Agenda da semana: IPCA-15, Copom e Fed dominam per\u00edodo curto com feriado","datePublished":"2026-04-27T13:25:10+00:00","mainEntityOfPage":{"@id":"https:\/\/www.suno.com.br\/noticias\/agenda-da-semana-ipca15-copom-fed-mt\/"},"wordCount":472,"publisher":{"@id":"https:\/\/www.suno.com.br\/noticias\/#organization"},"image":{"@id":"https:\/\/www.suno.com.br\/noticias\/agenda-da-semana-ipca15-copom-fed-mt\/#primaryimage"},"thumbnailUrl":"https:\/\/files.sunoresearch.com.br\/n\/uploads\/2026\/04\/sergeitokmakov-stock-trading-6525084-scaled-1-jpg.webp","articleSection":["Neg\u00f3cios"],"inLanguage":"pt-BR"},{"@type":"WebPage","@id":"https:\/\/www.suno.com.br\/noticias\/agenda-da-semana-ipca15-copom-fed-mt\/","url":"https:\/\/www.suno.com.br\/noticias\/agenda-da-semana-ipca15-copom-fed-mt\/","name":"Agenda da semana: IPCA-15, Copom e Fed no radar","isPartOf":{"@id":"https:\/\/www.suno.com.br\/noticias\/#website"},"primaryImageOfPage":{"@id":"https:\/\/www.suno.com.br\/noticias\/agenda-da-semana-ipca15-copom-fed-mt\/#primaryimage"},"image":{"@id":"https:\/\/www.suno.com.br\/noticias\/agenda-da-semana-ipca15-copom-fed-mt\/#primaryimage"},"thumbnailUrl":"https:\/\/files.sunoresearch.com.br\/n\/uploads\/2026\/04\/sergeitokmakov-stock-trading-6525084-scaled-1-jpg.webp","datePublished":"2026-04-27T13:25:10+00:00","description":"Agenda da semana traz IPCA-15, Copom e Fed em per\u00edodo curto com feriado de 1\u00ba de maio (sexta-feira); veja datas.","breadcrumb":{"@id":"https:\/\/www.suno.com.br\/noticias\/agenda-da-semana-ipca15-copom-fed-mt\/#breadcrumb"},"inLanguage":"pt-BR","potentialAction":[{"@type":"ReadAction","target":["https:\/\/www.suno.com.br\/noticias\/agenda-da-semana-ipca15-copom-fed-mt\/"]}]},{"@type":"ImageObject","inLanguage":"pt-BR","@id":"https:\/\/www.suno.com.br\/noticias\/agenda-da-semana-ipca15-copom-fed-mt\/#primaryimage","url":"https:\/\/files.sunoresearch.com.br\/n\/uploads\/2026\/04\/sergeitokmakov-stock-trading-6525084-scaled-1-jpg.webp","contentUrl":"https:\/\/files.sunoresearch.com.br\/n\/uploads\/2026\/04\/sergeitokmakov-stock-trading-6525084-scaled-1-jpg.webp","width":2560,"height":1707,"caption":"Agenda da semana concentra infla\u00e7\u00e3o e decis\u00f5es de juros"},{"@type":"BreadcrumbList","@id":"https:\/\/www.suno.com.br\/noticias\/agenda-da-semana-ipca15-copom-fed-mt\/#breadcrumb","itemListElement":[{"@type":"ListItem","position":1,"name":"Not\u00edcias","item":"https:\/\/www.suno.com.br\/noticias\/"},{"@type":"ListItem","position":2,"name":"Neg\u00f3cios","item":"https:\/\/www.suno.com.br\/noticias\/negocios\/"},{"@type":"ListItem","position":3,"name":"Agenda da semana: IPCA-15, Copom e Fed dominam per\u00edodo curto com feriado"}]},{"@type":"WebSite","@id":"https:\/\/www.suno.com.br\/noticias\/#website","url":"https:\/\/www.suno.com.br\/noticias\/","name":"Suno Not\u00edcias","description":"Seu portal de informa\u00e7\u00e3o sobre o mundo dos investimentos","publisher":{"@id":"https:\/\/www.suno.com.br\/noticias\/#organization"},"potentialAction":[{"@type":"SearchAction","target":{"@type":"EntryPoint","urlTemplate":"https:\/\/www.suno.com.br\/noticias\/?s={search_term_string}"},"query-input":{"@type":"PropertyValueSpecification","valueRequired":true,"valueName":"search_term_string"}}],"inLanguage":"pt-BR"},{"@type":"Organization","@id":"https:\/\/www.suno.com.br\/noticias\/#organization","name":"Suno Not\u00edcias","url":"https:\/\/www.suno.com.br\/noticias\/","logo":{"@type":"ImageObject","inLanguage":"pt-BR","@id":"https:\/\/www.suno.com.br\/noticias\/#\/schema\/logo\/image\/","url":"https:\/\/files.sunoresearch.com.br\/n\/uploads\/2021\/09\/suno-logo.png","contentUrl":"https:\/\/files.sunoresearch.com.br\/n\/uploads\/2021\/09\/suno-logo.png","width":180,"height":180,"caption":"Suno Not\u00edcias"},"image":{"@id":"https:\/\/www.suno.com.br\/noticias\/#\/schema\/logo\/image\/"},"sameAs":["https:\/\/facebook.com\/sunoresearch","https:\/\/x.com\/sunoresearch","https:\/\/www.instagram.com\/suno","https:\/\/www.linkedin.com\/company\/suno-research\/","https:\/\/www.youtube.com\/c\/sunoresearch"]},{"@type":"Person","@id":"https:\/\/www.suno.com.br\/noticias\/#\/schema\/person\/0a8b51292bb96ee5f104094c0907eaef","name":"Ma\u00edra Telles","image":{"@type":"ImageObject","inLanguage":"pt-BR","@id":"https:\/\/www.suno.com.br\/noticias\/#\/schema\/person\/image\/","url":"https:\/\/secure.gravatar.com\/avatar\/8d13691eab6abc1d1050b62a4c2a6116?s=96&r=g","contentUrl":"https:\/\/secure.gravatar.com\/avatar\/8d13691eab6abc1d1050b62a4c2a6116?s=96&r=g","caption":"Ma\u00edra Telles"},"description":"Jornalista com passagem por reda\u00e7\u00f5es como ESPN, especializa\u00e7\u00e3o em marketing digital e em gest\u00e3o de crise. Com foco no mercado financeiro e no setor agropecu\u00e1rio, desenvolve conte\u00fados estrat\u00e9gicos e especializados para m\u00faltiplas plataformas, unindo an\u00e1lise de investimentos e neg\u00f3cios","url":"https:\/\/www.suno.com.br\/noticias\/author\/mairaftellesgmail-com\/"}]}},"default_loop_html":"<div class=\"cardsPage__listCard__boxs\"><div class=\"cardsPage__listCard__boxs__img\"><a href=\"https:\/\/www.suno.com.br\/noticias\/agenda-da-semana-ipca15-copom-fed-mt\/\"><img class=\"mask\" src=\"https:\/\/www.suno.com.br\/noticias\/wp-content\/themes\/suno\/resources\/images\/spotlight\/spotlight1img\/bg-mask.png\" alt=\"Image Mask\"\/><img src=\"https:\/\/files.sunoresearch.com.br\/n\/uploads\/2026\/04\/sergeitokmakov-stock-trading-6525084-scaled-1-400x200.webp\" alt=\"Agenda da semana: IPCA-15, Copom e Fed dominam per\u00edodo curto com feriado\"\/><\/a><span class=\"spotlightCategory\"><a href=\"https:\/\/www.suno.com.br\/noticias\/negocios\/\">Neg\u00f3cios<\/a><\/span><\/div><div class=\"cardsPage__listCard__boxs__content\"><a href=\"https:\/\/www.suno.com.br\/noticias\/agenda-da-semana-ipca15-copom-fed-mt\/\"><h2 class=\"content__title\">Agenda da semana: IPCA-15, Copom e Fed dominam per\u00edodo curto com feriado<\/h2><\/a><div class=\"newsContent__article__meta\"><div class=\"newsContent__article__meta__authorBox\"><a href=\"https:\/\/www.suno.com.br\/noticias\/author\/mairaftellesgmail-com\/\" class=\"authorBox__avatar noMobi\"><img src=\"https:\/\/secure.gravatar.com\/avatar\/8d13691eab6abc1d1050b62a4c2a6116?s=96&#038;r=g\" alt=\"Ma\u00edra Telles\"><\/a><div class=\"authorBox__name\"><span>por\n\t\t\t<a href=\"https:\/\/www.suno.com.br\/noticias\/author\/mairaftellesgmail-com\/\"><span itemprop=\"author\">Ma\u00edra Telles<\/span><\/a><\/span><time datetime=\"2026-04-27T10:25:10-03:00\" itemprop=\"datePublished\">27\/04\/2026 10:25<\/time><\/div><\/div><\/div><\/div><\/div>","single_layout":"posts","amp_enabled":true,"_links":{"self":[{"href":"https:\/\/www.suno.com.br\/noticias\/wp-json\/wp\/v2\/posts\/649548"}],"collection":[{"href":"https:\/\/www.suno.com.br\/noticias\/wp-json\/wp\/v2\/posts"}],"about":[{"href":"https:\/\/www.suno.com.br\/noticias\/wp-json\/wp\/v2\/types\/post"}],"author":[{"embeddable":true,"href":"https:\/\/www.suno.com.br\/noticias\/wp-json\/wp\/v2\/users\/402"}],"replies":[{"embeddable":true,"href":"https:\/\/www.suno.com.br\/noticias\/wp-json\/wp\/v2\/comments?post=649548"}],"version-history":[{"count":0,"href":"https:\/\/www.suno.com.br\/noticias\/wp-json\/wp\/v2\/posts\/649548\/revisions"}],"wp:featuredmedia":[{"embeddable":true,"href":"https:\/\/www.suno.com.br\/noticias\/wp-json\/wp\/v2\/media\/649549"}],"wp:attachment":[{"href":"https:\/\/www.suno.com.br\/noticias\/wp-json\/wp\/v2\/media?parent=649548"}],"wp:term":[{"taxonomy":"category","embeddable":true,"href":"https:\/\/www.suno.com.br\/noticias\/wp-json\/wp\/v2\/categories?post=649548"},{"taxonomy":"post_tag","embeddable":true,"href":"https:\/\/www.suno.com.br\/noticias\/wp-json\/wp\/v2\/tags?post=649548"},{"taxonomy":"suno_strategy","embeddable":true,"href":"https:\/\/www.suno.com.br\/noticias\/wp-json\/wp\/v2\/suno_strategy?post=649548"}],"curies":[{"name":"wp","href":"https:\/\/api.w.org\/{rel}","templated":true}]}}