{"id":649543,"date":"2026-04-28T09:15:00","date_gmt":"2026-04-28T12:15:00","guid":{"rendered":"https:\/\/www.suno.com.br\/noticias\/energisa-engi11-balanco-1t26-consumo-mt\/"},"modified":"2026-04-27T10:15:47","modified_gmt":"2026-04-27T13:15:47","slug":"energisa-engi11-balanco-1t26-consumo-mt","status":"publish","type":"post","link":"https:\/\/www.suno.com.br\/noticias\/energisa-engi11-balanco-1t26-consumo-mt\/","title":{"rendered":"Energisa (ENGI11): entenda por que o 1T26 pode come\u00e7ar melhor do que o mercado imagina"},"content":{"rendered":"<p>A Energisa (<strong><a class=\"suno-keyword\" target=\"_blank\" data-force=\"no\" data-priority=\"2\" href=\"https:\/\/www.suno.com.br\/analitica\/acoes\/engi11\/\" rel=\"noopener\">ENGI11<\/a>)<\/strong> chega \u00e0 temporada de resultados com sinais que podem surpreender o mercado. Antes mesmo da divulga\u00e7\u00e3o oficial do <strong>balan\u00e7o<\/strong>, a Energisa j\u00e1 mostra um avan\u00e7o relevante no consumo de energia no primeiro trimestre de 2026, indicando um in\u00edcio de ano mais forte do que muitos investidores esperavam.<\/p>\t<div class=\"wrapper-featured-image\">\n\t\t<figure class=\"spotlightImg\">\n\n\t\t\t<picture>\n\t\t\t\t<source media=\"(max-width: 768px)\" srcset=\"https:\/\/files.sunoresearch.com.br\/n\/uploads\/2026\/04\/da7709a7-energisa-2-400x200.webp\">\n\t\t\t\t<img loading=\"lazy\" decoding=\"async\" class=\"newsContent__article__imgCapa lazyloadDisabled \" src=\"https:\/\/files.sunoresearch.com.br\/n\/uploads\/2026\/04\/da7709a7-energisa-2-800x450.webp\" width=\"800\" height=\"450\" alt=\"Energisa (ENGI11): entenda por que o 1T26 pode come\u00e7ar melhor do que o mercado imagina\" fetchpriority=high \/>\n\t\t\t<\/picture>\n\n\t\t\t<figcaption class=\"wp-caption-text wp-caption-text--show\">Energisa. Foto: Divulga\u00e7\u00e3o<\/figcaption>\n\t\t<\/figure>\n\t<\/div>\n\n\n\n\n\n\n<p>Segundo relat\u00f3rio do BTG Pactual, a pr\u00e9via operacional da companhia sugere um trimestre s\u00f3lido do ponto de vista de volumes, impulsionado principalmente pela demanda residencial e industrial, al\u00e9m de temperaturas mais elevadas em regi\u00f5es-chave de atua\u00e7\u00e3o.<\/p>\n\n\n\n<h2 class=\"wp-block-heading\">Consumo de energia cresce e sustenta desempenho da ENGI11<\/h2>\n\n\n\n<p>De acordo com o BTG, o consumo consolidado de energia da Energisa avan\u00e7ou 3,5% na compara\u00e7\u00e3o anual no 1T26, com crescimento em oito das nove concess\u00f5es da companhia.<\/p>\n\n\n\n<p>O desempenho foi puxado principalmente pelos segmentos residencial e industrial, al\u00e9m da expans\u00e3o da base de clientes e condi\u00e7\u00f5es clim\u00e1ticas mais intensas, especialmente nas regi\u00f5es Norte e EMT.<\/p>\n\n\n\t<p>\n\t\t<a href=\"https:\/\/lp2.suno.com.br\/onde-investir-2026\/?utm_campaign=_SNC390A0FD0_ao&#038;utm_source=suno-not\u00edcias&#038;utm_medium=banner.noticias\" target=\"_blank\" data-element=\"shortcode-suno-banner\" title=\"Banner SUNO, clique e saiba mais\">\n\t\t\t<picture>\n\t\t\t\t<source media=\"(max-width: 500px)\" srcset=\"https:\/\/files.sunoresearch.com.br\/gaia\/uploads\/2026\/01\/Banner-Materias-01-Mbl_-400x300-1.png\">\n\t\t\t\t<img class=\"newsContent__article__imgCapa newsContent__article__imgCapa--banner\"\n\t\t\t\t\tsrc=\"https:\/\/files.sunoresearch.com.br\/gaia\/uploads\/2026\/01\/Banner-Materias-01-Dkp_-1420x240-1.png\"\n\t\t\t\t\tdata-promo-id=\"651623\"\t\t\t\t\t\t\t\t\t\twidth='1420' height='240'\t\t\t\t\talt=\"https:\/\/files.sunoresearch.com.br\/gaia\/uploads\/2026\/01\/Banner-Materias-01-Dkp_-1420x240-1.png\"\n\t\t\t\t>\n\t\t\t<\/picture>\n\t\t<\/a>\n\t<\/p>\n\n\n\n\n\n\n\n<p>Entre os destaques operacionais, algumas distribuidoras apresentaram crescimento relevante, como EMT, com alta de 6,7%, ESE com avan\u00e7o de 5,0% e EPB com 4,4%, evidenciando uma din\u00e2mica positiva de demanda no per\u00edodo.<\/p>\n\n\n\n<h3 class=\"wp-block-heading\">Perdas de energia seguem no radar<\/h3>\n\n\n\n<p>Outro ponto observado no relat\u00f3rio foi o comportamento das perdas de energia, que ficaram praticamente est\u00e1veis no trimestre.<\/p>\n\n\n\n<p>As perdas consolidadas ficaram em 12,30%, com melhora em algumas concess\u00f5es, mas ainda com desafios pontuais em opera\u00e7\u00f5es que seguem acima dos limites regulat\u00f3rios.<\/p>\n\n\n\n<p>Apesar disso, o BTG destaca que houve avan\u00e7os em unidades espec\u00edficas, indicando um controle gradual dos indicadores operacionais, ainda que o tema continue sendo monitorado de perto pelos investidores.<\/p>\n\n\n\t<p>\n\t\t<a href=\"https:\/\/lp2.suno.com.br\/lm\/minicurso-construindo-um-portfolio-milionario\/?utm_campaign=_SNC35CF3834_ao&#038;utm_source=suno-not\u00edcias&#038;utm_medium=banner.noticias\" target=\"_blank\" data-element=\"shortcode-suno-banner\" title=\"Banner SUNO, clique e saiba mais\">\n\t\t\t<picture>\n\t\t\t\t<source media=\"(max-width: 500px)\" srcset=\"https:\/\/files.sunoresearch.com.br\/gaia\/uploads\/2026\/01\/MB-PS-HOME-DE-ARTIGOS-400x300-ID_01_x1.jpg\">\n\t\t\t\t<img class=\"newsContent__article__imgCapa newsContent__article__imgCapa--banner\"\n\t\t\t\t\tsrc=\"https:\/\/files.sunoresearch.com.br\/gaia\/uploads\/2026\/01\/DT-PS-HOME-DE-ARTIGOS-1420x240-ID_01_x1.jpg\"\n\t\t\t\t\tdata-promo-id=\"651626\"\t\t\t\t\t\t\t\t\t\twidth='1420' height='240'\t\t\t\t\talt=\"https:\/\/files.sunoresearch.com.br\/gaia\/uploads\/2026\/01\/DT-PS-HOME-DE-ARTIGOS-1420x240-ID_01_x1.jpg\"\n\t\t\t\t>\n\t\t\t<\/picture>\n\t\t<\/a>\n\t<\/p>\n\n\n\n\n\n\n\n<h3 class=\"wp-block-heading\">Valuation e perspectivas sustentam vis\u00e3o positiva<\/h3>\n\n\n\n<p>Do ponto de vista financeiro, o BTG mant\u00e9m recomenda\u00e7\u00e3o de compra para a companhia, com pre\u00e7o-alvo de R$ 60, o que implica potencial de valoriza\u00e7\u00e3o em rela\u00e7\u00e3o aos n\u00edveis atuais.<\/p>\n\n\n\n<p>O banco destaca que, mesmo em um cen\u00e1rio mais desafiador para o setor el\u00e9trico, a Energisa segue bem posicionada, com fundamentos s\u00f3lidos e capacidade de gera\u00e7\u00e3o de valor no <a class=\"suno-keyword\" target=\"_blank\" data-force=\"no\" data-priority=\"1\" href=\"https:\/\/www.suno.com.br\/artigos\/longo-prazo\/\" rel=\"noopener\">longo prazo<\/a>.<\/p>\n\n\n\n<p>Ao mesmo tempo, as proje\u00e7\u00f5es indicam um per\u00edodo de transi\u00e7\u00e3o, com poss\u00edvel press\u00e3o sobre lucro e retorno no <a class=\"suno-keyword\" target=\"_blank\" data-force=\"no\" data-priority=\"1\" href=\"https:\/\/www.suno.com.br\/artigos\/curto-prazo\/\" rel=\"noopener\">curto prazo<\/a> antes de uma recupera\u00e7\u00e3o mais consistente.<\/p>\n\n\n\n<h3 class=\"wp-block-heading\">Balan\u00e7o da Energisa entra no radar do mercado<\/h3>\n\n\n\n<p>A temporada de resultados deve trazer mais clareza sobre essa din\u00e2mica operacional e financeira, especialmente diante dos sinais antecipados pelo consumo.<\/p>\n\n\n\n<p>A <strong>Energisa (ENGI11)<\/strong> divulgar\u00e1 seus resultados do primeiro trimestre de 2026 no dia 11 de maio, uma segunda-feira, ap\u00f3s o <a class=\"suno-keyword\" target=\"_blank\" data-force=\"no\" data-priority=\"1\" href=\"https:\/\/www.suno.com.br\/artigos\/fechamento-do-mercado\/\" rel=\"noopener\">fechamento do mercado<\/a>, quando investidores poder\u00e3o avaliar com mais precis\u00e3o se o in\u00edcio de ano foi, de fato, melhor do que o esperado.<\/p>\n","protected":false},"excerpt":{"rendered":"<p>A Energisa (ENGI11) chega \u00e0 temporada de resultados com sinais que podem surpreender o mercado. Antes mesmo da divulga\u00e7\u00e3o oficial do balan\u00e7o, a Energisa j\u00e1 mostra um avan\u00e7o relevante no consumo de energia no primeiro trimestre de 2026, indicando um in\u00edcio de ano mais forte do que muitos investidores esperavam. Segundo relat\u00f3rio do BTG Pactual, &hellip; Continued<\/p>\n","protected":false},"author":402,"featured_media":649544,"comment_status":"closed","ping_status":"closed","sticky":false,"template":"","format":"standard","meta":[],"categories":[64],"tags":[1029],"suno_strategy":[],"class_list":["post-649543","post","type-post","status-publish","format-standard","has-post-thumbnail","hentry","category-negocios","tag-balancos-trimestrais"],"yoast_head":"<!-- This site is optimized with the Yoast SEO plugin v24.4 - https:\/\/yoast.com\/wordpress\/plugins\/seo\/ -->\n<title>Energisa (ENGI11): entenda o que esperar do balan\u00e7o 1T26<\/title>\n<meta name=\"description\" content=\"Energisa (ENGI11) registra alta no consumo e divulga balan\u00e7o do 1T26 em 11 de maio; entenda o que esperar.\" \/>\n<meta name=\"robots\" content=\"index, follow, max-snippet:-1, max-image-preview:large, max-video-preview:-1\" \/>\n<link rel=\"canonical\" href=\"https:\/\/www.suno.com.br\/noticias\/energisa-engi11-balanco-1t26-consumo-mt\/\" \/>\n<meta property=\"og:locale\" content=\"pt_BR\" \/>\n<meta property=\"og:type\" content=\"article\" \/>\n<meta property=\"og:title\" content=\"Energisa (ENGI11): entenda o que esperar do balan\u00e7o 1T26\" \/>\n<meta property=\"og:description\" content=\"Energisa (ENGI11) registra alta no consumo e divulga balan\u00e7o do 1T26 em 11 de maio; entenda o que esperar.\" \/>\n<meta property=\"og:url\" content=\"https:\/\/www.suno.com.br\/noticias\/energisa-engi11-balanco-1t26-consumo-mt\/\" \/>\n<meta property=\"og:site_name\" content=\"Suno Not\u00edcias\" \/>\n<meta property=\"article:publisher\" content=\"https:\/\/facebook.com\/sunoresearch\" \/>\n<meta property=\"og:image\" content=\"http:\/\/files.sunoresearch.com.br\/n\/uploads\/2026\/04\/da7709a7-energisa-2-jpg.webp\" \/>\n\t<meta property=\"og:image:width\" content=\"1200\" \/>\n\t<meta property=\"og:image:height\" content=\"800\" \/>\n\t<meta property=\"og:image:type\" content=\"image\/jpeg\" \/>\n<meta name=\"author\" content=\"Ma\u00edra Telles\" \/>\n<meta name=\"twitter:card\" content=\"summary_large_image\" \/>\n<meta name=\"twitter:creator\" content=\"@sunoresearch\" \/>\n<meta name=\"twitter:site\" content=\"@sunoresearch\" \/>\n<meta name=\"twitter:label1\" content=\"Escrito por\" \/>\n\t<meta name=\"twitter:data1\" content=\"Ma\u00edra Telles\" \/>\n\t<meta name=\"twitter:label2\" content=\"Est. tempo de leitura\" \/>\n\t<meta name=\"twitter:data2\" content=\"3 minutos\" \/>\n<script type=\"application\/ld+json\" class=\"yoast-schema-graph\">{\"@context\":\"https:\/\/schema.org\",\"@graph\":[{\"@type\":\"NewsArticle\",\"@id\":\"https:\/\/www.suno.com.br\/noticias\/energisa-engi11-balanco-1t26-consumo-mt\/#article\",\"isPartOf\":{\"@id\":\"https:\/\/www.suno.com.br\/noticias\/energisa-engi11-balanco-1t26-consumo-mt\/\"},\"author\":{\"name\":\"Ma\u00edra Telles\",\"@id\":\"https:\/\/www.suno.com.br\/noticias\/#\/schema\/person\/0a8b51292bb96ee5f104094c0907eaef\"},\"headline\":\"Energisa (ENGI11): entenda por que o 1T26 pode come\u00e7ar melhor do que o mercado imagina\",\"datePublished\":\"2026-04-28T12:15:00+00:00\",\"mainEntityOfPage\":{\"@id\":\"https:\/\/www.suno.com.br\/noticias\/energisa-engi11-balanco-1t26-consumo-mt\/\"},\"wordCount\":492,\"publisher\":{\"@id\":\"https:\/\/www.suno.com.br\/noticias\/#organization\"},\"image\":{\"@id\":\"https:\/\/www.suno.com.br\/noticias\/energisa-engi11-balanco-1t26-consumo-mt\/#primaryimage\"},\"thumbnailUrl\":\"https:\/\/files.sunoresearch.com.br\/n\/uploads\/2026\/04\/da7709a7-energisa-2-jpg.webp\",\"keywords\":[\"balan\u00e7os trimestrais\"],\"articleSection\":[\"Neg\u00f3cios\"],\"inLanguage\":\"pt-BR\"},{\"@type\":\"WebPage\",\"@id\":\"https:\/\/www.suno.com.br\/noticias\/energisa-engi11-balanco-1t26-consumo-mt\/\",\"url\":\"https:\/\/www.suno.com.br\/noticias\/energisa-engi11-balanco-1t26-consumo-mt\/\",\"name\":\"Energisa (ENGI11): entenda o que esperar do balan\u00e7o 1T26\",\"isPartOf\":{\"@id\":\"https:\/\/www.suno.com.br\/noticias\/#website\"},\"primaryImageOfPage\":{\"@id\":\"https:\/\/www.suno.com.br\/noticias\/energisa-engi11-balanco-1t26-consumo-mt\/#primaryimage\"},\"image\":{\"@id\":\"https:\/\/www.suno.com.br\/noticias\/energisa-engi11-balanco-1t26-consumo-mt\/#primaryimage\"},\"thumbnailUrl\":\"https:\/\/files.sunoresearch.com.br\/n\/uploads\/2026\/04\/da7709a7-energisa-2-jpg.webp\",\"datePublished\":\"2026-04-28T12:15:00+00:00\",\"description\":\"Energisa (ENGI11) registra alta no consumo e divulga balan\u00e7o do 1T26 em 11 de maio; entenda o que esperar.\",\"breadcrumb\":{\"@id\":\"https:\/\/www.suno.com.br\/noticias\/energisa-engi11-balanco-1t26-consumo-mt\/#breadcrumb\"},\"inLanguage\":\"pt-BR\",\"potentialAction\":[{\"@type\":\"ReadAction\",\"target\":[\"https:\/\/www.suno.com.br\/noticias\/energisa-engi11-balanco-1t26-consumo-mt\/\"]}]},{\"@type\":\"ImageObject\",\"inLanguage\":\"pt-BR\",\"@id\":\"https:\/\/www.suno.com.br\/noticias\/energisa-engi11-balanco-1t26-consumo-mt\/#primaryimage\",\"url\":\"https:\/\/files.sunoresearch.com.br\/n\/uploads\/2026\/04\/da7709a7-energisa-2-jpg.webp\",\"contentUrl\":\"https:\/\/files.sunoresearch.com.br\/n\/uploads\/2026\/04\/da7709a7-energisa-2-jpg.webp\",\"width\":1200,\"height\":800,\"caption\":\"Energisa. Foto: Divulga\u00e7\u00e3o\"},{\"@type\":\"BreadcrumbList\",\"@id\":\"https:\/\/www.suno.com.br\/noticias\/energisa-engi11-balanco-1t26-consumo-mt\/#breadcrumb\",\"itemListElement\":[{\"@type\":\"ListItem\",\"position\":1,\"name\":\"Not\u00edcias\",\"item\":\"https:\/\/www.suno.com.br\/noticias\/\"},{\"@type\":\"ListItem\",\"position\":2,\"name\":\"Neg\u00f3cios\",\"item\":\"https:\/\/www.suno.com.br\/noticias\/negocios\/\"},{\"@type\":\"ListItem\",\"position\":3,\"name\":\"Energisa (ENGI11): entenda por que o 1T26 pode come\u00e7ar melhor do que o mercado imagina\"}]},{\"@type\":\"WebSite\",\"@id\":\"https:\/\/www.suno.com.br\/noticias\/#website\",\"url\":\"https:\/\/www.suno.com.br\/noticias\/\",\"name\":\"Suno Not\u00edcias\",\"description\":\"Seu portal de informa\u00e7\u00e3o sobre o mundo dos investimentos\",\"publisher\":{\"@id\":\"https:\/\/www.suno.com.br\/noticias\/#organization\"},\"potentialAction\":[{\"@type\":\"SearchAction\",\"target\":{\"@type\":\"EntryPoint\",\"urlTemplate\":\"https:\/\/www.suno.com.br\/noticias\/?s={search_term_string}\"},\"query-input\":{\"@type\":\"PropertyValueSpecification\",\"valueRequired\":true,\"valueName\":\"search_term_string\"}}],\"inLanguage\":\"pt-BR\"},{\"@type\":\"Organization\",\"@id\":\"https:\/\/www.suno.com.br\/noticias\/#organization\",\"name\":\"Suno Not\u00edcias\",\"url\":\"https:\/\/www.suno.com.br\/noticias\/\",\"logo\":{\"@type\":\"ImageObject\",\"inLanguage\":\"pt-BR\",\"@id\":\"https:\/\/www.suno.com.br\/noticias\/#\/schema\/logo\/image\/\",\"url\":\"https:\/\/files.sunoresearch.com.br\/n\/uploads\/2021\/09\/suno-logo.png\",\"contentUrl\":\"https:\/\/files.sunoresearch.com.br\/n\/uploads\/2021\/09\/suno-logo.png\",\"width\":180,\"height\":180,\"caption\":\"Suno Not\u00edcias\"},\"image\":{\"@id\":\"https:\/\/www.suno.com.br\/noticias\/#\/schema\/logo\/image\/\"},\"sameAs\":[\"https:\/\/facebook.com\/sunoresearch\",\"https:\/\/x.com\/sunoresearch\",\"https:\/\/www.instagram.com\/suno\",\"https:\/\/www.linkedin.com\/company\/suno-research\/\",\"https:\/\/www.youtube.com\/c\/sunoresearch\"]},{\"@type\":\"Person\",\"@id\":\"https:\/\/www.suno.com.br\/noticias\/#\/schema\/person\/0a8b51292bb96ee5f104094c0907eaef\",\"name\":\"Ma\u00edra Telles\",\"image\":{\"@type\":\"ImageObject\",\"inLanguage\":\"pt-BR\",\"@id\":\"https:\/\/www.suno.com.br\/noticias\/#\/schema\/person\/image\/\",\"url\":\"https:\/\/secure.gravatar.com\/avatar\/8d13691eab6abc1d1050b62a4c2a6116?s=96&r=g\",\"contentUrl\":\"https:\/\/secure.gravatar.com\/avatar\/8d13691eab6abc1d1050b62a4c2a6116?s=96&r=g\",\"caption\":\"Ma\u00edra Telles\"},\"description\":\"Jornalista com passagem por reda\u00e7\u00f5es como ESPN, especializa\u00e7\u00e3o em marketing digital e em gest\u00e3o de crise. Com foco no mercado financeiro e no setor agropecu\u00e1rio, desenvolve conte\u00fados estrat\u00e9gicos e especializados para m\u00faltiplas plataformas, unindo an\u00e1lise de investimentos e neg\u00f3cios\",\"url\":\"https:\/\/www.suno.com.br\/noticias\/author\/mairaftellesgmail-com\/\"}]}<\/script>\n<!-- \/ Yoast SEO plugin. -->","yoast_head_json":{"title":"Energisa (ENGI11): entenda o que esperar do balan\u00e7o 1T26","description":"Energisa (ENGI11) registra alta no consumo e divulga balan\u00e7o do 1T26 em 11 de maio; entenda o que esperar.","robots":{"index":"index","follow":"follow","max-snippet":"max-snippet:-1","max-image-preview":"max-image-preview:large","max-video-preview":"max-video-preview:-1"},"canonical":"https:\/\/www.suno.com.br\/noticias\/energisa-engi11-balanco-1t26-consumo-mt\/","og_locale":"pt_BR","og_type":"article","og_title":"Energisa (ENGI11): entenda o que esperar do balan\u00e7o 1T26","og_description":"Energisa (ENGI11) registra alta no consumo e divulga balan\u00e7o do 1T26 em 11 de maio; entenda o que esperar.","og_url":"https:\/\/www.suno.com.br\/noticias\/energisa-engi11-balanco-1t26-consumo-mt\/","og_site_name":"Suno Not\u00edcias","article_publisher":"https:\/\/facebook.com\/sunoresearch","og_image":[{"width":1200,"height":800,"url":"http:\/\/files.sunoresearch.com.br\/n\/uploads\/2026\/04\/da7709a7-energisa-2-jpg.webp","type":"image\/jpeg"}],"author":"Ma\u00edra Telles","twitter_card":"summary_large_image","twitter_creator":"@sunoresearch","twitter_site":"@sunoresearch","twitter_misc":{"Escrito por":"Ma\u00edra Telles","Est. tempo de leitura":"3 minutos"},"schema":{"@context":"https:\/\/schema.org","@graph":[{"@type":"NewsArticle","@id":"https:\/\/www.suno.com.br\/noticias\/energisa-engi11-balanco-1t26-consumo-mt\/#article","isPartOf":{"@id":"https:\/\/www.suno.com.br\/noticias\/energisa-engi11-balanco-1t26-consumo-mt\/"},"author":{"name":"Ma\u00edra Telles","@id":"https:\/\/www.suno.com.br\/noticias\/#\/schema\/person\/0a8b51292bb96ee5f104094c0907eaef"},"headline":"Energisa (ENGI11): entenda por que o 1T26 pode come\u00e7ar melhor do que o mercado imagina","datePublished":"2026-04-28T12:15:00+00:00","mainEntityOfPage":{"@id":"https:\/\/www.suno.com.br\/noticias\/energisa-engi11-balanco-1t26-consumo-mt\/"},"wordCount":492,"publisher":{"@id":"https:\/\/www.suno.com.br\/noticias\/#organization"},"image":{"@id":"https:\/\/www.suno.com.br\/noticias\/energisa-engi11-balanco-1t26-consumo-mt\/#primaryimage"},"thumbnailUrl":"https:\/\/files.sunoresearch.com.br\/n\/uploads\/2026\/04\/da7709a7-energisa-2-jpg.webp","keywords":["balan\u00e7os trimestrais"],"articleSection":["Neg\u00f3cios"],"inLanguage":"pt-BR"},{"@type":"WebPage","@id":"https:\/\/www.suno.com.br\/noticias\/energisa-engi11-balanco-1t26-consumo-mt\/","url":"https:\/\/www.suno.com.br\/noticias\/energisa-engi11-balanco-1t26-consumo-mt\/","name":"Energisa (ENGI11): entenda o que esperar do balan\u00e7o 1T26","isPartOf":{"@id":"https:\/\/www.suno.com.br\/noticias\/#website"},"primaryImageOfPage":{"@id":"https:\/\/www.suno.com.br\/noticias\/energisa-engi11-balanco-1t26-consumo-mt\/#primaryimage"},"image":{"@id":"https:\/\/www.suno.com.br\/noticias\/energisa-engi11-balanco-1t26-consumo-mt\/#primaryimage"},"thumbnailUrl":"https:\/\/files.sunoresearch.com.br\/n\/uploads\/2026\/04\/da7709a7-energisa-2-jpg.webp","datePublished":"2026-04-28T12:15:00+00:00","description":"Energisa (ENGI11) registra alta no consumo e divulga balan\u00e7o do 1T26 em 11 de maio; entenda o que esperar.","breadcrumb":{"@id":"https:\/\/www.suno.com.br\/noticias\/energisa-engi11-balanco-1t26-consumo-mt\/#breadcrumb"},"inLanguage":"pt-BR","potentialAction":[{"@type":"ReadAction","target":["https:\/\/www.suno.com.br\/noticias\/energisa-engi11-balanco-1t26-consumo-mt\/"]}]},{"@type":"ImageObject","inLanguage":"pt-BR","@id":"https:\/\/www.suno.com.br\/noticias\/energisa-engi11-balanco-1t26-consumo-mt\/#primaryimage","url":"https:\/\/files.sunoresearch.com.br\/n\/uploads\/2026\/04\/da7709a7-energisa-2-jpg.webp","contentUrl":"https:\/\/files.sunoresearch.com.br\/n\/uploads\/2026\/04\/da7709a7-energisa-2-jpg.webp","width":1200,"height":800,"caption":"Energisa. Foto: Divulga\u00e7\u00e3o"},{"@type":"BreadcrumbList","@id":"https:\/\/www.suno.com.br\/noticias\/energisa-engi11-balanco-1t26-consumo-mt\/#breadcrumb","itemListElement":[{"@type":"ListItem","position":1,"name":"Not\u00edcias","item":"https:\/\/www.suno.com.br\/noticias\/"},{"@type":"ListItem","position":2,"name":"Neg\u00f3cios","item":"https:\/\/www.suno.com.br\/noticias\/negocios\/"},{"@type":"ListItem","position":3,"name":"Energisa (ENGI11): entenda por que o 1T26 pode come\u00e7ar melhor do que o mercado imagina"}]},{"@type":"WebSite","@id":"https:\/\/www.suno.com.br\/noticias\/#website","url":"https:\/\/www.suno.com.br\/noticias\/","name":"Suno Not\u00edcias","description":"Seu portal de informa\u00e7\u00e3o sobre o mundo dos investimentos","publisher":{"@id":"https:\/\/www.suno.com.br\/noticias\/#organization"},"potentialAction":[{"@type":"SearchAction","target":{"@type":"EntryPoint","urlTemplate":"https:\/\/www.suno.com.br\/noticias\/?s={search_term_string}"},"query-input":{"@type":"PropertyValueSpecification","valueRequired":true,"valueName":"search_term_string"}}],"inLanguage":"pt-BR"},{"@type":"Organization","@id":"https:\/\/www.suno.com.br\/noticias\/#organization","name":"Suno Not\u00edcias","url":"https:\/\/www.suno.com.br\/noticias\/","logo":{"@type":"ImageObject","inLanguage":"pt-BR","@id":"https:\/\/www.suno.com.br\/noticias\/#\/schema\/logo\/image\/","url":"https:\/\/files.sunoresearch.com.br\/n\/uploads\/2021\/09\/suno-logo.png","contentUrl":"https:\/\/files.sunoresearch.com.br\/n\/uploads\/2021\/09\/suno-logo.png","width":180,"height":180,"caption":"Suno Not\u00edcias"},"image":{"@id":"https:\/\/www.suno.com.br\/noticias\/#\/schema\/logo\/image\/"},"sameAs":["https:\/\/facebook.com\/sunoresearch","https:\/\/x.com\/sunoresearch","https:\/\/www.instagram.com\/suno","https:\/\/www.linkedin.com\/company\/suno-research\/","https:\/\/www.youtube.com\/c\/sunoresearch"]},{"@type":"Person","@id":"https:\/\/www.suno.com.br\/noticias\/#\/schema\/person\/0a8b51292bb96ee5f104094c0907eaef","name":"Ma\u00edra Telles","image":{"@type":"ImageObject","inLanguage":"pt-BR","@id":"https:\/\/www.suno.com.br\/noticias\/#\/schema\/person\/image\/","url":"https:\/\/secure.gravatar.com\/avatar\/8d13691eab6abc1d1050b62a4c2a6116?s=96&r=g","contentUrl":"https:\/\/secure.gravatar.com\/avatar\/8d13691eab6abc1d1050b62a4c2a6116?s=96&r=g","caption":"Ma\u00edra Telles"},"description":"Jornalista com passagem por reda\u00e7\u00f5es como ESPN, especializa\u00e7\u00e3o em marketing digital e em gest\u00e3o de crise. Com foco no mercado financeiro e no setor agropecu\u00e1rio, desenvolve conte\u00fados estrat\u00e9gicos e especializados para m\u00faltiplas plataformas, unindo an\u00e1lise de investimentos e neg\u00f3cios","url":"https:\/\/www.suno.com.br\/noticias\/author\/mairaftellesgmail-com\/"}]}},"default_loop_html":"<div class=\"cardsPage__listCard__boxs\"><div class=\"cardsPage__listCard__boxs__img\"><a href=\"https:\/\/www.suno.com.br\/noticias\/energisa-engi11-balanco-1t26-consumo-mt\/\"><img class=\"mask\" src=\"https:\/\/www.suno.com.br\/noticias\/wp-content\/themes\/suno\/resources\/images\/spotlight\/spotlight1img\/bg-mask.png\" alt=\"Image Mask\"\/><img src=\"https:\/\/files.sunoresearch.com.br\/n\/uploads\/2026\/04\/da7709a7-energisa-2-400x200.webp\" alt=\"Energisa (ENGI11): entenda por que o 1T26 pode come\u00e7ar melhor do que o mercado imagina\"\/><\/a><span class=\"spotlightCategory\"><a href=\"https:\/\/www.suno.com.br\/noticias\/negocios\/\">Neg\u00f3cios<\/a><\/span><\/div><div class=\"cardsPage__listCard__boxs__content\"><a href=\"https:\/\/www.suno.com.br\/noticias\/energisa-engi11-balanco-1t26-consumo-mt\/\"><h2 class=\"content__title\">Energisa (ENGI11): entenda por que o 1T26 pode come\u00e7ar melhor do que o mercado imagina<\/h2><\/a><div class=\"newsContent__article__meta\"><div class=\"newsContent__article__meta__authorBox\"><a href=\"https:\/\/www.suno.com.br\/noticias\/author\/mairaftellesgmail-com\/\" class=\"authorBox__avatar noMobi\"><img src=\"https:\/\/secure.gravatar.com\/avatar\/8d13691eab6abc1d1050b62a4c2a6116?s=96&#038;r=g\" alt=\"Ma\u00edra Telles\"><\/a><div class=\"authorBox__name\"><span>por\n\t\t\t<a href=\"https:\/\/www.suno.com.br\/noticias\/author\/mairaftellesgmail-com\/\"><span itemprop=\"author\">Ma\u00edra Telles<\/span><\/a><\/span><time datetime=\"2026-04-28T09:15:00-03:00\" itemprop=\"datePublished\">28\/04\/2026 09:15<\/time><\/div><\/div><\/div><\/div><\/div>","single_layout":"posts","amp_enabled":true,"_links":{"self":[{"href":"https:\/\/www.suno.com.br\/noticias\/wp-json\/wp\/v2\/posts\/649543"}],"collection":[{"href":"https:\/\/www.suno.com.br\/noticias\/wp-json\/wp\/v2\/posts"}],"about":[{"href":"https:\/\/www.suno.com.br\/noticias\/wp-json\/wp\/v2\/types\/post"}],"author":[{"embeddable":true,"href":"https:\/\/www.suno.com.br\/noticias\/wp-json\/wp\/v2\/users\/402"}],"replies":[{"embeddable":true,"href":"https:\/\/www.suno.com.br\/noticias\/wp-json\/wp\/v2\/comments?post=649543"}],"version-history":[{"count":1,"href":"https:\/\/www.suno.com.br\/noticias\/wp-json\/wp\/v2\/posts\/649543\/revisions"}],"predecessor-version":[{"id":649545,"href":"https:\/\/www.suno.com.br\/noticias\/wp-json\/wp\/v2\/posts\/649543\/revisions\/649545"}],"wp:featuredmedia":[{"embeddable":true,"href":"https:\/\/www.suno.com.br\/noticias\/wp-json\/wp\/v2\/media\/649544"}],"wp:attachment":[{"href":"https:\/\/www.suno.com.br\/noticias\/wp-json\/wp\/v2\/media?parent=649543"}],"wp:term":[{"taxonomy":"category","embeddable":true,"href":"https:\/\/www.suno.com.br\/noticias\/wp-json\/wp\/v2\/categories?post=649543"},{"taxonomy":"post_tag","embeddable":true,"href":"https:\/\/www.suno.com.br\/noticias\/wp-json\/wp\/v2\/tags?post=649543"},{"taxonomy":"suno_strategy","embeddable":true,"href":"https:\/\/www.suno.com.br\/noticias\/wp-json\/wp\/v2\/suno_strategy?post=649543"}],"curies":[{"name":"wp","href":"https:\/\/api.w.org\/{rel}","templated":true}]}}