{"id":64937,"date":"2020-05-15T11:01:53","date_gmt":"2020-05-15T14:01:53","guid":{"rendered":"https:\/\/www.suno.com.br\/noticias\/?p=64937"},"modified":"2020-05-15T11:01:53","modified_gmt":"2020-05-15T14:01:53","slug":"coronavoucher-calendario-pagamento-segunda-parcela","status":"publish","type":"post","link":"https:\/\/www.suno.com.br\/noticias\/coronavoucher-calendario-pagamento-segunda-parcela\/","title":{"rendered":"Coronavoucher: Confira o calend\u00e1rio de pagamento da 2\u00aa parcela do aux\u00edlio"},"content":{"rendered":"<p>O Governo Federal publicou, nesta sexta-feira (15), no Di\u00e1rio Oficial da Uni\u00e3o (DOU), o calend\u00e1rio da segunda parcela do <strong>coronavoucher<\/strong>, nome dado ao aux\u00edlio emergencial de R$ 600. O cronograma ter\u00e1 in\u00edcio na segunda-feira (18) e ir\u00e1 at\u00e9 o dia 13 de junho.<\/p>\t<div class=\"wrapper-featured-image\">\n\t\t<figure class=\"spotlightImg\">\n\n\t\t\t<picture>\n\t\t\t\t<source media=\"(max-width: 768px)\" srcset=\"https:\/\/files.sunoresearch.com.br\/n\/uploads\/2019\/09\/5458c41f-dinheiro-400x200.webp\">\n\t\t\t\t<img loading=\"lazy\" decoding=\"async\" class=\"newsContent__article__imgCapa lazyloadDisabled newsContent__article__imgCapa--noCaption\" src=\"https:\/\/files.sunoresearch.com.br\/n\/uploads\/2019\/09\/5458c41f-dinheiro-800x450.webp\" width=\"800\" height=\"450\" alt=\"Coronavoucher: Confira o calend\u00e1rio de pagamento da 2\u00aa parcela do aux\u00edlio\" fetchpriority=high \/>\n\t\t\t<\/picture>\n\n\t\t\t<figcaption class=\"wp-caption-text wp-caption-text--hide\">Fundos p\u00fablicos e INSS tamb\u00e9m abrigam valores esquecidos<\/figcaption>\n\t\t<\/figure>\n\t<\/div>\n\n\n\n<p>Segundo informa\u00e7\u00f5es do texto publicado pelo <strong>Minist\u00e9rio da Cidadania<\/strong>, os calend\u00e1rios da segunda parcela do coronavoucher s\u00e3o v\u00e1lidos para as pessoas que receberam a primeira parcela do <strong>aux\u00edlio<\/strong> at\u00e9 o dia 30 de abril. O valor ser\u00e1 depositado em poupan\u00e7a social digital, conforme o m\u00eas de nascimento da pessoa, assim como foi feito no procedimento da primeira parcela.<\/p>\n<p><a href=\"https:\/\/lp.suno.com.br\/suno-one\/\">Garanta acesso gratuito \u00e0 eBooks, Minicursos, Artigos e Video Aulas com um \u00fanico cadastro. Clique para saber mais.<\/a><\/p>\n<p>Confira abaixo os tr\u00eas calend\u00e1rios de pagamento do coronavoucher:<\/p>\n<p>2\u00aa parcela do aux\u00edlio emergencial de R$ 600 &#8211; Poupan\u00e7a Social<\/p>\n<ul>\n<li>20 de maio: nascidos em janeiro e fevereiro<\/li>\n<li>21 de maio: nascidos em mar\u00e7o e abril<\/li>\n<li>22 de maio: nascidos em maio e junho<\/li>\n<li>23 de maio: nascidos em julho e agosto<\/li>\n<li>25 de maio: nascidos em setembro e outubro<\/li>\n<li>26 de maio: nascidos em novembro e dezembro<\/li>\n<li>2\u00aa parcela do aux\u00edlio emergencial &#8211; saques<\/li>\n<\/ul>\n<p>2\u00aa parcela do aux\u00edlio emergencial de R$ 600 &#8211; Saques<\/p>\n<ul>\n<li>30 de maio: nascidos em janeiro<\/li>\n<li>1 de junho: nascidos em fevereiro<\/li>\n<li>2 de junho: nascidos em mar\u00e7o<\/li>\n<li>3 de junho: nascidos em abril<\/li>\n<li>4 de junho: nascidos em maio<\/li>\n<li>5 de junho: nascidos em junho<\/li>\n<li>6 de junho: nascidos em julho<\/li>\n<li>8 de junho: nascidos em agosto<\/li>\n<li>9 de junho: nascidos em setembro<\/li>\n<li>10 de junho: nascidos em outubro<\/li>\n<li>12 de junho: nascidos em novembro<\/li>\n<li>13 de junho: nascidos em dezembro<\/li>\n<\/ul>\n<p>Aux\u00edlio para benefici\u00e1rios do Bolsa Fam\u00edlia<\/p>\n<p>Para os benefici\u00e1rios do <strong>Bolsa Fam\u00edlia<\/strong>, o calend\u00e1rio de saques do coronavoucher ser\u00e1 realizado conforme o <strong>N\u00famero de Identifica\u00e7\u00e3o Social (NIS)<\/strong>.<\/p>\n<ul>\n<li>NIS 1: 18 de maio<\/li>\n<li>NIS 2: 19 de maio<\/li>\n<li>NIS 3: 20 de maio<\/li>\n<li>NIS 4: 21 de maio<\/li>\n<li>NIS 5: 22 de maio<\/li>\n<li>NIS 6: 25 de maio<\/li>\n<li>NIS 7: 26 de maio<\/li>\n<li>NIS 8: 27 de maio<\/li>\n<li>NIS 9: 28 de maio<\/li>\n<li>NIS 0: 29 de maio<\/li>\n<\/ul>\n<p>O pacote de aux\u00edlio emergencial destinado aos trabalhadores informais, apelidado de &#8216;<strong>coronavoucher<\/strong>&#8216;, foi criado no dia 27 de mar\u00e7o com o intuito de diminuir os impactos causados pela pandemia de coronav\u00edrus\u00a0para estas pessoas.<\/p>\n\n","protected":false},"excerpt":{"rendered":"<p>O Governo Federal publicou, nesta sexta-feira (15), no Di\u00e1rio Oficial da Uni\u00e3o (DOU), o calend\u00e1rio da segunda parcela do coronavoucher, nome dado ao aux\u00edlio emergencial de R$ 600. O cronograma ter\u00e1 in\u00edcio na segunda-feira (18) e ir\u00e1 at\u00e9 o dia 13 de junho. Fundos p\u00fablicos e INSS tamb\u00e9m abrigam valores esquecidos Segundo informa\u00e7\u00f5es do texto [&hellip;]<\/p>\n","protected":false},"author":19,"featured_media":36442,"comment_status":"closed","ping_status":"closed","sticky":false,"template":"","format":"standard","meta":[],"categories":[64],"tags":[12737],"suno_strategy":[],"class_list":["post-64937","post","type-post","status-publish","format-standard","has-post-thumbnail","hentry","category-negocios","tag-coronavoucher"],"yoast_head":"<!-- This site is optimized with the Yoast SEO plugin v24.4 - https:\/\/yoast.com\/wordpress\/plugins\/seo\/ -->\n<title>Coronavoucher: Veja o calend\u00e1rio de pagamento da 2\u00aa parcela do auxilio<\/title>\n<meta name=\"description\" content=\"O Governo Federal publicou, no Di\u00e1rio Oficial da Uni\u00e3o, o calend\u00e1rio da 2\u00aa parcela do coronavoucher (aux\u00edlio emergencial) de R$ 600.\" \/>\n<meta name=\"robots\" content=\"index, follow, max-snippet:-1, max-image-preview:large, max-video-preview:-1\" \/>\n<link rel=\"canonical\" href=\"https:\/\/www.suno.com.br\/noticias\/coronavoucher-calendario-pagamento-segunda-parcela\/\" \/>\n<meta property=\"og:locale\" content=\"pt_BR\" \/>\n<meta property=\"og:type\" content=\"article\" \/>\n<meta property=\"og:title\" content=\"Coronavoucher: Veja o calend\u00e1rio de pagamento da 2\u00aa parcela do auxilio\" \/>\n<meta property=\"og:description\" content=\"O Governo Federal publicou, no Di\u00e1rio Oficial da Uni\u00e3o, o calend\u00e1rio da 2\u00aa parcela do coronavoucher (aux\u00edlio emergencial) de R$ 600.\" \/>\n<meta property=\"og:url\" content=\"https:\/\/www.suno.com.br\/noticias\/coronavoucher-calendario-pagamento-segunda-parcela\/\" \/>\n<meta property=\"og:site_name\" content=\"Suno Not\u00edcias\" \/>\n<meta property=\"article:publisher\" content=\"https:\/\/facebook.com\/sunoresearch\" \/>\n<meta property=\"og:image\" content=\"https:\/\/files.sunoresearch.com.br\/n\/uploads\/2019\/09\/5458c41f-dinheiro.jpg\" \/>\n\t<meta property=\"og:image:width\" content=\"1700\" \/>\n\t<meta property=\"og:image:height\" content=\"1129\" \/>\n\t<meta property=\"og:image:type\" content=\"image\/jpeg\" \/>\n<meta name=\"author\" content=\"Juliano Passaro\" \/>\n<meta name=\"twitter:card\" content=\"summary_large_image\" \/>\n<meta name=\"twitter:creator\" content=\"@sunoresearch\" \/>\n<meta name=\"twitter:site\" content=\"@sunoresearch\" \/>\n<meta name=\"twitter:label1\" content=\"Escrito por\" \/>\n\t<meta name=\"twitter:data1\" content=\"Juliano Passaro\" \/>\n\t<meta name=\"twitter:label2\" content=\"Est. tempo de leitura\" \/>\n\t<meta name=\"twitter:data2\" content=\"2 minutos\" \/>\n<script type=\"application\/ld+json\" class=\"yoast-schema-graph\">{\"@context\":\"https:\/\/schema.org\",\"@graph\":[{\"@type\":\"NewsArticle\",\"@id\":\"https:\/\/www.suno.com.br\/noticias\/coronavoucher-calendario-pagamento-segunda-parcela\/#article\",\"isPartOf\":{\"@id\":\"https:\/\/www.suno.com.br\/noticias\/coronavoucher-calendario-pagamento-segunda-parcela\/\"},\"author\":{\"name\":\"Juliano Passaro\",\"@id\":\"https:\/\/www.suno.com.br\/noticias\/#\/schema\/person\/1db762f78ffd8919a648a63e425953e3\"},\"headline\":\"Coronavoucher: Confira o calend\u00e1rio de pagamento da 2\u00aa parcela do aux\u00edlio\",\"datePublished\":\"2020-05-15T14:01:53+00:00\",\"mainEntityOfPage\":{\"@id\":\"https:\/\/www.suno.com.br\/noticias\/coronavoucher-calendario-pagamento-segunda-parcela\/\"},\"wordCount\":389,\"publisher\":{\"@id\":\"https:\/\/www.suno.com.br\/noticias\/#organization\"},\"image\":{\"@id\":\"https:\/\/www.suno.com.br\/noticias\/coronavoucher-calendario-pagamento-segunda-parcela\/#primaryimage\"},\"thumbnailUrl\":\"https:\/\/files.sunoresearch.com.br\/n\/uploads\/2019\/09\/5458c41f-dinheiro-jpg.webp\",\"keywords\":[\"coronavoucher\"],\"articleSection\":[\"Neg\u00f3cios\"],\"inLanguage\":\"pt-BR\"},{\"@type\":\"WebPage\",\"@id\":\"https:\/\/www.suno.com.br\/noticias\/coronavoucher-calendario-pagamento-segunda-parcela\/\",\"url\":\"https:\/\/www.suno.com.br\/noticias\/coronavoucher-calendario-pagamento-segunda-parcela\/\",\"name\":\"Coronavoucher: Veja o calend\u00e1rio de pagamento da 2\u00aa parcela do auxilio\",\"isPartOf\":{\"@id\":\"https:\/\/www.suno.com.br\/noticias\/#website\"},\"primaryImageOfPage\":{\"@id\":\"https:\/\/www.suno.com.br\/noticias\/coronavoucher-calendario-pagamento-segunda-parcela\/#primaryimage\"},\"image\":{\"@id\":\"https:\/\/www.suno.com.br\/noticias\/coronavoucher-calendario-pagamento-segunda-parcela\/#primaryimage\"},\"thumbnailUrl\":\"https:\/\/files.sunoresearch.com.br\/n\/uploads\/2019\/09\/5458c41f-dinheiro-jpg.webp\",\"datePublished\":\"2020-05-15T14:01:53+00:00\",\"description\":\"O Governo Federal publicou, no Di\u00e1rio Oficial da Uni\u00e3o, o calend\u00e1rio da 2\u00aa parcela do coronavoucher (aux\u00edlio emergencial) de R$ 600.\",\"breadcrumb\":{\"@id\":\"https:\/\/www.suno.com.br\/noticias\/coronavoucher-calendario-pagamento-segunda-parcela\/#breadcrumb\"},\"inLanguage\":\"pt-BR\",\"potentialAction\":[{\"@type\":\"ReadAction\",\"target\":[\"https:\/\/www.suno.com.br\/noticias\/coronavoucher-calendario-pagamento-segunda-parcela\/\"]}]},{\"@type\":\"ImageObject\",\"inLanguage\":\"pt-BR\",\"@id\":\"https:\/\/www.suno.com.br\/noticias\/coronavoucher-calendario-pagamento-segunda-parcela\/#primaryimage\",\"url\":\"https:\/\/files.sunoresearch.com.br\/n\/uploads\/2019\/09\/5458c41f-dinheiro-jpg.webp\",\"contentUrl\":\"https:\/\/files.sunoresearch.com.br\/n\/uploads\/2019\/09\/5458c41f-dinheiro-jpg.webp\",\"width\":1700,\"height\":1129,\"caption\":\"Fundos p\u00fablicos e INSS tamb\u00e9m abrigam valores esquecidos\"},{\"@type\":\"BreadcrumbList\",\"@id\":\"https:\/\/www.suno.com.br\/noticias\/coronavoucher-calendario-pagamento-segunda-parcela\/#breadcrumb\",\"itemListElement\":[{\"@type\":\"ListItem\",\"position\":1,\"name\":\"Not\u00edcias\",\"item\":\"https:\/\/www.suno.com.br\/noticias\/\"},{\"@type\":\"ListItem\",\"position\":2,\"name\":\"Neg\u00f3cios\",\"item\":\"https:\/\/www.suno.com.br\/noticias\/negocios\/\"},{\"@type\":\"ListItem\",\"position\":3,\"name\":\"Coronavoucher: Confira o calend\u00e1rio de pagamento da 2\u00aa parcela do aux\u00edlio\"}]},{\"@type\":\"WebSite\",\"@id\":\"https:\/\/www.suno.com.br\/noticias\/#website\",\"url\":\"https:\/\/www.suno.com.br\/noticias\/\",\"name\":\"Suno Not\u00edcias\",\"description\":\"Seu portal de informa\u00e7\u00e3o sobre o mundo dos investimentos\",\"publisher\":{\"@id\":\"https:\/\/www.suno.com.br\/noticias\/#organization\"},\"potentialAction\":[{\"@type\":\"SearchAction\",\"target\":{\"@type\":\"EntryPoint\",\"urlTemplate\":\"https:\/\/www.suno.com.br\/noticias\/?s={search_term_string}\"},\"query-input\":{\"@type\":\"PropertyValueSpecification\",\"valueRequired\":true,\"valueName\":\"search_term_string\"}}],\"inLanguage\":\"pt-BR\"},{\"@type\":\"Organization\",\"@id\":\"https:\/\/www.suno.com.br\/noticias\/#organization\",\"name\":\"Suno Not\u00edcias\",\"url\":\"https:\/\/www.suno.com.br\/noticias\/\",\"logo\":{\"@type\":\"ImageObject\",\"inLanguage\":\"pt-BR\",\"@id\":\"https:\/\/www.suno.com.br\/noticias\/#\/schema\/logo\/image\/\",\"url\":\"https:\/\/files.sunoresearch.com.br\/n\/uploads\/2021\/09\/suno-logo.png\",\"contentUrl\":\"https:\/\/files.sunoresearch.com.br\/n\/uploads\/2021\/09\/suno-logo.png\",\"width\":180,\"height\":180,\"caption\":\"Suno Not\u00edcias\"},\"image\":{\"@id\":\"https:\/\/www.suno.com.br\/noticias\/#\/schema\/logo\/image\/\"},\"sameAs\":[\"https:\/\/facebook.com\/sunoresearch\",\"https:\/\/x.com\/sunoresearch\",\"https:\/\/www.instagram.com\/suno\",\"https:\/\/www.linkedin.com\/company\/suno-research\/\",\"https:\/\/www.youtube.com\/c\/sunoresearch\"]},{\"@type\":\"Person\",\"@id\":\"https:\/\/www.suno.com.br\/noticias\/#\/schema\/person\/1db762f78ffd8919a648a63e425953e3\",\"name\":\"Juliano Passaro\",\"image\":{\"@type\":\"ImageObject\",\"inLanguage\":\"pt-BR\",\"@id\":\"https:\/\/www.suno.com.br\/noticias\/#\/schema\/person\/image\/\",\"url\":\"https:\/\/secure.gravatar.com\/avatar\/743d4df28eebf6dcc46b4ad03c319e92?s=96&r=g\",\"contentUrl\":\"https:\/\/secure.gravatar.com\/avatar\/743d4df28eebf6dcc46b4ad03c319e92?s=96&r=g\",\"caption\":\"Juliano Passaro\"},\"description\":\"Juliano Passaro escreve sobre pol\u00edtica, economia e neg\u00f3cios para o portal da Suno Research. Antes da Suno, trabalhou no Portal da Band. \u00c9 formado em jornalismo pela Universidade Presbiteriana Mackenzie.\",\"url\":\"https:\/\/www.suno.com.br\/noticias\/author\/juliano\/\"}]}<\/script>\n<!-- \/ Yoast SEO plugin. -->","yoast_head_json":{"title":"Coronavoucher: Veja o calend\u00e1rio de pagamento da 2\u00aa parcela do auxilio","description":"O Governo Federal publicou, no Di\u00e1rio Oficial da Uni\u00e3o, o calend\u00e1rio da 2\u00aa parcela do coronavoucher (aux\u00edlio emergencial) de R$ 600.","robots":{"index":"index","follow":"follow","max-snippet":"max-snippet:-1","max-image-preview":"max-image-preview:large","max-video-preview":"max-video-preview:-1"},"canonical":"https:\/\/www.suno.com.br\/noticias\/coronavoucher-calendario-pagamento-segunda-parcela\/","og_locale":"pt_BR","og_type":"article","og_title":"Coronavoucher: Veja o calend\u00e1rio de pagamento da 2\u00aa parcela do auxilio","og_description":"O Governo Federal publicou, no Di\u00e1rio Oficial da Uni\u00e3o, o calend\u00e1rio da 2\u00aa parcela do coronavoucher (aux\u00edlio emergencial) de R$ 600.","og_url":"https:\/\/www.suno.com.br\/noticias\/coronavoucher-calendario-pagamento-segunda-parcela\/","og_site_name":"Suno Not\u00edcias","article_publisher":"https:\/\/facebook.com\/sunoresearch","og_image":[{"width":1700,"height":1129,"url":"https:\/\/files.sunoresearch.com.br\/n\/uploads\/2019\/09\/5458c41f-dinheiro.jpg","type":"image\/jpeg"}],"author":"Juliano Passaro","twitter_card":"summary_large_image","twitter_creator":"@sunoresearch","twitter_site":"@sunoresearch","twitter_misc":{"Escrito por":"Juliano Passaro","Est. tempo de leitura":"2 minutos"},"schema":{"@context":"https:\/\/schema.org","@graph":[{"@type":"NewsArticle","@id":"https:\/\/www.suno.com.br\/noticias\/coronavoucher-calendario-pagamento-segunda-parcela\/#article","isPartOf":{"@id":"https:\/\/www.suno.com.br\/noticias\/coronavoucher-calendario-pagamento-segunda-parcela\/"},"author":{"name":"Juliano Passaro","@id":"https:\/\/www.suno.com.br\/noticias\/#\/schema\/person\/1db762f78ffd8919a648a63e425953e3"},"headline":"Coronavoucher: Confira o calend\u00e1rio de pagamento da 2\u00aa parcela do aux\u00edlio","datePublished":"2020-05-15T14:01:53+00:00","mainEntityOfPage":{"@id":"https:\/\/www.suno.com.br\/noticias\/coronavoucher-calendario-pagamento-segunda-parcela\/"},"wordCount":389,"publisher":{"@id":"https:\/\/www.suno.com.br\/noticias\/#organization"},"image":{"@id":"https:\/\/www.suno.com.br\/noticias\/coronavoucher-calendario-pagamento-segunda-parcela\/#primaryimage"},"thumbnailUrl":"https:\/\/files.sunoresearch.com.br\/n\/uploads\/2019\/09\/5458c41f-dinheiro-jpg.webp","keywords":["coronavoucher"],"articleSection":["Neg\u00f3cios"],"inLanguage":"pt-BR"},{"@type":"WebPage","@id":"https:\/\/www.suno.com.br\/noticias\/coronavoucher-calendario-pagamento-segunda-parcela\/","url":"https:\/\/www.suno.com.br\/noticias\/coronavoucher-calendario-pagamento-segunda-parcela\/","name":"Coronavoucher: Veja o calend\u00e1rio de pagamento da 2\u00aa parcela do auxilio","isPartOf":{"@id":"https:\/\/www.suno.com.br\/noticias\/#website"},"primaryImageOfPage":{"@id":"https:\/\/www.suno.com.br\/noticias\/coronavoucher-calendario-pagamento-segunda-parcela\/#primaryimage"},"image":{"@id":"https:\/\/www.suno.com.br\/noticias\/coronavoucher-calendario-pagamento-segunda-parcela\/#primaryimage"},"thumbnailUrl":"https:\/\/files.sunoresearch.com.br\/n\/uploads\/2019\/09\/5458c41f-dinheiro-jpg.webp","datePublished":"2020-05-15T14:01:53+00:00","description":"O Governo Federal publicou, no Di\u00e1rio Oficial da Uni\u00e3o, o calend\u00e1rio da 2\u00aa parcela do coronavoucher (aux\u00edlio emergencial) de R$ 600.","breadcrumb":{"@id":"https:\/\/www.suno.com.br\/noticias\/coronavoucher-calendario-pagamento-segunda-parcela\/#breadcrumb"},"inLanguage":"pt-BR","potentialAction":[{"@type":"ReadAction","target":["https:\/\/www.suno.com.br\/noticias\/coronavoucher-calendario-pagamento-segunda-parcela\/"]}]},{"@type":"ImageObject","inLanguage":"pt-BR","@id":"https:\/\/www.suno.com.br\/noticias\/coronavoucher-calendario-pagamento-segunda-parcela\/#primaryimage","url":"https:\/\/files.sunoresearch.com.br\/n\/uploads\/2019\/09\/5458c41f-dinheiro-jpg.webp","contentUrl":"https:\/\/files.sunoresearch.com.br\/n\/uploads\/2019\/09\/5458c41f-dinheiro-jpg.webp","width":1700,"height":1129,"caption":"Fundos p\u00fablicos e INSS tamb\u00e9m abrigam valores esquecidos"},{"@type":"BreadcrumbList","@id":"https:\/\/www.suno.com.br\/noticias\/coronavoucher-calendario-pagamento-segunda-parcela\/#breadcrumb","itemListElement":[{"@type":"ListItem","position":1,"name":"Not\u00edcias","item":"https:\/\/www.suno.com.br\/noticias\/"},{"@type":"ListItem","position":2,"name":"Neg\u00f3cios","item":"https:\/\/www.suno.com.br\/noticias\/negocios\/"},{"@type":"ListItem","position":3,"name":"Coronavoucher: Confira o calend\u00e1rio de pagamento da 2\u00aa parcela do aux\u00edlio"}]},{"@type":"WebSite","@id":"https:\/\/www.suno.com.br\/noticias\/#website","url":"https:\/\/www.suno.com.br\/noticias\/","name":"Suno Not\u00edcias","description":"Seu portal de informa\u00e7\u00e3o sobre o mundo dos investimentos","publisher":{"@id":"https:\/\/www.suno.com.br\/noticias\/#organization"},"potentialAction":[{"@type":"SearchAction","target":{"@type":"EntryPoint","urlTemplate":"https:\/\/www.suno.com.br\/noticias\/?s={search_term_string}"},"query-input":{"@type":"PropertyValueSpecification","valueRequired":true,"valueName":"search_term_string"}}],"inLanguage":"pt-BR"},{"@type":"Organization","@id":"https:\/\/www.suno.com.br\/noticias\/#organization","name":"Suno Not\u00edcias","url":"https:\/\/www.suno.com.br\/noticias\/","logo":{"@type":"ImageObject","inLanguage":"pt-BR","@id":"https:\/\/www.suno.com.br\/noticias\/#\/schema\/logo\/image\/","url":"https:\/\/files.sunoresearch.com.br\/n\/uploads\/2021\/09\/suno-logo.png","contentUrl":"https:\/\/files.sunoresearch.com.br\/n\/uploads\/2021\/09\/suno-logo.png","width":180,"height":180,"caption":"Suno Not\u00edcias"},"image":{"@id":"https:\/\/www.suno.com.br\/noticias\/#\/schema\/logo\/image\/"},"sameAs":["https:\/\/facebook.com\/sunoresearch","https:\/\/x.com\/sunoresearch","https:\/\/www.instagram.com\/suno","https:\/\/www.linkedin.com\/company\/suno-research\/","https:\/\/www.youtube.com\/c\/sunoresearch"]},{"@type":"Person","@id":"https:\/\/www.suno.com.br\/noticias\/#\/schema\/person\/1db762f78ffd8919a648a63e425953e3","name":"Juliano Passaro","image":{"@type":"ImageObject","inLanguage":"pt-BR","@id":"https:\/\/www.suno.com.br\/noticias\/#\/schema\/person\/image\/","url":"https:\/\/secure.gravatar.com\/avatar\/743d4df28eebf6dcc46b4ad03c319e92?s=96&r=g","contentUrl":"https:\/\/secure.gravatar.com\/avatar\/743d4df28eebf6dcc46b4ad03c319e92?s=96&r=g","caption":"Juliano Passaro"},"description":"Juliano Passaro escreve sobre pol\u00edtica, economia e neg\u00f3cios para o portal da Suno Research. Antes da Suno, trabalhou no Portal da Band. \u00c9 formado em jornalismo pela Universidade Presbiteriana Mackenzie.","url":"https:\/\/www.suno.com.br\/noticias\/author\/juliano\/"}]}},"default_loop_html":"<div class=\"cardsPage__listCard__boxs\"><div class=\"cardsPage__listCard__boxs__img\"><a href=\"https:\/\/www.suno.com.br\/noticias\/coronavoucher-calendario-pagamento-segunda-parcela\/\"><img class=\"mask\" src=\"https:\/\/www.suno.com.br\/noticias\/wp-content\/themes\/suno\/resources\/images\/spotlight\/spotlight1img\/bg-mask.png\" alt=\"Image Mask\"\/><img src=\"https:\/\/files.sunoresearch.com.br\/n\/uploads\/2019\/09\/5458c41f-dinheiro-400x200.webp\" alt=\"Coronavoucher: Confira o calend\u00e1rio de pagamento da 2\u00aa parcela do aux\u00edlio\"\/><\/a><span class=\"spotlightCategory\"><a href=\"https:\/\/www.suno.com.br\/noticias\/negocios\/\">Neg\u00f3cios<\/a><\/span><\/div><div class=\"cardsPage__listCard__boxs__content\"><a href=\"https:\/\/www.suno.com.br\/noticias\/coronavoucher-calendario-pagamento-segunda-parcela\/\"><h2 class=\"content__title\">Coronavoucher: Confira o calend\u00e1rio de pagamento da 2\u00aa parcela do aux\u00edlio<\/h2><\/a><div class=\"newsContent__article__meta\"><div class=\"newsContent__article__meta__authorBox\"><a href=\"https:\/\/www.suno.com.br\/noticias\/author\/juliano\/\" class=\"authorBox__avatar noMobi\"><img src=\"https:\/\/files.sunoresearch.com.br\/n\/uploads\/2019\/06\/7cc3efea-whatsapp-image-2019-07-18-at-21.59.33-e1563499821209-150x150.webp\" alt=\"Juliano Passaro\"><\/a><div class=\"authorBox__name\"><span>por\n\t\t\t<a href=\"https:\/\/www.suno.com.br\/noticias\/author\/juliano\/\"><span itemprop=\"author\">Juliano Passaro<\/span><\/a><\/span><time datetime=\"2020-05-15T11:01:53-03:00\" itemprop=\"datePublished\">15\/05\/2020 11:01<\/time><\/div><\/div><\/div><\/div><\/div>","single_layout":"posts","amp_enabled":true,"_links":{"self":[{"href":"https:\/\/www.suno.com.br\/noticias\/wp-json\/wp\/v2\/posts\/64937"}],"collection":[{"href":"https:\/\/www.suno.com.br\/noticias\/wp-json\/wp\/v2\/posts"}],"about":[{"href":"https:\/\/www.suno.com.br\/noticias\/wp-json\/wp\/v2\/types\/post"}],"author":[{"embeddable":true,"href":"https:\/\/www.suno.com.br\/noticias\/wp-json\/wp\/v2\/users\/19"}],"replies":[{"embeddable":true,"href":"https:\/\/www.suno.com.br\/noticias\/wp-json\/wp\/v2\/comments?post=64937"}],"version-history":[{"count":0,"href":"https:\/\/www.suno.com.br\/noticias\/wp-json\/wp\/v2\/posts\/64937\/revisions"}],"wp:featuredmedia":[{"embeddable":true,"href":"https:\/\/www.suno.com.br\/noticias\/wp-json\/wp\/v2\/media\/36442"}],"wp:attachment":[{"href":"https:\/\/www.suno.com.br\/noticias\/wp-json\/wp\/v2\/media?parent=64937"}],"wp:term":[{"taxonomy":"category","embeddable":true,"href":"https:\/\/www.suno.com.br\/noticias\/wp-json\/wp\/v2\/categories?post=64937"},{"taxonomy":"post_tag","embeddable":true,"href":"https:\/\/www.suno.com.br\/noticias\/wp-json\/wp\/v2\/tags?post=64937"},{"taxonomy":"suno_strategy","embeddable":true,"href":"https:\/\/www.suno.com.br\/noticias\/wp-json\/wp\/v2\/suno_strategy?post=64937"}],"curies":[{"name":"wp","href":"https:\/\/api.w.org\/{rel}","templated":true}]}}