{"id":64800,"date":"2020-05-14T13:17:19","date_gmt":"2020-05-14T16:17:19","guid":{"rendered":"https:\/\/www.suno.com.br\/noticias\/?p=64800"},"modified":"2020-05-14T19:04:22","modified_gmt":"2020-05-14T22:04:22","slug":"roberto-azevedo-deixa-cargo-diretor-geral-omc","status":"publish","type":"post","link":"https:\/\/www.suno.com.br\/noticias\/roberto-azevedo-deixa-cargo-diretor-geral-omc\/","title":{"rendered":"Roberto Azev\u00eado deixa cargo de diretor-geral da OMC"},"content":{"rendered":"<p>O diretor-geral da Organiza\u00e7\u00e3o Mundial do Com\u00e9rcio (OMC), <strong>Roberto Azev\u00eado<\/strong>, renunciou ao cargo de forma antecipada. O an\u00fancio foi realizado nesta quinta-feira (14).<\/p>\t<div class=\"wrapper-featured-image\">\n\t\t<figure class=\"spotlightImg\">\n\n\t\t\t<picture>\n\t\t\t\t<source media=\"(max-width: 768px)\" srcset=\"https:\/\/files.sunoresearch.com.br\/n\/uploads\/2018\/12\/b501b30c-roberto-azevedo-400x200.webp\">\n\t\t\t\t<img loading=\"lazy\" decoding=\"async\" class=\"newsContent__article__imgCapa lazyloadDisabled newsContent__article__imgCapa--noCaption\" src=\"https:\/\/files.sunoresearch.com.br\/n\/uploads\/2018\/12\/b501b30c-roberto-azevedo-800x450.webp\" width=\"800\" height=\"450\" alt=\"Roberto Azev\u00eado deixa cargo de diretor-geral da OMC\" fetchpriority=high \/>\n\t\t\t<\/picture>\n\n\t\t\t<figcaption class=\"wp-caption-text wp-caption-text--hide\">Roberto Azev\u00eado<\/figcaption>\n\t\t<\/figure>\n\t<\/div>\n\n\n\n<p>A sa\u00edda de Azev\u00eado, por\u00e9m, acontecer\u00e1 no dia 31 de agosto. Vale destacar que faltaria, em agosto, apenas um ano para o final do mandato do chefe da OMC. O an\u00fancio sobre a sa\u00edda de Azev\u00eado, aos membros nacionais, foi feito em uma reuni\u00e3o remota, segundo fontes pr\u00f3ximas ao assunto.<\/p>\n<p><a href=\"https:\/\/lp.suno.com.br\/suno-one\/\">Garanta acesso gratuito \u00e0 eBooks, Minicursos, Artigos e Video Aulas com um \u00fanico cadastro. Clique para saber mais.<\/a><\/p>\n<p>&#8220;Essa reuni\u00e3o \u00e9 sobre uma quest\u00e3o administrativa muito espec\u00edfica. Tenho um an\u00fancio a ser feito. Em agosto, completarei 7 anos como diretor-geral da OMC. Decidi que deixarei o cargo em 31 de agosto de 2020, encurtando meu segundo mandato em precisamente um ano&#8221;, disse Roberto Azev\u00eado no in\u00edcio da reuni\u00e3o.<\/p>\n<p><iframe loading=\"lazy\" src=\"https:\/\/www.youtube.com\/embed\/Fq7hE98UcWc\" width=\"560\" height=\"315\" frameborder=\"0\" allowfullscreen=\"allowfullscreen\"><\/iframe><br \/>\nAzev\u00eado afirmou que a decis\u00e3o sobre sua sa\u00edda antecipada n\u00e3o foi feita de uma hora para a outra. &#8220;Com o confinamento e minha cirurgia recente no joelho, tive mais tempo para refletir. Cheguei a essa decis\u00e3o ap\u00f3s longas discuss\u00f5es com minha fam\u00edlia &#8211; minha esposa aqui em Genebra, minhas filhas e minha m\u00e3e em Bras\u00edlia. \u00c9 uma decis\u00e3o pessoal &#8211; uma decis\u00e3o familiar &#8211; e estou convencido de que ela atende aos melhores interesses desta Organiza\u00e7\u00e3o&#8221;, afirmou o executivo.<\/p>\n<p>&#8220;Tamb\u00e9m quero ser claro sobre o que essa decis\u00e3o n\u00e3o representa. Ela n\u00e3o est\u00e1 relacionada a quest\u00f5es de sa\u00fade. Tampouco estou buscando oportunidades politicas&#8221;, acrescentou o chefe da OMC.<\/p>\n<p>Azev\u00eado tem 62 anos e assumiu o cargo de diretor-geral da organiza\u00e7\u00e3o, que tem como objetivo determinar regras globais de com\u00e9rcio, em 2013.<\/p>\n<p><a href=\"https:\/\/www.suno.com.br\/noticias\/fmi-omc-alerta-restricoes-exportacao\/\">Veja tamb\u00e9m: FMI e OMC fazem alerta sobre restri\u00e7\u00f5es de exporta\u00e7\u00e3o em meio \u00e0 pandemia<\/a><\/p>\n<p><strong>Roberto<\/strong> <strong>Azev\u00eado<\/strong> tamb\u00e9m citou os desafios que est\u00e3o por vir devido a pandemia de coronav\u00edrus. &#8220;Devemos tamb\u00e9m garantir que o com\u00e9rcio contribua para a recupera\u00e7\u00e3o econ\u00f4mica global da pandemia do COVID-19. Mas n\u00e3o serei o l\u00edder com quem voc\u00eas tra\u00e7ar\u00e3o as estrat\u00e9gias e trilhar\u00e3o o caminho adiante&#8221;, destacou o chefe da OMC.<\/p>\n\n","protected":false},"excerpt":{"rendered":"<p>O diretor-geral da Organiza\u00e7\u00e3o Mundial do Com\u00e9rcio (OMC), Roberto Azev\u00eado, renunciou ao cargo de forma antecipada. O an\u00fancio foi realizado nesta quinta-feira (14). Roberto Azev\u00eado A sa\u00edda de Azev\u00eado, por\u00e9m, acontecer\u00e1 no dia 31 de agosto. Vale destacar que faltaria, em agosto, apenas um ano para o final do mandato do chefe da OMC. O [&hellip;]<\/p>\n","protected":false},"author":19,"featured_media":7993,"comment_status":"closed","ping_status":"closed","sticky":false,"template":"","format":"standard","meta":[],"categories":[64],"tags":[813,1944,925],"suno_strategy":[],"class_list":["post-64800","post","type-post","status-publish","format-standard","has-post-thumbnail","hentry","category-negocios","tag-omc","tag-organizacao-mundial-do-comercio-omc","tag-roberto-azevedo"],"yoast_head":"<!-- This site is optimized with the Yoast SEO plugin v24.4 - https:\/\/yoast.com\/wordpress\/plugins\/seo\/ -->\n<title>Roberto Azev\u00eado deixa cargo de diretor-geral da OMC<\/title>\n<meta name=\"description\" content=\"O diretor-geral da Organiza\u00e7\u00e3o Mundial do Com\u00e9rcio (OMC), Roberto Azev\u00eado, renunciou ao cargo de forma antecipada.\" \/>\n<meta name=\"robots\" content=\"index, follow, max-snippet:-1, max-image-preview:large, max-video-preview:-1\" \/>\n<link rel=\"canonical\" href=\"https:\/\/www.suno.com.br\/noticias\/roberto-azevedo-deixa-cargo-diretor-geral-omc\/\" \/>\n<meta property=\"og:locale\" content=\"pt_BR\" \/>\n<meta property=\"og:type\" content=\"article\" \/>\n<meta property=\"og:title\" content=\"Roberto Azev\u00eado deixa cargo de diretor-geral da OMC\" \/>\n<meta property=\"og:description\" content=\"O diretor-geral da Organiza\u00e7\u00e3o Mundial do Com\u00e9rcio (OMC), Roberto Azev\u00eado, renunciou ao cargo de forma antecipada.\" \/>\n<meta property=\"og:url\" content=\"https:\/\/www.suno.com.br\/noticias\/roberto-azevedo-deixa-cargo-diretor-geral-omc\/\" \/>\n<meta property=\"og:site_name\" content=\"Suno Not\u00edcias\" \/>\n<meta property=\"article:publisher\" content=\"https:\/\/facebook.com\/sunoresearch\" \/>\n<meta property=\"og:image\" content=\"https:\/\/files.sunoresearch.com.br\/n\/uploads\/2018\/12\/b501b30c-roberto-azevedo-1024x681.jpg\" \/>\n\t<meta property=\"og:image:width\" content=\"1024\" \/>\n\t<meta property=\"og:image:height\" content=\"681\" \/>\n\t<meta property=\"og:image:type\" content=\"image\/jpeg\" \/>\n<meta name=\"author\" content=\"Juliano Passaro\" \/>\n<meta name=\"twitter:card\" content=\"summary_large_image\" \/>\n<meta name=\"twitter:creator\" content=\"@sunoresearch\" \/>\n<meta name=\"twitter:site\" content=\"@sunoresearch\" \/>\n<meta name=\"twitter:label1\" content=\"Escrito por\" \/>\n\t<meta name=\"twitter:data1\" content=\"Juliano Passaro\" \/>\n\t<meta name=\"twitter:label2\" content=\"Est. tempo de leitura\" \/>\n\t<meta name=\"twitter:data2\" content=\"2 minutos\" \/>\n<script type=\"application\/ld+json\" class=\"yoast-schema-graph\">{\"@context\":\"https:\/\/schema.org\",\"@graph\":[{\"@type\":\"NewsArticle\",\"@id\":\"https:\/\/www.suno.com.br\/noticias\/roberto-azevedo-deixa-cargo-diretor-geral-omc\/#article\",\"isPartOf\":{\"@id\":\"https:\/\/www.suno.com.br\/noticias\/roberto-azevedo-deixa-cargo-diretor-geral-omc\/\"},\"author\":{\"name\":\"Juliano Passaro\",\"@id\":\"https:\/\/www.suno.com.br\/noticias\/#\/schema\/person\/1db762f78ffd8919a648a63e425953e3\"},\"headline\":\"Roberto Azev\u00eado deixa cargo de diretor-geral da OMC\",\"datePublished\":\"2020-05-14T16:17:19+00:00\",\"dateModified\":\"2020-05-14T22:04:22+00:00\",\"mainEntityOfPage\":{\"@id\":\"https:\/\/www.suno.com.br\/noticias\/roberto-azevedo-deixa-cargo-diretor-geral-omc\/\"},\"wordCount\":404,\"publisher\":{\"@id\":\"https:\/\/www.suno.com.br\/noticias\/#organization\"},\"image\":{\"@id\":\"https:\/\/www.suno.com.br\/noticias\/roberto-azevedo-deixa-cargo-diretor-geral-omc\/#primaryimage\"},\"thumbnailUrl\":\"https:\/\/files.sunoresearch.com.br\/n\/uploads\/2018\/12\/b501b30c-roberto-azevedo-scaled.webp\",\"keywords\":[\"OMC\",\"Organiza\u00e7\u00e3o Mundial do Com\u00e9rcio (OMC)\",\"Roberto Az\u00eavedo\"],\"articleSection\":[\"Neg\u00f3cios\"],\"inLanguage\":\"pt-BR\"},{\"@type\":\"WebPage\",\"@id\":\"https:\/\/www.suno.com.br\/noticias\/roberto-azevedo-deixa-cargo-diretor-geral-omc\/\",\"url\":\"https:\/\/www.suno.com.br\/noticias\/roberto-azevedo-deixa-cargo-diretor-geral-omc\/\",\"name\":\"Roberto Azev\u00eado deixa cargo de diretor-geral da OMC\",\"isPartOf\":{\"@id\":\"https:\/\/www.suno.com.br\/noticias\/#website\"},\"primaryImageOfPage\":{\"@id\":\"https:\/\/www.suno.com.br\/noticias\/roberto-azevedo-deixa-cargo-diretor-geral-omc\/#primaryimage\"},\"image\":{\"@id\":\"https:\/\/www.suno.com.br\/noticias\/roberto-azevedo-deixa-cargo-diretor-geral-omc\/#primaryimage\"},\"thumbnailUrl\":\"https:\/\/files.sunoresearch.com.br\/n\/uploads\/2018\/12\/b501b30c-roberto-azevedo-scaled.webp\",\"datePublished\":\"2020-05-14T16:17:19+00:00\",\"dateModified\":\"2020-05-14T22:04:22+00:00\",\"description\":\"O diretor-geral da Organiza\u00e7\u00e3o Mundial do Com\u00e9rcio (OMC), Roberto Azev\u00eado, renunciou ao cargo de forma antecipada.\",\"breadcrumb\":{\"@id\":\"https:\/\/www.suno.com.br\/noticias\/roberto-azevedo-deixa-cargo-diretor-geral-omc\/#breadcrumb\"},\"inLanguage\":\"pt-BR\",\"potentialAction\":[{\"@type\":\"ReadAction\",\"target\":[\"https:\/\/www.suno.com.br\/noticias\/roberto-azevedo-deixa-cargo-diretor-geral-omc\/\"]}]},{\"@type\":\"ImageObject\",\"inLanguage\":\"pt-BR\",\"@id\":\"https:\/\/www.suno.com.br\/noticias\/roberto-azevedo-deixa-cargo-diretor-geral-omc\/#primaryimage\",\"url\":\"https:\/\/files.sunoresearch.com.br\/n\/uploads\/2018\/12\/b501b30c-roberto-azevedo-scaled.webp\",\"contentUrl\":\"https:\/\/files.sunoresearch.com.br\/n\/uploads\/2018\/12\/b501b30c-roberto-azevedo-scaled.webp\",\"width\":2560,\"height\":1702,\"caption\":\"Roberto Azev\u00eado\"},{\"@type\":\"BreadcrumbList\",\"@id\":\"https:\/\/www.suno.com.br\/noticias\/roberto-azevedo-deixa-cargo-diretor-geral-omc\/#breadcrumb\",\"itemListElement\":[{\"@type\":\"ListItem\",\"position\":1,\"name\":\"Not\u00edcias\",\"item\":\"https:\/\/www.suno.com.br\/noticias\/\"},{\"@type\":\"ListItem\",\"position\":2,\"name\":\"Neg\u00f3cios\",\"item\":\"https:\/\/www.suno.com.br\/noticias\/negocios\/\"},{\"@type\":\"ListItem\",\"position\":3,\"name\":\"Roberto Azev\u00eado deixa cargo de diretor-geral da OMC\"}]},{\"@type\":\"WebSite\",\"@id\":\"https:\/\/www.suno.com.br\/noticias\/#website\",\"url\":\"https:\/\/www.suno.com.br\/noticias\/\",\"name\":\"Suno Not\u00edcias\",\"description\":\"Seu portal de informa\u00e7\u00e3o sobre o mundo dos investimentos\",\"publisher\":{\"@id\":\"https:\/\/www.suno.com.br\/noticias\/#organization\"},\"potentialAction\":[{\"@type\":\"SearchAction\",\"target\":{\"@type\":\"EntryPoint\",\"urlTemplate\":\"https:\/\/www.suno.com.br\/noticias\/?s={search_term_string}\"},\"query-input\":{\"@type\":\"PropertyValueSpecification\",\"valueRequired\":true,\"valueName\":\"search_term_string\"}}],\"inLanguage\":\"pt-BR\"},{\"@type\":\"Organization\",\"@id\":\"https:\/\/www.suno.com.br\/noticias\/#organization\",\"name\":\"Suno Not\u00edcias\",\"url\":\"https:\/\/www.suno.com.br\/noticias\/\",\"logo\":{\"@type\":\"ImageObject\",\"inLanguage\":\"pt-BR\",\"@id\":\"https:\/\/www.suno.com.br\/noticias\/#\/schema\/logo\/image\/\",\"url\":\"https:\/\/files.sunoresearch.com.br\/n\/uploads\/2021\/09\/suno-logo.png\",\"contentUrl\":\"https:\/\/files.sunoresearch.com.br\/n\/uploads\/2021\/09\/suno-logo.png\",\"width\":180,\"height\":180,\"caption\":\"Suno Not\u00edcias\"},\"image\":{\"@id\":\"https:\/\/www.suno.com.br\/noticias\/#\/schema\/logo\/image\/\"},\"sameAs\":[\"https:\/\/facebook.com\/sunoresearch\",\"https:\/\/x.com\/sunoresearch\",\"https:\/\/www.instagram.com\/suno\",\"https:\/\/www.linkedin.com\/company\/suno-research\/\",\"https:\/\/www.youtube.com\/c\/sunoresearch\"]},{\"@type\":\"Person\",\"@id\":\"https:\/\/www.suno.com.br\/noticias\/#\/schema\/person\/1db762f78ffd8919a648a63e425953e3\",\"name\":\"Juliano Passaro\",\"image\":{\"@type\":\"ImageObject\",\"inLanguage\":\"pt-BR\",\"@id\":\"https:\/\/www.suno.com.br\/noticias\/#\/schema\/person\/image\/\",\"url\":\"https:\/\/secure.gravatar.com\/avatar\/743d4df28eebf6dcc46b4ad03c319e92?s=96&r=g\",\"contentUrl\":\"https:\/\/secure.gravatar.com\/avatar\/743d4df28eebf6dcc46b4ad03c319e92?s=96&r=g\",\"caption\":\"Juliano Passaro\"},\"description\":\"Juliano Passaro escreve sobre pol\u00edtica, economia e neg\u00f3cios para o portal da Suno Research. Antes da Suno, trabalhou no Portal da Band. \u00c9 formado em jornalismo pela Universidade Presbiteriana Mackenzie.\",\"url\":\"https:\/\/www.suno.com.br\/noticias\/author\/juliano\/\"}]}<\/script>\n<!-- \/ Yoast SEO plugin. -->","yoast_head_json":{"title":"Roberto Azev\u00eado deixa cargo de diretor-geral da OMC","description":"O diretor-geral da Organiza\u00e7\u00e3o Mundial do Com\u00e9rcio (OMC), Roberto Azev\u00eado, renunciou ao cargo de forma antecipada.","robots":{"index":"index","follow":"follow","max-snippet":"max-snippet:-1","max-image-preview":"max-image-preview:large","max-video-preview":"max-video-preview:-1"},"canonical":"https:\/\/www.suno.com.br\/noticias\/roberto-azevedo-deixa-cargo-diretor-geral-omc\/","og_locale":"pt_BR","og_type":"article","og_title":"Roberto Azev\u00eado deixa cargo de diretor-geral da OMC","og_description":"O diretor-geral da Organiza\u00e7\u00e3o Mundial do Com\u00e9rcio (OMC), Roberto Azev\u00eado, renunciou ao cargo de forma antecipada.","og_url":"https:\/\/www.suno.com.br\/noticias\/roberto-azevedo-deixa-cargo-diretor-geral-omc\/","og_site_name":"Suno Not\u00edcias","article_publisher":"https:\/\/facebook.com\/sunoresearch","og_image":[{"width":1024,"height":681,"url":"https:\/\/files.sunoresearch.com.br\/n\/uploads\/2018\/12\/b501b30c-roberto-azevedo-1024x681.jpg","type":"image\/jpeg"}],"author":"Juliano Passaro","twitter_card":"summary_large_image","twitter_creator":"@sunoresearch","twitter_site":"@sunoresearch","twitter_misc":{"Escrito por":"Juliano Passaro","Est. tempo de leitura":"2 minutos"},"schema":{"@context":"https:\/\/schema.org","@graph":[{"@type":"NewsArticle","@id":"https:\/\/www.suno.com.br\/noticias\/roberto-azevedo-deixa-cargo-diretor-geral-omc\/#article","isPartOf":{"@id":"https:\/\/www.suno.com.br\/noticias\/roberto-azevedo-deixa-cargo-diretor-geral-omc\/"},"author":{"name":"Juliano Passaro","@id":"https:\/\/www.suno.com.br\/noticias\/#\/schema\/person\/1db762f78ffd8919a648a63e425953e3"},"headline":"Roberto Azev\u00eado deixa cargo de diretor-geral da OMC","datePublished":"2020-05-14T16:17:19+00:00","dateModified":"2020-05-14T22:04:22+00:00","mainEntityOfPage":{"@id":"https:\/\/www.suno.com.br\/noticias\/roberto-azevedo-deixa-cargo-diretor-geral-omc\/"},"wordCount":404,"publisher":{"@id":"https:\/\/www.suno.com.br\/noticias\/#organization"},"image":{"@id":"https:\/\/www.suno.com.br\/noticias\/roberto-azevedo-deixa-cargo-diretor-geral-omc\/#primaryimage"},"thumbnailUrl":"https:\/\/files.sunoresearch.com.br\/n\/uploads\/2018\/12\/b501b30c-roberto-azevedo-scaled.webp","keywords":["OMC","Organiza\u00e7\u00e3o Mundial do Com\u00e9rcio (OMC)","Roberto Az\u00eavedo"],"articleSection":["Neg\u00f3cios"],"inLanguage":"pt-BR"},{"@type":"WebPage","@id":"https:\/\/www.suno.com.br\/noticias\/roberto-azevedo-deixa-cargo-diretor-geral-omc\/","url":"https:\/\/www.suno.com.br\/noticias\/roberto-azevedo-deixa-cargo-diretor-geral-omc\/","name":"Roberto Azev\u00eado deixa cargo de diretor-geral da OMC","isPartOf":{"@id":"https:\/\/www.suno.com.br\/noticias\/#website"},"primaryImageOfPage":{"@id":"https:\/\/www.suno.com.br\/noticias\/roberto-azevedo-deixa-cargo-diretor-geral-omc\/#primaryimage"},"image":{"@id":"https:\/\/www.suno.com.br\/noticias\/roberto-azevedo-deixa-cargo-diretor-geral-omc\/#primaryimage"},"thumbnailUrl":"https:\/\/files.sunoresearch.com.br\/n\/uploads\/2018\/12\/b501b30c-roberto-azevedo-scaled.webp","datePublished":"2020-05-14T16:17:19+00:00","dateModified":"2020-05-14T22:04:22+00:00","description":"O diretor-geral da Organiza\u00e7\u00e3o Mundial do Com\u00e9rcio (OMC), Roberto Azev\u00eado, renunciou ao cargo de forma antecipada.","breadcrumb":{"@id":"https:\/\/www.suno.com.br\/noticias\/roberto-azevedo-deixa-cargo-diretor-geral-omc\/#breadcrumb"},"inLanguage":"pt-BR","potentialAction":[{"@type":"ReadAction","target":["https:\/\/www.suno.com.br\/noticias\/roberto-azevedo-deixa-cargo-diretor-geral-omc\/"]}]},{"@type":"ImageObject","inLanguage":"pt-BR","@id":"https:\/\/www.suno.com.br\/noticias\/roberto-azevedo-deixa-cargo-diretor-geral-omc\/#primaryimage","url":"https:\/\/files.sunoresearch.com.br\/n\/uploads\/2018\/12\/b501b30c-roberto-azevedo-scaled.webp","contentUrl":"https:\/\/files.sunoresearch.com.br\/n\/uploads\/2018\/12\/b501b30c-roberto-azevedo-scaled.webp","width":2560,"height":1702,"caption":"Roberto Azev\u00eado"},{"@type":"BreadcrumbList","@id":"https:\/\/www.suno.com.br\/noticias\/roberto-azevedo-deixa-cargo-diretor-geral-omc\/#breadcrumb","itemListElement":[{"@type":"ListItem","position":1,"name":"Not\u00edcias","item":"https:\/\/www.suno.com.br\/noticias\/"},{"@type":"ListItem","position":2,"name":"Neg\u00f3cios","item":"https:\/\/www.suno.com.br\/noticias\/negocios\/"},{"@type":"ListItem","position":3,"name":"Roberto Azev\u00eado deixa cargo de diretor-geral da OMC"}]},{"@type":"WebSite","@id":"https:\/\/www.suno.com.br\/noticias\/#website","url":"https:\/\/www.suno.com.br\/noticias\/","name":"Suno Not\u00edcias","description":"Seu portal de informa\u00e7\u00e3o sobre o mundo dos investimentos","publisher":{"@id":"https:\/\/www.suno.com.br\/noticias\/#organization"},"potentialAction":[{"@type":"SearchAction","target":{"@type":"EntryPoint","urlTemplate":"https:\/\/www.suno.com.br\/noticias\/?s={search_term_string}"},"query-input":{"@type":"PropertyValueSpecification","valueRequired":true,"valueName":"search_term_string"}}],"inLanguage":"pt-BR"},{"@type":"Organization","@id":"https:\/\/www.suno.com.br\/noticias\/#organization","name":"Suno Not\u00edcias","url":"https:\/\/www.suno.com.br\/noticias\/","logo":{"@type":"ImageObject","inLanguage":"pt-BR","@id":"https:\/\/www.suno.com.br\/noticias\/#\/schema\/logo\/image\/","url":"https:\/\/files.sunoresearch.com.br\/n\/uploads\/2021\/09\/suno-logo.png","contentUrl":"https:\/\/files.sunoresearch.com.br\/n\/uploads\/2021\/09\/suno-logo.png","width":180,"height":180,"caption":"Suno Not\u00edcias"},"image":{"@id":"https:\/\/www.suno.com.br\/noticias\/#\/schema\/logo\/image\/"},"sameAs":["https:\/\/facebook.com\/sunoresearch","https:\/\/x.com\/sunoresearch","https:\/\/www.instagram.com\/suno","https:\/\/www.linkedin.com\/company\/suno-research\/","https:\/\/www.youtube.com\/c\/sunoresearch"]},{"@type":"Person","@id":"https:\/\/www.suno.com.br\/noticias\/#\/schema\/person\/1db762f78ffd8919a648a63e425953e3","name":"Juliano Passaro","image":{"@type":"ImageObject","inLanguage":"pt-BR","@id":"https:\/\/www.suno.com.br\/noticias\/#\/schema\/person\/image\/","url":"https:\/\/secure.gravatar.com\/avatar\/743d4df28eebf6dcc46b4ad03c319e92?s=96&r=g","contentUrl":"https:\/\/secure.gravatar.com\/avatar\/743d4df28eebf6dcc46b4ad03c319e92?s=96&r=g","caption":"Juliano Passaro"},"description":"Juliano Passaro escreve sobre pol\u00edtica, economia e neg\u00f3cios para o portal da Suno Research. Antes da Suno, trabalhou no Portal da Band. \u00c9 formado em jornalismo pela Universidade Presbiteriana Mackenzie.","url":"https:\/\/www.suno.com.br\/noticias\/author\/juliano\/"}]}},"default_loop_html":"<div class=\"cardsPage__listCard__boxs\"><div class=\"cardsPage__listCard__boxs__img\"><a href=\"https:\/\/www.suno.com.br\/noticias\/roberto-azevedo-deixa-cargo-diretor-geral-omc\/\"><img class=\"mask\" src=\"https:\/\/www.suno.com.br\/noticias\/wp-content\/themes\/suno\/resources\/images\/spotlight\/spotlight1img\/bg-mask.png\" alt=\"Image Mask\"\/><img src=\"https:\/\/files.sunoresearch.com.br\/n\/uploads\/2018\/12\/b501b30c-roberto-azevedo-400x200.webp\" alt=\"Roberto Azev\u00eado deixa cargo de diretor-geral da OMC\"\/><\/a><span class=\"spotlightCategory\"><a href=\"https:\/\/www.suno.com.br\/noticias\/negocios\/\">Neg\u00f3cios<\/a><\/span><\/div><div class=\"cardsPage__listCard__boxs__content\"><a href=\"https:\/\/www.suno.com.br\/noticias\/roberto-azevedo-deixa-cargo-diretor-geral-omc\/\"><h2 class=\"content__title\">Roberto Azev\u00eado deixa cargo de diretor-geral da OMC<\/h2><\/a><div class=\"newsContent__article__meta\"><div class=\"newsContent__article__meta__authorBox\"><a href=\"https:\/\/www.suno.com.br\/noticias\/author\/juliano\/\" class=\"authorBox__avatar noMobi\"><img src=\"https:\/\/files.sunoresearch.com.br\/n\/uploads\/2019\/06\/7cc3efea-whatsapp-image-2019-07-18-at-21.59.33-e1563499821209-150x150.webp\" alt=\"Juliano Passaro\"><\/a><div class=\"authorBox__name\"><span>por\n\t\t\t<a href=\"https:\/\/www.suno.com.br\/noticias\/author\/juliano\/\"><span itemprop=\"author\">Juliano Passaro<\/span><\/a><\/span><time datetime=\"2020-05-14T13:17:19-03:00\" itemprop=\"datePublished\">14\/05\/2020 13:17<\/time><\/div><\/div><\/div><\/div><\/div>","single_layout":"posts","amp_enabled":true,"_links":{"self":[{"href":"https:\/\/www.suno.com.br\/noticias\/wp-json\/wp\/v2\/posts\/64800"}],"collection":[{"href":"https:\/\/www.suno.com.br\/noticias\/wp-json\/wp\/v2\/posts"}],"about":[{"href":"https:\/\/www.suno.com.br\/noticias\/wp-json\/wp\/v2\/types\/post"}],"author":[{"embeddable":true,"href":"https:\/\/www.suno.com.br\/noticias\/wp-json\/wp\/v2\/users\/19"}],"replies":[{"embeddable":true,"href":"https:\/\/www.suno.com.br\/noticias\/wp-json\/wp\/v2\/comments?post=64800"}],"version-history":[{"count":0,"href":"https:\/\/www.suno.com.br\/noticias\/wp-json\/wp\/v2\/posts\/64800\/revisions"}],"wp:featuredmedia":[{"embeddable":true,"href":"https:\/\/www.suno.com.br\/noticias\/wp-json\/wp\/v2\/media\/7993"}],"wp:attachment":[{"href":"https:\/\/www.suno.com.br\/noticias\/wp-json\/wp\/v2\/media?parent=64800"}],"wp:term":[{"taxonomy":"category","embeddable":true,"href":"https:\/\/www.suno.com.br\/noticias\/wp-json\/wp\/v2\/categories?post=64800"},{"taxonomy":"post_tag","embeddable":true,"href":"https:\/\/www.suno.com.br\/noticias\/wp-json\/wp\/v2\/tags?post=64800"},{"taxonomy":"suno_strategy","embeddable":true,"href":"https:\/\/www.suno.com.br\/noticias\/wp-json\/wp\/v2\/suno_strategy?post=64800"}],"curies":[{"name":"wp","href":"https:\/\/api.w.org\/{rel}","templated":true}]}}