{"id":64734,"date":"2020-05-14T10:09:18","date_gmt":"2020-05-14T13:09:18","guid":{"rendered":"https:\/\/www.suno.com.br\/noticias\/?p=64734"},"modified":"2021-06-21T06:19:55","modified_gmt":"2021-06-21T09:19:55","slug":"azul-azul4-prejuizo-liquido-1t20","status":"publish","type":"post","link":"https:\/\/www.suno.com.br\/noticias\/azul-azul4-prejuizo-liquido-1t20\/","title":{"rendered":"Azul (AZUL4) registra preju\u00edzo l\u00edquido de R$ 6,13 bilh\u00f5es no 1T20"},"content":{"rendered":"<p>A <a href=\"https:\/\/www.suno.com.br\/acoes\/azul4\/\"><strong>Azul<\/strong> (AZUL4)<\/a> registrou, na manh\u00e3 desta quinta-feira (14), um <a href=\"https:\/\/www.suno.com.br\/artigos\/prejuizos-acumulados\/\">preju\u00edzo l\u00edquido cont\u00e1bil<\/a> de R$ 6,135 bilh\u00f5es no primeiro trimestre deste ano. O resultado reverte o lucro l\u00edquido de R$ 125,3 milh\u00f5es reportado no mesmo per\u00edodo do ano passado.<\/p>\t<div class=\"wrapper-featured-image\">\n\t\t<figure class=\"spotlightImg\">\n\n\t\t\t<picture>\n\t\t\t\t<source media=\"(max-width: 768px)\" srcset=\"https:\/\/files.sunoresearch.com.br\/n\/uploads\/2020\/04\/ac0c1ea4-azul-400x200.webp\">\n\t\t\t\t<img loading=\"lazy\" decoding=\"async\" class=\"newsContent__article__imgCapa lazyloadDisabled newsContent__article__imgCapa--noCaption\" src=\"https:\/\/files.sunoresearch.com.br\/n\/uploads\/2020\/04\/ac0c1ea4-azul-800x450.webp\" width=\"800\" height=\"450\" alt=\"Azul (AZUL4) registra preju\u00edzo l\u00edquido de R$ 6,13 bilh\u00f5es no 1T20\" fetchpriority=high \/>\n\t\t\t<\/picture>\n\n\t\t\t<figcaption class=\"wp-caption-text wp-caption-text--hide\">A Agenda do Dia desta segunda destaca mais um dia cheio de resultados corporativos do terceiro trimestre, al\u00e9m da estreia do Pix.<\/figcaption>\n\t\t<\/figure>\n\t<\/div>\n\n\n\n<p>A Azul, no entanto, reporta que o preju\u00edzo ajustado, o qual exclui ganhos e perdas com marca\u00e7\u00e3o a mercado e <a href=\"https:\/\/www.suno.com.br\/artigos\/variacao-cambial\/\">varia\u00e7\u00e3o cambial<\/a> (uma vez que, segundo sua estimativa, n\u00e3o h\u00e1 impacto no caixa da empresa), foi de R$ 975,3 milh\u00f5es.<\/p>\n<p><a href=\"https:\/\/lp.suno.com.br\/suno-one\/\">Garanta acesso ao Suno One, a central de informa\u00e7\u00f5es para quem quer aprender a investir. Acesse gratuitamente clicando aqui.<\/a><\/p>\n<p>A <a href=\"https:\/\/www.suno.com.br\/artigos\/o-que-receita-liquida\/\">receita l\u00edquida<\/a> total no per\u00edodo foi de R$ 2,802 bilh\u00f5es, um avan\u00e7o de 10,3% sobre o primeiro trimestre de 2019. Do total, o transporte de passageiros gerou uma receita 9% maior na compara\u00e7\u00e3o anualizada, enquanto o transporte de cargas e outras receitas subiram 38,7%.<\/p>\n<p><iframe loading=\"lazy\" src=\"https:\/\/www.youtube.com\/embed\/Fq7hE98UcWc\" width=\"560\" height=\"315\" frameborder=\"0\" allowfullscreen=\"allowfullscreen\"><\/iframe><br \/>\nOs custos e despesas operacionais cresceram 19,8% durante os tr\u00eas primeiros meses deste ano, para R$ 2,629 bilh\u00f5es ante R$ 2,194 bilh\u00f5es do primeiro trimestre do ano passado.<\/p>\n<p>No entanto, no <strong>resultado financeiro<\/strong>, o destaque negativo ficou por conta das varia\u00e7\u00f5es monet\u00e1rias e cambiais, l\u00edquidas, gerando um preju\u00edzo de R$ 4,233 bilh\u00f5es, enquanto no primeiro trimestre de 2019 a baixa havia sido de R$ 90,3 milh\u00f5es. O preju\u00edzo neste item da demonstra\u00e7\u00e3o de resultados da empresa foi elevado em 4.589,9%.<\/p>\n<p>A margem l\u00edquida da empresa foi de 218,9%, sendo de que forma ajustada foi de 34,8%. Al\u00e9m disso, o <a href=\"https:\/\/www.suno.com.br\/artigos\/ebitda\/\"><strong>Ebitda<\/strong> (lucro antes de juros, impostos, deprecia\u00e7\u00e3o e amortiza\u00e7\u00e3o)<\/a> foi de R$ 654,2 milh\u00f5es, uma queda de 9,7% frente os R$ 724,2 milh\u00f5es registrados durante os tr\u00eas primeiros meses do ano passado.<\/p>\n<p>A companhia a\u00e9rea ressaltou que, no final de mar\u00e7o, possu\u00eda um total de <strong>caixa<\/strong> e investimentos de R$ 3,1 bilh\u00f5es. Esse total, incluindo reservas de manuten\u00e7\u00e3o de ativos dispon\u00edveis, vai a R$ 6,7 bilh\u00f5es.<\/p>\n<p>A Azul, com isso, diz que pode &#8220;suportar o atual ambiente de demanda por mais de um ano se necess\u00e1rio&#8221;.<\/p>\n<p>Na \u00faltima segunda-feira (11), a companhia divulgou as <a href=\"https:\/\/www.suno.com.br\/noticias\/azul-azul4-trafego-passageiros-menor-abril\/\">informa\u00e7\u00f5es de tr\u00e1fego<\/a> referentes a abril, o qual mostra que a demanda total por voos, em <strong>RPK<\/strong> (indicador que traduz a porcentagem de passageiros por quil\u00f4metro transportado), recuou 90% na compara\u00e7\u00e3o anualizada.<\/p>\n<p>A capacidade, ou seja, a redu\u00e7\u00e3o de oferta, segundo a Azul, foi reduzida em 87,7%. Isso fez com que a ocupa\u00e7\u00e3o total ca\u00edsse para 68,8%, ante 84,4% durante o mesmo per\u00edodo do ano passado.<\/p>\n<p><a href=\"https:\/\/www.suno.com.br\/noticias\/azul-azul4-controlador-vende-participacao\/\">Confira: Azul: controlador vende metade de sua participa\u00e7\u00e3o<\/a><\/p>\n<p>Dessa forma, a companhia comunicou, na \u00faltima ter\u00e7a-feira (12), que iniciou a utiliza\u00e7\u00e3o de aeronaves de passageiros <a href=\"https:\/\/www.suno.com.br\/noticias\/azul-avioes-transporte-cargas\/\">exclusivamente para o transporte de cargas<\/a>, como forma de otimizar a rentabilidade de sua opera\u00e7\u00e3o durante o per\u00edodo de crise.<\/p>\n<p>A <strong>Azul<\/strong>, assim como todas as companhias do setor, tem sofrido um forte impacto devido \u00e0 pandemia do <a href=\"https:\/\/www.suno.com.br\/noticias\/?s=coronavirus\">novo coronav\u00edrus (Covid-19)<\/a>. O receio com rela\u00e7\u00e3o aos resultados da empresa fizeram com que suas a\u00e7\u00f5es preferenciais desvalorizassem mais de 78% apenas neste ano.<\/p>\n\n","protected":false},"excerpt":{"rendered":"<p>A Azul (AZUL4) registrou, na manh\u00e3 desta quinta-feira (14), um preju\u00edzo l\u00edquido cont\u00e1bil de R$ 6,135 bilh\u00f5es no primeiro trimestre deste ano. O resultado reverte o lucro l\u00edquido de R$ 125,3 milh\u00f5es reportado no mesmo per\u00edodo do ano passado. A Agenda do Dia desta segunda destaca mais um dia cheio de resultados corporativos do terceiro [&hellip;]<\/p>\n","protected":false},"author":24,"featured_media":61324,"comment_status":"closed","ping_status":"closed","sticky":false,"template":"","format":"standard","meta":[],"categories":[64],"tags":[106932,2487,326,1607],"suno_strategy":[],"class_list":["post-64734","post","type-post","status-publish","format-standard","has-post-thumbnail","hentry","category-negocios","tag-azul-azul4","tag-coronavirus","tag-dolar","tag-resultado-das-empresas"],"yoast_head":"<!-- This site is optimized with the Yoast SEO plugin v24.4 - https:\/\/yoast.com\/wordpress\/plugins\/seo\/ -->\n<title>Azul (AZUL4) registra preju\u00edzo l\u00edquido de R$ 6,13 bilh\u00f5es no 1T20<\/title>\n<meta name=\"description\" content=\"A Azul (AZUL4) registrou, na manh\u00e3 desta quinta, um preju\u00edzo l\u00edquido cont\u00e1bil de R$ 6,1 bilh\u00f5es no primeiro trimestre deste ano. Saiba mais.\" \/>\n<meta name=\"robots\" content=\"index, follow, max-snippet:-1, max-image-preview:large, max-video-preview:-1\" \/>\n<link rel=\"canonical\" href=\"https:\/\/www.suno.com.br\/noticias\/azul-azul4-prejuizo-liquido-1t20\/\" \/>\n<meta property=\"og:locale\" content=\"pt_BR\" \/>\n<meta property=\"og:type\" content=\"article\" \/>\n<meta property=\"og:title\" content=\"Azul (AZUL4) registra preju\u00edzo l\u00edquido de R$ 6,13 bilh\u00f5es no 1T20\" \/>\n<meta property=\"og:description\" content=\"A Azul (AZUL4) registrou, na manh\u00e3 desta quinta, um preju\u00edzo l\u00edquido cont\u00e1bil de R$ 6,1 bilh\u00f5es no primeiro trimestre deste ano. Saiba mais.\" \/>\n<meta property=\"og:url\" content=\"https:\/\/www.suno.com.br\/noticias\/azul-azul4-prejuizo-liquido-1t20\/\" \/>\n<meta property=\"og:site_name\" content=\"Suno Not\u00edcias\" \/>\n<meta property=\"article:publisher\" content=\"https:\/\/facebook.com\/sunoresearch\" \/>\n<meta property=\"og:image\" content=\"https:\/\/files.sunoresearch.com.br\/n\/uploads\/2020\/04\/ac0c1ea4-azul.jpg\" \/>\n\t<meta property=\"og:image:width\" content=\"1200\" \/>\n\t<meta property=\"og:image:height\" content=\"800\" \/>\n\t<meta property=\"og:image:type\" content=\"image\/jpeg\" \/>\n<meta name=\"author\" content=\"Jader Lazarini\" \/>\n<meta name=\"twitter:card\" content=\"summary_large_image\" \/>\n<meta name=\"twitter:creator\" content=\"@sunoresearch\" \/>\n<meta name=\"twitter:site\" content=\"@sunoresearch\" \/>\n<meta name=\"twitter:label1\" content=\"Escrito por\" \/>\n\t<meta name=\"twitter:data1\" content=\"Jader Lazarini\" \/>\n\t<meta name=\"twitter:label2\" content=\"Est. tempo de leitura\" \/>\n\t<meta name=\"twitter:data2\" content=\"3 minutos\" \/>\n<script type=\"application\/ld+json\" class=\"yoast-schema-graph\">{\"@context\":\"https:\/\/schema.org\",\"@graph\":[{\"@type\":\"NewsArticle\",\"@id\":\"https:\/\/www.suno.com.br\/noticias\/azul-azul4-prejuizo-liquido-1t20\/#article\",\"isPartOf\":{\"@id\":\"https:\/\/www.suno.com.br\/noticias\/azul-azul4-prejuizo-liquido-1t20\/\"},\"author\":{\"name\":\"Jader Lazarini\",\"@id\":\"https:\/\/www.suno.com.br\/noticias\/#\/schema\/person\/918d79de1f0281f01599b93f9ea6e23f\"},\"headline\":\"Azul (AZUL4) registra preju\u00edzo l\u00edquido de R$ 6,13 bilh\u00f5es no 1T20\",\"datePublished\":\"2020-05-14T13:09:18+00:00\",\"dateModified\":\"2021-06-21T09:19:55+00:00\",\"mainEntityOfPage\":{\"@id\":\"https:\/\/www.suno.com.br\/noticias\/azul-azul4-prejuizo-liquido-1t20\/\"},\"wordCount\":539,\"publisher\":{\"@id\":\"https:\/\/www.suno.com.br\/noticias\/#organization\"},\"image\":{\"@id\":\"https:\/\/www.suno.com.br\/noticias\/azul-azul4-prejuizo-liquido-1t20\/#primaryimage\"},\"thumbnailUrl\":\"https:\/\/files.sunoresearch.com.br\/n\/uploads\/2020\/04\/ac0c1ea4-azul-jpg.webp\",\"keywords\":[\"Azul (AZUL4)\",\"coronav\u00edrus\",\"d\u00f3lar\",\"Resultado das empresas\"],\"articleSection\":[\"Neg\u00f3cios\"],\"inLanguage\":\"pt-BR\"},{\"@type\":\"WebPage\",\"@id\":\"https:\/\/www.suno.com.br\/noticias\/azul-azul4-prejuizo-liquido-1t20\/\",\"url\":\"https:\/\/www.suno.com.br\/noticias\/azul-azul4-prejuizo-liquido-1t20\/\",\"name\":\"Azul (AZUL4) registra preju\u00edzo l\u00edquido de R$ 6,13 bilh\u00f5es no 1T20\",\"isPartOf\":{\"@id\":\"https:\/\/www.suno.com.br\/noticias\/#website\"},\"primaryImageOfPage\":{\"@id\":\"https:\/\/www.suno.com.br\/noticias\/azul-azul4-prejuizo-liquido-1t20\/#primaryimage\"},\"image\":{\"@id\":\"https:\/\/www.suno.com.br\/noticias\/azul-azul4-prejuizo-liquido-1t20\/#primaryimage\"},\"thumbnailUrl\":\"https:\/\/files.sunoresearch.com.br\/n\/uploads\/2020\/04\/ac0c1ea4-azul-jpg.webp\",\"datePublished\":\"2020-05-14T13:09:18+00:00\",\"dateModified\":\"2021-06-21T09:19:55+00:00\",\"description\":\"A Azul (AZUL4) registrou, na manh\u00e3 desta quinta, um preju\u00edzo l\u00edquido cont\u00e1bil de R$ 6,1 bilh\u00f5es no primeiro trimestre deste ano. Saiba mais.\",\"breadcrumb\":{\"@id\":\"https:\/\/www.suno.com.br\/noticias\/azul-azul4-prejuizo-liquido-1t20\/#breadcrumb\"},\"inLanguage\":\"pt-BR\",\"potentialAction\":[{\"@type\":\"ReadAction\",\"target\":[\"https:\/\/www.suno.com.br\/noticias\/azul-azul4-prejuizo-liquido-1t20\/\"]}]},{\"@type\":\"ImageObject\",\"inLanguage\":\"pt-BR\",\"@id\":\"https:\/\/www.suno.com.br\/noticias\/azul-azul4-prejuizo-liquido-1t20\/#primaryimage\",\"url\":\"https:\/\/files.sunoresearch.com.br\/n\/uploads\/2020\/04\/ac0c1ea4-azul-jpg.webp\",\"contentUrl\":\"https:\/\/files.sunoresearch.com.br\/n\/uploads\/2020\/04\/ac0c1ea4-azul-jpg.webp\",\"width\":1200,\"height\":800,\"caption\":\"A Agenda do Dia desta segunda destaca mais um dia cheio de resultados corporativos do terceiro trimestre, al\u00e9m da estreia do Pix.\"},{\"@type\":\"BreadcrumbList\",\"@id\":\"https:\/\/www.suno.com.br\/noticias\/azul-azul4-prejuizo-liquido-1t20\/#breadcrumb\",\"itemListElement\":[{\"@type\":\"ListItem\",\"position\":1,\"name\":\"Not\u00edcias\",\"item\":\"https:\/\/www.suno.com.br\/noticias\/\"},{\"@type\":\"ListItem\",\"position\":2,\"name\":\"Neg\u00f3cios\",\"item\":\"https:\/\/www.suno.com.br\/noticias\/negocios\/\"},{\"@type\":\"ListItem\",\"position\":3,\"name\":\"Azul (AZUL4) registra preju\u00edzo l\u00edquido de R$ 6,13 bilh\u00f5es no 1T20\"}]},{\"@type\":\"WebSite\",\"@id\":\"https:\/\/www.suno.com.br\/noticias\/#website\",\"url\":\"https:\/\/www.suno.com.br\/noticias\/\",\"name\":\"Suno Not\u00edcias\",\"description\":\"Seu portal de informa\u00e7\u00e3o sobre o mundo dos investimentos\",\"publisher\":{\"@id\":\"https:\/\/www.suno.com.br\/noticias\/#organization\"},\"potentialAction\":[{\"@type\":\"SearchAction\",\"target\":{\"@type\":\"EntryPoint\",\"urlTemplate\":\"https:\/\/www.suno.com.br\/noticias\/?s={search_term_string}\"},\"query-input\":{\"@type\":\"PropertyValueSpecification\",\"valueRequired\":true,\"valueName\":\"search_term_string\"}}],\"inLanguage\":\"pt-BR\"},{\"@type\":\"Organization\",\"@id\":\"https:\/\/www.suno.com.br\/noticias\/#organization\",\"name\":\"Suno Not\u00edcias\",\"url\":\"https:\/\/www.suno.com.br\/noticias\/\",\"logo\":{\"@type\":\"ImageObject\",\"inLanguage\":\"pt-BR\",\"@id\":\"https:\/\/www.suno.com.br\/noticias\/#\/schema\/logo\/image\/\",\"url\":\"https:\/\/files.sunoresearch.com.br\/n\/uploads\/2021\/09\/suno-logo.png\",\"contentUrl\":\"https:\/\/files.sunoresearch.com.br\/n\/uploads\/2021\/09\/suno-logo.png\",\"width\":180,\"height\":180,\"caption\":\"Suno Not\u00edcias\"},\"image\":{\"@id\":\"https:\/\/www.suno.com.br\/noticias\/#\/schema\/logo\/image\/\"},\"sameAs\":[\"https:\/\/facebook.com\/sunoresearch\",\"https:\/\/x.com\/sunoresearch\",\"https:\/\/www.instagram.com\/suno\",\"https:\/\/www.linkedin.com\/company\/suno-research\/\",\"https:\/\/www.youtube.com\/c\/sunoresearch\"]},{\"@type\":\"Person\",\"@id\":\"https:\/\/www.suno.com.br\/noticias\/#\/schema\/person\/918d79de1f0281f01599b93f9ea6e23f\",\"name\":\"Jader Lazarini\",\"image\":{\"@type\":\"ImageObject\",\"inLanguage\":\"pt-BR\",\"@id\":\"https:\/\/www.suno.com.br\/noticias\/#\/schema\/person\/image\/\",\"url\":\"https:\/\/secure.gravatar.com\/avatar\/3c1ad8caa51589841baeb923fcddea97?s=96&r=g\",\"contentUrl\":\"https:\/\/secure.gravatar.com\/avatar\/3c1ad8caa51589841baeb923fcddea97?s=96&r=g\",\"caption\":\"Jader Lazarini\"},\"description\":\"Jader Lazarini escreve sobre investimentos, finan\u00e7as, economia e neg\u00f3cios. \u00c9 bacharel em Rela\u00e7\u00f5es Internacionais e analista CNPI (2619).\",\"url\":\"https:\/\/www.suno.com.br\/noticias\/author\/jader-lazarini\/\"}]}<\/script>\n<!-- \/ Yoast SEO plugin. -->","yoast_head_json":{"title":"Azul (AZUL4) registra preju\u00edzo l\u00edquido de R$ 6,13 bilh\u00f5es no 1T20","description":"A Azul (AZUL4) registrou, na manh\u00e3 desta quinta, um preju\u00edzo l\u00edquido cont\u00e1bil de R$ 6,1 bilh\u00f5es no primeiro trimestre deste ano. Saiba mais.","robots":{"index":"index","follow":"follow","max-snippet":"max-snippet:-1","max-image-preview":"max-image-preview:large","max-video-preview":"max-video-preview:-1"},"canonical":"https:\/\/www.suno.com.br\/noticias\/azul-azul4-prejuizo-liquido-1t20\/","og_locale":"pt_BR","og_type":"article","og_title":"Azul (AZUL4) registra preju\u00edzo l\u00edquido de R$ 6,13 bilh\u00f5es no 1T20","og_description":"A Azul (AZUL4) registrou, na manh\u00e3 desta quinta, um preju\u00edzo l\u00edquido cont\u00e1bil de R$ 6,1 bilh\u00f5es no primeiro trimestre deste ano. Saiba mais.","og_url":"https:\/\/www.suno.com.br\/noticias\/azul-azul4-prejuizo-liquido-1t20\/","og_site_name":"Suno Not\u00edcias","article_publisher":"https:\/\/facebook.com\/sunoresearch","og_image":[{"width":1200,"height":800,"url":"https:\/\/files.sunoresearch.com.br\/n\/uploads\/2020\/04\/ac0c1ea4-azul.jpg","type":"image\/jpeg"}],"author":"Jader Lazarini","twitter_card":"summary_large_image","twitter_creator":"@sunoresearch","twitter_site":"@sunoresearch","twitter_misc":{"Escrito por":"Jader Lazarini","Est. tempo de leitura":"3 minutos"},"schema":{"@context":"https:\/\/schema.org","@graph":[{"@type":"NewsArticle","@id":"https:\/\/www.suno.com.br\/noticias\/azul-azul4-prejuizo-liquido-1t20\/#article","isPartOf":{"@id":"https:\/\/www.suno.com.br\/noticias\/azul-azul4-prejuizo-liquido-1t20\/"},"author":{"name":"Jader Lazarini","@id":"https:\/\/www.suno.com.br\/noticias\/#\/schema\/person\/918d79de1f0281f01599b93f9ea6e23f"},"headline":"Azul (AZUL4) registra preju\u00edzo l\u00edquido de R$ 6,13 bilh\u00f5es no 1T20","datePublished":"2020-05-14T13:09:18+00:00","dateModified":"2021-06-21T09:19:55+00:00","mainEntityOfPage":{"@id":"https:\/\/www.suno.com.br\/noticias\/azul-azul4-prejuizo-liquido-1t20\/"},"wordCount":539,"publisher":{"@id":"https:\/\/www.suno.com.br\/noticias\/#organization"},"image":{"@id":"https:\/\/www.suno.com.br\/noticias\/azul-azul4-prejuizo-liquido-1t20\/#primaryimage"},"thumbnailUrl":"https:\/\/files.sunoresearch.com.br\/n\/uploads\/2020\/04\/ac0c1ea4-azul-jpg.webp","keywords":["Azul (AZUL4)","coronav\u00edrus","d\u00f3lar","Resultado das empresas"],"articleSection":["Neg\u00f3cios"],"inLanguage":"pt-BR"},{"@type":"WebPage","@id":"https:\/\/www.suno.com.br\/noticias\/azul-azul4-prejuizo-liquido-1t20\/","url":"https:\/\/www.suno.com.br\/noticias\/azul-azul4-prejuizo-liquido-1t20\/","name":"Azul (AZUL4) registra preju\u00edzo l\u00edquido de R$ 6,13 bilh\u00f5es no 1T20","isPartOf":{"@id":"https:\/\/www.suno.com.br\/noticias\/#website"},"primaryImageOfPage":{"@id":"https:\/\/www.suno.com.br\/noticias\/azul-azul4-prejuizo-liquido-1t20\/#primaryimage"},"image":{"@id":"https:\/\/www.suno.com.br\/noticias\/azul-azul4-prejuizo-liquido-1t20\/#primaryimage"},"thumbnailUrl":"https:\/\/files.sunoresearch.com.br\/n\/uploads\/2020\/04\/ac0c1ea4-azul-jpg.webp","datePublished":"2020-05-14T13:09:18+00:00","dateModified":"2021-06-21T09:19:55+00:00","description":"A Azul (AZUL4) registrou, na manh\u00e3 desta quinta, um preju\u00edzo l\u00edquido cont\u00e1bil de R$ 6,1 bilh\u00f5es no primeiro trimestre deste ano. Saiba mais.","breadcrumb":{"@id":"https:\/\/www.suno.com.br\/noticias\/azul-azul4-prejuizo-liquido-1t20\/#breadcrumb"},"inLanguage":"pt-BR","potentialAction":[{"@type":"ReadAction","target":["https:\/\/www.suno.com.br\/noticias\/azul-azul4-prejuizo-liquido-1t20\/"]}]},{"@type":"ImageObject","inLanguage":"pt-BR","@id":"https:\/\/www.suno.com.br\/noticias\/azul-azul4-prejuizo-liquido-1t20\/#primaryimage","url":"https:\/\/files.sunoresearch.com.br\/n\/uploads\/2020\/04\/ac0c1ea4-azul-jpg.webp","contentUrl":"https:\/\/files.sunoresearch.com.br\/n\/uploads\/2020\/04\/ac0c1ea4-azul-jpg.webp","width":1200,"height":800,"caption":"A Agenda do Dia desta segunda destaca mais um dia cheio de resultados corporativos do terceiro trimestre, al\u00e9m da estreia do Pix."},{"@type":"BreadcrumbList","@id":"https:\/\/www.suno.com.br\/noticias\/azul-azul4-prejuizo-liquido-1t20\/#breadcrumb","itemListElement":[{"@type":"ListItem","position":1,"name":"Not\u00edcias","item":"https:\/\/www.suno.com.br\/noticias\/"},{"@type":"ListItem","position":2,"name":"Neg\u00f3cios","item":"https:\/\/www.suno.com.br\/noticias\/negocios\/"},{"@type":"ListItem","position":3,"name":"Azul (AZUL4) registra preju\u00edzo l\u00edquido de R$ 6,13 bilh\u00f5es no 1T20"}]},{"@type":"WebSite","@id":"https:\/\/www.suno.com.br\/noticias\/#website","url":"https:\/\/www.suno.com.br\/noticias\/","name":"Suno Not\u00edcias","description":"Seu portal de informa\u00e7\u00e3o sobre o mundo dos investimentos","publisher":{"@id":"https:\/\/www.suno.com.br\/noticias\/#organization"},"potentialAction":[{"@type":"SearchAction","target":{"@type":"EntryPoint","urlTemplate":"https:\/\/www.suno.com.br\/noticias\/?s={search_term_string}"},"query-input":{"@type":"PropertyValueSpecification","valueRequired":true,"valueName":"search_term_string"}}],"inLanguage":"pt-BR"},{"@type":"Organization","@id":"https:\/\/www.suno.com.br\/noticias\/#organization","name":"Suno Not\u00edcias","url":"https:\/\/www.suno.com.br\/noticias\/","logo":{"@type":"ImageObject","inLanguage":"pt-BR","@id":"https:\/\/www.suno.com.br\/noticias\/#\/schema\/logo\/image\/","url":"https:\/\/files.sunoresearch.com.br\/n\/uploads\/2021\/09\/suno-logo.png","contentUrl":"https:\/\/files.sunoresearch.com.br\/n\/uploads\/2021\/09\/suno-logo.png","width":180,"height":180,"caption":"Suno Not\u00edcias"},"image":{"@id":"https:\/\/www.suno.com.br\/noticias\/#\/schema\/logo\/image\/"},"sameAs":["https:\/\/facebook.com\/sunoresearch","https:\/\/x.com\/sunoresearch","https:\/\/www.instagram.com\/suno","https:\/\/www.linkedin.com\/company\/suno-research\/","https:\/\/www.youtube.com\/c\/sunoresearch"]},{"@type":"Person","@id":"https:\/\/www.suno.com.br\/noticias\/#\/schema\/person\/918d79de1f0281f01599b93f9ea6e23f","name":"Jader Lazarini","image":{"@type":"ImageObject","inLanguage":"pt-BR","@id":"https:\/\/www.suno.com.br\/noticias\/#\/schema\/person\/image\/","url":"https:\/\/secure.gravatar.com\/avatar\/3c1ad8caa51589841baeb923fcddea97?s=96&r=g","contentUrl":"https:\/\/secure.gravatar.com\/avatar\/3c1ad8caa51589841baeb923fcddea97?s=96&r=g","caption":"Jader Lazarini"},"description":"Jader Lazarini escreve sobre investimentos, finan\u00e7as, economia e neg\u00f3cios. \u00c9 bacharel em Rela\u00e7\u00f5es Internacionais e analista CNPI (2619).","url":"https:\/\/www.suno.com.br\/noticias\/author\/jader-lazarini\/"}]}},"default_loop_html":"<div class=\"cardsPage__listCard__boxs\"><div class=\"cardsPage__listCard__boxs__img\"><a href=\"https:\/\/www.suno.com.br\/noticias\/azul-azul4-prejuizo-liquido-1t20\/\"><img class=\"mask\" src=\"https:\/\/www.suno.com.br\/noticias\/wp-content\/themes\/suno\/resources\/images\/spotlight\/spotlight1img\/bg-mask.png\" alt=\"Image Mask\"\/><img src=\"https:\/\/files.sunoresearch.com.br\/n\/uploads\/2020\/04\/ac0c1ea4-azul-400x200.webp\" alt=\"Azul (AZUL4) registra preju\u00edzo l\u00edquido de R$ 6,13 bilh\u00f5es no 1T20\"\/><\/a><span class=\"spotlightCategory\"><a href=\"https:\/\/www.suno.com.br\/noticias\/negocios\/\">Neg\u00f3cios<\/a><\/span><\/div><div class=\"cardsPage__listCard__boxs__content\"><a href=\"https:\/\/www.suno.com.br\/noticias\/azul-azul4-prejuizo-liquido-1t20\/\"><h2 class=\"content__title\">Azul (AZUL4) registra preju\u00edzo l\u00edquido de R$ 6,13 bilh\u00f5es no 1T20<\/h2><\/a><div class=\"newsContent__article__meta\"><div class=\"newsContent__article__meta__authorBox\"><a href=\"https:\/\/www.suno.com.br\/noticias\/author\/jader-lazarini\/\" class=\"authorBox__avatar noMobi\"><img src=\"https:\/\/files.sunoresearch.com.br\/n\/uploads\/2021\/01\/178e6598-foto-perfil-2-150x150.jpg\" alt=\"Jader Lazarini\"><\/a><div class=\"authorBox__name\"><span>por\n\t\t\t<a href=\"https:\/\/www.suno.com.br\/noticias\/author\/jader-lazarini\/\"><span itemprop=\"author\">Jader Lazarini<\/span><\/a><\/span><time datetime=\"2020-05-14T10:09:18-03:00\" itemprop=\"datePublished\">14\/05\/2020 10:09<\/time><\/div><\/div><\/div><\/div><\/div>","single_layout":"posts","amp_enabled":true,"_links":{"self":[{"href":"https:\/\/www.suno.com.br\/noticias\/wp-json\/wp\/v2\/posts\/64734"}],"collection":[{"href":"https:\/\/www.suno.com.br\/noticias\/wp-json\/wp\/v2\/posts"}],"about":[{"href":"https:\/\/www.suno.com.br\/noticias\/wp-json\/wp\/v2\/types\/post"}],"author":[{"embeddable":true,"href":"https:\/\/www.suno.com.br\/noticias\/wp-json\/wp\/v2\/users\/24"}],"replies":[{"embeddable":true,"href":"https:\/\/www.suno.com.br\/noticias\/wp-json\/wp\/v2\/comments?post=64734"}],"version-history":[{"count":1,"href":"https:\/\/www.suno.com.br\/noticias\/wp-json\/wp\/v2\/posts\/64734\/revisions"}],"predecessor-version":[{"id":159719,"href":"https:\/\/www.suno.com.br\/noticias\/wp-json\/wp\/v2\/posts\/64734\/revisions\/159719"}],"wp:featuredmedia":[{"embeddable":true,"href":"https:\/\/www.suno.com.br\/noticias\/wp-json\/wp\/v2\/media\/61324"}],"wp:attachment":[{"href":"https:\/\/www.suno.com.br\/noticias\/wp-json\/wp\/v2\/media?parent=64734"}],"wp:term":[{"taxonomy":"category","embeddable":true,"href":"https:\/\/www.suno.com.br\/noticias\/wp-json\/wp\/v2\/categories?post=64734"},{"taxonomy":"post_tag","embeddable":true,"href":"https:\/\/www.suno.com.br\/noticias\/wp-json\/wp\/v2\/tags?post=64734"},{"taxonomy":"suno_strategy","embeddable":true,"href":"https:\/\/www.suno.com.br\/noticias\/wp-json\/wp\/v2\/suno_strategy?post=64734"}],"curies":[{"name":"wp","href":"https:\/\/api.w.org\/{rel}","templated":true}]}}