{"id":64721,"date":"2020-05-14T09:34:13","date_gmt":"2020-05-14T12:34:13","guid":{"rendered":"https:\/\/www.suno.com.br\/noticias\/?p=64721"},"modified":"2021-02-17T22:43:33","modified_gmt":"2021-02-18T01:43:33","slug":"bce-rechaca-criticas-juro-negativo","status":"publish","type":"post","link":"https:\/\/www.suno.com.br\/noticias\/bce-rechaca-criticas-juro-negativo\/","title":{"rendered":"BCE recha\u00e7a cr\u00edticas sobre juro negativo e defende medida"},"content":{"rendered":"<p>O <a href=\"https:\/\/www.suno.com.br\/artigos\/bce\/\">Banco Central Europeu (<strong>BCE<\/strong>)<\/a> defendeu, na \u00faltima quarta-feira (13), por meio de um estudo, a implementa\u00e7\u00e3o de <a href=\"https:\/\/www.suno.com.br\/artigos\/juros-negativos\/\">taxa de juros negativas<\/a>, colocadas em pr\u00e1tica em 2014. Para a autoridade monet\u00e1ria europeia, a medida teve um efeito &#8220;amplamento neutro&#8221; para a lucratividade dos bancos, o contr\u00e1rio do que dizem os financistas das institui\u00e7\u00f5es financeiras.<\/p>\t<div class=\"wrapper-featured-image\">\n\t\t<figure class=\"spotlightImg\">\n\n\t\t\t<picture>\n\t\t\t\t<source media=\"(max-width: 768px)\" srcset=\"https:\/\/files.sunoresearch.com.br\/n\/uploads\/2018\/11\/b32e889c-bce-400x200.webp\">\n\t\t\t\t<img loading=\"lazy\" decoding=\"async\" class=\"newsContent__article__imgCapa lazyloadDisabled newsContent__article__imgCapa--noCaption\" src=\"https:\/\/files.sunoresearch.com.br\/n\/uploads\/2018\/11\/b32e889c-bce-800x450.webp\" width=\"800\" height=\"450\" alt=\"BCE recha\u00e7a cr\u00edticas sobre juro negativo e defende medida\" fetchpriority=high \/>\n\t\t\t<\/picture>\n\n\t\t\t<figcaption class=\"wp-caption-text wp-caption-text--hide\">BCE recha\u00e7a cr\u00edticas sobre juro negativo e defende medida<\/figcaption>\n\t\t<\/figure>\n\t<\/div>\n\n\n\n<p>De acordo com o BCE, &#8220;seis anos de <strong>taxas de juros<\/strong> negativas fizeram tanto para estimular a lucratividade nos bancos da <a href=\"https:\/\/www.suno.com.br\/artigos\/zona-do-euro\/\">zona do euro<\/a>, quanto para sufoc\u00e1-la&#8221;. Os grandes bancos alegam que suas lucratividades foram afetadas pela medida que, \u00e0 princ\u00edpio, foi implementada para evitar uma defla\u00e7\u00e3o na Europa.<\/p>\n<p><a href=\"https:\/\/lp.suno.com.br\/suno-one\/\">Garanta acesso gratuito \u00e0 eBooks, Minicursos, Artigos e Video Aulas com um \u00fanico cadastro. Clique para saber mais!<\/a><\/p>\n<p>Executivos das maiores institui\u00e7\u00f5es banc\u00e1rias dizem que o setor pagou 25 bilh\u00f5es de euros (cerca de R$ 160,10 bilh\u00f5es) devido \u00e0s taxas negativas para o BCE desde sua cria\u00e7\u00e3o, o que acabou por piorar seus lucros j\u00e1 defasados \u00e0 \u00e9poca.<\/p>\n<p>A medida, contr\u00e1ria \u00e0 l\u00f3gica financista at\u00e9 ent\u00e3o, fez com que os bancos passassem a ter que pagar para manter seus recursos no BCE, em vez de usufruir dos juros sobre o principal. O intuito \u00e9 fazer com que os bancos distribuam mais cr\u00e9dito, al\u00e9m de reduzir os custos aos <a href=\"https:\/\/www.suno.com.br\/artigos\/emprestimo-bancario\/\">tomadores dos empr\u00e9stimos<\/a>.<\/p>\n<p>Em setembro do ano passado, o BCE aprofundou sua decis\u00e3o e cortou a taxa de dep\u00f3sito para o menor patamar da s\u00e9rie hist\u00f3ria, de -0,50%. Isso fez com que alguns bancos indicassem que repassariam esses custos \u00e0s empresas e consumidores.<\/p>\n<p>Desde que essa pol\u00edtica foi adotada na zona do euro, Dinamarca, Jap\u00e3o e Su\u00ed\u00e7a, que tamb\u00e9m implementaram essa medida, passaram a questionar se ela funciona ou se deve ser abandonada devido aos altos efeitos colaterais ao sistema financeiro nacional.<\/p>\n<h2>BCE for\u00e7a redu\u00e7\u00e3o das margens de bancos<\/h2>\n<p>Miguel Boucinha e Lorenzo Burlon, autores do estudo do BCE, reconheceram que a ado\u00e7\u00e3o das taxas de juros negativas pressionaram as <strong>margens<\/strong> tradicionais dos empr\u00e9stimos dos grandes bancos da regi\u00e3o, mas afirmaram que tal pol\u00edtica gerou efeitos positivos em mesmo grau.<\/p>\n<p>Entre os ganhos, segundo os economistas, foi o menor n\u00edvel de provis\u00f5es contra inadimpl\u00eancia, ocasionada por menores custos de financiamento e maior crescimento econ\u00f4mico. Al\u00e9m disso, houve maior demanda por cr\u00e9dito e eleva\u00e7\u00e3o no valor dos t\u00edtulos de d\u00edvida em posse dos bancos.<\/p>\n<p>\u201cAs taxas de juros negativas tiveram um impacto amplamente neutro sobre a lucratividade dos bancos at\u00e9 agora, uma vez que seu efeito negativo sobre a receita l\u00edquida de juros foi compensado por um efeito positivo sobre a qualidade de cr\u00e9dito\u201d, salientaram os respons\u00e1veis pelo estudo.<\/p>\n<p>No entanto, em contraponto \u00e0s afirma\u00e7\u00f5es do BCE, outros economistas, como Yann Koby e Markus Brunnemeier, da Universidade de Princeton, nos Estados Unidos, afirmaram que os benef\u00edcios dos juros negativos se concentraram apenas no in\u00edcio de sua implementa\u00e7\u00e3o, como ganhos nos pre\u00e7os dos ativos nos balan\u00e7os das institui\u00e7\u00f5es financeiras. Por outro lado, os efeitos colaterais danosos tem maior dura\u00e7\u00e3o.<\/p>\n<p><a href=\"https:\/\/www.suno.com.br\/noticias\/pib-do-reino-unido-recua-58-em-marco-por-causa-do-coronavirus\/\">Saiba mais: PIB do Reino Unido recua 5,8% em mar\u00e7o por causa do coronav\u00edrus<\/a><\/p>\n<p>O banco europeu admitiu que quanto mais tempo as taxa de juros negativos permanecem, menos ben\u00e9ficas elas ser\u00e3o. \u201cNo atual cen\u00e1rio de <a href=\"https:\/\/www.suno.com.br\/artigos\/politica-monetaria\/\">pol\u00edtica monet\u00e1ria<\/a> da zona do euro, os efeitos de um longo per\u00edodo de juros negativos exige um monitoramento cont\u00ednuo e cuidadoso, uma vez que adentramos mais num territ\u00f3rio desconhecido\u201d, afirmou o BCE.<\/p>\n<p>A autoridade monet\u00e1ria relatou que, nos \u00faltimos seis anos, os bancos quase dobraram a quantidade de dinheiro em seus cofres, para mais de 90 bilh\u00f5es de euros. Entretanto, \u00e9 um n\u00famero inferior aos mais de 6 trilh\u00f5es depositados na zona do euro.<\/p>\n<p><a href=\"https:\/\/www.suno.com.br\/noticias\/fed-pede-eua-gastar-mais\/\">Confira: Fed defende aumento dos gastos para combate da crise<\/a><\/p>\n<p>No entanto, \u201cisso n\u00e3o ocorreu ao ponto de emitir fortes sinais de um vazamento de liquidez fora do setor banc\u00e1rio em dire\u00e7\u00e3o aos ativos de curto prazo e alt\u00edssima liquidez\u201d, disse o estudo.<\/p>\n<p>Segundo o <strong>BCE<\/strong>, as taxas de juros negativas elevaram os empr\u00e9stimos banc\u00e1rios em aproximadamente 0,7% somente em 2020. Dessa forma, para seus economistas, fomentou o crescimento econ\u00f4mico e a cria\u00e7\u00e3o de infla\u00e7\u00e3o, indo de encontro com seu objetivo inicial.<\/p>\n\n","protected":false},"excerpt":{"rendered":"<p>O Banco Central Europeu (BCE) defendeu, na \u00faltima quarta-feira (13), por meio de um estudo, a implementa\u00e7\u00e3o de taxa de juros negativas, colocadas em pr\u00e1tica em 2014. Para a autoridade monet\u00e1ria europeia, a medida teve um efeito &#8220;amplamento neutro&#8221; para a lucratividade dos bancos, o contr\u00e1rio do que dizem os financistas das institui\u00e7\u00f5es financeiras. BCE [&hellip;]<\/p>\n","protected":false},"author":24,"featured_media":7171,"comment_status":"closed","ping_status":"closed","sticky":false,"template":"","format":"standard","meta":[],"categories":[63],"tags":[863,1752],"suno_strategy":[],"class_list":["post-64721","post","type-post","status-publish","format-standard","has-post-thumbnail","hentry","category-internacional","tag-banco-central-europeu-bce","tag-taxa-de-juros"],"yoast_head":"<!-- This site is optimized with the Yoast SEO plugin v24.4 - https:\/\/yoast.com\/wordpress\/plugins\/seo\/ -->\n<title>BCE recha\u00e7a cr\u00edticas sobre juro negativo e defende medida<\/title>\n<meta name=\"description\" content=\"O Banco Central Europeu (BCE) defendeu, na \u00faltima quarta, a ado\u00e7\u00e3o de taxa de juros negativas, colocadas em pr\u00e1tica em 2014. Saiba mais.\" \/>\n<meta name=\"robots\" content=\"index, follow, max-snippet:-1, max-image-preview:large, max-video-preview:-1\" \/>\n<link rel=\"canonical\" href=\"https:\/\/www.suno.com.br\/noticias\/bce-rechaca-criticas-juro-negativo\/\" \/>\n<meta property=\"og:locale\" content=\"pt_BR\" \/>\n<meta property=\"og:type\" content=\"article\" \/>\n<meta property=\"og:title\" content=\"BCE recha\u00e7a cr\u00edticas sobre juro negativo e defende medida\" \/>\n<meta property=\"og:description\" content=\"O Banco Central Europeu (BCE) defendeu, na \u00faltima quarta, a ado\u00e7\u00e3o de taxa de juros negativas, colocadas em pr\u00e1tica em 2014. Saiba mais.\" \/>\n<meta property=\"og:url\" content=\"https:\/\/www.suno.com.br\/noticias\/bce-rechaca-criticas-juro-negativo\/\" \/>\n<meta property=\"og:site_name\" content=\"Suno Not\u00edcias\" \/>\n<meta property=\"article:publisher\" content=\"https:\/\/facebook.com\/sunoresearch\" \/>\n<meta property=\"og:image\" content=\"https:\/\/files.sunoresearch.com.br\/n\/uploads\/2018\/11\/b32e889c-bce.jpg\" \/>\n\t<meta property=\"og:image:width\" content=\"1024\" \/>\n\t<meta property=\"og:image:height\" content=\"768\" \/>\n\t<meta property=\"og:image:type\" content=\"image\/jpeg\" \/>\n<meta name=\"author\" content=\"Jader Lazarini\" \/>\n<meta name=\"twitter:card\" content=\"summary_large_image\" \/>\n<meta name=\"twitter:creator\" content=\"@sunoresearch\" \/>\n<meta name=\"twitter:site\" content=\"@sunoresearch\" \/>\n<meta name=\"twitter:label1\" content=\"Escrito por\" \/>\n\t<meta name=\"twitter:data1\" content=\"Jader Lazarini\" \/>\n\t<meta name=\"twitter:label2\" content=\"Est. tempo de leitura\" \/>\n\t<meta name=\"twitter:data2\" content=\"4 minutos\" \/>\n<script type=\"application\/ld+json\" class=\"yoast-schema-graph\">{\"@context\":\"https:\/\/schema.org\",\"@graph\":[{\"@type\":\"NewsArticle\",\"@id\":\"https:\/\/www.suno.com.br\/noticias\/bce-rechaca-criticas-juro-negativo\/#article\",\"isPartOf\":{\"@id\":\"https:\/\/www.suno.com.br\/noticias\/bce-rechaca-criticas-juro-negativo\/\"},\"author\":{\"name\":\"Jader Lazarini\",\"@id\":\"https:\/\/www.suno.com.br\/noticias\/#\/schema\/person\/918d79de1f0281f01599b93f9ea6e23f\"},\"headline\":\"BCE recha\u00e7a cr\u00edticas sobre juro negativo e defende medida\",\"datePublished\":\"2020-05-14T12:34:13+00:00\",\"dateModified\":\"2021-02-18T01:43:33+00:00\",\"mainEntityOfPage\":{\"@id\":\"https:\/\/www.suno.com.br\/noticias\/bce-rechaca-criticas-juro-negativo\/\"},\"wordCount\":760,\"publisher\":{\"@id\":\"https:\/\/www.suno.com.br\/noticias\/#organization\"},\"image\":{\"@id\":\"https:\/\/www.suno.com.br\/noticias\/bce-rechaca-criticas-juro-negativo\/#primaryimage\"},\"thumbnailUrl\":\"https:\/\/files.sunoresearch.com.br\/n\/uploads\/2018\/11\/b32e889c-bce-jpg.webp\",\"keywords\":[\"Banco Central Europeu (BCE)\",\"taxa de juros\"],\"articleSection\":[\"Internacional\"],\"inLanguage\":\"pt-BR\"},{\"@type\":\"WebPage\",\"@id\":\"https:\/\/www.suno.com.br\/noticias\/bce-rechaca-criticas-juro-negativo\/\",\"url\":\"https:\/\/www.suno.com.br\/noticias\/bce-rechaca-criticas-juro-negativo\/\",\"name\":\"BCE recha\u00e7a cr\u00edticas sobre juro negativo e defende medida\",\"isPartOf\":{\"@id\":\"https:\/\/www.suno.com.br\/noticias\/#website\"},\"primaryImageOfPage\":{\"@id\":\"https:\/\/www.suno.com.br\/noticias\/bce-rechaca-criticas-juro-negativo\/#primaryimage\"},\"image\":{\"@id\":\"https:\/\/www.suno.com.br\/noticias\/bce-rechaca-criticas-juro-negativo\/#primaryimage\"},\"thumbnailUrl\":\"https:\/\/files.sunoresearch.com.br\/n\/uploads\/2018\/11\/b32e889c-bce-jpg.webp\",\"datePublished\":\"2020-05-14T12:34:13+00:00\",\"dateModified\":\"2021-02-18T01:43:33+00:00\",\"description\":\"O Banco Central Europeu (BCE) defendeu, na \u00faltima quarta, a ado\u00e7\u00e3o de taxa de juros negativas, colocadas em pr\u00e1tica em 2014. Saiba mais.\",\"breadcrumb\":{\"@id\":\"https:\/\/www.suno.com.br\/noticias\/bce-rechaca-criticas-juro-negativo\/#breadcrumb\"},\"inLanguage\":\"pt-BR\",\"potentialAction\":[{\"@type\":\"ReadAction\",\"target\":[\"https:\/\/www.suno.com.br\/noticias\/bce-rechaca-criticas-juro-negativo\/\"]}]},{\"@type\":\"ImageObject\",\"inLanguage\":\"pt-BR\",\"@id\":\"https:\/\/www.suno.com.br\/noticias\/bce-rechaca-criticas-juro-negativo\/#primaryimage\",\"url\":\"https:\/\/files.sunoresearch.com.br\/n\/uploads\/2018\/11\/b32e889c-bce-jpg.webp\",\"contentUrl\":\"https:\/\/files.sunoresearch.com.br\/n\/uploads\/2018\/11\/b32e889c-bce-jpg.webp\",\"width\":1024,\"height\":768,\"caption\":\"BCE recha\u00e7a cr\u00edticas sobre juro negativo e defende medida\"},{\"@type\":\"BreadcrumbList\",\"@id\":\"https:\/\/www.suno.com.br\/noticias\/bce-rechaca-criticas-juro-negativo\/#breadcrumb\",\"itemListElement\":[{\"@type\":\"ListItem\",\"position\":1,\"name\":\"Not\u00edcias\",\"item\":\"https:\/\/www.suno.com.br\/noticias\/\"},{\"@type\":\"ListItem\",\"position\":2,\"name\":\"Internacional\",\"item\":\"https:\/\/www.suno.com.br\/noticias\/internacional\/\"},{\"@type\":\"ListItem\",\"position\":3,\"name\":\"BCE recha\u00e7a cr\u00edticas sobre juro negativo e defende medida\"}]},{\"@type\":\"WebSite\",\"@id\":\"https:\/\/www.suno.com.br\/noticias\/#website\",\"url\":\"https:\/\/www.suno.com.br\/noticias\/\",\"name\":\"Suno Not\u00edcias\",\"description\":\"Seu portal de informa\u00e7\u00e3o sobre o mundo dos investimentos\",\"publisher\":{\"@id\":\"https:\/\/www.suno.com.br\/noticias\/#organization\"},\"potentialAction\":[{\"@type\":\"SearchAction\",\"target\":{\"@type\":\"EntryPoint\",\"urlTemplate\":\"https:\/\/www.suno.com.br\/noticias\/?s={search_term_string}\"},\"query-input\":{\"@type\":\"PropertyValueSpecification\",\"valueRequired\":true,\"valueName\":\"search_term_string\"}}],\"inLanguage\":\"pt-BR\"},{\"@type\":\"Organization\",\"@id\":\"https:\/\/www.suno.com.br\/noticias\/#organization\",\"name\":\"Suno Not\u00edcias\",\"url\":\"https:\/\/www.suno.com.br\/noticias\/\",\"logo\":{\"@type\":\"ImageObject\",\"inLanguage\":\"pt-BR\",\"@id\":\"https:\/\/www.suno.com.br\/noticias\/#\/schema\/logo\/image\/\",\"url\":\"https:\/\/files.sunoresearch.com.br\/n\/uploads\/2021\/09\/suno-logo.png\",\"contentUrl\":\"https:\/\/files.sunoresearch.com.br\/n\/uploads\/2021\/09\/suno-logo.png\",\"width\":180,\"height\":180,\"caption\":\"Suno Not\u00edcias\"},\"image\":{\"@id\":\"https:\/\/www.suno.com.br\/noticias\/#\/schema\/logo\/image\/\"},\"sameAs\":[\"https:\/\/facebook.com\/sunoresearch\",\"https:\/\/x.com\/sunoresearch\",\"https:\/\/www.instagram.com\/suno\",\"https:\/\/www.linkedin.com\/company\/suno-research\/\",\"https:\/\/www.youtube.com\/c\/sunoresearch\"]},{\"@type\":\"Person\",\"@id\":\"https:\/\/www.suno.com.br\/noticias\/#\/schema\/person\/918d79de1f0281f01599b93f9ea6e23f\",\"name\":\"Jader Lazarini\",\"image\":{\"@type\":\"ImageObject\",\"inLanguage\":\"pt-BR\",\"@id\":\"https:\/\/www.suno.com.br\/noticias\/#\/schema\/person\/image\/\",\"url\":\"https:\/\/secure.gravatar.com\/avatar\/3c1ad8caa51589841baeb923fcddea97?s=96&r=g\",\"contentUrl\":\"https:\/\/secure.gravatar.com\/avatar\/3c1ad8caa51589841baeb923fcddea97?s=96&r=g\",\"caption\":\"Jader Lazarini\"},\"description\":\"Jader Lazarini escreve sobre investimentos, finan\u00e7as, economia e neg\u00f3cios. \u00c9 bacharel em Rela\u00e7\u00f5es Internacionais e analista CNPI (2619).\",\"url\":\"https:\/\/www.suno.com.br\/noticias\/author\/jader-lazarini\/\"}]}<\/script>\n<!-- \/ Yoast SEO plugin. -->","yoast_head_json":{"title":"BCE recha\u00e7a cr\u00edticas sobre juro negativo e defende medida","description":"O Banco Central Europeu (BCE) defendeu, na \u00faltima quarta, a ado\u00e7\u00e3o de taxa de juros negativas, colocadas em pr\u00e1tica em 2014. Saiba mais.","robots":{"index":"index","follow":"follow","max-snippet":"max-snippet:-1","max-image-preview":"max-image-preview:large","max-video-preview":"max-video-preview:-1"},"canonical":"https:\/\/www.suno.com.br\/noticias\/bce-rechaca-criticas-juro-negativo\/","og_locale":"pt_BR","og_type":"article","og_title":"BCE recha\u00e7a cr\u00edticas sobre juro negativo e defende medida","og_description":"O Banco Central Europeu (BCE) defendeu, na \u00faltima quarta, a ado\u00e7\u00e3o de taxa de juros negativas, colocadas em pr\u00e1tica em 2014. Saiba mais.","og_url":"https:\/\/www.suno.com.br\/noticias\/bce-rechaca-criticas-juro-negativo\/","og_site_name":"Suno Not\u00edcias","article_publisher":"https:\/\/facebook.com\/sunoresearch","og_image":[{"width":1024,"height":768,"url":"https:\/\/files.sunoresearch.com.br\/n\/uploads\/2018\/11\/b32e889c-bce.jpg","type":"image\/jpeg"}],"author":"Jader Lazarini","twitter_card":"summary_large_image","twitter_creator":"@sunoresearch","twitter_site":"@sunoresearch","twitter_misc":{"Escrito por":"Jader Lazarini","Est. tempo de leitura":"4 minutos"},"schema":{"@context":"https:\/\/schema.org","@graph":[{"@type":"NewsArticle","@id":"https:\/\/www.suno.com.br\/noticias\/bce-rechaca-criticas-juro-negativo\/#article","isPartOf":{"@id":"https:\/\/www.suno.com.br\/noticias\/bce-rechaca-criticas-juro-negativo\/"},"author":{"name":"Jader Lazarini","@id":"https:\/\/www.suno.com.br\/noticias\/#\/schema\/person\/918d79de1f0281f01599b93f9ea6e23f"},"headline":"BCE recha\u00e7a cr\u00edticas sobre juro negativo e defende medida","datePublished":"2020-05-14T12:34:13+00:00","dateModified":"2021-02-18T01:43:33+00:00","mainEntityOfPage":{"@id":"https:\/\/www.suno.com.br\/noticias\/bce-rechaca-criticas-juro-negativo\/"},"wordCount":760,"publisher":{"@id":"https:\/\/www.suno.com.br\/noticias\/#organization"},"image":{"@id":"https:\/\/www.suno.com.br\/noticias\/bce-rechaca-criticas-juro-negativo\/#primaryimage"},"thumbnailUrl":"https:\/\/files.sunoresearch.com.br\/n\/uploads\/2018\/11\/b32e889c-bce-jpg.webp","keywords":["Banco Central Europeu (BCE)","taxa de juros"],"articleSection":["Internacional"],"inLanguage":"pt-BR"},{"@type":"WebPage","@id":"https:\/\/www.suno.com.br\/noticias\/bce-rechaca-criticas-juro-negativo\/","url":"https:\/\/www.suno.com.br\/noticias\/bce-rechaca-criticas-juro-negativo\/","name":"BCE recha\u00e7a cr\u00edticas sobre juro negativo e defende medida","isPartOf":{"@id":"https:\/\/www.suno.com.br\/noticias\/#website"},"primaryImageOfPage":{"@id":"https:\/\/www.suno.com.br\/noticias\/bce-rechaca-criticas-juro-negativo\/#primaryimage"},"image":{"@id":"https:\/\/www.suno.com.br\/noticias\/bce-rechaca-criticas-juro-negativo\/#primaryimage"},"thumbnailUrl":"https:\/\/files.sunoresearch.com.br\/n\/uploads\/2018\/11\/b32e889c-bce-jpg.webp","datePublished":"2020-05-14T12:34:13+00:00","dateModified":"2021-02-18T01:43:33+00:00","description":"O Banco Central Europeu (BCE) defendeu, na \u00faltima quarta, a ado\u00e7\u00e3o de taxa de juros negativas, colocadas em pr\u00e1tica em 2014. Saiba mais.","breadcrumb":{"@id":"https:\/\/www.suno.com.br\/noticias\/bce-rechaca-criticas-juro-negativo\/#breadcrumb"},"inLanguage":"pt-BR","potentialAction":[{"@type":"ReadAction","target":["https:\/\/www.suno.com.br\/noticias\/bce-rechaca-criticas-juro-negativo\/"]}]},{"@type":"ImageObject","inLanguage":"pt-BR","@id":"https:\/\/www.suno.com.br\/noticias\/bce-rechaca-criticas-juro-negativo\/#primaryimage","url":"https:\/\/files.sunoresearch.com.br\/n\/uploads\/2018\/11\/b32e889c-bce-jpg.webp","contentUrl":"https:\/\/files.sunoresearch.com.br\/n\/uploads\/2018\/11\/b32e889c-bce-jpg.webp","width":1024,"height":768,"caption":"BCE recha\u00e7a cr\u00edticas sobre juro negativo e defende medida"},{"@type":"BreadcrumbList","@id":"https:\/\/www.suno.com.br\/noticias\/bce-rechaca-criticas-juro-negativo\/#breadcrumb","itemListElement":[{"@type":"ListItem","position":1,"name":"Not\u00edcias","item":"https:\/\/www.suno.com.br\/noticias\/"},{"@type":"ListItem","position":2,"name":"Internacional","item":"https:\/\/www.suno.com.br\/noticias\/internacional\/"},{"@type":"ListItem","position":3,"name":"BCE recha\u00e7a cr\u00edticas sobre juro negativo e defende medida"}]},{"@type":"WebSite","@id":"https:\/\/www.suno.com.br\/noticias\/#website","url":"https:\/\/www.suno.com.br\/noticias\/","name":"Suno Not\u00edcias","description":"Seu portal de informa\u00e7\u00e3o sobre o mundo dos investimentos","publisher":{"@id":"https:\/\/www.suno.com.br\/noticias\/#organization"},"potentialAction":[{"@type":"SearchAction","target":{"@type":"EntryPoint","urlTemplate":"https:\/\/www.suno.com.br\/noticias\/?s={search_term_string}"},"query-input":{"@type":"PropertyValueSpecification","valueRequired":true,"valueName":"search_term_string"}}],"inLanguage":"pt-BR"},{"@type":"Organization","@id":"https:\/\/www.suno.com.br\/noticias\/#organization","name":"Suno Not\u00edcias","url":"https:\/\/www.suno.com.br\/noticias\/","logo":{"@type":"ImageObject","inLanguage":"pt-BR","@id":"https:\/\/www.suno.com.br\/noticias\/#\/schema\/logo\/image\/","url":"https:\/\/files.sunoresearch.com.br\/n\/uploads\/2021\/09\/suno-logo.png","contentUrl":"https:\/\/files.sunoresearch.com.br\/n\/uploads\/2021\/09\/suno-logo.png","width":180,"height":180,"caption":"Suno Not\u00edcias"},"image":{"@id":"https:\/\/www.suno.com.br\/noticias\/#\/schema\/logo\/image\/"},"sameAs":["https:\/\/facebook.com\/sunoresearch","https:\/\/x.com\/sunoresearch","https:\/\/www.instagram.com\/suno","https:\/\/www.linkedin.com\/company\/suno-research\/","https:\/\/www.youtube.com\/c\/sunoresearch"]},{"@type":"Person","@id":"https:\/\/www.suno.com.br\/noticias\/#\/schema\/person\/918d79de1f0281f01599b93f9ea6e23f","name":"Jader Lazarini","image":{"@type":"ImageObject","inLanguage":"pt-BR","@id":"https:\/\/www.suno.com.br\/noticias\/#\/schema\/person\/image\/","url":"https:\/\/secure.gravatar.com\/avatar\/3c1ad8caa51589841baeb923fcddea97?s=96&r=g","contentUrl":"https:\/\/secure.gravatar.com\/avatar\/3c1ad8caa51589841baeb923fcddea97?s=96&r=g","caption":"Jader Lazarini"},"description":"Jader Lazarini escreve sobre investimentos, finan\u00e7as, economia e neg\u00f3cios. \u00c9 bacharel em Rela\u00e7\u00f5es Internacionais e analista CNPI (2619).","url":"https:\/\/www.suno.com.br\/noticias\/author\/jader-lazarini\/"}]}},"default_loop_html":"<div class=\"cardsPage__listCard__boxs\"><div class=\"cardsPage__listCard__boxs__img\"><a href=\"https:\/\/www.suno.com.br\/noticias\/bce-rechaca-criticas-juro-negativo\/\"><img class=\"mask\" src=\"https:\/\/www.suno.com.br\/noticias\/wp-content\/themes\/suno\/resources\/images\/spotlight\/spotlight1img\/bg-mask.png\" alt=\"Image Mask\"\/><img src=\"https:\/\/files.sunoresearch.com.br\/n\/uploads\/2018\/11\/b32e889c-bce-400x200.webp\" alt=\"BCE recha\u00e7a cr\u00edticas sobre juro negativo e defende medida\"\/><\/a><span class=\"spotlightCategory\"><a href=\"https:\/\/www.suno.com.br\/noticias\/internacional\/\">Internacional<\/a><\/span><\/div><div class=\"cardsPage__listCard__boxs__content\"><a href=\"https:\/\/www.suno.com.br\/noticias\/bce-rechaca-criticas-juro-negativo\/\"><h2 class=\"content__title\">BCE recha\u00e7a cr\u00edticas sobre juro negativo e defende medida<\/h2><\/a><div class=\"newsContent__article__meta\"><div class=\"newsContent__article__meta__authorBox\"><a href=\"https:\/\/www.suno.com.br\/noticias\/author\/jader-lazarini\/\" class=\"authorBox__avatar noMobi\"><img src=\"https:\/\/files.sunoresearch.com.br\/n\/uploads\/2021\/01\/178e6598-foto-perfil-2-150x150.jpg\" alt=\"Jader Lazarini\"><\/a><div class=\"authorBox__name\"><span>por\n\t\t\t<a href=\"https:\/\/www.suno.com.br\/noticias\/author\/jader-lazarini\/\"><span itemprop=\"author\">Jader Lazarini<\/span><\/a><\/span><time datetime=\"2020-05-14T09:34:13-03:00\" itemprop=\"datePublished\">14\/05\/2020 09:34<\/time><\/div><\/div><\/div><\/div><\/div>","single_layout":"posts","amp_enabled":true,"_links":{"self":[{"href":"https:\/\/www.suno.com.br\/noticias\/wp-json\/wp\/v2\/posts\/64721"}],"collection":[{"href":"https:\/\/www.suno.com.br\/noticias\/wp-json\/wp\/v2\/posts"}],"about":[{"href":"https:\/\/www.suno.com.br\/noticias\/wp-json\/wp\/v2\/types\/post"}],"author":[{"embeddable":true,"href":"https:\/\/www.suno.com.br\/noticias\/wp-json\/wp\/v2\/users\/24"}],"replies":[{"embeddable":true,"href":"https:\/\/www.suno.com.br\/noticias\/wp-json\/wp\/v2\/comments?post=64721"}],"version-history":[{"count":0,"href":"https:\/\/www.suno.com.br\/noticias\/wp-json\/wp\/v2\/posts\/64721\/revisions"}],"wp:featuredmedia":[{"embeddable":true,"href":"https:\/\/www.suno.com.br\/noticias\/wp-json\/wp\/v2\/media\/7171"}],"wp:attachment":[{"href":"https:\/\/www.suno.com.br\/noticias\/wp-json\/wp\/v2\/media?parent=64721"}],"wp:term":[{"taxonomy":"category","embeddable":true,"href":"https:\/\/www.suno.com.br\/noticias\/wp-json\/wp\/v2\/categories?post=64721"},{"taxonomy":"post_tag","embeddable":true,"href":"https:\/\/www.suno.com.br\/noticias\/wp-json\/wp\/v2\/tags?post=64721"},{"taxonomy":"suno_strategy","embeddable":true,"href":"https:\/\/www.suno.com.br\/noticias\/wp-json\/wp\/v2\/suno_strategy?post=64721"}],"curies":[{"name":"wp","href":"https:\/\/api.w.org\/{rel}","templated":true}]}}