{"id":64698,"date":"2020-05-13T22:48:58","date_gmt":"2020-05-14T01:48:58","guid":{"rendered":"https:\/\/www.suno.com.br\/noticias\/?p=64698"},"modified":"2020-05-13T22:48:58","modified_gmt":"2020-05-14T01:48:58","slug":"allpark-alpk3-estapar-acoes-ipo","status":"publish","type":"post","link":"https:\/\/www.suno.com.br\/noticias\/allpark-alpk3-estapar-acoes-ipo\/","title":{"rendered":"Allpark (ALPK3), dona da rede Estapar, precifica a\u00e7\u00f5es do IPO"},"content":{"rendered":"<p>A <strong>Allpark<\/strong> (ALPK3), dona da rede de estacionamentos <strong>Estapar<\/strong>, precificou nesta quarta-feira (13) sua <a href=\"https:\/\/www.suno.com.br\/artigos\/ipo\/\">oferta p\u00fablica inicial de a\u00e7\u00f5es (IPO)<\/a> no piso da faixa indicativa. As informa\u00e7\u00f5es foram divulgadas pela <a href=\"https:\/\/www.suno.com.br\/artigos\/cvm\/\">Comiss\u00e3o de Valores Mobili\u00e1rios (CVM)<\/a> que tinha protocolado o pedido de abertura de capital no dia 6 de mar\u00e7o.<\/p>\t<div class=\"wrapper-featured-image\">\n\t\t<figure class=\"spotlightImg\">\n\n\t\t\t<picture>\n\t\t\t\t<source media=\"(max-width: 768px)\" srcset=\"https:\/\/files.sunoresearch.com.br\/n\/uploads\/2020\/03\/0ebc0489-estapar-400x200.webp\">\n\t\t\t\t<img loading=\"lazy\" decoding=\"async\" class=\"newsContent__article__imgCapa lazyloadDisabled newsContent__article__imgCapa--noCaption\" src=\"https:\/\/files.sunoresearch.com.br\/n\/uploads\/2020\/03\/0ebc0489-estapar-800x450.webp\" width=\"800\" height=\"450\" alt=\"Allpark (ALPK3), dona da rede Estapar, precifica a\u00e7\u00f5es do IPO\" fetchpriority=high \/>\n\t\t\t<\/picture>\n\n\t\t\t<figcaption class=\"wp-caption-text wp-caption-text--hide\">A Allpark (ALPK3), dona da rede de estacionamentos Estapar, precificou seu IPO no piso da faixa indicativa. Clique aqui e saiba mais.<\/figcaption>\n\t\t<\/figure>\n\t<\/div>\n\n\n\n<p>A precifica\u00e7\u00e3o ficou em R$ 10,50 por a\u00e7\u00e3o, na parte mais baixa do pre\u00e7o estimados pelos coordenadores da opera\u00e7\u00e3o. A faixa de pre\u00e7o chegava at\u00e9 R$ 13. Com essa venda de a\u00e7\u00f5es, a Allpark movimentou em seu IPO R$ 345,3 milh\u00f5es.<\/p>\n<p><a href=\"https:\/\/lp.suno.com.br\/suno-one\/\">Garanta acesso gratuito \u00e0 eBooks, Minicursos, Artigos e Video Aulas com um \u00fanico cadastro. Clique para saber mais.<\/a><\/p>\n<p>A maior parte dos recursos levantados na opera\u00e7\u00e3o dever\u00e1 ser utilizada para pagar uma concess\u00e3o de parceria p\u00fablico-privada (PPP) com a cidade de S\u00e3o Paulo para a gest\u00e3o dos estacionamento de rua, as chamadas &#8220;faixas azuis&#8221;.<\/p>\n<p>A opera\u00e7\u00e3o teve uma demanda suficiente para permitir a venda de um lote adicional de pap\u00e9is. Parte dessa demanda veio de investidores estrangeiros.<\/p>\n<p>Com essa opera\u00e7\u00e3o, a Allpark foi a \u00fanica das mais de 30 empresas brasileiras que desde fevereiro pediram registro para abrir seu capital a realizar a opera\u00e7\u00e3o. Isso pois a volatilidade no mercado financeiro brasileiro provocada pela pandemia de coronav\u00edrus (covid-19) provocou o adiamento ou o cancelamento de todas esses IPOs.<\/p>\n<p>Conforme o prospecto preliminar, a abertura de capital da <strong>Allpark<\/strong> inclui <a href=\"https:\/\/www.suno.com.br\/acoes\/\">a\u00e7\u00f5es prim\u00e1rias e secund\u00e1rias<\/a>, que atualmente pertencem a s\u00f3cios da empresa. O banco <a href=\"https:\/\/www.suno.com.br\/acoes\/bpac11\/\"><strong>BTG Pactual<\/strong> (BPAC11)<\/a> ser\u00e1 respons\u00e1vel por coordenar a oferta da dona da Estapar.<\/p>\n<h2>Conhe\u00e7a a Allpark<\/h2>\n<p>A Allpark \u00e9 uma empresa brasileira, fundada em 1981 em Curitiba, que atua como administradora de estacionamentos.<\/p>\n<p><a href=\"https:\/\/www.suno.com.br\/noticias\/allpark-dona-estapar-pedido-ipo-cvm\/\">Saiba mais: Allpark, dona da Estapar, protocola pedido de IPO na CVM<\/a><\/p>\n<p>Desde 2009, o <strong>BTG Pactual<\/strong> \u00e9 o controlador da empresa. De acordo com o jornal &#8220;Valor Econ\u00f4mico&#8221;, a institui\u00e7\u00e3o financeira possui uma participa\u00e7\u00e3o de 49,5% da companhia. Al\u00e9m disso, as seguintes empresas tamb\u00e9m s\u00e3o s\u00f3cias da administradora:<\/p>\n<ul>\n<li>Equity International, com 30,2%;<\/li>\n<li>Bozano Investimentos, com 11,5%;<\/li>\n<li>Franklin Templeton, com 6,1%.<\/li>\n<\/ul>\n<p>Al\u00e9m disso, a porcentagem restante de 2,7% pertence aos antigos donos da companhia.<\/p>\n<p><a href=\"https:\/\/www.suno.com.br\/noticias\/allpark-caixa-digitalizacao-ipo\/\">Saiba mais: Allpark (ALPK3), dona da Estapar: necessidade de caixa e digitaliza\u00e7\u00e3o bancam volta do IPO<\/a><\/p>\n<p>Conforme o \u00faltimo balan\u00e7o de resultados que foi divulgado pela empresa, a Allpark registrou um preju\u00edzo de R$ 848 mil em 2018. Em 2017, o valor foi negativo em R$ 2,908 milh\u00f5es. J\u00e1 em 2016, o balan\u00e7o ficou no vermelho em R$ 3,828 milh\u00f5es.\u00a0 A receita l\u00edquida da empresa somou R$ 979,233 milh\u00f5es em 2018, R$ 952,194 milh\u00f5es em 2017 e R$ 861,881 milh\u00f5es em 2016.<\/p>\n<p>Vale ressaltar que o balan\u00e7o\u00a0 da <strong>Allpark<\/strong> divulgado em 2018, referente tamb\u00e9m aos anos de 2017 e 2016, precisou ser reapresentado ap\u00f3s erros cont\u00e1beis.<\/p>\n\n","protected":false},"excerpt":{"rendered":"<p>A Allpark (ALPK3), dona da rede de estacionamentos Estapar, precificou nesta quarta-feira (13) sua oferta p\u00fablica inicial de a\u00e7\u00f5es (IPO) no piso da faixa indicativa. As informa\u00e7\u00f5es foram divulgadas pela Comiss\u00e3o de Valores Mobili\u00e1rios (CVM) que tinha protocolado o pedido de abertura de capital no dia 6 de mar\u00e7o. A Allpark (ALPK3), dona da rede [&hellip;]<\/p>\n","protected":false},"author":9,"featured_media":55372,"comment_status":"closed","ping_status":"closed","sticky":false,"template":"","format":"standard","meta":[],"categories":[64],"tags":[2737,2736,319],"suno_strategy":[],"class_list":["post-64698","post","type-post","status-publish","format-standard","has-post-thumbnail","hentry","category-negocios","tag-allpark","tag-estapar-alpk3","tag-ipo-oferta-inicial-de-acoes"],"yoast_head":"<!-- This site is optimized with the Yoast SEO plugin v24.4 - https:\/\/yoast.com\/wordpress\/plugins\/seo\/ -->\n<title>Allpark (ALPK3), dona da rede Estapar, precifica a\u00e7\u00f5es do IPO<\/title>\n<meta name=\"description\" content=\"A Allpark (ALPK3), dona da rede de estacionamentos Estapar, precificou seu IPO no piso da faixa indicativa. Clique aqui e saiba mais.\" \/>\n<meta name=\"robots\" content=\"index, follow, max-snippet:-1, max-image-preview:large, max-video-preview:-1\" \/>\n<link rel=\"canonical\" href=\"https:\/\/www.suno.com.br\/noticias\/allpark-alpk3-estapar-acoes-ipo\/\" \/>\n<meta property=\"og:locale\" content=\"pt_BR\" \/>\n<meta property=\"og:type\" content=\"article\" \/>\n<meta property=\"og:title\" content=\"Allpark (ALPK3), dona da rede Estapar, precifica a\u00e7\u00f5es do IPO\" \/>\n<meta property=\"og:description\" content=\"A Allpark (ALPK3), dona da rede de estacionamentos Estapar, precificou seu IPO no piso da faixa indicativa. Clique aqui e saiba mais.\" \/>\n<meta property=\"og:url\" content=\"https:\/\/www.suno.com.br\/noticias\/allpark-alpk3-estapar-acoes-ipo\/\" \/>\n<meta property=\"og:site_name\" content=\"Suno Not\u00edcias\" \/>\n<meta property=\"article:publisher\" content=\"https:\/\/facebook.com\/sunoresearch\" \/>\n<meta property=\"og:image\" content=\"https:\/\/files.sunoresearch.com.br\/n\/uploads\/2020\/03\/0ebc0489-estapar.jpg\" \/>\n\t<meta property=\"og:image:width\" content=\"959\" \/>\n\t<meta property=\"og:image:height\" content=\"640\" \/>\n\t<meta property=\"og:image:type\" content=\"image\/jpeg\" \/>\n<meta name=\"author\" content=\"Carlo Cauti\" \/>\n<meta name=\"twitter:card\" content=\"summary_large_image\" \/>\n<meta name=\"twitter:creator\" content=\"@sunoresearch\" \/>\n<meta name=\"twitter:site\" content=\"@sunoresearch\" \/>\n<meta name=\"twitter:label1\" content=\"Escrito por\" \/>\n\t<meta name=\"twitter:data1\" content=\"Carlo Cauti\" \/>\n\t<meta name=\"twitter:label2\" content=\"Est. tempo de leitura\" \/>\n\t<meta name=\"twitter:data2\" content=\"2 minutos\" \/>\n<script type=\"application\/ld+json\" class=\"yoast-schema-graph\">{\"@context\":\"https:\/\/schema.org\",\"@graph\":[{\"@type\":\"NewsArticle\",\"@id\":\"https:\/\/www.suno.com.br\/noticias\/allpark-alpk3-estapar-acoes-ipo\/#article\",\"isPartOf\":{\"@id\":\"https:\/\/www.suno.com.br\/noticias\/allpark-alpk3-estapar-acoes-ipo\/\"},\"author\":{\"name\":\"Carlo Cauti\",\"@id\":\"https:\/\/www.suno.com.br\/noticias\/#\/schema\/person\/e6e0f723cc177805027f4566c1d5e0c8\"},\"headline\":\"Allpark (ALPK3), dona da rede Estapar, precifica a\u00e7\u00f5es do IPO\",\"datePublished\":\"2020-05-14T01:48:58+00:00\",\"mainEntityOfPage\":{\"@id\":\"https:\/\/www.suno.com.br\/noticias\/allpark-alpk3-estapar-acoes-ipo\/\"},\"wordCount\":494,\"publisher\":{\"@id\":\"https:\/\/www.suno.com.br\/noticias\/#organization\"},\"image\":{\"@id\":\"https:\/\/www.suno.com.br\/noticias\/allpark-alpk3-estapar-acoes-ipo\/#primaryimage\"},\"thumbnailUrl\":\"https:\/\/files.sunoresearch.com.br\/n\/uploads\/2020\/03\/0ebc0489-estapar-jpg.webp\",\"keywords\":[\"Allpark\",\"Estapar (ALPK3)\",\"IPO (Oferta Inicial de A\u00e7\u00f5es)\"],\"articleSection\":[\"Neg\u00f3cios\"],\"inLanguage\":\"pt-BR\"},{\"@type\":\"WebPage\",\"@id\":\"https:\/\/www.suno.com.br\/noticias\/allpark-alpk3-estapar-acoes-ipo\/\",\"url\":\"https:\/\/www.suno.com.br\/noticias\/allpark-alpk3-estapar-acoes-ipo\/\",\"name\":\"Allpark (ALPK3), dona da rede Estapar, precifica a\u00e7\u00f5es do IPO\",\"isPartOf\":{\"@id\":\"https:\/\/www.suno.com.br\/noticias\/#website\"},\"primaryImageOfPage\":{\"@id\":\"https:\/\/www.suno.com.br\/noticias\/allpark-alpk3-estapar-acoes-ipo\/#primaryimage\"},\"image\":{\"@id\":\"https:\/\/www.suno.com.br\/noticias\/allpark-alpk3-estapar-acoes-ipo\/#primaryimage\"},\"thumbnailUrl\":\"https:\/\/files.sunoresearch.com.br\/n\/uploads\/2020\/03\/0ebc0489-estapar-jpg.webp\",\"datePublished\":\"2020-05-14T01:48:58+00:00\",\"description\":\"A Allpark (ALPK3), dona da rede de estacionamentos Estapar, precificou seu IPO no piso da faixa indicativa. Clique aqui e saiba mais.\",\"breadcrumb\":{\"@id\":\"https:\/\/www.suno.com.br\/noticias\/allpark-alpk3-estapar-acoes-ipo\/#breadcrumb\"},\"inLanguage\":\"pt-BR\",\"potentialAction\":[{\"@type\":\"ReadAction\",\"target\":[\"https:\/\/www.suno.com.br\/noticias\/allpark-alpk3-estapar-acoes-ipo\/\"]}]},{\"@type\":\"ImageObject\",\"inLanguage\":\"pt-BR\",\"@id\":\"https:\/\/www.suno.com.br\/noticias\/allpark-alpk3-estapar-acoes-ipo\/#primaryimage\",\"url\":\"https:\/\/files.sunoresearch.com.br\/n\/uploads\/2020\/03\/0ebc0489-estapar-jpg.webp\",\"contentUrl\":\"https:\/\/files.sunoresearch.com.br\/n\/uploads\/2020\/03\/0ebc0489-estapar-jpg.webp\",\"width\":959,\"height\":640,\"caption\":\"A Allpark (ALPK3), dona da rede de estacionamentos Estapar, precificou seu IPO no piso da faixa indicativa. Clique aqui e saiba mais.\"},{\"@type\":\"BreadcrumbList\",\"@id\":\"https:\/\/www.suno.com.br\/noticias\/allpark-alpk3-estapar-acoes-ipo\/#breadcrumb\",\"itemListElement\":[{\"@type\":\"ListItem\",\"position\":1,\"name\":\"Not\u00edcias\",\"item\":\"https:\/\/www.suno.com.br\/noticias\/\"},{\"@type\":\"ListItem\",\"position\":2,\"name\":\"Neg\u00f3cios\",\"item\":\"https:\/\/www.suno.com.br\/noticias\/negocios\/\"},{\"@type\":\"ListItem\",\"position\":3,\"name\":\"Allpark (ALPK3), dona da rede Estapar, precifica a\u00e7\u00f5es do IPO\"}]},{\"@type\":\"WebSite\",\"@id\":\"https:\/\/www.suno.com.br\/noticias\/#website\",\"url\":\"https:\/\/www.suno.com.br\/noticias\/\",\"name\":\"Suno Not\u00edcias\",\"description\":\"Seu portal de informa\u00e7\u00e3o sobre o mundo dos investimentos\",\"publisher\":{\"@id\":\"https:\/\/www.suno.com.br\/noticias\/#organization\"},\"potentialAction\":[{\"@type\":\"SearchAction\",\"target\":{\"@type\":\"EntryPoint\",\"urlTemplate\":\"https:\/\/www.suno.com.br\/noticias\/?s={search_term_string}\"},\"query-input\":{\"@type\":\"PropertyValueSpecification\",\"valueRequired\":true,\"valueName\":\"search_term_string\"}}],\"inLanguage\":\"pt-BR\"},{\"@type\":\"Organization\",\"@id\":\"https:\/\/www.suno.com.br\/noticias\/#organization\",\"name\":\"Suno Not\u00edcias\",\"url\":\"https:\/\/www.suno.com.br\/noticias\/\",\"logo\":{\"@type\":\"ImageObject\",\"inLanguage\":\"pt-BR\",\"@id\":\"https:\/\/www.suno.com.br\/noticias\/#\/schema\/logo\/image\/\",\"url\":\"https:\/\/files.sunoresearch.com.br\/n\/uploads\/2021\/09\/suno-logo.png\",\"contentUrl\":\"https:\/\/files.sunoresearch.com.br\/n\/uploads\/2021\/09\/suno-logo.png\",\"width\":180,\"height\":180,\"caption\":\"Suno Not\u00edcias\"},\"image\":{\"@id\":\"https:\/\/www.suno.com.br\/noticias\/#\/schema\/logo\/image\/\"},\"sameAs\":[\"https:\/\/facebook.com\/sunoresearch\",\"https:\/\/x.com\/sunoresearch\",\"https:\/\/www.instagram.com\/suno\",\"https:\/\/www.linkedin.com\/company\/suno-research\/\",\"https:\/\/www.youtube.com\/c\/sunoresearch\"]},{\"@type\":\"Person\",\"@id\":\"https:\/\/www.suno.com.br\/noticias\/#\/schema\/person\/e6e0f723cc177805027f4566c1d5e0c8\",\"name\":\"Carlo Cauti\",\"image\":{\"@type\":\"ImageObject\",\"inLanguage\":\"pt-BR\",\"@id\":\"https:\/\/www.suno.com.br\/noticias\/#\/schema\/person\/image\/\",\"url\":\"https:\/\/secure.gravatar.com\/avatar\/3ada9e0bd164c23abd4792a9606d583c?s=96&r=g\",\"contentUrl\":\"https:\/\/secure.gravatar.com\/avatar\/3ada9e0bd164c23abd4792a9606d583c?s=96&r=g\",\"caption\":\"Carlo Cauti\"},\"description\":\"Editor multim\u00eddia do SUNO Not\u00edcias. Italiano, formado em Ci\u00eancias Pol\u00edticas pela universidade LUISS G. Carli de Roma e mestre cum laude em Rela\u00e7\u00f5es Internacionais, Jornalismo Internacional e de Guerra e em Economia Internacional. Concluiu tamb\u00e9m um MBA em Finan\u00e7as na B3. No Brasil, teve passagem por ve\u00edculos como Estad\u00e3o, Globo, Veja e EXAME. e nas ag\u00eancias de not\u00edcias italianas ANSA e NOVA.\",\"url\":\"https:\/\/www.suno.com.br\/noticias\/author\/carlo-cauti\/\"}]}<\/script>\n<!-- \/ Yoast SEO plugin. -->","yoast_head_json":{"title":"Allpark (ALPK3), dona da rede Estapar, precifica a\u00e7\u00f5es do IPO","description":"A Allpark (ALPK3), dona da rede de estacionamentos Estapar, precificou seu IPO no piso da faixa indicativa. Clique aqui e saiba mais.","robots":{"index":"index","follow":"follow","max-snippet":"max-snippet:-1","max-image-preview":"max-image-preview:large","max-video-preview":"max-video-preview:-1"},"canonical":"https:\/\/www.suno.com.br\/noticias\/allpark-alpk3-estapar-acoes-ipo\/","og_locale":"pt_BR","og_type":"article","og_title":"Allpark (ALPK3), dona da rede Estapar, precifica a\u00e7\u00f5es do IPO","og_description":"A Allpark (ALPK3), dona da rede de estacionamentos Estapar, precificou seu IPO no piso da faixa indicativa. Clique aqui e saiba mais.","og_url":"https:\/\/www.suno.com.br\/noticias\/allpark-alpk3-estapar-acoes-ipo\/","og_site_name":"Suno Not\u00edcias","article_publisher":"https:\/\/facebook.com\/sunoresearch","og_image":[{"width":959,"height":640,"url":"https:\/\/files.sunoresearch.com.br\/n\/uploads\/2020\/03\/0ebc0489-estapar.jpg","type":"image\/jpeg"}],"author":"Carlo Cauti","twitter_card":"summary_large_image","twitter_creator":"@sunoresearch","twitter_site":"@sunoresearch","twitter_misc":{"Escrito por":"Carlo Cauti","Est. tempo de leitura":"2 minutos"},"schema":{"@context":"https:\/\/schema.org","@graph":[{"@type":"NewsArticle","@id":"https:\/\/www.suno.com.br\/noticias\/allpark-alpk3-estapar-acoes-ipo\/#article","isPartOf":{"@id":"https:\/\/www.suno.com.br\/noticias\/allpark-alpk3-estapar-acoes-ipo\/"},"author":{"name":"Carlo Cauti","@id":"https:\/\/www.suno.com.br\/noticias\/#\/schema\/person\/e6e0f723cc177805027f4566c1d5e0c8"},"headline":"Allpark (ALPK3), dona da rede Estapar, precifica a\u00e7\u00f5es do IPO","datePublished":"2020-05-14T01:48:58+00:00","mainEntityOfPage":{"@id":"https:\/\/www.suno.com.br\/noticias\/allpark-alpk3-estapar-acoes-ipo\/"},"wordCount":494,"publisher":{"@id":"https:\/\/www.suno.com.br\/noticias\/#organization"},"image":{"@id":"https:\/\/www.suno.com.br\/noticias\/allpark-alpk3-estapar-acoes-ipo\/#primaryimage"},"thumbnailUrl":"https:\/\/files.sunoresearch.com.br\/n\/uploads\/2020\/03\/0ebc0489-estapar-jpg.webp","keywords":["Allpark","Estapar (ALPK3)","IPO (Oferta Inicial de A\u00e7\u00f5es)"],"articleSection":["Neg\u00f3cios"],"inLanguage":"pt-BR"},{"@type":"WebPage","@id":"https:\/\/www.suno.com.br\/noticias\/allpark-alpk3-estapar-acoes-ipo\/","url":"https:\/\/www.suno.com.br\/noticias\/allpark-alpk3-estapar-acoes-ipo\/","name":"Allpark (ALPK3), dona da rede Estapar, precifica a\u00e7\u00f5es do IPO","isPartOf":{"@id":"https:\/\/www.suno.com.br\/noticias\/#website"},"primaryImageOfPage":{"@id":"https:\/\/www.suno.com.br\/noticias\/allpark-alpk3-estapar-acoes-ipo\/#primaryimage"},"image":{"@id":"https:\/\/www.suno.com.br\/noticias\/allpark-alpk3-estapar-acoes-ipo\/#primaryimage"},"thumbnailUrl":"https:\/\/files.sunoresearch.com.br\/n\/uploads\/2020\/03\/0ebc0489-estapar-jpg.webp","datePublished":"2020-05-14T01:48:58+00:00","description":"A Allpark (ALPK3), dona da rede de estacionamentos Estapar, precificou seu IPO no piso da faixa indicativa. Clique aqui e saiba mais.","breadcrumb":{"@id":"https:\/\/www.suno.com.br\/noticias\/allpark-alpk3-estapar-acoes-ipo\/#breadcrumb"},"inLanguage":"pt-BR","potentialAction":[{"@type":"ReadAction","target":["https:\/\/www.suno.com.br\/noticias\/allpark-alpk3-estapar-acoes-ipo\/"]}]},{"@type":"ImageObject","inLanguage":"pt-BR","@id":"https:\/\/www.suno.com.br\/noticias\/allpark-alpk3-estapar-acoes-ipo\/#primaryimage","url":"https:\/\/files.sunoresearch.com.br\/n\/uploads\/2020\/03\/0ebc0489-estapar-jpg.webp","contentUrl":"https:\/\/files.sunoresearch.com.br\/n\/uploads\/2020\/03\/0ebc0489-estapar-jpg.webp","width":959,"height":640,"caption":"A Allpark (ALPK3), dona da rede de estacionamentos Estapar, precificou seu IPO no piso da faixa indicativa. Clique aqui e saiba mais."},{"@type":"BreadcrumbList","@id":"https:\/\/www.suno.com.br\/noticias\/allpark-alpk3-estapar-acoes-ipo\/#breadcrumb","itemListElement":[{"@type":"ListItem","position":1,"name":"Not\u00edcias","item":"https:\/\/www.suno.com.br\/noticias\/"},{"@type":"ListItem","position":2,"name":"Neg\u00f3cios","item":"https:\/\/www.suno.com.br\/noticias\/negocios\/"},{"@type":"ListItem","position":3,"name":"Allpark (ALPK3), dona da rede Estapar, precifica a\u00e7\u00f5es do IPO"}]},{"@type":"WebSite","@id":"https:\/\/www.suno.com.br\/noticias\/#website","url":"https:\/\/www.suno.com.br\/noticias\/","name":"Suno Not\u00edcias","description":"Seu portal de informa\u00e7\u00e3o sobre o mundo dos investimentos","publisher":{"@id":"https:\/\/www.suno.com.br\/noticias\/#organization"},"potentialAction":[{"@type":"SearchAction","target":{"@type":"EntryPoint","urlTemplate":"https:\/\/www.suno.com.br\/noticias\/?s={search_term_string}"},"query-input":{"@type":"PropertyValueSpecification","valueRequired":true,"valueName":"search_term_string"}}],"inLanguage":"pt-BR"},{"@type":"Organization","@id":"https:\/\/www.suno.com.br\/noticias\/#organization","name":"Suno Not\u00edcias","url":"https:\/\/www.suno.com.br\/noticias\/","logo":{"@type":"ImageObject","inLanguage":"pt-BR","@id":"https:\/\/www.suno.com.br\/noticias\/#\/schema\/logo\/image\/","url":"https:\/\/files.sunoresearch.com.br\/n\/uploads\/2021\/09\/suno-logo.png","contentUrl":"https:\/\/files.sunoresearch.com.br\/n\/uploads\/2021\/09\/suno-logo.png","width":180,"height":180,"caption":"Suno Not\u00edcias"},"image":{"@id":"https:\/\/www.suno.com.br\/noticias\/#\/schema\/logo\/image\/"},"sameAs":["https:\/\/facebook.com\/sunoresearch","https:\/\/x.com\/sunoresearch","https:\/\/www.instagram.com\/suno","https:\/\/www.linkedin.com\/company\/suno-research\/","https:\/\/www.youtube.com\/c\/sunoresearch"]},{"@type":"Person","@id":"https:\/\/www.suno.com.br\/noticias\/#\/schema\/person\/e6e0f723cc177805027f4566c1d5e0c8","name":"Carlo Cauti","image":{"@type":"ImageObject","inLanguage":"pt-BR","@id":"https:\/\/www.suno.com.br\/noticias\/#\/schema\/person\/image\/","url":"https:\/\/secure.gravatar.com\/avatar\/3ada9e0bd164c23abd4792a9606d583c?s=96&r=g","contentUrl":"https:\/\/secure.gravatar.com\/avatar\/3ada9e0bd164c23abd4792a9606d583c?s=96&r=g","caption":"Carlo Cauti"},"description":"Editor multim\u00eddia do SUNO Not\u00edcias. Italiano, formado em Ci\u00eancias Pol\u00edticas pela universidade LUISS G. Carli de Roma e mestre cum laude em Rela\u00e7\u00f5es Internacionais, Jornalismo Internacional e de Guerra e em Economia Internacional. Concluiu tamb\u00e9m um MBA em Finan\u00e7as na B3. No Brasil, teve passagem por ve\u00edculos como Estad\u00e3o, Globo, Veja e EXAME. e nas ag\u00eancias de not\u00edcias italianas ANSA e NOVA.","url":"https:\/\/www.suno.com.br\/noticias\/author\/carlo-cauti\/"}]}},"default_loop_html":"<div class=\"cardsPage__listCard__boxs\"><div class=\"cardsPage__listCard__boxs__img\"><a href=\"https:\/\/www.suno.com.br\/noticias\/allpark-alpk3-estapar-acoes-ipo\/\"><img class=\"mask\" src=\"https:\/\/www.suno.com.br\/noticias\/wp-content\/themes\/suno\/resources\/images\/spotlight\/spotlight1img\/bg-mask.png\" alt=\"Image Mask\"\/><img src=\"https:\/\/files.sunoresearch.com.br\/n\/uploads\/2020\/03\/0ebc0489-estapar-400x200.webp\" alt=\"Allpark (ALPK3), dona da rede Estapar, precifica a\u00e7\u00f5es do IPO\"\/><\/a><span class=\"spotlightCategory\"><a href=\"https:\/\/www.suno.com.br\/noticias\/negocios\/\">Neg\u00f3cios<\/a><\/span><\/div><div class=\"cardsPage__listCard__boxs__content\"><a href=\"https:\/\/www.suno.com.br\/noticias\/allpark-alpk3-estapar-acoes-ipo\/\"><h2 class=\"content__title\">Allpark (ALPK3), dona da rede Estapar, precifica a\u00e7\u00f5es do IPO<\/h2><\/a><div class=\"newsContent__article__meta\"><div class=\"newsContent__article__meta__authorBox\"><a href=\"https:\/\/www.suno.com.br\/noticias\/author\/carlo-cauti\/\" class=\"authorBox__avatar noMobi\"><img src=\"https:\/\/files.sunoresearch.com.br\/n\/uploads\/2020\/08\/e3745f9a-perfil-carlo-cauti-150x150.webp\" alt=\"Carlo Cauti\"><\/a><div class=\"authorBox__name\"><span>por\n\t\t\t<a href=\"https:\/\/www.suno.com.br\/noticias\/author\/carlo-cauti\/\"><span itemprop=\"author\">Carlo Cauti<\/span><\/a><\/span><time datetime=\"2020-05-13T22:48:58-03:00\" itemprop=\"datePublished\">13\/05\/2020 22:48<\/time><\/div><\/div><\/div><\/div><\/div>","single_layout":"posts","amp_enabled":true,"_links":{"self":[{"href":"https:\/\/www.suno.com.br\/noticias\/wp-json\/wp\/v2\/posts\/64698"}],"collection":[{"href":"https:\/\/www.suno.com.br\/noticias\/wp-json\/wp\/v2\/posts"}],"about":[{"href":"https:\/\/www.suno.com.br\/noticias\/wp-json\/wp\/v2\/types\/post"}],"author":[{"embeddable":true,"href":"https:\/\/www.suno.com.br\/noticias\/wp-json\/wp\/v2\/users\/9"}],"replies":[{"embeddable":true,"href":"https:\/\/www.suno.com.br\/noticias\/wp-json\/wp\/v2\/comments?post=64698"}],"version-history":[{"count":0,"href":"https:\/\/www.suno.com.br\/noticias\/wp-json\/wp\/v2\/posts\/64698\/revisions"}],"wp:featuredmedia":[{"embeddable":true,"href":"https:\/\/www.suno.com.br\/noticias\/wp-json\/wp\/v2\/media\/55372"}],"wp:attachment":[{"href":"https:\/\/www.suno.com.br\/noticias\/wp-json\/wp\/v2\/media?parent=64698"}],"wp:term":[{"taxonomy":"category","embeddable":true,"href":"https:\/\/www.suno.com.br\/noticias\/wp-json\/wp\/v2\/categories?post=64698"},{"taxonomy":"post_tag","embeddable":true,"href":"https:\/\/www.suno.com.br\/noticias\/wp-json\/wp\/v2\/tags?post=64698"},{"taxonomy":"suno_strategy","embeddable":true,"href":"https:\/\/www.suno.com.br\/noticias\/wp-json\/wp\/v2\/suno_strategy?post=64698"}],"curies":[{"name":"wp","href":"https:\/\/api.w.org\/{rel}","templated":true}]}}