{"id":64657,"date":"2020-05-13T17:35:35","date_gmt":"2020-05-13T20:35:35","guid":{"rendered":"https:\/\/www.suno.com.br\/noticias\/?p=64657"},"modified":"2021-02-17T22:54:40","modified_gmt":"2021-02-18T01:54:40","slug":"dolar-fechamneto-recorde-13052020","status":"publish","type":"post","link":"https:\/\/www.suno.com.br\/noticias\/dolar-fechamneto-recorde-13052020\/","title":{"rendered":"D\u00f3lar sobe pela 3\u00aa vez seguida e renova recorde nominal cotado a R$ 5,90"},"content":{"rendered":"<p>O <strong>d\u00f3lar<\/strong> encerrou as negocia\u00e7\u00f5es desta quarta-feira (13) em nova m\u00e1xima hist\u00f3rica de cota\u00e7\u00e3o com terceira alta consecutiva, de 0,605%, atingindo R$ <span class=\"chart-info-val ng-binding\">5,9012<\/span> na venda.<\/p>\t<div class=\"wrapper-featured-image\">\n\t\t<figure class=\"spotlightImg\">\n\n\t\t\t<picture>\n\t\t\t\t<source media=\"(max-width: 768px)\" srcset=\"https:\/\/files.sunoresearch.com.br\/n\/uploads\/2019\/03\/de905e16-d\u00f3lar-400x200.webp\">\n\t\t\t\t<img loading=\"lazy\" decoding=\"async\" class=\"newsContent__article__imgCapa lazyloadDisabled newsContent__article__imgCapa--noCaption\" src=\"https:\/\/files.sunoresearch.com.br\/n\/uploads\/2019\/03\/de905e16-d\u00f3lar-800x450.webp\" width=\"800\" height=\"450\" alt=\"D\u00f3lar sobe pela 3\u00aa vez seguida e renova recorde nominal cotado a R$ 5,90\" fetchpriority=high \/>\n\t\t\t<\/picture>\n\n\t\t\t<figcaption class=\"wp-caption-text wp-caption-text--hide\">O d\u00f3lar hoje teve um dia de forte volatilidade, respercutindo a vit\u00f3ria de Biden e as not\u00edcias sobre a vacina da Pfizer<\/figcaption>\n\t\t<\/figure>\n\t<\/div>\n\n\n\n<p>Os investidores mostraram preocupa\u00e7\u00e3o com o discurso do presidente do <a href=\"https:\/\/www.suno.com.br\/artigos\/fed\/\">Federal Reserve (Fed)<\/a>, <a href=\"https:\/\/www.suno.com.br\/tudo-sobre\/jerome-powell\/\">Jerome Powell<\/a>, sobre a recess\u00e3o econ\u00f4mica nos Estados Unidos. A moeda americana ainda foi impulsionada pelas tens\u00f5es internas com o temores acerca do v\u00eddeo da reuni\u00e3o ministerial do presidente da Rep\u00fablica, Jair Bolsonaro.<\/p>\n<p><a href=\"https:\/\/lp.suno.com.br\/suno-one\/\">Veja tamb\u00e9m: Na Suno One voc\u00ea aprende como fazer o seu dinheiro para trabalhar para voc\u00ea. Cadastre-se agora!<\/a><\/p>\n<p>Confira as not\u00edcias que mexeram com o mercado de c\u00e2mbio brasileiro nesta quarta-feira:<\/p>\n<ul>\n<li>Fed defende aumento dos gastos para combate da crise<\/li>\n<li>PIB do Reino Unido recua 5,8% em mar\u00e7o por causa do coronav\u00edrus<\/li>\n<li>Opep reduz proje\u00e7\u00e3o de demanda global por petr\u00f3leo em 2020<\/li>\n<\/ul>\n<h2>Fed defende aumento dos gastos<\/h2>\n<p>O presidente do Federal Reserve <strong>(Fed)<\/strong><strong>,<\/strong> Jerome Powell, fez um apelo ao governo dos Estados Unidos para que gastem mais recursos para enfrentar a recess\u00e3o econ\u00f4mica.<\/p>\n<p>\u201cPode levar apenas mais alguns meses do que gostar\u00edamos para que a economia se recupere\u201d das medidas de isolamento social para conter a dissemina\u00e7\u00e3o do novo coronav\u00edrus, que paralisaram as empresas, afirmou o chairman do Banco Central norte-americano, em sess\u00e3o online no Peterson Institute.<\/p>\n<p><a href=\"https:\/\/www.suno.com.br\/noticias\/fed-pede-eua-gastar-mais\/\">Saiba mais: Fed defende aumento dos gastos para combate da crise<\/a><\/p>\n<p>\u201cO apoio fiscal adicional pode ser caro, mas vale a pena se ajudar a evitar danos econ\u00f4micos a longo prazo e nos deixar com uma recupera\u00e7\u00e3o mais forte\u201d, defendeu o presidente do Fed.<\/p>\n<h2>PIB do Reino Unido recua 5,8% em mar\u00e7o<\/h2>\n<p>O <a href=\"https:\/\/www.suno.com.br\/artigos\/pib-produto-interno-bruto\/\">Produto Interno Bruto (PIB)<\/a> do<strong> Reino Unido<\/strong> registrou recuo de 5,8% em mar\u00e7o deste ano. No per\u00edodo entre janeiro e mar\u00e7o, o PIB brit\u00e2nico retraiu 2%, em compara\u00e7\u00e3o com o \u00faltimo trimestre de 2019. Trata-se da maior retra\u00e7\u00e3o desde o quarto trimestre de 2008, afirmou o ONS.<\/p>\n<p><a href=\"https:\/\/www.suno.com.br\/noticias\/pib-do-reino-unido-recua-58-em-marco-por-causa-do-coronavirus\/\">Saiba mais: PIB do Reino Unido recua 5,8% em mar\u00e7o por causa do coronav\u00edrus<\/a><\/p>\n<p>&#8220;Temos que defender os empregos das pessoas, suas rendas, sua subsist\u00eancia nesse momento, e apoiar empresas para que possamos passar por esse per\u00edodo de forte disrup\u00e7\u00e3o e sair mais forte do outro lado&#8221;, disse o ministro das Finan\u00e7as, Rishi Sunak.<\/p>\n<h2>Opep reduz proje\u00e7\u00e3o de demanda por petr\u00f3leo<\/h2>\n<p>A <a href=\"https:\/\/www.suno.com.br\/artigos\/opep\/\">Organiza\u00e7\u00e3o dos Pa\u00edses Exportadores de Petr\u00f3leo (<strong>Opep<\/strong>)<\/a> cortou novamente sua proje\u00e7\u00e3o para demanda global do petr\u00f3leo em 2020. Segundo o cartel internacional, a queda \u00e9 devido a alta demanda, baixos pre\u00e7os do petr\u00f3leo, excesso de fornecimento e capacidade limitada de armazenamento.<\/p>\n<p><a href=\"https:\/\/www.suno.com.br\/noticias\/opep-reduz-projecao-de-demanda-global-por-petroleo-em-2020\/\">Saiba mais: Opep reduz proje\u00e7\u00e3o de demanda global por petr\u00f3leo em 2020<\/a><\/p>\n<p>A Opep estimou que a demanda global caia em 9,07 milh\u00f5es de barris por dia (bpd). Para os pa\u00edses que n\u00e3o fazem parte da organiza\u00e7\u00e3o o corte do petr\u00f3leo ser\u00e1 em quase 2 milh\u00f5es bpd, em compara\u00e7\u00e3o com a proje\u00e7\u00e3o do m\u00eas passado, e agora est\u00e1 previsto uma queda de 3,5 milh\u00f5es de bpd.<\/p>\n<h2>\u00daltima cota\u00e7\u00e3o do d\u00f3lar<\/h2>\n<p>Na sess\u00e3o da \u00faltima ter\u00e7a-feira, o <strong>d\u00f3lar<\/strong> encerrou o preg\u00e3o cotado a R$ 5,8657 na venda, ap\u00f3s uma varia\u00e7\u00e3o positiva de 0,713%.<\/p>\n\n","protected":false},"excerpt":{"rendered":"<p>O d\u00f3lar encerrou as negocia\u00e7\u00f5es desta quarta-feira (13) em nova m\u00e1xima hist\u00f3rica de cota\u00e7\u00e3o com terceira alta consecutiva, de 0,605%, atingindo R$ 5,9012 na venda. O d\u00f3lar hoje teve um dia de forte volatilidade, respercutindo a vit\u00f3ria de Biden e as not\u00edcias sobre a vacina da Pfizer Os investidores mostraram preocupa\u00e7\u00e3o com o discurso do [&hellip;]<\/p>\n","protected":false},"author":35,"featured_media":19509,"comment_status":"closed","ping_status":"closed","sticky":false,"template":"","format":"standard","meta":[],"categories":[60],"tags":[326,776,811,730],"suno_strategy":[],"class_list":["post-64657","post","type-post","status-publish","format-standard","has-post-thumbnail","hentry","category-mercado","tag-dolar","tag-federal-reseve-fed","tag-opep","tag-reino-unido"],"yoast_head":"<!-- This site is optimized with the Yoast SEO plugin v24.4 - https:\/\/yoast.com\/wordpress\/plugins\/seo\/ -->\n<title>D\u00f3lar sobe pela 3\u00aa vez seguida e renova recorde nominal cotado a R$ 5,90<\/title>\n<meta name=\"description\" content=\"O d\u00f3lar encerrou em nova m\u00e1xima hist\u00f3rica com terceira alta consecutiva, de 0,605%, cotado a R$ 5,9012 na venda. Clique para saber mais\" \/>\n<meta name=\"robots\" content=\"index, follow, max-snippet:-1, max-image-preview:large, max-video-preview:-1\" \/>\n<link rel=\"canonical\" href=\"https:\/\/www.suno.com.br\/noticias\/dolar-fechamneto-recorde-13052020\/\" \/>\n<meta property=\"og:locale\" content=\"pt_BR\" \/>\n<meta property=\"og:type\" content=\"article\" \/>\n<meta property=\"og:title\" content=\"D\u00f3lar sobe pela 3\u00aa vez seguida e renova recorde nominal cotado a R$ 5,90\" \/>\n<meta property=\"og:description\" content=\"O d\u00f3lar encerrou em nova m\u00e1xima hist\u00f3rica com terceira alta consecutiva, de 0,605%, cotado a R$ 5,9012 na venda. Clique para saber mais\" \/>\n<meta property=\"og:url\" content=\"https:\/\/www.suno.com.br\/noticias\/dolar-fechamneto-recorde-13052020\/\" \/>\n<meta property=\"og:site_name\" content=\"Suno Not\u00edcias\" \/>\n<meta property=\"article:publisher\" content=\"https:\/\/facebook.com\/sunoresearch\" \/>\n<meta property=\"og:image\" content=\"https:\/\/files.sunoresearch.com.br\/n\/uploads\/2019\/03\/de905e16-d\u00f3lar.jpg\" \/>\n\t<meta property=\"og:image:width\" content=\"960\" \/>\n\t<meta property=\"og:image:height\" content=\"617\" \/>\n\t<meta property=\"og:image:type\" content=\"image\/jpeg\" \/>\n<meta name=\"author\" content=\"Arthur Guimar\u00e3es\" \/>\n<meta name=\"twitter:card\" content=\"summary_large_image\" \/>\n<meta name=\"twitter:creator\" content=\"@sunoresearch\" \/>\n<meta name=\"twitter:site\" content=\"@sunoresearch\" \/>\n<meta name=\"twitter:label1\" content=\"Escrito por\" \/>\n\t<meta name=\"twitter:data1\" content=\"Arthur Guimar\u00e3es\" \/>\n\t<meta name=\"twitter:label2\" content=\"Est. tempo de leitura\" \/>\n\t<meta name=\"twitter:data2\" content=\"3 minutos\" \/>\n<script type=\"application\/ld+json\" class=\"yoast-schema-graph\">{\"@context\":\"https:\/\/schema.org\",\"@graph\":[{\"@type\":\"NewsArticle\",\"@id\":\"https:\/\/www.suno.com.br\/noticias\/dolar-fechamneto-recorde-13052020\/#article\",\"isPartOf\":{\"@id\":\"https:\/\/www.suno.com.br\/noticias\/dolar-fechamneto-recorde-13052020\/\"},\"author\":{\"name\":\"Arthur Guimar\u00e3es\",\"@id\":\"https:\/\/www.suno.com.br\/noticias\/#\/schema\/person\/053a750a709a263919a20f976caae91c\"},\"headline\":\"D\u00f3lar sobe pela 3\u00aa vez seguida e renova recorde nominal cotado a R$ 5,90\",\"datePublished\":\"2020-05-13T20:35:35+00:00\",\"dateModified\":\"2021-02-18T01:54:40+00:00\",\"mainEntityOfPage\":{\"@id\":\"https:\/\/www.suno.com.br\/noticias\/dolar-fechamneto-recorde-13052020\/\"},\"wordCount\":574,\"publisher\":{\"@id\":\"https:\/\/www.suno.com.br\/noticias\/#organization\"},\"image\":{\"@id\":\"https:\/\/www.suno.com.br\/noticias\/dolar-fechamneto-recorde-13052020\/#primaryimage\"},\"thumbnailUrl\":\"https:\/\/files.sunoresearch.com.br\/n\/uploads\/2019\/03\/de905e16-d\u00f3lar-jpg.webp\",\"keywords\":[\"d\u00f3lar\",\"Federal Reserve (FED)\",\"OPEP\",\"Reino Unido\"],\"articleSection\":[\"Mercado\"],\"inLanguage\":\"pt-BR\"},{\"@type\":\"WebPage\",\"@id\":\"https:\/\/www.suno.com.br\/noticias\/dolar-fechamneto-recorde-13052020\/\",\"url\":\"https:\/\/www.suno.com.br\/noticias\/dolar-fechamneto-recorde-13052020\/\",\"name\":\"D\u00f3lar sobe pela 3\u00aa vez seguida e renova recorde nominal cotado a R$ 5,90\",\"isPartOf\":{\"@id\":\"https:\/\/www.suno.com.br\/noticias\/#website\"},\"primaryImageOfPage\":{\"@id\":\"https:\/\/www.suno.com.br\/noticias\/dolar-fechamneto-recorde-13052020\/#primaryimage\"},\"image\":{\"@id\":\"https:\/\/www.suno.com.br\/noticias\/dolar-fechamneto-recorde-13052020\/#primaryimage\"},\"thumbnailUrl\":\"https:\/\/files.sunoresearch.com.br\/n\/uploads\/2019\/03\/de905e16-d\u00f3lar-jpg.webp\",\"datePublished\":\"2020-05-13T20:35:35+00:00\",\"dateModified\":\"2021-02-18T01:54:40+00:00\",\"description\":\"O d\u00f3lar encerrou em nova m\u00e1xima hist\u00f3rica com terceira alta consecutiva, de 0,605%, cotado a R$ 5,9012 na venda. Clique para saber mais\",\"breadcrumb\":{\"@id\":\"https:\/\/www.suno.com.br\/noticias\/dolar-fechamneto-recorde-13052020\/#breadcrumb\"},\"inLanguage\":\"pt-BR\",\"potentialAction\":[{\"@type\":\"ReadAction\",\"target\":[\"https:\/\/www.suno.com.br\/noticias\/dolar-fechamneto-recorde-13052020\/\"]}]},{\"@type\":\"ImageObject\",\"inLanguage\":\"pt-BR\",\"@id\":\"https:\/\/www.suno.com.br\/noticias\/dolar-fechamneto-recorde-13052020\/#primaryimage\",\"url\":\"https:\/\/files.sunoresearch.com.br\/n\/uploads\/2019\/03\/de905e16-d\u00f3lar-jpg.webp\",\"contentUrl\":\"https:\/\/files.sunoresearch.com.br\/n\/uploads\/2019\/03\/de905e16-d\u00f3lar-jpg.webp\",\"width\":960,\"height\":617,\"caption\":\"O d\u00f3lar hoje teve um dia de forte volatilidade, respercutindo a vit\u00f3ria de Biden e as not\u00edcias sobre a vacina da Pfizer\"},{\"@type\":\"BreadcrumbList\",\"@id\":\"https:\/\/www.suno.com.br\/noticias\/dolar-fechamneto-recorde-13052020\/#breadcrumb\",\"itemListElement\":[{\"@type\":\"ListItem\",\"position\":1,\"name\":\"Not\u00edcias\",\"item\":\"https:\/\/www.suno.com.br\/noticias\/\"},{\"@type\":\"ListItem\",\"position\":2,\"name\":\"Mercado\",\"item\":\"https:\/\/www.suno.com.br\/noticias\/mercado\/\"},{\"@type\":\"ListItem\",\"position\":3,\"name\":\"D\u00f3lar sobe pela 3\u00aa vez seguida e renova recorde nominal cotado a R$ 5,90\"}]},{\"@type\":\"WebSite\",\"@id\":\"https:\/\/www.suno.com.br\/noticias\/#website\",\"url\":\"https:\/\/www.suno.com.br\/noticias\/\",\"name\":\"Suno Not\u00edcias\",\"description\":\"Seu portal de informa\u00e7\u00e3o sobre o mundo dos investimentos\",\"publisher\":{\"@id\":\"https:\/\/www.suno.com.br\/noticias\/#organization\"},\"potentialAction\":[{\"@type\":\"SearchAction\",\"target\":{\"@type\":\"EntryPoint\",\"urlTemplate\":\"https:\/\/www.suno.com.br\/noticias\/?s={search_term_string}\"},\"query-input\":{\"@type\":\"PropertyValueSpecification\",\"valueRequired\":true,\"valueName\":\"search_term_string\"}}],\"inLanguage\":\"pt-BR\"},{\"@type\":\"Organization\",\"@id\":\"https:\/\/www.suno.com.br\/noticias\/#organization\",\"name\":\"Suno Not\u00edcias\",\"url\":\"https:\/\/www.suno.com.br\/noticias\/\",\"logo\":{\"@type\":\"ImageObject\",\"inLanguage\":\"pt-BR\",\"@id\":\"https:\/\/www.suno.com.br\/noticias\/#\/schema\/logo\/image\/\",\"url\":\"https:\/\/files.sunoresearch.com.br\/n\/uploads\/2021\/09\/suno-logo.png\",\"contentUrl\":\"https:\/\/files.sunoresearch.com.br\/n\/uploads\/2021\/09\/suno-logo.png\",\"width\":180,\"height\":180,\"caption\":\"Suno Not\u00edcias\"},\"image\":{\"@id\":\"https:\/\/www.suno.com.br\/noticias\/#\/schema\/logo\/image\/\"},\"sameAs\":[\"https:\/\/facebook.com\/sunoresearch\",\"https:\/\/x.com\/sunoresearch\",\"https:\/\/www.instagram.com\/suno\",\"https:\/\/www.linkedin.com\/company\/suno-research\/\",\"https:\/\/www.youtube.com\/c\/sunoresearch\"]},{\"@type\":\"Person\",\"@id\":\"https:\/\/www.suno.com.br\/noticias\/#\/schema\/person\/053a750a709a263919a20f976caae91c\",\"name\":\"Arthur Guimar\u00e3es\",\"image\":{\"@type\":\"ImageObject\",\"inLanguage\":\"pt-BR\",\"@id\":\"https:\/\/www.suno.com.br\/noticias\/#\/schema\/person\/image\/\",\"url\":\"https:\/\/secure.gravatar.com\/avatar\/1affd86a11209ae09eb6dd3bcad3e96c?s=96&r=g\",\"contentUrl\":\"https:\/\/secure.gravatar.com\/avatar\/1affd86a11209ae09eb6dd3bcad3e96c?s=96&r=g\",\"caption\":\"Arthur Guimar\u00e3es\"},\"description\":\"Arthur Guimar\u00e3es escreve sobre pol\u00edtica, economia e neg\u00f3cios para o portal de not\u00edcias da Suno Research. Atualmente, \u00e9 estudante de jornalismo pela Faculdade C\u00e1sper L\u00edbero.\",\"url\":\"https:\/\/www.suno.com.br\/noticias\/author\/arthur-guimaraes\/\"}]}<\/script>\n<!-- \/ Yoast SEO plugin. -->","yoast_head_json":{"title":"D\u00f3lar sobe pela 3\u00aa vez seguida e renova recorde nominal cotado a R$ 5,90","description":"O d\u00f3lar encerrou em nova m\u00e1xima hist\u00f3rica com terceira alta consecutiva, de 0,605%, cotado a R$ 5,9012 na venda. Clique para saber mais","robots":{"index":"index","follow":"follow","max-snippet":"max-snippet:-1","max-image-preview":"max-image-preview:large","max-video-preview":"max-video-preview:-1"},"canonical":"https:\/\/www.suno.com.br\/noticias\/dolar-fechamneto-recorde-13052020\/","og_locale":"pt_BR","og_type":"article","og_title":"D\u00f3lar sobe pela 3\u00aa vez seguida e renova recorde nominal cotado a R$ 5,90","og_description":"O d\u00f3lar encerrou em nova m\u00e1xima hist\u00f3rica com terceira alta consecutiva, de 0,605%, cotado a R$ 5,9012 na venda. Clique para saber mais","og_url":"https:\/\/www.suno.com.br\/noticias\/dolar-fechamneto-recorde-13052020\/","og_site_name":"Suno Not\u00edcias","article_publisher":"https:\/\/facebook.com\/sunoresearch","og_image":[{"width":960,"height":617,"url":"https:\/\/files.sunoresearch.com.br\/n\/uploads\/2019\/03\/de905e16-d\u00f3lar.jpg","type":"image\/jpeg"}],"author":"Arthur Guimar\u00e3es","twitter_card":"summary_large_image","twitter_creator":"@sunoresearch","twitter_site":"@sunoresearch","twitter_misc":{"Escrito por":"Arthur Guimar\u00e3es","Est. tempo de leitura":"3 minutos"},"schema":{"@context":"https:\/\/schema.org","@graph":[{"@type":"NewsArticle","@id":"https:\/\/www.suno.com.br\/noticias\/dolar-fechamneto-recorde-13052020\/#article","isPartOf":{"@id":"https:\/\/www.suno.com.br\/noticias\/dolar-fechamneto-recorde-13052020\/"},"author":{"name":"Arthur Guimar\u00e3es","@id":"https:\/\/www.suno.com.br\/noticias\/#\/schema\/person\/053a750a709a263919a20f976caae91c"},"headline":"D\u00f3lar sobe pela 3\u00aa vez seguida e renova recorde nominal cotado a R$ 5,90","datePublished":"2020-05-13T20:35:35+00:00","dateModified":"2021-02-18T01:54:40+00:00","mainEntityOfPage":{"@id":"https:\/\/www.suno.com.br\/noticias\/dolar-fechamneto-recorde-13052020\/"},"wordCount":574,"publisher":{"@id":"https:\/\/www.suno.com.br\/noticias\/#organization"},"image":{"@id":"https:\/\/www.suno.com.br\/noticias\/dolar-fechamneto-recorde-13052020\/#primaryimage"},"thumbnailUrl":"https:\/\/files.sunoresearch.com.br\/n\/uploads\/2019\/03\/de905e16-d\u00f3lar-jpg.webp","keywords":["d\u00f3lar","Federal Reserve (FED)","OPEP","Reino Unido"],"articleSection":["Mercado"],"inLanguage":"pt-BR"},{"@type":"WebPage","@id":"https:\/\/www.suno.com.br\/noticias\/dolar-fechamneto-recorde-13052020\/","url":"https:\/\/www.suno.com.br\/noticias\/dolar-fechamneto-recorde-13052020\/","name":"D\u00f3lar sobe pela 3\u00aa vez seguida e renova recorde nominal cotado a R$ 5,90","isPartOf":{"@id":"https:\/\/www.suno.com.br\/noticias\/#website"},"primaryImageOfPage":{"@id":"https:\/\/www.suno.com.br\/noticias\/dolar-fechamneto-recorde-13052020\/#primaryimage"},"image":{"@id":"https:\/\/www.suno.com.br\/noticias\/dolar-fechamneto-recorde-13052020\/#primaryimage"},"thumbnailUrl":"https:\/\/files.sunoresearch.com.br\/n\/uploads\/2019\/03\/de905e16-d\u00f3lar-jpg.webp","datePublished":"2020-05-13T20:35:35+00:00","dateModified":"2021-02-18T01:54:40+00:00","description":"O d\u00f3lar encerrou em nova m\u00e1xima hist\u00f3rica com terceira alta consecutiva, de 0,605%, cotado a R$ 5,9012 na venda. Clique para saber mais","breadcrumb":{"@id":"https:\/\/www.suno.com.br\/noticias\/dolar-fechamneto-recorde-13052020\/#breadcrumb"},"inLanguage":"pt-BR","potentialAction":[{"@type":"ReadAction","target":["https:\/\/www.suno.com.br\/noticias\/dolar-fechamneto-recorde-13052020\/"]}]},{"@type":"ImageObject","inLanguage":"pt-BR","@id":"https:\/\/www.suno.com.br\/noticias\/dolar-fechamneto-recorde-13052020\/#primaryimage","url":"https:\/\/files.sunoresearch.com.br\/n\/uploads\/2019\/03\/de905e16-d\u00f3lar-jpg.webp","contentUrl":"https:\/\/files.sunoresearch.com.br\/n\/uploads\/2019\/03\/de905e16-d\u00f3lar-jpg.webp","width":960,"height":617,"caption":"O d\u00f3lar hoje teve um dia de forte volatilidade, respercutindo a vit\u00f3ria de Biden e as not\u00edcias sobre a vacina da Pfizer"},{"@type":"BreadcrumbList","@id":"https:\/\/www.suno.com.br\/noticias\/dolar-fechamneto-recorde-13052020\/#breadcrumb","itemListElement":[{"@type":"ListItem","position":1,"name":"Not\u00edcias","item":"https:\/\/www.suno.com.br\/noticias\/"},{"@type":"ListItem","position":2,"name":"Mercado","item":"https:\/\/www.suno.com.br\/noticias\/mercado\/"},{"@type":"ListItem","position":3,"name":"D\u00f3lar sobe pela 3\u00aa vez seguida e renova recorde nominal cotado a R$ 5,90"}]},{"@type":"WebSite","@id":"https:\/\/www.suno.com.br\/noticias\/#website","url":"https:\/\/www.suno.com.br\/noticias\/","name":"Suno Not\u00edcias","description":"Seu portal de informa\u00e7\u00e3o sobre o mundo dos investimentos","publisher":{"@id":"https:\/\/www.suno.com.br\/noticias\/#organization"},"potentialAction":[{"@type":"SearchAction","target":{"@type":"EntryPoint","urlTemplate":"https:\/\/www.suno.com.br\/noticias\/?s={search_term_string}"},"query-input":{"@type":"PropertyValueSpecification","valueRequired":true,"valueName":"search_term_string"}}],"inLanguage":"pt-BR"},{"@type":"Organization","@id":"https:\/\/www.suno.com.br\/noticias\/#organization","name":"Suno Not\u00edcias","url":"https:\/\/www.suno.com.br\/noticias\/","logo":{"@type":"ImageObject","inLanguage":"pt-BR","@id":"https:\/\/www.suno.com.br\/noticias\/#\/schema\/logo\/image\/","url":"https:\/\/files.sunoresearch.com.br\/n\/uploads\/2021\/09\/suno-logo.png","contentUrl":"https:\/\/files.sunoresearch.com.br\/n\/uploads\/2021\/09\/suno-logo.png","width":180,"height":180,"caption":"Suno Not\u00edcias"},"image":{"@id":"https:\/\/www.suno.com.br\/noticias\/#\/schema\/logo\/image\/"},"sameAs":["https:\/\/facebook.com\/sunoresearch","https:\/\/x.com\/sunoresearch","https:\/\/www.instagram.com\/suno","https:\/\/www.linkedin.com\/company\/suno-research\/","https:\/\/www.youtube.com\/c\/sunoresearch"]},{"@type":"Person","@id":"https:\/\/www.suno.com.br\/noticias\/#\/schema\/person\/053a750a709a263919a20f976caae91c","name":"Arthur Guimar\u00e3es","image":{"@type":"ImageObject","inLanguage":"pt-BR","@id":"https:\/\/www.suno.com.br\/noticias\/#\/schema\/person\/image\/","url":"https:\/\/secure.gravatar.com\/avatar\/1affd86a11209ae09eb6dd3bcad3e96c?s=96&r=g","contentUrl":"https:\/\/secure.gravatar.com\/avatar\/1affd86a11209ae09eb6dd3bcad3e96c?s=96&r=g","caption":"Arthur Guimar\u00e3es"},"description":"Arthur Guimar\u00e3es escreve sobre pol\u00edtica, economia e neg\u00f3cios para o portal de not\u00edcias da Suno Research. Atualmente, \u00e9 estudante de jornalismo pela Faculdade C\u00e1sper L\u00edbero.","url":"https:\/\/www.suno.com.br\/noticias\/author\/arthur-guimaraes\/"}]}},"default_loop_html":"<div class=\"cardsPage__listCard__boxs\"><div class=\"cardsPage__listCard__boxs__img\"><a href=\"https:\/\/www.suno.com.br\/noticias\/dolar-fechamneto-recorde-13052020\/\"><img class=\"mask\" src=\"https:\/\/www.suno.com.br\/noticias\/wp-content\/themes\/suno\/resources\/images\/spotlight\/spotlight1img\/bg-mask.png\" alt=\"Image Mask\"\/><img src=\"https:\/\/files.sunoresearch.com.br\/n\/uploads\/2019\/03\/de905e16-d\u00f3lar-400x200.webp\" alt=\"D\u00f3lar sobe pela 3\u00aa vez seguida e renova recorde nominal cotado a R$ 5,90\"\/><\/a><span class=\"spotlightCategory\"><a href=\"https:\/\/www.suno.com.br\/noticias\/mercado\/\">Mercado<\/a><\/span><\/div><div class=\"cardsPage__listCard__boxs__content\"><a href=\"https:\/\/www.suno.com.br\/noticias\/dolar-fechamneto-recorde-13052020\/\"><h2 class=\"content__title\">D\u00f3lar sobe pela 3\u00aa vez seguida e renova recorde nominal cotado a R$ 5,90<\/h2><\/a><div class=\"newsContent__article__meta\"><div class=\"newsContent__article__meta__authorBox\"><a href=\"https:\/\/www.suno.com.br\/noticias\/author\/arthur-guimaraes\/\" class=\"authorBox__avatar noMobi\"><img src=\"https:\/\/files.sunoresearch.com.br\/n\/uploads\/2020\/02\/dfb40897-eu-150x150.webp\" alt=\"Arthur Guimar\u00e3es\"><\/a><div class=\"authorBox__name\"><span>por\n\t\t\t<a href=\"https:\/\/www.suno.com.br\/noticias\/author\/arthur-guimaraes\/\"><span itemprop=\"author\">Arthur Guimar\u00e3es<\/span><\/a><\/span><time datetime=\"2020-05-13T17:35:35-03:00\" itemprop=\"datePublished\">13\/05\/2020 17:35<\/time><\/div><\/div><\/div><\/div><\/div>","single_layout":"posts","amp_enabled":true,"_links":{"self":[{"href":"https:\/\/www.suno.com.br\/noticias\/wp-json\/wp\/v2\/posts\/64657"}],"collection":[{"href":"https:\/\/www.suno.com.br\/noticias\/wp-json\/wp\/v2\/posts"}],"about":[{"href":"https:\/\/www.suno.com.br\/noticias\/wp-json\/wp\/v2\/types\/post"}],"author":[{"embeddable":true,"href":"https:\/\/www.suno.com.br\/noticias\/wp-json\/wp\/v2\/users\/35"}],"replies":[{"embeddable":true,"href":"https:\/\/www.suno.com.br\/noticias\/wp-json\/wp\/v2\/comments?post=64657"}],"version-history":[{"count":0,"href":"https:\/\/www.suno.com.br\/noticias\/wp-json\/wp\/v2\/posts\/64657\/revisions"}],"wp:featuredmedia":[{"embeddable":true,"href":"https:\/\/www.suno.com.br\/noticias\/wp-json\/wp\/v2\/media\/19509"}],"wp:attachment":[{"href":"https:\/\/www.suno.com.br\/noticias\/wp-json\/wp\/v2\/media?parent=64657"}],"wp:term":[{"taxonomy":"category","embeddable":true,"href":"https:\/\/www.suno.com.br\/noticias\/wp-json\/wp\/v2\/categories?post=64657"},{"taxonomy":"post_tag","embeddable":true,"href":"https:\/\/www.suno.com.br\/noticias\/wp-json\/wp\/v2\/tags?post=64657"},{"taxonomy":"suno_strategy","embeddable":true,"href":"https:\/\/www.suno.com.br\/noticias\/wp-json\/wp\/v2\/suno_strategy?post=64657"}],"curies":[{"name":"wp","href":"https:\/\/api.w.org\/{rel}","templated":true}]}}