{"id":64627,"date":"2020-05-13T16:17:33","date_gmt":"2020-05-13T19:17:33","guid":{"rendered":"https:\/\/www.suno.com.br\/noticias\/?p=64627"},"modified":"2021-02-17T22:54:40","modified_gmt":"2021-02-18T01:54:40","slug":"fed-pede-eua-gastar-mais","status":"publish","type":"post","link":"https:\/\/www.suno.com.br\/noticias\/fed-pede-eua-gastar-mais\/","title":{"rendered":"Fed defende aumento dos gastos para combate da crise"},"content":{"rendered":"<p>O presidente do <a href=\"https:\/\/www.suno.com.br\/artigos\/fed\/\">Federal Reserve <strong>(Fed)<\/strong><\/a><strong>,<\/strong> <a href=\"https:\/\/www.suno.com.br\/tudo-sobre\/jerome-powell\/\">Jerome Powell<\/a>, fez um apelo nesta quarta-feira (13) ao governo dos Estados Unidos para que gastem mais recursos para enfrentar a recess\u00e3o econ\u00f4mica.<\/p>\t<div class=\"wrapper-featured-image\">\n\t\t<figure class=\"spotlightImg\">\n\n\t\t\t<picture>\n\t\t\t\t<source media=\"(max-width: 768px)\" srcset=\"https:\/\/files.sunoresearch.com.br\/n\/uploads\/2020\/03\/e83b5502-jerome-powell-e1598544284426-400x200.webp\">\n\t\t\t\t<img loading=\"lazy\" decoding=\"async\" class=\"newsContent__article__imgCapa lazyloadDisabled newsContent__article__imgCapa--noCaption\" src=\"https:\/\/files.sunoresearch.com.br\/n\/uploads\/2020\/03\/e83b5502-jerome-powell-e1598544284426-jpg.webp\" width=\"800\" height=\"450\" alt=\"Fed defende aumento dos gastos para combate da crise\" fetchpriority=high \/>\n\t\t\t<\/picture>\n\n\t\t\t<figcaption class=\"wp-caption-text wp-caption-text--hide\">Chairman do Fed, Jerome Powell.<\/figcaption>\n\t\t<\/figure>\n\t<\/div>\n\n\n\n<p>O presidente do Banco Central (BC) norte-americano fez o pedido \u00e0 Casa Branca e ao Congresso, para garantir uma melhor recupera\u00e7\u00e3o da crise provocada pela pandemia do novo coronav\u00edrus (covid-19).<\/p>\n<p><a href=\"https:\/\/lp.suno.com.br\/suno-one\/\">Veja tamb\u00e9m: Na Suno One voc\u00ea aprende como fazer o seu dinheiro para trabalhar para voc\u00ea. Cadastre-se agora!<\/a><\/p>\n<p>\u201cPode levar apenas mais alguns meses do que gostar\u00edamos para que a economia se recupere\u201d das medidas de isolamento social para conter a dissemina\u00e7\u00e3o do novo coronav\u00edrus, que paralisaram as empresas, afirmou Powell, em sess\u00e3o online no Peterson Institute.<\/p>\n<p><a href=\"https:\/\/www.suno.com.br\/noticias\/federal-reserve-expandir-programa-auxilio-pmes\/\">Saiba mais: Federal Reserve ir\u00e1 expandir programa de aux\u00edlio a PMEs<\/a><\/p>\n<p>Dessa forma, as companhias sem receita suficiente enfrentariam um risco maior com a melhora mais lenta do mercado de trabalho. \u201cO apoio fiscal adicional pode ser caro, mas vale a pena se ajudar a evitar danos econ\u00f4micos a longo prazo e nos deixar com uma recupera\u00e7\u00e3o mais forte\u201d, defendeu o presidente do Fed.<\/p>\n<p>Powell mostrou preocupa\u00e7\u00e3o com os efeitos de uma recupera\u00e7\u00e3o mais lenta e dif\u00edcil do que a previstas h\u00e1 dois meses. \u201cO escopo e a velocidade dessa crise n\u00e3o t\u00eam precedentes modernos, significativamente piores do que qualquer recess\u00e3o desde a Segunda Guerra Mundial\u201d, avaliou.<\/p>\n<h2>Fed n\u00e3o considera taxa de juros abaixo de zero<\/h2>\n<p>O economista ainda afirmou que a autoridade monet\u00e1ria n\u00e3o apresenta planos de reduzir a <a href=\"https:\/\/www.suno.com.br\/artigos\/taxa-de-juros\/\">taxa b\u00e1sica de juros<\/a> para um patamar abaixo de zero, como haviam previsto alguns especialistas de mercado.<\/p>\n<p>O <a href=\"https:\/\/www.suno.com.br\/artigos\/fomc\/\">Comit\u00ea Federal de Mercado Aberto (Fomc, na sigla em ingl\u00eas)<\/a> havia afirmado que n\u00e3o apoiaria a redu\u00e7\u00e3o para uma taxa de juros negativa, que apresentou resultados mistos nas experi\u00eancia europeia e japonesa. Entretanto, os mercados futuros revelaram que os investidores veem perspectivas crescentes dessa ferramenta em 2021.<\/p>\n<p>\u201cA vis\u00e3o do comit\u00ea sobre taxas negativas realmente n\u00e3o mudou\u201d, declarou Powell. \u201cIsso n\u00e3o \u00e9 algo que estamos vendo\u201d. Na vis\u00e3o do Fed, a taxa negativa poderia dificultar novos empr\u00e9stimos banc\u00e1rios.<\/p>\n<p>At\u00e9 o momento, o Congresso dos Estados Unidos liberou US$ 2,9 trilh\u00f5es (cerca de R$ 17,197 trilh\u00f5es) para medidas de suportes a fam\u00edlias, empresas, prestadoras de servi\u00e7o de sa\u00fade e governos estaduais e locais. Essa foi a \u201cresposta mais r\u00e1pida e maior para qualquer crise do p\u00f3s-guerra\u201d, afirmou Powell. \u201cPode n\u00e3o ser o cap\u00edtulo final, j\u00e1 que o caminho a seguir \u00e9 altamente incerto e sujeito a riscos significativos de queda\u201d, acrescentou.<\/p>\n<p><a href=\"https:\/\/www.suno.com.br\/noticias\/desemprego-eua-maior-desde-crise-de-1929\/\">Saiba mais: Coronav\u00edrus: desemprego nos EUA dispara e chega a 14,7%<\/a><\/p>\n<p>Os esfor\u00e7os para garantir novas a\u00e7\u00f5es de combate \u00e0 pandemia permanecem paralisados em Washington. O governo do presidente norte-americano, <a href=\"https:\/\/www.suno.com.br\/tudo-sobre\/donald-trump\/\">Donald Trump<\/a>, e os republicanos exigem mais tempo apara avaliar a resposta da economia.<\/p>\n\n","protected":false},"excerpt":{"rendered":"<p>O presidente do Federal Reserve (Fed), Jerome Powell, fez um apelo nesta quarta-feira (13) ao governo dos Estados Unidos para que gastem mais recursos para enfrentar a recess\u00e3o econ\u00f4mica. Chairman do Fed, Jerome Powell. O presidente do Banco Central (BC) norte-americano fez o pedido \u00e0 Casa Branca e ao Congresso, para garantir uma melhor recupera\u00e7\u00e3o [&hellip;]<\/p>\n","protected":false},"author":35,"featured_media":54861,"comment_status":"closed","ping_status":"closed","sticky":false,"template":"","format":"standard","meta":[],"categories":[63],"tags":[793,776,1899],"suno_strategy":[],"class_list":["post-64627","post","type-post","status-publish","format-standard","has-post-thumbnail","hentry","category-internacional","tag-estados-unidos-eua","tag-federal-reseve-fed","tag-jerome-powell"],"yoast_head":"<!-- This site is optimized with the Yoast SEO plugin v24.4 - https:\/\/yoast.com\/wordpress\/plugins\/seo\/ -->\n<title>Fed defende aumento dos gastos para combate da crise<\/title>\n<meta name=\"description\" content=\"O presidente do Fed fez um apelo ao governo dos EUA para que gastem mais recursos para enfrentar a crise. Clique para saber mais\" \/>\n<meta name=\"robots\" content=\"index, follow, max-snippet:-1, max-image-preview:large, max-video-preview:-1\" \/>\n<link rel=\"canonical\" href=\"https:\/\/www.suno.com.br\/noticias\/fed-pede-eua-gastar-mais\/\" \/>\n<meta property=\"og:locale\" content=\"pt_BR\" \/>\n<meta property=\"og:type\" content=\"article\" \/>\n<meta property=\"og:title\" content=\"Fed defende aumento dos gastos para combate da crise\" \/>\n<meta property=\"og:description\" content=\"O presidente do Fed fez um apelo ao governo dos EUA para que gastem mais recursos para enfrentar a crise. Clique para saber mais\" \/>\n<meta property=\"og:url\" content=\"https:\/\/www.suno.com.br\/noticias\/fed-pede-eua-gastar-mais\/\" \/>\n<meta property=\"og:site_name\" content=\"Suno Not\u00edcias\" \/>\n<meta property=\"article:publisher\" content=\"https:\/\/facebook.com\/sunoresearch\" \/>\n<meta property=\"og:image\" content=\"https:\/\/files.sunoresearch.com.br\/n\/uploads\/2020\/03\/e83b5502-jerome-powell-e1598544284426.jpg\" \/>\n\t<meta property=\"og:image:width\" content=\"750\" \/>\n\t<meta property=\"og:image:height\" content=\"536\" \/>\n\t<meta property=\"og:image:type\" content=\"image\/jpeg\" \/>\n<meta name=\"author\" content=\"Arthur Guimar\u00e3es\" \/>\n<meta name=\"twitter:card\" content=\"summary_large_image\" \/>\n<meta name=\"twitter:creator\" content=\"@sunoresearch\" \/>\n<meta name=\"twitter:site\" content=\"@sunoresearch\" \/>\n<meta name=\"twitter:label1\" content=\"Escrito por\" \/>\n\t<meta name=\"twitter:data1\" content=\"Arthur Guimar\u00e3es\" \/>\n\t<meta name=\"twitter:label2\" content=\"Est. tempo de leitura\" \/>\n\t<meta name=\"twitter:data2\" content=\"3 minutos\" \/>\n<script type=\"application\/ld+json\" class=\"yoast-schema-graph\">{\"@context\":\"https:\/\/schema.org\",\"@graph\":[{\"@type\":\"NewsArticle\",\"@id\":\"https:\/\/www.suno.com.br\/noticias\/fed-pede-eua-gastar-mais\/#article\",\"isPartOf\":{\"@id\":\"https:\/\/www.suno.com.br\/noticias\/fed-pede-eua-gastar-mais\/\"},\"author\":{\"name\":\"Arthur Guimar\u00e3es\",\"@id\":\"https:\/\/www.suno.com.br\/noticias\/#\/schema\/person\/053a750a709a263919a20f976caae91c\"},\"headline\":\"Fed defende aumento dos gastos para combate da crise\",\"datePublished\":\"2020-05-13T19:17:33+00:00\",\"dateModified\":\"2021-02-18T01:54:40+00:00\",\"mainEntityOfPage\":{\"@id\":\"https:\/\/www.suno.com.br\/noticias\/fed-pede-eua-gastar-mais\/\"},\"wordCount\":510,\"publisher\":{\"@id\":\"https:\/\/www.suno.com.br\/noticias\/#organization\"},\"image\":{\"@id\":\"https:\/\/www.suno.com.br\/noticias\/fed-pede-eua-gastar-mais\/#primaryimage\"},\"thumbnailUrl\":\"https:\/\/files.sunoresearch.com.br\/n\/uploads\/2020\/03\/e83b5502-jerome-powell-e1598544284426-jpg.webp\",\"keywords\":[\"Estados Unidos (EUA)\",\"Federal Reserve (FED)\",\"Jerome Powell\"],\"articleSection\":[\"Internacional\"],\"inLanguage\":\"pt-BR\"},{\"@type\":\"WebPage\",\"@id\":\"https:\/\/www.suno.com.br\/noticias\/fed-pede-eua-gastar-mais\/\",\"url\":\"https:\/\/www.suno.com.br\/noticias\/fed-pede-eua-gastar-mais\/\",\"name\":\"Fed defende aumento dos gastos para combate da crise\",\"isPartOf\":{\"@id\":\"https:\/\/www.suno.com.br\/noticias\/#website\"},\"primaryImageOfPage\":{\"@id\":\"https:\/\/www.suno.com.br\/noticias\/fed-pede-eua-gastar-mais\/#primaryimage\"},\"image\":{\"@id\":\"https:\/\/www.suno.com.br\/noticias\/fed-pede-eua-gastar-mais\/#primaryimage\"},\"thumbnailUrl\":\"https:\/\/files.sunoresearch.com.br\/n\/uploads\/2020\/03\/e83b5502-jerome-powell-e1598544284426-jpg.webp\",\"datePublished\":\"2020-05-13T19:17:33+00:00\",\"dateModified\":\"2021-02-18T01:54:40+00:00\",\"description\":\"O presidente do Fed fez um apelo ao governo dos EUA para que gastem mais recursos para enfrentar a crise. Clique para saber mais\",\"breadcrumb\":{\"@id\":\"https:\/\/www.suno.com.br\/noticias\/fed-pede-eua-gastar-mais\/#breadcrumb\"},\"inLanguage\":\"pt-BR\",\"potentialAction\":[{\"@type\":\"ReadAction\",\"target\":[\"https:\/\/www.suno.com.br\/noticias\/fed-pede-eua-gastar-mais\/\"]}]},{\"@type\":\"ImageObject\",\"inLanguage\":\"pt-BR\",\"@id\":\"https:\/\/www.suno.com.br\/noticias\/fed-pede-eua-gastar-mais\/#primaryimage\",\"url\":\"https:\/\/files.sunoresearch.com.br\/n\/uploads\/2020\/03\/e83b5502-jerome-powell-e1598544284426-jpg.webp\",\"contentUrl\":\"https:\/\/files.sunoresearch.com.br\/n\/uploads\/2020\/03\/e83b5502-jerome-powell-e1598544284426-jpg.webp\",\"width\":750,\"height\":536,\"caption\":\"Chairman do Fed, Jerome Powell.\"},{\"@type\":\"BreadcrumbList\",\"@id\":\"https:\/\/www.suno.com.br\/noticias\/fed-pede-eua-gastar-mais\/#breadcrumb\",\"itemListElement\":[{\"@type\":\"ListItem\",\"position\":1,\"name\":\"Not\u00edcias\",\"item\":\"https:\/\/www.suno.com.br\/noticias\/\"},{\"@type\":\"ListItem\",\"position\":2,\"name\":\"Internacional\",\"item\":\"https:\/\/www.suno.com.br\/noticias\/internacional\/\"},{\"@type\":\"ListItem\",\"position\":3,\"name\":\"Fed defende aumento dos gastos para combate da crise\"}]},{\"@type\":\"WebSite\",\"@id\":\"https:\/\/www.suno.com.br\/noticias\/#website\",\"url\":\"https:\/\/www.suno.com.br\/noticias\/\",\"name\":\"Suno Not\u00edcias\",\"description\":\"Seu portal de informa\u00e7\u00e3o sobre o mundo dos investimentos\",\"publisher\":{\"@id\":\"https:\/\/www.suno.com.br\/noticias\/#organization\"},\"potentialAction\":[{\"@type\":\"SearchAction\",\"target\":{\"@type\":\"EntryPoint\",\"urlTemplate\":\"https:\/\/www.suno.com.br\/noticias\/?s={search_term_string}\"},\"query-input\":{\"@type\":\"PropertyValueSpecification\",\"valueRequired\":true,\"valueName\":\"search_term_string\"}}],\"inLanguage\":\"pt-BR\"},{\"@type\":\"Organization\",\"@id\":\"https:\/\/www.suno.com.br\/noticias\/#organization\",\"name\":\"Suno Not\u00edcias\",\"url\":\"https:\/\/www.suno.com.br\/noticias\/\",\"logo\":{\"@type\":\"ImageObject\",\"inLanguage\":\"pt-BR\",\"@id\":\"https:\/\/www.suno.com.br\/noticias\/#\/schema\/logo\/image\/\",\"url\":\"https:\/\/files.sunoresearch.com.br\/n\/uploads\/2021\/09\/suno-logo.png\",\"contentUrl\":\"https:\/\/files.sunoresearch.com.br\/n\/uploads\/2021\/09\/suno-logo.png\",\"width\":180,\"height\":180,\"caption\":\"Suno Not\u00edcias\"},\"image\":{\"@id\":\"https:\/\/www.suno.com.br\/noticias\/#\/schema\/logo\/image\/\"},\"sameAs\":[\"https:\/\/facebook.com\/sunoresearch\",\"https:\/\/x.com\/sunoresearch\",\"https:\/\/www.instagram.com\/suno\",\"https:\/\/www.linkedin.com\/company\/suno-research\/\",\"https:\/\/www.youtube.com\/c\/sunoresearch\"]},{\"@type\":\"Person\",\"@id\":\"https:\/\/www.suno.com.br\/noticias\/#\/schema\/person\/053a750a709a263919a20f976caae91c\",\"name\":\"Arthur Guimar\u00e3es\",\"image\":{\"@type\":\"ImageObject\",\"inLanguage\":\"pt-BR\",\"@id\":\"https:\/\/www.suno.com.br\/noticias\/#\/schema\/person\/image\/\",\"url\":\"https:\/\/secure.gravatar.com\/avatar\/1affd86a11209ae09eb6dd3bcad3e96c?s=96&r=g\",\"contentUrl\":\"https:\/\/secure.gravatar.com\/avatar\/1affd86a11209ae09eb6dd3bcad3e96c?s=96&r=g\",\"caption\":\"Arthur Guimar\u00e3es\"},\"description\":\"Arthur Guimar\u00e3es escreve sobre pol\u00edtica, economia e neg\u00f3cios para o portal de not\u00edcias da Suno Research. Atualmente, \u00e9 estudante de jornalismo pela Faculdade C\u00e1sper L\u00edbero.\",\"url\":\"https:\/\/www.suno.com.br\/noticias\/author\/arthur-guimaraes\/\"}]}<\/script>\n<!-- \/ Yoast SEO plugin. -->","yoast_head_json":{"title":"Fed defende aumento dos gastos para combate da crise","description":"O presidente do Fed fez um apelo ao governo dos EUA para que gastem mais recursos para enfrentar a crise. Clique para saber mais","robots":{"index":"index","follow":"follow","max-snippet":"max-snippet:-1","max-image-preview":"max-image-preview:large","max-video-preview":"max-video-preview:-1"},"canonical":"https:\/\/www.suno.com.br\/noticias\/fed-pede-eua-gastar-mais\/","og_locale":"pt_BR","og_type":"article","og_title":"Fed defende aumento dos gastos para combate da crise","og_description":"O presidente do Fed fez um apelo ao governo dos EUA para que gastem mais recursos para enfrentar a crise. Clique para saber mais","og_url":"https:\/\/www.suno.com.br\/noticias\/fed-pede-eua-gastar-mais\/","og_site_name":"Suno Not\u00edcias","article_publisher":"https:\/\/facebook.com\/sunoresearch","og_image":[{"width":750,"height":536,"url":"https:\/\/files.sunoresearch.com.br\/n\/uploads\/2020\/03\/e83b5502-jerome-powell-e1598544284426.jpg","type":"image\/jpeg"}],"author":"Arthur Guimar\u00e3es","twitter_card":"summary_large_image","twitter_creator":"@sunoresearch","twitter_site":"@sunoresearch","twitter_misc":{"Escrito por":"Arthur Guimar\u00e3es","Est. tempo de leitura":"3 minutos"},"schema":{"@context":"https:\/\/schema.org","@graph":[{"@type":"NewsArticle","@id":"https:\/\/www.suno.com.br\/noticias\/fed-pede-eua-gastar-mais\/#article","isPartOf":{"@id":"https:\/\/www.suno.com.br\/noticias\/fed-pede-eua-gastar-mais\/"},"author":{"name":"Arthur Guimar\u00e3es","@id":"https:\/\/www.suno.com.br\/noticias\/#\/schema\/person\/053a750a709a263919a20f976caae91c"},"headline":"Fed defende aumento dos gastos para combate da crise","datePublished":"2020-05-13T19:17:33+00:00","dateModified":"2021-02-18T01:54:40+00:00","mainEntityOfPage":{"@id":"https:\/\/www.suno.com.br\/noticias\/fed-pede-eua-gastar-mais\/"},"wordCount":510,"publisher":{"@id":"https:\/\/www.suno.com.br\/noticias\/#organization"},"image":{"@id":"https:\/\/www.suno.com.br\/noticias\/fed-pede-eua-gastar-mais\/#primaryimage"},"thumbnailUrl":"https:\/\/files.sunoresearch.com.br\/n\/uploads\/2020\/03\/e83b5502-jerome-powell-e1598544284426-jpg.webp","keywords":["Estados Unidos (EUA)","Federal Reserve (FED)","Jerome Powell"],"articleSection":["Internacional"],"inLanguage":"pt-BR"},{"@type":"WebPage","@id":"https:\/\/www.suno.com.br\/noticias\/fed-pede-eua-gastar-mais\/","url":"https:\/\/www.suno.com.br\/noticias\/fed-pede-eua-gastar-mais\/","name":"Fed defende aumento dos gastos para combate da crise","isPartOf":{"@id":"https:\/\/www.suno.com.br\/noticias\/#website"},"primaryImageOfPage":{"@id":"https:\/\/www.suno.com.br\/noticias\/fed-pede-eua-gastar-mais\/#primaryimage"},"image":{"@id":"https:\/\/www.suno.com.br\/noticias\/fed-pede-eua-gastar-mais\/#primaryimage"},"thumbnailUrl":"https:\/\/files.sunoresearch.com.br\/n\/uploads\/2020\/03\/e83b5502-jerome-powell-e1598544284426-jpg.webp","datePublished":"2020-05-13T19:17:33+00:00","dateModified":"2021-02-18T01:54:40+00:00","description":"O presidente do Fed fez um apelo ao governo dos EUA para que gastem mais recursos para enfrentar a crise. Clique para saber mais","breadcrumb":{"@id":"https:\/\/www.suno.com.br\/noticias\/fed-pede-eua-gastar-mais\/#breadcrumb"},"inLanguage":"pt-BR","potentialAction":[{"@type":"ReadAction","target":["https:\/\/www.suno.com.br\/noticias\/fed-pede-eua-gastar-mais\/"]}]},{"@type":"ImageObject","inLanguage":"pt-BR","@id":"https:\/\/www.suno.com.br\/noticias\/fed-pede-eua-gastar-mais\/#primaryimage","url":"https:\/\/files.sunoresearch.com.br\/n\/uploads\/2020\/03\/e83b5502-jerome-powell-e1598544284426-jpg.webp","contentUrl":"https:\/\/files.sunoresearch.com.br\/n\/uploads\/2020\/03\/e83b5502-jerome-powell-e1598544284426-jpg.webp","width":750,"height":536,"caption":"Chairman do Fed, Jerome Powell."},{"@type":"BreadcrumbList","@id":"https:\/\/www.suno.com.br\/noticias\/fed-pede-eua-gastar-mais\/#breadcrumb","itemListElement":[{"@type":"ListItem","position":1,"name":"Not\u00edcias","item":"https:\/\/www.suno.com.br\/noticias\/"},{"@type":"ListItem","position":2,"name":"Internacional","item":"https:\/\/www.suno.com.br\/noticias\/internacional\/"},{"@type":"ListItem","position":3,"name":"Fed defende aumento dos gastos para combate da crise"}]},{"@type":"WebSite","@id":"https:\/\/www.suno.com.br\/noticias\/#website","url":"https:\/\/www.suno.com.br\/noticias\/","name":"Suno Not\u00edcias","description":"Seu portal de informa\u00e7\u00e3o sobre o mundo dos investimentos","publisher":{"@id":"https:\/\/www.suno.com.br\/noticias\/#organization"},"potentialAction":[{"@type":"SearchAction","target":{"@type":"EntryPoint","urlTemplate":"https:\/\/www.suno.com.br\/noticias\/?s={search_term_string}"},"query-input":{"@type":"PropertyValueSpecification","valueRequired":true,"valueName":"search_term_string"}}],"inLanguage":"pt-BR"},{"@type":"Organization","@id":"https:\/\/www.suno.com.br\/noticias\/#organization","name":"Suno Not\u00edcias","url":"https:\/\/www.suno.com.br\/noticias\/","logo":{"@type":"ImageObject","inLanguage":"pt-BR","@id":"https:\/\/www.suno.com.br\/noticias\/#\/schema\/logo\/image\/","url":"https:\/\/files.sunoresearch.com.br\/n\/uploads\/2021\/09\/suno-logo.png","contentUrl":"https:\/\/files.sunoresearch.com.br\/n\/uploads\/2021\/09\/suno-logo.png","width":180,"height":180,"caption":"Suno Not\u00edcias"},"image":{"@id":"https:\/\/www.suno.com.br\/noticias\/#\/schema\/logo\/image\/"},"sameAs":["https:\/\/facebook.com\/sunoresearch","https:\/\/x.com\/sunoresearch","https:\/\/www.instagram.com\/suno","https:\/\/www.linkedin.com\/company\/suno-research\/","https:\/\/www.youtube.com\/c\/sunoresearch"]},{"@type":"Person","@id":"https:\/\/www.suno.com.br\/noticias\/#\/schema\/person\/053a750a709a263919a20f976caae91c","name":"Arthur Guimar\u00e3es","image":{"@type":"ImageObject","inLanguage":"pt-BR","@id":"https:\/\/www.suno.com.br\/noticias\/#\/schema\/person\/image\/","url":"https:\/\/secure.gravatar.com\/avatar\/1affd86a11209ae09eb6dd3bcad3e96c?s=96&r=g","contentUrl":"https:\/\/secure.gravatar.com\/avatar\/1affd86a11209ae09eb6dd3bcad3e96c?s=96&r=g","caption":"Arthur Guimar\u00e3es"},"description":"Arthur Guimar\u00e3es escreve sobre pol\u00edtica, economia e neg\u00f3cios para o portal de not\u00edcias da Suno Research. Atualmente, \u00e9 estudante de jornalismo pela Faculdade C\u00e1sper L\u00edbero.","url":"https:\/\/www.suno.com.br\/noticias\/author\/arthur-guimaraes\/"}]}},"default_loop_html":"<div class=\"cardsPage__listCard__boxs\"><div class=\"cardsPage__listCard__boxs__img\"><a href=\"https:\/\/www.suno.com.br\/noticias\/fed-pede-eua-gastar-mais\/\"><img class=\"mask\" src=\"https:\/\/www.suno.com.br\/noticias\/wp-content\/themes\/suno\/resources\/images\/spotlight\/spotlight1img\/bg-mask.png\" alt=\"Image Mask\"\/><img src=\"https:\/\/files.sunoresearch.com.br\/n\/uploads\/2020\/03\/e83b5502-jerome-powell-e1598544284426-400x200.webp\" alt=\"Fed defende aumento dos gastos para combate da crise\"\/><\/a><span class=\"spotlightCategory\"><a href=\"https:\/\/www.suno.com.br\/noticias\/internacional\/\">Internacional<\/a><\/span><\/div><div class=\"cardsPage__listCard__boxs__content\"><a href=\"https:\/\/www.suno.com.br\/noticias\/fed-pede-eua-gastar-mais\/\"><h2 class=\"content__title\">Fed defende aumento dos gastos para combate da crise<\/h2><\/a><div class=\"newsContent__article__meta\"><div class=\"newsContent__article__meta__authorBox\"><a href=\"https:\/\/www.suno.com.br\/noticias\/author\/arthur-guimaraes\/\" class=\"authorBox__avatar noMobi\"><img src=\"https:\/\/files.sunoresearch.com.br\/n\/uploads\/2020\/02\/dfb40897-eu-150x150.webp\" alt=\"Arthur Guimar\u00e3es\"><\/a><div class=\"authorBox__name\"><span>por\n\t\t\t<a href=\"https:\/\/www.suno.com.br\/noticias\/author\/arthur-guimaraes\/\"><span itemprop=\"author\">Arthur Guimar\u00e3es<\/span><\/a><\/span><time datetime=\"2020-05-13T16:17:33-03:00\" itemprop=\"datePublished\">13\/05\/2020 16:17<\/time><\/div><\/div><\/div><\/div><\/div>","single_layout":"posts","amp_enabled":true,"_links":{"self":[{"href":"https:\/\/www.suno.com.br\/noticias\/wp-json\/wp\/v2\/posts\/64627"}],"collection":[{"href":"https:\/\/www.suno.com.br\/noticias\/wp-json\/wp\/v2\/posts"}],"about":[{"href":"https:\/\/www.suno.com.br\/noticias\/wp-json\/wp\/v2\/types\/post"}],"author":[{"embeddable":true,"href":"https:\/\/www.suno.com.br\/noticias\/wp-json\/wp\/v2\/users\/35"}],"replies":[{"embeddable":true,"href":"https:\/\/www.suno.com.br\/noticias\/wp-json\/wp\/v2\/comments?post=64627"}],"version-history":[{"count":0,"href":"https:\/\/www.suno.com.br\/noticias\/wp-json\/wp\/v2\/posts\/64627\/revisions"}],"wp:featuredmedia":[{"embeddable":true,"href":"https:\/\/www.suno.com.br\/noticias\/wp-json\/wp\/v2\/media\/54861"}],"wp:attachment":[{"href":"https:\/\/www.suno.com.br\/noticias\/wp-json\/wp\/v2\/media?parent=64627"}],"wp:term":[{"taxonomy":"category","embeddable":true,"href":"https:\/\/www.suno.com.br\/noticias\/wp-json\/wp\/v2\/categories?post=64627"},{"taxonomy":"post_tag","embeddable":true,"href":"https:\/\/www.suno.com.br\/noticias\/wp-json\/wp\/v2\/tags?post=64627"},{"taxonomy":"suno_strategy","embeddable":true,"href":"https:\/\/www.suno.com.br\/noticias\/wp-json\/wp\/v2\/suno_strategy?post=64627"}],"curies":[{"name":"wp","href":"https:\/\/api.w.org\/{rel}","templated":true}]}}