{"id":64598,"date":"2020-05-13T12:44:37","date_gmt":"2020-05-13T15:44:37","guid":{"rendered":"https:\/\/www.suno.com.br\/noticias\/?p=64598"},"modified":"2020-05-13T12:44:37","modified_gmt":"2020-05-13T15:44:37","slug":"opep-reduz-projecao-de-demanda-global-por-petroleo-em-2020","status":"publish","type":"post","link":"https:\/\/www.suno.com.br\/noticias\/opep-reduz-projecao-de-demanda-global-por-petroleo-em-2020\/","title":{"rendered":"Opep reduz proje\u00e7\u00e3o de demanda global por petr\u00f3leo em 2020"},"content":{"rendered":"<p>A <a href=\"https:\/\/www.suno.com.br\/artigos\/opep\/\">Organiza\u00e7\u00e3o dos Pa\u00edses Exportadores de Petr\u00f3leo (<strong>Opep<\/strong>)<\/a> cortou novamente, nesta quarta-feira (13), sua proje\u00e7\u00e3o para demanda global da commodity em 2020.<\/p>\t<div class=\"wrapper-featured-image\">\n\t\t<figure class=\"spotlightImg\">\n\n\t\t\t<picture>\n\t\t\t\t<source media=\"(max-width: 768px)\" srcset=\"https:\/\/files.sunoresearch.com.br\/n\/uploads\/2020\/04\/18c0cbe5-petroleo-400x200.webp\">\n\t\t\t\t<img loading=\"lazy\" decoding=\"async\" class=\"newsContent__article__imgCapa lazyloadDisabled newsContent__article__imgCapa--noCaption\" src=\"https:\/\/files.sunoresearch.com.br\/n\/uploads\/2020\/04\/18c0cbe5-petroleo-800x450.webp\" width=\"800\" height=\"450\" alt=\"Opep reduz proje\u00e7\u00e3o de demanda global por petr\u00f3leo em 2020\" fetchpriority=high \/>\n\t\t\t<\/picture>\n\n\t\t\t<figcaption class=\"wp-caption-text wp-caption-text--hide\">Petr\u00f3leo. Foto: Pixabay<\/figcaption>\n\t\t<\/figure>\n\t<\/div>\n\n\n\n<p>A Opep estimou que a demanda global caia em 9,07 milh\u00f5es de barris por dia (bpd). Para os pa\u00edses que n\u00e3o fazem parte da organiza\u00e7\u00e3o o corte do petr\u00f3leo ser\u00e1 em quase 2 milh\u00f5es bpd, em compara\u00e7\u00e3o com a proje\u00e7\u00e3o do m\u00eas passado, e agora est\u00e1 previsto uma queda de 3,5 milh\u00f5es de bpd.<\/p>\n<p><a href=\"https:\/\/lp.suno.com.br\/suno-one\/\">Suno One: O primeiro passo para alcan\u00e7ar a sua independ\u00eancia financeira<\/a><\/p>\n<p>De acordo com a Opep, a queda significativa na proje\u00e7\u00e3o \u00e9 devido a alta demanda, baixos pre\u00e7os do petr\u00f3leo, excesso de fornecimento e capacidade limitada de armazenamento.<\/p>\n<p>&#8220;Prev\u00ea-se que o suprimento de petr\u00f3leo em 2020 mostre crescimento apenas na Noruega, Brasil, Guiana e Austr\u00e1lia&#8221;, citou a institui\u00e7\u00e3o.<\/p>\n<p>Para os EUA a previs\u00e3o de crescimento da oferta da commodity para 2020 foi revisada em 1,3 milh\u00e3o de bpd, desse modo, decl\u00ednio de 1,4 milh\u00e3o em compara\u00e7\u00e3o com o mesmo per\u00edodo no ano passado.<\/p>\n<h2>Petr\u00f3leo: Opep prev\u00ea queda de 6,8 mi de barris na demanda global<\/h2>\n<p>A Opep informou na \u00faltima quinta-feira (16) atrav\u00e9s de um relat\u00f3rio mensal, que prev\u00ea uma queda na demanda global por <a href=\"https:\/\/www.suno.com.br\/artigos\/cotacao-do-petroleo\/\">petr\u00f3leo <\/a>de 6,8 milh\u00f5es de barris por dia em 2020, por causa dos efeitos da pandemia do novo coronav\u00edrus (covid-19).<\/p>\n<p>Em rela\u00e7\u00e3o a abril, m\u00eas com a maior redu\u00e7\u00e3o, a Organiza\u00e7\u00e3o projeta que a <a href=\"https:\/\/www.suno.com.br\/artigos\/oferta-demanda\/\">demanda<\/a> global por petr\u00f3leo deve reduzir 20 milh\u00f5es de barris di\u00e1rios e prev\u00ea que o crescimento da economia global ter\u00e1 uma redu\u00e7\u00e3o de 1,5% em 2020.<\/p>\n<p>Al\u00e9m disso, a Opep indicou que as medidas de isolamento social, assim como a redu\u00e7\u00e3o de viagens, para impedir que o novo v\u00edrus se espalhe ainda mais, tem influ\u00eancia em 40% da produ\u00e7\u00e3o mundial do produto.<\/p>\n<p>&#8220;At\u00e9 agora, essas restri\u00e7\u00f5es levaram o consumo de combust\u00edvel \u00e0 queda em meio \u00e0 cria\u00e7\u00e3o de estoque de produtos, danificando seriamente os mercados de combust\u00edvel de avia\u00e7\u00e3o e levando as margens da gasolina a um territ\u00f3rio negativo&#8221;, informou o relat\u00f3rio da <strong>Opep<\/strong>.<\/p>\n\n","protected":false},"excerpt":{"rendered":"<p>A Organiza\u00e7\u00e3o dos Pa\u00edses Exportadores de Petr\u00f3leo (Opep) cortou novamente, nesta quarta-feira (13), sua proje\u00e7\u00e3o para demanda global da commodity em 2020. Petr\u00f3leo. Foto: Pixabay A Opep estimou que a demanda global caia em 9,07 milh\u00f5es de barris por dia (bpd). Para os pa\u00edses que n\u00e3o fazem parte da organiza\u00e7\u00e3o o corte do petr\u00f3leo ser\u00e1 [&hellip;]<\/p>\n","protected":false},"author":15,"featured_media":60136,"comment_status":"closed","ping_status":"closed","sticky":false,"template":"","format":"standard","meta":[],"categories":[63],"tags":[811,766],"suno_strategy":[],"class_list":["post-64598","post","type-post","status-publish","format-standard","has-post-thumbnail","hentry","category-internacional","tag-opep","tag-petroleo"],"yoast_head":"<!-- This site is optimized with the Yoast SEO plugin v24.4 - https:\/\/yoast.com\/wordpress\/plugins\/seo\/ -->\n<title>Opep reduz proje\u00e7\u00e3o de demanda global por petr\u00f3leo em 2020<\/title>\n<meta name=\"description\" content=\"A Opep cortou novamente, nesta quarta-feira (13), sua proje\u00e7\u00e3o para demanda global da commodity em 2020. Clique aqui e saiba mais\" \/>\n<meta name=\"robots\" content=\"index, follow, max-snippet:-1, max-image-preview:large, max-video-preview:-1\" \/>\n<link rel=\"canonical\" href=\"https:\/\/www.suno.com.br\/noticias\/opep-reduz-projecao-de-demanda-global-por-petroleo-em-2020\/\" \/>\n<meta property=\"og:locale\" content=\"pt_BR\" \/>\n<meta property=\"og:type\" content=\"article\" \/>\n<meta property=\"og:title\" content=\"Opep reduz proje\u00e7\u00e3o de demanda global por petr\u00f3leo em 2020\" \/>\n<meta property=\"og:description\" content=\"A Opep cortou novamente, nesta quarta-feira (13), sua proje\u00e7\u00e3o para demanda global da commodity em 2020. Clique aqui e saiba mais\" \/>\n<meta property=\"og:url\" content=\"https:\/\/www.suno.com.br\/noticias\/opep-reduz-projecao-de-demanda-global-por-petroleo-em-2020\/\" \/>\n<meta property=\"og:site_name\" content=\"Suno Not\u00edcias\" \/>\n<meta property=\"article:publisher\" content=\"https:\/\/facebook.com\/sunoresearch\" \/>\n<meta property=\"og:image\" content=\"https:\/\/files.sunoresearch.com.br\/n\/uploads\/2020\/04\/18c0cbe5-petroleo.jpg\" \/>\n\t<meta property=\"og:image:width\" content=\"1500\" \/>\n\t<meta property=\"og:image:height\" content=\"975\" \/>\n\t<meta property=\"og:image:type\" content=\"image\/jpeg\" \/>\n<meta name=\"author\" content=\"Poliana Santos\" \/>\n<meta name=\"twitter:card\" content=\"summary_large_image\" \/>\n<meta name=\"twitter:creator\" content=\"@sunoresearch\" \/>\n<meta name=\"twitter:site\" content=\"@sunoresearch\" \/>\n<meta name=\"twitter:label1\" content=\"Escrito por\" \/>\n\t<meta name=\"twitter:data1\" content=\"Poliana Santos\" \/>\n\t<meta name=\"twitter:label2\" content=\"Est. tempo de leitura\" \/>\n\t<meta name=\"twitter:data2\" content=\"2 minutos\" \/>\n<script type=\"application\/ld+json\" class=\"yoast-schema-graph\">{\"@context\":\"https:\/\/schema.org\",\"@graph\":[{\"@type\":\"NewsArticle\",\"@id\":\"https:\/\/www.suno.com.br\/noticias\/opep-reduz-projecao-de-demanda-global-por-petroleo-em-2020\/#article\",\"isPartOf\":{\"@id\":\"https:\/\/www.suno.com.br\/noticias\/opep-reduz-projecao-de-demanda-global-por-petroleo-em-2020\/\"},\"author\":{\"name\":\"Poliana Santos\",\"@id\":\"https:\/\/www.suno.com.br\/noticias\/#\/schema\/person\/02ec1f752758247878a2bf4abee1aeda\"},\"headline\":\"Opep reduz proje\u00e7\u00e3o de demanda global por petr\u00f3leo em 2020\",\"datePublished\":\"2020-05-13T15:44:37+00:00\",\"mainEntityOfPage\":{\"@id\":\"https:\/\/www.suno.com.br\/noticias\/opep-reduz-projecao-de-demanda-global-por-petroleo-em-2020\/\"},\"wordCount\":393,\"publisher\":{\"@id\":\"https:\/\/www.suno.com.br\/noticias\/#organization\"},\"image\":{\"@id\":\"https:\/\/www.suno.com.br\/noticias\/opep-reduz-projecao-de-demanda-global-por-petroleo-em-2020\/#primaryimage\"},\"thumbnailUrl\":\"https:\/\/files.sunoresearch.com.br\/n\/uploads\/2020\/04\/18c0cbe5-petroleo-jpg.webp\",\"keywords\":[\"OPEP\",\"Petr\u00f3leo\"],\"articleSection\":[\"Internacional\"],\"inLanguage\":\"pt-BR\"},{\"@type\":\"WebPage\",\"@id\":\"https:\/\/www.suno.com.br\/noticias\/opep-reduz-projecao-de-demanda-global-por-petroleo-em-2020\/\",\"url\":\"https:\/\/www.suno.com.br\/noticias\/opep-reduz-projecao-de-demanda-global-por-petroleo-em-2020\/\",\"name\":\"Opep reduz proje\u00e7\u00e3o de demanda global por petr\u00f3leo em 2020\",\"isPartOf\":{\"@id\":\"https:\/\/www.suno.com.br\/noticias\/#website\"},\"primaryImageOfPage\":{\"@id\":\"https:\/\/www.suno.com.br\/noticias\/opep-reduz-projecao-de-demanda-global-por-petroleo-em-2020\/#primaryimage\"},\"image\":{\"@id\":\"https:\/\/www.suno.com.br\/noticias\/opep-reduz-projecao-de-demanda-global-por-petroleo-em-2020\/#primaryimage\"},\"thumbnailUrl\":\"https:\/\/files.sunoresearch.com.br\/n\/uploads\/2020\/04\/18c0cbe5-petroleo-jpg.webp\",\"datePublished\":\"2020-05-13T15:44:37+00:00\",\"description\":\"A Opep cortou novamente, nesta quarta-feira (13), sua proje\u00e7\u00e3o para demanda global da commodity em 2020. Clique aqui e saiba mais\",\"breadcrumb\":{\"@id\":\"https:\/\/www.suno.com.br\/noticias\/opep-reduz-projecao-de-demanda-global-por-petroleo-em-2020\/#breadcrumb\"},\"inLanguage\":\"pt-BR\",\"potentialAction\":[{\"@type\":\"ReadAction\",\"target\":[\"https:\/\/www.suno.com.br\/noticias\/opep-reduz-projecao-de-demanda-global-por-petroleo-em-2020\/\"]}]},{\"@type\":\"ImageObject\",\"inLanguage\":\"pt-BR\",\"@id\":\"https:\/\/www.suno.com.br\/noticias\/opep-reduz-projecao-de-demanda-global-por-petroleo-em-2020\/#primaryimage\",\"url\":\"https:\/\/files.sunoresearch.com.br\/n\/uploads\/2020\/04\/18c0cbe5-petroleo-jpg.webp\",\"contentUrl\":\"https:\/\/files.sunoresearch.com.br\/n\/uploads\/2020\/04\/18c0cbe5-petroleo-jpg.webp\",\"width\":1500,\"height\":975,\"caption\":\"Petr\u00f3leo. Foto: Pixabay\"},{\"@type\":\"BreadcrumbList\",\"@id\":\"https:\/\/www.suno.com.br\/noticias\/opep-reduz-projecao-de-demanda-global-por-petroleo-em-2020\/#breadcrumb\",\"itemListElement\":[{\"@type\":\"ListItem\",\"position\":1,\"name\":\"Not\u00edcias\",\"item\":\"https:\/\/www.suno.com.br\/noticias\/\"},{\"@type\":\"ListItem\",\"position\":2,\"name\":\"Internacional\",\"item\":\"https:\/\/www.suno.com.br\/noticias\/internacional\/\"},{\"@type\":\"ListItem\",\"position\":3,\"name\":\"Opep reduz proje\u00e7\u00e3o de demanda global por petr\u00f3leo em 2020\"}]},{\"@type\":\"WebSite\",\"@id\":\"https:\/\/www.suno.com.br\/noticias\/#website\",\"url\":\"https:\/\/www.suno.com.br\/noticias\/\",\"name\":\"Suno Not\u00edcias\",\"description\":\"Seu portal de informa\u00e7\u00e3o sobre o mundo dos investimentos\",\"publisher\":{\"@id\":\"https:\/\/www.suno.com.br\/noticias\/#organization\"},\"potentialAction\":[{\"@type\":\"SearchAction\",\"target\":{\"@type\":\"EntryPoint\",\"urlTemplate\":\"https:\/\/www.suno.com.br\/noticias\/?s={search_term_string}\"},\"query-input\":{\"@type\":\"PropertyValueSpecification\",\"valueRequired\":true,\"valueName\":\"search_term_string\"}}],\"inLanguage\":\"pt-BR\"},{\"@type\":\"Organization\",\"@id\":\"https:\/\/www.suno.com.br\/noticias\/#organization\",\"name\":\"Suno Not\u00edcias\",\"url\":\"https:\/\/www.suno.com.br\/noticias\/\",\"logo\":{\"@type\":\"ImageObject\",\"inLanguage\":\"pt-BR\",\"@id\":\"https:\/\/www.suno.com.br\/noticias\/#\/schema\/logo\/image\/\",\"url\":\"https:\/\/files.sunoresearch.com.br\/n\/uploads\/2021\/09\/suno-logo.png\",\"contentUrl\":\"https:\/\/files.sunoresearch.com.br\/n\/uploads\/2021\/09\/suno-logo.png\",\"width\":180,\"height\":180,\"caption\":\"Suno Not\u00edcias\"},\"image\":{\"@id\":\"https:\/\/www.suno.com.br\/noticias\/#\/schema\/logo\/image\/\"},\"sameAs\":[\"https:\/\/facebook.com\/sunoresearch\",\"https:\/\/x.com\/sunoresearch\",\"https:\/\/www.instagram.com\/suno\",\"https:\/\/www.linkedin.com\/company\/suno-research\/\",\"https:\/\/www.youtube.com\/c\/sunoresearch\"]},{\"@type\":\"Person\",\"@id\":\"https:\/\/www.suno.com.br\/noticias\/#\/schema\/person\/02ec1f752758247878a2bf4abee1aeda\",\"name\":\"Poliana Santos\",\"image\":{\"@type\":\"ImageObject\",\"inLanguage\":\"pt-BR\",\"@id\":\"https:\/\/www.suno.com.br\/noticias\/#\/schema\/person\/image\/\",\"url\":\"https:\/\/secure.gravatar.com\/avatar\/0645bd32f23d87b2130f2b2dff1d3f8d?s=96&r=g\",\"contentUrl\":\"https:\/\/secure.gravatar.com\/avatar\/0645bd32f23d87b2130f2b2dff1d3f8d?s=96&r=g\",\"caption\":\"Poliana Santos\"},\"description\":\"Rep\u00f3rter no Suno Not\u00edcias, com cobertura em mercado financeiro, economia, finan\u00e7as pessoais, renda fixa e varejo. Jornalista formada pela Faculdade C\u00e1sper L\u00edbero e possui passagem na R\u00e1dio Gazeta AM com a produ\u00e7\u00e3o de conte\u00fado sobre economia, pol\u00edtica, sa\u00fade, moda e m\u00fasica. Possui certificado de conclus\u00e3o do curso de An\u00e1lise de Balan\u00e7os pela Funda\u00e7\u00e3o Bradesco, Agenda Brasil pela FAAP, Educa\u00e7\u00e3o Pol\u00edtica por Alexandre Garcia e do Tesouro Direto e Mercado de A\u00e7\u00f5es pela B3.\",\"url\":\"https:\/\/www.suno.com.br\/noticias\/author\/poliana-santos\/\"}]}<\/script>\n<!-- \/ Yoast SEO plugin. -->","yoast_head_json":{"title":"Opep reduz proje\u00e7\u00e3o de demanda global por petr\u00f3leo em 2020","description":"A Opep cortou novamente, nesta quarta-feira (13), sua proje\u00e7\u00e3o para demanda global da commodity em 2020. Clique aqui e saiba mais","robots":{"index":"index","follow":"follow","max-snippet":"max-snippet:-1","max-image-preview":"max-image-preview:large","max-video-preview":"max-video-preview:-1"},"canonical":"https:\/\/www.suno.com.br\/noticias\/opep-reduz-projecao-de-demanda-global-por-petroleo-em-2020\/","og_locale":"pt_BR","og_type":"article","og_title":"Opep reduz proje\u00e7\u00e3o de demanda global por petr\u00f3leo em 2020","og_description":"A Opep cortou novamente, nesta quarta-feira (13), sua proje\u00e7\u00e3o para demanda global da commodity em 2020. Clique aqui e saiba mais","og_url":"https:\/\/www.suno.com.br\/noticias\/opep-reduz-projecao-de-demanda-global-por-petroleo-em-2020\/","og_site_name":"Suno Not\u00edcias","article_publisher":"https:\/\/facebook.com\/sunoresearch","og_image":[{"width":1500,"height":975,"url":"https:\/\/files.sunoresearch.com.br\/n\/uploads\/2020\/04\/18c0cbe5-petroleo.jpg","type":"image\/jpeg"}],"author":"Poliana Santos","twitter_card":"summary_large_image","twitter_creator":"@sunoresearch","twitter_site":"@sunoresearch","twitter_misc":{"Escrito por":"Poliana Santos","Est. tempo de leitura":"2 minutos"},"schema":{"@context":"https:\/\/schema.org","@graph":[{"@type":"NewsArticle","@id":"https:\/\/www.suno.com.br\/noticias\/opep-reduz-projecao-de-demanda-global-por-petroleo-em-2020\/#article","isPartOf":{"@id":"https:\/\/www.suno.com.br\/noticias\/opep-reduz-projecao-de-demanda-global-por-petroleo-em-2020\/"},"author":{"name":"Poliana Santos","@id":"https:\/\/www.suno.com.br\/noticias\/#\/schema\/person\/02ec1f752758247878a2bf4abee1aeda"},"headline":"Opep reduz proje\u00e7\u00e3o de demanda global por petr\u00f3leo em 2020","datePublished":"2020-05-13T15:44:37+00:00","mainEntityOfPage":{"@id":"https:\/\/www.suno.com.br\/noticias\/opep-reduz-projecao-de-demanda-global-por-petroleo-em-2020\/"},"wordCount":393,"publisher":{"@id":"https:\/\/www.suno.com.br\/noticias\/#organization"},"image":{"@id":"https:\/\/www.suno.com.br\/noticias\/opep-reduz-projecao-de-demanda-global-por-petroleo-em-2020\/#primaryimage"},"thumbnailUrl":"https:\/\/files.sunoresearch.com.br\/n\/uploads\/2020\/04\/18c0cbe5-petroleo-jpg.webp","keywords":["OPEP","Petr\u00f3leo"],"articleSection":["Internacional"],"inLanguage":"pt-BR"},{"@type":"WebPage","@id":"https:\/\/www.suno.com.br\/noticias\/opep-reduz-projecao-de-demanda-global-por-petroleo-em-2020\/","url":"https:\/\/www.suno.com.br\/noticias\/opep-reduz-projecao-de-demanda-global-por-petroleo-em-2020\/","name":"Opep reduz proje\u00e7\u00e3o de demanda global por petr\u00f3leo em 2020","isPartOf":{"@id":"https:\/\/www.suno.com.br\/noticias\/#website"},"primaryImageOfPage":{"@id":"https:\/\/www.suno.com.br\/noticias\/opep-reduz-projecao-de-demanda-global-por-petroleo-em-2020\/#primaryimage"},"image":{"@id":"https:\/\/www.suno.com.br\/noticias\/opep-reduz-projecao-de-demanda-global-por-petroleo-em-2020\/#primaryimage"},"thumbnailUrl":"https:\/\/files.sunoresearch.com.br\/n\/uploads\/2020\/04\/18c0cbe5-petroleo-jpg.webp","datePublished":"2020-05-13T15:44:37+00:00","description":"A Opep cortou novamente, nesta quarta-feira (13), sua proje\u00e7\u00e3o para demanda global da commodity em 2020. Clique aqui e saiba mais","breadcrumb":{"@id":"https:\/\/www.suno.com.br\/noticias\/opep-reduz-projecao-de-demanda-global-por-petroleo-em-2020\/#breadcrumb"},"inLanguage":"pt-BR","potentialAction":[{"@type":"ReadAction","target":["https:\/\/www.suno.com.br\/noticias\/opep-reduz-projecao-de-demanda-global-por-petroleo-em-2020\/"]}]},{"@type":"ImageObject","inLanguage":"pt-BR","@id":"https:\/\/www.suno.com.br\/noticias\/opep-reduz-projecao-de-demanda-global-por-petroleo-em-2020\/#primaryimage","url":"https:\/\/files.sunoresearch.com.br\/n\/uploads\/2020\/04\/18c0cbe5-petroleo-jpg.webp","contentUrl":"https:\/\/files.sunoresearch.com.br\/n\/uploads\/2020\/04\/18c0cbe5-petroleo-jpg.webp","width":1500,"height":975,"caption":"Petr\u00f3leo. Foto: Pixabay"},{"@type":"BreadcrumbList","@id":"https:\/\/www.suno.com.br\/noticias\/opep-reduz-projecao-de-demanda-global-por-petroleo-em-2020\/#breadcrumb","itemListElement":[{"@type":"ListItem","position":1,"name":"Not\u00edcias","item":"https:\/\/www.suno.com.br\/noticias\/"},{"@type":"ListItem","position":2,"name":"Internacional","item":"https:\/\/www.suno.com.br\/noticias\/internacional\/"},{"@type":"ListItem","position":3,"name":"Opep reduz proje\u00e7\u00e3o de demanda global por petr\u00f3leo em 2020"}]},{"@type":"WebSite","@id":"https:\/\/www.suno.com.br\/noticias\/#website","url":"https:\/\/www.suno.com.br\/noticias\/","name":"Suno Not\u00edcias","description":"Seu portal de informa\u00e7\u00e3o sobre o mundo dos investimentos","publisher":{"@id":"https:\/\/www.suno.com.br\/noticias\/#organization"},"potentialAction":[{"@type":"SearchAction","target":{"@type":"EntryPoint","urlTemplate":"https:\/\/www.suno.com.br\/noticias\/?s={search_term_string}"},"query-input":{"@type":"PropertyValueSpecification","valueRequired":true,"valueName":"search_term_string"}}],"inLanguage":"pt-BR"},{"@type":"Organization","@id":"https:\/\/www.suno.com.br\/noticias\/#organization","name":"Suno Not\u00edcias","url":"https:\/\/www.suno.com.br\/noticias\/","logo":{"@type":"ImageObject","inLanguage":"pt-BR","@id":"https:\/\/www.suno.com.br\/noticias\/#\/schema\/logo\/image\/","url":"https:\/\/files.sunoresearch.com.br\/n\/uploads\/2021\/09\/suno-logo.png","contentUrl":"https:\/\/files.sunoresearch.com.br\/n\/uploads\/2021\/09\/suno-logo.png","width":180,"height":180,"caption":"Suno Not\u00edcias"},"image":{"@id":"https:\/\/www.suno.com.br\/noticias\/#\/schema\/logo\/image\/"},"sameAs":["https:\/\/facebook.com\/sunoresearch","https:\/\/x.com\/sunoresearch","https:\/\/www.instagram.com\/suno","https:\/\/www.linkedin.com\/company\/suno-research\/","https:\/\/www.youtube.com\/c\/sunoresearch"]},{"@type":"Person","@id":"https:\/\/www.suno.com.br\/noticias\/#\/schema\/person\/02ec1f752758247878a2bf4abee1aeda","name":"Poliana Santos","image":{"@type":"ImageObject","inLanguage":"pt-BR","@id":"https:\/\/www.suno.com.br\/noticias\/#\/schema\/person\/image\/","url":"https:\/\/secure.gravatar.com\/avatar\/0645bd32f23d87b2130f2b2dff1d3f8d?s=96&r=g","contentUrl":"https:\/\/secure.gravatar.com\/avatar\/0645bd32f23d87b2130f2b2dff1d3f8d?s=96&r=g","caption":"Poliana Santos"},"description":"Rep\u00f3rter no Suno Not\u00edcias, com cobertura em mercado financeiro, economia, finan\u00e7as pessoais, renda fixa e varejo. Jornalista formada pela Faculdade C\u00e1sper L\u00edbero e possui passagem na R\u00e1dio Gazeta AM com a produ\u00e7\u00e3o de conte\u00fado sobre economia, pol\u00edtica, sa\u00fade, moda e m\u00fasica. Possui certificado de conclus\u00e3o do curso de An\u00e1lise de Balan\u00e7os pela Funda\u00e7\u00e3o Bradesco, Agenda Brasil pela FAAP, Educa\u00e7\u00e3o Pol\u00edtica por Alexandre Garcia e do Tesouro Direto e Mercado de A\u00e7\u00f5es pela B3.","url":"https:\/\/www.suno.com.br\/noticias\/author\/poliana-santos\/"}]}},"default_loop_html":"<div class=\"cardsPage__listCard__boxs\"><div class=\"cardsPage__listCard__boxs__img\"><a href=\"https:\/\/www.suno.com.br\/noticias\/opep-reduz-projecao-de-demanda-global-por-petroleo-em-2020\/\"><img class=\"mask\" src=\"https:\/\/www.suno.com.br\/noticias\/wp-content\/themes\/suno\/resources\/images\/spotlight\/spotlight1img\/bg-mask.png\" alt=\"Image Mask\"\/><img src=\"https:\/\/files.sunoresearch.com.br\/n\/uploads\/2020\/04\/18c0cbe5-petroleo-400x200.webp\" alt=\"Opep reduz proje\u00e7\u00e3o de demanda global por petr\u00f3leo em 2020\"\/><\/a><span class=\"spotlightCategory\"><a href=\"https:\/\/www.suno.com.br\/noticias\/internacional\/\">Internacional<\/a><\/span><\/div><div class=\"cardsPage__listCard__boxs__content\"><a href=\"https:\/\/www.suno.com.br\/noticias\/opep-reduz-projecao-de-demanda-global-por-petroleo-em-2020\/\"><h2 class=\"content__title\">Opep reduz proje\u00e7\u00e3o de demanda global por petr\u00f3leo em 2020<\/h2><\/a><div class=\"newsContent__article__meta\"><div class=\"newsContent__article__meta__authorBox\"><a href=\"https:\/\/www.suno.com.br\/noticias\/author\/poliana-santos\/\" class=\"authorBox__avatar noMobi\"><img src=\"https:\/\/files.sunoresearch.com.br\/n\/uploads\/2020\/08\/7ef34026-whatsapp-image-2020-08-03-at-12.37.57-150x150.webp\" alt=\"Poliana Santos\"><\/a><div class=\"authorBox__name\"><span>por\n\t\t\t<a href=\"https:\/\/www.suno.com.br\/noticias\/author\/poliana-santos\/\"><span itemprop=\"author\">Poliana Santos<\/span><\/a><\/span><time datetime=\"2020-05-13T12:44:37-03:00\" itemprop=\"datePublished\">13\/05\/2020 12:44<\/time><\/div><\/div><\/div><\/div><\/div>","single_layout":"posts","amp_enabled":true,"_links":{"self":[{"href":"https:\/\/www.suno.com.br\/noticias\/wp-json\/wp\/v2\/posts\/64598"}],"collection":[{"href":"https:\/\/www.suno.com.br\/noticias\/wp-json\/wp\/v2\/posts"}],"about":[{"href":"https:\/\/www.suno.com.br\/noticias\/wp-json\/wp\/v2\/types\/post"}],"author":[{"embeddable":true,"href":"https:\/\/www.suno.com.br\/noticias\/wp-json\/wp\/v2\/users\/15"}],"replies":[{"embeddable":true,"href":"https:\/\/www.suno.com.br\/noticias\/wp-json\/wp\/v2\/comments?post=64598"}],"version-history":[{"count":0,"href":"https:\/\/www.suno.com.br\/noticias\/wp-json\/wp\/v2\/posts\/64598\/revisions"}],"wp:featuredmedia":[{"embeddable":true,"href":"https:\/\/www.suno.com.br\/noticias\/wp-json\/wp\/v2\/media\/60136"}],"wp:attachment":[{"href":"https:\/\/www.suno.com.br\/noticias\/wp-json\/wp\/v2\/media?parent=64598"}],"wp:term":[{"taxonomy":"category","embeddable":true,"href":"https:\/\/www.suno.com.br\/noticias\/wp-json\/wp\/v2\/categories?post=64598"},{"taxonomy":"post_tag","embeddable":true,"href":"https:\/\/www.suno.com.br\/noticias\/wp-json\/wp\/v2\/tags?post=64598"},{"taxonomy":"suno_strategy","embeddable":true,"href":"https:\/\/www.suno.com.br\/noticias\/wp-json\/wp\/v2\/suno_strategy?post=64598"}],"curies":[{"name":"wp","href":"https:\/\/api.w.org\/{rel}","templated":true}]}}