{"id":64580,"date":"2020-05-13T10:43:12","date_gmt":"2020-05-13T13:43:12","guid":{"rendered":"https:\/\/www.suno.com.br\/noticias\/?p=64580"},"modified":"2020-05-13T10:47:39","modified_gmt":"2020-05-13T13:47:39","slug":"ibovespa-abre-em-alta-com-vendas-no-varejo-e-coronavirus-no-radar-13052020","status":"publish","type":"post","link":"https:\/\/www.suno.com.br\/noticias\/ibovespa-abre-em-alta-com-vendas-no-varejo-e-coronavirus-no-radar-13052020\/","title":{"rendered":"Ibovespa abre em alta com vendas no varejo e coronav\u00edrus no radar"},"content":{"rendered":"<p>O <strong><a href=\"https:\/\/www.suno.com.br\/artigos\/ibovespa\/\">Ibovespa<\/a> <\/strong>abre em alta nesta quarta-feira (13) com os assuntos internos no radar.<\/p>\t<div class=\"wrapper-featured-image\">\n\t\t<figure class=\"spotlightImg\">\n\n\t\t\t<picture>\n\t\t\t\t<source media=\"(max-width: 768px)\" srcset=\"https:\/\/files.sunoresearch.com.br\/n\/uploads\/2019\/08\/191b2a55-bolsa-400x200.webp\">\n\t\t\t\t<img loading=\"lazy\" decoding=\"async\" class=\"newsContent__article__imgCapa lazyloadDisabled newsContent__article__imgCapa--noCaption\" src=\"https:\/\/files.sunoresearch.com.br\/n\/uploads\/2019\/08\/191b2a55-bolsa-800x450.webp\" width=\"800\" height=\"450\" alt=\"Ibovespa abre em alta com vendas no varejo e coronav\u00edrus no radar\" fetchpriority=high \/>\n\t\t\t<\/picture>\n\n\t\t\t<figcaption class=\"wp-caption-text wp-caption-text--hide\">ibovespa<\/figcaption>\n\t\t<\/figure>\n\t<\/div>\n\n\n\n<p>Por volta das 10h30, o Ibovespa variava positivamente a 1,07%, alcan\u00e7ando 78.705,69 pontos. O mercado est\u00e1 atento aos dados de vendas no varejo que ca\u00edram 2,5% em mar\u00e7o.<\/p>\n<p><a href=\"https:\/\/lp.suno.com.br\/suno-one\/\">Garanta acesso gratuito \u00e0 eBooks, Minicursos, Artigos e Video Aulas com um \u00fanico cadastro. Clique para saber mais.<\/a><\/p>\n<p>Al\u00e9m disso, o investidor est\u00e1 de olho na libera\u00e7\u00e3o de R$ 8,6 bilh\u00f5es para a reabertura de com\u00e9rcios, e os n\u00fameros de cont\u00e1gios do novo v\u00edrus que tornou o Brasil o 7\u00b0 pa\u00eds com mais casos no mundo.<\/p>\n<h2>Vendas no varejo caem 2,5% em mar\u00e7o<\/h2>\n<p>A pandemia do <a href=\"https:\/\/www.suno.com.br\/noticias\/?s=coronavirus\">novo <strong>coronav\u00edrus<\/strong> (Covid-19)<\/a> fez com que as vendas no varejo brasileiro ca\u00edssem 2,5% em mar\u00e7o deste ano, em rela\u00e7\u00e3o a fevereiro, com ajuste sazonal. Essa \u00e9 a primeira queda ap\u00f3s 11 meses consecutivos de varia\u00e7\u00f5es positivas. A informa\u00e7\u00e3o foi divulgada pelo Instituto Brasileiro de Geografia e Estat\u00edstica (IBGE) nesta quarta-feira (13), por meio da Pesquisa Mensal do Com\u00e9rcio (PMC).<\/p>\n<p>Na s\u00e9rie sem ajuste sazonal, o varejo apresentou uma retra\u00e7\u00e3o de 1,2% em mar\u00e7o deste ano, ap\u00f3s uma alta de 4,7% em fevereiro. As medidas de distanciamento social implementadas para mitigar a dissemina\u00e7\u00e3o da pandemia impactaram o com\u00e9rcio em todo o Brasil. Segundo o IBGE, 14,5% das empresas pesquisadas relataram impacto em suas receitas.<\/p>\n<h2>C\u00e2mara libera R$ 8,6 bi para reabertura da economia<\/h2>\n<p>Em mais uma medida de combate \u00e0 pandemia do novo coronav\u00edrus, a C\u00e2mara dos Deputados aprovou, na \u00faltima ter\u00e7a-feira (12), o texto-base da Medida Provis\u00f3ria (MP) que libera R$ 8,6 bilh\u00f5es para a reabertura do com\u00e9rcio no Pa\u00eds.<\/p>\n<p><a href=\"https:\/\/www.suno.com.br\/noticias\/coronavirus-camara-aprova-auxilio-reabertura-comercio\/\">Saiba Mais: Coronav\u00edrus: C\u00e2mara aprova libera\u00e7\u00e3o de R$ 8,6 bi para reabertura do com\u00e9rcio<\/a><\/p>\n<p>A proposta, que foi votada de forma simb\u00f3lica, trata da extin\u00e7\u00e3o do fundo de reservas monet\u00e1rias. Originalmente, os recursos seriam realocados para o pagamento da d\u00edvida federal, mas ser\u00e3o utilizados no enfrentamento do coronav\u00edrus.<\/p>\n<p>O deputado e relator Luis Miranda (DEM-DF) realizou mudan\u00e7as no texto-base, fazendo com que mesmo os partidos oposicionistas posicionaram-se a favor da proposta. O texto ainda precisa ser analisado pela C\u00e2mara e pelo Senado at\u00e9 a pr\u00f3xima segunda-feira (18), se n\u00e3o perder\u00e1 a validade.<\/p>\n<h2>Covid-19 no Brasil<\/h2>\n<p>De acordo com o levantamento do site de not\u00edcias G1, que contabiliza com os dados da secretarias estaduais de sa\u00fade, foram registradas 12.523 mortes provocadas pela covid-19 e 179.159 casos confirmados nesta quarta-feira.<\/p>\n<p>Segundo o balan\u00e7o do Minist\u00e9rio da Sa\u00fade, divulgado na \u00faltima ter\u00e7a, s\u00e3o 12.400 mortos e 144.589 casos.<\/p>\n<p>Desse modo, o Brasil ultrapassou a Alemanha no n\u00famero de infec\u00e7\u00f5es pelo novo v\u00edrus e se tornou o 7\u00b0 pa\u00eds do mundo com mais casos, conforme apontado pela universidade americana Johns Hopkins.<\/p>\n<h2>Maiores alta e baixas do Ibovespa<\/h2>\n<ul>\n<li><a href=\"https:\/\/www.suno.com.br\/acoes\/brkm5\/\">BRKM5<\/a>: +10,5%<\/li>\n<li><a href=\"https:\/\/www.suno.com.br\/acoes\/jbss3\/\">JBSS3<\/a>: +2,95%<\/li>\n<li><a href=\"https:\/\/www.suno.com.br\/acoes\/vale3\/\">VALE3<\/a>: +2,76%<\/li>\n<li><a href=\"https:\/\/www.suno.com.br\/acoes\/cyre3\/\">CYRE3<\/a>: -2,99%<\/li>\n<li><a href=\"https:\/\/www.suno.com.br\/acoes\/mrve3\/\">MRVE3<\/a>: -2,2%<\/li>\n<li><a href=\"https:\/\/www.suno.com.br\/acoes\/embr3\/\">EMBR3<\/a>: -1,92%<\/li>\n<\/ul>\n<h2>\u00daltima cota\u00e7\u00e3o<\/h2>\n<p>Na \u00faltima sess\u00e3o, ter\u00e7a-feira, o <strong><a href=\"https:\/\/www.suno.com.br\/noticias\/ibovespa-fechamento-queda-12052020\/\">Ibovespa<\/a> <\/strong>encerrou o preg\u00e3o em queda de 1,51%, a 77.871,95 pontos.<\/p>\n\n","protected":false},"excerpt":{"rendered":"<p>O Ibovespa abre em alta nesta quarta-feira (13) com os assuntos internos no radar. ibovespa Por volta das 10h30, o Ibovespa variava positivamente a 1,07%, alcan\u00e7ando 78.705,69 pontos. O mercado est\u00e1 atento aos dados de vendas no varejo que ca\u00edram 2,5% em mar\u00e7o. Garanta acesso gratuito \u00e0 eBooks, Minicursos, Artigos e Video Aulas com um [&hellip;]<\/p>\n","protected":false},"author":15,"featured_media":34642,"comment_status":"closed","ping_status":"closed","sticky":false,"template":"","format":"standard","meta":[],"categories":[60],"tags":[2487,721,803],"suno_strategy":[],"class_list":["post-64580","post","type-post","status-publish","format-standard","has-post-thumbnail","hentry","category-mercado","tag-coronavirus","tag-ibovespa","tag-varejo"],"yoast_head":"<!-- This site is optimized with the Yoast SEO plugin v24.4 - https:\/\/yoast.com\/wordpress\/plugins\/seo\/ -->\n<title>Ibovespa abre em alta com vendas no varejo no radar<\/title>\n<meta name=\"description\" content=\"Por volta das 10h30, nesta quarta-feira (13) o Ibovespa variava positivamente a 1,07%, alcan\u00e7ando 78.705,69 pontos. Clique aqui e saiba mais\" \/>\n<meta name=\"robots\" content=\"index, follow, max-snippet:-1, max-image-preview:large, max-video-preview:-1\" \/>\n<link rel=\"canonical\" href=\"https:\/\/www.suno.com.br\/noticias\/ibovespa-abre-em-alta-com-vendas-no-varejo-e-coronavirus-no-radar-13052020\/\" \/>\n<meta property=\"og:locale\" content=\"pt_BR\" \/>\n<meta property=\"og:type\" content=\"article\" \/>\n<meta property=\"og:title\" content=\"Ibovespa abre em alta com vendas no varejo no radar\" \/>\n<meta property=\"og:description\" content=\"Por volta das 10h30, nesta quarta-feira (13) o Ibovespa variava positivamente a 1,07%, alcan\u00e7ando 78.705,69 pontos. Clique aqui e saiba mais\" \/>\n<meta property=\"og:url\" content=\"https:\/\/www.suno.com.br\/noticias\/ibovespa-abre-em-alta-com-vendas-no-varejo-e-coronavirus-no-radar-13052020\/\" \/>\n<meta property=\"og:site_name\" content=\"Suno Not\u00edcias\" \/>\n<meta property=\"article:publisher\" content=\"https:\/\/facebook.com\/sunoresearch\" \/>\n<meta property=\"og:image\" content=\"https:\/\/files.sunoresearch.com.br\/n\/uploads\/2019\/08\/191b2a55-bolsa.jpg\" \/>\n\t<meta property=\"og:image:width\" content=\"2300\" \/>\n\t<meta property=\"og:image:height\" content=\"1563\" \/>\n\t<meta property=\"og:image:type\" content=\"image\/jpeg\" \/>\n<meta name=\"author\" content=\"Poliana Santos\" \/>\n<meta name=\"twitter:card\" content=\"summary_large_image\" \/>\n<meta name=\"twitter:creator\" content=\"@sunoresearch\" \/>\n<meta name=\"twitter:site\" content=\"@sunoresearch\" \/>\n<meta name=\"twitter:label1\" content=\"Escrito por\" \/>\n\t<meta name=\"twitter:data1\" content=\"Poliana Santos\" \/>\n\t<meta name=\"twitter:label2\" content=\"Est. tempo de leitura\" \/>\n\t<meta name=\"twitter:data2\" content=\"3 minutos\" \/>\n<script type=\"application\/ld+json\" class=\"yoast-schema-graph\">{\"@context\":\"https:\/\/schema.org\",\"@graph\":[{\"@type\":\"NewsArticle\",\"@id\":\"https:\/\/www.suno.com.br\/noticias\/ibovespa-abre-em-alta-com-vendas-no-varejo-e-coronavirus-no-radar-13052020\/#article\",\"isPartOf\":{\"@id\":\"https:\/\/www.suno.com.br\/noticias\/ibovespa-abre-em-alta-com-vendas-no-varejo-e-coronavirus-no-radar-13052020\/\"},\"author\":{\"name\":\"Poliana Santos\",\"@id\":\"https:\/\/www.suno.com.br\/noticias\/#\/schema\/person\/02ec1f752758247878a2bf4abee1aeda\"},\"headline\":\"Ibovespa abre em alta com vendas no varejo e coronav\u00edrus no radar\",\"datePublished\":\"2020-05-13T13:43:12+00:00\",\"dateModified\":\"2020-05-13T13:47:39+00:00\",\"mainEntityOfPage\":{\"@id\":\"https:\/\/www.suno.com.br\/noticias\/ibovespa-abre-em-alta-com-vendas-no-varejo-e-coronavirus-no-radar-13052020\/\"},\"wordCount\":535,\"publisher\":{\"@id\":\"https:\/\/www.suno.com.br\/noticias\/#organization\"},\"image\":{\"@id\":\"https:\/\/www.suno.com.br\/noticias\/ibovespa-abre-em-alta-com-vendas-no-varejo-e-coronavirus-no-radar-13052020\/#primaryimage\"},\"thumbnailUrl\":\"https:\/\/files.sunoresearch.com.br\/n\/uploads\/2019\/08\/191b2a55-bolsa.jpg\",\"keywords\":[\"coronav\u00edrus\",\"Ibovespa\",\"varejo\"],\"articleSection\":[\"Mercado\"],\"inLanguage\":\"pt-BR\"},{\"@type\":\"WebPage\",\"@id\":\"https:\/\/www.suno.com.br\/noticias\/ibovespa-abre-em-alta-com-vendas-no-varejo-e-coronavirus-no-radar-13052020\/\",\"url\":\"https:\/\/www.suno.com.br\/noticias\/ibovespa-abre-em-alta-com-vendas-no-varejo-e-coronavirus-no-radar-13052020\/\",\"name\":\"Ibovespa abre em alta com vendas no varejo no radar\",\"isPartOf\":{\"@id\":\"https:\/\/www.suno.com.br\/noticias\/#website\"},\"primaryImageOfPage\":{\"@id\":\"https:\/\/www.suno.com.br\/noticias\/ibovespa-abre-em-alta-com-vendas-no-varejo-e-coronavirus-no-radar-13052020\/#primaryimage\"},\"image\":{\"@id\":\"https:\/\/www.suno.com.br\/noticias\/ibovespa-abre-em-alta-com-vendas-no-varejo-e-coronavirus-no-radar-13052020\/#primaryimage\"},\"thumbnailUrl\":\"https:\/\/files.sunoresearch.com.br\/n\/uploads\/2019\/08\/191b2a55-bolsa.jpg\",\"datePublished\":\"2020-05-13T13:43:12+00:00\",\"dateModified\":\"2020-05-13T13:47:39+00:00\",\"description\":\"Por volta das 10h30, nesta quarta-feira (13) o Ibovespa variava positivamente a 1,07%, alcan\u00e7ando 78.705,69 pontos. Clique aqui e saiba mais\",\"breadcrumb\":{\"@id\":\"https:\/\/www.suno.com.br\/noticias\/ibovespa-abre-em-alta-com-vendas-no-varejo-e-coronavirus-no-radar-13052020\/#breadcrumb\"},\"inLanguage\":\"pt-BR\",\"potentialAction\":[{\"@type\":\"ReadAction\",\"target\":[\"https:\/\/www.suno.com.br\/noticias\/ibovespa-abre-em-alta-com-vendas-no-varejo-e-coronavirus-no-radar-13052020\/\"]}]},{\"@type\":\"ImageObject\",\"inLanguage\":\"pt-BR\",\"@id\":\"https:\/\/www.suno.com.br\/noticias\/ibovespa-abre-em-alta-com-vendas-no-varejo-e-coronavirus-no-radar-13052020\/#primaryimage\",\"url\":\"https:\/\/files.sunoresearch.com.br\/n\/uploads\/2019\/08\/191b2a55-bolsa.jpg\",\"contentUrl\":\"https:\/\/files.sunoresearch.com.br\/n\/uploads\/2019\/08\/191b2a55-bolsa.jpg\",\"width\":2300,\"height\":1563,\"caption\":\"ibovespa\"},{\"@type\":\"BreadcrumbList\",\"@id\":\"https:\/\/www.suno.com.br\/noticias\/ibovespa-abre-em-alta-com-vendas-no-varejo-e-coronavirus-no-radar-13052020\/#breadcrumb\",\"itemListElement\":[{\"@type\":\"ListItem\",\"position\":1,\"name\":\"Not\u00edcias\",\"item\":\"https:\/\/www.suno.com.br\/noticias\/\"},{\"@type\":\"ListItem\",\"position\":2,\"name\":\"Mercado\",\"item\":\"https:\/\/www.suno.com.br\/noticias\/mercado\/\"},{\"@type\":\"ListItem\",\"position\":3,\"name\":\"Ibovespa abre em alta com vendas no varejo e coronav\u00edrus no radar\"}]},{\"@type\":\"WebSite\",\"@id\":\"https:\/\/www.suno.com.br\/noticias\/#website\",\"url\":\"https:\/\/www.suno.com.br\/noticias\/\",\"name\":\"Suno Not\u00edcias\",\"description\":\"Seu portal de informa\u00e7\u00e3o sobre o mundo dos investimentos\",\"publisher\":{\"@id\":\"https:\/\/www.suno.com.br\/noticias\/#organization\"},\"potentialAction\":[{\"@type\":\"SearchAction\",\"target\":{\"@type\":\"EntryPoint\",\"urlTemplate\":\"https:\/\/www.suno.com.br\/noticias\/?s={search_term_string}\"},\"query-input\":{\"@type\":\"PropertyValueSpecification\",\"valueRequired\":true,\"valueName\":\"search_term_string\"}}],\"inLanguage\":\"pt-BR\"},{\"@type\":\"Organization\",\"@id\":\"https:\/\/www.suno.com.br\/noticias\/#organization\",\"name\":\"Suno Not\u00edcias\",\"url\":\"https:\/\/www.suno.com.br\/noticias\/\",\"logo\":{\"@type\":\"ImageObject\",\"inLanguage\":\"pt-BR\",\"@id\":\"https:\/\/www.suno.com.br\/noticias\/#\/schema\/logo\/image\/\",\"url\":\"https:\/\/files.sunoresearch.com.br\/n\/uploads\/2021\/09\/suno-logo.png\",\"contentUrl\":\"https:\/\/files.sunoresearch.com.br\/n\/uploads\/2021\/09\/suno-logo.png\",\"width\":180,\"height\":180,\"caption\":\"Suno Not\u00edcias\"},\"image\":{\"@id\":\"https:\/\/www.suno.com.br\/noticias\/#\/schema\/logo\/image\/\"},\"sameAs\":[\"https:\/\/facebook.com\/sunoresearch\",\"https:\/\/x.com\/sunoresearch\",\"https:\/\/www.instagram.com\/suno\",\"https:\/\/www.linkedin.com\/company\/suno-research\/\",\"https:\/\/www.youtube.com\/c\/sunoresearch\"]},{\"@type\":\"Person\",\"@id\":\"https:\/\/www.suno.com.br\/noticias\/#\/schema\/person\/02ec1f752758247878a2bf4abee1aeda\",\"name\":\"Poliana Santos\",\"image\":{\"@type\":\"ImageObject\",\"inLanguage\":\"pt-BR\",\"@id\":\"https:\/\/www.suno.com.br\/noticias\/#\/schema\/person\/image\/\",\"url\":\"https:\/\/secure.gravatar.com\/avatar\/0645bd32f23d87b2130f2b2dff1d3f8d?s=96&r=g\",\"contentUrl\":\"https:\/\/secure.gravatar.com\/avatar\/0645bd32f23d87b2130f2b2dff1d3f8d?s=96&r=g\",\"caption\":\"Poliana Santos\"},\"description\":\"Rep\u00f3rter no Suno Not\u00edcias, com cobertura em mercado financeiro, economia, finan\u00e7as pessoais, renda fixa e varejo. Jornalista formada pela Faculdade C\u00e1sper L\u00edbero e possui passagem na R\u00e1dio Gazeta AM com a produ\u00e7\u00e3o de conte\u00fado sobre economia, pol\u00edtica, sa\u00fade, moda e m\u00fasica. Possui certificado de conclus\u00e3o do curso de An\u00e1lise de Balan\u00e7os pela Funda\u00e7\u00e3o Bradesco, Agenda Brasil pela FAAP, Educa\u00e7\u00e3o Pol\u00edtica por Alexandre Garcia e do Tesouro Direto e Mercado de A\u00e7\u00f5es pela B3.\",\"url\":\"https:\/\/www.suno.com.br\/noticias\/author\/poliana-santos\/\"}]}<\/script>\n<!-- \/ Yoast SEO plugin. -->","yoast_head_json":{"title":"Ibovespa abre em alta com vendas no varejo no radar","description":"Por volta das 10h30, nesta quarta-feira (13) o Ibovespa variava positivamente a 1,07%, alcan\u00e7ando 78.705,69 pontos. Clique aqui e saiba mais","robots":{"index":"index","follow":"follow","max-snippet":"max-snippet:-1","max-image-preview":"max-image-preview:large","max-video-preview":"max-video-preview:-1"},"canonical":"https:\/\/www.suno.com.br\/noticias\/ibovespa-abre-em-alta-com-vendas-no-varejo-e-coronavirus-no-radar-13052020\/","og_locale":"pt_BR","og_type":"article","og_title":"Ibovespa abre em alta com vendas no varejo no radar","og_description":"Por volta das 10h30, nesta quarta-feira (13) o Ibovespa variava positivamente a 1,07%, alcan\u00e7ando 78.705,69 pontos. Clique aqui e saiba mais","og_url":"https:\/\/www.suno.com.br\/noticias\/ibovespa-abre-em-alta-com-vendas-no-varejo-e-coronavirus-no-radar-13052020\/","og_site_name":"Suno Not\u00edcias","article_publisher":"https:\/\/facebook.com\/sunoresearch","og_image":[{"width":2300,"height":1563,"url":"https:\/\/files.sunoresearch.com.br\/n\/uploads\/2019\/08\/191b2a55-bolsa.jpg","type":"image\/jpeg"}],"author":"Poliana Santos","twitter_card":"summary_large_image","twitter_creator":"@sunoresearch","twitter_site":"@sunoresearch","twitter_misc":{"Escrito por":"Poliana Santos","Est. tempo de leitura":"3 minutos"},"schema":{"@context":"https:\/\/schema.org","@graph":[{"@type":"NewsArticle","@id":"https:\/\/www.suno.com.br\/noticias\/ibovespa-abre-em-alta-com-vendas-no-varejo-e-coronavirus-no-radar-13052020\/#article","isPartOf":{"@id":"https:\/\/www.suno.com.br\/noticias\/ibovespa-abre-em-alta-com-vendas-no-varejo-e-coronavirus-no-radar-13052020\/"},"author":{"name":"Poliana Santos","@id":"https:\/\/www.suno.com.br\/noticias\/#\/schema\/person\/02ec1f752758247878a2bf4abee1aeda"},"headline":"Ibovespa abre em alta com vendas no varejo e coronav\u00edrus no radar","datePublished":"2020-05-13T13:43:12+00:00","dateModified":"2020-05-13T13:47:39+00:00","mainEntityOfPage":{"@id":"https:\/\/www.suno.com.br\/noticias\/ibovespa-abre-em-alta-com-vendas-no-varejo-e-coronavirus-no-radar-13052020\/"},"wordCount":535,"publisher":{"@id":"https:\/\/www.suno.com.br\/noticias\/#organization"},"image":{"@id":"https:\/\/www.suno.com.br\/noticias\/ibovespa-abre-em-alta-com-vendas-no-varejo-e-coronavirus-no-radar-13052020\/#primaryimage"},"thumbnailUrl":"https:\/\/files.sunoresearch.com.br\/n\/uploads\/2019\/08\/191b2a55-bolsa.jpg","keywords":["coronav\u00edrus","Ibovespa","varejo"],"articleSection":["Mercado"],"inLanguage":"pt-BR"},{"@type":"WebPage","@id":"https:\/\/www.suno.com.br\/noticias\/ibovespa-abre-em-alta-com-vendas-no-varejo-e-coronavirus-no-radar-13052020\/","url":"https:\/\/www.suno.com.br\/noticias\/ibovespa-abre-em-alta-com-vendas-no-varejo-e-coronavirus-no-radar-13052020\/","name":"Ibovespa abre em alta com vendas no varejo no radar","isPartOf":{"@id":"https:\/\/www.suno.com.br\/noticias\/#website"},"primaryImageOfPage":{"@id":"https:\/\/www.suno.com.br\/noticias\/ibovespa-abre-em-alta-com-vendas-no-varejo-e-coronavirus-no-radar-13052020\/#primaryimage"},"image":{"@id":"https:\/\/www.suno.com.br\/noticias\/ibovespa-abre-em-alta-com-vendas-no-varejo-e-coronavirus-no-radar-13052020\/#primaryimage"},"thumbnailUrl":"https:\/\/files.sunoresearch.com.br\/n\/uploads\/2019\/08\/191b2a55-bolsa.jpg","datePublished":"2020-05-13T13:43:12+00:00","dateModified":"2020-05-13T13:47:39+00:00","description":"Por volta das 10h30, nesta quarta-feira (13) o Ibovespa variava positivamente a 1,07%, alcan\u00e7ando 78.705,69 pontos. Clique aqui e saiba mais","breadcrumb":{"@id":"https:\/\/www.suno.com.br\/noticias\/ibovespa-abre-em-alta-com-vendas-no-varejo-e-coronavirus-no-radar-13052020\/#breadcrumb"},"inLanguage":"pt-BR","potentialAction":[{"@type":"ReadAction","target":["https:\/\/www.suno.com.br\/noticias\/ibovespa-abre-em-alta-com-vendas-no-varejo-e-coronavirus-no-radar-13052020\/"]}]},{"@type":"ImageObject","inLanguage":"pt-BR","@id":"https:\/\/www.suno.com.br\/noticias\/ibovespa-abre-em-alta-com-vendas-no-varejo-e-coronavirus-no-radar-13052020\/#primaryimage","url":"https:\/\/files.sunoresearch.com.br\/n\/uploads\/2019\/08\/191b2a55-bolsa.jpg","contentUrl":"https:\/\/files.sunoresearch.com.br\/n\/uploads\/2019\/08\/191b2a55-bolsa.jpg","width":2300,"height":1563,"caption":"ibovespa"},{"@type":"BreadcrumbList","@id":"https:\/\/www.suno.com.br\/noticias\/ibovespa-abre-em-alta-com-vendas-no-varejo-e-coronavirus-no-radar-13052020\/#breadcrumb","itemListElement":[{"@type":"ListItem","position":1,"name":"Not\u00edcias","item":"https:\/\/www.suno.com.br\/noticias\/"},{"@type":"ListItem","position":2,"name":"Mercado","item":"https:\/\/www.suno.com.br\/noticias\/mercado\/"},{"@type":"ListItem","position":3,"name":"Ibovespa abre em alta com vendas no varejo e coronav\u00edrus no radar"}]},{"@type":"WebSite","@id":"https:\/\/www.suno.com.br\/noticias\/#website","url":"https:\/\/www.suno.com.br\/noticias\/","name":"Suno Not\u00edcias","description":"Seu portal de informa\u00e7\u00e3o sobre o mundo dos investimentos","publisher":{"@id":"https:\/\/www.suno.com.br\/noticias\/#organization"},"potentialAction":[{"@type":"SearchAction","target":{"@type":"EntryPoint","urlTemplate":"https:\/\/www.suno.com.br\/noticias\/?s={search_term_string}"},"query-input":{"@type":"PropertyValueSpecification","valueRequired":true,"valueName":"search_term_string"}}],"inLanguage":"pt-BR"},{"@type":"Organization","@id":"https:\/\/www.suno.com.br\/noticias\/#organization","name":"Suno Not\u00edcias","url":"https:\/\/www.suno.com.br\/noticias\/","logo":{"@type":"ImageObject","inLanguage":"pt-BR","@id":"https:\/\/www.suno.com.br\/noticias\/#\/schema\/logo\/image\/","url":"https:\/\/files.sunoresearch.com.br\/n\/uploads\/2021\/09\/suno-logo.png","contentUrl":"https:\/\/files.sunoresearch.com.br\/n\/uploads\/2021\/09\/suno-logo.png","width":180,"height":180,"caption":"Suno Not\u00edcias"},"image":{"@id":"https:\/\/www.suno.com.br\/noticias\/#\/schema\/logo\/image\/"},"sameAs":["https:\/\/facebook.com\/sunoresearch","https:\/\/x.com\/sunoresearch","https:\/\/www.instagram.com\/suno","https:\/\/www.linkedin.com\/company\/suno-research\/","https:\/\/www.youtube.com\/c\/sunoresearch"]},{"@type":"Person","@id":"https:\/\/www.suno.com.br\/noticias\/#\/schema\/person\/02ec1f752758247878a2bf4abee1aeda","name":"Poliana Santos","image":{"@type":"ImageObject","inLanguage":"pt-BR","@id":"https:\/\/www.suno.com.br\/noticias\/#\/schema\/person\/image\/","url":"https:\/\/secure.gravatar.com\/avatar\/0645bd32f23d87b2130f2b2dff1d3f8d?s=96&r=g","contentUrl":"https:\/\/secure.gravatar.com\/avatar\/0645bd32f23d87b2130f2b2dff1d3f8d?s=96&r=g","caption":"Poliana Santos"},"description":"Rep\u00f3rter no Suno Not\u00edcias, com cobertura em mercado financeiro, economia, finan\u00e7as pessoais, renda fixa e varejo. Jornalista formada pela Faculdade C\u00e1sper L\u00edbero e possui passagem na R\u00e1dio Gazeta AM com a produ\u00e7\u00e3o de conte\u00fado sobre economia, pol\u00edtica, sa\u00fade, moda e m\u00fasica. Possui certificado de conclus\u00e3o do curso de An\u00e1lise de Balan\u00e7os pela Funda\u00e7\u00e3o Bradesco, Agenda Brasil pela FAAP, Educa\u00e7\u00e3o Pol\u00edtica por Alexandre Garcia e do Tesouro Direto e Mercado de A\u00e7\u00f5es pela B3.","url":"https:\/\/www.suno.com.br\/noticias\/author\/poliana-santos\/"}]}},"default_loop_html":"<div class=\"cardsPage__listCard__boxs\"><div class=\"cardsPage__listCard__boxs__img\"><a href=\"https:\/\/www.suno.com.br\/noticias\/ibovespa-abre-em-alta-com-vendas-no-varejo-e-coronavirus-no-radar-13052020\/\"><img class=\"mask\" src=\"https:\/\/www.suno.com.br\/noticias\/wp-content\/themes\/suno\/resources\/images\/spotlight\/spotlight1img\/bg-mask.png\" alt=\"Image Mask\"\/><img src=\"https:\/\/files.sunoresearch.com.br\/n\/uploads\/2019\/08\/191b2a55-bolsa-400x200.webp\" alt=\"Ibovespa abre em alta com vendas no varejo e coronav\u00edrus no radar\"\/><\/a><span class=\"spotlightCategory\"><a href=\"https:\/\/www.suno.com.br\/noticias\/mercado\/\">Mercado<\/a><\/span><\/div><div class=\"cardsPage__listCard__boxs__content\"><a href=\"https:\/\/www.suno.com.br\/noticias\/ibovespa-abre-em-alta-com-vendas-no-varejo-e-coronavirus-no-radar-13052020\/\"><h2 class=\"content__title\">Ibovespa abre em alta com vendas no varejo e coronav\u00edrus no radar<\/h2><\/a><div class=\"newsContent__article__meta\"><div class=\"newsContent__article__meta__authorBox\"><a href=\"https:\/\/www.suno.com.br\/noticias\/author\/poliana-santos\/\" class=\"authorBox__avatar noMobi\"><img src=\"https:\/\/files.sunoresearch.com.br\/n\/uploads\/2020\/08\/7ef34026-whatsapp-image-2020-08-03-at-12.37.57-150x150.webp\" alt=\"Poliana Santos\"><\/a><div class=\"authorBox__name\"><span>por\n\t\t\t<a href=\"https:\/\/www.suno.com.br\/noticias\/author\/poliana-santos\/\"><span itemprop=\"author\">Poliana Santos<\/span><\/a><\/span><time datetime=\"2020-05-13T10:43:12-03:00\" itemprop=\"datePublished\">13\/05\/2020 10:43<\/time><\/div><\/div><\/div><\/div><\/div>","single_layout":"posts","amp_enabled":true,"_links":{"self":[{"href":"https:\/\/www.suno.com.br\/noticias\/wp-json\/wp\/v2\/posts\/64580"}],"collection":[{"href":"https:\/\/www.suno.com.br\/noticias\/wp-json\/wp\/v2\/posts"}],"about":[{"href":"https:\/\/www.suno.com.br\/noticias\/wp-json\/wp\/v2\/types\/post"}],"author":[{"embeddable":true,"href":"https:\/\/www.suno.com.br\/noticias\/wp-json\/wp\/v2\/users\/15"}],"replies":[{"embeddable":true,"href":"https:\/\/www.suno.com.br\/noticias\/wp-json\/wp\/v2\/comments?post=64580"}],"version-history":[{"count":0,"href":"https:\/\/www.suno.com.br\/noticias\/wp-json\/wp\/v2\/posts\/64580\/revisions"}],"wp:featuredmedia":[{"embeddable":true,"href":"https:\/\/www.suno.com.br\/noticias\/wp-json\/wp\/v2\/media\/34642"}],"wp:attachment":[{"href":"https:\/\/www.suno.com.br\/noticias\/wp-json\/wp\/v2\/media?parent=64580"}],"wp:term":[{"taxonomy":"category","embeddable":true,"href":"https:\/\/www.suno.com.br\/noticias\/wp-json\/wp\/v2\/categories?post=64580"},{"taxonomy":"post_tag","embeddable":true,"href":"https:\/\/www.suno.com.br\/noticias\/wp-json\/wp\/v2\/tags?post=64580"},{"taxonomy":"suno_strategy","embeddable":true,"href":"https:\/\/www.suno.com.br\/noticias\/wp-json\/wp\/v2\/suno_strategy?post=64580"}],"curies":[{"name":"wp","href":"https:\/\/api.w.org\/{rel}","templated":true}]}}