{"id":645115,"date":"2026-03-17T10:03:03","date_gmt":"2026-03-17T13:03:03","guid":{"rendered":"https:\/\/www.suno.com.br\/noticias\/?p=645115"},"modified":"2026-03-17T10:03:07","modified_gmt":"2026-03-17T13:03:07","slug":"economia-global-resiliente-gestoras-gss","status":"publish","type":"post","link":"https:\/\/www.suno.com.br\/noticias\/economia-global-resiliente-gestoras-gss\/","title":{"rendered":"Gestoras veem economia global resiliente e corte de juros no radar"},"content":{"rendered":"<p>Apesar das tens\u00f5es geopol\u00edticas e incertezas comerciais, a <strong>economia global<\/strong> segue mostrando resili\u00eancia, de acordo com Fator e AZ Quest. Segundo as cartas mensais das gestoras, esse cen\u00e1rio mant\u00e9m no radar dos investidores a possibilidade de cortes de juros nos pr\u00f3ximos meses.<\/p>\t<div class=\"wrapper-featured-image\">\n\t\t<figure class=\"spotlightImg\">\n\n\t\t\t<picture>\n\t\t\t\t<source media=\"(max-width: 768px)\" srcset=\"https:\/\/files.sunoresearch.com.br\/n\/uploads\/2026\/03\/geralt-statistics-7216231_1280-400x200.webp\">\n\t\t\t\t<img loading=\"lazy\" decoding=\"async\" class=\"newsContent__article__imgCapa lazyloadDisabled \" src=\"https:\/\/files.sunoresearch.com.br\/n\/uploads\/2026\/03\/geralt-statistics-7216231_1280-800x450.webp\" width=\"800\" height=\"450\" alt=\"Gestoras veem economia global resiliente e corte de juros no radar\" fetchpriority=high \/>\n\t\t\t<\/picture>\n\n\t\t\t<figcaption class=\"wp-caption-text wp-caption-text--show\">Foto: Pixabay<\/figcaption>\n\t\t<\/figure>\n\t<\/div>\n\n\n\n\n\n\t<p>\n\t\t<a href=\"\" target=\"_blank\" data-element=\"shortcode-suno-banner\" title=\"Banner SUNO, clique e saiba mais\">\n\t\t\t<picture>\n\t\t\t\t<source media=\"(max-width: 500px)\" srcset=\"\">\n\t\t\t\t<img class=\"newsContent__article__imgCapa newsContent__article__imgCapa--banner\"\n\t\t\t\t\tsrc=\"\"\n\t\t\t\t\tdata-promo-id=\"240038\"\t\t\t\t\t\t\t\t\t\t\t\t\t\t\talt=\"\"\n\t\t\t\t>\n\t\t\t<\/picture>\n\t\t<\/a>\n\t<\/p>\n\n\n\n\n\n<p>Para a <strong>Fator<\/strong>, os principais vetores de risco no cen\u00e1rio internacional continuam sendo o aumento das tens\u00f5es no Oriente M\u00e9dio e as mudan\u00e7as na pol\u00edtica comercial dos Estados Unidos.<\/p>\n\n\n\n<p>A gestora destaca sobretudo os ataques coordenados de Estados Unidos e Israel contra o Ir\u00e3 e as preocupa\u00e7\u00f5es com o fluxo global de petr\u00f3leo.<\/p>\n\n\n\n<p>\u201cA possibilidade de fechamento do Estreito de Hormuz, por onde transita aproximadamente 20% do fluxo global de <strong>petr\u00f3leo<\/strong>, ampliou a dimens\u00e3o energ\u00e9tica do conflito\u201d, diz a <strong>carta mensal da Fator<\/strong>.<\/p>\n\n\n\n<p>Al\u00e9m da geopol\u00edtica, a pol\u00edtica tarif\u00e1ria americana tamb\u00e9m segue no radar. Ap\u00f3s decis\u00e3o da Suprema Corte, que invalidou tarifas impostas pelo governo, a Casa Branca anunciou uma tarifa global de 10% sobre importa\u00e7\u00f5es.<\/p>\n\n\n\n<p>Segundo a casa, o Brasil pode ser relativamente beneficiado nesse contexto, com redu\u00e7\u00e3o da al\u00edquota m\u00e9dia aplicada \u00e0s exporta\u00e7\u00f5es brasileiras para os EUA.<\/p>\n\n\n\n<h2 class=\"wp-block-heading\">Economia resiliente nos EUA<\/h2>\n\n\n\n<p>A <strong>AZ Quest<\/strong>, por sua vez, avalia que os dados econ\u00f4micos recentes continuam refor\u00e7ando a resili\u00eancia da economia americana, especialmente por conta da for\u00e7a do <a class=\"suno-keyword\" target=\"_blank\" data-force=\"no\" data-priority=\"2\" href=\"https:\/\/www.suno.com.br\/artigos\/mercado-de-trabalho\/\" rel=\"noopener\">mercado de trabalho<\/a>.<\/p>\n\n\n\n<p>\u201cO relat\u00f3rio de empregos revelou a resili\u00eancia do mercado de trabalho, com cria\u00e7\u00e3o de vagas e taxa de desemprego em n\u00edveis historicamente baixos\u201d, destacou a gestora.<\/p>\n\n\n\n<p>Ao mesmo tempo, indicadores de infla\u00e7\u00e3o vieram levemente abaixo do esperado em algumas leituras recentes, refor\u00e7ando a percep\u00e7\u00e3o de estabiliza\u00e7\u00e3o da economia. <\/p>\n\n\n\n<p>Esse cen\u00e1rio, segundo a casa, sustenta a leitura de que o Federal Reserve deve manter cautela antes de iniciar um ciclo mais consistente de <strong>cortes de juros<\/strong>.<\/p>\n\n\n\n<h2 class=\"wp-block-heading\">Corte de juros no Brasil<\/h2>\n\n\n\n<p>No Brasil, as duas gestoras compartilham a expectativa de que o <strong>Banco Central <\/strong>esteja pr\u00f3ximo de iniciar um ciclo de flexibiliza\u00e7\u00e3o monet\u00e1ria.<\/p>\n\n\n\n<p>A Fator avalia que o <strong>Copom<\/strong> pode iniciar o processo de <strong>corte de juros<\/strong> j\u00e1 na pr\u00f3xima reuni\u00e3o, com redu\u00e7\u00e3o de 0,5 ponto percentual na <strong>taxa Selic<\/strong>.<\/p>\n\n\n\n<p>A leitura \u00e9 semelhante \u00e0 da AZ Quest, que tamb\u00e9m projeta in\u00edcio do ciclo de <strong>queda dos juros<\/strong> no <a class=\"suno-keyword\" target=\"_blank\" data-force=\"no\" data-priority=\"1\" href=\"https:\/\/www.suno.com.br\/artigos\/curto-prazo\/\" rel=\"noopener\">curto prazo<\/a>, apoiado por sinais de modera\u00e7\u00e3o da atividade econ\u00f4mica e perspectiva de desinfla\u00e7\u00e3o gradual.<\/p>\n\n\n\n<p>Ainda assim, fatores como infla\u00e7\u00e3o de servi\u00e7os e riscos geopol\u00edticos podem influenciar o ritmo desse movimento, diz a gestora.<\/p>\n\n\n\n<h2 class=\"wp-block-heading\">Diferen\u00e7a de vis\u00e3o para a Bolsa<\/h2>\n\n\n\n<p>Apesar da leitura semelhante em rela\u00e7\u00e3o \u00e0 economia global e ao cen\u00e1rio macroecon\u00f4mico, as gestoras adotam posturas distintas em rela\u00e7\u00e3o ao <strong>mercado de a\u00e7\u00f5es<\/strong> dom\u00e9stico.<\/p>\n\n\n\n<p>A AZ Quest reduziu sua exposi\u00e7\u00e3o \u00e0 <strong>bolsa brasileira<\/strong>, adotando uma postura mais defensiva diante das incertezas externas.<\/p>\n\n\n\n<p>J\u00e1 a <strong>Fator<\/strong> mant\u00e9m uma vis\u00e3o mais construtiva para o <strong>Ibovespa<\/strong>, destacando que empresas locais seguem negociando com m\u00faltiplos atrativos em compara\u00e7\u00e3o com pares globais.<\/p>\n\n\n\n<p>\u201cEmpresas brasileiras seguem negociando a m\u00faltiplos atrativos frente aos pares globais, com ciclo de afrouxamento monet\u00e1rio \u00e0 frente\u201d, afirmou a gestora.<\/p>\n\n\n\n<h2 class=\"wp-block-heading\">Onde est\u00e3o as oportunidades?<\/h2>\n\n\n\n<p>No caso da Fator, a estrat\u00e9gia continua concentrada em empresas com gera\u00e7\u00e3o consistente de caixa e qualidade de gest\u00e3o, com destaque para setores como materiais b\u00e1sicos, bancos, energia e utilities.<\/p>\n\n\n\n<p>Entre as maiores posi\u00e7\u00f5es est\u00e3o companhias como <strong>Vale<\/strong>, (<strong>VALE3<\/strong>) <strong>Petrobras<\/strong> (<strong>PETR4<\/strong>), <strong>Ita\u00fa<\/strong> (<strong>ITUB4<\/strong>), <strong>Bradesco<\/strong> (<strong>BBDC4<\/strong>) e <strong>Cyrela<\/strong> (<strong>CYRE3<\/strong>).<\/p>\n\n\n\n<p>J\u00e1 a AZ Quest tem priorizado estrat\u00e9gias mais defensivas e posi\u00e7\u00f5es em <strong>renda fixa<\/strong>, apostando principalmente em posi\u00e7\u00f5es aplicadas na parte curta da <a class=\"suno-keyword\" target=\"_blank\" data-force=\"no\" data-priority=\"1\" href=\"https:\/\/www.suno.com.br\/artigos\/curva-de-juros\/\" rel=\"noopener\">curva de juros<\/a>, que tendem a se beneficiar de um eventual in\u00edcio do ciclo de cortes da<strong> Selic<\/strong>.<\/p>\n\n\n\n<p>Al\u00e9m disso, a gestora manteve posi\u00e7\u00e3o comprada em ouro, ativo tradicionalmente procurado em per\u00edodos de maior incerteza econ\u00f4mica e geopol\u00edtica.<\/p>\n\n\n\n<p>Na vis\u00e3o das gestoras, a <strong>economia global<\/strong> deve seguir marcada por tens\u00f5es geopol\u00edticas, mudan\u00e7as no <a class=\"suno-keyword\" target=\"_blank\" data-force=\"no\" data-priority=\"1\" href=\"https:\/\/www.suno.com.br\/artigos\/comercio-internacional\/\" rel=\"noopener\">com\u00e9rcio internacional<\/a> e transi\u00e7\u00f5es na <a class=\"suno-keyword\" target=\"_blank\" data-force=\"no\" data-priority=\"1\" href=\"https:\/\/www.suno.com.br\/artigos\/politica-monetaria\/\" rel=\"noopener\">pol\u00edtica monet\u00e1ria<\/a> das principais economias. Ainda assim, a combina\u00e7\u00e3o de atividade resiliente e poss\u00edvel flexibiliza\u00e7\u00e3o monet\u00e1ria mant\u00e9m no radar oportunidades de investimento. <\/p>\n\n\n\n\n\t<p>\n\t\t<a href=\"https:\/\/lp.suno.com.br\/planilha-da-vida-financeira\/\" target=\"_blank\" data-element=\"shortcode-suno-banner\" title=\"Banner SUNO, clique e saiba mais\">\n\t\t\t<picture>\n\t\t\t\t<source media=\"(max-width: 500px)\" srcset=\"https:\/\/files.sunoresearch.com.br\/n\/uploads\/2023\/04\/400x300-Planilha-vida-financeira-true.png\">\n\t\t\t\t<img class=\"newsContent__article__imgCapa newsContent__article__imgCapa--banner\"\n\t\t\t\t\tsrc=\"https:\/\/files.sunoresearch.com.br\/n\/uploads\/2023\/04\/1420x240-Planilha-vida-financeira-true.png\"\n\t\t\t\t\tdata-promo-id=\"383123\"\t\t\t\t\t\t\t\t\t\twidth='1420' height='240'\t\t\t\t\talt=\"https:\/\/files.sunoresearch.com.br\/n\/uploads\/2023\/04\/1420x240-Planilha-vida-financeira-true.png\"\n\t\t\t\t>\n\t\t\t<\/picture>\n\t\t<\/a>\n\t<\/p>\n\n\n","protected":false},"excerpt":{"rendered":"<p>Apesar das tens\u00f5es geopol\u00edticas e incertezas comerciais, a economia global segue mostrando resili\u00eancia, de acordo com Fator e AZ Quest. Segundo as cartas mensais das gestoras, esse cen\u00e1rio mant\u00e9m no radar dos investidores a possibilidade de cortes de juros nos pr\u00f3ximos meses. Foto: Pixabay Para a Fator, os principais vetores de risco no cen\u00e1rio internacional [&hellip;]<\/p>\n","protected":false},"author":322,"featured_media":645124,"comment_status":"closed","ping_status":"closed","sticky":false,"template":"","format":"standard","meta":[],"categories":[64],"tags":[740],"suno_strategy":[],"class_list":["post-645115","post","type-post","status-publish","format-standard","has-post-thumbnail","hentry","category-negocios","tag-economia"],"yoast_head":"<!-- This site is optimized with the Yoast SEO plugin v24.4 - https:\/\/yoast.com\/wordpress\/plugins\/seo\/ -->\n<title>Gestoras veem economia global resiliente e corte de juros no radar<\/title>\n<meta name=\"description\" content=\"Apesar das tens\u00f5es geopol\u00edticas, AZ Quest e Fator veem resili\u00eancia na economia global e projetam cortes na Selic. Clique e saiba mais.\" \/>\n<meta name=\"robots\" content=\"index, follow, max-snippet:-1, max-image-preview:large, max-video-preview:-1\" \/>\n<link rel=\"canonical\" href=\"https:\/\/www.suno.com.br\/noticias\/economia-global-resiliente-gestoras-gss\/\" \/>\n<meta property=\"og:locale\" content=\"pt_BR\" \/>\n<meta property=\"og:type\" content=\"article\" \/>\n<meta property=\"og:title\" content=\"Gestoras veem economia global resiliente e corte de juros no radar\" \/>\n<meta property=\"og:description\" content=\"Apesar das tens\u00f5es geopol\u00edticas, AZ Quest e Fator veem resili\u00eancia na economia global e projetam cortes na Selic. Clique e saiba mais.\" \/>\n<meta property=\"og:url\" content=\"https:\/\/www.suno.com.br\/noticias\/economia-global-resiliente-gestoras-gss\/\" \/>\n<meta property=\"og:site_name\" content=\"Suno Not\u00edcias\" \/>\n<meta property=\"article:publisher\" content=\"https:\/\/facebook.com\/sunoresearch\" \/>\n<meta property=\"og:image\" content=\"https:\/\/files.sunoresearch.com.br\/n\/uploads\/2026\/03\/geralt-statistics-7216231_1280-jpg.webp\" \/>\n\t<meta property=\"og:image:width\" content=\"1280\" \/>\n\t<meta property=\"og:image:height\" content=\"853\" \/>\n\t<meta property=\"og:image:type\" content=\"image\/jpeg\" \/>\n<meta name=\"author\" content=\"Guilherme Serrano Silva\" \/>\n<meta name=\"twitter:card\" content=\"summary_large_image\" \/>\n<meta name=\"twitter:creator\" content=\"@sunoresearch\" \/>\n<meta name=\"twitter:site\" content=\"@sunoresearch\" \/>\n<meta name=\"twitter:label1\" content=\"Escrito por\" \/>\n\t<meta name=\"twitter:data1\" content=\"Guilherme Serrano Silva\" \/>\n\t<meta name=\"twitter:label2\" content=\"Est. tempo de leitura\" \/>\n\t<meta name=\"twitter:data2\" content=\"4 minutos\" \/>\n<script type=\"application\/ld+json\" class=\"yoast-schema-graph\">{\"@context\":\"https:\/\/schema.org\",\"@graph\":[{\"@type\":\"NewsArticle\",\"@id\":\"https:\/\/www.suno.com.br\/noticias\/economia-global-resiliente-gestoras-gss\/#article\",\"isPartOf\":{\"@id\":\"https:\/\/www.suno.com.br\/noticias\/economia-global-resiliente-gestoras-gss\/\"},\"author\":{\"name\":\"Guilherme Serrano Silva\",\"@id\":\"https:\/\/www.suno.com.br\/noticias\/#\/schema\/person\/4a72de8e10febe6d8a50711404b010b3\"},\"headline\":\"Gestoras veem economia global resiliente e corte de juros no radar\",\"datePublished\":\"2026-03-17T13:03:03+00:00\",\"dateModified\":\"2026-03-17T13:03:07+00:00\",\"mainEntityOfPage\":{\"@id\":\"https:\/\/www.suno.com.br\/noticias\/economia-global-resiliente-gestoras-gss\/\"},\"wordCount\":753,\"publisher\":{\"@id\":\"https:\/\/www.suno.com.br\/noticias\/#organization\"},\"image\":{\"@id\":\"https:\/\/www.suno.com.br\/noticias\/economia-global-resiliente-gestoras-gss\/#primaryimage\"},\"thumbnailUrl\":\"https:\/\/files.sunoresearch.com.br\/n\/uploads\/2026\/03\/geralt-statistics-7216231_1280-jpg.webp\",\"keywords\":[\"Economia\"],\"articleSection\":[\"Neg\u00f3cios\"],\"inLanguage\":\"pt-BR\"},{\"@type\":\"WebPage\",\"@id\":\"https:\/\/www.suno.com.br\/noticias\/economia-global-resiliente-gestoras-gss\/\",\"url\":\"https:\/\/www.suno.com.br\/noticias\/economia-global-resiliente-gestoras-gss\/\",\"name\":\"Gestoras veem economia global resiliente e corte de juros no radar\",\"isPartOf\":{\"@id\":\"https:\/\/www.suno.com.br\/noticias\/#website\"},\"primaryImageOfPage\":{\"@id\":\"https:\/\/www.suno.com.br\/noticias\/economia-global-resiliente-gestoras-gss\/#primaryimage\"},\"image\":{\"@id\":\"https:\/\/www.suno.com.br\/noticias\/economia-global-resiliente-gestoras-gss\/#primaryimage\"},\"thumbnailUrl\":\"https:\/\/files.sunoresearch.com.br\/n\/uploads\/2026\/03\/geralt-statistics-7216231_1280-jpg.webp\",\"datePublished\":\"2026-03-17T13:03:03+00:00\",\"dateModified\":\"2026-03-17T13:03:07+00:00\",\"description\":\"Apesar das tens\u00f5es geopol\u00edticas, AZ Quest e Fator veem resili\u00eancia na economia global e projetam cortes na Selic. Clique e saiba mais.\",\"breadcrumb\":{\"@id\":\"https:\/\/www.suno.com.br\/noticias\/economia-global-resiliente-gestoras-gss\/#breadcrumb\"},\"inLanguage\":\"pt-BR\",\"potentialAction\":[{\"@type\":\"ReadAction\",\"target\":[\"https:\/\/www.suno.com.br\/noticias\/economia-global-resiliente-gestoras-gss\/\"]}]},{\"@type\":\"ImageObject\",\"inLanguage\":\"pt-BR\",\"@id\":\"https:\/\/www.suno.com.br\/noticias\/economia-global-resiliente-gestoras-gss\/#primaryimage\",\"url\":\"https:\/\/files.sunoresearch.com.br\/n\/uploads\/2026\/03\/geralt-statistics-7216231_1280-jpg.webp\",\"contentUrl\":\"https:\/\/files.sunoresearch.com.br\/n\/uploads\/2026\/03\/geralt-statistics-7216231_1280-jpg.webp\",\"width\":1280,\"height\":853,\"caption\":\"Foto: Pixabay\"},{\"@type\":\"BreadcrumbList\",\"@id\":\"https:\/\/www.suno.com.br\/noticias\/economia-global-resiliente-gestoras-gss\/#breadcrumb\",\"itemListElement\":[{\"@type\":\"ListItem\",\"position\":1,\"name\":\"Not\u00edcias\",\"item\":\"https:\/\/www.suno.com.br\/noticias\/\"},{\"@type\":\"ListItem\",\"position\":2,\"name\":\"Neg\u00f3cios\",\"item\":\"https:\/\/www.suno.com.br\/noticias\/negocios\/\"},{\"@type\":\"ListItem\",\"position\":3,\"name\":\"Gestoras veem economia global resiliente e corte de juros no radar\"}]},{\"@type\":\"WebSite\",\"@id\":\"https:\/\/www.suno.com.br\/noticias\/#website\",\"url\":\"https:\/\/www.suno.com.br\/noticias\/\",\"name\":\"Suno Not\u00edcias\",\"description\":\"Seu portal de informa\u00e7\u00e3o sobre o mundo dos investimentos\",\"publisher\":{\"@id\":\"https:\/\/www.suno.com.br\/noticias\/#organization\"},\"potentialAction\":[{\"@type\":\"SearchAction\",\"target\":{\"@type\":\"EntryPoint\",\"urlTemplate\":\"https:\/\/www.suno.com.br\/noticias\/?s={search_term_string}\"},\"query-input\":{\"@type\":\"PropertyValueSpecification\",\"valueRequired\":true,\"valueName\":\"search_term_string\"}}],\"inLanguage\":\"pt-BR\"},{\"@type\":\"Organization\",\"@id\":\"https:\/\/www.suno.com.br\/noticias\/#organization\",\"name\":\"Suno Not\u00edcias\",\"url\":\"https:\/\/www.suno.com.br\/noticias\/\",\"logo\":{\"@type\":\"ImageObject\",\"inLanguage\":\"pt-BR\",\"@id\":\"https:\/\/www.suno.com.br\/noticias\/#\/schema\/logo\/image\/\",\"url\":\"https:\/\/files.sunoresearch.com.br\/n\/uploads\/2021\/09\/suno-logo.png\",\"contentUrl\":\"https:\/\/files.sunoresearch.com.br\/n\/uploads\/2021\/09\/suno-logo.png\",\"width\":180,\"height\":180,\"caption\":\"Suno Not\u00edcias\"},\"image\":{\"@id\":\"https:\/\/www.suno.com.br\/noticias\/#\/schema\/logo\/image\/\"},\"sameAs\":[\"https:\/\/facebook.com\/sunoresearch\",\"https:\/\/x.com\/sunoresearch\",\"https:\/\/www.instagram.com\/suno\",\"https:\/\/www.linkedin.com\/company\/suno-research\/\",\"https:\/\/www.youtube.com\/c\/sunoresearch\"]},{\"@type\":\"Person\",\"@id\":\"https:\/\/www.suno.com.br\/noticias\/#\/schema\/person\/4a72de8e10febe6d8a50711404b010b3\",\"name\":\"Guilherme Serrano Silva\",\"image\":{\"@type\":\"ImageObject\",\"inLanguage\":\"pt-BR\",\"@id\":\"https:\/\/www.suno.com.br\/noticias\/#\/schema\/person\/image\/\",\"url\":\"https:\/\/secure.gravatar.com\/avatar\/aba5eb082d0443f542e94a82c79e9d50?s=96&r=g\",\"contentUrl\":\"https:\/\/secure.gravatar.com\/avatar\/aba5eb082d0443f542e94a82c79e9d50?s=96&r=g\",\"caption\":\"Guilherme Serrano Silva\"},\"description\":\"Jornalista formado pela Faculdade C\u00e1sper L\u00edbero e p\u00f3s-graduado em Can\u00e7\u00e3o Popular pela Faculdade Santa Marcelina. Passagens por R\u00e1dio Gazeta AM, gazetaesportiva.com e TC R\u00e1dio.\",\"url\":\"https:\/\/www.suno.com.br\/noticias\/author\/guilhermeserranosilvagmail-com\/\"}]}<\/script>\n<!-- \/ Yoast SEO plugin. -->","yoast_head_json":{"title":"Gestoras veem economia global resiliente e corte de juros no radar","description":"Apesar das tens\u00f5es geopol\u00edticas, AZ Quest e Fator veem resili\u00eancia na economia global e projetam cortes na Selic. Clique e saiba mais.","robots":{"index":"index","follow":"follow","max-snippet":"max-snippet:-1","max-image-preview":"max-image-preview:large","max-video-preview":"max-video-preview:-1"},"canonical":"https:\/\/www.suno.com.br\/noticias\/economia-global-resiliente-gestoras-gss\/","og_locale":"pt_BR","og_type":"article","og_title":"Gestoras veem economia global resiliente e corte de juros no radar","og_description":"Apesar das tens\u00f5es geopol\u00edticas, AZ Quest e Fator veem resili\u00eancia na economia global e projetam cortes na Selic. Clique e saiba mais.","og_url":"https:\/\/www.suno.com.br\/noticias\/economia-global-resiliente-gestoras-gss\/","og_site_name":"Suno Not\u00edcias","article_publisher":"https:\/\/facebook.com\/sunoresearch","og_image":[{"width":1280,"height":853,"url":"https:\/\/files.sunoresearch.com.br\/n\/uploads\/2026\/03\/geralt-statistics-7216231_1280-jpg.webp","type":"image\/jpeg"}],"author":"Guilherme Serrano Silva","twitter_card":"summary_large_image","twitter_creator":"@sunoresearch","twitter_site":"@sunoresearch","twitter_misc":{"Escrito por":"Guilherme Serrano Silva","Est. tempo de leitura":"4 minutos"},"schema":{"@context":"https:\/\/schema.org","@graph":[{"@type":"NewsArticle","@id":"https:\/\/www.suno.com.br\/noticias\/economia-global-resiliente-gestoras-gss\/#article","isPartOf":{"@id":"https:\/\/www.suno.com.br\/noticias\/economia-global-resiliente-gestoras-gss\/"},"author":{"name":"Guilherme Serrano Silva","@id":"https:\/\/www.suno.com.br\/noticias\/#\/schema\/person\/4a72de8e10febe6d8a50711404b010b3"},"headline":"Gestoras veem economia global resiliente e corte de juros no radar","datePublished":"2026-03-17T13:03:03+00:00","dateModified":"2026-03-17T13:03:07+00:00","mainEntityOfPage":{"@id":"https:\/\/www.suno.com.br\/noticias\/economia-global-resiliente-gestoras-gss\/"},"wordCount":753,"publisher":{"@id":"https:\/\/www.suno.com.br\/noticias\/#organization"},"image":{"@id":"https:\/\/www.suno.com.br\/noticias\/economia-global-resiliente-gestoras-gss\/#primaryimage"},"thumbnailUrl":"https:\/\/files.sunoresearch.com.br\/n\/uploads\/2026\/03\/geralt-statistics-7216231_1280-jpg.webp","keywords":["Economia"],"articleSection":["Neg\u00f3cios"],"inLanguage":"pt-BR"},{"@type":"WebPage","@id":"https:\/\/www.suno.com.br\/noticias\/economia-global-resiliente-gestoras-gss\/","url":"https:\/\/www.suno.com.br\/noticias\/economia-global-resiliente-gestoras-gss\/","name":"Gestoras veem economia global resiliente e corte de juros no radar","isPartOf":{"@id":"https:\/\/www.suno.com.br\/noticias\/#website"},"primaryImageOfPage":{"@id":"https:\/\/www.suno.com.br\/noticias\/economia-global-resiliente-gestoras-gss\/#primaryimage"},"image":{"@id":"https:\/\/www.suno.com.br\/noticias\/economia-global-resiliente-gestoras-gss\/#primaryimage"},"thumbnailUrl":"https:\/\/files.sunoresearch.com.br\/n\/uploads\/2026\/03\/geralt-statistics-7216231_1280-jpg.webp","datePublished":"2026-03-17T13:03:03+00:00","dateModified":"2026-03-17T13:03:07+00:00","description":"Apesar das tens\u00f5es geopol\u00edticas, AZ Quest e Fator veem resili\u00eancia na economia global e projetam cortes na Selic. Clique e saiba mais.","breadcrumb":{"@id":"https:\/\/www.suno.com.br\/noticias\/economia-global-resiliente-gestoras-gss\/#breadcrumb"},"inLanguage":"pt-BR","potentialAction":[{"@type":"ReadAction","target":["https:\/\/www.suno.com.br\/noticias\/economia-global-resiliente-gestoras-gss\/"]}]},{"@type":"ImageObject","inLanguage":"pt-BR","@id":"https:\/\/www.suno.com.br\/noticias\/economia-global-resiliente-gestoras-gss\/#primaryimage","url":"https:\/\/files.sunoresearch.com.br\/n\/uploads\/2026\/03\/geralt-statistics-7216231_1280-jpg.webp","contentUrl":"https:\/\/files.sunoresearch.com.br\/n\/uploads\/2026\/03\/geralt-statistics-7216231_1280-jpg.webp","width":1280,"height":853,"caption":"Foto: Pixabay"},{"@type":"BreadcrumbList","@id":"https:\/\/www.suno.com.br\/noticias\/economia-global-resiliente-gestoras-gss\/#breadcrumb","itemListElement":[{"@type":"ListItem","position":1,"name":"Not\u00edcias","item":"https:\/\/www.suno.com.br\/noticias\/"},{"@type":"ListItem","position":2,"name":"Neg\u00f3cios","item":"https:\/\/www.suno.com.br\/noticias\/negocios\/"},{"@type":"ListItem","position":3,"name":"Gestoras veem economia global resiliente e corte de juros no radar"}]},{"@type":"WebSite","@id":"https:\/\/www.suno.com.br\/noticias\/#website","url":"https:\/\/www.suno.com.br\/noticias\/","name":"Suno Not\u00edcias","description":"Seu portal de informa\u00e7\u00e3o sobre o mundo dos investimentos","publisher":{"@id":"https:\/\/www.suno.com.br\/noticias\/#organization"},"potentialAction":[{"@type":"SearchAction","target":{"@type":"EntryPoint","urlTemplate":"https:\/\/www.suno.com.br\/noticias\/?s={search_term_string}"},"query-input":{"@type":"PropertyValueSpecification","valueRequired":true,"valueName":"search_term_string"}}],"inLanguage":"pt-BR"},{"@type":"Organization","@id":"https:\/\/www.suno.com.br\/noticias\/#organization","name":"Suno Not\u00edcias","url":"https:\/\/www.suno.com.br\/noticias\/","logo":{"@type":"ImageObject","inLanguage":"pt-BR","@id":"https:\/\/www.suno.com.br\/noticias\/#\/schema\/logo\/image\/","url":"https:\/\/files.sunoresearch.com.br\/n\/uploads\/2021\/09\/suno-logo.png","contentUrl":"https:\/\/files.sunoresearch.com.br\/n\/uploads\/2021\/09\/suno-logo.png","width":180,"height":180,"caption":"Suno Not\u00edcias"},"image":{"@id":"https:\/\/www.suno.com.br\/noticias\/#\/schema\/logo\/image\/"},"sameAs":["https:\/\/facebook.com\/sunoresearch","https:\/\/x.com\/sunoresearch","https:\/\/www.instagram.com\/suno","https:\/\/www.linkedin.com\/company\/suno-research\/","https:\/\/www.youtube.com\/c\/sunoresearch"]},{"@type":"Person","@id":"https:\/\/www.suno.com.br\/noticias\/#\/schema\/person\/4a72de8e10febe6d8a50711404b010b3","name":"Guilherme Serrano Silva","image":{"@type":"ImageObject","inLanguage":"pt-BR","@id":"https:\/\/www.suno.com.br\/noticias\/#\/schema\/person\/image\/","url":"https:\/\/secure.gravatar.com\/avatar\/aba5eb082d0443f542e94a82c79e9d50?s=96&r=g","contentUrl":"https:\/\/secure.gravatar.com\/avatar\/aba5eb082d0443f542e94a82c79e9d50?s=96&r=g","caption":"Guilherme Serrano Silva"},"description":"Jornalista formado pela Faculdade C\u00e1sper L\u00edbero e p\u00f3s-graduado em Can\u00e7\u00e3o Popular pela Faculdade Santa Marcelina. Passagens por R\u00e1dio Gazeta AM, gazetaesportiva.com e TC R\u00e1dio.","url":"https:\/\/www.suno.com.br\/noticias\/author\/guilhermeserranosilvagmail-com\/"}]}},"default_loop_html":"<div class=\"cardsPage__listCard__boxs\"><div class=\"cardsPage__listCard__boxs__img\"><a href=\"https:\/\/www.suno.com.br\/noticias\/economia-global-resiliente-gestoras-gss\/\"><img class=\"mask\" src=\"https:\/\/www.suno.com.br\/noticias\/wp-content\/themes\/suno\/resources\/images\/spotlight\/spotlight1img\/bg-mask.png\" alt=\"Image Mask\"\/><img src=\"https:\/\/files.sunoresearch.com.br\/n\/uploads\/2026\/03\/geralt-statistics-7216231_1280-400x200.webp\" alt=\"Gestoras veem economia global resiliente e corte de juros no radar\"\/><\/a><span class=\"spotlightCategory\"><a href=\"https:\/\/www.suno.com.br\/noticias\/negocios\/\">Neg\u00f3cios<\/a><\/span><\/div><div class=\"cardsPage__listCard__boxs__content\"><a href=\"https:\/\/www.suno.com.br\/noticias\/economia-global-resiliente-gestoras-gss\/\"><h2 class=\"content__title\">Gestoras veem economia global resiliente e corte de juros no radar<\/h2><\/a><div class=\"newsContent__article__meta\"><div class=\"newsContent__article__meta__authorBox\"><a href=\"https:\/\/www.suno.com.br\/noticias\/author\/guilhermeserranosilvagmail-com\/\" class=\"authorBox__avatar noMobi\"><img src=\"https:\/\/files.sunoresearch.com.br\/n\/uploads\/2023\/09\/WhatsApp-Image-2023-09-05-at-11.02.17-150x150.jpeg\" alt=\"Guilherme Serrano Silva\"><\/a><div class=\"authorBox__name\"><span>por\n\t\t\t<a href=\"https:\/\/www.suno.com.br\/noticias\/author\/guilhermeserranosilvagmail-com\/\"><span itemprop=\"author\">Guilherme Serrano Silva<\/span><\/a><\/span><time datetime=\"2026-03-17T10:03:03-03:00\" itemprop=\"datePublished\">17\/03\/2026 10:03<\/time><\/div><\/div><\/div><\/div><\/div>","single_layout":"posts","amp_enabled":true,"_links":{"self":[{"href":"https:\/\/www.suno.com.br\/noticias\/wp-json\/wp\/v2\/posts\/645115"}],"collection":[{"href":"https:\/\/www.suno.com.br\/noticias\/wp-json\/wp\/v2\/posts"}],"about":[{"href":"https:\/\/www.suno.com.br\/noticias\/wp-json\/wp\/v2\/types\/post"}],"author":[{"embeddable":true,"href":"https:\/\/www.suno.com.br\/noticias\/wp-json\/wp\/v2\/users\/322"}],"replies":[{"embeddable":true,"href":"https:\/\/www.suno.com.br\/noticias\/wp-json\/wp\/v2\/comments?post=645115"}],"version-history":[{"count":2,"href":"https:\/\/www.suno.com.br\/noticias\/wp-json\/wp\/v2\/posts\/645115\/revisions"}],"predecessor-version":[{"id":645192,"href":"https:\/\/www.suno.com.br\/noticias\/wp-json\/wp\/v2\/posts\/645115\/revisions\/645192"}],"wp:featuredmedia":[{"embeddable":true,"href":"https:\/\/www.suno.com.br\/noticias\/wp-json\/wp\/v2\/media\/645124"}],"wp:attachment":[{"href":"https:\/\/www.suno.com.br\/noticias\/wp-json\/wp\/v2\/media?parent=645115"}],"wp:term":[{"taxonomy":"category","embeddable":true,"href":"https:\/\/www.suno.com.br\/noticias\/wp-json\/wp\/v2\/categories?post=645115"},{"taxonomy":"post_tag","embeddable":true,"href":"https:\/\/www.suno.com.br\/noticias\/wp-json\/wp\/v2\/tags?post=645115"},{"taxonomy":"suno_strategy","embeddable":true,"href":"https:\/\/www.suno.com.br\/noticias\/wp-json\/wp\/v2\/suno_strategy?post=645115"}],"curies":[{"name":"wp","href":"https:\/\/api.w.org\/{rel}","templated":true}]}}