{"id":64507,"date":"2020-05-12T19:46:40","date_gmt":"2020-05-12T22:46:40","guid":{"rendered":"https:\/\/www.suno.com.br\/noticias\/?p=64507"},"modified":"2020-05-12T19:46:40","modified_gmt":"2020-05-12T22:46:40","slug":"coronavoucher-segundo-bolsonaro-prorrogacao-e-assunto-para-guedes","status":"publish","type":"post","link":"https:\/\/www.suno.com.br\/noticias\/coronavoucher-segundo-bolsonaro-prorrogacao-e-assunto-para-guedes\/","title":{"rendered":"Coronavoucher: Segundo Bolsonaro, prorroga\u00e7\u00e3o \u00e9 assunto para Guedes"},"content":{"rendered":"<p>O presidente da Rep\u00fablica, <a href=\"https:\/\/www.suno.com.br\/noticias\/tags\/bolsonaro\/\">Jair Bolsonaro<\/a> (sem partido) declarou nessa ter\u00e7a-feira (12) que a continua\u00e7\u00e3o do pagamento do aux\u00edlio emergencial de R$ 600, conhecido como\u00a0<a href=\"https:\/\/www.suno.com.br\/noticias\/tags\/coronavoucher\/\"><strong>coronavoucher<\/strong><\/a>, ap\u00f3s o fim do per\u00edodo pr\u00e9 definido, diz respeito ao ministro da Economia, <a href=\"https:\/\/www.suno.com.br\/tudo-sobre\/paulo-guedes\/\">Paulo Guedes<\/a>.<\/p>\t<div class=\"wrapper-featured-image\">\n\t\t<figure class=\"spotlightImg\">\n\n\t\t\t<picture>\n\t\t\t\t<source media=\"(max-width: 768px)\" srcset=\"https:\/\/files.sunoresearch.com.br\/n\/uploads\/2020\/03\/91c444fb-8c6622b1-jair-bolsonaro-3-400x200.webp\">\n\t\t\t\t<img loading=\"lazy\" decoding=\"async\" class=\"newsContent__article__imgCapa lazyloadDisabled newsContent__article__imgCapa--noCaption\" src=\"https:\/\/files.sunoresearch.com.br\/n\/uploads\/2020\/03\/91c444fb-8c6622b1-jair-bolsonaro-3-jpg.webp\" width=\"800\" height=\"450\" alt=\"Coronavoucher: Segundo Bolsonaro, prorroga\u00e7\u00e3o \u00e9 assunto para Guedes\" fetchpriority=high \/>\n\t\t\t<\/picture>\n\n\t\t\t<figcaption class=\"wp-caption-text wp-caption-text--hide\">Coronavoucher: Segundo Bolsonaro, prorroga\u00e7\u00e3o \u00e9 assunto para Guedes<\/figcaption>\n\t\t<\/figure>\n\t<\/div>\n\n\n\n<p>O presidente ainda acrescentou que cada R$ 600 a mais, pagos \u00e0 benefici\u00e1rios do coronavoucher, significam R$ 30 bilh\u00f5es de gastos.<\/p>\n<p><a href=\"https:\/\/lp.suno.com.br\/suno-one\/\">Garanta acesso gratuito \u00e0 eBooks, Minicursos, Artigos e Video Aulas com um \u00fanico cadastro. Clique para saber mais.<\/a><\/p>\n<p>Al\u00e9m disso, o mandat\u00e1rio indicou que a amplia\u00e7\u00e3o das \u00e1reas consideradas essenciais \u00e9 compet\u00eancia dele e do <strong>Executivo<\/strong>, comentando sobre o ministro da Sa\u00fade, <a href=\"https:\/\/www.suno.com.br\/noticias\/tags\/nelson-teich\/\"><strong>Nelson Teich<\/strong><\/a>, ter sido informado pela imprensa sobre edi\u00e7\u00e3o do decreto que indicou que mais \u00e1reas fossem consideradas essenciais.<\/p>\n<p>Na \u00faltima segunda-feira (11) o presidente decretou que estabelecimentos como sal\u00f5es de beleza, barbearias e academias s\u00e3o consideradas essenciais e podem funcionar mesmo durante a <a href=\"https:\/\/www.suno.com.br\/noticias\/coronavirus\/\">pandemia de coronav\u00edrus (Covid-19).<\/a><\/p>\n<p>Contudo, <strong>Bolsonaro<\/strong> comentou que os Estados e munic\u00edpios que forem contra a medida podem buscar aux\u00edlio judicial ou no <strong>Congresso<\/strong> atrav\u00e9s de um projeto.<\/p>\n<p>Ademais, o presidente n\u00e3o respondeu os questionamentos sobre quando iria sancionar o pacote de aux\u00edlio aos Estados e munic\u00edpios brasileiros e sobre o <a href=\"https:\/\/www.suno.com.br\/noticias\/paulo-guedes-congelar-salarios-de-servidores-publicos\/\">congelamento dos sal\u00e1rios de funcion\u00e1rio p\u00fablicos<\/a> at\u00e9 o final de 2021.<\/p>\n<h2>Coronavoucher ap\u00f3s o fim da pandemia<\/h2>\n<p>O <a href=\"https:\/\/www.suno.com.br\/noticias\/tags\/ministerio-da-economia\/\">Minist\u00e9rio da Economia<\/a> desmentiu, nesta ter\u00e7a-feira, a afirma\u00e7\u00e3o do secret\u00e1rio especial da pasta, Carlos Costa, sobre a perman\u00eancia do aux\u00edlio emergencial, mesmo ap\u00f3s o fim da pandemia do novo coronav\u00edrus.<\/p>\n<p>De acordo com a nota do Minist\u00e9rio, &#8220;as despesas criadas\u00a0 neste momento de excepcionalidade n\u00e3o devem ser transformadas em permanentes para n\u00e3o comprometer a recupera\u00e7\u00e3o das contas p\u00fablicas a partir de 2021 e nem a trajet\u00f3ria&#8221;.<\/p>\n<p><a class=\"LinkSuggestion__Link-sc-1mdih4x-2 jZPuuT\" href=\"https:\/\/www.suno.com.br\/noticias\/coronavoucher-caixa-recebera-r-82-mi-da-uniao\/\" target=\"_blank\" rel=\"noopener noreferrer\">Veja tamb\u00e9m: Coronavoucher: Caixa receber\u00e1 R$ 82 mi da Uni\u00e3o<\/a><\/p>\n<p>&#8220;Sobre as not\u00edcias de que o programa de aux\u00edlio emergencial (<strong>coronavoucher<\/strong>)\u00a0pode ser permanente, o Minist\u00e9rio da Economia esclarece que tem tomado medidas de car\u00e1ter tempor\u00e1rio para combater os efeitos da pandemia. O compromisso com o teto de gastos d\u00e1 credibilidade e promove investimentos que criam empregos e faz com que o governo onere cada vez menos a sociedade&#8221;, informou o texto.<\/p>\n\n","protected":false},"excerpt":{"rendered":"<p>O presidente da Rep\u00fablica, Jair Bolsonaro (sem partido) declarou nessa ter\u00e7a-feira (12) que a continua\u00e7\u00e3o do pagamento do aux\u00edlio emergencial de R$ 600, conhecido como\u00a0coronavoucher, ap\u00f3s o fim do per\u00edodo pr\u00e9 definido, diz respeito ao ministro da Economia, Paulo Guedes. Coronavoucher: Segundo Bolsonaro, prorroga\u00e7\u00e3o \u00e9 assunto para Guedes O presidente ainda acrescentou que cada R$ [&hellip;]<\/p>\n","protected":false},"author":39,"featured_media":57916,"comment_status":"closed","ping_status":"closed","sticky":false,"template":"","format":"standard","meta":[],"categories":[62],"tags":[12737,719],"suno_strategy":[],"class_list":["post-64507","post","type-post","status-publish","format-standard","has-post-thumbnail","hentry","category-economia","tag-coronavoucher","tag-jair-bolsonaro"],"yoast_head":"<!-- This site is optimized with the Yoast SEO plugin v24.4 - https:\/\/yoast.com\/wordpress\/plugins\/seo\/ -->\n<title>Coronavoucher: Segundo Bolsonaro, prorroga\u00e7\u00e3o \u00e9 assunto para Guedes<\/title>\n<meta name=\"description\" content=\"De acordo com Bolsonaro, a continua\u00e7\u00e3o do pagamento do coronavoucher diz respeito a Paulo Guedes. Clique aqui para saber mais.\" \/>\n<meta name=\"robots\" content=\"index, follow, max-snippet:-1, max-image-preview:large, max-video-preview:-1\" \/>\n<link rel=\"canonical\" href=\"https:\/\/www.suno.com.br\/noticias\/coronavoucher-segundo-bolsonaro-prorrogacao-e-assunto-para-guedes\/\" \/>\n<meta property=\"og:locale\" content=\"pt_BR\" \/>\n<meta property=\"og:type\" content=\"article\" \/>\n<meta property=\"og:title\" content=\"Coronavoucher: Segundo Bolsonaro, prorroga\u00e7\u00e3o \u00e9 assunto para Guedes\" \/>\n<meta property=\"og:description\" content=\"De acordo com Bolsonaro, a continua\u00e7\u00e3o do pagamento do coronavoucher diz respeito a Paulo Guedes. Clique aqui para saber mais.\" \/>\n<meta property=\"og:url\" content=\"https:\/\/www.suno.com.br\/noticias\/coronavoucher-segundo-bolsonaro-prorrogacao-e-assunto-para-guedes\/\" \/>\n<meta property=\"og:site_name\" content=\"Suno Not\u00edcias\" \/>\n<meta property=\"article:publisher\" content=\"https:\/\/facebook.com\/sunoresearch\" \/>\n<meta property=\"og:image\" content=\"https:\/\/files.sunoresearch.com.br\/n\/uploads\/2020\/03\/91c444fb-8c6622b1-jair-bolsonaro-3.jpg\" \/>\n\t<meta property=\"og:image:width\" content=\"640\" \/>\n\t<meta property=\"og:image:height\" content=\"399\" \/>\n\t<meta property=\"og:image:type\" content=\"image\/jpeg\" \/>\n<meta name=\"author\" content=\"Laura Moutinho\" \/>\n<meta name=\"twitter:card\" content=\"summary_large_image\" \/>\n<meta name=\"twitter:creator\" content=\"@sunoresearch\" \/>\n<meta name=\"twitter:site\" content=\"@sunoresearch\" \/>\n<meta name=\"twitter:label1\" content=\"Escrito por\" \/>\n\t<meta name=\"twitter:data1\" content=\"Laura Moutinho\" \/>\n\t<meta name=\"twitter:label2\" content=\"Est. tempo de leitura\" \/>\n\t<meta name=\"twitter:data2\" content=\"2 minutos\" \/>\n<script type=\"application\/ld+json\" class=\"yoast-schema-graph\">{\"@context\":\"https:\/\/schema.org\",\"@graph\":[{\"@type\":\"NewsArticle\",\"@id\":\"https:\/\/www.suno.com.br\/noticias\/coronavoucher-segundo-bolsonaro-prorrogacao-e-assunto-para-guedes\/#article\",\"isPartOf\":{\"@id\":\"https:\/\/www.suno.com.br\/noticias\/coronavoucher-segundo-bolsonaro-prorrogacao-e-assunto-para-guedes\/\"},\"author\":{\"name\":\"Laura Moutinho\",\"@id\":\"https:\/\/www.suno.com.br\/noticias\/#\/schema\/person\/3df0d2808748b74496efe5dbeaef2c72\"},\"headline\":\"Coronavoucher: Segundo Bolsonaro, prorroga\u00e7\u00e3o \u00e9 assunto para Guedes\",\"datePublished\":\"2020-05-12T22:46:40+00:00\",\"mainEntityOfPage\":{\"@id\":\"https:\/\/www.suno.com.br\/noticias\/coronavoucher-segundo-bolsonaro-prorrogacao-e-assunto-para-guedes\/\"},\"wordCount\":408,\"publisher\":{\"@id\":\"https:\/\/www.suno.com.br\/noticias\/#organization\"},\"image\":{\"@id\":\"https:\/\/www.suno.com.br\/noticias\/coronavoucher-segundo-bolsonaro-prorrogacao-e-assunto-para-guedes\/#primaryimage\"},\"thumbnailUrl\":\"https:\/\/files.sunoresearch.com.br\/n\/uploads\/2020\/03\/91c444fb-8c6622b1-jair-bolsonaro-3-jpg.webp\",\"keywords\":[\"coronavoucher\",\"Jair Bolsonaro\"],\"articleSection\":[\"Economia\"],\"inLanguage\":\"pt-BR\"},{\"@type\":\"WebPage\",\"@id\":\"https:\/\/www.suno.com.br\/noticias\/coronavoucher-segundo-bolsonaro-prorrogacao-e-assunto-para-guedes\/\",\"url\":\"https:\/\/www.suno.com.br\/noticias\/coronavoucher-segundo-bolsonaro-prorrogacao-e-assunto-para-guedes\/\",\"name\":\"Coronavoucher: Segundo Bolsonaro, prorroga\u00e7\u00e3o \u00e9 assunto para Guedes\",\"isPartOf\":{\"@id\":\"https:\/\/www.suno.com.br\/noticias\/#website\"},\"primaryImageOfPage\":{\"@id\":\"https:\/\/www.suno.com.br\/noticias\/coronavoucher-segundo-bolsonaro-prorrogacao-e-assunto-para-guedes\/#primaryimage\"},\"image\":{\"@id\":\"https:\/\/www.suno.com.br\/noticias\/coronavoucher-segundo-bolsonaro-prorrogacao-e-assunto-para-guedes\/#primaryimage\"},\"thumbnailUrl\":\"https:\/\/files.sunoresearch.com.br\/n\/uploads\/2020\/03\/91c444fb-8c6622b1-jair-bolsonaro-3-jpg.webp\",\"datePublished\":\"2020-05-12T22:46:40+00:00\",\"description\":\"De acordo com Bolsonaro, a continua\u00e7\u00e3o do pagamento do coronavoucher diz respeito a Paulo Guedes. Clique aqui para saber mais.\",\"breadcrumb\":{\"@id\":\"https:\/\/www.suno.com.br\/noticias\/coronavoucher-segundo-bolsonaro-prorrogacao-e-assunto-para-guedes\/#breadcrumb\"},\"inLanguage\":\"pt-BR\",\"potentialAction\":[{\"@type\":\"ReadAction\",\"target\":[\"https:\/\/www.suno.com.br\/noticias\/coronavoucher-segundo-bolsonaro-prorrogacao-e-assunto-para-guedes\/\"]}]},{\"@type\":\"ImageObject\",\"inLanguage\":\"pt-BR\",\"@id\":\"https:\/\/www.suno.com.br\/noticias\/coronavoucher-segundo-bolsonaro-prorrogacao-e-assunto-para-guedes\/#primaryimage\",\"url\":\"https:\/\/files.sunoresearch.com.br\/n\/uploads\/2020\/03\/91c444fb-8c6622b1-jair-bolsonaro-3-jpg.webp\",\"contentUrl\":\"https:\/\/files.sunoresearch.com.br\/n\/uploads\/2020\/03\/91c444fb-8c6622b1-jair-bolsonaro-3-jpg.webp\",\"width\":640,\"height\":399,\"caption\":\"Coronavoucher: Segundo Bolsonaro, prorroga\u00e7\u00e3o \u00e9 assunto para Guedes\"},{\"@type\":\"BreadcrumbList\",\"@id\":\"https:\/\/www.suno.com.br\/noticias\/coronavoucher-segundo-bolsonaro-prorrogacao-e-assunto-para-guedes\/#breadcrumb\",\"itemListElement\":[{\"@type\":\"ListItem\",\"position\":1,\"name\":\"Not\u00edcias\",\"item\":\"https:\/\/www.suno.com.br\/noticias\/\"},{\"@type\":\"ListItem\",\"position\":2,\"name\":\"Economia\",\"item\":\"https:\/\/www.suno.com.br\/noticias\/economia\/\"},{\"@type\":\"ListItem\",\"position\":3,\"name\":\"Coronavoucher: Segundo Bolsonaro, prorroga\u00e7\u00e3o \u00e9 assunto para Guedes\"}]},{\"@type\":\"WebSite\",\"@id\":\"https:\/\/www.suno.com.br\/noticias\/#website\",\"url\":\"https:\/\/www.suno.com.br\/noticias\/\",\"name\":\"Suno Not\u00edcias\",\"description\":\"Seu portal de informa\u00e7\u00e3o sobre o mundo dos investimentos\",\"publisher\":{\"@id\":\"https:\/\/www.suno.com.br\/noticias\/#organization\"},\"potentialAction\":[{\"@type\":\"SearchAction\",\"target\":{\"@type\":\"EntryPoint\",\"urlTemplate\":\"https:\/\/www.suno.com.br\/noticias\/?s={search_term_string}\"},\"query-input\":{\"@type\":\"PropertyValueSpecification\",\"valueRequired\":true,\"valueName\":\"search_term_string\"}}],\"inLanguage\":\"pt-BR\"},{\"@type\":\"Organization\",\"@id\":\"https:\/\/www.suno.com.br\/noticias\/#organization\",\"name\":\"Suno Not\u00edcias\",\"url\":\"https:\/\/www.suno.com.br\/noticias\/\",\"logo\":{\"@type\":\"ImageObject\",\"inLanguage\":\"pt-BR\",\"@id\":\"https:\/\/www.suno.com.br\/noticias\/#\/schema\/logo\/image\/\",\"url\":\"https:\/\/files.sunoresearch.com.br\/n\/uploads\/2021\/09\/suno-logo.png\",\"contentUrl\":\"https:\/\/files.sunoresearch.com.br\/n\/uploads\/2021\/09\/suno-logo.png\",\"width\":180,\"height\":180,\"caption\":\"Suno Not\u00edcias\"},\"image\":{\"@id\":\"https:\/\/www.suno.com.br\/noticias\/#\/schema\/logo\/image\/\"},\"sameAs\":[\"https:\/\/facebook.com\/sunoresearch\",\"https:\/\/x.com\/sunoresearch\",\"https:\/\/www.instagram.com\/suno\",\"https:\/\/www.linkedin.com\/company\/suno-research\/\",\"https:\/\/www.youtube.com\/c\/sunoresearch\"]},{\"@type\":\"Person\",\"@id\":\"https:\/\/www.suno.com.br\/noticias\/#\/schema\/person\/3df0d2808748b74496efe5dbeaef2c72\",\"name\":\"Laura Moutinho\",\"image\":{\"@type\":\"ImageObject\",\"inLanguage\":\"pt-BR\",\"@id\":\"https:\/\/www.suno.com.br\/noticias\/#\/schema\/person\/image\/\",\"url\":\"https:\/\/secure.gravatar.com\/avatar\/7571c7c8ca3a6fca5e41384ece5557ff?s=96&r=g\",\"contentUrl\":\"https:\/\/secure.gravatar.com\/avatar\/7571c7c8ca3a6fca5e41384ece5557ff?s=96&r=g\",\"caption\":\"Laura Moutinho\"},\"description\":\"Estagi\u00e1ria na Suno Not\u00edcias, escreve not\u00edcias que afetam o mercado financeiro. Estuda administra\u00e7\u00e3o na Universidade Presbiteriana Mackenzie.\",\"url\":\"https:\/\/www.suno.com.br\/noticias\/author\/laura-moutinho\/\"}]}<\/script>\n<!-- \/ Yoast SEO plugin. -->","yoast_head_json":{"title":"Coronavoucher: Segundo Bolsonaro, prorroga\u00e7\u00e3o \u00e9 assunto para Guedes","description":"De acordo com Bolsonaro, a continua\u00e7\u00e3o do pagamento do coronavoucher diz respeito a Paulo Guedes. Clique aqui para saber mais.","robots":{"index":"index","follow":"follow","max-snippet":"max-snippet:-1","max-image-preview":"max-image-preview:large","max-video-preview":"max-video-preview:-1"},"canonical":"https:\/\/www.suno.com.br\/noticias\/coronavoucher-segundo-bolsonaro-prorrogacao-e-assunto-para-guedes\/","og_locale":"pt_BR","og_type":"article","og_title":"Coronavoucher: Segundo Bolsonaro, prorroga\u00e7\u00e3o \u00e9 assunto para Guedes","og_description":"De acordo com Bolsonaro, a continua\u00e7\u00e3o do pagamento do coronavoucher diz respeito a Paulo Guedes. Clique aqui para saber mais.","og_url":"https:\/\/www.suno.com.br\/noticias\/coronavoucher-segundo-bolsonaro-prorrogacao-e-assunto-para-guedes\/","og_site_name":"Suno Not\u00edcias","article_publisher":"https:\/\/facebook.com\/sunoresearch","og_image":[{"width":640,"height":399,"url":"https:\/\/files.sunoresearch.com.br\/n\/uploads\/2020\/03\/91c444fb-8c6622b1-jair-bolsonaro-3.jpg","type":"image\/jpeg"}],"author":"Laura Moutinho","twitter_card":"summary_large_image","twitter_creator":"@sunoresearch","twitter_site":"@sunoresearch","twitter_misc":{"Escrito por":"Laura Moutinho","Est. tempo de leitura":"2 minutos"},"schema":{"@context":"https:\/\/schema.org","@graph":[{"@type":"NewsArticle","@id":"https:\/\/www.suno.com.br\/noticias\/coronavoucher-segundo-bolsonaro-prorrogacao-e-assunto-para-guedes\/#article","isPartOf":{"@id":"https:\/\/www.suno.com.br\/noticias\/coronavoucher-segundo-bolsonaro-prorrogacao-e-assunto-para-guedes\/"},"author":{"name":"Laura Moutinho","@id":"https:\/\/www.suno.com.br\/noticias\/#\/schema\/person\/3df0d2808748b74496efe5dbeaef2c72"},"headline":"Coronavoucher: Segundo Bolsonaro, prorroga\u00e7\u00e3o \u00e9 assunto para Guedes","datePublished":"2020-05-12T22:46:40+00:00","mainEntityOfPage":{"@id":"https:\/\/www.suno.com.br\/noticias\/coronavoucher-segundo-bolsonaro-prorrogacao-e-assunto-para-guedes\/"},"wordCount":408,"publisher":{"@id":"https:\/\/www.suno.com.br\/noticias\/#organization"},"image":{"@id":"https:\/\/www.suno.com.br\/noticias\/coronavoucher-segundo-bolsonaro-prorrogacao-e-assunto-para-guedes\/#primaryimage"},"thumbnailUrl":"https:\/\/files.sunoresearch.com.br\/n\/uploads\/2020\/03\/91c444fb-8c6622b1-jair-bolsonaro-3-jpg.webp","keywords":["coronavoucher","Jair Bolsonaro"],"articleSection":["Economia"],"inLanguage":"pt-BR"},{"@type":"WebPage","@id":"https:\/\/www.suno.com.br\/noticias\/coronavoucher-segundo-bolsonaro-prorrogacao-e-assunto-para-guedes\/","url":"https:\/\/www.suno.com.br\/noticias\/coronavoucher-segundo-bolsonaro-prorrogacao-e-assunto-para-guedes\/","name":"Coronavoucher: Segundo Bolsonaro, prorroga\u00e7\u00e3o \u00e9 assunto para Guedes","isPartOf":{"@id":"https:\/\/www.suno.com.br\/noticias\/#website"},"primaryImageOfPage":{"@id":"https:\/\/www.suno.com.br\/noticias\/coronavoucher-segundo-bolsonaro-prorrogacao-e-assunto-para-guedes\/#primaryimage"},"image":{"@id":"https:\/\/www.suno.com.br\/noticias\/coronavoucher-segundo-bolsonaro-prorrogacao-e-assunto-para-guedes\/#primaryimage"},"thumbnailUrl":"https:\/\/files.sunoresearch.com.br\/n\/uploads\/2020\/03\/91c444fb-8c6622b1-jair-bolsonaro-3-jpg.webp","datePublished":"2020-05-12T22:46:40+00:00","description":"De acordo com Bolsonaro, a continua\u00e7\u00e3o do pagamento do coronavoucher diz respeito a Paulo Guedes. Clique aqui para saber mais.","breadcrumb":{"@id":"https:\/\/www.suno.com.br\/noticias\/coronavoucher-segundo-bolsonaro-prorrogacao-e-assunto-para-guedes\/#breadcrumb"},"inLanguage":"pt-BR","potentialAction":[{"@type":"ReadAction","target":["https:\/\/www.suno.com.br\/noticias\/coronavoucher-segundo-bolsonaro-prorrogacao-e-assunto-para-guedes\/"]}]},{"@type":"ImageObject","inLanguage":"pt-BR","@id":"https:\/\/www.suno.com.br\/noticias\/coronavoucher-segundo-bolsonaro-prorrogacao-e-assunto-para-guedes\/#primaryimage","url":"https:\/\/files.sunoresearch.com.br\/n\/uploads\/2020\/03\/91c444fb-8c6622b1-jair-bolsonaro-3-jpg.webp","contentUrl":"https:\/\/files.sunoresearch.com.br\/n\/uploads\/2020\/03\/91c444fb-8c6622b1-jair-bolsonaro-3-jpg.webp","width":640,"height":399,"caption":"Coronavoucher: Segundo Bolsonaro, prorroga\u00e7\u00e3o \u00e9 assunto para Guedes"},{"@type":"BreadcrumbList","@id":"https:\/\/www.suno.com.br\/noticias\/coronavoucher-segundo-bolsonaro-prorrogacao-e-assunto-para-guedes\/#breadcrumb","itemListElement":[{"@type":"ListItem","position":1,"name":"Not\u00edcias","item":"https:\/\/www.suno.com.br\/noticias\/"},{"@type":"ListItem","position":2,"name":"Economia","item":"https:\/\/www.suno.com.br\/noticias\/economia\/"},{"@type":"ListItem","position":3,"name":"Coronavoucher: Segundo Bolsonaro, prorroga\u00e7\u00e3o \u00e9 assunto para Guedes"}]},{"@type":"WebSite","@id":"https:\/\/www.suno.com.br\/noticias\/#website","url":"https:\/\/www.suno.com.br\/noticias\/","name":"Suno Not\u00edcias","description":"Seu portal de informa\u00e7\u00e3o sobre o mundo dos investimentos","publisher":{"@id":"https:\/\/www.suno.com.br\/noticias\/#organization"},"potentialAction":[{"@type":"SearchAction","target":{"@type":"EntryPoint","urlTemplate":"https:\/\/www.suno.com.br\/noticias\/?s={search_term_string}"},"query-input":{"@type":"PropertyValueSpecification","valueRequired":true,"valueName":"search_term_string"}}],"inLanguage":"pt-BR"},{"@type":"Organization","@id":"https:\/\/www.suno.com.br\/noticias\/#organization","name":"Suno Not\u00edcias","url":"https:\/\/www.suno.com.br\/noticias\/","logo":{"@type":"ImageObject","inLanguage":"pt-BR","@id":"https:\/\/www.suno.com.br\/noticias\/#\/schema\/logo\/image\/","url":"https:\/\/files.sunoresearch.com.br\/n\/uploads\/2021\/09\/suno-logo.png","contentUrl":"https:\/\/files.sunoresearch.com.br\/n\/uploads\/2021\/09\/suno-logo.png","width":180,"height":180,"caption":"Suno Not\u00edcias"},"image":{"@id":"https:\/\/www.suno.com.br\/noticias\/#\/schema\/logo\/image\/"},"sameAs":["https:\/\/facebook.com\/sunoresearch","https:\/\/x.com\/sunoresearch","https:\/\/www.instagram.com\/suno","https:\/\/www.linkedin.com\/company\/suno-research\/","https:\/\/www.youtube.com\/c\/sunoresearch"]},{"@type":"Person","@id":"https:\/\/www.suno.com.br\/noticias\/#\/schema\/person\/3df0d2808748b74496efe5dbeaef2c72","name":"Laura Moutinho","image":{"@type":"ImageObject","inLanguage":"pt-BR","@id":"https:\/\/www.suno.com.br\/noticias\/#\/schema\/person\/image\/","url":"https:\/\/secure.gravatar.com\/avatar\/7571c7c8ca3a6fca5e41384ece5557ff?s=96&r=g","contentUrl":"https:\/\/secure.gravatar.com\/avatar\/7571c7c8ca3a6fca5e41384ece5557ff?s=96&r=g","caption":"Laura Moutinho"},"description":"Estagi\u00e1ria na Suno Not\u00edcias, escreve not\u00edcias que afetam o mercado financeiro. Estuda administra\u00e7\u00e3o na Universidade Presbiteriana Mackenzie.","url":"https:\/\/www.suno.com.br\/noticias\/author\/laura-moutinho\/"}]}},"default_loop_html":"<div class=\"cardsPage__listCard__boxs\"><div class=\"cardsPage__listCard__boxs__img\"><a href=\"https:\/\/www.suno.com.br\/noticias\/coronavoucher-segundo-bolsonaro-prorrogacao-e-assunto-para-guedes\/\"><img class=\"mask\" src=\"https:\/\/www.suno.com.br\/noticias\/wp-content\/themes\/suno\/resources\/images\/spotlight\/spotlight1img\/bg-mask.png\" alt=\"Image Mask\"\/><img src=\"https:\/\/files.sunoresearch.com.br\/n\/uploads\/2020\/03\/91c444fb-8c6622b1-jair-bolsonaro-3-400x200.webp\" alt=\"Coronavoucher: Segundo Bolsonaro, prorroga\u00e7\u00e3o \u00e9 assunto para Guedes\"\/><\/a><span class=\"spotlightCategory\"><a href=\"https:\/\/www.suno.com.br\/noticias\/economia\/\">Economia<\/a><\/span><\/div><div class=\"cardsPage__listCard__boxs__content\"><a href=\"https:\/\/www.suno.com.br\/noticias\/coronavoucher-segundo-bolsonaro-prorrogacao-e-assunto-para-guedes\/\"><h2 class=\"content__title\">Coronavoucher: Segundo Bolsonaro, prorroga\u00e7\u00e3o \u00e9 assunto para Guedes<\/h2><\/a><div class=\"newsContent__article__meta\"><div class=\"newsContent__article__meta__authorBox\"><a href=\"https:\/\/www.suno.com.br\/noticias\/author\/laura-moutinho\/\" class=\"authorBox__avatar noMobi\"><img src=\"https:\/\/files.sunoresearch.com.br\/n\/uploads\/2020\/08\/531ff69d-whatsapp-image-2020-08-03-at-14.54.38-150x150.webp\" alt=\"Laura Moutinho\"><\/a><div class=\"authorBox__name\"><span>por\n\t\t\t<a href=\"https:\/\/www.suno.com.br\/noticias\/author\/laura-moutinho\/\"><span itemprop=\"author\">Laura Moutinho<\/span><\/a><\/span><time datetime=\"2020-05-12T19:46:40-03:00\" itemprop=\"datePublished\">12\/05\/2020 19:46<\/time><\/div><\/div><\/div><\/div><\/div>","single_layout":"posts","amp_enabled":true,"_links":{"self":[{"href":"https:\/\/www.suno.com.br\/noticias\/wp-json\/wp\/v2\/posts\/64507"}],"collection":[{"href":"https:\/\/www.suno.com.br\/noticias\/wp-json\/wp\/v2\/posts"}],"about":[{"href":"https:\/\/www.suno.com.br\/noticias\/wp-json\/wp\/v2\/types\/post"}],"author":[{"embeddable":true,"href":"https:\/\/www.suno.com.br\/noticias\/wp-json\/wp\/v2\/users\/39"}],"replies":[{"embeddable":true,"href":"https:\/\/www.suno.com.br\/noticias\/wp-json\/wp\/v2\/comments?post=64507"}],"version-history":[{"count":0,"href":"https:\/\/www.suno.com.br\/noticias\/wp-json\/wp\/v2\/posts\/64507\/revisions"}],"wp:featuredmedia":[{"embeddable":true,"href":"https:\/\/www.suno.com.br\/noticias\/wp-json\/wp\/v2\/media\/57916"}],"wp:attachment":[{"href":"https:\/\/www.suno.com.br\/noticias\/wp-json\/wp\/v2\/media?parent=64507"}],"wp:term":[{"taxonomy":"category","embeddable":true,"href":"https:\/\/www.suno.com.br\/noticias\/wp-json\/wp\/v2\/categories?post=64507"},{"taxonomy":"post_tag","embeddable":true,"href":"https:\/\/www.suno.com.br\/noticias\/wp-json\/wp\/v2\/tags?post=64507"},{"taxonomy":"suno_strategy","embeddable":true,"href":"https:\/\/www.suno.com.br\/noticias\/wp-json\/wp\/v2\/suno_strategy?post=64507"}],"curies":[{"name":"wp","href":"https:\/\/api.w.org\/{rel}","templated":true}]}}