{"id":645056,"date":"2026-03-16T10:35:22","date_gmt":"2026-03-16T13:35:22","guid":{"rendered":"https:\/\/www.suno.com.br\/noticias\/ibc-br-sobe-080-janeiro-previa-pib-mt\/"},"modified":"2026-03-16T10:35:22","modified_gmt":"2026-03-16T13:35:22","slug":"ibc-br-sobe-080-janeiro-previa-pib-mt","status":"publish","type":"post","link":"https:\/\/www.suno.com.br\/noticias\/ibc-br-sobe-080-janeiro-previa-pib-mt\/","title":{"rendered":"IBC-Br sobe em janeiro e reacende debate sobre o ritmo da economia brasileira"},"content":{"rendered":"<p>A\u00a0atividade econ\u00f4mica brasileira\u00a0iniciou 2026 com avan\u00e7o. O\u00a0<strong>IBC-Br<\/strong>, indicador divulgado pelo\u00a0Banco Central do Brasil\u00a0e considerado uma pr\u00e9via do <a class=\"suno-keyword\" target=\"_blank\" data-force=\"no\" data-priority=\"2\" href=\"https:\/\/www.suno.com.br\/artigos\/pib-produto-interno-bruto\/\" rel=\"noopener\">Produto Interno Bruto (PIB)<\/a>, registrou\u00a0alta de 0,80% em janeiro na compara\u00e7\u00e3o com dezembro, segundo dados publicados nesta segunda-feira (16).<\/p>\t<div class=\"wrapper-featured-image\">\n\t\t<figure class=\"spotlightImg\">\n\n\t\t\t<picture>\n\t\t\t\t<source media=\"(max-width: 768px)\" srcset=\"https:\/\/files.sunoresearch.com.br\/n\/uploads\/2026\/03\/50e635f0-ibc-br-400x200.webp\">\n\t\t\t\t<img loading=\"lazy\" decoding=\"async\" class=\"newsContent__article__imgCapa lazyloadDisabled \" src=\"https:\/\/files.sunoresearch.com.br\/n\/uploads\/2026\/03\/50e635f0-ibc-br-800x450.webp\" width=\"800\" height=\"450\" alt=\"IBC-Br sobe em janeiro e reacende debate sobre o ritmo da economia brasileira\" fetchpriority=high \/>\n\t\t\t<\/picture>\n\n\t\t\t<figcaption class=\"wp-caption-text wp-caption-text--show\">IBC-BR<\/figcaption>\n\t\t<\/figure>\n\t<\/div>\n\n\n\n\n\n\n<p>O resultado ficou\u00a0ligeiramente abaixo da expectativa do mercado, que apontava crescimento de\u00a00,85%, de acordo com levantamento da Reuters. Ainda assim, o indicador mostra recupera\u00e7\u00e3o ap\u00f3s a\u00a0queda de 0,18% observada em dezembro, indicando retomada do ritmo da atividade no in\u00edcio do ano.<\/p>\n\n\n\n<p>Na compara\u00e7\u00e3o com\u00a0janeiro do ano anterior, a pr\u00e9via do PIB avan\u00e7ou\u00a01,0%, enquanto o\u00a0acumulado em 12 meses aponta crescimento de 2,3%.<\/p>\n\n\n\n<h2 class=\"wp-block-heading\">O que \u00e9 o IBC-Br<\/h2>\n\n\n\n<p>O&nbsp;<strong>IBC-Br (\u00cdndice de Atividade Econ\u00f4mica do Banco Central)<\/strong>&nbsp;\u00e9 um indicador mensal criado para acompanhar o desempenho da economia brasileira ao longo do tempo. Ele re\u00fane informa\u00e7\u00f5es de diversos setores da atividade econ\u00f4mica e utiliza uma base semelhante \u00e0 utilizada no c\u00e1lculo do PIB.<\/p>\n\n\n\t<p>\n\t\t<a href=\"https:\/\/lp2.suno.com.br\/onde-investir-2026\/?utm_campaign=_SNC390A0FD0_ao&#038;utm_source=suno-not\u00edcias&#038;utm_medium=banner.noticias\" target=\"_blank\" data-element=\"shortcode-suno-banner\" title=\"Banner SUNO, clique e saiba mais\">\n\t\t\t<picture>\n\t\t\t\t<source media=\"(max-width: 500px)\" srcset=\"https:\/\/files.sunoresearch.com.br\/gaia\/uploads\/2026\/01\/Banner-Materias-01-Mbl_-400x300-1.png\">\n\t\t\t\t<img class=\"newsContent__article__imgCapa newsContent__article__imgCapa--banner\"\n\t\t\t\t\tsrc=\"https:\/\/files.sunoresearch.com.br\/gaia\/uploads\/2026\/01\/Banner-Materias-01-Dkp_-1420x240-1.png\"\n\t\t\t\t\tdata-promo-id=\"651623\"\t\t\t\t\t\t\t\t\t\twidth='1420' height='240'\t\t\t\t\talt=\"https:\/\/files.sunoresearch.com.br\/gaia\/uploads\/2026\/01\/Banner-Materias-01-Dkp_-1420x240-1.png\"\n\t\t\t\t>\n\t\t\t<\/picture>\n\t\t<\/a>\n\t<\/p>\n\n\n\n\n\n\n\n<p>Por ser divulgado mensalmente pelo Banco Central, o \u00edndice passou a ser tratado pelo mercado como uma&nbsp;<strong>\u201cpr\u00e9via do PIB\u201d<\/strong>, j\u00e1 que o resultado oficial do crescimento econ\u00f4mico brasileiro \u00e9 divulgado pelo&nbsp;Instituto Brasileiro de Geografia e Estat\u00edstica&nbsp;apenas de forma trimestral.<\/p>\n\n\n\n<h2 class=\"wp-block-heading\">Servi\u00e7os e ind\u00fastria impulsionam avan\u00e7o do indicador<\/h2>\n\n\n\n<p>De acordo com os dados divulgados pelo Banco Central, o avan\u00e7o da atividade econ\u00f4mica em janeiro foi puxado principalmente pelos setores de&nbsp;<strong>servi\u00e7os e ind\u00fastria<\/strong>.<\/p>\n\n\n\n<p>O indicador de&nbsp;<strong>servi\u00e7os registrou alta de 0,8%<\/strong>, enquanto a&nbsp;<strong>ind\u00fastria avan\u00e7ou 0,4%<\/strong>&nbsp;no per\u00edodo. Os&nbsp;<strong>impostos tamb\u00e9m contribu\u00edram positivamente<\/strong>, com crescimento de&nbsp;<strong>0,5%<\/strong>.<\/p>\n\n\n\n<p>J\u00e1 o setor de\u00a0agropecu\u00e1ria apresentou queda de 1,5%\u00a0na compara\u00e7\u00e3o mensal.<\/p>\n\n\n\t<p>\n\t\t<a href=\"https:\/\/lp2.suno.com.br\/lm\/minicurso-construindo-um-portfolio-milionario\/?utm_campaign=_SNC35CF3834_ao&#038;utm_source=suno-not\u00edcias&#038;utm_medium=banner.noticias\" target=\"_blank\" data-element=\"shortcode-suno-banner\" title=\"Banner SUNO, clique e saiba mais\">\n\t\t\t<picture>\n\t\t\t\t<source media=\"(max-width: 500px)\" srcset=\"https:\/\/files.sunoresearch.com.br\/gaia\/uploads\/2026\/01\/MB-PS-HOME-DE-ARTIGOS-400x300-ID_01_x1.jpg\">\n\t\t\t\t<img class=\"newsContent__article__imgCapa newsContent__article__imgCapa--banner\"\n\t\t\t\t\tsrc=\"https:\/\/files.sunoresearch.com.br\/gaia\/uploads\/2026\/01\/DT-PS-HOME-DE-ARTIGOS-1420x240-ID_01_x1.jpg\"\n\t\t\t\t\tdata-promo-id=\"651626\"\t\t\t\t\t\t\t\t\t\twidth='1420' height='240'\t\t\t\t\talt=\"https:\/\/files.sunoresearch.com.br\/gaia\/uploads\/2026\/01\/DT-PS-HOME-DE-ARTIGOS-1420x240-ID_01_x1.jpg\"\n\t\t\t\t>\n\t\t\t<\/picture>\n\t\t<\/a>\n\t<\/p>\n\n\n\n\n\n\n\n<p>Na s\u00e9rie dessazonalizada, que elimina efeitos sazonais do calend\u00e1rio, o \u00edndice atingiu&nbsp;<strong>110 pontos<\/strong>, n\u00edvel pr\u00f3ximo ao maior patamar observado desde abril do ano passado.<\/p>\n\n\n\n<h2 class=\"wp-block-heading\">Diferen\u00e7a entre IBC-Br e PIB oficial<\/h2>\n\n\n\n<p>Embora seja amplamente acompanhado por economistas e investidores, o IBC-Br n\u00e3o substitui o c\u00e1lculo oficial do Produto Interno Bruto.<\/p>\n\n\n\n<p>O indicador funciona como uma&nbsp;<strong>sinaliza\u00e7\u00e3o antecipada do ritmo da economia<\/strong>, enquanto o PIB divulgado pelo IBGE utiliza metodologia pr\u00f3pria e \u00e9 publicado apenas a cada trimestre.<\/p>\n\n\n\n<p>Em 2025, por exemplo, os dados oficiais mostraram que o\u00a0PIB brasileiro cresceu 2,3%, enquanto o <strong>IBC-Br <\/strong>apontou\u00a0expans\u00e3o de 2,5% da atividade econ\u00f4mica no mesmo per\u00edodo.<\/p>\n","protected":false},"excerpt":{"rendered":"<p>A\u00a0atividade econ\u00f4mica brasileira\u00a0iniciou 2026 com avan\u00e7o. O\u00a0IBC-Br, indicador divulgado pelo\u00a0Banco Central do Brasil\u00a0e considerado uma pr\u00e9via do Produto Interno Bruto (PIB), registrou\u00a0alta de 0,80% em janeiro na compara\u00e7\u00e3o com dezembro, segundo dados publicados nesta segunda-feira (16). O resultado ficou\u00a0ligeiramente abaixo da expectativa do mercado, que apontava crescimento de\u00a00,85%, de acordo com levantamento da Reuters. Ainda &hellip; Continued<\/p>\n","protected":false},"author":402,"featured_media":645057,"comment_status":"closed","ping_status":"closed","sticky":false,"template":"","format":"standard","meta":[],"categories":[62],"tags":[875],"suno_strategy":[],"class_list":["post-645056","post","type-post","status-publish","format-standard","has-post-thumbnail","hentry","category-economia","tag-ibc-br"],"yoast_head":"<!-- This site is optimized with the Yoast SEO plugin v24.4 - https:\/\/yoast.com\/wordpress\/plugins\/seo\/ -->\n<title>IBC-Br sobe 0,80% em janeiro e indica avan\u00e7o da economia<\/title>\n<meta name=\"description\" content=\"IBC-Br sobe 0,80% em janeiro, segundo o BC. Indicador considerado pr\u00e9via do PIB aponta crescimento da atividade econ\u00f4mica no Brasil\" \/>\n<meta name=\"robots\" content=\"index, follow, max-snippet:-1, max-image-preview:large, max-video-preview:-1\" \/>\n<link rel=\"canonical\" href=\"https:\/\/www.suno.com.br\/noticias\/ibc-br-sobe-080-janeiro-previa-pib-mt\/\" \/>\n<meta property=\"og:locale\" content=\"pt_BR\" \/>\n<meta property=\"og:type\" content=\"article\" \/>\n<meta property=\"og:title\" content=\"IBC-Br sobe 0,80% em janeiro e indica avan\u00e7o da economia\" \/>\n<meta property=\"og:description\" content=\"IBC-Br sobe 0,80% em janeiro, segundo o BC. Indicador considerado pr\u00e9via do PIB aponta crescimento da atividade econ\u00f4mica no Brasil\" \/>\n<meta property=\"og:url\" content=\"https:\/\/www.suno.com.br\/noticias\/ibc-br-sobe-080-janeiro-previa-pib-mt\/\" \/>\n<meta property=\"og:site_name\" content=\"Suno Not\u00edcias\" \/>\n<meta property=\"article:publisher\" content=\"https:\/\/facebook.com\/sunoresearch\" \/>\n<meta property=\"og:image\" content=\"http:\/\/files.sunoresearch.com.br\/n\/uploads\/2026\/03\/50e635f0-ibc-br-jpg.webp\" \/>\n\t<meta property=\"og:image:width\" content=\"1024\" \/>\n\t<meta property=\"og:image:height\" content=\"683\" \/>\n\t<meta property=\"og:image:type\" content=\"image\/jpeg\" \/>\n<meta name=\"author\" content=\"Ma\u00edra Telles\" \/>\n<meta name=\"twitter:card\" content=\"summary_large_image\" \/>\n<meta name=\"twitter:creator\" content=\"@sunoresearch\" \/>\n<meta name=\"twitter:site\" content=\"@sunoresearch\" \/>\n<meta name=\"twitter:label1\" content=\"Escrito por\" \/>\n\t<meta name=\"twitter:data1\" content=\"Ma\u00edra Telles\" \/>\n\t<meta name=\"twitter:label2\" content=\"Est. tempo de leitura\" \/>\n\t<meta name=\"twitter:data2\" content=\"2 minutos\" \/>\n<script type=\"application\/ld+json\" class=\"yoast-schema-graph\">{\"@context\":\"https:\/\/schema.org\",\"@graph\":[{\"@type\":\"NewsArticle\",\"@id\":\"https:\/\/www.suno.com.br\/noticias\/ibc-br-sobe-080-janeiro-previa-pib-mt\/#article\",\"isPartOf\":{\"@id\":\"https:\/\/www.suno.com.br\/noticias\/ibc-br-sobe-080-janeiro-previa-pib-mt\/\"},\"author\":{\"name\":\"Ma\u00edra Telles\",\"@id\":\"https:\/\/www.suno.com.br\/noticias\/#\/schema\/person\/0a8b51292bb96ee5f104094c0907eaef\"},\"headline\":\"IBC-Br sobe em janeiro e reacende debate sobre o ritmo da economia brasileira\",\"datePublished\":\"2026-03-16T13:35:22+00:00\",\"mainEntityOfPage\":{\"@id\":\"https:\/\/www.suno.com.br\/noticias\/ibc-br-sobe-080-janeiro-previa-pib-mt\/\"},\"wordCount\":433,\"publisher\":{\"@id\":\"https:\/\/www.suno.com.br\/noticias\/#organization\"},\"image\":{\"@id\":\"https:\/\/www.suno.com.br\/noticias\/ibc-br-sobe-080-janeiro-previa-pib-mt\/#primaryimage\"},\"thumbnailUrl\":\"https:\/\/files.sunoresearch.com.br\/n\/uploads\/2026\/03\/50e635f0-ibc-br-jpg.webp\",\"keywords\":[\"IBC-Br\"],\"articleSection\":[\"Economia\"],\"inLanguage\":\"pt-BR\"},{\"@type\":\"WebPage\",\"@id\":\"https:\/\/www.suno.com.br\/noticias\/ibc-br-sobe-080-janeiro-previa-pib-mt\/\",\"url\":\"https:\/\/www.suno.com.br\/noticias\/ibc-br-sobe-080-janeiro-previa-pib-mt\/\",\"name\":\"IBC-Br sobe 0,80% em janeiro e indica avan\u00e7o da economia\",\"isPartOf\":{\"@id\":\"https:\/\/www.suno.com.br\/noticias\/#website\"},\"primaryImageOfPage\":{\"@id\":\"https:\/\/www.suno.com.br\/noticias\/ibc-br-sobe-080-janeiro-previa-pib-mt\/#primaryimage\"},\"image\":{\"@id\":\"https:\/\/www.suno.com.br\/noticias\/ibc-br-sobe-080-janeiro-previa-pib-mt\/#primaryimage\"},\"thumbnailUrl\":\"https:\/\/files.sunoresearch.com.br\/n\/uploads\/2026\/03\/50e635f0-ibc-br-jpg.webp\",\"datePublished\":\"2026-03-16T13:35:22+00:00\",\"description\":\"IBC-Br sobe 0,80% em janeiro, segundo o BC. Indicador considerado pr\u00e9via do PIB aponta crescimento da atividade econ\u00f4mica no Brasil\",\"breadcrumb\":{\"@id\":\"https:\/\/www.suno.com.br\/noticias\/ibc-br-sobe-080-janeiro-previa-pib-mt\/#breadcrumb\"},\"inLanguage\":\"pt-BR\",\"potentialAction\":[{\"@type\":\"ReadAction\",\"target\":[\"https:\/\/www.suno.com.br\/noticias\/ibc-br-sobe-080-janeiro-previa-pib-mt\/\"]}]},{\"@type\":\"ImageObject\",\"inLanguage\":\"pt-BR\",\"@id\":\"https:\/\/www.suno.com.br\/noticias\/ibc-br-sobe-080-janeiro-previa-pib-mt\/#primaryimage\",\"url\":\"https:\/\/files.sunoresearch.com.br\/n\/uploads\/2026\/03\/50e635f0-ibc-br-jpg.webp\",\"contentUrl\":\"https:\/\/files.sunoresearch.com.br\/n\/uploads\/2026\/03\/50e635f0-ibc-br-jpg.webp\",\"width\":1024,\"height\":683,\"caption\":\"IBC-BR\"},{\"@type\":\"BreadcrumbList\",\"@id\":\"https:\/\/www.suno.com.br\/noticias\/ibc-br-sobe-080-janeiro-previa-pib-mt\/#breadcrumb\",\"itemListElement\":[{\"@type\":\"ListItem\",\"position\":1,\"name\":\"Not\u00edcias\",\"item\":\"https:\/\/www.suno.com.br\/noticias\/\"},{\"@type\":\"ListItem\",\"position\":2,\"name\":\"Neg\u00f3cios\",\"item\":\"https:\/\/www.suno.com.br\/noticias\/negocios\/\"},{\"@type\":\"ListItem\",\"position\":3,\"name\":\"IBC-Br sobe em janeiro e reacende debate sobre o ritmo da economia brasileira\"}]},{\"@type\":\"WebSite\",\"@id\":\"https:\/\/www.suno.com.br\/noticias\/#website\",\"url\":\"https:\/\/www.suno.com.br\/noticias\/\",\"name\":\"Suno Not\u00edcias\",\"description\":\"Seu portal de informa\u00e7\u00e3o sobre o mundo dos investimentos\",\"publisher\":{\"@id\":\"https:\/\/www.suno.com.br\/noticias\/#organization\"},\"potentialAction\":[{\"@type\":\"SearchAction\",\"target\":{\"@type\":\"EntryPoint\",\"urlTemplate\":\"https:\/\/www.suno.com.br\/noticias\/?s={search_term_string}\"},\"query-input\":{\"@type\":\"PropertyValueSpecification\",\"valueRequired\":true,\"valueName\":\"search_term_string\"}}],\"inLanguage\":\"pt-BR\"},{\"@type\":\"Organization\",\"@id\":\"https:\/\/www.suno.com.br\/noticias\/#organization\",\"name\":\"Suno Not\u00edcias\",\"url\":\"https:\/\/www.suno.com.br\/noticias\/\",\"logo\":{\"@type\":\"ImageObject\",\"inLanguage\":\"pt-BR\",\"@id\":\"https:\/\/www.suno.com.br\/noticias\/#\/schema\/logo\/image\/\",\"url\":\"https:\/\/files.sunoresearch.com.br\/n\/uploads\/2021\/09\/suno-logo.png\",\"contentUrl\":\"https:\/\/files.sunoresearch.com.br\/n\/uploads\/2021\/09\/suno-logo.png\",\"width\":180,\"height\":180,\"caption\":\"Suno Not\u00edcias\"},\"image\":{\"@id\":\"https:\/\/www.suno.com.br\/noticias\/#\/schema\/logo\/image\/\"},\"sameAs\":[\"https:\/\/facebook.com\/sunoresearch\",\"https:\/\/x.com\/sunoresearch\",\"https:\/\/www.instagram.com\/suno\",\"https:\/\/www.linkedin.com\/company\/suno-research\/\",\"https:\/\/www.youtube.com\/c\/sunoresearch\"]},{\"@type\":\"Person\",\"@id\":\"https:\/\/www.suno.com.br\/noticias\/#\/schema\/person\/0a8b51292bb96ee5f104094c0907eaef\",\"name\":\"Ma\u00edra Telles\",\"image\":{\"@type\":\"ImageObject\",\"inLanguage\":\"pt-BR\",\"@id\":\"https:\/\/www.suno.com.br\/noticias\/#\/schema\/person\/image\/\",\"url\":\"https:\/\/secure.gravatar.com\/avatar\/8d13691eab6abc1d1050b62a4c2a6116?s=96&r=g\",\"contentUrl\":\"https:\/\/secure.gravatar.com\/avatar\/8d13691eab6abc1d1050b62a4c2a6116?s=96&r=g\",\"caption\":\"Ma\u00edra Telles\"},\"description\":\"Jornalista com passagem por reda\u00e7\u00f5es como ESPN, especializa\u00e7\u00e3o em marketing digital e em gest\u00e3o de crise. Com foco no mercado financeiro e no setor agropecu\u00e1rio, desenvolve conte\u00fados estrat\u00e9gicos e especializados para m\u00faltiplas plataformas, unindo an\u00e1lise de investimentos e neg\u00f3cios\",\"url\":\"https:\/\/www.suno.com.br\/noticias\/author\/mairaftellesgmail-com\/\"}]}<\/script>\n<!-- \/ Yoast SEO plugin. -->","yoast_head_json":{"title":"IBC-Br sobe 0,80% em janeiro e indica avan\u00e7o da economia","description":"IBC-Br sobe 0,80% em janeiro, segundo o BC. Indicador considerado pr\u00e9via do PIB aponta crescimento da atividade econ\u00f4mica no Brasil","robots":{"index":"index","follow":"follow","max-snippet":"max-snippet:-1","max-image-preview":"max-image-preview:large","max-video-preview":"max-video-preview:-1"},"canonical":"https:\/\/www.suno.com.br\/noticias\/ibc-br-sobe-080-janeiro-previa-pib-mt\/","og_locale":"pt_BR","og_type":"article","og_title":"IBC-Br sobe 0,80% em janeiro e indica avan\u00e7o da economia","og_description":"IBC-Br sobe 0,80% em janeiro, segundo o BC. Indicador considerado pr\u00e9via do PIB aponta crescimento da atividade econ\u00f4mica no Brasil","og_url":"https:\/\/www.suno.com.br\/noticias\/ibc-br-sobe-080-janeiro-previa-pib-mt\/","og_site_name":"Suno Not\u00edcias","article_publisher":"https:\/\/facebook.com\/sunoresearch","og_image":[{"width":1024,"height":683,"url":"http:\/\/files.sunoresearch.com.br\/n\/uploads\/2026\/03\/50e635f0-ibc-br-jpg.webp","type":"image\/jpeg"}],"author":"Ma\u00edra Telles","twitter_card":"summary_large_image","twitter_creator":"@sunoresearch","twitter_site":"@sunoresearch","twitter_misc":{"Escrito por":"Ma\u00edra Telles","Est. tempo de leitura":"2 minutos"},"schema":{"@context":"https:\/\/schema.org","@graph":[{"@type":"NewsArticle","@id":"https:\/\/www.suno.com.br\/noticias\/ibc-br-sobe-080-janeiro-previa-pib-mt\/#article","isPartOf":{"@id":"https:\/\/www.suno.com.br\/noticias\/ibc-br-sobe-080-janeiro-previa-pib-mt\/"},"author":{"name":"Ma\u00edra Telles","@id":"https:\/\/www.suno.com.br\/noticias\/#\/schema\/person\/0a8b51292bb96ee5f104094c0907eaef"},"headline":"IBC-Br sobe em janeiro e reacende debate sobre o ritmo da economia brasileira","datePublished":"2026-03-16T13:35:22+00:00","mainEntityOfPage":{"@id":"https:\/\/www.suno.com.br\/noticias\/ibc-br-sobe-080-janeiro-previa-pib-mt\/"},"wordCount":433,"publisher":{"@id":"https:\/\/www.suno.com.br\/noticias\/#organization"},"image":{"@id":"https:\/\/www.suno.com.br\/noticias\/ibc-br-sobe-080-janeiro-previa-pib-mt\/#primaryimage"},"thumbnailUrl":"https:\/\/files.sunoresearch.com.br\/n\/uploads\/2026\/03\/50e635f0-ibc-br-jpg.webp","keywords":["IBC-Br"],"articleSection":["Economia"],"inLanguage":"pt-BR"},{"@type":"WebPage","@id":"https:\/\/www.suno.com.br\/noticias\/ibc-br-sobe-080-janeiro-previa-pib-mt\/","url":"https:\/\/www.suno.com.br\/noticias\/ibc-br-sobe-080-janeiro-previa-pib-mt\/","name":"IBC-Br sobe 0,80% em janeiro e indica avan\u00e7o da economia","isPartOf":{"@id":"https:\/\/www.suno.com.br\/noticias\/#website"},"primaryImageOfPage":{"@id":"https:\/\/www.suno.com.br\/noticias\/ibc-br-sobe-080-janeiro-previa-pib-mt\/#primaryimage"},"image":{"@id":"https:\/\/www.suno.com.br\/noticias\/ibc-br-sobe-080-janeiro-previa-pib-mt\/#primaryimage"},"thumbnailUrl":"https:\/\/files.sunoresearch.com.br\/n\/uploads\/2026\/03\/50e635f0-ibc-br-jpg.webp","datePublished":"2026-03-16T13:35:22+00:00","description":"IBC-Br sobe 0,80% em janeiro, segundo o BC. Indicador considerado pr\u00e9via do PIB aponta crescimento da atividade econ\u00f4mica no Brasil","breadcrumb":{"@id":"https:\/\/www.suno.com.br\/noticias\/ibc-br-sobe-080-janeiro-previa-pib-mt\/#breadcrumb"},"inLanguage":"pt-BR","potentialAction":[{"@type":"ReadAction","target":["https:\/\/www.suno.com.br\/noticias\/ibc-br-sobe-080-janeiro-previa-pib-mt\/"]}]},{"@type":"ImageObject","inLanguage":"pt-BR","@id":"https:\/\/www.suno.com.br\/noticias\/ibc-br-sobe-080-janeiro-previa-pib-mt\/#primaryimage","url":"https:\/\/files.sunoresearch.com.br\/n\/uploads\/2026\/03\/50e635f0-ibc-br-jpg.webp","contentUrl":"https:\/\/files.sunoresearch.com.br\/n\/uploads\/2026\/03\/50e635f0-ibc-br-jpg.webp","width":1024,"height":683,"caption":"IBC-BR"},{"@type":"BreadcrumbList","@id":"https:\/\/www.suno.com.br\/noticias\/ibc-br-sobe-080-janeiro-previa-pib-mt\/#breadcrumb","itemListElement":[{"@type":"ListItem","position":1,"name":"Not\u00edcias","item":"https:\/\/www.suno.com.br\/noticias\/"},{"@type":"ListItem","position":2,"name":"Neg\u00f3cios","item":"https:\/\/www.suno.com.br\/noticias\/negocios\/"},{"@type":"ListItem","position":3,"name":"IBC-Br sobe em janeiro e reacende debate sobre o ritmo da economia brasileira"}]},{"@type":"WebSite","@id":"https:\/\/www.suno.com.br\/noticias\/#website","url":"https:\/\/www.suno.com.br\/noticias\/","name":"Suno Not\u00edcias","description":"Seu portal de informa\u00e7\u00e3o sobre o mundo dos investimentos","publisher":{"@id":"https:\/\/www.suno.com.br\/noticias\/#organization"},"potentialAction":[{"@type":"SearchAction","target":{"@type":"EntryPoint","urlTemplate":"https:\/\/www.suno.com.br\/noticias\/?s={search_term_string}"},"query-input":{"@type":"PropertyValueSpecification","valueRequired":true,"valueName":"search_term_string"}}],"inLanguage":"pt-BR"},{"@type":"Organization","@id":"https:\/\/www.suno.com.br\/noticias\/#organization","name":"Suno Not\u00edcias","url":"https:\/\/www.suno.com.br\/noticias\/","logo":{"@type":"ImageObject","inLanguage":"pt-BR","@id":"https:\/\/www.suno.com.br\/noticias\/#\/schema\/logo\/image\/","url":"https:\/\/files.sunoresearch.com.br\/n\/uploads\/2021\/09\/suno-logo.png","contentUrl":"https:\/\/files.sunoresearch.com.br\/n\/uploads\/2021\/09\/suno-logo.png","width":180,"height":180,"caption":"Suno Not\u00edcias"},"image":{"@id":"https:\/\/www.suno.com.br\/noticias\/#\/schema\/logo\/image\/"},"sameAs":["https:\/\/facebook.com\/sunoresearch","https:\/\/x.com\/sunoresearch","https:\/\/www.instagram.com\/suno","https:\/\/www.linkedin.com\/company\/suno-research\/","https:\/\/www.youtube.com\/c\/sunoresearch"]},{"@type":"Person","@id":"https:\/\/www.suno.com.br\/noticias\/#\/schema\/person\/0a8b51292bb96ee5f104094c0907eaef","name":"Ma\u00edra Telles","image":{"@type":"ImageObject","inLanguage":"pt-BR","@id":"https:\/\/www.suno.com.br\/noticias\/#\/schema\/person\/image\/","url":"https:\/\/secure.gravatar.com\/avatar\/8d13691eab6abc1d1050b62a4c2a6116?s=96&r=g","contentUrl":"https:\/\/secure.gravatar.com\/avatar\/8d13691eab6abc1d1050b62a4c2a6116?s=96&r=g","caption":"Ma\u00edra Telles"},"description":"Jornalista com passagem por reda\u00e7\u00f5es como ESPN, especializa\u00e7\u00e3o em marketing digital e em gest\u00e3o de crise. Com foco no mercado financeiro e no setor agropecu\u00e1rio, desenvolve conte\u00fados estrat\u00e9gicos e especializados para m\u00faltiplas plataformas, unindo an\u00e1lise de investimentos e neg\u00f3cios","url":"https:\/\/www.suno.com.br\/noticias\/author\/mairaftellesgmail-com\/"}]}},"default_loop_html":"<div class=\"cardsPage__listCard__boxs\"><div class=\"cardsPage__listCard__boxs__img\"><a href=\"https:\/\/www.suno.com.br\/noticias\/ibc-br-sobe-080-janeiro-previa-pib-mt\/\"><img class=\"mask\" src=\"https:\/\/www.suno.com.br\/noticias\/wp-content\/themes\/suno\/resources\/images\/spotlight\/spotlight1img\/bg-mask.png\" alt=\"Image Mask\"\/><img src=\"https:\/\/files.sunoresearch.com.br\/n\/uploads\/2026\/03\/50e635f0-ibc-br-400x200.webp\" alt=\"IBC-Br sobe em janeiro e reacende debate sobre o ritmo da economia brasileira\"\/><\/a><span class=\"spotlightCategory\"><a href=\"https:\/\/www.suno.com.br\/noticias\/economia\/\">Economia<\/a><\/span><\/div><div class=\"cardsPage__listCard__boxs__content\"><a href=\"https:\/\/www.suno.com.br\/noticias\/ibc-br-sobe-080-janeiro-previa-pib-mt\/\"><h2 class=\"content__title\">IBC-Br sobe em janeiro e reacende debate sobre o ritmo da economia brasileira<\/h2><\/a><div class=\"newsContent__article__meta\"><div class=\"newsContent__article__meta__authorBox\"><a href=\"https:\/\/www.suno.com.br\/noticias\/author\/mairaftellesgmail-com\/\" class=\"authorBox__avatar noMobi\"><img src=\"https:\/\/secure.gravatar.com\/avatar\/8d13691eab6abc1d1050b62a4c2a6116?s=96&#038;r=g\" alt=\"Ma\u00edra Telles\"><\/a><div class=\"authorBox__name\"><span>por\n\t\t\t<a href=\"https:\/\/www.suno.com.br\/noticias\/author\/mairaftellesgmail-com\/\"><span itemprop=\"author\">Ma\u00edra Telles<\/span><\/a><\/span><time datetime=\"2026-03-16T10:35:22-03:00\" itemprop=\"datePublished\">16\/03\/2026 10:35<\/time><\/div><\/div><\/div><\/div><\/div>","single_layout":"posts","amp_enabled":true,"_links":{"self":[{"href":"https:\/\/www.suno.com.br\/noticias\/wp-json\/wp\/v2\/posts\/645056"}],"collection":[{"href":"https:\/\/www.suno.com.br\/noticias\/wp-json\/wp\/v2\/posts"}],"about":[{"href":"https:\/\/www.suno.com.br\/noticias\/wp-json\/wp\/v2\/types\/post"}],"author":[{"embeddable":true,"href":"https:\/\/www.suno.com.br\/noticias\/wp-json\/wp\/v2\/users\/402"}],"replies":[{"embeddable":true,"href":"https:\/\/www.suno.com.br\/noticias\/wp-json\/wp\/v2\/comments?post=645056"}],"version-history":[{"count":0,"href":"https:\/\/www.suno.com.br\/noticias\/wp-json\/wp\/v2\/posts\/645056\/revisions"}],"wp:featuredmedia":[{"embeddable":true,"href":"https:\/\/www.suno.com.br\/noticias\/wp-json\/wp\/v2\/media\/645057"}],"wp:attachment":[{"href":"https:\/\/www.suno.com.br\/noticias\/wp-json\/wp\/v2\/media?parent=645056"}],"wp:term":[{"taxonomy":"category","embeddable":true,"href":"https:\/\/www.suno.com.br\/noticias\/wp-json\/wp\/v2\/categories?post=645056"},{"taxonomy":"post_tag","embeddable":true,"href":"https:\/\/www.suno.com.br\/noticias\/wp-json\/wp\/v2\/tags?post=645056"},{"taxonomy":"suno_strategy","embeddable":true,"href":"https:\/\/www.suno.com.br\/noticias\/wp-json\/wp\/v2\/suno_strategy?post=645056"}],"curies":[{"name":"wp","href":"https:\/\/api.w.org\/{rel}","templated":true}]}}