{"id":64486,"date":"2020-05-12T17:39:27","date_gmt":"2020-05-12T20:39:27","guid":{"rendered":"https:\/\/www.suno.com.br\/noticias\/?p=64486"},"modified":"2020-05-12T18:02:05","modified_gmt":"2020-05-12T21:02:05","slug":"ibovespa-fechamento-queda-12052020","status":"publish","type":"post","link":"https:\/\/www.suno.com.br\/noticias\/ibovespa-fechamento-queda-12052020\/","title":{"rendered":"Ibovespa inverte e cai 1,51% com temores de v\u00eddeo de Bolsonaro"},"content":{"rendered":"<p>O <a href=\"https:\/\/www.suno.com.br\/artigos\/ibovespa\/\"><strong>Ibovespa<\/strong><\/a> encerrou o preg\u00e3o desta ter\u00e7a-feira (12) em baixa de 1,51%, a 77.871,95 pontos. O principal \u00edndice da <a href=\"https:\/\/www.suno.com.br\/artigos\/b3\/\">bolsa de valores de S\u00e3o Paulo (B3)<\/a> inverteu com as preocupa\u00e7\u00f5es com o v\u00eddeo da reuni\u00e3o ministerial do presidente da Rep\u00fablica, Jair Bolsonaro.<\/p>\t<div class=\"wrapper-featured-image\">\n\t\t<figure class=\"spotlightImg\">\n\n\t\t\t<picture>\n\t\t\t\t<source media=\"(max-width: 768px)\" srcset=\"https:\/\/files.sunoresearch.com.br\/n\/uploads\/2020\/03\/eb7f40f9-ibovespa_2-400x200.webp\">\n\t\t\t\t<img loading=\"lazy\" decoding=\"async\" class=\"newsContent__article__imgCapa lazyloadDisabled newsContent__article__imgCapa--noCaption\" src=\"https:\/\/files.sunoresearch.com.br\/n\/uploads\/2020\/03\/eb7f40f9-ibovespa_2-800x450.webp\" width=\"800\" height=\"450\" alt=\"Ibovespa inverte e cai 1,51% com temores de v\u00eddeo de Bolsonaro\" fetchpriority=high \/>\n\t\t\t<\/picture>\n\n\t\t\t<figcaption class=\"wp-caption-text wp-caption-text--hide\">Ibovespa futuro opera em alta atento as bolsas globais e declara\u00e7\u00e3o de Bolsonaro<\/figcaption>\n\t\t<\/figure>\n\t<\/div>\n\n\n\n<p>O Ibovespa foi pressionado pelos temores em rela\u00e7\u00e3o ao teor do v\u00eddeo da reuni\u00e3o ministerial do dia 22 de abril. Nesta grava\u00e7\u00e3o, segundo o ex-ministro da Justi\u00e7a, Sergio Moro, o presidente relaciona a troca da superintend\u00eancia da Pol\u00edcia Federal \u00e0 prote\u00e7\u00e3o de sua fam\u00edlia.<\/p>\n<p><a href=\"https:\/\/lp.suno.com.br\/suno-one\/\">Veja tamb\u00e9m: <span data-sheets-value=\"{&quot;1&quot;:2,&quot;2&quot;:&quot;Garanta acesso ao Suno One, a central de informa\u00e7\u00f5es para quem quer aprender a investir. Acesse gratuitamente clicando aqui.&quot;}\" data-sheets-userformat=\"{&quot;2&quot;:513,&quot;3&quot;:{&quot;1&quot;:0},&quot;12&quot;:0}\">Garanta acesso ao Suno One, a central de informa\u00e7\u00f5es para quem quer aprender a investir. Acesse gratuitamente clicando aqui.<\/span><\/a><\/p>\n<p>Nesse sentido, o mercado precificou a nota do advogado do ex ministro, na qual afirma que a grava\u00e7\u00e3o confirma o relato de Moro. Al\u00e9m disso, o site &#8220;O Antagonista&#8221; caracterizou o v\u00eddeo como &#8220;devastador&#8221; para Bolsonaro.<\/p>\n<p>No cen\u00e1rio internacional, os mercados ainda s\u00e3o impulsionados pela expectativas de abertura das economias ao redor do globo, enquanto mostram preocupa\u00e7\u00e3o com os impactos do relaxamento das medidas de isolamento social e com a possibilidade de uma segunda onda de coronav\u00edrus.<\/p>\n<p>Veja as principais not\u00edcias que movimentaram o mercado nesta ter\u00e7a-feira:<\/p>\n<ul>\n<li>Ita\u00fasa registra uma queda de 59% lucro no 1T20<\/li>\n<li>BTG Pactual tem alta de 14,5% do lucro l\u00edquido no 1T20<\/li>\n<li>EDP Brasil: Cade aprova aquisi\u00e7\u00e3o de ativos de gera\u00e7\u00e3o solar<\/li>\n<\/ul>\n<h2>Ita\u00fasa registra uma queda de 59% lucro no 1T20<\/h2>\n<p>A <a href=\"https:\/\/www.suno.com.br\/artigos\/holding\/\">holding <\/a><strong>Ita\u00fasa <\/strong>(<a href=\"https:\/\/www.suno.com.br\/acoes\/itsa3\/\">ITSA3<\/a>; <a href=\"https:\/\/www.suno.com.br\/acoes\/itsa4\/\">ITSA4<\/a>), empresa m\u00e3e do Ita\u00fa Unibanco, da Alpargatas e da Duratex, teve <a href=\"https:\/\/www.suno.com.br\/artigos\/lucro-liquido\/\">lucro l\u00edquido<\/a> de R$ 1,01 bilh\u00e3o, uma queda de 59,3% em rela\u00e7\u00e3o ao obtido no mesmo per\u00edodo do ano passado.<\/p>\n<p><a href=\"https:\/\/www.suno.com.br\/noticias\/itausa-itsa-lucro-r-1-bi-queda-59\/\">Saiba mais: Ita\u00fasa (ITSA4) tem lucro de R$ 1 bi no 1T20; queda de 59%<\/a><\/p>\n<p>A equival\u00eancia patrimonial da empresa caiu de R$ 2,62 bilh\u00f5es para R$ 1,27 bilh\u00e3o. O banco Ita\u00fa responde por aproximadamente 90% do resultado da holding. Vale destacar que, na \u00faltima semana, o Ita\u00fa informou que seu lucro trimestral recorrente apresentou queda de 43,1% ante o mesmo intervalo de 2019.<\/p>\n<h2>BTG Pactual tem alta de 14,5% no lucro do 1T20<\/h2>\n<p>O <a href=\"https:\/\/www.suno.com.br\/acoes\/bpac11\/\"><strong>BTG Pactual<\/strong> (BPAC11)<\/a> registrou<a href=\"https:\/\/www.suno.com.br\/artigos\/lucro-liquido\/\"> lucro l\u00edquido<\/a> de R$ 768 milh\u00f5es no primeiro trimestre de 2020, equivalente a uma alta de 14,5% em compara\u00e7\u00e3o com o mesmo per\u00edodo no ano passado.<\/p>\n<p><a href=\"https:\/\/www.suno.com.br\/noticias\/btg-pactual-bpac11-registra-alta-de-145-do-lucro-liquido-no-1t20\/\">Saiba mais: BTG Pactual (BPAC11) registra alta de 14,5% do lucro l\u00edquido no 1T20<\/a><\/p>\n<p>Por sua vez, o lucro l\u00edquido ajustado foi de R$ 789 milh\u00f5es no per\u00edodo de janeiro a mar\u00e7o. O lucro ajustado \u00e9 usado pela administra\u00e7\u00e3o do BTG Pacutal como medida de desempenho e apresenta diferen\u00e7as cont\u00e1beis em rela\u00e7\u00e3o ao <a href=\"https:\/\/www.suno.com.br\/artigos\/br-gaap\/\">BR Gaap.<\/a>\u00a0A receita total cresceu 2,4% e somou R$ 1,5 bilh\u00e3o.<\/p>\n<h2>EDP Brasil: Cade aprova aquisi\u00e7\u00e3o de ativos de gera\u00e7\u00e3o solar<\/h2>\n<p>A <strong>EDP Brasil<\/strong> <a href=\"https:\/\/www.suno.com.br\/acoes\/enbr3\/\">(ENBR3)<\/a> recebeu a autoriza\u00e7\u00e3o do <a href=\"https:\/\/www.suno.com.br\/artigos\/cade\/\">Conselho de Administra\u00e7\u00e3o de Defesa Econ\u00f4mica (Cade)<\/a> para uma aquisi\u00e7\u00e3o no setor de gera\u00e7\u00e3o solar distribu\u00edda.<\/p>\n<p><a href=\"https:\/\/www.suno.com.br\/noticias\/edp-brasil-enbr3-cade-aprova-aquisicao-geracao-solar\/\">Saiba mais: EDP Brasil (ENBR3): Cade aprova aquisi\u00e7\u00e3o de ativos de gera\u00e7\u00e3o solar<\/a><\/p>\n<p>O neg\u00f3cio deve ser conclu\u00eddo pelo controlador da EDP Brasil, o grupo portugu\u00eas <strong>EDP Grid<\/strong>. O <strong>Cade<\/strong> aprovou sem restri\u00e7\u00f5es a aquisi\u00e7\u00e3o, que era de forte interesse de investidores no Brasil.<\/p>\n<p>Maiores altas e baixas do Ibovespa<\/p>\n<p>ALTAS<\/p>\n<ul>\n<li>BEEF3+7,06% R$ 14,40<\/li>\n<li>IRBR3 +4,42% R$ 8,04<\/li>\n<li>MRFG3 +3,78% R$ 14,27<\/li>\n<li>HAPV3 +3,22% R$ 50,91<\/li>\n<li>BRAP4 +3,22% R$ 32,97<\/li>\n<\/ul>\n<p>BAIXAS<\/p>\n<ul>\n<li>BRKM5 -7,29% R$ 20,47<\/li>\n<li>NTCO3 -6,15% R$ 32,05<\/li>\n<li>ELET6 -5,87% R$ 23,25<\/li>\n<li>EMBR3 -5,7% R$ 6,78<\/li>\n<li>SANB11 -5,18% R$ 23,24<\/li>\n<\/ul>\n<h2>Bolsas no exterior<\/h2>\n<ul>\n<li>Londres (<a href=\"https:\/\/www.suno.com.br\/artigos\/ftse-100\/\">FTSE 100<\/a>): +0,93% &#8211;\u00a0<span class=\"r-i_deh5kK3_4k\" data-rcid=\"20\"><span class=\"IsqQVc NprOob XcVN5d\">5.994,77<\/span><\/span><\/li>\n<li>Frankfurt (<a href=\"https:\/\/www.suno.com.br\/artigos\/dax-30\/\">DAX 30)<\/a>: -0,051% &#8211;\u00a0<span class=\"r-ikAnsJUe_7jo\" data-rcid=\"20\"><span class=\"IsqQVc NprOob XcVN5d\">10.819,50<\/span><\/span><\/li>\n<li>Paris (<a href=\"https:\/\/www.suno.com.br\/artigos\/cac-40\/\">CAC 40<\/a>): -0,39% &#8211;\u00a0<span class=\"r-i_za7qF95Sfk\" data-rcid=\"20\"><span class=\"IsqQVc NprOob XcVN5d\">4.472,50<\/span><\/span><\/li>\n<li>Xangai (SSEC): -0,11% &#8211;\u00a0<span class=\"r-iFxjlQr9b5jo\" data-rcid=\"37\"><span class=\"IsqQVc NprOob XcVN5d\">2.891,56<\/span><\/span><\/li>\n<li>Hong Kong (<a href=\"https:\/\/www.suno.com.br\/artigos\/hang-seng\/\">Hang Seng<\/a>): -1,45% &#8211;\u00a0<span class=\"r-iBEnXwzFxQn4\" data-rcid=\"20\"><span class=\"IsqQVc NprOob XcVN5d\">24.245,68<\/span><\/span><\/li>\n<li>T\u00f3quio (<a href=\"https:\/\/www.suno.com.br\/artigos\/nikkei-225\/\">Nikkei 225<\/a>): -0,12% &#8211;\u00a0<span class=\"r-iCnnASQ4yoeQ\" data-rcid=\"20\"><span class=\"IsqQVc NprOob XcVN5d\">20.366,48<\/span><\/span><\/li>\n<li>Nova York (<a href=\"https:\/\/www.suno.com.br\/artigos\/sp-500\/\">S&amp;P 500<\/a>): -2,05% &#8211;\u00a0<span class=\"r-i_xhIsFvg2zs\" data-rcid=\"20\"><span class=\"IsqQVc NprOob XcVN5d\">2.870,12<\/span><\/span><\/li>\n<\/ul>\n<h2>\u00daltima cota\u00e7\u00e3o do Ibovespa<\/h2>\n<p>Na \u00faltima sess\u00e3o, segunda-feira, <strong>Ibovespa<\/strong> encerrou queda 1,49%, a 79.064,60 pontos.<\/p>\n\n","protected":false},"excerpt":{"rendered":"<p>O Ibovespa encerrou o preg\u00e3o desta ter\u00e7a-feira (12) em baixa de 1,51%, a 77.871,95 pontos. O principal \u00edndice da bolsa de valores de S\u00e3o Paulo (B3) inverteu com as preocupa\u00e7\u00f5es com o v\u00eddeo da reuni\u00e3o ministerial do presidente da Rep\u00fablica, Jair Bolsonaro. Ibovespa futuro opera em alta atento as bolsas globais e declara\u00e7\u00e3o de Bolsonaro [&hellip;]<\/p>\n","protected":false},"author":35,"featured_media":59423,"comment_status":"closed","ping_status":"closed","sticky":false,"template":"","format":"standard","meta":[],"categories":[60],"tags":[399,1207,721,517,719],"suno_strategy":[],"class_list":["post-64486","post","type-post","status-publish","format-standard","has-post-thumbnail","hentry","category-mercado","tag-btg-pactual-bpac11-bpac3-bpac5","tag-edp-brasil-enbr3","tag-ibovespa","tag-itausa-itsa3-itsa4","tag-jair-bolsonaro"],"yoast_head":"<!-- This site is optimized with the Yoast SEO plugin v24.4 - https:\/\/yoast.com\/wordpress\/plugins\/seo\/ -->\n<title>Ibovespa inverte e cai 1,51% com temores de v\u00eddeo de Bolsonaro<\/title>\n<meta name=\"description\" content=\"O Ibovespa fechou em baixa de 1,51%, a 77.871,95 pontos, com as preocupa\u00e7\u00f5es com o v\u00eddeo da reuni\u00e3o de Bolsonaro. Clique para saber mais\" \/>\n<meta name=\"robots\" content=\"index, follow, max-snippet:-1, max-image-preview:large, max-video-preview:-1\" \/>\n<link rel=\"canonical\" href=\"https:\/\/www.suno.com.br\/noticias\/ibovespa-fechamento-queda-12052020\/\" \/>\n<meta property=\"og:locale\" content=\"pt_BR\" \/>\n<meta property=\"og:type\" content=\"article\" \/>\n<meta property=\"og:title\" content=\"Ibovespa inverte e cai 1,51% com temores de v\u00eddeo de Bolsonaro\" \/>\n<meta property=\"og:description\" content=\"O Ibovespa fechou em baixa de 1,51%, a 77.871,95 pontos, com as preocupa\u00e7\u00f5es com o v\u00eddeo da reuni\u00e3o de Bolsonaro. Clique para saber mais\" \/>\n<meta property=\"og:url\" content=\"https:\/\/www.suno.com.br\/noticias\/ibovespa-fechamento-queda-12052020\/\" \/>\n<meta property=\"og:site_name\" content=\"Suno Not\u00edcias\" \/>\n<meta property=\"article:publisher\" content=\"https:\/\/facebook.com\/sunoresearch\" \/>\n<meta property=\"og:image\" content=\"https:\/\/files.sunoresearch.com.br\/n\/uploads\/2020\/03\/eb7f40f9-ibovespa_2.jpg\" \/>\n\t<meta property=\"og:image:width\" content=\"3888\" \/>\n\t<meta property=\"og:image:height\" content=\"2592\" \/>\n\t<meta property=\"og:image:type\" content=\"image\/jpeg\" \/>\n<meta name=\"author\" content=\"Arthur Guimar\u00e3es\" \/>\n<meta name=\"twitter:card\" content=\"summary_large_image\" \/>\n<meta name=\"twitter:creator\" content=\"@sunoresearch\" \/>\n<meta name=\"twitter:site\" content=\"@sunoresearch\" \/>\n<meta name=\"twitter:label1\" content=\"Escrito por\" \/>\n\t<meta name=\"twitter:data1\" content=\"Arthur Guimar\u00e3es\" \/>\n\t<meta name=\"twitter:label2\" content=\"Est. tempo de leitura\" \/>\n\t<meta name=\"twitter:data2\" content=\"3 minutos\" \/>\n<script type=\"application\/ld+json\" class=\"yoast-schema-graph\">{\"@context\":\"https:\/\/schema.org\",\"@graph\":[{\"@type\":\"NewsArticle\",\"@id\":\"https:\/\/www.suno.com.br\/noticias\/ibovespa-fechamento-queda-12052020\/#article\",\"isPartOf\":{\"@id\":\"https:\/\/www.suno.com.br\/noticias\/ibovespa-fechamento-queda-12052020\/\"},\"author\":{\"name\":\"Arthur Guimar\u00e3es\",\"@id\":\"https:\/\/www.suno.com.br\/noticias\/#\/schema\/person\/053a750a709a263919a20f976caae91c\"},\"headline\":\"Ibovespa inverte e cai 1,51% com temores de v\u00eddeo de Bolsonaro\",\"datePublished\":\"2020-05-12T20:39:27+00:00\",\"dateModified\":\"2020-05-12T21:02:05+00:00\",\"mainEntityOfPage\":{\"@id\":\"https:\/\/www.suno.com.br\/noticias\/ibovespa-fechamento-queda-12052020\/\"},\"wordCount\":665,\"publisher\":{\"@id\":\"https:\/\/www.suno.com.br\/noticias\/#organization\"},\"image\":{\"@id\":\"https:\/\/www.suno.com.br\/noticias\/ibovespa-fechamento-queda-12052020\/#primaryimage\"},\"thumbnailUrl\":\"https:\/\/files.sunoresearch.com.br\/n\/uploads\/2020\/03\/eb7f40f9-ibovespa_2-scaled.webp\",\"keywords\":[\"BTG Pactual (BPAC11\/BPAC3\/BPAC5)\",\"EDP Brasil (ENBR3)\",\"Ibovespa\",\"Ita\u00fasa (ITSA3\/ITSA4)\",\"Jair Bolsonaro\"],\"articleSection\":[\"Mercado\"],\"inLanguage\":\"pt-BR\"},{\"@type\":\"WebPage\",\"@id\":\"https:\/\/www.suno.com.br\/noticias\/ibovespa-fechamento-queda-12052020\/\",\"url\":\"https:\/\/www.suno.com.br\/noticias\/ibovespa-fechamento-queda-12052020\/\",\"name\":\"Ibovespa inverte e cai 1,51% com temores de v\u00eddeo de Bolsonaro\",\"isPartOf\":{\"@id\":\"https:\/\/www.suno.com.br\/noticias\/#website\"},\"primaryImageOfPage\":{\"@id\":\"https:\/\/www.suno.com.br\/noticias\/ibovespa-fechamento-queda-12052020\/#primaryimage\"},\"image\":{\"@id\":\"https:\/\/www.suno.com.br\/noticias\/ibovespa-fechamento-queda-12052020\/#primaryimage\"},\"thumbnailUrl\":\"https:\/\/files.sunoresearch.com.br\/n\/uploads\/2020\/03\/eb7f40f9-ibovespa_2-scaled.webp\",\"datePublished\":\"2020-05-12T20:39:27+00:00\",\"dateModified\":\"2020-05-12T21:02:05+00:00\",\"description\":\"O Ibovespa fechou em baixa de 1,51%, a 77.871,95 pontos, com as preocupa\u00e7\u00f5es com o v\u00eddeo da reuni\u00e3o de Bolsonaro. Clique para saber mais\",\"breadcrumb\":{\"@id\":\"https:\/\/www.suno.com.br\/noticias\/ibovespa-fechamento-queda-12052020\/#breadcrumb\"},\"inLanguage\":\"pt-BR\",\"potentialAction\":[{\"@type\":\"ReadAction\",\"target\":[\"https:\/\/www.suno.com.br\/noticias\/ibovespa-fechamento-queda-12052020\/\"]}]},{\"@type\":\"ImageObject\",\"inLanguage\":\"pt-BR\",\"@id\":\"https:\/\/www.suno.com.br\/noticias\/ibovespa-fechamento-queda-12052020\/#primaryimage\",\"url\":\"https:\/\/files.sunoresearch.com.br\/n\/uploads\/2020\/03\/eb7f40f9-ibovespa_2-scaled.webp\",\"contentUrl\":\"https:\/\/files.sunoresearch.com.br\/n\/uploads\/2020\/03\/eb7f40f9-ibovespa_2-scaled.webp\",\"width\":2560,\"height\":1707,\"caption\":\"Ibovespa futuro opera em alta atento as bolsas globais e declara\u00e7\u00e3o de Bolsonaro\"},{\"@type\":\"BreadcrumbList\",\"@id\":\"https:\/\/www.suno.com.br\/noticias\/ibovespa-fechamento-queda-12052020\/#breadcrumb\",\"itemListElement\":[{\"@type\":\"ListItem\",\"position\":1,\"name\":\"Not\u00edcias\",\"item\":\"https:\/\/www.suno.com.br\/noticias\/\"},{\"@type\":\"ListItem\",\"position\":2,\"name\":\"Mercado\",\"item\":\"https:\/\/www.suno.com.br\/noticias\/mercado\/\"},{\"@type\":\"ListItem\",\"position\":3,\"name\":\"Ibovespa inverte e cai 1,51% com temores de v\u00eddeo de Bolsonaro\"}]},{\"@type\":\"WebSite\",\"@id\":\"https:\/\/www.suno.com.br\/noticias\/#website\",\"url\":\"https:\/\/www.suno.com.br\/noticias\/\",\"name\":\"Suno Not\u00edcias\",\"description\":\"Seu portal de informa\u00e7\u00e3o sobre o mundo dos investimentos\",\"publisher\":{\"@id\":\"https:\/\/www.suno.com.br\/noticias\/#organization\"},\"potentialAction\":[{\"@type\":\"SearchAction\",\"target\":{\"@type\":\"EntryPoint\",\"urlTemplate\":\"https:\/\/www.suno.com.br\/noticias\/?s={search_term_string}\"},\"query-input\":{\"@type\":\"PropertyValueSpecification\",\"valueRequired\":true,\"valueName\":\"search_term_string\"}}],\"inLanguage\":\"pt-BR\"},{\"@type\":\"Organization\",\"@id\":\"https:\/\/www.suno.com.br\/noticias\/#organization\",\"name\":\"Suno Not\u00edcias\",\"url\":\"https:\/\/www.suno.com.br\/noticias\/\",\"logo\":{\"@type\":\"ImageObject\",\"inLanguage\":\"pt-BR\",\"@id\":\"https:\/\/www.suno.com.br\/noticias\/#\/schema\/logo\/image\/\",\"url\":\"https:\/\/files.sunoresearch.com.br\/n\/uploads\/2021\/09\/suno-logo.png\",\"contentUrl\":\"https:\/\/files.sunoresearch.com.br\/n\/uploads\/2021\/09\/suno-logo.png\",\"width\":180,\"height\":180,\"caption\":\"Suno Not\u00edcias\"},\"image\":{\"@id\":\"https:\/\/www.suno.com.br\/noticias\/#\/schema\/logo\/image\/\"},\"sameAs\":[\"https:\/\/facebook.com\/sunoresearch\",\"https:\/\/x.com\/sunoresearch\",\"https:\/\/www.instagram.com\/suno\",\"https:\/\/www.linkedin.com\/company\/suno-research\/\",\"https:\/\/www.youtube.com\/c\/sunoresearch\"]},{\"@type\":\"Person\",\"@id\":\"https:\/\/www.suno.com.br\/noticias\/#\/schema\/person\/053a750a709a263919a20f976caae91c\",\"name\":\"Arthur Guimar\u00e3es\",\"image\":{\"@type\":\"ImageObject\",\"inLanguage\":\"pt-BR\",\"@id\":\"https:\/\/www.suno.com.br\/noticias\/#\/schema\/person\/image\/\",\"url\":\"https:\/\/secure.gravatar.com\/avatar\/1affd86a11209ae09eb6dd3bcad3e96c?s=96&r=g\",\"contentUrl\":\"https:\/\/secure.gravatar.com\/avatar\/1affd86a11209ae09eb6dd3bcad3e96c?s=96&r=g\",\"caption\":\"Arthur Guimar\u00e3es\"},\"description\":\"Arthur Guimar\u00e3es escreve sobre pol\u00edtica, economia e neg\u00f3cios para o portal de not\u00edcias da Suno Research. Atualmente, \u00e9 estudante de jornalismo pela Faculdade C\u00e1sper L\u00edbero.\",\"url\":\"https:\/\/www.suno.com.br\/noticias\/author\/arthur-guimaraes\/\"}]}<\/script>\n<!-- \/ Yoast SEO plugin. -->","yoast_head_json":{"title":"Ibovespa inverte e cai 1,51% com temores de v\u00eddeo de Bolsonaro","description":"O Ibovespa fechou em baixa de 1,51%, a 77.871,95 pontos, com as preocupa\u00e7\u00f5es com o v\u00eddeo da reuni\u00e3o de Bolsonaro. Clique para saber mais","robots":{"index":"index","follow":"follow","max-snippet":"max-snippet:-1","max-image-preview":"max-image-preview:large","max-video-preview":"max-video-preview:-1"},"canonical":"https:\/\/www.suno.com.br\/noticias\/ibovespa-fechamento-queda-12052020\/","og_locale":"pt_BR","og_type":"article","og_title":"Ibovespa inverte e cai 1,51% com temores de v\u00eddeo de Bolsonaro","og_description":"O Ibovespa fechou em baixa de 1,51%, a 77.871,95 pontos, com as preocupa\u00e7\u00f5es com o v\u00eddeo da reuni\u00e3o de Bolsonaro. Clique para saber mais","og_url":"https:\/\/www.suno.com.br\/noticias\/ibovespa-fechamento-queda-12052020\/","og_site_name":"Suno Not\u00edcias","article_publisher":"https:\/\/facebook.com\/sunoresearch","og_image":[{"width":3888,"height":2592,"url":"https:\/\/files.sunoresearch.com.br\/n\/uploads\/2020\/03\/eb7f40f9-ibovespa_2.jpg","type":"image\/jpeg"}],"author":"Arthur Guimar\u00e3es","twitter_card":"summary_large_image","twitter_creator":"@sunoresearch","twitter_site":"@sunoresearch","twitter_misc":{"Escrito por":"Arthur Guimar\u00e3es","Est. tempo de leitura":"3 minutos"},"schema":{"@context":"https:\/\/schema.org","@graph":[{"@type":"NewsArticle","@id":"https:\/\/www.suno.com.br\/noticias\/ibovespa-fechamento-queda-12052020\/#article","isPartOf":{"@id":"https:\/\/www.suno.com.br\/noticias\/ibovespa-fechamento-queda-12052020\/"},"author":{"name":"Arthur Guimar\u00e3es","@id":"https:\/\/www.suno.com.br\/noticias\/#\/schema\/person\/053a750a709a263919a20f976caae91c"},"headline":"Ibovespa inverte e cai 1,51% com temores de v\u00eddeo de Bolsonaro","datePublished":"2020-05-12T20:39:27+00:00","dateModified":"2020-05-12T21:02:05+00:00","mainEntityOfPage":{"@id":"https:\/\/www.suno.com.br\/noticias\/ibovespa-fechamento-queda-12052020\/"},"wordCount":665,"publisher":{"@id":"https:\/\/www.suno.com.br\/noticias\/#organization"},"image":{"@id":"https:\/\/www.suno.com.br\/noticias\/ibovespa-fechamento-queda-12052020\/#primaryimage"},"thumbnailUrl":"https:\/\/files.sunoresearch.com.br\/n\/uploads\/2020\/03\/eb7f40f9-ibovespa_2-scaled.webp","keywords":["BTG Pactual (BPAC11\/BPAC3\/BPAC5)","EDP Brasil (ENBR3)","Ibovespa","Ita\u00fasa (ITSA3\/ITSA4)","Jair Bolsonaro"],"articleSection":["Mercado"],"inLanguage":"pt-BR"},{"@type":"WebPage","@id":"https:\/\/www.suno.com.br\/noticias\/ibovespa-fechamento-queda-12052020\/","url":"https:\/\/www.suno.com.br\/noticias\/ibovespa-fechamento-queda-12052020\/","name":"Ibovespa inverte e cai 1,51% com temores de v\u00eddeo de Bolsonaro","isPartOf":{"@id":"https:\/\/www.suno.com.br\/noticias\/#website"},"primaryImageOfPage":{"@id":"https:\/\/www.suno.com.br\/noticias\/ibovespa-fechamento-queda-12052020\/#primaryimage"},"image":{"@id":"https:\/\/www.suno.com.br\/noticias\/ibovespa-fechamento-queda-12052020\/#primaryimage"},"thumbnailUrl":"https:\/\/files.sunoresearch.com.br\/n\/uploads\/2020\/03\/eb7f40f9-ibovespa_2-scaled.webp","datePublished":"2020-05-12T20:39:27+00:00","dateModified":"2020-05-12T21:02:05+00:00","description":"O Ibovespa fechou em baixa de 1,51%, a 77.871,95 pontos, com as preocupa\u00e7\u00f5es com o v\u00eddeo da reuni\u00e3o de Bolsonaro. Clique para saber mais","breadcrumb":{"@id":"https:\/\/www.suno.com.br\/noticias\/ibovespa-fechamento-queda-12052020\/#breadcrumb"},"inLanguage":"pt-BR","potentialAction":[{"@type":"ReadAction","target":["https:\/\/www.suno.com.br\/noticias\/ibovespa-fechamento-queda-12052020\/"]}]},{"@type":"ImageObject","inLanguage":"pt-BR","@id":"https:\/\/www.suno.com.br\/noticias\/ibovespa-fechamento-queda-12052020\/#primaryimage","url":"https:\/\/files.sunoresearch.com.br\/n\/uploads\/2020\/03\/eb7f40f9-ibovespa_2-scaled.webp","contentUrl":"https:\/\/files.sunoresearch.com.br\/n\/uploads\/2020\/03\/eb7f40f9-ibovespa_2-scaled.webp","width":2560,"height":1707,"caption":"Ibovespa futuro opera em alta atento as bolsas globais e declara\u00e7\u00e3o de Bolsonaro"},{"@type":"BreadcrumbList","@id":"https:\/\/www.suno.com.br\/noticias\/ibovespa-fechamento-queda-12052020\/#breadcrumb","itemListElement":[{"@type":"ListItem","position":1,"name":"Not\u00edcias","item":"https:\/\/www.suno.com.br\/noticias\/"},{"@type":"ListItem","position":2,"name":"Mercado","item":"https:\/\/www.suno.com.br\/noticias\/mercado\/"},{"@type":"ListItem","position":3,"name":"Ibovespa inverte e cai 1,51% com temores de v\u00eddeo de Bolsonaro"}]},{"@type":"WebSite","@id":"https:\/\/www.suno.com.br\/noticias\/#website","url":"https:\/\/www.suno.com.br\/noticias\/","name":"Suno Not\u00edcias","description":"Seu portal de informa\u00e7\u00e3o sobre o mundo dos investimentos","publisher":{"@id":"https:\/\/www.suno.com.br\/noticias\/#organization"},"potentialAction":[{"@type":"SearchAction","target":{"@type":"EntryPoint","urlTemplate":"https:\/\/www.suno.com.br\/noticias\/?s={search_term_string}"},"query-input":{"@type":"PropertyValueSpecification","valueRequired":true,"valueName":"search_term_string"}}],"inLanguage":"pt-BR"},{"@type":"Organization","@id":"https:\/\/www.suno.com.br\/noticias\/#organization","name":"Suno Not\u00edcias","url":"https:\/\/www.suno.com.br\/noticias\/","logo":{"@type":"ImageObject","inLanguage":"pt-BR","@id":"https:\/\/www.suno.com.br\/noticias\/#\/schema\/logo\/image\/","url":"https:\/\/files.sunoresearch.com.br\/n\/uploads\/2021\/09\/suno-logo.png","contentUrl":"https:\/\/files.sunoresearch.com.br\/n\/uploads\/2021\/09\/suno-logo.png","width":180,"height":180,"caption":"Suno Not\u00edcias"},"image":{"@id":"https:\/\/www.suno.com.br\/noticias\/#\/schema\/logo\/image\/"},"sameAs":["https:\/\/facebook.com\/sunoresearch","https:\/\/x.com\/sunoresearch","https:\/\/www.instagram.com\/suno","https:\/\/www.linkedin.com\/company\/suno-research\/","https:\/\/www.youtube.com\/c\/sunoresearch"]},{"@type":"Person","@id":"https:\/\/www.suno.com.br\/noticias\/#\/schema\/person\/053a750a709a263919a20f976caae91c","name":"Arthur Guimar\u00e3es","image":{"@type":"ImageObject","inLanguage":"pt-BR","@id":"https:\/\/www.suno.com.br\/noticias\/#\/schema\/person\/image\/","url":"https:\/\/secure.gravatar.com\/avatar\/1affd86a11209ae09eb6dd3bcad3e96c?s=96&r=g","contentUrl":"https:\/\/secure.gravatar.com\/avatar\/1affd86a11209ae09eb6dd3bcad3e96c?s=96&r=g","caption":"Arthur Guimar\u00e3es"},"description":"Arthur Guimar\u00e3es escreve sobre pol\u00edtica, economia e neg\u00f3cios para o portal de not\u00edcias da Suno Research. Atualmente, \u00e9 estudante de jornalismo pela Faculdade C\u00e1sper L\u00edbero.","url":"https:\/\/www.suno.com.br\/noticias\/author\/arthur-guimaraes\/"}]}},"default_loop_html":"<div class=\"cardsPage__listCard__boxs\"><div class=\"cardsPage__listCard__boxs__img\"><a href=\"https:\/\/www.suno.com.br\/noticias\/ibovespa-fechamento-queda-12052020\/\"><img class=\"mask\" src=\"https:\/\/www.suno.com.br\/noticias\/wp-content\/themes\/suno\/resources\/images\/spotlight\/spotlight1img\/bg-mask.png\" alt=\"Image Mask\"\/><img src=\"https:\/\/files.sunoresearch.com.br\/n\/uploads\/2020\/03\/eb7f40f9-ibovespa_2-400x200.webp\" alt=\"Ibovespa inverte e cai 1,51% com temores de v\u00eddeo de Bolsonaro\"\/><\/a><span class=\"spotlightCategory\"><a href=\"https:\/\/www.suno.com.br\/noticias\/mercado\/\">Mercado<\/a><\/span><\/div><div class=\"cardsPage__listCard__boxs__content\"><a href=\"https:\/\/www.suno.com.br\/noticias\/ibovespa-fechamento-queda-12052020\/\"><h2 class=\"content__title\">Ibovespa inverte e cai 1,51% com temores de v\u00eddeo de Bolsonaro<\/h2><\/a><div class=\"newsContent__article__meta\"><div class=\"newsContent__article__meta__authorBox\"><a href=\"https:\/\/www.suno.com.br\/noticias\/author\/arthur-guimaraes\/\" class=\"authorBox__avatar noMobi\"><img src=\"https:\/\/files.sunoresearch.com.br\/n\/uploads\/2020\/02\/dfb40897-eu-150x150.webp\" alt=\"Arthur Guimar\u00e3es\"><\/a><div class=\"authorBox__name\"><span>por\n\t\t\t<a href=\"https:\/\/www.suno.com.br\/noticias\/author\/arthur-guimaraes\/\"><span itemprop=\"author\">Arthur Guimar\u00e3es<\/span><\/a><\/span><time datetime=\"2020-05-12T17:39:27-03:00\" itemprop=\"datePublished\">12\/05\/2020 17:39<\/time><\/div><\/div><\/div><\/div><\/div>","single_layout":"posts","amp_enabled":true,"_links":{"self":[{"href":"https:\/\/www.suno.com.br\/noticias\/wp-json\/wp\/v2\/posts\/64486"}],"collection":[{"href":"https:\/\/www.suno.com.br\/noticias\/wp-json\/wp\/v2\/posts"}],"about":[{"href":"https:\/\/www.suno.com.br\/noticias\/wp-json\/wp\/v2\/types\/post"}],"author":[{"embeddable":true,"href":"https:\/\/www.suno.com.br\/noticias\/wp-json\/wp\/v2\/users\/35"}],"replies":[{"embeddable":true,"href":"https:\/\/www.suno.com.br\/noticias\/wp-json\/wp\/v2\/comments?post=64486"}],"version-history":[{"count":0,"href":"https:\/\/www.suno.com.br\/noticias\/wp-json\/wp\/v2\/posts\/64486\/revisions"}],"wp:featuredmedia":[{"embeddable":true,"href":"https:\/\/www.suno.com.br\/noticias\/wp-json\/wp\/v2\/media\/59423"}],"wp:attachment":[{"href":"https:\/\/www.suno.com.br\/noticias\/wp-json\/wp\/v2\/media?parent=64486"}],"wp:term":[{"taxonomy":"category","embeddable":true,"href":"https:\/\/www.suno.com.br\/noticias\/wp-json\/wp\/v2\/categories?post=64486"},{"taxonomy":"post_tag","embeddable":true,"href":"https:\/\/www.suno.com.br\/noticias\/wp-json\/wp\/v2\/tags?post=64486"},{"taxonomy":"suno_strategy","embeddable":true,"href":"https:\/\/www.suno.com.br\/noticias\/wp-json\/wp\/v2\/suno_strategy?post=64486"}],"curies":[{"name":"wp","href":"https:\/\/api.w.org\/{rel}","templated":true}]}}