{"id":644733,"date":"2026-03-12T11:55:16","date_gmt":"2026-03-12T14:55:16","guid":{"rendered":"https:\/\/www.suno.com.br\/noticias\/embraer-embj3-novo-aviao-analistas-mt\/"},"modified":"2026-03-12T11:55:16","modified_gmt":"2026-03-12T14:55:16","slug":"embraer-embj3-novo-aviao-analistas-mt","status":"publish","type":"post","link":"https:\/\/www.suno.com.br\/noticias\/embraer-embj3-novo-aviao-analistas-mt\/","title":{"rendered":"O pr\u00f3ximo salto da Embraer (EMBJ3) pode vir do c\u00e9u: mercado debate novo avi\u00e3o"},"content":{"rendered":"<p>Mesmo ap\u00f3s um ciclo forte de valoriza\u00e7\u00e3o na Bolsa, a\u00a0Embraer <strong>(EMBJ3)<\/strong>\u00a0voltou a chamar aten\u00e7\u00e3o dos investidores nesta quinta-feira (12), desta vez com movimento negativo nas a\u00e7\u00f5es. Por volta das 11h28, os pap\u00e9is da fabricante brasileira recuavam cerca de\u00a05,1%, negociados a R$ 79,70, ap\u00f3s terem aberto o dia pr\u00f3ximos de R$ 82,91.<\/p>\t<div class=\"wrapper-featured-image\">\n\t\t<figure class=\"spotlightImg\">\n\n\t\t\t<picture>\n\t\t\t\t<source media=\"(max-width: 768px)\" srcset=\"https:\/\/files.sunoresearch.com.br\/n\/uploads\/2026\/03\/3ea60ba8-embraer-divulgacao-868x500-1-400x200.webp\">\n\t\t\t\t<img loading=\"lazy\" decoding=\"async\" class=\"newsContent__article__imgCapa lazyloadDisabled \" src=\"https:\/\/files.sunoresearch.com.br\/n\/uploads\/2026\/03\/3ea60ba8-embraer-divulgacao-868x500-1-800x450.webp\" width=\"800\" height=\"450\" alt=\"O pr\u00f3ximo salto da Embraer (EMBJ3) pode vir do c\u00e9u: mercado debate novo avi\u00e3o\" fetchpriority=high \/>\n\t\t\t<\/picture>\n\n\t\t\t<figcaption class=\"wp-caption-text wp-caption-text--show\">Embraer (EMBJ3):  (Foto: Divulga\u00e7\u00e3o)<\/figcaption>\n\t\t<\/figure>\n\t<\/div>\n\n\n\n\n\n\n<p>A queda ocorre em meio a um momento de transi\u00e7\u00e3o na tese de investimento da companhia. Depois de dois anos marcados por forte recupera\u00e7\u00e3o operacional e avan\u00e7o das a\u00e7\u00f5es, analistas avaliam que a empresa entra agora em uma nova fase, mais focada na execu\u00e7\u00e3o de pedidos e entregas de aeronaves.<\/p>\n\n\n\n<p>Segundo relat\u00f3rio do BTG Pactual, essa mudan\u00e7a pode gerar cautela no mercado no <a class=\"suno-keyword\" target=\"_blank\" data-force=\"no\" data-priority=\"1\" href=\"https:\/\/www.suno.com.br\/artigos\/curto-prazo\/\" rel=\"noopener\">curto prazo<\/a>, mas n\u00e3o altera os fundamentos da fabricante.<\/p>\n\n\n\n<p>\u201cAp\u00f3s um ciclo forte de crescimento \u2014 impulsionado principalmente pela reconstru\u00e7\u00e3o do backlog e pela recupera\u00e7\u00e3o da rentabilidade \u2014 a Embraer agora entra em uma fase mais centrada na execu\u00e7\u00e3o e nas entregas\u201d, afirmam os analistas.<\/p>\n\n\n\t<p>\n\t\t<a href=\"https:\/\/lp2.suno.com.br\/onde-investir-2026\/?utm_campaign=_SNC390A0FD0_ao&#038;utm_source=suno-not\u00edcias&#038;utm_medium=banner.noticias\" target=\"_blank\" data-element=\"shortcode-suno-banner\" title=\"Banner SUNO, clique e saiba mais\">\n\t\t\t<picture>\n\t\t\t\t<source media=\"(max-width: 500px)\" srcset=\"https:\/\/files.sunoresearch.com.br\/gaia\/uploads\/2026\/01\/Banner-Materias-01-Mbl_-400x300-1.png\">\n\t\t\t\t<img class=\"newsContent__article__imgCapa newsContent__article__imgCapa--banner\"\n\t\t\t\t\tsrc=\"https:\/\/files.sunoresearch.com.br\/gaia\/uploads\/2026\/01\/Banner-Materias-01-Dkp_-1420x240-1.png\"\n\t\t\t\t\tdata-promo-id=\"651623\"\t\t\t\t\t\t\t\t\t\twidth='1420' height='240'\t\t\t\t\talt=\"https:\/\/files.sunoresearch.com.br\/gaia\/uploads\/2026\/01\/Banner-Materias-01-Dkp_-1420x240-1.png\"\n\t\t\t\t>\n\t\t\t<\/picture>\n\t\t<\/a>\n\t<\/p>\n\n\n\n\n\n\n\n<h2 class=\"wp-block-heading\">Um dos anos mais fortes da hist\u00f3ria da Embraer<\/h2>\n\n\n\n<p>O relat\u00f3rio destaca que 2025 foi um dos anos mais robustos da hist\u00f3ria recente da companhia, com avan\u00e7os relevantes em pedidos, entregas e resultados financeiros.<\/p>\n\n\n\n<p>Segundo os analistas, a empresa terminou o ano com n\u00fameros&nbsp;<strong>acima do guidance em receitas, margens e <a class=\"suno-keyword\" target=\"_blank\" data-force=\"no\" data-priority=\"1\" href=\"https:\/\/www.suno.com.br\/artigos\/geracao-de-caixa\/\" rel=\"noopener\">gera\u00e7\u00e3o de caixa<\/strong><\/a>, al\u00e9m de cumprir as metas previstas para entregas de aeronaves.<\/p>\n\n\n\n<p>\u201cA Embraer teve um dos anos mais fortes de sua hist\u00f3ria em diversas dimens\u00f5es, incluindo pedidos, entregas e desempenho financeiro\u201d, destaca o relat\u00f3rio.<\/p>\n\n\n\n<p>O desempenho ocorreu mesmo com impactos externos relevantes. De acordo com o BTG, a companhia absorveu cerca de&nbsp;<strong>US$ 80 milh\u00f5es em custos relacionados a tarifas comerciais<\/strong>, sem comprometer a evolu\u00e7\u00e3o da rentabilidade.<\/p>\n\n\n\n<p>Para os pr\u00f3ximos anos, a expectativa \u00e9 que a fabricante continue ampliando as entregas e mantendo a trajet\u00f3ria de melhora operacional.<\/p>\n\n\n\t<p>\n\t\t<a href=\"https:\/\/lp2.suno.com.br\/lm\/minicurso-construindo-um-portfolio-milionario\/?utm_campaign=_SNC35CF3834_ao&#038;utm_source=suno-not\u00edcias&#038;utm_medium=banner.noticias\" target=\"_blank\" data-element=\"shortcode-suno-banner\" title=\"Banner SUNO, clique e saiba mais\">\n\t\t\t<picture>\n\t\t\t\t<source media=\"(max-width: 500px)\" srcset=\"https:\/\/files.sunoresearch.com.br\/gaia\/uploads\/2026\/01\/MB-PS-HOME-DE-ARTIGOS-400x300-ID_01_x1.jpg\">\n\t\t\t\t<img class=\"newsContent__article__imgCapa newsContent__article__imgCapa--banner\"\n\t\t\t\t\tsrc=\"https:\/\/files.sunoresearch.com.br\/gaia\/uploads\/2026\/01\/DT-PS-HOME-DE-ARTIGOS-1420x240-ID_01_x1.jpg\"\n\t\t\t\t\tdata-promo-id=\"651626\"\t\t\t\t\t\t\t\t\t\twidth='1420' height='240'\t\t\t\t\talt=\"https:\/\/files.sunoresearch.com.br\/gaia\/uploads\/2026\/01\/DT-PS-HOME-DE-ARTIGOS-1420x240-ID_01_x1.jpg\"\n\t\t\t\t>\n\t\t\t<\/picture>\n\t\t<\/a>\n\t<\/p>\n\n\n\n\n\n\n\n<h2 class=\"wp-block-heading\">Defesa e novos projetos entram no radar<\/h2>\n\n\n\n<p>Outro fator que sustenta a vis\u00e3o positiva sobre a empresa \u00e9 o potencial da divis\u00e3o de defesa.<\/p>\n\n\n\n<p>Em um cen\u00e1rio global marcado por tens\u00f5es geopol\u00edticas e aumento do gasto militar, aeronaves como o&nbsp;<strong>KC-390 Millennium<\/strong>&nbsp;tendem a ganhar espa\u00e7o em programas de moderniza\u00e7\u00e3o de for\u00e7as a\u00e9reas.<\/p>\n\n\n\n<p>\u201cO KC-390 continua bem posicionado para expandir sua presen\u00e7a internacional, especialmente entre membros da OTAN\u201d, apontam os analistas.<\/p>\n\n\n\n<p>A empresa tamb\u00e9m segue discutindo oportunidades de parcerias estrat\u00e9gicas em mercados como Estados Unidos e \u00cdndia.<\/p>\n\n\n\n<h2 class=\"wp-block-heading\">O debate sobre um novo avi\u00e3o<\/h2>\n\n\n\n<p>Um dos pontos que mais tem chamado aten\u00e7\u00e3o de investidores envolve a possibilidade de a Embraer desenvolver um novo programa de aeronave nos pr\u00f3ximos anos.<\/p>\n\n\n\t<p>\n\t\t<a href=\"https:\/\/lp.suno.com.br\/ebook-como-analisar-uma-acao\/?utm_campaign=_SNC390A0FD0_ao&#038;utm_source=suno-not\u00edcias&#038;utm_medium=banner.noticias\" target=\"_blank\" data-element=\"shortcode-suno-banner\" title=\"Banner SUNO, clique e saiba mais\">\n\t\t\t<picture>\n\t\t\t\t<source media=\"(max-width: 500px)\" srcset=\"https:\/\/files.sunoresearch.com.br\/gaia\/uploads\/2026\/01\/Ebook-Acoes-Mobile.webp\">\n\t\t\t\t<img class=\"newsContent__article__imgCapa newsContent__article__imgCapa--banner\"\n\t\t\t\t\tsrc=\"https:\/\/files.sunoresearch.com.br\/gaia\/uploads\/2026\/01\/Ebook-Acoes-Desktop.webp\"\n\t\t\t\t\tdata-promo-id=\"651105\"\t\t\t\t\t\t\t\t\t\twidth='1420' height='286'\t\t\t\t\talt=\"https:\/\/files.sunoresearch.com.br\/gaia\/uploads\/2026\/01\/Ebook-Acoes-Desktop.webp\"\n\t\t\t\t>\n\t\t\t<\/picture>\n\t\t<\/a>\n\t<\/p>\n\n\n\n\n\n\n\n<p>Projetos desse tipo exigem investimentos bilion\u00e1rios e anos de desenvolvimento, o que costuma gerar cautela no mercado. Ainda assim, analistas destacam que ciclos de novos avi\u00f5es fazem parte da din\u00e2mica da ind\u00fastria aeroespacial.<\/p>\n\n\n\n<p>\u201cNovas plataformas s\u00e3o o mecanismo pelo qual fabricantes preservam relev\u00e2ncia competitiva e garantem ciclos de monetiza\u00e7\u00e3o por d\u00e9cadas\u201d, afirma o relat\u00f3rio.<\/p>\n\n\n\n<p>Nesse contexto, a fabricante brasileira estaria em uma posi\u00e7\u00e3o mais confort\u00e1vel para avaliar um novo projeto, j\u00e1 que seus principais programas atuais j\u00e1 est\u00e3o em fase madura e gerando caixa.<\/p>\n\n\n\n<p>Com plataformas consolidadas, portf\u00f3lio diversificado e balan\u00e7o mais s\u00f3lido, analistas avaliam que a companhia pode estar melhor preparada para iniciar um novo ciclo estrat\u00e9gico.<\/p>\n\n\n\n<p>Mesmo com a recente volatilidade das a\u00e7\u00f5es, a&nbsp;<strong>EMBJ3<\/strong>&nbsp;segue sendo vista como uma hist\u00f3ria de crescimento relevante dentro do setor aeroespacial global.<\/p>\n","protected":false},"excerpt":{"rendered":"<p>Mesmo ap\u00f3s um ciclo forte de valoriza\u00e7\u00e3o na Bolsa, a\u00a0Embraer (EMBJ3)\u00a0voltou a chamar aten\u00e7\u00e3o dos investidores nesta quinta-feira (12), desta vez com movimento negativo nas a\u00e7\u00f5es. Por volta das 11h28, os pap\u00e9is da fabricante brasileira recuavam cerca de\u00a05,1%, negociados a R$ 79,70, ap\u00f3s terem aberto o dia pr\u00f3ximos de R$ 82,91. A queda ocorre em &hellip; Continued<\/p>\n","protected":false},"author":402,"featured_media":644734,"comment_status":"closed","ping_status":"closed","sticky":false,"template":"","format":"standard","meta":[],"categories":[64],"tags":[],"suno_strategy":[],"class_list":["post-644733","post","type-post","status-publish","format-standard","has-post-thumbnail","hentry","category-negocios"],"yoast_head":"<!-- This site is optimized with the Yoast SEO plugin v24.4 - https:\/\/yoast.com\/wordpress\/plugins\/seo\/ -->\n<title>Embraer (EMBJ3): novo avi\u00e3o volta ao radar do mercado<\/title>\n<meta name=\"description\" content=\"A\u00e7\u00e3o da Embraer (EMBJ3) recua na Bolsa enquanto analistas discutem nova fase da fabricante e possibilidade de um novo avi\u00e3o\" \/>\n<meta name=\"robots\" content=\"index, follow, max-snippet:-1, max-image-preview:large, max-video-preview:-1\" \/>\n<link rel=\"canonical\" href=\"https:\/\/www.suno.com.br\/noticias\/embraer-embj3-novo-aviao-analistas-mt\/\" \/>\n<meta property=\"og:locale\" content=\"pt_BR\" \/>\n<meta property=\"og:type\" content=\"article\" \/>\n<meta property=\"og:title\" content=\"Embraer (EMBJ3): novo avi\u00e3o volta ao radar do mercado\" \/>\n<meta property=\"og:description\" content=\"A\u00e7\u00e3o da Embraer (EMBJ3) recua na Bolsa enquanto analistas discutem nova fase da fabricante e possibilidade de um novo avi\u00e3o\" \/>\n<meta property=\"og:url\" content=\"https:\/\/www.suno.com.br\/noticias\/embraer-embj3-novo-aviao-analistas-mt\/\" \/>\n<meta property=\"og:site_name\" content=\"Suno Not\u00edcias\" \/>\n<meta property=\"article:publisher\" content=\"https:\/\/facebook.com\/sunoresearch\" \/>\n<meta property=\"og:image\" content=\"http:\/\/files.sunoresearch.com.br\/n\/uploads\/2026\/03\/3ea60ba8-embraer-divulgacao-868x500-1-jpg.webp\" \/>\n\t<meta property=\"og:image:width\" content=\"868\" \/>\n\t<meta property=\"og:image:height\" content=\"500\" \/>\n\t<meta property=\"og:image:type\" content=\"image\/jpeg\" \/>\n<meta name=\"author\" content=\"Ma\u00edra Telles\" \/>\n<meta name=\"twitter:card\" content=\"summary_large_image\" \/>\n<meta name=\"twitter:creator\" content=\"@sunoresearch\" \/>\n<meta name=\"twitter:site\" content=\"@sunoresearch\" \/>\n<meta name=\"twitter:label1\" content=\"Escrito por\" \/>\n\t<meta name=\"twitter:data1\" content=\"Ma\u00edra Telles\" \/>\n\t<meta name=\"twitter:label2\" content=\"Est. tempo de leitura\" \/>\n\t<meta name=\"twitter:data2\" content=\"3 minutos\" \/>\n<script type=\"application\/ld+json\" class=\"yoast-schema-graph\">{\"@context\":\"https:\/\/schema.org\",\"@graph\":[{\"@type\":\"NewsArticle\",\"@id\":\"https:\/\/www.suno.com.br\/noticias\/embraer-embj3-novo-aviao-analistas-mt\/#article\",\"isPartOf\":{\"@id\":\"https:\/\/www.suno.com.br\/noticias\/embraer-embj3-novo-aviao-analistas-mt\/\"},\"author\":{\"name\":\"Ma\u00edra Telles\",\"@id\":\"https:\/\/www.suno.com.br\/noticias\/#\/schema\/person\/0a8b51292bb96ee5f104094c0907eaef\"},\"headline\":\"O pr\u00f3ximo salto da Embraer (EMBJ3) pode vir do c\u00e9u: mercado debate novo avi\u00e3o\",\"datePublished\":\"2026-03-12T14:55:16+00:00\",\"mainEntityOfPage\":{\"@id\":\"https:\/\/www.suno.com.br\/noticias\/embraer-embj3-novo-aviao-analistas-mt\/\"},\"wordCount\":646,\"publisher\":{\"@id\":\"https:\/\/www.suno.com.br\/noticias\/#organization\"},\"image\":{\"@id\":\"https:\/\/www.suno.com.br\/noticias\/embraer-embj3-novo-aviao-analistas-mt\/#primaryimage\"},\"thumbnailUrl\":\"https:\/\/files.sunoresearch.com.br\/n\/uploads\/2026\/03\/3ea60ba8-embraer-divulgacao-868x500-1-jpg.webp\",\"articleSection\":[\"Neg\u00f3cios\"],\"inLanguage\":\"pt-BR\"},{\"@type\":\"WebPage\",\"@id\":\"https:\/\/www.suno.com.br\/noticias\/embraer-embj3-novo-aviao-analistas-mt\/\",\"url\":\"https:\/\/www.suno.com.br\/noticias\/embraer-embj3-novo-aviao-analistas-mt\/\",\"name\":\"Embraer (EMBJ3): novo avi\u00e3o volta ao radar do mercado\",\"isPartOf\":{\"@id\":\"https:\/\/www.suno.com.br\/noticias\/#website\"},\"primaryImageOfPage\":{\"@id\":\"https:\/\/www.suno.com.br\/noticias\/embraer-embj3-novo-aviao-analistas-mt\/#primaryimage\"},\"image\":{\"@id\":\"https:\/\/www.suno.com.br\/noticias\/embraer-embj3-novo-aviao-analistas-mt\/#primaryimage\"},\"thumbnailUrl\":\"https:\/\/files.sunoresearch.com.br\/n\/uploads\/2026\/03\/3ea60ba8-embraer-divulgacao-868x500-1-jpg.webp\",\"datePublished\":\"2026-03-12T14:55:16+00:00\",\"description\":\"A\u00e7\u00e3o da Embraer (EMBJ3) recua na Bolsa enquanto analistas discutem nova fase da fabricante e possibilidade de um novo avi\u00e3o\",\"breadcrumb\":{\"@id\":\"https:\/\/www.suno.com.br\/noticias\/embraer-embj3-novo-aviao-analistas-mt\/#breadcrumb\"},\"inLanguage\":\"pt-BR\",\"potentialAction\":[{\"@type\":\"ReadAction\",\"target\":[\"https:\/\/www.suno.com.br\/noticias\/embraer-embj3-novo-aviao-analistas-mt\/\"]}]},{\"@type\":\"ImageObject\",\"inLanguage\":\"pt-BR\",\"@id\":\"https:\/\/www.suno.com.br\/noticias\/embraer-embj3-novo-aviao-analistas-mt\/#primaryimage\",\"url\":\"https:\/\/files.sunoresearch.com.br\/n\/uploads\/2026\/03\/3ea60ba8-embraer-divulgacao-868x500-1-jpg.webp\",\"contentUrl\":\"https:\/\/files.sunoresearch.com.br\/n\/uploads\/2026\/03\/3ea60ba8-embraer-divulgacao-868x500-1-jpg.webp\",\"width\":868,\"height\":500,\"caption\":\"Embraer (EMBJ3): (Foto: Divulga\u00e7\u00e3o)\"},{\"@type\":\"BreadcrumbList\",\"@id\":\"https:\/\/www.suno.com.br\/noticias\/embraer-embj3-novo-aviao-analistas-mt\/#breadcrumb\",\"itemListElement\":[{\"@type\":\"ListItem\",\"position\":1,\"name\":\"Not\u00edcias\",\"item\":\"https:\/\/www.suno.com.br\/noticias\/\"},{\"@type\":\"ListItem\",\"position\":2,\"name\":\"Neg\u00f3cios\",\"item\":\"https:\/\/www.suno.com.br\/noticias\/negocios\/\"},{\"@type\":\"ListItem\",\"position\":3,\"name\":\"O pr\u00f3ximo salto da Embraer (EMBJ3) pode vir do c\u00e9u: mercado debate novo avi\u00e3o\"}]},{\"@type\":\"WebSite\",\"@id\":\"https:\/\/www.suno.com.br\/noticias\/#website\",\"url\":\"https:\/\/www.suno.com.br\/noticias\/\",\"name\":\"Suno Not\u00edcias\",\"description\":\"Seu portal de informa\u00e7\u00e3o sobre o mundo dos investimentos\",\"publisher\":{\"@id\":\"https:\/\/www.suno.com.br\/noticias\/#organization\"},\"potentialAction\":[{\"@type\":\"SearchAction\",\"target\":{\"@type\":\"EntryPoint\",\"urlTemplate\":\"https:\/\/www.suno.com.br\/noticias\/?s={search_term_string}\"},\"query-input\":{\"@type\":\"PropertyValueSpecification\",\"valueRequired\":true,\"valueName\":\"search_term_string\"}}],\"inLanguage\":\"pt-BR\"},{\"@type\":\"Organization\",\"@id\":\"https:\/\/www.suno.com.br\/noticias\/#organization\",\"name\":\"Suno Not\u00edcias\",\"url\":\"https:\/\/www.suno.com.br\/noticias\/\",\"logo\":{\"@type\":\"ImageObject\",\"inLanguage\":\"pt-BR\",\"@id\":\"https:\/\/www.suno.com.br\/noticias\/#\/schema\/logo\/image\/\",\"url\":\"https:\/\/files.sunoresearch.com.br\/n\/uploads\/2021\/09\/suno-logo.png\",\"contentUrl\":\"https:\/\/files.sunoresearch.com.br\/n\/uploads\/2021\/09\/suno-logo.png\",\"width\":180,\"height\":180,\"caption\":\"Suno Not\u00edcias\"},\"image\":{\"@id\":\"https:\/\/www.suno.com.br\/noticias\/#\/schema\/logo\/image\/\"},\"sameAs\":[\"https:\/\/facebook.com\/sunoresearch\",\"https:\/\/x.com\/sunoresearch\",\"https:\/\/www.instagram.com\/suno\",\"https:\/\/www.linkedin.com\/company\/suno-research\/\",\"https:\/\/www.youtube.com\/c\/sunoresearch\"]},{\"@type\":\"Person\",\"@id\":\"https:\/\/www.suno.com.br\/noticias\/#\/schema\/person\/0a8b51292bb96ee5f104094c0907eaef\",\"name\":\"Ma\u00edra Telles\",\"image\":{\"@type\":\"ImageObject\",\"inLanguage\":\"pt-BR\",\"@id\":\"https:\/\/www.suno.com.br\/noticias\/#\/schema\/person\/image\/\",\"url\":\"https:\/\/secure.gravatar.com\/avatar\/8d13691eab6abc1d1050b62a4c2a6116?s=96&r=g\",\"contentUrl\":\"https:\/\/secure.gravatar.com\/avatar\/8d13691eab6abc1d1050b62a4c2a6116?s=96&r=g\",\"caption\":\"Ma\u00edra Telles\"},\"description\":\"Jornalista com passagem por reda\u00e7\u00f5es como ESPN, especializa\u00e7\u00e3o em marketing digital e em gest\u00e3o de crise. Com foco no mercado financeiro e no setor agropecu\u00e1rio, desenvolve conte\u00fados estrat\u00e9gicos e especializados para m\u00faltiplas plataformas, unindo an\u00e1lise de investimentos e neg\u00f3cios\",\"url\":\"https:\/\/www.suno.com.br\/noticias\/author\/mairaftellesgmail-com\/\"}]}<\/script>\n<!-- \/ Yoast SEO plugin. -->","yoast_head_json":{"title":"Embraer (EMBJ3): novo avi\u00e3o volta ao radar do mercado","description":"A\u00e7\u00e3o da Embraer (EMBJ3) recua na Bolsa enquanto analistas discutem nova fase da fabricante e possibilidade de um novo avi\u00e3o","robots":{"index":"index","follow":"follow","max-snippet":"max-snippet:-1","max-image-preview":"max-image-preview:large","max-video-preview":"max-video-preview:-1"},"canonical":"https:\/\/www.suno.com.br\/noticias\/embraer-embj3-novo-aviao-analistas-mt\/","og_locale":"pt_BR","og_type":"article","og_title":"Embraer (EMBJ3): novo avi\u00e3o volta ao radar do mercado","og_description":"A\u00e7\u00e3o da Embraer (EMBJ3) recua na Bolsa enquanto analistas discutem nova fase da fabricante e possibilidade de um novo avi\u00e3o","og_url":"https:\/\/www.suno.com.br\/noticias\/embraer-embj3-novo-aviao-analistas-mt\/","og_site_name":"Suno Not\u00edcias","article_publisher":"https:\/\/facebook.com\/sunoresearch","og_image":[{"width":868,"height":500,"url":"http:\/\/files.sunoresearch.com.br\/n\/uploads\/2026\/03\/3ea60ba8-embraer-divulgacao-868x500-1-jpg.webp","type":"image\/jpeg"}],"author":"Ma\u00edra Telles","twitter_card":"summary_large_image","twitter_creator":"@sunoresearch","twitter_site":"@sunoresearch","twitter_misc":{"Escrito por":"Ma\u00edra Telles","Est. tempo de leitura":"3 minutos"},"schema":{"@context":"https:\/\/schema.org","@graph":[{"@type":"NewsArticle","@id":"https:\/\/www.suno.com.br\/noticias\/embraer-embj3-novo-aviao-analistas-mt\/#article","isPartOf":{"@id":"https:\/\/www.suno.com.br\/noticias\/embraer-embj3-novo-aviao-analistas-mt\/"},"author":{"name":"Ma\u00edra Telles","@id":"https:\/\/www.suno.com.br\/noticias\/#\/schema\/person\/0a8b51292bb96ee5f104094c0907eaef"},"headline":"O pr\u00f3ximo salto da Embraer (EMBJ3) pode vir do c\u00e9u: mercado debate novo avi\u00e3o","datePublished":"2026-03-12T14:55:16+00:00","mainEntityOfPage":{"@id":"https:\/\/www.suno.com.br\/noticias\/embraer-embj3-novo-aviao-analistas-mt\/"},"wordCount":646,"publisher":{"@id":"https:\/\/www.suno.com.br\/noticias\/#organization"},"image":{"@id":"https:\/\/www.suno.com.br\/noticias\/embraer-embj3-novo-aviao-analistas-mt\/#primaryimage"},"thumbnailUrl":"https:\/\/files.sunoresearch.com.br\/n\/uploads\/2026\/03\/3ea60ba8-embraer-divulgacao-868x500-1-jpg.webp","articleSection":["Neg\u00f3cios"],"inLanguage":"pt-BR"},{"@type":"WebPage","@id":"https:\/\/www.suno.com.br\/noticias\/embraer-embj3-novo-aviao-analistas-mt\/","url":"https:\/\/www.suno.com.br\/noticias\/embraer-embj3-novo-aviao-analistas-mt\/","name":"Embraer (EMBJ3): novo avi\u00e3o volta ao radar do mercado","isPartOf":{"@id":"https:\/\/www.suno.com.br\/noticias\/#website"},"primaryImageOfPage":{"@id":"https:\/\/www.suno.com.br\/noticias\/embraer-embj3-novo-aviao-analistas-mt\/#primaryimage"},"image":{"@id":"https:\/\/www.suno.com.br\/noticias\/embraer-embj3-novo-aviao-analistas-mt\/#primaryimage"},"thumbnailUrl":"https:\/\/files.sunoresearch.com.br\/n\/uploads\/2026\/03\/3ea60ba8-embraer-divulgacao-868x500-1-jpg.webp","datePublished":"2026-03-12T14:55:16+00:00","description":"A\u00e7\u00e3o da Embraer (EMBJ3) recua na Bolsa enquanto analistas discutem nova fase da fabricante e possibilidade de um novo avi\u00e3o","breadcrumb":{"@id":"https:\/\/www.suno.com.br\/noticias\/embraer-embj3-novo-aviao-analistas-mt\/#breadcrumb"},"inLanguage":"pt-BR","potentialAction":[{"@type":"ReadAction","target":["https:\/\/www.suno.com.br\/noticias\/embraer-embj3-novo-aviao-analistas-mt\/"]}]},{"@type":"ImageObject","inLanguage":"pt-BR","@id":"https:\/\/www.suno.com.br\/noticias\/embraer-embj3-novo-aviao-analistas-mt\/#primaryimage","url":"https:\/\/files.sunoresearch.com.br\/n\/uploads\/2026\/03\/3ea60ba8-embraer-divulgacao-868x500-1-jpg.webp","contentUrl":"https:\/\/files.sunoresearch.com.br\/n\/uploads\/2026\/03\/3ea60ba8-embraer-divulgacao-868x500-1-jpg.webp","width":868,"height":500,"caption":"Embraer (EMBJ3): (Foto: Divulga\u00e7\u00e3o)"},{"@type":"BreadcrumbList","@id":"https:\/\/www.suno.com.br\/noticias\/embraer-embj3-novo-aviao-analistas-mt\/#breadcrumb","itemListElement":[{"@type":"ListItem","position":1,"name":"Not\u00edcias","item":"https:\/\/www.suno.com.br\/noticias\/"},{"@type":"ListItem","position":2,"name":"Neg\u00f3cios","item":"https:\/\/www.suno.com.br\/noticias\/negocios\/"},{"@type":"ListItem","position":3,"name":"O pr\u00f3ximo salto da Embraer (EMBJ3) pode vir do c\u00e9u: mercado debate novo avi\u00e3o"}]},{"@type":"WebSite","@id":"https:\/\/www.suno.com.br\/noticias\/#website","url":"https:\/\/www.suno.com.br\/noticias\/","name":"Suno Not\u00edcias","description":"Seu portal de informa\u00e7\u00e3o sobre o mundo dos investimentos","publisher":{"@id":"https:\/\/www.suno.com.br\/noticias\/#organization"},"potentialAction":[{"@type":"SearchAction","target":{"@type":"EntryPoint","urlTemplate":"https:\/\/www.suno.com.br\/noticias\/?s={search_term_string}"},"query-input":{"@type":"PropertyValueSpecification","valueRequired":true,"valueName":"search_term_string"}}],"inLanguage":"pt-BR"},{"@type":"Organization","@id":"https:\/\/www.suno.com.br\/noticias\/#organization","name":"Suno Not\u00edcias","url":"https:\/\/www.suno.com.br\/noticias\/","logo":{"@type":"ImageObject","inLanguage":"pt-BR","@id":"https:\/\/www.suno.com.br\/noticias\/#\/schema\/logo\/image\/","url":"https:\/\/files.sunoresearch.com.br\/n\/uploads\/2021\/09\/suno-logo.png","contentUrl":"https:\/\/files.sunoresearch.com.br\/n\/uploads\/2021\/09\/suno-logo.png","width":180,"height":180,"caption":"Suno Not\u00edcias"},"image":{"@id":"https:\/\/www.suno.com.br\/noticias\/#\/schema\/logo\/image\/"},"sameAs":["https:\/\/facebook.com\/sunoresearch","https:\/\/x.com\/sunoresearch","https:\/\/www.instagram.com\/suno","https:\/\/www.linkedin.com\/company\/suno-research\/","https:\/\/www.youtube.com\/c\/sunoresearch"]},{"@type":"Person","@id":"https:\/\/www.suno.com.br\/noticias\/#\/schema\/person\/0a8b51292bb96ee5f104094c0907eaef","name":"Ma\u00edra Telles","image":{"@type":"ImageObject","inLanguage":"pt-BR","@id":"https:\/\/www.suno.com.br\/noticias\/#\/schema\/person\/image\/","url":"https:\/\/secure.gravatar.com\/avatar\/8d13691eab6abc1d1050b62a4c2a6116?s=96&r=g","contentUrl":"https:\/\/secure.gravatar.com\/avatar\/8d13691eab6abc1d1050b62a4c2a6116?s=96&r=g","caption":"Ma\u00edra Telles"},"description":"Jornalista com passagem por reda\u00e7\u00f5es como ESPN, especializa\u00e7\u00e3o em marketing digital e em gest\u00e3o de crise. Com foco no mercado financeiro e no setor agropecu\u00e1rio, desenvolve conte\u00fados estrat\u00e9gicos e especializados para m\u00faltiplas plataformas, unindo an\u00e1lise de investimentos e neg\u00f3cios","url":"https:\/\/www.suno.com.br\/noticias\/author\/mairaftellesgmail-com\/"}]}},"default_loop_html":"<div class=\"cardsPage__listCard__boxs\"><div class=\"cardsPage__listCard__boxs__img\"><a href=\"https:\/\/www.suno.com.br\/noticias\/embraer-embj3-novo-aviao-analistas-mt\/\"><img class=\"mask\" src=\"https:\/\/www.suno.com.br\/noticias\/wp-content\/themes\/suno\/resources\/images\/spotlight\/spotlight1img\/bg-mask.png\" alt=\"Image Mask\"\/><img src=\"https:\/\/files.sunoresearch.com.br\/n\/uploads\/2026\/03\/3ea60ba8-embraer-divulgacao-868x500-1-400x200.webp\" alt=\"O pr\u00f3ximo salto da Embraer (EMBJ3) pode vir do c\u00e9u: mercado debate novo avi\u00e3o\"\/><\/a><span class=\"spotlightCategory\"><a href=\"https:\/\/www.suno.com.br\/noticias\/negocios\/\">Neg\u00f3cios<\/a><\/span><\/div><div class=\"cardsPage__listCard__boxs__content\"><a href=\"https:\/\/www.suno.com.br\/noticias\/embraer-embj3-novo-aviao-analistas-mt\/\"><h2 class=\"content__title\">O pr\u00f3ximo salto da Embraer (EMBJ3) pode vir do c\u00e9u: mercado debate novo avi\u00e3o<\/h2><\/a><div class=\"newsContent__article__meta\"><div class=\"newsContent__article__meta__authorBox\"><a href=\"https:\/\/www.suno.com.br\/noticias\/author\/mairaftellesgmail-com\/\" class=\"authorBox__avatar noMobi\"><img src=\"https:\/\/secure.gravatar.com\/avatar\/8d13691eab6abc1d1050b62a4c2a6116?s=96&#038;r=g\" alt=\"Ma\u00edra Telles\"><\/a><div class=\"authorBox__name\"><span>por\n\t\t\t<a href=\"https:\/\/www.suno.com.br\/noticias\/author\/mairaftellesgmail-com\/\"><span itemprop=\"author\">Ma\u00edra Telles<\/span><\/a><\/span><time datetime=\"2026-03-12T11:55:16-03:00\" itemprop=\"datePublished\">12\/03\/2026 11:55<\/time><\/div><\/div><\/div><\/div><\/div>","single_layout":"posts","amp_enabled":true,"_links":{"self":[{"href":"https:\/\/www.suno.com.br\/noticias\/wp-json\/wp\/v2\/posts\/644733"}],"collection":[{"href":"https:\/\/www.suno.com.br\/noticias\/wp-json\/wp\/v2\/posts"}],"about":[{"href":"https:\/\/www.suno.com.br\/noticias\/wp-json\/wp\/v2\/types\/post"}],"author":[{"embeddable":true,"href":"https:\/\/www.suno.com.br\/noticias\/wp-json\/wp\/v2\/users\/402"}],"replies":[{"embeddable":true,"href":"https:\/\/www.suno.com.br\/noticias\/wp-json\/wp\/v2\/comments?post=644733"}],"version-history":[{"count":0,"href":"https:\/\/www.suno.com.br\/noticias\/wp-json\/wp\/v2\/posts\/644733\/revisions"}],"wp:featuredmedia":[{"embeddable":true,"href":"https:\/\/www.suno.com.br\/noticias\/wp-json\/wp\/v2\/media\/644734"}],"wp:attachment":[{"href":"https:\/\/www.suno.com.br\/noticias\/wp-json\/wp\/v2\/media?parent=644733"}],"wp:term":[{"taxonomy":"category","embeddable":true,"href":"https:\/\/www.suno.com.br\/noticias\/wp-json\/wp\/v2\/categories?post=644733"},{"taxonomy":"post_tag","embeddable":true,"href":"https:\/\/www.suno.com.br\/noticias\/wp-json\/wp\/v2\/tags?post=644733"},{"taxonomy":"suno_strategy","embeddable":true,"href":"https:\/\/www.suno.com.br\/noticias\/wp-json\/wp\/v2\/suno_strategy?post=644733"}],"curies":[{"name":"wp","href":"https:\/\/api.w.org\/{rel}","templated":true}]}}