{"id":644723,"date":"2026-03-12T11:25:24","date_gmt":"2026-03-12T14:25:24","guid":{"rendered":"https:\/\/www.suno.com.br\/noticias\/rspd11-amortizacao-extraordinaria-2026\/"},"modified":"2026-03-12T11:25:24","modified_gmt":"2026-03-12T14:25:24","slug":"rspd11-amortizacao-extraordinaria-2026","status":"publish","type":"post","link":"https:\/\/www.suno.com.br\/noticias\/rspd11-amortizacao-extraordinaria-2026\/","title":{"rendered":"RSPD11 far\u00e1 amortiza\u00e7\u00e3o extraordin\u00e1ria de R$ 14 mi em mar\u00e7o"},"content":{"rendered":"<p><strong>Fundo imobili\u00e1rio<\/strong> <a class=\"suno-keyword\" target=\"_blank\" data-force=\"no\" data-priority=\"2\" href=\"https:\/\/www.suno.com.br\/fundos-imobiliarios\/rspd11\/\" rel=\"noopener\">RSPD11<\/a> (RB Capital Desenvolvimento Residencial III) anunciou a distribui\u00e7\u00e3o de amortiza\u00e7\u00e3o extraordin\u00e1ria de capital no valor total de R$ 14 milh\u00f5es. Segundo <a class=\"suno-keyword\" target=\"_blank\" data-force=\"no\" data-priority=\"1\" href=\"https:\/\/www.suno.com.br\/artigos\/fato-relevante\/\" rel=\"noopener\">fato relevante<\/a> divulgado pela administradora e gestora, a medida visa devolver parte do capital aos investidores, preservando a estrutura de cotas do fundo.<\/p>\t<div class=\"wrapper-featured-image\">\n\t\t<figure class=\"spotlightImg\">\n\n\t\t\t<picture>\n\t\t\t\t<source media=\"(max-width: 768px)\" srcset=\"https:\/\/files.sunoresearch.com.br\/n\/uploads\/2026\/03\/63_Profissional_revisan_1_2026017_161211-400x200.webp\">\n\t\t\t\t<img loading=\"lazy\" decoding=\"async\" class=\"newsContent__article__imgCapa lazyloadDisabled \" src=\"https:\/\/files.sunoresearch.com.br\/n\/uploads\/2026\/03\/63_Profissional_revisan_1_2026017_161211-800x450.webp\" width=\"800\" height=\"450\" alt=\"RSPD11 far\u00e1 amortiza\u00e7\u00e3o extraordin\u00e1ria de R$ 14 mi em mar\u00e7o\" fetchpriority=high \/>\n\t\t\t<\/picture>\n\n\t\t\t<figcaption class=\"wp-caption-text wp-caption-text--show\">Foto: Suno\/Banco<\/figcaption>\n\t\t<\/figure>\n\t<\/div>\n\n\n<p>O valor corresponde a R$ 93,95279543 por cota, com direito garantido aos cotistas posicionados na data-com de 30 de janeiro de 2026. Assim, quem detinha cotas at\u00e9 essa data participar\u00e1 do rateio, conforme as regras do regulamento e os procedimentos operacionais do mercado. Esse ponto central refor\u00e7a a previsibilidade para o investidor do <strong>fundo imobili\u00e1rio<\/strong>.<\/p>\n\n\t<p>\n\t\t<a href=\"https:\/\/lp2.suno.com.br\/onde-investir-2026\/?utm_campaign=_SNC390A0FD0_ao&#038;utm_source=suno-not\u00edcias&#038;utm_medium=banner.noticias\" target=\"_blank\" data-element=\"shortcode-suno-banner\" title=\"Banner SUNO, clique e saiba mais\">\n\t\t\t<picture>\n\t\t\t\t<source media=\"(max-width: 500px)\" srcset=\"https:\/\/files.sunoresearch.com.br\/gaia\/uploads\/2026\/01\/Banner-Materias-01-Mbl_-400x300-1.png\">\n\t\t\t\t<img class=\"newsContent__article__imgCapa newsContent__article__imgCapa--banner\"\n\t\t\t\t\tsrc=\"https:\/\/files.sunoresearch.com.br\/gaia\/uploads\/2026\/01\/Banner-Materias-01-Dkp_-1420x240-1.png\"\n\t\t\t\t\tdata-promo-id=\"651623\"\t\t\t\t\t\t\t\t\t\twidth='1420' height='240'\t\t\t\t\talt=\"https:\/\/files.sunoresearch.com.br\/gaia\/uploads\/2026\/01\/Banner-Materias-01-Dkp_-1420x240-1.png\"\n\t\t\t\t>\n\t\t\t<\/picture>\n\t\t<\/a>\n\t<\/p>\n\n\n\n\n<p>Conforme o <strong>fato relevante<\/strong>, a amortiza\u00e7\u00e3o reduzir\u00e1 o patrim\u00f4nio do RSPD11, sem alterar o n\u00famero de cotas em circula\u00e7\u00e3o. Em outras palavras, trata-se de devolu\u00e7\u00e3o de capital, n\u00e3o de distribui\u00e7\u00e3o de rendimentos, o que tem implica\u00e7\u00f5es distintas para o tratamento fiscal e para o c\u00e1lculo do custo m\u00e9dio. A gestora pautou a decis\u00e3o na Cl\u00e1usula 7 do Anexo Descritivo do Regulamento.<\/p>\n<p>A <strong>Oliveira Trust DTVM<\/strong> permanece como administradora do ve\u00edculo, respons\u00e1vel pela operacionaliza\u00e7\u00e3o e comunica\u00e7\u00e3o com os cotistas, enquanto a <strong>RB Asset Management<\/strong> segue \u00e0 frente da gest\u00e3o. Essas institui\u00e7\u00f5es refor\u00e7am a governan\u00e7a do fundo, assegurando que o processo de amortiza\u00e7\u00e3o siga a pol\u00edtica e os prazos oficiais descritos no comunicado.<\/p>\n\n\t<p>\n\t\t<a href=\"https:\/\/lp2.suno.com.br\/lm\/minicurso-construindo-um-portfolio-milionario\/?utm_campaign=_SNC35CF3834_ao&#038;utm_source=suno-not\u00edcias&#038;utm_medium=banner.noticias\" target=\"_blank\" data-element=\"shortcode-suno-banner\" title=\"Banner SUNO, clique e saiba mais\">\n\t\t\t<picture>\n\t\t\t\t<source media=\"(max-width: 500px)\" srcset=\"https:\/\/files.sunoresearch.com.br\/gaia\/uploads\/2026\/01\/MB-PS-HOME-DE-ARTIGOS-400x300-ID_01_x1.jpg\">\n\t\t\t\t<img class=\"newsContent__article__imgCapa newsContent__article__imgCapa--banner\"\n\t\t\t\t\tsrc=\"https:\/\/files.sunoresearch.com.br\/gaia\/uploads\/2026\/01\/DT-PS-HOME-DE-ARTIGOS-1420x240-ID_01_x1.jpg\"\n\t\t\t\t\tdata-promo-id=\"651626\"\t\t\t\t\t\t\t\t\t\twidth='1420' height='240'\t\t\t\t\talt=\"https:\/\/files.sunoresearch.com.br\/gaia\/uploads\/2026\/01\/DT-PS-HOME-DE-ARTIGOS-1420x240-ID_01_x1.jpg\"\n\t\t\t\t>\n\t\t\t<\/picture>\n\t\t<\/a>\n\t<\/p>\n\n\n\n\n<h2>Informa\u00e7\u00f5es fiscais e custo m\u00e9dio<\/h2>\n<p>Para correta apura\u00e7\u00e3o tribut\u00e1ria, os cotistas devem enviar \u00e0 administradora o custo m\u00e9dio unit\u00e1rio de aquisi\u00e7\u00e3o das cotas, dentro do cronograma oficial. O per\u00edodo de envio come\u00e7a em 4 de fevereiro de 2026 e termina em 20 de mar\u00e7o de 2026, por meio de link enviado por e-mail, em plataforma dedicada.<\/p>\n<p>Entre 23 e 30 de mar\u00e7o de 2026, a administradora far\u00e1 a concilia\u00e7\u00e3o e valida\u00e7\u00e3o dos dados. A distribui\u00e7\u00e3o da amortiza\u00e7\u00e3o extraordin\u00e1ria est\u00e1 marcada para 31 de mar\u00e7o de 2026, ap\u00f3s a conclus\u00e3o do processamento. O cumprimento dos prazos contribui para evitar ajustes posteriores e diverg\u00eancias fiscais.<\/p>\n<p>Cotistas que n\u00e3o informarem o custo m\u00e9dio no prazo ter\u00e3o o custo de aquisi\u00e7\u00e3o considerado igual \u00e0 menor cota\u00e7\u00e3o hist\u00f3rica do RSPD11 at\u00e9 a data-com: R$ 827,71. A diretriz est\u00e1 detalhada no comunicado do <strong>fundo imobili\u00e1rio<\/strong>, e refor\u00e7a a import\u00e2ncia de enviar as informa\u00e7\u00f5es corretamente e dentro do intervalo estipulado.<\/p>","protected":false},"excerpt":{"rendered":"<p>Fundo imobili\u00e1rio RSPD11 (RB Capital Desenvolvimento Residencial III) anunciou a distribui\u00e7\u00e3o de amortiza\u00e7\u00e3o extraordin\u00e1ria de capital no valor total de R$ 14 milh\u00f5es. Segundo fato relevante divulgado pela administradora e gestora, a medida visa devolver parte do capital aos investidores, preservando a estrutura de cotas do fundo. O valor corresponde a R$ 93,95279543 por cota, &hellip; Continued<\/p>\n","protected":false},"author":43,"featured_media":644724,"comment_status":"closed","ping_status":"closed","sticky":false,"template":"","format":"standard","meta":[],"categories":[66],"tags":[295,315,105987],"suno_strategy":[],"class_list":["post-644723","post","type-post","status-publish","format-standard","has-post-thumbnail","hentry","category-fiis","tag-dividendos","tag-fundos-imobiliarios-fiis","tag-rspd11"],"yoast_head":"<!-- This site is optimized with the Yoast SEO plugin v24.4 - https:\/\/yoast.com\/wordpress\/plugins\/seo\/ -->\n<title>RSPD11 anuncia amortiza\u00e7\u00e3o de R$ 14 mi em 2026<\/title>\n<meta name=\"description\" content=\"RSPD11 pagar\u00e1 R$ 93,95 por cota em amortiza\u00e7\u00e3o em 31\/03\/2026. Cotistas devem informar custo m\u00e9dio at\u00e9 20\/03.\" \/>\n<meta name=\"robots\" content=\"index, follow, max-snippet:-1, max-image-preview:large, max-video-preview:-1\" \/>\n<link rel=\"canonical\" href=\"https:\/\/www.suno.com.br\/noticias\/rspd11-amortizacao-extraordinaria-2026\/\" \/>\n<meta property=\"og:locale\" content=\"pt_BR\" \/>\n<meta property=\"og:type\" content=\"article\" \/>\n<meta property=\"og:title\" content=\"RSPD11 anuncia amortiza\u00e7\u00e3o de R$ 14 mi em 2026\" \/>\n<meta property=\"og:description\" content=\"RSPD11 pagar\u00e1 R$ 93,95 por cota em amortiza\u00e7\u00e3o em 31\/03\/2026. Cotistas devem informar custo m\u00e9dio at\u00e9 20\/03.\" \/>\n<meta property=\"og:url\" content=\"https:\/\/www.suno.com.br\/noticias\/rspd11-amortizacao-extraordinaria-2026\/\" \/>\n<meta property=\"og:site_name\" content=\"Suno Not\u00edcias\" \/>\n<meta property=\"article:publisher\" content=\"https:\/\/facebook.com\/sunoresearch\" \/>\n<meta property=\"article:author\" content=\"https:\/\/www.facebook.com\/sunonoticias\/\" \/>\n<meta property=\"og:image\" content=\"http:\/\/files.sunoresearch.com.br\/n\/uploads\/2026\/03\/63_Profissional_revisan_1_2026017_161211-jpg.webp\" \/>\n\t<meta property=\"og:image:width\" content=\"1365\" \/>\n\t<meta property=\"og:image:height\" content=\"768\" \/>\n\t<meta property=\"og:image:type\" content=\"image\/jpeg\" \/>\n<meta name=\"author\" content=\"Reda\u00e7\u00e3o Suno Not\u00edcias\" \/>\n<meta name=\"twitter:card\" content=\"summary_large_image\" \/>\n<meta name=\"twitter:creator\" content=\"@https:\/\/twitter.com\/sunoresearch\" \/>\n<meta name=\"twitter:site\" content=\"@sunoresearch\" \/>\n<meta name=\"twitter:label1\" content=\"Escrito por\" \/>\n\t<meta name=\"twitter:data1\" content=\"Reda\u00e7\u00e3o Suno Not\u00edcias\" \/>\n\t<meta name=\"twitter:label2\" content=\"Est. tempo de leitura\" \/>\n\t<meta name=\"twitter:data2\" content=\"2 minutos\" \/>\n<script type=\"application\/ld+json\" class=\"yoast-schema-graph\">{\"@context\":\"https:\/\/schema.org\",\"@graph\":[{\"@type\":\"NewsArticle\",\"@id\":\"https:\/\/www.suno.com.br\/noticias\/rspd11-amortizacao-extraordinaria-2026\/#article\",\"isPartOf\":{\"@id\":\"https:\/\/www.suno.com.br\/noticias\/rspd11-amortizacao-extraordinaria-2026\/\"},\"author\":{\"name\":\"Reda\u00e7\u00e3o Suno Not\u00edcias\",\"@id\":\"https:\/\/www.suno.com.br\/noticias\/#\/schema\/person\/c1b1bd3727fa852bd045e9dbff3673ea\"},\"headline\":\"RSPD11 far\u00e1 amortiza\u00e7\u00e3o extraordin\u00e1ria de R$ 14 mi em mar\u00e7o\",\"datePublished\":\"2026-03-12T14:25:24+00:00\",\"mainEntityOfPage\":{\"@id\":\"https:\/\/www.suno.com.br\/noticias\/rspd11-amortizacao-extraordinaria-2026\/\"},\"wordCount\":429,\"publisher\":{\"@id\":\"https:\/\/www.suno.com.br\/noticias\/#organization\"},\"image\":{\"@id\":\"https:\/\/www.suno.com.br\/noticias\/rspd11-amortizacao-extraordinaria-2026\/#primaryimage\"},\"thumbnailUrl\":\"https:\/\/files.sunoresearch.com.br\/n\/uploads\/2026\/03\/63_Profissional_revisan_1_2026017_161211-jpg.webp\",\"keywords\":[\"dividendos\",\"Fundos Imobili\u00e1rios (FIIs)\",\"RSPD11\"],\"articleSection\":[\"FIIs\"],\"inLanguage\":\"pt-BR\"},{\"@type\":\"WebPage\",\"@id\":\"https:\/\/www.suno.com.br\/noticias\/rspd11-amortizacao-extraordinaria-2026\/\",\"url\":\"https:\/\/www.suno.com.br\/noticias\/rspd11-amortizacao-extraordinaria-2026\/\",\"name\":\"RSPD11 anuncia amortiza\u00e7\u00e3o de R$ 14 mi em 2026\",\"isPartOf\":{\"@id\":\"https:\/\/www.suno.com.br\/noticias\/#website\"},\"primaryImageOfPage\":{\"@id\":\"https:\/\/www.suno.com.br\/noticias\/rspd11-amortizacao-extraordinaria-2026\/#primaryimage\"},\"image\":{\"@id\":\"https:\/\/www.suno.com.br\/noticias\/rspd11-amortizacao-extraordinaria-2026\/#primaryimage\"},\"thumbnailUrl\":\"https:\/\/files.sunoresearch.com.br\/n\/uploads\/2026\/03\/63_Profissional_revisan_1_2026017_161211-jpg.webp\",\"datePublished\":\"2026-03-12T14:25:24+00:00\",\"description\":\"RSPD11 pagar\u00e1 R$ 93,95 por cota em amortiza\u00e7\u00e3o em 31\/03\/2026. Cotistas devem informar custo m\u00e9dio at\u00e9 20\/03.\",\"breadcrumb\":{\"@id\":\"https:\/\/www.suno.com.br\/noticias\/rspd11-amortizacao-extraordinaria-2026\/#breadcrumb\"},\"inLanguage\":\"pt-BR\",\"potentialAction\":[{\"@type\":\"ReadAction\",\"target\":[\"https:\/\/www.suno.com.br\/noticias\/rspd11-amortizacao-extraordinaria-2026\/\"]}]},{\"@type\":\"ImageObject\",\"inLanguage\":\"pt-BR\",\"@id\":\"https:\/\/www.suno.com.br\/noticias\/rspd11-amortizacao-extraordinaria-2026\/#primaryimage\",\"url\":\"https:\/\/files.sunoresearch.com.br\/n\/uploads\/2026\/03\/63_Profissional_revisan_1_2026017_161211-jpg.webp\",\"contentUrl\":\"https:\/\/files.sunoresearch.com.br\/n\/uploads\/2026\/03\/63_Profissional_revisan_1_2026017_161211-jpg.webp\",\"width\":1365,\"height\":768,\"caption\":\"Foto: Suno\/Banco\"},{\"@type\":\"BreadcrumbList\",\"@id\":\"https:\/\/www.suno.com.br\/noticias\/rspd11-amortizacao-extraordinaria-2026\/#breadcrumb\",\"itemListElement\":[{\"@type\":\"ListItem\",\"position\":1,\"name\":\"Not\u00edcias\",\"item\":\"https:\/\/www.suno.com.br\/noticias\/\"},{\"@type\":\"ListItem\",\"position\":2,\"name\":\"Neg\u00f3cios\",\"item\":\"https:\/\/www.suno.com.br\/noticias\/negocios\/\"},{\"@type\":\"ListItem\",\"position\":3,\"name\":\"RSPD11 far\u00e1 amortiza\u00e7\u00e3o extraordin\u00e1ria de R$ 14 mi em mar\u00e7o\"}]},{\"@type\":\"WebSite\",\"@id\":\"https:\/\/www.suno.com.br\/noticias\/#website\",\"url\":\"https:\/\/www.suno.com.br\/noticias\/\",\"name\":\"Suno Not\u00edcias\",\"description\":\"Seu portal de informa\u00e7\u00e3o sobre o mundo dos investimentos\",\"publisher\":{\"@id\":\"https:\/\/www.suno.com.br\/noticias\/#organization\"},\"potentialAction\":[{\"@type\":\"SearchAction\",\"target\":{\"@type\":\"EntryPoint\",\"urlTemplate\":\"https:\/\/www.suno.com.br\/noticias\/?s={search_term_string}\"},\"query-input\":{\"@type\":\"PropertyValueSpecification\",\"valueRequired\":true,\"valueName\":\"search_term_string\"}}],\"inLanguage\":\"pt-BR\"},{\"@type\":\"Organization\",\"@id\":\"https:\/\/www.suno.com.br\/noticias\/#organization\",\"name\":\"Suno Not\u00edcias\",\"url\":\"https:\/\/www.suno.com.br\/noticias\/\",\"logo\":{\"@type\":\"ImageObject\",\"inLanguage\":\"pt-BR\",\"@id\":\"https:\/\/www.suno.com.br\/noticias\/#\/schema\/logo\/image\/\",\"url\":\"https:\/\/files.sunoresearch.com.br\/n\/uploads\/2021\/09\/suno-logo.png\",\"contentUrl\":\"https:\/\/files.sunoresearch.com.br\/n\/uploads\/2021\/09\/suno-logo.png\",\"width\":180,\"height\":180,\"caption\":\"Suno Not\u00edcias\"},\"image\":{\"@id\":\"https:\/\/www.suno.com.br\/noticias\/#\/schema\/logo\/image\/\"},\"sameAs\":[\"https:\/\/facebook.com\/sunoresearch\",\"https:\/\/x.com\/sunoresearch\",\"https:\/\/www.instagram.com\/suno\",\"https:\/\/www.linkedin.com\/company\/suno-research\/\",\"https:\/\/www.youtube.com\/c\/sunoresearch\"]},{\"@type\":\"Person\",\"@id\":\"https:\/\/www.suno.com.br\/noticias\/#\/schema\/person\/c1b1bd3727fa852bd045e9dbff3673ea\",\"name\":\"Reda\u00e7\u00e3o Suno Not\u00edcias\",\"image\":{\"@type\":\"ImageObject\",\"inLanguage\":\"pt-BR\",\"@id\":\"https:\/\/www.suno.com.br\/noticias\/#\/schema\/person\/image\/\",\"url\":\"https:\/\/secure.gravatar.com\/avatar\/b8104b9b5a71985d5238ee59fbe418af?s=96&r=g\",\"contentUrl\":\"https:\/\/secure.gravatar.com\/avatar\/b8104b9b5a71985d5238ee59fbe418af?s=96&r=g\",\"caption\":\"Reda\u00e7\u00e3o Suno Not\u00edcias\"},\"description\":\"O Suno Not\u00edcias \u00e9 um portal de informa\u00e7\u00f5es sobre Mercado Financeiro, Pol\u00edtica, Neg\u00f3cios, Economia e Finan\u00e7as Pessoais.\",\"sameAs\":[\"https:\/\/www.suno.com.br\/noticias\",\"https:\/\/www.facebook.com\/sunonoticias\/\",\"https:\/\/www.instagram.com\/sunonoticias\/\",\"https:\/\/x.com\/https:\/\/twitter.com\/sunoresearch\",\"https:\/\/www.youtube.com\/sunonoticias\"],\"url\":\"https:\/\/www.suno.com.br\/noticias\/author\/redacao-suno\/\"}]}<\/script>\n<!-- \/ Yoast SEO plugin. -->","yoast_head_json":{"title":"RSPD11 anuncia amortiza\u00e7\u00e3o de R$ 14 mi em 2026","description":"RSPD11 pagar\u00e1 R$ 93,95 por cota em amortiza\u00e7\u00e3o em 31\/03\/2026. Cotistas devem informar custo m\u00e9dio at\u00e9 20\/03.","robots":{"index":"index","follow":"follow","max-snippet":"max-snippet:-1","max-image-preview":"max-image-preview:large","max-video-preview":"max-video-preview:-1"},"canonical":"https:\/\/www.suno.com.br\/noticias\/rspd11-amortizacao-extraordinaria-2026\/","og_locale":"pt_BR","og_type":"article","og_title":"RSPD11 anuncia amortiza\u00e7\u00e3o de R$ 14 mi em 2026","og_description":"RSPD11 pagar\u00e1 R$ 93,95 por cota em amortiza\u00e7\u00e3o em 31\/03\/2026. Cotistas devem informar custo m\u00e9dio at\u00e9 20\/03.","og_url":"https:\/\/www.suno.com.br\/noticias\/rspd11-amortizacao-extraordinaria-2026\/","og_site_name":"Suno Not\u00edcias","article_publisher":"https:\/\/facebook.com\/sunoresearch","article_author":"https:\/\/www.facebook.com\/sunonoticias\/","og_image":[{"width":1365,"height":768,"url":"http:\/\/files.sunoresearch.com.br\/n\/uploads\/2026\/03\/63_Profissional_revisan_1_2026017_161211-jpg.webp","type":"image\/jpeg"}],"author":"Reda\u00e7\u00e3o Suno Not\u00edcias","twitter_card":"summary_large_image","twitter_creator":"@https:\/\/twitter.com\/sunoresearch","twitter_site":"@sunoresearch","twitter_misc":{"Escrito por":"Reda\u00e7\u00e3o Suno Not\u00edcias","Est. tempo de leitura":"2 minutos"},"schema":{"@context":"https:\/\/schema.org","@graph":[{"@type":"NewsArticle","@id":"https:\/\/www.suno.com.br\/noticias\/rspd11-amortizacao-extraordinaria-2026\/#article","isPartOf":{"@id":"https:\/\/www.suno.com.br\/noticias\/rspd11-amortizacao-extraordinaria-2026\/"},"author":{"name":"Reda\u00e7\u00e3o Suno Not\u00edcias","@id":"https:\/\/www.suno.com.br\/noticias\/#\/schema\/person\/c1b1bd3727fa852bd045e9dbff3673ea"},"headline":"RSPD11 far\u00e1 amortiza\u00e7\u00e3o extraordin\u00e1ria de R$ 14 mi em mar\u00e7o","datePublished":"2026-03-12T14:25:24+00:00","mainEntityOfPage":{"@id":"https:\/\/www.suno.com.br\/noticias\/rspd11-amortizacao-extraordinaria-2026\/"},"wordCount":429,"publisher":{"@id":"https:\/\/www.suno.com.br\/noticias\/#organization"},"image":{"@id":"https:\/\/www.suno.com.br\/noticias\/rspd11-amortizacao-extraordinaria-2026\/#primaryimage"},"thumbnailUrl":"https:\/\/files.sunoresearch.com.br\/n\/uploads\/2026\/03\/63_Profissional_revisan_1_2026017_161211-jpg.webp","keywords":["dividendos","Fundos Imobili\u00e1rios (FIIs)","RSPD11"],"articleSection":["FIIs"],"inLanguage":"pt-BR"},{"@type":"WebPage","@id":"https:\/\/www.suno.com.br\/noticias\/rspd11-amortizacao-extraordinaria-2026\/","url":"https:\/\/www.suno.com.br\/noticias\/rspd11-amortizacao-extraordinaria-2026\/","name":"RSPD11 anuncia amortiza\u00e7\u00e3o de R$ 14 mi em 2026","isPartOf":{"@id":"https:\/\/www.suno.com.br\/noticias\/#website"},"primaryImageOfPage":{"@id":"https:\/\/www.suno.com.br\/noticias\/rspd11-amortizacao-extraordinaria-2026\/#primaryimage"},"image":{"@id":"https:\/\/www.suno.com.br\/noticias\/rspd11-amortizacao-extraordinaria-2026\/#primaryimage"},"thumbnailUrl":"https:\/\/files.sunoresearch.com.br\/n\/uploads\/2026\/03\/63_Profissional_revisan_1_2026017_161211-jpg.webp","datePublished":"2026-03-12T14:25:24+00:00","description":"RSPD11 pagar\u00e1 R$ 93,95 por cota em amortiza\u00e7\u00e3o em 31\/03\/2026. Cotistas devem informar custo m\u00e9dio at\u00e9 20\/03.","breadcrumb":{"@id":"https:\/\/www.suno.com.br\/noticias\/rspd11-amortizacao-extraordinaria-2026\/#breadcrumb"},"inLanguage":"pt-BR","potentialAction":[{"@type":"ReadAction","target":["https:\/\/www.suno.com.br\/noticias\/rspd11-amortizacao-extraordinaria-2026\/"]}]},{"@type":"ImageObject","inLanguage":"pt-BR","@id":"https:\/\/www.suno.com.br\/noticias\/rspd11-amortizacao-extraordinaria-2026\/#primaryimage","url":"https:\/\/files.sunoresearch.com.br\/n\/uploads\/2026\/03\/63_Profissional_revisan_1_2026017_161211-jpg.webp","contentUrl":"https:\/\/files.sunoresearch.com.br\/n\/uploads\/2026\/03\/63_Profissional_revisan_1_2026017_161211-jpg.webp","width":1365,"height":768,"caption":"Foto: Suno\/Banco"},{"@type":"BreadcrumbList","@id":"https:\/\/www.suno.com.br\/noticias\/rspd11-amortizacao-extraordinaria-2026\/#breadcrumb","itemListElement":[{"@type":"ListItem","position":1,"name":"Not\u00edcias","item":"https:\/\/www.suno.com.br\/noticias\/"},{"@type":"ListItem","position":2,"name":"Neg\u00f3cios","item":"https:\/\/www.suno.com.br\/noticias\/negocios\/"},{"@type":"ListItem","position":3,"name":"RSPD11 far\u00e1 amortiza\u00e7\u00e3o extraordin\u00e1ria de R$ 14 mi em mar\u00e7o"}]},{"@type":"WebSite","@id":"https:\/\/www.suno.com.br\/noticias\/#website","url":"https:\/\/www.suno.com.br\/noticias\/","name":"Suno Not\u00edcias","description":"Seu portal de informa\u00e7\u00e3o sobre o mundo dos investimentos","publisher":{"@id":"https:\/\/www.suno.com.br\/noticias\/#organization"},"potentialAction":[{"@type":"SearchAction","target":{"@type":"EntryPoint","urlTemplate":"https:\/\/www.suno.com.br\/noticias\/?s={search_term_string}"},"query-input":{"@type":"PropertyValueSpecification","valueRequired":true,"valueName":"search_term_string"}}],"inLanguage":"pt-BR"},{"@type":"Organization","@id":"https:\/\/www.suno.com.br\/noticias\/#organization","name":"Suno Not\u00edcias","url":"https:\/\/www.suno.com.br\/noticias\/","logo":{"@type":"ImageObject","inLanguage":"pt-BR","@id":"https:\/\/www.suno.com.br\/noticias\/#\/schema\/logo\/image\/","url":"https:\/\/files.sunoresearch.com.br\/n\/uploads\/2021\/09\/suno-logo.png","contentUrl":"https:\/\/files.sunoresearch.com.br\/n\/uploads\/2021\/09\/suno-logo.png","width":180,"height":180,"caption":"Suno Not\u00edcias"},"image":{"@id":"https:\/\/www.suno.com.br\/noticias\/#\/schema\/logo\/image\/"},"sameAs":["https:\/\/facebook.com\/sunoresearch","https:\/\/x.com\/sunoresearch","https:\/\/www.instagram.com\/suno","https:\/\/www.linkedin.com\/company\/suno-research\/","https:\/\/www.youtube.com\/c\/sunoresearch"]},{"@type":"Person","@id":"https:\/\/www.suno.com.br\/noticias\/#\/schema\/person\/c1b1bd3727fa852bd045e9dbff3673ea","name":"Reda\u00e7\u00e3o Suno Not\u00edcias","image":{"@type":"ImageObject","inLanguage":"pt-BR","@id":"https:\/\/www.suno.com.br\/noticias\/#\/schema\/person\/image\/","url":"https:\/\/secure.gravatar.com\/avatar\/b8104b9b5a71985d5238ee59fbe418af?s=96&r=g","contentUrl":"https:\/\/secure.gravatar.com\/avatar\/b8104b9b5a71985d5238ee59fbe418af?s=96&r=g","caption":"Reda\u00e7\u00e3o Suno Not\u00edcias"},"description":"O Suno Not\u00edcias \u00e9 um portal de informa\u00e7\u00f5es sobre Mercado Financeiro, Pol\u00edtica, Neg\u00f3cios, Economia e Finan\u00e7as Pessoais.","sameAs":["https:\/\/www.suno.com.br\/noticias","https:\/\/www.facebook.com\/sunonoticias\/","https:\/\/www.instagram.com\/sunonoticias\/","https:\/\/x.com\/https:\/\/twitter.com\/sunoresearch","https:\/\/www.youtube.com\/sunonoticias"],"url":"https:\/\/www.suno.com.br\/noticias\/author\/redacao-suno\/"}]}},"default_loop_html":"<div class=\"cardsPage__listCard__boxs\"><div class=\"cardsPage__listCard__boxs__img\"><a href=\"https:\/\/www.suno.com.br\/noticias\/rspd11-amortizacao-extraordinaria-2026\/\"><img class=\"mask\" src=\"https:\/\/www.suno.com.br\/noticias\/wp-content\/themes\/suno\/resources\/images\/spotlight\/spotlight1img\/bg-mask.png\" alt=\"Image Mask\"\/><img src=\"https:\/\/files.sunoresearch.com.br\/n\/uploads\/2026\/03\/63_Profissional_revisan_1_2026017_161211-400x200.webp\" alt=\"RSPD11 far\u00e1 amortiza\u00e7\u00e3o extraordin\u00e1ria de R$ 14 mi em mar\u00e7o\"\/><\/a><span class=\"spotlightCategory\"><a href=\"https:\/\/www.suno.com.br\/noticias\/fiis\/\">FIIs<\/a><\/span><\/div><div class=\"cardsPage__listCard__boxs__content\"><a href=\"https:\/\/www.suno.com.br\/noticias\/rspd11-amortizacao-extraordinaria-2026\/\"><h2 class=\"content__title\">RSPD11 far\u00e1 amortiza\u00e7\u00e3o extraordin\u00e1ria de R$ 14 mi em mar\u00e7o<\/h2><\/a><div class=\"newsContent__article__meta\"><div class=\"newsContent__article__meta__authorBox\"><a href=\"https:\/\/www.suno.com.br\/noticias\/author\/redacao-suno\/\" class=\"authorBox__avatar noMobi\"><img src=\"https:\/\/files.sunoresearch.com.br\/n\/uploads\/2020\/08\/0ace682d-redacao-1-150x150.webp\" alt=\"Reda\u00e7\u00e3o Suno Not\u00edcias\"><\/a><div class=\"authorBox__name\"><span>por\n\t\t\t<a href=\"https:\/\/www.suno.com.br\/noticias\/author\/redacao-suno\/\"><span itemprop=\"author\">Reda\u00e7\u00e3o Suno Not\u00edcias<\/span><\/a><\/span><time datetime=\"2026-03-12T11:25:24-03:00\" itemprop=\"datePublished\">12\/03\/2026 11:25<\/time><\/div><\/div><\/div><\/div><\/div>","single_layout":"posts","amp_enabled":true,"_links":{"self":[{"href":"https:\/\/www.suno.com.br\/noticias\/wp-json\/wp\/v2\/posts\/644723"}],"collection":[{"href":"https:\/\/www.suno.com.br\/noticias\/wp-json\/wp\/v2\/posts"}],"about":[{"href":"https:\/\/www.suno.com.br\/noticias\/wp-json\/wp\/v2\/types\/post"}],"author":[{"embeddable":true,"href":"https:\/\/www.suno.com.br\/noticias\/wp-json\/wp\/v2\/users\/43"}],"replies":[{"embeddable":true,"href":"https:\/\/www.suno.com.br\/noticias\/wp-json\/wp\/v2\/comments?post=644723"}],"version-history":[{"count":0,"href":"https:\/\/www.suno.com.br\/noticias\/wp-json\/wp\/v2\/posts\/644723\/revisions"}],"wp:featuredmedia":[{"embeddable":true,"href":"https:\/\/www.suno.com.br\/noticias\/wp-json\/wp\/v2\/media\/644724"}],"wp:attachment":[{"href":"https:\/\/www.suno.com.br\/noticias\/wp-json\/wp\/v2\/media?parent=644723"}],"wp:term":[{"taxonomy":"category","embeddable":true,"href":"https:\/\/www.suno.com.br\/noticias\/wp-json\/wp\/v2\/categories?post=644723"},{"taxonomy":"post_tag","embeddable":true,"href":"https:\/\/www.suno.com.br\/noticias\/wp-json\/wp\/v2\/tags?post=644723"},{"taxonomy":"suno_strategy","embeddable":true,"href":"https:\/\/www.suno.com.br\/noticias\/wp-json\/wp\/v2\/suno_strategy?post=644723"}],"curies":[{"name":"wp","href":"https:\/\/api.w.org\/{rel}","templated":true}]}}