{"id":644699,"date":"2026-03-12T09:55:19","date_gmt":"2026-03-12T12:55:19","guid":{"rendered":"https:\/\/www.suno.com.br\/noticias\/ipca-fevereiro-2026-acima-projecoes-go\/"},"modified":"2026-03-12T09:55:19","modified_gmt":"2026-03-12T12:55:19","slug":"ipca-fevereiro-2026-acima-projecoes-go","status":"publish","type":"post","link":"https:\/\/www.suno.com.br\/noticias\/ipca-fevereiro-2026-acima-projecoes-go\/","title":{"rendered":"IPCA sobe 0,7% em fevereiro e fica acima das proje\u00e7\u00f5es"},"content":{"rendered":"<p>O \u00cdndice Nacional de Pre\u00e7os ao Consumidor Amplo (<strong>IPCA<\/strong>) avan\u00e7ou 0,70% em fevereiro frente ao m\u00eas anterior, de acordo com dados divulgados pelo <a class=\"suno-keyword\" target=\"_blank\" data-force=\"no\" data-priority=\"3\" href=\"https:\/\/www.suno.com.br\/artigos\/ibge\/\" rel=\"noopener\">Instituto Brasileiro de Geografia e Estat\u00edstica (IBGE)<\/a> nesta quinta-feira (12).\u00a0<\/p>\t<div class=\"wrapper-featured-image\">\n\t\t<figure class=\"spotlightImg\">\n\n\t\t\t<picture>\n\t\t\t\t<source media=\"(max-width: 768px)\" srcset=\"https:\/\/files.sunoresearch.com.br\/n\/uploads\/2026\/03\/ee8b69d8-ballots-1195084_1280-400x200.webp\">\n\t\t\t\t<img loading=\"lazy\" decoding=\"async\" class=\"newsContent__article__imgCapa lazyloadDisabled \" src=\"https:\/\/files.sunoresearch.com.br\/n\/uploads\/2026\/03\/ee8b69d8-ballots-1195084_1280-800x450.webp\" width=\"800\" height=\"450\" alt=\"IPCA sobe 0,7% em fevereiro e fica acima das proje\u00e7\u00f5es\" fetchpriority=high \/>\n\t\t\t<\/picture>\n\n\t\t\t<figcaption class=\"wp-caption-text wp-caption-text--show\">IPCA. Foto: Pixabay<\/figcaption>\n\t\t<\/figure>\n\t<\/div>\n\n\n\n\n\n\n<p>A <strong>alta do IPCA<\/strong> acumulada em 12 meses \u00e9 de 3,81%. O n\u00famero est\u00e1 dentro da <strong>meta da infla\u00e7\u00e3o<\/strong>, que \u00e9 de 3%, com margem de toler\u00e2ncia de 1,5 ponto percentual para baixo ou para cima.\u00a0<\/p>\n\n\n\n<p>Os analistas consultados pela Reuters previam um avan\u00e7o de 0,65% na compara\u00e7\u00e3o mensal e 3,77% na rela\u00e7\u00e3o ano a ano.&nbsp;<\/p>\n\n\n\t<p>\n\t\t<a href=\"https:\/\/lp2.suno.com.br\/onde-investir-2026\/?utm_campaign=_SNC390A0FD0_ao&#038;utm_source=suno-not\u00edcias&#038;utm_medium=banner.noticias\" target=\"_blank\" data-element=\"shortcode-suno-banner\" title=\"Banner SUNO, clique e saiba mais\">\n\t\t\t<picture>\n\t\t\t\t<source media=\"(max-width: 500px)\" srcset=\"https:\/\/files.sunoresearch.com.br\/gaia\/uploads\/2026\/01\/Banner-Materias-01-Mbl_-400x300-1.png\">\n\t\t\t\t<img class=\"newsContent__article__imgCapa newsContent__article__imgCapa--banner\"\n\t\t\t\t\tsrc=\"https:\/\/files.sunoresearch.com.br\/gaia\/uploads\/2026\/01\/Banner-Materias-01-Dkp_-1420x240-1.png\"\n\t\t\t\t\tdata-promo-id=\"651623\"\t\t\t\t\t\t\t\t\t\twidth='1420' height='240'\t\t\t\t\talt=\"https:\/\/files.sunoresearch.com.br\/gaia\/uploads\/2026\/01\/Banner-Materias-01-Dkp_-1420x240-1.png\"\n\t\t\t\t>\n\t\t\t<\/picture>\n\t\t<\/a>\n\t<\/p>\n\n\n\n\n\n\n\n<p>&#8220;Isso \u00e9 um quadro que mostra uma infla\u00e7\u00e3o um pouco mais persistente do que o esperado para esse m\u00eas de fevereiro, acima das proje\u00e7\u00f5es que o Banco Central tinha divulgado no \u00faltimo RTI e tamb\u00e9m acima das proje\u00e7\u00f5es do mercado quando comparado \u00e0s proje\u00e7\u00f5es do come\u00e7o do m\u00eas&#8221;, avalia Lucas Barbosa, economista da AZ Quest. <\/p>\n\n\n\n<h2 class=\"wp-block-heading\">O que contribuiu para o avan\u00e7o do IPCA em fevereiro? <\/h2>\n\n\n\n<p>Entre os grupos pesquisados, a maior press\u00e3o sobre a infla\u00e7\u00e3o veio de Educa\u00e7\u00e3o, que registrou alta de 5,21% no m\u00eas e respondeu por 0,31 ponto percentual do \u00edndice. Segundo o IBGE, o avan\u00e7o est\u00e1 relacionado aos reajustes anuais das mensalidades escolares, tradicionalmente aplicados no in\u00edcio do ano letivo.<\/p>\n\n\n\n<p>De acordo com o instituto, os cursos regulares subiram 6,20%, com destaque para os aumentos no ensino m\u00e9dio (8,19%), ensino fundamental (8,11%) e pr\u00e9-escola (7,48%). Sozinho, o grupo Educa\u00e7\u00e3o respondeu por cerca de 44% do resultado do IPCA em fevereiro.<\/p>\n\n\n\t<p>\n\t\t<a href=\"https:\/\/lp2.suno.com.br\/lm\/minicurso-construindo-um-portfolio-milionario\/?utm_campaign=_SNC35CF3834_ao&#038;utm_source=suno-not\u00edcias&#038;utm_medium=banner.noticias\" target=\"_blank\" data-element=\"shortcode-suno-banner\" title=\"Banner SUNO, clique e saiba mais\">\n\t\t\t<picture>\n\t\t\t\t<source media=\"(max-width: 500px)\" srcset=\"https:\/\/files.sunoresearch.com.br\/gaia\/uploads\/2026\/01\/MB-PS-HOME-DE-ARTIGOS-400x300-ID_01_x1.jpg\">\n\t\t\t\t<img class=\"newsContent__article__imgCapa newsContent__article__imgCapa--banner\"\n\t\t\t\t\tsrc=\"https:\/\/files.sunoresearch.com.br\/gaia\/uploads\/2026\/01\/DT-PS-HOME-DE-ARTIGOS-1420x240-ID_01_x1.jpg\"\n\t\t\t\t\tdata-promo-id=\"651626\"\t\t\t\t\t\t\t\t\t\twidth='1420' height='240'\t\t\t\t\talt=\"https:\/\/files.sunoresearch.com.br\/gaia\/uploads\/2026\/01\/DT-PS-HOME-DE-ARTIGOS-1420x240-ID_01_x1.jpg\"\n\t\t\t\t>\n\t\t\t<\/picture>\n\t\t<\/a>\n\t<\/p>\n\n\n\n\n\n\n\n<p>Outro destaque foi o grupo Transportes, que avan\u00e7ou 0,74% e teve impacto de 0,15 ponto percentual no \u00edndice. A principal press\u00e3o veio das passagens a\u00e9reas, que registraram alta de 11,40% no per\u00edodo. Tamb\u00e9m apresentaram aumento o seguro volunt\u00e1rio de ve\u00edculos (5,62%), o conserto de autom\u00f3veis (1,22%) e o \u00f4nibus urbano (1,14%).<\/p>\n\n\n\n<p>Por outro lado, o grupo Alimenta\u00e7\u00e3o e bebidas apresentou varia\u00e7\u00e3o mais moderada, de 0,26%, ap\u00f3s alta de 0,23% em janeiro. Entre os itens que mais subiram est\u00e3o o a\u00e7a\u00ed (25,29%), o feij\u00e3o-carioca (11,73%), o ovo de galinha (4,55%) e as carnes (0,58%). No sentido oposto, houve queda nos pre\u00e7os de frutas (-2,78%), \u00f3leo de soja (-2,62%), arroz (-2,36%) e caf\u00e9 mo\u00eddo (-1,20%).<\/p>\n\n\n\n<p>J\u00e1 Habita\u00e7\u00e3o registrou alta de 0,30% em fevereiro, ap\u00f3s recuo de 0,11% no m\u00eas anterior. O resultado foi influenciado principalmente pelo aumento na taxa de \u00e1gua e esgoto, refletindo reajustes tarif\u00e1rios em cidades como Porto Alegre, Belo Horizonte, Campo Grande e S\u00e3o Paulo.<\/p>\n\n\n\n<p>De acordo com o economista, mesmo com as press\u00f5es inflacion\u00e1rias refor\u00e7adas pelo <strong>IPCA de fevereiro<\/strong>, o Comit\u00ea de <a class=\"suno-keyword\" target=\"_blank\" data-force=\"no\" data-priority=\"1\" href=\"https:\/\/www.suno.com.br\/artigos\/politica-monetaria\/\" rel=\"noopener\">Pol\u00edtica Monet\u00e1ria<\/a> (Copom) deve realizar um corte de juros na reuni\u00e3o da pr\u00f3xima semana. Nossa expectativa ainda \u00e9 de um corte [da <strong>taxa Selic<\/strong>] de 50 pontos-base, mas n\u00e3o seria surpreendente ver um corte de menor magnitude, de maneira mais cautelosa\u201d, avalia Barbosa.\u00a0<\/p>\n","protected":false},"excerpt":{"rendered":"<p>O \u00cdndice Nacional de Pre\u00e7os ao Consumidor Amplo (IPCA) avan\u00e7ou 0,70% em fevereiro frente ao m\u00eas anterior, de acordo com dados divulgados pelo Instituto Brasileiro de Geografia e Estat\u00edstica (IBGE) nesta quinta-feira (12).\u00a0 A alta do IPCA acumulada em 12 meses \u00e9 de 3,81%. O n\u00famero est\u00e1 dentro da meta da infla\u00e7\u00e3o, que \u00e9 de &hellip; Continued<\/p>\n","protected":false},"author":404,"featured_media":644700,"comment_status":"closed","ping_status":"closed","sticky":false,"template":"","format":"standard","meta":[],"categories":[62],"tags":[966],"suno_strategy":[],"class_list":["post-644699","post","type-post","status-publish","format-standard","has-post-thumbnail","hentry","category-economia","tag-ipca"],"yoast_head":"<!-- This site is optimized with the Yoast SEO plugin v24.4 - https:\/\/yoast.com\/wordpress\/plugins\/seo\/ -->\n<title>IPCA sobe 0,7% em fevereiro e fica acima das proje\u00e7\u00f5es<\/title>\n<meta name=\"description\" content=\"O \u00cdndice Nacional de Pre\u00e7os ao Consumidor Amplo (IPCA) avan\u00e7ou 0,70% em fevereiro frente ao m\u00eas anterior. Leia mais.\" \/>\n<meta name=\"robots\" content=\"index, follow, max-snippet:-1, max-image-preview:large, max-video-preview:-1\" \/>\n<link rel=\"canonical\" href=\"https:\/\/www.suno.com.br\/noticias\/ipca-fevereiro-2026-acima-projecoes-go\/\" \/>\n<meta property=\"og:locale\" content=\"pt_BR\" \/>\n<meta property=\"og:type\" content=\"article\" \/>\n<meta property=\"og:title\" content=\"IPCA sobe 0,7% em fevereiro e fica acima das proje\u00e7\u00f5es\" \/>\n<meta property=\"og:description\" content=\"O \u00cdndice Nacional de Pre\u00e7os ao Consumidor Amplo (IPCA) avan\u00e7ou 0,70% em fevereiro frente ao m\u00eas anterior. Leia mais.\" \/>\n<meta property=\"og:url\" content=\"https:\/\/www.suno.com.br\/noticias\/ipca-fevereiro-2026-acima-projecoes-go\/\" \/>\n<meta property=\"og:site_name\" content=\"Suno Not\u00edcias\" \/>\n<meta property=\"article:publisher\" content=\"https:\/\/facebook.com\/sunoresearch\" \/>\n<meta property=\"og:image\" content=\"http:\/\/files.sunoresearch.com.br\/n\/uploads\/2026\/03\/ee8b69d8-ballots-1195084_1280-jpg.webp\" \/>\n\t<meta property=\"og:image:width\" content=\"1280\" \/>\n\t<meta property=\"og:image:height\" content=\"853\" \/>\n\t<meta property=\"og:image:type\" content=\"image\/jpeg\" \/>\n<meta name=\"author\" content=\"Giovanna Oliveira\" \/>\n<meta name=\"twitter:card\" content=\"summary_large_image\" \/>\n<meta name=\"twitter:creator\" content=\"@sunoresearch\" \/>\n<meta name=\"twitter:site\" content=\"@sunoresearch\" \/>\n<meta name=\"twitter:label1\" content=\"Escrito por\" \/>\n\t<meta name=\"twitter:data1\" content=\"Giovanna Oliveira\" \/>\n\t<meta name=\"twitter:label2\" content=\"Est. tempo de leitura\" \/>\n\t<meta name=\"twitter:data2\" content=\"2 minutos\" \/>\n<script type=\"application\/ld+json\" class=\"yoast-schema-graph\">{\"@context\":\"https:\/\/schema.org\",\"@graph\":[{\"@type\":\"NewsArticle\",\"@id\":\"https:\/\/www.suno.com.br\/noticias\/ipca-fevereiro-2026-acima-projecoes-go\/#article\",\"isPartOf\":{\"@id\":\"https:\/\/www.suno.com.br\/noticias\/ipca-fevereiro-2026-acima-projecoes-go\/\"},\"author\":{\"name\":\"Giovanna Oliveira\",\"@id\":\"https:\/\/www.suno.com.br\/noticias\/#\/schema\/person\/506bb13f624e6983050ae5bf648c7a54\"},\"headline\":\"IPCA sobe 0,7% em fevereiro e fica acima das proje\u00e7\u00f5es\",\"datePublished\":\"2026-03-12T12:55:19+00:00\",\"mainEntityOfPage\":{\"@id\":\"https:\/\/www.suno.com.br\/noticias\/ipca-fevereiro-2026-acima-projecoes-go\/\"},\"wordCount\":503,\"publisher\":{\"@id\":\"https:\/\/www.suno.com.br\/noticias\/#organization\"},\"image\":{\"@id\":\"https:\/\/www.suno.com.br\/noticias\/ipca-fevereiro-2026-acima-projecoes-go\/#primaryimage\"},\"thumbnailUrl\":\"https:\/\/files.sunoresearch.com.br\/n\/uploads\/2026\/03\/ee8b69d8-ballots-1195084_1280-jpg.webp\",\"keywords\":[\"IPCA\"],\"articleSection\":[\"Economia\"],\"inLanguage\":\"pt-BR\"},{\"@type\":\"WebPage\",\"@id\":\"https:\/\/www.suno.com.br\/noticias\/ipca-fevereiro-2026-acima-projecoes-go\/\",\"url\":\"https:\/\/www.suno.com.br\/noticias\/ipca-fevereiro-2026-acima-projecoes-go\/\",\"name\":\"IPCA sobe 0,7% em fevereiro e fica acima das proje\u00e7\u00f5es\",\"isPartOf\":{\"@id\":\"https:\/\/www.suno.com.br\/noticias\/#website\"},\"primaryImageOfPage\":{\"@id\":\"https:\/\/www.suno.com.br\/noticias\/ipca-fevereiro-2026-acima-projecoes-go\/#primaryimage\"},\"image\":{\"@id\":\"https:\/\/www.suno.com.br\/noticias\/ipca-fevereiro-2026-acima-projecoes-go\/#primaryimage\"},\"thumbnailUrl\":\"https:\/\/files.sunoresearch.com.br\/n\/uploads\/2026\/03\/ee8b69d8-ballots-1195084_1280-jpg.webp\",\"datePublished\":\"2026-03-12T12:55:19+00:00\",\"description\":\"O \u00cdndice Nacional de Pre\u00e7os ao Consumidor Amplo (IPCA) avan\u00e7ou 0,70% em fevereiro frente ao m\u00eas anterior. Leia mais.\",\"breadcrumb\":{\"@id\":\"https:\/\/www.suno.com.br\/noticias\/ipca-fevereiro-2026-acima-projecoes-go\/#breadcrumb\"},\"inLanguage\":\"pt-BR\",\"potentialAction\":[{\"@type\":\"ReadAction\",\"target\":[\"https:\/\/www.suno.com.br\/noticias\/ipca-fevereiro-2026-acima-projecoes-go\/\"]}]},{\"@type\":\"ImageObject\",\"inLanguage\":\"pt-BR\",\"@id\":\"https:\/\/www.suno.com.br\/noticias\/ipca-fevereiro-2026-acima-projecoes-go\/#primaryimage\",\"url\":\"https:\/\/files.sunoresearch.com.br\/n\/uploads\/2026\/03\/ee8b69d8-ballots-1195084_1280-jpg.webp\",\"contentUrl\":\"https:\/\/files.sunoresearch.com.br\/n\/uploads\/2026\/03\/ee8b69d8-ballots-1195084_1280-jpg.webp\",\"width\":1280,\"height\":853,\"caption\":\"IPCA. Foto: Pixabay\"},{\"@type\":\"BreadcrumbList\",\"@id\":\"https:\/\/www.suno.com.br\/noticias\/ipca-fevereiro-2026-acima-projecoes-go\/#breadcrumb\",\"itemListElement\":[{\"@type\":\"ListItem\",\"position\":1,\"name\":\"Not\u00edcias\",\"item\":\"https:\/\/www.suno.com.br\/noticias\/\"},{\"@type\":\"ListItem\",\"position\":2,\"name\":\"Neg\u00f3cios\",\"item\":\"https:\/\/www.suno.com.br\/noticias\/negocios\/\"},{\"@type\":\"ListItem\",\"position\":3,\"name\":\"IPCA sobe 0,7% em fevereiro e fica acima das proje\u00e7\u00f5es\"}]},{\"@type\":\"WebSite\",\"@id\":\"https:\/\/www.suno.com.br\/noticias\/#website\",\"url\":\"https:\/\/www.suno.com.br\/noticias\/\",\"name\":\"Suno Not\u00edcias\",\"description\":\"Seu portal de informa\u00e7\u00e3o sobre o mundo dos investimentos\",\"publisher\":{\"@id\":\"https:\/\/www.suno.com.br\/noticias\/#organization\"},\"potentialAction\":[{\"@type\":\"SearchAction\",\"target\":{\"@type\":\"EntryPoint\",\"urlTemplate\":\"https:\/\/www.suno.com.br\/noticias\/?s={search_term_string}\"},\"query-input\":{\"@type\":\"PropertyValueSpecification\",\"valueRequired\":true,\"valueName\":\"search_term_string\"}}],\"inLanguage\":\"pt-BR\"},{\"@type\":\"Organization\",\"@id\":\"https:\/\/www.suno.com.br\/noticias\/#organization\",\"name\":\"Suno Not\u00edcias\",\"url\":\"https:\/\/www.suno.com.br\/noticias\/\",\"logo\":{\"@type\":\"ImageObject\",\"inLanguage\":\"pt-BR\",\"@id\":\"https:\/\/www.suno.com.br\/noticias\/#\/schema\/logo\/image\/\",\"url\":\"https:\/\/files.sunoresearch.com.br\/n\/uploads\/2021\/09\/suno-logo.png\",\"contentUrl\":\"https:\/\/files.sunoresearch.com.br\/n\/uploads\/2021\/09\/suno-logo.png\",\"width\":180,\"height\":180,\"caption\":\"Suno Not\u00edcias\"},\"image\":{\"@id\":\"https:\/\/www.suno.com.br\/noticias\/#\/schema\/logo\/image\/\"},\"sameAs\":[\"https:\/\/facebook.com\/sunoresearch\",\"https:\/\/x.com\/sunoresearch\",\"https:\/\/www.instagram.com\/suno\",\"https:\/\/www.linkedin.com\/company\/suno-research\/\",\"https:\/\/www.youtube.com\/c\/sunoresearch\"]},{\"@type\":\"Person\",\"@id\":\"https:\/\/www.suno.com.br\/noticias\/#\/schema\/person\/506bb13f624e6983050ae5bf648c7a54\",\"name\":\"Giovanna Oliveira\",\"image\":{\"@type\":\"ImageObject\",\"inLanguage\":\"pt-BR\",\"@id\":\"https:\/\/www.suno.com.br\/noticias\/#\/schema\/person\/image\/\",\"url\":\"https:\/\/secure.gravatar.com\/avatar\/8d180e5cea232a9bb3af521589b133fa?s=96&r=g\",\"contentUrl\":\"https:\/\/secure.gravatar.com\/avatar\/8d180e5cea232a9bb3af521589b133fa?s=96&r=g\",\"caption\":\"Giovanna Oliveira\"},\"description\":\"Jornalista com mais de sete anos de experi\u00eancia na cobertura de finan\u00e7as e economia. P\u00f3s-graduada em Neg\u00f3cios e Inova\u00e7\u00e3o (ESPM-SP) e mestranda em Finan\u00e7as (UADE Business School\u2013Buenos Aires).\",\"url\":\"https:\/\/www.suno.com.br\/noticias\/author\/giovannalmd-oliveiragmail-com\/\"}]}<\/script>\n<!-- \/ Yoast SEO plugin. -->","yoast_head_json":{"title":"IPCA sobe 0,7% em fevereiro e fica acima das proje\u00e7\u00f5es","description":"O \u00cdndice Nacional de Pre\u00e7os ao Consumidor Amplo (IPCA) avan\u00e7ou 0,70% em fevereiro frente ao m\u00eas anterior. Leia mais.","robots":{"index":"index","follow":"follow","max-snippet":"max-snippet:-1","max-image-preview":"max-image-preview:large","max-video-preview":"max-video-preview:-1"},"canonical":"https:\/\/www.suno.com.br\/noticias\/ipca-fevereiro-2026-acima-projecoes-go\/","og_locale":"pt_BR","og_type":"article","og_title":"IPCA sobe 0,7% em fevereiro e fica acima das proje\u00e7\u00f5es","og_description":"O \u00cdndice Nacional de Pre\u00e7os ao Consumidor Amplo (IPCA) avan\u00e7ou 0,70% em fevereiro frente ao m\u00eas anterior. Leia mais.","og_url":"https:\/\/www.suno.com.br\/noticias\/ipca-fevereiro-2026-acima-projecoes-go\/","og_site_name":"Suno Not\u00edcias","article_publisher":"https:\/\/facebook.com\/sunoresearch","og_image":[{"width":1280,"height":853,"url":"http:\/\/files.sunoresearch.com.br\/n\/uploads\/2026\/03\/ee8b69d8-ballots-1195084_1280-jpg.webp","type":"image\/jpeg"}],"author":"Giovanna Oliveira","twitter_card":"summary_large_image","twitter_creator":"@sunoresearch","twitter_site":"@sunoresearch","twitter_misc":{"Escrito por":"Giovanna Oliveira","Est. tempo de leitura":"2 minutos"},"schema":{"@context":"https:\/\/schema.org","@graph":[{"@type":"NewsArticle","@id":"https:\/\/www.suno.com.br\/noticias\/ipca-fevereiro-2026-acima-projecoes-go\/#article","isPartOf":{"@id":"https:\/\/www.suno.com.br\/noticias\/ipca-fevereiro-2026-acima-projecoes-go\/"},"author":{"name":"Giovanna Oliveira","@id":"https:\/\/www.suno.com.br\/noticias\/#\/schema\/person\/506bb13f624e6983050ae5bf648c7a54"},"headline":"IPCA sobe 0,7% em fevereiro e fica acima das proje\u00e7\u00f5es","datePublished":"2026-03-12T12:55:19+00:00","mainEntityOfPage":{"@id":"https:\/\/www.suno.com.br\/noticias\/ipca-fevereiro-2026-acima-projecoes-go\/"},"wordCount":503,"publisher":{"@id":"https:\/\/www.suno.com.br\/noticias\/#organization"},"image":{"@id":"https:\/\/www.suno.com.br\/noticias\/ipca-fevereiro-2026-acima-projecoes-go\/#primaryimage"},"thumbnailUrl":"https:\/\/files.sunoresearch.com.br\/n\/uploads\/2026\/03\/ee8b69d8-ballots-1195084_1280-jpg.webp","keywords":["IPCA"],"articleSection":["Economia"],"inLanguage":"pt-BR"},{"@type":"WebPage","@id":"https:\/\/www.suno.com.br\/noticias\/ipca-fevereiro-2026-acima-projecoes-go\/","url":"https:\/\/www.suno.com.br\/noticias\/ipca-fevereiro-2026-acima-projecoes-go\/","name":"IPCA sobe 0,7% em fevereiro e fica acima das proje\u00e7\u00f5es","isPartOf":{"@id":"https:\/\/www.suno.com.br\/noticias\/#website"},"primaryImageOfPage":{"@id":"https:\/\/www.suno.com.br\/noticias\/ipca-fevereiro-2026-acima-projecoes-go\/#primaryimage"},"image":{"@id":"https:\/\/www.suno.com.br\/noticias\/ipca-fevereiro-2026-acima-projecoes-go\/#primaryimage"},"thumbnailUrl":"https:\/\/files.sunoresearch.com.br\/n\/uploads\/2026\/03\/ee8b69d8-ballots-1195084_1280-jpg.webp","datePublished":"2026-03-12T12:55:19+00:00","description":"O \u00cdndice Nacional de Pre\u00e7os ao Consumidor Amplo (IPCA) avan\u00e7ou 0,70% em fevereiro frente ao m\u00eas anterior. Leia mais.","breadcrumb":{"@id":"https:\/\/www.suno.com.br\/noticias\/ipca-fevereiro-2026-acima-projecoes-go\/#breadcrumb"},"inLanguage":"pt-BR","potentialAction":[{"@type":"ReadAction","target":["https:\/\/www.suno.com.br\/noticias\/ipca-fevereiro-2026-acima-projecoes-go\/"]}]},{"@type":"ImageObject","inLanguage":"pt-BR","@id":"https:\/\/www.suno.com.br\/noticias\/ipca-fevereiro-2026-acima-projecoes-go\/#primaryimage","url":"https:\/\/files.sunoresearch.com.br\/n\/uploads\/2026\/03\/ee8b69d8-ballots-1195084_1280-jpg.webp","contentUrl":"https:\/\/files.sunoresearch.com.br\/n\/uploads\/2026\/03\/ee8b69d8-ballots-1195084_1280-jpg.webp","width":1280,"height":853,"caption":"IPCA. Foto: Pixabay"},{"@type":"BreadcrumbList","@id":"https:\/\/www.suno.com.br\/noticias\/ipca-fevereiro-2026-acima-projecoes-go\/#breadcrumb","itemListElement":[{"@type":"ListItem","position":1,"name":"Not\u00edcias","item":"https:\/\/www.suno.com.br\/noticias\/"},{"@type":"ListItem","position":2,"name":"Neg\u00f3cios","item":"https:\/\/www.suno.com.br\/noticias\/negocios\/"},{"@type":"ListItem","position":3,"name":"IPCA sobe 0,7% em fevereiro e fica acima das proje\u00e7\u00f5es"}]},{"@type":"WebSite","@id":"https:\/\/www.suno.com.br\/noticias\/#website","url":"https:\/\/www.suno.com.br\/noticias\/","name":"Suno Not\u00edcias","description":"Seu portal de informa\u00e7\u00e3o sobre o mundo dos investimentos","publisher":{"@id":"https:\/\/www.suno.com.br\/noticias\/#organization"},"potentialAction":[{"@type":"SearchAction","target":{"@type":"EntryPoint","urlTemplate":"https:\/\/www.suno.com.br\/noticias\/?s={search_term_string}"},"query-input":{"@type":"PropertyValueSpecification","valueRequired":true,"valueName":"search_term_string"}}],"inLanguage":"pt-BR"},{"@type":"Organization","@id":"https:\/\/www.suno.com.br\/noticias\/#organization","name":"Suno Not\u00edcias","url":"https:\/\/www.suno.com.br\/noticias\/","logo":{"@type":"ImageObject","inLanguage":"pt-BR","@id":"https:\/\/www.suno.com.br\/noticias\/#\/schema\/logo\/image\/","url":"https:\/\/files.sunoresearch.com.br\/n\/uploads\/2021\/09\/suno-logo.png","contentUrl":"https:\/\/files.sunoresearch.com.br\/n\/uploads\/2021\/09\/suno-logo.png","width":180,"height":180,"caption":"Suno Not\u00edcias"},"image":{"@id":"https:\/\/www.suno.com.br\/noticias\/#\/schema\/logo\/image\/"},"sameAs":["https:\/\/facebook.com\/sunoresearch","https:\/\/x.com\/sunoresearch","https:\/\/www.instagram.com\/suno","https:\/\/www.linkedin.com\/company\/suno-research\/","https:\/\/www.youtube.com\/c\/sunoresearch"]},{"@type":"Person","@id":"https:\/\/www.suno.com.br\/noticias\/#\/schema\/person\/506bb13f624e6983050ae5bf648c7a54","name":"Giovanna Oliveira","image":{"@type":"ImageObject","inLanguage":"pt-BR","@id":"https:\/\/www.suno.com.br\/noticias\/#\/schema\/person\/image\/","url":"https:\/\/secure.gravatar.com\/avatar\/8d180e5cea232a9bb3af521589b133fa?s=96&r=g","contentUrl":"https:\/\/secure.gravatar.com\/avatar\/8d180e5cea232a9bb3af521589b133fa?s=96&r=g","caption":"Giovanna Oliveira"},"description":"Jornalista com mais de sete anos de experi\u00eancia na cobertura de finan\u00e7as e economia. P\u00f3s-graduada em Neg\u00f3cios e Inova\u00e7\u00e3o (ESPM-SP) e mestranda em Finan\u00e7as (UADE Business School\u2013Buenos Aires).","url":"https:\/\/www.suno.com.br\/noticias\/author\/giovannalmd-oliveiragmail-com\/"}]}},"default_loop_html":"<div class=\"cardsPage__listCard__boxs\"><div class=\"cardsPage__listCard__boxs__img\"><a href=\"https:\/\/www.suno.com.br\/noticias\/ipca-fevereiro-2026-acima-projecoes-go\/\"><img class=\"mask\" src=\"https:\/\/www.suno.com.br\/noticias\/wp-content\/themes\/suno\/resources\/images\/spotlight\/spotlight1img\/bg-mask.png\" alt=\"Image Mask\"\/><img src=\"https:\/\/files.sunoresearch.com.br\/n\/uploads\/2026\/03\/ee8b69d8-ballots-1195084_1280-400x200.webp\" alt=\"IPCA sobe 0,7% em fevereiro e fica acima das proje\u00e7\u00f5es\"\/><\/a><span class=\"spotlightCategory\"><a href=\"https:\/\/www.suno.com.br\/noticias\/economia\/\">Economia<\/a><\/span><\/div><div class=\"cardsPage__listCard__boxs__content\"><a href=\"https:\/\/www.suno.com.br\/noticias\/ipca-fevereiro-2026-acima-projecoes-go\/\"><h2 class=\"content__title\">IPCA sobe 0,7% em fevereiro e fica acima das proje\u00e7\u00f5es<\/h2><\/a><div class=\"newsContent__article__meta\"><div class=\"newsContent__article__meta__authorBox\"><a href=\"https:\/\/www.suno.com.br\/noticias\/author\/giovannalmd-oliveiragmail-com\/\" class=\"authorBox__avatar noMobi\"><img src=\"https:\/\/secure.gravatar.com\/avatar\/8d180e5cea232a9bb3af521589b133fa?s=96&#038;r=g\" alt=\"Giovanna Oliveira\"><\/a><div class=\"authorBox__name\"><span>por\n\t\t\t<a href=\"https:\/\/www.suno.com.br\/noticias\/author\/giovannalmd-oliveiragmail-com\/\"><span itemprop=\"author\">Giovanna Oliveira<\/span><\/a><\/span><time datetime=\"2026-03-12T09:55:19-03:00\" itemprop=\"datePublished\">12\/03\/2026 09:55<\/time><\/div><\/div><\/div><\/div><\/div>","single_layout":"posts","amp_enabled":true,"_links":{"self":[{"href":"https:\/\/www.suno.com.br\/noticias\/wp-json\/wp\/v2\/posts\/644699"}],"collection":[{"href":"https:\/\/www.suno.com.br\/noticias\/wp-json\/wp\/v2\/posts"}],"about":[{"href":"https:\/\/www.suno.com.br\/noticias\/wp-json\/wp\/v2\/types\/post"}],"author":[{"embeddable":true,"href":"https:\/\/www.suno.com.br\/noticias\/wp-json\/wp\/v2\/users\/404"}],"replies":[{"embeddable":true,"href":"https:\/\/www.suno.com.br\/noticias\/wp-json\/wp\/v2\/comments?post=644699"}],"version-history":[{"count":0,"href":"https:\/\/www.suno.com.br\/noticias\/wp-json\/wp\/v2\/posts\/644699\/revisions"}],"wp:featuredmedia":[{"embeddable":true,"href":"https:\/\/www.suno.com.br\/noticias\/wp-json\/wp\/v2\/media\/644700"}],"wp:attachment":[{"href":"https:\/\/www.suno.com.br\/noticias\/wp-json\/wp\/v2\/media?parent=644699"}],"wp:term":[{"taxonomy":"category","embeddable":true,"href":"https:\/\/www.suno.com.br\/noticias\/wp-json\/wp\/v2\/categories?post=644699"},{"taxonomy":"post_tag","embeddable":true,"href":"https:\/\/www.suno.com.br\/noticias\/wp-json\/wp\/v2\/tags?post=644699"},{"taxonomy":"suno_strategy","embeddable":true,"href":"https:\/\/www.suno.com.br\/noticias\/wp-json\/wp\/v2\/suno_strategy?post=644699"}],"curies":[{"name":"wp","href":"https:\/\/api.w.org\/{rel}","templated":true}]}}