{"id":64463,"date":"2020-05-12T15:26:28","date_gmt":"2020-05-12T18:26:28","guid":{"rendered":"https:\/\/www.suno.com.br\/noticias\/?p=64463"},"modified":"2020-05-12T15:26:28","modified_gmt":"2020-05-12T18:26:28","slug":"coronavirus-camara-aprova-auxilio-reabertura-comercio","status":"publish","type":"post","link":"https:\/\/www.suno.com.br\/noticias\/coronavirus-camara-aprova-auxilio-reabertura-comercio\/","title":{"rendered":"Coronav\u00edrus: C\u00e2mara aprova libera\u00e7\u00e3o de R$ 8,6 bi para reabertura do com\u00e9rcio"},"content":{"rendered":"<p>Em mais uma medida de combate \u00e0 pandemia do <a href=\"https:\/\/www.suno.com.br\/noticias\/?s=coronavirus\">novo <strong>coronav\u00edrus<\/strong> (Covid-19)<\/a>, a C\u00e2mara dos Deputados aprovou, nesta ter\u00e7a-feira (12), o texto-base da Medida Provis\u00f3ria (MP) que libera R$ 8,6 bilh\u00f5es para a reabertura do com\u00e9rcio no Pa\u00eds.<\/p>\t<div class=\"wrapper-featured-image\">\n\t\t<figure class=\"spotlightImg\">\n\n\t\t\t<picture>\n\t\t\t\t<source media=\"(max-width: 768px)\" srcset=\"https:\/\/files.sunoresearch.com.br\/n\/uploads\/2019\/04\/63c1db04-c\u00e2mara-dos-deputados-400x200.webp\">\n\t\t\t\t<img loading=\"lazy\" decoding=\"async\" class=\"newsContent__article__imgCapa lazyloadDisabled newsContent__article__imgCapa--noCaption\" src=\"https:\/\/files.sunoresearch.com.br\/n\/uploads\/2019\/04\/63c1db04-c\u00e2mara-dos-deputados-800x450.webp\" width=\"800\" height=\"450\" alt=\"Coronav\u00edrus: C\u00e2mara aprova libera\u00e7\u00e3o de R$ 8,6 bi para reabertura do com\u00e9rcio\" fetchpriority=high \/>\n\t\t\t<\/picture>\n\n\t\t\t<figcaption class=\"wp-caption-text wp-caption-text--hide\">C\u00e2mara dos Deputados (foto: divulga\u00e7\u00e3o)<\/figcaption>\n\t\t<\/figure>\n\t<\/div>\n\n\n\n<p>A proposta, que foi votada de forma simb\u00f3lica, trata da extin\u00e7\u00e3o do <strong>fundo de reservas monet\u00e1rias<\/strong>. Originalmente, os recursos seriam realocados para o pagamento da d\u00edvida federal, mas ser\u00e3o utilizados no enfrentamento do coronav\u00edrus.<\/p>\n<p><a href=\"https:\/\/lp.suno.com.br\/suno-one\/\">Na Suno One voc\u00ea aprende como fazer o seu dinheiro para trabalhar para voc\u00ea. Cadastre-se agora<\/a>!<\/p>\n<p>O deputado e relator <strong>Luis Miranda<\/strong> (DEM-DF) realizou mudan\u00e7as no texto-base, fazendo com que mesmo os partidos oposicionistas posicionaram-se a favor da proposta. O texto ainda precisa ser analisado pela C\u00e2mara e pelo Senado at\u00e9 a pr\u00f3xima segunda-feira (18), se n\u00e3o perder\u00e1 a validade.<\/p>\n<p>De acordo com o jornal &#8220;Valor Econ\u00f4mico&#8221;, a altera\u00e7\u00e3o da destina\u00e7\u00e3o dos recursos n\u00e3o agradou o <strong>Minist\u00e9rio da Economia<\/strong>. A pasta econ\u00f4mica, liderada pelo ministro <a href=\"https:\/\/www.suno.com.br\/tudo-sobre\/paulo-guedes\/\">Paulo Guedes<\/a>, preferia que o valor fosse utilizado para o pagamento da d\u00edvida p\u00fablica.<\/p>\n<p>Segundo o relator, a edi\u00e7\u00e3o da MP havia sido feita antes da chegada da crise ao Brasil e, com o avan\u00e7o da pandemia, &#8220;n\u00e3o faz mais sentido a destina\u00e7\u00e3o original de recursos, segundo a qual o fundo seria utilizado exclusivametne no pagamento da d\u00edvida p\u00fablica federal&#8221;.<\/p>\n<p>O deputado Miranda, no entanto, a pedido do governo, determinou que a distribui\u00e7\u00e3o do montante ser\u00e1 determinada pelo Poder Executivo. Do total, 50% ser\u00e1 destinado aos estados e 50% aos munic\u00edpios. O crit\u00e9rio ser\u00e1 definido pelo governo, a depender dos impactos do coronav\u00edrus no local.<\/p>\n<p>O texto, inclusive, determina que os recursos apenas ser\u00e3o destinados a localidades que estejam seguindo as orienta\u00e7\u00f5es da <strong>Organiza\u00e7\u00e3o Mundial da Sa\u00fade (OMS)<\/strong>.<\/p>\n<h2>Em combate ao coronav\u00edrus, C\u00e2mara aprova Or\u00e7amento de Guerra<\/h2>\n<p>A <a href=\"https:\/\/www.suno.com.br\/noticias\/tags\/camara-dos-deputados\/\">C\u00e2mara dos Deputados<\/a> votou e aprovou, na \u00faltima quarta-feira (6), em segundo turno a Proposta de Emenda \u00e0 Constitui\u00e7\u00e3o (PEC) do<strong> Or\u00e7amento de Guerra<\/strong> que pretende tornar mais f\u00e1cil a libera\u00e7\u00e3o de gastos durante o per\u00edodo de calamidade p\u00fablica.<\/p>\n<p>A PEC do Or\u00e7amento de Guerra, sugerida pelo presidente da C\u00e2mara, Rodrigo Maia\u00a0(DEM-RJ), foi aprovada com 477 votos favor\u00e1veis e a 1 contra. Segundo o presidente do Congresso, Davi Alcolumbre (DEM-AP), os trechos que a C\u00e2mara e o Senado concordam devem entrar em vigor ainda essa semana.<\/p>\n<p><a href=\"https:\/\/www.suno.com.br\/noticias\/china-banco-da-juros-medidas-coronavirus-covid-19\/\">Saiba mais: China adotar\u00e1 medidas para sustentar economia atingida por coronav\u00edrus<\/a><\/p>\n<p>O principal objetivo da Proposta \u00e9 separar os gastos emergenciais do Or\u00e7amento-Geral da Uni\u00e3o para conter os impactos da Covid-19. De acordo com o texto, o governo n\u00e3o precisa cumprir a <a href=\"https:\/\/www.suno.com.br\/artigos\/lrf-lei-responsabilidade-fiscal\/\">Lei de Responsabilidade Fiscal (LRF)<\/a> e a <strong><a href=\"https:\/\/www.suno.com.br\/artigos\/regra-de-ouro\/\">regra de ouro<\/a><\/strong>.<\/p>\n<p>Entretanto, o texto indica que as propostas legislativas e as a\u00e7\u00f5es do poder Executivo durante o combate ao <strong>coronav\u00edrus<\/strong> n\u00e3o podem gerar uma despesa permanente.<\/p>\n\n","protected":false},"excerpt":{"rendered":"<p>Em mais uma medida de combate \u00e0 pandemia do novo coronav\u00edrus (Covid-19), a C\u00e2mara dos Deputados aprovou, nesta ter\u00e7a-feira (12), o texto-base da Medida Provis\u00f3ria (MP) que libera R$ 8,6 bilh\u00f5es para a reabertura do com\u00e9rcio no Pa\u00eds. C\u00e2mara dos Deputados (foto: divulga\u00e7\u00e3o) A proposta, que foi votada de forma simb\u00f3lica, trata da extin\u00e7\u00e3o do [&hellip;]<\/p>\n","protected":false},"author":24,"featured_media":20943,"comment_status":"closed","ping_status":"closed","sticky":false,"template":"","format":"standard","meta":[],"categories":[61],"tags":[938,2487],"suno_strategy":[],"class_list":["post-64463","post","type-post","status-publish","format-standard","has-post-thumbnail","hentry","category-politica","tag-camara-dos-deputados","tag-coronavirus"],"yoast_head":"<!-- This site is optimized with the Yoast SEO plugin v24.4 - https:\/\/yoast.com\/wordpress\/plugins\/seo\/ -->\n<title>Coronav\u00edrus: C\u00e2mara aprova MP de aux\u00edlio \u00e0 reabertura do com\u00e9rcio<\/title>\n<meta name=\"description\" content=\"Em combate ao coronav\u00edrus, a C\u00e2mara aprovou, nesta ter\u00e7a, o texto-base da MP que libera R$ 8,6 bi para a reabertura do com\u00e9rcio. Saiba mais.\" \/>\n<meta name=\"robots\" content=\"index, follow, max-snippet:-1, max-image-preview:large, max-video-preview:-1\" \/>\n<link rel=\"canonical\" href=\"https:\/\/www.suno.com.br\/noticias\/coronavirus-camara-aprova-auxilio-reabertura-comercio\/\" \/>\n<meta property=\"og:locale\" content=\"pt_BR\" \/>\n<meta property=\"og:type\" content=\"article\" \/>\n<meta property=\"og:title\" content=\"Coronav\u00edrus: C\u00e2mara aprova MP de aux\u00edlio \u00e0 reabertura do com\u00e9rcio\" \/>\n<meta property=\"og:description\" content=\"Em combate ao coronav\u00edrus, a C\u00e2mara aprovou, nesta ter\u00e7a, o texto-base da MP que libera R$ 8,6 bi para a reabertura do com\u00e9rcio. Saiba mais.\" \/>\n<meta property=\"og:url\" content=\"https:\/\/www.suno.com.br\/noticias\/coronavirus-camara-aprova-auxilio-reabertura-comercio\/\" \/>\n<meta property=\"og:site_name\" content=\"Suno Not\u00edcias\" \/>\n<meta property=\"article:publisher\" content=\"https:\/\/facebook.com\/sunoresearch\" \/>\n<meta property=\"og:image\" content=\"https:\/\/files.sunoresearch.com.br\/n\/uploads\/2019\/04\/63c1db04-c\u00e2mara-dos-deputados.jpg\" \/>\n\t<meta property=\"og:image:width\" content=\"2760\" \/>\n\t<meta property=\"og:image:height\" content=\"1837\" \/>\n\t<meta property=\"og:image:type\" content=\"image\/jpeg\" \/>\n<meta name=\"author\" content=\"Jader Lazarini\" \/>\n<meta name=\"twitter:card\" content=\"summary_large_image\" \/>\n<meta name=\"twitter:creator\" content=\"@sunoresearch\" \/>\n<meta name=\"twitter:site\" content=\"@sunoresearch\" \/>\n<meta name=\"twitter:label1\" content=\"Escrito por\" \/>\n\t<meta name=\"twitter:data1\" content=\"Jader Lazarini\" \/>\n\t<meta name=\"twitter:label2\" content=\"Est. tempo de leitura\" \/>\n\t<meta name=\"twitter:data2\" content=\"3 minutos\" \/>\n<script type=\"application\/ld+json\" class=\"yoast-schema-graph\">{\"@context\":\"https:\/\/schema.org\",\"@graph\":[{\"@type\":\"NewsArticle\",\"@id\":\"https:\/\/www.suno.com.br\/noticias\/coronavirus-camara-aprova-auxilio-reabertura-comercio\/#article\",\"isPartOf\":{\"@id\":\"https:\/\/www.suno.com.br\/noticias\/coronavirus-camara-aprova-auxilio-reabertura-comercio\/\"},\"author\":{\"name\":\"Jader Lazarini\",\"@id\":\"https:\/\/www.suno.com.br\/noticias\/#\/schema\/person\/918d79de1f0281f01599b93f9ea6e23f\"},\"headline\":\"Coronav\u00edrus: C\u00e2mara aprova libera\u00e7\u00e3o de R$ 8,6 bi para reabertura do com\u00e9rcio\",\"datePublished\":\"2020-05-12T18:26:28+00:00\",\"mainEntityOfPage\":{\"@id\":\"https:\/\/www.suno.com.br\/noticias\/coronavirus-camara-aprova-auxilio-reabertura-comercio\/\"},\"wordCount\":531,\"publisher\":{\"@id\":\"https:\/\/www.suno.com.br\/noticias\/#organization\"},\"image\":{\"@id\":\"https:\/\/www.suno.com.br\/noticias\/coronavirus-camara-aprova-auxilio-reabertura-comercio\/#primaryimage\"},\"thumbnailUrl\":\"https:\/\/files.sunoresearch.com.br\/n\/uploads\/2019\/04\/63c1db04-c\u00e2mara-dos-deputados-scaled.webp\",\"keywords\":[\"C\u00e2mara dos Deputados\",\"coronav\u00edrus\"],\"articleSection\":[\"Pol\u00edtica\"],\"inLanguage\":\"pt-BR\"},{\"@type\":\"WebPage\",\"@id\":\"https:\/\/www.suno.com.br\/noticias\/coronavirus-camara-aprova-auxilio-reabertura-comercio\/\",\"url\":\"https:\/\/www.suno.com.br\/noticias\/coronavirus-camara-aprova-auxilio-reabertura-comercio\/\",\"name\":\"Coronav\u00edrus: C\u00e2mara aprova MP de aux\u00edlio \u00e0 reabertura do com\u00e9rcio\",\"isPartOf\":{\"@id\":\"https:\/\/www.suno.com.br\/noticias\/#website\"},\"primaryImageOfPage\":{\"@id\":\"https:\/\/www.suno.com.br\/noticias\/coronavirus-camara-aprova-auxilio-reabertura-comercio\/#primaryimage\"},\"image\":{\"@id\":\"https:\/\/www.suno.com.br\/noticias\/coronavirus-camara-aprova-auxilio-reabertura-comercio\/#primaryimage\"},\"thumbnailUrl\":\"https:\/\/files.sunoresearch.com.br\/n\/uploads\/2019\/04\/63c1db04-c\u00e2mara-dos-deputados-scaled.webp\",\"datePublished\":\"2020-05-12T18:26:28+00:00\",\"description\":\"Em combate ao coronav\u00edrus, a C\u00e2mara aprovou, nesta ter\u00e7a, o texto-base da MP que libera R$ 8,6 bi para a reabertura do com\u00e9rcio. Saiba mais.\",\"breadcrumb\":{\"@id\":\"https:\/\/www.suno.com.br\/noticias\/coronavirus-camara-aprova-auxilio-reabertura-comercio\/#breadcrumb\"},\"inLanguage\":\"pt-BR\",\"potentialAction\":[{\"@type\":\"ReadAction\",\"target\":[\"https:\/\/www.suno.com.br\/noticias\/coronavirus-camara-aprova-auxilio-reabertura-comercio\/\"]}]},{\"@type\":\"ImageObject\",\"inLanguage\":\"pt-BR\",\"@id\":\"https:\/\/www.suno.com.br\/noticias\/coronavirus-camara-aprova-auxilio-reabertura-comercio\/#primaryimage\",\"url\":\"https:\/\/files.sunoresearch.com.br\/n\/uploads\/2019\/04\/63c1db04-c\u00e2mara-dos-deputados-scaled.webp\",\"contentUrl\":\"https:\/\/files.sunoresearch.com.br\/n\/uploads\/2019\/04\/63c1db04-c\u00e2mara-dos-deputados-scaled.webp\",\"width\":2560,\"height\":1704,\"caption\":\"C\u00e2mara dos Deputados (foto: divulga\u00e7\u00e3o)\"},{\"@type\":\"BreadcrumbList\",\"@id\":\"https:\/\/www.suno.com.br\/noticias\/coronavirus-camara-aprova-auxilio-reabertura-comercio\/#breadcrumb\",\"itemListElement\":[{\"@type\":\"ListItem\",\"position\":1,\"name\":\"Not\u00edcias\",\"item\":\"https:\/\/www.suno.com.br\/noticias\/\"},{\"@type\":\"ListItem\",\"position\":2,\"name\":\"Pol\u00edtica\",\"item\":\"https:\/\/www.suno.com.br\/noticias\/politica\/\"},{\"@type\":\"ListItem\",\"position\":3,\"name\":\"Coronav\u00edrus: C\u00e2mara aprova libera\u00e7\u00e3o de R$ 8,6 bi para reabertura do com\u00e9rcio\"}]},{\"@type\":\"WebSite\",\"@id\":\"https:\/\/www.suno.com.br\/noticias\/#website\",\"url\":\"https:\/\/www.suno.com.br\/noticias\/\",\"name\":\"Suno Not\u00edcias\",\"description\":\"Seu portal de informa\u00e7\u00e3o sobre o mundo dos investimentos\",\"publisher\":{\"@id\":\"https:\/\/www.suno.com.br\/noticias\/#organization\"},\"potentialAction\":[{\"@type\":\"SearchAction\",\"target\":{\"@type\":\"EntryPoint\",\"urlTemplate\":\"https:\/\/www.suno.com.br\/noticias\/?s={search_term_string}\"},\"query-input\":{\"@type\":\"PropertyValueSpecification\",\"valueRequired\":true,\"valueName\":\"search_term_string\"}}],\"inLanguage\":\"pt-BR\"},{\"@type\":\"Organization\",\"@id\":\"https:\/\/www.suno.com.br\/noticias\/#organization\",\"name\":\"Suno Not\u00edcias\",\"url\":\"https:\/\/www.suno.com.br\/noticias\/\",\"logo\":{\"@type\":\"ImageObject\",\"inLanguage\":\"pt-BR\",\"@id\":\"https:\/\/www.suno.com.br\/noticias\/#\/schema\/logo\/image\/\",\"url\":\"https:\/\/files.sunoresearch.com.br\/n\/uploads\/2021\/09\/suno-logo.png\",\"contentUrl\":\"https:\/\/files.sunoresearch.com.br\/n\/uploads\/2021\/09\/suno-logo.png\",\"width\":180,\"height\":180,\"caption\":\"Suno Not\u00edcias\"},\"image\":{\"@id\":\"https:\/\/www.suno.com.br\/noticias\/#\/schema\/logo\/image\/\"},\"sameAs\":[\"https:\/\/facebook.com\/sunoresearch\",\"https:\/\/x.com\/sunoresearch\",\"https:\/\/www.instagram.com\/suno\",\"https:\/\/www.linkedin.com\/company\/suno-research\/\",\"https:\/\/www.youtube.com\/c\/sunoresearch\"]},{\"@type\":\"Person\",\"@id\":\"https:\/\/www.suno.com.br\/noticias\/#\/schema\/person\/918d79de1f0281f01599b93f9ea6e23f\",\"name\":\"Jader Lazarini\",\"image\":{\"@type\":\"ImageObject\",\"inLanguage\":\"pt-BR\",\"@id\":\"https:\/\/www.suno.com.br\/noticias\/#\/schema\/person\/image\/\",\"url\":\"https:\/\/secure.gravatar.com\/avatar\/3c1ad8caa51589841baeb923fcddea97?s=96&r=g\",\"contentUrl\":\"https:\/\/secure.gravatar.com\/avatar\/3c1ad8caa51589841baeb923fcddea97?s=96&r=g\",\"caption\":\"Jader Lazarini\"},\"description\":\"Jader Lazarini escreve sobre investimentos, finan\u00e7as, economia e neg\u00f3cios. \u00c9 bacharel em Rela\u00e7\u00f5es Internacionais e analista CNPI (2619).\",\"url\":\"https:\/\/www.suno.com.br\/noticias\/author\/jader-lazarini\/\"}]}<\/script>\n<!-- \/ Yoast SEO plugin. -->","yoast_head_json":{"title":"Coronav\u00edrus: C\u00e2mara aprova MP de aux\u00edlio \u00e0 reabertura do com\u00e9rcio","description":"Em combate ao coronav\u00edrus, a C\u00e2mara aprovou, nesta ter\u00e7a, o texto-base da MP que libera R$ 8,6 bi para a reabertura do com\u00e9rcio. Saiba mais.","robots":{"index":"index","follow":"follow","max-snippet":"max-snippet:-1","max-image-preview":"max-image-preview:large","max-video-preview":"max-video-preview:-1"},"canonical":"https:\/\/www.suno.com.br\/noticias\/coronavirus-camara-aprova-auxilio-reabertura-comercio\/","og_locale":"pt_BR","og_type":"article","og_title":"Coronav\u00edrus: C\u00e2mara aprova MP de aux\u00edlio \u00e0 reabertura do com\u00e9rcio","og_description":"Em combate ao coronav\u00edrus, a C\u00e2mara aprovou, nesta ter\u00e7a, o texto-base da MP que libera R$ 8,6 bi para a reabertura do com\u00e9rcio. Saiba mais.","og_url":"https:\/\/www.suno.com.br\/noticias\/coronavirus-camara-aprova-auxilio-reabertura-comercio\/","og_site_name":"Suno Not\u00edcias","article_publisher":"https:\/\/facebook.com\/sunoresearch","og_image":[{"width":2760,"height":1837,"url":"https:\/\/files.sunoresearch.com.br\/n\/uploads\/2019\/04\/63c1db04-c\u00e2mara-dos-deputados.jpg","type":"image\/jpeg"}],"author":"Jader Lazarini","twitter_card":"summary_large_image","twitter_creator":"@sunoresearch","twitter_site":"@sunoresearch","twitter_misc":{"Escrito por":"Jader Lazarini","Est. tempo de leitura":"3 minutos"},"schema":{"@context":"https:\/\/schema.org","@graph":[{"@type":"NewsArticle","@id":"https:\/\/www.suno.com.br\/noticias\/coronavirus-camara-aprova-auxilio-reabertura-comercio\/#article","isPartOf":{"@id":"https:\/\/www.suno.com.br\/noticias\/coronavirus-camara-aprova-auxilio-reabertura-comercio\/"},"author":{"name":"Jader Lazarini","@id":"https:\/\/www.suno.com.br\/noticias\/#\/schema\/person\/918d79de1f0281f01599b93f9ea6e23f"},"headline":"Coronav\u00edrus: C\u00e2mara aprova libera\u00e7\u00e3o de R$ 8,6 bi para reabertura do com\u00e9rcio","datePublished":"2020-05-12T18:26:28+00:00","mainEntityOfPage":{"@id":"https:\/\/www.suno.com.br\/noticias\/coronavirus-camara-aprova-auxilio-reabertura-comercio\/"},"wordCount":531,"publisher":{"@id":"https:\/\/www.suno.com.br\/noticias\/#organization"},"image":{"@id":"https:\/\/www.suno.com.br\/noticias\/coronavirus-camara-aprova-auxilio-reabertura-comercio\/#primaryimage"},"thumbnailUrl":"https:\/\/files.sunoresearch.com.br\/n\/uploads\/2019\/04\/63c1db04-c\u00e2mara-dos-deputados-scaled.webp","keywords":["C\u00e2mara dos Deputados","coronav\u00edrus"],"articleSection":["Pol\u00edtica"],"inLanguage":"pt-BR"},{"@type":"WebPage","@id":"https:\/\/www.suno.com.br\/noticias\/coronavirus-camara-aprova-auxilio-reabertura-comercio\/","url":"https:\/\/www.suno.com.br\/noticias\/coronavirus-camara-aprova-auxilio-reabertura-comercio\/","name":"Coronav\u00edrus: C\u00e2mara aprova MP de aux\u00edlio \u00e0 reabertura do com\u00e9rcio","isPartOf":{"@id":"https:\/\/www.suno.com.br\/noticias\/#website"},"primaryImageOfPage":{"@id":"https:\/\/www.suno.com.br\/noticias\/coronavirus-camara-aprova-auxilio-reabertura-comercio\/#primaryimage"},"image":{"@id":"https:\/\/www.suno.com.br\/noticias\/coronavirus-camara-aprova-auxilio-reabertura-comercio\/#primaryimage"},"thumbnailUrl":"https:\/\/files.sunoresearch.com.br\/n\/uploads\/2019\/04\/63c1db04-c\u00e2mara-dos-deputados-scaled.webp","datePublished":"2020-05-12T18:26:28+00:00","description":"Em combate ao coronav\u00edrus, a C\u00e2mara aprovou, nesta ter\u00e7a, o texto-base da MP que libera R$ 8,6 bi para a reabertura do com\u00e9rcio. Saiba mais.","breadcrumb":{"@id":"https:\/\/www.suno.com.br\/noticias\/coronavirus-camara-aprova-auxilio-reabertura-comercio\/#breadcrumb"},"inLanguage":"pt-BR","potentialAction":[{"@type":"ReadAction","target":["https:\/\/www.suno.com.br\/noticias\/coronavirus-camara-aprova-auxilio-reabertura-comercio\/"]}]},{"@type":"ImageObject","inLanguage":"pt-BR","@id":"https:\/\/www.suno.com.br\/noticias\/coronavirus-camara-aprova-auxilio-reabertura-comercio\/#primaryimage","url":"https:\/\/files.sunoresearch.com.br\/n\/uploads\/2019\/04\/63c1db04-c\u00e2mara-dos-deputados-scaled.webp","contentUrl":"https:\/\/files.sunoresearch.com.br\/n\/uploads\/2019\/04\/63c1db04-c\u00e2mara-dos-deputados-scaled.webp","width":2560,"height":1704,"caption":"C\u00e2mara dos Deputados (foto: divulga\u00e7\u00e3o)"},{"@type":"BreadcrumbList","@id":"https:\/\/www.suno.com.br\/noticias\/coronavirus-camara-aprova-auxilio-reabertura-comercio\/#breadcrumb","itemListElement":[{"@type":"ListItem","position":1,"name":"Not\u00edcias","item":"https:\/\/www.suno.com.br\/noticias\/"},{"@type":"ListItem","position":2,"name":"Pol\u00edtica","item":"https:\/\/www.suno.com.br\/noticias\/politica\/"},{"@type":"ListItem","position":3,"name":"Coronav\u00edrus: C\u00e2mara aprova libera\u00e7\u00e3o de R$ 8,6 bi para reabertura do com\u00e9rcio"}]},{"@type":"WebSite","@id":"https:\/\/www.suno.com.br\/noticias\/#website","url":"https:\/\/www.suno.com.br\/noticias\/","name":"Suno Not\u00edcias","description":"Seu portal de informa\u00e7\u00e3o sobre o mundo dos investimentos","publisher":{"@id":"https:\/\/www.suno.com.br\/noticias\/#organization"},"potentialAction":[{"@type":"SearchAction","target":{"@type":"EntryPoint","urlTemplate":"https:\/\/www.suno.com.br\/noticias\/?s={search_term_string}"},"query-input":{"@type":"PropertyValueSpecification","valueRequired":true,"valueName":"search_term_string"}}],"inLanguage":"pt-BR"},{"@type":"Organization","@id":"https:\/\/www.suno.com.br\/noticias\/#organization","name":"Suno Not\u00edcias","url":"https:\/\/www.suno.com.br\/noticias\/","logo":{"@type":"ImageObject","inLanguage":"pt-BR","@id":"https:\/\/www.suno.com.br\/noticias\/#\/schema\/logo\/image\/","url":"https:\/\/files.sunoresearch.com.br\/n\/uploads\/2021\/09\/suno-logo.png","contentUrl":"https:\/\/files.sunoresearch.com.br\/n\/uploads\/2021\/09\/suno-logo.png","width":180,"height":180,"caption":"Suno Not\u00edcias"},"image":{"@id":"https:\/\/www.suno.com.br\/noticias\/#\/schema\/logo\/image\/"},"sameAs":["https:\/\/facebook.com\/sunoresearch","https:\/\/x.com\/sunoresearch","https:\/\/www.instagram.com\/suno","https:\/\/www.linkedin.com\/company\/suno-research\/","https:\/\/www.youtube.com\/c\/sunoresearch"]},{"@type":"Person","@id":"https:\/\/www.suno.com.br\/noticias\/#\/schema\/person\/918d79de1f0281f01599b93f9ea6e23f","name":"Jader Lazarini","image":{"@type":"ImageObject","inLanguage":"pt-BR","@id":"https:\/\/www.suno.com.br\/noticias\/#\/schema\/person\/image\/","url":"https:\/\/secure.gravatar.com\/avatar\/3c1ad8caa51589841baeb923fcddea97?s=96&r=g","contentUrl":"https:\/\/secure.gravatar.com\/avatar\/3c1ad8caa51589841baeb923fcddea97?s=96&r=g","caption":"Jader Lazarini"},"description":"Jader Lazarini escreve sobre investimentos, finan\u00e7as, economia e neg\u00f3cios. \u00c9 bacharel em Rela\u00e7\u00f5es Internacionais e analista CNPI (2619).","url":"https:\/\/www.suno.com.br\/noticias\/author\/jader-lazarini\/"}]}},"default_loop_html":"<div class=\"cardsPage__listCard__boxs\"><div class=\"cardsPage__listCard__boxs__img\"><a href=\"https:\/\/www.suno.com.br\/noticias\/coronavirus-camara-aprova-auxilio-reabertura-comercio\/\"><img class=\"mask\" src=\"https:\/\/www.suno.com.br\/noticias\/wp-content\/themes\/suno\/resources\/images\/spotlight\/spotlight1img\/bg-mask.png\" alt=\"Image Mask\"\/><img src=\"https:\/\/files.sunoresearch.com.br\/n\/uploads\/2019\/04\/63c1db04-c\u00e2mara-dos-deputados-400x200.webp\" alt=\"Coronav\u00edrus: C\u00e2mara aprova libera\u00e7\u00e3o de R$ 8,6 bi para reabertura do com\u00e9rcio\"\/><\/a><span class=\"spotlightCategory\"><a href=\"https:\/\/www.suno.com.br\/noticias\/politica\/\">Pol\u00edtica<\/a><\/span><\/div><div class=\"cardsPage__listCard__boxs__content\"><a href=\"https:\/\/www.suno.com.br\/noticias\/coronavirus-camara-aprova-auxilio-reabertura-comercio\/\"><h2 class=\"content__title\">Coronav\u00edrus: C\u00e2mara aprova libera\u00e7\u00e3o de R$ 8,6 bi para reabertura do com\u00e9rcio<\/h2><\/a><div class=\"newsContent__article__meta\"><div class=\"newsContent__article__meta__authorBox\"><a href=\"https:\/\/www.suno.com.br\/noticias\/author\/jader-lazarini\/\" class=\"authorBox__avatar noMobi\"><img src=\"https:\/\/files.sunoresearch.com.br\/n\/uploads\/2021\/01\/178e6598-foto-perfil-2-150x150.jpg\" alt=\"Jader Lazarini\"><\/a><div class=\"authorBox__name\"><span>por\n\t\t\t<a href=\"https:\/\/www.suno.com.br\/noticias\/author\/jader-lazarini\/\"><span itemprop=\"author\">Jader Lazarini<\/span><\/a><\/span><time datetime=\"2020-05-12T15:26:28-03:00\" itemprop=\"datePublished\">12\/05\/2020 15:26<\/time><\/div><\/div><\/div><\/div><\/div>","single_layout":"posts","amp_enabled":true,"_links":{"self":[{"href":"https:\/\/www.suno.com.br\/noticias\/wp-json\/wp\/v2\/posts\/64463"}],"collection":[{"href":"https:\/\/www.suno.com.br\/noticias\/wp-json\/wp\/v2\/posts"}],"about":[{"href":"https:\/\/www.suno.com.br\/noticias\/wp-json\/wp\/v2\/types\/post"}],"author":[{"embeddable":true,"href":"https:\/\/www.suno.com.br\/noticias\/wp-json\/wp\/v2\/users\/24"}],"replies":[{"embeddable":true,"href":"https:\/\/www.suno.com.br\/noticias\/wp-json\/wp\/v2\/comments?post=64463"}],"version-history":[{"count":0,"href":"https:\/\/www.suno.com.br\/noticias\/wp-json\/wp\/v2\/posts\/64463\/revisions"}],"wp:featuredmedia":[{"embeddable":true,"href":"https:\/\/www.suno.com.br\/noticias\/wp-json\/wp\/v2\/media\/20943"}],"wp:attachment":[{"href":"https:\/\/www.suno.com.br\/noticias\/wp-json\/wp\/v2\/media?parent=64463"}],"wp:term":[{"taxonomy":"category","embeddable":true,"href":"https:\/\/www.suno.com.br\/noticias\/wp-json\/wp\/v2\/categories?post=64463"},{"taxonomy":"post_tag","embeddable":true,"href":"https:\/\/www.suno.com.br\/noticias\/wp-json\/wp\/v2\/tags?post=64463"},{"taxonomy":"suno_strategy","embeddable":true,"href":"https:\/\/www.suno.com.br\/noticias\/wp-json\/wp\/v2\/suno_strategy?post=64463"}],"curies":[{"name":"wp","href":"https:\/\/api.w.org\/{rel}","templated":true}]}}