{"id":644628,"date":"2026-03-11T15:05:15","date_gmt":"2026-03-11T18:05:15","guid":{"rendered":"https:\/\/www.suno.com.br\/noticias\/vivt3-ubs-bb-corta-recomendacao-telefonica-brasil-mt\/"},"modified":"2026-03-11T15:05:15","modified_gmt":"2026-03-11T18:05:15","slug":"vivt3-ubs-bb-corta-recomendacao-telefonica-brasil-mt","status":"publish","type":"post","link":"https:\/\/www.suno.com.br\/noticias\/vivt3-ubs-bb-corta-recomendacao-telefonica-brasil-mt\/","title":{"rendered":"UBS BB vira a m\u00e3o em Telef\u00f4nica Brasil (VIVT3) e v\u00ea queda nas a\u00e7\u00f5es"},"content":{"rendered":"<p>A\u00a0Telef\u00f4nica Brasil (<strong><a class=\"suno-keyword\" target=\"_blank\" data-force=\"no\" data-priority=\"2\" href=\"https:\/\/www.suno.com.br\/analitica\/acoes\/vivt3\/\" rel=\"noopener\">VIVT3<\/a>)<\/strong>\u00a0entrou no radar negativo dos analistas nesta semana. O UBS BB realizou um duplo rebaixamento das a\u00e7\u00f5es da Telef\u00f4nica Brasil, dona da Vivo, cortando a recomenda\u00e7\u00e3o de compra para venda e reduzindo o pre\u00e7o-alvo do papel.<\/p>\t<div class=\"wrapper-featured-image\">\n\t\t<figure class=\"spotlightImg\">\n\n\t\t\t<picture>\n\t\t\t\t<source media=\"(max-width: 768px)\" srcset=\"https:\/\/files.sunoresearch.com.br\/n\/uploads\/2026\/03\/2ad2106d-1200px-telefonica01-400x200.webp\">\n\t\t\t\t<img loading=\"lazy\" decoding=\"async\" class=\"newsContent__article__imgCapa lazyloadDisabled \" src=\"https:\/\/files.sunoresearch.com.br\/n\/uploads\/2026\/03\/2ad2106d-1200px-telefonica01-800x450.webp\" width=\"800\" height=\"450\" alt=\"UBS BB vira a m\u00e3o em Telef\u00f4nica Brasil (VIVT3) e v\u00ea queda nas a\u00e7\u00f5es\" fetchpriority=high \/>\n\t\t\t<\/picture>\n\n\t\t\t<figcaption class=\"wp-caption-text wp-caption-text--show\">Telef\u00f4nica Brasil. Foto: Divulga\u00e7\u00e3o<\/figcaption>\n\t\t<\/figure>\n\t<\/div>\n\n\n\n\n\n\n<p>Segundo relat\u00f3rio assinado pelos analistas&nbsp;<strong>Leonardo Olmos, Andre Salles e Gustavo Farias<\/strong>, o pre\u00e7o-alvo passou de&nbsp;<strong>R$ 37,50 para R$ 36<\/strong>, valor que indica potencial de desvaloriza\u00e7\u00e3o de cerca de&nbsp;<strong>14,5%<\/strong>&nbsp;em rela\u00e7\u00e3o ao \u00faltimo fechamento.<\/p>\n\n\n\n<p>O movimento reflete uma mudan\u00e7a na avalia\u00e7\u00e3o do banco sobre o perfil de <a class=\"suno-keyword\" target=\"_blank\" data-force=\"no\" data-priority=\"1\" href=\"https:\/\/www.suno.com.br\/artigos\/geracao-de-caixa\/\" rel=\"noopener\">gera\u00e7\u00e3o de caixa<\/a> e retorno da companhia dentro do setor de telecomunica\u00e7\u00f5es na Am\u00e9rica Latina.<\/p>\n\n\n\n<h2 class=\"wp-block-heading\">Por que o UBS BB rebaixou VIVT3<\/h2>\n\n\n\n<p>De acordo com o banco, o ambiente operacional da Telef\u00f4nica Brasil ainda \u00e9 considerado relativamente est\u00e1vel. No entanto, as novas premissas de crescimento, margens e investimentos indicam uma gera\u00e7\u00e3o de caixa mais fraca que a de empresas compar\u00e1veis.<\/p>\n\n\n\t<p>\n\t\t<a href=\"https:\/\/lp2.suno.com.br\/onde-investir-2026\/?utm_campaign=_SNC390A0FD0_ao&#038;utm_source=suno-not\u00edcias&#038;utm_medium=banner.noticias\" target=\"_blank\" data-element=\"shortcode-suno-banner\" title=\"Banner SUNO, clique e saiba mais\">\n\t\t\t<picture>\n\t\t\t\t<source media=\"(max-width: 500px)\" srcset=\"https:\/\/files.sunoresearch.com.br\/gaia\/uploads\/2026\/01\/Banner-Materias-01-Mbl_-400x300-1.png\">\n\t\t\t\t<img class=\"newsContent__article__imgCapa newsContent__article__imgCapa--banner\"\n\t\t\t\t\tsrc=\"https:\/\/files.sunoresearch.com.br\/gaia\/uploads\/2026\/01\/Banner-Materias-01-Dkp_-1420x240-1.png\"\n\t\t\t\t\tdata-promo-id=\"651623\"\t\t\t\t\t\t\t\t\t\twidth='1420' height='240'\t\t\t\t\talt=\"https:\/\/files.sunoresearch.com.br\/gaia\/uploads\/2026\/01\/Banner-Materias-01-Dkp_-1420x240-1.png\"\n\t\t\t\t>\n\t\t\t<\/picture>\n\t\t<\/a>\n\t<\/p>\n\n\n\n\n\n\n\n<p>No cen\u00e1rio tra\u00e7ado pelos analistas, o&nbsp;<strong><a class=\"suno-keyword\" target=\"_blank\" data-force=\"no\" data-priority=\"1\" href=\"https:\/\/www.suno.com.br\/artigos\/fluxo-caixa-livre\/\" rel=\"noopener\">fluxo de caixa livre<\/a> (FCF)<\/strong>&nbsp;da companhia deve ficar em torno de&nbsp;<strong>5%<\/strong>, enquanto operadoras compar\u00e1veis na Am\u00e9rica Latina apresentam m\u00e9dia pr\u00f3xima de&nbsp;<strong>12%<\/strong>.<\/p>\n\n\n\n<p>Al\u00e9m disso, os analistas destacam que os rendimentos de dividendos e o pr\u00f3prio yield de fluxo de caixa passaram a operar em&nbsp;<strong>n\u00edveis de um d\u00edgito<\/strong>, o que enfraquece o caso de investimento.<\/p>\n\n\n\n<p>\u201cEmbora o ambiente operacional para a Telef\u00f4nica Brasil permane\u00e7a relativamente benigno, nossas premissas no cen\u00e1rio-base para crescimento, margens, capex e custos de arrendamento agora apontam para um crescimento de fluxo de caixa livre abaixo dos pares, com vi\u00e9s de baixa\u201d, afirmaram Olmos e equipe.<\/p>\n\n\n\n<h2 class=\"wp-block-heading\">Crescimento limitado de fluxo de caixa<\/h2>\n\n\n\n<p>O UBS BB tamb\u00e9m avalia que existe um intervalo relativamente estreito para a evolu\u00e7\u00e3o do fluxo de caixa da companhia nos pr\u00f3ximos anos.<\/p>\n\n\n\t<p>\n\t\t<a href=\"https:\/\/lp2.suno.com.br\/lm\/minicurso-construindo-um-portfolio-milionario\/?utm_campaign=_SNC35CF3834_ao&#038;utm_source=suno-not\u00edcias&#038;utm_medium=banner.noticias\" target=\"_blank\" data-element=\"shortcode-suno-banner\" title=\"Banner SUNO, clique e saiba mais\">\n\t\t\t<picture>\n\t\t\t\t<source media=\"(max-width: 500px)\" srcset=\"https:\/\/files.sunoresearch.com.br\/gaia\/uploads\/2026\/01\/MB-PS-HOME-DE-ARTIGOS-400x300-ID_01_x1.jpg\">\n\t\t\t\t<img class=\"newsContent__article__imgCapa newsContent__article__imgCapa--banner\"\n\t\t\t\t\tsrc=\"https:\/\/files.sunoresearch.com.br\/gaia\/uploads\/2026\/01\/DT-PS-HOME-DE-ARTIGOS-1420x240-ID_01_x1.jpg\"\n\t\t\t\t\tdata-promo-id=\"651626\"\t\t\t\t\t\t\t\t\t\twidth='1420' height='240'\t\t\t\t\talt=\"https:\/\/files.sunoresearch.com.br\/gaia\/uploads\/2026\/01\/DT-PS-HOME-DE-ARTIGOS-1420x240-ID_01_x1.jpg\"\n\t\t\t\t>\n\t\t\t<\/picture>\n\t\t<\/a>\n\t<\/p>\n\n\n\n\n\n\n\n<p>Mesmo em um cen\u00e1rio considerado mais favor\u00e1vel, a proje\u00e7\u00e3o indica crescimento entre&nbsp;<strong>4% e 8% no fluxo de caixa livre entre 2025 e 2027<\/strong>, limite que o banco considera o teto poss\u00edvel para a operadora.<\/p>\n\n\n\n<p>Segundo os analistas, o principal risco est\u00e1 nas receitas de servi\u00e7os m\u00f3veis, que representam cerca de&nbsp;<strong>dois ter\u00e7os das vendas da empresa<\/strong>&nbsp;e apresentam desacelera\u00e7\u00e3o estrutural.<\/p>\n\n\n\n<p>\u201cOs riscos de queda v\u00eam principalmente das receitas de servi\u00e7os m\u00f3veis, que representam cerca de dois ter\u00e7os das vendas e est\u00e3o estruturalmente desacelerando em linha com a infla\u00e7\u00e3o\u201d, afirmaram os analistas.<\/p>\n\n\n\n<h2 class=\"wp-block-heading\">Telef\u00f4nica Brasil fica menos atrativa no setor<\/h2>\n\n\n\n<p>Na compara\u00e7\u00e3o com operadoras globais, o UBS BB tamb\u00e9m destaca que a Telef\u00f4nica Brasil apresenta desempenho inferior em m\u00e9tricas importantes de retorno.<\/p>\n\n\n\t<p>\n\t\t<a href=\"https:\/\/lp.suno.com.br\/ebook-como-analisar-uma-acao\/?utm_campaign=_SNC390A0FD0_ao&#038;utm_source=suno-not\u00edcias&#038;utm_medium=banner.noticias\" target=\"_blank\" data-element=\"shortcode-suno-banner\" title=\"Banner SUNO, clique e saiba mais\">\n\t\t\t<picture>\n\t\t\t\t<source media=\"(max-width: 500px)\" srcset=\"https:\/\/files.sunoresearch.com.br\/gaia\/uploads\/2026\/01\/Ebook-Acoes-Mobile.webp\">\n\t\t\t\t<img class=\"newsContent__article__imgCapa newsContent__article__imgCapa--banner\"\n\t\t\t\t\tsrc=\"https:\/\/files.sunoresearch.com.br\/gaia\/uploads\/2026\/01\/Ebook-Acoes-Desktop.webp\"\n\t\t\t\t\tdata-promo-id=\"651105\"\t\t\t\t\t\t\t\t\t\twidth='1420' height='286'\t\t\t\t\talt=\"https:\/\/files.sunoresearch.com.br\/gaia\/uploads\/2026\/01\/Ebook-Acoes-Desktop.webp\"\n\t\t\t\t>\n\t\t\t<\/picture>\n\t\t<\/a>\n\t<\/p>\n\n\n\n\n\n\n\n<p>Segundo o banco, a companhia tem&nbsp;<strong>FCF yield de cerca de 7% e carry yield pr\u00f3ximo de 12%<\/strong>, indicadores considerados inferiores aos de empresas compar\u00e1veis do setor.<\/p>\n\n\n\n<p>\u201cSeus pares negociam com FCF yield mais alto para um carry semelhante, ou entregam carry muito maior para FCF compar\u00e1vel \u2014 deixando a Telef\u00f4nica Brasil cerca de 30% mais cara em base compar\u00e1vel\u201d, afirmaram os analistas.<\/p>\n\n\n\n<p>Ap\u00f3s a divulga\u00e7\u00e3o do relat\u00f3rio, as a\u00e7\u00f5es da&nbsp;<strong>VIVT3<\/strong>&nbsp;chegaram a cair cerca de&nbsp;<strong>7% nos primeiros neg\u00f3cios do preg\u00e3o<\/strong>, refletindo a rea\u00e7\u00e3o do mercado ao duplo rebaixamento da recomenda\u00e7\u00e3o.<\/p>\n\n\n\n<p>O UBS BB afirma que os principais riscos para a recomenda\u00e7\u00e3o negativa incluem uma eventual reprecifica\u00e7\u00e3o das empresas de telecom na Am\u00e9rica Latina, al\u00e9m da possibilidade de maior <a class=\"suno-keyword\" target=\"_blank\" data-force=\"no\" data-priority=\"2\" href=\"https:\/\/www.suno.com.br\/guias\/dividendos\/\" rel=\"noopener\">distribui\u00e7\u00e3o de dividendos<\/a> caso o fluxo de caixa da\u00a0<strong>VIVT3<\/strong>\u00a0se mostre mais est\u00e1vel do que o esperado.<\/p>\n","protected":false},"excerpt":{"rendered":"<p>A\u00a0Telef\u00f4nica Brasil (VIVT3)\u00a0entrou no radar negativo dos analistas nesta semana. O UBS BB realizou um duplo rebaixamento das a\u00e7\u00f5es da Telef\u00f4nica Brasil, dona da Vivo, cortando a recomenda\u00e7\u00e3o de compra para venda e reduzindo o pre\u00e7o-alvo do papel. Segundo relat\u00f3rio assinado pelos analistas&nbsp;Leonardo Olmos, Andre Salles e Gustavo Farias, o pre\u00e7o-alvo passou de&nbsp;R$ 37,50 para &hellip; Continued<\/p>\n","protected":false},"author":402,"featured_media":644629,"comment_status":"closed","ping_status":"closed","sticky":false,"template":"","format":"standard","meta":[],"categories":[64],"tags":[],"suno_strategy":[],"class_list":["post-644628","post","type-post","status-publish","format-standard","has-post-thumbnail","hentry","category-negocios"],"yoast_head":"<!-- This site is optimized with the Yoast SEO plugin v24.4 - https:\/\/yoast.com\/wordpress\/plugins\/seo\/ -->\n<title>Telef\u00f4nica (VIVT3): UBS BB corta recomenda\u00e7\u00e3o e v\u00ea queda<\/title>\n<meta name=\"description\" content=\"UBS BB rebaixa Telef\u00f4nica Brasil (VIVT3) de compra para venda e reduz pre\u00e7o-alvo das a\u00e7\u00f5es ap\u00f3s revisar proje\u00e7\u00f5es de fluxo de caixa\" \/>\n<meta name=\"robots\" content=\"index, follow, max-snippet:-1, max-image-preview:large, max-video-preview:-1\" \/>\n<link rel=\"canonical\" href=\"https:\/\/www.suno.com.br\/noticias\/vivt3-ubs-bb-corta-recomendacao-telefonica-brasil-mt\/\" \/>\n<meta property=\"og:locale\" content=\"pt_BR\" \/>\n<meta property=\"og:type\" content=\"article\" \/>\n<meta property=\"og:title\" content=\"Telef\u00f4nica (VIVT3): UBS BB corta recomenda\u00e7\u00e3o e v\u00ea queda\" \/>\n<meta property=\"og:description\" content=\"UBS BB rebaixa Telef\u00f4nica Brasil (VIVT3) de compra para venda e reduz pre\u00e7o-alvo das a\u00e7\u00f5es ap\u00f3s revisar proje\u00e7\u00f5es de fluxo de caixa\" \/>\n<meta property=\"og:url\" content=\"https:\/\/www.suno.com.br\/noticias\/vivt3-ubs-bb-corta-recomendacao-telefonica-brasil-mt\/\" \/>\n<meta property=\"og:site_name\" content=\"Suno Not\u00edcias\" \/>\n<meta property=\"article:publisher\" content=\"https:\/\/facebook.com\/sunoresearch\" \/>\n<meta property=\"og:image\" content=\"http:\/\/files.sunoresearch.com.br\/n\/uploads\/2026\/03\/2ad2106d-1200px-telefonica01-jpg.webp\" \/>\n\t<meta property=\"og:image:width\" content=\"1200\" \/>\n\t<meta property=\"og:image:height\" content=\"900\" \/>\n\t<meta property=\"og:image:type\" content=\"image\/jpeg\" \/>\n<meta name=\"author\" content=\"Ma\u00edra Telles\" \/>\n<meta name=\"twitter:card\" content=\"summary_large_image\" \/>\n<meta name=\"twitter:creator\" content=\"@sunoresearch\" \/>\n<meta name=\"twitter:site\" content=\"@sunoresearch\" \/>\n<meta name=\"twitter:label1\" content=\"Escrito por\" \/>\n\t<meta name=\"twitter:data1\" content=\"Ma\u00edra Telles\" \/>\n\t<meta name=\"twitter:label2\" content=\"Est. tempo de leitura\" \/>\n\t<meta name=\"twitter:data2\" content=\"3 minutos\" \/>\n<script type=\"application\/ld+json\" class=\"yoast-schema-graph\">{\"@context\":\"https:\/\/schema.org\",\"@graph\":[{\"@type\":\"NewsArticle\",\"@id\":\"https:\/\/www.suno.com.br\/noticias\/vivt3-ubs-bb-corta-recomendacao-telefonica-brasil-mt\/#article\",\"isPartOf\":{\"@id\":\"https:\/\/www.suno.com.br\/noticias\/vivt3-ubs-bb-corta-recomendacao-telefonica-brasil-mt\/\"},\"author\":{\"name\":\"Ma\u00edra Telles\",\"@id\":\"https:\/\/www.suno.com.br\/noticias\/#\/schema\/person\/0a8b51292bb96ee5f104094c0907eaef\"},\"headline\":\"UBS BB vira a m\u00e3o em Telef\u00f4nica Brasil (VIVT3) e v\u00ea queda nas a\u00e7\u00f5es\",\"datePublished\":\"2026-03-11T18:05:15+00:00\",\"mainEntityOfPage\":{\"@id\":\"https:\/\/www.suno.com.br\/noticias\/vivt3-ubs-bb-corta-recomendacao-telefonica-brasil-mt\/\"},\"wordCount\":651,\"publisher\":{\"@id\":\"https:\/\/www.suno.com.br\/noticias\/#organization\"},\"image\":{\"@id\":\"https:\/\/www.suno.com.br\/noticias\/vivt3-ubs-bb-corta-recomendacao-telefonica-brasil-mt\/#primaryimage\"},\"thumbnailUrl\":\"https:\/\/files.sunoresearch.com.br\/n\/uploads\/2026\/03\/2ad2106d-1200px-telefonica01-jpg.webp\",\"articleSection\":[\"Neg\u00f3cios\"],\"inLanguage\":\"pt-BR\"},{\"@type\":\"WebPage\",\"@id\":\"https:\/\/www.suno.com.br\/noticias\/vivt3-ubs-bb-corta-recomendacao-telefonica-brasil-mt\/\",\"url\":\"https:\/\/www.suno.com.br\/noticias\/vivt3-ubs-bb-corta-recomendacao-telefonica-brasil-mt\/\",\"name\":\"Telef\u00f4nica (VIVT3): UBS BB corta recomenda\u00e7\u00e3o e v\u00ea queda\",\"isPartOf\":{\"@id\":\"https:\/\/www.suno.com.br\/noticias\/#website\"},\"primaryImageOfPage\":{\"@id\":\"https:\/\/www.suno.com.br\/noticias\/vivt3-ubs-bb-corta-recomendacao-telefonica-brasil-mt\/#primaryimage\"},\"image\":{\"@id\":\"https:\/\/www.suno.com.br\/noticias\/vivt3-ubs-bb-corta-recomendacao-telefonica-brasil-mt\/#primaryimage\"},\"thumbnailUrl\":\"https:\/\/files.sunoresearch.com.br\/n\/uploads\/2026\/03\/2ad2106d-1200px-telefonica01-jpg.webp\",\"datePublished\":\"2026-03-11T18:05:15+00:00\",\"description\":\"UBS BB rebaixa Telef\u00f4nica Brasil (VIVT3) de compra para venda e reduz pre\u00e7o-alvo das a\u00e7\u00f5es ap\u00f3s revisar proje\u00e7\u00f5es de fluxo de caixa\",\"breadcrumb\":{\"@id\":\"https:\/\/www.suno.com.br\/noticias\/vivt3-ubs-bb-corta-recomendacao-telefonica-brasil-mt\/#breadcrumb\"},\"inLanguage\":\"pt-BR\",\"potentialAction\":[{\"@type\":\"ReadAction\",\"target\":[\"https:\/\/www.suno.com.br\/noticias\/vivt3-ubs-bb-corta-recomendacao-telefonica-brasil-mt\/\"]}]},{\"@type\":\"ImageObject\",\"inLanguage\":\"pt-BR\",\"@id\":\"https:\/\/www.suno.com.br\/noticias\/vivt3-ubs-bb-corta-recomendacao-telefonica-brasil-mt\/#primaryimage\",\"url\":\"https:\/\/files.sunoresearch.com.br\/n\/uploads\/2026\/03\/2ad2106d-1200px-telefonica01-jpg.webp\",\"contentUrl\":\"https:\/\/files.sunoresearch.com.br\/n\/uploads\/2026\/03\/2ad2106d-1200px-telefonica01-jpg.webp\",\"width\":1200,\"height\":900,\"caption\":\"Telef\u00f4nica Brasil. Foto: Divulga\u00e7\u00e3o\"},{\"@type\":\"BreadcrumbList\",\"@id\":\"https:\/\/www.suno.com.br\/noticias\/vivt3-ubs-bb-corta-recomendacao-telefonica-brasil-mt\/#breadcrumb\",\"itemListElement\":[{\"@type\":\"ListItem\",\"position\":1,\"name\":\"Not\u00edcias\",\"item\":\"https:\/\/www.suno.com.br\/noticias\/\"},{\"@type\":\"ListItem\",\"position\":2,\"name\":\"Neg\u00f3cios\",\"item\":\"https:\/\/www.suno.com.br\/noticias\/negocios\/\"},{\"@type\":\"ListItem\",\"position\":3,\"name\":\"UBS BB vira a m\u00e3o em Telef\u00f4nica Brasil (VIVT3) e v\u00ea queda nas a\u00e7\u00f5es\"}]},{\"@type\":\"WebSite\",\"@id\":\"https:\/\/www.suno.com.br\/noticias\/#website\",\"url\":\"https:\/\/www.suno.com.br\/noticias\/\",\"name\":\"Suno Not\u00edcias\",\"description\":\"Seu portal de informa\u00e7\u00e3o sobre o mundo dos investimentos\",\"publisher\":{\"@id\":\"https:\/\/www.suno.com.br\/noticias\/#organization\"},\"potentialAction\":[{\"@type\":\"SearchAction\",\"target\":{\"@type\":\"EntryPoint\",\"urlTemplate\":\"https:\/\/www.suno.com.br\/noticias\/?s={search_term_string}\"},\"query-input\":{\"@type\":\"PropertyValueSpecification\",\"valueRequired\":true,\"valueName\":\"search_term_string\"}}],\"inLanguage\":\"pt-BR\"},{\"@type\":\"Organization\",\"@id\":\"https:\/\/www.suno.com.br\/noticias\/#organization\",\"name\":\"Suno Not\u00edcias\",\"url\":\"https:\/\/www.suno.com.br\/noticias\/\",\"logo\":{\"@type\":\"ImageObject\",\"inLanguage\":\"pt-BR\",\"@id\":\"https:\/\/www.suno.com.br\/noticias\/#\/schema\/logo\/image\/\",\"url\":\"https:\/\/files.sunoresearch.com.br\/n\/uploads\/2021\/09\/suno-logo.png\",\"contentUrl\":\"https:\/\/files.sunoresearch.com.br\/n\/uploads\/2021\/09\/suno-logo.png\",\"width\":180,\"height\":180,\"caption\":\"Suno Not\u00edcias\"},\"image\":{\"@id\":\"https:\/\/www.suno.com.br\/noticias\/#\/schema\/logo\/image\/\"},\"sameAs\":[\"https:\/\/facebook.com\/sunoresearch\",\"https:\/\/x.com\/sunoresearch\",\"https:\/\/www.instagram.com\/suno\",\"https:\/\/www.linkedin.com\/company\/suno-research\/\",\"https:\/\/www.youtube.com\/c\/sunoresearch\"]},{\"@type\":\"Person\",\"@id\":\"https:\/\/www.suno.com.br\/noticias\/#\/schema\/person\/0a8b51292bb96ee5f104094c0907eaef\",\"name\":\"Ma\u00edra Telles\",\"image\":{\"@type\":\"ImageObject\",\"inLanguage\":\"pt-BR\",\"@id\":\"https:\/\/www.suno.com.br\/noticias\/#\/schema\/person\/image\/\",\"url\":\"https:\/\/secure.gravatar.com\/avatar\/8d13691eab6abc1d1050b62a4c2a6116?s=96&r=g\",\"contentUrl\":\"https:\/\/secure.gravatar.com\/avatar\/8d13691eab6abc1d1050b62a4c2a6116?s=96&r=g\",\"caption\":\"Ma\u00edra Telles\"},\"description\":\"Jornalista com passagem por reda\u00e7\u00f5es como ESPN, especializa\u00e7\u00e3o em marketing digital e em gest\u00e3o de crise. Com foco no mercado financeiro e no setor agropecu\u00e1rio, desenvolve conte\u00fados estrat\u00e9gicos e especializados para m\u00faltiplas plataformas, unindo an\u00e1lise de investimentos e neg\u00f3cios\",\"url\":\"https:\/\/www.suno.com.br\/noticias\/author\/mairaftellesgmail-com\/\"}]}<\/script>\n<!-- \/ Yoast SEO plugin. -->","yoast_head_json":{"title":"Telef\u00f4nica (VIVT3): UBS BB corta recomenda\u00e7\u00e3o e v\u00ea queda","description":"UBS BB rebaixa Telef\u00f4nica Brasil (VIVT3) de compra para venda e reduz pre\u00e7o-alvo das a\u00e7\u00f5es ap\u00f3s revisar proje\u00e7\u00f5es de fluxo de caixa","robots":{"index":"index","follow":"follow","max-snippet":"max-snippet:-1","max-image-preview":"max-image-preview:large","max-video-preview":"max-video-preview:-1"},"canonical":"https:\/\/www.suno.com.br\/noticias\/vivt3-ubs-bb-corta-recomendacao-telefonica-brasil-mt\/","og_locale":"pt_BR","og_type":"article","og_title":"Telef\u00f4nica (VIVT3): UBS BB corta recomenda\u00e7\u00e3o e v\u00ea queda","og_description":"UBS BB rebaixa Telef\u00f4nica Brasil (VIVT3) de compra para venda e reduz pre\u00e7o-alvo das a\u00e7\u00f5es ap\u00f3s revisar proje\u00e7\u00f5es de fluxo de caixa","og_url":"https:\/\/www.suno.com.br\/noticias\/vivt3-ubs-bb-corta-recomendacao-telefonica-brasil-mt\/","og_site_name":"Suno Not\u00edcias","article_publisher":"https:\/\/facebook.com\/sunoresearch","og_image":[{"width":1200,"height":900,"url":"http:\/\/files.sunoresearch.com.br\/n\/uploads\/2026\/03\/2ad2106d-1200px-telefonica01-jpg.webp","type":"image\/jpeg"}],"author":"Ma\u00edra Telles","twitter_card":"summary_large_image","twitter_creator":"@sunoresearch","twitter_site":"@sunoresearch","twitter_misc":{"Escrito por":"Ma\u00edra Telles","Est. tempo de leitura":"3 minutos"},"schema":{"@context":"https:\/\/schema.org","@graph":[{"@type":"NewsArticle","@id":"https:\/\/www.suno.com.br\/noticias\/vivt3-ubs-bb-corta-recomendacao-telefonica-brasil-mt\/#article","isPartOf":{"@id":"https:\/\/www.suno.com.br\/noticias\/vivt3-ubs-bb-corta-recomendacao-telefonica-brasil-mt\/"},"author":{"name":"Ma\u00edra Telles","@id":"https:\/\/www.suno.com.br\/noticias\/#\/schema\/person\/0a8b51292bb96ee5f104094c0907eaef"},"headline":"UBS BB vira a m\u00e3o em Telef\u00f4nica Brasil (VIVT3) e v\u00ea queda nas a\u00e7\u00f5es","datePublished":"2026-03-11T18:05:15+00:00","mainEntityOfPage":{"@id":"https:\/\/www.suno.com.br\/noticias\/vivt3-ubs-bb-corta-recomendacao-telefonica-brasil-mt\/"},"wordCount":651,"publisher":{"@id":"https:\/\/www.suno.com.br\/noticias\/#organization"},"image":{"@id":"https:\/\/www.suno.com.br\/noticias\/vivt3-ubs-bb-corta-recomendacao-telefonica-brasil-mt\/#primaryimage"},"thumbnailUrl":"https:\/\/files.sunoresearch.com.br\/n\/uploads\/2026\/03\/2ad2106d-1200px-telefonica01-jpg.webp","articleSection":["Neg\u00f3cios"],"inLanguage":"pt-BR"},{"@type":"WebPage","@id":"https:\/\/www.suno.com.br\/noticias\/vivt3-ubs-bb-corta-recomendacao-telefonica-brasil-mt\/","url":"https:\/\/www.suno.com.br\/noticias\/vivt3-ubs-bb-corta-recomendacao-telefonica-brasil-mt\/","name":"Telef\u00f4nica (VIVT3): UBS BB corta recomenda\u00e7\u00e3o e v\u00ea queda","isPartOf":{"@id":"https:\/\/www.suno.com.br\/noticias\/#website"},"primaryImageOfPage":{"@id":"https:\/\/www.suno.com.br\/noticias\/vivt3-ubs-bb-corta-recomendacao-telefonica-brasil-mt\/#primaryimage"},"image":{"@id":"https:\/\/www.suno.com.br\/noticias\/vivt3-ubs-bb-corta-recomendacao-telefonica-brasil-mt\/#primaryimage"},"thumbnailUrl":"https:\/\/files.sunoresearch.com.br\/n\/uploads\/2026\/03\/2ad2106d-1200px-telefonica01-jpg.webp","datePublished":"2026-03-11T18:05:15+00:00","description":"UBS BB rebaixa Telef\u00f4nica Brasil (VIVT3) de compra para venda e reduz pre\u00e7o-alvo das a\u00e7\u00f5es ap\u00f3s revisar proje\u00e7\u00f5es de fluxo de caixa","breadcrumb":{"@id":"https:\/\/www.suno.com.br\/noticias\/vivt3-ubs-bb-corta-recomendacao-telefonica-brasil-mt\/#breadcrumb"},"inLanguage":"pt-BR","potentialAction":[{"@type":"ReadAction","target":["https:\/\/www.suno.com.br\/noticias\/vivt3-ubs-bb-corta-recomendacao-telefonica-brasil-mt\/"]}]},{"@type":"ImageObject","inLanguage":"pt-BR","@id":"https:\/\/www.suno.com.br\/noticias\/vivt3-ubs-bb-corta-recomendacao-telefonica-brasil-mt\/#primaryimage","url":"https:\/\/files.sunoresearch.com.br\/n\/uploads\/2026\/03\/2ad2106d-1200px-telefonica01-jpg.webp","contentUrl":"https:\/\/files.sunoresearch.com.br\/n\/uploads\/2026\/03\/2ad2106d-1200px-telefonica01-jpg.webp","width":1200,"height":900,"caption":"Telef\u00f4nica Brasil. Foto: Divulga\u00e7\u00e3o"},{"@type":"BreadcrumbList","@id":"https:\/\/www.suno.com.br\/noticias\/vivt3-ubs-bb-corta-recomendacao-telefonica-brasil-mt\/#breadcrumb","itemListElement":[{"@type":"ListItem","position":1,"name":"Not\u00edcias","item":"https:\/\/www.suno.com.br\/noticias\/"},{"@type":"ListItem","position":2,"name":"Neg\u00f3cios","item":"https:\/\/www.suno.com.br\/noticias\/negocios\/"},{"@type":"ListItem","position":3,"name":"UBS BB vira a m\u00e3o em Telef\u00f4nica Brasil (VIVT3) e v\u00ea queda nas a\u00e7\u00f5es"}]},{"@type":"WebSite","@id":"https:\/\/www.suno.com.br\/noticias\/#website","url":"https:\/\/www.suno.com.br\/noticias\/","name":"Suno Not\u00edcias","description":"Seu portal de informa\u00e7\u00e3o sobre o mundo dos investimentos","publisher":{"@id":"https:\/\/www.suno.com.br\/noticias\/#organization"},"potentialAction":[{"@type":"SearchAction","target":{"@type":"EntryPoint","urlTemplate":"https:\/\/www.suno.com.br\/noticias\/?s={search_term_string}"},"query-input":{"@type":"PropertyValueSpecification","valueRequired":true,"valueName":"search_term_string"}}],"inLanguage":"pt-BR"},{"@type":"Organization","@id":"https:\/\/www.suno.com.br\/noticias\/#organization","name":"Suno Not\u00edcias","url":"https:\/\/www.suno.com.br\/noticias\/","logo":{"@type":"ImageObject","inLanguage":"pt-BR","@id":"https:\/\/www.suno.com.br\/noticias\/#\/schema\/logo\/image\/","url":"https:\/\/files.sunoresearch.com.br\/n\/uploads\/2021\/09\/suno-logo.png","contentUrl":"https:\/\/files.sunoresearch.com.br\/n\/uploads\/2021\/09\/suno-logo.png","width":180,"height":180,"caption":"Suno Not\u00edcias"},"image":{"@id":"https:\/\/www.suno.com.br\/noticias\/#\/schema\/logo\/image\/"},"sameAs":["https:\/\/facebook.com\/sunoresearch","https:\/\/x.com\/sunoresearch","https:\/\/www.instagram.com\/suno","https:\/\/www.linkedin.com\/company\/suno-research\/","https:\/\/www.youtube.com\/c\/sunoresearch"]},{"@type":"Person","@id":"https:\/\/www.suno.com.br\/noticias\/#\/schema\/person\/0a8b51292bb96ee5f104094c0907eaef","name":"Ma\u00edra Telles","image":{"@type":"ImageObject","inLanguage":"pt-BR","@id":"https:\/\/www.suno.com.br\/noticias\/#\/schema\/person\/image\/","url":"https:\/\/secure.gravatar.com\/avatar\/8d13691eab6abc1d1050b62a4c2a6116?s=96&r=g","contentUrl":"https:\/\/secure.gravatar.com\/avatar\/8d13691eab6abc1d1050b62a4c2a6116?s=96&r=g","caption":"Ma\u00edra Telles"},"description":"Jornalista com passagem por reda\u00e7\u00f5es como ESPN, especializa\u00e7\u00e3o em marketing digital e em gest\u00e3o de crise. Com foco no mercado financeiro e no setor agropecu\u00e1rio, desenvolve conte\u00fados estrat\u00e9gicos e especializados para m\u00faltiplas plataformas, unindo an\u00e1lise de investimentos e neg\u00f3cios","url":"https:\/\/www.suno.com.br\/noticias\/author\/mairaftellesgmail-com\/"}]}},"default_loop_html":"<div class=\"cardsPage__listCard__boxs\"><div class=\"cardsPage__listCard__boxs__img\"><a href=\"https:\/\/www.suno.com.br\/noticias\/vivt3-ubs-bb-corta-recomendacao-telefonica-brasil-mt\/\"><img class=\"mask\" src=\"https:\/\/www.suno.com.br\/noticias\/wp-content\/themes\/suno\/resources\/images\/spotlight\/spotlight1img\/bg-mask.png\" alt=\"Image Mask\"\/><img src=\"https:\/\/files.sunoresearch.com.br\/n\/uploads\/2026\/03\/2ad2106d-1200px-telefonica01-400x200.webp\" alt=\"UBS BB vira a m\u00e3o em Telef\u00f4nica Brasil (VIVT3) e v\u00ea queda nas a\u00e7\u00f5es\"\/><\/a><span class=\"spotlightCategory\"><a href=\"https:\/\/www.suno.com.br\/noticias\/negocios\/\">Neg\u00f3cios<\/a><\/span><\/div><div class=\"cardsPage__listCard__boxs__content\"><a href=\"https:\/\/www.suno.com.br\/noticias\/vivt3-ubs-bb-corta-recomendacao-telefonica-brasil-mt\/\"><h2 class=\"content__title\">UBS BB vira a m\u00e3o em Telef\u00f4nica Brasil (VIVT3) e v\u00ea queda nas a\u00e7\u00f5es<\/h2><\/a><div class=\"newsContent__article__meta\"><div class=\"newsContent__article__meta__authorBox\"><a href=\"https:\/\/www.suno.com.br\/noticias\/author\/mairaftellesgmail-com\/\" class=\"authorBox__avatar noMobi\"><img src=\"https:\/\/secure.gravatar.com\/avatar\/8d13691eab6abc1d1050b62a4c2a6116?s=96&#038;r=g\" alt=\"Ma\u00edra Telles\"><\/a><div class=\"authorBox__name\"><span>por\n\t\t\t<a href=\"https:\/\/www.suno.com.br\/noticias\/author\/mairaftellesgmail-com\/\"><span itemprop=\"author\">Ma\u00edra Telles<\/span><\/a><\/span><time datetime=\"2026-03-11T15:05:15-03:00\" itemprop=\"datePublished\">11\/03\/2026 15:05<\/time><\/div><\/div><\/div><\/div><\/div>","single_layout":"posts","amp_enabled":true,"_links":{"self":[{"href":"https:\/\/www.suno.com.br\/noticias\/wp-json\/wp\/v2\/posts\/644628"}],"collection":[{"href":"https:\/\/www.suno.com.br\/noticias\/wp-json\/wp\/v2\/posts"}],"about":[{"href":"https:\/\/www.suno.com.br\/noticias\/wp-json\/wp\/v2\/types\/post"}],"author":[{"embeddable":true,"href":"https:\/\/www.suno.com.br\/noticias\/wp-json\/wp\/v2\/users\/402"}],"replies":[{"embeddable":true,"href":"https:\/\/www.suno.com.br\/noticias\/wp-json\/wp\/v2\/comments?post=644628"}],"version-history":[{"count":0,"href":"https:\/\/www.suno.com.br\/noticias\/wp-json\/wp\/v2\/posts\/644628\/revisions"}],"wp:featuredmedia":[{"embeddable":true,"href":"https:\/\/www.suno.com.br\/noticias\/wp-json\/wp\/v2\/media\/644629"}],"wp:attachment":[{"href":"https:\/\/www.suno.com.br\/noticias\/wp-json\/wp\/v2\/media?parent=644628"}],"wp:term":[{"taxonomy":"category","embeddable":true,"href":"https:\/\/www.suno.com.br\/noticias\/wp-json\/wp\/v2\/categories?post=644628"},{"taxonomy":"post_tag","embeddable":true,"href":"https:\/\/www.suno.com.br\/noticias\/wp-json\/wp\/v2\/tags?post=644628"},{"taxonomy":"suno_strategy","embeddable":true,"href":"https:\/\/www.suno.com.br\/noticias\/wp-json\/wp\/v2\/suno_strategy?post=644628"}],"curies":[{"name":"wp","href":"https:\/\/api.w.org\/{rel}","templated":true}]}}