{"id":644600,"date":"2026-03-11T12:35:15","date_gmt":"2026-03-11T15:35:15","guid":{"rendered":"https:\/\/www.suno.com.br\/noticias\/raizen-raiz4-entra-leilao-recuperacao-extrajudicial-go\/"},"modified":"2026-03-11T12:35:15","modified_gmt":"2026-03-11T15:35:15","slug":"raizen-raiz4-entra-leilao-recuperacao-extrajudicial-go","status":"publish","type":"post","link":"https:\/\/www.suno.com.br\/noticias\/raizen-raiz4-entra-leilao-recuperacao-extrajudicial-go\/","title":{"rendered":"Ra\u00edzen (RAIZ4) oscila e entra em leil\u00e3o ap\u00f3s recupera\u00e7\u00e3o extrajudicial"},"content":{"rendered":"<p>As a\u00e7\u00f5es da <strong>Ra\u00edzen <\/strong>(RAIZ4), joint ventura entre a <a class=\"suno-keyword\" target=\"_blank\" data-force=\"no\" data-priority=\"2\" href=\"https:\/\/www.suno.com.br\/analitica\/acoes\/CSAN3\/\" rel=\"noopener\">Cosan (CSAN3)<\/a> e a Shell, est\u00e3o registrando fortes oscila\u00e7\u00f5es na primeira sess\u00e3o ap\u00f3s o an\u00fancio de <a class=\"suno-keyword\" target=\"_blank\" data-force=\"no\" data-priority=\"1\" href=\"https:\/\/www.suno.com.br\/artigos\/recuperacao-extrajudicial\/\" rel=\"noopener\">recupera\u00e7\u00e3o extrajudicial<\/a>.\u00a0<\/p>\t<div class=\"wrapper-featured-image\">\n\t\t<figure class=\"spotlightImg\">\n\n\t\t\t<picture>\n\t\t\t\t<source media=\"(max-width: 768px)\" srcset=\"https:\/\/files.sunoresearch.com.br\/n\/uploads\/2026\/03\/985a34ca-raizen1-1-400x200.webp\">\n\t\t\t\t<img loading=\"lazy\" decoding=\"async\" class=\"newsContent__article__imgCapa lazyloadDisabled \" src=\"https:\/\/files.sunoresearch.com.br\/n\/uploads\/2026\/03\/985a34ca-raizen1-1-800x450.webp\" width=\"800\" height=\"450\" alt=\"Ra\u00edzen (RAIZ4) oscila e entra em leil\u00e3o ap\u00f3s recupera\u00e7\u00e3o extrajudicial\" fetchpriority=high \/>\n\t\t\t<\/picture>\n\n\t\t\t<figcaption class=\"wp-caption-text wp-caption-text--show\">Ra\u00edzen (RAIZ4). Foto: Divulga\u00e7\u00e3o\/Ra\u00edzen<\/figcaption>\n\t\t<\/figure>\n\t<\/div>\n\n\n\n\n\n\n<p>Por volta das 12h, os pap\u00e9is da Ra\u00edzen disparam mais de 3,85%, a R$ 0,55. No entanto, as a\u00e7\u00f5es chegaram a cair mais de 17% nos primeiros minutos do preg\u00e3o, abaixo de R$ 0,50.&nbsp;<\/p>\n\n\n\t<p>\n\t\t<a href=\"https:\/\/lp2.suno.com.br\/onde-investir-2026\/?utm_campaign=_SNC390A0FD0_ao&#038;utm_source=suno-not\u00edcias&#038;utm_medium=banner.noticias\" target=\"_blank\" data-element=\"shortcode-suno-banner\" title=\"Banner SUNO, clique e saiba mais\">\n\t\t\t<picture>\n\t\t\t\t<source media=\"(max-width: 500px)\" srcset=\"https:\/\/files.sunoresearch.com.br\/gaia\/uploads\/2026\/01\/Banner-Materias-01-Mbl_-400x300-1.png\">\n\t\t\t\t<img class=\"newsContent__article__imgCapa newsContent__article__imgCapa--banner\"\n\t\t\t\t\tsrc=\"https:\/\/files.sunoresearch.com.br\/gaia\/uploads\/2026\/01\/Banner-Materias-01-Dkp_-1420x240-1.png\"\n\t\t\t\t\tdata-promo-id=\"651623\"\t\t\t\t\t\t\t\t\t\twidth='1420' height='240'\t\t\t\t\talt=\"https:\/\/files.sunoresearch.com.br\/gaia\/uploads\/2026\/01\/Banner-Materias-01-Dkp_-1420x240-1.png\"\n\t\t\t\t>\n\t\t\t<\/picture>\n\t\t<\/a>\n\t<\/p>\n\n\n\n\n\n\n\n<p>Vale destacar que as <strong>a\u00e7\u00f5es RAIZ4<\/strong> s\u00e3o consideradas <a class=\"suno-keyword\" target=\"_blank\" data-force=\"no\" data-priority=\"1\" href=\"https:\/\/www.suno.com.br\/artigos\/penny-stocks\/\" rel=\"noopener\">penny stocks<\/a>, como s\u00e3o chamados os pap\u00e9is de baixo valor, geralmente negociados abaixo de R$ 1. Estes ativos apresentam alta volatilidade e pequenas movimenta\u00e7\u00f5es podem gerar varia\u00e7\u00f5es expressivas.\u00a0<\/p>\n\n\n\n<h2 class=\"wp-block-heading\">Entenda a recupera\u00e7\u00e3o extrajudicial da Ra\u00edzen (RAIZ4)\u00a0<\/h2>\n\n\n\n<p>Na noite de ontem (10), a Ra\u00edzen anunciou um pedido de recupera\u00e7\u00e3o extrajudicial para suspender o pagamento de R$ 65 bilh\u00f5es em d\u00edvidas por 90 dias.&nbsp;<\/p>\n\n\n\n<p>Segundo a companhia, a recupera\u00e7\u00e3o foi estruturada em consenso com os credores, com o objetivo de \u201cassegurar um ambiente jur\u00eddico est\u00e1vel, protegido e adequado para a negocia\u00e7\u00e3o e implementa\u00e7\u00e3o da reestrutura\u00e7\u00e3o das d\u00edvidas\u201d.&nbsp;<\/p>\n\n\n\t<p>\n\t\t<a href=\"https:\/\/lp2.suno.com.br\/lm\/minicurso-construindo-um-portfolio-milionario\/?utm_campaign=_SNC35CF3834_ao&#038;utm_source=suno-not\u00edcias&#038;utm_medium=banner.noticias\" target=\"_blank\" data-element=\"shortcode-suno-banner\" title=\"Banner SUNO, clique e saiba mais\">\n\t\t\t<picture>\n\t\t\t\t<source media=\"(max-width: 500px)\" srcset=\"https:\/\/files.sunoresearch.com.br\/gaia\/uploads\/2026\/01\/MB-PS-HOME-DE-ARTIGOS-400x300-ID_01_x1.jpg\">\n\t\t\t\t<img class=\"newsContent__article__imgCapa newsContent__article__imgCapa--banner\"\n\t\t\t\t\tsrc=\"https:\/\/files.sunoresearch.com.br\/gaia\/uploads\/2026\/01\/DT-PS-HOME-DE-ARTIGOS-1420x240-ID_01_x1.jpg\"\n\t\t\t\t\tdata-promo-id=\"651626\"\t\t\t\t\t\t\t\t\t\twidth='1420' height='240'\t\t\t\t\talt=\"https:\/\/files.sunoresearch.com.br\/gaia\/uploads\/2026\/01\/DT-PS-HOME-DE-ARTIGOS-1420x240-ID_01_x1.jpg\"\n\t\t\t\t>\n\t\t\t<\/picture>\n\t\t<\/a>\n\t<\/p>\n\n\n\n\n\n\n\n<p>O movimento j\u00e1 era esperado pelo mercado, justamente por conta dos \u00faltimos resultados reportados pela <a class=\"suno-keyword\" target=\"_blank\" data-force=\"no\" data-priority=\"2\" href=\"https:\/\/www.suno.com.br\/artigos\/joint-venture\/\" rel=\"noopener\">joint venture<\/a> entre <strong>Cosan <\/strong>e <strong>Shell<\/strong>. A Ra\u00edzen registrou uma <a class=\"suno-keyword\" target=\"_blank\" data-force=\"no\" data-priority=\"1\" href=\"https:\/\/www.suno.com.br\/artigos\/divida-liquida\/\" rel=\"noopener\">d\u00edvida l\u00edquida<\/a> de R$ 55,32 bilh\u00f5es em 2025, al\u00e9m de uma alavancagem de 5,2 vezes. A alavancagem considera a rela\u00e7\u00e3o entre a d\u00edvida e o Ebitda, que mede o lucro operacional.\u00a0<\/p>\n\n\n\n<p>&#8220;A empresa vinha enfrentando dificuldades para se financiar em um ambiente de juros elevados, combinado com CAPEX muito alto, safras mais fracas e uma estrutura de d\u00edvida bastante alavancada, que pressionava o fluxo de caixa e os resultados. Al\u00e9m disso, houve questionamentos sobre aloca\u00e7\u00e3o de capital, incluindo investimentos fora do core da companhia, como a aquisi\u00e7\u00e3o de participa\u00e7\u00e3o na opera\u00e7\u00e3o da OXXO&#8221;, explica Cristiano Leal, especialista em investimentos e MBA em Finan\u00e7as pela B7 Business School. <\/p>\n\n\n\n<p>Segundo o especialista, o momento exige prud\u00eancia em rela\u00e7\u00e3o aos pap\u00e9is da <strong>Ra\u00edzen (RAIZ4)<\/strong>, em meio a uma s\u00e9rie de incertezas sobre o processo de reestrutura\u00e7\u00e3o. \u201cA pr\u00f3pria Shell, uma das principais controladoras, j\u00e1 sinalizou em comunicado anterior que n\u00e3o pretende aumentar sua participa\u00e7\u00e3o na Ra\u00edzen\u201d, destaca.<\/p>\n","protected":false},"excerpt":{"rendered":"<p>As a\u00e7\u00f5es da Ra\u00edzen (RAIZ4), joint ventura entre a Cosan (CSAN3) e a Shell, est\u00e3o registrando fortes oscila\u00e7\u00f5es na primeira sess\u00e3o ap\u00f3s o an\u00fancio de recupera\u00e7\u00e3o extrajudicial.\u00a0 Por volta das 12h, os pap\u00e9is da Ra\u00edzen disparam mais de 3,85%, a R$ 0,55. No entanto, as a\u00e7\u00f5es chegaram a cair mais de 17% nos primeiros minutos &hellip; Continued<\/p>\n","protected":false},"author":404,"featured_media":644601,"comment_status":"closed","ping_status":"closed","sticky":false,"template":"","format":"standard","meta":[],"categories":[64],"tags":[106933],"suno_strategy":[],"class_list":["post-644600","post","type-post","status-publish","format-standard","has-post-thumbnail","hentry","category-negocios","tag-raizen-raiz4"],"yoast_head":"<!-- This site is optimized with the Yoast SEO plugin v24.4 - https:\/\/yoast.com\/wordpress\/plugins\/seo\/ -->\n<title>Ra\u00edzen (RAIZ4) entra em leil\u00e3o ap\u00f3s recupera\u00e7\u00e3o extrajudicial<\/title>\n<meta name=\"description\" content=\"As a\u00e7\u00f5es Ra\u00edzen (RAIZ4) est\u00e3o registrando fortes oscila\u00e7\u00f5es na primeira sess\u00e3o ap\u00f3s o an\u00fancio de recupera\u00e7\u00e3o extrajudicial. Leia mais.\" \/>\n<meta name=\"robots\" content=\"index, follow, max-snippet:-1, max-image-preview:large, max-video-preview:-1\" \/>\n<link rel=\"canonical\" href=\"https:\/\/www.suno.com.br\/noticias\/raizen-raiz4-entra-leilao-recuperacao-extrajudicial-go\/\" \/>\n<meta property=\"og:locale\" content=\"pt_BR\" \/>\n<meta property=\"og:type\" content=\"article\" \/>\n<meta property=\"og:title\" content=\"Ra\u00edzen (RAIZ4) entra em leil\u00e3o ap\u00f3s recupera\u00e7\u00e3o extrajudicial\" \/>\n<meta property=\"og:description\" content=\"As a\u00e7\u00f5es Ra\u00edzen (RAIZ4) est\u00e3o registrando fortes oscila\u00e7\u00f5es na primeira sess\u00e3o ap\u00f3s o an\u00fancio de recupera\u00e7\u00e3o extrajudicial. Leia mais.\" \/>\n<meta property=\"og:url\" content=\"https:\/\/www.suno.com.br\/noticias\/raizen-raiz4-entra-leilao-recuperacao-extrajudicial-go\/\" \/>\n<meta property=\"og:site_name\" content=\"Suno Not\u00edcias\" \/>\n<meta property=\"article:publisher\" content=\"https:\/\/facebook.com\/sunoresearch\" \/>\n<meta property=\"og:image\" content=\"http:\/\/files.sunoresearch.com.br\/n\/uploads\/2026\/03\/985a34ca-raizen1-1-jpg.webp\" \/>\n\t<meta property=\"og:image:width\" content=\"1203\" \/>\n\t<meta property=\"og:image:height\" content=\"800\" \/>\n\t<meta property=\"og:image:type\" content=\"image\/jpeg\" \/>\n<meta name=\"author\" content=\"Giovanna Oliveira\" \/>\n<meta name=\"twitter:card\" content=\"summary_large_image\" \/>\n<meta name=\"twitter:creator\" content=\"@sunoresearch\" \/>\n<meta name=\"twitter:site\" content=\"@sunoresearch\" \/>\n<meta name=\"twitter:label1\" content=\"Escrito por\" \/>\n\t<meta name=\"twitter:data1\" content=\"Giovanna Oliveira\" \/>\n\t<meta name=\"twitter:label2\" content=\"Est. tempo de leitura\" \/>\n\t<meta name=\"twitter:data2\" content=\"2 minutos\" \/>\n<script type=\"application\/ld+json\" class=\"yoast-schema-graph\">{\"@context\":\"https:\/\/schema.org\",\"@graph\":[{\"@type\":\"NewsArticle\",\"@id\":\"https:\/\/www.suno.com.br\/noticias\/raizen-raiz4-entra-leilao-recuperacao-extrajudicial-go\/#article\",\"isPartOf\":{\"@id\":\"https:\/\/www.suno.com.br\/noticias\/raizen-raiz4-entra-leilao-recuperacao-extrajudicial-go\/\"},\"author\":{\"name\":\"Giovanna Oliveira\",\"@id\":\"https:\/\/www.suno.com.br\/noticias\/#\/schema\/person\/506bb13f624e6983050ae5bf648c7a54\"},\"headline\":\"Ra\u00edzen (RAIZ4) oscila e entra em leil\u00e3o ap\u00f3s recupera\u00e7\u00e3o extrajudicial\",\"datePublished\":\"2026-03-11T15:35:15+00:00\",\"mainEntityOfPage\":{\"@id\":\"https:\/\/www.suno.com.br\/noticias\/raizen-raiz4-entra-leilao-recuperacao-extrajudicial-go\/\"},\"wordCount\":413,\"publisher\":{\"@id\":\"https:\/\/www.suno.com.br\/noticias\/#organization\"},\"image\":{\"@id\":\"https:\/\/www.suno.com.br\/noticias\/raizen-raiz4-entra-leilao-recuperacao-extrajudicial-go\/#primaryimage\"},\"thumbnailUrl\":\"https:\/\/files.sunoresearch.com.br\/n\/uploads\/2026\/03\/985a34ca-raizen1-1-jpg.webp\",\"keywords\":[\"Ra\u00edzen (RAIZ4)\"],\"articleSection\":[\"Neg\u00f3cios\"],\"inLanguage\":\"pt-BR\"},{\"@type\":\"WebPage\",\"@id\":\"https:\/\/www.suno.com.br\/noticias\/raizen-raiz4-entra-leilao-recuperacao-extrajudicial-go\/\",\"url\":\"https:\/\/www.suno.com.br\/noticias\/raizen-raiz4-entra-leilao-recuperacao-extrajudicial-go\/\",\"name\":\"Ra\u00edzen (RAIZ4) entra em leil\u00e3o ap\u00f3s recupera\u00e7\u00e3o extrajudicial\",\"isPartOf\":{\"@id\":\"https:\/\/www.suno.com.br\/noticias\/#website\"},\"primaryImageOfPage\":{\"@id\":\"https:\/\/www.suno.com.br\/noticias\/raizen-raiz4-entra-leilao-recuperacao-extrajudicial-go\/#primaryimage\"},\"image\":{\"@id\":\"https:\/\/www.suno.com.br\/noticias\/raizen-raiz4-entra-leilao-recuperacao-extrajudicial-go\/#primaryimage\"},\"thumbnailUrl\":\"https:\/\/files.sunoresearch.com.br\/n\/uploads\/2026\/03\/985a34ca-raizen1-1-jpg.webp\",\"datePublished\":\"2026-03-11T15:35:15+00:00\",\"description\":\"As a\u00e7\u00f5es Ra\u00edzen (RAIZ4) est\u00e3o registrando fortes oscila\u00e7\u00f5es na primeira sess\u00e3o ap\u00f3s o an\u00fancio de recupera\u00e7\u00e3o extrajudicial. Leia mais.\",\"breadcrumb\":{\"@id\":\"https:\/\/www.suno.com.br\/noticias\/raizen-raiz4-entra-leilao-recuperacao-extrajudicial-go\/#breadcrumb\"},\"inLanguage\":\"pt-BR\",\"potentialAction\":[{\"@type\":\"ReadAction\",\"target\":[\"https:\/\/www.suno.com.br\/noticias\/raizen-raiz4-entra-leilao-recuperacao-extrajudicial-go\/\"]}]},{\"@type\":\"ImageObject\",\"inLanguage\":\"pt-BR\",\"@id\":\"https:\/\/www.suno.com.br\/noticias\/raizen-raiz4-entra-leilao-recuperacao-extrajudicial-go\/#primaryimage\",\"url\":\"https:\/\/files.sunoresearch.com.br\/n\/uploads\/2026\/03\/985a34ca-raizen1-1-jpg.webp\",\"contentUrl\":\"https:\/\/files.sunoresearch.com.br\/n\/uploads\/2026\/03\/985a34ca-raizen1-1-jpg.webp\",\"width\":1203,\"height\":800,\"caption\":\"Ra\u00edzen (RAIZ4). Foto: Divulga\u00e7\u00e3o\/Ra\u00edzen\"},{\"@type\":\"BreadcrumbList\",\"@id\":\"https:\/\/www.suno.com.br\/noticias\/raizen-raiz4-entra-leilao-recuperacao-extrajudicial-go\/#breadcrumb\",\"itemListElement\":[{\"@type\":\"ListItem\",\"position\":1,\"name\":\"Not\u00edcias\",\"item\":\"https:\/\/www.suno.com.br\/noticias\/\"},{\"@type\":\"ListItem\",\"position\":2,\"name\":\"Neg\u00f3cios\",\"item\":\"https:\/\/www.suno.com.br\/noticias\/negocios\/\"},{\"@type\":\"ListItem\",\"position\":3,\"name\":\"Ra\u00edzen (RAIZ4) oscila e entra em leil\u00e3o ap\u00f3s recupera\u00e7\u00e3o extrajudicial\"}]},{\"@type\":\"WebSite\",\"@id\":\"https:\/\/www.suno.com.br\/noticias\/#website\",\"url\":\"https:\/\/www.suno.com.br\/noticias\/\",\"name\":\"Suno Not\u00edcias\",\"description\":\"Seu portal de informa\u00e7\u00e3o sobre o mundo dos investimentos\",\"publisher\":{\"@id\":\"https:\/\/www.suno.com.br\/noticias\/#organization\"},\"potentialAction\":[{\"@type\":\"SearchAction\",\"target\":{\"@type\":\"EntryPoint\",\"urlTemplate\":\"https:\/\/www.suno.com.br\/noticias\/?s={search_term_string}\"},\"query-input\":{\"@type\":\"PropertyValueSpecification\",\"valueRequired\":true,\"valueName\":\"search_term_string\"}}],\"inLanguage\":\"pt-BR\"},{\"@type\":\"Organization\",\"@id\":\"https:\/\/www.suno.com.br\/noticias\/#organization\",\"name\":\"Suno Not\u00edcias\",\"url\":\"https:\/\/www.suno.com.br\/noticias\/\",\"logo\":{\"@type\":\"ImageObject\",\"inLanguage\":\"pt-BR\",\"@id\":\"https:\/\/www.suno.com.br\/noticias\/#\/schema\/logo\/image\/\",\"url\":\"https:\/\/files.sunoresearch.com.br\/n\/uploads\/2021\/09\/suno-logo.png\",\"contentUrl\":\"https:\/\/files.sunoresearch.com.br\/n\/uploads\/2021\/09\/suno-logo.png\",\"width\":180,\"height\":180,\"caption\":\"Suno Not\u00edcias\"},\"image\":{\"@id\":\"https:\/\/www.suno.com.br\/noticias\/#\/schema\/logo\/image\/\"},\"sameAs\":[\"https:\/\/facebook.com\/sunoresearch\",\"https:\/\/x.com\/sunoresearch\",\"https:\/\/www.instagram.com\/suno\",\"https:\/\/www.linkedin.com\/company\/suno-research\/\",\"https:\/\/www.youtube.com\/c\/sunoresearch\"]},{\"@type\":\"Person\",\"@id\":\"https:\/\/www.suno.com.br\/noticias\/#\/schema\/person\/506bb13f624e6983050ae5bf648c7a54\",\"name\":\"Giovanna Oliveira\",\"image\":{\"@type\":\"ImageObject\",\"inLanguage\":\"pt-BR\",\"@id\":\"https:\/\/www.suno.com.br\/noticias\/#\/schema\/person\/image\/\",\"url\":\"https:\/\/secure.gravatar.com\/avatar\/8d180e5cea232a9bb3af521589b133fa?s=96&r=g\",\"contentUrl\":\"https:\/\/secure.gravatar.com\/avatar\/8d180e5cea232a9bb3af521589b133fa?s=96&r=g\",\"caption\":\"Giovanna Oliveira\"},\"description\":\"Jornalista com mais de sete anos de experi\u00eancia na cobertura de finan\u00e7as e economia. P\u00f3s-graduada em Neg\u00f3cios e Inova\u00e7\u00e3o (ESPM-SP) e mestranda em Finan\u00e7as (UADE Business School\u2013Buenos Aires).\",\"url\":\"https:\/\/www.suno.com.br\/noticias\/author\/giovannalmd-oliveiragmail-com\/\"}]}<\/script>\n<!-- \/ Yoast SEO plugin. -->","yoast_head_json":{"title":"Ra\u00edzen (RAIZ4) entra em leil\u00e3o ap\u00f3s recupera\u00e7\u00e3o extrajudicial","description":"As a\u00e7\u00f5es Ra\u00edzen (RAIZ4) est\u00e3o registrando fortes oscila\u00e7\u00f5es na primeira sess\u00e3o ap\u00f3s o an\u00fancio de recupera\u00e7\u00e3o extrajudicial. Leia mais.","robots":{"index":"index","follow":"follow","max-snippet":"max-snippet:-1","max-image-preview":"max-image-preview:large","max-video-preview":"max-video-preview:-1"},"canonical":"https:\/\/www.suno.com.br\/noticias\/raizen-raiz4-entra-leilao-recuperacao-extrajudicial-go\/","og_locale":"pt_BR","og_type":"article","og_title":"Ra\u00edzen (RAIZ4) entra em leil\u00e3o ap\u00f3s recupera\u00e7\u00e3o extrajudicial","og_description":"As a\u00e7\u00f5es Ra\u00edzen (RAIZ4) est\u00e3o registrando fortes oscila\u00e7\u00f5es na primeira sess\u00e3o ap\u00f3s o an\u00fancio de recupera\u00e7\u00e3o extrajudicial. Leia mais.","og_url":"https:\/\/www.suno.com.br\/noticias\/raizen-raiz4-entra-leilao-recuperacao-extrajudicial-go\/","og_site_name":"Suno Not\u00edcias","article_publisher":"https:\/\/facebook.com\/sunoresearch","og_image":[{"width":1203,"height":800,"url":"http:\/\/files.sunoresearch.com.br\/n\/uploads\/2026\/03\/985a34ca-raizen1-1-jpg.webp","type":"image\/jpeg"}],"author":"Giovanna Oliveira","twitter_card":"summary_large_image","twitter_creator":"@sunoresearch","twitter_site":"@sunoresearch","twitter_misc":{"Escrito por":"Giovanna Oliveira","Est. tempo de leitura":"2 minutos"},"schema":{"@context":"https:\/\/schema.org","@graph":[{"@type":"NewsArticle","@id":"https:\/\/www.suno.com.br\/noticias\/raizen-raiz4-entra-leilao-recuperacao-extrajudicial-go\/#article","isPartOf":{"@id":"https:\/\/www.suno.com.br\/noticias\/raizen-raiz4-entra-leilao-recuperacao-extrajudicial-go\/"},"author":{"name":"Giovanna Oliveira","@id":"https:\/\/www.suno.com.br\/noticias\/#\/schema\/person\/506bb13f624e6983050ae5bf648c7a54"},"headline":"Ra\u00edzen (RAIZ4) oscila e entra em leil\u00e3o ap\u00f3s recupera\u00e7\u00e3o extrajudicial","datePublished":"2026-03-11T15:35:15+00:00","mainEntityOfPage":{"@id":"https:\/\/www.suno.com.br\/noticias\/raizen-raiz4-entra-leilao-recuperacao-extrajudicial-go\/"},"wordCount":413,"publisher":{"@id":"https:\/\/www.suno.com.br\/noticias\/#organization"},"image":{"@id":"https:\/\/www.suno.com.br\/noticias\/raizen-raiz4-entra-leilao-recuperacao-extrajudicial-go\/#primaryimage"},"thumbnailUrl":"https:\/\/files.sunoresearch.com.br\/n\/uploads\/2026\/03\/985a34ca-raizen1-1-jpg.webp","keywords":["Ra\u00edzen (RAIZ4)"],"articleSection":["Neg\u00f3cios"],"inLanguage":"pt-BR"},{"@type":"WebPage","@id":"https:\/\/www.suno.com.br\/noticias\/raizen-raiz4-entra-leilao-recuperacao-extrajudicial-go\/","url":"https:\/\/www.suno.com.br\/noticias\/raizen-raiz4-entra-leilao-recuperacao-extrajudicial-go\/","name":"Ra\u00edzen (RAIZ4) entra em leil\u00e3o ap\u00f3s recupera\u00e7\u00e3o extrajudicial","isPartOf":{"@id":"https:\/\/www.suno.com.br\/noticias\/#website"},"primaryImageOfPage":{"@id":"https:\/\/www.suno.com.br\/noticias\/raizen-raiz4-entra-leilao-recuperacao-extrajudicial-go\/#primaryimage"},"image":{"@id":"https:\/\/www.suno.com.br\/noticias\/raizen-raiz4-entra-leilao-recuperacao-extrajudicial-go\/#primaryimage"},"thumbnailUrl":"https:\/\/files.sunoresearch.com.br\/n\/uploads\/2026\/03\/985a34ca-raizen1-1-jpg.webp","datePublished":"2026-03-11T15:35:15+00:00","description":"As a\u00e7\u00f5es Ra\u00edzen (RAIZ4) est\u00e3o registrando fortes oscila\u00e7\u00f5es na primeira sess\u00e3o ap\u00f3s o an\u00fancio de recupera\u00e7\u00e3o extrajudicial. Leia mais.","breadcrumb":{"@id":"https:\/\/www.suno.com.br\/noticias\/raizen-raiz4-entra-leilao-recuperacao-extrajudicial-go\/#breadcrumb"},"inLanguage":"pt-BR","potentialAction":[{"@type":"ReadAction","target":["https:\/\/www.suno.com.br\/noticias\/raizen-raiz4-entra-leilao-recuperacao-extrajudicial-go\/"]}]},{"@type":"ImageObject","inLanguage":"pt-BR","@id":"https:\/\/www.suno.com.br\/noticias\/raizen-raiz4-entra-leilao-recuperacao-extrajudicial-go\/#primaryimage","url":"https:\/\/files.sunoresearch.com.br\/n\/uploads\/2026\/03\/985a34ca-raizen1-1-jpg.webp","contentUrl":"https:\/\/files.sunoresearch.com.br\/n\/uploads\/2026\/03\/985a34ca-raizen1-1-jpg.webp","width":1203,"height":800,"caption":"Ra\u00edzen (RAIZ4). Foto: Divulga\u00e7\u00e3o\/Ra\u00edzen"},{"@type":"BreadcrumbList","@id":"https:\/\/www.suno.com.br\/noticias\/raizen-raiz4-entra-leilao-recuperacao-extrajudicial-go\/#breadcrumb","itemListElement":[{"@type":"ListItem","position":1,"name":"Not\u00edcias","item":"https:\/\/www.suno.com.br\/noticias\/"},{"@type":"ListItem","position":2,"name":"Neg\u00f3cios","item":"https:\/\/www.suno.com.br\/noticias\/negocios\/"},{"@type":"ListItem","position":3,"name":"Ra\u00edzen (RAIZ4) oscila e entra em leil\u00e3o ap\u00f3s recupera\u00e7\u00e3o extrajudicial"}]},{"@type":"WebSite","@id":"https:\/\/www.suno.com.br\/noticias\/#website","url":"https:\/\/www.suno.com.br\/noticias\/","name":"Suno Not\u00edcias","description":"Seu portal de informa\u00e7\u00e3o sobre o mundo dos investimentos","publisher":{"@id":"https:\/\/www.suno.com.br\/noticias\/#organization"},"potentialAction":[{"@type":"SearchAction","target":{"@type":"EntryPoint","urlTemplate":"https:\/\/www.suno.com.br\/noticias\/?s={search_term_string}"},"query-input":{"@type":"PropertyValueSpecification","valueRequired":true,"valueName":"search_term_string"}}],"inLanguage":"pt-BR"},{"@type":"Organization","@id":"https:\/\/www.suno.com.br\/noticias\/#organization","name":"Suno Not\u00edcias","url":"https:\/\/www.suno.com.br\/noticias\/","logo":{"@type":"ImageObject","inLanguage":"pt-BR","@id":"https:\/\/www.suno.com.br\/noticias\/#\/schema\/logo\/image\/","url":"https:\/\/files.sunoresearch.com.br\/n\/uploads\/2021\/09\/suno-logo.png","contentUrl":"https:\/\/files.sunoresearch.com.br\/n\/uploads\/2021\/09\/suno-logo.png","width":180,"height":180,"caption":"Suno Not\u00edcias"},"image":{"@id":"https:\/\/www.suno.com.br\/noticias\/#\/schema\/logo\/image\/"},"sameAs":["https:\/\/facebook.com\/sunoresearch","https:\/\/x.com\/sunoresearch","https:\/\/www.instagram.com\/suno","https:\/\/www.linkedin.com\/company\/suno-research\/","https:\/\/www.youtube.com\/c\/sunoresearch"]},{"@type":"Person","@id":"https:\/\/www.suno.com.br\/noticias\/#\/schema\/person\/506bb13f624e6983050ae5bf648c7a54","name":"Giovanna Oliveira","image":{"@type":"ImageObject","inLanguage":"pt-BR","@id":"https:\/\/www.suno.com.br\/noticias\/#\/schema\/person\/image\/","url":"https:\/\/secure.gravatar.com\/avatar\/8d180e5cea232a9bb3af521589b133fa?s=96&r=g","contentUrl":"https:\/\/secure.gravatar.com\/avatar\/8d180e5cea232a9bb3af521589b133fa?s=96&r=g","caption":"Giovanna Oliveira"},"description":"Jornalista com mais de sete anos de experi\u00eancia na cobertura de finan\u00e7as e economia. P\u00f3s-graduada em Neg\u00f3cios e Inova\u00e7\u00e3o (ESPM-SP) e mestranda em Finan\u00e7as (UADE Business School\u2013Buenos Aires).","url":"https:\/\/www.suno.com.br\/noticias\/author\/giovannalmd-oliveiragmail-com\/"}]}},"default_loop_html":"<div class=\"cardsPage__listCard__boxs\"><div class=\"cardsPage__listCard__boxs__img\"><a href=\"https:\/\/www.suno.com.br\/noticias\/raizen-raiz4-entra-leilao-recuperacao-extrajudicial-go\/\"><img class=\"mask\" src=\"https:\/\/www.suno.com.br\/noticias\/wp-content\/themes\/suno\/resources\/images\/spotlight\/spotlight1img\/bg-mask.png\" alt=\"Image Mask\"\/><img src=\"https:\/\/files.sunoresearch.com.br\/n\/uploads\/2026\/03\/985a34ca-raizen1-1-400x200.webp\" alt=\"Ra\u00edzen (RAIZ4) oscila e entra em leil\u00e3o ap\u00f3s recupera\u00e7\u00e3o extrajudicial\"\/><\/a><span class=\"spotlightCategory\"><a href=\"https:\/\/www.suno.com.br\/noticias\/negocios\/\">Neg\u00f3cios<\/a><\/span><\/div><div class=\"cardsPage__listCard__boxs__content\"><a href=\"https:\/\/www.suno.com.br\/noticias\/raizen-raiz4-entra-leilao-recuperacao-extrajudicial-go\/\"><h2 class=\"content__title\">Ra\u00edzen (RAIZ4) oscila e entra em leil\u00e3o ap\u00f3s recupera\u00e7\u00e3o extrajudicial<\/h2><\/a><div class=\"newsContent__article__meta\"><div class=\"newsContent__article__meta__authorBox\"><a href=\"https:\/\/www.suno.com.br\/noticias\/author\/giovannalmd-oliveiragmail-com\/\" class=\"authorBox__avatar noMobi\"><img src=\"https:\/\/secure.gravatar.com\/avatar\/8d180e5cea232a9bb3af521589b133fa?s=96&#038;r=g\" alt=\"Giovanna Oliveira\"><\/a><div class=\"authorBox__name\"><span>por\n\t\t\t<a href=\"https:\/\/www.suno.com.br\/noticias\/author\/giovannalmd-oliveiragmail-com\/\"><span itemprop=\"author\">Giovanna Oliveira<\/span><\/a><\/span><time datetime=\"2026-03-11T12:35:15-03:00\" itemprop=\"datePublished\">11\/03\/2026 12:35<\/time><\/div><\/div><\/div><\/div><\/div>","single_layout":"posts","amp_enabled":true,"_links":{"self":[{"href":"https:\/\/www.suno.com.br\/noticias\/wp-json\/wp\/v2\/posts\/644600"}],"collection":[{"href":"https:\/\/www.suno.com.br\/noticias\/wp-json\/wp\/v2\/posts"}],"about":[{"href":"https:\/\/www.suno.com.br\/noticias\/wp-json\/wp\/v2\/types\/post"}],"author":[{"embeddable":true,"href":"https:\/\/www.suno.com.br\/noticias\/wp-json\/wp\/v2\/users\/404"}],"replies":[{"embeddable":true,"href":"https:\/\/www.suno.com.br\/noticias\/wp-json\/wp\/v2\/comments?post=644600"}],"version-history":[{"count":0,"href":"https:\/\/www.suno.com.br\/noticias\/wp-json\/wp\/v2\/posts\/644600\/revisions"}],"wp:featuredmedia":[{"embeddable":true,"href":"https:\/\/www.suno.com.br\/noticias\/wp-json\/wp\/v2\/media\/644601"}],"wp:attachment":[{"href":"https:\/\/www.suno.com.br\/noticias\/wp-json\/wp\/v2\/media?parent=644600"}],"wp:term":[{"taxonomy":"category","embeddable":true,"href":"https:\/\/www.suno.com.br\/noticias\/wp-json\/wp\/v2\/categories?post=644600"},{"taxonomy":"post_tag","embeddable":true,"href":"https:\/\/www.suno.com.br\/noticias\/wp-json\/wp\/v2\/tags?post=644600"},{"taxonomy":"suno_strategy","embeddable":true,"href":"https:\/\/www.suno.com.br\/noticias\/wp-json\/wp\/v2\/suno_strategy?post=644600"}],"curies":[{"name":"wp","href":"https:\/\/api.w.org\/{rel}","templated":true}]}}